{"id":55162,"date":"2026-09-06T10:00:00","date_gmt":"2026-09-06T13:00:00","guid":{"rendered":"https:\/\/www.diariodeouropreto.com.br\/?p=55162"},"modified":"2026-09-05T18:24:13","modified_gmt":"2026-09-05T21:24:13","slug":"coluna-tiquinho-de-politica-faltam-28-dias-para-as-eleicoes","status":"publish","type":"post","link":"https:\/\/www.diariodeouropreto.com.br\/pt\/coluna-tiquinho-de-politica-faltam-28-dias-para-as-eleicoes\/","title":{"rendered":"[Coluna Tiquinho de Pol\u00edtica] faltam 28 dias para as elei\u00e7\u00f5es!"},"content":{"rendered":"<p class=\"wp-block-paragraph\">Ouro Preto &#8211; Em 20 dias saberemos quais ser\u00e3o os novos deputados estaduais e federais, saberemos quem ser\u00e3o os 2 senadores por Minas. Talvez n\u00e3o saibamos quem ser\u00e3o o governador e o presidente, mas o legislativo estar\u00e1 eleito. Chegando t\u00e3o perto do pleito, dessa elei\u00e7\u00e3o esquisita, meio morna, sem sal, num t\u00e1 sem gra\u00e7a? T\u00f4 achando os candidatos muito na moita, cada um no seu canto. Ent\u00e3o vamos colocar um molho nessa salada eleitoral!<\/p>\n\n\n\n<h4 class=\"wp-block-heading\"><br>O prefeito e os Ministros<\/h4>\n\n\n\n<p class=\"wp-block-paragraph\">O prefeito de Mariana, Juliano Duarte, j\u00e1 se habituou a receber ministros trazendo recursos da repactua\u00e7\u00e3o para as cidades da regi\u00e3o. Na segunda-feira recebeu o ministro de Minas e Energia, Alexandre Silveira, que se emocionou em seu discurso, dizendo que \u00e9 bom rever as pessoas e que est\u00e1 com saudades de Minas Gerais. Como ele mesmo disse, seu minist\u00e9rio toma conta de 40% do PIB. E toma conta tamb\u00e9m da minera\u00e7\u00e3o, por isso, o perguntei ap\u00f3s o evento sobre a CFEM, afinal de contas as cidades mineradoras buscam receber recursos devidos pela Vale.<\/p>\n\n\n\n<h4 class=\"wp-block-heading\"><br>Duarte J\u00fanior e o Ministro<\/h4>\n\n\n\n<p class=\"wp-block-paragraph\"><br>Quem tamb\u00e9m aproveitou a presen\u00e7a de Alexandre Silveira em Mariana, foi Duarte J\u00fanior, que chegou a ser citado por ele em seu pronunciamento. Duarte gravou v\u00eddeo com ele ap\u00f3s a solenidade.<\/p>\n\n\n\n<h4 class=\"wp-block-heading\"><br>Leleco e Padre Jo\u00e3o<\/h4>\n\n\n\n<p class=\"wp-block-paragraph\">S\u00e1bado de sol em Ouro Preto! L\u00e1 v\u00e3o Leleco e Padre Jo\u00e3o, em caravana, percorrer Ouro Preto, e tomaram sol na moleira. Passaram pela Bauxita, Barra, Centro, Pilar, Ros\u00e1rio, Cabe\u00e7as, S\u00e3o Crist\u00f3v\u00e3o, Lages, Piedade, Santana, S\u00e3o Jo\u00e3o, Santa Cruz, Caminho da F\u00e1brica, Padre Faria e Ant\u00f4nio Dias!<\/p>\n\n\n\n<h4 class=\"wp-block-heading\"><br>Tchau Querido!<\/h4>\n\n\n\n<p class=\"wp-block-paragraph\">O Tribunal Regional Eleitoral de Minas Gerais indeferiu o registro de Eduardo Cosentino Cunha (Republicanos) ao cargo de deputado federal. A decis\u00e3o da Corte Eleitoral foi por unanimidade, seguindo o voto do relator, desembargador S\u00e1lvio Chaves.<br>Apesar de ser um desafeto direto do Partido dos Trabalhadores por ter presidido a C\u00e2mara dos Deputados, quando cassaram a presidente Dilma, quem obteve \u00eaxito em tir\u00e1-lo do p\u00e1reo foi a candidata Roberta Lopes Alves (PL) e o Minist\u00e9rio P\u00fablico Eleitoral (MPE), que apresentaram as impugna\u00e7\u00f5es ao registro de candidatura.<br>Al\u00f4 candidatos!<\/p>\n\n\n\n<p class=\"wp-block-paragraph\">Quem n\u00e3o \u00e9 visto n\u00e3o \u00e9 lembrado, temos \u00f3timos formatos para suas campanhas em nosso jornal! Mas se n\u00e3o querem anunciar, nos avisem das agendas de campanha, informa\u00e7\u00e3o \u00e9 sempre importante.<\/p>\n\n\n\n<h4 class=\"wp-block-heading\"><br>7 de Setembro<\/h4>\n\n\n\n<p class=\"wp-block-paragraph\">Em Ouro Preto, as fanfarras ensaiam seu repert\u00f3rio, encerramos a edi\u00e7\u00e3o de hoje ao som da can\u00e7\u00e3o \u201cMaria Maria\u201d,de Milton Nascimento e Fernando Brant, executada pela Fanfarra da Escola Estadual Mar\u00edlia de Dirceu.<\/p>\n\n\n\n<div id=\"152151\" class=\"advads-saneouro-2 advads-entity-placement\" style=\"margin-top: 3px;margin-bottom: 3px;margin-left: auto;margin-right: auto;text-align: center;\"><a href=\"https:\/\/www.saneouro.com.br\/\" target=\"_blank\" aria-label=\"DOP_Impresso\" data-wpel-link=\"external\" rel=\"follow external noopener noreferrer sponsored ugc\"><img src=\"https:\/\/www.diariodeouropreto.com.br\/wp-content\/uploads\/2026\/07\/DOP_Impresso.jpg\" alt=\"\"  srcset=\"https:\/\/www.diariodeouropreto.com.br\/wp-content\/uploads\/2026\/07\/DOP_Impresso.jpg 1181w, https:\/\/www.diariodeouropreto.com.br\/wp-content\/uploads\/2026\/07\/DOP_Impresso-396x396.jpg 396w, https:\/\/www.diariodeouropreto.com.br\/wp-content\/uploads\/2026\/07\/DOP_Impresso-150x150.jpg 150w, https:\/\/www.diariodeouropreto.com.br\/wp-content\/uploads\/2026\/07\/DOP_Impresso-768x768.jpg 768w, https:\/\/www.diariodeouropreto.com.br\/wp-content\/uploads\/2026\/07\/DOP_Impresso-12x12.jpg 12w, https:\/\/www.diariodeouropreto.com.br\/wp-content\/uploads\/2026\/07\/DOP_Impresso-465x465.jpg 465w, https:\/\/www.diariodeouropreto.com.br\/wp-content\/uploads\/2026\/07\/DOP_Impresso-500x500.jpg 500w\" sizes=\"(max-width: 1181px) 100vw, 1181px\" width=\"400\" height=\"400\"  style=\"display: inline-block;\" \/><\/a><\/div><p class=\"wp-block-paragraph\"><br>Por Marcelino Castro<\/p>","protected":false},"excerpt":{"rendered":"<p>Ouro Preto &#8211; Em 20 dias saberemos quais ser\u00e3o os novos deputados estaduais e federais, saberemos quem ser\u00e3o os 2 senadores por Minas. Talvez n\u00e3o saibamos quem ser\u00e3o o governador e o presidente, mas o legislativo estar\u00e1 eleito. Chegando t\u00e3o perto do pleito, dessa elei\u00e7\u00e3o esquisita, meio morna, sem sal,<span class=\"more-link\"><a href=\"https:\/\/www.diariodeouropreto.com.br\/pt\/coluna-tiquinho-de-politica-faltam-28-dias-para-as-eleicoes\/\" data-wpel-link=\"internal\">Continue Lendo<\/a><\/span><\/p>","protected":false},"author":7,"featured_media":55163,"comment_status":"closed","ping_status":"closed","sticky":false,"template":"","format":"standard","meta":{"_jetpack_newsletter_access":"","_jetpack_dont_email_post_to_subs":false,"_jetpack_newsletter_tier_id":0,"_jetpack_memberships_contains_paywalled_content":false,"_jetpack_feature_clip_id":0,"_jetpack_memberships_contains_paid_content":false,"footnotes":"","jetpack_publicize_message":" dias saberemos quais ser\u00e3o os novos deputados estaduais e federais, saberemos quem ser\u00e3o os 2 senadores por Minas","jetpack_publicize_feature_enabled":true,"jetpack_social_post_already_shared":true,"jetpack_social_options":{"image_generator_settings":{"template":"highway","default_image_id":0,"font":"","enabled":false},"version":2},"jetpack_post_was_ever_published":false},"categories":[76],"tags":[],"class_list":["entry","author-marcelino-castro","post-55162","post","type-post","status-publish","format-standard","has-post-thumbnail","category-coluna"],"yoast_head":"<!-- This site is optimized with the Yoast SEO plugin v28.4 - https:\/\/yoast.com\/product\/yoast-seo-wordpress\/ -->\n<title>[Coluna Tiquinho de Pol\u00edtica] faltam 28 dias para as elei\u00e7\u00f5es! - Di\u00e1rio de Ouro Preto<\/title>\n<meta name=\"description\" content=\"- [Coluna Tiquinho de Pol\u00edtica] faltam 28 dias para as elei\u00e7\u00f5es! - Coluna\" \/>\n<meta name=\"robots\" content=\"index, follow, max-snippet:-1, max-image-preview:large, max-video-preview:-1\" \/>\n<link rel=\"canonical\" href=\"https:\/\/www.diariodeouropreto.com.br\/pt\/coluna-tiquinho-de-politica-faltam-28-dias-para-as-eleicoes\/\" \/>\n<meta property=\"og:locale\" content=\"pt_PT\" \/>\n<meta property=\"og:type\" content=\"article\" \/>\n<meta property=\"og:title\" content=\"[Coluna Tiquinho de Pol\u00edtica] faltam 28 dias para as elei\u00e7\u00f5es! - Di\u00e1rio de Ouro Preto\" \/>\n<meta property=\"og:description\" content=\"- [Coluna Tiquinho de Pol\u00edtica] faltam 28 dias para as elei\u00e7\u00f5es! - Coluna\" \/>\n<meta property=\"og:url\" content=\"https:\/\/www.diariodeouropreto.com.br\/pt\/coluna-tiquinho-de-politica-faltam-28-dias-para-as-eleicoes\/\" \/>\n<meta property=\"og:site_name\" content=\"Di\u00e1rio de Ouro Preto\" \/>\n<meta property=\"article:publisher\" content=\"https:\/\/www.facebook.com\/diariodeouropreto\/\" \/>\n<meta property=\"article:published_time\" content=\"2026-09-06T13:00:00+00:00\" \/>\n<meta property=\"og:image\" content=\"https:\/\/www.diariodeouropreto.com.br\/wp-content\/uploads\/2026\/09\/WhatsApp-Image-2026-09-03-at-19.27.27.jpeg\" \/>\n\t<meta property=\"og:image:width\" content=\"1600\" \/>\n\t<meta property=\"og:image:height\" content=\"1200\" \/>\n\t<meta property=\"og:image:type\" content=\"image\/jpeg\" \/>\n<meta name=\"author\" content=\"Marcelino Castro\" \/>\n<meta name=\"twitter:card\" content=\"summary_large_image\" \/>\n<meta name=\"twitter:label1\" content=\"Escrito por\" \/>\n\t<meta name=\"twitter:data1\" content=\"Marcelino Castro\" \/>\n\t<meta name=\"twitter:label2\" content=\"Tempo estimado de leitura\" \/>\n\t<meta name=\"twitter:data2\" content=\"3 minutos\" \/>\n<script type=\"application\/ld+json\" class=\"yoast-schema-graph\">{\"@context\":\"https:\\\/\\\/schema.org\",\"@graph\":[{\"@type\":\"Article\",\"@id\":\"https:\\\/\\\/www.diariodeouropreto.com.br\\\/coluna-tiquinho-de-politica-faltam-28-dias-para-as-eleicoes\\\/#article\",\"isPartOf\":{\"@id\":\"https:\\\/\\\/www.diariodeouropreto.com.br\\\/coluna-tiquinho-de-politica-faltam-28-dias-para-as-eleicoes\\\/\"},\"author\":{\"name\":\"Marcelino Castro\",\"@id\":\"https:\\\/\\\/www.diariodeouropreto.com.br\\\/pt\\\/#\\\/schema\\\/person\\\/beeebc69f297a82698bba8acf70e5bb6\"},\"headline\":\"[Coluna Tiquinho de Pol\u00edtica] faltam 28 dias para as elei\u00e7\u00f5es!\",\"datePublished\":\"2026-09-06T13:00:00+00:00\",\"mainEntityOfPage\":{\"@id\":\"https:\\\/\\\/www.diariodeouropreto.com.br\\\/coluna-tiquinho-de-politica-faltam-28-dias-para-as-eleicoes\\\/\"},\"wordCount\":472,\"publisher\":{\"@id\":\"https:\\\/\\\/www.diariodeouropreto.com.br\\\/pt\\\/#organization\"},\"image\":{\"@id\":\"https:\\\/\\\/www.diariodeouropreto.com.br\\\/coluna-tiquinho-de-politica-faltam-28-dias-para-as-eleicoes\\\/#primaryimage\"},\"thumbnailUrl\":\"https:\\\/\\\/www.diariodeouropreto.com.br\\\/wp-content\\\/uploads\\\/2026\\\/09\\\/WhatsApp-Image-2026-09-03-at-19.27.27.jpeg\",\"articleSection\":[\"Coluna\"],\"inLanguage\":\"pt-PT\"},{\"@type\":\"WebPage\",\"@id\":\"https:\\\/\\\/www.diariodeouropreto.com.br\\\/coluna-tiquinho-de-politica-faltam-28-dias-para-as-eleicoes\\\/\",\"url\":\"https:\\\/\\\/www.diariodeouropreto.com.br\\\/coluna-tiquinho-de-politica-faltam-28-dias-para-as-eleicoes\\\/\",\"name\":\"[Coluna Tiquinho de Pol\u00edtica] faltam 28 dias para as elei\u00e7\u00f5es! - Di\u00e1rio de Ouro Preto\",\"isPartOf\":{\"@id\":\"https:\\\/\\\/www.diariodeouropreto.com.br\\\/pt\\\/#website\"},\"primaryImageOfPage\":{\"@id\":\"https:\\\/\\\/www.diariodeouropreto.com.br\\\/coluna-tiquinho-de-politica-faltam-28-dias-para-as-eleicoes\\\/#primaryimage\"},\"image\":{\"@id\":\"https:\\\/\\\/www.diariodeouropreto.com.br\\\/coluna-tiquinho-de-politica-faltam-28-dias-para-as-eleicoes\\\/#primaryimage\"},\"thumbnailUrl\":\"https:\\\/\\\/www.diariodeouropreto.com.br\\\/wp-content\\\/uploads\\\/2026\\\/09\\\/WhatsApp-Image-2026-09-03-at-19.27.27.jpeg\",\"datePublished\":\"2026-09-06T13:00:00+00:00\",\"description\":\"- [Coluna Tiquinho de Pol\u00edtica] faltam 28 dias para as elei\u00e7\u00f5es! - Coluna\",\"breadcrumb\":{\"@id\":\"https:\\\/\\\/www.diariodeouropreto.com.br\\\/coluna-tiquinho-de-politica-faltam-28-dias-para-as-eleicoes\\\/#breadcrumb\"},\"inLanguage\":\"pt-PT\",\"potentialAction\":[{\"@type\":\"ReadAction\",\"target\":[\"https:\\\/\\\/www.diariodeouropreto.com.br\\\/coluna-tiquinho-de-politica-faltam-28-dias-para-as-eleicoes\\\/\"]}]},{\"@type\":\"ImageObject\",\"inLanguage\":\"pt-PT\",\"@id\":\"https:\\\/\\\/www.diariodeouropreto.com.br\\\/coluna-tiquinho-de-politica-faltam-28-dias-para-as-eleicoes\\\/#primaryimage\",\"url\":\"https:\\\/\\\/www.diariodeouropreto.com.br\\\/wp-content\\\/uploads\\\/2026\\\/09\\\/WhatsApp-Image-2026-09-03-at-19.27.27.jpeg\",\"contentUrl\":\"https:\\\/\\\/www.diariodeouropreto.com.br\\\/wp-content\\\/uploads\\\/2026\\\/09\\\/WhatsApp-Image-2026-09-03-at-19.27.27.jpeg\",\"width\":1600,\"height\":1200},{\"@type\":\"BreadcrumbList\",\"@id\":\"https:\\\/\\\/www.diariodeouropreto.com.br\\\/coluna-tiquinho-de-politica-faltam-28-dias-para-as-eleicoes\\\/#breadcrumb\",\"itemListElement\":[{\"@type\":\"ListItem\",\"position\":1,\"name\":\"In\u00edcio\",\"item\":\"https:\\\/\\\/www.diariodeouropreto.com.br\\\/pt\\\/\"},{\"@type\":\"ListItem\",\"position\":2,\"name\":\"[Coluna Tiquinho de Pol\u00edtica] faltam 28 dias para as elei\u00e7\u00f5es!\"}]},{\"@type\":\"WebSite\",\"@id\":\"https:\\\/\\\/www.diariodeouropreto.com.br\\\/pt\\\/#website\",\"url\":\"https:\\\/\\\/www.diariodeouropreto.com.br\\\/pt\\\/\",\"name\":\"Di\u00e1rio de Ouro Preto\",\"description\":\"Not\u00edcias Ouro Preto; Mariana;Minas Gerais;Jornal;Jornalismo;Not\u00edcias;\",\"publisher\":{\"@id\":\"https:\\\/\\\/www.diariodeouropreto.com.br\\\/pt\\\/#organization\"},\"alternateName\":\"Jornal di\u00e1rio de Ouro Preto\",\"potentialAction\":[{\"@type\":\"SearchAction\",\"target\":{\"@type\":\"EntryPoint\",\"urlTemplate\":\"https:\\\/\\\/www.diariodeouropreto.com.br\\\/pt\\\/?s={search_term_string}\"},\"query-input\":{\"@type\":\"PropertyValueSpecification\",\"valueRequired\":true,\"valueName\":\"search_term_string\"}}],\"inLanguage\":\"pt-PT\"},{\"@type\":\"Organization\",\"@id\":\"https:\\\/\\\/www.diariodeouropreto.com.br\\\/pt\\\/#organization\",\"name\":\"Di\u00e1rio de Ouro Preto\",\"alternateName\":\"Jornal di\u00e1rio Ouro Preto\",\"url\":\"https:\\\/\\\/www.diariodeouropreto.com.br\\\/pt\\\/\",\"logo\":{\"@type\":\"ImageObject\",\"inLanguage\":\"pt-PT\",\"@id\":\"https:\\\/\\\/www.diariodeouropreto.com.br\\\/pt\\\/#\\\/schema\\\/logo\\\/image\\\/\",\"url\":\"https:\\\/\\\/www.diariodeouropreto.com.br\\\/wp-content\\\/uploads\\\/2019\\\/06\\\/cropped-logotransp-2.png\",\"contentUrl\":\"https:\\\/\\\/www.diariodeouropreto.com.br\\\/wp-content\\\/uploads\\\/2019\\\/06\\\/cropped-logotransp-2.png\",\"width\":1323,\"height\":251,\"caption\":\"Di\u00e1rio de Ouro Preto\"},\"image\":{\"@id\":\"https:\\\/\\\/www.diariodeouropreto.com.br\\\/pt\\\/#\\\/schema\\\/logo\\\/image\\\/\"},\"sameAs\":[\"https:\\\/\\\/www.facebook.com\\\/diariodeouropreto\\\/\"]},{\"@type\":\"Person\",\"@id\":\"https:\\\/\\\/www.diariodeouropreto.com.br\\\/pt\\\/#\\\/schema\\\/person\\\/beeebc69f297a82698bba8acf70e5bb6\",\"name\":\"Marcelino Castro\",\"sameAs\":[\"https:\\\/\\\/www.diariodeouropreto.com.br\\\/\"],\"url\":\"https:\\\/\\\/www.diariodeouropreto.com.br\\\/pt\\\/author\\\/marcelino-castro\\\/\"}]}<\/script>\n<!-- \/ Yoast SEO plugin. -->","yoast_head_json":{"title":"[Coluna Tiquinho de Pol\u00edtica] faltam 28 dias para as elei\u00e7\u00f5es! - Di\u00e1rio de Ouro Preto","description":"- [Coluna Tiquinho de Pol\u00edtica] faltam 28 dias para as elei\u00e7\u00f5es! - Coluna","robots":{"index":"index","follow":"follow","max-snippet":"max-snippet:-1","max-image-preview":"max-image-preview:large","max-video-preview":"max-video-preview:-1"},"canonical":"https:\/\/www.diariodeouropreto.com.br\/pt\/coluna-tiquinho-de-politica-faltam-28-dias-para-as-eleicoes\/","og_locale":"pt_PT","og_type":"article","og_title":"[Coluna Tiquinho de Pol\u00edtica] faltam 28 dias para as elei\u00e7\u00f5es! - Di\u00e1rio de Ouro Preto","og_description":"- [Coluna Tiquinho de Pol\u00edtica] faltam 28 dias para as elei\u00e7\u00f5es! - Coluna","og_url":"https:\/\/www.diariodeouropreto.com.br\/pt\/coluna-tiquinho-de-politica-faltam-28-dias-para-as-eleicoes\/","og_site_name":"Di\u00e1rio de Ouro Preto","article_publisher":"https:\/\/www.facebook.com\/diariodeouropreto\/","article_published_time":"2026-09-06T13:00:00+00:00","og_image":[{"width":1600,"height":1200,"url":"https:\/\/www.diariodeouropreto.com.br\/wp-content\/uploads\/2026\/09\/WhatsApp-Image-2026-09-03-at-19.27.27.jpeg","type":"image\/jpeg"}],"author":"Marcelino Castro","twitter_card":"summary_large_image","twitter_misc":{"Escrito por":"Marcelino Castro","Tempo estimado de leitura":"3 minutos"},"schema":{"@context":"https:\/\/schema.org","@graph":[{"@type":"Article","@id":"https:\/\/www.diariodeouropreto.com.br\/coluna-tiquinho-de-politica-faltam-28-dias-para-as-eleicoes\/#article","isPartOf":{"@id":"https:\/\/www.diariodeouropreto.com.br\/coluna-tiquinho-de-politica-faltam-28-dias-para-as-eleicoes\/"},"author":{"name":"Marcelino Castro","@id":"https:\/\/www.diariodeouropreto.com.br\/pt\/#\/schema\/person\/beeebc69f297a82698bba8acf70e5bb6"},"headline":"[Coluna Tiquinho de Pol\u00edtica] faltam 28 dias para as elei\u00e7\u00f5es!","datePublished":"2026-09-06T13:00:00+00:00","mainEntityOfPage":{"@id":"https:\/\/www.diariodeouropreto.com.br\/coluna-tiquinho-de-politica-faltam-28-dias-para-as-eleicoes\/"},"wordCount":472,"publisher":{"@id":"https:\/\/www.diariodeouropreto.com.br\/pt\/#organization"},"image":{"@id":"https:\/\/www.diariodeouropreto.com.br\/coluna-tiquinho-de-politica-faltam-28-dias-para-as-eleicoes\/#primaryimage"},"thumbnailUrl":"https:\/\/www.diariodeouropreto.com.br\/wp-content\/uploads\/2026\/09\/WhatsApp-Image-2026-09-03-at-19.27.27.jpeg","articleSection":["Coluna"],"inLanguage":"pt-PT"},{"@type":"WebPage","@id":"https:\/\/www.diariodeouropreto.com.br\/coluna-tiquinho-de-politica-faltam-28-dias-para-as-eleicoes\/","url":"https:\/\/www.diariodeouropreto.com.br\/coluna-tiquinho-de-politica-faltam-28-dias-para-as-eleicoes\/","name":"[Coluna Tiquinho de Pol\u00edtica] faltam 28 dias para as elei\u00e7\u00f5es! - Di\u00e1rio de Ouro Preto","isPartOf":{"@id":"https:\/\/www.diariodeouropreto.com.br\/pt\/#website"},"primaryImageOfPage":{"@id":"https:\/\/www.diariodeouropreto.com.br\/coluna-tiquinho-de-politica-faltam-28-dias-para-as-eleicoes\/#primaryimage"},"image":{"@id":"https:\/\/www.diariodeouropreto.com.br\/coluna-tiquinho-de-politica-faltam-28-dias-para-as-eleicoes\/#primaryimage"},"thumbnailUrl":"https:\/\/www.diariodeouropreto.com.br\/wp-content\/uploads\/2026\/09\/WhatsApp-Image-2026-09-03-at-19.27.27.jpeg","datePublished":"2026-09-06T13:00:00+00:00","description":"- [Coluna Tiquinho de Pol\u00edtica] faltam 28 dias para as elei\u00e7\u00f5es! - Coluna","breadcrumb":{"@id":"https:\/\/www.diariodeouropreto.com.br\/coluna-tiquinho-de-politica-faltam-28-dias-para-as-eleicoes\/#breadcrumb"},"inLanguage":"pt-PT","potentialAction":[{"@type":"ReadAction","target":["https:\/\/www.diariodeouropreto.com.br\/coluna-tiquinho-de-politica-faltam-28-dias-para-as-eleicoes\/"]}]},{"@type":"ImageObject","inLanguage":"pt-PT","@id":"https:\/\/www.diariodeouropreto.com.br\/coluna-tiquinho-de-politica-faltam-28-dias-para-as-eleicoes\/#primaryimage","url":"https:\/\/www.diariodeouropreto.com.br\/wp-content\/uploads\/2026\/09\/WhatsApp-Image-2026-09-03-at-19.27.27.jpeg","contentUrl":"https:\/\/www.diariodeouropreto.com.br\/wp-content\/uploads\/2026\/09\/WhatsApp-Image-2026-09-03-at-19.27.27.jpeg","width":1600,"height":1200},{"@type":"BreadcrumbList","@id":"https:\/\/www.diariodeouropreto.com.br\/coluna-tiquinho-de-politica-faltam-28-dias-para-as-eleicoes\/#breadcrumb","itemListElement":[{"@type":"ListItem","position":1,"name":"In\u00edcio","item":"https:\/\/www.diariodeouropreto.com.br\/pt\/"},{"@type":"ListItem","position":2,"name":"[Coluna Tiquinho de Pol\u00edtica] faltam 28 dias para as elei\u00e7\u00f5es!"}]},{"@type":"WebSite","@id":"https:\/\/www.diariodeouropreto.com.br\/pt\/#website","url":"https:\/\/www.diariodeouropreto.com.br\/pt\/","name":"Di\u00e1rio de Ouro Preto","description":"Not\u00edcias Ouro Preto; Mariana;Minas Gerais;Jornal;Jornalismo;Not\u00edcias;","publisher":{"@id":"https:\/\/www.diariodeouropreto.com.br\/pt\/#organization"},"alternateName":"Jornal di\u00e1rio de Ouro Preto","potentialAction":[{"@type":"SearchAction","target":{"@type":"EntryPoint","urlTemplate":"https:\/\/www.diariodeouropreto.com.br\/pt\/?s={search_term_string}"},"query-input":{"@type":"PropertyValueSpecification","valueRequired":true,"valueName":"search_term_string"}}],"inLanguage":"pt-PT"},{"@type":"Organization","@id":"https:\/\/www.diariodeouropreto.com.br\/pt\/#organization","name":"Di\u00e1rio de Ouro Preto","alternateName":"Jornal di\u00e1rio Ouro Preto","url":"https:\/\/www.diariodeouropreto.com.br\/pt\/","logo":{"@type":"ImageObject","inLanguage":"pt-PT","@id":"https:\/\/www.diariodeouropreto.com.br\/pt\/#\/schema\/logo\/image\/","url":"https:\/\/www.diariodeouropreto.com.br\/wp-content\/uploads\/2019\/06\/cropped-logotransp-2.png","contentUrl":"https:\/\/www.diariodeouropreto.com.br\/wp-content\/uploads\/2019\/06\/cropped-logotransp-2.png","width":1323,"height":251,"caption":"Di\u00e1rio de Ouro Preto"},"image":{"@id":"https:\/\/www.diariodeouropreto.com.br\/pt\/#\/schema\/logo\/image\/"},"sameAs":["https:\/\/www.facebook.com\/diariodeouropreto\/"]},{"@type":"Person","@id":"https:\/\/www.diariodeouropreto.com.br\/pt\/#\/schema\/person\/beeebc69f297a82698bba8acf70e5bb6","name":"Marcelino Castro","sameAs":["https:\/\/www.diariodeouropreto.com.br\/"],"url":"https:\/\/www.diariodeouropreto.com.br\/pt\/author\/marcelino-castro\/"}]}},"jetpack_publicize_connections":[],"jetpack-related-posts":[{"id":51951,"url":"https:\/\/www.diariodeouropreto.com.br\/pt\/coluna-tiquinho-de-politica-governador-esbraveja-com-prefeito-zema-cutuca-ministros-do-stf\/","url_meta":{"origin":55162,"position":0},"title":"[Coluna Tiquinho de Pol\u00edtica] Governador Esbraveja com Prefeito\/ Zema cutuca ministros do STF","author":"Marcelino Castro","date":"26 de Abril de 2026","format":false,"excerpt":"Ouro Preto - Quente pelando! O que n\u00e3o faltou foi pol\u00edtica de esquerda e de direita! A coluna de hoje traz o embate: Prefeito versus Governador! A visita da pr\u00e9-candidata ao Senado, Mar\u00edlia Campos, no escrit\u00f3rio do Juntos Pra servir, na Bauxita.Vamos l\u00e1! Quem diria que em uma solenidade ter\u00edamos\u2026","rel":"","context":"In &quot;Coluna&quot;","block_context":{"text":"Coluna","link":"https:\/\/www.diariodeouropreto.com.br\/pt\/Editoria\/coluna\/"},"img":{"alt_text":"","src":"https:\/\/i0.wp.com\/www.diariodeouropreto.com.br\/wp-content\/uploads\/2026\/04\/WhatsApp-Image-2026-04-22-at-14.30.49.jpeg?resize=350%2C200&ssl=1","width":350,"height":200,"srcset":"https:\/\/i0.wp.com\/www.diariodeouropreto.com.br\/wp-content\/uploads\/2026\/04\/WhatsApp-Image-2026-04-22-at-14.30.49.jpeg?resize=350%2C200&ssl=1 1x, https:\/\/i0.wp.com\/www.diariodeouropreto.com.br\/wp-content\/uploads\/2026\/04\/WhatsApp-Image-2026-04-22-at-14.30.49.jpeg?resize=525%2C300&ssl=1 1.5x, https:\/\/i0.wp.com\/www.diariodeouropreto.com.br\/wp-content\/uploads\/2026\/04\/WhatsApp-Image-2026-04-22-at-14.30.49.jpeg?resize=700%2C400&ssl=1 2x, https:\/\/i0.wp.com\/www.diariodeouropreto.com.br\/wp-content\/uploads\/2026\/04\/WhatsApp-Image-2026-04-22-at-14.30.49.jpeg?resize=1050%2C600&ssl=1 3x"},"classes":[]},{"id":26865,"url":"https:\/\/www.diariodeouropreto.com.br\/pt\/coluna-tiquinho-de-politica-o-povo-esta-igual-a-sao-tome-com-o-subsidio-para-saneouro-zema-sentiu-o-que-e-ser-povo\/","url_meta":{"origin":55162,"position":1},"title":"[Coluna Tiquinho de Pol\u00edtica] O povo est\u00e1 igual a S\u00e3o Tom\u00e9 com o subs\u00eddio para Saneouro &#8211; Zema sentiu o que \u00e9 ser povo","author":"Di\u00e1rio de Ouro Preto","date":"27 de Novembro de 2023","format":false,"excerpt":"Ouro Preto - A manchete da edi\u00e7\u00e3o de sexta-feira, 24\/11, tomou de surpresa os leitores, umas davam gra\u00e7as a Deus, outros duvidavam e ainda tiveram os outros disseram que s\u00f3 acreditam vendo. Claro que muitos acreditam que \u00e9 uma estrat\u00e9gia eleitoral, at\u00e9 achavam que o jornal era da prefeitura! O\u2026","rel":"","context":"In &quot;Coluna&quot;","block_context":{"text":"Coluna","link":"https:\/\/www.diariodeouropreto.com.br\/pt\/Editoria\/coluna\/"},"img":{"alt_text":"","src":"https:\/\/i0.wp.com\/www.diariodeouropreto.com.br\/wp-content\/uploads\/2023\/11\/manchete_24-11-itacolomi.jpg?resize=350%2C200&ssl=1","width":350,"height":200,"srcset":"https:\/\/i0.wp.com\/www.diariodeouropreto.com.br\/wp-content\/uploads\/2023\/11\/manchete_24-11-itacolomi.jpg?resize=350%2C200&ssl=1 1x, https:\/\/i0.wp.com\/www.diariodeouropreto.com.br\/wp-content\/uploads\/2023\/11\/manchete_24-11-itacolomi.jpg?resize=525%2C300&ssl=1 1.5x, https:\/\/i0.wp.com\/www.diariodeouropreto.com.br\/wp-content\/uploads\/2023\/11\/manchete_24-11-itacolomi.jpg?resize=700%2C400&ssl=1 2x, https:\/\/i0.wp.com\/www.diariodeouropreto.com.br\/wp-content\/uploads\/2023\/11\/manchete_24-11-itacolomi.jpg?resize=1050%2C600&ssl=1 3x"},"classes":[]},{"id":31261,"url":"https:\/\/www.diariodeouropreto.com.br\/pt\/coluna-tiquinho-de-politica-domingo-de-pascoa-ensolarado-em-ouro-preto-sem-o-testamento-do-judas\/","url_meta":{"origin":55162,"position":2},"title":"[Coluna Tiquinho de Pol\u00edtica] Domingo de P\u00e1scoa ensolarado em Ouro Preto, sem o testamento do Judas!","author":"Di\u00e1rio de Ouro Preto","date":"31 de Mar\u00e7o de 2024","format":false,"excerpt":"Ouro Preto - Domingo de P\u00e1scoa, 31\/03\/24, cem anos depois da visita da Caravana Modernista,\u00a0 a cidade\u00a0 preserva a sua secular tradi\u00e7\u00e3o religiosa da Semana Santa, com a prociss\u00e3o\u00a0 da Ressurrei\u00e7\u00e3o e\u00a0 a Ben\u00e7\u00e3o do Sant\u00edssimo realizada no adro da Matriz\u00a0 de Nossa Senhora da Concei\u00e7\u00e3o, no Ant\u00f4nio Dias, pelo\u2026","rel":"","context":"In &quot;Coluna&quot;","block_context":{"text":"Coluna","link":"https:\/\/www.diariodeouropreto.com.br\/pt\/Editoria\/coluna\/"},"img":{"alt_text":"","src":"https:\/\/i0.wp.com\/www.diariodeouropreto.com.br\/wp-content\/uploads\/2024\/03\/IMG_1769.jpg?resize=350%2C200&ssl=1","width":350,"height":200,"srcset":"https:\/\/i0.wp.com\/www.diariodeouropreto.com.br\/wp-content\/uploads\/2024\/03\/IMG_1769.jpg?resize=350%2C200&ssl=1 1x, https:\/\/i0.wp.com\/www.diariodeouropreto.com.br\/wp-content\/uploads\/2024\/03\/IMG_1769.jpg?resize=525%2C300&ssl=1 1.5x, https:\/\/i0.wp.com\/www.diariodeouropreto.com.br\/wp-content\/uploads\/2024\/03\/IMG_1769.jpg?resize=700%2C400&ssl=1 2x, https:\/\/i0.wp.com\/www.diariodeouropreto.com.br\/wp-content\/uploads\/2024\/03\/IMG_1769.jpg?resize=1050%2C600&ssl=1 3x"},"classes":[]},{"id":43910,"url":"https:\/\/www.diariodeouropreto.com.br\/pt\/coluna-tiquinho-de-politica-zema-e-o-morro-da-forca-quando-vai-sair-essa-obra\/","url_meta":{"origin":55162,"position":3},"title":"[Coluna Tiquinho de Pol\u00edtica] Zema e o Morro da Forca? Quando vai sair essa obra?","author":"Di\u00e1rio de Ouro Preto","date":"20 de Abril de 2025","format":false,"excerpt":"Ouro Preto - Amanh\u00e3 \u00e9 o dia dele, Joaquim Jos\u00e9 da Silva Xavier, o Tiradentes. Ele que pagou com a vida pelo sonho da p\u00e1tria livre do jugo de Portugal. A cidade receber\u00e1 v\u00e1rias autoridades, o orador da solenidade \u00e9 o presidente da C\u00e2mara Federal, deputado Hugo Mota, que tem\u2026","rel":"","context":"In &quot;Coluna&quot;","block_context":{"text":"Coluna","link":"https:\/\/www.diariodeouropreto.com.br\/pt\/Editoria\/coluna\/"},"img":{"alt_text":"","src":"https:\/\/i0.wp.com\/www.diariodeouropreto.com.br\/wp-content\/uploads\/2025\/04\/tiradentes-iluminado.jpg?resize=350%2C200&ssl=1","width":350,"height":200,"srcset":"https:\/\/i0.wp.com\/www.diariodeouropreto.com.br\/wp-content\/uploads\/2025\/04\/tiradentes-iluminado.jpg?resize=350%2C200&ssl=1 1x, https:\/\/i0.wp.com\/www.diariodeouropreto.com.br\/wp-content\/uploads\/2025\/04\/tiradentes-iluminado.jpg?resize=525%2C300&ssl=1 1.5x, https:\/\/i0.wp.com\/www.diariodeouropreto.com.br\/wp-content\/uploads\/2025\/04\/tiradentes-iluminado.jpg?resize=700%2C400&ssl=1 2x"},"classes":[]},{"id":27866,"url":"https:\/\/www.diariodeouropreto.com.br\/pt\/coluna-tiquinho-de-politica-ouro-preto-tem-jeito-mantega-pra-prefeito-a-ministra-cantora-e-o-procurador-foliao-zema-e-a-estrada-real\/","url_meta":{"origin":55162,"position":4},"title":"[Coluna Tiquinho de Pol\u00edtica] Ouro Preto tem jeito, Mantega pra Prefeito! A Ministra cantora e o Procurador Foli\u00e3o! Zema e a Estrada Real","author":"Di\u00e1rio de Ouro Preto","date":"21 de Janeiro de 2024","format":false,"excerpt":"Tiradentes - A coluna de hoje escrevemos desta cidade que compartilha do mesmo fluxo de turistas com Ouro Preto e se tornou refer\u00eancia nos lan\u00e7amentos comerciais da ind\u00fastria do audiovisual nacional. Ontem estivemos com a Ministra da Cultura, Margareth Menezes e o Procurador Geral de Justi\u00e7a, Jarbas Soares J\u00fanior, no\u2026","rel":"","context":"In &quot;Coluna&quot;","block_context":{"text":"Coluna","link":"https:\/\/www.diariodeouropreto.com.br\/pt\/Editoria\/coluna\/"},"img":{"alt_text":"","src":"https:\/\/i0.wp.com\/www.diariodeouropreto.com.br\/wp-content\/uploads\/2024\/01\/guarda_mocambique_tiradentes.jpg?resize=350%2C200&ssl=1","width":350,"height":200,"srcset":"https:\/\/i0.wp.com\/www.diariodeouropreto.com.br\/wp-content\/uploads\/2024\/01\/guarda_mocambique_tiradentes.jpg?resize=350%2C200&ssl=1 1x, https:\/\/i0.wp.com\/www.diariodeouropreto.com.br\/wp-content\/uploads\/2024\/01\/guarda_mocambique_tiradentes.jpg?resize=525%2C300&ssl=1 1.5x, https:\/\/i0.wp.com\/www.diariodeouropreto.com.br\/wp-content\/uploads\/2024\/01\/guarda_mocambique_tiradentes.jpg?resize=700%2C400&ssl=1 2x, https:\/\/i0.wp.com\/www.diariodeouropreto.com.br\/wp-content\/uploads\/2024\/01\/guarda_mocambique_tiradentes.jpg?resize=1050%2C600&ssl=1 3x"},"classes":[]},{"id":34578,"url":"https:\/\/www.diariodeouropreto.com.br\/pt\/coluna-tiquinho-de-politica-a-politica-e-a-justica-os-150-anos-do-tjmg-leleco-pra-prefeito-ouro-preto-tem-du\/","url_meta":{"origin":55162,"position":5},"title":"[Coluna Tiquinho de Pol\u00edtica] A Pol\u00edtica e a Justi\u00e7a: Os 150 anos do TJMG! Leleco pra Prefeito? Ouro Preto tem Du!","author":"Di\u00e1rio de Ouro Preto","date":"16 de Junho de 2024","format":false,"excerpt":"Ouro Preto - A coluna de hoje tem um tiquinho que cada lado da pol\u00edtica, a disputa por prefeituras deixam os partidos em alerta, nada passa despercebido.\u00a0 Vamos falar dos deputados e as prefeituras, dos vereadores e suas bandeiras, O Poder e a Justi\u00e7a! Os 150 anos do TJMG. O\u2026","rel":"","context":"In &quot;Coluna&quot;","block_context":{"text":"Coluna","link":"https:\/\/www.diariodeouropreto.com.br\/pt\/Editoria\/coluna\/"},"img":{"alt_text":"","src":"https:\/\/i0.wp.com\/www.diariodeouropreto.com.br\/wp-content\/uploads\/2024\/06\/IMG_6817.jpg?resize=350%2C200&ssl=1","width":350,"height":200,"srcset":"https:\/\/i0.wp.com\/www.diariodeouropreto.com.br\/wp-content\/uploads\/2024\/06\/IMG_6817.jpg?resize=350%2C200&ssl=1 1x, https:\/\/i0.wp.com\/www.diariodeouropreto.com.br\/wp-content\/uploads\/2024\/06\/IMG_6817.jpg?resize=525%2C300&ssl=1 1.5x, https:\/\/i0.wp.com\/www.diariodeouropreto.com.br\/wp-content\/uploads\/2024\/06\/IMG_6817.jpg?resize=700%2C400&ssl=1 2x, https:\/\/i0.wp.com\/www.diariodeouropreto.com.br\/wp-content\/uploads\/2024\/06\/IMG_6817.jpg?resize=1050%2C600&ssl=1 3x"},"classes":[]}],"jetpack_sharing_enabled":true,"amp_enabled":true,"jetpack_featured_media_url":"https:\/\/www.diariodeouropreto.com.br\/wp-content\/uploads\/2026\/09\/WhatsApp-Image-2026-09-03-at-19.27.27.jpeg","_links":{"self":[{"href":"https:\/\/www.diariodeouropreto.com.br\/pt\/wp-json\/wp\/v2\/posts\/55162","targetHints":{"allow":["GET"]}}],"collection":[{"href":"https:\/\/www.diariodeouropreto.com.br\/pt\/wp-json\/wp\/v2\/posts"}],"about":[{"href":"https:\/\/www.diariodeouropreto.com.br\/pt\/wp-json\/wp\/v2\/types\/post"}],"author":[{"embeddable":true,"href":"https:\/\/www.diariodeouropreto.com.br\/pt\/wp-json\/wp\/v2\/users\/7"}],"replies":[{"embeddable":true,"href":"https:\/\/www.diariodeouropreto.com.br\/pt\/wp-json\/wp\/v2\/comments?post=55162"}],"version-history":[{"count":1,"href":"https:\/\/www.diariodeouropreto.com.br\/pt\/wp-json\/wp\/v2\/posts\/55162\/revisions"}],"predecessor-version":[{"id":55165,"href":"https:\/\/www.diariodeouropreto.com.br\/pt\/wp-json\/wp\/v2\/posts\/55162\/revisions\/55165"}],"wp:featuredmedia":[{"embeddable":true,"href":"https:\/\/www.diariodeouropreto.com.br\/pt\/wp-json\/wp\/v2\/media\/55163"}],"wp:attachment":[{"href":"https:\/\/www.diariodeouropreto.com.br\/pt\/wp-json\/wp\/v2\/media?parent=55162"}],"wp:term":[{"taxonomy":"category","embeddable":true,"href":"https:\/\/www.diariodeouropreto.com.br\/pt\/wp-json\/wp\/v2\/categories?post=55162"},{"taxonomy":"post_tag","embeddable":true,"href":"https:\/\/www.diariodeouropreto.com.br\/pt\/wp-json\/wp\/v2\/tags?post=55162"}],"curies":[{"name":"wp","href":"https:\/\/api.w.org\/{rel}","templated":true}]}}