{"id":55146,"date":"2026-09-05T18:07:27","date_gmt":"2026-09-05T21:07:27","guid":{"rendered":"https:\/\/www.diariodeouropreto.com.br\/?p=55146"},"modified":"2026-09-05T18:10:02","modified_gmt":"2026-09-05T21:10:02","slug":"confira-a-programacao-tradicionais-cavalhadas-e-festa-de-sao-goncalo-de-amarantina","status":"publish","type":"post","link":"https:\/\/www.diariodeouropreto.com.br\/pt\/confira-a-programacao-tradicionais-cavalhadas-e-festa-de-sao-goncalo-de-amarantina\/","title":{"rendered":"Confira a programa\u00e7\u00e3o Tradicionais Cavalhadas e Festa de S\u00e3o Gon\u00e7alo de Amarantina"},"content":{"rendered":"<h3 class=\"wp-block-heading is-style-hoot-headblock1\">268\u00aa edi\u00e7\u00e3o da festa acontece de 18 a 21 de setembro, com show de Silvia Gomes, Cavalhada Mirim, atra\u00e7\u00f5es infantis, DJs e diferentes estilos musicais<\/h3>\n\n\n\n<p class=\"wp-block-paragraph\">A programa\u00e7\u00e3o completa da 268\u00aa edi\u00e7\u00e3o das Tradicionais Cavalhadas e Festa de S\u00e3o Gon\u00e7alo de Amarantina j\u00e1 est\u00e1 definida. Entre os dias 18 e 21 de setembro, o distrito de Ouro Preto recebe quatro dias de atra\u00e7\u00f5es que ampliam o repert\u00f3rio da tradicional festa, combinando as Cavalhadas e manifesta\u00e7\u00f5es religiosas com shows, DJs, m\u00fasica para diferentes p\u00fablicos e programa\u00e7\u00e3o infantil.<\/p>\n\n\n\n<p class=\"wp-block-paragraph\">Entre os destaques est\u00e1 o show de Silvia Gomes, no domingo, dia 20, \u00e0s 18h, ap\u00f3s o segundo ato da Cavalhada Adulto. A cantora integra uma programa\u00e7\u00e3o musical que percorre diferentes estilos ao longo do evento, ao lado de nomes como Samba de Revista, Doce Trapa\u00e7a, Luciano Mello, Carioca Trio, Vit\u00e3o da Viola, Jorginho Duarte Rock Band, Banda do Marc\u00e3o e Banda Logan, al\u00e9m das apresenta\u00e7\u00f5es de DJs Viviane Barcellos, Afrobool e Djahpa.<\/p>\n\n\n\n<div class=\"wp-block-jetpack-tiled-gallery aligncenter is-style-rectangular\"><div class=\"\"><div class=\"tiled-gallery__gallery\"><div class=\"tiled-gallery__row\"><div class=\"tiled-gallery__col\" style=\"flex-basis:70.26761%\"><figure class=\"tiled-gallery__item\"><img decoding=\"async\" data-attachment-id=\"55156\" data-permalink=\"https:\/\/www.diariodeouropreto.com.br\/pt\/confira-a-programacao-tradicionais-cavalhadas-e-festa-de-sao-goncalo-de-amarantina\/whatsapp-image-2026-09-04-at-19-22-10\/\" data-orig-file=\"https:\/\/www.diariodeouropreto.com.br\/wp-content\/uploads\/2026\/09\/WhatsApp-Image-2026-09-04-at-19.22.10.jpeg\" data-orig-size=\"1600,900\" data-comments-opened=\"0\" data-image-meta=\"{&quot;aperture&quot;:&quot;0&quot;,&quot;credit&quot;:&quot;&quot;,&quot;camera&quot;:&quot;&quot;,&quot;caption&quot;:&quot;&quot;,&quot;created_timestamp&quot;:&quot;0&quot;,&quot;copyright&quot;:&quot;&quot;,&quot;focal_length&quot;:&quot;0&quot;,&quot;iso&quot;:&quot;0&quot;,&quot;shutter_speed&quot;:&quot;0&quot;,&quot;title&quot;:&quot;&quot;,&quot;orientation&quot;:&quot;0&quot;,&quot;alt&quot;:&quot;&quot;}\" data-image-title=\"WhatsApp Image 2026-09-04 at 19.22.10\" data-image-description=\"\" data-image-caption=\"\" data-large-file=\"https:\/\/www.diariodeouropreto.com.br\/wp-content\/uploads\/2026\/09\/WhatsApp-Image-2026-09-04-at-19.22.10.jpeg\" role=\"button\" tabindex=\"0\" aria-label=\"Open image 1 of 6 in full-screen\" srcset=\"https:\/\/i0.wp.com\/www.diariodeouropreto.com.br\/wp-content\/uploads\/2026\/09\/WhatsApp-Image-2026-09-04-at-19.22.10.jpeg?strip=info&#038;w=600&#038;ssl=1 600w,https:\/\/i0.wp.com\/www.diariodeouropreto.com.br\/wp-content\/uploads\/2026\/09\/WhatsApp-Image-2026-09-04-at-19.22.10.jpeg?strip=info&#038;w=900&#038;ssl=1 900w,https:\/\/i0.wp.com\/www.diariodeouropreto.com.br\/wp-content\/uploads\/2026\/09\/WhatsApp-Image-2026-09-04-at-19.22.10.jpeg?strip=info&#038;w=1200&#038;ssl=1 1200w,https:\/\/i0.wp.com\/www.diariodeouropreto.com.br\/wp-content\/uploads\/2026\/09\/WhatsApp-Image-2026-09-04-at-19.22.10.jpeg?strip=info&#038;w=1500&#038;ssl=1 1500w,https:\/\/i0.wp.com\/www.diariodeouropreto.com.br\/wp-content\/uploads\/2026\/09\/WhatsApp-Image-2026-09-04-at-19.22.10.jpeg?strip=info&#038;w=1600&#038;ssl=1 1600w\" alt=\"\" data-height=\"900\" data-id=\"55156\" data-link=\"https:\/\/www.diariodeouropreto.com.br\/?attachment_id=55156\" data-url=\"https:\/\/www.diariodeouropreto.com.br\/wp-content\/uploads\/2026\/09\/WhatsApp-Image-2026-09-04-at-19.22.10.jpeg\" data-width=\"1600\" src=\"https:\/\/i0.wp.com\/www.diariodeouropreto.com.br\/wp-content\/uploads\/2026\/09\/WhatsApp-Image-2026-09-04-at-19.22.10.jpeg?ssl=1\" data-amp-layout=\"responsive\"\/><\/figure><\/div><div class=\"tiled-gallery__col\" style=\"flex-basis:29.73239%\"><figure class=\"tiled-gallery__item\"><img decoding=\"async\" data-attachment-id=\"55155\" data-permalink=\"https:\/\/www.diariodeouropreto.com.br\/pt\/confira-a-programacao-tradicionais-cavalhadas-e-festa-de-sao-goncalo-de-amarantina\/whatsapp-image-2026-09-04-at-19-22-101\/\" data-orig-file=\"https:\/\/www.diariodeouropreto.com.br\/wp-content\/uploads\/2026\/09\/WhatsApp-Image-2026-09-04-at-19.22.101.jpeg\" data-orig-size=\"1200,1600\" data-comments-opened=\"0\" data-image-meta=\"{&quot;aperture&quot;:&quot;0&quot;,&quot;credit&quot;:&quot;&quot;,&quot;camera&quot;:&quot;&quot;,&quot;caption&quot;:&quot;&quot;,&quot;created_timestamp&quot;:&quot;0&quot;,&quot;copyright&quot;:&quot;&quot;,&quot;focal_length&quot;:&quot;0&quot;,&quot;iso&quot;:&quot;0&quot;,&quot;shutter_speed&quot;:&quot;0&quot;,&quot;title&quot;:&quot;&quot;,&quot;orientation&quot;:&quot;0&quot;,&quot;alt&quot;:&quot;&quot;}\" data-image-title=\"WhatsApp Image 2026-09-04 at 19.22.10(1)\" data-image-description=\"\" data-image-caption=\"\" data-large-file=\"https:\/\/www.diariodeouropreto.com.br\/wp-content\/uploads\/2026\/09\/WhatsApp-Image-2026-09-04-at-19.22.101.jpeg\" role=\"button\" tabindex=\"0\" aria-label=\"Open image 2 of 6 in full-screen\" srcset=\"https:\/\/i0.wp.com\/www.diariodeouropreto.com.br\/wp-content\/uploads\/2026\/09\/WhatsApp-Image-2026-09-04-at-19.22.101.jpeg?strip=info&#038;w=600&#038;ssl=1 600w,https:\/\/i0.wp.com\/www.diariodeouropreto.com.br\/wp-content\/uploads\/2026\/09\/WhatsApp-Image-2026-09-04-at-19.22.101.jpeg?strip=info&#038;w=900&#038;ssl=1 900w,https:\/\/i0.wp.com\/www.diariodeouropreto.com.br\/wp-content\/uploads\/2026\/09\/WhatsApp-Image-2026-09-04-at-19.22.101.jpeg?strip=info&#038;w=1200&#038;ssl=1 1200w\" alt=\"\" data-height=\"1600\" data-id=\"55155\" data-link=\"https:\/\/www.diariodeouropreto.com.br\/?attachment_id=55155\" data-url=\"https:\/\/www.diariodeouropreto.com.br\/wp-content\/uploads\/2026\/09\/WhatsApp-Image-2026-09-04-at-19.22.101.jpeg\" data-width=\"1200\" src=\"https:\/\/i0.wp.com\/www.diariodeouropreto.com.br\/wp-content\/uploads\/2026\/09\/WhatsApp-Image-2026-09-04-at-19.22.101.jpeg?ssl=1\" data-amp-layout=\"responsive\"\/><\/figure><\/div><\/div><div class=\"tiled-gallery__row\"><div class=\"tiled-gallery__col\" style=\"flex-basis:29.01608%\"><figure class=\"tiled-gallery__item\"><img decoding=\"async\" data-attachment-id=\"55154\" data-permalink=\"https:\/\/www.diariodeouropreto.com.br\/pt\/confira-a-programacao-tradicionais-cavalhadas-e-festa-de-sao-goncalo-de-amarantina\/whatsapp-image-2026-09-04-at-19-22-11\/\" data-orig-file=\"https:\/\/www.diariodeouropreto.com.br\/wp-content\/uploads\/2026\/09\/WhatsApp-Image-2026-09-04-at-19.22.11.jpeg\" data-orig-size=\"1600,1066\" data-comments-opened=\"0\" data-image-meta=\"{&quot;aperture&quot;:&quot;0&quot;,&quot;credit&quot;:&quot;&quot;,&quot;camera&quot;:&quot;&quot;,&quot;caption&quot;:&quot;&quot;,&quot;created_timestamp&quot;:&quot;0&quot;,&quot;copyright&quot;:&quot;&quot;,&quot;focal_length&quot;:&quot;0&quot;,&quot;iso&quot;:&quot;0&quot;,&quot;shutter_speed&quot;:&quot;0&quot;,&quot;title&quot;:&quot;&quot;,&quot;orientation&quot;:&quot;0&quot;,&quot;alt&quot;:&quot;&quot;}\" data-image-title=\"WhatsApp Image 2026-09-04 at 19.22.11\" data-image-description=\"\" data-image-caption=\"\" data-large-file=\"https:\/\/www.diariodeouropreto.com.br\/wp-content\/uploads\/2026\/09\/WhatsApp-Image-2026-09-04-at-19.22.11.jpeg\" role=\"button\" tabindex=\"0\" aria-label=\"Open image 3 of 6 in full-screen\" srcset=\"https:\/\/i0.wp.com\/www.diariodeouropreto.com.br\/wp-content\/uploads\/2026\/09\/WhatsApp-Image-2026-09-04-at-19.22.11.jpeg?strip=info&#038;w=600&#038;ssl=1 600w,https:\/\/i0.wp.com\/www.diariodeouropreto.com.br\/wp-content\/uploads\/2026\/09\/WhatsApp-Image-2026-09-04-at-19.22.11.jpeg?strip=info&#038;w=900&#038;ssl=1 900w,https:\/\/i0.wp.com\/www.diariodeouropreto.com.br\/wp-content\/uploads\/2026\/09\/WhatsApp-Image-2026-09-04-at-19.22.11.jpeg?strip=info&#038;w=1200&#038;ssl=1 1200w,https:\/\/i0.wp.com\/www.diariodeouropreto.com.br\/wp-content\/uploads\/2026\/09\/WhatsApp-Image-2026-09-04-at-19.22.11.jpeg?strip=info&#038;w=1500&#038;ssl=1 1500w,https:\/\/i0.wp.com\/www.diariodeouropreto.com.br\/wp-content\/uploads\/2026\/09\/WhatsApp-Image-2026-09-04-at-19.22.11.jpeg?strip=info&#038;w=1600&#038;ssl=1 1600w\" alt=\"\" data-height=\"1066\" data-id=\"55154\" data-link=\"https:\/\/www.diariodeouropreto.com.br\/?attachment_id=55154\" data-url=\"https:\/\/www.diariodeouropreto.com.br\/wp-content\/uploads\/2026\/09\/WhatsApp-Image-2026-09-04-at-19.22.11.jpeg\" data-width=\"1600\" src=\"https:\/\/i0.wp.com\/www.diariodeouropreto.com.br\/wp-content\/uploads\/2026\/09\/WhatsApp-Image-2026-09-04-at-19.22.11.jpeg?ssl=1\" data-amp-layout=\"responsive\"\/><\/figure><\/div><div class=\"tiled-gallery__col\" style=\"flex-basis:12.98557%\"><figure class=\"tiled-gallery__item\"><img decoding=\"async\" data-attachment-id=\"55153\" data-permalink=\"https:\/\/www.diariodeouropreto.com.br\/pt\/confira-a-programacao-tradicionais-cavalhadas-e-festa-de-sao-goncalo-de-amarantina\/whatsapp-image-2026-09-04-at-19-22-102\/\" data-orig-file=\"https:\/\/www.diariodeouropreto.com.br\/wp-content\/uploads\/2026\/09\/WhatsApp-Image-2026-09-04-at-19.22.102.jpeg\" data-orig-size=\"854,1280\" data-comments-opened=\"0\" data-image-meta=\"{&quot;aperture&quot;:&quot;0&quot;,&quot;credit&quot;:&quot;&quot;,&quot;camera&quot;:&quot;&quot;,&quot;caption&quot;:&quot;&quot;,&quot;created_timestamp&quot;:&quot;0&quot;,&quot;copyright&quot;:&quot;&quot;,&quot;focal_length&quot;:&quot;0&quot;,&quot;iso&quot;:&quot;0&quot;,&quot;shutter_speed&quot;:&quot;0&quot;,&quot;title&quot;:&quot;&quot;,&quot;orientation&quot;:&quot;0&quot;,&quot;alt&quot;:&quot;&quot;}\" data-image-title=\"WhatsApp Image 2026-09-04 at 19.22.10(2)\" data-image-description=\"\" data-image-caption=\"\" data-large-file=\"https:\/\/www.diariodeouropreto.com.br\/wp-content\/uploads\/2026\/09\/WhatsApp-Image-2026-09-04-at-19.22.102.jpeg\" role=\"button\" tabindex=\"0\" aria-label=\"Open image 4 of 6 in full-screen\" srcset=\"https:\/\/i0.wp.com\/www.diariodeouropreto.com.br\/wp-content\/uploads\/2026\/09\/WhatsApp-Image-2026-09-04-at-19.22.102.jpeg?strip=info&#038;w=600&#038;ssl=1 600w,https:\/\/i0.wp.com\/www.diariodeouropreto.com.br\/wp-content\/uploads\/2026\/09\/WhatsApp-Image-2026-09-04-at-19.22.102.jpeg?strip=info&#038;w=854&#038;ssl=1 854w\" alt=\"\" data-height=\"1280\" data-id=\"55153\" data-link=\"https:\/\/www.diariodeouropreto.com.br\/?attachment_id=55153\" data-url=\"https:\/\/www.diariodeouropreto.com.br\/wp-content\/uploads\/2026\/09\/WhatsApp-Image-2026-09-04-at-19.22.102.jpeg\" data-width=\"854\" src=\"https:\/\/i0.wp.com\/www.diariodeouropreto.com.br\/wp-content\/uploads\/2026\/09\/WhatsApp-Image-2026-09-04-at-19.22.102.jpeg?ssl=1\" data-amp-layout=\"responsive\"\/><\/figure><\/div><div class=\"tiled-gallery__col\" style=\"flex-basis:28.98903%\"><figure class=\"tiled-gallery__item\"><img decoding=\"async\" data-attachment-id=\"55152\" data-permalink=\"https:\/\/www.diariodeouropreto.com.br\/pt\/confira-a-programacao-tradicionais-cavalhadas-e-festa-de-sao-goncalo-de-amarantina\/whatsapp-image-2026-09-04-at-19-22-09\/\" data-orig-file=\"https:\/\/www.diariodeouropreto.com.br\/wp-content\/uploads\/2026\/09\/WhatsApp-Image-2026-09-04-at-19.22.09.jpeg\" data-orig-size=\"1600,1067\" data-comments-opened=\"0\" data-image-meta=\"{&quot;aperture&quot;:&quot;0&quot;,&quot;credit&quot;:&quot;&quot;,&quot;camera&quot;:&quot;&quot;,&quot;caption&quot;:&quot;&quot;,&quot;created_timestamp&quot;:&quot;0&quot;,&quot;copyright&quot;:&quot;&quot;,&quot;focal_length&quot;:&quot;0&quot;,&quot;iso&quot;:&quot;0&quot;,&quot;shutter_speed&quot;:&quot;0&quot;,&quot;title&quot;:&quot;&quot;,&quot;orientation&quot;:&quot;0&quot;,&quot;alt&quot;:&quot;&quot;}\" data-image-title=\"WhatsApp Image 2026-09-04 at 19.22.09\" data-image-description=\"\" data-image-caption=\"\" data-large-file=\"https:\/\/www.diariodeouropreto.com.br\/wp-content\/uploads\/2026\/09\/WhatsApp-Image-2026-09-04-at-19.22.09.jpeg\" role=\"button\" tabindex=\"0\" aria-label=\"Open image 5 of 6 in full-screen\" srcset=\"https:\/\/i0.wp.com\/www.diariodeouropreto.com.br\/wp-content\/uploads\/2026\/09\/WhatsApp-Image-2026-09-04-at-19.22.09.jpeg?strip=info&#038;w=600&#038;ssl=1 600w,https:\/\/i0.wp.com\/www.diariodeouropreto.com.br\/wp-content\/uploads\/2026\/09\/WhatsApp-Image-2026-09-04-at-19.22.09.jpeg?strip=info&#038;w=900&#038;ssl=1 900w,https:\/\/i0.wp.com\/www.diariodeouropreto.com.br\/wp-content\/uploads\/2026\/09\/WhatsApp-Image-2026-09-04-at-19.22.09.jpeg?strip=info&#038;w=1200&#038;ssl=1 1200w,https:\/\/i0.wp.com\/www.diariodeouropreto.com.br\/wp-content\/uploads\/2026\/09\/WhatsApp-Image-2026-09-04-at-19.22.09.jpeg?strip=info&#038;w=1500&#038;ssl=1 1500w,https:\/\/i0.wp.com\/www.diariodeouropreto.com.br\/wp-content\/uploads\/2026\/09\/WhatsApp-Image-2026-09-04-at-19.22.09.jpeg?strip=info&#038;w=1600&#038;ssl=1 1600w\" alt=\"\" data-height=\"1067\" data-id=\"55152\" data-link=\"https:\/\/www.diariodeouropreto.com.br\/?attachment_id=55152\" data-url=\"https:\/\/www.diariodeouropreto.com.br\/wp-content\/uploads\/2026\/09\/WhatsApp-Image-2026-09-04-at-19.22.09.jpeg\" data-width=\"1600\" src=\"https:\/\/i0.wp.com\/www.diariodeouropreto.com.br\/wp-content\/uploads\/2026\/09\/WhatsApp-Image-2026-09-04-at-19.22.09.jpeg?ssl=1\" data-amp-layout=\"responsive\"\/><\/figure><\/div><div class=\"tiled-gallery__col\" style=\"flex-basis:29.00931%\"><figure class=\"tiled-gallery__item\"><img decoding=\"async\" data-attachment-id=\"55151\" data-permalink=\"https:\/\/www.diariodeouropreto.com.br\/pt\/confira-a-programacao-tradicionais-cavalhadas-e-festa-de-sao-goncalo-de-amarantina\/whatsapp-image-2026-09-04-at-19-22-091\/\" data-orig-file=\"https:\/\/www.diariodeouropreto.com.br\/wp-content\/uploads\/2026\/09\/WhatsApp-Image-2026-09-04-at-19.22.091.jpeg\" data-orig-size=\"1280,853\" data-comments-opened=\"0\" data-image-meta=\"{&quot;aperture&quot;:&quot;0&quot;,&quot;credit&quot;:&quot;&quot;,&quot;camera&quot;:&quot;&quot;,&quot;caption&quot;:&quot;&quot;,&quot;created_timestamp&quot;:&quot;0&quot;,&quot;copyright&quot;:&quot;&quot;,&quot;focal_length&quot;:&quot;0&quot;,&quot;iso&quot;:&quot;0&quot;,&quot;shutter_speed&quot;:&quot;0&quot;,&quot;title&quot;:&quot;&quot;,&quot;orientation&quot;:&quot;0&quot;,&quot;alt&quot;:&quot;&quot;}\" data-image-title=\"WhatsApp Image 2026-09-04 at 19.22.09(1)\" data-image-description=\"\" data-image-caption=\"\" data-large-file=\"https:\/\/www.diariodeouropreto.com.br\/wp-content\/uploads\/2026\/09\/WhatsApp-Image-2026-09-04-at-19.22.091.jpeg\" role=\"button\" tabindex=\"0\" aria-label=\"Open image 6 of 6 in full-screen\" srcset=\"https:\/\/i0.wp.com\/www.diariodeouropreto.com.br\/wp-content\/uploads\/2026\/09\/WhatsApp-Image-2026-09-04-at-19.22.091.jpeg?strip=info&#038;w=600&#038;ssl=1 600w,https:\/\/i0.wp.com\/www.diariodeouropreto.com.br\/wp-content\/uploads\/2026\/09\/WhatsApp-Image-2026-09-04-at-19.22.091.jpeg?strip=info&#038;w=900&#038;ssl=1 900w,https:\/\/i0.wp.com\/www.diariodeouropreto.com.br\/wp-content\/uploads\/2026\/09\/WhatsApp-Image-2026-09-04-at-19.22.091.jpeg?strip=info&#038;w=1200&#038;ssl=1 1200w,https:\/\/i0.wp.com\/www.diariodeouropreto.com.br\/wp-content\/uploads\/2026\/09\/WhatsApp-Image-2026-09-04-at-19.22.091.jpeg?strip=info&#038;w=1280&#038;ssl=1 1280w\" alt=\"\" data-height=\"853\" data-id=\"55151\" data-link=\"https:\/\/www.diariodeouropreto.com.br\/?attachment_id=55151\" data-url=\"https:\/\/www.diariodeouropreto.com.br\/wp-content\/uploads\/2026\/09\/WhatsApp-Image-2026-09-04-at-19.22.091.jpeg\" data-width=\"1280\" src=\"https:\/\/i0.wp.com\/www.diariodeouropreto.com.br\/wp-content\/uploads\/2026\/09\/WhatsApp-Image-2026-09-04-at-19.22.091.jpeg?ssl=1\" data-amp-layout=\"responsive\"\/><\/figure><\/div><\/div><\/div><\/div><\/div>\n\n\n\n<p class=\"wp-block-paragraph\">A diversidade da programa\u00e7\u00e3o tamb\u00e9m aparece na oferta de atra\u00e7\u00f5es para diferentes faixas et\u00e1rias. No s\u00e1bado, dia 19, acontece a Cavalhada Mirim, \u00e0s 15h, enquanto na segunda-feira, dia 21, haver\u00e1 uma atra\u00e7\u00e3o especialmente voltada ao p\u00fablico infantil, com Ba\u00fa Recontando e a Folia do Boi das Flores, \u00e0s 12h. As Cavalhadas Adultas permanecem como eixo central da celebra\u00e7\u00e3o, com o primeiro ato na sexta-feira, dia 18, \u00e0s 21h, e o segundo ato no domingo, dia 20, \u00e0s 15h. A manifesta\u00e7\u00e3o \u00e9 uma apresenta\u00e7\u00e3o teatral equestre que re\u00fane reis, soldados, embaixadores e a princesa Flor\u00edpes, com personagens caracterizados por vestes e s\u00edmbolos que representam os ex\u00e9rcitos Crist\u00e3o e Mouro.<\/p>\n\n\n\n<p class=\"wp-block-paragraph\">A programa\u00e7\u00e3o mant\u00e9m ainda o car\u00e1ter religioso da Festa de S\u00e3o Gon\u00e7alo, com Prociss\u00e3o de S\u00e3o Gon\u00e7alo, Dan\u00e7a de S\u00e3o Gon\u00e7alo, novena, Missa Sertaneja e a tradicional carreata com b\u00ean\u00e7\u00e3o de chaves, realizada na segunda-feira. A combina\u00e7\u00e3o entre as manifesta\u00e7\u00f5es que atravessam gera\u00e7\u00f5es e uma programa\u00e7\u00e3o art\u00edstica mais ampla marca esta edi\u00e7\u00e3o, criando uma festa que preserva sua identidade cultural e, ao mesmo tempo, incorpora novas possibilidades de participa\u00e7\u00e3o e entretenimento para o p\u00fablico.<\/p>\n\n\n\n<p class=\"wp-block-paragraph\"><\/p>\n\n\n\n<p class=\"wp-block-paragraph\"><\/p>\n\n\n\n<p class=\"wp-block-paragraph\"><\/p>\n\n\n\n<p class=\"wp-block-paragraph\"><\/p>\n\n\n\n<h4 class=\"wp-block-heading is-style-hoot-headblock1\">Servi\u00e7o:<\/h4>\n\n\n\n<p class=\"wp-block-paragraph\">TRADICIONAIS CAVALHADAS DE AMARANTINA E FESTA DE S\u00c3O GON\u00c7ALO<br>Local: Distrito de Amarantina \u2013 Ouro Preto<br>Atividades: Gastronomia t\u00edpica, feira de arte e artesanato, oficinas, apresenta\u00e7\u00f5es musicais e Cavalhadas mirim, jovem e adulto<br>Data: 18, 19 e 20\/09 \u201cTradicionais Cavalhadas e Festa de S\u00e3o Gon\u00e7alo\u201d, na arena do Parque das Cavalhadas e 21\/09 &#8211; carreata de S\u00e2o Crist\u00f3v\u00e3o<br>Instagram: <a href=\"https:\/\/www.instagram.com\/cavalhadasdeamarantinaoficial\/\" data-wpel-link=\"external\" target=\"_blank\" rel=\"follow external noopener noreferrer sponsored ugc\">@cavalhadasdeamarantinhaoficial<\/a><\/p>\n\n\n\n<h4 class=\"wp-block-heading\">Programa\u00e7\u00e3o:<\/h4>\n\n\n\n<h4 class=\"wp-block-heading\">Sexta-feira, 18\/09<\/h4>\n\n\n\n<p class=\"wp-block-paragraph\">21h \u2013 Cavalhada Adulto &#8211; 1\u00ba ATO<br>22h30 \u2013 Show Doce Trapa\u00e7a<\/p>\n\n\n\n<h4 class=\"wp-block-heading\">S\u00e1bado, 19\/09<\/h4>\n\n\n\n<p class=\"wp-block-paragraph\"><br>12h \u2013 Show \u2013 Carioca Trio<br>14h \u2013 DJ Viviane Barcellos<br>15h \u2013 Cavalhada Mirim<br>18h \u2013 Show \u2013 Samba de Revista<br>20h \u2013 DJ Viviane Barcellos<br>22h \u2013 Show \u2013 Luciano Mello<\/p>\n\n\n\n<h4 class=\"wp-block-heading\"><br>Domingo, 20\/09<\/h4>\n\n\n\n<p class=\"wp-block-paragraph\"><br>12h \u2013 Show \u2013 Vit\u00e3o da Viola<br>14h \u2013 Show \u2013 Jorginho Duarte Rock Band<br>15h \u2013 Cavalhada Adulto \u2013 2\u00ba ATO<br>18h \u2013 Show \u2013 Silvia Gomes<br>20h \u2013 DJ Djahpa<br>22h \u2013 Show \u2013 Banda do Marc\u00e3o<\/p>\n\n\n\n<h4 class=\"wp-block-heading\"><br>Segunda-feira, 21\/09<\/h4>\n\n\n\n<p class=\"wp-block-paragraph\"><br>12h \u2013 Atra\u00e7\u00e3o infantil \u2013 Ba\u00fa Recontando e a Folia do Boi das Flores<br>14h \u2013 Show \u2013 Cleo Santos, Victor Silva e Wallys<br>16h \u2013 DJ Afrobool<br>18h \u2013 Show \u2013 Banda De Pai Para Filhos<br>20h \u2013 Show \u2013 Banda Logan<\/p>\n\n\n\n<p class=\"has-light-green-cyan-to-vivid-green-cyan-gradient-background has-background wp-block-paragraph\"><strong>Onde Comer<\/strong><\/p>\n\n\n\n<p class=\"wp-block-paragraph\"><br>Barracas de comidas t\u00edpicas &#8211; $$ &#8211; na Arena das Cavalhadas<br>Restaurante e Peixaria 100 Miseria &#8211; $$$ &#8211; Rodovia dos Inconfidentes, 356 &#8211; km 68<br>Restaurante Dedo de Mo\u00e7a &#8211; $$ &#8211; Rodovia dos Inconfidentes, 1500<br>Restaurante da Tati &#8211; $$ &#8211; BR-356, 1810<br>Santa Gula Pizzaria &#8211; $$$ &#8211; R. Padre Pedrosa, 412<\/p>\n\n\n\n<p class=\"has-electric-grass-gradient-background has-background wp-block-paragraph\"><strong>Onde Ficar:<\/strong><\/p>\n\n\n\n<p class=\"wp-block-paragraph\"><br>Pousada da Eliz\u00e2ngela &#8211; (31) 99556-4338<br>Casa Viva Hospedagem &#8211; (31) 98730-3433<br>S\u00edtio Gameleira &#8211; (31) 98789-3273<br>S\u00edtio Bas\u00edlio &#8211; (31) 98699-1281<br>S\u00edtio Jacarand\u00e1 &#8211; (31) 98694-5696<br>DIST\u00c2NCIAS<br>BELO HORIZONTE &#8211; 71 km<br>OURO PRETO &#8211; 31,7 km<br>MARIANA 45,5 km<\/p>\n\n\n\n<p class=\"wp-block-paragraph\"><\/p>\n\n\n\n<p class=\"wp-block-paragraph\">O espet\u00e1culo das Tradicionais Cavalhadas, realizado em Amarantina, Distrito de Ouro Preto localizado \u00e0s margens da BR-356, revive, de forma teatral e folcl\u00f3rica, as guerras travadas no interior da Europa Medieval, entre os ex\u00e9rcitos Mouros e Crist\u00e3o, com enredo baseado no livro Carlos Magno e \u201cOs Doze Pares de Fran\u00e7a\u201d. As Cavalhadas, s\u00e3o uma apresenta\u00e7\u00e3o teatral equestre, com personagens determinadas e vestes caracter\u00edsticas. Os protagonistas s\u00e3o reis e respectivos soldados, embaixadores e a princesa Flor\u00edpes. O Rei Crist\u00e3o, representado por Carlos Magno, apresenta-se de farda e capa azuis, cal\u00e7a branca e coroa, ostentando o crucifixo, s\u00edmbolo do cristianismo. O Almirante Bal\u00e3o, rei do ex\u00e9rcito Mouro, usa indument\u00e1ria semelhante, por\u00e9m vermelha, e carrega s\u00edmbolos do ilslamismo como a lua e a estrela.<br>Al\u00e9m de Carlos Magno e Almirante Bai\u00e3o, tem outros dois importantes personagens na encena\u00e7\u00e3o equestre: a Princesa Floripes do imp\u00e9rio Mouro, cujo sequestro pelos crist\u00e3os se torna o cerne do conflito entre os dois ex\u00e9rcitos e o palha\u00e7o Ispink, o riso que rompe a solenidade, ponte entre os cavaleiros e o povo, lembrando que a alegria tamb\u00e9m \u00e9 sagrada. Na hist\u00f3ria, Ispink \u00e9 morto pelo ex\u00e9rcito de Carlos Magno e Flor\u00edpes se casa com um soldado crist\u00e3o, selando assim a paz entre os dois povos. A participa\u00e7\u00e3o da comunidade no evento \u00e9 imensa e tem sido uma tradi\u00e7\u00e3o passada de gera\u00e7\u00e3o em gera\u00e7\u00e3o.<\/p>\n\n\n\n<hr class=\"wp-block-separator has-alpha-channel-opacity is-style-wide\"\/>\n\n\n\n<p class=\"wp-block-paragraph\">Fonte: Assessoria 268\u00aa edi\u00e7\u00e3o Tradicionais Cavalhadas e Festa de S\u00e3o Gon\u00e7alo de Amarantina<\/p>\n\n\n\n<p class=\"wp-block-paragraph\"> Fotos: divulga\u00e7\u00e3o<\/p>\n\n\n\n<div id=\"152151\" class=\"advads-saneouro-2 advads-entity-placement\" style=\"margin-top: 3px;margin-bottom: 3px;margin-left: auto;margin-right: auto;text-align: center;\"><a href=\"https:\/\/www.saneouro.com.br\/\" target=\"_blank\" aria-label=\"DOP_Impresso\" data-wpel-link=\"external\" rel=\"follow external noopener noreferrer sponsored ugc\"><img src=\"https:\/\/www.diariodeouropreto.com.br\/wp-content\/uploads\/2026\/07\/DOP_Impresso.jpg\" alt=\"\"  srcset=\"https:\/\/www.diariodeouropreto.com.br\/wp-content\/uploads\/2026\/07\/DOP_Impresso.jpg 1181w, https:\/\/www.diariodeouropreto.com.br\/wp-content\/uploads\/2026\/07\/DOP_Impresso-396x396.jpg 396w, https:\/\/www.diariodeouropreto.com.br\/wp-content\/uploads\/2026\/07\/DOP_Impresso-150x150.jpg 150w, https:\/\/www.diariodeouropreto.com.br\/wp-content\/uploads\/2026\/07\/DOP_Impresso-768x768.jpg 768w, https:\/\/www.diariodeouropreto.com.br\/wp-content\/uploads\/2026\/07\/DOP_Impresso-12x12.jpg 12w, https:\/\/www.diariodeouropreto.com.br\/wp-content\/uploads\/2026\/07\/DOP_Impresso-465x465.jpg 465w, https:\/\/www.diariodeouropreto.com.br\/wp-content\/uploads\/2026\/07\/DOP_Impresso-500x500.jpg 500w\" sizes=\"(max-width: 1181px) 100vw, 1181px\" width=\"400\" height=\"400\"  style=\"display: inline-block;\" \/><\/a><\/div><p class=\"wp-block-paragraph\">Foto destaque: Patrick Ar\u00e1ujo<\/p>\n\n\n\n<hr class=\"wp-block-separator has-alpha-channel-opacity\"\/>","protected":false},"excerpt":{"rendered":"<p>268\u00aa edi\u00e7\u00e3o da festa acontece de 18 a 21 de setembro, com show de Silvia Gomes, Cavalhada Mirim, atra\u00e7\u00f5es infantis, DJs e diferentes estilos musicais A programa\u00e7\u00e3o completa da 268\u00aa edi\u00e7\u00e3o das Tradicionais Cavalhadas e Festa de S\u00e3o Gon\u00e7alo de Amarantina j\u00e1 est\u00e1 definida. Entre os dias 18 e 21<span class=\"more-link\"><a href=\"https:\/\/www.diariodeouropreto.com.br\/pt\/confira-a-programacao-tradicionais-cavalhadas-e-festa-de-sao-goncalo-de-amarantina\/\" data-wpel-link=\"internal\">Continue Lendo<\/a><\/span><\/p>","protected":false},"author":1,"featured_media":54896,"comment_status":"closed","ping_status":"closed","sticky":false,"template":"","format":"standard","meta":{"_jetpack_newsletter_access":"","_jetpack_dont_email_post_to_subs":false,"_jetpack_newsletter_tier_id":0,"_jetpack_memberships_contains_paywalled_content":false,"_jetpack_feature_clip_id":0,"_jetpack_memberships_contains_paid_content":false,"footnotes":"","jetpack_publicize_message":"268\u00aa edi\u00e7\u00e3o da festa acontece de 18 a 21 de setembro, com show de Silvia Gomes, Cavalhada Mirim, atra\u00e7\u00f5es infantis, DJs e diferentes estilos musicais","jetpack_publicize_feature_enabled":true,"jetpack_social_post_already_shared":false,"jetpack_social_options":{"image_generator_settings":{"template":"highway","default_image_id":0,"font":"","enabled":false},"version":2},"jetpack_post_was_ever_published":false},"categories":[11],"tags":[],"class_list":["entry","author-diario","post-55146","post","type-post","status-publish","format-standard","has-post-thumbnail","category-culturaeartes"],"yoast_head":"<!-- This site is optimized with the Yoast SEO plugin v28.4 - https:\/\/yoast.com\/product\/yoast-seo-wordpress\/ -->\n<title>Confira a programa\u00e7\u00e3o Tradicionais Cavalhadas e Festa de S\u00e3o Gon\u00e7alo de Amarantina - Di\u00e1rio de Ouro Preto<\/title>\n<meta name=\"description\" content=\"diferentes - Confira a programa\u00e7\u00e3o Tradicionais Cavalhadas e Festa de S\u00e3o Gon\u00e7alo de Amarantina - Cultura, Artes e Patrim\u00f4nio\" \/>\n<meta name=\"robots\" content=\"index, follow, max-snippet:-1, max-image-preview:large, max-video-preview:-1\" \/>\n<link rel=\"canonical\" href=\"https:\/\/www.diariodeouropreto.com.br\/pt\/confira-a-programacao-tradicionais-cavalhadas-e-festa-de-sao-goncalo-de-amarantina\/\" \/>\n<meta property=\"og:locale\" content=\"pt_PT\" \/>\n<meta property=\"og:type\" content=\"article\" \/>\n<meta property=\"og:title\" content=\"Confira a programa\u00e7\u00e3o Tradicionais Cavalhadas e Festa de S\u00e3o Gon\u00e7alo de Amarantina - Di\u00e1rio de Ouro Preto\" \/>\n<meta property=\"og:description\" content=\"diferentes - Confira a programa\u00e7\u00e3o Tradicionais Cavalhadas e Festa de S\u00e3o Gon\u00e7alo de Amarantina - Cultura, Artes e Patrim\u00f4nio\" \/>\n<meta property=\"og:url\" content=\"https:\/\/www.diariodeouropreto.com.br\/pt\/confira-a-programacao-tradicionais-cavalhadas-e-festa-de-sao-goncalo-de-amarantina\/\" \/>\n<meta property=\"og:site_name\" content=\"Di\u00e1rio de Ouro Preto\" \/>\n<meta property=\"article:publisher\" content=\"https:\/\/www.facebook.com\/diariodeouropreto\/\" \/>\n<meta property=\"article:published_time\" content=\"2026-09-05T21:07:27+00:00\" \/>\n<meta property=\"article:modified_time\" content=\"2026-09-05T21:10:02+00:00\" \/>\n<meta property=\"og:image\" content=\"https:\/\/www.diariodeouropreto.com.br\/wp-content\/uploads\/2026\/08\/WhatsApp-Image-2025-09-23-at-10.25.24-1.jpeg\" \/>\n\t<meta property=\"og:image:width\" content=\"1600\" \/>\n\t<meta property=\"og:image:height\" content=\"1066\" \/>\n\t<meta property=\"og:image:type\" content=\"image\/jpeg\" \/>\n<meta name=\"author\" content=\"Di\u00e1rio de Ouro Preto\" \/>\n<meta name=\"twitter:card\" content=\"summary_large_image\" \/>\n<meta name=\"twitter:label1\" content=\"Escrito por\" \/>\n\t<meta name=\"twitter:data1\" content=\"Di\u00e1rio de Ouro Preto\" \/>\n\t<meta name=\"twitter:label2\" content=\"Tempo estimado de leitura\" \/>\n\t<meta name=\"twitter:data2\" content=\"6 minutos\" \/>\n<script type=\"application\/ld+json\" class=\"yoast-schema-graph\">{\"@context\":\"https:\\\/\\\/schema.org\",\"@graph\":[{\"@type\":\"Article\",\"@id\":\"https:\\\/\\\/www.diariodeouropreto.com.br\\\/confira-a-programacao-tradicionais-cavalhadas-e-festa-de-sao-goncalo-de-amarantina\\\/#article\",\"isPartOf\":{\"@id\":\"https:\\\/\\\/www.diariodeouropreto.com.br\\\/confira-a-programacao-tradicionais-cavalhadas-e-festa-de-sao-goncalo-de-amarantina\\\/\"},\"author\":{\"name\":\"Di\u00e1rio de Ouro Preto\",\"@id\":\"https:\\\/\\\/www.diariodeouropreto.com.br\\\/pt\\\/#\\\/schema\\\/person\\\/7654e7b471204a6dab6dc0ce6e140c99\"},\"headline\":\"Confira a programa\u00e7\u00e3o Tradicionais Cavalhadas e Festa de S\u00e3o Gon\u00e7alo de Amarantina\",\"datePublished\":\"2026-09-05T21:07:27+00:00\",\"dateModified\":\"2026-09-05T21:10:02+00:00\",\"mainEntityOfPage\":{\"@id\":\"https:\\\/\\\/www.diariodeouropreto.com.br\\\/confira-a-programacao-tradicionais-cavalhadas-e-festa-de-sao-goncalo-de-amarantina\\\/\"},\"wordCount\":928,\"publisher\":{\"@id\":\"https:\\\/\\\/www.diariodeouropreto.com.br\\\/pt\\\/#organization\"},\"image\":{\"@id\":\"https:\\\/\\\/www.diariodeouropreto.com.br\\\/confira-a-programacao-tradicionais-cavalhadas-e-festa-de-sao-goncalo-de-amarantina\\\/#primaryimage\"},\"thumbnailUrl\":\"https:\\\/\\\/www.diariodeouropreto.com.br\\\/wp-content\\\/uploads\\\/2026\\\/08\\\/WhatsApp-Image-2025-09-23-at-10.25.24-1.jpeg\",\"articleSection\":[\"Cultura, Artes e Patrim\u00f4nio\"],\"inLanguage\":\"pt-PT\"},{\"@type\":\"WebPage\",\"@id\":\"https:\\\/\\\/www.diariodeouropreto.com.br\\\/confira-a-programacao-tradicionais-cavalhadas-e-festa-de-sao-goncalo-de-amarantina\\\/\",\"url\":\"https:\\\/\\\/www.diariodeouropreto.com.br\\\/confira-a-programacao-tradicionais-cavalhadas-e-festa-de-sao-goncalo-de-amarantina\\\/\",\"name\":\"Confira a programa\u00e7\u00e3o Tradicionais Cavalhadas e Festa de S\u00e3o Gon\u00e7alo de Amarantina - Di\u00e1rio de Ouro Preto\",\"isPartOf\":{\"@id\":\"https:\\\/\\\/www.diariodeouropreto.com.br\\\/pt\\\/#website\"},\"primaryImageOfPage\":{\"@id\":\"https:\\\/\\\/www.diariodeouropreto.com.br\\\/confira-a-programacao-tradicionais-cavalhadas-e-festa-de-sao-goncalo-de-amarantina\\\/#primaryimage\"},\"image\":{\"@id\":\"https:\\\/\\\/www.diariodeouropreto.com.br\\\/confira-a-programacao-tradicionais-cavalhadas-e-festa-de-sao-goncalo-de-amarantina\\\/#primaryimage\"},\"thumbnailUrl\":\"https:\\\/\\\/www.diariodeouropreto.com.br\\\/wp-content\\\/uploads\\\/2026\\\/08\\\/WhatsApp-Image-2025-09-23-at-10.25.24-1.jpeg\",\"datePublished\":\"2026-09-05T21:07:27+00:00\",\"dateModified\":\"2026-09-05T21:10:02+00:00\",\"description\":\"diferentes - Confira a programa\u00e7\u00e3o Tradicionais Cavalhadas e Festa de S\u00e3o Gon\u00e7alo de Amarantina - Cultura, Artes e Patrim\u00f4nio\",\"breadcrumb\":{\"@id\":\"https:\\\/\\\/www.diariodeouropreto.com.br\\\/confira-a-programacao-tradicionais-cavalhadas-e-festa-de-sao-goncalo-de-amarantina\\\/#breadcrumb\"},\"inLanguage\":\"pt-PT\",\"potentialAction\":[{\"@type\":\"ReadAction\",\"target\":[\"https:\\\/\\\/www.diariodeouropreto.com.br\\\/confira-a-programacao-tradicionais-cavalhadas-e-festa-de-sao-goncalo-de-amarantina\\\/\"]}]},{\"@type\":\"ImageObject\",\"inLanguage\":\"pt-PT\",\"@id\":\"https:\\\/\\\/www.diariodeouropreto.com.br\\\/confira-a-programacao-tradicionais-cavalhadas-e-festa-de-sao-goncalo-de-amarantina\\\/#primaryimage\",\"url\":\"https:\\\/\\\/www.diariodeouropreto.com.br\\\/wp-content\\\/uploads\\\/2026\\\/08\\\/WhatsApp-Image-2025-09-23-at-10.25.24-1.jpeg\",\"contentUrl\":\"https:\\\/\\\/www.diariodeouropreto.com.br\\\/wp-content\\\/uploads\\\/2026\\\/08\\\/WhatsApp-Image-2025-09-23-at-10.25.24-1.jpeg\",\"width\":1600,\"height\":1066},{\"@type\":\"BreadcrumbList\",\"@id\":\"https:\\\/\\\/www.diariodeouropreto.com.br\\\/confira-a-programacao-tradicionais-cavalhadas-e-festa-de-sao-goncalo-de-amarantina\\\/#breadcrumb\",\"itemListElement\":[{\"@type\":\"ListItem\",\"position\":1,\"name\":\"In\u00edcio\",\"item\":\"https:\\\/\\\/www.diariodeouropreto.com.br\\\/pt\\\/\"},{\"@type\":\"ListItem\",\"position\":2,\"name\":\"Confira a programa\u00e7\u00e3o Tradicionais Cavalhadas e Festa de S\u00e3o Gon\u00e7alo de Amarantina\"}]},{\"@type\":\"WebSite\",\"@id\":\"https:\\\/\\\/www.diariodeouropreto.com.br\\\/pt\\\/#website\",\"url\":\"https:\\\/\\\/www.diariodeouropreto.com.br\\\/pt\\\/\",\"name\":\"Di\u00e1rio de Ouro Preto\",\"description\":\"Not\u00edcias Ouro Preto; Mariana;Minas Gerais;Jornal;Jornalismo;Not\u00edcias;\",\"publisher\":{\"@id\":\"https:\\\/\\\/www.diariodeouropreto.com.br\\\/pt\\\/#organization\"},\"alternateName\":\"Jornal di\u00e1rio de Ouro Preto\",\"potentialAction\":[{\"@type\":\"SearchAction\",\"target\":{\"@type\":\"EntryPoint\",\"urlTemplate\":\"https:\\\/\\\/www.diariodeouropreto.com.br\\\/pt\\\/?s={search_term_string}\"},\"query-input\":{\"@type\":\"PropertyValueSpecification\",\"valueRequired\":true,\"valueName\":\"search_term_string\"}}],\"inLanguage\":\"pt-PT\"},{\"@type\":\"Organization\",\"@id\":\"https:\\\/\\\/www.diariodeouropreto.com.br\\\/pt\\\/#organization\",\"name\":\"Di\u00e1rio de Ouro Preto\",\"alternateName\":\"Jornal di\u00e1rio Ouro Preto\",\"url\":\"https:\\\/\\\/www.diariodeouropreto.com.br\\\/pt\\\/\",\"logo\":{\"@type\":\"ImageObject\",\"inLanguage\":\"pt-PT\",\"@id\":\"https:\\\/\\\/www.diariodeouropreto.com.br\\\/pt\\\/#\\\/schema\\\/logo\\\/image\\\/\",\"url\":\"https:\\\/\\\/www.diariodeouropreto.com.br\\\/wp-content\\\/uploads\\\/2019\\\/06\\\/cropped-logotransp-2.png\",\"contentUrl\":\"https:\\\/\\\/www.diariodeouropreto.com.br\\\/wp-content\\\/uploads\\\/2019\\\/06\\\/cropped-logotransp-2.png\",\"width\":1323,\"height\":251,\"caption\":\"Di\u00e1rio de Ouro Preto\"},\"image\":{\"@id\":\"https:\\\/\\\/www.diariodeouropreto.com.br\\\/pt\\\/#\\\/schema\\\/logo\\\/image\\\/\"},\"sameAs\":[\"https:\\\/\\\/www.facebook.com\\\/diariodeouropreto\\\/\"]},{\"@type\":\"Person\",\"@id\":\"https:\\\/\\\/www.diariodeouropreto.com.br\\\/pt\\\/#\\\/schema\\\/person\\\/7654e7b471204a6dab6dc0ce6e140c99\",\"name\":\"Di\u00e1rio de Ouro Preto\",\"sameAs\":[\"http:\\\/\\\/www.diariodeouropreto.com.br\"],\"url\":\"https:\\\/\\\/www.diariodeouropreto.com.br\\\/pt\\\/author\\\/diario\\\/\"}]}<\/script>\n<!-- \/ Yoast SEO plugin. -->","yoast_head_json":{"title":"Confira a programa\u00e7\u00e3o Tradicionais Cavalhadas e Festa de S\u00e3o Gon\u00e7alo de Amarantina - Di\u00e1rio de Ouro Preto","description":"diferentes - Confira a programa\u00e7\u00e3o Tradicionais Cavalhadas e Festa de S\u00e3o Gon\u00e7alo de Amarantina - Cultura, Artes e Patrim\u00f4nio","robots":{"index":"index","follow":"follow","max-snippet":"max-snippet:-1","max-image-preview":"max-image-preview:large","max-video-preview":"max-video-preview:-1"},"canonical":"https:\/\/www.diariodeouropreto.com.br\/pt\/confira-a-programacao-tradicionais-cavalhadas-e-festa-de-sao-goncalo-de-amarantina\/","og_locale":"pt_PT","og_type":"article","og_title":"Confira a programa\u00e7\u00e3o Tradicionais Cavalhadas e Festa de S\u00e3o Gon\u00e7alo de Amarantina - Di\u00e1rio de Ouro Preto","og_description":"diferentes - Confira a programa\u00e7\u00e3o Tradicionais Cavalhadas e Festa de S\u00e3o Gon\u00e7alo de Amarantina - Cultura, Artes e Patrim\u00f4nio","og_url":"https:\/\/www.diariodeouropreto.com.br\/pt\/confira-a-programacao-tradicionais-cavalhadas-e-festa-de-sao-goncalo-de-amarantina\/","og_site_name":"Di\u00e1rio de Ouro Preto","article_publisher":"https:\/\/www.facebook.com\/diariodeouropreto\/","article_published_time":"2026-09-05T21:07:27+00:00","article_modified_time":"2026-09-05T21:10:02+00:00","og_image":[{"width":1600,"height":1066,"url":"https:\/\/www.diariodeouropreto.com.br\/wp-content\/uploads\/2026\/08\/WhatsApp-Image-2025-09-23-at-10.25.24-1.jpeg","type":"image\/jpeg"}],"author":"Di\u00e1rio de Ouro Preto","twitter_card":"summary_large_image","twitter_misc":{"Escrito por":"Di\u00e1rio de Ouro Preto","Tempo estimado de leitura":"6 minutos"},"schema":{"@context":"https:\/\/schema.org","@graph":[{"@type":"Article","@id":"https:\/\/www.diariodeouropreto.com.br\/confira-a-programacao-tradicionais-cavalhadas-e-festa-de-sao-goncalo-de-amarantina\/#article","isPartOf":{"@id":"https:\/\/www.diariodeouropreto.com.br\/confira-a-programacao-tradicionais-cavalhadas-e-festa-de-sao-goncalo-de-amarantina\/"},"author":{"name":"Di\u00e1rio de Ouro Preto","@id":"https:\/\/www.diariodeouropreto.com.br\/pt\/#\/schema\/person\/7654e7b471204a6dab6dc0ce6e140c99"},"headline":"Confira a programa\u00e7\u00e3o Tradicionais Cavalhadas e Festa de S\u00e3o Gon\u00e7alo de Amarantina","datePublished":"2026-09-05T21:07:27+00:00","dateModified":"2026-09-05T21:10:02+00:00","mainEntityOfPage":{"@id":"https:\/\/www.diariodeouropreto.com.br\/confira-a-programacao-tradicionais-cavalhadas-e-festa-de-sao-goncalo-de-amarantina\/"},"wordCount":928,"publisher":{"@id":"https:\/\/www.diariodeouropreto.com.br\/pt\/#organization"},"image":{"@id":"https:\/\/www.diariodeouropreto.com.br\/confira-a-programacao-tradicionais-cavalhadas-e-festa-de-sao-goncalo-de-amarantina\/#primaryimage"},"thumbnailUrl":"https:\/\/www.diariodeouropreto.com.br\/wp-content\/uploads\/2026\/08\/WhatsApp-Image-2025-09-23-at-10.25.24-1.jpeg","articleSection":["Cultura, Artes e Patrim\u00f4nio"],"inLanguage":"pt-PT"},{"@type":"WebPage","@id":"https:\/\/www.diariodeouropreto.com.br\/confira-a-programacao-tradicionais-cavalhadas-e-festa-de-sao-goncalo-de-amarantina\/","url":"https:\/\/www.diariodeouropreto.com.br\/confira-a-programacao-tradicionais-cavalhadas-e-festa-de-sao-goncalo-de-amarantina\/","name":"Confira a programa\u00e7\u00e3o Tradicionais Cavalhadas e Festa de S\u00e3o Gon\u00e7alo de Amarantina - Di\u00e1rio de Ouro Preto","isPartOf":{"@id":"https:\/\/www.diariodeouropreto.com.br\/pt\/#website"},"primaryImageOfPage":{"@id":"https:\/\/www.diariodeouropreto.com.br\/confira-a-programacao-tradicionais-cavalhadas-e-festa-de-sao-goncalo-de-amarantina\/#primaryimage"},"image":{"@id":"https:\/\/www.diariodeouropreto.com.br\/confira-a-programacao-tradicionais-cavalhadas-e-festa-de-sao-goncalo-de-amarantina\/#primaryimage"},"thumbnailUrl":"https:\/\/www.diariodeouropreto.com.br\/wp-content\/uploads\/2026\/08\/WhatsApp-Image-2025-09-23-at-10.25.24-1.jpeg","datePublished":"2026-09-05T21:07:27+00:00","dateModified":"2026-09-05T21:10:02+00:00","description":"diferentes - Confira a programa\u00e7\u00e3o Tradicionais Cavalhadas e Festa de S\u00e3o Gon\u00e7alo de Amarantina - Cultura, Artes e Patrim\u00f4nio","breadcrumb":{"@id":"https:\/\/www.diariodeouropreto.com.br\/confira-a-programacao-tradicionais-cavalhadas-e-festa-de-sao-goncalo-de-amarantina\/#breadcrumb"},"inLanguage":"pt-PT","potentialAction":[{"@type":"ReadAction","target":["https:\/\/www.diariodeouropreto.com.br\/confira-a-programacao-tradicionais-cavalhadas-e-festa-de-sao-goncalo-de-amarantina\/"]}]},{"@type":"ImageObject","inLanguage":"pt-PT","@id":"https:\/\/www.diariodeouropreto.com.br\/confira-a-programacao-tradicionais-cavalhadas-e-festa-de-sao-goncalo-de-amarantina\/#primaryimage","url":"https:\/\/www.diariodeouropreto.com.br\/wp-content\/uploads\/2026\/08\/WhatsApp-Image-2025-09-23-at-10.25.24-1.jpeg","contentUrl":"https:\/\/www.diariodeouropreto.com.br\/wp-content\/uploads\/2026\/08\/WhatsApp-Image-2025-09-23-at-10.25.24-1.jpeg","width":1600,"height":1066},{"@type":"BreadcrumbList","@id":"https:\/\/www.diariodeouropreto.com.br\/confira-a-programacao-tradicionais-cavalhadas-e-festa-de-sao-goncalo-de-amarantina\/#breadcrumb","itemListElement":[{"@type":"ListItem","position":1,"name":"In\u00edcio","item":"https:\/\/www.diariodeouropreto.com.br\/pt\/"},{"@type":"ListItem","position":2,"name":"Confira a programa\u00e7\u00e3o Tradicionais Cavalhadas e Festa de S\u00e3o Gon\u00e7alo de Amarantina"}]},{"@type":"WebSite","@id":"https:\/\/www.diariodeouropreto.com.br\/pt\/#website","url":"https:\/\/www.diariodeouropreto.com.br\/pt\/","name":"Di\u00e1rio de Ouro Preto","description":"Not\u00edcias Ouro Preto; Mariana;Minas Gerais;Jornal;Jornalismo;Not\u00edcias;","publisher":{"@id":"https:\/\/www.diariodeouropreto.com.br\/pt\/#organization"},"alternateName":"Jornal di\u00e1rio de Ouro Preto","potentialAction":[{"@type":"SearchAction","target":{"@type":"EntryPoint","urlTemplate":"https:\/\/www.diariodeouropreto.com.br\/pt\/?s={search_term_string}"},"query-input":{"@type":"PropertyValueSpecification","valueRequired":true,"valueName":"search_term_string"}}],"inLanguage":"pt-PT"},{"@type":"Organization","@id":"https:\/\/www.diariodeouropreto.com.br\/pt\/#organization","name":"Di\u00e1rio de Ouro Preto","alternateName":"Jornal di\u00e1rio Ouro Preto","url":"https:\/\/www.diariodeouropreto.com.br\/pt\/","logo":{"@type":"ImageObject","inLanguage":"pt-PT","@id":"https:\/\/www.diariodeouropreto.com.br\/pt\/#\/schema\/logo\/image\/","url":"https:\/\/www.diariodeouropreto.com.br\/wp-content\/uploads\/2019\/06\/cropped-logotransp-2.png","contentUrl":"https:\/\/www.diariodeouropreto.com.br\/wp-content\/uploads\/2019\/06\/cropped-logotransp-2.png","width":1323,"height":251,"caption":"Di\u00e1rio de Ouro Preto"},"image":{"@id":"https:\/\/www.diariodeouropreto.com.br\/pt\/#\/schema\/logo\/image\/"},"sameAs":["https:\/\/www.facebook.com\/diariodeouropreto\/"]},{"@type":"Person","@id":"https:\/\/www.diariodeouropreto.com.br\/pt\/#\/schema\/person\/7654e7b471204a6dab6dc0ce6e140c99","name":"Di\u00e1rio de Ouro Preto","sameAs":["http:\/\/www.diariodeouropreto.com.br"],"url":"https:\/\/www.diariodeouropreto.com.br\/pt\/author\/diario\/"}]}},"jetpack_publicize_connections":[],"jetpack-related-posts":[{"id":47596,"url":"https:\/\/www.diariodeouropreto.com.br\/pt\/festival-sabores-de-amarantina-premia-vencedores\/","url_meta":{"origin":55146,"position":0},"title":"Festival Sabores de Amarantina premia vencedores","author":"Di\u00e1rio de Ouro Preto","date":"19 de Setembro de 2025","format":false,"excerpt":"Quitandeiras, cozinheiro e cozinheiras locais s\u00e3o agraciados no primeiro final de semana das Cavalhadas ap\u00f3s intensa programa\u00e7\u00e3o cultural O festival \u201cSabores de Amarantina\u201d, realizado no \u00faltimo final de semana, divulgou os agraciados na premia\u00e7\u00e3o que aconteceu no domingo (14), ap\u00f3s a apresenta\u00e7\u00e3o de todos os pratos e quitandas para e\u2026","rel":"","context":"In &quot;Cultura, Artes e Patrim\u00f4nio&quot;","block_context":{"text":"Cultura, Artes e Patrim\u00f4nio","link":"https:\/\/www.diariodeouropreto.com.br\/pt\/Editoria\/culturaeartes\/"},"img":{"alt_text":"","src":"https:\/\/i0.wp.com\/www.diariodeouropreto.com.br\/wp-content\/uploads\/2025\/09\/IMG_2893.jpg?resize=350%2C200&ssl=1","width":350,"height":200,"srcset":"https:\/\/i0.wp.com\/www.diariodeouropreto.com.br\/wp-content\/uploads\/2025\/09\/IMG_2893.jpg?resize=350%2C200&ssl=1 1x, https:\/\/i0.wp.com\/www.diariodeouropreto.com.br\/wp-content\/uploads\/2025\/09\/IMG_2893.jpg?resize=525%2C300&ssl=1 1.5x"},"classes":[]},{"id":47365,"url":"https:\/\/www.diariodeouropreto.com.br\/pt\/amarantina-celebra-a-267a-edicao-da-festa-de-sao-goncalo-e-das-tradicionais-cavalhadas\/","url_meta":{"origin":55146,"position":1},"title":"Amarantina celebra a 267\u00aa edi\u00e7\u00e3o da Festa de S\u00e3o Gon\u00e7alo e das Tradicionais Cavalhadas","author":"Di\u00e1rio de Ouro Preto","date":"5 de Setembro de 2025","format":false,"excerpt":"A comunidade amarantinense se prepara para celebrar mais uma edi\u00e7\u00e3o da tradicional Festa de S\u00e3o Gon\u00e7alo, evento religioso e cultural que remonta a 1758, ano da inaugura\u00e7\u00e3o da Igreja do Santo Padroeiro. Desde ent\u00e3o, a festividade tornou-se s\u00edmbolo da comunidade, marcada pelas Cavalhadas \u2013 encena\u00e7\u00f5es que revivem as batalhas medievais\u2026","rel":"","context":"In &quot;Cultura, Artes e Patrim\u00f4nio&quot;","block_context":{"text":"Cultura, Artes e Patrim\u00f4nio","link":"https:\/\/www.diariodeouropreto.com.br\/pt\/Editoria\/culturaeartes\/"},"img":{"alt_text":"","src":"https:\/\/i0.wp.com\/www.diariodeouropreto.com.br\/wp-content\/uploads\/2025\/09\/WhatsApp-Image-2025-09-04-at-08.10.49-8.jpeg?resize=350%2C200&ssl=1","width":350,"height":200,"srcset":"https:\/\/i0.wp.com\/www.diariodeouropreto.com.br\/wp-content\/uploads\/2025\/09\/WhatsApp-Image-2025-09-04-at-08.10.49-8.jpeg?resize=350%2C200&ssl=1 1x, https:\/\/i0.wp.com\/www.diariodeouropreto.com.br\/wp-content\/uploads\/2025\/09\/WhatsApp-Image-2025-09-04-at-08.10.49-8.jpeg?resize=525%2C300&ssl=1 1.5x, https:\/\/i0.wp.com\/www.diariodeouropreto.com.br\/wp-content\/uploads\/2025\/09\/WhatsApp-Image-2025-09-04-at-08.10.49-8.jpeg?resize=700%2C400&ssl=1 2x, https:\/\/i0.wp.com\/www.diariodeouropreto.com.br\/wp-content\/uploads\/2025\/09\/WhatsApp-Image-2025-09-04-at-08.10.49-8.jpeg?resize=1050%2C600&ssl=1 3x"},"classes":[]},{"id":54891,"url":"https:\/\/www.diariodeouropreto.com.br\/pt\/vem-ai-as-tradicionais-cavalhadas-e-festa-de-sao-goncalo-de-amarantina\/","url_meta":{"origin":55146,"position":2},"title":"Vem a\u00ed as Tradicionais Cavalhadas e Festa de S\u00e3o Gon\u00e7alo de Amarantina","author":"Di\u00e1rio de Ouro Preto","date":"24 de Agosto de 2026","format":false,"excerpt":"Festa Popular de Ouro Preto ter\u00e1 cavalhada infantil, jovem e adulto em tr\u00eas dias de festa e a tradicional carreata de S\u00e3o Crist\u00f3v\u00e3o na segunda p\u00f3s evento A comunidade de Amarantina, distrito de Ouro Preto, situado a 70 km de Belo Horizonte, se prepara para mais uma edi\u00e7\u00e3o das \u201cTradicionais\u2026","rel":"","context":"In &quot;Cultura, Artes e Patrim\u00f4nio&quot;","block_context":{"text":"Cultura, Artes e Patrim\u00f4nio","link":"https:\/\/www.diariodeouropreto.com.br\/pt\/Editoria\/culturaeartes\/"},"img":{"alt_text":"","src":"https:\/\/i0.wp.com\/www.diariodeouropreto.com.br\/wp-content\/uploads\/2026\/08\/WhatsApp-Image-2025-09-23-at-10.25.24.jpeg?resize=350%2C200&ssl=1","width":350,"height":200,"srcset":"https:\/\/i0.wp.com\/www.diariodeouropreto.com.br\/wp-content\/uploads\/2026\/08\/WhatsApp-Image-2025-09-23-at-10.25.24.jpeg?resize=350%2C200&ssl=1 1x, https:\/\/i0.wp.com\/www.diariodeouropreto.com.br\/wp-content\/uploads\/2026\/08\/WhatsApp-Image-2025-09-23-at-10.25.24.jpeg?resize=525%2C300&ssl=1 1.5x, https:\/\/i0.wp.com\/www.diariodeouropreto.com.br\/wp-content\/uploads\/2026\/08\/WhatsApp-Image-2025-09-23-at-10.25.24.jpeg?resize=700%2C400&ssl=1 2x, https:\/\/i0.wp.com\/www.diariodeouropreto.com.br\/wp-content\/uploads\/2026\/08\/WhatsApp-Image-2025-09-23-at-10.25.24.jpeg?resize=1050%2C600&ssl=1 3x, https:\/\/i0.wp.com\/www.diariodeouropreto.com.br\/wp-content\/uploads\/2026\/08\/WhatsApp-Image-2025-09-23-at-10.25.24.jpeg?resize=1400%2C800&ssl=1 4x"},"classes":[]},{"id":26693,"url":"https:\/\/www.diariodeouropreto.com.br\/pt\/festa-das-cavalhadas-em-amarantina-alcanca-patamar-inedito-no-brasil\/","url_meta":{"origin":55146,"position":3},"title":"Festa das Cavalhadas em Amarantina alcan\u00e7a patamar in\u00e9dito no Brasil","author":"Di\u00e1rio de Ouro Preto","date":"14 de Novembro de 2023","format":false,"excerpt":"A Prefeitura de Ouro Preto lan\u00e7ou, na \u00faltima ter\u00e7a-feira, 7 de novembro, o programa \u201cUniversidade da Cavalhada\u201d, no distrito de Amarantina. A a\u00e7\u00e3o, que \u00e9 in\u00e9dita no Brasil, busca impulsionar e diversificar a economia no distrito valorizando a tradi\u00e7\u00e3o, considerada umas das mais antigas da regi\u00e3o. Os trabalhos acontecer\u00e3o por\u2026","rel":"","context":"In &quot;Cultura, Artes e Patrim\u00f4nio&quot;","block_context":{"text":"Cultura, Artes e Patrim\u00f4nio","link":"https:\/\/www.diariodeouropreto.com.br\/pt\/Editoria\/culturaeartes\/"},"img":{"alt_text":"","src":"https:\/\/i0.wp.com\/www.diariodeouropreto.com.br\/wp-content\/uploads\/2023\/11\/Imagem-do-WhatsApp-de-2023-11-14-as-17.13.20_6dc11670.jpg?resize=350%2C200&ssl=1","width":350,"height":200,"srcset":"https:\/\/i0.wp.com\/www.diariodeouropreto.com.br\/wp-content\/uploads\/2023\/11\/Imagem-do-WhatsApp-de-2023-11-14-as-17.13.20_6dc11670.jpg?resize=350%2C200&ssl=1 1x, https:\/\/i0.wp.com\/www.diariodeouropreto.com.br\/wp-content\/uploads\/2023\/11\/Imagem-do-WhatsApp-de-2023-11-14-as-17.13.20_6dc11670.jpg?resize=525%2C300&ssl=1 1.5x, https:\/\/i0.wp.com\/www.diariodeouropreto.com.br\/wp-content\/uploads\/2023\/11\/Imagem-do-WhatsApp-de-2023-11-14-as-17.13.20_6dc11670.jpg?resize=700%2C400&ssl=1 2x"},"classes":[]},{"id":453,"url":"https:\/\/www.diariodeouropreto.com.br\/pt\/82a-cavalhada-de-brumal-comeca-na-proxima-sexta-feira-em-santa-barbara\/","url_meta":{"origin":55146,"position":4},"title":"82\u00aa Cavalhada de Brumal come\u00e7a na pr\u00f3xima sexta-feira em Santa B\u00e1rbara","author":"Di\u00e1rio de Ouro Preto","date":"26 de Junho de 2019","format":false,"excerpt":"Programa\u00e7\u00e3o envolve novena, missas, carreata, prociss\u00e3o, alvorada, festas caipiras e shows com Washington e Waldomiro, Henrique Morais, Cl\u00e1udio Ara\u00fajo e Dimas e a atra\u00e7\u00e3o nacional, Z\u00e9 Felipe A programa\u00e7\u00e3o religiosa da 82\u00aa Cavalhada de Brumal come\u00e7a no dia 28 de junho, \u00e0s 19h, com novena e missa, tendo como participantes,\u2026","rel":"","context":"In &quot;Cidades&quot;","block_context":{"text":"Cidades","link":"https:\/\/www.diariodeouropreto.com.br\/pt\/Editoria\/cidades\/"},"img":{"alt_text":"","src":"https:\/\/i0.wp.com\/www.diariodeouropreto.com.br\/wp-content\/uploads\/2019\/06\/santabarbara-e1561745610619.jpg?resize=350%2C200&ssl=1","width":350,"height":200},"classes":[]},{"id":18508,"url":"https:\/\/www.diariodeouropreto.com.br\/pt\/amarantina-e-palco-de-festa-tradicional-e-briga-com-repercussao-regional\/","url_meta":{"origin":55146,"position":5},"title":"Amarantina \u00e9 palco de festa tradicional e briga com repercuss\u00e3o regional","author":"Di\u00e1rio de Ouro Preto","date":"20 de Setembro de 2022","format":false,"excerpt":"Victor Stutz, para o Di\u00e1rio de Ouro Preto Aconteceu no \u00faltimo fim de semana a festa em honra a S\u00e3o Gon\u00e7alo do Amarante, em Amarantina, distrito de Ouro Preto, MG. A festa, considerada Patrim\u00f4nio Cultural Imaterial do Munic\u00edpio e organizada pela Associa\u00e7\u00e3o de Cavalheiros Mestre Nico, teve in\u00edcio na quinta-feira,\u2026","rel":"","context":"In &quot;Cultura, Artes e Patrim\u00f4nio&quot;","block_context":{"text":"Cultura, Artes e Patrim\u00f4nio","link":"https:\/\/www.diariodeouropreto.com.br\/pt\/Editoria\/culturaeartes\/"},"img":{"alt_text":"","src":"https:\/\/i0.wp.com\/www.diariodeouropreto.com.br\/wp-content\/uploads\/2022\/09\/52368305273_f1af44c350_k.jpg?resize=350%2C200&ssl=1","width":350,"height":200,"srcset":"https:\/\/i0.wp.com\/www.diariodeouropreto.com.br\/wp-content\/uploads\/2022\/09\/52368305273_f1af44c350_k.jpg?resize=350%2C200&ssl=1 1x, https:\/\/i0.wp.com\/www.diariodeouropreto.com.br\/wp-content\/uploads\/2022\/09\/52368305273_f1af44c350_k.jpg?resize=525%2C300&ssl=1 1.5x, https:\/\/i0.wp.com\/www.diariodeouropreto.com.br\/wp-content\/uploads\/2022\/09\/52368305273_f1af44c350_k.jpg?resize=700%2C400&ssl=1 2x, https:\/\/i0.wp.com\/www.diariodeouropreto.com.br\/wp-content\/uploads\/2022\/09\/52368305273_f1af44c350_k.jpg?resize=1050%2C600&ssl=1 3x"},"classes":[]}],"jetpack_sharing_enabled":true,"amp_enabled":true,"jetpack_featured_media_url":"https:\/\/www.diariodeouropreto.com.br\/wp-content\/uploads\/2026\/08\/WhatsApp-Image-2025-09-23-at-10.25.24-1.jpeg","_links":{"self":[{"href":"https:\/\/www.diariodeouropreto.com.br\/pt\/wp-json\/wp\/v2\/posts\/55146","targetHints":{"allow":["GET"]}}],"collection":[{"href":"https:\/\/www.diariodeouropreto.com.br\/pt\/wp-json\/wp\/v2\/posts"}],"about":[{"href":"https:\/\/www.diariodeouropreto.com.br\/pt\/wp-json\/wp\/v2\/types\/post"}],"author":[{"embeddable":true,"href":"https:\/\/www.diariodeouropreto.com.br\/pt\/wp-json\/wp\/v2\/users\/1"}],"replies":[{"embeddable":true,"href":"https:\/\/www.diariodeouropreto.com.br\/pt\/wp-json\/wp\/v2\/comments?post=55146"}],"version-history":[{"count":2,"href":"https:\/\/www.diariodeouropreto.com.br\/pt\/wp-json\/wp\/v2\/posts\/55146\/revisions"}],"predecessor-version":[{"id":55160,"href":"https:\/\/www.diariodeouropreto.com.br\/pt\/wp-json\/wp\/v2\/posts\/55146\/revisions\/55160"}],"wp:featuredmedia":[{"embeddable":true,"href":"https:\/\/www.diariodeouropreto.com.br\/pt\/wp-json\/wp\/v2\/media\/54896"}],"wp:attachment":[{"href":"https:\/\/www.diariodeouropreto.com.br\/pt\/wp-json\/wp\/v2\/media?parent=55146"}],"wp:term":[{"taxonomy":"category","embeddable":true,"href":"https:\/\/www.diariodeouropreto.com.br\/pt\/wp-json\/wp\/v2\/categories?post=55146"},{"taxonomy":"post_tag","embeddable":true,"href":"https:\/\/www.diariodeouropreto.com.br\/pt\/wp-json\/wp\/v2\/tags?post=55146"}],"curies":[{"name":"wp","href":"https:\/\/api.w.org\/{rel}","templated":true}]}}