{"id":55144,"date":"2026-09-05T10:46:00","date_gmt":"2026-09-05T13:46:00","guid":{"rendered":"https:\/\/www.diariodeouropreto.com.br\/?p=55144"},"modified":"2026-09-05T18:20:04","modified_gmt":"2026-09-05T21:20:04","slug":"agricultores-de-santa-rita-apostam-no-cultivo-de-cogumelos-comestiveis","status":"publish","type":"post","link":"https:\/\/www.diariodeouropreto.com.br\/pt\/agricultores-de-santa-rita-apostam-no-cultivo-de-cogumelos-comestiveis\/","title":{"rendered":"Agricultores de Santa Rita apostam no cultivo de cogumelos comest\u00edveis"},"content":{"rendered":"<p class=\"wp-block-paragraph\">Agricultores do distrito de Santa Rita, em Ouro Preto, encontraram no cultivo de cogumelos uma alternativa para diversificar a produ\u00e7\u00e3o rural. H\u00e1 quase tr\u00eas anos, o casal Geralda Gonzaga e Andr\u00e9 Gonzaga, produtores do S\u00edtio do Ba\u00fa, na localidade de Bom Retiro, trabalha com o cultivo de variedades comest\u00edveis e vem estruturando a propriedade para ampliar a atividade.<br>A produ\u00e7\u00e3o \u00e9 especializada em cogumelos da fam\u00edlia Pleurotus, grupo que re\u00fane variedades de shimeji branco, cinza, salm\u00e3o e sajor-caju, al\u00e9m do hiratake, conhecido como cogumelo-ostra.<\/p>\n\n\n\n<p class=\"wp-block-paragraph\"><br>O cultivo teve in\u00edcio com o shimeji e, desde ent\u00e3o, os produtores v\u00eam ampliando seus conhecimentos e estruturando a propriedade para trabalhar com diferentes variedades. A inten\u00e7\u00e3o \u00e9 transformar o s\u00edtio em uma refer\u00eancia na produ\u00e7\u00e3o de cogumelos. \u201cA gente quer cultivar v\u00e1rios tipos de cogumelos\u201d, conta Geralda.<\/p>\n\n\n\n<p class=\"wp-block-paragraph\"><br>Um dos diferenciais do S\u00edtio do Ba\u00fa \u00e9 que as etapas do cultivo s\u00e3o realizadas dentro da pr\u00f3pria propriedade. O processo come\u00e7a com o plantio do material vegetal utilizado na formula\u00e7\u00e3o do substrato e passa pelo preparo e pela pasteuriza\u00e7\u00e3o do composto, pela inocula\u00e7\u00e3o da estrutura respons\u00e1vel pelo desenvolvimento do cogumelo, o mic\u00e9lio, e segue at\u00e9 as etapas de cultivo, colheita, sele\u00e7\u00e3o e embalagem. Segundo Andr\u00e9, uma das principais dificuldades encontradas durante o in\u00edcio da produ\u00e7\u00e3o foi encontrar a mat\u00e9ria-prima adequada para o desenvolvimento dos cogumelos.<br>\u201cEstamos aqui h\u00e1 quase tr\u00eas anos. Tivemos algumas dificuldades para encontrar a mat\u00e9ria-prima, por\u00e9m, com a ajuda da Secretaria, conseguimos sucesso na nossa produ\u00e7\u00e3o\u201d, relata.<br>De acordo com a produtora, o cultivo \u00e9 realizado sem o uso de agrot\u00f3xicos ou inseticidas. O controle das diferentes etapas tamb\u00e9m permite aos agricultores acompanhar o processo produtivo e manter um padr\u00e3o de qualidade dos cogumelos comercializados.<br>Com a produ\u00e7\u00e3o em desenvolvimento, os produtores j\u00e1 projetam os pr\u00f3ximos passos para o neg\u00f3cio. A expectativa \u00e9 ampliar a quantidade produzida e alcan\u00e7ar consumidores de outras cidades. \u201cA gente est\u00e1 com grandes expectativas de alavancar ainda mais e conseguir fornecer para outros munic\u00edpios tamb\u00e9m\u201d, afirmam os produtores.<\/p>\n\n\n\n<h4 class=\"wp-block-heading is-style-hoot-headblock1\">Apoio t\u00e9cnico e comercializa\u00e7\u00e3o<\/h4>\n\n\n\n<p class=\"wp-block-paragraph\">A iniciativa conta com o acompanhamento da Secretaria Municipal de Agropecu\u00e1ria, que oferece assist\u00eancia t\u00e9cnica aos produtores. O apoio foi importante para que o casal pudesse superar dificuldades encontradas durante o desenvolvimento da atividade.<br>Al\u00e9m da assist\u00eancia t\u00e9cnica, a Secretaria tamb\u00e9m auxiliou os agricultores na busca por alternativas para a comercializa\u00e7\u00e3o. Ap\u00f3s iniciarem a produ\u00e7\u00e3o, os produtores encontraram dificuldades para escoar os cogumelos e buscaram apoio para ampliar os canais de venda.<br>A partir disso, os agricultores passaram a participar das feiras na sede de Ouro Preto, que acontecem no bairro Bauxita, \u00e0s ter\u00e7as-feiras, e na Esta\u00e7\u00e3o, \u00e0s sextas-feiras e aos s\u00e1bados. A iniciativa possibilita a aproxima\u00e7\u00e3o entre produtores e consumidores e contribui para a divulga\u00e7\u00e3o dos cogumelos cultivados em Santa Rita.<br>Atualmente, os produtos do S\u00edtio do Ba\u00fa podem ser adquiridos diretamente com os produtores, por meio do Instagram @sitio_do_bau, al\u00e9m das feiras realizadas no munic\u00edpio.<br>A experi\u00eancia de Geralda e Andr\u00e9 mostra como a diversifica\u00e7\u00e3o pode abrir novas possibilidades para a produ\u00e7\u00e3o rural nos distritos. Com a atividade ainda em expans\u00e3o, os produtores projetam ampliar a produ\u00e7\u00e3o e levar os cogumelos cultivados no distrito para consumidores de outros munic\u00edpios.<\/p>\n\n\n\n<p class=\"wp-block-paragraph\"><br>Por: Laira Ferreira &#8211; Assessoria Prefeitura de Ouro Preto<\/p>\n\n\n\n<div id=\"152151\" class=\"advads-saneouro-2 advads-entity-placement\" style=\"margin-top: 3px;margin-bottom: 3px;margin-left: auto;margin-right: auto;text-align: center;\"><a href=\"https:\/\/www.saneouro.com.br\/\" target=\"_blank\" aria-label=\"DOP_Impresso\" data-wpel-link=\"external\" rel=\"follow external noopener noreferrer sponsored ugc\"><img src=\"https:\/\/www.diariodeouropreto.com.br\/wp-content\/uploads\/2026\/07\/DOP_Impresso.jpg\" alt=\"\"  srcset=\"https:\/\/www.diariodeouropreto.com.br\/wp-content\/uploads\/2026\/07\/DOP_Impresso.jpg 1181w, https:\/\/www.diariodeouropreto.com.br\/wp-content\/uploads\/2026\/07\/DOP_Impresso-396x396.jpg 396w, https:\/\/www.diariodeouropreto.com.br\/wp-content\/uploads\/2026\/07\/DOP_Impresso-150x150.jpg 150w, https:\/\/www.diariodeouropreto.com.br\/wp-content\/uploads\/2026\/07\/DOP_Impresso-768x768.jpg 768w, https:\/\/www.diariodeouropreto.com.br\/wp-content\/uploads\/2026\/07\/DOP_Impresso-12x12.jpg 12w, https:\/\/www.diariodeouropreto.com.br\/wp-content\/uploads\/2026\/07\/DOP_Impresso-465x465.jpg 465w, https:\/\/www.diariodeouropreto.com.br\/wp-content\/uploads\/2026\/07\/DOP_Impresso-500x500.jpg 500w\" sizes=\"(max-width: 1181px) 100vw, 1181px\" width=\"400\" height=\"400\"  style=\"display: inline-block;\" \/><\/a><\/div><p class=\"wp-block-paragraph\">Imagem: Cogumelo cultivado na Fazenda &#8211; Por: Emily Santos<\/p>","protected":false},"excerpt":{"rendered":"<p>Agricultores do distrito de Santa Rita, em Ouro Preto, encontraram no cultivo de cogumelos uma alternativa para diversificar a produ\u00e7\u00e3o rural. H\u00e1 quase tr\u00eas anos, o casal Geralda Gonzaga e Andr\u00e9 Gonzaga, produtores do S\u00edtio do Ba\u00fa, na localidade de Bom Retiro, trabalha com o cultivo de variedades comest\u00edveis e<span class=\"more-link\"><a href=\"https:\/\/www.diariodeouropreto.com.br\/pt\/agricultores-de-santa-rita-apostam-no-cultivo-de-cogumelos-comestiveis\/\" data-wpel-link=\"internal\">Continue Lendo<\/a><\/span><\/p>","protected":false},"author":1,"featured_media":55148,"comment_status":"closed","ping_status":"closed","sticky":false,"template":"","format":"standard","meta":{"_jetpack_newsletter_access":"","_jetpack_dont_email_post_to_subs":false,"_jetpack_newsletter_tier_id":0,"_jetpack_memberships_contains_paywalled_content":false,"_jetpack_feature_clip_id":0,"_jetpack_memberships_contains_paid_content":false,"footnotes":"","jetpack_publicize_message":"A iniciativa conta com o acompanhamento da Secretaria Municipal de Agropecu\u00e1ria, que oferece assist\u00eancia t\u00e9cnica aos produtores","jetpack_publicize_feature_enabled":true,"jetpack_social_post_already_shared":false,"jetpack_social_options":{"image_generator_settings":{"template":"highway","default_image_id":0,"font":"","enabled":false},"version":2},"jetpack_post_was_ever_published":false},"categories":[62],"tags":[],"class_list":["entry","author-diario","post-55144","post","type-post","status-publish","format-standard","has-post-thumbnail","category-caderno-verde"],"yoast_head":"<!-- This site is optimized with the Yoast SEO plugin v28.4 - https:\/\/yoast.com\/product\/yoast-seo-wordpress\/ -->\n<title>Agricultores de Santa Rita apostam no cultivo de cogumelos comest\u00edveis - Di\u00e1rio de Ouro Preto<\/title>\n<meta name=\"description\" content=\"A iniciativa conta com o acompanhamento da Secretaria Municipal de Agropecu\u00e1ria, que oferece assist\u00eancia t\u00e9cnica aos produtores- Agricultores de Santa Rita apostam no cultivo de cogumelos comest\u00edveis - Caderno Verde\" \/>\n<meta name=\"robots\" content=\"index, follow, max-snippet:-1, max-image-preview:large, max-video-preview:-1\" \/>\n<link rel=\"canonical\" href=\"https:\/\/www.diariodeouropreto.com.br\/pt\/agricultores-de-santa-rita-apostam-no-cultivo-de-cogumelos-comestiveis\/\" \/>\n<meta property=\"og:locale\" content=\"pt_PT\" \/>\n<meta property=\"og:type\" content=\"article\" \/>\n<meta property=\"og:title\" content=\"Agricultores de Santa Rita apostam no cultivo de cogumelos comest\u00edveis - Di\u00e1rio de Ouro Preto\" \/>\n<meta property=\"og:description\" content=\"A iniciativa conta com o acompanhamento da Secretaria Municipal de Agropecu\u00e1ria, que oferece assist\u00eancia t\u00e9cnica aos produtores- Agricultores de Santa Rita apostam no cultivo de cogumelos comest\u00edveis - Caderno Verde\" \/>\n<meta property=\"og:url\" content=\"https:\/\/www.diariodeouropreto.com.br\/pt\/agricultores-de-santa-rita-apostam-no-cultivo-de-cogumelos-comestiveis\/\" \/>\n<meta property=\"og:site_name\" content=\"Di\u00e1rio de Ouro Preto\" \/>\n<meta property=\"article:publisher\" content=\"https:\/\/www.facebook.com\/diariodeouropreto\/\" \/>\n<meta property=\"article:published_time\" content=\"2026-09-05T13:46:00+00:00\" \/>\n<meta property=\"article:modified_time\" content=\"2026-09-05T21:20:04+00:00\" \/>\n<meta property=\"og:image\" content=\"https:\/\/www.diariodeouropreto.com.br\/wp-content\/uploads\/2026\/09\/27be8b072edf8fcedb3c0043ac9ab63b-1.jpg\" \/>\n\t<meta property=\"og:image:width\" content=\"1000\" \/>\n\t<meta property=\"og:image:height\" content=\"1333\" \/>\n\t<meta property=\"og:image:type\" content=\"image\/jpeg\" \/>\n<meta name=\"author\" content=\"Di\u00e1rio de Ouro Preto\" \/>\n<meta name=\"twitter:card\" content=\"summary_large_image\" \/>\n<meta name=\"twitter:label1\" content=\"Escrito por\" \/>\n\t<meta name=\"twitter:data1\" content=\"Di\u00e1rio de Ouro Preto\" \/>\n\t<meta name=\"twitter:label2\" content=\"Tempo estimado de leitura\" \/>\n\t<meta name=\"twitter:data2\" content=\"4 minutos\" \/>\n<script type=\"application\/ld+json\" class=\"yoast-schema-graph\">{\"@context\":\"https:\\\/\\\/schema.org\",\"@graph\":[{\"@type\":\"Article\",\"@id\":\"https:\\\/\\\/www.diariodeouropreto.com.br\\\/agricultores-de-santa-rita-apostam-no-cultivo-de-cogumelos-comestiveis\\\/#article\",\"isPartOf\":{\"@id\":\"https:\\\/\\\/www.diariodeouropreto.com.br\\\/agricultores-de-santa-rita-apostam-no-cultivo-de-cogumelos-comestiveis\\\/\"},\"author\":{\"name\":\"Di\u00e1rio de Ouro Preto\",\"@id\":\"https:\\\/\\\/www.diariodeouropreto.com.br\\\/pt\\\/#\\\/schema\\\/person\\\/7654e7b471204a6dab6dc0ce6e140c99\"},\"headline\":\"Agricultores de Santa Rita apostam no cultivo de cogumelos comest\u00edveis\",\"datePublished\":\"2026-09-05T13:46:00+00:00\",\"dateModified\":\"2026-09-05T21:20:04+00:00\",\"mainEntityOfPage\":{\"@id\":\"https:\\\/\\\/www.diariodeouropreto.com.br\\\/agricultores-de-santa-rita-apostam-no-cultivo-de-cogumelos-comestiveis\\\/\"},\"wordCount\":619,\"publisher\":{\"@id\":\"https:\\\/\\\/www.diariodeouropreto.com.br\\\/pt\\\/#organization\"},\"image\":{\"@id\":\"https:\\\/\\\/www.diariodeouropreto.com.br\\\/agricultores-de-santa-rita-apostam-no-cultivo-de-cogumelos-comestiveis\\\/#primaryimage\"},\"thumbnailUrl\":\"https:\\\/\\\/www.diariodeouropreto.com.br\\\/wp-content\\\/uploads\\\/2026\\\/09\\\/27be8b072edf8fcedb3c0043ac9ab63b.jpg\",\"articleSection\":[\"Caderno Verde\"],\"inLanguage\":\"pt-PT\"},{\"@type\":\"WebPage\",\"@id\":\"https:\\\/\\\/www.diariodeouropreto.com.br\\\/agricultores-de-santa-rita-apostam-no-cultivo-de-cogumelos-comestiveis\\\/\",\"url\":\"https:\\\/\\\/www.diariodeouropreto.com.br\\\/agricultores-de-santa-rita-apostam-no-cultivo-de-cogumelos-comestiveis\\\/\",\"name\":\"Agricultores de Santa Rita apostam no cultivo de cogumelos comest\u00edveis - Di\u00e1rio de Ouro Preto\",\"isPartOf\":{\"@id\":\"https:\\\/\\\/www.diariodeouropreto.com.br\\\/pt\\\/#website\"},\"primaryImageOfPage\":{\"@id\":\"https:\\\/\\\/www.diariodeouropreto.com.br\\\/agricultores-de-santa-rita-apostam-no-cultivo-de-cogumelos-comestiveis\\\/#primaryimage\"},\"image\":{\"@id\":\"https:\\\/\\\/www.diariodeouropreto.com.br\\\/agricultores-de-santa-rita-apostam-no-cultivo-de-cogumelos-comestiveis\\\/#primaryimage\"},\"thumbnailUrl\":\"https:\\\/\\\/www.diariodeouropreto.com.br\\\/wp-content\\\/uploads\\\/2026\\\/09\\\/27be8b072edf8fcedb3c0043ac9ab63b.jpg\",\"datePublished\":\"2026-09-05T13:46:00+00:00\",\"dateModified\":\"2026-09-05T21:20:04+00:00\",\"description\":\"A iniciativa conta com o acompanhamento da Secretaria Municipal de Agropecu\u00e1ria, que oferece assist\u00eancia t\u00e9cnica aos produtores- Agricultores de Santa Rita apostam no cultivo de cogumelos comest\u00edveis - Caderno Verde\",\"breadcrumb\":{\"@id\":\"https:\\\/\\\/www.diariodeouropreto.com.br\\\/agricultores-de-santa-rita-apostam-no-cultivo-de-cogumelos-comestiveis\\\/#breadcrumb\"},\"inLanguage\":\"pt-PT\",\"potentialAction\":[{\"@type\":\"ReadAction\",\"target\":[\"https:\\\/\\\/www.diariodeouropreto.com.br\\\/agricultores-de-santa-rita-apostam-no-cultivo-de-cogumelos-comestiveis\\\/\"]}]},{\"@type\":\"ImageObject\",\"inLanguage\":\"pt-PT\",\"@id\":\"https:\\\/\\\/www.diariodeouropreto.com.br\\\/agricultores-de-santa-rita-apostam-no-cultivo-de-cogumelos-comestiveis\\\/#primaryimage\",\"url\":\"https:\\\/\\\/www.diariodeouropreto.com.br\\\/wp-content\\\/uploads\\\/2026\\\/09\\\/27be8b072edf8fcedb3c0043ac9ab63b.jpg\",\"contentUrl\":\"https:\\\/\\\/www.diariodeouropreto.com.br\\\/wp-content\\\/uploads\\\/2026\\\/09\\\/27be8b072edf8fcedb3c0043ac9ab63b.jpg\",\"width\":1125,\"height\":1500},{\"@type\":\"BreadcrumbList\",\"@id\":\"https:\\\/\\\/www.diariodeouropreto.com.br\\\/agricultores-de-santa-rita-apostam-no-cultivo-de-cogumelos-comestiveis\\\/#breadcrumb\",\"itemListElement\":[{\"@type\":\"ListItem\",\"position\":1,\"name\":\"In\u00edcio\",\"item\":\"https:\\\/\\\/www.diariodeouropreto.com.br\\\/pt\\\/\"},{\"@type\":\"ListItem\",\"position\":2,\"name\":\"Agricultores de Santa Rita apostam no cultivo de cogumelos comest\u00edveis\"}]},{\"@type\":\"WebSite\",\"@id\":\"https:\\\/\\\/www.diariodeouropreto.com.br\\\/pt\\\/#website\",\"url\":\"https:\\\/\\\/www.diariodeouropreto.com.br\\\/pt\\\/\",\"name\":\"Di\u00e1rio de Ouro Preto\",\"description\":\"Not\u00edcias Ouro Preto; Mariana;Minas Gerais;Jornal;Jornalismo;Not\u00edcias;\",\"publisher\":{\"@id\":\"https:\\\/\\\/www.diariodeouropreto.com.br\\\/pt\\\/#organization\"},\"alternateName\":\"Jornal di\u00e1rio de Ouro Preto\",\"potentialAction\":[{\"@type\":\"SearchAction\",\"target\":{\"@type\":\"EntryPoint\",\"urlTemplate\":\"https:\\\/\\\/www.diariodeouropreto.com.br\\\/pt\\\/?s={search_term_string}\"},\"query-input\":{\"@type\":\"PropertyValueSpecification\",\"valueRequired\":true,\"valueName\":\"search_term_string\"}}],\"inLanguage\":\"pt-PT\"},{\"@type\":\"Organization\",\"@id\":\"https:\\\/\\\/www.diariodeouropreto.com.br\\\/pt\\\/#organization\",\"name\":\"Di\u00e1rio de Ouro Preto\",\"alternateName\":\"Jornal di\u00e1rio Ouro Preto\",\"url\":\"https:\\\/\\\/www.diariodeouropreto.com.br\\\/pt\\\/\",\"logo\":{\"@type\":\"ImageObject\",\"inLanguage\":\"pt-PT\",\"@id\":\"https:\\\/\\\/www.diariodeouropreto.com.br\\\/pt\\\/#\\\/schema\\\/logo\\\/image\\\/\",\"url\":\"https:\\\/\\\/www.diariodeouropreto.com.br\\\/wp-content\\\/uploads\\\/2019\\\/06\\\/cropped-logotransp-2.png\",\"contentUrl\":\"https:\\\/\\\/www.diariodeouropreto.com.br\\\/wp-content\\\/uploads\\\/2019\\\/06\\\/cropped-logotransp-2.png\",\"width\":1323,\"height\":251,\"caption\":\"Di\u00e1rio de Ouro Preto\"},\"image\":{\"@id\":\"https:\\\/\\\/www.diariodeouropreto.com.br\\\/pt\\\/#\\\/schema\\\/logo\\\/image\\\/\"},\"sameAs\":[\"https:\\\/\\\/www.facebook.com\\\/diariodeouropreto\\\/\"]},{\"@type\":\"Person\",\"@id\":\"https:\\\/\\\/www.diariodeouropreto.com.br\\\/pt\\\/#\\\/schema\\\/person\\\/7654e7b471204a6dab6dc0ce6e140c99\",\"name\":\"Di\u00e1rio de Ouro Preto\",\"sameAs\":[\"http:\\\/\\\/www.diariodeouropreto.com.br\"],\"url\":\"https:\\\/\\\/www.diariodeouropreto.com.br\\\/pt\\\/author\\\/diario\\\/\"}]}<\/script>\n<!-- \/ Yoast SEO plugin. -->","yoast_head_json":{"title":"Agricultores de Santa Rita apostam no cultivo de cogumelos comest\u00edveis - Di\u00e1rio de Ouro Preto","description":"A iniciativa conta com o acompanhamento da Secretaria Municipal de Agropecu\u00e1ria, que oferece assist\u00eancia t\u00e9cnica aos produtores- Agricultores de Santa Rita apostam no cultivo de cogumelos comest\u00edveis - Caderno Verde","robots":{"index":"index","follow":"follow","max-snippet":"max-snippet:-1","max-image-preview":"max-image-preview:large","max-video-preview":"max-video-preview:-1"},"canonical":"https:\/\/www.diariodeouropreto.com.br\/pt\/agricultores-de-santa-rita-apostam-no-cultivo-de-cogumelos-comestiveis\/","og_locale":"pt_PT","og_type":"article","og_title":"Agricultores de Santa Rita apostam no cultivo de cogumelos comest\u00edveis - Di\u00e1rio de Ouro Preto","og_description":"A iniciativa conta com o acompanhamento da Secretaria Municipal de Agropecu\u00e1ria, que oferece assist\u00eancia t\u00e9cnica aos produtores- Agricultores de Santa Rita apostam no cultivo de cogumelos comest\u00edveis - Caderno Verde","og_url":"https:\/\/www.diariodeouropreto.com.br\/pt\/agricultores-de-santa-rita-apostam-no-cultivo-de-cogumelos-comestiveis\/","og_site_name":"Di\u00e1rio de Ouro Preto","article_publisher":"https:\/\/www.facebook.com\/diariodeouropreto\/","article_published_time":"2026-09-05T13:46:00+00:00","article_modified_time":"2026-09-05T21:20:04+00:00","og_image":[{"width":1000,"height":1333,"url":"https:\/\/www.diariodeouropreto.com.br\/wp-content\/uploads\/2026\/09\/27be8b072edf8fcedb3c0043ac9ab63b-1.jpg","type":"image\/jpeg"}],"author":"Di\u00e1rio de Ouro Preto","twitter_card":"summary_large_image","twitter_misc":{"Escrito por":"Di\u00e1rio de Ouro Preto","Tempo estimado de leitura":"4 minutos"},"schema":{"@context":"https:\/\/schema.org","@graph":[{"@type":"Article","@id":"https:\/\/www.diariodeouropreto.com.br\/agricultores-de-santa-rita-apostam-no-cultivo-de-cogumelos-comestiveis\/#article","isPartOf":{"@id":"https:\/\/www.diariodeouropreto.com.br\/agricultores-de-santa-rita-apostam-no-cultivo-de-cogumelos-comestiveis\/"},"author":{"name":"Di\u00e1rio de Ouro Preto","@id":"https:\/\/www.diariodeouropreto.com.br\/pt\/#\/schema\/person\/7654e7b471204a6dab6dc0ce6e140c99"},"headline":"Agricultores de Santa Rita apostam no cultivo de cogumelos comest\u00edveis","datePublished":"2026-09-05T13:46:00+00:00","dateModified":"2026-09-05T21:20:04+00:00","mainEntityOfPage":{"@id":"https:\/\/www.diariodeouropreto.com.br\/agricultores-de-santa-rita-apostam-no-cultivo-de-cogumelos-comestiveis\/"},"wordCount":619,"publisher":{"@id":"https:\/\/www.diariodeouropreto.com.br\/pt\/#organization"},"image":{"@id":"https:\/\/www.diariodeouropreto.com.br\/agricultores-de-santa-rita-apostam-no-cultivo-de-cogumelos-comestiveis\/#primaryimage"},"thumbnailUrl":"https:\/\/www.diariodeouropreto.com.br\/wp-content\/uploads\/2026\/09\/27be8b072edf8fcedb3c0043ac9ab63b.jpg","articleSection":["Caderno Verde"],"inLanguage":"pt-PT"},{"@type":"WebPage","@id":"https:\/\/www.diariodeouropreto.com.br\/agricultores-de-santa-rita-apostam-no-cultivo-de-cogumelos-comestiveis\/","url":"https:\/\/www.diariodeouropreto.com.br\/agricultores-de-santa-rita-apostam-no-cultivo-de-cogumelos-comestiveis\/","name":"Agricultores de Santa Rita apostam no cultivo de cogumelos comest\u00edveis - Di\u00e1rio de Ouro Preto","isPartOf":{"@id":"https:\/\/www.diariodeouropreto.com.br\/pt\/#website"},"primaryImageOfPage":{"@id":"https:\/\/www.diariodeouropreto.com.br\/agricultores-de-santa-rita-apostam-no-cultivo-de-cogumelos-comestiveis\/#primaryimage"},"image":{"@id":"https:\/\/www.diariodeouropreto.com.br\/agricultores-de-santa-rita-apostam-no-cultivo-de-cogumelos-comestiveis\/#primaryimage"},"thumbnailUrl":"https:\/\/www.diariodeouropreto.com.br\/wp-content\/uploads\/2026\/09\/27be8b072edf8fcedb3c0043ac9ab63b.jpg","datePublished":"2026-09-05T13:46:00+00:00","dateModified":"2026-09-05T21:20:04+00:00","description":"A iniciativa conta com o acompanhamento da Secretaria Municipal de Agropecu\u00e1ria, que oferece assist\u00eancia t\u00e9cnica aos produtores- Agricultores de Santa Rita apostam no cultivo de cogumelos comest\u00edveis - Caderno Verde","breadcrumb":{"@id":"https:\/\/www.diariodeouropreto.com.br\/agricultores-de-santa-rita-apostam-no-cultivo-de-cogumelos-comestiveis\/#breadcrumb"},"inLanguage":"pt-PT","potentialAction":[{"@type":"ReadAction","target":["https:\/\/www.diariodeouropreto.com.br\/agricultores-de-santa-rita-apostam-no-cultivo-de-cogumelos-comestiveis\/"]}]},{"@type":"ImageObject","inLanguage":"pt-PT","@id":"https:\/\/www.diariodeouropreto.com.br\/agricultores-de-santa-rita-apostam-no-cultivo-de-cogumelos-comestiveis\/#primaryimage","url":"https:\/\/www.diariodeouropreto.com.br\/wp-content\/uploads\/2026\/09\/27be8b072edf8fcedb3c0043ac9ab63b.jpg","contentUrl":"https:\/\/www.diariodeouropreto.com.br\/wp-content\/uploads\/2026\/09\/27be8b072edf8fcedb3c0043ac9ab63b.jpg","width":1125,"height":1500},{"@type":"BreadcrumbList","@id":"https:\/\/www.diariodeouropreto.com.br\/agricultores-de-santa-rita-apostam-no-cultivo-de-cogumelos-comestiveis\/#breadcrumb","itemListElement":[{"@type":"ListItem","position":1,"name":"In\u00edcio","item":"https:\/\/www.diariodeouropreto.com.br\/pt\/"},{"@type":"ListItem","position":2,"name":"Agricultores de Santa Rita apostam no cultivo de cogumelos comest\u00edveis"}]},{"@type":"WebSite","@id":"https:\/\/www.diariodeouropreto.com.br\/pt\/#website","url":"https:\/\/www.diariodeouropreto.com.br\/pt\/","name":"Di\u00e1rio de Ouro Preto","description":"Not\u00edcias Ouro Preto; Mariana;Minas Gerais;Jornal;Jornalismo;Not\u00edcias;","publisher":{"@id":"https:\/\/www.diariodeouropreto.com.br\/pt\/#organization"},"alternateName":"Jornal di\u00e1rio de Ouro Preto","potentialAction":[{"@type":"SearchAction","target":{"@type":"EntryPoint","urlTemplate":"https:\/\/www.diariodeouropreto.com.br\/pt\/?s={search_term_string}"},"query-input":{"@type":"PropertyValueSpecification","valueRequired":true,"valueName":"search_term_string"}}],"inLanguage":"pt-PT"},{"@type":"Organization","@id":"https:\/\/www.diariodeouropreto.com.br\/pt\/#organization","name":"Di\u00e1rio de Ouro Preto","alternateName":"Jornal di\u00e1rio Ouro Preto","url":"https:\/\/www.diariodeouropreto.com.br\/pt\/","logo":{"@type":"ImageObject","inLanguage":"pt-PT","@id":"https:\/\/www.diariodeouropreto.com.br\/pt\/#\/schema\/logo\/image\/","url":"https:\/\/www.diariodeouropreto.com.br\/wp-content\/uploads\/2019\/06\/cropped-logotransp-2.png","contentUrl":"https:\/\/www.diariodeouropreto.com.br\/wp-content\/uploads\/2019\/06\/cropped-logotransp-2.png","width":1323,"height":251,"caption":"Di\u00e1rio de Ouro Preto"},"image":{"@id":"https:\/\/www.diariodeouropreto.com.br\/pt\/#\/schema\/logo\/image\/"},"sameAs":["https:\/\/www.facebook.com\/diariodeouropreto\/"]},{"@type":"Person","@id":"https:\/\/www.diariodeouropreto.com.br\/pt\/#\/schema\/person\/7654e7b471204a6dab6dc0ce6e140c99","name":"Di\u00e1rio de Ouro Preto","sameAs":["http:\/\/www.diariodeouropreto.com.br"],"url":"https:\/\/www.diariodeouropreto.com.br\/pt\/author\/diario\/"}]}},"jetpack_publicize_connections":[],"jetpack-related-posts":[{"id":4355,"url":"https:\/\/www.diariodeouropreto.com.br\/pt\/mudas-nativas-cultivadas-por-produtores-rurais-reflorestam-a-bacia-do-rio-doce\/","url_meta":{"origin":55144,"position":0},"title":"Mudas nativas  cultivadas por produtores rurais reflorestam a bacia do rio Doce","author":"Di\u00e1rio de Ouro Preto","date":"22 de Julho de 2020","format":false,"excerpt":"O cultivo de mudas de esp\u00e9cies nativas para auxiliar no reflorestamento de \u00e1reas atingidas pelos rejeitos do rompimento da barragem de Fund\u00e3o \u00e9 a nova atividade de quatro agricultores de Mariana (MG) e Barra Longa (MG). Viabilizada pela Funda\u00e7\u00e3o Renova por meio do Ater Viveiros Familiares, a implanta\u00e7\u00e3o dos viveiros\u2026","rel":"","context":"In &quot;Caderno Verde&quot;","block_context":{"text":"Caderno Verde","link":"https:\/\/www.diariodeouropreto.com.br\/pt\/Editoria\/caderno-verde\/"},"img":{"alt_text":"","src":"https:\/\/i0.wp.com\/www.diariodeouropreto.com.br\/wp-content\/uploads\/2020\/07\/Mudas-para-reflorestamento-_-Cr%C3%A9dito-Nitro.jpeg?resize=350%2C200&ssl=1","width":350,"height":200,"srcset":"https:\/\/i0.wp.com\/www.diariodeouropreto.com.br\/wp-content\/uploads\/2020\/07\/Mudas-para-reflorestamento-_-Cr%C3%A9dito-Nitro.jpeg?resize=350%2C200&ssl=1 1x, https:\/\/i0.wp.com\/www.diariodeouropreto.com.br\/wp-content\/uploads\/2020\/07\/Mudas-para-reflorestamento-_-Cr%C3%A9dito-Nitro.jpeg?resize=525%2C300&ssl=1 1.5x, https:\/\/i0.wp.com\/www.diariodeouropreto.com.br\/wp-content\/uploads\/2020\/07\/Mudas-para-reflorestamento-_-Cr%C3%A9dito-Nitro.jpeg?resize=700%2C400&ssl=1 2x, https:\/\/i0.wp.com\/www.diariodeouropreto.com.br\/wp-content\/uploads\/2020\/07\/Mudas-para-reflorestamento-_-Cr%C3%A9dito-Nitro.jpeg?resize=1050%2C600&ssl=1 3x"},"classes":[]},{"id":32385,"url":"https:\/\/www.diariodeouropreto.com.br\/pt\/cesta-basica-nacional-tera-15-alimentos-com-imposto-zerado\/","url_meta":{"origin":55144,"position":1},"title":"Cesta b\u00e1sica nacional ter\u00e1 15 alimentos com imposto zerado","author":"Di\u00e1rio de Ouro Preto","date":"25 de Abril de 2024","format":false,"excerpt":"Quinze alimentos\u00a0in natura\u00a0ou pouco industrializados v\u00e3o compor a cesta b\u00e1sica nacional e pagar imposto zero, com a reforma tribut\u00e1ria. O projeto de lei complementar que regulamenta o tema,\u00a0enviado na noite desta quarta-feira\u00a0(24) ao Congresso, trouxe ainda 14 produtos com al\u00edquota reduzida em 60%. Na justificativa do projeto, o governo informou\u2026","rel":"","context":"In &quot;Brasil&quot;","block_context":{"text":"Brasil","link":"https:\/\/www.diariodeouropreto.com.br\/pt\/Editoria\/brasil\/"},"img":{"alt_text":"","src":"https:\/\/i0.wp.com\/www.diariodeouropreto.com.br\/wp-content\/uploads\/2024\/04\/20200330_agb_produtos13.webp?resize=350%2C200&ssl=1","width":350,"height":200,"srcset":"https:\/\/i0.wp.com\/www.diariodeouropreto.com.br\/wp-content\/uploads\/2024\/04\/20200330_agb_produtos13.webp?resize=350%2C200&ssl=1 1x, https:\/\/i0.wp.com\/www.diariodeouropreto.com.br\/wp-content\/uploads\/2024\/04\/20200330_agb_produtos13.webp?resize=525%2C300&ssl=1 1.5x, https:\/\/i0.wp.com\/www.diariodeouropreto.com.br\/wp-content\/uploads\/2024\/04\/20200330_agb_produtos13.webp?resize=700%2C400&ssl=1 2x, https:\/\/i0.wp.com\/www.diariodeouropreto.com.br\/wp-content\/uploads\/2024\/04\/20200330_agb_produtos13.webp?resize=1050%2C600&ssl=1 3x"},"classes":[]},{"id":5108,"url":"https:\/\/www.diariodeouropreto.com.br\/pt\/produtores-de-rio-casca-dobram-safra-de-feijao-e-conquistam-comercializacao-nacional\/","url_meta":{"origin":55144,"position":2},"title":"Produtores de Rio Casca dobram safra de feij\u00e3o e conquistam comercializa\u00e7\u00e3o nacional","author":"Di\u00e1rio de Ouro Preto","date":"30 de Setembro de 2020","format":false,"excerpt":"Rio Casca - Cerca de 30 fam\u00edlias de pequenos produtores de feij\u00e3o das comunidades de Rochedo, C\u00f3rrego Preto e Leonel, na zona rural de Rio Casca, na Zona da Mata, registraram avan\u00e7o na safra de 2020. Investimentos em assessoria t\u00e9cnica e fornecimento de insumos para o plantio garantiram a colheita\u2026","rel":"","context":"In &quot;Cidades&quot;","block_context":{"text":"Cidades","link":"https:\/\/www.diariodeouropreto.com.br\/pt\/Editoria\/cidades\/"},"img":{"alt_text":"","src":"https:\/\/i0.wp.com\/www.diariodeouropreto.com.br\/wp-content\/uploads\/2020\/09\/20200902NI0824-scaled-e1601495788838.jpg?resize=350%2C200&ssl=1","width":350,"height":200,"srcset":"https:\/\/i0.wp.com\/www.diariodeouropreto.com.br\/wp-content\/uploads\/2020\/09\/20200902NI0824-scaled-e1601495788838.jpg?resize=350%2C200&ssl=1 1x, https:\/\/i0.wp.com\/www.diariodeouropreto.com.br\/wp-content\/uploads\/2020\/09\/20200902NI0824-scaled-e1601495788838.jpg?resize=525%2C300&ssl=1 1.5x, https:\/\/i0.wp.com\/www.diariodeouropreto.com.br\/wp-content\/uploads\/2020\/09\/20200902NI0824-scaled-e1601495788838.jpg?resize=700%2C400&ssl=1 2x, https:\/\/i0.wp.com\/www.diariodeouropreto.com.br\/wp-content\/uploads\/2020\/09\/20200902NI0824-scaled-e1601495788838.jpg?resize=1050%2C600&ssl=1 3x"},"classes":[]},{"id":7909,"url":"https:\/\/www.diariodeouropreto.com.br\/pt\/avancos-na-reparacao-veja-as-principais-acoes-da-fundacao-renova-na-bacia-do-rio-doce\/","url_meta":{"origin":55144,"position":3},"title":"Avan\u00e7os na Repara\u00e7\u00e3o: Veja as principais a\u00e7\u00f5es da Funda\u00e7\u00e3o Renova na bacia do rio Doce","author":"Di\u00e1rio de Ouro Preto","date":"3 de Maio de 2021","format":false,"excerpt":"At\u00e9 mar\u00e7o de 2021, o Programa de Coleta e Tratamento de Esgoto e Destina\u00e7\u00e3o de Res\u00edduos S\u00f3lidos da Funda\u00e7\u00e3o Renova repassou R$ 22,3 milh\u00f5es para custear a\u00e7\u00f5es de esgotamento sanit\u00e1rio e destina\u00e7\u00e3o de res\u00edduos s\u00f3lidos em 24 localidades de Minas Gerais e do Esp\u00edrito Santo, al\u00e9m do Cons\u00f3rcio Intermunicipal Multissetorial\u2026","rel":"","context":"In &quot;Cidades&quot;","block_context":{"text":"Cidades","link":"https:\/\/www.diariodeouropreto.com.br\/pt\/Editoria\/cidades\/"},"img":{"alt_text":"","src":"","width":0,"height":0},"classes":[]},{"id":25321,"url":"https:\/\/www.diariodeouropreto.com.br\/pt\/policia-militar-ambiental-apreende-maconha-cultivada-em-sitio-na-zona-rural-de-ouro-preto\/","url_meta":{"origin":55144,"position":4},"title":"Pol\u00edcia Militar Ambiental apreende maconha cultivada em s\u00edtio na zona rural de Ouro Preto","author":"Di\u00e1rio de Ouro Preto","date":"5 de Setembro de 2023","format":false,"excerpt":"Durante atendimento de den\u00fancia de garimpo ilegal de top\u00e1zio imperial, na localidade de Moraes, na zona Rural de Ouro Preto, ao tentar localizar o local do garimpo policiais constataram o cultivo e plantio de maconha ao passar pelo S\u00edtio Benezinho- Arranchado. Foram encontrados 34 p\u00e9s de planta cannabis sativa (maconha),\u2026","rel":"","context":"In &quot;Policial&quot;","block_context":{"text":"Policial","link":"https:\/\/www.diariodeouropreto.com.br\/pt\/Editoria\/policial\/"},"img":{"alt_text":"","src":"https:\/\/i0.wp.com\/www.diariodeouropreto.com.br\/wp-content\/uploads\/2023\/09\/Imagem-do-WhatsApp-de-2023-09-05-as-18.11.20.jpg?resize=350%2C200&ssl=1","width":350,"height":200,"srcset":"https:\/\/i0.wp.com\/www.diariodeouropreto.com.br\/wp-content\/uploads\/2023\/09\/Imagem-do-WhatsApp-de-2023-09-05-as-18.11.20.jpg?resize=350%2C200&ssl=1 1x, https:\/\/i0.wp.com\/www.diariodeouropreto.com.br\/wp-content\/uploads\/2023\/09\/Imagem-do-WhatsApp-de-2023-09-05-as-18.11.20.jpg?resize=525%2C300&ssl=1 1.5x, https:\/\/i0.wp.com\/www.diariodeouropreto.com.br\/wp-content\/uploads\/2023\/09\/Imagem-do-WhatsApp-de-2023-09-05-as-18.11.20.jpg?resize=700%2C400&ssl=1 2x, https:\/\/i0.wp.com\/www.diariodeouropreto.com.br\/wp-content\/uploads\/2023\/09\/Imagem-do-WhatsApp-de-2023-09-05-as-18.11.20.jpg?resize=1050%2C600&ssl=1 3x"},"classes":[]},{"id":22120,"url":"https:\/\/www.diariodeouropreto.com.br\/pt\/municipio-entrega-nova-sede-para-coopafor-em-santa-rita-de-ouro-preto\/","url_meta":{"origin":55144,"position":5},"title":"Munic\u00edpio entrega nova sede para Coopafor em Santa Rita de Ouro Preto","author":"Di\u00e1rio de Ouro Preto","date":"3 de Abril de 2023","format":false,"excerpt":"A Cooperativa da Agricultura Familiar de Ouro Preto e Regi\u00e3o recebeu do Munic\u00edpio um galp\u00e3o que dinamizar a produ\u00e7\u00e3o da entidade de re\u00fane 52 associados. O espa\u00e7o que \u00e9 amplo conta com banheiro, uma c\u00e2mara frigor\u00edfica ser\u00e1 a sede da institui\u00e7\u00e3o. Na parte externa uma rampa garante o acesso e\u2026","rel":"","context":"In &quot;Ouro Preto&quot;","block_context":{"text":"Ouro Preto","link":"https:\/\/www.diariodeouropreto.com.br\/pt\/Editoria\/ouro-preto\/"},"img":{"alt_text":"","src":"https:\/\/i0.wp.com\/www.diariodeouropreto.com.br\/wp-content\/uploads\/2023\/04\/WhatsApp-Image-2023-04-02-at-17.59.16.jpeg?resize=350%2C200&ssl=1","width":350,"height":200,"srcset":"https:\/\/i0.wp.com\/www.diariodeouropreto.com.br\/wp-content\/uploads\/2023\/04\/WhatsApp-Image-2023-04-02-at-17.59.16.jpeg?resize=350%2C200&ssl=1 1x, https:\/\/i0.wp.com\/www.diariodeouropreto.com.br\/wp-content\/uploads\/2023\/04\/WhatsApp-Image-2023-04-02-at-17.59.16.jpeg?resize=525%2C300&ssl=1 1.5x, https:\/\/i0.wp.com\/www.diariodeouropreto.com.br\/wp-content\/uploads\/2023\/04\/WhatsApp-Image-2023-04-02-at-17.59.16.jpeg?resize=700%2C400&ssl=1 2x, https:\/\/i0.wp.com\/www.diariodeouropreto.com.br\/wp-content\/uploads\/2023\/04\/WhatsApp-Image-2023-04-02-at-17.59.16.jpeg?resize=1050%2C600&ssl=1 3x"},"classes":[]}],"jetpack_sharing_enabled":true,"amp_enabled":true,"jetpack_featured_media_url":"https:\/\/www.diariodeouropreto.com.br\/wp-content\/uploads\/2026\/09\/27be8b072edf8fcedb3c0043ac9ab63b.jpg","_links":{"self":[{"href":"https:\/\/www.diariodeouropreto.com.br\/pt\/wp-json\/wp\/v2\/posts\/55144","targetHints":{"allow":["GET"]}}],"collection":[{"href":"https:\/\/www.diariodeouropreto.com.br\/pt\/wp-json\/wp\/v2\/posts"}],"about":[{"href":"https:\/\/www.diariodeouropreto.com.br\/pt\/wp-json\/wp\/v2\/types\/post"}],"author":[{"embeddable":true,"href":"https:\/\/www.diariodeouropreto.com.br\/pt\/wp-json\/wp\/v2\/users\/1"}],"replies":[{"embeddable":true,"href":"https:\/\/www.diariodeouropreto.com.br\/pt\/wp-json\/wp\/v2\/comments?post=55144"}],"version-history":[{"count":1,"href":"https:\/\/www.diariodeouropreto.com.br\/pt\/wp-json\/wp\/v2\/posts\/55144\/revisions"}],"predecessor-version":[{"id":55149,"href":"https:\/\/www.diariodeouropreto.com.br\/pt\/wp-json\/wp\/v2\/posts\/55144\/revisions\/55149"}],"wp:featuredmedia":[{"embeddable":true,"href":"https:\/\/www.diariodeouropreto.com.br\/pt\/wp-json\/wp\/v2\/media\/55148"}],"wp:attachment":[{"href":"https:\/\/www.diariodeouropreto.com.br\/pt\/wp-json\/wp\/v2\/media?parent=55144"}],"wp:term":[{"taxonomy":"category","embeddable":true,"href":"https:\/\/www.diariodeouropreto.com.br\/pt\/wp-json\/wp\/v2\/categories?post=55144"},{"taxonomy":"post_tag","embeddable":true,"href":"https:\/\/www.diariodeouropreto.com.br\/pt\/wp-json\/wp\/v2\/tags?post=55144"}],"curies":[{"name":"wp","href":"https:\/\/api.w.org\/{rel}","templated":true}]}}