{"id":55128,"date":"2026-09-04T12:51:40","date_gmt":"2026-09-04T15:51:40","guid":{"rendered":"https:\/\/www.diariodeouropreto.com.br\/?p=55128"},"modified":"2026-09-04T12:51:51","modified_gmt":"2026-09-04T15:51:51","slug":"ecoturismo-ganha-ferramenta-para-orientar-turistas-as-cachoeiras-do-alto-rio-das-velhas","status":"publish","type":"post","link":"https:\/\/www.diariodeouropreto.com.br\/pt\/ecoturismo-ganha-ferramenta-para-orientar-turistas-as-cachoeiras-do-alto-rio-das-velhas\/","title":{"rendered":"Ecoturismo ganha ferramenta para orientar turistas \u00e0s cachoeiras do Alto Rio das Velhas"},"content":{"rendered":"<p class=\"wp-block-paragraph\">Acurui &#8211; O Projeto de Desenvolvimento Territorial e Ecoturismo Sustent\u00e1vel do alto Rio das Velhas entregou ontem o resultado do diagn\u00f3stico comunit\u00e1rio das propriedades e das cachoeiras da regi\u00e3o do alto Rio das Velhas entre Acuru\u00ed e S\u00e3o Bartolomeu.<\/p>\n\n\n\n<p class=\"wp-block-paragraph\"><br>A apresenta\u00e7\u00e3o do aplicativo, que monitora as cachoeiras orientando os acessos e promovendo o aumento das visita\u00e7\u00f5es, foi realizada no restaurante Cantana da Serra, contou com presen\u00e7a dos moradores e dos empreendedores do ecoturismo na regi\u00e3o, tamb\u00e9m participaram o secret\u00e1rio de meio Ambiente de Itabirito, Frederico Arthur Souza, o Diretor de parques e \u00e1reas protegidas de Ouro Preto, Pedro Rodrigues, que representou o secret\u00e1rio de meio ambiente.<br>Quem nunca acordou num s\u00e1bado de sol e pensou em ir em busca de uma cachoeira? Agora o ecoturismo na regi\u00e3o do alto Rio das Velhas tem uma ferramenta, um aplicativo para todos conhecerem as trilhas das cachoeiras dos distritos de Acuru\u00ed e Cristal, em Itabirito, na localidade de Maracuj\u00e1, nos distritos de Glaura, S\u00e3o Bartolomeu, Amarantina e Cachoeira do Campo. Acesse o APP pelo link <a href=\"https:\/\/projeto-ecoturismo.vercel.app\/pt\" data-wpel-link=\"external\" target=\"_blank\" rel=\"follow external noopener noreferrer sponsored ugc\">https:\/\/projeto-ecoturismo.vercel.app\/pt<\/a>.<\/p>\n\n\n\n<p class=\"wp-block-paragraph\"><br>As trilhas est\u00e3o sinalizadas como preconiza a a Norma ABNT NBR 15505-2, padr\u00e3o oficial brasileiro para Turismo de Aventura, adotado pelo ICMBio para classificar trilhas em unidades de conserva\u00e7\u00e3o federais em todo o pa\u00eds. A norma n\u00e3o atribui uma nota \u00fanica \u00e0 trilha: cada percurso recebe quatro classifica\u00e7\u00f5es independentes, avaliadas separadamente:<\/p>\n\n\n\n<ul class=\"wp-block-list\">\n<li>Esfor\u00e7o f\u00edsico \u2014 calculado pelo tempo estimado de percurso, considerando a influ\u00eancia do tipo de piso na velocidade de caminhada;<\/li>\n\n\n\n<li> Condi\u00e7\u00f5es de terreno \u2014 tipos de piso e obst\u00e1culos presentes no percurso;<\/li>\n<\/ul>\n\n\n\n<ul class=\"wp-block-list\">\n<li>Severidade do meio \u2014 isolamento e exposi\u00e7\u00e3o a riscos do ambiente;<\/li>\n<\/ul>\n\n\n\n<ul class=\"wp-block-list\">\n<li>Orienta\u00e7\u00e3o \u2014 facilidade de navega\u00e7\u00e3o, sinaliza\u00e7\u00e3o, refer\u00eancias e clareza do percurso<\/li>\n<\/ul>\n\n\n\n<p class=\"wp-block-paragraph\">Daniel Mira Felicioni, Gestor da Geomagna, explicou que o objetivo da proposta \u00e9 unir a preserva\u00e7\u00e3o ambiental com o turismo comunit\u00e1rio, valorizando as comunidades do territ\u00f3rio. Ele explicou que na primeira etapa se reuniu com cada comunidade para apresentar o projeto e ouvir a opini\u00e3o, as ideias, as possibilidades e os problemas. A segunda etapa foi de campo, com o geoprocessamento utilizado para o mapeamento das trilhas para as cachoeiras.<br>Daniel comentou que durante o mapeamento das \u00e1reas foram encontradas ru\u00ednas hist\u00f3ricas, como aquedutos, que segundo ele, mesmo frequentando a regi\u00e3o por 7 anos, ainda n\u00e3o conhecia. Agora est\u00e1 dispon\u00edvel para o p\u00fablico.<\/p>\n\n\n\n<p class=\"wp-block-paragraph\">A plataforma re\u00fane fichas de atrativos com fotos, descri\u00e7\u00e3o e bot\u00e3o de mapa com tra\u00e7ado de rota das trilhas direto no celular do visitante, al\u00e9m de um diret\u00f3rio de com\u00e9rcios pesquis\u00e1veis por categoria (hospedagem, restaurantes e com\u00e9rcio tur\u00edstico), com contato, localiza\u00e7\u00e3o e site de cada estabelecimento. Um painel administrativo permite \u00e0 equipe do projeto adicionar, editar e remover itens de forma aut\u00f4noma, sem necessidade de conhecimento t\u00e9cnico, mantendo o conte\u00fado sempre atualizado. A plataforma \u00e9 responsiva \u2014 pensada para uso em celular, tablet e computador, priorizando o turista em campo.<\/p>\n\n\n\n<p class=\"wp-block-paragraph\"><br>No pr\u00f3ximo dia 18, o passeio de caiaque com a comunidade, encerrando o calend\u00e1rio de atividades presenciais do projeto.<\/p>\n\n\n\n<p class=\"wp-block-paragraph\"><br><\/p>\n\n\n\n<div class=\"wp-block-columns is-layout-flex wp-container-core-columns-is-layout-8f761849 wp-block-columns-is-layout-flex\">\n<div class=\"wp-block-column is-layout-flow wp-block-column-is-layout-flow\">\n<figure class=\"wp-block-image size-full\"><img decoding=\"async\" width=\"1086\" height=\"1448\" data-attachment-id=\"55131\" data-permalink=\"https:\/\/www.diariodeouropreto.com.br\/pt\/ecoturismo-ganha-ferramenta-para-orientar-turistas-as-cachoeiras-do-alto-rio-das-velhas\/whatsapp-image-2026-09-03-at-17-27-41\/\" data-orig-file=\"https:\/\/www.diariodeouropreto.com.br\/wp-content\/uploads\/2026\/09\/WhatsApp-Image-2026-09-03-at-17.27.41.jpeg\" data-orig-size=\"1086,1448\" data-comments-opened=\"0\" data-image-meta=\"{&quot;aperture&quot;:&quot;0&quot;,&quot;credit&quot;:&quot;&quot;,&quot;camera&quot;:&quot;&quot;,&quot;caption&quot;:&quot;&quot;,&quot;created_timestamp&quot;:&quot;0&quot;,&quot;copyright&quot;:&quot;&quot;,&quot;focal_length&quot;:&quot;0&quot;,&quot;iso&quot;:&quot;0&quot;,&quot;shutter_speed&quot;:&quot;0&quot;,&quot;title&quot;:&quot;&quot;,&quot;orientation&quot;:&quot;0&quot;,&quot;alt&quot;:&quot;&quot;}\" data-image-title=\"WhatsApp Image 2026-09-03 at 17.27.41\" data-image-description=\"\" data-image-caption=\"\" data-large-file=\"https:\/\/www.diariodeouropreto.com.br\/wp-content\/uploads\/2026\/09\/WhatsApp-Image-2026-09-03-at-17.27.41.jpeg\" src=\"https:\/\/www.diariodeouropreto.com.br\/wp-content\/uploads\/2026\/09\/WhatsApp-Image-2026-09-03-at-17.27.41.jpeg\" alt=\"\" class=\"wp-image-55131\" srcset=\"https:\/\/www.diariodeouropreto.com.br\/wp-content\/uploads\/2026\/09\/WhatsApp-Image-2026-09-03-at-17.27.41.jpeg 1086w, https:\/\/www.diariodeouropreto.com.br\/wp-content\/uploads\/2026\/09\/WhatsApp-Image-2026-09-03-at-17.27.41-297x396.jpeg 297w, https:\/\/www.diariodeouropreto.com.br\/wp-content\/uploads\/2026\/09\/WhatsApp-Image-2026-09-03-at-17.27.41-113x150.jpeg 113w, https:\/\/www.diariodeouropreto.com.br\/wp-content\/uploads\/2026\/09\/WhatsApp-Image-2026-09-03-at-17.27.41-768x1024.jpeg 768w, https:\/\/www.diariodeouropreto.com.br\/wp-content\/uploads\/2026\/09\/WhatsApp-Image-2026-09-03-at-17.27.41-9x12.jpeg 9w, https:\/\/www.diariodeouropreto.com.br\/wp-content\/uploads\/2026\/09\/WhatsApp-Image-2026-09-03-at-17.27.41-413x550.jpeg 413w, https:\/\/www.diariodeouropreto.com.br\/wp-content\/uploads\/2026\/09\/WhatsApp-Image-2026-09-03-at-17.27.41-375x500.jpeg 375w\" sizes=\"(max-width: 1086px) 100vw, 1086px\" \/><figcaption class=\"wp-element-caption\"><a href=\"https:\/\/www.instagram.com\/caminho.velho\/\" data-wpel-link=\"external\" target=\"_blank\" rel=\"follow external noopener noreferrer sponsored ugc\">@caminho.velho<\/a><\/figcaption><\/figure>\n<\/div>\n\n\n\n<div class=\"wp-block-column is-layout-flow wp-block-column-is-layout-flow\">\n<figure class=\"wp-block-image size-full\"><img decoding=\"async\" width=\"1254\" height=\"1254\" data-attachment-id=\"55132\" data-permalink=\"https:\/\/www.diariodeouropreto.com.br\/pt\/ecoturismo-ganha-ferramenta-para-orientar-turistas-as-cachoeiras-do-alto-rio-das-velhas\/whatsapp-image-2026-09-03-at-17-27-26\/\" data-orig-file=\"https:\/\/www.diariodeouropreto.com.br\/wp-content\/uploads\/2026\/09\/WhatsApp-Image-2026-09-03-at-17.27.26.jpeg\" data-orig-size=\"1254,1254\" data-comments-opened=\"0\" data-image-meta=\"{&quot;aperture&quot;:&quot;0&quot;,&quot;credit&quot;:&quot;&quot;,&quot;camera&quot;:&quot;&quot;,&quot;caption&quot;:&quot;&quot;,&quot;created_timestamp&quot;:&quot;0&quot;,&quot;copyright&quot;:&quot;&quot;,&quot;focal_length&quot;:&quot;0&quot;,&quot;iso&quot;:&quot;0&quot;,&quot;shutter_speed&quot;:&quot;0&quot;,&quot;title&quot;:&quot;&quot;,&quot;orientation&quot;:&quot;0&quot;,&quot;alt&quot;:&quot;&quot;}\" data-image-title=\"WhatsApp Image 2026-09-03 at 17.27.26\" data-image-description=\"\" data-image-caption=\"\" data-large-file=\"https:\/\/www.diariodeouropreto.com.br\/wp-content\/uploads\/2026\/09\/WhatsApp-Image-2026-09-03-at-17.27.26.jpeg\" src=\"https:\/\/www.diariodeouropreto.com.br\/wp-content\/uploads\/2026\/09\/WhatsApp-Image-2026-09-03-at-17.27.26.jpeg\" alt=\"\" class=\"wp-image-55132\" srcset=\"https:\/\/www.diariodeouropreto.com.br\/wp-content\/uploads\/2026\/09\/WhatsApp-Image-2026-09-03-at-17.27.26.jpeg 1254w, https:\/\/www.diariodeouropreto.com.br\/wp-content\/uploads\/2026\/09\/WhatsApp-Image-2026-09-03-at-17.27.26-396x396.jpeg 396w, https:\/\/www.diariodeouropreto.com.br\/wp-content\/uploads\/2026\/09\/WhatsApp-Image-2026-09-03-at-17.27.26-150x150.jpeg 150w, https:\/\/www.diariodeouropreto.com.br\/wp-content\/uploads\/2026\/09\/WhatsApp-Image-2026-09-03-at-17.27.26-768x768.jpeg 768w, https:\/\/www.diariodeouropreto.com.br\/wp-content\/uploads\/2026\/09\/WhatsApp-Image-2026-09-03-at-17.27.26-12x12.jpeg 12w, https:\/\/www.diariodeouropreto.com.br\/wp-content\/uploads\/2026\/09\/WhatsApp-Image-2026-09-03-at-17.27.26-465x465.jpeg 465w, https:\/\/www.diariodeouropreto.com.br\/wp-content\/uploads\/2026\/09\/WhatsApp-Image-2026-09-03-at-17.27.26-500x500.jpeg 500w\" sizes=\"(max-width: 1254px) 100vw, 1254px\" \/><figcaption class=\"wp-element-caption\"><a href=\"https:\/\/www.instagram.com\/borapramata.op\/\" data-wpel-link=\"external\" target=\"_blank\" rel=\"follow external noopener noreferrer sponsored ugc\">@borapramata.op<\/a><\/figcaption><\/figure>\n<\/div>\n<\/div>\n\n\n\n<div id=\"152151\" class=\"advads-saneouro-2 advads-entity-placement\" style=\"margin-top: 3px;margin-bottom: 3px;margin-left: auto;margin-right: auto;text-align: center;\"><a href=\"https:\/\/www.saneouro.com.br\/\" target=\"_blank\" aria-label=\"DOP_Impresso\" data-wpel-link=\"external\" rel=\"follow external noopener noreferrer sponsored ugc\"><img src=\"https:\/\/www.diariodeouropreto.com.br\/wp-content\/uploads\/2026\/07\/DOP_Impresso.jpg\" alt=\"\"  srcset=\"https:\/\/www.diariodeouropreto.com.br\/wp-content\/uploads\/2026\/07\/DOP_Impresso.jpg 1181w, https:\/\/www.diariodeouropreto.com.br\/wp-content\/uploads\/2026\/07\/DOP_Impresso-396x396.jpg 396w, https:\/\/www.diariodeouropreto.com.br\/wp-content\/uploads\/2026\/07\/DOP_Impresso-150x150.jpg 150w, https:\/\/www.diariodeouropreto.com.br\/wp-content\/uploads\/2026\/07\/DOP_Impresso-768x768.jpg 768w, https:\/\/www.diariodeouropreto.com.br\/wp-content\/uploads\/2026\/07\/DOP_Impresso-12x12.jpg 12w, https:\/\/www.diariodeouropreto.com.br\/wp-content\/uploads\/2026\/07\/DOP_Impresso-465x465.jpg 465w, https:\/\/www.diariodeouropreto.com.br\/wp-content\/uploads\/2026\/07\/DOP_Impresso-500x500.jpg 500w\" sizes=\"(max-width: 1181px) 100vw, 1181px\" width=\"400\" height=\"400\"  style=\"display: inline-block;\" \/><\/a><\/div><p class=\"wp-block-paragraph\"><br>Por Marcelino Castro<\/p>","protected":false},"excerpt":{"rendered":"<p>Acurui &#8211; O Projeto de Desenvolvimento Territorial e Ecoturismo Sustent\u00e1vel do alto Rio das Velhas entregou ontem o resultado do diagn\u00f3stico comunit\u00e1rio das propriedades e das cachoeiras da regi\u00e3o do alto Rio das Velhas entre Acuru\u00ed e S\u00e3o Bartolomeu. A apresenta\u00e7\u00e3o do aplicativo, que monitora as cachoeiras orientando os acessos<span class=\"more-link\"><a href=\"https:\/\/www.diariodeouropreto.com.br\/pt\/ecoturismo-ganha-ferramenta-para-orientar-turistas-as-cachoeiras-do-alto-rio-das-velhas\/\" data-wpel-link=\"internal\">Continue Lendo<\/a><\/span><\/p>","protected":false},"author":7,"featured_media":55130,"comment_status":"closed","ping_status":"closed","sticky":false,"template":"","format":"standard","meta":{"_jetpack_newsletter_access":"","_jetpack_dont_email_post_to_subs":false,"_jetpack_newsletter_tier_id":0,"_jetpack_memberships_contains_paywalled_content":false,"_jetpack_feature_clip_id":0,"_jetpack_memberships_contains_paid_content":false,"footnotes":"","jetpack_publicize_message":"O Projeto de Desenvolvimento Territorial e Ecoturismo Sustent\u00e1vel do alto Rio das Velhas entregou ontem o resultado do diagn\u00f3stico comunit\u00e1rio das propriedades e das cachoeiras da regi\u00e3o do alto Rio das Velhas entre Acuru\u00ed e S\u00e3o Bartolomeu","jetpack_publicize_feature_enabled":true,"jetpack_social_post_already_shared":false,"jetpack_social_options":{"image_generator_settings":{"template":"highway","default_image_id":0,"font":"","enabled":false},"version":2},"jetpack_post_was_ever_published":false},"categories":[62],"tags":[],"class_list":["entry","author-marcelino-castro","post-55128","post","type-post","status-publish","format-standard","has-post-thumbnail","category-caderno-verde"],"yoast_head":"<!-- This site is optimized with the Yoast SEO plugin v28.4 - https:\/\/yoast.com\/product\/yoast-seo-wordpress\/ -->\n<title>Ecoturismo ganha ferramenta para orientar turistas \u00e0s cachoeiras do Alto Rio das Velhas - Di\u00e1rio de Ouro Preto<\/title>\n<meta name=\"description\" content=\"O Projeto de Desenvolvimento Territorial e Ecoturismo Sustent\u00e1vel do alto Rio das Velhas entregou ontem o resultado do diagn\u00f3stico comunit\u00e1rio das propriedades e das cachoeiras da regi\u00e3o do alto Rio das Velhas entre Acuru\u00ed e S\u00e3o Bartolomeu- Ecoturismo ganha ferramenta para orientar turistas \u00e0s cachoeiras do Alto Rio das Velhas - Caderno Verde\" \/>\n<meta name=\"robots\" content=\"index, follow, max-snippet:-1, max-image-preview:large, max-video-preview:-1\" \/>\n<link rel=\"canonical\" href=\"https:\/\/www.diariodeouropreto.com.br\/pt\/ecoturismo-ganha-ferramenta-para-orientar-turistas-as-cachoeiras-do-alto-rio-das-velhas\/\" \/>\n<meta property=\"og:locale\" content=\"pt_PT\" \/>\n<meta property=\"og:type\" content=\"article\" \/>\n<meta property=\"og:title\" content=\"Ecoturismo ganha ferramenta para orientar turistas \u00e0s cachoeiras do Alto Rio das Velhas - Di\u00e1rio de Ouro Preto\" \/>\n<meta property=\"og:description\" content=\"O Projeto de Desenvolvimento Territorial e Ecoturismo Sustent\u00e1vel do alto Rio das Velhas entregou ontem o resultado do diagn\u00f3stico comunit\u00e1rio das propriedades e das cachoeiras da regi\u00e3o do alto Rio das Velhas entre Acuru\u00ed e S\u00e3o Bartolomeu- Ecoturismo ganha ferramenta para orientar turistas \u00e0s cachoeiras do Alto Rio das Velhas - Caderno Verde\" \/>\n<meta property=\"og:url\" content=\"https:\/\/www.diariodeouropreto.com.br\/pt\/ecoturismo-ganha-ferramenta-para-orientar-turistas-as-cachoeiras-do-alto-rio-das-velhas\/\" \/>\n<meta property=\"og:site_name\" content=\"Di\u00e1rio de Ouro Preto\" \/>\n<meta property=\"article:publisher\" content=\"https:\/\/www.facebook.com\/diariodeouropreto\/\" \/>\n<meta property=\"article:published_time\" content=\"2026-09-04T15:51:40+00:00\" \/>\n<meta property=\"article:modified_time\" content=\"2026-09-04T15:51:51+00:00\" \/>\n<meta property=\"og:image\" content=\"https:\/\/www.diariodeouropreto.com.br\/wp-content\/uploads\/2026\/09\/WhatsApp-Image-2026-09-03-at-18.33.13.jpeg\" \/>\n\t<meta property=\"og:image:width\" content=\"2560\" \/>\n\t<meta property=\"og:image:height\" content=\"1706\" \/>\n\t<meta property=\"og:image:type\" content=\"image\/jpeg\" \/>\n<meta name=\"author\" content=\"Marcelino Castro\" \/>\n<meta name=\"twitter:card\" content=\"summary_large_image\" \/>\n<meta name=\"twitter:label1\" content=\"Escrito por\" \/>\n\t<meta name=\"twitter:data1\" content=\"Marcelino Castro\" \/>\n\t<meta name=\"twitter:label2\" content=\"Tempo estimado de leitura\" \/>\n\t<meta name=\"twitter:data2\" content=\"4 minutos\" \/>\n<script type=\"application\/ld+json\" class=\"yoast-schema-graph\">{\"@context\":\"https:\\\/\\\/schema.org\",\"@graph\":[{\"@type\":\"Article\",\"@id\":\"https:\\\/\\\/www.diariodeouropreto.com.br\\\/ecoturismo-ganha-ferramenta-para-orientar-turistas-as-cachoeiras-do-alto-rio-das-velhas\\\/#article\",\"isPartOf\":{\"@id\":\"https:\\\/\\\/www.diariodeouropreto.com.br\\\/ecoturismo-ganha-ferramenta-para-orientar-turistas-as-cachoeiras-do-alto-rio-das-velhas\\\/\"},\"author\":{\"name\":\"Marcelino Castro\",\"@id\":\"https:\\\/\\\/www.diariodeouropreto.com.br\\\/pt\\\/#\\\/schema\\\/person\\\/beeebc69f297a82698bba8acf70e5bb6\"},\"headline\":\"Ecoturismo ganha ferramenta para orientar turistas \u00e0s cachoeiras do Alto Rio das Velhas\",\"datePublished\":\"2026-09-04T15:51:40+00:00\",\"dateModified\":\"2026-09-04T15:51:51+00:00\",\"mainEntityOfPage\":{\"@id\":\"https:\\\/\\\/www.diariodeouropreto.com.br\\\/ecoturismo-ganha-ferramenta-para-orientar-turistas-as-cachoeiras-do-alto-rio-das-velhas\\\/\"},\"wordCount\":560,\"publisher\":{\"@id\":\"https:\\\/\\\/www.diariodeouropreto.com.br\\\/pt\\\/#organization\"},\"image\":{\"@id\":\"https:\\\/\\\/www.diariodeouropreto.com.br\\\/ecoturismo-ganha-ferramenta-para-orientar-turistas-as-cachoeiras-do-alto-rio-das-velhas\\\/#primaryimage\"},\"thumbnailUrl\":\"https:\\\/\\\/www.diariodeouropreto.com.br\\\/wp-content\\\/uploads\\\/2026\\\/09\\\/WhatsApp-Image-2026-09-03-at-18.33.13.jpeg\",\"articleSection\":[\"Caderno Verde\"],\"inLanguage\":\"pt-PT\"},{\"@type\":\"WebPage\",\"@id\":\"https:\\\/\\\/www.diariodeouropreto.com.br\\\/ecoturismo-ganha-ferramenta-para-orientar-turistas-as-cachoeiras-do-alto-rio-das-velhas\\\/\",\"url\":\"https:\\\/\\\/www.diariodeouropreto.com.br\\\/ecoturismo-ganha-ferramenta-para-orientar-turistas-as-cachoeiras-do-alto-rio-das-velhas\\\/\",\"name\":\"Ecoturismo ganha ferramenta para orientar turistas \u00e0s cachoeiras do Alto Rio das Velhas - Di\u00e1rio de Ouro Preto\",\"isPartOf\":{\"@id\":\"https:\\\/\\\/www.diariodeouropreto.com.br\\\/pt\\\/#website\"},\"primaryImageOfPage\":{\"@id\":\"https:\\\/\\\/www.diariodeouropreto.com.br\\\/ecoturismo-ganha-ferramenta-para-orientar-turistas-as-cachoeiras-do-alto-rio-das-velhas\\\/#primaryimage\"},\"image\":{\"@id\":\"https:\\\/\\\/www.diariodeouropreto.com.br\\\/ecoturismo-ganha-ferramenta-para-orientar-turistas-as-cachoeiras-do-alto-rio-das-velhas\\\/#primaryimage\"},\"thumbnailUrl\":\"https:\\\/\\\/www.diariodeouropreto.com.br\\\/wp-content\\\/uploads\\\/2026\\\/09\\\/WhatsApp-Image-2026-09-03-at-18.33.13.jpeg\",\"datePublished\":\"2026-09-04T15:51:40+00:00\",\"dateModified\":\"2026-09-04T15:51:51+00:00\",\"description\":\"O Projeto de Desenvolvimento Territorial e Ecoturismo Sustent\u00e1vel do alto Rio das Velhas entregou ontem o resultado do diagn\u00f3stico comunit\u00e1rio das propriedades e das cachoeiras da regi\u00e3o do alto Rio das Velhas entre Acuru\u00ed e S\u00e3o Bartolomeu- Ecoturismo ganha ferramenta para orientar turistas \u00e0s cachoeiras do Alto Rio das Velhas - Caderno Verde\",\"breadcrumb\":{\"@id\":\"https:\\\/\\\/www.diariodeouropreto.com.br\\\/ecoturismo-ganha-ferramenta-para-orientar-turistas-as-cachoeiras-do-alto-rio-das-velhas\\\/#breadcrumb\"},\"inLanguage\":\"pt-PT\",\"potentialAction\":[{\"@type\":\"ReadAction\",\"target\":[\"https:\\\/\\\/www.diariodeouropreto.com.br\\\/ecoturismo-ganha-ferramenta-para-orientar-turistas-as-cachoeiras-do-alto-rio-das-velhas\\\/\"]}]},{\"@type\":\"ImageObject\",\"inLanguage\":\"pt-PT\",\"@id\":\"https:\\\/\\\/www.diariodeouropreto.com.br\\\/ecoturismo-ganha-ferramenta-para-orientar-turistas-as-cachoeiras-do-alto-rio-das-velhas\\\/#primaryimage\",\"url\":\"https:\\\/\\\/www.diariodeouropreto.com.br\\\/wp-content\\\/uploads\\\/2026\\\/09\\\/WhatsApp-Image-2026-09-03-at-18.33.13.jpeg\",\"contentUrl\":\"https:\\\/\\\/www.diariodeouropreto.com.br\\\/wp-content\\\/uploads\\\/2026\\\/09\\\/WhatsApp-Image-2026-09-03-at-18.33.13.jpeg\",\"width\":2560,\"height\":1706},{\"@type\":\"BreadcrumbList\",\"@id\":\"https:\\\/\\\/www.diariodeouropreto.com.br\\\/ecoturismo-ganha-ferramenta-para-orientar-turistas-as-cachoeiras-do-alto-rio-das-velhas\\\/#breadcrumb\",\"itemListElement\":[{\"@type\":\"ListItem\",\"position\":1,\"name\":\"In\u00edcio\",\"item\":\"https:\\\/\\\/www.diariodeouropreto.com.br\\\/pt\\\/\"},{\"@type\":\"ListItem\",\"position\":2,\"name\":\"Ecoturismo ganha ferramenta para orientar turistas \u00e0s cachoeiras do Alto Rio das Velhas\"}]},{\"@type\":\"WebSite\",\"@id\":\"https:\\\/\\\/www.diariodeouropreto.com.br\\\/pt\\\/#website\",\"url\":\"https:\\\/\\\/www.diariodeouropreto.com.br\\\/pt\\\/\",\"name\":\"Di\u00e1rio de Ouro Preto\",\"description\":\"Not\u00edcias Ouro Preto; Mariana;Minas Gerais;Jornal;Jornalismo;Not\u00edcias;\",\"publisher\":{\"@id\":\"https:\\\/\\\/www.diariodeouropreto.com.br\\\/pt\\\/#organization\"},\"alternateName\":\"Jornal di\u00e1rio de Ouro Preto\",\"potentialAction\":[{\"@type\":\"SearchAction\",\"target\":{\"@type\":\"EntryPoint\",\"urlTemplate\":\"https:\\\/\\\/www.diariodeouropreto.com.br\\\/pt\\\/?s={search_term_string}\"},\"query-input\":{\"@type\":\"PropertyValueSpecification\",\"valueRequired\":true,\"valueName\":\"search_term_string\"}}],\"inLanguage\":\"pt-PT\"},{\"@type\":\"Organization\",\"@id\":\"https:\\\/\\\/www.diariodeouropreto.com.br\\\/pt\\\/#organization\",\"name\":\"Di\u00e1rio de Ouro Preto\",\"alternateName\":\"Jornal di\u00e1rio Ouro Preto\",\"url\":\"https:\\\/\\\/www.diariodeouropreto.com.br\\\/pt\\\/\",\"logo\":{\"@type\":\"ImageObject\",\"inLanguage\":\"pt-PT\",\"@id\":\"https:\\\/\\\/www.diariodeouropreto.com.br\\\/pt\\\/#\\\/schema\\\/logo\\\/image\\\/\",\"url\":\"https:\\\/\\\/www.diariodeouropreto.com.br\\\/wp-content\\\/uploads\\\/2019\\\/06\\\/cropped-logotransp-2.png\",\"contentUrl\":\"https:\\\/\\\/www.diariodeouropreto.com.br\\\/wp-content\\\/uploads\\\/2019\\\/06\\\/cropped-logotransp-2.png\",\"width\":1323,\"height\":251,\"caption\":\"Di\u00e1rio de Ouro Preto\"},\"image\":{\"@id\":\"https:\\\/\\\/www.diariodeouropreto.com.br\\\/pt\\\/#\\\/schema\\\/logo\\\/image\\\/\"},\"sameAs\":[\"https:\\\/\\\/www.facebook.com\\\/diariodeouropreto\\\/\"]},{\"@type\":\"Person\",\"@id\":\"https:\\\/\\\/www.diariodeouropreto.com.br\\\/pt\\\/#\\\/schema\\\/person\\\/beeebc69f297a82698bba8acf70e5bb6\",\"name\":\"Marcelino Castro\",\"sameAs\":[\"https:\\\/\\\/www.diariodeouropreto.com.br\\\/\"],\"url\":\"https:\\\/\\\/www.diariodeouropreto.com.br\\\/pt\\\/author\\\/marcelino-castro\\\/\"}]}<\/script>\n<!-- \/ Yoast SEO plugin. -->","yoast_head_json":{"title":"Ecoturismo ganha ferramenta para orientar turistas \u00e0s cachoeiras do Alto Rio das Velhas - Di\u00e1rio de Ouro Preto","description":"O Projeto de Desenvolvimento Territorial e Ecoturismo Sustent\u00e1vel do alto Rio das Velhas entregou ontem o resultado do diagn\u00f3stico comunit\u00e1rio das propriedades e das cachoeiras da regi\u00e3o do alto Rio das Velhas entre Acuru\u00ed e S\u00e3o Bartolomeu- Ecoturismo ganha ferramenta para orientar turistas \u00e0s cachoeiras do Alto Rio das Velhas - Caderno Verde","robots":{"index":"index","follow":"follow","max-snippet":"max-snippet:-1","max-image-preview":"max-image-preview:large","max-video-preview":"max-video-preview:-1"},"canonical":"https:\/\/www.diariodeouropreto.com.br\/pt\/ecoturismo-ganha-ferramenta-para-orientar-turistas-as-cachoeiras-do-alto-rio-das-velhas\/","og_locale":"pt_PT","og_type":"article","og_title":"Ecoturismo ganha ferramenta para orientar turistas \u00e0s cachoeiras do Alto Rio das Velhas - Di\u00e1rio de Ouro Preto","og_description":"O Projeto de Desenvolvimento Territorial e Ecoturismo Sustent\u00e1vel do alto Rio das Velhas entregou ontem o resultado do diagn\u00f3stico comunit\u00e1rio das propriedades e das cachoeiras da regi\u00e3o do alto Rio das Velhas entre Acuru\u00ed e S\u00e3o Bartolomeu- Ecoturismo ganha ferramenta para orientar turistas \u00e0s cachoeiras do Alto Rio das Velhas - Caderno Verde","og_url":"https:\/\/www.diariodeouropreto.com.br\/pt\/ecoturismo-ganha-ferramenta-para-orientar-turistas-as-cachoeiras-do-alto-rio-das-velhas\/","og_site_name":"Di\u00e1rio de Ouro Preto","article_publisher":"https:\/\/www.facebook.com\/diariodeouropreto\/","article_published_time":"2026-09-04T15:51:40+00:00","article_modified_time":"2026-09-04T15:51:51+00:00","og_image":[{"width":2560,"height":1706,"url":"https:\/\/www.diariodeouropreto.com.br\/wp-content\/uploads\/2026\/09\/WhatsApp-Image-2026-09-03-at-18.33.13.jpeg","type":"image\/jpeg"}],"author":"Marcelino Castro","twitter_card":"summary_large_image","twitter_misc":{"Escrito por":"Marcelino Castro","Tempo estimado de leitura":"4 minutos"},"schema":{"@context":"https:\/\/schema.org","@graph":[{"@type":"Article","@id":"https:\/\/www.diariodeouropreto.com.br\/ecoturismo-ganha-ferramenta-para-orientar-turistas-as-cachoeiras-do-alto-rio-das-velhas\/#article","isPartOf":{"@id":"https:\/\/www.diariodeouropreto.com.br\/ecoturismo-ganha-ferramenta-para-orientar-turistas-as-cachoeiras-do-alto-rio-das-velhas\/"},"author":{"name":"Marcelino Castro","@id":"https:\/\/www.diariodeouropreto.com.br\/pt\/#\/schema\/person\/beeebc69f297a82698bba8acf70e5bb6"},"headline":"Ecoturismo ganha ferramenta para orientar turistas \u00e0s cachoeiras do Alto Rio das Velhas","datePublished":"2026-09-04T15:51:40+00:00","dateModified":"2026-09-04T15:51:51+00:00","mainEntityOfPage":{"@id":"https:\/\/www.diariodeouropreto.com.br\/ecoturismo-ganha-ferramenta-para-orientar-turistas-as-cachoeiras-do-alto-rio-das-velhas\/"},"wordCount":560,"publisher":{"@id":"https:\/\/www.diariodeouropreto.com.br\/pt\/#organization"},"image":{"@id":"https:\/\/www.diariodeouropreto.com.br\/ecoturismo-ganha-ferramenta-para-orientar-turistas-as-cachoeiras-do-alto-rio-das-velhas\/#primaryimage"},"thumbnailUrl":"https:\/\/www.diariodeouropreto.com.br\/wp-content\/uploads\/2026\/09\/WhatsApp-Image-2026-09-03-at-18.33.13.jpeg","articleSection":["Caderno Verde"],"inLanguage":"pt-PT"},{"@type":"WebPage","@id":"https:\/\/www.diariodeouropreto.com.br\/ecoturismo-ganha-ferramenta-para-orientar-turistas-as-cachoeiras-do-alto-rio-das-velhas\/","url":"https:\/\/www.diariodeouropreto.com.br\/ecoturismo-ganha-ferramenta-para-orientar-turistas-as-cachoeiras-do-alto-rio-das-velhas\/","name":"Ecoturismo ganha ferramenta para orientar turistas \u00e0s cachoeiras do Alto Rio das Velhas - Di\u00e1rio de Ouro Preto","isPartOf":{"@id":"https:\/\/www.diariodeouropreto.com.br\/pt\/#website"},"primaryImageOfPage":{"@id":"https:\/\/www.diariodeouropreto.com.br\/ecoturismo-ganha-ferramenta-para-orientar-turistas-as-cachoeiras-do-alto-rio-das-velhas\/#primaryimage"},"image":{"@id":"https:\/\/www.diariodeouropreto.com.br\/ecoturismo-ganha-ferramenta-para-orientar-turistas-as-cachoeiras-do-alto-rio-das-velhas\/#primaryimage"},"thumbnailUrl":"https:\/\/www.diariodeouropreto.com.br\/wp-content\/uploads\/2026\/09\/WhatsApp-Image-2026-09-03-at-18.33.13.jpeg","datePublished":"2026-09-04T15:51:40+00:00","dateModified":"2026-09-04T15:51:51+00:00","description":"O Projeto de Desenvolvimento Territorial e Ecoturismo Sustent\u00e1vel do alto Rio das Velhas entregou ontem o resultado do diagn\u00f3stico comunit\u00e1rio das propriedades e das cachoeiras da regi\u00e3o do alto Rio das Velhas entre Acuru\u00ed e S\u00e3o Bartolomeu- Ecoturismo ganha ferramenta para orientar turistas \u00e0s cachoeiras do Alto Rio das Velhas - Caderno Verde","breadcrumb":{"@id":"https:\/\/www.diariodeouropreto.com.br\/ecoturismo-ganha-ferramenta-para-orientar-turistas-as-cachoeiras-do-alto-rio-das-velhas\/#breadcrumb"},"inLanguage":"pt-PT","potentialAction":[{"@type":"ReadAction","target":["https:\/\/www.diariodeouropreto.com.br\/ecoturismo-ganha-ferramenta-para-orientar-turistas-as-cachoeiras-do-alto-rio-das-velhas\/"]}]},{"@type":"ImageObject","inLanguage":"pt-PT","@id":"https:\/\/www.diariodeouropreto.com.br\/ecoturismo-ganha-ferramenta-para-orientar-turistas-as-cachoeiras-do-alto-rio-das-velhas\/#primaryimage","url":"https:\/\/www.diariodeouropreto.com.br\/wp-content\/uploads\/2026\/09\/WhatsApp-Image-2026-09-03-at-18.33.13.jpeg","contentUrl":"https:\/\/www.diariodeouropreto.com.br\/wp-content\/uploads\/2026\/09\/WhatsApp-Image-2026-09-03-at-18.33.13.jpeg","width":2560,"height":1706},{"@type":"BreadcrumbList","@id":"https:\/\/www.diariodeouropreto.com.br\/ecoturismo-ganha-ferramenta-para-orientar-turistas-as-cachoeiras-do-alto-rio-das-velhas\/#breadcrumb","itemListElement":[{"@type":"ListItem","position":1,"name":"In\u00edcio","item":"https:\/\/www.diariodeouropreto.com.br\/pt\/"},{"@type":"ListItem","position":2,"name":"Ecoturismo ganha ferramenta para orientar turistas \u00e0s cachoeiras do Alto Rio das Velhas"}]},{"@type":"WebSite","@id":"https:\/\/www.diariodeouropreto.com.br\/pt\/#website","url":"https:\/\/www.diariodeouropreto.com.br\/pt\/","name":"Di\u00e1rio de Ouro Preto","description":"Not\u00edcias Ouro Preto; Mariana;Minas Gerais;Jornal;Jornalismo;Not\u00edcias;","publisher":{"@id":"https:\/\/www.diariodeouropreto.com.br\/pt\/#organization"},"alternateName":"Jornal di\u00e1rio de Ouro Preto","potentialAction":[{"@type":"SearchAction","target":{"@type":"EntryPoint","urlTemplate":"https:\/\/www.diariodeouropreto.com.br\/pt\/?s={search_term_string}"},"query-input":{"@type":"PropertyValueSpecification","valueRequired":true,"valueName":"search_term_string"}}],"inLanguage":"pt-PT"},{"@type":"Organization","@id":"https:\/\/www.diariodeouropreto.com.br\/pt\/#organization","name":"Di\u00e1rio de Ouro Preto","alternateName":"Jornal di\u00e1rio Ouro Preto","url":"https:\/\/www.diariodeouropreto.com.br\/pt\/","logo":{"@type":"ImageObject","inLanguage":"pt-PT","@id":"https:\/\/www.diariodeouropreto.com.br\/pt\/#\/schema\/logo\/image\/","url":"https:\/\/www.diariodeouropreto.com.br\/wp-content\/uploads\/2019\/06\/cropped-logotransp-2.png","contentUrl":"https:\/\/www.diariodeouropreto.com.br\/wp-content\/uploads\/2019\/06\/cropped-logotransp-2.png","width":1323,"height":251,"caption":"Di\u00e1rio de Ouro Preto"},"image":{"@id":"https:\/\/www.diariodeouropreto.com.br\/pt\/#\/schema\/logo\/image\/"},"sameAs":["https:\/\/www.facebook.com\/diariodeouropreto\/"]},{"@type":"Person","@id":"https:\/\/www.diariodeouropreto.com.br\/pt\/#\/schema\/person\/beeebc69f297a82698bba8acf70e5bb6","name":"Marcelino Castro","sameAs":["https:\/\/www.diariodeouropreto.com.br\/"],"url":"https:\/\/www.diariodeouropreto.com.br\/pt\/author\/marcelino-castro\/"}]}},"jetpack_publicize_connections":[],"jetpack-related-posts":[{"id":23721,"url":"https:\/\/www.diariodeouropreto.com.br\/pt\/cordilheira-do-espinhaco-mais-novo-destino-turistico-de-minas-inclui-dois-parques-estaduais\/","url_meta":{"origin":55128,"position":0},"title":"Cordilheira do Espinha\u00e7o: mais novo destino tur\u00edstico de Minas inclui dois parques estaduais","author":"Di\u00e1rio de Ouro Preto","date":"14 de Junho de 2023","format":false,"excerpt":"\u00c1reas de prote\u00e7\u00e3o contam com in\u00fameros atrativos e roteiros tur\u00edsticos, entre c\u00e2nions, lagos, cachoeiras, trilhas, mirantes e paisagens naturais Considerada a \u00fanica cordilheira do Brasil, a Serra do Espinha\u00e7o ganhou, em 2023, status de destino tur\u00edstico oficial em Minas Gerais. A \u201cCordilheira do Espinha\u00e7o\u201d abrange cinco munic\u00edpios das regi\u00f5es Norte\u2026","rel":"","context":"In &quot;Caderno Verde&quot;","block_context":{"text":"Caderno Verde","link":"https:\/\/www.diariodeouropreto.com.br\/pt\/Editoria\/caderno-verde\/"},"img":{"alt_text":"","src":"https:\/\/i0.wp.com\/www.diariodeouropreto.com.br\/wp-content\/uploads\/2023\/06\/Parque_Estadual_de_Grao_Mogol_-_Foto_Evandro_Rodney_15_1.jpeg?resize=350%2C200&ssl=1","width":350,"height":200,"srcset":"https:\/\/i0.wp.com\/www.diariodeouropreto.com.br\/wp-content\/uploads\/2023\/06\/Parque_Estadual_de_Grao_Mogol_-_Foto_Evandro_Rodney_15_1.jpeg?resize=350%2C200&ssl=1 1x, https:\/\/i0.wp.com\/www.diariodeouropreto.com.br\/wp-content\/uploads\/2023\/06\/Parque_Estadual_de_Grao_Mogol_-_Foto_Evandro_Rodney_15_1.jpeg?resize=525%2C300&ssl=1 1.5x, https:\/\/i0.wp.com\/www.diariodeouropreto.com.br\/wp-content\/uploads\/2023\/06\/Parque_Estadual_de_Grao_Mogol_-_Foto_Evandro_Rodney_15_1.jpeg?resize=700%2C400&ssl=1 2x, https:\/\/i0.wp.com\/www.diariodeouropreto.com.br\/wp-content\/uploads\/2023\/06\/Parque_Estadual_de_Grao_Mogol_-_Foto_Evandro_Rodney_15_1.jpeg?resize=1050%2C600&ssl=1 3x"},"classes":[]},{"id":26953,"url":"https:\/\/www.diariodeouropreto.com.br\/pt\/vila-gale-investe-120-milhoes-no-hotel-em-cachoeira-do-campo\/","url_meta":{"origin":55128,"position":1},"title":"Vila Gal\u00e9 investe 120 milh\u00f5es no hotel em Cachoeira do Campo","author":"Di\u00e1rio de Ouro Preto","date":"29 de Novembro de 2023","format":false,"excerpt":"Economia movimentada, preserva\u00e7\u00e3o do patrim\u00f4nio hist\u00f3rico, fomento do turismo e valoriza\u00e7\u00e3o da cultura. S\u00e3o esses os pontos-chave da instala\u00e7\u00e3o da rede hoteleira Vila Gal\u00e9 em Cachoeira do Campo. Ontem, 28, na coletiva de imprensa realizada no futuro hotel da Vila Gal\u00e9, foi anunciado o investimento de 120 milh\u00f5es na constru\u00e7\u00e3o\u2026","rel":"","context":"In &quot;Ouro Preto&quot;","block_context":{"text":"Ouro Preto","link":"https:\/\/www.diariodeouropreto.com.br\/pt\/Editoria\/ouro-preto\/"},"img":{"alt_text":"","src":"https:\/\/i0.wp.com\/www.diariodeouropreto.com.br\/wp-content\/uploads\/2023\/11\/hotel_gale_dombosco.jpg?resize=350%2C200&ssl=1","width":350,"height":200,"srcset":"https:\/\/i0.wp.com\/www.diariodeouropreto.com.br\/wp-content\/uploads\/2023\/11\/hotel_gale_dombosco.jpg?resize=350%2C200&ssl=1 1x, https:\/\/i0.wp.com\/www.diariodeouropreto.com.br\/wp-content\/uploads\/2023\/11\/hotel_gale_dombosco.jpg?resize=525%2C300&ssl=1 1.5x, https:\/\/i0.wp.com\/www.diariodeouropreto.com.br\/wp-content\/uploads\/2023\/11\/hotel_gale_dombosco.jpg?resize=700%2C400&ssl=1 2x, https:\/\/i0.wp.com\/www.diariodeouropreto.com.br\/wp-content\/uploads\/2023\/11\/hotel_gale_dombosco.jpg?resize=1050%2C600&ssl=1 3x"},"classes":[]},{"id":25719,"url":"https:\/\/www.diariodeouropreto.com.br\/pt\/inauguracao-da-associacao-dos-catadores-alto-rio-das-velhas-no-municipio-de-cachoeira-do-campo\/","url_meta":{"origin":55128,"position":2},"title":"Inaugura\u00e7\u00e3o da Associa\u00e7\u00e3o dos Catadores Alto Rio das Velhas, no munic\u00edpio de Cachoeira do Campo","author":"Di\u00e1rio de Ouro Preto","date":"25 de Setembro de 2023","format":false,"excerpt":"Nessa \u00faltima sexta, a Prefeitura de Ouro Preto, em parceria com a Secretaria de Meio Ambiente, a Vale e a Ferro Puro Minera\u00e7\u00e3o, realizou a inaugura\u00e7\u00e3o da Associa\u00e7\u00e3o dos Catadores Alto Rio das Velhas, no munic\u00edpio de Cachoeira do Campo!\u00a0 A inaugura\u00e7\u00e3o contou com a participa\u00e7\u00e3o do prefeito \u00c2ngelo Oswaldo,\u2026","rel":"","context":"In &quot;Caderno Verde&quot;","block_context":{"text":"Caderno Verde","link":"https:\/\/www.diariodeouropreto.com.br\/pt\/Editoria\/caderno-verde\/"},"img":{"alt_text":"","src":"https:\/\/i0.wp.com\/www.diariodeouropreto.com.br\/wp-content\/uploads\/2023\/09\/WhatsApp-Image-2023-09-25-at-12.59.32.jpeg?resize=350%2C200&ssl=1","width":350,"height":200,"srcset":"https:\/\/i0.wp.com\/www.diariodeouropreto.com.br\/wp-content\/uploads\/2023\/09\/WhatsApp-Image-2023-09-25-at-12.59.32.jpeg?resize=350%2C200&ssl=1 1x, https:\/\/i0.wp.com\/www.diariodeouropreto.com.br\/wp-content\/uploads\/2023\/09\/WhatsApp-Image-2023-09-25-at-12.59.32.jpeg?resize=525%2C300&ssl=1 1.5x, https:\/\/i0.wp.com\/www.diariodeouropreto.com.br\/wp-content\/uploads\/2023\/09\/WhatsApp-Image-2023-09-25-at-12.59.32.jpeg?resize=700%2C400&ssl=1 2x, https:\/\/i0.wp.com\/www.diariodeouropreto.com.br\/wp-content\/uploads\/2023\/09\/WhatsApp-Image-2023-09-25-at-12.59.32.jpeg?resize=1050%2C600&ssl=1 3x"},"classes":[]},{"id":20645,"url":"https:\/\/www.diariodeouropreto.com.br\/pt\/prefeitura-lanca-monitoramento-das-aguas-do-alto-rio-das-velhas\/","url_meta":{"origin":55128,"position":3},"title":"Prefeitura lan\u00e7a monitoramento das \u00e1guas do Alto Rio das Velhas","author":"Di\u00e1rio de Ouro Preto","date":"20 de Janeiro de 2023","format":false,"excerpt":"A comunidade do distrito de Ouro Preto, S\u00e3o Bartolomeu, UFOP e Secretaria de Meio Ambiente de Ouro Preto, se reuniram na Casa da Festa de S\u00e3o Bartolomeu com intuito de criar uma for\u00e7a tarefa com objetivo de monitorar a qualidade das \u00e1guas para banho ao longo da calha do Rio\u2026","rel":"","context":"In &quot;Manchete do dia&quot;","block_context":{"text":"Manchete do dia","link":"https:\/\/www.diariodeouropreto.com.br\/pt\/Editoria\/manchete-do-dia\/"},"img":{"alt_text":"","src":"https:\/\/i0.wp.com\/www.diariodeouropreto.com.br\/wp-content\/uploads\/2023\/01\/IMG-20230119-WA0017-01.jpeg?resize=350%2C200&ssl=1","width":350,"height":200,"srcset":"https:\/\/i0.wp.com\/www.diariodeouropreto.com.br\/wp-content\/uploads\/2023\/01\/IMG-20230119-WA0017-01.jpeg?resize=350%2C200&ssl=1 1x, https:\/\/i0.wp.com\/www.diariodeouropreto.com.br\/wp-content\/uploads\/2023\/01\/IMG-20230119-WA0017-01.jpeg?resize=525%2C300&ssl=1 1.5x, https:\/\/i0.wp.com\/www.diariodeouropreto.com.br\/wp-content\/uploads\/2023\/01\/IMG-20230119-WA0017-01.jpeg?resize=700%2C400&ssl=1 2x, https:\/\/i0.wp.com\/www.diariodeouropreto.com.br\/wp-content\/uploads\/2023\/01\/IMG-20230119-WA0017-01.jpeg?resize=1050%2C600&ssl=1 3x"},"classes":[]},{"id":26125,"url":"https:\/\/www.diariodeouropreto.com.br\/pt\/cerca-de-250-mil-pessoas-devem-passar-por-aparecida-no-feriado\/","url_meta":{"origin":55128,"position":4},"title":"Cerca de 250 mil pessoas devem passar por Aparecida no feriado","author":"Di\u00e1rio de Ouro Preto","date":"12 de Outubro de 2023","format":false,"excerpt":"A celebra\u00e7\u00e3o da padroeira do Brasil, Nossa Senhora Aparecida, no feriado prolongado que come\u00e7a nesta quinta-feira (12), deve atrair 250 mil pessoas ao munic\u00edpio de Aparecida, no Vale do Para\u00edba, em S\u00e3o Paulo. A estimativa \u00e9 do governo do estado de S\u00e3o Paulo, que calcula que cerca de 2,3 milh\u00f5es\u2026","rel":"","context":"In &quot;Brasil&quot;","block_context":{"text":"Brasil","link":"https:\/\/www.diariodeouropreto.com.br\/pt\/Editoria\/brasil\/"},"img":{"alt_text":"","src":"https:\/\/i0.wp.com\/www.diariodeouropreto.com.br\/wp-content\/uploads\/2023\/10\/a-012-apa_14_7021_p.jpg?resize=350%2C200&ssl=1","width":350,"height":200,"srcset":"https:\/\/i0.wp.com\/www.diariodeouropreto.com.br\/wp-content\/uploads\/2023\/10\/a-012-apa_14_7021_p.jpg?resize=350%2C200&ssl=1 1x, https:\/\/i0.wp.com\/www.diariodeouropreto.com.br\/wp-content\/uploads\/2023\/10\/a-012-apa_14_7021_p.jpg?resize=525%2C300&ssl=1 1.5x, https:\/\/i0.wp.com\/www.diariodeouropreto.com.br\/wp-content\/uploads\/2023\/10\/a-012-apa_14_7021_p.jpg?resize=700%2C400&ssl=1 2x, https:\/\/i0.wp.com\/www.diariodeouropreto.com.br\/wp-content\/uploads\/2023\/10\/a-012-apa_14_7021_p.jpg?resize=1050%2C600&ssl=1 3x"},"classes":[]},{"id":46408,"url":"https:\/\/www.diariodeouropreto.com.br\/pt\/itabirito-cria-rota-turistica-natural-cultural-e-gastronomica-para-impulsionar-o-desenvolvimento-sustentavel\/","url_meta":{"origin":55128,"position":5},"title":"Itabirito cria Rota Tur\u00edstica Natural, Cultural e Gastron\u00f4mica para impulsionar o desenvolvimento sustent\u00e1vel","author":"Di\u00e1rio de Ouro Preto","date":"23 de Julho de 2025","format":false,"excerpt":"Lei integra belezas naturais, patrim\u00f4nio hist\u00f3rico e a culin\u00e1ria local em circuito oficial de turismo, com foco na gera\u00e7\u00e3o de renda, valoriza\u00e7\u00e3o cultural e fortalecimento do pertencimento territorial Foi sancionada a Lei n\u00ba 4.299, que institui o Programa \u201cRota Tur\u00edstica Natural, Cultural e Gastron\u00f4mica de Itabirito\u201d. A proposta, de autoria\u2026","rel":"","context":"In &quot;Itabirito&quot;","block_context":{"text":"Itabirito","link":"https:\/\/www.diariodeouropreto.com.br\/pt\/Editoria\/itabirito\/"},"img":{"alt_text":"","src":"https:\/\/i0.wp.com\/www.diariodeouropreto.com.br\/wp-content\/uploads\/2025\/07\/A-iniciativa-tem-como-objetivo-integrar-os-diversos-atrativos-turisticos-do-municipio-em-um-roteiro-estruturado.-Foto-Reproducao.jpg?resize=350%2C200&ssl=1","width":350,"height":200,"srcset":"https:\/\/i0.wp.com\/www.diariodeouropreto.com.br\/wp-content\/uploads\/2025\/07\/A-iniciativa-tem-como-objetivo-integrar-os-diversos-atrativos-turisticos-do-municipio-em-um-roteiro-estruturado.-Foto-Reproducao.jpg?resize=350%2C200&ssl=1 1x, https:\/\/i0.wp.com\/www.diariodeouropreto.com.br\/wp-content\/uploads\/2025\/07\/A-iniciativa-tem-como-objetivo-integrar-os-diversos-atrativos-turisticos-do-municipio-em-um-roteiro-estruturado.-Foto-Reproducao.jpg?resize=525%2C300&ssl=1 1.5x, https:\/\/i0.wp.com\/www.diariodeouropreto.com.br\/wp-content\/uploads\/2025\/07\/A-iniciativa-tem-como-objetivo-integrar-os-diversos-atrativos-turisticos-do-municipio-em-um-roteiro-estruturado.-Foto-Reproducao.jpg?resize=700%2C400&ssl=1 2x"},"classes":[]}],"jetpack_sharing_enabled":true,"amp_enabled":true,"jetpack_featured_media_url":"https:\/\/www.diariodeouropreto.com.br\/wp-content\/uploads\/2026\/09\/WhatsApp-Image-2026-09-03-at-18.33.13.jpeg","_links":{"self":[{"href":"https:\/\/www.diariodeouropreto.com.br\/pt\/wp-json\/wp\/v2\/posts\/55128","targetHints":{"allow":["GET"]}}],"collection":[{"href":"https:\/\/www.diariodeouropreto.com.br\/pt\/wp-json\/wp\/v2\/posts"}],"about":[{"href":"https:\/\/www.diariodeouropreto.com.br\/pt\/wp-json\/wp\/v2\/types\/post"}],"author":[{"embeddable":true,"href":"https:\/\/www.diariodeouropreto.com.br\/pt\/wp-json\/wp\/v2\/users\/7"}],"replies":[{"embeddable":true,"href":"https:\/\/www.diariodeouropreto.com.br\/pt\/wp-json\/wp\/v2\/comments?post=55128"}],"version-history":[{"count":1,"href":"https:\/\/www.diariodeouropreto.com.br\/pt\/wp-json\/wp\/v2\/posts\/55128\/revisions"}],"predecessor-version":[{"id":55133,"href":"https:\/\/www.diariodeouropreto.com.br\/pt\/wp-json\/wp\/v2\/posts\/55128\/revisions\/55133"}],"wp:featuredmedia":[{"embeddable":true,"href":"https:\/\/www.diariodeouropreto.com.br\/pt\/wp-json\/wp\/v2\/media\/55130"}],"wp:attachment":[{"href":"https:\/\/www.diariodeouropreto.com.br\/pt\/wp-json\/wp\/v2\/media?parent=55128"}],"wp:term":[{"taxonomy":"category","embeddable":true,"href":"https:\/\/www.diariodeouropreto.com.br\/pt\/wp-json\/wp\/v2\/categories?post=55128"},{"taxonomy":"post_tag","embeddable":true,"href":"https:\/\/www.diariodeouropreto.com.br\/pt\/wp-json\/wp\/v2\/tags?post=55128"}],"curies":[{"name":"wp","href":"https:\/\/api.w.org\/{rel}","templated":true}]}}