{"id":55123,"date":"2026-09-04T11:28:31","date_gmt":"2026-09-04T14:28:31","guid":{"rendered":"https:\/\/www.diariodeouropreto.com.br\/?p=55123"},"modified":"2026-09-04T11:28:33","modified_gmt":"2026-09-04T14:28:33","slug":"mineradoras-elogiam-mas-municipios-criticam-pl-de-minerais-criticos","status":"publish","type":"post","link":"https:\/\/www.diariodeouropreto.com.br\/pt\/mineradoras-elogiam-mas-municipios-criticam-pl-de-minerais-criticos\/","title":{"rendered":"Mineradoras elogiam, mas munic\u00edpios criticam PL de minerais cr\u00edticos"},"content":{"rendered":"<h4 class=\"wp-block-heading\">Especialista v\u00ea incentivos insuficientes \u00e0 industrializa\u00e7\u00e3o<\/h4>\n\n\n\n<p class=\"wp-block-paragraph\"><strong>O projeto de lei (PL) que cria a Pol\u00edtica Nacional de Minerais Cr\u00edticos e Estrat\u00e9gicos, aprovado nessa quarta-feira (2) no Senado, foi elogiado pelas mineradoras que atuam no Brasil, mas criticado por munic\u00edpios que sediam atividades de minera\u00e7\u00e3o no pa\u00eds. O texto prev\u00ea at\u00e9 R$ 7 bilh\u00f5es em incentivos governamentais para projetos relacionados a esses minerais.<\/strong><img decoding=\"async\" src=\"https:\/\/agenciabrasil.ebc.com.br\/ebc.png?id=1701480&amp;o=node\"><img decoding=\"async\" src=\"https:\/\/agenciabrasil.ebc.com.br\/ebc.gif?id=1701480&amp;o=node\"><\/p>\n\n\n\n<p class=\"wp-block-paragraph\"><strong>Entre as novidades, est\u00e1 a cria\u00e7\u00e3o de um fundo para financiar projetos por meio de contribui\u00e7\u00f5es privadas e aporte de R$ 2 bilh\u00f5es da Uni\u00e3o; o estabelecimento de um conselho, com maioria de representantes do governo, para homologar mudan\u00e7as no controle societ\u00e1rio de empresas do setor e determinadas opera\u00e7\u00f5es internacionais; e um programa de benef\u00edcios fiscais de at\u00e9 R$ 5 bilh\u00f5es.<\/strong><\/p>\n\n\n\n<p class=\"wp-block-paragraph\"><a href=\"http:\/\/https:\/\/legis.senado.leg.br\/sdleg-getter\/documento?dm=10312345&amp;ts=1788397847119&amp;rendition_principal=S&amp;disposition=inline\" data-wpel-link=\"external\" target=\"_blank\" rel=\"follow external noopener noreferrer sponsored ugc\">O PL 2780 de 2024, relatado pelo senador Eduardo Braga (MDB-AM), foi aprovado sem altera\u00e7\u00f5es de m\u00e9rito em rela\u00e7\u00e3o ao texto da C\u00e2mara e segue agora para san\u00e7\u00e3o presidencial.<\/a><\/p>\n\n\n\n<p class=\"wp-block-paragraph\">Aprovado em vota\u00e7\u00e3o simb\u00f3lica, o texto era uma das prioridades do governo, que sustenta que a mat\u00e9ria contribui para desenvolver a economia dos minerais cr\u00edticos no Brasil. O PL teve apoio tamb\u00e9m da oposi\u00e7\u00e3o, como expressou a l\u00edder do PP no Senado, Tereza Cristina (MS).<\/p>\n\n\n\n<p class=\"wp-block-paragraph\">\u201cEsse projeto n\u00e3o \u00e9 um projeto de governo, isso \u00e9 um projeto de Estado. \u00c9 um projeto que, com certeza, poder\u00e1 trazer prosperidade e muitas oportunidades para os brasileiros\u201d, disse a senadora da oposi\u00e7\u00e3o.<\/p>\n\n\n\n<p class=\"wp-block-paragraph\">Por meio de nota, o Instituto Brasileiro de Minera\u00e7\u00e3o (Ibram), que representa as empresas do setor, disse que o PL \u00e9 um avan\u00e7o e informou que espera contribuir com o governo na regulamenta\u00e7\u00e3o do tema.<\/p>\n\n\n\n<p class=\"wp-block-paragraph\">\u201cO projeto oferece uma base positiva para financiamento, industrializa\u00e7\u00e3o, tecnologia e inser\u00e7\u00e3o internacional da ind\u00fastria da minera\u00e7\u00e3o brasileira\u201d, disse o diretor-presidente do Ibram, Pablo Ces\u00e1rio.<\/p>\n\n\n\n<p class=\"wp-block-paragraph\">A Associa\u00e7\u00e3o Brasileira dos Munic\u00edpios Mineradores (AMIG Brasil), que re\u00fane munic\u00edpios produtores de min\u00e9rios, tamb\u00e9m reconheceu avan\u00e7os no projeto, mas criticou a falta de garantia de que os investimentos previstos permane\u00e7am nos territ\u00f3rios onde ocorre a minera\u00e7\u00e3o.<\/p>\n\n\n\n<p class=\"wp-block-paragraph\">Segundo a entidade, a proposta pode repetir um modelo hist\u00f3rico da minera\u00e7\u00e3o brasileira, no qual os munic\u00edpios ficam com os impactos da atividade, enquanto investimentos, empregos qualificados e etapas de maior valor agregado s\u00e3o concentrados em outras regi\u00f5es.<\/p>\n\n\n\n<p class=\"wp-block-paragraph\">\u201cN\u00e3o podemos aceitar que o min\u00e9rio seja retirado do munic\u00edpio, que os impactos ambientais, sociais e sobre a infraestrutura permane\u00e7am no territ\u00f3rio e que os investimentos capazes de gerar tecnologia, empregos qualificados e novas atividades econ\u00f4micas sejam levados para outros lugares\u201d, defendeu a AMIG Brasil.<\/p>\n\n\n\n<h2 class=\"wp-block-heading\">Incentivos \u00e0 industrializa\u00e7\u00e3o<\/h2>\n\n\n\n<p class=\"wp-block-paragraph\">O professor de geografia da Universidade Federal de Juiz de Fora (UFJF), Bruno Milanez, avaliou \u00e0 Ag\u00eancia Brasil que s\u00e3o insuficientes os incentivos previstos no texto para industrializar as terras raras no Brasil.<\/p>\n\n\n\n<p class=\"wp-block-paragraph\">\u201cO PL \u00e9 um pacote de bondades para o setor mineral com uma s\u00e9rie de novas fontes de financiamento, subs\u00eddios e est\u00edmulos credit\u00edcios. E, apesar da discuss\u00e3o sobre industrializa\u00e7\u00e3o, os instrumentos para levar \u00e0 transforma\u00e7\u00e3o mineral s\u00e3o insuficientes\u201d, comentou o especialista no tema.<\/p>\n\n\n\n<p class=\"wp-block-paragraph\">O engenheiro Bruno Milanez argumenta que os recursos previstos no PL podem ser usados tanto para lavra quanto para beneficiamento dos minerais, o que pode reduzir o financiamento da industrializa\u00e7\u00e3o. A lavra corresponde \u00e0 extra\u00e7\u00e3o do min\u00e9rio, enquanto o beneficiamento envolve etapas de tratamento e concentra\u00e7\u00e3o do material extra\u00eddo, antes de processos industriais de transforma\u00e7\u00e3o.<\/p>\n\n\n\n<h2 class=\"wp-block-heading\">Fundo Garantidor e Incentivos Fiscais<\/h2>\n\n\n\n<p class=\"wp-block-paragraph\">O PL 2780 cria o Fundo Garantidor da Atividade Mineral para viabilizar projetos de minerais cr\u00edticos ou estrat\u00e9gicos, com aporte de R$ 2 bilh\u00f5es da Uni\u00e3o e contribui\u00e7\u00f5es obrigat\u00f3rias das empresas do setor, em valores ainda a serem definidos.<\/p>\n\n\n\n<p class=\"wp-block-paragraph\">Outro mecanismo previsto no texto \u00e9 o Programa Federal de Beneficiamento e Transforma\u00e7\u00e3o de Minerais Cr\u00edticos e Estrat\u00e9gicos, que prev\u00ea cr\u00e9ditos fiscais de at\u00e9 20% sobre custos industriais, com limite de R$ 1 bilh\u00e3o por ano entre 2030 e 2034.<\/p>\n\n\n\n<p class=\"wp-block-paragraph\">A inclus\u00e3o dos <a href=\"https:\/\/agenciabrasil.ebc.com.br\/politica\/noticia\/2026-05\/camara-permite-usar-fundos-de-minerais-criticos-para-outros-minerios\" data-wpel-link=\"external\" target=\"_blank\" rel=\"follow external noopener noreferrer sponsored ugc\">minerais classificados como \u201cestrat\u00e9gicos\u201d<\/a> amplia o universo de materiais que podem ser alcan\u00e7ados pela pol\u00edtica. Entre eles est\u00e1 o min\u00e9rio de ferro.<\/p>\n\n\n\n<p class=\"wp-block-paragraph\">O PL classifica os minerais estrat\u00e9gicos como aqueles \u201cessenciais para a economia na gera\u00e7\u00e3o de super\u00e1vit da balan\u00e7a comercial, para desenvolvimento tecnol\u00f3gico, para o desenvolvimento regional, ainda que n\u00e3o diretamente vinculados \u00e0 transi\u00e7\u00e3o energ\u00e9tica, ou para a redu\u00e7\u00e3o das emiss\u00f5es de Gases de Efeito Estufa\u201d.<\/p>\n\n\n\n<p class=\"wp-block-paragraph\">O professor da UFJF Bruno Milanez pondera que essa defini\u00e7\u00e3o, na pr\u00e1tica, \u201cvale para qualquer coisa, inclusive pode abrir espa\u00e7o para financiar produ\u00e7\u00e3o de pedras ornamentais, como granito e m\u00e1rmore\u201d.<\/p>\n\n\n\n<p class=\"wp-block-paragraph\"><a href=\"https:\/\/agenciabrasil.ebc.com.br\/economia\/noticia\/2026-04\/terras-raras-minerais-estrategicos-e-criticos-entenda-diferencas\" data-wpel-link=\"external\" target=\"_blank\" rel=\"follow external noopener noreferrer sponsored ugc\">Entenda diferen\u00e7a entre terras raras, minerais cr\u00edticos e estrat\u00e9gicos.<\/a>&nbsp;<\/p>\n\n\n\n<h2 class=\"wp-block-heading\">Conselho ter\u00e1 maioria de representantes do governo<\/h2>\n\n\n\n<p class=\"wp-block-paragraph\">O projeto de lei ainda cria o Conselho Nacional para Industrializa\u00e7\u00e3o de Minerais Cr\u00edticos e Estrat\u00e9gicos (CIMCE), alvo de cr\u00edticas de senadores da oposi\u00e7\u00e3o e da base governista, como Omar Aziz (PSD-AM).<\/p>\n\n\n\n<p class=\"wp-block-paragraph\">O colegiado ter\u00e1 at\u00e9 15 representantes do Poder Executivo federal, al\u00e9m de representantes dos estados e do Distrito Federal, dos munic\u00edpios, do setor privado e de institui\u00e7\u00f5es de ensino superior.<\/p>\n\n\n\n<p class=\"wp-block-paragraph\">Entre as atribui\u00e7\u00f5es do Conselho est\u00e1 a homologa\u00e7\u00e3o de mudan\u00e7as no controle societ\u00e1rio de empresas do setor, assim como de contratos, acordos ou parcerias internacionais que envolvam minerais cr\u00edticos ou estrat\u00e9gicos \u201cem condi\u00e7\u00f5es que possam afetar a seguran\u00e7a econ\u00f4mica ou geopol\u00edtica do pa\u00eds\u201d.<\/p>\n\n\n\n<p class=\"wp-block-paragraph\">A AMIG Brasil considera insuficiente a participa\u00e7\u00e3o dos munic\u00edpios no colegiado. Segundo a entidade, as decis\u00f5es do Conselho poder\u00e3o ter efeitos sobre infraestrutura, meio ambiente, uso do solo, recursos h\u00eddricos e desenvolvimento econ\u00f4mico das cidades mineradoras.<\/p>\n\n\n\n<p class=\"wp-block-paragraph\">O senador Jayme Campos (Uni\u00e3o-MT) avaliou que o Conselho ficou muito \u201cdesequilibrado\u201d a favor do governo.<\/p>\n\n\n\n<p class=\"wp-block-paragraph\">\u201cPode acontecer uma politiza\u00e7\u00e3o excessiva em rela\u00e7\u00e3o a esse Conselho. A pouca participa\u00e7\u00e3o da sociedade civil em rela\u00e7\u00e3o a esse projeto. Isso me causa, assim, uma preocupa\u00e7\u00e3o de que pode afugentar at\u00e9 o capital privado\u201d, criticou.<\/p>\n\n\n\n<p class=\"wp-block-paragraph\">O relator da proposta, senador Eduardo Braga, defendeu o Conselho, afirmando que ele apenas homologar\u00e1 os contratos j\u00e1 firmados envolvendo o setor privado.<\/p>\n\n\n\n<p class=\"wp-block-paragraph\">\u201cO que n\u00f3s n\u00e3o estaremos mais abrindo m\u00e3o \u00e9 da soberania nacional e da discuss\u00e3o de uma estrat\u00e9gia nacional para agregar valor econ\u00f4mico a um min\u00e9rio que n\u00e3o tem reposi\u00e7\u00e3o\u201d, justificou Braga.<\/p>\n\n\n\n<p class=\"wp-block-paragraph\">Na avalia\u00e7\u00e3o do relator, o PL pode modificar a realidade atual do Brasil, que, segundo ele, ainda exporta min\u00e9rios com baixo valor agregado.<\/p>\n\n\n\n<p class=\"wp-block-paragraph\">\u201cLamentavelmente, h\u00e1 d\u00e9cadas, n\u00f3s mandamos para fora do Brasil esses min\u00e9rios <em>in natura<\/em> e, lamentavelmente, temos que importar como bens finais, pagando um valor agregado muitas vezes maior do que o valor que n\u00f3s exportamos\u201d, completou Braga.<\/p>\n\n\n\n<h2 class=\"wp-block-heading\">CFEM<\/h2>\n\n\n\n<p class=\"wp-block-paragraph\">A AMIG Brasil tamb\u00e9m criticou a aus\u00eancia de mudan\u00e7as na Compensa\u00e7\u00e3o Financeira pela Explora\u00e7\u00e3o de Recursos Minerais (CFEM). O PL n\u00e3o altera as regras de c\u00e1lculo, as al\u00edquotas ou os crit\u00e9rios de distribui\u00e7\u00e3o da compensa\u00e7\u00e3o.<\/p>\n\n\n\n<p class=\"wp-block-paragraph\">Para a entidade, a cria\u00e7\u00e3o de uma pol\u00edtica espec\u00edfica para minerais cr\u00edticos e estrat\u00e9gicos deveria ser acompanhada da discuss\u00e3o de um modelo de compensa\u00e7\u00e3o que considere as caracter\u00edsticas econ\u00f4micas e os impactos da explora\u00e7\u00e3o desses minerais nos territ\u00f3rios produtores.<\/p>\n\n\n\n<h2 class=\"wp-block-heading\">O papel das terras raras<\/h2>\n\n\n\n<p class=\"wp-block-paragraph\">Com cerca de 21 milh\u00f5es de toneladas, a reserva brasileira de terras raras \u00e9 a segunda maior j\u00e1 mapeada no mundo, ficando atr\u00e1s apenas da China, que det\u00e9m aproximadamente 44 milh\u00f5es de toneladas. Apesar das grandes reservas, o Brasil produz menos de 1% do consumo global.<\/p>\n\n\n\n<p class=\"wp-block-paragraph\">A posi\u00e7\u00e3o geogr\u00e1fica do Brasil tem sido apontada como uma vantagem importante em um mercado em expans\u00e3o marcado pela disputa entre China e Estados Unidos pelo dom\u00ednio dessas cadeias produtivas. <a href=\"http:\/\/https:\/\/agenciabrasil.ebc.com.br\/internacional\/noticia\/2026-04\/soberania-em-minerais-criticos-permite-emprego-verde-na-america-latina\" data-wpel-link=\"external\" target=\"_blank\" rel=\"follow external noopener noreferrer sponsored ugc\">As terras raras s\u00e3o consideradas fundamentais para \u00e1reas como tecnologia, defesa e transi\u00e7\u00e3o energ\u00e9tica.<\/a><\/p>\n\n\n\n<div id=\"152151\" class=\"advads-saneouro-2 advads-entity-placement\" style=\"margin-top: 3px;margin-bottom: 3px;margin-left: auto;margin-right: auto;text-align: center;\"><a href=\"https:\/\/www.saneouro.com.br\/\" target=\"_blank\" aria-label=\"DOP_Impresso\" data-wpel-link=\"external\" rel=\"follow external noopener noreferrer sponsored ugc\"><img src=\"https:\/\/www.diariodeouropreto.com.br\/wp-content\/uploads\/2026\/07\/DOP_Impresso.jpg\" alt=\"\"  srcset=\"https:\/\/www.diariodeouropreto.com.br\/wp-content\/uploads\/2026\/07\/DOP_Impresso.jpg 1181w, https:\/\/www.diariodeouropreto.com.br\/wp-content\/uploads\/2026\/07\/DOP_Impresso-396x396.jpg 396w, https:\/\/www.diariodeouropreto.com.br\/wp-content\/uploads\/2026\/07\/DOP_Impresso-150x150.jpg 150w, https:\/\/www.diariodeouropreto.com.br\/wp-content\/uploads\/2026\/07\/DOP_Impresso-768x768.jpg 768w, https:\/\/www.diariodeouropreto.com.br\/wp-content\/uploads\/2026\/07\/DOP_Impresso-12x12.jpg 12w, https:\/\/www.diariodeouropreto.com.br\/wp-content\/uploads\/2026\/07\/DOP_Impresso-465x465.jpg 465w, https:\/\/www.diariodeouropreto.com.br\/wp-content\/uploads\/2026\/07\/DOP_Impresso-500x500.jpg 500w\" sizes=\"(max-width: 1181px) 100vw, 1181px\" width=\"400\" height=\"400\"  style=\"display: inline-block;\" \/><\/a><\/div><p class=\"wp-block-paragraph\">Por Lucas Pordeus Le\u00f3n &#8211; Ag\u00eancia Brasil<\/p>","protected":false},"excerpt":{"rendered":"<p>Especialista v\u00ea incentivos insuficientes \u00e0 industrializa\u00e7\u00e3o O projeto de lei (PL) que cria a Pol\u00edtica Nacional de Minerais Cr\u00edticos e Estrat\u00e9gicos, aprovado nessa quarta-feira (2) no Senado, foi elogiado pelas mineradoras que atuam no Brasil, mas criticado por munic\u00edpios que sediam atividades de minera\u00e7\u00e3o no pa\u00eds. O texto prev\u00ea at\u00e9<span class=\"more-link\"><a href=\"https:\/\/www.diariodeouropreto.com.br\/pt\/mineradoras-elogiam-mas-municipios-criticam-pl-de-minerais-criticos\/\" data-wpel-link=\"internal\">Continue Lendo<\/a><\/span><\/p>","protected":false},"author":1,"featured_media":55125,"comment_status":"closed","ping_status":"closed","sticky":false,"template":"","format":"standard","meta":{"_jetpack_newsletter_access":"","_jetpack_dont_email_post_to_subs":false,"_jetpack_newsletter_tier_id":0,"_jetpack_memberships_contains_paywalled_content":false,"_jetpack_feature_clip_id":0,"_jetpack_memberships_contains_paid_content":false,"footnotes":"","jetpack_publicize_message":"Especialista v\u00ea incentivos insuficientes \u00e0 industrializa\u00e7\u00e3o","jetpack_publicize_feature_enabled":true,"jetpack_social_post_already_shared":false,"jetpack_social_options":{"image_generator_settings":{"template":"highway","default_image_id":0,"font":"","enabled":false},"version":2},"jetpack_post_was_ever_published":false},"categories":[7],"tags":[],"class_list":["entry","author-diario","post-55123","post","type-post","status-publish","format-standard","has-post-thumbnail","category-brasil"],"yoast_head":"<!-- This site is optimized with the Yoast SEO plugin v28.4 - https:\/\/yoast.com\/product\/yoast-seo-wordpress\/ -->\n<title>Mineradoras elogiam, mas munic\u00edpios criticam PL de minerais cr\u00edticos - Di\u00e1rio de Ouro Preto<\/title>\n<meta name=\"description\" content=\"Especialista v\u00ea incentivos insuficientes \u00e0 industrializa\u00e7\u00e3o- Mineradoras elogiam, mas munic\u00edpios criticam PL de minerais cr\u00edticos - Brasil\" \/>\n<meta name=\"robots\" content=\"index, follow, max-snippet:-1, max-image-preview:large, max-video-preview:-1\" \/>\n<link rel=\"canonical\" href=\"https:\/\/www.diariodeouropreto.com.br\/pt\/mineradoras-elogiam-mas-municipios-criticam-pl-de-minerais-criticos\/\" \/>\n<meta property=\"og:locale\" content=\"pt_PT\" \/>\n<meta property=\"og:type\" content=\"article\" \/>\n<meta property=\"og:title\" content=\"Mineradoras elogiam, mas munic\u00edpios criticam PL de minerais cr\u00edticos - Di\u00e1rio de Ouro Preto\" \/>\n<meta property=\"og:description\" content=\"Especialista v\u00ea incentivos insuficientes \u00e0 industrializa\u00e7\u00e3o- Mineradoras elogiam, mas munic\u00edpios criticam PL de minerais cr\u00edticos - Brasil\" \/>\n<meta property=\"og:url\" content=\"https:\/\/www.diariodeouropreto.com.br\/pt\/mineradoras-elogiam-mas-municipios-criticam-pl-de-minerais-criticos\/\" \/>\n<meta property=\"og:site_name\" content=\"Di\u00e1rio de Ouro Preto\" \/>\n<meta property=\"article:publisher\" content=\"https:\/\/www.facebook.com\/diariodeouropreto\/\" \/>\n<meta property=\"article:published_time\" content=\"2026-09-04T14:28:31+00:00\" \/>\n<meta property=\"article:modified_time\" content=\"2026-09-04T14:28:33+00:00\" \/>\n<meta property=\"og:image\" content=\"https:\/\/www.diariodeouropreto.com.br\/wp-content\/uploads\/2026\/09\/0d9a7008.jpg\" \/>\n\t<meta property=\"og:image:width\" content=\"1170\" \/>\n\t<meta property=\"og:image:height\" content=\"700\" \/>\n\t<meta property=\"og:image:type\" content=\"image\/jpeg\" \/>\n<meta name=\"author\" content=\"Di\u00e1rio de Ouro Preto\" \/>\n<meta name=\"twitter:card\" content=\"summary_large_image\" \/>\n<meta name=\"twitter:label1\" content=\"Escrito por\" \/>\n\t<meta name=\"twitter:data1\" content=\"Di\u00e1rio de Ouro Preto\" \/>\n\t<meta name=\"twitter:label2\" content=\"Tempo estimado de leitura\" \/>\n\t<meta name=\"twitter:data2\" content=\"8 minutos\" \/>\n<script type=\"application\/ld+json\" class=\"yoast-schema-graph\">{\"@context\":\"https:\\\/\\\/schema.org\",\"@graph\":[{\"@type\":\"Article\",\"@id\":\"https:\\\/\\\/www.diariodeouropreto.com.br\\\/mineradoras-elogiam-mas-municipios-criticam-pl-de-minerais-criticos\\\/#article\",\"isPartOf\":{\"@id\":\"https:\\\/\\\/www.diariodeouropreto.com.br\\\/mineradoras-elogiam-mas-municipios-criticam-pl-de-minerais-criticos\\\/\"},\"author\":{\"name\":\"Di\u00e1rio de Ouro Preto\",\"@id\":\"https:\\\/\\\/www.diariodeouropreto.com.br\\\/pt\\\/#\\\/schema\\\/person\\\/7654e7b471204a6dab6dc0ce6e140c99\"},\"headline\":\"Mineradoras elogiam, mas munic\u00edpios criticam PL de minerais cr\u00edticos\",\"datePublished\":\"2026-09-04T14:28:31+00:00\",\"dateModified\":\"2026-09-04T14:28:33+00:00\",\"mainEntityOfPage\":{\"@id\":\"https:\\\/\\\/www.diariodeouropreto.com.br\\\/mineradoras-elogiam-mas-municipios-criticam-pl-de-minerais-criticos\\\/\"},\"wordCount\":1404,\"publisher\":{\"@id\":\"https:\\\/\\\/www.diariodeouropreto.com.br\\\/pt\\\/#organization\"},\"image\":{\"@id\":\"https:\\\/\\\/www.diariodeouropreto.com.br\\\/mineradoras-elogiam-mas-municipios-criticam-pl-de-minerais-criticos\\\/#primaryimage\"},\"thumbnailUrl\":\"https:\\\/\\\/www.diariodeouropreto.com.br\\\/wp-content\\\/uploads\\\/2026\\\/09\\\/0d9a7008.jpg\",\"articleSection\":[\"Brasil\"],\"inLanguage\":\"pt-PT\"},{\"@type\":\"WebPage\",\"@id\":\"https:\\\/\\\/www.diariodeouropreto.com.br\\\/mineradoras-elogiam-mas-municipios-criticam-pl-de-minerais-criticos\\\/\",\"url\":\"https:\\\/\\\/www.diariodeouropreto.com.br\\\/mineradoras-elogiam-mas-municipios-criticam-pl-de-minerais-criticos\\\/\",\"name\":\"Mineradoras elogiam, mas munic\u00edpios criticam PL de minerais cr\u00edticos - Di\u00e1rio de Ouro Preto\",\"isPartOf\":{\"@id\":\"https:\\\/\\\/www.diariodeouropreto.com.br\\\/pt\\\/#website\"},\"primaryImageOfPage\":{\"@id\":\"https:\\\/\\\/www.diariodeouropreto.com.br\\\/mineradoras-elogiam-mas-municipios-criticam-pl-de-minerais-criticos\\\/#primaryimage\"},\"image\":{\"@id\":\"https:\\\/\\\/www.diariodeouropreto.com.br\\\/mineradoras-elogiam-mas-municipios-criticam-pl-de-minerais-criticos\\\/#primaryimage\"},\"thumbnailUrl\":\"https:\\\/\\\/www.diariodeouropreto.com.br\\\/wp-content\\\/uploads\\\/2026\\\/09\\\/0d9a7008.jpg\",\"datePublished\":\"2026-09-04T14:28:31+00:00\",\"dateModified\":\"2026-09-04T14:28:33+00:00\",\"description\":\"Especialista v\u00ea incentivos insuficientes \u00e0 industrializa\u00e7\u00e3o- Mineradoras elogiam, mas munic\u00edpios criticam PL de minerais cr\u00edticos - Brasil\",\"breadcrumb\":{\"@id\":\"https:\\\/\\\/www.diariodeouropreto.com.br\\\/mineradoras-elogiam-mas-municipios-criticam-pl-de-minerais-criticos\\\/#breadcrumb\"},\"inLanguage\":\"pt-PT\",\"potentialAction\":[{\"@type\":\"ReadAction\",\"target\":[\"https:\\\/\\\/www.diariodeouropreto.com.br\\\/mineradoras-elogiam-mas-municipios-criticam-pl-de-minerais-criticos\\\/\"]}]},{\"@type\":\"ImageObject\",\"inLanguage\":\"pt-PT\",\"@id\":\"https:\\\/\\\/www.diariodeouropreto.com.br\\\/mineradoras-elogiam-mas-municipios-criticam-pl-de-minerais-criticos\\\/#primaryimage\",\"url\":\"https:\\\/\\\/www.diariodeouropreto.com.br\\\/wp-content\\\/uploads\\\/2026\\\/09\\\/0d9a7008.jpg\",\"contentUrl\":\"https:\\\/\\\/www.diariodeouropreto.com.br\\\/wp-content\\\/uploads\\\/2026\\\/09\\\/0d9a7008.jpg\",\"width\":1170,\"height\":700},{\"@type\":\"BreadcrumbList\",\"@id\":\"https:\\\/\\\/www.diariodeouropreto.com.br\\\/mineradoras-elogiam-mas-municipios-criticam-pl-de-minerais-criticos\\\/#breadcrumb\",\"itemListElement\":[{\"@type\":\"ListItem\",\"position\":1,\"name\":\"In\u00edcio\",\"item\":\"https:\\\/\\\/www.diariodeouropreto.com.br\\\/pt\\\/\"},{\"@type\":\"ListItem\",\"position\":2,\"name\":\"Mineradoras elogiam, mas munic\u00edpios criticam PL de minerais cr\u00edticos\"}]},{\"@type\":\"WebSite\",\"@id\":\"https:\\\/\\\/www.diariodeouropreto.com.br\\\/pt\\\/#website\",\"url\":\"https:\\\/\\\/www.diariodeouropreto.com.br\\\/pt\\\/\",\"name\":\"Di\u00e1rio de Ouro Preto\",\"description\":\"Not\u00edcias Ouro Preto; Mariana;Minas Gerais;Jornal;Jornalismo;Not\u00edcias;\",\"publisher\":{\"@id\":\"https:\\\/\\\/www.diariodeouropreto.com.br\\\/pt\\\/#organization\"},\"alternateName\":\"Jornal di\u00e1rio de Ouro Preto\",\"potentialAction\":[{\"@type\":\"SearchAction\",\"target\":{\"@type\":\"EntryPoint\",\"urlTemplate\":\"https:\\\/\\\/www.diariodeouropreto.com.br\\\/pt\\\/?s={search_term_string}\"},\"query-input\":{\"@type\":\"PropertyValueSpecification\",\"valueRequired\":true,\"valueName\":\"search_term_string\"}}],\"inLanguage\":\"pt-PT\"},{\"@type\":\"Organization\",\"@id\":\"https:\\\/\\\/www.diariodeouropreto.com.br\\\/pt\\\/#organization\",\"name\":\"Di\u00e1rio de Ouro Preto\",\"alternateName\":\"Jornal di\u00e1rio Ouro Preto\",\"url\":\"https:\\\/\\\/www.diariodeouropreto.com.br\\\/pt\\\/\",\"logo\":{\"@type\":\"ImageObject\",\"inLanguage\":\"pt-PT\",\"@id\":\"https:\\\/\\\/www.diariodeouropreto.com.br\\\/pt\\\/#\\\/schema\\\/logo\\\/image\\\/\",\"url\":\"https:\\\/\\\/www.diariodeouropreto.com.br\\\/wp-content\\\/uploads\\\/2019\\\/06\\\/cropped-logotransp-2.png\",\"contentUrl\":\"https:\\\/\\\/www.diariodeouropreto.com.br\\\/wp-content\\\/uploads\\\/2019\\\/06\\\/cropped-logotransp-2.png\",\"width\":1323,\"height\":251,\"caption\":\"Di\u00e1rio de Ouro Preto\"},\"image\":{\"@id\":\"https:\\\/\\\/www.diariodeouropreto.com.br\\\/pt\\\/#\\\/schema\\\/logo\\\/image\\\/\"},\"sameAs\":[\"https:\\\/\\\/www.facebook.com\\\/diariodeouropreto\\\/\"]},{\"@type\":\"Person\",\"@id\":\"https:\\\/\\\/www.diariodeouropreto.com.br\\\/pt\\\/#\\\/schema\\\/person\\\/7654e7b471204a6dab6dc0ce6e140c99\",\"name\":\"Di\u00e1rio de Ouro Preto\",\"sameAs\":[\"http:\\\/\\\/www.diariodeouropreto.com.br\"],\"url\":\"https:\\\/\\\/www.diariodeouropreto.com.br\\\/pt\\\/author\\\/diario\\\/\"}]}<\/script>\n<!-- \/ Yoast SEO plugin. -->","yoast_head_json":{"title":"Mineradoras elogiam, mas munic\u00edpios criticam PL de minerais cr\u00edticos - Di\u00e1rio de Ouro Preto","description":"Especialista v\u00ea incentivos insuficientes \u00e0 industrializa\u00e7\u00e3o- Mineradoras elogiam, mas munic\u00edpios criticam PL de minerais cr\u00edticos - Brasil","robots":{"index":"index","follow":"follow","max-snippet":"max-snippet:-1","max-image-preview":"max-image-preview:large","max-video-preview":"max-video-preview:-1"},"canonical":"https:\/\/www.diariodeouropreto.com.br\/pt\/mineradoras-elogiam-mas-municipios-criticam-pl-de-minerais-criticos\/","og_locale":"pt_PT","og_type":"article","og_title":"Mineradoras elogiam, mas munic\u00edpios criticam PL de minerais cr\u00edticos - Di\u00e1rio de Ouro Preto","og_description":"Especialista v\u00ea incentivos insuficientes \u00e0 industrializa\u00e7\u00e3o- Mineradoras elogiam, mas munic\u00edpios criticam PL de minerais cr\u00edticos - Brasil","og_url":"https:\/\/www.diariodeouropreto.com.br\/pt\/mineradoras-elogiam-mas-municipios-criticam-pl-de-minerais-criticos\/","og_site_name":"Di\u00e1rio de Ouro Preto","article_publisher":"https:\/\/www.facebook.com\/diariodeouropreto\/","article_published_time":"2026-09-04T14:28:31+00:00","article_modified_time":"2026-09-04T14:28:33+00:00","og_image":[{"width":1170,"height":700,"url":"https:\/\/www.diariodeouropreto.com.br\/wp-content\/uploads\/2026\/09\/0d9a7008.jpg","type":"image\/jpeg"}],"author":"Di\u00e1rio de Ouro Preto","twitter_card":"summary_large_image","twitter_misc":{"Escrito por":"Di\u00e1rio de Ouro Preto","Tempo estimado de leitura":"8 minutos"},"schema":{"@context":"https:\/\/schema.org","@graph":[{"@type":"Article","@id":"https:\/\/www.diariodeouropreto.com.br\/mineradoras-elogiam-mas-municipios-criticam-pl-de-minerais-criticos\/#article","isPartOf":{"@id":"https:\/\/www.diariodeouropreto.com.br\/mineradoras-elogiam-mas-municipios-criticam-pl-de-minerais-criticos\/"},"author":{"name":"Di\u00e1rio de Ouro Preto","@id":"https:\/\/www.diariodeouropreto.com.br\/pt\/#\/schema\/person\/7654e7b471204a6dab6dc0ce6e140c99"},"headline":"Mineradoras elogiam, mas munic\u00edpios criticam PL de minerais cr\u00edticos","datePublished":"2026-09-04T14:28:31+00:00","dateModified":"2026-09-04T14:28:33+00:00","mainEntityOfPage":{"@id":"https:\/\/www.diariodeouropreto.com.br\/mineradoras-elogiam-mas-municipios-criticam-pl-de-minerais-criticos\/"},"wordCount":1404,"publisher":{"@id":"https:\/\/www.diariodeouropreto.com.br\/pt\/#organization"},"image":{"@id":"https:\/\/www.diariodeouropreto.com.br\/mineradoras-elogiam-mas-municipios-criticam-pl-de-minerais-criticos\/#primaryimage"},"thumbnailUrl":"https:\/\/www.diariodeouropreto.com.br\/wp-content\/uploads\/2026\/09\/0d9a7008.jpg","articleSection":["Brasil"],"inLanguage":"pt-PT"},{"@type":"WebPage","@id":"https:\/\/www.diariodeouropreto.com.br\/mineradoras-elogiam-mas-municipios-criticam-pl-de-minerais-criticos\/","url":"https:\/\/www.diariodeouropreto.com.br\/mineradoras-elogiam-mas-municipios-criticam-pl-de-minerais-criticos\/","name":"Mineradoras elogiam, mas munic\u00edpios criticam PL de minerais cr\u00edticos - Di\u00e1rio de Ouro Preto","isPartOf":{"@id":"https:\/\/www.diariodeouropreto.com.br\/pt\/#website"},"primaryImageOfPage":{"@id":"https:\/\/www.diariodeouropreto.com.br\/mineradoras-elogiam-mas-municipios-criticam-pl-de-minerais-criticos\/#primaryimage"},"image":{"@id":"https:\/\/www.diariodeouropreto.com.br\/mineradoras-elogiam-mas-municipios-criticam-pl-de-minerais-criticos\/#primaryimage"},"thumbnailUrl":"https:\/\/www.diariodeouropreto.com.br\/wp-content\/uploads\/2026\/09\/0d9a7008.jpg","datePublished":"2026-09-04T14:28:31+00:00","dateModified":"2026-09-04T14:28:33+00:00","description":"Especialista v\u00ea incentivos insuficientes \u00e0 industrializa\u00e7\u00e3o- Mineradoras elogiam, mas munic\u00edpios criticam PL de minerais cr\u00edticos - Brasil","breadcrumb":{"@id":"https:\/\/www.diariodeouropreto.com.br\/mineradoras-elogiam-mas-municipios-criticam-pl-de-minerais-criticos\/#breadcrumb"},"inLanguage":"pt-PT","potentialAction":[{"@type":"ReadAction","target":["https:\/\/www.diariodeouropreto.com.br\/mineradoras-elogiam-mas-municipios-criticam-pl-de-minerais-criticos\/"]}]},{"@type":"ImageObject","inLanguage":"pt-PT","@id":"https:\/\/www.diariodeouropreto.com.br\/mineradoras-elogiam-mas-municipios-criticam-pl-de-minerais-criticos\/#primaryimage","url":"https:\/\/www.diariodeouropreto.com.br\/wp-content\/uploads\/2026\/09\/0d9a7008.jpg","contentUrl":"https:\/\/www.diariodeouropreto.com.br\/wp-content\/uploads\/2026\/09\/0d9a7008.jpg","width":1170,"height":700},{"@type":"BreadcrumbList","@id":"https:\/\/www.diariodeouropreto.com.br\/mineradoras-elogiam-mas-municipios-criticam-pl-de-minerais-criticos\/#breadcrumb","itemListElement":[{"@type":"ListItem","position":1,"name":"In\u00edcio","item":"https:\/\/www.diariodeouropreto.com.br\/pt\/"},{"@type":"ListItem","position":2,"name":"Mineradoras elogiam, mas munic\u00edpios criticam PL de minerais cr\u00edticos"}]},{"@type":"WebSite","@id":"https:\/\/www.diariodeouropreto.com.br\/pt\/#website","url":"https:\/\/www.diariodeouropreto.com.br\/pt\/","name":"Di\u00e1rio de Ouro Preto","description":"Not\u00edcias Ouro Preto; Mariana;Minas Gerais;Jornal;Jornalismo;Not\u00edcias;","publisher":{"@id":"https:\/\/www.diariodeouropreto.com.br\/pt\/#organization"},"alternateName":"Jornal di\u00e1rio de Ouro Preto","potentialAction":[{"@type":"SearchAction","target":{"@type":"EntryPoint","urlTemplate":"https:\/\/www.diariodeouropreto.com.br\/pt\/?s={search_term_string}"},"query-input":{"@type":"PropertyValueSpecification","valueRequired":true,"valueName":"search_term_string"}}],"inLanguage":"pt-PT"},{"@type":"Organization","@id":"https:\/\/www.diariodeouropreto.com.br\/pt\/#organization","name":"Di\u00e1rio de Ouro Preto","alternateName":"Jornal di\u00e1rio Ouro Preto","url":"https:\/\/www.diariodeouropreto.com.br\/pt\/","logo":{"@type":"ImageObject","inLanguage":"pt-PT","@id":"https:\/\/www.diariodeouropreto.com.br\/pt\/#\/schema\/logo\/image\/","url":"https:\/\/www.diariodeouropreto.com.br\/wp-content\/uploads\/2019\/06\/cropped-logotransp-2.png","contentUrl":"https:\/\/www.diariodeouropreto.com.br\/wp-content\/uploads\/2019\/06\/cropped-logotransp-2.png","width":1323,"height":251,"caption":"Di\u00e1rio de Ouro Preto"},"image":{"@id":"https:\/\/www.diariodeouropreto.com.br\/pt\/#\/schema\/logo\/image\/"},"sameAs":["https:\/\/www.facebook.com\/diariodeouropreto\/"]},{"@type":"Person","@id":"https:\/\/www.diariodeouropreto.com.br\/pt\/#\/schema\/person\/7654e7b471204a6dab6dc0ce6e140c99","name":"Di\u00e1rio de Ouro Preto","sameAs":["http:\/\/www.diariodeouropreto.com.br"],"url":"https:\/\/www.diariodeouropreto.com.br\/pt\/author\/diario\/"}]}},"jetpack_publicize_connections":[],"jetpack-related-posts":[{"id":28052,"url":"https:\/\/www.diariodeouropreto.com.br\/pt\/setor-de-mineracao-fatura-menos-devido-a-queda-de-precos-no-exterior\/","url_meta":{"origin":55123,"position":0},"title":"Setor de minera\u00e7\u00e3o fatura menos devido \u00e0 queda de pre\u00e7os no exterior","author":"Di\u00e1rio de Ouro Preto","date":"31 de Janeiro de 2024","format":false,"excerpt":"O faturamento do setor de minera\u00e7\u00e3o brasileiro totalizou R$ 248,2 bilh\u00f5es no ano passado, inferior em 0,7% ao registrado no ano anterior, que foi de R$ 250 bilh\u00f5es. A queda \u00e9 explicada pela redu\u00e7\u00e3o de pre\u00e7os dos produtos no mercado internacional, segundo o Instituto Brasileiro de Minera\u00e7\u00e3o (Ibram).\u00a0O estado que\u2026","rel":"","context":"In &quot;Minas Gerais&quot;","block_context":{"text":"Minas Gerais","link":"https:\/\/www.diariodeouropreto.com.br\/pt\/Editoria\/minas-gerais\/"},"img":{"alt_text":"","src":"https:\/\/i0.wp.com\/www.diariodeouropreto.com.br\/wp-content\/uploads\/2024\/01\/356aeca4-d7f0-44c2-a19f-4f5430544a58.webp?resize=350%2C200&ssl=1","width":350,"height":200,"srcset":"https:\/\/i0.wp.com\/www.diariodeouropreto.com.br\/wp-content\/uploads\/2024\/01\/356aeca4-d7f0-44c2-a19f-4f5430544a58.webp?resize=350%2C200&ssl=1 1x, https:\/\/i0.wp.com\/www.diariodeouropreto.com.br\/wp-content\/uploads\/2024\/01\/356aeca4-d7f0-44c2-a19f-4f5430544a58.webp?resize=525%2C300&ssl=1 1.5x, https:\/\/i0.wp.com\/www.diariodeouropreto.com.br\/wp-content\/uploads\/2024\/01\/356aeca4-d7f0-44c2-a19f-4f5430544a58.webp?resize=700%2C400&ssl=1 2x, https:\/\/i0.wp.com\/www.diariodeouropreto.com.br\/wp-content\/uploads\/2024\/01\/356aeca4-d7f0-44c2-a19f-4f5430544a58.webp?resize=1050%2C600&ssl=1 3x"},"classes":[]},{"id":8731,"url":"https:\/\/www.diariodeouropreto.com.br\/pt\/municipios-mineradores-querem-entrar-no-acordo-da-vale\/","url_meta":{"origin":55123,"position":1},"title":"Munic\u00edpios mineradores querem entrar no acordo da Vale","author":"Di\u00e1rio de Ouro Preto","date":"18 de Junho de 2021","format":false,"excerpt":"Debater a\u00a0repara\u00e7\u00e3o pelos preju\u00edzos econ\u00f4micos de todas as cidades mineiras situadas em regi\u00f5es mineradoras\u00a0de Minas Gerais. Este \u00e9 o objetivo da audi\u00eancia com convidados que a Comiss\u00e3o de Minas e Energia realiza nesta segunda-feira (21\/6\/21), a partir das 14 horas, no Audit\u00f3rio do andar SE da Assembleia Legislativa de Minas\u2026","rel":"","context":"In &quot;Minas Gerais&quot;","block_context":{"text":"Minas Gerais","link":"https:\/\/www.diariodeouropreto.com.br\/pt\/Editoria\/minas-gerais\/"},"img":{"alt_text":"","src":"https:\/\/i0.wp.com\/www.diariodeouropreto.com.br\/wp-content\/uploads\/2021\/04\/capa-noticia-geral-e1617738740372.png?resize=350%2C200&ssl=1","width":350,"height":200,"srcset":"https:\/\/i0.wp.com\/www.diariodeouropreto.com.br\/wp-content\/uploads\/2021\/04\/capa-noticia-geral-e1617738740372.png?resize=350%2C200&ssl=1 1x, https:\/\/i0.wp.com\/www.diariodeouropreto.com.br\/wp-content\/uploads\/2021\/04\/capa-noticia-geral-e1617738740372.png?resize=525%2C300&ssl=1 1.5x"},"classes":[]},{"id":38143,"url":"https:\/\/www.diariodeouropreto.com.br\/pt\/relatorio-mapeia-conflitos-envolvendo-transicao-energetica-e-mineracao\/","url_meta":{"origin":55123,"position":2},"title":"Relat\u00f3rio mapeia conflitos envolvendo transi\u00e7\u00e3o energ\u00e9tica e minera\u00e7\u00e3o","author":"Di\u00e1rio de Ouro Preto","date":"14 de Setembro de 2024","format":false,"excerpt":"A busca por\u00a0minerais necess\u00e1rios para projetos de transi\u00e7\u00e3o energ\u00e9tica vem causando conflito\u00a0nas novas frentes explorat\u00f3rias.\u00a0\u00c9 o que indica o Grupo de Pesquisa e Extens\u00e3o Pol\u00edtica, Economia, Minera\u00e7\u00e3o, Ambiente e Sociedade (Poemas), ao qual s\u00e3o vinculados pesquisadores de diferentes institui\u00e7\u00f5es cient\u00edficas, como as universidades federais de Juiz de Fora (UFJF), Fluminense\u2026","rel":"","context":"In &quot;Brasil&quot;","block_context":{"text":"Brasil","link":"https:\/\/www.diariodeouropreto.com.br\/pt\/Editoria\/brasil\/"},"img":{"alt_text":"","src":"https:\/\/i0.wp.com\/www.diariodeouropreto.com.br\/wp-content\/uploads\/2024\/09\/mina-de-sossego.webp?resize=350%2C200&ssl=1","width":350,"height":200,"srcset":"https:\/\/i0.wp.com\/www.diariodeouropreto.com.br\/wp-content\/uploads\/2024\/09\/mina-de-sossego.webp?resize=350%2C200&ssl=1 1x, https:\/\/i0.wp.com\/www.diariodeouropreto.com.br\/wp-content\/uploads\/2024\/09\/mina-de-sossego.webp?resize=525%2C300&ssl=1 1.5x, https:\/\/i0.wp.com\/www.diariodeouropreto.com.br\/wp-content\/uploads\/2024\/09\/mina-de-sossego.webp?resize=700%2C400&ssl=1 2x, https:\/\/i0.wp.com\/www.diariodeouropreto.com.br\/wp-content\/uploads\/2024\/09\/mina-de-sossego.webp?resize=1050%2C600&ssl=1 3x"},"classes":[]},{"id":39486,"url":"https:\/\/www.diariodeouropreto.com.br\/pt\/nove-anos-do-rompimento-da-barragem-do-fundao-sao-lembrados-em-plenario\/","url_meta":{"origin":55123,"position":3},"title":"Nove anos do rompimento da barragem do Fund\u00e3o s\u00e3o lembrados em Plen\u00e1rio","author":"Di\u00e1rio de Ouro Preto","date":"5 de Novembro de 2024","format":false,"excerpt":"Parlamentares criticaram impunidade do crime ambiental e tamb\u00e9m comentaram a elei\u00e7\u00e3o norte-americana Os nove anos do\u00a0rompimento da barragem de Fund\u00e3o,\u00a0em Mariana, que se completam nesta ter\u00e7a-feira (05\/11), foi o principal assunto comentado pelos parlamentares durante a tarde, na Reuni\u00e3o Ordin\u00e1ria de Plen\u00e1rio da Assembleia Legislativa de Minas Gerais (ALMG). Foram\u2026","rel":"","context":"In &quot;Minas Gerais&quot;","block_context":{"text":"Minas Gerais","link":"https:\/\/www.diariodeouropreto.com.br\/pt\/Editoria\/minas-gerais\/"},"img":{"alt_text":"","src":"https:\/\/i0.wp.com\/www.diariodeouropreto.com.br\/wp-content\/uploads\/2024\/11\/2208391.jpg?resize=350%2C200&ssl=1","width":350,"height":200,"srcset":"https:\/\/i0.wp.com\/www.diariodeouropreto.com.br\/wp-content\/uploads\/2024\/11\/2208391.jpg?resize=350%2C200&ssl=1 1x, https:\/\/i0.wp.com\/www.diariodeouropreto.com.br\/wp-content\/uploads\/2024\/11\/2208391.jpg?resize=525%2C300&ssl=1 1.5x, https:\/\/i0.wp.com\/www.diariodeouropreto.com.br\/wp-content\/uploads\/2024\/11\/2208391.jpg?resize=700%2C400&ssl=1 2x, https:\/\/i0.wp.com\/www.diariodeouropreto.com.br\/wp-content\/uploads\/2024\/11\/2208391.jpg?resize=1050%2C600&ssl=1 3x"},"classes":[]},{"id":42324,"url":"https:\/\/www.diariodeouropreto.com.br\/pt\/faturamento-do-setor-mineral-cresceu-91-em-2024\/","url_meta":{"origin":55123,"position":4},"title":"Faturamento do setor mineral cresceu 9,1% em 2024","author":"Di\u00e1rio de Ouro Preto","date":"6 de Fevereiro de 2025","format":false,"excerpt":"Aumento foi impulsionado por valoriza\u00e7\u00e3o do d\u00f3lar e alta do ferro O faturamento do setor mineral brasileiro em 2024 foi de R$ 270,8 bilh\u00f5es. O montante representa uma alta de 9,1% na compara\u00e7\u00e3o com 2023. Os dados consolidados do \u00faltimo ano integram o balan\u00e7o que foi apresentado nesta quarta-feira (5)\u2026","rel":"","context":"In &quot;Brasil&quot;","block_context":{"text":"Brasil","link":"https:\/\/www.diariodeouropreto.com.br\/pt\/Editoria\/brasil\/"},"img":{"alt_text":"","src":"https:\/\/i0.wp.com\/www.diariodeouropreto.com.br\/wp-content\/uploads\/2025\/02\/951774-mineradora_21.webp?resize=350%2C200&ssl=1","width":350,"height":200,"srcset":"https:\/\/i0.wp.com\/www.diariodeouropreto.com.br\/wp-content\/uploads\/2025\/02\/951774-mineradora_21.webp?resize=350%2C200&ssl=1 1x, https:\/\/i0.wp.com\/www.diariodeouropreto.com.br\/wp-content\/uploads\/2025\/02\/951774-mineradora_21.webp?resize=525%2C300&ssl=1 1.5x, https:\/\/i0.wp.com\/www.diariodeouropreto.com.br\/wp-content\/uploads\/2025\/02\/951774-mineradora_21.webp?resize=700%2C400&ssl=1 2x, https:\/\/i0.wp.com\/www.diariodeouropreto.com.br\/wp-content\/uploads\/2025\/02\/951774-mineradora_21.webp?resize=1050%2C600&ssl=1 3x"},"classes":[]},{"id":30875,"url":"https:\/\/www.diariodeouropreto.com.br\/pt\/amig-divulga-manifesto-em-apoio-ao-dia-internacional-de-luta-contra-as-barragens\/","url_meta":{"origin":55123,"position":5},"title":"AMIG divulga manifesto em apoio ao Dia Internacional de Luta Contra as Barragens","author":"Di\u00e1rio de Ouro Preto","date":"15 de Mar\u00e7o de 2024","format":false,"excerpt":"Nesta quinta-feira, 14 de mar\u00e7o, marcada como o Dia Internacional de Luta Contra as Barragens, em Defesa dos Rios e da Vida, a diretoria da Associa\u00e7\u00e3o dos Munic\u00edpios MIneradores de Minas Gerais e do Brasil (AMIG), vem a p\u00fablico refor\u00e7ar a urg\u00eancia em fortalecer a fiscaliza\u00e7\u00e3o da atividade miner\u00e1ria no\u2026","rel":"","context":"In &quot;Cidades&quot;","block_context":{"text":"Cidades","link":"https:\/\/www.diariodeouropreto.com.br\/pt\/Editoria\/cidades\/"},"img":{"alt_text":"","src":"https:\/\/i0.wp.com\/www.diariodeouropreto.com.br\/wp-content\/uploads\/2019\/09\/titulosite2-e1616373489755.jpg?resize=350%2C200&ssl=1","width":350,"height":200,"srcset":"https:\/\/i0.wp.com\/www.diariodeouropreto.com.br\/wp-content\/uploads\/2019\/09\/titulosite2-e1616373489755.jpg?resize=350%2C200&ssl=1 1x, https:\/\/i0.wp.com\/www.diariodeouropreto.com.br\/wp-content\/uploads\/2019\/09\/titulosite2-e1616373489755.jpg?resize=525%2C300&ssl=1 1.5x, https:\/\/i0.wp.com\/www.diariodeouropreto.com.br\/wp-content\/uploads\/2019\/09\/titulosite2-e1616373489755.jpg?resize=700%2C400&ssl=1 2x, https:\/\/i0.wp.com\/www.diariodeouropreto.com.br\/wp-content\/uploads\/2019\/09\/titulosite2-e1616373489755.jpg?resize=1050%2C600&ssl=1 3x"},"classes":[]}],"jetpack_sharing_enabled":true,"amp_enabled":true,"jetpack_featured_media_url":"https:\/\/www.diariodeouropreto.com.br\/wp-content\/uploads\/2026\/09\/0d9a7008.jpg","_links":{"self":[{"href":"https:\/\/www.diariodeouropreto.com.br\/pt\/wp-json\/wp\/v2\/posts\/55123","targetHints":{"allow":["GET"]}}],"collection":[{"href":"https:\/\/www.diariodeouropreto.com.br\/pt\/wp-json\/wp\/v2\/posts"}],"about":[{"href":"https:\/\/www.diariodeouropreto.com.br\/pt\/wp-json\/wp\/v2\/types\/post"}],"author":[{"embeddable":true,"href":"https:\/\/www.diariodeouropreto.com.br\/pt\/wp-json\/wp\/v2\/users\/1"}],"replies":[{"embeddable":true,"href":"https:\/\/www.diariodeouropreto.com.br\/pt\/wp-json\/wp\/v2\/comments?post=55123"}],"version-history":[{"count":1,"href":"https:\/\/www.diariodeouropreto.com.br\/pt\/wp-json\/wp\/v2\/posts\/55123\/revisions"}],"predecessor-version":[{"id":55126,"href":"https:\/\/www.diariodeouropreto.com.br\/pt\/wp-json\/wp\/v2\/posts\/55123\/revisions\/55126"}],"wp:featuredmedia":[{"embeddable":true,"href":"https:\/\/www.diariodeouropreto.com.br\/pt\/wp-json\/wp\/v2\/media\/55125"}],"wp:attachment":[{"href":"https:\/\/www.diariodeouropreto.com.br\/pt\/wp-json\/wp\/v2\/media?parent=55123"}],"wp:term":[{"taxonomy":"category","embeddable":true,"href":"https:\/\/www.diariodeouropreto.com.br\/pt\/wp-json\/wp\/v2\/categories?post=55123"},{"taxonomy":"post_tag","embeddable":true,"href":"https:\/\/www.diariodeouropreto.com.br\/pt\/wp-json\/wp\/v2\/tags?post=55123"}],"curies":[{"name":"wp","href":"https:\/\/api.w.org\/{rel}","templated":true}]}}