{"id":55108,"date":"2026-09-03T19:09:47","date_gmt":"2026-09-03T22:09:47","guid":{"rendered":"https:\/\/www.diariodeouropreto.com.br\/?p=55108"},"modified":"2026-09-03T19:10:00","modified_gmt":"2026-09-03T22:10:00","slug":"tre-mg-indefere-o-registro-de-candidatura-de-eduardo-cunha","status":"publish","type":"post","link":"https:\/\/www.diariodeouropreto.com.br\/pt\/tre-mg-indefere-o-registro-de-candidatura-de-eduardo-cunha\/","title":{"rendered":"TRE-MG indefere o registro de candidatura de Eduardo Cunha"},"content":{"rendered":"<h3 class=\"wp-block-heading is-style-hoot-headblock1\">Candidato a deputado federal pode apresentar recurso e continuar fazendo campanha enquanto o processo estiver em andamento<\/h3>\n\n\n\n<p class=\"wp-block-paragraph\">Em <a href=\"https:\/\/www.youtube.com\/watch?v=RolqG6PGxhw\" target=\"_blank\" rel=\"noopener follow external noreferrer sponsored ugc\" data-wpel-link=\"external\">sess\u00e3o de julgamentos nesta quinta-feira<\/a> (3), o Tribunal Regional Eleitoral de Minas Gerais indeferiu o registro de Eduardo Cosentino Cunha (Republicanos) ao cargo de deputado federal. A decis\u00e3o da Corte Eleitoral foi por unanimidade, seguindo o voto do relator, desembargador S\u00e1lvio Chaves.<\/p>\n\n\n\n<p class=\"wp-block-paragraph\">O desembargador analisou as impugna\u00e7\u00f5es ao registro de candidatura apresentadas pelo Minist\u00e9rio P\u00fablico Eleitoral (MPE) e pela candidata Roberta Lopes Alves (PL) e concluiu pelo indeferimento do registro, por reconhecer a incid\u00eancia da causa de inelegibilidade prevista na <a href=\"https:\/\/www.tse.jus.br\/legislacao\/codigo-eleitoral\/lei-de-inelegibilidade\/lei-de-inelegibilidade-lei-complementar-nb0-64-de-18-de-maio-de-1990\" target=\"_blank\" rel=\"noopener follow external noreferrer sponsored ugc\" data-wpel-link=\"external\">Lei Complementar n\u00ba 64\/90<\/a> para parlamentares que tiveram o mandato cassado por quebra de decoro parlamentar (al\u00ednea b do inciso I do artigo 1\u00ba da <a href=\"https:\/\/www.tse.jus.br\/legislacao\/codigo-eleitoral\/lei-de-inelegibilidade\/lei-de-inelegibilidade-lei-complementar-nb0-64-de-18-de-maio-de-1990\" target=\"_blank\" rel=\"noopener follow external noreferrer sponsored ugc\" data-wpel-link=\"external\">Lei Complementar 64\/1990<\/a>).<\/p>\n\n\n\n<p class=\"wp-block-paragraph\">O Tribunal declarou incidentalmente inconstitucionais as altera\u00e7\u00f5es promovidas pela Lei Complementar n\u00ba 219\/2025 nas al\u00edneas \u201cb\u201d e \u201cl\u201d do art. 1\u00ba, inciso I, da Lei Complementar n\u00ba 64\/1990. O entendimento foi de que as mudan\u00e7as reduziram a prote\u00e7\u00e3o \u00e0 moralidade e \u00e0 probidade administrativa exigida pela Constitui\u00e7\u00e3o, ao diminuir ou dificultar a incid\u00eancia de hip\u00f3teses de inelegibilidade.<\/p>\n\n\n\n<p class=\"wp-block-paragraph\">No m\u00e9rito, o voto do relator reconheceu que Eduardo Cunha teve o mandato de deputado federal cassado pela C\u00e2mara dos Deputados, em 2016, por conduta incompat\u00edvel com o decoro parlamentar. Aplicando-se a reda\u00e7\u00e3o anterior da Lei da Ficha Limpa, concluiu-se que o prazo de inelegibilidade permanece em vigor at\u00e9 1\u00ba de fevereiro de 2027, alcan\u00e7ando as elei\u00e7\u00f5es de 2026. Esse fundamento, por si s\u00f3, foi considerado suficiente para impedir o registro da candidatura.<\/p>\n\n\n\n<p class=\"wp-block-paragraph\">Ainda em rela\u00e7\u00e3o \u00e0 impugna\u00e7\u00e3o apresentada pelo MPE, o voto rejeitou a tese de inelegibilidade baseada nos arts. 14, \u00a7 9\u00ba; e 17, \u00a7 4\u00ba, da Constitui\u00e7\u00e3o Federal, por entender que n\u00e3o h\u00e1 elementos que indiquem participa\u00e7\u00e3o do candidato em organiza\u00e7\u00e3o paramilitar ou cong\u00eanere. Tamb\u00e9m afastou a incid\u00eancia da inelegibilidade por improbidade administrativa prevista na al\u00ednea \u201cl\u201d da Lei Complementar n\u00ba 64\/1990, por considerar que, embora tenha havido reconhecimento de enriquecimento il\u00edcito em a\u00e7\u00e3o de improbidade, n\u00e3o ficou demonstrada les\u00e3o ao patrim\u00f4nio p\u00fablico, requisito indispens\u00e1vel para essa hip\u00f3tese.<\/p>\n\n\n\n<p class=\"wp-block-paragraph\">Da decis\u00e3o do TRE-MG, cabe a apresenta\u00e7\u00e3o de recurso. Enquanto o processo estiver tramitando, o candidato pode continuar fazendo campanha, inclusive com o uso do hor\u00e1rio eleitoral gratuito.<\/p>\n\n\n\n<p class=\"wp-block-paragraph\">O ac\u00f3rd\u00e3o ser\u00e1 publicado nos pr\u00f3ximos dias no <a href=\"https:\/\/www.tre-mg.jus.br\/servicos-judiciais\/dje-janela\" target=\"_blank\" rel=\"noopener follow external noreferrer sponsored ugc\" data-wpel-link=\"external\">Di\u00e1rio da Justi\u00e7a Eletr\u00f4nico<\/a> e na <a href=\"https:\/\/consultaunificadapje.tse.jus.br\/#\/public\/resultado\/0601016-60.2026.6.13.0000\" target=\"_blank\" rel=\"noopener follow external noreferrer sponsored ugc\" data-wpel-link=\"external\">Consulta P\u00fablica do PJE<\/a>.<\/p>\n\n\n\n<p class=\"wp-block-paragraph\">Processo relacionado: <a href=\"https:\/\/consultaunificadapje.tse.jus.br\/#\/public\/resultado\/0601016-60.2026.6.13.0000\" target=\"_blank\" rel=\"noopener follow external noreferrer sponsored ugc\" data-wpel-link=\"external\">0601016-60.2026.6.13.0000<\/a><\/p>\n\n\n\n<div id=\"152151\" class=\"advads-saneouro-2 advads-entity-placement\" style=\"margin-top: 3px;margin-bottom: 3px;margin-left: auto;margin-right: auto;text-align: center;\"><a href=\"https:\/\/www.saneouro.com.br\/\" target=\"_blank\" aria-label=\"DOP_Impresso\" data-wpel-link=\"external\" rel=\"follow external noopener noreferrer sponsored ugc\"><img src=\"https:\/\/www.diariodeouropreto.com.br\/wp-content\/uploads\/2026\/07\/DOP_Impresso.jpg\" alt=\"\"  srcset=\"https:\/\/www.diariodeouropreto.com.br\/wp-content\/uploads\/2026\/07\/DOP_Impresso.jpg 1181w, https:\/\/www.diariodeouropreto.com.br\/wp-content\/uploads\/2026\/07\/DOP_Impresso-396x396.jpg 396w, https:\/\/www.diariodeouropreto.com.br\/wp-content\/uploads\/2026\/07\/DOP_Impresso-150x150.jpg 150w, https:\/\/www.diariodeouropreto.com.br\/wp-content\/uploads\/2026\/07\/DOP_Impresso-768x768.jpg 768w, https:\/\/www.diariodeouropreto.com.br\/wp-content\/uploads\/2026\/07\/DOP_Impresso-12x12.jpg 12w, https:\/\/www.diariodeouropreto.com.br\/wp-content\/uploads\/2026\/07\/DOP_Impresso-465x465.jpg 465w, https:\/\/www.diariodeouropreto.com.br\/wp-content\/uploads\/2026\/07\/DOP_Impresso-500x500.jpg 500w\" sizes=\"(max-width: 1181px) 100vw, 1181px\" width=\"400\" height=\"400\"  style=\"display: inline-block;\" \/><\/a><\/div><p class=\"wp-block-paragraph\">Fonte: Assessoria TRE-MG<\/p>","protected":false},"excerpt":{"rendered":"<p>Candidato a deputado federal pode apresentar recurso e continuar fazendo campanha enquanto o processo estiver em andamento Em sess\u00e3o de julgamentos nesta quinta-feira (3), o Tribunal Regional Eleitoral de Minas Gerais indeferiu o registro de Eduardo Cosentino Cunha (Republicanos) ao cargo de deputado federal. A decis\u00e3o da Corte Eleitoral foi<span class=\"more-link\"><a href=\"https:\/\/www.diariodeouropreto.com.br\/pt\/tre-mg-indefere-o-registro-de-candidatura-de-eduardo-cunha\/\" data-wpel-link=\"internal\">Continue Lendo<\/a><\/span><\/p>","protected":false},"author":1,"featured_media":53356,"comment_status":"closed","ping_status":"closed","sticky":false,"template":"","format":"standard","meta":{"_jetpack_newsletter_access":"","_jetpack_dont_email_post_to_subs":false,"_jetpack_newsletter_tier_id":0,"_jetpack_memberships_contains_paywalled_content":false,"_jetpack_feature_clip_id":0,"_jetpack_memberships_contains_paid_content":false,"footnotes":"","jetpack_publicize_message":"Candidato a deputado federal pode apresentar recurso e continuar fazendo campanha enquanto o processo estiver em andamento","jetpack_publicize_feature_enabled":true,"jetpack_social_post_already_shared":false,"jetpack_social_options":{"image_generator_settings":{"template":"highway","default_image_id":0,"font":"","enabled":false},"version":2},"jetpack_post_was_ever_published":false},"categories":[68],"tags":[],"class_list":["entry","author-diario","post-55108","post","type-post","status-publish","format-standard","has-post-thumbnail","category-eleicoes"],"yoast_head":"<!-- This site is optimized with the Yoast SEO plugin v28.4 - https:\/\/yoast.com\/product\/yoast-seo-wordpress\/ -->\n<title>TRE-MG indefere o registro de candidatura de Eduardo Cunha - Di\u00e1rio de Ouro Preto<\/title>\n<meta name=\"description\" content=\"Candidato a deputado federal pode apresentar recurso e continuar fazendo campanha enquanto o processo estiver em andamento- TRE-MG indefere o registro de candidatura de Eduardo Cunha - Elei\u00e7\u00f5es\" \/>\n<meta name=\"robots\" content=\"index, follow, max-snippet:-1, max-image-preview:large, max-video-preview:-1\" \/>\n<link rel=\"canonical\" href=\"https:\/\/www.diariodeouropreto.com.br\/pt\/tre-mg-indefere-o-registro-de-candidatura-de-eduardo-cunha\/\" \/>\n<meta property=\"og:locale\" content=\"pt_PT\" \/>\n<meta property=\"og:type\" content=\"article\" \/>\n<meta property=\"og:title\" content=\"TRE-MG indefere o registro de candidatura de Eduardo Cunha - Di\u00e1rio de Ouro Preto\" \/>\n<meta property=\"og:description\" content=\"Candidato a deputado federal pode apresentar recurso e continuar fazendo campanha enquanto o processo estiver em andamento- TRE-MG indefere o registro de candidatura de Eduardo Cunha - Elei\u00e7\u00f5es\" \/>\n<meta property=\"og:url\" content=\"https:\/\/www.diariodeouropreto.com.br\/pt\/tre-mg-indefere-o-registro-de-candidatura-de-eduardo-cunha\/\" \/>\n<meta property=\"og:site_name\" content=\"Di\u00e1rio de Ouro Preto\" \/>\n<meta property=\"article:publisher\" content=\"https:\/\/www.facebook.com\/diariodeouropreto\/\" \/>\n<meta property=\"article:published_time\" content=\"2026-09-03T22:09:47+00:00\" \/>\n<meta property=\"article:modified_time\" content=\"2026-09-03T22:10:00+00:00\" \/>\n<meta property=\"og:image\" content=\"https:\/\/www.diariodeouropreto.com.br\/wp-content\/uploads\/2026\/06\/noticia-capa-2-768x364.png\" \/>\n\t<meta property=\"og:image:width\" content=\"768\" \/>\n\t<meta property=\"og:image:height\" content=\"364\" \/>\n\t<meta property=\"og:image:type\" content=\"image\/png\" \/>\n<meta name=\"author\" content=\"Di\u00e1rio de Ouro Preto\" \/>\n<meta name=\"twitter:card\" content=\"summary_large_image\" \/>\n<meta name=\"twitter:label1\" content=\"Escrito por\" \/>\n\t<meta name=\"twitter:data1\" content=\"Di\u00e1rio de Ouro Preto\" \/>\n\t<meta name=\"twitter:label2\" content=\"Tempo estimado de leitura\" \/>\n\t<meta name=\"twitter:data2\" content=\"3 minutos\" \/>\n<script type=\"application\/ld+json\" class=\"yoast-schema-graph\">{\"@context\":\"https:\\\/\\\/schema.org\",\"@graph\":[{\"@type\":\"Article\",\"@id\":\"https:\\\/\\\/www.diariodeouropreto.com.br\\\/tre-mg-indefere-o-registro-de-candidatura-de-eduardo-cunha\\\/#article\",\"isPartOf\":{\"@id\":\"https:\\\/\\\/www.diariodeouropreto.com.br\\\/tre-mg-indefere-o-registro-de-candidatura-de-eduardo-cunha\\\/\"},\"author\":{\"name\":\"Di\u00e1rio de Ouro Preto\",\"@id\":\"https:\\\/\\\/www.diariodeouropreto.com.br\\\/pt\\\/#\\\/schema\\\/person\\\/7654e7b471204a6dab6dc0ce6e140c99\"},\"headline\":\"TRE-MG indefere o registro de candidatura de Eduardo Cunha\",\"datePublished\":\"2026-09-03T22:09:47+00:00\",\"dateModified\":\"2026-09-03T22:10:00+00:00\",\"mainEntityOfPage\":{\"@id\":\"https:\\\/\\\/www.diariodeouropreto.com.br\\\/tre-mg-indefere-o-registro-de-candidatura-de-eduardo-cunha\\\/\"},\"wordCount\":433,\"publisher\":{\"@id\":\"https:\\\/\\\/www.diariodeouropreto.com.br\\\/pt\\\/#organization\"},\"image\":{\"@id\":\"https:\\\/\\\/www.diariodeouropreto.com.br\\\/tre-mg-indefere-o-registro-de-candidatura-de-eduardo-cunha\\\/#primaryimage\"},\"thumbnailUrl\":\"https:\\\/\\\/www.diariodeouropreto.com.br\\\/wp-content\\\/uploads\\\/2026\\\/06\\\/noticia-capa-2-scaled.png\",\"articleSection\":[\"Elei\u00e7\u00f5es\"],\"inLanguage\":\"pt-PT\"},{\"@type\":\"WebPage\",\"@id\":\"https:\\\/\\\/www.diariodeouropreto.com.br\\\/tre-mg-indefere-o-registro-de-candidatura-de-eduardo-cunha\\\/\",\"url\":\"https:\\\/\\\/www.diariodeouropreto.com.br\\\/tre-mg-indefere-o-registro-de-candidatura-de-eduardo-cunha\\\/\",\"name\":\"TRE-MG indefere o registro de candidatura de Eduardo Cunha - Di\u00e1rio de Ouro Preto\",\"isPartOf\":{\"@id\":\"https:\\\/\\\/www.diariodeouropreto.com.br\\\/pt\\\/#website\"},\"primaryImageOfPage\":{\"@id\":\"https:\\\/\\\/www.diariodeouropreto.com.br\\\/tre-mg-indefere-o-registro-de-candidatura-de-eduardo-cunha\\\/#primaryimage\"},\"image\":{\"@id\":\"https:\\\/\\\/www.diariodeouropreto.com.br\\\/tre-mg-indefere-o-registro-de-candidatura-de-eduardo-cunha\\\/#primaryimage\"},\"thumbnailUrl\":\"https:\\\/\\\/www.diariodeouropreto.com.br\\\/wp-content\\\/uploads\\\/2026\\\/06\\\/noticia-capa-2-scaled.png\",\"datePublished\":\"2026-09-03T22:09:47+00:00\",\"dateModified\":\"2026-09-03T22:10:00+00:00\",\"description\":\"Candidato a deputado federal pode apresentar recurso e continuar fazendo campanha enquanto o processo estiver em andamento- TRE-MG indefere o registro de candidatura de Eduardo Cunha - Elei\u00e7\u00f5es\",\"breadcrumb\":{\"@id\":\"https:\\\/\\\/www.diariodeouropreto.com.br\\\/tre-mg-indefere-o-registro-de-candidatura-de-eduardo-cunha\\\/#breadcrumb\"},\"inLanguage\":\"pt-PT\",\"potentialAction\":[{\"@type\":\"ReadAction\",\"target\":[\"https:\\\/\\\/www.diariodeouropreto.com.br\\\/tre-mg-indefere-o-registro-de-candidatura-de-eduardo-cunha\\\/\"]}]},{\"@type\":\"ImageObject\",\"inLanguage\":\"pt-PT\",\"@id\":\"https:\\\/\\\/www.diariodeouropreto.com.br\\\/tre-mg-indefere-o-registro-de-candidatura-de-eduardo-cunha\\\/#primaryimage\",\"url\":\"https:\\\/\\\/www.diariodeouropreto.com.br\\\/wp-content\\\/uploads\\\/2026\\\/06\\\/noticia-capa-2-scaled.png\",\"contentUrl\":\"https:\\\/\\\/www.diariodeouropreto.com.br\\\/wp-content\\\/uploads\\\/2026\\\/06\\\/noticia-capa-2-scaled.png\",\"width\":2560,\"height\":1212},{\"@type\":\"BreadcrumbList\",\"@id\":\"https:\\\/\\\/www.diariodeouropreto.com.br\\\/tre-mg-indefere-o-registro-de-candidatura-de-eduardo-cunha\\\/#breadcrumb\",\"itemListElement\":[{\"@type\":\"ListItem\",\"position\":1,\"name\":\"In\u00edcio\",\"item\":\"https:\\\/\\\/www.diariodeouropreto.com.br\\\/pt\\\/\"},{\"@type\":\"ListItem\",\"position\":2,\"name\":\"TRE-MG indefere o registro de candidatura de Eduardo Cunha\"}]},{\"@type\":\"WebSite\",\"@id\":\"https:\\\/\\\/www.diariodeouropreto.com.br\\\/pt\\\/#website\",\"url\":\"https:\\\/\\\/www.diariodeouropreto.com.br\\\/pt\\\/\",\"name\":\"Di\u00e1rio de Ouro Preto\",\"description\":\"Not\u00edcias Ouro Preto; Mariana;Minas Gerais;Jornal;Jornalismo;Not\u00edcias;\",\"publisher\":{\"@id\":\"https:\\\/\\\/www.diariodeouropreto.com.br\\\/pt\\\/#organization\"},\"alternateName\":\"Jornal di\u00e1rio de Ouro Preto\",\"potentialAction\":[{\"@type\":\"SearchAction\",\"target\":{\"@type\":\"EntryPoint\",\"urlTemplate\":\"https:\\\/\\\/www.diariodeouropreto.com.br\\\/pt\\\/?s={search_term_string}\"},\"query-input\":{\"@type\":\"PropertyValueSpecification\",\"valueRequired\":true,\"valueName\":\"search_term_string\"}}],\"inLanguage\":\"pt-PT\"},{\"@type\":\"Organization\",\"@id\":\"https:\\\/\\\/www.diariodeouropreto.com.br\\\/pt\\\/#organization\",\"name\":\"Di\u00e1rio de Ouro Preto\",\"alternateName\":\"Jornal di\u00e1rio Ouro Preto\",\"url\":\"https:\\\/\\\/www.diariodeouropreto.com.br\\\/pt\\\/\",\"logo\":{\"@type\":\"ImageObject\",\"inLanguage\":\"pt-PT\",\"@id\":\"https:\\\/\\\/www.diariodeouropreto.com.br\\\/pt\\\/#\\\/schema\\\/logo\\\/image\\\/\",\"url\":\"https:\\\/\\\/www.diariodeouropreto.com.br\\\/wp-content\\\/uploads\\\/2019\\\/06\\\/cropped-logotransp-2.png\",\"contentUrl\":\"https:\\\/\\\/www.diariodeouropreto.com.br\\\/wp-content\\\/uploads\\\/2019\\\/06\\\/cropped-logotransp-2.png\",\"width\":1323,\"height\":251,\"caption\":\"Di\u00e1rio de Ouro Preto\"},\"image\":{\"@id\":\"https:\\\/\\\/www.diariodeouropreto.com.br\\\/pt\\\/#\\\/schema\\\/logo\\\/image\\\/\"},\"sameAs\":[\"https:\\\/\\\/www.facebook.com\\\/diariodeouropreto\\\/\"]},{\"@type\":\"Person\",\"@id\":\"https:\\\/\\\/www.diariodeouropreto.com.br\\\/pt\\\/#\\\/schema\\\/person\\\/7654e7b471204a6dab6dc0ce6e140c99\",\"name\":\"Di\u00e1rio de Ouro Preto\",\"sameAs\":[\"http:\\\/\\\/www.diariodeouropreto.com.br\"],\"url\":\"https:\\\/\\\/www.diariodeouropreto.com.br\\\/pt\\\/author\\\/diario\\\/\"}]}<\/script>\n<!-- \/ Yoast SEO plugin. -->","yoast_head_json":{"title":"TRE-MG indefere o registro de candidatura de Eduardo Cunha - Di\u00e1rio de Ouro Preto","description":"Candidato a deputado federal pode apresentar recurso e continuar fazendo campanha enquanto o processo estiver em andamento- TRE-MG indefere o registro de candidatura de Eduardo Cunha - Elei\u00e7\u00f5es","robots":{"index":"index","follow":"follow","max-snippet":"max-snippet:-1","max-image-preview":"max-image-preview:large","max-video-preview":"max-video-preview:-1"},"canonical":"https:\/\/www.diariodeouropreto.com.br\/pt\/tre-mg-indefere-o-registro-de-candidatura-de-eduardo-cunha\/","og_locale":"pt_PT","og_type":"article","og_title":"TRE-MG indefere o registro de candidatura de Eduardo Cunha - Di\u00e1rio de Ouro Preto","og_description":"Candidato a deputado federal pode apresentar recurso e continuar fazendo campanha enquanto o processo estiver em andamento- TRE-MG indefere o registro de candidatura de Eduardo Cunha - Elei\u00e7\u00f5es","og_url":"https:\/\/www.diariodeouropreto.com.br\/pt\/tre-mg-indefere-o-registro-de-candidatura-de-eduardo-cunha\/","og_site_name":"Di\u00e1rio de Ouro Preto","article_publisher":"https:\/\/www.facebook.com\/diariodeouropreto\/","article_published_time":"2026-09-03T22:09:47+00:00","article_modified_time":"2026-09-03T22:10:00+00:00","og_image":[{"width":768,"height":364,"url":"https:\/\/www.diariodeouropreto.com.br\/wp-content\/uploads\/2026\/06\/noticia-capa-2-768x364.png","type":"image\/png"}],"author":"Di\u00e1rio de Ouro Preto","twitter_card":"summary_large_image","twitter_misc":{"Escrito por":"Di\u00e1rio de Ouro Preto","Tempo estimado de leitura":"3 minutos"},"schema":{"@context":"https:\/\/schema.org","@graph":[{"@type":"Article","@id":"https:\/\/www.diariodeouropreto.com.br\/tre-mg-indefere-o-registro-de-candidatura-de-eduardo-cunha\/#article","isPartOf":{"@id":"https:\/\/www.diariodeouropreto.com.br\/tre-mg-indefere-o-registro-de-candidatura-de-eduardo-cunha\/"},"author":{"name":"Di\u00e1rio de Ouro Preto","@id":"https:\/\/www.diariodeouropreto.com.br\/pt\/#\/schema\/person\/7654e7b471204a6dab6dc0ce6e140c99"},"headline":"TRE-MG indefere o registro de candidatura de Eduardo Cunha","datePublished":"2026-09-03T22:09:47+00:00","dateModified":"2026-09-03T22:10:00+00:00","mainEntityOfPage":{"@id":"https:\/\/www.diariodeouropreto.com.br\/tre-mg-indefere-o-registro-de-candidatura-de-eduardo-cunha\/"},"wordCount":433,"publisher":{"@id":"https:\/\/www.diariodeouropreto.com.br\/pt\/#organization"},"image":{"@id":"https:\/\/www.diariodeouropreto.com.br\/tre-mg-indefere-o-registro-de-candidatura-de-eduardo-cunha\/#primaryimage"},"thumbnailUrl":"https:\/\/www.diariodeouropreto.com.br\/wp-content\/uploads\/2026\/06\/noticia-capa-2-scaled.png","articleSection":["Elei\u00e7\u00f5es"],"inLanguage":"pt-PT"},{"@type":"WebPage","@id":"https:\/\/www.diariodeouropreto.com.br\/tre-mg-indefere-o-registro-de-candidatura-de-eduardo-cunha\/","url":"https:\/\/www.diariodeouropreto.com.br\/tre-mg-indefere-o-registro-de-candidatura-de-eduardo-cunha\/","name":"TRE-MG indefere o registro de candidatura de Eduardo Cunha - Di\u00e1rio de Ouro Preto","isPartOf":{"@id":"https:\/\/www.diariodeouropreto.com.br\/pt\/#website"},"primaryImageOfPage":{"@id":"https:\/\/www.diariodeouropreto.com.br\/tre-mg-indefere-o-registro-de-candidatura-de-eduardo-cunha\/#primaryimage"},"image":{"@id":"https:\/\/www.diariodeouropreto.com.br\/tre-mg-indefere-o-registro-de-candidatura-de-eduardo-cunha\/#primaryimage"},"thumbnailUrl":"https:\/\/www.diariodeouropreto.com.br\/wp-content\/uploads\/2026\/06\/noticia-capa-2-scaled.png","datePublished":"2026-09-03T22:09:47+00:00","dateModified":"2026-09-03T22:10:00+00:00","description":"Candidato a deputado federal pode apresentar recurso e continuar fazendo campanha enquanto o processo estiver em andamento- TRE-MG indefere o registro de candidatura de Eduardo Cunha - Elei\u00e7\u00f5es","breadcrumb":{"@id":"https:\/\/www.diariodeouropreto.com.br\/tre-mg-indefere-o-registro-de-candidatura-de-eduardo-cunha\/#breadcrumb"},"inLanguage":"pt-PT","potentialAction":[{"@type":"ReadAction","target":["https:\/\/www.diariodeouropreto.com.br\/tre-mg-indefere-o-registro-de-candidatura-de-eduardo-cunha\/"]}]},{"@type":"ImageObject","inLanguage":"pt-PT","@id":"https:\/\/www.diariodeouropreto.com.br\/tre-mg-indefere-o-registro-de-candidatura-de-eduardo-cunha\/#primaryimage","url":"https:\/\/www.diariodeouropreto.com.br\/wp-content\/uploads\/2026\/06\/noticia-capa-2-scaled.png","contentUrl":"https:\/\/www.diariodeouropreto.com.br\/wp-content\/uploads\/2026\/06\/noticia-capa-2-scaled.png","width":2560,"height":1212},{"@type":"BreadcrumbList","@id":"https:\/\/www.diariodeouropreto.com.br\/tre-mg-indefere-o-registro-de-candidatura-de-eduardo-cunha\/#breadcrumb","itemListElement":[{"@type":"ListItem","position":1,"name":"In\u00edcio","item":"https:\/\/www.diariodeouropreto.com.br\/pt\/"},{"@type":"ListItem","position":2,"name":"TRE-MG indefere o registro de candidatura de Eduardo Cunha"}]},{"@type":"WebSite","@id":"https:\/\/www.diariodeouropreto.com.br\/pt\/#website","url":"https:\/\/www.diariodeouropreto.com.br\/pt\/","name":"Di\u00e1rio de Ouro Preto","description":"Not\u00edcias Ouro Preto; Mariana;Minas Gerais;Jornal;Jornalismo;Not\u00edcias;","publisher":{"@id":"https:\/\/www.diariodeouropreto.com.br\/pt\/#organization"},"alternateName":"Jornal di\u00e1rio de Ouro Preto","potentialAction":[{"@type":"SearchAction","target":{"@type":"EntryPoint","urlTemplate":"https:\/\/www.diariodeouropreto.com.br\/pt\/?s={search_term_string}"},"query-input":{"@type":"PropertyValueSpecification","valueRequired":true,"valueName":"search_term_string"}}],"inLanguage":"pt-PT"},{"@type":"Organization","@id":"https:\/\/www.diariodeouropreto.com.br\/pt\/#organization","name":"Di\u00e1rio de Ouro Preto","alternateName":"Jornal di\u00e1rio Ouro Preto","url":"https:\/\/www.diariodeouropreto.com.br\/pt\/","logo":{"@type":"ImageObject","inLanguage":"pt-PT","@id":"https:\/\/www.diariodeouropreto.com.br\/pt\/#\/schema\/logo\/image\/","url":"https:\/\/www.diariodeouropreto.com.br\/wp-content\/uploads\/2019\/06\/cropped-logotransp-2.png","contentUrl":"https:\/\/www.diariodeouropreto.com.br\/wp-content\/uploads\/2019\/06\/cropped-logotransp-2.png","width":1323,"height":251,"caption":"Di\u00e1rio de Ouro Preto"},"image":{"@id":"https:\/\/www.diariodeouropreto.com.br\/pt\/#\/schema\/logo\/image\/"},"sameAs":["https:\/\/www.facebook.com\/diariodeouropreto\/"]},{"@type":"Person","@id":"https:\/\/www.diariodeouropreto.com.br\/pt\/#\/schema\/person\/7654e7b471204a6dab6dc0ce6e140c99","name":"Di\u00e1rio de Ouro Preto","sameAs":["http:\/\/www.diariodeouropreto.com.br"],"url":"https:\/\/www.diariodeouropreto.com.br\/pt\/author\/diario\/"}]}},"jetpack_publicize_connections":[],"jetpack-related-posts":[{"id":18901,"url":"https:\/\/www.diariodeouropreto.com.br\/pt\/tre-indefere-novamente-o-registro-do-candidato-a-prefeito-mais-votado-em-mariana\/","url_meta":{"origin":55108,"position":0},"title":"TRE indefere novamente o registro do candidato a prefeito mais votado em Mariana","author":"Di\u00e1rio de Ouro Preto","date":"20 de Outubro de 2022","format":false,"excerpt":"Belo Horizonte - A Corte Eleitoral julgou novamente, na sess\u00e3o desta quinta-feira (20), o processo que trata do registro de Celso Cota Neto (MDB), candidato mais votado para prefeito de Mariana nas elei\u00e7\u00f5es de 2020. O novo julgamento ocorreu por determina\u00e7\u00e3o do TSE, que anulou a decis\u00e3o proferida pelo TRE-MG\u2026","rel":"","context":"In &quot;Elei\u00e7\u00f5es&quot;","block_context":{"text":"Elei\u00e7\u00f5es","link":"https:\/\/www.diariodeouropreto.com.br\/pt\/Editoria\/eleicoes\/"},"img":{"alt_text":"","src":"https:\/\/i0.wp.com\/www.diariodeouropreto.com.br\/wp-content\/uploads\/2019\/06\/Ativo-29logo.png?resize=350%2C200&ssl=1","width":350,"height":200,"srcset":"https:\/\/i0.wp.com\/www.diariodeouropreto.com.br\/wp-content\/uploads\/2019\/06\/Ativo-29logo.png?resize=350%2C200&ssl=1 1x, https:\/\/i0.wp.com\/www.diariodeouropreto.com.br\/wp-content\/uploads\/2019\/06\/Ativo-29logo.png?resize=525%2C300&ssl=1 1.5x"},"classes":[]},{"id":5828,"url":"https:\/\/www.diariodeouropreto.com.br\/pt\/tre-confirma-indeferimento-de-registro-do-prefeito-eleito-de-mariana-celso-cota\/","url_meta":{"origin":55108,"position":1},"title":"TRE confirma indeferimento de registro do prefeito eleito de Mariana, Celso Cota","author":"Di\u00e1rio de Ouro Preto","date":"21 de Dezembro de 2020","format":false,"excerpt":"Belo Horizonte - Na \u00faltima sess\u00e3o de julgamentos de 2020, realizada no dia 18 de dezembro, a Corte Eleitoral mineira confirmou o indeferimento do registro de candidatura de Celso Cota Neto (MDB), prefeito eleito de Mariana. Com o resultado do julgamento, ele n\u00e3o poder\u00e1 tomar posse e o munic\u00edpio ser\u00e1\u2026","rel":"","context":"In &quot;Mariana&quot;","block_context":{"text":"Mariana","link":"https:\/\/www.diariodeouropreto.com.br\/pt\/Editoria\/mariana\/"},"img":{"alt_text":"","src":"https:\/\/i0.wp.com\/www.diariodeouropreto.com.br\/wp-content\/uploads\/2020\/11\/P1520001-e1605463178937.jpg?resize=350%2C200&ssl=1","width":350,"height":200,"srcset":"https:\/\/i0.wp.com\/www.diariodeouropreto.com.br\/wp-content\/uploads\/2020\/11\/P1520001-e1605463178937.jpg?resize=350%2C200&ssl=1 1x, https:\/\/i0.wp.com\/www.diariodeouropreto.com.br\/wp-content\/uploads\/2020\/11\/P1520001-e1605463178937.jpg?resize=525%2C300&ssl=1 1.5x, https:\/\/i0.wp.com\/www.diariodeouropreto.com.br\/wp-content\/uploads\/2020\/11\/P1520001-e1605463178937.jpg?resize=700%2C400&ssl=1 2x, https:\/\/i0.wp.com\/www.diariodeouropreto.com.br\/wp-content\/uploads\/2020\/11\/P1520001-e1605463178937.jpg?resize=1050%2C600&ssl=1 3x"},"classes":[]},{"id":38970,"url":"https:\/\/www.diariodeouropreto.com.br\/pt\/juliano-duarte-tem-registro-de-candidatura-deferido-pelo-tre-mg\/","url_meta":{"origin":55108,"position":2},"title":"Juliano Duarte tem registro de Candidatura deferido pelo TRE-MG","author":"Di\u00e1rio de Ouro Preto","date":"15 de Outubro de 2024","format":false,"excerpt":"Nesta segunda-feira (14), ap\u00f3s 8 dias do resultado das elei\u00e7\u00f5es municipais, foi deferida definitivamente a candidatura de Juliano Duarte como prefeito de Mariana. Durante o per\u00edodo eleitoral a coliga\u00e7\u00e3o do candidato Roberto Rodrigues (PL) entrou com pedido de impugna\u00e7\u00e3o alegando que seria o terceiro mandato consecutivo da fam\u00edlia de Juliano,\u2026","rel":"","context":"In &quot;Mariana&quot;","block_context":{"text":"Mariana","link":"https:\/\/www.diariodeouropreto.com.br\/pt\/Editoria\/mariana\/"},"img":{"alt_text":"","src":"https:\/\/i0.wp.com\/www.diariodeouropreto.com.br\/wp-content\/uploads\/2024\/07\/juliano_convencao.jpg?resize=350%2C200&ssl=1","width":350,"height":200,"srcset":"https:\/\/i0.wp.com\/www.diariodeouropreto.com.br\/wp-content\/uploads\/2024\/07\/juliano_convencao.jpg?resize=350%2C200&ssl=1 1x, https:\/\/i0.wp.com\/www.diariodeouropreto.com.br\/wp-content\/uploads\/2024\/07\/juliano_convencao.jpg?resize=525%2C300&ssl=1 1.5x, https:\/\/i0.wp.com\/www.diariodeouropreto.com.br\/wp-content\/uploads\/2024\/07\/juliano_convencao.jpg?resize=700%2C400&ssl=1 2x, https:\/\/i0.wp.com\/www.diariodeouropreto.com.br\/wp-content\/uploads\/2024\/07\/juliano_convencao.jpg?resize=1050%2C600&ssl=1 3x"},"classes":[]},{"id":39202,"url":"https:\/\/www.diariodeouropreto.com.br\/pt\/eleicoes-psb-corre-o-risco-de-ficar-sem-cadeiras-na-camara-de-ouro-preto\/","url_meta":{"origin":55108,"position":3},"title":"Elei\u00e7\u00f5es: PSB corre o risco de ficar sem cadeiras na C\u00e2mara de Ouro Preto","author":"Di\u00e1rio de Ouro Preto","date":"24 de Outubro de 2024","format":false,"excerpt":"Ouro Preto - O PSB inscreveu 16 candidatos na chapa proporcional para as elei\u00e7\u00f5es de 2024. Ap\u00f3s a inscri\u00e7\u00e3o da chapa e durante o processo eleitoral, o partido solicitou a substitui\u00e7\u00e3o de dois candidatos: 1 \u2013 Edmara Greyce Martins Nunes, em substitui\u00e7\u00e3o \u00e0 candidata Gl\u00e1ucia Merc\u00eas de\u00a0 Souza; 2 \u2013\u2026","rel":"","context":"In &quot;Pol\u00edtica&quot;","block_context":{"text":"Pol\u00edtica","link":"https:\/\/www.diariodeouropreto.com.br\/pt\/Editoria\/politica\/"},"img":{"alt_text":"","src":"https:\/\/i0.wp.com\/www.diariodeouropreto.com.br\/wp-content\/uploads\/2024\/07\/Imagem-do-WhatsApp-de-2024-07-11-as-13.54.43_b435c6b0.jpg?resize=350%2C200&ssl=1","width":350,"height":200,"srcset":"https:\/\/i0.wp.com\/www.diariodeouropreto.com.br\/wp-content\/uploads\/2024\/07\/Imagem-do-WhatsApp-de-2024-07-11-as-13.54.43_b435c6b0.jpg?resize=350%2C200&ssl=1 1x, https:\/\/i0.wp.com\/www.diariodeouropreto.com.br\/wp-content\/uploads\/2024\/07\/Imagem-do-WhatsApp-de-2024-07-11-as-13.54.43_b435c6b0.jpg?resize=525%2C300&ssl=1 1.5x, https:\/\/i0.wp.com\/www.diariodeouropreto.com.br\/wp-content\/uploads\/2024\/07\/Imagem-do-WhatsApp-de-2024-07-11-as-13.54.43_b435c6b0.jpg?resize=700%2C400&ssl=1 2x, https:\/\/i0.wp.com\/www.diariodeouropreto.com.br\/wp-content\/uploads\/2024\/07\/Imagem-do-WhatsApp-de-2024-07-11-as-13.54.43_b435c6b0.jpg?resize=1050%2C600&ssl=1 3x"},"classes":[]},{"id":38717,"url":"https:\/\/www.diariodeouropreto.com.br\/pt\/duarte-junior-consta-nas-urnas-afirma-juiza-eleitoral-de-ouro-preto\/","url_meta":{"origin":55108,"position":4},"title":"Duarte J\u00fanior consta nas urnas afirma Ju\u00edza Eleitoral de Ouro Preto","author":"Di\u00e1rio de Ouro Preto","date":"5 de Outubro de 2024","format":false,"excerpt":"Ouro Preto - A Ju\u00edza Eleitoral da Comarca de Ouro Preto, Dra Ana Paula Pereira Lobo afirmou neste s\u00e1bado, 5\/10, em entrevista ao rep\u00f3rter da Itatiaia, Matheus Renovato, que n\u00e3o h\u00e1 altera\u00e7\u00e3o nas programa\u00e7\u00f5es das urnas eleitorais, que o candidato Duarte J\u00fanior estar\u00e1 nas urnas e que a \u201cdecis\u00e3o ainda\u2026","rel":"","context":"In &quot;Pol\u00edtica&quot;","block_context":{"text":"Pol\u00edtica","link":"https:\/\/www.diariodeouropreto.com.br\/pt\/Editoria\/politica\/"},"img":{"alt_text":"","src":"https:\/\/i0.wp.com\/www.diariodeouropreto.com.br\/wp-content\/uploads\/2024\/10\/trashed-1653075288-IMG_20220420_163413024-e1728159235774.jpg?resize=350%2C200&ssl=1","width":350,"height":200,"srcset":"https:\/\/i0.wp.com\/www.diariodeouropreto.com.br\/wp-content\/uploads\/2024\/10\/trashed-1653075288-IMG_20220420_163413024-e1728159235774.jpg?resize=350%2C200&ssl=1 1x, https:\/\/i0.wp.com\/www.diariodeouropreto.com.br\/wp-content\/uploads\/2024\/10\/trashed-1653075288-IMG_20220420_163413024-e1728159235774.jpg?resize=525%2C300&ssl=1 1.5x, https:\/\/i0.wp.com\/www.diariodeouropreto.com.br\/wp-content\/uploads\/2024\/10\/trashed-1653075288-IMG_20220420_163413024-e1728159235774.jpg?resize=700%2C400&ssl=1 2x, https:\/\/i0.wp.com\/www.diariodeouropreto.com.br\/wp-content\/uploads\/2024\/10\/trashed-1653075288-IMG_20220420_163413024-e1728159235774.jpg?resize=1050%2C600&ssl=1 3x"},"classes":[]},{"id":18006,"url":"https:\/\/www.diariodeouropreto.com.br\/pt\/minas-tem-2-500-registros-de-candidaturas-nas-eleicoes-2022\/","url_meta":{"origin":55108,"position":5},"title":"Minas tem 2.500 registros de candidaturas nas Elei\u00e7\u00f5es 2022","author":"Di\u00e1rio de Ouro Preto","date":"15 de Agosto de 2022","format":false,"excerpt":"Belo Horizonte - Terminou nesta segunda-feira (15) o prazo para registro de candidaturas para as Elei\u00e7\u00f5es 2022. Em Minas Gerais, foram entregues\u00a02.500* pedidos de registro\u00a0para disputar as 53 vagas para deputado federal, 77 para deputado estadual, uma para senador e uma para governador. O n\u00famero \u00e9 5,1% maior que nas\u2026","rel":"","context":"In &quot;Elei\u00e7\u00f5es&quot;","block_context":{"text":"Elei\u00e7\u00f5es","link":"https:\/\/www.diariodeouropreto.com.br\/pt\/Editoria\/eleicoes\/"},"img":{"alt_text":"","src":"https:\/\/i0.wp.com\/www.diariodeouropreto.com.br\/wp-content\/uploads\/2020\/11\/antonio_augusto_ascom_tse.jpg?resize=350%2C200&ssl=1","width":350,"height":200,"srcset":"https:\/\/i0.wp.com\/www.diariodeouropreto.com.br\/wp-content\/uploads\/2020\/11\/antonio_augusto_ascom_tse.jpg?resize=350%2C200&ssl=1 1x, https:\/\/i0.wp.com\/www.diariodeouropreto.com.br\/wp-content\/uploads\/2020\/11\/antonio_augusto_ascom_tse.jpg?resize=525%2C300&ssl=1 1.5x, https:\/\/i0.wp.com\/www.diariodeouropreto.com.br\/wp-content\/uploads\/2020\/11\/antonio_augusto_ascom_tse.jpg?resize=700%2C400&ssl=1 2x, https:\/\/i0.wp.com\/www.diariodeouropreto.com.br\/wp-content\/uploads\/2020\/11\/antonio_augusto_ascom_tse.jpg?resize=1050%2C600&ssl=1 3x"},"classes":[]}],"jetpack_sharing_enabled":true,"amp_enabled":true,"jetpack_featured_media_url":"https:\/\/www.diariodeouropreto.com.br\/wp-content\/uploads\/2026\/06\/noticia-capa-2-scaled.png","_links":{"self":[{"href":"https:\/\/www.diariodeouropreto.com.br\/pt\/wp-json\/wp\/v2\/posts\/55108","targetHints":{"allow":["GET"]}}],"collection":[{"href":"https:\/\/www.diariodeouropreto.com.br\/pt\/wp-json\/wp\/v2\/posts"}],"about":[{"href":"https:\/\/www.diariodeouropreto.com.br\/pt\/wp-json\/wp\/v2\/types\/post"}],"author":[{"embeddable":true,"href":"https:\/\/www.diariodeouropreto.com.br\/pt\/wp-json\/wp\/v2\/users\/1"}],"replies":[{"embeddable":true,"href":"https:\/\/www.diariodeouropreto.com.br\/pt\/wp-json\/wp\/v2\/comments?post=55108"}],"version-history":[{"count":1,"href":"https:\/\/www.diariodeouropreto.com.br\/pt\/wp-json\/wp\/v2\/posts\/55108\/revisions"}],"predecessor-version":[{"id":55110,"href":"https:\/\/www.diariodeouropreto.com.br\/pt\/wp-json\/wp\/v2\/posts\/55108\/revisions\/55110"}],"wp:featuredmedia":[{"embeddable":true,"href":"https:\/\/www.diariodeouropreto.com.br\/pt\/wp-json\/wp\/v2\/media\/53356"}],"wp:attachment":[{"href":"https:\/\/www.diariodeouropreto.com.br\/pt\/wp-json\/wp\/v2\/media?parent=55108"}],"wp:term":[{"taxonomy":"category","embeddable":true,"href":"https:\/\/www.diariodeouropreto.com.br\/pt\/wp-json\/wp\/v2\/categories?post=55108"},{"taxonomy":"post_tag","embeddable":true,"href":"https:\/\/www.diariodeouropreto.com.br\/pt\/wp-json\/wp\/v2\/tags?post=55108"}],"curies":[{"name":"wp","href":"https:\/\/api.w.org\/{rel}","templated":true}]}}