{"id":55102,"date":"2026-09-03T19:00:00","date_gmt":"2026-09-03T22:00:00","guid":{"rendered":"https:\/\/www.diariodeouropreto.com.br\/?p=55102"},"modified":"2026-09-03T19:14:36","modified_gmt":"2026-09-03T22:14:36","slug":"feito-historico-atleta-itabiritense-conquista-duas-medalhas-de-ouro-no-campeonato-sul-americano-de-ginastica-de-trampolim","status":"publish","type":"post","link":"https:\/\/www.diariodeouropreto.com.br\/pt\/feito-historico-atleta-itabiritense-conquista-duas-medalhas-de-ouro-no-campeonato-sul-americano-de-ginastica-de-trampolim\/","title":{"rendered":"Feito hist\u00f3rico: atleta itabiritense conquista duas medalhas de ouro no Campeonato Sul-Americano de Gin\u00e1stica de Trampolim"},"content":{"rendered":"<p class=\"wp-block-paragraph\">Itabirito ganhou destaque internacional ap\u00f3s a atleta Ana J\u00falia Avelino Machado, integrante da Sele\u00e7\u00e3o Brasileira de Gin\u00e1stica de Trampolim conquistar duas medalhas de ouro. Nesta quinta-feira, dia 3 de setembro, a atleta esteve na Prefeitura de Itabirito, onde foi homenageada pela administra\u00e7\u00e3o municipal em reconhecimento \u00e0 conquista e ao destaque alcan\u00e7ado no cen\u00e1rio internacional.<\/p>\n\n\n\n<p class=\"wp-block-paragraph\"><br>A conquista \u00e9 in\u00e9dita na modalidade para uma atleta de Itabirito, que subiu ao lugar mais alto do p\u00f3dio na Copa Sul-Americana e no Campeonato Sul-Americano de Gin\u00e1stica de Trampolim, ambos na categoria Duplo Mini Trampolim. As competi\u00e7\u00f5es aconteceram pela primeira vez no Brasil, entre os dias 23 e 30 de agosto, no Gin\u00e1sio do Minas T\u00eanis Clube, em Belo Horizonte.<br>\u201cEssa conquista \u00e9 motivo de muito orgulho para Itabirito e representa o resultado de um trabalho s\u00e9rio, constru\u00eddo com dedica\u00e7\u00e3o, disciplina e muito talento. Ver uma atleta da nossa cidade conquistar duas medalhas de ouro em uma competi\u00e7\u00e3o internacional mostra que estamos no caminho certo e que os investimentos no esporte de alto rendimento est\u00e3o gerando frutos\u201d, destacou o prefeito, Elio da Mata.<\/p>\n\n\n\n<p class=\"wp-block-paragraph\"><br>Os atletas contaram com a prepara\u00e7\u00e3o e o acompanhamento da equipe t\u00e9cnica do Centro de Treinamento Irenice Maria Rodrigues, da Prefeitura de Itabirito, que contribuiu para o desenvolvimento e o desempenho dos ginastas durante a competi\u00e7\u00e3o. <\/p>\n\n\n\n<div class=\"wp-block-columns is-layout-flex wp-container-core-columns-is-layout-8f761849 wp-block-columns-is-layout-flex\">\n<div class=\"wp-block-column is-layout-flow wp-block-column-is-layout-flow\">\n<figure class=\"wp-block-image size-full\"><img decoding=\"async\" width=\"1000\" height=\"667\" data-attachment-id=\"55112\" data-permalink=\"https:\/\/www.diariodeouropreto.com.br\/pt\/feito-historico-atleta-itabiritense-conquista-duas-medalhas-de-ouro-no-campeonato-sul-americano-de-ginastica-de-trampolim\/atletas-de-ginastica-de-trampolim-2-2\/\" data-orig-file=\"https:\/\/www.diariodeouropreto.com.br\/wp-content\/uploads\/2026\/09\/Atletas-de-ginastica-de-trampolim-2-1.jpg\" data-orig-size=\"1000,667\" data-comments-opened=\"0\" data-image-meta=\"{&quot;aperture&quot;:&quot;0&quot;,&quot;credit&quot;:&quot;&quot;,&quot;camera&quot;:&quot;&quot;,&quot;caption&quot;:&quot;&quot;,&quot;created_timestamp&quot;:&quot;0&quot;,&quot;copyright&quot;:&quot;&quot;,&quot;focal_length&quot;:&quot;0&quot;,&quot;iso&quot;:&quot;0&quot;,&quot;shutter_speed&quot;:&quot;0&quot;,&quot;title&quot;:&quot;&quot;,&quot;orientation&quot;:&quot;1&quot;,&quot;alt&quot;:&quot;&quot;}\" data-image-title=\"Atletas de gin\u00e1stica de trampolim (2)\" data-image-description=\"\" data-image-caption=\"\" data-large-file=\"https:\/\/www.diariodeouropreto.com.br\/wp-content\/uploads\/2026\/09\/Atletas-de-ginastica-de-trampolim-2-1.jpg\" src=\"https:\/\/www.diariodeouropreto.com.br\/wp-content\/uploads\/2026\/09\/Atletas-de-ginastica-de-trampolim-2-1.jpg\" alt=\"\" class=\"wp-image-55112\" srcset=\"https:\/\/www.diariodeouropreto.com.br\/wp-content\/uploads\/2026\/09\/Atletas-de-ginastica-de-trampolim-2-1.jpg 1000w, https:\/\/www.diariodeouropreto.com.br\/wp-content\/uploads\/2026\/09\/Atletas-de-ginastica-de-trampolim-2-1-594x396.jpg 594w, https:\/\/www.diariodeouropreto.com.br\/wp-content\/uploads\/2026\/09\/Atletas-de-ginastica-de-trampolim-2-1-200x133.jpg 200w, https:\/\/www.diariodeouropreto.com.br\/wp-content\/uploads\/2026\/09\/Atletas-de-ginastica-de-trampolim-2-1-768x512.jpg 768w, https:\/\/www.diariodeouropreto.com.br\/wp-content\/uploads\/2026\/09\/Atletas-de-ginastica-de-trampolim-2-1-18x12.jpg 18w, https:\/\/www.diariodeouropreto.com.br\/wp-content\/uploads\/2026\/09\/Atletas-de-ginastica-de-trampolim-2-1-465x310.jpg 465w, https:\/\/www.diariodeouropreto.com.br\/wp-content\/uploads\/2026\/09\/Atletas-de-ginastica-de-trampolim-2-1-695x464.jpg 695w\" sizes=\"(max-width: 1000px) 100vw, 1000px\" \/><\/figure>\n<\/div>\n\n\n\n<div class=\"wp-block-column is-layout-flow wp-block-column-is-layout-flow\">\n<figure class=\"wp-block-image size-large\"><img decoding=\"async\" width=\"2000\" height=\"1334\" data-attachment-id=\"55114\" data-permalink=\"https:\/\/www.diariodeouropreto.com.br\/pt\/feito-historico-atleta-itabiritense-conquista-duas-medalhas-de-ouro-no-campeonato-sul-americano-de-ginastica-de-trampolim\/atletas-de-ginastica-de-trampolim-1\/\" data-orig-file=\"https:\/\/www.diariodeouropreto.com.br\/wp-content\/uploads\/2026\/09\/Atletas-de-ginastica-de-trampolim-1.jpg\" data-orig-size=\"2047,1365\" data-comments-opened=\"0\" data-image-meta=\"{&quot;aperture&quot;:&quot;0&quot;,&quot;credit&quot;:&quot;&quot;,&quot;camera&quot;:&quot;&quot;,&quot;caption&quot;:&quot;&quot;,&quot;created_timestamp&quot;:&quot;0&quot;,&quot;copyright&quot;:&quot;&quot;,&quot;focal_length&quot;:&quot;0&quot;,&quot;iso&quot;:&quot;0&quot;,&quot;shutter_speed&quot;:&quot;0&quot;,&quot;title&quot;:&quot;&quot;,&quot;orientation&quot;:&quot;0&quot;,&quot;alt&quot;:&quot;&quot;}\" data-image-title=\"Atletas de gin\u00e1stica de trampolim (1)\" data-image-description=\"\" data-image-caption=\"\" data-large-file=\"https:\/\/www.diariodeouropreto.com.br\/wp-content\/uploads\/2026\/09\/Atletas-de-ginastica-de-trampolim-1-2000x1334.jpg\" src=\"https:\/\/www.diariodeouropreto.com.br\/wp-content\/uploads\/2026\/09\/Atletas-de-ginastica-de-trampolim-1-2000x1334.jpg\" alt=\"\" class=\"wp-image-55114\" srcset=\"https:\/\/www.diariodeouropreto.com.br\/wp-content\/uploads\/2026\/09\/Atletas-de-ginastica-de-trampolim-1-2000x1334.jpg 2000w, https:\/\/www.diariodeouropreto.com.br\/wp-content\/uploads\/2026\/09\/Atletas-de-ginastica-de-trampolim-1-594x396.jpg 594w, https:\/\/www.diariodeouropreto.com.br\/wp-content\/uploads\/2026\/09\/Atletas-de-ginastica-de-trampolim-1-200x133.jpg 200w, https:\/\/www.diariodeouropreto.com.br\/wp-content\/uploads\/2026\/09\/Atletas-de-ginastica-de-trampolim-1-768x512.jpg 768w, https:\/\/www.diariodeouropreto.com.br\/wp-content\/uploads\/2026\/09\/Atletas-de-ginastica-de-trampolim-1-1536x1024.jpg 1536w, https:\/\/www.diariodeouropreto.com.br\/wp-content\/uploads\/2026\/09\/Atletas-de-ginastica-de-trampolim-1-18x12.jpg 18w, https:\/\/www.diariodeouropreto.com.br\/wp-content\/uploads\/2026\/09\/Atletas-de-ginastica-de-trampolim-1-465x310.jpg 465w, https:\/\/www.diariodeouropreto.com.br\/wp-content\/uploads\/2026\/09\/Atletas-de-ginastica-de-trampolim-1-695x463.jpg 695w, https:\/\/www.diariodeouropreto.com.br\/wp-content\/uploads\/2026\/09\/Atletas-de-ginastica-de-trampolim-1.jpg 2047w\" sizes=\"(max-width: 2000px) 100vw, 2000px\" \/><\/figure>\n<\/div>\n<\/div>\n\n\n\n<p class=\"wp-block-paragraph\">Fonte: Assessoria Prefeitura de Itabirito<\/p>\n\n\n\n<div id=\"152151\" class=\"advads-saneouro-2 advads-entity-placement\" style=\"margin-top: 3px;margin-bottom: 3px;margin-left: auto;margin-right: auto;text-align: center;\"><a href=\"https:\/\/www.saneouro.com.br\/\" target=\"_blank\" aria-label=\"DOP_Impresso\" data-wpel-link=\"external\" rel=\"follow external noopener noreferrer sponsored ugc\"><img src=\"https:\/\/www.diariodeouropreto.com.br\/wp-content\/uploads\/2026\/07\/DOP_Impresso.jpg\" alt=\"\"  srcset=\"https:\/\/www.diariodeouropreto.com.br\/wp-content\/uploads\/2026\/07\/DOP_Impresso.jpg 1181w, https:\/\/www.diariodeouropreto.com.br\/wp-content\/uploads\/2026\/07\/DOP_Impresso-396x396.jpg 396w, https:\/\/www.diariodeouropreto.com.br\/wp-content\/uploads\/2026\/07\/DOP_Impresso-150x150.jpg 150w, https:\/\/www.diariodeouropreto.com.br\/wp-content\/uploads\/2026\/07\/DOP_Impresso-768x768.jpg 768w, https:\/\/www.diariodeouropreto.com.br\/wp-content\/uploads\/2026\/07\/DOP_Impresso-12x12.jpg 12w, https:\/\/www.diariodeouropreto.com.br\/wp-content\/uploads\/2026\/07\/DOP_Impresso-465x465.jpg 465w, https:\/\/www.diariodeouropreto.com.br\/wp-content\/uploads\/2026\/07\/DOP_Impresso-500x500.jpg 500w\" sizes=\"(max-width: 1181px) 100vw, 1181px\" width=\"400\" height=\"400\"  style=\"display: inline-block;\" \/><\/a><\/div><p class=\"wp-block-paragraph\">Fotos: Divulga\u00e7\u00e3o<\/p>","protected":false},"excerpt":{"rendered":"<p>Itabirito ganhou destaque internacional ap\u00f3s a atleta Ana J\u00falia Avelino Machado, integrante da Sele\u00e7\u00e3o Brasileira de Gin\u00e1stica de Trampolim conquistar duas medalhas de ouro. Nesta quinta-feira, dia 3 de setembro, a atleta esteve na Prefeitura de Itabirito, onde foi homenageada pela administra\u00e7\u00e3o municipal em reconhecimento \u00e0 conquista e ao destaque<span class=\"more-link\"><a href=\"https:\/\/www.diariodeouropreto.com.br\/pt\/feito-historico-atleta-itabiritense-conquista-duas-medalhas-de-ouro-no-campeonato-sul-americano-de-ginastica-de-trampolim\/\" data-wpel-link=\"internal\">Continue Lendo<\/a><\/span><\/p>","protected":false},"author":1,"featured_media":55113,"comment_status":"closed","ping_status":"closed","sticky":false,"template":"","format":"standard","meta":{"_jetpack_newsletter_access":"","_jetpack_dont_email_post_to_subs":false,"_jetpack_newsletter_tier_id":0,"_jetpack_memberships_contains_paywalled_content":false,"_jetpack_feature_clip_id":0,"_jetpack_memberships_contains_paid_content":false,"footnotes":"","jetpack_publicize_message":"Itabirito ganhou destaque internacional ap\u00f3s a atleta Ana J\u00falia Avelino Machado, integrante da Sele\u00e7\u00e3o Brasileira de Gin\u00e1stica de Trampolim conquistar duas medalhas de ouro","jetpack_publicize_feature_enabled":true,"jetpack_social_post_already_shared":true,"jetpack_social_options":{"image_generator_settings":{"template":"highway","default_image_id":0,"font":"","enabled":false},"version":2},"jetpack_post_was_ever_published":false},"categories":[69],"tags":[],"class_list":["entry","author-diario","post-55102","post","type-post","status-publish","format-standard","has-post-thumbnail","category-esportes"],"yoast_head":"<!-- This site is optimized with the Yoast SEO plugin v28.4 - https:\/\/yoast.com\/product\/yoast-seo-wordpress\/ -->\n<title>Feito hist\u00f3rico: atleta itabiritense conquista duas medalhas de ouro no Campeonato Sul-Americano de Gin\u00e1stica de Trampolim - Di\u00e1rio de Ouro Preto<\/title>\n<meta name=\"description\" content=\"Itabirito ganhou destaque internacional ap\u00f3s a atleta Ana J\u00falia Avelino Machado, integrante da Sele\u00e7\u00e3o Brasileira de Gin\u00e1stica de Trampolim conquistar duas medalhas de ouro- Feito hist\u00f3rico: atleta itabiritense conquista duas medalhas de ouro no Campeonato Sul-Americano de Gin\u00e1stica de Trampolim - Esportes\" \/>\n<meta name=\"robots\" content=\"index, follow, max-snippet:-1, max-image-preview:large, max-video-preview:-1\" \/>\n<link rel=\"canonical\" href=\"https:\/\/www.diariodeouropreto.com.br\/pt\/feito-historico-atleta-itabiritense-conquista-duas-medalhas-de-ouro-no-campeonato-sul-americano-de-ginastica-de-trampolim\/\" \/>\n<meta property=\"og:locale\" content=\"pt_PT\" \/>\n<meta property=\"og:type\" content=\"article\" \/>\n<meta property=\"og:title\" content=\"Feito hist\u00f3rico: atleta itabiritense conquista duas medalhas de ouro no Campeonato Sul-Americano de Gin\u00e1stica de Trampolim - Di\u00e1rio de Ouro Preto\" \/>\n<meta property=\"og:description\" content=\"Itabirito ganhou destaque internacional ap\u00f3s a atleta Ana J\u00falia Avelino Machado, integrante da Sele\u00e7\u00e3o Brasileira de Gin\u00e1stica de Trampolim conquistar duas medalhas de ouro- Feito hist\u00f3rico: atleta itabiritense conquista duas medalhas de ouro no Campeonato Sul-Americano de Gin\u00e1stica de Trampolim - Esportes\" \/>\n<meta property=\"og:url\" content=\"https:\/\/www.diariodeouropreto.com.br\/pt\/feito-historico-atleta-itabiritense-conquista-duas-medalhas-de-ouro-no-campeonato-sul-americano-de-ginastica-de-trampolim\/\" \/>\n<meta property=\"og:site_name\" content=\"Di\u00e1rio de Ouro Preto\" \/>\n<meta property=\"article:publisher\" content=\"https:\/\/www.facebook.com\/diariodeouropreto\/\" \/>\n<meta property=\"article:published_time\" content=\"2026-09-03T22:00:00+00:00\" \/>\n<meta property=\"article:modified_time\" content=\"2026-09-03T22:14:36+00:00\" \/>\n<meta property=\"og:image\" content=\"https:\/\/www.diariodeouropreto.com.br\/wp-content\/uploads\/2026\/09\/Atletas-de-ginastica-de-trampolim-2-1.jpg\" \/>\n\t<meta property=\"og:image:width\" content=\"1000\" \/>\n\t<meta property=\"og:image:height\" content=\"667\" \/>\n\t<meta property=\"og:image:type\" content=\"image\/jpeg\" \/>\n<meta name=\"author\" content=\"Di\u00e1rio de Ouro Preto\" \/>\n<meta name=\"twitter:card\" content=\"summary_large_image\" \/>\n<meta name=\"twitter:label1\" content=\"Escrito por\" \/>\n\t<meta name=\"twitter:data1\" content=\"Di\u00e1rio de Ouro Preto\" \/>\n\t<meta name=\"twitter:label2\" content=\"Tempo estimado de leitura\" \/>\n\t<meta name=\"twitter:data2\" content=\"2 minutos\" \/>\n<script type=\"application\/ld+json\" class=\"yoast-schema-graph\">{\"@context\":\"https:\\\/\\\/schema.org\",\"@graph\":[{\"@type\":\"Article\",\"@id\":\"https:\\\/\\\/www.diariodeouropreto.com.br\\\/feito-historico-atleta-itabiritense-conquista-duas-medalhas-de-ouro-no-campeonato-sul-americano-de-ginastica-de-trampolim\\\/#article\",\"isPartOf\":{\"@id\":\"https:\\\/\\\/www.diariodeouropreto.com.br\\\/feito-historico-atleta-itabiritense-conquista-duas-medalhas-de-ouro-no-campeonato-sul-americano-de-ginastica-de-trampolim\\\/\"},\"author\":{\"name\":\"Di\u00e1rio de Ouro Preto\",\"@id\":\"https:\\\/\\\/www.diariodeouropreto.com.br\\\/pt\\\/#\\\/schema\\\/person\\\/7654e7b471204a6dab6dc0ce6e140c99\"},\"headline\":\"Feito hist\u00f3rico: atleta itabiritense conquista duas medalhas de ouro no Campeonato Sul-Americano de Gin\u00e1stica de Trampolim\",\"datePublished\":\"2026-09-03T22:00:00+00:00\",\"dateModified\":\"2026-09-03T22:14:36+00:00\",\"mainEntityOfPage\":{\"@id\":\"https:\\\/\\\/www.diariodeouropreto.com.br\\\/feito-historico-atleta-itabiritense-conquista-duas-medalhas-de-ouro-no-campeonato-sul-americano-de-ginastica-de-trampolim\\\/\"},\"wordCount\":255,\"publisher\":{\"@id\":\"https:\\\/\\\/www.diariodeouropreto.com.br\\\/pt\\\/#organization\"},\"image\":{\"@id\":\"https:\\\/\\\/www.diariodeouropreto.com.br\\\/feito-historico-atleta-itabiritense-conquista-duas-medalhas-de-ouro-no-campeonato-sul-americano-de-ginastica-de-trampolim\\\/#primaryimage\"},\"thumbnailUrl\":\"https:\\\/\\\/www.diariodeouropreto.com.br\\\/wp-content\\\/uploads\\\/2026\\\/09\\\/Atletas-de-ginastica-de-trampoli-2.jpg\",\"articleSection\":[\"Esportes\"],\"inLanguage\":\"pt-PT\"},{\"@type\":\"WebPage\",\"@id\":\"https:\\\/\\\/www.diariodeouropreto.com.br\\\/feito-historico-atleta-itabiritense-conquista-duas-medalhas-de-ouro-no-campeonato-sul-americano-de-ginastica-de-trampolim\\\/\",\"url\":\"https:\\\/\\\/www.diariodeouropreto.com.br\\\/feito-historico-atleta-itabiritense-conquista-duas-medalhas-de-ouro-no-campeonato-sul-americano-de-ginastica-de-trampolim\\\/\",\"name\":\"Feito hist\u00f3rico: atleta itabiritense conquista duas medalhas de ouro no Campeonato Sul-Americano de Gin\u00e1stica de Trampolim - Di\u00e1rio de Ouro Preto\",\"isPartOf\":{\"@id\":\"https:\\\/\\\/www.diariodeouropreto.com.br\\\/pt\\\/#website\"},\"primaryImageOfPage\":{\"@id\":\"https:\\\/\\\/www.diariodeouropreto.com.br\\\/feito-historico-atleta-itabiritense-conquista-duas-medalhas-de-ouro-no-campeonato-sul-americano-de-ginastica-de-trampolim\\\/#primaryimage\"},\"image\":{\"@id\":\"https:\\\/\\\/www.diariodeouropreto.com.br\\\/feito-historico-atleta-itabiritense-conquista-duas-medalhas-de-ouro-no-campeonato-sul-americano-de-ginastica-de-trampolim\\\/#primaryimage\"},\"thumbnailUrl\":\"https:\\\/\\\/www.diariodeouropreto.com.br\\\/wp-content\\\/uploads\\\/2026\\\/09\\\/Atletas-de-ginastica-de-trampoli-2.jpg\",\"datePublished\":\"2026-09-03T22:00:00+00:00\",\"dateModified\":\"2026-09-03T22:14:36+00:00\",\"description\":\"Itabirito ganhou destaque internacional ap\u00f3s a atleta Ana J\u00falia Avelino Machado, integrante da Sele\u00e7\u00e3o Brasileira de Gin\u00e1stica de Trampolim conquistar duas medalhas de ouro- Feito hist\u00f3rico: atleta itabiritense conquista duas medalhas de ouro no Campeonato Sul-Americano de Gin\u00e1stica de Trampolim - Esportes\",\"breadcrumb\":{\"@id\":\"https:\\\/\\\/www.diariodeouropreto.com.br\\\/feito-historico-atleta-itabiritense-conquista-duas-medalhas-de-ouro-no-campeonato-sul-americano-de-ginastica-de-trampolim\\\/#breadcrumb\"},\"inLanguage\":\"pt-PT\",\"potentialAction\":[{\"@type\":\"ReadAction\",\"target\":[\"https:\\\/\\\/www.diariodeouropreto.com.br\\\/feito-historico-atleta-itabiritense-conquista-duas-medalhas-de-ouro-no-campeonato-sul-americano-de-ginastica-de-trampolim\\\/\"]}]},{\"@type\":\"ImageObject\",\"inLanguage\":\"pt-PT\",\"@id\":\"https:\\\/\\\/www.diariodeouropreto.com.br\\\/feito-historico-atleta-itabiritense-conquista-duas-medalhas-de-ouro-no-campeonato-sul-americano-de-ginastica-de-trampolim\\\/#primaryimage\",\"url\":\"https:\\\/\\\/www.diariodeouropreto.com.br\\\/wp-content\\\/uploads\\\/2026\\\/09\\\/Atletas-de-ginastica-de-trampoli-2.jpg\",\"contentUrl\":\"https:\\\/\\\/www.diariodeouropreto.com.br\\\/wp-content\\\/uploads\\\/2026\\\/09\\\/Atletas-de-ginastica-de-trampoli-2.jpg\",\"width\":1200,\"height\":594},{\"@type\":\"BreadcrumbList\",\"@id\":\"https:\\\/\\\/www.diariodeouropreto.com.br\\\/feito-historico-atleta-itabiritense-conquista-duas-medalhas-de-ouro-no-campeonato-sul-americano-de-ginastica-de-trampolim\\\/#breadcrumb\",\"itemListElement\":[{\"@type\":\"ListItem\",\"position\":1,\"name\":\"In\u00edcio\",\"item\":\"https:\\\/\\\/www.diariodeouropreto.com.br\\\/pt\\\/\"},{\"@type\":\"ListItem\",\"position\":2,\"name\":\"Feito hist\u00f3rico: atleta itabiritense conquista duas medalhas de ouro no Campeonato Sul-Americano de Gin\u00e1stica de Trampolim\"}]},{\"@type\":\"WebSite\",\"@id\":\"https:\\\/\\\/www.diariodeouropreto.com.br\\\/pt\\\/#website\",\"url\":\"https:\\\/\\\/www.diariodeouropreto.com.br\\\/pt\\\/\",\"name\":\"Di\u00e1rio de Ouro Preto\",\"description\":\"Not\u00edcias Ouro Preto; Mariana;Minas Gerais;Jornal;Jornalismo;Not\u00edcias;\",\"publisher\":{\"@id\":\"https:\\\/\\\/www.diariodeouropreto.com.br\\\/pt\\\/#organization\"},\"alternateName\":\"Jornal di\u00e1rio de Ouro Preto\",\"potentialAction\":[{\"@type\":\"SearchAction\",\"target\":{\"@type\":\"EntryPoint\",\"urlTemplate\":\"https:\\\/\\\/www.diariodeouropreto.com.br\\\/pt\\\/?s={search_term_string}\"},\"query-input\":{\"@type\":\"PropertyValueSpecification\",\"valueRequired\":true,\"valueName\":\"search_term_string\"}}],\"inLanguage\":\"pt-PT\"},{\"@type\":\"Organization\",\"@id\":\"https:\\\/\\\/www.diariodeouropreto.com.br\\\/pt\\\/#organization\",\"name\":\"Di\u00e1rio de Ouro Preto\",\"alternateName\":\"Jornal di\u00e1rio Ouro Preto\",\"url\":\"https:\\\/\\\/www.diariodeouropreto.com.br\\\/pt\\\/\",\"logo\":{\"@type\":\"ImageObject\",\"inLanguage\":\"pt-PT\",\"@id\":\"https:\\\/\\\/www.diariodeouropreto.com.br\\\/pt\\\/#\\\/schema\\\/logo\\\/image\\\/\",\"url\":\"https:\\\/\\\/www.diariodeouropreto.com.br\\\/wp-content\\\/uploads\\\/2019\\\/06\\\/cropped-logotransp-2.png\",\"contentUrl\":\"https:\\\/\\\/www.diariodeouropreto.com.br\\\/wp-content\\\/uploads\\\/2019\\\/06\\\/cropped-logotransp-2.png\",\"width\":1323,\"height\":251,\"caption\":\"Di\u00e1rio de Ouro Preto\"},\"image\":{\"@id\":\"https:\\\/\\\/www.diariodeouropreto.com.br\\\/pt\\\/#\\\/schema\\\/logo\\\/image\\\/\"},\"sameAs\":[\"https:\\\/\\\/www.facebook.com\\\/diariodeouropreto\\\/\"]},{\"@type\":\"Person\",\"@id\":\"https:\\\/\\\/www.diariodeouropreto.com.br\\\/pt\\\/#\\\/schema\\\/person\\\/7654e7b471204a6dab6dc0ce6e140c99\",\"name\":\"Di\u00e1rio de Ouro Preto\",\"sameAs\":[\"http:\\\/\\\/www.diariodeouropreto.com.br\"],\"url\":\"https:\\\/\\\/www.diariodeouropreto.com.br\\\/pt\\\/author\\\/diario\\\/\"}]}<\/script>\n<!-- \/ Yoast SEO plugin. -->","yoast_head_json":{"title":"Feito hist\u00f3rico: atleta itabiritense conquista duas medalhas de ouro no Campeonato Sul-Americano de Gin\u00e1stica de Trampolim - Di\u00e1rio de Ouro Preto","description":"Itabirito ganhou destaque internacional ap\u00f3s a atleta Ana J\u00falia Avelino Machado, integrante da Sele\u00e7\u00e3o Brasileira de Gin\u00e1stica de Trampolim conquistar duas medalhas de ouro- Feito hist\u00f3rico: atleta itabiritense conquista duas medalhas de ouro no Campeonato Sul-Americano de Gin\u00e1stica de Trampolim - Esportes","robots":{"index":"index","follow":"follow","max-snippet":"max-snippet:-1","max-image-preview":"max-image-preview:large","max-video-preview":"max-video-preview:-1"},"canonical":"https:\/\/www.diariodeouropreto.com.br\/pt\/feito-historico-atleta-itabiritense-conquista-duas-medalhas-de-ouro-no-campeonato-sul-americano-de-ginastica-de-trampolim\/","og_locale":"pt_PT","og_type":"article","og_title":"Feito hist\u00f3rico: atleta itabiritense conquista duas medalhas de ouro no Campeonato Sul-Americano de Gin\u00e1stica de Trampolim - Di\u00e1rio de Ouro Preto","og_description":"Itabirito ganhou destaque internacional ap\u00f3s a atleta Ana J\u00falia Avelino Machado, integrante da Sele\u00e7\u00e3o Brasileira de Gin\u00e1stica de Trampolim conquistar duas medalhas de ouro- Feito hist\u00f3rico: atleta itabiritense conquista duas medalhas de ouro no Campeonato Sul-Americano de Gin\u00e1stica de Trampolim - Esportes","og_url":"https:\/\/www.diariodeouropreto.com.br\/pt\/feito-historico-atleta-itabiritense-conquista-duas-medalhas-de-ouro-no-campeonato-sul-americano-de-ginastica-de-trampolim\/","og_site_name":"Di\u00e1rio de Ouro Preto","article_publisher":"https:\/\/www.facebook.com\/diariodeouropreto\/","article_published_time":"2026-09-03T22:00:00+00:00","article_modified_time":"2026-09-03T22:14:36+00:00","og_image":[{"width":1000,"height":667,"url":"https:\/\/www.diariodeouropreto.com.br\/wp-content\/uploads\/2026\/09\/Atletas-de-ginastica-de-trampolim-2-1.jpg","type":"image\/jpeg"}],"author":"Di\u00e1rio de Ouro Preto","twitter_card":"summary_large_image","twitter_misc":{"Escrito por":"Di\u00e1rio de Ouro Preto","Tempo estimado de leitura":"2 minutos"},"schema":{"@context":"https:\/\/schema.org","@graph":[{"@type":"Article","@id":"https:\/\/www.diariodeouropreto.com.br\/feito-historico-atleta-itabiritense-conquista-duas-medalhas-de-ouro-no-campeonato-sul-americano-de-ginastica-de-trampolim\/#article","isPartOf":{"@id":"https:\/\/www.diariodeouropreto.com.br\/feito-historico-atleta-itabiritense-conquista-duas-medalhas-de-ouro-no-campeonato-sul-americano-de-ginastica-de-trampolim\/"},"author":{"name":"Di\u00e1rio de Ouro Preto","@id":"https:\/\/www.diariodeouropreto.com.br\/pt\/#\/schema\/person\/7654e7b471204a6dab6dc0ce6e140c99"},"headline":"Feito hist\u00f3rico: atleta itabiritense conquista duas medalhas de ouro no Campeonato Sul-Americano de Gin\u00e1stica de Trampolim","datePublished":"2026-09-03T22:00:00+00:00","dateModified":"2026-09-03T22:14:36+00:00","mainEntityOfPage":{"@id":"https:\/\/www.diariodeouropreto.com.br\/feito-historico-atleta-itabiritense-conquista-duas-medalhas-de-ouro-no-campeonato-sul-americano-de-ginastica-de-trampolim\/"},"wordCount":255,"publisher":{"@id":"https:\/\/www.diariodeouropreto.com.br\/pt\/#organization"},"image":{"@id":"https:\/\/www.diariodeouropreto.com.br\/feito-historico-atleta-itabiritense-conquista-duas-medalhas-de-ouro-no-campeonato-sul-americano-de-ginastica-de-trampolim\/#primaryimage"},"thumbnailUrl":"https:\/\/www.diariodeouropreto.com.br\/wp-content\/uploads\/2026\/09\/Atletas-de-ginastica-de-trampoli-2.jpg","articleSection":["Esportes"],"inLanguage":"pt-PT"},{"@type":"WebPage","@id":"https:\/\/www.diariodeouropreto.com.br\/feito-historico-atleta-itabiritense-conquista-duas-medalhas-de-ouro-no-campeonato-sul-americano-de-ginastica-de-trampolim\/","url":"https:\/\/www.diariodeouropreto.com.br\/feito-historico-atleta-itabiritense-conquista-duas-medalhas-de-ouro-no-campeonato-sul-americano-de-ginastica-de-trampolim\/","name":"Feito hist\u00f3rico: atleta itabiritense conquista duas medalhas de ouro no Campeonato Sul-Americano de Gin\u00e1stica de Trampolim - Di\u00e1rio de Ouro Preto","isPartOf":{"@id":"https:\/\/www.diariodeouropreto.com.br\/pt\/#website"},"primaryImageOfPage":{"@id":"https:\/\/www.diariodeouropreto.com.br\/feito-historico-atleta-itabiritense-conquista-duas-medalhas-de-ouro-no-campeonato-sul-americano-de-ginastica-de-trampolim\/#primaryimage"},"image":{"@id":"https:\/\/www.diariodeouropreto.com.br\/feito-historico-atleta-itabiritense-conquista-duas-medalhas-de-ouro-no-campeonato-sul-americano-de-ginastica-de-trampolim\/#primaryimage"},"thumbnailUrl":"https:\/\/www.diariodeouropreto.com.br\/wp-content\/uploads\/2026\/09\/Atletas-de-ginastica-de-trampoli-2.jpg","datePublished":"2026-09-03T22:00:00+00:00","dateModified":"2026-09-03T22:14:36+00:00","description":"Itabirito ganhou destaque internacional ap\u00f3s a atleta Ana J\u00falia Avelino Machado, integrante da Sele\u00e7\u00e3o Brasileira de Gin\u00e1stica de Trampolim conquistar duas medalhas de ouro- Feito hist\u00f3rico: atleta itabiritense conquista duas medalhas de ouro no Campeonato Sul-Americano de Gin\u00e1stica de Trampolim - Esportes","breadcrumb":{"@id":"https:\/\/www.diariodeouropreto.com.br\/feito-historico-atleta-itabiritense-conquista-duas-medalhas-de-ouro-no-campeonato-sul-americano-de-ginastica-de-trampolim\/#breadcrumb"},"inLanguage":"pt-PT","potentialAction":[{"@type":"ReadAction","target":["https:\/\/www.diariodeouropreto.com.br\/feito-historico-atleta-itabiritense-conquista-duas-medalhas-de-ouro-no-campeonato-sul-americano-de-ginastica-de-trampolim\/"]}]},{"@type":"ImageObject","inLanguage":"pt-PT","@id":"https:\/\/www.diariodeouropreto.com.br\/feito-historico-atleta-itabiritense-conquista-duas-medalhas-de-ouro-no-campeonato-sul-americano-de-ginastica-de-trampolim\/#primaryimage","url":"https:\/\/www.diariodeouropreto.com.br\/wp-content\/uploads\/2026\/09\/Atletas-de-ginastica-de-trampoli-2.jpg","contentUrl":"https:\/\/www.diariodeouropreto.com.br\/wp-content\/uploads\/2026\/09\/Atletas-de-ginastica-de-trampoli-2.jpg","width":1200,"height":594},{"@type":"BreadcrumbList","@id":"https:\/\/www.diariodeouropreto.com.br\/feito-historico-atleta-itabiritense-conquista-duas-medalhas-de-ouro-no-campeonato-sul-americano-de-ginastica-de-trampolim\/#breadcrumb","itemListElement":[{"@type":"ListItem","position":1,"name":"In\u00edcio","item":"https:\/\/www.diariodeouropreto.com.br\/pt\/"},{"@type":"ListItem","position":2,"name":"Feito hist\u00f3rico: atleta itabiritense conquista duas medalhas de ouro no Campeonato Sul-Americano de Gin\u00e1stica de Trampolim"}]},{"@type":"WebSite","@id":"https:\/\/www.diariodeouropreto.com.br\/pt\/#website","url":"https:\/\/www.diariodeouropreto.com.br\/pt\/","name":"Di\u00e1rio de Ouro Preto","description":"Not\u00edcias Ouro Preto; Mariana;Minas Gerais;Jornal;Jornalismo;Not\u00edcias;","publisher":{"@id":"https:\/\/www.diariodeouropreto.com.br\/pt\/#organization"},"alternateName":"Jornal di\u00e1rio de Ouro Preto","potentialAction":[{"@type":"SearchAction","target":{"@type":"EntryPoint","urlTemplate":"https:\/\/www.diariodeouropreto.com.br\/pt\/?s={search_term_string}"},"query-input":{"@type":"PropertyValueSpecification","valueRequired":true,"valueName":"search_term_string"}}],"inLanguage":"pt-PT"},{"@type":"Organization","@id":"https:\/\/www.diariodeouropreto.com.br\/pt\/#organization","name":"Di\u00e1rio de Ouro Preto","alternateName":"Jornal di\u00e1rio Ouro Preto","url":"https:\/\/www.diariodeouropreto.com.br\/pt\/","logo":{"@type":"ImageObject","inLanguage":"pt-PT","@id":"https:\/\/www.diariodeouropreto.com.br\/pt\/#\/schema\/logo\/image\/","url":"https:\/\/www.diariodeouropreto.com.br\/wp-content\/uploads\/2019\/06\/cropped-logotransp-2.png","contentUrl":"https:\/\/www.diariodeouropreto.com.br\/wp-content\/uploads\/2019\/06\/cropped-logotransp-2.png","width":1323,"height":251,"caption":"Di\u00e1rio de Ouro Preto"},"image":{"@id":"https:\/\/www.diariodeouropreto.com.br\/pt\/#\/schema\/logo\/image\/"},"sameAs":["https:\/\/www.facebook.com\/diariodeouropreto\/"]},{"@type":"Person","@id":"https:\/\/www.diariodeouropreto.com.br\/pt\/#\/schema\/person\/7654e7b471204a6dab6dc0ce6e140c99","name":"Di\u00e1rio de Ouro Preto","sameAs":["http:\/\/www.diariodeouropreto.com.br"],"url":"https:\/\/www.diariodeouropreto.com.br\/pt\/author\/diario\/"}]}},"jetpack_publicize_connections":[],"jetpack-related-posts":[{"id":1376,"url":"https:\/\/www.diariodeouropreto.com.br\/pt\/1376-2\/","url_meta":{"origin":55102,"position":0},"title":"2019 &#8211; um ano vitorioso para o esporte de Ouro Preto","author":"Di\u00e1rio de Ouro Preto","date":"4 de Dezembro de 2019","format":false,"excerpt":"O ano de 2019 na cidade de Ouro Preto foi marcado por muitas atividades esportivas. Artes marciais, gin\u00e1stica de trampolim, copa amadora de futebol, jogos de v\u00f4lei, maratonas, desafios de mountain bike e trail run e atletas ouro-pretanos em competi\u00e7\u00f5es internacionais representaram o esportes no munic\u00edpio. Confira os principais eventos\u2026","rel":"","context":"In &quot;Ouro Preto&quot;","block_context":{"text":"Ouro Preto","link":"https:\/\/www.diariodeouropreto.com.br\/pt\/Editoria\/ouro-preto\/"},"img":{"alt_text":"","src":"https:\/\/i0.wp.com\/www.diariodeouropreto.com.br\/wp-content\/uploads\/2019\/12\/Esporte-2019-1.jpg?resize=350%2C200&ssl=1","width":350,"height":200,"srcset":"https:\/\/i0.wp.com\/www.diariodeouropreto.com.br\/wp-content\/uploads\/2019\/12\/Esporte-2019-1.jpg?resize=350%2C200&ssl=1 1x, https:\/\/i0.wp.com\/www.diariodeouropreto.com.br\/wp-content\/uploads\/2019\/12\/Esporte-2019-1.jpg?resize=525%2C300&ssl=1 1.5x, https:\/\/i0.wp.com\/www.diariodeouropreto.com.br\/wp-content\/uploads\/2019\/12\/Esporte-2019-1.jpg?resize=700%2C400&ssl=1 2x"},"classes":[]},{"id":53876,"url":"https:\/\/www.diariodeouropreto.com.br\/pt\/selecao-brasileira-de-ginastica-de-trampolim-atletas-e-treinador-da-escola-de-esportes-de-itabirito-sao-convocados\/","url_meta":{"origin":55102,"position":1},"title":"Sele\u00e7\u00e3o Brasileira de Gin\u00e1stica de Trampolim: atletas\u00a0e treinador\u00a0da Escola de Esportes de Itabirito s\u00e3o convocados\u00a0","author":"Di\u00e1rio de Ouro Preto","date":"16 de Julho de 2026","format":false,"excerpt":"Dois atletas da Escola de Esportes da Prefeitura de Itabirito passar\u00e3o a integrar a\u00a0Sele\u00e7\u00e3o\u00a0Brasileira\u00a0J\u00fanior\u00a0de\u00a0Gin\u00e1stica de\u00a0Trampolim:\u00a0Ana J\u00falia Machado e Gabriel Paulo Ribeiro\u00a0foram convocados\u00a0pela Confedera\u00e7\u00e3o Brasileira de Gin\u00e1stica (CBG). Ambos competem na\u00a0categoria\u00a0duplo\u00a0mini\u00a0trampolim, destinada a ginastas\u00a0de\u00a013\u00a0a\u00a016 anos.\u00a0 Com a convoca\u00e7\u00e3o, os\u00a0atletas\u00a0itabiritenses\u00a0v\u00e3o\u00a0representar o Brasil em competi\u00e7\u00f5es internacionais ao longo desta\u00a0temporada. A\u00a0sele\u00e7\u00e3o\u00a0dos\u00a0ginastas\u00a0foi realizada pela Confedera\u00e7\u00e3o\u2026","rel":"","context":"In &quot;Esportes&quot;","block_context":{"text":"Esportes","link":"https:\/\/www.diariodeouropreto.com.br\/pt\/Editoria\/esportes\/"},"img":{"alt_text":"","src":"https:\/\/i0.wp.com\/www.diariodeouropreto.com.br\/wp-content\/uploads\/2026\/07\/Atletas-de-Itabirito-na-Selecao-Btrasileira-de-Ginastica-scaled.jpg?resize=350%2C200&ssl=1","width":350,"height":200,"srcset":"https:\/\/i0.wp.com\/www.diariodeouropreto.com.br\/wp-content\/uploads\/2026\/07\/Atletas-de-Itabirito-na-Selecao-Btrasileira-de-Ginastica-scaled.jpg?resize=350%2C200&ssl=1 1x, https:\/\/i0.wp.com\/www.diariodeouropreto.com.br\/wp-content\/uploads\/2026\/07\/Atletas-de-Itabirito-na-Selecao-Btrasileira-de-Ginastica-scaled.jpg?resize=525%2C300&ssl=1 1.5x, https:\/\/i0.wp.com\/www.diariodeouropreto.com.br\/wp-content\/uploads\/2026\/07\/Atletas-de-Itabirito-na-Selecao-Btrasileira-de-Ginastica-scaled.jpg?resize=700%2C400&ssl=1 2x, https:\/\/i0.wp.com\/www.diariodeouropreto.com.br\/wp-content\/uploads\/2026\/07\/Atletas-de-Itabirito-na-Selecao-Btrasileira-de-Ginastica-scaled.jpg?resize=1050%2C600&ssl=1 3x, https:\/\/i0.wp.com\/www.diariodeouropreto.com.br\/wp-content\/uploads\/2026\/07\/Atletas-de-Itabirito-na-Selecao-Btrasileira-de-Ginastica-scaled.jpg?resize=1400%2C800&ssl=1 4x"},"classes":[]},{"id":39711,"url":"https:\/\/www.diariodeouropreto.com.br\/pt\/prefeitura-de-ouro-preto-realiza-cerimonia-de-homenagem-aos-atletas-destaques-do-municipio\/","url_meta":{"origin":55102,"position":2},"title":"Prefeitura de Ouro Preto realiza cerim\u00f4nia de homenagem aos atletas destaques do munic\u00edpio","author":"Di\u00e1rio de Ouro Preto","date":"14 de Novembro de 2024","format":false,"excerpt":"Ouro Preto - Atletas ouro-pretanos que se destacaram em competi\u00e7\u00f5es nacionais e internacionais em 2024 foram homenageados na \u00faltima segunda-feira 11\/11, ao todo, s\u00e3o 59 atletas e comiss\u00f5es t\u00e9cnicas foram homenageados.\u00a0 Estiveram presentes no evento o prefeito Angelo Oswaldo; o secret\u00e1rio de Esportes, Marco Ant\u00f4nio de Freitas; o secret\u00e1rio de\u2026","rel":"","context":"In &quot;Ouro Preto&quot;","block_context":{"text":"Ouro Preto","link":"https:\/\/www.diariodeouropreto.com.br\/pt\/Editoria\/ouro-preto\/"},"img":{"alt_text":"","src":"https:\/\/i0.wp.com\/www.diariodeouropreto.com.br\/wp-content\/uploads\/2024\/11\/Imagem-do-WhatsApp-de-2024-11-13-as-18.40.48_08f3f942.jpg?resize=350%2C200&ssl=1","width":350,"height":200,"srcset":"https:\/\/i0.wp.com\/www.diariodeouropreto.com.br\/wp-content\/uploads\/2024\/11\/Imagem-do-WhatsApp-de-2024-11-13-as-18.40.48_08f3f942.jpg?resize=350%2C200&ssl=1 1x, https:\/\/i0.wp.com\/www.diariodeouropreto.com.br\/wp-content\/uploads\/2024\/11\/Imagem-do-WhatsApp-de-2024-11-13-as-18.40.48_08f3f942.jpg?resize=525%2C300&ssl=1 1.5x, https:\/\/i0.wp.com\/www.diariodeouropreto.com.br\/wp-content\/uploads\/2024\/11\/Imagem-do-WhatsApp-de-2024-11-13-as-18.40.48_08f3f942.jpg?resize=700%2C400&ssl=1 2x, https:\/\/i0.wp.com\/www.diariodeouropreto.com.br\/wp-content\/uploads\/2024\/11\/Imagem-do-WhatsApp-de-2024-11-13-as-18.40.48_08f3f942.jpg?resize=1050%2C600&ssl=1 3x"},"classes":[]},{"id":52476,"url":"https:\/\/www.diariodeouropreto.com.br\/pt\/prefeitura-de-ouro-preto-direciona-mais-de-r-1-milhao-para-a-manutencao-de-projetos-esportivos-na-cidade\/","url_meta":{"origin":55102,"position":3},"title":"Prefeitura de Ouro Preto direciona mais de R$ 1 milh\u00e3o para a manuten\u00e7\u00e3o de projetos esportivos na cidade","author":"Di\u00e1rio de Ouro Preto","date":"22 de Maio de 2026","format":false,"excerpt":"Mais de R$ 1 milh\u00e3o foram investidos pela Prefeitura de Ouro Preto em projetos esportivos, vinculados \u00e0s institui\u00e7\u00f5es da cidade. O an\u00fancio foi realizado nesta quarta-feira (20), durante uma cerim\u00f4nia no gabinete do prefeito. No evento, 17 crian\u00e7as e adolescentes do Instituto Trampolim, que participaram da \u00faltima edi\u00e7\u00e3o do Campeonato\u2026","rel":"","context":"In &quot;Esportes&quot;","block_context":{"text":"Esportes","link":"https:\/\/www.diariodeouropreto.com.br\/pt\/Editoria\/esportes\/"},"img":{"alt_text":"","src":"https:\/\/i0.wp.com\/www.diariodeouropreto.com.br\/wp-content\/uploads\/2026\/05\/WhatsApp-Image-2026-05-21-at-10.53.14.jpeg?resize=350%2C200&ssl=1","width":350,"height":200,"srcset":"https:\/\/i0.wp.com\/www.diariodeouropreto.com.br\/wp-content\/uploads\/2026\/05\/WhatsApp-Image-2026-05-21-at-10.53.14.jpeg?resize=350%2C200&ssl=1 1x, https:\/\/i0.wp.com\/www.diariodeouropreto.com.br\/wp-content\/uploads\/2026\/05\/WhatsApp-Image-2026-05-21-at-10.53.14.jpeg?resize=525%2C300&ssl=1 1.5x, https:\/\/i0.wp.com\/www.diariodeouropreto.com.br\/wp-content\/uploads\/2026\/05\/WhatsApp-Image-2026-05-21-at-10.53.14.jpeg?resize=700%2C400&ssl=1 2x, https:\/\/i0.wp.com\/www.diariodeouropreto.com.br\/wp-content\/uploads\/2026\/05\/WhatsApp-Image-2026-05-21-at-10.53.14.jpeg?resize=1050%2C600&ssl=1 3x"},"classes":[]},{"id":47129,"url":"https:\/\/www.diariodeouropreto.com.br\/pt\/mundial-de-ginastica-ritmica-medalhas-ineditas-e-melhor-resultado-do-brasil-na-competicao\/","url_meta":{"origin":55102,"position":4},"title":"Mundial de Gin\u00e1stica R\u00edtmica: medalhas in\u00e9ditas e melhor resultado do Brasil na competi\u00e7\u00e3o","author":"Di\u00e1rio de Ouro Preto","date":"24 de Agosto de 2025","format":false,"excerpt":"Pratas vieram no conjunto geral e na prova mista. Governo Federal acompanha a trajet\u00f3ria das meninas com investimentos em estrutura, patroc\u00ednios individuais e na viabiliza\u00e7\u00e3o do primeiro Mundial na Am\u00e9rica do Sul","rel":"","context":"In &quot;Ouro Preto&quot;","block_context":{"text":"Ouro Preto","link":"https:\/\/www.diariodeouropreto.com.br\/pt\/Editoria\/ouro-preto\/"},"img":{"alt_text":"","src":"https:\/\/i0.wp.com\/www.diariodeouropreto.com.br\/wp-content\/uploads\/2025\/08\/4d7631bd-df5a-45ae-8d5b-faa4ab00622b.jpeg?resize=350%2C200&ssl=1","width":350,"height":200,"srcset":"https:\/\/i0.wp.com\/www.diariodeouropreto.com.br\/wp-content\/uploads\/2025\/08\/4d7631bd-df5a-45ae-8d5b-faa4ab00622b.jpeg?resize=350%2C200&ssl=1 1x, https:\/\/i0.wp.com\/www.diariodeouropreto.com.br\/wp-content\/uploads\/2025\/08\/4d7631bd-df5a-45ae-8d5b-faa4ab00622b.jpeg?resize=525%2C300&ssl=1 1.5x, https:\/\/i0.wp.com\/www.diariodeouropreto.com.br\/wp-content\/uploads\/2025\/08\/4d7631bd-df5a-45ae-8d5b-faa4ab00622b.jpeg?resize=700%2C400&ssl=1 2x"},"classes":[]},{"id":54723,"url":"https:\/\/www.diariodeouropreto.com.br\/pt\/itabirito-tem-quatro-atletas-convocadas-para-selecao-brasileira-de-ginastica-acrobatica\/","url_meta":{"origin":55102,"position":5},"title":"Itabirito tem quatro atletas convocadas para sele\u00e7\u00e3o brasileira\u00a0de Gin\u00e1stica acrob\u00e1tica","author":"Di\u00e1rio de Ouro Preto","date":"19 de Agosto de 2026","format":false,"excerpt":"Itabirito segue se consolidando como celeiro de talentos da gin\u00e1stica. Nessa segunda-feira, dia 17 de agosto, a Confedera\u00e7\u00e3o Brasileira de Gin\u00e1stica (CBG) convocou quatro atletas da equipe da Prefeitura de Itabirito para representar o Brasil em uma competi\u00e7\u00e3o internacional.\u00a0\u00a0 Desta vez, as convocadas s\u00e3o da gin\u00e1stica acrob\u00e1tica. Maria Eduarda Ribeiro\u2026","rel":"","context":"In &quot;Esportes&quot;","block_context":{"text":"Esportes","link":"https:\/\/www.diariodeouropreto.com.br\/pt\/Editoria\/esportes\/"},"img":{"alt_text":"","src":"https:\/\/i0.wp.com\/www.diariodeouropreto.com.br\/wp-content\/uploads\/2026\/08\/Convocadas-para-ginastica-acrobatica2.jpeg?resize=350%2C200&ssl=1","width":350,"height":200,"srcset":"https:\/\/i0.wp.com\/www.diariodeouropreto.com.br\/wp-content\/uploads\/2026\/08\/Convocadas-para-ginastica-acrobatica2.jpeg?resize=350%2C200&ssl=1 1x, https:\/\/i0.wp.com\/www.diariodeouropreto.com.br\/wp-content\/uploads\/2026\/08\/Convocadas-para-ginastica-acrobatica2.jpeg?resize=525%2C300&ssl=1 1.5x, https:\/\/i0.wp.com\/www.diariodeouropreto.com.br\/wp-content\/uploads\/2026\/08\/Convocadas-para-ginastica-acrobatica2.jpeg?resize=700%2C400&ssl=1 2x, https:\/\/i0.wp.com\/www.diariodeouropreto.com.br\/wp-content\/uploads\/2026\/08\/Convocadas-para-ginastica-acrobatica2.jpeg?resize=1050%2C600&ssl=1 3x, https:\/\/i0.wp.com\/www.diariodeouropreto.com.br\/wp-content\/uploads\/2026\/08\/Convocadas-para-ginastica-acrobatica2.jpeg?resize=1400%2C800&ssl=1 4x"},"classes":[]}],"jetpack_sharing_enabled":true,"amp_enabled":true,"jetpack_featured_media_url":"https:\/\/www.diariodeouropreto.com.br\/wp-content\/uploads\/2026\/09\/Atletas-de-ginastica-de-trampoli-2.jpg","_links":{"self":[{"href":"https:\/\/www.diariodeouropreto.com.br\/pt\/wp-json\/wp\/v2\/posts\/55102","targetHints":{"allow":["GET"]}}],"collection":[{"href":"https:\/\/www.diariodeouropreto.com.br\/pt\/wp-json\/wp\/v2\/posts"}],"about":[{"href":"https:\/\/www.diariodeouropreto.com.br\/pt\/wp-json\/wp\/v2\/types\/post"}],"author":[{"embeddable":true,"href":"https:\/\/www.diariodeouropreto.com.br\/pt\/wp-json\/wp\/v2\/users\/1"}],"replies":[{"embeddable":true,"href":"https:\/\/www.diariodeouropreto.com.br\/pt\/wp-json\/wp\/v2\/comments?post=55102"}],"version-history":[{"count":2,"href":"https:\/\/www.diariodeouropreto.com.br\/pt\/wp-json\/wp\/v2\/posts\/55102\/revisions"}],"predecessor-version":[{"id":55115,"href":"https:\/\/www.diariodeouropreto.com.br\/pt\/wp-json\/wp\/v2\/posts\/55102\/revisions\/55115"}],"wp:featuredmedia":[{"embeddable":true,"href":"https:\/\/www.diariodeouropreto.com.br\/pt\/wp-json\/wp\/v2\/media\/55113"}],"wp:attachment":[{"href":"https:\/\/www.diariodeouropreto.com.br\/pt\/wp-json\/wp\/v2\/media?parent=55102"}],"wp:term":[{"taxonomy":"category","embeddable":true,"href":"https:\/\/www.diariodeouropreto.com.br\/pt\/wp-json\/wp\/v2\/categories?post=55102"},{"taxonomy":"post_tag","embeddable":true,"href":"https:\/\/www.diariodeouropreto.com.br\/pt\/wp-json\/wp\/v2\/tags?post=55102"}],"curies":[{"name":"wp","href":"https:\/\/api.w.org\/{rel}","templated":true}]}}