{"id":55097,"date":"2026-09-03T18:45:56","date_gmt":"2026-09-03T21:45:56","guid":{"rendered":"https:\/\/www.diariodeouropreto.com.br\/?p=55097"},"modified":"2026-09-03T18:45:58","modified_gmt":"2026-09-03T21:45:58","slug":"orcamento-de-2027-tem-estimativa-de-superavit-de-r-834-bilhoes","status":"publish","type":"post","link":"https:\/\/www.diariodeouropreto.com.br\/pt\/orcamento-de-2027-tem-estimativa-de-superavit-de-r-834-bilhoes\/","title":{"rendered":"Or\u00e7amento de 2027 tem estimativa de super\u00e1vit de R$ 83,4 bilh\u00f5es"},"content":{"rendered":"<h4 class=\"wp-block-heading is-style-hoot-headblock1\">Com gastos extras, previs\u00e3o \u00e9 de resultado positivo de R$ 18,6 bilh\u00f5es<\/h4>\n\n\n\n<p class=\"wp-block-paragraph\">Enviado nesta segunda-feira (31) ao Congresso Nacional, o projeto do Or\u00e7amento de 2027 tem estimativa de super\u00e1vit prim\u00e1rio de R$ 83,4 bilh\u00f5es. O valor \u00e9 cerca de R$ 10 bilh\u00f5es acima da meta de resultado positivo de R$ 73,2 bilh\u00f5es, 0,5% do Produto Interno Bruto (PIB, soma das riquezas produzidas no pa\u00eds).<\/p>\n\n\n\n<p class=\"wp-block-paragraph\"><br>No entanto, ao incluir gastos fora do arcabou\u00e7o fiscal, a estimativa \u00e9 de super\u00e1vit de R$ 18,6 bilh\u00f5es para o pr\u00f3ximo ano.<\/p>\n\n\n\n<p class=\"wp-block-paragraph\"><br>\u201cUma das nossas mensagens centrais \u00e9 que, no pr\u00f3ximo ano, teremos um Or\u00e7amento equilibrado\u201d, disse o ministro do Planejamento e Or\u00e7amento, Bruno Moretti.<br>O resultado prim\u00e1rio representa a diferen\u00e7a entre receitas e gastos nas contas do governo sem os juros da d\u00edvida p\u00fablica.<br>O arcabou\u00e7o fiscal em vigor desde 2023 prev\u00ea uma margem de toler\u00e2ncia de 0,25 ponto percentual do PIB para cima ou para baixo, o que permite que o governo encerre o ano com super\u00e1vit de 0,25% do PIB, sem descumprir a meta.<br><\/p>\n\n\n\n<p class=\"wp-block-paragraph\">Para o pr\u00f3ximo ano, a proposta do Or\u00e7amento prev\u00ea receitas totais l\u00edquidas de R$ 2,849 trilh\u00f5es, o equivalente a 19,27% do PIB. As receitas l\u00edquidas excluem as transfer\u00eancias obrigat\u00f3rias da Uni\u00e3o para estados e munic\u00edpios.<\/p>\n\n\n\n<p class=\"wp-block-paragraph\"><br>As despesas totais est\u00e3o estimadas em R$ 2,83 trilh\u00f5es (19,14% do PIB), mas o valor usado para o c\u00e1lculo do resultado prim\u00e1rio representa apenas o Governo Central (Tesouro Nacional, Previd\u00eancia Social e Banco Central). Ao confrontar as receitas e as despesas, o governo estima super\u00e1vit prim\u00e1rio efetivo de R$ 18,6 bilh\u00f5es (0,13% do PIB).<br>No entanto, ao excluir R$ 64,8 bilh\u00f5es de gastos do cumprimento de meta, a previs\u00e3o para as contas federais melhora, com a estimativa de super\u00e1vit de R$ 83,4 bilh\u00f5es, R$ 10,2 bilh\u00f5es acima da meta de R$ 73,2 bilh\u00f5es.<br>Por um acordo com o Supremo Tribunal Federal no fim de 2023, gastos com precat\u00f3rios (d\u00edvidas do governo com senten\u00e7a judicial definitiva) est\u00e3o fora do c\u00e1lculo da meta de resultado prim\u00e1rio. Al\u00e9m disso, leis aprovadas nos \u00faltimos anos excluem alguns gastos com sa\u00fade, educa\u00e7\u00e3o e defesa das metas fiscais.<\/p>\n\n\n\n<h4 class=\"wp-block-heading\"><br>Gatilhos<\/h4>\n\n\n\n<p class=\"wp-block-paragraph\">Em entrevista coletiva para apresentar o Or\u00e7amento de 2027, o ministro do Planejamento, Bruno Moretti, explicou que gatilhos do arcabou\u00e7o fiscal que limitam o crescimento de gastos est\u00e3o fazendo efeito e segurando gastos obrigat\u00f3rios, ocasionando uma folga em rela\u00e7\u00e3o \u00e0s metas fiscais.<\/p>\n\n\n\n<p class=\"wp-block-paragraph\"><br>Institu\u00eddo pelo Artigo 6 do arcabou\u00e7o fiscal, um dos gatilhos limita o crescimento dos gastos com servidores p\u00fablicos a 0,6% acima da infla\u00e7\u00e3o, exceto os gastos com senten\u00e7as judiciais. O dispositivo deve gerar economia de cerca de R$ 9 bilh\u00f5es no pr\u00f3ximo ano.<br>Outro gatilho, institu\u00eddo pelo artigo 14 do arcabou\u00e7o fiscal, limita o crescimento de gastos legalmente vinculados, como o Fundo Nacional de Desenvolvimento Cient\u00edfico e Tecnol\u00f3gico (FNDCT), a 2,5% acima da infla\u00e7\u00e3o.<br>O artigo tamb\u00e9m estabelece que receitas com a comercializa\u00e7\u00e3o de petr\u00f3leo, que subiram significativamente ap\u00f3s o in\u00edcio da guerra no Oriente M\u00e9dio, est\u00e3o exclu\u00eddas do c\u00e1lculo de gastos atrelados \u00e0 receita corrente l\u00edquida, como o piso da sa\u00fade.<br>Os limites do Artigo 14, informou o Minist\u00e9rio do Planejamento e Or\u00e7amento, gerar\u00e3o economia adicional de R$ 8,9 bilh\u00f5es.<\/p>\n\n\n\n<p class=\"wp-block-paragraph\"><br>Outro gatilho do arcabou\u00e7o fiscal que entrar\u00e1 em vigor em 2027 ser\u00e1 a proibi\u00e7\u00e3o de cria\u00e7\u00e3o e amplia\u00e7\u00e3o de benef\u00edcios fiscais, por causa do d\u00e9ficit fiscal registrado em 2025. O ministro Bruno Moretti n\u00e3o apresentou uma estimativa de economia por causa desse dispositivo. <\/p>\n\n\n\n<p class=\"wp-block-paragraph\">Por Wellton M\u00e1ximo \u2013 Rep\u00f3rter da Ag\u00eancia Brasil<\/p>\n\n\n\n<div id=\"152151\" class=\"advads-saneouro-2 advads-entity-placement\" style=\"margin-top: 3px;margin-bottom: 3px;margin-left: auto;margin-right: auto;text-align: center;\"><a href=\"https:\/\/www.saneouro.com.br\/\" target=\"_blank\" aria-label=\"DOP_Impresso\" data-wpel-link=\"external\" rel=\"follow external noopener noreferrer sponsored ugc\"><img src=\"https:\/\/www.diariodeouropreto.com.br\/wp-content\/uploads\/2026\/07\/DOP_Impresso.jpg\" alt=\"\"  srcset=\"https:\/\/www.diariodeouropreto.com.br\/wp-content\/uploads\/2026\/07\/DOP_Impresso.jpg 1181w, https:\/\/www.diariodeouropreto.com.br\/wp-content\/uploads\/2026\/07\/DOP_Impresso-396x396.jpg 396w, https:\/\/www.diariodeouropreto.com.br\/wp-content\/uploads\/2026\/07\/DOP_Impresso-150x150.jpg 150w, https:\/\/www.diariodeouropreto.com.br\/wp-content\/uploads\/2026\/07\/DOP_Impresso-768x768.jpg 768w, https:\/\/www.diariodeouropreto.com.br\/wp-content\/uploads\/2026\/07\/DOP_Impresso-12x12.jpg 12w, https:\/\/www.diariodeouropreto.com.br\/wp-content\/uploads\/2026\/07\/DOP_Impresso-465x465.jpg 465w, https:\/\/www.diariodeouropreto.com.br\/wp-content\/uploads\/2026\/07\/DOP_Impresso-500x500.jpg 500w\" sizes=\"(max-width: 1181px) 100vw, 1181px\" width=\"400\" height=\"400\"  style=\"display: inline-block;\" \/><\/a><\/div><p class=\"wp-block-paragraph\">Foto: Rafa Neddermeyer\/Ag\u00eancia Brasil<\/p>","protected":false},"excerpt":{"rendered":"<p>Com gastos extras, previs\u00e3o \u00e9 de resultado positivo de R$ 18,6 bilh\u00f5es Enviado nesta segunda-feira (31) ao Congresso Nacional, o projeto do Or\u00e7amento de 2027 tem estimativa de super\u00e1vit prim\u00e1rio de R$ 83,4 bilh\u00f5es. O valor \u00e9 cerca de R$ 10 bilh\u00f5es acima da meta de resultado positivo de R$<span class=\"more-link\"><a href=\"https:\/\/www.diariodeouropreto.com.br\/pt\/orcamento-de-2027-tem-estimativa-de-superavit-de-r-834-bilhoes\/\" data-wpel-link=\"internal\">Continue Lendo<\/a><\/span><\/p>","protected":false},"author":1,"featured_media":55099,"comment_status":"closed","ping_status":"closed","sticky":false,"template":"","format":"standard","meta":{"_jetpack_newsletter_access":"","_jetpack_dont_email_post_to_subs":false,"_jetpack_newsletter_tier_id":0,"_jetpack_memberships_contains_paywalled_content":false,"_jetpack_feature_clip_id":0,"_jetpack_memberships_contains_paid_content":false,"footnotes":"","jetpack_publicize_message":"Com gastos extras, previs\u00e3o \u00e9 de resultado positivo de R$ 18,6 bilh\u00f5es","jetpack_publicize_feature_enabled":true,"jetpack_social_post_already_shared":false,"jetpack_social_options":{"image_generator_settings":{"template":"highway","default_image_id":0,"font":"","enabled":false},"version":2},"jetpack_post_was_ever_published":false},"categories":[7],"tags":[20],"class_list":["entry","author-diario","post-55097","post","type-post","status-publish","format-standard","has-post-thumbnail","category-brasil","tag-economia"],"yoast_head":"<!-- This site is optimized with the Yoast SEO plugin v28.4 - https:\/\/yoast.com\/product\/yoast-seo-wordpress\/ -->\n<title>Or\u00e7amento de 2027 tem estimativa de super\u00e1vit de R$ 83,4 bilh\u00f5es - Di\u00e1rio de Ouro Preto<\/title>\n<meta name=\"description\" content=\"- Or\u00e7amento de 2027 tem estimativa de super\u00e1vit de R$ 83,4 bilh\u00f5es - Brasil\" \/>\n<meta name=\"robots\" content=\"index, follow, max-snippet:-1, max-image-preview:large, max-video-preview:-1\" \/>\n<link rel=\"canonical\" href=\"https:\/\/www.diariodeouropreto.com.br\/pt\/orcamento-de-2027-tem-estimativa-de-superavit-de-r-834-bilhoes\/\" \/>\n<meta property=\"og:locale\" content=\"pt_PT\" \/>\n<meta property=\"og:type\" content=\"article\" \/>\n<meta property=\"og:title\" content=\"Or\u00e7amento de 2027 tem estimativa de super\u00e1vit de R$ 83,4 bilh\u00f5es - Di\u00e1rio de Ouro Preto\" \/>\n<meta property=\"og:description\" content=\"- Or\u00e7amento de 2027 tem estimativa de super\u00e1vit de R$ 83,4 bilh\u00f5es - Brasil\" \/>\n<meta property=\"og:url\" content=\"https:\/\/www.diariodeouropreto.com.br\/pt\/orcamento-de-2027-tem-estimativa-de-superavit-de-r-834-bilhoes\/\" \/>\n<meta property=\"og:site_name\" content=\"Di\u00e1rio de Ouro Preto\" \/>\n<meta property=\"article:publisher\" content=\"https:\/\/www.facebook.com\/diariodeouropreto\/\" \/>\n<meta property=\"article:published_time\" content=\"2026-09-03T21:45:56+00:00\" \/>\n<meta property=\"article:modified_time\" content=\"2026-09-03T21:45:58+00:00\" \/>\n<meta property=\"og:image\" content=\"https:\/\/www.diariodeouropreto.com.br\/wp-content\/uploads\/2026\/09\/img_7609_1.jpg\" \/>\n\t<meta property=\"og:image:width\" content=\"1170\" \/>\n\t<meta property=\"og:image:height\" content=\"700\" \/>\n\t<meta property=\"og:image:type\" content=\"image\/jpeg\" \/>\n<meta name=\"author\" content=\"Di\u00e1rio de Ouro Preto\" \/>\n<meta name=\"twitter:card\" content=\"summary_large_image\" \/>\n<meta name=\"twitter:label1\" content=\"Escrito por\" \/>\n\t<meta name=\"twitter:data1\" content=\"Di\u00e1rio de Ouro Preto\" \/>\n\t<meta name=\"twitter:label2\" content=\"Tempo estimado de leitura\" \/>\n\t<meta name=\"twitter:data2\" content=\"4 minutos\" \/>\n<script type=\"application\/ld+json\" class=\"yoast-schema-graph\">{\"@context\":\"https:\\\/\\\/schema.org\",\"@graph\":[{\"@type\":\"Article\",\"@id\":\"https:\\\/\\\/www.diariodeouropreto.com.br\\\/orcamento-de-2027-tem-estimativa-de-superavit-de-r-834-bilhoes\\\/#article\",\"isPartOf\":{\"@id\":\"https:\\\/\\\/www.diariodeouropreto.com.br\\\/orcamento-de-2027-tem-estimativa-de-superavit-de-r-834-bilhoes\\\/\"},\"author\":{\"name\":\"Di\u00e1rio de Ouro Preto\",\"@id\":\"https:\\\/\\\/www.diariodeouropreto.com.br\\\/pt\\\/#\\\/schema\\\/person\\\/7654e7b471204a6dab6dc0ce6e140c99\"},\"headline\":\"Or\u00e7amento de 2027 tem estimativa de super\u00e1vit de R$ 83,4 bilh\u00f5es\",\"datePublished\":\"2026-09-03T21:45:56+00:00\",\"dateModified\":\"2026-09-03T21:45:58+00:00\",\"mainEntityOfPage\":{\"@id\":\"https:\\\/\\\/www.diariodeouropreto.com.br\\\/orcamento-de-2027-tem-estimativa-de-superavit-de-r-834-bilhoes\\\/\"},\"wordCount\":650,\"publisher\":{\"@id\":\"https:\\\/\\\/www.diariodeouropreto.com.br\\\/pt\\\/#organization\"},\"image\":{\"@id\":\"https:\\\/\\\/www.diariodeouropreto.com.br\\\/orcamento-de-2027-tem-estimativa-de-superavit-de-r-834-bilhoes\\\/#primaryimage\"},\"thumbnailUrl\":\"https:\\\/\\\/www.diariodeouropreto.com.br\\\/wp-content\\\/uploads\\\/2026\\\/09\\\/img_7609_1.jpg\",\"keywords\":[\"Economia\"],\"articleSection\":[\"Brasil\"],\"inLanguage\":\"pt-PT\"},{\"@type\":\"WebPage\",\"@id\":\"https:\\\/\\\/www.diariodeouropreto.com.br\\\/orcamento-de-2027-tem-estimativa-de-superavit-de-r-834-bilhoes\\\/\",\"url\":\"https:\\\/\\\/www.diariodeouropreto.com.br\\\/orcamento-de-2027-tem-estimativa-de-superavit-de-r-834-bilhoes\\\/\",\"name\":\"Or\u00e7amento de 2027 tem estimativa de super\u00e1vit de R$ 83,4 bilh\u00f5es - Di\u00e1rio de Ouro Preto\",\"isPartOf\":{\"@id\":\"https:\\\/\\\/www.diariodeouropreto.com.br\\\/pt\\\/#website\"},\"primaryImageOfPage\":{\"@id\":\"https:\\\/\\\/www.diariodeouropreto.com.br\\\/orcamento-de-2027-tem-estimativa-de-superavit-de-r-834-bilhoes\\\/#primaryimage\"},\"image\":{\"@id\":\"https:\\\/\\\/www.diariodeouropreto.com.br\\\/orcamento-de-2027-tem-estimativa-de-superavit-de-r-834-bilhoes\\\/#primaryimage\"},\"thumbnailUrl\":\"https:\\\/\\\/www.diariodeouropreto.com.br\\\/wp-content\\\/uploads\\\/2026\\\/09\\\/img_7609_1.jpg\",\"datePublished\":\"2026-09-03T21:45:56+00:00\",\"dateModified\":\"2026-09-03T21:45:58+00:00\",\"description\":\"- Or\u00e7amento de 2027 tem estimativa de super\u00e1vit de R$ 83,4 bilh\u00f5es - Brasil\",\"breadcrumb\":{\"@id\":\"https:\\\/\\\/www.diariodeouropreto.com.br\\\/orcamento-de-2027-tem-estimativa-de-superavit-de-r-834-bilhoes\\\/#breadcrumb\"},\"inLanguage\":\"pt-PT\",\"potentialAction\":[{\"@type\":\"ReadAction\",\"target\":[\"https:\\\/\\\/www.diariodeouropreto.com.br\\\/orcamento-de-2027-tem-estimativa-de-superavit-de-r-834-bilhoes\\\/\"]}]},{\"@type\":\"ImageObject\",\"inLanguage\":\"pt-PT\",\"@id\":\"https:\\\/\\\/www.diariodeouropreto.com.br\\\/orcamento-de-2027-tem-estimativa-de-superavit-de-r-834-bilhoes\\\/#primaryimage\",\"url\":\"https:\\\/\\\/www.diariodeouropreto.com.br\\\/wp-content\\\/uploads\\\/2026\\\/09\\\/img_7609_1.jpg\",\"contentUrl\":\"https:\\\/\\\/www.diariodeouropreto.com.br\\\/wp-content\\\/uploads\\\/2026\\\/09\\\/img_7609_1.jpg\",\"width\":1170,\"height\":700},{\"@type\":\"BreadcrumbList\",\"@id\":\"https:\\\/\\\/www.diariodeouropreto.com.br\\\/orcamento-de-2027-tem-estimativa-de-superavit-de-r-834-bilhoes\\\/#breadcrumb\",\"itemListElement\":[{\"@type\":\"ListItem\",\"position\":1,\"name\":\"In\u00edcio\",\"item\":\"https:\\\/\\\/www.diariodeouropreto.com.br\\\/pt\\\/\"},{\"@type\":\"ListItem\",\"position\":2,\"name\":\"Or\u00e7amento de 2027 tem estimativa de super\u00e1vit de R$ 83,4 bilh\u00f5es\"}]},{\"@type\":\"WebSite\",\"@id\":\"https:\\\/\\\/www.diariodeouropreto.com.br\\\/pt\\\/#website\",\"url\":\"https:\\\/\\\/www.diariodeouropreto.com.br\\\/pt\\\/\",\"name\":\"Di\u00e1rio de Ouro Preto\",\"description\":\"Not\u00edcias Ouro Preto; Mariana;Minas Gerais;Jornal;Jornalismo;Not\u00edcias;\",\"publisher\":{\"@id\":\"https:\\\/\\\/www.diariodeouropreto.com.br\\\/pt\\\/#organization\"},\"alternateName\":\"Jornal di\u00e1rio de Ouro Preto\",\"potentialAction\":[{\"@type\":\"SearchAction\",\"target\":{\"@type\":\"EntryPoint\",\"urlTemplate\":\"https:\\\/\\\/www.diariodeouropreto.com.br\\\/pt\\\/?s={search_term_string}\"},\"query-input\":{\"@type\":\"PropertyValueSpecification\",\"valueRequired\":true,\"valueName\":\"search_term_string\"}}],\"inLanguage\":\"pt-PT\"},{\"@type\":\"Organization\",\"@id\":\"https:\\\/\\\/www.diariodeouropreto.com.br\\\/pt\\\/#organization\",\"name\":\"Di\u00e1rio de Ouro Preto\",\"alternateName\":\"Jornal di\u00e1rio Ouro Preto\",\"url\":\"https:\\\/\\\/www.diariodeouropreto.com.br\\\/pt\\\/\",\"logo\":{\"@type\":\"ImageObject\",\"inLanguage\":\"pt-PT\",\"@id\":\"https:\\\/\\\/www.diariodeouropreto.com.br\\\/pt\\\/#\\\/schema\\\/logo\\\/image\\\/\",\"url\":\"https:\\\/\\\/www.diariodeouropreto.com.br\\\/wp-content\\\/uploads\\\/2019\\\/06\\\/cropped-logotransp-2.png\",\"contentUrl\":\"https:\\\/\\\/www.diariodeouropreto.com.br\\\/wp-content\\\/uploads\\\/2019\\\/06\\\/cropped-logotransp-2.png\",\"width\":1323,\"height\":251,\"caption\":\"Di\u00e1rio de Ouro Preto\"},\"image\":{\"@id\":\"https:\\\/\\\/www.diariodeouropreto.com.br\\\/pt\\\/#\\\/schema\\\/logo\\\/image\\\/\"},\"sameAs\":[\"https:\\\/\\\/www.facebook.com\\\/diariodeouropreto\\\/\"]},{\"@type\":\"Person\",\"@id\":\"https:\\\/\\\/www.diariodeouropreto.com.br\\\/pt\\\/#\\\/schema\\\/person\\\/7654e7b471204a6dab6dc0ce6e140c99\",\"name\":\"Di\u00e1rio de Ouro Preto\",\"sameAs\":[\"http:\\\/\\\/www.diariodeouropreto.com.br\"],\"url\":\"https:\\\/\\\/www.diariodeouropreto.com.br\\\/pt\\\/author\\\/diario\\\/\"}]}<\/script>\n<!-- \/ Yoast SEO plugin. -->","yoast_head_json":{"title":"Or\u00e7amento de 2027 tem estimativa de super\u00e1vit de R$ 83,4 bilh\u00f5es - Di\u00e1rio de Ouro Preto","description":"- Or\u00e7amento de 2027 tem estimativa de super\u00e1vit de R$ 83,4 bilh\u00f5es - Brasil","robots":{"index":"index","follow":"follow","max-snippet":"max-snippet:-1","max-image-preview":"max-image-preview:large","max-video-preview":"max-video-preview:-1"},"canonical":"https:\/\/www.diariodeouropreto.com.br\/pt\/orcamento-de-2027-tem-estimativa-de-superavit-de-r-834-bilhoes\/","og_locale":"pt_PT","og_type":"article","og_title":"Or\u00e7amento de 2027 tem estimativa de super\u00e1vit de R$ 83,4 bilh\u00f5es - Di\u00e1rio de Ouro Preto","og_description":"- Or\u00e7amento de 2027 tem estimativa de super\u00e1vit de R$ 83,4 bilh\u00f5es - Brasil","og_url":"https:\/\/www.diariodeouropreto.com.br\/pt\/orcamento-de-2027-tem-estimativa-de-superavit-de-r-834-bilhoes\/","og_site_name":"Di\u00e1rio de Ouro Preto","article_publisher":"https:\/\/www.facebook.com\/diariodeouropreto\/","article_published_time":"2026-09-03T21:45:56+00:00","article_modified_time":"2026-09-03T21:45:58+00:00","og_image":[{"width":1170,"height":700,"url":"https:\/\/www.diariodeouropreto.com.br\/wp-content\/uploads\/2026\/09\/img_7609_1.jpg","type":"image\/jpeg"}],"author":"Di\u00e1rio de Ouro Preto","twitter_card":"summary_large_image","twitter_misc":{"Escrito por":"Di\u00e1rio de Ouro Preto","Tempo estimado de leitura":"4 minutos"},"schema":{"@context":"https:\/\/schema.org","@graph":[{"@type":"Article","@id":"https:\/\/www.diariodeouropreto.com.br\/orcamento-de-2027-tem-estimativa-de-superavit-de-r-834-bilhoes\/#article","isPartOf":{"@id":"https:\/\/www.diariodeouropreto.com.br\/orcamento-de-2027-tem-estimativa-de-superavit-de-r-834-bilhoes\/"},"author":{"name":"Di\u00e1rio de Ouro Preto","@id":"https:\/\/www.diariodeouropreto.com.br\/pt\/#\/schema\/person\/7654e7b471204a6dab6dc0ce6e140c99"},"headline":"Or\u00e7amento de 2027 tem estimativa de super\u00e1vit de R$ 83,4 bilh\u00f5es","datePublished":"2026-09-03T21:45:56+00:00","dateModified":"2026-09-03T21:45:58+00:00","mainEntityOfPage":{"@id":"https:\/\/www.diariodeouropreto.com.br\/orcamento-de-2027-tem-estimativa-de-superavit-de-r-834-bilhoes\/"},"wordCount":650,"publisher":{"@id":"https:\/\/www.diariodeouropreto.com.br\/pt\/#organization"},"image":{"@id":"https:\/\/www.diariodeouropreto.com.br\/orcamento-de-2027-tem-estimativa-de-superavit-de-r-834-bilhoes\/#primaryimage"},"thumbnailUrl":"https:\/\/www.diariodeouropreto.com.br\/wp-content\/uploads\/2026\/09\/img_7609_1.jpg","keywords":["Economia"],"articleSection":["Brasil"],"inLanguage":"pt-PT"},{"@type":"WebPage","@id":"https:\/\/www.diariodeouropreto.com.br\/orcamento-de-2027-tem-estimativa-de-superavit-de-r-834-bilhoes\/","url":"https:\/\/www.diariodeouropreto.com.br\/orcamento-de-2027-tem-estimativa-de-superavit-de-r-834-bilhoes\/","name":"Or\u00e7amento de 2027 tem estimativa de super\u00e1vit de R$ 83,4 bilh\u00f5es - Di\u00e1rio de Ouro Preto","isPartOf":{"@id":"https:\/\/www.diariodeouropreto.com.br\/pt\/#website"},"primaryImageOfPage":{"@id":"https:\/\/www.diariodeouropreto.com.br\/orcamento-de-2027-tem-estimativa-de-superavit-de-r-834-bilhoes\/#primaryimage"},"image":{"@id":"https:\/\/www.diariodeouropreto.com.br\/orcamento-de-2027-tem-estimativa-de-superavit-de-r-834-bilhoes\/#primaryimage"},"thumbnailUrl":"https:\/\/www.diariodeouropreto.com.br\/wp-content\/uploads\/2026\/09\/img_7609_1.jpg","datePublished":"2026-09-03T21:45:56+00:00","dateModified":"2026-09-03T21:45:58+00:00","description":"- Or\u00e7amento de 2027 tem estimativa de super\u00e1vit de R$ 83,4 bilh\u00f5es - Brasil","breadcrumb":{"@id":"https:\/\/www.diariodeouropreto.com.br\/orcamento-de-2027-tem-estimativa-de-superavit-de-r-834-bilhoes\/#breadcrumb"},"inLanguage":"pt-PT","potentialAction":[{"@type":"ReadAction","target":["https:\/\/www.diariodeouropreto.com.br\/orcamento-de-2027-tem-estimativa-de-superavit-de-r-834-bilhoes\/"]}]},{"@type":"ImageObject","inLanguage":"pt-PT","@id":"https:\/\/www.diariodeouropreto.com.br\/orcamento-de-2027-tem-estimativa-de-superavit-de-r-834-bilhoes\/#primaryimage","url":"https:\/\/www.diariodeouropreto.com.br\/wp-content\/uploads\/2026\/09\/img_7609_1.jpg","contentUrl":"https:\/\/www.diariodeouropreto.com.br\/wp-content\/uploads\/2026\/09\/img_7609_1.jpg","width":1170,"height":700},{"@type":"BreadcrumbList","@id":"https:\/\/www.diariodeouropreto.com.br\/orcamento-de-2027-tem-estimativa-de-superavit-de-r-834-bilhoes\/#breadcrumb","itemListElement":[{"@type":"ListItem","position":1,"name":"In\u00edcio","item":"https:\/\/www.diariodeouropreto.com.br\/pt\/"},{"@type":"ListItem","position":2,"name":"Or\u00e7amento de 2027 tem estimativa de super\u00e1vit de R$ 83,4 bilh\u00f5es"}]},{"@type":"WebSite","@id":"https:\/\/www.diariodeouropreto.com.br\/pt\/#website","url":"https:\/\/www.diariodeouropreto.com.br\/pt\/","name":"Di\u00e1rio de Ouro Preto","description":"Not\u00edcias Ouro Preto; Mariana;Minas Gerais;Jornal;Jornalismo;Not\u00edcias;","publisher":{"@id":"https:\/\/www.diariodeouropreto.com.br\/pt\/#organization"},"alternateName":"Jornal di\u00e1rio de Ouro Preto","potentialAction":[{"@type":"SearchAction","target":{"@type":"EntryPoint","urlTemplate":"https:\/\/www.diariodeouropreto.com.br\/pt\/?s={search_term_string}"},"query-input":{"@type":"PropertyValueSpecification","valueRequired":true,"valueName":"search_term_string"}}],"inLanguage":"pt-PT"},{"@type":"Organization","@id":"https:\/\/www.diariodeouropreto.com.br\/pt\/#organization","name":"Di\u00e1rio de Ouro Preto","alternateName":"Jornal di\u00e1rio Ouro Preto","url":"https:\/\/www.diariodeouropreto.com.br\/pt\/","logo":{"@type":"ImageObject","inLanguage":"pt-PT","@id":"https:\/\/www.diariodeouropreto.com.br\/pt\/#\/schema\/logo\/image\/","url":"https:\/\/www.diariodeouropreto.com.br\/wp-content\/uploads\/2019\/06\/cropped-logotransp-2.png","contentUrl":"https:\/\/www.diariodeouropreto.com.br\/wp-content\/uploads\/2019\/06\/cropped-logotransp-2.png","width":1323,"height":251,"caption":"Di\u00e1rio de Ouro Preto"},"image":{"@id":"https:\/\/www.diariodeouropreto.com.br\/pt\/#\/schema\/logo\/image\/"},"sameAs":["https:\/\/www.facebook.com\/diariodeouropreto\/"]},{"@type":"Person","@id":"https:\/\/www.diariodeouropreto.com.br\/pt\/#\/schema\/person\/7654e7b471204a6dab6dc0ce6e140c99","name":"Di\u00e1rio de Ouro Preto","sameAs":["http:\/\/www.diariodeouropreto.com.br"],"url":"https:\/\/www.diariodeouropreto.com.br\/pt\/author\/diario\/"}]}},"jetpack_publicize_connections":[],"jetpack-related-posts":[{"id":43254,"url":"https:\/\/www.diariodeouropreto.com.br\/pt\/orcamento-da-uniao-de-2025-e-aprovado-pelo-congresso-nacional\/","url_meta":{"origin":55097,"position":0},"title":"Or\u00e7amento da Uni\u00e3o de 2025 \u00e9 aprovado pelo Congresso Nacional","author":"Di\u00e1rio de Ouro Preto","date":"20 de Mar\u00e7o de 2025","format":false,"excerpt":"Norma prev\u00ea super\u00e1vit prim\u00e1rio de R$ 15 bilh\u00f5es nas contas p\u00fablicas Senadores e deputados federais aprovaram, em vota\u00e7\u00e3o simb\u00f3lica, na tarde desta quinta-feira (20), o relat\u00f3rio final do Projeto de Lei Or\u00e7ament\u00e1ria Anual (PLOA) para 2025. O texto j\u00e1 havia passado, mais cedo, pela Comiss\u00e3o Mista do Or\u00e7amento (CMO). A\u2026","rel":"","context":"In &quot;Brasil&quot;","block_context":{"text":"Brasil","link":"https:\/\/www.diariodeouropreto.com.br\/pt\/Editoria\/brasil\/"},"img":{"alt_text":"","src":"https:\/\/i0.wp.com\/www.diariodeouropreto.com.br\/wp-content\/uploads\/2025\/03\/lula5688.webp?resize=350%2C200&ssl=1","width":350,"height":200,"srcset":"https:\/\/i0.wp.com\/www.diariodeouropreto.com.br\/wp-content\/uploads\/2025\/03\/lula5688.webp?resize=350%2C200&ssl=1 1x, https:\/\/i0.wp.com\/www.diariodeouropreto.com.br\/wp-content\/uploads\/2025\/03\/lula5688.webp?resize=525%2C300&ssl=1 1.5x, https:\/\/i0.wp.com\/www.diariodeouropreto.com.br\/wp-content\/uploads\/2025\/03\/lula5688.webp?resize=700%2C400&ssl=1 2x, https:\/\/i0.wp.com\/www.diariodeouropreto.com.br\/wp-content\/uploads\/2025\/03\/lula5688.webp?resize=1050%2C600&ssl=1 3x"},"classes":[]},{"id":23311,"url":"https:\/\/www.diariodeouropreto.com.br\/pt\/projeto-da-ldo-preve-deficit-total-de-r-606-bilhoes-em-2024\/","url_meta":{"origin":55097,"position":1},"title":"Projeto da LDO prev\u00ea deficit total de R$ 6,06 bilh\u00f5es em 2024","author":"Di\u00e1rio de Ouro Preto","date":"19 de Maio de 2023","format":false,"excerpt":"O Plen\u00e1rio da Assembleia Legislativa de Minas Gerais (ALMG) recebeu, na Reuni\u00e3o Ordin\u00e1ria desta quinta-feira (18\/5\/23), cinco mensagens do governador Romeu Zema (Novo), entre elas a que encaminha o Projeto de Lei (PL) 729\/23, o qual traz as diretrizes para a elabora\u00e7\u00e3o do or\u00e7amento de 2024. O projeto da\u00a0Lei de\u2026","rel":"","context":"In &quot;Minas Gerais&quot;","block_context":{"text":"Minas Gerais","link":"https:\/\/www.diariodeouropreto.com.br\/pt\/Editoria\/minas-gerais\/"},"img":{"alt_text":"","src":"https:\/\/i0.wp.com\/www.diariodeouropreto.com.br\/wp-content\/uploads\/2023\/05\/1796183.jpg?resize=350%2C200&ssl=1","width":350,"height":200,"srcset":"https:\/\/i0.wp.com\/www.diariodeouropreto.com.br\/wp-content\/uploads\/2023\/05\/1796183.jpg?resize=350%2C200&ssl=1 1x, https:\/\/i0.wp.com\/www.diariodeouropreto.com.br\/wp-content\/uploads\/2023\/05\/1796183.jpg?resize=525%2C300&ssl=1 1.5x, https:\/\/i0.wp.com\/www.diariodeouropreto.com.br\/wp-content\/uploads\/2023\/05\/1796183.jpg?resize=700%2C400&ssl=1 2x, https:\/\/i0.wp.com\/www.diariodeouropreto.com.br\/wp-content\/uploads\/2023\/05\/1796183.jpg?resize=1050%2C600&ssl=1 3x"},"classes":[]},{"id":20018,"url":"https:\/\/www.diariodeouropreto.com.br\/pt\/congresso-aprova-orcamento-com-salario-minimo-de-r1-320-para-2023\/","url_meta":{"origin":55097,"position":2},"title":"Congresso aprova Or\u00e7amento com sal\u00e1rio m\u00ednimo de R$1.320 para 2023","author":"Di\u00e1rio de Ouro Preto","date":"22 de Dezembro de 2022","format":false,"excerpt":"Um dia ap\u00f3s a promulga\u00e7\u00e3o da chamada Proposta de Emenda \u00e0 Constitui\u00e7\u00e3o (PEC) da Transi\u00e7\u00e3o, que abriu espa\u00e7o no Or\u00e7amento para despesas por meio da altera\u00e7\u00e3o da regra do teto de gastos, foi aprovado nesta quinta-feira (22) na Comiss\u00e3o Mista de Or\u00e7amento, e em seguida no plen\u00e1rio do Congresso Nacional,\u2026","rel":"","context":"In &quot;Brasil&quot;","block_context":{"text":"Brasil","link":"https:\/\/www.diariodeouropreto.com.br\/pt\/Editoria\/brasil\/"},"img":{"alt_text":"","src":"https:\/\/i0.wp.com\/www.diariodeouropreto.com.br\/wp-content\/uploads\/2022\/12\/monumentos_brasilia_cupula_plenario_da_camara_dos_deputados3103201338.jpg?resize=350%2C200&ssl=1","width":350,"height":200,"srcset":"https:\/\/i0.wp.com\/www.diariodeouropreto.com.br\/wp-content\/uploads\/2022\/12\/monumentos_brasilia_cupula_plenario_da_camara_dos_deputados3103201338.jpg?resize=350%2C200&ssl=1 1x, https:\/\/i0.wp.com\/www.diariodeouropreto.com.br\/wp-content\/uploads\/2022\/12\/monumentos_brasilia_cupula_plenario_da_camara_dos_deputados3103201338.jpg?resize=525%2C300&ssl=1 1.5x, https:\/\/i0.wp.com\/www.diariodeouropreto.com.br\/wp-content\/uploads\/2022\/12\/monumentos_brasilia_cupula_plenario_da_camara_dos_deputados3103201338.jpg?resize=700%2C400&ssl=1 2x, https:\/\/i0.wp.com\/www.diariodeouropreto.com.br\/wp-content\/uploads\/2022\/12\/monumentos_brasilia_cupula_plenario_da_camara_dos_deputados3103201338.jpg?resize=1050%2C600&ssl=1 3x"},"classes":[]},{"id":52614,"url":"https:\/\/www.diariodeouropreto.com.br\/pt\/ldo-preve-deficit-de-r-767-bilhoes-no-orcamento-de-2027\/","url_meta":{"origin":55097,"position":3},"title":"LDO prev\u00ea d\u00e9ficit de R$ 7,67 bilh\u00f5es no or\u00e7amento de 2027","author":"Di\u00e1rio de Ouro Preto","date":"28 de Maio de 2026","format":false,"excerpt":"Projeto do governo prev\u00ea crescimento de 0,74 na receita, mas aumento de 2,38% nas despesas em compara\u00e7\u00e3o a 2026 O governo do Estado prev\u00ea d\u00e9ficit de R$ 7,67 bilh\u00f5es no or\u00e7amento de 2027. Esse \u00e9 o progn\u00f3stico contido no Projeto de Lei 5.735\/26, que disp\u00f5e sobre as diretrizes para a\u2026","rel":"","context":"In &quot;Pol\u00edtica&quot;","block_context":{"text":"Pol\u00edtica","link":"https:\/\/www.diariodeouropreto.com.br\/pt\/Editoria\/politica\/"},"img":{"alt_text":"","src":"https:\/\/i0.wp.com\/www.diariodeouropreto.com.br\/wp-content\/uploads\/2026\/05\/2579982.jpg?resize=350%2C200&ssl=1","width":350,"height":200,"srcset":"https:\/\/i0.wp.com\/www.diariodeouropreto.com.br\/wp-content\/uploads\/2026\/05\/2579982.jpg?resize=350%2C200&ssl=1 1x, https:\/\/i0.wp.com\/www.diariodeouropreto.com.br\/wp-content\/uploads\/2026\/05\/2579982.jpg?resize=525%2C300&ssl=1 1.5x, https:\/\/i0.wp.com\/www.diariodeouropreto.com.br\/wp-content\/uploads\/2026\/05\/2579982.jpg?resize=700%2C400&ssl=1 2x, https:\/\/i0.wp.com\/www.diariodeouropreto.com.br\/wp-content\/uploads\/2026\/05\/2579982.jpg?resize=1050%2C600&ssl=1 3x"},"classes":[]},{"id":17909,"url":"https:\/\/www.diariodeouropreto.com.br\/pt\/lei-de-diretrizes-orcamentarias-preve-minimo-de-r-1-294-em-2023\/","url_meta":{"origin":55097,"position":4},"title":"Lei de Diretrizes Or\u00e7ament\u00e1rias prev\u00ea m\u00ednimo de R$ 1.294 em 2023","author":"Di\u00e1rio de Ouro Preto","date":"11 de Agosto de 2022","format":false,"excerpt":"O presidente Jair Bolsonaro sancionou, com vetos, a Lei de Diretrizes Or\u00e7ament\u00e1rias (LDO) de 2023. O texto prev\u00ea um sal\u00e1rio m\u00ednimo de R$ 1.294 para o ano que vem e um d\u00e9ficit prim\u00e1rio de R$ 65,91 bilh\u00f5es para as contas p\u00fablicas do Governo Central (Tesouro Nacional, Previd\u00eancia Social e Banco\u2026","rel":"","context":"In &quot;Brasil&quot;","block_context":{"text":"Brasil","link":"https:\/\/www.diariodeouropreto.com.br\/pt\/Editoria\/brasil\/"},"img":{"alt_text":"","src":"https:\/\/i0.wp.com\/www.diariodeouropreto.com.br\/wp-content\/uploads\/2020\/04\/real_moeda_020120a84t47475213.jpg?resize=350%2C200&ssl=1","width":350,"height":200,"srcset":"https:\/\/i0.wp.com\/www.diariodeouropreto.com.br\/wp-content\/uploads\/2020\/04\/real_moeda_020120a84t47475213.jpg?resize=350%2C200&ssl=1 1x, https:\/\/i0.wp.com\/www.diariodeouropreto.com.br\/wp-content\/uploads\/2020\/04\/real_moeda_020120a84t47475213.jpg?resize=525%2C300&ssl=1 1.5x, https:\/\/i0.wp.com\/www.diariodeouropreto.com.br\/wp-content\/uploads\/2020\/04\/real_moeda_020120a84t47475213.jpg?resize=700%2C400&ssl=1 2x, https:\/\/i0.wp.com\/www.diariodeouropreto.com.br\/wp-content\/uploads\/2020\/04\/real_moeda_020120a84t47475213.jpg?resize=1050%2C600&ssl=1 3x"},"classes":[]},{"id":20158,"url":"https:\/\/www.diariodeouropreto.com.br\/pt\/deputados-aprovam-orcamento-do-estado-para-2023\/","url_meta":{"origin":55097,"position":5},"title":"Deputados aprovam or\u00e7amento do Estado para 2023","author":"Di\u00e1rio de Ouro Preto","date":"28 de Dezembro de 2022","format":false,"excerpt":"O Or\u00e7amento do Estado para 2023 foi aprovado pelo Plen\u00e1rio da Assembleia Legislativa de Minas Gerais (ALMG), em Reuni\u00e3o Extraordin\u00e1ria na manh\u00e3 desta quarta-feira (28\/12\/22). Na mesma reuni\u00e3o, foi aprovada tamb\u00e9m a revis\u00e3o para o pr\u00f3ximo ano do Plano Plurianual de A\u00e7\u00e3o Governamental (PPAG) 2020-2023. O or\u00e7amento, contido no Projeto\u2026","rel":"","context":"In &quot;Minas Gerais&quot;","block_context":{"text":"Minas Gerais","link":"https:\/\/www.diariodeouropreto.com.br\/pt\/Editoria\/minas-gerais\/"},"img":{"alt_text":"","src":"https:\/\/i0.wp.com\/www.diariodeouropreto.com.br\/wp-content\/uploads\/2022\/12\/1744817.jpg?resize=350%2C200&ssl=1","width":350,"height":200,"srcset":"https:\/\/i0.wp.com\/www.diariodeouropreto.com.br\/wp-content\/uploads\/2022\/12\/1744817.jpg?resize=350%2C200&ssl=1 1x, https:\/\/i0.wp.com\/www.diariodeouropreto.com.br\/wp-content\/uploads\/2022\/12\/1744817.jpg?resize=525%2C300&ssl=1 1.5x, https:\/\/i0.wp.com\/www.diariodeouropreto.com.br\/wp-content\/uploads\/2022\/12\/1744817.jpg?resize=700%2C400&ssl=1 2x, https:\/\/i0.wp.com\/www.diariodeouropreto.com.br\/wp-content\/uploads\/2022\/12\/1744817.jpg?resize=1050%2C600&ssl=1 3x"},"classes":[]}],"jetpack_sharing_enabled":true,"amp_enabled":true,"jetpack_featured_media_url":"https:\/\/www.diariodeouropreto.com.br\/wp-content\/uploads\/2026\/09\/img_7609_1.jpg","_links":{"self":[{"href":"https:\/\/www.diariodeouropreto.com.br\/pt\/wp-json\/wp\/v2\/posts\/55097","targetHints":{"allow":["GET"]}}],"collection":[{"href":"https:\/\/www.diariodeouropreto.com.br\/pt\/wp-json\/wp\/v2\/posts"}],"about":[{"href":"https:\/\/www.diariodeouropreto.com.br\/pt\/wp-json\/wp\/v2\/types\/post"}],"author":[{"embeddable":true,"href":"https:\/\/www.diariodeouropreto.com.br\/pt\/wp-json\/wp\/v2\/users\/1"}],"replies":[{"embeddable":true,"href":"https:\/\/www.diariodeouropreto.com.br\/pt\/wp-json\/wp\/v2\/comments?post=55097"}],"version-history":[{"count":1,"href":"https:\/\/www.diariodeouropreto.com.br\/pt\/wp-json\/wp\/v2\/posts\/55097\/revisions"}],"predecessor-version":[{"id":55100,"href":"https:\/\/www.diariodeouropreto.com.br\/pt\/wp-json\/wp\/v2\/posts\/55097\/revisions\/55100"}],"wp:featuredmedia":[{"embeddable":true,"href":"https:\/\/www.diariodeouropreto.com.br\/pt\/wp-json\/wp\/v2\/media\/55099"}],"wp:attachment":[{"href":"https:\/\/www.diariodeouropreto.com.br\/pt\/wp-json\/wp\/v2\/media?parent=55097"}],"wp:term":[{"taxonomy":"category","embeddable":true,"href":"https:\/\/www.diariodeouropreto.com.br\/pt\/wp-json\/wp\/v2\/categories?post=55097"},{"taxonomy":"post_tag","embeddable":true,"href":"https:\/\/www.diariodeouropreto.com.br\/pt\/wp-json\/wp\/v2\/tags?post=55097"}],"curies":[{"name":"wp","href":"https:\/\/api.w.org\/{rel}","templated":true}]}}