{"id":55089,"date":"2026-09-02T17:32:10","date_gmt":"2026-09-02T20:32:10","guid":{"rendered":"https:\/\/www.diariodeouropreto.com.br\/?p=55089"},"modified":"2026-09-02T17:32:12","modified_gmt":"2026-09-02T20:32:12","slug":"encontro-de-palhacos-festa-de-santa-rita-durao-e-mais-eventos-confira-a-agenda-deste-fim-de-semana-em-mariana","status":"publish","type":"post","link":"https:\/\/www.diariodeouropreto.com.br\/pt\/encontro-de-palhacos-festa-de-santa-rita-durao-e-mais-eventos-confira-a-agenda-deste-fim-de-semana-em-mariana\/","title":{"rendered":"Encontro de Palha\u00e7os, Festa de Santa Rita Dur\u00e3o e mais eventos: confira a agenda deste fim de semana em Mariana"},"content":{"rendered":"<p class=\"wp-block-paragraph\">Ao longo dos pr\u00f3ximos dias, Mariana recebe a Vadia\u00e7\u00e3o na Primaz, a tradicional Festa de Nossa Senhora de Nazar\u00e9, o SuperCar e Circuito Real, o 14\u00b0 Circovolante \u2013 Encontro Internacional de Palha\u00e7os, o 1\u00b0 Evento e 7 anos do Motoclube Grilos Estradeiros Livres em Passagem de Mariana, a Exposi\u00e7\u00e3o Bem Dizer \u2013 Thais Bertolin e a Festa de Comemora\u00e7\u00e3o \u2013 1 ano da Certifica\u00e7\u00e3o Quilombolas.<\/p>\n\n\n\n<p class=\"wp-block-paragraph\">Tradicionalmente, acontecem o Evento de Ado\u00e7\u00e3o e a Feira Municipal, e em celebra\u00e7\u00e3o ao 7 de setembro, ser\u00e3o realizados os Desfiles C\u00edvicos em Goiabeiras e em Santa Rita Dur\u00e3o.&nbsp;<\/p>\n\n\n\n<p class=\"wp-block-paragraph\">N\u00e3o perca nenhuma informa\u00e7\u00e3o importante e confira toda a programa\u00e7\u00e3o do fim de semana, que estar\u00e1 dispon\u00edvel nos canais oficiais da Prefeitura de Mariana.<\/p>\n\n\n\n<p class=\"wp-block-paragraph\"><em>Programa\u00e7\u00e3o sujeita a altera\u00e7\u00f5es.<\/em><\/p>\n\n\n\n<p class=\"wp-block-paragraph\"><strong>Vadia\u00e7\u00e3o na Primaz<\/strong><\/p>\n\n\n\n<p class=\"wp-block-paragraph\">De 4 a 6 de setembro, Mariana recebe a Vadia\u00e7\u00e3o na Primaz, um evento que celebra a capoeira e valoriza a cultura afro-brasileira com uma programa\u00e7\u00e3o especial. Durante os tr\u00eas dias, o p\u00fablico poder\u00e1 acompanhar o batizado e a troca de cordas, participar de workshop no Centro de Conven\u00e7\u00f5es, al\u00e9m de prestigiar apresenta\u00e7\u00f5es de samba de roda, maculel\u00ea e muito mais!<\/p>\n\n\n\n<p class=\"wp-block-paragraph\">Datas: 4 a 6 de setembro<\/p>\n\n\n\n<p class=\"wp-block-paragraph\">Locais: Pra\u00e7a Gomes Freire, Centro de Conven\u00e7\u00f5es e Quadra do bairro S\u00e3o Pedro<\/p>\n\n\n\n<p class=\"wp-block-paragraph\">Confira a programa\u00e7\u00e3o completa&nbsp;<a href=\"https:\/\/www.instagram.com\/p\/Dcybo_YjtQU\/?utm_source=ig_web_copy_link&amp;igsi=MzRlODBiNWFlZA==\" target=\"_blank\" rel=\"noopener follow external noreferrer sponsored ugc\" data-wpel-link=\"external\">aqui<\/a><\/p>\n\n\n\n<p class=\"wp-block-paragraph\"><strong>Evento de Ado\u00e7\u00e3o<\/strong><\/p>\n\n\n\n<p class=\"wp-block-paragraph\">Nesta sexta-feira, voc\u00ea tem um encontro marcado com o amor de quatro patas! O Centro de Acolhimento de Animais (CAA) te convida para um evento muito especial. Nossos bichinhos est\u00e3o te esperando! Venha adotar, mude uma vida e deixe que eles mudem a sua tamb\u00e9m.<\/p>\n\n\n\n<p class=\"wp-block-paragraph\">Data: 4 de setembro<\/p>\n\n\n\n<p class=\"wp-block-paragraph\">Hor\u00e1rio: 9h \u00e0s 13h<\/p>\n\n\n\n<p class=\"wp-block-paragraph\">Local: Centro de Conven\u00e7\u00f5es<\/p>\n\n\n\n<p class=\"wp-block-paragraph\"><strong>Festa de Nossa Senhora de Nazar\u00e9<\/strong><\/p>\n\n\n\n<p class=\"wp-block-paragraph\">Santa Rita Dur\u00e3o j\u00e1 tem encontro marcado com um dos fins de semana mais aguardados do calend\u00e1rio do distrito. De 4 a 6 de setembro, a Festa de Nossa Senhora de Nazar\u00e9 toma conta da pra\u00e7a com tr\u00eas noites de shows, movimentando o distrito com m\u00fasica, encontro e a energia de uma das celebra\u00e7\u00f5es mais tradicionais de Mariana. Na programa\u00e7\u00e3o, Cristiano &amp; Rafael, Lucas Barros, Marcelo Oliver, Forr\u00f3 de 2, Companhia do Forr\u00f3 e Brega Boys garantem a anima\u00e7\u00e3o ao longo dos tr\u00eas dias. Programe-se e venha viver mais uma grande festa em Santa Rita Dur\u00e3o.<\/p>\n\n\n\n<p class=\"wp-block-paragraph\">Data: 4 de setembro<\/p>\n\n\n\n<p class=\"wp-block-paragraph\">Hor\u00e1rio: a partir das 21h<\/p>\n\n\n\n<p class=\"wp-block-paragraph\">Local: Santa Rita Dur\u00e3o<\/p>\n\n\n\n<p class=\"wp-block-paragraph\">Data: 5 de setembro<\/p>\n\n\n\n<p class=\"wp-block-paragraph\">Hor\u00e1rio: a partir das 9h<\/p>\n\n\n\n<p class=\"wp-block-paragraph\">Local: Santa Rita Dur\u00e3o<\/p>\n\n\n\n<p class=\"wp-block-paragraph\">Data: 6 de setembro<\/p>\n\n\n\n<p class=\"wp-block-paragraph\">Hor\u00e1rio: a partir das 11h<\/p>\n\n\n\n<p class=\"wp-block-paragraph\">Local: Santa Rita Dur\u00e3o<\/p>\n\n\n\n<p class=\"wp-block-paragraph\"><em>Todas as atra\u00e7\u00f5es est\u00e3o dispon\u00edveis&nbsp;<a href=\"https:\/\/www.instagram.com\/p\/Dctdwu3S4x_\/?utm_source=ig_web_copy_link&amp;igsi=MzRlODBiNWFlZA==\" target=\"_blank\" rel=\"noopener follow external noreferrer sponsored ugc\" data-wpel-link=\"external\">aqui<\/a>&nbsp;<a href=\"https:\/\/mariana.mg.gov.br\/uploads\/prefeitura_mariana_2018\/Cultura\/Programa%C3%A7%C3%A3o%20-%20Festa%20de%20Nossa%20Senhora%20de%20Nazar%C3%A9.pdf\" target=\"_blank\" rel=\"noopener follow external noreferrer sponsored ugc\" data-wpel-link=\"external\">e aqui&nbsp;<\/a><\/em><\/p>\n\n\n\n<p class=\"wp-block-paragraph\"><strong>Feira Municipal<\/strong><\/p>\n\n\n\n<p class=\"wp-block-paragraph\">Com produtos frescos e naturais, a Feira Municipal de Mariana \u00e9 um espa\u00e7o de oportunidades para comerciantes e produtores locais venderem mercadorias e movimentar a economia local.<\/p>\n\n\n\n<p class=\"wp-block-paragraph\">Data: todo s\u00e1bado<\/p>\n\n\n\n<p class=\"wp-block-paragraph\">Hor\u00e1rio: 6h \u00e0s 11h<\/p>\n\n\n\n<p class=\"wp-block-paragraph\">Local: Estacionamento do Centro de Conven\u00e7\u00f5es<\/p>\n\n\n\n<p class=\"wp-block-paragraph\"><strong>Desfile C\u00edvico \u2013 Cachoeira do Brumado<\/strong><\/p>\n\n\n\n<p class=\"wp-block-paragraph\">Neste s\u00e1bado, Cachoeira do Brumado recebe o Desfile C\u00edvico, com a participa\u00e7\u00e3o especial da Fanfarra da Apae Mariana! Um momento especial para reunir a comunidade e celebrar a p\u00e1tria, a uni\u00e3o e o orgulho pela nossa hist\u00f3ria. Aproveite!<\/p>\n\n\n\n<p class=\"wp-block-paragraph\">Data: 5 de setembro<\/p>\n\n\n\n<p class=\"wp-block-paragraph\">Hor\u00e1rio: a partir das 7h<\/p>\n\n\n\n<p class=\"wp-block-paragraph\">Local: em frente \u00e0 Escola Estadual Reparata Dias de Oliveira<\/p>\n\n\n\n<p class=\"wp-block-paragraph\"><strong>Desfile C\u00edvico \u2013 Goiabeiras<\/strong><\/p>\n\n\n\n<p class=\"wp-block-paragraph\">Neste s\u00e1bado, Goiabeiras recebe o Desfile C\u00edvico! Um momento especial para reunir a comunidade e celebrar a p\u00e1tria, a uni\u00e3o e o orgulho pela nossa hist\u00f3ria. Participe!<\/p>\n\n\n\n<p class=\"wp-block-paragraph\">Data: 5 de setembro<\/p>\n\n\n\n<p class=\"wp-block-paragraph\">Hor\u00e1rio: a partir das 8h<\/p>\n\n\n\n<p class=\"wp-block-paragraph\">Local: Rua Cuiab\u00e1, distrito de Goiabeiras<\/p>\n\n\n\n<p class=\"wp-block-paragraph\"><strong>Desfile C\u00edvico \u2013 Santa Rita Dur\u00e3o<\/strong><\/p>\n\n\n\n<p class=\"wp-block-paragraph\">Neste s\u00e1bado, Santa Rita Dur\u00e3o recebe o Desfile C\u00edvico! Um momento especial para reunir a comunidade e celebrar juntos. O desfile contar\u00e1 tamb\u00e9m com a participa\u00e7\u00e3o de roupas confeccionadas a partir de materiais recicl\u00e1veis. Venha prestigiar!<\/p>\n\n\n\n<p class=\"wp-block-paragraph\">Data: 5 de setembro<\/p>\n\n\n\n<p class=\"wp-block-paragraph\">Hor\u00e1rio: a partir das 8h30<\/p>\n\n\n\n<p class=\"wp-block-paragraph\">Local: em frente a escola de educa\u00e7\u00e3o em tempo integral Almiro Germano Cota Santa Rita Dur\u00e3o<\/p>\n\n\n\n<p class=\"wp-block-paragraph\"><strong>SuperCar e Circuito Real<\/strong><\/p>\n\n\n\n<p class=\"wp-block-paragraph\">O SuperCar recebe som automotivo, carros rebaixados, arrancadas, manobras no m\u00f3i, bike e motocando neste s\u00e1bado e domingo. Mais um mega evento com muitas atra\u00e7\u00f5es e premia\u00e7\u00f5es, n\u00e3o percam!<\/p>\n\n\n\n<p class=\"wp-block-paragraph\">Data: 5 e 6 de setembro<\/p>\n\n\n\n<p class=\"wp-block-paragraph\">Hor\u00e1rio: 9h<\/p>\n\n\n\n<p class=\"wp-block-paragraph\">Local: Mina Del Rey<\/p>\n\n\n\n<p class=\"wp-block-paragraph\"><strong>14\u00b0 Circovolante \u2013 Encontro Internacional de Palha\u00e7os<\/strong><\/p>\n\n\n\n<p class=\"wp-block-paragraph\">No pr\u00f3ximo final de semana, Mariana recebe o 14 \u00ba Circovolante \u2013 Encontro Internacional de Palha\u00e7os. O Centro Hist\u00f3rico de Mariana ser\u00e1 tomado por palha\u00e7aria, circo, m\u00fasica e encontros que prometem transformar a cidade em um grande picadeiro a c\u00e9u aberto. Ser\u00e3o dois dias de arte, alegria e divers\u00e3o para todas as idades. Escolha seus espet\u00e1culos e venha viver essa grande festa com a gente!<\/p>\n\n\n\n<p class=\"wp-block-paragraph\">Data: 5 de setembro<\/p>\n\n\n\n<p class=\"wp-block-paragraph\">Hor\u00e1rio: a partir de 9h30<\/p>\n\n\n\n<p class=\"wp-block-paragraph\">Local: Pra\u00e7a Gomes Freire<\/p>\n\n\n\n<p class=\"wp-block-paragraph\">Data: 6 de setembro<\/p>\n\n\n\n<p class=\"wp-block-paragraph\">Hor\u00e1rio: a partir de 9h<\/p>\n\n\n\n<p class=\"wp-block-paragraph\">Local: Pra\u00e7a Gomes Freire<\/p>\n\n\n\n<p class=\"wp-block-paragraph\"><em>Confira a programa\u00e7\u00e3o completa&nbsp;<a href=\"https:\/\/www.instagram.com\/p\/DcwC5skFMTU\/?utm_source=ig_web_copy_link&amp;igsi=MzRlODBiNWFlZA==\" target=\"_blank\" rel=\"noopener follow external noreferrer sponsored ugc\" data-wpel-link=\"external\">aqui!<\/a><\/em><\/p>\n\n\n\n<p class=\"wp-block-paragraph\"><strong>1\u00b0 Evento e 7 anos do Motoclube Grilos Estradeiros Livres<\/strong><\/p>\n\n\n\n<p class=\"wp-block-paragraph\">O primeiro evento e 7 anos do Motoclube Grilos Estradeiros Livres chega neste fim de semana no distrito de Passagem, em Mariana! O evento \u00e9 beneficente e recebe a doa\u00e7\u00e3o de leite e itens de higiene pessoal para serem doados a entidades da nossa cidade.O evento ajuda a fomentar a cultura e o com\u00e9rcio local. A pra\u00e7a de alimenta\u00e7\u00e3o conta com comida, chopp e muita m\u00fasica! Contamos com a sua presen\u00e7a!<\/p>\n\n\n\n<p class=\"wp-block-paragraph\">Data: 5 de setembro<\/p>\n\n\n\n<p class=\"wp-block-paragraph\">Hor\u00e1rio: a partir de 10h<\/p>\n\n\n\n<p class=\"wp-block-paragraph\">Local: Casa da \u00c1rvore \u2013 Passagem de Mariana<\/p>\n\n\n\n<p class=\"wp-block-paragraph\">Data: 6 de setembro<\/p>\n\n\n\n<p class=\"wp-block-paragraph\">Hor\u00e1rio: a partir de 8h<\/p>\n\n\n\n<p class=\"wp-block-paragraph\">Local: Casa da \u00c1rvore \u2013 Passagem de Mariana<\/p>\n\n\n\n<p class=\"wp-block-paragraph\"><strong>Exposi\u00e7\u00e3o Bem Dizer \u2013 Thais Bertolin<\/strong><\/p>\n\n\n\n<p class=\"wp-block-paragraph\">A partir do dia 5 de setembro, o Museu Casa de Alphonsus de Guimaraens recebe a exposi\u00e7\u00e3o Bem Dizer, da artista visual Thais Bertolin, com curadoria de Marina Bortoluzzi. A mostra investiga o universo das benzedeiras brasileiras, mulheres que mant\u00eam vivos saberes ancestrais transmitidos pela oralidade, pelo gesto e pela conviv\u00eancia. Desenvolvido a partir de uma pesquisa cont\u00ednua, realizada entre 2014 e 2026, em diferentes regi\u00f5es do pa\u00eds, o projeto constr\u00f3i uma narrativa sens\u00edvel sobre um patrim\u00f4nio imaterial que resiste ao esquecimento, revelando modos de cuidado, espiritualidade e rela\u00e7\u00e3o com a natureza que atravessam gera\u00e7\u00f5es. Na exposi\u00e7\u00e3o, as fotografias anal\u00f3gicas, transformadas por processos hist\u00f3ricos e interven\u00e7\u00f5es manuais, deixam de ser apenas registro para tornar-se espa\u00e7o de mem\u00f3ria, escuta e presen\u00e7a.<\/p>\n\n\n\n<p class=\"wp-block-paragraph\">Data: 5 de setembro \u00e0 30 de setembro<\/p>\n\n\n\n<p class=\"wp-block-paragraph\">Hor\u00e1rio: 10h \u00e0s 13h<\/p>\n\n\n\n<p class=\"wp-block-paragraph\">Local: Museu Casa Alphonsus de Guimaraens \u2013 <a href=\"https:\/\/www.google.com\/maps\/search\/Rua+Direita,+n+35?entry=gmail&amp;source=g\" data-wpel-link=\"external\" target=\"_blank\" rel=\"follow external noopener noreferrer sponsored ugc\">Rua Direita, n<\/a>\u00ba <a href=\"https:\/\/www.google.com\/maps\/search\/Rua+Direita,+n+35?entry=gmail&amp;source=g\" data-wpel-link=\"external\" target=\"_blank\" rel=\"follow external noopener noreferrer sponsored ugc\">35<\/a>, Centro<\/p>\n\n\n\n<p class=\"wp-block-paragraph\"><strong>Festa de Comemora\u00e7\u00e3o \u2013 1 ano da Certifica\u00e7\u00e3o Quilombolas<\/strong><\/p>\n\n\n\n<p class=\"wp-block-paragraph\">Margarida Viana e Para\u00edso t\u00eam uma hist\u00f3ria que merece ser celebrada! No dia 6 de setembro, vamos nos reunir para comemorar 1 ano da nossa certifica\u00e7\u00e3o quilombola, fortalecendo nossa identidade, nossa cultura, nossa f\u00e9 e tudo aquilo que constru\u00edmos juntos. Vai ser um dia de muita alegria, encontro, apresenta\u00e7\u00f5es culturais, comida boa e, principalmente, de celebra\u00e7\u00e3o da nossa hist\u00f3ria.<\/p>\n\n\n\n<p class=\"wp-block-paragraph\">Data: 6 de setembro<\/p>\n\n\n\n<p class=\"wp-block-paragraph\">Hor\u00e1rio: a partir de 9h<\/p>\n\n\n\n<p class=\"wp-block-paragraph\">Local: Alto da Comunidade de Margarida (campo atr\u00e1s da capela)<\/p>\n\n\n\n<div id=\"152151\" class=\"advads-saneouro-2 advads-entity-placement\" style=\"margin-top: 3px;margin-bottom: 3px;margin-left: auto;margin-right: auto;text-align: center;\"><a href=\"https:\/\/www.saneouro.com.br\/\" target=\"_blank\" aria-label=\"DOP_Impresso\" data-wpel-link=\"external\" rel=\"follow external noopener noreferrer sponsored ugc\"><img src=\"https:\/\/www.diariodeouropreto.com.br\/wp-content\/uploads\/2026\/07\/DOP_Impresso.jpg\" alt=\"\"  srcset=\"https:\/\/www.diariodeouropreto.com.br\/wp-content\/uploads\/2026\/07\/DOP_Impresso.jpg 1181w, https:\/\/www.diariodeouropreto.com.br\/wp-content\/uploads\/2026\/07\/DOP_Impresso-396x396.jpg 396w, https:\/\/www.diariodeouropreto.com.br\/wp-content\/uploads\/2026\/07\/DOP_Impresso-150x150.jpg 150w, https:\/\/www.diariodeouropreto.com.br\/wp-content\/uploads\/2026\/07\/DOP_Impresso-768x768.jpg 768w, https:\/\/www.diariodeouropreto.com.br\/wp-content\/uploads\/2026\/07\/DOP_Impresso-12x12.jpg 12w, https:\/\/www.diariodeouropreto.com.br\/wp-content\/uploads\/2026\/07\/DOP_Impresso-465x465.jpg 465w, https:\/\/www.diariodeouropreto.com.br\/wp-content\/uploads\/2026\/07\/DOP_Impresso-500x500.jpg 500w\" sizes=\"(max-width: 1181px) 100vw, 1181px\" width=\"400\" height=\"400\"  style=\"display: inline-block;\" \/><\/a><\/div><p class=\"wp-block-paragraph\">Por Fernanda Germano &#8211; Assessoria Prefeitura de Mariana<\/p>","protected":false},"excerpt":{"rendered":"<p>Ao longo dos pr\u00f3ximos dias, Mariana recebe a Vadia\u00e7\u00e3o na Primaz, a tradicional Festa de Nossa Senhora de Nazar\u00e9, o SuperCar e Circuito Real, o 14\u00b0 Circovolante \u2013 Encontro Internacional de Palha\u00e7os, o 1\u00b0 Evento e 7 anos do Motoclube Grilos Estradeiros Livres em Passagem de Mariana, a Exposi\u00e7\u00e3o Bem<span class=\"more-link\"><a href=\"https:\/\/www.diariodeouropreto.com.br\/pt\/encontro-de-palhacos-festa-de-santa-rita-durao-e-mais-eventos-confira-a-agenda-deste-fim-de-semana-em-mariana\/\" data-wpel-link=\"internal\">Continue Lendo<\/a><\/span><\/p>","protected":false},"author":1,"featured_media":54110,"comment_status":"closed","ping_status":"closed","sticky":false,"template":"","format":"standard","meta":{"_jetpack_newsletter_access":"","_jetpack_dont_email_post_to_subs":false,"_jetpack_newsletter_tier_id":0,"_jetpack_memberships_contains_paywalled_content":false,"_jetpack_feature_clip_id":0,"_jetpack_memberships_contains_paid_content":false,"footnotes":"","jetpack_publicize_message":"Ao longo dos pr\u00f3ximos dias, Mariana recebe a Vadia\u00e7\u00e3o na Primaz, a tradicional Festa de Nossa Senhora de Nazar\u00e9, o SuperCar e Circuito Real, o 14\u00b0 Circovolante \u2013 Encontro Internacional de Palha\u00e7os, o 1\u00b0 Evento e 7 anos do Motoclube Grilos Estradeiros Livres em Passagem de Mariana, a Exposi\u00e7\u00e3o Bem Dizer \u2013 Thais Bertolin e a Festa de Comemora\u00e7\u00e3o \u2013 1 ano da Certifica\u00e7\u00e3o Quilombolas","jetpack_publicize_feature_enabled":true,"jetpack_social_post_already_shared":false,"jetpack_social_options":{"image_generator_settings":{"template":"highway","default_image_id":0,"font":"","enabled":false},"version":2},"jetpack_post_was_ever_published":false},"categories":[11],"tags":[],"class_list":["entry","author-diario","post-55089","post","type-post","status-publish","format-standard","has-post-thumbnail","category-culturaeartes"],"yoast_head":"<!-- This site is optimized with the Yoast SEO plugin v28.4 - https:\/\/yoast.com\/product\/yoast-seo-wordpress\/ -->\n<title>Encontro de Palha\u00e7os, Festa de Santa Rita Dur\u00e3o e mais eventos: confira a agenda deste fim de semana em Mariana - Di\u00e1rio de Ouro Preto<\/title>\n<meta name=\"description\" content=\"Ao longo dos pr\u00f3ximos dias, Mariana recebe a Vadia\u00e7\u00e3o na Primaz, a tradicional Festa de Nossa Senhora de Nazar\u00e9, o SuperCar e Circuito Real, o 14\u00b0 Circovolante \u2013 Encontro Internacional de Palha\u00e7os, o 1\u00b0 Evento e 7 anos do Motoclube Grilos Estradeiros Livres em Passagem de Mariana, a Exposi\u00e7\u00e3o Bem Dizer \u2013 Thais Bertolin e a Festa de Comemora\u00e7\u00e3o \u2013 1 ano da Certifica\u00e7\u00e3o Quilombolas- Encontro de Palha\u00e7os, Festa de Santa Rita Dur\u00e3o e mais eventos: confira a agenda deste fim de semana em Mariana - Cultura, Artes e Patrim\u00f4nio\" \/>\n<meta name=\"robots\" content=\"index, follow, max-snippet:-1, max-image-preview:large, max-video-preview:-1\" \/>\n<link rel=\"canonical\" href=\"https:\/\/www.diariodeouropreto.com.br\/pt\/encontro-de-palhacos-festa-de-santa-rita-durao-e-mais-eventos-confira-a-agenda-deste-fim-de-semana-em-mariana\/\" \/>\n<meta property=\"og:locale\" content=\"pt_PT\" \/>\n<meta property=\"og:type\" content=\"article\" \/>\n<meta property=\"og:title\" content=\"Encontro de Palha\u00e7os, Festa de Santa Rita Dur\u00e3o e mais eventos: confira a agenda deste fim de semana em Mariana - Di\u00e1rio de Ouro Preto\" \/>\n<meta property=\"og:description\" content=\"Ao longo dos pr\u00f3ximos dias, Mariana recebe a Vadia\u00e7\u00e3o na Primaz, a tradicional Festa de Nossa Senhora de Nazar\u00e9, o SuperCar e Circuito Real, o 14\u00b0 Circovolante \u2013 Encontro Internacional de Palha\u00e7os, o 1\u00b0 Evento e 7 anos do Motoclube Grilos Estradeiros Livres em Passagem de Mariana, a Exposi\u00e7\u00e3o Bem Dizer \u2013 Thais Bertolin e a Festa de Comemora\u00e7\u00e3o \u2013 1 ano da Certifica\u00e7\u00e3o Quilombolas- Encontro de Palha\u00e7os, Festa de Santa Rita Dur\u00e3o e mais eventos: confira a agenda deste fim de semana em Mariana - Cultura, Artes e Patrim\u00f4nio\" \/>\n<meta property=\"og:url\" content=\"https:\/\/www.diariodeouropreto.com.br\/pt\/encontro-de-palhacos-festa-de-santa-rita-durao-e-mais-eventos-confira-a-agenda-deste-fim-de-semana-em-mariana\/\" \/>\n<meta property=\"og:site_name\" content=\"Di\u00e1rio de Ouro Preto\" \/>\n<meta property=\"article:publisher\" content=\"https:\/\/www.facebook.com\/diariodeouropreto\/\" \/>\n<meta property=\"article:published_time\" content=\"2026-09-02T20:32:10+00:00\" \/>\n<meta property=\"article:modified_time\" content=\"2026-09-02T20:32:12+00:00\" \/>\n<meta property=\"og:image\" content=\"https:\/\/www.diariodeouropreto.com.br\/wp-content\/uploads\/2026\/07\/Agenda-semanal-1.jpeg\" \/>\n\t<meta property=\"og:image:width\" content=\"1600\" \/>\n\t<meta property=\"og:image:height\" content=\"1000\" \/>\n\t<meta property=\"og:image:type\" content=\"image\/jpeg\" \/>\n<meta name=\"author\" content=\"Di\u00e1rio de Ouro Preto\" \/>\n<meta name=\"twitter:card\" content=\"summary_large_image\" \/>\n<meta name=\"twitter:label1\" content=\"Escrito por\" \/>\n\t<meta name=\"twitter:data1\" content=\"Di\u00e1rio de Ouro Preto\" \/>\n\t<meta name=\"twitter:label2\" content=\"Tempo estimado de leitura\" \/>\n\t<meta name=\"twitter:data2\" content=\"7 minutos\" \/>\n<script type=\"application\/ld+json\" class=\"yoast-schema-graph\">{\"@context\":\"https:\\\/\\\/schema.org\",\"@graph\":[{\"@type\":\"Article\",\"@id\":\"https:\\\/\\\/www.diariodeouropreto.com.br\\\/encontro-de-palhacos-festa-de-santa-rita-durao-e-mais-eventos-confira-a-agenda-deste-fim-de-semana-em-mariana\\\/#article\",\"isPartOf\":{\"@id\":\"https:\\\/\\\/www.diariodeouropreto.com.br\\\/encontro-de-palhacos-festa-de-santa-rita-durao-e-mais-eventos-confira-a-agenda-deste-fim-de-semana-em-mariana\\\/\"},\"author\":{\"name\":\"Di\u00e1rio de Ouro Preto\",\"@id\":\"https:\\\/\\\/www.diariodeouropreto.com.br\\\/pt\\\/#\\\/schema\\\/person\\\/7654e7b471204a6dab6dc0ce6e140c99\"},\"headline\":\"Encontro de Palha\u00e7os, Festa de Santa Rita Dur\u00e3o e mais eventos: confira a agenda deste fim de semana em Mariana\",\"datePublished\":\"2026-09-02T20:32:10+00:00\",\"dateModified\":\"2026-09-02T20:32:12+00:00\",\"mainEntityOfPage\":{\"@id\":\"https:\\\/\\\/www.diariodeouropreto.com.br\\\/encontro-de-palhacos-festa-de-santa-rita-durao-e-mais-eventos-confira-a-agenda-deste-fim-de-semana-em-mariana\\\/\"},\"wordCount\":1260,\"publisher\":{\"@id\":\"https:\\\/\\\/www.diariodeouropreto.com.br\\\/pt\\\/#organization\"},\"image\":{\"@id\":\"https:\\\/\\\/www.diariodeouropreto.com.br\\\/encontro-de-palhacos-festa-de-santa-rita-durao-e-mais-eventos-confira-a-agenda-deste-fim-de-semana-em-mariana\\\/#primaryimage\"},\"thumbnailUrl\":\"https:\\\/\\\/www.diariodeouropreto.com.br\\\/wp-content\\\/uploads\\\/2026\\\/07\\\/Agenda-semanal-1.jpeg\",\"articleSection\":[\"Cultura, Artes e Patrim\u00f4nio\"],\"inLanguage\":\"pt-PT\"},{\"@type\":\"WebPage\",\"@id\":\"https:\\\/\\\/www.diariodeouropreto.com.br\\\/encontro-de-palhacos-festa-de-santa-rita-durao-e-mais-eventos-confira-a-agenda-deste-fim-de-semana-em-mariana\\\/\",\"url\":\"https:\\\/\\\/www.diariodeouropreto.com.br\\\/encontro-de-palhacos-festa-de-santa-rita-durao-e-mais-eventos-confira-a-agenda-deste-fim-de-semana-em-mariana\\\/\",\"name\":\"Encontro de Palha\u00e7os, Festa de Santa Rita Dur\u00e3o e mais eventos: confira a agenda deste fim de semana em Mariana - Di\u00e1rio de Ouro Preto\",\"isPartOf\":{\"@id\":\"https:\\\/\\\/www.diariodeouropreto.com.br\\\/pt\\\/#website\"},\"primaryImageOfPage\":{\"@id\":\"https:\\\/\\\/www.diariodeouropreto.com.br\\\/encontro-de-palhacos-festa-de-santa-rita-durao-e-mais-eventos-confira-a-agenda-deste-fim-de-semana-em-mariana\\\/#primaryimage\"},\"image\":{\"@id\":\"https:\\\/\\\/www.diariodeouropreto.com.br\\\/encontro-de-palhacos-festa-de-santa-rita-durao-e-mais-eventos-confira-a-agenda-deste-fim-de-semana-em-mariana\\\/#primaryimage\"},\"thumbnailUrl\":\"https:\\\/\\\/www.diariodeouropreto.com.br\\\/wp-content\\\/uploads\\\/2026\\\/07\\\/Agenda-semanal-1.jpeg\",\"datePublished\":\"2026-09-02T20:32:10+00:00\",\"dateModified\":\"2026-09-02T20:32:12+00:00\",\"description\":\"Ao longo dos pr\u00f3ximos dias, Mariana recebe a Vadia\u00e7\u00e3o na Primaz, a tradicional Festa de Nossa Senhora de Nazar\u00e9, o SuperCar e Circuito Real, o 14\u00b0 Circovolante \u2013 Encontro Internacional de Palha\u00e7os, o 1\u00b0 Evento e 7 anos do Motoclube Grilos Estradeiros Livres em Passagem de Mariana, a Exposi\u00e7\u00e3o Bem Dizer \u2013 Thais Bertolin e a Festa de Comemora\u00e7\u00e3o \u2013 1 ano da Certifica\u00e7\u00e3o Quilombolas- Encontro de Palha\u00e7os, Festa de Santa Rita Dur\u00e3o e mais eventos: confira a agenda deste fim de semana em Mariana - Cultura, Artes e Patrim\u00f4nio\",\"breadcrumb\":{\"@id\":\"https:\\\/\\\/www.diariodeouropreto.com.br\\\/encontro-de-palhacos-festa-de-santa-rita-durao-e-mais-eventos-confira-a-agenda-deste-fim-de-semana-em-mariana\\\/#breadcrumb\"},\"inLanguage\":\"pt-PT\",\"potentialAction\":[{\"@type\":\"ReadAction\",\"target\":[\"https:\\\/\\\/www.diariodeouropreto.com.br\\\/encontro-de-palhacos-festa-de-santa-rita-durao-e-mais-eventos-confira-a-agenda-deste-fim-de-semana-em-mariana\\\/\"]}]},{\"@type\":\"ImageObject\",\"inLanguage\":\"pt-PT\",\"@id\":\"https:\\\/\\\/www.diariodeouropreto.com.br\\\/encontro-de-palhacos-festa-de-santa-rita-durao-e-mais-eventos-confira-a-agenda-deste-fim-de-semana-em-mariana\\\/#primaryimage\",\"url\":\"https:\\\/\\\/www.diariodeouropreto.com.br\\\/wp-content\\\/uploads\\\/2026\\\/07\\\/Agenda-semanal-1.jpeg\",\"contentUrl\":\"https:\\\/\\\/www.diariodeouropreto.com.br\\\/wp-content\\\/uploads\\\/2026\\\/07\\\/Agenda-semanal-1.jpeg\",\"width\":1600,\"height\":1000},{\"@type\":\"BreadcrumbList\",\"@id\":\"https:\\\/\\\/www.diariodeouropreto.com.br\\\/encontro-de-palhacos-festa-de-santa-rita-durao-e-mais-eventos-confira-a-agenda-deste-fim-de-semana-em-mariana\\\/#breadcrumb\",\"itemListElement\":[{\"@type\":\"ListItem\",\"position\":1,\"name\":\"In\u00edcio\",\"item\":\"https:\\\/\\\/www.diariodeouropreto.com.br\\\/pt\\\/\"},{\"@type\":\"ListItem\",\"position\":2,\"name\":\"Encontro de Palha\u00e7os, Festa de Santa Rita Dur\u00e3o e mais eventos: confira a agenda deste fim de semana em Mariana\"}]},{\"@type\":\"WebSite\",\"@id\":\"https:\\\/\\\/www.diariodeouropreto.com.br\\\/pt\\\/#website\",\"url\":\"https:\\\/\\\/www.diariodeouropreto.com.br\\\/pt\\\/\",\"name\":\"Di\u00e1rio de Ouro Preto\",\"description\":\"Not\u00edcias Ouro Preto; Mariana;Minas Gerais;Jornal;Jornalismo;Not\u00edcias;\",\"publisher\":{\"@id\":\"https:\\\/\\\/www.diariodeouropreto.com.br\\\/pt\\\/#organization\"},\"alternateName\":\"Jornal di\u00e1rio de Ouro Preto\",\"potentialAction\":[{\"@type\":\"SearchAction\",\"target\":{\"@type\":\"EntryPoint\",\"urlTemplate\":\"https:\\\/\\\/www.diariodeouropreto.com.br\\\/pt\\\/?s={search_term_string}\"},\"query-input\":{\"@type\":\"PropertyValueSpecification\",\"valueRequired\":true,\"valueName\":\"search_term_string\"}}],\"inLanguage\":\"pt-PT\"},{\"@type\":\"Organization\",\"@id\":\"https:\\\/\\\/www.diariodeouropreto.com.br\\\/pt\\\/#organization\",\"name\":\"Di\u00e1rio de Ouro Preto\",\"alternateName\":\"Jornal di\u00e1rio Ouro Preto\",\"url\":\"https:\\\/\\\/www.diariodeouropreto.com.br\\\/pt\\\/\",\"logo\":{\"@type\":\"ImageObject\",\"inLanguage\":\"pt-PT\",\"@id\":\"https:\\\/\\\/www.diariodeouropreto.com.br\\\/pt\\\/#\\\/schema\\\/logo\\\/image\\\/\",\"url\":\"https:\\\/\\\/www.diariodeouropreto.com.br\\\/wp-content\\\/uploads\\\/2019\\\/06\\\/cropped-logotransp-2.png\",\"contentUrl\":\"https:\\\/\\\/www.diariodeouropreto.com.br\\\/wp-content\\\/uploads\\\/2019\\\/06\\\/cropped-logotransp-2.png\",\"width\":1323,\"height\":251,\"caption\":\"Di\u00e1rio de Ouro Preto\"},\"image\":{\"@id\":\"https:\\\/\\\/www.diariodeouropreto.com.br\\\/pt\\\/#\\\/schema\\\/logo\\\/image\\\/\"},\"sameAs\":[\"https:\\\/\\\/www.facebook.com\\\/diariodeouropreto\\\/\"]},{\"@type\":\"Person\",\"@id\":\"https:\\\/\\\/www.diariodeouropreto.com.br\\\/pt\\\/#\\\/schema\\\/person\\\/7654e7b471204a6dab6dc0ce6e140c99\",\"name\":\"Di\u00e1rio de Ouro Preto\",\"sameAs\":[\"http:\\\/\\\/www.diariodeouropreto.com.br\"],\"url\":\"https:\\\/\\\/www.diariodeouropreto.com.br\\\/pt\\\/author\\\/diario\\\/\"}]}<\/script>\n<!-- \/ Yoast SEO plugin. -->","yoast_head_json":{"title":"Encontro de Palha\u00e7os, Festa de Santa Rita Dur\u00e3o e mais eventos: confira a agenda deste fim de semana em Mariana - Di\u00e1rio de Ouro Preto","description":"Ao longo dos pr\u00f3ximos dias, Mariana recebe a Vadia\u00e7\u00e3o na Primaz, a tradicional Festa de Nossa Senhora de Nazar\u00e9, o SuperCar e Circuito Real, o 14\u00b0 Circovolante \u2013 Encontro Internacional de Palha\u00e7os, o 1\u00b0 Evento e 7 anos do Motoclube Grilos Estradeiros Livres em Passagem de Mariana, a Exposi\u00e7\u00e3o Bem Dizer \u2013 Thais Bertolin e a Festa de Comemora\u00e7\u00e3o \u2013 1 ano da Certifica\u00e7\u00e3o Quilombolas- Encontro de Palha\u00e7os, Festa de Santa Rita Dur\u00e3o e mais eventos: confira a agenda deste fim de semana em Mariana - Cultura, Artes e Patrim\u00f4nio","robots":{"index":"index","follow":"follow","max-snippet":"max-snippet:-1","max-image-preview":"max-image-preview:large","max-video-preview":"max-video-preview:-1"},"canonical":"https:\/\/www.diariodeouropreto.com.br\/pt\/encontro-de-palhacos-festa-de-santa-rita-durao-e-mais-eventos-confira-a-agenda-deste-fim-de-semana-em-mariana\/","og_locale":"pt_PT","og_type":"article","og_title":"Encontro de Palha\u00e7os, Festa de Santa Rita Dur\u00e3o e mais eventos: confira a agenda deste fim de semana em Mariana - Di\u00e1rio de Ouro Preto","og_description":"Ao longo dos pr\u00f3ximos dias, Mariana recebe a Vadia\u00e7\u00e3o na Primaz, a tradicional Festa de Nossa Senhora de Nazar\u00e9, o SuperCar e Circuito Real, o 14\u00b0 Circovolante \u2013 Encontro Internacional de Palha\u00e7os, o 1\u00b0 Evento e 7 anos do Motoclube Grilos Estradeiros Livres em Passagem de Mariana, a Exposi\u00e7\u00e3o Bem Dizer \u2013 Thais Bertolin e a Festa de Comemora\u00e7\u00e3o \u2013 1 ano da Certifica\u00e7\u00e3o Quilombolas- Encontro de Palha\u00e7os, Festa de Santa Rita Dur\u00e3o e mais eventos: confira a agenda deste fim de semana em Mariana - Cultura, Artes e Patrim\u00f4nio","og_url":"https:\/\/www.diariodeouropreto.com.br\/pt\/encontro-de-palhacos-festa-de-santa-rita-durao-e-mais-eventos-confira-a-agenda-deste-fim-de-semana-em-mariana\/","og_site_name":"Di\u00e1rio de Ouro Preto","article_publisher":"https:\/\/www.facebook.com\/diariodeouropreto\/","article_published_time":"2026-09-02T20:32:10+00:00","article_modified_time":"2026-09-02T20:32:12+00:00","og_image":[{"width":1600,"height":1000,"url":"https:\/\/www.diariodeouropreto.com.br\/wp-content\/uploads\/2026\/07\/Agenda-semanal-1.jpeg","type":"image\/jpeg"}],"author":"Di\u00e1rio de Ouro Preto","twitter_card":"summary_large_image","twitter_misc":{"Escrito por":"Di\u00e1rio de Ouro Preto","Tempo estimado de leitura":"7 minutos"},"schema":{"@context":"https:\/\/schema.org","@graph":[{"@type":"Article","@id":"https:\/\/www.diariodeouropreto.com.br\/encontro-de-palhacos-festa-de-santa-rita-durao-e-mais-eventos-confira-a-agenda-deste-fim-de-semana-em-mariana\/#article","isPartOf":{"@id":"https:\/\/www.diariodeouropreto.com.br\/encontro-de-palhacos-festa-de-santa-rita-durao-e-mais-eventos-confira-a-agenda-deste-fim-de-semana-em-mariana\/"},"author":{"name":"Di\u00e1rio de Ouro Preto","@id":"https:\/\/www.diariodeouropreto.com.br\/pt\/#\/schema\/person\/7654e7b471204a6dab6dc0ce6e140c99"},"headline":"Encontro de Palha\u00e7os, Festa de Santa Rita Dur\u00e3o e mais eventos: confira a agenda deste fim de semana em Mariana","datePublished":"2026-09-02T20:32:10+00:00","dateModified":"2026-09-02T20:32:12+00:00","mainEntityOfPage":{"@id":"https:\/\/www.diariodeouropreto.com.br\/encontro-de-palhacos-festa-de-santa-rita-durao-e-mais-eventos-confira-a-agenda-deste-fim-de-semana-em-mariana\/"},"wordCount":1260,"publisher":{"@id":"https:\/\/www.diariodeouropreto.com.br\/pt\/#organization"},"image":{"@id":"https:\/\/www.diariodeouropreto.com.br\/encontro-de-palhacos-festa-de-santa-rita-durao-e-mais-eventos-confira-a-agenda-deste-fim-de-semana-em-mariana\/#primaryimage"},"thumbnailUrl":"https:\/\/www.diariodeouropreto.com.br\/wp-content\/uploads\/2026\/07\/Agenda-semanal-1.jpeg","articleSection":["Cultura, Artes e Patrim\u00f4nio"],"inLanguage":"pt-PT"},{"@type":"WebPage","@id":"https:\/\/www.diariodeouropreto.com.br\/encontro-de-palhacos-festa-de-santa-rita-durao-e-mais-eventos-confira-a-agenda-deste-fim-de-semana-em-mariana\/","url":"https:\/\/www.diariodeouropreto.com.br\/encontro-de-palhacos-festa-de-santa-rita-durao-e-mais-eventos-confira-a-agenda-deste-fim-de-semana-em-mariana\/","name":"Encontro de Palha\u00e7os, Festa de Santa Rita Dur\u00e3o e mais eventos: confira a agenda deste fim de semana em Mariana - Di\u00e1rio de Ouro Preto","isPartOf":{"@id":"https:\/\/www.diariodeouropreto.com.br\/pt\/#website"},"primaryImageOfPage":{"@id":"https:\/\/www.diariodeouropreto.com.br\/encontro-de-palhacos-festa-de-santa-rita-durao-e-mais-eventos-confira-a-agenda-deste-fim-de-semana-em-mariana\/#primaryimage"},"image":{"@id":"https:\/\/www.diariodeouropreto.com.br\/encontro-de-palhacos-festa-de-santa-rita-durao-e-mais-eventos-confira-a-agenda-deste-fim-de-semana-em-mariana\/#primaryimage"},"thumbnailUrl":"https:\/\/www.diariodeouropreto.com.br\/wp-content\/uploads\/2026\/07\/Agenda-semanal-1.jpeg","datePublished":"2026-09-02T20:32:10+00:00","dateModified":"2026-09-02T20:32:12+00:00","description":"Ao longo dos pr\u00f3ximos dias, Mariana recebe a Vadia\u00e7\u00e3o na Primaz, a tradicional Festa de Nossa Senhora de Nazar\u00e9, o SuperCar e Circuito Real, o 14\u00b0 Circovolante \u2013 Encontro Internacional de Palha\u00e7os, o 1\u00b0 Evento e 7 anos do Motoclube Grilos Estradeiros Livres em Passagem de Mariana, a Exposi\u00e7\u00e3o Bem Dizer \u2013 Thais Bertolin e a Festa de Comemora\u00e7\u00e3o \u2013 1 ano da Certifica\u00e7\u00e3o Quilombolas- Encontro de Palha\u00e7os, Festa de Santa Rita Dur\u00e3o e mais eventos: confira a agenda deste fim de semana em Mariana - Cultura, Artes e Patrim\u00f4nio","breadcrumb":{"@id":"https:\/\/www.diariodeouropreto.com.br\/encontro-de-palhacos-festa-de-santa-rita-durao-e-mais-eventos-confira-a-agenda-deste-fim-de-semana-em-mariana\/#breadcrumb"},"inLanguage":"pt-PT","potentialAction":[{"@type":"ReadAction","target":["https:\/\/www.diariodeouropreto.com.br\/encontro-de-palhacos-festa-de-santa-rita-durao-e-mais-eventos-confira-a-agenda-deste-fim-de-semana-em-mariana\/"]}]},{"@type":"ImageObject","inLanguage":"pt-PT","@id":"https:\/\/www.diariodeouropreto.com.br\/encontro-de-palhacos-festa-de-santa-rita-durao-e-mais-eventos-confira-a-agenda-deste-fim-de-semana-em-mariana\/#primaryimage","url":"https:\/\/www.diariodeouropreto.com.br\/wp-content\/uploads\/2026\/07\/Agenda-semanal-1.jpeg","contentUrl":"https:\/\/www.diariodeouropreto.com.br\/wp-content\/uploads\/2026\/07\/Agenda-semanal-1.jpeg","width":1600,"height":1000},{"@type":"BreadcrumbList","@id":"https:\/\/www.diariodeouropreto.com.br\/encontro-de-palhacos-festa-de-santa-rita-durao-e-mais-eventos-confira-a-agenda-deste-fim-de-semana-em-mariana\/#breadcrumb","itemListElement":[{"@type":"ListItem","position":1,"name":"In\u00edcio","item":"https:\/\/www.diariodeouropreto.com.br\/pt\/"},{"@type":"ListItem","position":2,"name":"Encontro de Palha\u00e7os, Festa de Santa Rita Dur\u00e3o e mais eventos: confira a agenda deste fim de semana em Mariana"}]},{"@type":"WebSite","@id":"https:\/\/www.diariodeouropreto.com.br\/pt\/#website","url":"https:\/\/www.diariodeouropreto.com.br\/pt\/","name":"Di\u00e1rio de Ouro Preto","description":"Not\u00edcias Ouro Preto; Mariana;Minas Gerais;Jornal;Jornalismo;Not\u00edcias;","publisher":{"@id":"https:\/\/www.diariodeouropreto.com.br\/pt\/#organization"},"alternateName":"Jornal di\u00e1rio de Ouro Preto","potentialAction":[{"@type":"SearchAction","target":{"@type":"EntryPoint","urlTemplate":"https:\/\/www.diariodeouropreto.com.br\/pt\/?s={search_term_string}"},"query-input":{"@type":"PropertyValueSpecification","valueRequired":true,"valueName":"search_term_string"}}],"inLanguage":"pt-PT"},{"@type":"Organization","@id":"https:\/\/www.diariodeouropreto.com.br\/pt\/#organization","name":"Di\u00e1rio de Ouro Preto","alternateName":"Jornal di\u00e1rio Ouro Preto","url":"https:\/\/www.diariodeouropreto.com.br\/pt\/","logo":{"@type":"ImageObject","inLanguage":"pt-PT","@id":"https:\/\/www.diariodeouropreto.com.br\/pt\/#\/schema\/logo\/image\/","url":"https:\/\/www.diariodeouropreto.com.br\/wp-content\/uploads\/2019\/06\/cropped-logotransp-2.png","contentUrl":"https:\/\/www.diariodeouropreto.com.br\/wp-content\/uploads\/2019\/06\/cropped-logotransp-2.png","width":1323,"height":251,"caption":"Di\u00e1rio de Ouro Preto"},"image":{"@id":"https:\/\/www.diariodeouropreto.com.br\/pt\/#\/schema\/logo\/image\/"},"sameAs":["https:\/\/www.facebook.com\/diariodeouropreto\/"]},{"@type":"Person","@id":"https:\/\/www.diariodeouropreto.com.br\/pt\/#\/schema\/person\/7654e7b471204a6dab6dc0ce6e140c99","name":"Di\u00e1rio de Ouro Preto","sameAs":["http:\/\/www.diariodeouropreto.com.br"],"url":"https:\/\/www.diariodeouropreto.com.br\/pt\/author\/diario\/"}]}},"jetpack_publicize_connections":[],"jetpack-related-posts":[{"id":51650,"url":"https:\/\/www.diariodeouropreto.com.br\/pt\/agenda-cultural-feirao-de-veiculos-movimenta-fim-de-semana-com-oportunidades-de-conquistar-um-carro-novo-em-mariana\/","url_meta":{"origin":55089,"position":0},"title":"Agenda Cultural: Feir\u00e3o de Ve\u00edculos movimenta fim de semana com oportunidades de conquistar um carro novo em Mariana","author":"Di\u00e1rio de Ouro Preto","date":"9 de Abril de 2026","format":false,"excerpt":"Neste fim de semana, Mariana e seus distritos est\u00e3o com uma programa\u00e7\u00e3o especial, reunindo m\u00fasica ao vivo, roda de conversa, exibi\u00e7\u00e3o de cinema, apresenta\u00e7\u00f5es culturais e teatro. A agenda inclui atra\u00e7\u00f5es j\u00e1 tradicionais como a Feira Noturna e Feira Municipal, al\u00e9m da Quinta Acad\u00eamica, a Tardezinha em Padre Viegas e\u2026","rel":"","context":"In &quot;Cultura, Artes e Patrim\u00f4nio&quot;","block_context":{"text":"Cultura, Artes e Patrim\u00f4nio","link":"https:\/\/www.diariodeouropreto.com.br\/pt\/Editoria\/culturaeartes\/"},"img":{"alt_text":"","src":"https:\/\/i0.wp.com\/www.diariodeouropreto.com.br\/wp-content\/uploads\/2022\/04\/IMG_20220304_131657044_HDR.jpg?resize=350%2C200&ssl=1","width":350,"height":200,"srcset":"https:\/\/i0.wp.com\/www.diariodeouropreto.com.br\/wp-content\/uploads\/2022\/04\/IMG_20220304_131657044_HDR.jpg?resize=350%2C200&ssl=1 1x, https:\/\/i0.wp.com\/www.diariodeouropreto.com.br\/wp-content\/uploads\/2022\/04\/IMG_20220304_131657044_HDR.jpg?resize=525%2C300&ssl=1 1.5x, https:\/\/i0.wp.com\/www.diariodeouropreto.com.br\/wp-content\/uploads\/2022\/04\/IMG_20220304_131657044_HDR.jpg?resize=700%2C400&ssl=1 2x, https:\/\/i0.wp.com\/www.diariodeouropreto.com.br\/wp-content\/uploads\/2022\/04\/IMG_20220304_131657044_HDR.jpg?resize=1050%2C600&ssl=1 3x"},"classes":[]},{"id":51563,"url":"https:\/\/www.diariodeouropreto.com.br\/pt\/cinema-na-cidade-abre-edicao-2026-em-santa-rita-durao-com-programacao-gratuita-para-todas-as-idades\/","url_meta":{"origin":55089,"position":1},"title":"Cinema na Cidade abre edi\u00e7\u00e3o 2026 em Santa Rita Dur\u00e3o com programa\u00e7\u00e3o gratuita para todas as idades","author":"Di\u00e1rio de Ouro Preto","date":"8 de Abril de 2026","format":false,"excerpt":"Distrito de Mariana recebe o lan\u00e7amento do programa nos dias 10 e 11 de abril, com cinema ao ar livre, m\u00fasica, capoeira, circo, m\u00e1gica e atra\u00e7\u00f5es culturais locais O programa\u00a0Cinema na Cidade\u00a0celebra, em 2026, cinco anos de trajet\u00f3ria levando cultura e entretenimento gratuitos para o interior de Minas Gerais. Neste\u2026","rel":"","context":"In &quot;Cultura, Artes e Patrim\u00f4nio&quot;","block_context":{"text":"Cultura, Artes e Patrim\u00f4nio","link":"https:\/\/www.diariodeouropreto.com.br\/pt\/Editoria\/culturaeartes\/"},"img":{"alt_text":"","src":"https:\/\/i0.wp.com\/www.diariodeouropreto.com.br\/wp-content\/uploads\/2026\/04\/Cinema-na-Cidade_Palhaco-Cloro_Fotos_Leo-Fontes_18.7_0176.jpg?resize=350%2C200&ssl=1","width":350,"height":200,"srcset":"https:\/\/i0.wp.com\/www.diariodeouropreto.com.br\/wp-content\/uploads\/2026\/04\/Cinema-na-Cidade_Palhaco-Cloro_Fotos_Leo-Fontes_18.7_0176.jpg?resize=350%2C200&ssl=1 1x, https:\/\/i0.wp.com\/www.diariodeouropreto.com.br\/wp-content\/uploads\/2026\/04\/Cinema-na-Cidade_Palhaco-Cloro_Fotos_Leo-Fontes_18.7_0176.jpg?resize=525%2C300&ssl=1 1.5x, https:\/\/i0.wp.com\/www.diariodeouropreto.com.br\/wp-content\/uploads\/2026\/04\/Cinema-na-Cidade_Palhaco-Cloro_Fotos_Leo-Fontes_18.7_0176.jpg?resize=700%2C400&ssl=1 2x, https:\/\/i0.wp.com\/www.diariodeouropreto.com.br\/wp-content\/uploads\/2026\/04\/Cinema-na-Cidade_Palhaco-Cloro_Fotos_Leo-Fontes_18.7_0176.jpg?resize=1050%2C600&ssl=1 3x"},"classes":[]},{"id":46944,"url":"https:\/\/www.diariodeouropreto.com.br\/pt\/agenda-cultural-cavalarias-e-procissoes-religiosas-alegram-o-final-de-semana-em-mariana\/","url_meta":{"origin":55089,"position":2},"title":"Agenda Cultural: cavalarias e prociss\u00f5es religiosas alegram o final de semana em Mariana","author":"Di\u00e1rio de Ouro Preto","date":"15 de Agosto de 2025","format":false,"excerpt":"Nesta semana, a programa\u00e7\u00e3o cultural est\u00e1 repleta de eventos espalhados por todo o munic\u00edpio! Al\u00e9m das tradicionais Feira Noturna e Feira Municipal, teremos o Feir\u00e3o de Ve\u00edculos, o Banda na Pra\u00e7a, al\u00e9m das solenidades de S\u00e3o Roque e Nossa Senhora da Assun\u00e7\u00e3o, na sede.\u00a0 Nos distritos de Santa Rita Dur\u00e3o\u2026","rel":"","context":"In &quot;Cultura, Artes e Patrim\u00f4nio&quot;","block_context":{"text":"Cultura, Artes e Patrim\u00f4nio","link":"https:\/\/www.diariodeouropreto.com.br\/pt\/Editoria\/culturaeartes\/"},"img":{"alt_text":"","src":"https:\/\/i0.wp.com\/www.diariodeouropreto.com.br\/wp-content\/uploads\/2025\/08\/Agenda-Cultural.jpeg?resize=350%2C200&ssl=1","width":350,"height":200,"srcset":"https:\/\/i0.wp.com\/www.diariodeouropreto.com.br\/wp-content\/uploads\/2025\/08\/Agenda-Cultural.jpeg?resize=350%2C200&ssl=1 1x, https:\/\/i0.wp.com\/www.diariodeouropreto.com.br\/wp-content\/uploads\/2025\/08\/Agenda-Cultural.jpeg?resize=525%2C300&ssl=1 1.5x, https:\/\/i0.wp.com\/www.diariodeouropreto.com.br\/wp-content\/uploads\/2025\/08\/Agenda-Cultural.jpeg?resize=700%2C400&ssl=1 2x, https:\/\/i0.wp.com\/www.diariodeouropreto.com.br\/wp-content\/uploads\/2025\/08\/Agenda-Cultural.jpeg?resize=1050%2C600&ssl=1 3x"},"classes":[]},{"id":32682,"url":"https:\/\/www.diariodeouropreto.com.br\/pt\/mariana-recebe-o-festival-da-vida-de-maio\/","url_meta":{"origin":55089,"position":3},"title":"Mariana recebe o Festival da Vida","author":"Di\u00e1rio de Ouro Preto","date":"3 de Maio de 2024","format":false,"excerpt":"Com o tema\u00a0\u00a0\u201cFraternidade e Amizade Social\u201d\u00a0\u00a0evento gratuito apresentado pelo Instituto Cultural Vale ter\u00e1 foco na inclus\u00e3o, acessibilidade, diversidade, shows com\u00a0Padre F\u00e1bio de Melo e Xam\u00e3,\u00a0al\u00e9m de m\u00fasica, teatro, oficinas e \u00a0mesa-redonda\u00a0sobre a tem\u00e1tica do Festival,\u00a0\u00a0abordando assuntos relacionados \u00e0 cidade de Mariana e de Dom Luciano Mariana,\u00a0cidade mais antiga do estado,\u2026","rel":"","context":"In &quot;Mariana&quot;","block_context":{"text":"Mariana","link":"https:\/\/www.diariodeouropreto.com.br\/pt\/Editoria\/mariana\/"},"img":{"alt_text":"","src":"https:\/\/i0.wp.com\/www.diariodeouropreto.com.br\/wp-content\/uploads\/2024\/05\/FDV_banner_site_02.jpg?resize=350%2C200&ssl=1","width":350,"height":200,"srcset":"https:\/\/i0.wp.com\/www.diariodeouropreto.com.br\/wp-content\/uploads\/2024\/05\/FDV_banner_site_02.jpg?resize=350%2C200&ssl=1 1x, https:\/\/i0.wp.com\/www.diariodeouropreto.com.br\/wp-content\/uploads\/2024\/05\/FDV_banner_site_02.jpg?resize=525%2C300&ssl=1 1.5x, https:\/\/i0.wp.com\/www.diariodeouropreto.com.br\/wp-content\/uploads\/2024\/05\/FDV_banner_site_02.jpg?resize=700%2C400&ssl=1 2x, https:\/\/i0.wp.com\/www.diariodeouropreto.com.br\/wp-content\/uploads\/2024\/05\/FDV_banner_site_02.jpg?resize=1050%2C600&ssl=1 3x"},"classes":[]},{"id":54634,"url":"https:\/\/www.diariodeouropreto.com.br\/pt\/mariana-cultura-esporte-e-tradicao-se-encontram-no-cronograma-do-fim-de-semana\/","url_meta":{"origin":55089,"position":4},"title":"Mariana: Cultura, esporte e tradi\u00e7\u00e3o se encontram no cronograma do fim de semana","author":"Di\u00e1rio de Ouro Preto","date":"14 de Agosto de 2026","format":false,"excerpt":"Se busca divers\u00e3o e entretenimento para este fim de semana, Mariana \u00e9 o lugar certo! Com programa\u00e7\u00e3o composta por eventos gratuitos e acess\u00edveis para toda a popula\u00e7\u00e3o e visitantes, os pr\u00f3ximos dias contam com diversas atividades que refor\u00e7am a import\u00e2ncia da participa\u00e7\u00e3o p\u00fablica e valorizam a tradi\u00e7\u00e3o da cidade! Os\u2026","rel":"","context":"In &quot;Cultura, Artes e Patrim\u00f4nio&quot;","block_context":{"text":"Cultura, Artes e Patrim\u00f4nio","link":"https:\/\/www.diariodeouropreto.com.br\/pt\/Editoria\/culturaeartes\/"},"img":{"alt_text":"","src":"https:\/\/i0.wp.com\/www.diariodeouropreto.com.br\/wp-content\/uploads\/2026\/07\/Agenda-semanal-1.jpeg?resize=350%2C200&ssl=1","width":350,"height":200,"srcset":"https:\/\/i0.wp.com\/www.diariodeouropreto.com.br\/wp-content\/uploads\/2026\/07\/Agenda-semanal-1.jpeg?resize=350%2C200&ssl=1 1x, https:\/\/i0.wp.com\/www.diariodeouropreto.com.br\/wp-content\/uploads\/2026\/07\/Agenda-semanal-1.jpeg?resize=525%2C300&ssl=1 1.5x, https:\/\/i0.wp.com\/www.diariodeouropreto.com.br\/wp-content\/uploads\/2026\/07\/Agenda-semanal-1.jpeg?resize=700%2C400&ssl=1 2x, https:\/\/i0.wp.com\/www.diariodeouropreto.com.br\/wp-content\/uploads\/2026\/07\/Agenda-semanal-1.jpeg?resize=1050%2C600&ssl=1 3x, https:\/\/i0.wp.com\/www.diariodeouropreto.com.br\/wp-content\/uploads\/2026\/07\/Agenda-semanal-1.jpeg?resize=1400%2C800&ssl=1 4x"},"classes":[]},{"id":47657,"url":"https:\/\/www.diariodeouropreto.com.br\/pt\/mariana-recebe-a-13o-circovolante-encontro-internacional-de-palhacos-no-proximo-fim-de-semana\/","url_meta":{"origin":55089,"position":5},"title":"Mariana recebe a 13\u00ba Circovolante &#8211; Encontro Internacional de Palha\u00e7os no pr\u00f3ximo fim de semana","author":"Di\u00e1rio de Ouro Preto","date":"22 de Setembro de 2025","format":false,"excerpt":"Festival re\u00fane mais de 100 palha\u00e7os na cidade com tr\u00eas dias de programa\u00e7\u00e3o gratuita Depois de dois anos de pausa, o Circovolante \u2013 Encontro Internacional de Palha\u00e7os retorna em 2025, transformando Mariana em um grande picadeiro a c\u00e9u aberto para a sua 13\u00aa edi\u00e7\u00e3o. De 26 a 28 de setembro,\u2026","rel":"","context":"In &quot;Cultura, Artes e Patrim\u00f4nio&quot;","block_context":{"text":"Cultura, Artes e Patrim\u00f4nio","link":"https:\/\/www.diariodeouropreto.com.br\/pt\/Editoria\/culturaeartes\/"},"img":{"alt_text":"","src":"https:\/\/i0.wp.com\/www.diariodeouropreto.com.br\/wp-content\/uploads\/2025\/09\/Barracao-Teatro_Credito-Lucas-Meola-1-1.jpg?resize=350%2C200&ssl=1","width":350,"height":200,"srcset":"https:\/\/i0.wp.com\/www.diariodeouropreto.com.br\/wp-content\/uploads\/2025\/09\/Barracao-Teatro_Credito-Lucas-Meola-1-1.jpg?resize=350%2C200&ssl=1 1x, https:\/\/i0.wp.com\/www.diariodeouropreto.com.br\/wp-content\/uploads\/2025\/09\/Barracao-Teatro_Credito-Lucas-Meola-1-1.jpg?resize=525%2C300&ssl=1 1.5x, https:\/\/i0.wp.com\/www.diariodeouropreto.com.br\/wp-content\/uploads\/2025\/09\/Barracao-Teatro_Credito-Lucas-Meola-1-1.jpg?resize=700%2C400&ssl=1 2x, https:\/\/i0.wp.com\/www.diariodeouropreto.com.br\/wp-content\/uploads\/2025\/09\/Barracao-Teatro_Credito-Lucas-Meola-1-1.jpg?resize=1050%2C600&ssl=1 3x"},"classes":[]}],"jetpack_sharing_enabled":true,"amp_enabled":true,"jetpack_featured_media_url":"https:\/\/www.diariodeouropreto.com.br\/wp-content\/uploads\/2026\/07\/Agenda-semanal-1.jpeg","_links":{"self":[{"href":"https:\/\/www.diariodeouropreto.com.br\/pt\/wp-json\/wp\/v2\/posts\/55089","targetHints":{"allow":["GET"]}}],"collection":[{"href":"https:\/\/www.diariodeouropreto.com.br\/pt\/wp-json\/wp\/v2\/posts"}],"about":[{"href":"https:\/\/www.diariodeouropreto.com.br\/pt\/wp-json\/wp\/v2\/types\/post"}],"author":[{"embeddable":true,"href":"https:\/\/www.diariodeouropreto.com.br\/pt\/wp-json\/wp\/v2\/users\/1"}],"replies":[{"embeddable":true,"href":"https:\/\/www.diariodeouropreto.com.br\/pt\/wp-json\/wp\/v2\/comments?post=55089"}],"version-history":[{"count":1,"href":"https:\/\/www.diariodeouropreto.com.br\/pt\/wp-json\/wp\/v2\/posts\/55089\/revisions"}],"predecessor-version":[{"id":55091,"href":"https:\/\/www.diariodeouropreto.com.br\/pt\/wp-json\/wp\/v2\/posts\/55089\/revisions\/55091"}],"wp:featuredmedia":[{"embeddable":true,"href":"https:\/\/www.diariodeouropreto.com.br\/pt\/wp-json\/wp\/v2\/media\/54110"}],"wp:attachment":[{"href":"https:\/\/www.diariodeouropreto.com.br\/pt\/wp-json\/wp\/v2\/media?parent=55089"}],"wp:term":[{"taxonomy":"category","embeddable":true,"href":"https:\/\/www.diariodeouropreto.com.br\/pt\/wp-json\/wp\/v2\/categories?post=55089"},{"taxonomy":"post_tag","embeddable":true,"href":"https:\/\/www.diariodeouropreto.com.br\/pt\/wp-json\/wp\/v2\/tags?post=55089"}],"curies":[{"name":"wp","href":"https:\/\/api.w.org\/{rel}","templated":true}]}}