{"id":55080,"date":"2026-09-02T15:48:48","date_gmt":"2026-09-02T18:48:48","guid":{"rendered":"https:\/\/www.diariodeouropreto.com.br\/?p=55080"},"modified":"2026-09-02T15:48:51","modified_gmt":"2026-09-02T18:48:51","slug":"fim-da-escala-6x1-passa-na-ccj-e-vai-a-plenario","status":"publish","type":"post","link":"https:\/\/www.diariodeouropreto.com.br\/pt\/fim-da-escala-6x1-passa-na-ccj-e-vai-a-plenario\/","title":{"rendered":"Fim da escala 6&#215;1 passa na CCJ e vai a Plen\u00e1rio"},"content":{"rendered":"\n<p class=\"wp-block-paragraph\">A Comiss\u00e3o de Constitui\u00e7\u00e3o e Justi\u00e7a (CCJ) do Senado aprovou nesta quarta-feira (2) a proposta de emenda \u00e0 Constitui\u00e7\u00e3o que acaba com a chamada escala 6&#215;1 \u2013 seis dias de trabalho e um de repouso. A mat\u00e9ria vai a Plen\u00e1rio.<\/p>\n\n\n\n<p class=\"wp-block-paragraph\">A <a href=\"https:\/\/www25.senado.leg.br\/web\/atividade\/materias\/-\/materia\/174386\" rel=\"noopener follow external noreferrer sponsored ugc\" target=\"_blank\" data-wpel-link=\"external\">PEC 221\/2019<\/a>, relatada pelo senador Omar Aziz (PSD-AM), reduz a jornada m\u00e1xima de trabalho semanal de 44 para 40 horas. A proposta fixa per\u00edodo de at\u00e9 oito horas di\u00e1rias, com possibilidade de compensa\u00e7\u00e3o de hor\u00e1rios e redu\u00e7\u00e3o da jornada por acordo ou conven\u00e7\u00e3o coletiva de trabalho. O texto tamb\u00e9m estabelece repouso semanal remunerado de dois dias, um deles preferencialmente aos domingos, sem redu\u00e7\u00e3o salarial.<\/p>\n\n\n\n<p class=\"wp-block-paragraph\">O texto original foi aprovado em vota\u00e7\u00e3o simb\u00f3lica (havia 27 senadores presentes), com votos contr\u00e1rios de Rog\u00e9rio Marinho (PL-RN), Jaime Bagattoli (PL-RO), Hamilton Mour\u00e3o (Republicanos-RS) e Tereza Cristina (PP-MS).&nbsp;Os senadores aprovaram requerimento para tramita\u00e7\u00e3o da PEC em calend\u00e1rio especial no Plen\u00e1rio, para abreviar os prazos regimentais.<\/p>\n\n\n\n<p class=\"wp-block-paragraph\">Tendo como primeiro signat\u00e1rio o deputado federal Reginaldo Lopes (PT-MG), a PEC havia sido aprovada no Plen\u00e1rio da C\u00e2mara em maio deste ano. Na CCJ do Senado foram apresentadas 36 emendas, todas rejeitadas pelo senador Omar Aziz. O relator explicou que altera\u00e7\u00f5es retornariam o texto \u00e0 nova delibera\u00e7\u00e3o dos deputados, mas salientou que ser\u00e3o, sim, necess\u00e1rios alguns ajustes a serem propostos em outras mat\u00e9rias.<\/p>\n\n\n\n<p class=\"wp-block-paragraph\">Os senadores da CCJ rejeitaram destaque a uma emenda apresentada pelo senador Rog\u00e9rio Marinho, que afirmou n\u00e3o ser razo\u00e1vel que o texto da Constitui\u00e7\u00e3o defina jornada e escala de trabalho. Ele defendeu que \u201ca escala possa ser mut\u00e1vel\u201d, de forma que n\u00e3o seja imposta a todos uma escala \u00fanica.<\/p>\n\n\n\n<p class=\"wp-block-paragraph\">Rog\u00e9rio Marinho chegou a pedir vista regimental, ap\u00f3s quase cinco horas de debate, o que levou a uma suspens\u00e3o da reuni\u00e3o durante uma hora, concedida pelo presidente da CCJ, senador Otto Alencar (PSD-BA). Reiniciada a reuni\u00e3o, Omar Aziz alegou que qualquer altera\u00e7\u00e3o no texto original exigiria devolver a PEC \u00e0 C\u00e2mara.<\/p>\n\n\n\n<p class=\"wp-block-paragraph\">A PEC agora segue ao Plen\u00e1rio, onde tem que passar por cinco sess\u00f5es de discuss\u00e3o antes da vota\u00e7\u00e3o em primeiro turno. Para ser aprovada, precisa do voto de tr\u00eas quintos dos senadores, o equivalente a 49 dos 81 parlamentares, em dois turnos de vota\u00e7\u00e3o. Entre o primeiro e o segundo turno, deve ser cumprido o intervalo previsto pelo Regimento da Casa. Esses prazos podem ser reduzidos por acordo.<\/p>\n\n\n\n<h3 class=\"wp-block-heading\"><strong>Apoio<\/strong><\/h3>\n\n\n\n<p class=\"wp-block-paragraph\">Durante a leitura do parecer, o senador Omar Aziz rebateu cr\u00edticas \u00e0 PEC com rela\u00e7\u00e3o a poss\u00edveis consequ\u00eancias para a economia brasileira. Ele lembrou que, em d\u00e9cadas passadas, a introdu\u00e7\u00e3o do 13\u00ba sal\u00e1rio e da redu\u00e7\u00e3o da jornada semanal de 48 para 44 semanais n\u00e3o prejudicaram o pa\u00eds. Disse ainda que se estima que a nova jornada ir\u00e1 beneficiar mais de 37 milh\u00f5es de trabalhadores, dos quais mais de 57% s\u00e3o mulheres, com jornada m\u00faltipla de atividades. O relator ressaltou ainda que pesquisas comprovam que \u201co trabalhador descansado rende mais e erra menos\u201d.<\/p>\n\n\n\n<p class=\"wp-block-paragraph\">\u2014 Esse patamar [44 horas semanais] permanece inalterado h\u00e1 38 anos, per\u00edodo ao longo do qual a economia brasileira passou por transforma\u00e7\u00f5es profundas em produtividade, incorpora\u00e7\u00e3o tecnol\u00f3gica e organiza\u00e7\u00e3o produtiva. A revis\u00e3o do par\u00e2metro constitucional n\u00e3o \u00e9, nesse contexto, ruptura, mas atualiza\u00e7\u00e3o h\u00e1 muito devida \u2014 exp\u00f4s o relator. &nbsp;&nbsp;<\/p>\n\n\n\n<p class=\"wp-block-paragraph\">Assim como os senadores Teresa Leit\u00e3o (PT-PE), Fabiano Contarato (PT-ES) e Rog\u00e9rio Carvalho (PT-SE), a senadora Eliziane Gama (PSD-MA) tamb\u00e9m salientou que todas as vezes que o Congresso Nacional assegura direitos trabalhista, \u201co discurso \u00e9 sempre o mesmo: de que a economia vai quebrar\u201d.<\/p>\n\n\n\n<p class=\"wp-block-paragraph\">\u2014 Com a aprova\u00e7\u00e3o do fim da escala 6&#215;1, n\u00f3s vamos dar dignidade, n\u00f3s vamos dar sa\u00fade mental, e n\u00f3s vamos melhorar a produtividade no Brasil, n\u00f3s vamos melhorar a produ\u00e7\u00e3o do trabalho neste pa\u00eds\u2014 disse Eliziane.<\/p>\n\n\n\n<p class=\"wp-block-paragraph\">Presidente da Comiss\u00e3o de Assuntos Econ\u00f4micos (CAE), o senador Renan Calheiros (MDB-AL) disse ser imperiosa a redu\u00e7\u00e3o da jornada de trabalho, que \u201cconta com o com apoio de 70% da sociedade brasileira, al\u00e9m de ser uma tend\u00eancia irrefre\u00e1vel no mundo todo\u201d. O senador Weverton (PDT-MA) destacou pa\u00edses vizinhos que tamb\u00e9m est\u00e3o fazendo altera\u00e7\u00f5es nas jornadas de trabalho, entre eles Chile, Col\u00f4mbia e M\u00e9xico.<\/p>\n\n\n\n<p class=\"wp-block-paragraph\">Reverenciado por v\u00e1rios senadores pela luta de uma vida em prol dos trabalhadores, o senador Paulo Paim (PT-RS) lembrou que foram promovidos dois debates tem\u00e1ticos sobre o tema no Plen\u00e1rio do Senado e pediu celeridade na aprova\u00e7\u00e3o da mat\u00e9ria no Plen\u00e1rio.<\/p>\n\n\n\n<p class=\"wp-block-paragraph\">\u2014 N\u00e3o tem sentido n\u00e3o votar esse tema. \u00c9 um suic\u00eddio pol\u00edtico. Essa PEC tem de ser votada agora e n\u00e3o depois das elei\u00e7\u00f5es. Os empres\u00e1rios n\u00e3o ter\u00e3o preju\u00edzo, pelo contr\u00e1rio. A hist\u00f3ria mostrou isso. &nbsp;Por que agora ter tanto medo? \u2014 questionou.<\/p>\n\n\n\n<p class=\"wp-block-paragraph\">A PEC tamb\u00e9m foi defendida pelos senadores Veneziano Vital do R\u00eago (MDB-PB), Dra. Eud\u00f3cia (PSDB-AL), Zenaide Maia (PSD-RN), Lourdinha Pereira (PSB-MA), Styvenson Valentim (Podemos-RN), Cid Gomes (PSB-CE) e Cleitinho (Republicanos-MG).<\/p>\n\n\n\n<h3 class=\"wp-block-heading\"><strong>Ressalvas<\/strong><\/h3>\n\n\n\n<p class=\"wp-block-paragraph\">Alguns senadores manifestaram voto favor\u00e1vel \u00e0 PEC no m\u00e9rito, mas fizeram ressalvas pontuais. O senador Alessandro Vieira (MDB-SE) disse que o momento n\u00e3o \u00e9 o ideal para a economia, \u201ccom custo consider\u00e1vel do aumento do custo de vida\u201d. Apesar de garantir voto sim \u00e0 mat\u00e9ria, o senador Zequinha Marinho (Podemos-PA) ponderou que essa ser\u00e1 \u201cuma conta a ser paga por todos\u201d.<\/p>\n\n\n\n<p class=\"wp-block-paragraph\">Oriovisto Guimar\u00e3es (PSDB-PR) disse que a mat\u00e9ria \u201c\u00e9 contra os mais humildes\u201d, em especial aqueles que n\u00e3o tem carteira assinada, porque \u201cvai provocar aumento de pre\u00e7o\u201d. Para o senador Eduardo Braga (MDB-AM), a PEC \u201cexige uma adapta\u00e7\u00e3o estrutural da legisla\u00e7\u00e3o e das empresas para evitar eleva\u00e7\u00e3o de custos operacionais e, consequentemente, infla\u00e7\u00e3o de servi\u00e7os\u201d.&nbsp;<\/p>\n\n\n\n<p class=\"wp-block-paragraph\">O senador Vanderlan Cardoso (PSD-GO) disse que \u00e9 empregador e defendeu a flexibiliza\u00e7\u00e3o da jornada de trabalho, o que segundo ele \u201ctamb\u00e9m \u00e9 uma op\u00e7\u00e3o para o trabalhador e para o empregador\u201d.&nbsp;Ele relatou que precisou reduzir a jornada nas suas empresas por falta de m\u00e3o de obra.<\/p>\n\n\n\n<p class=\"wp-block-paragraph\">Magno Malta (PL-ES) defendeu uma regulamenta\u00e7\u00e3o para mitiga\u00e7\u00e3o de poss\u00edveis preju\u00edzos aos empregadores e \u00e0 economia. Para Tereza Cristina (PP-MS), a pressa na vota\u00e7\u00e3o traz preocupa\u00e7\u00e3o: \u201c\u00c9 muito complicado colocar na Constitui\u00e7\u00e3o a defini\u00e7\u00e3o de uma escala fixa.\u201d<\/p>\n\n\n\n<h3 class=\"wp-block-heading\"><strong>Oposi\u00e7\u00e3o<\/strong><\/h3>\n\n\n\n<p class=\"wp-block-paragraph\">O senador Dr. Hiran (PP-RR) afirmou que \u201ca PEC tem um vi\u00e9s eleitoreiro\u201d. Rog\u00e9rio Marinho disse que \u201co debate est\u00e1 contaminado pelo processo pol\u00edtico\u201d. As afirma\u00e7\u00f5es foram rebatidas pelo l\u00edder do governo no Congresso, senador Randolfe Rodrigues (PT-AP).<\/p>\n\n\n\n<p class=\"wp-block-paragraph\">Marinho reclamou por mat\u00e9rias an\u00e1logas n\u00e3o terem sido apensadas \u00e0 PEC 221, entre elas a <a href=\"https:\/\/www25.senado.leg.br\/web\/atividade\/materias\/-\/materia\/174362\" rel=\"noopener follow external noreferrer sponsored ugc\" target=\"_blank\" data-wpel-link=\"external\">PEC 12\/2026<\/a>, de sua autoria, que prev\u00ea a possibilidade de op\u00e7\u00e3o pelos empregados quanto \u00e0 jornada de trabalho.<\/p>\n\n\n\n<p class=\"wp-block-paragraph\">Jaime Bagattoli afirmou que as empresas n\u00e3o ter\u00e3o como manter a mesma produ\u00e7\u00e3o com a redu\u00e7\u00e3o de 44 horas para 40 horas semanais. Para o senador, \u201ca PEC vai gerar infla\u00e7\u00e3o e vai complicar a vida dos empres\u00e1rios no Brasil\u201d.<\/p>\n\n\n\n<p class=\"wp-block-paragraph\">\u2014 N\u00e3o adianta n\u00f3s dizermos que n\u00e3o vai aumentar os custos. Vai aumentar os custos sim. N\u00e3o estou pensando em pol\u00edtica, estou pensando nas futuras gera\u00e7\u00f5es.&nbsp;Quando n\u00f3s nos deparamos com o fato de que n\u00f3s n\u00e3o temos mais a m\u00e3o de obra no Brasil&nbsp;\u2014 enfatizou Bagattoli.<\/p>\n\n\n\n<h3 class=\"wp-block-heading\"><strong>O que diz a PEC<\/strong><\/h3>\n\n\n\n<p class=\"wp-block-paragraph\">A redu\u00e7\u00e3o da jornada e a amplia\u00e7\u00e3o do repouso semanal remunerado se aplicam aos contratos vigentes, sem qualquer redu\u00e7\u00e3o salarial \u2014 nominal, proporcional ou de outra natureza \u2014, regra que tamb\u00e9m vale para os pisos salariais.<\/p>\n\n\n\n<p class=\"wp-block-paragraph\">A transi\u00e7\u00e3o ocorre em duas etapas: dois meses ap\u00f3s a publica\u00e7\u00e3o da emenda, a jornada m\u00e1xima cai para 42 horas semanais; um ano depois, chega a 40 horas. Durante essa transi\u00e7\u00e3o, acordo ou conven\u00e7\u00e3o coletiva pode ampliar a jornada di\u00e1ria para acomodar as 42 horas semanais, desde que mantidos os dois dias de repouso.<\/p>\n\n\n\n<p class=\"wp-block-paragraph\">Conven\u00e7\u00f5es coletivas tamb\u00e9m podem instituir compensa\u00e7\u00e3o do repouso, desde que a m\u00e9dia mensal garanta dois dias de folga por semana, com ao menos um dia a cada sete. Lei ordin\u00e1ria poder\u00e1 prever regimes diferenciados de jornada e repouso, respeitados os limites constitucionais.<\/p>\n\n\n\n<p class=\"wp-block-paragraph\">Cl\u00e1usulas de acordos coletivos incompat\u00edveis com as novas regras perdem validade dois meses ap\u00f3s a publica\u00e7\u00e3o da emenda. A entrada em vigor da mudan\u00e7a n\u00e3o implicar\u00e1 redu\u00e7\u00e3o proporcional das jornadas j\u00e1 fixadas em patamar igual ou inferior a 40 horas semanais, sem preju\u00edzo do segundo dia de repouso semanal remunerado. Lei complementar poder\u00e1 prever regras de transi\u00e7\u00e3o para MEIs, microempresas e pequenas empresas, condicionadas \u00e0 manuten\u00e7\u00e3o do n\u00edvel de emprego.<\/p>\n\n\n\n<h3 class=\"wp-block-heading\"><strong>Regras especiais<\/strong><\/h3>\n\n\n\n<p class=\"wp-block-paragraph\">As novas regras de dura\u00e7\u00e3o e controle de jornada n\u00e3o valem para empregados com diploma superior que recebam ao menos 2,5 vezes o teto do RGPS \u2014 salvo por liberalidade do empregador ou previs\u00e3o em acordo coletivo \u2014, mantidas as regras de repouso. Tamb\u00e9m n\u00e3o se aplicam a servidores p\u00fablicos de nenhum dos Poderes da Uni\u00e3o, dos estados, do Distrito Federal e dos munic\u00edpios, cabendo \u00e0 Justi\u00e7a do Trabalho julgar disputas sobre o tema.<\/p>\n\n\n\n<p class=\"wp-block-paragraph\">Em contratos vigentes da administra\u00e7\u00e3o p\u00fablica que envolvam m\u00e3o de obra (inclusive concess\u00f5es de servi\u00e7os e obras), a redu\u00e7\u00e3o de jornada s\u00f3 vale ap\u00f3s aditamento contratual \u2014 a ser formalizado em at\u00e9 um ano \u2014, para preservar o equil\u00edbrio econ\u00f4mico-financeiro. J\u00e1 o segundo dia de repouso independe de aditamento e passa a valer dois meses ap\u00f3s a publica\u00e7\u00e3o da emenda. Trabalhadores alocados nesses contratos passam a ter jornada reduzida na data do aditamento ou, no limite, ao fim de um ano, com garantia de irredutibilidade salarial.<\/p>\n\n\n\n<p class=\"wp-block-paragraph\"><\/p>\n\n\n\n<p class=\"wp-block-paragraph\">Fonte: Ag\u00eancia Senado<\/p>\n\n\n\n<div id=\"152151\" class=\"advads-saneouro-2 advads-entity-placement\" style=\"margin-top: 3px;margin-bottom: 3px;margin-left: auto;margin-right: auto;text-align: center;\"><a href=\"https:\/\/www.saneouro.com.br\/\" target=\"_blank\" aria-label=\"DOP_Impresso\" data-wpel-link=\"external\" rel=\"follow external noopener noreferrer sponsored ugc\"><img src=\"https:\/\/www.diariodeouropreto.com.br\/wp-content\/uploads\/2026\/07\/DOP_Impresso.jpg\" alt=\"\"  srcset=\"https:\/\/www.diariodeouropreto.com.br\/wp-content\/uploads\/2026\/07\/DOP_Impresso.jpg 1181w, https:\/\/www.diariodeouropreto.com.br\/wp-content\/uploads\/2026\/07\/DOP_Impresso-396x396.jpg 396w, https:\/\/www.diariodeouropreto.com.br\/wp-content\/uploads\/2026\/07\/DOP_Impresso-150x150.jpg 150w, https:\/\/www.diariodeouropreto.com.br\/wp-content\/uploads\/2026\/07\/DOP_Impresso-768x768.jpg 768w, https:\/\/www.diariodeouropreto.com.br\/wp-content\/uploads\/2026\/07\/DOP_Impresso-12x12.jpg 12w, https:\/\/www.diariodeouropreto.com.br\/wp-content\/uploads\/2026\/07\/DOP_Impresso-465x465.jpg 465w, https:\/\/www.diariodeouropreto.com.br\/wp-content\/uploads\/2026\/07\/DOP_Impresso-500x500.jpg 500w\" sizes=\"(max-width: 1181px) 100vw, 1181px\" width=\"400\" height=\"400\"  style=\"display: inline-block;\" \/><\/a><\/div><p class=\"wp-block-paragraph\">Foto: Geraldo Magela\/Ag\u00eancia Senado<\/p>\n\n\n\n<p class=\"wp-block-paragraph\"><\/p>\n","protected":false},"excerpt":{"rendered":"<p>A Comiss\u00e3o de Constitui\u00e7\u00e3o e Justi\u00e7a (CCJ) do Senado aprovou nesta quarta-feira (2) a proposta de emenda \u00e0 Constitui\u00e7\u00e3o que acaba com a chamada escala 6&#215;1 \u2013 seis dias de trabalho e um de repouso. A mat\u00e9ria vai a Plen\u00e1rio. A PEC 221\/2019, relatada pelo senador Omar Aziz (PSD-AM), reduz<span class=\"more-link\"><a href=\"https:\/\/www.diariodeouropreto.com.br\/pt\/fim-da-escala-6x1-passa-na-ccj-e-vai-a-plenario\/\" data-wpel-link=\"internal\">Continue Lendo<\/a><\/span><\/p>","protected":false},"author":1,"featured_media":55086,"comment_status":"closed","ping_status":"closed","sticky":false,"template":"","format":"standard","meta":{"_jetpack_newsletter_access":"","_jetpack_dont_email_post_to_subs":false,"_jetpack_newsletter_tier_id":0,"_jetpack_memberships_contains_paywalled_content":false,"_jetpack_feature_clip_id":0,"_jetpack_memberships_contains_paid_content":false,"footnotes":"","jetpack_publicize_message":"A Comiss\u00e3o de Constitui\u00e7\u00e3o e Justi\u00e7a (CCJ) do Senado aprovou nesta quarta-feira (2) a proposta de emenda \u00e0 Constitui\u00e7\u00e3o que acaba com a chamada escala 6x1 \u2013 seis dias de trabalho e um de repouso. A mat\u00e9ria vai a Plen\u00e1rio","jetpack_publicize_feature_enabled":true,"jetpack_social_post_already_shared":false,"jetpack_social_options":{"image_generator_settings":{"template":"highway","default_image_id":0,"font":"","enabled":false},"version":2},"jetpack_post_was_ever_published":false},"categories":[7],"tags":[],"class_list":["entry","author-diario","post-55080","post","type-post","status-publish","format-standard","has-post-thumbnail","category-brasil"],"yoast_head":"<!-- This site is optimized with the Yoast SEO plugin v28.4 - https:\/\/yoast.com\/product\/yoast-seo-wordpress\/ -->\n<title>Fim da escala 6x1 passa na CCJ e vai a Plen\u00e1rio - Di\u00e1rio de Ouro Preto<\/title>\n<meta name=\"description\" content=\"A Comiss\u00e3o de Constitui\u00e7\u00e3o e Justi\u00e7a (CCJ) do Senado aprovou nesta quarta-feira (2) a proposta de emenda \u00e0 Constitui\u00e7\u00e3o que acaba com a chamada escala 6x1 \u2013 seis dias de trabalho e um de repouso. A mat\u00e9ria vai a Plen\u00e1rio- Fim da escala 6x1 passa na CCJ e vai a Plen\u00e1rio - Brasil\" \/>\n<meta name=\"robots\" content=\"index, follow, max-snippet:-1, max-image-preview:large, max-video-preview:-1\" \/>\n<link rel=\"canonical\" href=\"https:\/\/www.diariodeouropreto.com.br\/pt\/fim-da-escala-6x1-passa-na-ccj-e-vai-a-plenario\/\" \/>\n<meta property=\"og:locale\" content=\"pt_PT\" \/>\n<meta property=\"og:type\" content=\"article\" \/>\n<meta property=\"og:title\" content=\"Fim da escala 6x1 passa na CCJ e vai a Plen\u00e1rio - Di\u00e1rio de Ouro Preto\" \/>\n<meta property=\"og:description\" content=\"A Comiss\u00e3o de Constitui\u00e7\u00e3o e Justi\u00e7a (CCJ) do Senado aprovou nesta quarta-feira (2) a proposta de emenda \u00e0 Constitui\u00e7\u00e3o que acaba com a chamada escala 6x1 \u2013 seis dias de trabalho e um de repouso. A mat\u00e9ria vai a Plen\u00e1rio- Fim da escala 6x1 passa na CCJ e vai a Plen\u00e1rio - Brasil\" \/>\n<meta property=\"og:url\" content=\"https:\/\/www.diariodeouropreto.com.br\/pt\/fim-da-escala-6x1-passa-na-ccj-e-vai-a-plenario\/\" \/>\n<meta property=\"og:site_name\" content=\"Di\u00e1rio de Ouro Preto\" \/>\n<meta property=\"article:publisher\" content=\"https:\/\/www.facebook.com\/diariodeouropreto\/\" \/>\n<meta property=\"article:published_time\" content=\"2026-09-02T18:48:48+00:00\" \/>\n<meta property=\"article:modified_time\" content=\"2026-09-02T18:48:51+00:00\" \/>\n<meta property=\"og:image\" content=\"https:\/\/www.diariodeouropreto.com.br\/wp-content\/uploads\/2026\/09\/imagem_materia.jpg\" \/>\n\t<meta property=\"og:image:width\" content=\"860\" \/>\n\t<meta property=\"og:image:height\" content=\"570\" \/>\n\t<meta property=\"og:image:type\" content=\"image\/jpeg\" \/>\n<meta name=\"author\" content=\"Di\u00e1rio de Ouro Preto\" \/>\n<meta name=\"twitter:card\" content=\"summary_large_image\" \/>\n<meta name=\"twitter:label1\" content=\"Escrito por\" \/>\n\t<meta name=\"twitter:data1\" content=\"Di\u00e1rio de Ouro Preto\" \/>\n\t<meta name=\"twitter:label2\" content=\"Tempo estimado de leitura\" \/>\n\t<meta name=\"twitter:data2\" content=\"9 minutos\" \/>\n<script type=\"application\/ld+json\" class=\"yoast-schema-graph\">{\"@context\":\"https:\\\/\\\/schema.org\",\"@graph\":[{\"@type\":\"Article\",\"@id\":\"https:\\\/\\\/www.diariodeouropreto.com.br\\\/fim-da-escala-6x1-passa-na-ccj-e-vai-a-plenario\\\/#article\",\"isPartOf\":{\"@id\":\"https:\\\/\\\/www.diariodeouropreto.com.br\\\/fim-da-escala-6x1-passa-na-ccj-e-vai-a-plenario\\\/\"},\"author\":{\"name\":\"Di\u00e1rio de Ouro Preto\",\"@id\":\"https:\\\/\\\/www.diariodeouropreto.com.br\\\/pt\\\/#\\\/schema\\\/person\\\/7654e7b471204a6dab6dc0ce6e140c99\"},\"headline\":\"Fim da escala 6&#215;1 passa na CCJ e vai a Plen\u00e1rio\",\"datePublished\":\"2026-09-02T18:48:48+00:00\",\"dateModified\":\"2026-09-02T18:48:51+00:00\",\"mainEntityOfPage\":{\"@id\":\"https:\\\/\\\/www.diariodeouropreto.com.br\\\/fim-da-escala-6x1-passa-na-ccj-e-vai-a-plenario\\\/\"},\"wordCount\":1704,\"publisher\":{\"@id\":\"https:\\\/\\\/www.diariodeouropreto.com.br\\\/pt\\\/#organization\"},\"image\":{\"@id\":\"https:\\\/\\\/www.diariodeouropreto.com.br\\\/fim-da-escala-6x1-passa-na-ccj-e-vai-a-plenario\\\/#primaryimage\"},\"thumbnailUrl\":\"https:\\\/\\\/www.diariodeouropreto.com.br\\\/wp-content\\\/uploads\\\/2026\\\/09\\\/imagem_materia.jpg\",\"articleSection\":[\"Brasil\"],\"inLanguage\":\"pt-PT\"},{\"@type\":\"WebPage\",\"@id\":\"https:\\\/\\\/www.diariodeouropreto.com.br\\\/fim-da-escala-6x1-passa-na-ccj-e-vai-a-plenario\\\/\",\"url\":\"https:\\\/\\\/www.diariodeouropreto.com.br\\\/fim-da-escala-6x1-passa-na-ccj-e-vai-a-plenario\\\/\",\"name\":\"Fim da escala 6x1 passa na CCJ e vai a Plen\u00e1rio - Di\u00e1rio de Ouro Preto\",\"isPartOf\":{\"@id\":\"https:\\\/\\\/www.diariodeouropreto.com.br\\\/pt\\\/#website\"},\"primaryImageOfPage\":{\"@id\":\"https:\\\/\\\/www.diariodeouropreto.com.br\\\/fim-da-escala-6x1-passa-na-ccj-e-vai-a-plenario\\\/#primaryimage\"},\"image\":{\"@id\":\"https:\\\/\\\/www.diariodeouropreto.com.br\\\/fim-da-escala-6x1-passa-na-ccj-e-vai-a-plenario\\\/#primaryimage\"},\"thumbnailUrl\":\"https:\\\/\\\/www.diariodeouropreto.com.br\\\/wp-content\\\/uploads\\\/2026\\\/09\\\/imagem_materia.jpg\",\"datePublished\":\"2026-09-02T18:48:48+00:00\",\"dateModified\":\"2026-09-02T18:48:51+00:00\",\"description\":\"A Comiss\u00e3o de Constitui\u00e7\u00e3o e Justi\u00e7a (CCJ) do Senado aprovou nesta quarta-feira (2) a proposta de emenda \u00e0 Constitui\u00e7\u00e3o que acaba com a chamada escala 6x1 \u2013 seis dias de trabalho e um de repouso. A mat\u00e9ria vai a Plen\u00e1rio- Fim da escala 6x1 passa na CCJ e vai a Plen\u00e1rio - Brasil\",\"breadcrumb\":{\"@id\":\"https:\\\/\\\/www.diariodeouropreto.com.br\\\/fim-da-escala-6x1-passa-na-ccj-e-vai-a-plenario\\\/#breadcrumb\"},\"inLanguage\":\"pt-PT\",\"potentialAction\":[{\"@type\":\"ReadAction\",\"target\":[\"https:\\\/\\\/www.diariodeouropreto.com.br\\\/fim-da-escala-6x1-passa-na-ccj-e-vai-a-plenario\\\/\"]}]},{\"@type\":\"ImageObject\",\"inLanguage\":\"pt-PT\",\"@id\":\"https:\\\/\\\/www.diariodeouropreto.com.br\\\/fim-da-escala-6x1-passa-na-ccj-e-vai-a-plenario\\\/#primaryimage\",\"url\":\"https:\\\/\\\/www.diariodeouropreto.com.br\\\/wp-content\\\/uploads\\\/2026\\\/09\\\/imagem_materia.jpg\",\"contentUrl\":\"https:\\\/\\\/www.diariodeouropreto.com.br\\\/wp-content\\\/uploads\\\/2026\\\/09\\\/imagem_materia.jpg\",\"width\":860,\"height\":570},{\"@type\":\"BreadcrumbList\",\"@id\":\"https:\\\/\\\/www.diariodeouropreto.com.br\\\/fim-da-escala-6x1-passa-na-ccj-e-vai-a-plenario\\\/#breadcrumb\",\"itemListElement\":[{\"@type\":\"ListItem\",\"position\":1,\"name\":\"In\u00edcio\",\"item\":\"https:\\\/\\\/www.diariodeouropreto.com.br\\\/pt\\\/\"},{\"@type\":\"ListItem\",\"position\":2,\"name\":\"Fim da escala 6&#215;1 passa na CCJ e vai a Plen\u00e1rio\"}]},{\"@type\":\"WebSite\",\"@id\":\"https:\\\/\\\/www.diariodeouropreto.com.br\\\/pt\\\/#website\",\"url\":\"https:\\\/\\\/www.diariodeouropreto.com.br\\\/pt\\\/\",\"name\":\"Di\u00e1rio de Ouro Preto\",\"description\":\"Not\u00edcias Ouro Preto; Mariana;Minas Gerais;Jornal;Jornalismo;Not\u00edcias;\",\"publisher\":{\"@id\":\"https:\\\/\\\/www.diariodeouropreto.com.br\\\/pt\\\/#organization\"},\"alternateName\":\"Jornal di\u00e1rio de Ouro Preto\",\"potentialAction\":[{\"@type\":\"SearchAction\",\"target\":{\"@type\":\"EntryPoint\",\"urlTemplate\":\"https:\\\/\\\/www.diariodeouropreto.com.br\\\/pt\\\/?s={search_term_string}\"},\"query-input\":{\"@type\":\"PropertyValueSpecification\",\"valueRequired\":true,\"valueName\":\"search_term_string\"}}],\"inLanguage\":\"pt-PT\"},{\"@type\":\"Organization\",\"@id\":\"https:\\\/\\\/www.diariodeouropreto.com.br\\\/pt\\\/#organization\",\"name\":\"Di\u00e1rio de Ouro Preto\",\"alternateName\":\"Jornal di\u00e1rio Ouro Preto\",\"url\":\"https:\\\/\\\/www.diariodeouropreto.com.br\\\/pt\\\/\",\"logo\":{\"@type\":\"ImageObject\",\"inLanguage\":\"pt-PT\",\"@id\":\"https:\\\/\\\/www.diariodeouropreto.com.br\\\/pt\\\/#\\\/schema\\\/logo\\\/image\\\/\",\"url\":\"https:\\\/\\\/www.diariodeouropreto.com.br\\\/wp-content\\\/uploads\\\/2019\\\/06\\\/cropped-logotransp-2.png\",\"contentUrl\":\"https:\\\/\\\/www.diariodeouropreto.com.br\\\/wp-content\\\/uploads\\\/2019\\\/06\\\/cropped-logotransp-2.png\",\"width\":1323,\"height\":251,\"caption\":\"Di\u00e1rio de Ouro Preto\"},\"image\":{\"@id\":\"https:\\\/\\\/www.diariodeouropreto.com.br\\\/pt\\\/#\\\/schema\\\/logo\\\/image\\\/\"},\"sameAs\":[\"https:\\\/\\\/www.facebook.com\\\/diariodeouropreto\\\/\"]},{\"@type\":\"Person\",\"@id\":\"https:\\\/\\\/www.diariodeouropreto.com.br\\\/pt\\\/#\\\/schema\\\/person\\\/7654e7b471204a6dab6dc0ce6e140c99\",\"name\":\"Di\u00e1rio de Ouro Preto\",\"sameAs\":[\"http:\\\/\\\/www.diariodeouropreto.com.br\"],\"url\":\"https:\\\/\\\/www.diariodeouropreto.com.br\\\/pt\\\/author\\\/diario\\\/\"}]}<\/script>\n<!-- \/ Yoast SEO plugin. -->","yoast_head_json":{"title":"Fim da escala 6x1 passa na CCJ e vai a Plen\u00e1rio - Di\u00e1rio de Ouro Preto","description":"A Comiss\u00e3o de Constitui\u00e7\u00e3o e Justi\u00e7a (CCJ) do Senado aprovou nesta quarta-feira (2) a proposta de emenda \u00e0 Constitui\u00e7\u00e3o que acaba com a chamada escala 6x1 \u2013 seis dias de trabalho e um de repouso. A mat\u00e9ria vai a Plen\u00e1rio- Fim da escala 6x1 passa na CCJ e vai a Plen\u00e1rio - Brasil","robots":{"index":"index","follow":"follow","max-snippet":"max-snippet:-1","max-image-preview":"max-image-preview:large","max-video-preview":"max-video-preview:-1"},"canonical":"https:\/\/www.diariodeouropreto.com.br\/pt\/fim-da-escala-6x1-passa-na-ccj-e-vai-a-plenario\/","og_locale":"pt_PT","og_type":"article","og_title":"Fim da escala 6x1 passa na CCJ e vai a Plen\u00e1rio - Di\u00e1rio de Ouro Preto","og_description":"A Comiss\u00e3o de Constitui\u00e7\u00e3o e Justi\u00e7a (CCJ) do Senado aprovou nesta quarta-feira (2) a proposta de emenda \u00e0 Constitui\u00e7\u00e3o que acaba com a chamada escala 6x1 \u2013 seis dias de trabalho e um de repouso. A mat\u00e9ria vai a Plen\u00e1rio- Fim da escala 6x1 passa na CCJ e vai a Plen\u00e1rio - Brasil","og_url":"https:\/\/www.diariodeouropreto.com.br\/pt\/fim-da-escala-6x1-passa-na-ccj-e-vai-a-plenario\/","og_site_name":"Di\u00e1rio de Ouro Preto","article_publisher":"https:\/\/www.facebook.com\/diariodeouropreto\/","article_published_time":"2026-09-02T18:48:48+00:00","article_modified_time":"2026-09-02T18:48:51+00:00","og_image":[{"width":860,"height":570,"url":"https:\/\/www.diariodeouropreto.com.br\/wp-content\/uploads\/2026\/09\/imagem_materia.jpg","type":"image\/jpeg"}],"author":"Di\u00e1rio de Ouro Preto","twitter_card":"summary_large_image","twitter_misc":{"Escrito por":"Di\u00e1rio de Ouro Preto","Tempo estimado de leitura":"9 minutos"},"schema":{"@context":"https:\/\/schema.org","@graph":[{"@type":"Article","@id":"https:\/\/www.diariodeouropreto.com.br\/fim-da-escala-6x1-passa-na-ccj-e-vai-a-plenario\/#article","isPartOf":{"@id":"https:\/\/www.diariodeouropreto.com.br\/fim-da-escala-6x1-passa-na-ccj-e-vai-a-plenario\/"},"author":{"name":"Di\u00e1rio de Ouro Preto","@id":"https:\/\/www.diariodeouropreto.com.br\/pt\/#\/schema\/person\/7654e7b471204a6dab6dc0ce6e140c99"},"headline":"Fim da escala 6&#215;1 passa na CCJ e vai a Plen\u00e1rio","datePublished":"2026-09-02T18:48:48+00:00","dateModified":"2026-09-02T18:48:51+00:00","mainEntityOfPage":{"@id":"https:\/\/www.diariodeouropreto.com.br\/fim-da-escala-6x1-passa-na-ccj-e-vai-a-plenario\/"},"wordCount":1704,"publisher":{"@id":"https:\/\/www.diariodeouropreto.com.br\/pt\/#organization"},"image":{"@id":"https:\/\/www.diariodeouropreto.com.br\/fim-da-escala-6x1-passa-na-ccj-e-vai-a-plenario\/#primaryimage"},"thumbnailUrl":"https:\/\/www.diariodeouropreto.com.br\/wp-content\/uploads\/2026\/09\/imagem_materia.jpg","articleSection":["Brasil"],"inLanguage":"pt-PT"},{"@type":"WebPage","@id":"https:\/\/www.diariodeouropreto.com.br\/fim-da-escala-6x1-passa-na-ccj-e-vai-a-plenario\/","url":"https:\/\/www.diariodeouropreto.com.br\/fim-da-escala-6x1-passa-na-ccj-e-vai-a-plenario\/","name":"Fim da escala 6x1 passa na CCJ e vai a Plen\u00e1rio - Di\u00e1rio de Ouro Preto","isPartOf":{"@id":"https:\/\/www.diariodeouropreto.com.br\/pt\/#website"},"primaryImageOfPage":{"@id":"https:\/\/www.diariodeouropreto.com.br\/fim-da-escala-6x1-passa-na-ccj-e-vai-a-plenario\/#primaryimage"},"image":{"@id":"https:\/\/www.diariodeouropreto.com.br\/fim-da-escala-6x1-passa-na-ccj-e-vai-a-plenario\/#primaryimage"},"thumbnailUrl":"https:\/\/www.diariodeouropreto.com.br\/wp-content\/uploads\/2026\/09\/imagem_materia.jpg","datePublished":"2026-09-02T18:48:48+00:00","dateModified":"2026-09-02T18:48:51+00:00","description":"A Comiss\u00e3o de Constitui\u00e7\u00e3o e Justi\u00e7a (CCJ) do Senado aprovou nesta quarta-feira (2) a proposta de emenda \u00e0 Constitui\u00e7\u00e3o que acaba com a chamada escala 6x1 \u2013 seis dias de trabalho e um de repouso. A mat\u00e9ria vai a Plen\u00e1rio- Fim da escala 6x1 passa na CCJ e vai a Plen\u00e1rio - Brasil","breadcrumb":{"@id":"https:\/\/www.diariodeouropreto.com.br\/fim-da-escala-6x1-passa-na-ccj-e-vai-a-plenario\/#breadcrumb"},"inLanguage":"pt-PT","potentialAction":[{"@type":"ReadAction","target":["https:\/\/www.diariodeouropreto.com.br\/fim-da-escala-6x1-passa-na-ccj-e-vai-a-plenario\/"]}]},{"@type":"ImageObject","inLanguage":"pt-PT","@id":"https:\/\/www.diariodeouropreto.com.br\/fim-da-escala-6x1-passa-na-ccj-e-vai-a-plenario\/#primaryimage","url":"https:\/\/www.diariodeouropreto.com.br\/wp-content\/uploads\/2026\/09\/imagem_materia.jpg","contentUrl":"https:\/\/www.diariodeouropreto.com.br\/wp-content\/uploads\/2026\/09\/imagem_materia.jpg","width":860,"height":570},{"@type":"BreadcrumbList","@id":"https:\/\/www.diariodeouropreto.com.br\/fim-da-escala-6x1-passa-na-ccj-e-vai-a-plenario\/#breadcrumb","itemListElement":[{"@type":"ListItem","position":1,"name":"In\u00edcio","item":"https:\/\/www.diariodeouropreto.com.br\/pt\/"},{"@type":"ListItem","position":2,"name":"Fim da escala 6&#215;1 passa na CCJ e vai a Plen\u00e1rio"}]},{"@type":"WebSite","@id":"https:\/\/www.diariodeouropreto.com.br\/pt\/#website","url":"https:\/\/www.diariodeouropreto.com.br\/pt\/","name":"Di\u00e1rio de Ouro Preto","description":"Not\u00edcias Ouro Preto; Mariana;Minas Gerais;Jornal;Jornalismo;Not\u00edcias;","publisher":{"@id":"https:\/\/www.diariodeouropreto.com.br\/pt\/#organization"},"alternateName":"Jornal di\u00e1rio de Ouro Preto","potentialAction":[{"@type":"SearchAction","target":{"@type":"EntryPoint","urlTemplate":"https:\/\/www.diariodeouropreto.com.br\/pt\/?s={search_term_string}"},"query-input":{"@type":"PropertyValueSpecification","valueRequired":true,"valueName":"search_term_string"}}],"inLanguage":"pt-PT"},{"@type":"Organization","@id":"https:\/\/www.diariodeouropreto.com.br\/pt\/#organization","name":"Di\u00e1rio de Ouro Preto","alternateName":"Jornal di\u00e1rio Ouro Preto","url":"https:\/\/www.diariodeouropreto.com.br\/pt\/","logo":{"@type":"ImageObject","inLanguage":"pt-PT","@id":"https:\/\/www.diariodeouropreto.com.br\/pt\/#\/schema\/logo\/image\/","url":"https:\/\/www.diariodeouropreto.com.br\/wp-content\/uploads\/2019\/06\/cropped-logotransp-2.png","contentUrl":"https:\/\/www.diariodeouropreto.com.br\/wp-content\/uploads\/2019\/06\/cropped-logotransp-2.png","width":1323,"height":251,"caption":"Di\u00e1rio de Ouro Preto"},"image":{"@id":"https:\/\/www.diariodeouropreto.com.br\/pt\/#\/schema\/logo\/image\/"},"sameAs":["https:\/\/www.facebook.com\/diariodeouropreto\/"]},{"@type":"Person","@id":"https:\/\/www.diariodeouropreto.com.br\/pt\/#\/schema\/person\/7654e7b471204a6dab6dc0ce6e140c99","name":"Di\u00e1rio de Ouro Preto","sameAs":["http:\/\/www.diariodeouropreto.com.br"],"url":"https:\/\/www.diariodeouropreto.com.br\/pt\/author\/diario\/"}]}},"jetpack_publicize_connections":[],"jetpack-related-posts":[{"id":51869,"url":"https:\/\/www.diariodeouropreto.com.br\/pt\/ccj-da-camara-retoma-analise-do-fim-da-escala-6x1-nesta-quarta\/","url_meta":{"origin":55080,"position":0},"title":"CCJ da C\u00e2mara retoma an\u00e1lise do fim da escala 6&#215;1 nesta quarta","author":"Di\u00e1rio de Ouro Preto","date":"22 de Abril de 2026","format":false,"excerpt":"PL e PSDB pediram vista de proposta que reduz jornada de trabalho A Proposta de Emenda \u00e0 Constitui\u00e7\u00e3o (PEC) 221 de 2019 que acaba com a escala de seis dias de trabalho por um de descanso (6x1) ser\u00e1 analisada, nesta quarta-feira (22), na Comiss\u00e3o de Constitui\u00e7\u00e3o e Justi\u00e7a (CCJ) da\u2026","rel":"","context":"In &quot;Pol\u00edtica&quot;","block_context":{"text":"Pol\u00edtica","link":"https:\/\/www.diariodeouropreto.com.br\/pt\/Editoria\/politica\/"},"img":{"alt_text":"","src":"https:\/\/i0.wp.com\/www.diariodeouropreto.com.br\/wp-content\/uploads\/2026\/04\/lula_marques-7.webp?resize=350%2C200&ssl=1","width":350,"height":200,"srcset":"https:\/\/i0.wp.com\/www.diariodeouropreto.com.br\/wp-content\/uploads\/2026\/04\/lula_marques-7.webp?resize=350%2C200&ssl=1 1x, https:\/\/i0.wp.com\/www.diariodeouropreto.com.br\/wp-content\/uploads\/2026\/04\/lula_marques-7.webp?resize=525%2C300&ssl=1 1.5x, https:\/\/i0.wp.com\/www.diariodeouropreto.com.br\/wp-content\/uploads\/2026\/04\/lula_marques-7.webp?resize=700%2C400&ssl=1 2x, https:\/\/i0.wp.com\/www.diariodeouropreto.com.br\/wp-content\/uploads\/2026\/04\/lula_marques-7.webp?resize=1050%2C600&ssl=1 3x"},"classes":[]},{"id":51789,"url":"https:\/\/www.diariodeouropreto.com.br\/pt\/relator-e-favoravel-ao-fim-da-escala-de-trabalho-6x1-votacao-das-propostas-na-comissao-e-adiada\/","url_meta":{"origin":55080,"position":1},"title":"Relator \u00e9 favor\u00e1vel ao fim da escala de trabalho 6&#215;1; vota\u00e7\u00e3o das propostas na comiss\u00e3o \u00e9 adiada","author":"Di\u00e1rio de Ouro Preto","date":"15 de Abril de 2026","format":false,"excerpt":"Deputados pediram vista conjunta, alegando que o texto s\u00f3 foi disponibilizado pelo relator nesta manh\u00e3 O relator de duas propostas de emenda \u00e0 Constitui\u00e7\u00e3o (PECs) que reduzem a carga hor\u00e1ria de trabalho no Brasil apresentou parecer favor\u00e1vel nesta quarta-feira (15) na Comiss\u00e3o de Constitui\u00e7\u00e3o e Justi\u00e7a e de Cidadania (CCJ)\u2026","rel":"","context":"In &quot;Geral&quot;","block_context":{"text":"Geral","link":"https:\/\/www.diariodeouropreto.com.br\/pt\/Editoria\/geral\/"},"img":{"alt_text":"","src":"https:\/\/i0.wp.com\/www.diariodeouropreto.com.br\/wp-content\/uploads\/2026\/04\/img20260415120803278-768x473-1.jpg?resize=350%2C200&ssl=1","width":350,"height":200,"srcset":"https:\/\/i0.wp.com\/www.diariodeouropreto.com.br\/wp-content\/uploads\/2026\/04\/img20260415120803278-768x473-1.jpg?resize=350%2C200&ssl=1 1x, https:\/\/i0.wp.com\/www.diariodeouropreto.com.br\/wp-content\/uploads\/2026\/04\/img20260415120803278-768x473-1.jpg?resize=525%2C300&ssl=1 1.5x, https:\/\/i0.wp.com\/www.diariodeouropreto.com.br\/wp-content\/uploads\/2026\/04\/img20260415120803278-768x473-1.jpg?resize=700%2C400&ssl=1 2x"},"classes":[]},{"id":42731,"url":"https:\/\/www.diariodeouropreto.com.br\/pt\/pec-contra-escala-6x1-e-protocolada-na-camara-com-234-assinaturas\/","url_meta":{"origin":55080,"position":2},"title":"PEC contra escala 6&#215;1 \u00e9 protocolada na C\u00e2mara com 234 assinaturas\u00a0","author":"Di\u00e1rio de Ouro Preto","date":"25 de Fevereiro de 2025","format":false,"excerpt":"Proposta estabelece uma semana de quatro dias de trabalho A Proposta de Emenda \u00e0 Constitui\u00e7\u00e3o (PEC) que acaba com a escala de seis dias de trabalho por um de folga (6x1) foi protocolada na C\u00e2mara dos Deputados nesta ter\u00e7a-feira (25), com 234 assinaturas. Foram 63 assinaturas a mais que o\u2026","rel":"","context":"In &quot;Pol\u00edtica&quot;","block_context":{"text":"Pol\u00edtica","link":"https:\/\/www.diariodeouropreto.com.br\/pt\/Editoria\/politica\/"},"img":{"alt_text":"","src":"https:\/\/i0.wp.com\/www.diariodeouropreto.com.br\/wp-content\/uploads\/2025\/02\/img_0171.webp?resize=350%2C200&ssl=1","width":350,"height":200,"srcset":"https:\/\/i0.wp.com\/www.diariodeouropreto.com.br\/wp-content\/uploads\/2025\/02\/img_0171.webp?resize=350%2C200&ssl=1 1x, https:\/\/i0.wp.com\/www.diariodeouropreto.com.br\/wp-content\/uploads\/2025\/02\/img_0171.webp?resize=525%2C300&ssl=1 1.5x, https:\/\/i0.wp.com\/www.diariodeouropreto.com.br\/wp-content\/uploads\/2025\/02\/img_0171.webp?resize=700%2C400&ssl=1 2x, https:\/\/i0.wp.com\/www.diariodeouropreto.com.br\/wp-content\/uploads\/2025\/02\/img_0171.webp?resize=1050%2C600&ssl=1 3x"},"classes":[]},{"id":52396,"url":"https:\/\/www.diariodeouropreto.com.br\/pt\/fim-da-jornada-6x1-e-debatida-na-assembleia-de-minas\/","url_meta":{"origin":55080,"position":3},"title":"Fim da jornada 6&#215;1 \u00e9 debatida na Assembleia de Minas","author":"Di\u00e1rio de Ouro Preto","date":"20 de Maio de 2026","format":false,"excerpt":"Atualmente, tramitam no Congresso Nacional tr\u00eas PECs e um projeto de lei para reduzir a jornada sem corte do sal\u00e1rio O\u00a0fim da jornada de trabalho 6x1\u00a0\u00e9 tema de audi\u00eancia p\u00fablica na Assembleia Legislativa de Minas Gerais (ALMG) nesta quinta-feira (21\/5\/26), a partir das 10 horas, no Audit\u00f3rio Jos\u00e9 Alencar. A\u2026","rel":"","context":"In &quot;Pol\u00edtica&quot;","block_context":{"text":"Pol\u00edtica","link":"https:\/\/www.diariodeouropreto.com.br\/pt\/Editoria\/politica\/"},"img":{"alt_text":"","src":"https:\/\/i0.wp.com\/www.diariodeouropreto.com.br\/wp-content\/uploads\/2026\/05\/1305337.jpg?resize=350%2C200&ssl=1","width":350,"height":200,"srcset":"https:\/\/i0.wp.com\/www.diariodeouropreto.com.br\/wp-content\/uploads\/2026\/05\/1305337.jpg?resize=350%2C200&ssl=1 1x, https:\/\/i0.wp.com\/www.diariodeouropreto.com.br\/wp-content\/uploads\/2026\/05\/1305337.jpg?resize=525%2C300&ssl=1 1.5x"},"classes":[]},{"id":52445,"url":"https:\/\/www.diariodeouropreto.com.br\/pt\/ministro-participa-de-audiencia-sobre-reducao-da-jornada-6x1-na-assembleia-de-minas\/","url_meta":{"origin":55080,"position":4},"title":"Ministro participa de audi\u00eancia sobre redu\u00e7\u00e3o da jornada 6&#215;1 na Assembl\u00e9ia de Minas","author":"Di\u00e1rio de Ouro Preto","date":"22 de Maio de 2026","format":false,"excerpt":"Ministro \u00a0de Estado da Secretaria-Geral da Presid\u00eancia Da Rep\u00fablica\u00a0 participou junto a outras autoridades e parlamentares de audi\u00eancia na ALMG, na manh\u00e3 de ontem, quinta-feira (21). Compromisso do governo federal \u00e9 reduzir jornada 6x1 ainda este ano, afirmou Boulos\u00a0 \u201cO compromisso do presidente Lula \u00e9 acabar com a escala 6x1\u2026","rel":"","context":"In &quot;Geral&quot;","block_context":{"text":"Geral","link":"https:\/\/www.diariodeouropreto.com.br\/pt\/Editoria\/geral\/"},"img":{"alt_text":"","src":"https:\/\/i0.wp.com\/www.diariodeouropreto.com.br\/wp-content\/uploads\/2026\/05\/Compromisso-do-governo-federal-e-reduzir-jornada-6x1-ainda-este-ano-afirma-Boulos.jpg?resize=350%2C200&ssl=1","width":350,"height":200,"srcset":"https:\/\/i0.wp.com\/www.diariodeouropreto.com.br\/wp-content\/uploads\/2026\/05\/Compromisso-do-governo-federal-e-reduzir-jornada-6x1-ainda-este-ano-afirma-Boulos.jpg?resize=350%2C200&ssl=1 1x, https:\/\/i0.wp.com\/www.diariodeouropreto.com.br\/wp-content\/uploads\/2026\/05\/Compromisso-do-governo-federal-e-reduzir-jornada-6x1-ainda-este-ano-afirma-Boulos.jpg?resize=525%2C300&ssl=1 1.5x, https:\/\/i0.wp.com\/www.diariodeouropreto.com.br\/wp-content\/uploads\/2026\/05\/Compromisso-do-governo-federal-e-reduzir-jornada-6x1-ainda-este-ano-afirma-Boulos.jpg?resize=700%2C400&ssl=1 2x, https:\/\/i0.wp.com\/www.diariodeouropreto.com.br\/wp-content\/uploads\/2026\/05\/Compromisso-do-governo-federal-e-reduzir-jornada-6x1-ainda-este-ano-afirma-Boulos.jpg?resize=1050%2C600&ssl=1 3x"},"classes":[]},{"id":52619,"url":"https:\/\/www.diariodeouropreto.com.br\/pt\/camara-aprova-em-primeiro-turno-pec-do-fim-da-escala-6x1\/","url_meta":{"origin":55080,"position":5},"title":"C\u00e2mara aprova, em primeiro turno, PEC do fim da escala 6&#215;1","author":"Di\u00e1rio de Ouro Preto","date":"28 de Maio de 2026","format":false,"excerpt":"Proposta precisa ser aprovada ainda em segundo turno A C\u00e2mara dos Deputados aprovou na noite desta quarta-feira\u00a0(27), em primeiro turno, a proposta de Emenda \u00e0 Constitui\u00e7\u00e3o (PEC) 221\/19 que a acaba com a escala de trabalho 6x1. Foram 472\u00a0votos favor\u00e1veis e 22\u00a0contr\u00e1rios. Os deputados federais precisam votar a proposta em\u2026","rel":"","context":"In &quot;Pol\u00edtica&quot;","block_context":{"text":"Pol\u00edtica","link":"https:\/\/www.diariodeouropreto.com.br\/pt\/Editoria\/politica\/"},"img":{"alt_text":"","src":"https:\/\/i0.wp.com\/www.diariodeouropreto.com.br\/wp-content\/uploads\/2026\/05\/pec_6x1.webp?resize=350%2C200&ssl=1","width":350,"height":200,"srcset":"https:\/\/i0.wp.com\/www.diariodeouropreto.com.br\/wp-content\/uploads\/2026\/05\/pec_6x1.webp?resize=350%2C200&ssl=1 1x, https:\/\/i0.wp.com\/www.diariodeouropreto.com.br\/wp-content\/uploads\/2026\/05\/pec_6x1.webp?resize=525%2C300&ssl=1 1.5x, https:\/\/i0.wp.com\/www.diariodeouropreto.com.br\/wp-content\/uploads\/2026\/05\/pec_6x1.webp?resize=700%2C400&ssl=1 2x, https:\/\/i0.wp.com\/www.diariodeouropreto.com.br\/wp-content\/uploads\/2026\/05\/pec_6x1.webp?resize=1050%2C600&ssl=1 3x"},"classes":[]}],"jetpack_sharing_enabled":true,"amp_enabled":true,"jetpack_featured_media_url":"https:\/\/www.diariodeouropreto.com.br\/wp-content\/uploads\/2026\/09\/imagem_materia.jpg","_links":{"self":[{"href":"https:\/\/www.diariodeouropreto.com.br\/pt\/wp-json\/wp\/v2\/posts\/55080","targetHints":{"allow":["GET"]}}],"collection":[{"href":"https:\/\/www.diariodeouropreto.com.br\/pt\/wp-json\/wp\/v2\/posts"}],"about":[{"href":"https:\/\/www.diariodeouropreto.com.br\/pt\/wp-json\/wp\/v2\/types\/post"}],"author":[{"embeddable":true,"href":"https:\/\/www.diariodeouropreto.com.br\/pt\/wp-json\/wp\/v2\/users\/1"}],"replies":[{"embeddable":true,"href":"https:\/\/www.diariodeouropreto.com.br\/pt\/wp-json\/wp\/v2\/comments?post=55080"}],"version-history":[{"count":1,"href":"https:\/\/www.diariodeouropreto.com.br\/pt\/wp-json\/wp\/v2\/posts\/55080\/revisions"}],"predecessor-version":[{"id":55087,"href":"https:\/\/www.diariodeouropreto.com.br\/pt\/wp-json\/wp\/v2\/posts\/55080\/revisions\/55087"}],"wp:featuredmedia":[{"embeddable":true,"href":"https:\/\/www.diariodeouropreto.com.br\/pt\/wp-json\/wp\/v2\/media\/55086"}],"wp:attachment":[{"href":"https:\/\/www.diariodeouropreto.com.br\/pt\/wp-json\/wp\/v2\/media?parent=55080"}],"wp:term":[{"taxonomy":"category","embeddable":true,"href":"https:\/\/www.diariodeouropreto.com.br\/pt\/wp-json\/wp\/v2\/categories?post=55080"},{"taxonomy":"post_tag","embeddable":true,"href":"https:\/\/www.diariodeouropreto.com.br\/pt\/wp-json\/wp\/v2\/tags?post=55080"}],"curies":[{"name":"wp","href":"https:\/\/api.w.org\/{rel}","templated":true}]}}