{"id":55077,"date":"2026-09-02T11:04:26","date_gmt":"2026-09-02T14:04:26","guid":{"rendered":"https:\/\/www.diariodeouropreto.com.br\/?p=55077"},"modified":"2026-09-02T11:04:29","modified_gmt":"2026-09-02T14:04:29","slug":"inscricoes-para-6a-edicao-do-catalogo-de-fornecedores-locais-da-samarco-vao-ate-4-9","status":"publish","type":"post","link":"https:\/\/www.diariodeouropreto.com.br\/pt\/inscricoes-para-6a-edicao-do-catalogo-de-fornecedores-locais-da-samarco-vao-ate-4-9\/","title":{"rendered":"Inscri\u00e7\u00f5es para 6\u00aa edi\u00e7\u00e3o do Cat\u00e1logo de Fornecedores Locais da Samarco v\u00e3o at\u00e9 4\/9"},"content":{"rendered":"<h3 class=\"wp-block-heading is-style-hoot-headblock1\">A\u00e7\u00e3o do Programa For\u00e7a Local amplia visibilidade de empresas e fortalece conex\u00f5es de neg\u00f3cios<\/h3>\n\n\n\n<p class=\"wp-block-paragraph\">Est\u00e1 na reta final o per\u00edodo para participa\u00e7\u00e3o na 6\u00aa edi\u00e7\u00e3o do Cat\u00e1logo de Fornecedores Locais, a\u00e7\u00e3o do Programa For\u00e7a Local, da Samarco, que amplia a visibilidade de empresas dos territ\u00f3rios onde a empresa atua e fortalece conex\u00f5es de neg\u00f3cios. As inscri\u00e7\u00f5es v\u00e3o at\u00e9 4 de setembro e podem ser feitas por meio de formul\u00e1rio dispon\u00edvel no site da mineradora: <a href=\"https:\/\/www.samarco.com\/forca-local\/\" target=\"_blank\" rel=\"noopener follow external noreferrer sponsored ugc\" data-wpel-link=\"external\"><u>https:\/\/www.samarco.com\/forca-<wbr>local\/<\/u><\/a>.<\/p>\n\n\n\n<p class=\"wp-block-paragraph\">Podem participar empresas com CNPJ ativo em um dos sete munic\u00edpios onde a Samarco est\u00e1 presente: Guarapari, Anchieta e Pi\u00fama, no Esp\u00edrito Santo, e Santa B\u00e1rbara, Catas Altas, Ouro Preto e Mariana, em Minas Gerais. N\u00e3o \u00e9 necess\u00e1rio ter participado de a\u00e7\u00f5es do For\u00e7a Local nem ser fornecedora da Samarco. Para integrar o cat\u00e1logo, a empresa deve preencher o formul\u00e1rio (dispon\u00edvel diretamente <a href=\"https:\/\/forms.cloud.microsoft\/r\/X5FxtjVS6S\" target=\"_blank\" rel=\"noopener follow external noreferrer sponsored ugc\" data-wpel-link=\"external\"><u>aqui<\/u><\/a>), enviar a logomarca e assinar o Termo de Ades\u00e3o. Em seguida, as informa\u00e7\u00f5es cadastrais passar\u00e3o por valida\u00e7\u00e3o.<\/p>\n\n\n\n<p class=\"wp-block-paragraph\">Ser\u00e3o publicados dois cat\u00e1logos, um para cada estado, reunindo os neg\u00f3cios eleg\u00edveis de cada territ\u00f3rio. A base \u00e9 cumulativa: empresas j\u00e1 cadastradas permanecem nas edi\u00e7\u00f5es seguintes, desde que mantenham CNPJ ativo nos munic\u00edpios participantes. Na primeira edi\u00e7\u00e3o, em 2021, o cat\u00e1logo reunia 316 empresas, sendo 145 capixabas e 171 mineiras. Na quinta edi\u00e7\u00e3o, em 2025, esse n\u00famero chegou a 675, com 318 empresas do Esp\u00edrito Santo e 357 de Minas Gerais.<\/p>\n\n\n\n<p class=\"wp-block-paragraph\">O cat\u00e1logo \u00e9 uma importante ferramenta de fomento \u00e0s contrata\u00e7\u00f5es locais e, ao longo dos seis anos do programa, consolidou-se como refer\u00eancia na busca por fornecedores para atender tanto a Samarco quanto suas contratadas. Entre novembro de 2020 e julho de 2026, foram desembolsados R$ 6,1 bilh\u00f5es em contrata\u00e7\u00f5es com fornecedores locais. No mesmo per\u00edodo, mais de 18 mil pessoas foram impactadas pelo pilar Desenvolvimento do programa, e 685 empresas foram certificadas, sendo 417 em Minas Gerais e 268 no Esp\u00edrito Santo.<\/p>\n\n\n\n<p class=\"wp-block-paragraph\">\u201cO Cat\u00e1logo valoriza empresas locais e amplia conex\u00f5es que geram oportunidades de neg\u00f3cios e desenvolvimento para os territ\u00f3rios\u201d, afirma Elisangela Toledo, coordenadora do Programa For\u00e7a Local.<\/p>\n\n\n\n<p class=\"wp-block-paragraph\">Fonte: Assessoria Samarco<\/p>\n\n\n\n<div id=\"152151\" class=\"advads-saneouro-2 advads-entity-placement\" style=\"margin-top: 3px;margin-bottom: 3px;margin-left: auto;margin-right: auto;text-align: center;\"><a href=\"https:\/\/www.saneouro.com.br\/\" target=\"_blank\" aria-label=\"DOP_Impresso\" data-wpel-link=\"external\" rel=\"follow external noopener noreferrer sponsored ugc\"><img src=\"https:\/\/www.diariodeouropreto.com.br\/wp-content\/uploads\/2026\/07\/DOP_Impresso.jpg\" alt=\"\"  srcset=\"https:\/\/www.diariodeouropreto.com.br\/wp-content\/uploads\/2026\/07\/DOP_Impresso.jpg 1181w, https:\/\/www.diariodeouropreto.com.br\/wp-content\/uploads\/2026\/07\/DOP_Impresso-396x396.jpg 396w, https:\/\/www.diariodeouropreto.com.br\/wp-content\/uploads\/2026\/07\/DOP_Impresso-150x150.jpg 150w, https:\/\/www.diariodeouropreto.com.br\/wp-content\/uploads\/2026\/07\/DOP_Impresso-768x768.jpg 768w, https:\/\/www.diariodeouropreto.com.br\/wp-content\/uploads\/2026\/07\/DOP_Impresso-12x12.jpg 12w, https:\/\/www.diariodeouropreto.com.br\/wp-content\/uploads\/2026\/07\/DOP_Impresso-465x465.jpg 465w, https:\/\/www.diariodeouropreto.com.br\/wp-content\/uploads\/2026\/07\/DOP_Impresso-500x500.jpg 500w\" sizes=\"(max-width: 1181px) 100vw, 1181px\" width=\"400\" height=\"400\"  style=\"display: inline-block;\" \/><\/a><\/div><p class=\"wp-block-paragraph\">Foto: Jefferson Rocio\/Nitro<\/p>","protected":false},"excerpt":{"rendered":"<p>A\u00e7\u00e3o do Programa For\u00e7a Local amplia visibilidade de empresas e fortalece conex\u00f5es de neg\u00f3cios Est\u00e1 na reta final o per\u00edodo para participa\u00e7\u00e3o na 6\u00aa edi\u00e7\u00e3o do Cat\u00e1logo de Fornecedores Locais, a\u00e7\u00e3o do Programa For\u00e7a Local, da Samarco, que amplia a visibilidade de empresas dos territ\u00f3rios onde a empresa atua e<span class=\"more-link\"><a href=\"https:\/\/www.diariodeouropreto.com.br\/pt\/inscricoes-para-6a-edicao-do-catalogo-de-fornecedores-locais-da-samarco-vao-ate-4-9\/\" data-wpel-link=\"internal\">Continue Lendo<\/a><\/span><\/p>","protected":false},"author":1,"featured_media":54893,"comment_status":"closed","ping_status":"closed","sticky":false,"template":"","format":"standard","meta":{"_jetpack_newsletter_access":"","_jetpack_dont_email_post_to_subs":false,"_jetpack_newsletter_tier_id":0,"_jetpack_memberships_contains_paywalled_content":false,"_jetpack_feature_clip_id":0,"_jetpack_memberships_contains_paid_content":false,"footnotes":"","jetpack_publicize_message":"A\u00e7\u00e3o do Programa For\u00e7a Local amplia visibilidade de empresas e fortalece conex\u00f5es de neg\u00f3cios","jetpack_publicize_feature_enabled":true,"jetpack_social_post_already_shared":false,"jetpack_social_options":{"image_generator_settings":{"template":"highway","default_image_id":0,"font":"","enabled":false},"version":2},"jetpack_post_was_ever_published":false},"categories":[275],"tags":[],"class_list":["entry","author-diario","post-55077","post","type-post","status-publish","format-standard","has-post-thumbnail","category-oportunidades"],"yoast_head":"<!-- This site is optimized with the Yoast SEO plugin v28.4 - https:\/\/yoast.com\/product\/yoast-seo-wordpress\/ -->\n<title>Inscri\u00e7\u00f5es para 6\u00aa edi\u00e7\u00e3o do Cat\u00e1logo de Fornecedores Locais da Samarco v\u00e3o at\u00e9 4\/9 - Di\u00e1rio de Ouro Preto<\/title>\n<meta name=\"description\" content=\"A\u00e7\u00e3o do Programa For\u00e7a Local amplia visibilidade de empresas e fortalece conex\u00f5es de neg\u00f3cios- Inscri\u00e7\u00f5es para 6\u00aa edi\u00e7\u00e3o do Cat\u00e1logo de Fornecedores Locais da Samarco v\u00e3o at\u00e9 4\/9 - Oportunidades\" \/>\n<meta name=\"robots\" content=\"index, follow, max-snippet:-1, max-image-preview:large, max-video-preview:-1\" \/>\n<link rel=\"canonical\" href=\"https:\/\/www.diariodeouropreto.com.br\/pt\/inscricoes-para-6a-edicao-do-catalogo-de-fornecedores-locais-da-samarco-vao-ate-4-9\/\" \/>\n<meta property=\"og:locale\" content=\"pt_PT\" \/>\n<meta property=\"og:type\" content=\"article\" \/>\n<meta property=\"og:title\" content=\"Inscri\u00e7\u00f5es para 6\u00aa edi\u00e7\u00e3o do Cat\u00e1logo de Fornecedores Locais da Samarco v\u00e3o at\u00e9 4\/9 - Di\u00e1rio de Ouro Preto\" \/>\n<meta property=\"og:description\" content=\"A\u00e7\u00e3o do Programa For\u00e7a Local amplia visibilidade de empresas e fortalece conex\u00f5es de neg\u00f3cios- Inscri\u00e7\u00f5es para 6\u00aa edi\u00e7\u00e3o do Cat\u00e1logo de Fornecedores Locais da Samarco v\u00e3o at\u00e9 4\/9 - Oportunidades\" \/>\n<meta property=\"og:url\" content=\"https:\/\/www.diariodeouropreto.com.br\/pt\/inscricoes-para-6a-edicao-do-catalogo-de-fornecedores-locais-da-samarco-vao-ate-4-9\/\" \/>\n<meta property=\"og:site_name\" content=\"Di\u00e1rio de Ouro Preto\" \/>\n<meta property=\"article:publisher\" content=\"https:\/\/www.facebook.com\/diariodeouropreto\/\" \/>\n<meta property=\"article:published_time\" content=\"2026-09-02T14:04:26+00:00\" \/>\n<meta property=\"article:modified_time\" content=\"2026-09-02T14:04:29+00:00\" \/>\n<meta property=\"og:image\" content=\"https:\/\/www.diariodeouropreto.com.br\/wp-content\/uploads\/2026\/08\/Samarco-Complexo-de-Ubu-em-Anchieta-ES-Pelotas-02-foto-Jefferson-Rocio-Nitro-scaled.jpg\" \/>\n\t<meta property=\"og:image:width\" content=\"2560\" \/>\n\t<meta property=\"og:image:height\" content=\"1706\" \/>\n\t<meta property=\"og:image:type\" content=\"image\/jpeg\" \/>\n<meta name=\"author\" content=\"Di\u00e1rio de Ouro Preto\" \/>\n<meta name=\"twitter:card\" content=\"summary_large_image\" \/>\n<meta name=\"twitter:label1\" content=\"Escrito por\" \/>\n\t<meta name=\"twitter:data1\" content=\"Di\u00e1rio de Ouro Preto\" \/>\n\t<meta name=\"twitter:label2\" content=\"Tempo estimado de leitura\" \/>\n\t<meta name=\"twitter:data2\" content=\"3 minutos\" \/>\n<script type=\"application\/ld+json\" class=\"yoast-schema-graph\">{\"@context\":\"https:\\\/\\\/schema.org\",\"@graph\":[{\"@type\":\"Article\",\"@id\":\"https:\\\/\\\/www.diariodeouropreto.com.br\\\/inscricoes-para-6a-edicao-do-catalogo-de-fornecedores-locais-da-samarco-vao-ate-4-9\\\/#article\",\"isPartOf\":{\"@id\":\"https:\\\/\\\/www.diariodeouropreto.com.br\\\/inscricoes-para-6a-edicao-do-catalogo-de-fornecedores-locais-da-samarco-vao-ate-4-9\\\/\"},\"author\":{\"name\":\"Di\u00e1rio de Ouro Preto\",\"@id\":\"https:\\\/\\\/www.diariodeouropreto.com.br\\\/pt\\\/#\\\/schema\\\/person\\\/7654e7b471204a6dab6dc0ce6e140c99\"},\"headline\":\"Inscri\u00e7\u00f5es para 6\u00aa edi\u00e7\u00e3o do Cat\u00e1logo de Fornecedores Locais da Samarco v\u00e3o at\u00e9 4\\\/9\",\"datePublished\":\"2026-09-02T14:04:26+00:00\",\"dateModified\":\"2026-09-02T14:04:29+00:00\",\"mainEntityOfPage\":{\"@id\":\"https:\\\/\\\/www.diariodeouropreto.com.br\\\/inscricoes-para-6a-edicao-do-catalogo-de-fornecedores-locais-da-samarco-vao-ate-4-9\\\/\"},\"wordCount\":397,\"publisher\":{\"@id\":\"https:\\\/\\\/www.diariodeouropreto.com.br\\\/pt\\\/#organization\"},\"image\":{\"@id\":\"https:\\\/\\\/www.diariodeouropreto.com.br\\\/inscricoes-para-6a-edicao-do-catalogo-de-fornecedores-locais-da-samarco-vao-ate-4-9\\\/#primaryimage\"},\"thumbnailUrl\":\"https:\\\/\\\/www.diariodeouropreto.com.br\\\/wp-content\\\/uploads\\\/2026\\\/08\\\/Samarco-Complexo-de-Ubu-em-Anchieta-ES-Pelotas-02-foto-Jefferson-Rocio-Nitro-scaled.jpg\",\"articleSection\":[\"Oportunidades\"],\"inLanguage\":\"pt-PT\"},{\"@type\":\"WebPage\",\"@id\":\"https:\\\/\\\/www.diariodeouropreto.com.br\\\/inscricoes-para-6a-edicao-do-catalogo-de-fornecedores-locais-da-samarco-vao-ate-4-9\\\/\",\"url\":\"https:\\\/\\\/www.diariodeouropreto.com.br\\\/inscricoes-para-6a-edicao-do-catalogo-de-fornecedores-locais-da-samarco-vao-ate-4-9\\\/\",\"name\":\"Inscri\u00e7\u00f5es para 6\u00aa edi\u00e7\u00e3o do Cat\u00e1logo de Fornecedores Locais da Samarco v\u00e3o at\u00e9 4\\\/9 - Di\u00e1rio de Ouro Preto\",\"isPartOf\":{\"@id\":\"https:\\\/\\\/www.diariodeouropreto.com.br\\\/pt\\\/#website\"},\"primaryImageOfPage\":{\"@id\":\"https:\\\/\\\/www.diariodeouropreto.com.br\\\/inscricoes-para-6a-edicao-do-catalogo-de-fornecedores-locais-da-samarco-vao-ate-4-9\\\/#primaryimage\"},\"image\":{\"@id\":\"https:\\\/\\\/www.diariodeouropreto.com.br\\\/inscricoes-para-6a-edicao-do-catalogo-de-fornecedores-locais-da-samarco-vao-ate-4-9\\\/#primaryimage\"},\"thumbnailUrl\":\"https:\\\/\\\/www.diariodeouropreto.com.br\\\/wp-content\\\/uploads\\\/2026\\\/08\\\/Samarco-Complexo-de-Ubu-em-Anchieta-ES-Pelotas-02-foto-Jefferson-Rocio-Nitro-scaled.jpg\",\"datePublished\":\"2026-09-02T14:04:26+00:00\",\"dateModified\":\"2026-09-02T14:04:29+00:00\",\"description\":\"A\u00e7\u00e3o do Programa For\u00e7a Local amplia visibilidade de empresas e fortalece conex\u00f5es de neg\u00f3cios- Inscri\u00e7\u00f5es para 6\u00aa edi\u00e7\u00e3o do Cat\u00e1logo de Fornecedores Locais da Samarco v\u00e3o at\u00e9 4\\\/9 - Oportunidades\",\"breadcrumb\":{\"@id\":\"https:\\\/\\\/www.diariodeouropreto.com.br\\\/inscricoes-para-6a-edicao-do-catalogo-de-fornecedores-locais-da-samarco-vao-ate-4-9\\\/#breadcrumb\"},\"inLanguage\":\"pt-PT\",\"potentialAction\":[{\"@type\":\"ReadAction\",\"target\":[\"https:\\\/\\\/www.diariodeouropreto.com.br\\\/inscricoes-para-6a-edicao-do-catalogo-de-fornecedores-locais-da-samarco-vao-ate-4-9\\\/\"]}]},{\"@type\":\"ImageObject\",\"inLanguage\":\"pt-PT\",\"@id\":\"https:\\\/\\\/www.diariodeouropreto.com.br\\\/inscricoes-para-6a-edicao-do-catalogo-de-fornecedores-locais-da-samarco-vao-ate-4-9\\\/#primaryimage\",\"url\":\"https:\\\/\\\/www.diariodeouropreto.com.br\\\/wp-content\\\/uploads\\\/2026\\\/08\\\/Samarco-Complexo-de-Ubu-em-Anchieta-ES-Pelotas-02-foto-Jefferson-Rocio-Nitro-scaled.jpg\",\"contentUrl\":\"https:\\\/\\\/www.diariodeouropreto.com.br\\\/wp-content\\\/uploads\\\/2026\\\/08\\\/Samarco-Complexo-de-Ubu-em-Anchieta-ES-Pelotas-02-foto-Jefferson-Rocio-Nitro-scaled.jpg\",\"width\":2560,\"height\":1706},{\"@type\":\"BreadcrumbList\",\"@id\":\"https:\\\/\\\/www.diariodeouropreto.com.br\\\/inscricoes-para-6a-edicao-do-catalogo-de-fornecedores-locais-da-samarco-vao-ate-4-9\\\/#breadcrumb\",\"itemListElement\":[{\"@type\":\"ListItem\",\"position\":1,\"name\":\"In\u00edcio\",\"item\":\"https:\\\/\\\/www.diariodeouropreto.com.br\\\/pt\\\/\"},{\"@type\":\"ListItem\",\"position\":2,\"name\":\"Inscri\u00e7\u00f5es para 6\u00aa edi\u00e7\u00e3o do Cat\u00e1logo de Fornecedores Locais da Samarco v\u00e3o at\u00e9 4\\\/9\"}]},{\"@type\":\"WebSite\",\"@id\":\"https:\\\/\\\/www.diariodeouropreto.com.br\\\/pt\\\/#website\",\"url\":\"https:\\\/\\\/www.diariodeouropreto.com.br\\\/pt\\\/\",\"name\":\"Di\u00e1rio de Ouro Preto\",\"description\":\"Not\u00edcias Ouro Preto; Mariana;Minas Gerais;Jornal;Jornalismo;Not\u00edcias;\",\"publisher\":{\"@id\":\"https:\\\/\\\/www.diariodeouropreto.com.br\\\/pt\\\/#organization\"},\"alternateName\":\"Jornal di\u00e1rio de Ouro Preto\",\"potentialAction\":[{\"@type\":\"SearchAction\",\"target\":{\"@type\":\"EntryPoint\",\"urlTemplate\":\"https:\\\/\\\/www.diariodeouropreto.com.br\\\/pt\\\/?s={search_term_string}\"},\"query-input\":{\"@type\":\"PropertyValueSpecification\",\"valueRequired\":true,\"valueName\":\"search_term_string\"}}],\"inLanguage\":\"pt-PT\"},{\"@type\":\"Organization\",\"@id\":\"https:\\\/\\\/www.diariodeouropreto.com.br\\\/pt\\\/#organization\",\"name\":\"Di\u00e1rio de Ouro Preto\",\"alternateName\":\"Jornal di\u00e1rio Ouro Preto\",\"url\":\"https:\\\/\\\/www.diariodeouropreto.com.br\\\/pt\\\/\",\"logo\":{\"@type\":\"ImageObject\",\"inLanguage\":\"pt-PT\",\"@id\":\"https:\\\/\\\/www.diariodeouropreto.com.br\\\/pt\\\/#\\\/schema\\\/logo\\\/image\\\/\",\"url\":\"https:\\\/\\\/www.diariodeouropreto.com.br\\\/wp-content\\\/uploads\\\/2019\\\/06\\\/cropped-logotransp-2.png\",\"contentUrl\":\"https:\\\/\\\/www.diariodeouropreto.com.br\\\/wp-content\\\/uploads\\\/2019\\\/06\\\/cropped-logotransp-2.png\",\"width\":1323,\"height\":251,\"caption\":\"Di\u00e1rio de Ouro Preto\"},\"image\":{\"@id\":\"https:\\\/\\\/www.diariodeouropreto.com.br\\\/pt\\\/#\\\/schema\\\/logo\\\/image\\\/\"},\"sameAs\":[\"https:\\\/\\\/www.facebook.com\\\/diariodeouropreto\\\/\"]},{\"@type\":\"Person\",\"@id\":\"https:\\\/\\\/www.diariodeouropreto.com.br\\\/pt\\\/#\\\/schema\\\/person\\\/7654e7b471204a6dab6dc0ce6e140c99\",\"name\":\"Di\u00e1rio de Ouro Preto\",\"sameAs\":[\"http:\\\/\\\/www.diariodeouropreto.com.br\"],\"url\":\"https:\\\/\\\/www.diariodeouropreto.com.br\\\/pt\\\/author\\\/diario\\\/\"}]}<\/script>\n<!-- \/ Yoast SEO plugin. -->","yoast_head_json":{"title":"Inscri\u00e7\u00f5es para 6\u00aa edi\u00e7\u00e3o do Cat\u00e1logo de Fornecedores Locais da Samarco v\u00e3o at\u00e9 4\/9 - Di\u00e1rio de Ouro Preto","description":"A\u00e7\u00e3o do Programa For\u00e7a Local amplia visibilidade de empresas e fortalece conex\u00f5es de neg\u00f3cios- Inscri\u00e7\u00f5es para 6\u00aa edi\u00e7\u00e3o do Cat\u00e1logo de Fornecedores Locais da Samarco v\u00e3o at\u00e9 4\/9 - Oportunidades","robots":{"index":"index","follow":"follow","max-snippet":"max-snippet:-1","max-image-preview":"max-image-preview:large","max-video-preview":"max-video-preview:-1"},"canonical":"https:\/\/www.diariodeouropreto.com.br\/pt\/inscricoes-para-6a-edicao-do-catalogo-de-fornecedores-locais-da-samarco-vao-ate-4-9\/","og_locale":"pt_PT","og_type":"article","og_title":"Inscri\u00e7\u00f5es para 6\u00aa edi\u00e7\u00e3o do Cat\u00e1logo de Fornecedores Locais da Samarco v\u00e3o at\u00e9 4\/9 - Di\u00e1rio de Ouro Preto","og_description":"A\u00e7\u00e3o do Programa For\u00e7a Local amplia visibilidade de empresas e fortalece conex\u00f5es de neg\u00f3cios- Inscri\u00e7\u00f5es para 6\u00aa edi\u00e7\u00e3o do Cat\u00e1logo de Fornecedores Locais da Samarco v\u00e3o at\u00e9 4\/9 - Oportunidades","og_url":"https:\/\/www.diariodeouropreto.com.br\/pt\/inscricoes-para-6a-edicao-do-catalogo-de-fornecedores-locais-da-samarco-vao-ate-4-9\/","og_site_name":"Di\u00e1rio de Ouro Preto","article_publisher":"https:\/\/www.facebook.com\/diariodeouropreto\/","article_published_time":"2026-09-02T14:04:26+00:00","article_modified_time":"2026-09-02T14:04:29+00:00","og_image":[{"width":2560,"height":1706,"url":"https:\/\/www.diariodeouropreto.com.br\/wp-content\/uploads\/2026\/08\/Samarco-Complexo-de-Ubu-em-Anchieta-ES-Pelotas-02-foto-Jefferson-Rocio-Nitro-scaled.jpg","type":"image\/jpeg"}],"author":"Di\u00e1rio de Ouro Preto","twitter_card":"summary_large_image","twitter_misc":{"Escrito por":"Di\u00e1rio de Ouro Preto","Tempo estimado de leitura":"3 minutos"},"schema":{"@context":"https:\/\/schema.org","@graph":[{"@type":"Article","@id":"https:\/\/www.diariodeouropreto.com.br\/inscricoes-para-6a-edicao-do-catalogo-de-fornecedores-locais-da-samarco-vao-ate-4-9\/#article","isPartOf":{"@id":"https:\/\/www.diariodeouropreto.com.br\/inscricoes-para-6a-edicao-do-catalogo-de-fornecedores-locais-da-samarco-vao-ate-4-9\/"},"author":{"name":"Di\u00e1rio de Ouro Preto","@id":"https:\/\/www.diariodeouropreto.com.br\/pt\/#\/schema\/person\/7654e7b471204a6dab6dc0ce6e140c99"},"headline":"Inscri\u00e7\u00f5es para 6\u00aa edi\u00e7\u00e3o do Cat\u00e1logo de Fornecedores Locais da Samarco v\u00e3o at\u00e9 4\/9","datePublished":"2026-09-02T14:04:26+00:00","dateModified":"2026-09-02T14:04:29+00:00","mainEntityOfPage":{"@id":"https:\/\/www.diariodeouropreto.com.br\/inscricoes-para-6a-edicao-do-catalogo-de-fornecedores-locais-da-samarco-vao-ate-4-9\/"},"wordCount":397,"publisher":{"@id":"https:\/\/www.diariodeouropreto.com.br\/pt\/#organization"},"image":{"@id":"https:\/\/www.diariodeouropreto.com.br\/inscricoes-para-6a-edicao-do-catalogo-de-fornecedores-locais-da-samarco-vao-ate-4-9\/#primaryimage"},"thumbnailUrl":"https:\/\/www.diariodeouropreto.com.br\/wp-content\/uploads\/2026\/08\/Samarco-Complexo-de-Ubu-em-Anchieta-ES-Pelotas-02-foto-Jefferson-Rocio-Nitro-scaled.jpg","articleSection":["Oportunidades"],"inLanguage":"pt-PT"},{"@type":"WebPage","@id":"https:\/\/www.diariodeouropreto.com.br\/inscricoes-para-6a-edicao-do-catalogo-de-fornecedores-locais-da-samarco-vao-ate-4-9\/","url":"https:\/\/www.diariodeouropreto.com.br\/inscricoes-para-6a-edicao-do-catalogo-de-fornecedores-locais-da-samarco-vao-ate-4-9\/","name":"Inscri\u00e7\u00f5es para 6\u00aa edi\u00e7\u00e3o do Cat\u00e1logo de Fornecedores Locais da Samarco v\u00e3o at\u00e9 4\/9 - Di\u00e1rio de Ouro Preto","isPartOf":{"@id":"https:\/\/www.diariodeouropreto.com.br\/pt\/#website"},"primaryImageOfPage":{"@id":"https:\/\/www.diariodeouropreto.com.br\/inscricoes-para-6a-edicao-do-catalogo-de-fornecedores-locais-da-samarco-vao-ate-4-9\/#primaryimage"},"image":{"@id":"https:\/\/www.diariodeouropreto.com.br\/inscricoes-para-6a-edicao-do-catalogo-de-fornecedores-locais-da-samarco-vao-ate-4-9\/#primaryimage"},"thumbnailUrl":"https:\/\/www.diariodeouropreto.com.br\/wp-content\/uploads\/2026\/08\/Samarco-Complexo-de-Ubu-em-Anchieta-ES-Pelotas-02-foto-Jefferson-Rocio-Nitro-scaled.jpg","datePublished":"2026-09-02T14:04:26+00:00","dateModified":"2026-09-02T14:04:29+00:00","description":"A\u00e7\u00e3o do Programa For\u00e7a Local amplia visibilidade de empresas e fortalece conex\u00f5es de neg\u00f3cios- Inscri\u00e7\u00f5es para 6\u00aa edi\u00e7\u00e3o do Cat\u00e1logo de Fornecedores Locais da Samarco v\u00e3o at\u00e9 4\/9 - Oportunidades","breadcrumb":{"@id":"https:\/\/www.diariodeouropreto.com.br\/inscricoes-para-6a-edicao-do-catalogo-de-fornecedores-locais-da-samarco-vao-ate-4-9\/#breadcrumb"},"inLanguage":"pt-PT","potentialAction":[{"@type":"ReadAction","target":["https:\/\/www.diariodeouropreto.com.br\/inscricoes-para-6a-edicao-do-catalogo-de-fornecedores-locais-da-samarco-vao-ate-4-9\/"]}]},{"@type":"ImageObject","inLanguage":"pt-PT","@id":"https:\/\/www.diariodeouropreto.com.br\/inscricoes-para-6a-edicao-do-catalogo-de-fornecedores-locais-da-samarco-vao-ate-4-9\/#primaryimage","url":"https:\/\/www.diariodeouropreto.com.br\/wp-content\/uploads\/2026\/08\/Samarco-Complexo-de-Ubu-em-Anchieta-ES-Pelotas-02-foto-Jefferson-Rocio-Nitro-scaled.jpg","contentUrl":"https:\/\/www.diariodeouropreto.com.br\/wp-content\/uploads\/2026\/08\/Samarco-Complexo-de-Ubu-em-Anchieta-ES-Pelotas-02-foto-Jefferson-Rocio-Nitro-scaled.jpg","width":2560,"height":1706},{"@type":"BreadcrumbList","@id":"https:\/\/www.diariodeouropreto.com.br\/inscricoes-para-6a-edicao-do-catalogo-de-fornecedores-locais-da-samarco-vao-ate-4-9\/#breadcrumb","itemListElement":[{"@type":"ListItem","position":1,"name":"In\u00edcio","item":"https:\/\/www.diariodeouropreto.com.br\/pt\/"},{"@type":"ListItem","position":2,"name":"Inscri\u00e7\u00f5es para 6\u00aa edi\u00e7\u00e3o do Cat\u00e1logo de Fornecedores Locais da Samarco v\u00e3o at\u00e9 4\/9"}]},{"@type":"WebSite","@id":"https:\/\/www.diariodeouropreto.com.br\/pt\/#website","url":"https:\/\/www.diariodeouropreto.com.br\/pt\/","name":"Di\u00e1rio de Ouro Preto","description":"Not\u00edcias Ouro Preto; Mariana;Minas Gerais;Jornal;Jornalismo;Not\u00edcias;","publisher":{"@id":"https:\/\/www.diariodeouropreto.com.br\/pt\/#organization"},"alternateName":"Jornal di\u00e1rio de Ouro Preto","potentialAction":[{"@type":"SearchAction","target":{"@type":"EntryPoint","urlTemplate":"https:\/\/www.diariodeouropreto.com.br\/pt\/?s={search_term_string}"},"query-input":{"@type":"PropertyValueSpecification","valueRequired":true,"valueName":"search_term_string"}}],"inLanguage":"pt-PT"},{"@type":"Organization","@id":"https:\/\/www.diariodeouropreto.com.br\/pt\/#organization","name":"Di\u00e1rio de Ouro Preto","alternateName":"Jornal di\u00e1rio Ouro Preto","url":"https:\/\/www.diariodeouropreto.com.br\/pt\/","logo":{"@type":"ImageObject","inLanguage":"pt-PT","@id":"https:\/\/www.diariodeouropreto.com.br\/pt\/#\/schema\/logo\/image\/","url":"https:\/\/www.diariodeouropreto.com.br\/wp-content\/uploads\/2019\/06\/cropped-logotransp-2.png","contentUrl":"https:\/\/www.diariodeouropreto.com.br\/wp-content\/uploads\/2019\/06\/cropped-logotransp-2.png","width":1323,"height":251,"caption":"Di\u00e1rio de Ouro Preto"},"image":{"@id":"https:\/\/www.diariodeouropreto.com.br\/pt\/#\/schema\/logo\/image\/"},"sameAs":["https:\/\/www.facebook.com\/diariodeouropreto\/"]},{"@type":"Person","@id":"https:\/\/www.diariodeouropreto.com.br\/pt\/#\/schema\/person\/7654e7b471204a6dab6dc0ce6e140c99","name":"Di\u00e1rio de Ouro Preto","sameAs":["http:\/\/www.diariodeouropreto.com.br"],"url":"https:\/\/www.diariodeouropreto.com.br\/pt\/author\/diario\/"}]}},"jetpack_publicize_connections":[],"jetpack-related-posts":[{"id":50982,"url":"https:\/\/www.diariodeouropreto.com.br\/pt\/samarco-lanca-5a-edicao-do-catalogo-de-fornecedores-locais\/","url_meta":{"origin":55077,"position":0},"title":"Samarco lan\u00e7a 5\u00aa edi\u00e7\u00e3o do Cat\u00e1logo de Fornecedores Locais","author":"Di\u00e1rio de Ouro Preto","date":"17 de Mar\u00e7o de 2026","format":false,"excerpt":"Iniciativa busca ampliar a visibilidade de empresas locais e fomentar novos neg\u00f3cios nos territ\u00f3rios onde a mineradora atua A Samarco lan\u00e7ou, neste m\u00eas de mar\u00e7o, a 5\u00aa edi\u00e7\u00e3o do Cat\u00e1logo de Fornecedores Locais de Minas Gerais e do Esp\u00edrito Santo, iniciativa que integra o Programa For\u00e7a Local e tem como\u2026","rel":"","context":"In &quot;Cidades&quot;","block_context":{"text":"Cidades","link":"https:\/\/www.diariodeouropreto.com.br\/pt\/Editoria\/cidades\/"},"img":{"alt_text":"","src":"https:\/\/i0.wp.com\/www.diariodeouropreto.com.br\/wp-content\/uploads\/2026\/03\/Forca-Local-Catalogo-de-Fornecedores-MG.jpg?resize=350%2C200&ssl=1","width":350,"height":200,"srcset":"https:\/\/i0.wp.com\/www.diariodeouropreto.com.br\/wp-content\/uploads\/2026\/03\/Forca-Local-Catalogo-de-Fornecedores-MG.jpg?resize=350%2C200&ssl=1 1x, https:\/\/i0.wp.com\/www.diariodeouropreto.com.br\/wp-content\/uploads\/2026\/03\/Forca-Local-Catalogo-de-Fornecedores-MG.jpg?resize=525%2C300&ssl=1 1.5x"},"classes":[]},{"id":22726,"url":"https:\/\/www.diariodeouropreto.com.br\/pt\/forca-local-esta-com-inscricoes-abertas-para-o-catalogo-de-fornecedores\/","url_meta":{"origin":55077,"position":1},"title":"For\u00e7a Local\u00a0est\u00e1 com\u00a0inscri\u00e7\u00f5es\u00a0abertas\u00a0para o Cat\u00e1logo de Fornecedores","author":"Di\u00e1rio de Ouro Preto","date":"26 de Abril de 2023","format":false,"excerpt":"O\u00a0programa For\u00e7a Local\u00a0est\u00e1 com\u00a0inscri\u00e7\u00f5es\u00a0abertas at\u00e9 a pr\u00f3xima sexta-feira (28\/04)\u00a0para empreendedores interessados em fazer parte da 3\u00aa Edi\u00e7\u00e3o do Cat\u00e1logo Eletr\u00f4nico de Fornecedores de Minas Gerais e do Esp\u00edrito Santo. Podem participar empresas localizadas em\u00a0Catas Altas, Mariana, Ouro Preto e Santa B\u00e1rbara (MG), e Anchieta, Guarapari e Pi\u00fama (ES) de v\u00e1rios\u2026","rel":"","context":"In &quot;Minas Gerais&quot;","block_context":{"text":"Minas Gerais","link":"https:\/\/www.diariodeouropreto.com.br\/pt\/Editoria\/minas-gerais\/"},"img":{"alt_text":"","src":"https:\/\/i0.wp.com\/www.diariodeouropreto.com.br\/wp-content\/uploads\/2023\/04\/26.04.23-convite-Forca-Local.png?resize=350%2C200&ssl=1","width":350,"height":200,"srcset":"https:\/\/i0.wp.com\/www.diariodeouropreto.com.br\/wp-content\/uploads\/2023\/04\/26.04.23-convite-Forca-Local.png?resize=350%2C200&ssl=1 1x, https:\/\/i0.wp.com\/www.diariodeouropreto.com.br\/wp-content\/uploads\/2023\/04\/26.04.23-convite-Forca-Local.png?resize=525%2C300&ssl=1 1.5x, https:\/\/i0.wp.com\/www.diariodeouropreto.com.br\/wp-content\/uploads\/2023\/04\/26.04.23-convite-Forca-Local.png?resize=700%2C400&ssl=1 2x"},"classes":[]},{"id":36100,"url":"https:\/\/www.diariodeouropreto.com.br\/pt\/forca-local-esta-com-inscricoes-abertas-para-o-catalogo-de-fornecedores-2\/","url_meta":{"origin":55077,"position":2},"title":"&#8220;For\u00e7a Local&#8221;\u00a0est\u00e1 com\u00a0inscri\u00e7\u00f5es\u00a0abertas\u00a0para o Cat\u00e1logo de Fornecedores","author":"Di\u00e1rio de Ouro Preto","date":"22 de Julho de 2024","format":false,"excerpt":"Est\u00e3o abertas, at\u00e9 dia 28\/7, as inscri\u00e7\u00f5es para empreendedores (as) de Catas Altas, Mariana, Ouro Preto e Santa B\u00e1rbara, em Minas Gerais, que desejam fazer parte da 4\u00aa edi\u00e7\u00e3o do Cat\u00e1logo Eletr\u00f4nico de Fornecedores do For\u00e7a Local.\u00a0 O\u00a0programa, criado em 2020, apoia\u00a0o desenvolvimento de neg\u00f3cios nos territ\u00f3rios onde a Samarco\u2026","rel":"","context":"In &quot;Oportunidades&quot;","block_context":{"text":"Oportunidades","link":"https:\/\/www.diariodeouropreto.com.br\/pt\/Editoria\/oportunidades\/"},"img":{"alt_text":"","src":"https:\/\/i0.wp.com\/www.diariodeouropreto.com.br\/wp-content\/uploads\/2020\/12\/FORCA_LOCAL.jpg?resize=350%2C200&ssl=1","width":350,"height":200,"srcset":"https:\/\/i0.wp.com\/www.diariodeouropreto.com.br\/wp-content\/uploads\/2020\/12\/FORCA_LOCAL.jpg?resize=350%2C200&ssl=1 1x, https:\/\/i0.wp.com\/www.diariodeouropreto.com.br\/wp-content\/uploads\/2020\/12\/FORCA_LOCAL.jpg?resize=525%2C300&ssl=1 1.5x, https:\/\/i0.wp.com\/www.diariodeouropreto.com.br\/wp-content\/uploads\/2020\/12\/FORCA_LOCAL.jpg?resize=700%2C400&ssl=1 2x"},"classes":[]},{"id":54402,"url":"https:\/\/www.diariodeouropreto.com.br\/pt\/inscricoes-para-rodada-de-negocios-do-programa-forca-local-seguem-abertas-ate-7-de-agosto\/","url_meta":{"origin":55077,"position":3},"title":"Inscri\u00e7\u00f5es para Rodada de Neg\u00f3cios do Programa For\u00e7a Local seguem abertas at\u00e9 7 de agosto","author":"Di\u00e1rio de Ouro Preto","date":"6 de Agosto de 2026","format":false,"excerpt":"Evento aproxima fornecedores locais e empresas contratantes, ampliando oportunidades de neg\u00f3cios e fortalecendo a economia regional Empresas de Mariana, Ouro Preto, Catas Altas e Santa B\u00e1rbara t\u00eam at\u00e9 esta sexta-feira (7\/8) para se inscrever na 6\u00aa Rodada de Neg\u00f3cios do Programa For\u00e7a Local, que ser\u00e1 realizada em 18 de agosto,\u2026","rel":"","context":"In &quot;Variedades&quot;","block_context":{"text":"Variedades","link":"https:\/\/www.diariodeouropreto.com.br\/pt\/Editoria\/variedades\/"},"img":{"alt_text":"","src":"https:\/\/i0.wp.com\/www.diariodeouropreto.com.br\/wp-content\/uploads\/2026\/08\/unnamed.jpg?resize=350%2C200&ssl=1","width":350,"height":200,"srcset":"https:\/\/i0.wp.com\/www.diariodeouropreto.com.br\/wp-content\/uploads\/2026\/08\/unnamed.jpg?resize=350%2C200&ssl=1 1x, https:\/\/i0.wp.com\/www.diariodeouropreto.com.br\/wp-content\/uploads\/2026\/08\/unnamed.jpg?resize=525%2C300&ssl=1 1.5x, https:\/\/i0.wp.com\/www.diariodeouropreto.com.br\/wp-content\/uploads\/2026\/08\/unnamed.jpg?resize=700%2C400&ssl=1 2x"},"classes":[]},{"id":17506,"url":"https:\/\/www.diariodeouropreto.com.br\/pt\/programa-forca-local-samarco-lanca-2a-edicao-do-catalogo-eletronico-de-fornecedores-locais\/","url_meta":{"origin":55077,"position":4},"title":"Programa For\u00e7a Local: Samarco lan\u00e7a 2\u00aa edi\u00e7\u00e3o do Cat\u00e1logo Eletr\u00f4nico de Fornecedores Locais","author":"Di\u00e1rio de Ouro Preto","date":"28 de Julho de 2022","format":false,"excerpt":"A Samarco lan\u00e7ou hoje (28\/07) a segunda edi\u00e7\u00e3o do Cat\u00e1logo Eletr\u00f4nico de Fornecedores Locais, com a participa\u00e7\u00e3o de mais de 240 empresas de diversos segmentos. A a\u00e7\u00e3o \u00e9 uma das iniciativas atreladas ao programa For\u00e7a Local, que visa desenvolver e contribuir para a gera\u00e7\u00e3o de neg\u00f3cios nos territ\u00f3rios onde a\u2026","rel":"","context":"In &quot;Variedades&quot;","block_context":{"text":"Variedades","link":"https:\/\/www.diariodeouropreto.com.br\/pt\/Editoria\/variedades\/"},"img":{"alt_text":"","src":"https:\/\/i0.wp.com\/www.diariodeouropreto.com.br\/wp-content\/uploads\/2022\/07\/image001-1.png?resize=350%2C200&ssl=1","width":350,"height":200},"classes":[]},{"id":9499,"url":"https:\/\/www.diariodeouropreto.com.br\/pt\/forca-local-promove-capacitacao-gratuita-para-motorista-de-caminhao\/","url_meta":{"origin":55077,"position":5},"title":"For\u00e7a Local promove capacita\u00e7\u00e3o gratuita para motorista de caminh\u00e3o","author":"Di\u00e1rio de Ouro Preto","date":"23 de Julho de 2021","format":false,"excerpt":"A Samarco, por meio do programa For\u00e7a Local, abre nesta sexta-feira (23\/7), inscri\u00e7\u00f5es para curso de capacita\u00e7\u00e3o para motorista de caminh\u00e3o tra\u00e7ado. Em parceria com o Senai\/Mariana, ser\u00e3o ofertadas 30 vagas para profissionais moradores dos munic\u00edpios que recebem a Samarco em Minas Gerais \u2013 Mariana, Ouro Preto, Catas Altas e\u2026","rel":"","context":"In &quot;Minas Gerais&quot;","block_context":{"text":"Minas Gerais","link":"https:\/\/www.diariodeouropreto.com.br\/pt\/Editoria\/minas-gerais\/"},"img":{"alt_text":"","src":"https:\/\/i0.wp.com\/www.diariodeouropreto.com.br\/wp-content\/uploads\/2021\/07\/Forca-Local_Capacitacao-e1627060212733.png?resize=350%2C200&ssl=1","width":350,"height":200,"srcset":"https:\/\/i0.wp.com\/www.diariodeouropreto.com.br\/wp-content\/uploads\/2021\/07\/Forca-Local_Capacitacao-e1627060212733.png?resize=350%2C200&ssl=1 1x, https:\/\/i0.wp.com\/www.diariodeouropreto.com.br\/wp-content\/uploads\/2021\/07\/Forca-Local_Capacitacao-e1627060212733.png?resize=525%2C300&ssl=1 1.5x, https:\/\/i0.wp.com\/www.diariodeouropreto.com.br\/wp-content\/uploads\/2021\/07\/Forca-Local_Capacitacao-e1627060212733.png?resize=700%2C400&ssl=1 2x"},"classes":[]}],"jetpack_sharing_enabled":true,"amp_enabled":true,"jetpack_featured_media_url":"https:\/\/www.diariodeouropreto.com.br\/wp-content\/uploads\/2026\/08\/Samarco-Complexo-de-Ubu-em-Anchieta-ES-Pelotas-02-foto-Jefferson-Rocio-Nitro-scaled.jpg","_links":{"self":[{"href":"https:\/\/www.diariodeouropreto.com.br\/pt\/wp-json\/wp\/v2\/posts\/55077","targetHints":{"allow":["GET"]}}],"collection":[{"href":"https:\/\/www.diariodeouropreto.com.br\/pt\/wp-json\/wp\/v2\/posts"}],"about":[{"href":"https:\/\/www.diariodeouropreto.com.br\/pt\/wp-json\/wp\/v2\/types\/post"}],"author":[{"embeddable":true,"href":"https:\/\/www.diariodeouropreto.com.br\/pt\/wp-json\/wp\/v2\/users\/1"}],"replies":[{"embeddable":true,"href":"https:\/\/www.diariodeouropreto.com.br\/pt\/wp-json\/wp\/v2\/comments?post=55077"}],"version-history":[{"count":1,"href":"https:\/\/www.diariodeouropreto.com.br\/pt\/wp-json\/wp\/v2\/posts\/55077\/revisions"}],"predecessor-version":[{"id":55078,"href":"https:\/\/www.diariodeouropreto.com.br\/pt\/wp-json\/wp\/v2\/posts\/55077\/revisions\/55078"}],"wp:featuredmedia":[{"embeddable":true,"href":"https:\/\/www.diariodeouropreto.com.br\/pt\/wp-json\/wp\/v2\/media\/54893"}],"wp:attachment":[{"href":"https:\/\/www.diariodeouropreto.com.br\/pt\/wp-json\/wp\/v2\/media?parent=55077"}],"wp:term":[{"taxonomy":"category","embeddable":true,"href":"https:\/\/www.diariodeouropreto.com.br\/pt\/wp-json\/wp\/v2\/categories?post=55077"},{"taxonomy":"post_tag","embeddable":true,"href":"https:\/\/www.diariodeouropreto.com.br\/pt\/wp-json\/wp\/v2\/tags?post=55077"}],"curies":[{"name":"wp","href":"https:\/\/api.w.org\/{rel}","templated":true}]}}