{"id":55055,"date":"2026-09-01T17:02:28","date_gmt":"2026-09-01T20:02:28","guid":{"rendered":"https:\/\/www.diariodeouropreto.com.br\/santa-casa-de-ouro-preto-inaugura-hemodinamica\/"},"modified":"2026-09-01T17:04:15","modified_gmt":"2026-09-01T20:04:15","slug":"santa-casa-de-ouro-preto-inaugura-hemodinamica","status":"publish","type":"post","link":"https:\/\/www.diariodeouropreto.com.br\/pt\/santa-casa-de-ouro-preto-inaugura-hemodinamica\/","title":{"rendered":"Santa casa de Ouro Preto inaugura Hemodin\u00e2mica"},"content":{"rendered":"<h3 class=\"wp-block-heading\">A inaugura\u00e7\u00e3o do novo servi\u00e7o ser\u00e1 realizada no dia 4 de setembro, ampliando sua estrutura e fortalecendo o atendimento especializado<\/h3>\n\n\n\n<p class=\"wp-block-paragraph\"><br \/><br \/>A Santa Casa de Ouro Preto realiza, no dia 4 de setembro, \u00e0s 10h, a Inaugura\u00e7\u00e3o da Hemodin\u00e2mica, um momento de grande relev\u00e2ncia para a institui\u00e7\u00e3o e que representa mais um importante avan\u00e7o na qualidade da assist\u00eancia \u00e0 sa\u00fade.<br \/><br \/>A cerim\u00f4nia ser\u00e1 realizada no Audit\u00f3rio dos Provedores e reunir\u00e1 representantes da institui\u00e7\u00e3o, profissionais da sa\u00fade, autoridades, parceiros e convidados para celebrar a implanta\u00e7\u00e3o desse importante servi\u00e7o.<\/p>\n\n\n\n<p class=\"wp-block-paragraph\"><br>O servi\u00e7o de hemodin\u00e2mica \u00e9 uma \u00e1rea especializada da medicina que se dedica ao diagn\u00f3stico e tratamento de doen\u00e7as cardiovasculares, entre outras, utilizando procedimentos minimamente invasivos.\u00a0 <br><br>Entre os principais procedimentos realizados, destacam-se o Cateterismo e Angioplastia Coronarianas. Esse tratamento \u00e9 essencial para pacientes que sofreram Infarto Agudo do Mioc\u00e1rdio (IAM). <br><br>Considerando-se a elevada incid\u00eancia de doen\u00e7as cardiovasculares, na microrregi\u00e3o dos Inconfidentes, notadamente de Infarto Agudo do Mioc\u00e1rdio, principal causador de \u00f3bitos e sequelas, observa-se a relev\u00e2ncia de implanta\u00e7\u00e3o da Hemodin\u00e2mica na Santa Casa de Ouro Preto. Nesse processo, h\u00e1 o aumento do grau de complexidade e de resolutividade do Hospital por meio da oferta de atendimentos especializados e com mais qualidade.<\/p>\n\n\n\n<p class=\"wp-block-paragraph\"><br><br>A inaugura\u00e7\u00e3o da Hemodin\u00e2mica refor\u00e7a o compromisso da institui\u00e7\u00e3o com a qualifica\u00e7\u00e3o da assist\u00eancia, a amplia\u00e7\u00e3o da estrutura de atendimento e a busca cont\u00ednua por melhorias na \u00e1rea da sa\u00fade.<\/p>\n\n\n\n<figure class=\"wp-block-image size-large\"><img decoding=\"async\" width=\"1080\" height=\"1350\" data-attachment-id=\"55054\" data-permalink=\"https:\/\/www.diariodeouropreto.com.br\/pt\/santa-casa-de-ouro-preto-inaugura-hemodinamica\/img-20260901-wa0000\/\" data-orig-file=\"https:\/\/www.diariodeouropreto.com.br\/wp-content\/uploads\/2026\/09\/IMG-20260901-WA0000.jpg\" data-orig-size=\"1080,1350\" data-comments-opened=\"0\" data-image-meta=\"{&quot;aperture&quot;:&quot;0&quot;,&quot;credit&quot;:&quot;&quot;,&quot;camera&quot;:&quot;&quot;,&quot;caption&quot;:&quot;&quot;,&quot;created_timestamp&quot;:&quot;0&quot;,&quot;copyright&quot;:&quot;&quot;,&quot;focal_length&quot;:&quot;0&quot;,&quot;iso&quot;:&quot;0&quot;,&quot;shutter_speed&quot;:&quot;0&quot;,&quot;title&quot;:&quot;&quot;,&quot;orientation&quot;:&quot;0&quot;,&quot;alt&quot;:&quot;&quot;}\" data-image-title=\"IMG-20260901-WA0000\" data-image-description=\"\" data-image-caption=\"\" data-large-file=\"https:\/\/www.diariodeouropreto.com.br\/wp-content\/uploads\/2026\/09\/IMG-20260901-WA0000.jpg\" src=\"https:\/\/www.diariodeouropreto.com.br\/wp-content\/uploads\/2026\/09\/IMG-20260901-WA0000.jpg\" alt=\"\" class=\"wp-image-55054\" srcset=\"https:\/\/www.diariodeouropreto.com.br\/wp-content\/uploads\/2026\/09\/IMG-20260901-WA0000.jpg 1080w, https:\/\/www.diariodeouropreto.com.br\/wp-content\/uploads\/2026\/09\/IMG-20260901-WA0000-317x396.jpg 317w, https:\/\/www.diariodeouropreto.com.br\/wp-content\/uploads\/2026\/09\/IMG-20260901-WA0000-120x150.jpg 120w, https:\/\/www.diariodeouropreto.com.br\/wp-content\/uploads\/2026\/09\/IMG-20260901-WA0000-768x960.jpg 768w, https:\/\/www.diariodeouropreto.com.br\/wp-content\/uploads\/2026\/09\/IMG-20260901-WA0000-10x12.jpg 10w, https:\/\/www.diariodeouropreto.com.br\/wp-content\/uploads\/2026\/09\/IMG-20260901-WA0000-440x550.jpg 440w, https:\/\/www.diariodeouropreto.com.br\/wp-content\/uploads\/2026\/09\/IMG-20260901-WA0000-400x500.jpg 400w\" sizes=\"(max-width: 1080px) 100vw, 1080px\" \/><\/figure>\n\n\n\n<p class=\"wp-block-paragraph\"><\/p>\n\n\n\n<div id=\"152151\" class=\"advads-saneouro-2 advads-entity-placement\" style=\"margin-top: 3px;margin-bottom: 3px;margin-left: auto;margin-right: auto;text-align: center;\"><a href=\"https:\/\/www.saneouro.com.br\/\" target=\"_blank\" aria-label=\"DOP_Impresso\" data-wpel-link=\"external\" rel=\"follow external noopener noreferrer sponsored ugc\"><img src=\"https:\/\/www.diariodeouropreto.com.br\/wp-content\/uploads\/2026\/07\/DOP_Impresso.jpg\" alt=\"\"  srcset=\"https:\/\/www.diariodeouropreto.com.br\/wp-content\/uploads\/2026\/07\/DOP_Impresso.jpg 1181w, https:\/\/www.diariodeouropreto.com.br\/wp-content\/uploads\/2026\/07\/DOP_Impresso-396x396.jpg 396w, https:\/\/www.diariodeouropreto.com.br\/wp-content\/uploads\/2026\/07\/DOP_Impresso-150x150.jpg 150w, https:\/\/www.diariodeouropreto.com.br\/wp-content\/uploads\/2026\/07\/DOP_Impresso-768x768.jpg 768w, https:\/\/www.diariodeouropreto.com.br\/wp-content\/uploads\/2026\/07\/DOP_Impresso-12x12.jpg 12w, https:\/\/www.diariodeouropreto.com.br\/wp-content\/uploads\/2026\/07\/DOP_Impresso-465x465.jpg 465w, https:\/\/www.diariodeouropreto.com.br\/wp-content\/uploads\/2026\/07\/DOP_Impresso-500x500.jpg 500w\" sizes=\"(max-width: 1181px) 100vw, 1181px\" width=\"400\" height=\"400\"  style=\"display: inline-block;\" \/><\/a><\/div><p class=\"wp-block-paragraph\">Fonte: Assessoria Santa Casa de Ouro Preto <\/p>","protected":false},"excerpt":{"rendered":"<p>A inaugura\u00e7\u00e3o do novo servi\u00e7o ser\u00e1 realizada no dia 4 de setembro, ampliando sua estrutura e fortalecendo o atendimento especializado A Santa Casa de Ouro Preto realiza, no dia 4 de setembro, \u00e0s 10h, a Inaugura\u00e7\u00e3o da Hemodin\u00e2mica, um momento de grande relev\u00e2ncia para a institui\u00e7\u00e3o e que representa mais<span class=\"more-link\"><a href=\"https:\/\/www.diariodeouropreto.com.br\/pt\/santa-casa-de-ouro-preto-inaugura-hemodinamica\/\" data-wpel-link=\"internal\">Continue Lendo<\/a><\/span><\/p>\n<p><span class=\"more-link\"><a href=\"https:\/\/www.diariodeouropreto.com.br\/pt\/santa-casa-de-ouro-preto-inaugura-hemodinamica\/\" data-wpel-link=\"internal\">Continue Lendo<\/a><\/span><\/p>","protected":false},"author":1,"featured_media":55054,"comment_status":"closed","ping_status":"","sticky":false,"template":"","format":"standard","meta":{"_jetpack_newsletter_access":"","_jetpack_dont_email_post_to_subs":false,"_jetpack_newsletter_tier_id":0,"_jetpack_memberships_contains_paywalled_content":false,"_jetpack_feature_clip_id":0,"_jetpack_memberships_contains_paid_content":false,"footnotes":"","jetpack_publicize_message":"A inaugura\u00e7\u00e3o do novo servi\u00e7o ser\u00e1 realizada no dia 4 de setembro, ampliando sua estrutura e fortalecendo o atendimento especializado","jetpack_publicize_feature_enabled":true,"jetpack_social_post_already_shared":true,"jetpack_social_options":{"image_generator_settings":{"template":"highway","default_image_id":0,"font":"","enabled":false},"version":2},"jetpack_post_was_ever_published":false},"categories":[61],"tags":[18,2128],"class_list":["entry","author-diario","has-excerpt","post-55055","post","type-post","status-publish","format-standard","has-post-thumbnail","category-saude","tag-ouro-preto","tag-santa-casa"],"yoast_head":"<!-- This site is optimized with the Yoast SEO plugin v28.4 - https:\/\/yoast.com\/product\/yoast-seo-wordpress\/ -->\n<title>Santa casa de Ouro Preto inaugura Hemodin\u00e2mica - Di\u00e1rio de Ouro Preto<\/title>\n<meta name=\"description\" content=\"- Santa casa de Ouro Preto inaugura Hemodin\u00e2mica -\" \/>\n<meta name=\"robots\" content=\"index, follow, max-snippet:-1, max-image-preview:large, max-video-preview:-1\" \/>\n<link rel=\"canonical\" href=\"https:\/\/www.diariodeouropreto.com.br\/pt\/santa-casa-de-ouro-preto-inaugura-hemodinamica\/\" \/>\n<meta property=\"og:locale\" content=\"pt_PT\" \/>\n<meta property=\"og:type\" content=\"article\" \/>\n<meta property=\"og:title\" content=\"Santa casa de Ouro Preto inaugura Hemodin\u00e2mica - Di\u00e1rio de Ouro Preto\" \/>\n<meta property=\"og:description\" content=\"- Santa casa de Ouro Preto inaugura Hemodin\u00e2mica -\" \/>\n<meta property=\"og:url\" content=\"https:\/\/www.diariodeouropreto.com.br\/pt\/santa-casa-de-ouro-preto-inaugura-hemodinamica\/\" \/>\n<meta property=\"og:site_name\" content=\"Di\u00e1rio de Ouro Preto\" \/>\n<meta property=\"article:publisher\" content=\"https:\/\/www.facebook.com\/diariodeouropreto\/\" \/>\n<meta property=\"article:published_time\" content=\"2026-09-01T20:02:28+00:00\" \/>\n<meta property=\"article:modified_time\" content=\"2026-09-01T20:04:15+00:00\" \/>\n<meta property=\"og:image\" content=\"https:\/\/www.diariodeouropreto.com.br\/wp-content\/uploads\/2026\/09\/IMG-20260901-WA0000.jpg\" \/>\n\t<meta property=\"og:image:width\" content=\"1080\" \/>\n\t<meta property=\"og:image:height\" content=\"1350\" \/>\n\t<meta property=\"og:image:type\" content=\"image\/jpeg\" \/>\n<meta name=\"author\" content=\"Di\u00e1rio de Ouro Preto\" \/>\n<meta name=\"twitter:card\" content=\"summary_large_image\" \/>\n<meta name=\"twitter:label1\" content=\"Escrito por\" \/>\n\t<meta name=\"twitter:data1\" content=\"Di\u00e1rio de Ouro Preto\" \/>\n\t<meta name=\"twitter:label2\" content=\"Tempo estimado de leitura\" \/>\n\t<meta name=\"twitter:data2\" content=\"1 minuto\" \/>\n<script type=\"application\/ld+json\" class=\"yoast-schema-graph\">{\"@context\":\"https:\\\/\\\/schema.org\",\"@graph\":[{\"@type\":\"Article\",\"@id\":\"https:\\\/\\\/www.diariodeouropreto.com.br\\\/santa-casa-de-ouro-preto-inaugura-hemodinamica\\\/#article\",\"isPartOf\":{\"@id\":\"https:\\\/\\\/www.diariodeouropreto.com.br\\\/santa-casa-de-ouro-preto-inaugura-hemodinamica\\\/\"},\"author\":{\"name\":\"Di\u00e1rio de Ouro Preto\",\"@id\":\"https:\\\/\\\/www.diariodeouropreto.com.br\\\/pt\\\/#\\\/schema\\\/person\\\/7654e7b471204a6dab6dc0ce6e140c99\"},\"headline\":\"Santa casa de Ouro Preto inaugura Hemodin\u00e2mica\",\"datePublished\":\"2026-09-01T20:02:28+00:00\",\"dateModified\":\"2026-09-01T20:04:15+00:00\",\"mainEntityOfPage\":{\"@id\":\"https:\\\/\\\/www.diariodeouropreto.com.br\\\/santa-casa-de-ouro-preto-inaugura-hemodinamica\\\/\"},\"wordCount\":273,\"publisher\":{\"@id\":\"https:\\\/\\\/www.diariodeouropreto.com.br\\\/pt\\\/#organization\"},\"image\":{\"@id\":\"https:\\\/\\\/www.diariodeouropreto.com.br\\\/santa-casa-de-ouro-preto-inaugura-hemodinamica\\\/#primaryimage\"},\"thumbnailUrl\":\"https:\\\/\\\/www.diariodeouropreto.com.br\\\/wp-content\\\/uploads\\\/2026\\\/09\\\/IMG-20260901-WA0000.jpg\",\"keywords\":[\"Ouro Preto\",\"Santa Casa\"],\"articleSection\":[\"Sa\u00fade\"],\"inLanguage\":\"pt-PT\"},{\"@type\":\"WebPage\",\"@id\":\"https:\\\/\\\/www.diariodeouropreto.com.br\\\/santa-casa-de-ouro-preto-inaugura-hemodinamica\\\/\",\"url\":\"https:\\\/\\\/www.diariodeouropreto.com.br\\\/santa-casa-de-ouro-preto-inaugura-hemodinamica\\\/\",\"name\":\"Santa casa de Ouro Preto inaugura Hemodin\u00e2mica - Di\u00e1rio de Ouro Preto\",\"isPartOf\":{\"@id\":\"https:\\\/\\\/www.diariodeouropreto.com.br\\\/pt\\\/#website\"},\"primaryImageOfPage\":{\"@id\":\"https:\\\/\\\/www.diariodeouropreto.com.br\\\/santa-casa-de-ouro-preto-inaugura-hemodinamica\\\/#primaryimage\"},\"image\":{\"@id\":\"https:\\\/\\\/www.diariodeouropreto.com.br\\\/santa-casa-de-ouro-preto-inaugura-hemodinamica\\\/#primaryimage\"},\"thumbnailUrl\":\"https:\\\/\\\/www.diariodeouropreto.com.br\\\/wp-content\\\/uploads\\\/2026\\\/09\\\/IMG-20260901-WA0000.jpg\",\"datePublished\":\"2026-09-01T20:02:28+00:00\",\"dateModified\":\"2026-09-01T20:04:15+00:00\",\"description\":\"- Santa casa de Ouro Preto inaugura Hemodin\u00e2mica -\",\"breadcrumb\":{\"@id\":\"https:\\\/\\\/www.diariodeouropreto.com.br\\\/santa-casa-de-ouro-preto-inaugura-hemodinamica\\\/#breadcrumb\"},\"inLanguage\":\"pt-PT\",\"potentialAction\":[{\"@type\":\"ReadAction\",\"target\":[\"https:\\\/\\\/www.diariodeouropreto.com.br\\\/santa-casa-de-ouro-preto-inaugura-hemodinamica\\\/\"]}]},{\"@type\":\"ImageObject\",\"inLanguage\":\"pt-PT\",\"@id\":\"https:\\\/\\\/www.diariodeouropreto.com.br\\\/santa-casa-de-ouro-preto-inaugura-hemodinamica\\\/#primaryimage\",\"url\":\"https:\\\/\\\/www.diariodeouropreto.com.br\\\/wp-content\\\/uploads\\\/2026\\\/09\\\/IMG-20260901-WA0000.jpg\",\"contentUrl\":\"https:\\\/\\\/www.diariodeouropreto.com.br\\\/wp-content\\\/uploads\\\/2026\\\/09\\\/IMG-20260901-WA0000.jpg\",\"width\":1080,\"height\":1350},{\"@type\":\"BreadcrumbList\",\"@id\":\"https:\\\/\\\/www.diariodeouropreto.com.br\\\/santa-casa-de-ouro-preto-inaugura-hemodinamica\\\/#breadcrumb\",\"itemListElement\":[{\"@type\":\"ListItem\",\"position\":1,\"name\":\"In\u00edcio\",\"item\":\"https:\\\/\\\/www.diariodeouropreto.com.br\\\/pt\\\/\"},{\"@type\":\"ListItem\",\"position\":2,\"name\":\"Santa casa de Ouro Preto inaugura Hemodin\u00e2mica\"}]},{\"@type\":\"WebSite\",\"@id\":\"https:\\\/\\\/www.diariodeouropreto.com.br\\\/pt\\\/#website\",\"url\":\"https:\\\/\\\/www.diariodeouropreto.com.br\\\/pt\\\/\",\"name\":\"Di\u00e1rio de Ouro Preto\",\"description\":\"Not\u00edcias Ouro Preto; Mariana;Minas Gerais;Jornal;Jornalismo;Not\u00edcias;\",\"publisher\":{\"@id\":\"https:\\\/\\\/www.diariodeouropreto.com.br\\\/pt\\\/#organization\"},\"alternateName\":\"Jornal di\u00e1rio de Ouro Preto\",\"potentialAction\":[{\"@type\":\"SearchAction\",\"target\":{\"@type\":\"EntryPoint\",\"urlTemplate\":\"https:\\\/\\\/www.diariodeouropreto.com.br\\\/pt\\\/?s={search_term_string}\"},\"query-input\":{\"@type\":\"PropertyValueSpecification\",\"valueRequired\":true,\"valueName\":\"search_term_string\"}}],\"inLanguage\":\"pt-PT\"},{\"@type\":\"Organization\",\"@id\":\"https:\\\/\\\/www.diariodeouropreto.com.br\\\/pt\\\/#organization\",\"name\":\"Di\u00e1rio de Ouro Preto\",\"alternateName\":\"Jornal di\u00e1rio Ouro Preto\",\"url\":\"https:\\\/\\\/www.diariodeouropreto.com.br\\\/pt\\\/\",\"logo\":{\"@type\":\"ImageObject\",\"inLanguage\":\"pt-PT\",\"@id\":\"https:\\\/\\\/www.diariodeouropreto.com.br\\\/pt\\\/#\\\/schema\\\/logo\\\/image\\\/\",\"url\":\"https:\\\/\\\/www.diariodeouropreto.com.br\\\/wp-content\\\/uploads\\\/2019\\\/06\\\/cropped-logotransp-2.png\",\"contentUrl\":\"https:\\\/\\\/www.diariodeouropreto.com.br\\\/wp-content\\\/uploads\\\/2019\\\/06\\\/cropped-logotransp-2.png\",\"width\":1323,\"height\":251,\"caption\":\"Di\u00e1rio de Ouro Preto\"},\"image\":{\"@id\":\"https:\\\/\\\/www.diariodeouropreto.com.br\\\/pt\\\/#\\\/schema\\\/logo\\\/image\\\/\"},\"sameAs\":[\"https:\\\/\\\/www.facebook.com\\\/diariodeouropreto\\\/\"]},{\"@type\":\"Person\",\"@id\":\"https:\\\/\\\/www.diariodeouropreto.com.br\\\/pt\\\/#\\\/schema\\\/person\\\/7654e7b471204a6dab6dc0ce6e140c99\",\"name\":\"Di\u00e1rio de Ouro Preto\",\"sameAs\":[\"http:\\\/\\\/www.diariodeouropreto.com.br\"],\"url\":\"https:\\\/\\\/www.diariodeouropreto.com.br\\\/pt\\\/author\\\/diario\\\/\"}]}<\/script>\n<!-- \/ Yoast SEO plugin. -->","yoast_head_json":{"title":"Santa casa de Ouro Preto inaugura Hemodin\u00e2mica - Di\u00e1rio de Ouro Preto","description":"- Santa casa de Ouro Preto inaugura Hemodin\u00e2mica -","robots":{"index":"index","follow":"follow","max-snippet":"max-snippet:-1","max-image-preview":"max-image-preview:large","max-video-preview":"max-video-preview:-1"},"canonical":"https:\/\/www.diariodeouropreto.com.br\/pt\/santa-casa-de-ouro-preto-inaugura-hemodinamica\/","og_locale":"pt_PT","og_type":"article","og_title":"Santa casa de Ouro Preto inaugura Hemodin\u00e2mica - Di\u00e1rio de Ouro Preto","og_description":"- Santa casa de Ouro Preto inaugura Hemodin\u00e2mica -","og_url":"https:\/\/www.diariodeouropreto.com.br\/pt\/santa-casa-de-ouro-preto-inaugura-hemodinamica\/","og_site_name":"Di\u00e1rio de Ouro Preto","article_publisher":"https:\/\/www.facebook.com\/diariodeouropreto\/","article_published_time":"2026-09-01T20:02:28+00:00","article_modified_time":"2026-09-01T20:04:15+00:00","og_image":[{"width":1080,"height":1350,"url":"https:\/\/www.diariodeouropreto.com.br\/wp-content\/uploads\/2026\/09\/IMG-20260901-WA0000.jpg","type":"image\/jpeg"}],"author":"Di\u00e1rio de Ouro Preto","twitter_card":"summary_large_image","twitter_misc":{"Escrito por":"Di\u00e1rio de Ouro Preto","Tempo estimado de leitura":"1 minuto"},"schema":{"@context":"https:\/\/schema.org","@graph":[{"@type":"Article","@id":"https:\/\/www.diariodeouropreto.com.br\/santa-casa-de-ouro-preto-inaugura-hemodinamica\/#article","isPartOf":{"@id":"https:\/\/www.diariodeouropreto.com.br\/santa-casa-de-ouro-preto-inaugura-hemodinamica\/"},"author":{"name":"Di\u00e1rio de Ouro Preto","@id":"https:\/\/www.diariodeouropreto.com.br\/pt\/#\/schema\/person\/7654e7b471204a6dab6dc0ce6e140c99"},"headline":"Santa casa de Ouro Preto inaugura Hemodin\u00e2mica","datePublished":"2026-09-01T20:02:28+00:00","dateModified":"2026-09-01T20:04:15+00:00","mainEntityOfPage":{"@id":"https:\/\/www.diariodeouropreto.com.br\/santa-casa-de-ouro-preto-inaugura-hemodinamica\/"},"wordCount":273,"publisher":{"@id":"https:\/\/www.diariodeouropreto.com.br\/pt\/#organization"},"image":{"@id":"https:\/\/www.diariodeouropreto.com.br\/santa-casa-de-ouro-preto-inaugura-hemodinamica\/#primaryimage"},"thumbnailUrl":"https:\/\/www.diariodeouropreto.com.br\/wp-content\/uploads\/2026\/09\/IMG-20260901-WA0000.jpg","keywords":["Ouro Preto","Santa Casa"],"articleSection":["Sa\u00fade"],"inLanguage":"pt-PT"},{"@type":"WebPage","@id":"https:\/\/www.diariodeouropreto.com.br\/santa-casa-de-ouro-preto-inaugura-hemodinamica\/","url":"https:\/\/www.diariodeouropreto.com.br\/santa-casa-de-ouro-preto-inaugura-hemodinamica\/","name":"Santa casa de Ouro Preto inaugura Hemodin\u00e2mica - Di\u00e1rio de Ouro Preto","isPartOf":{"@id":"https:\/\/www.diariodeouropreto.com.br\/pt\/#website"},"primaryImageOfPage":{"@id":"https:\/\/www.diariodeouropreto.com.br\/santa-casa-de-ouro-preto-inaugura-hemodinamica\/#primaryimage"},"image":{"@id":"https:\/\/www.diariodeouropreto.com.br\/santa-casa-de-ouro-preto-inaugura-hemodinamica\/#primaryimage"},"thumbnailUrl":"https:\/\/www.diariodeouropreto.com.br\/wp-content\/uploads\/2026\/09\/IMG-20260901-WA0000.jpg","datePublished":"2026-09-01T20:02:28+00:00","dateModified":"2026-09-01T20:04:15+00:00","description":"- Santa casa de Ouro Preto inaugura Hemodin\u00e2mica -","breadcrumb":{"@id":"https:\/\/www.diariodeouropreto.com.br\/santa-casa-de-ouro-preto-inaugura-hemodinamica\/#breadcrumb"},"inLanguage":"pt-PT","potentialAction":[{"@type":"ReadAction","target":["https:\/\/www.diariodeouropreto.com.br\/santa-casa-de-ouro-preto-inaugura-hemodinamica\/"]}]},{"@type":"ImageObject","inLanguage":"pt-PT","@id":"https:\/\/www.diariodeouropreto.com.br\/santa-casa-de-ouro-preto-inaugura-hemodinamica\/#primaryimage","url":"https:\/\/www.diariodeouropreto.com.br\/wp-content\/uploads\/2026\/09\/IMG-20260901-WA0000.jpg","contentUrl":"https:\/\/www.diariodeouropreto.com.br\/wp-content\/uploads\/2026\/09\/IMG-20260901-WA0000.jpg","width":1080,"height":1350},{"@type":"BreadcrumbList","@id":"https:\/\/www.diariodeouropreto.com.br\/santa-casa-de-ouro-preto-inaugura-hemodinamica\/#breadcrumb","itemListElement":[{"@type":"ListItem","position":1,"name":"In\u00edcio","item":"https:\/\/www.diariodeouropreto.com.br\/pt\/"},{"@type":"ListItem","position":2,"name":"Santa casa de Ouro Preto inaugura Hemodin\u00e2mica"}]},{"@type":"WebSite","@id":"https:\/\/www.diariodeouropreto.com.br\/pt\/#website","url":"https:\/\/www.diariodeouropreto.com.br\/pt\/","name":"Di\u00e1rio de Ouro Preto","description":"Not\u00edcias Ouro Preto; Mariana;Minas Gerais;Jornal;Jornalismo;Not\u00edcias;","publisher":{"@id":"https:\/\/www.diariodeouropreto.com.br\/pt\/#organization"},"alternateName":"Jornal di\u00e1rio de Ouro Preto","potentialAction":[{"@type":"SearchAction","target":{"@type":"EntryPoint","urlTemplate":"https:\/\/www.diariodeouropreto.com.br\/pt\/?s={search_term_string}"},"query-input":{"@type":"PropertyValueSpecification","valueRequired":true,"valueName":"search_term_string"}}],"inLanguage":"pt-PT"},{"@type":"Organization","@id":"https:\/\/www.diariodeouropreto.com.br\/pt\/#organization","name":"Di\u00e1rio de Ouro Preto","alternateName":"Jornal di\u00e1rio Ouro Preto","url":"https:\/\/www.diariodeouropreto.com.br\/pt\/","logo":{"@type":"ImageObject","inLanguage":"pt-PT","@id":"https:\/\/www.diariodeouropreto.com.br\/pt\/#\/schema\/logo\/image\/","url":"https:\/\/www.diariodeouropreto.com.br\/wp-content\/uploads\/2019\/06\/cropped-logotransp-2.png","contentUrl":"https:\/\/www.diariodeouropreto.com.br\/wp-content\/uploads\/2019\/06\/cropped-logotransp-2.png","width":1323,"height":251,"caption":"Di\u00e1rio de Ouro Preto"},"image":{"@id":"https:\/\/www.diariodeouropreto.com.br\/pt\/#\/schema\/logo\/image\/"},"sameAs":["https:\/\/www.facebook.com\/diariodeouropreto\/"]},{"@type":"Person","@id":"https:\/\/www.diariodeouropreto.com.br\/pt\/#\/schema\/person\/7654e7b471204a6dab6dc0ce6e140c99","name":"Di\u00e1rio de Ouro Preto","sameAs":["http:\/\/www.diariodeouropreto.com.br"],"url":"https:\/\/www.diariodeouropreto.com.br\/pt\/author\/diario\/"}]}},"jetpack_publicize_connections":[],"jetpack-related-posts":[{"id":48797,"url":"https:\/\/www.diariodeouropreto.com.br\/pt\/santa-casa-de-ouro-preto-busca-recursos-para-ampliar-instalacoes-e-oferecer-novos-servicos\/","url_meta":{"origin":55055,"position":0},"title":"Santa Casa de Ouro Preto busca recursos para ampliar instala\u00e7\u00f5es e oferecer novos servi\u00e7os","author":"Di\u00e1rio de Ouro Preto","date":"14 de Novembro de 2025","format":false,"excerpt":"Ouro Preto - Os vereadores assistiram ontem \u00e0 apresenta\u00e7\u00e3o do projeto de amplia\u00e7\u00e3o da Santa Casa de Ouro Preto, que prev\u00ea a constru\u00e7\u00e3o de 1.300m\u00b2, ampliando \u00e1reas para pronto atendimento, hemodin\u00e2mica, bloco cir\u00fargico e 10 leitos de UTI.\u00a0 O primeiro andar ter\u00e1 a amplia\u00e7\u00e3o do Pronto Atendimento, ser\u00e3o ampliados 370\u2026","rel":"","context":"In &quot;Ouro Preto&quot;","block_context":{"text":"Ouro Preto","link":"https:\/\/www.diariodeouropreto.com.br\/pt\/Editoria\/ouro-preto\/"},"img":{"alt_text":"","src":"https:\/\/i0.wp.com\/www.diariodeouropreto.com.br\/wp-content\/uploads\/2025\/11\/Imagem-do-WhatsApp-de-2025-11-13-as-18.12.06_8d4c1559.jpg?resize=350%2C200&ssl=1","width":350,"height":200,"srcset":"https:\/\/i0.wp.com\/www.diariodeouropreto.com.br\/wp-content\/uploads\/2025\/11\/Imagem-do-WhatsApp-de-2025-11-13-as-18.12.06_8d4c1559.jpg?resize=350%2C200&ssl=1 1x, https:\/\/i0.wp.com\/www.diariodeouropreto.com.br\/wp-content\/uploads\/2025\/11\/Imagem-do-WhatsApp-de-2025-11-13-as-18.12.06_8d4c1559.jpg?resize=525%2C300&ssl=1 1.5x, https:\/\/i0.wp.com\/www.diariodeouropreto.com.br\/wp-content\/uploads\/2025\/11\/Imagem-do-WhatsApp-de-2025-11-13-as-18.12.06_8d4c1559.jpg?resize=700%2C400&ssl=1 2x, https:\/\/i0.wp.com\/www.diariodeouropreto.com.br\/wp-content\/uploads\/2025\/11\/Imagem-do-WhatsApp-de-2025-11-13-as-18.12.06_8d4c1559.jpg?resize=1050%2C600&ssl=1 3x"},"classes":[]},{"id":53007,"url":"https:\/\/www.diariodeouropreto.com.br\/pt\/cidades-atingidas-pelo-rompimento-da-barragem-de-fundao-recebem-mais-r-243-milhoes-para-fortalecer-o-sus\/","url_meta":{"origin":55055,"position":1},"title":"Cidades atingidas pelo rompimento da barragem de Fund\u00e3o recebem mais R$ 243 milh\u00f5es para fortalecer o SUS","author":"Di\u00e1rio de Ouro Preto","date":"12 de Junho de 2026","format":false,"excerpt":"Ministro da Sa\u00fade, Alexandre Padilha, anunciou repasses aos 49 munic\u00edpios mineiros e capixabas afetados no maior desastre ambiental do Brasil, R$ 284 milh\u00f5es para Hospital Universit\u00e1rio de Mariana, al\u00e9m de 70 ve\u00edculos Mariana - O ministro da Sa\u00fade, Alexandre Padilha, anunciou nesta quinta-feira (11), em Mariana, o repasse de mais\u2026","rel":"","context":"In &quot;Manchete do dia&quot;","block_context":{"text":"Manchete do dia","link":"https:\/\/www.diariodeouropreto.com.br\/pt\/Editoria\/manchete-do-dia\/"},"img":{"alt_text":"","src":"https:\/\/i0.wp.com\/www.diariodeouropreto.com.br\/wp-content\/uploads\/2026\/06\/capa.jpg?resize=350%2C200&ssl=1","width":350,"height":200,"srcset":"https:\/\/i0.wp.com\/www.diariodeouropreto.com.br\/wp-content\/uploads\/2026\/06\/capa.jpg?resize=350%2C200&ssl=1 1x, https:\/\/i0.wp.com\/www.diariodeouropreto.com.br\/wp-content\/uploads\/2026\/06\/capa.jpg?resize=525%2C300&ssl=1 1.5x, https:\/\/i0.wp.com\/www.diariodeouropreto.com.br\/wp-content\/uploads\/2026\/06\/capa.jpg?resize=700%2C400&ssl=1 2x, https:\/\/i0.wp.com\/www.diariodeouropreto.com.br\/wp-content\/uploads\/2026\/06\/capa.jpg?resize=1050%2C600&ssl=1 3x"},"classes":[]},{"id":4317,"url":"https:\/\/www.diariodeouropreto.com.br\/pt\/clinica-de-olhos-inicia-as-suas-atividades-na-policlinica-do-sao-cristovao\/","url_meta":{"origin":55055,"position":2},"title":"Cl\u00ednica de Olhos inicia as suas atividades na policl\u00ednica do S\u00e3o Crist\u00f3v\u00e3o","author":"Di\u00e1rio de Ouro Preto","date":"20 de Julho de 2020","format":false,"excerpt":"Ouro Preto - A partir de hoje, 20\/07, come\u00e7a a funcionar na Policl\u00ednica, no Bairro S\u00e3o Crist\u00f3v\u00e3o, a Cl\u00ednica de Olhos de Ouro Preto. Agora, a popula\u00e7\u00e3o passa a ter assist\u00eancia m\u00e9dica completa, gratuita e integral, dentro do munic\u00edpio, n\u00e3o sendo necess\u00e1rio o deslocamento de pacientes para Belo Horizonte e\u2026","rel":"","context":"In &quot;Sa\u00fade&quot;","block_context":{"text":"Sa\u00fade","link":"https:\/\/www.diariodeouropreto.com.br\/pt\/Editoria\/saude\/"},"img":{"alt_text":"","src":"https:\/\/i0.wp.com\/www.diariodeouropreto.com.br\/wp-content\/uploads\/2020\/07\/Clinica-dos-Olhos-3.jpeg?resize=350%2C200&ssl=1","width":350,"height":200,"srcset":"https:\/\/i0.wp.com\/www.diariodeouropreto.com.br\/wp-content\/uploads\/2020\/07\/Clinica-dos-Olhos-3.jpeg?resize=350%2C200&ssl=1 1x, https:\/\/i0.wp.com\/www.diariodeouropreto.com.br\/wp-content\/uploads\/2020\/07\/Clinica-dos-Olhos-3.jpeg?resize=525%2C300&ssl=1 1.5x, https:\/\/i0.wp.com\/www.diariodeouropreto.com.br\/wp-content\/uploads\/2020\/07\/Clinica-dos-Olhos-3.jpeg?resize=700%2C400&ssl=1 2x"},"classes":[]},{"id":51004,"url":"https:\/\/www.diariodeouropreto.com.br\/pt\/nova-casa-de-apoio-de-mariana-e-inaugurada-em-belo-horizonte\/","url_meta":{"origin":55055,"position":3},"title":"Nova Casa de Apoio de Mariana \u00e9 inaugurada em Belo Horizonte","author":"Di\u00e1rio de Ouro Preto","date":"18 de Mar\u00e7o de 2026","format":false,"excerpt":"A Prefeitura de Mariana, por meio da Secretaria de Sa\u00fade, inaugurou nesta ter\u00e7a-feira (17) a nova Casa de Apoio do munic\u00edpio, em Belo Horizonte. O espa\u00e7o \u00e9 destinado ao acolhimento provis\u00f3rio de pacientes marianenses que precisam se deslocar at\u00e9 a capital para realizar consultas, exames e tratamentos m\u00e9dicos. Localizada em\u2026","rel":"","context":"In &quot;Mariana&quot;","block_context":{"text":"Mariana","link":"https:\/\/www.diariodeouropreto.com.br\/pt\/Editoria\/mariana\/"},"img":{"alt_text":"","src":"https:\/\/i0.wp.com\/www.diariodeouropreto.com.br\/wp-content\/uploads\/2026\/03\/WhatsApp-Image-2026-03-18-at-11.22.19-4.jpeg?resize=350%2C200&ssl=1","width":350,"height":200,"srcset":"https:\/\/i0.wp.com\/www.diariodeouropreto.com.br\/wp-content\/uploads\/2026\/03\/WhatsApp-Image-2026-03-18-at-11.22.19-4.jpeg?resize=350%2C200&ssl=1 1x, https:\/\/i0.wp.com\/www.diariodeouropreto.com.br\/wp-content\/uploads\/2026\/03\/WhatsApp-Image-2026-03-18-at-11.22.19-4.jpeg?resize=525%2C300&ssl=1 1.5x, https:\/\/i0.wp.com\/www.diariodeouropreto.com.br\/wp-content\/uploads\/2026\/03\/WhatsApp-Image-2026-03-18-at-11.22.19-4.jpeg?resize=700%2C400&ssl=1 2x, https:\/\/i0.wp.com\/www.diariodeouropreto.com.br\/wp-content\/uploads\/2026\/03\/WhatsApp-Image-2026-03-18-at-11.22.19-4.jpeg?resize=1050%2C600&ssl=1 3x"},"classes":[]},{"id":50960,"url":"https:\/\/www.diariodeouropreto.com.br\/pt\/deputado-estadual-wendel-mesquita-anuncia-emenda-para-a-santa-casa-de-ouro-preto\/","url_meta":{"origin":55055,"position":4},"title":"Deputado Estadual Wendel Mesquita anuncia emenda para a Santa Casa de Ouro Preto\u00a0","author":"Di\u00e1rio de Ouro Preto","date":"17 de Mar\u00e7o de 2026","format":false,"excerpt":"A Santa Casa de Ouro Preto recebeu, no dia 13 de mar\u00e7o de 2026, a visita do deputado estadual Professor Wendel Mesquita, que anunciou o compromisso de destinar R$ 700 mil em emendas parlamentares para a institui\u00e7\u00e3o. A visita contou com a presen\u00e7a do assessor e coordenador-geral do gabinete do\u2026","rel":"","context":"In &quot;Pol\u00edtica&quot;","block_context":{"text":"Pol\u00edtica","link":"https:\/\/www.diariodeouropreto.com.br\/pt\/Editoria\/politica\/"},"img":{"alt_text":"","src":"https:\/\/i0.wp.com\/www.diariodeouropreto.com.br\/wp-content\/uploads\/2026\/03\/IMG_9386-1.jpg?resize=350%2C200&ssl=1","width":350,"height":200,"srcset":"https:\/\/i0.wp.com\/www.diariodeouropreto.com.br\/wp-content\/uploads\/2026\/03\/IMG_9386-1.jpg?resize=350%2C200&ssl=1 1x, https:\/\/i0.wp.com\/www.diariodeouropreto.com.br\/wp-content\/uploads\/2026\/03\/IMG_9386-1.jpg?resize=525%2C300&ssl=1 1.5x, https:\/\/i0.wp.com\/www.diariodeouropreto.com.br\/wp-content\/uploads\/2026\/03\/IMG_9386-1.jpg?resize=700%2C400&ssl=1 2x, https:\/\/i0.wp.com\/www.diariodeouropreto.com.br\/wp-content\/uploads\/2026\/03\/IMG_9386-1.jpg?resize=1050%2C600&ssl=1 3x"},"classes":[]},{"id":11453,"url":"https:\/\/www.diariodeouropreto.com.br\/pt\/prefeitura-participa-da-inauguracao-das-novas-instalacoes-da-santa-casa-de-misericordia\/","url_meta":{"origin":55055,"position":5},"title":"Prefeitura participa da inaugura\u00e7\u00e3o das novas instala\u00e7\u00f5es da Santa Casa de Miseric\u00f3rdia","author":"Di\u00e1rio de Ouro Preto","date":"26 de Novembro de 2021","format":false,"excerpt":"Na manh\u00e3 desta quinta-feira, 25, a Prefeitura participou da inaugura\u00e7\u00e3o das novas instala\u00e7\u00f5es na Santa Casa de Miseric\u00f3rdia de Ouro Preto, que buscam melhorar a infraestrutura e o atendimento a todos os cidad\u00e3os que precisam daqueles servi\u00e7os. Os ambientes inaugurados e que sofreram interven\u00e7\u00f5es nas estruturas f\u00edsicas foram: maternidade, pediatria,\u2026","rel":"","context":"In &quot;Ouro Preto&quot;","block_context":{"text":"Ouro Preto","link":"https:\/\/www.diariodeouropreto.com.br\/pt\/Editoria\/ouro-preto\/"},"img":{"alt_text":"","src":"https:\/\/i0.wp.com\/www.diariodeouropreto.com.br\/wp-content\/uploads\/2021\/11\/51704603368_17286654a8_k-e1637946409601.jpg?resize=350%2C200&ssl=1","width":350,"height":200,"srcset":"https:\/\/i0.wp.com\/www.diariodeouropreto.com.br\/wp-content\/uploads\/2021\/11\/51704603368_17286654a8_k-e1637946409601.jpg?resize=350%2C200&ssl=1 1x, https:\/\/i0.wp.com\/www.diariodeouropreto.com.br\/wp-content\/uploads\/2021\/11\/51704603368_17286654a8_k-e1637946409601.jpg?resize=525%2C300&ssl=1 1.5x, https:\/\/i0.wp.com\/www.diariodeouropreto.com.br\/wp-content\/uploads\/2021\/11\/51704603368_17286654a8_k-e1637946409601.jpg?resize=700%2C400&ssl=1 2x, https:\/\/i0.wp.com\/www.diariodeouropreto.com.br\/wp-content\/uploads\/2021\/11\/51704603368_17286654a8_k-e1637946409601.jpg?resize=1050%2C600&ssl=1 3x"},"classes":[]}],"jetpack_sharing_enabled":true,"amp_enabled":true,"jetpack_featured_media_url":"https:\/\/www.diariodeouropreto.com.br\/wp-content\/uploads\/2026\/09\/IMG-20260901-WA0000.jpg","_links":{"self":[{"href":"https:\/\/www.diariodeouropreto.com.br\/pt\/wp-json\/wp\/v2\/posts\/55055","targetHints":{"allow":["GET"]}}],"collection":[{"href":"https:\/\/www.diariodeouropreto.com.br\/pt\/wp-json\/wp\/v2\/posts"}],"about":[{"href":"https:\/\/www.diariodeouropreto.com.br\/pt\/wp-json\/wp\/v2\/types\/post"}],"author":[{"embeddable":true,"href":"https:\/\/www.diariodeouropreto.com.br\/pt\/wp-json\/wp\/v2\/users\/1"}],"replies":[{"embeddable":true,"href":"https:\/\/www.diariodeouropreto.com.br\/pt\/wp-json\/wp\/v2\/comments?post=55055"}],"version-history":[{"count":1,"href":"https:\/\/www.diariodeouropreto.com.br\/pt\/wp-json\/wp\/v2\/posts\/55055\/revisions"}],"predecessor-version":[{"id":55056,"href":"https:\/\/www.diariodeouropreto.com.br\/pt\/wp-json\/wp\/v2\/posts\/55055\/revisions\/55056"}],"wp:featuredmedia":[{"embeddable":true,"href":"https:\/\/www.diariodeouropreto.com.br\/pt\/wp-json\/wp\/v2\/media\/55054"}],"wp:attachment":[{"href":"https:\/\/www.diariodeouropreto.com.br\/pt\/wp-json\/wp\/v2\/media?parent=55055"}],"wp:term":[{"taxonomy":"category","embeddable":true,"href":"https:\/\/www.diariodeouropreto.com.br\/pt\/wp-json\/wp\/v2\/categories?post=55055"},{"taxonomy":"post_tag","embeddable":true,"href":"https:\/\/www.diariodeouropreto.com.br\/pt\/wp-json\/wp\/v2\/tags?post=55055"}],"curies":[{"name":"wp","href":"https:\/\/api.w.org\/{rel}","templated":true}]}}