{"id":55046,"date":"2026-09-01T14:18:08","date_gmt":"2026-09-01T17:18:08","guid":{"rendered":"https:\/\/www.diariodeouropreto.com.br\/?p=55046"},"modified":"2026-09-01T14:18:11","modified_gmt":"2026-09-01T17:18:11","slug":"coluna-musical-do-aquiles-umbandistas-espiritas-catolicos","status":"publish","type":"post","link":"https:\/\/www.diariodeouropreto.com.br\/pt\/coluna-musical-do-aquiles-umbandistas-espiritas-catolicos\/","title":{"rendered":"[Coluna Musical do Aquiles] Umbandistas, espiritas, cat\u00f3licos&#8230;"},"content":{"rendered":"<p class=\"wp-block-paragraph\">Hoje vamos com o trabalho da cantora, compositora e sambista paulistana Grazzi Brasil, que agora lan\u00e7a o seu projeto completo, <em>Na Gira<\/em> (selo Londu Music). Um \u00e1lbum e um DVD de f\u00f4lego, no qual ela reafirma sua conex\u00e3o com a ancestralidade, a cultura afro-brasileira e o samba.<\/p>\n\n\n\n<p class=\"wp-block-paragraph\">Com dire\u00e7\u00e3o e produ\u00e7\u00e3o musical de Le\u00e0ndro M\u00e1ttos, dire\u00e7\u00e3o art\u00edstica de Cris Casagrande, em <em>Na Gira<\/em> sobressai a vis\u00e3o da Umbanda, sim. Mas parece abrir caminho para a diversidade da religiosidade dos brasileiros, com seu sincretismo e o desejo de prote\u00e7\u00e3o \u00e0 pr\u00f3pria ess\u00eancia vital.<\/p>\n\n\n\n<p class=\"wp-block-paragraph\">Gravado ao vivo, do repert\u00f3rio brota o fogo que conflagra c\u00e9rebros e almas, \u00e1vidos de respostas aos mist\u00e9rios avoengos. Mas ser\u00e1 que a todos os credos, as m\u00fasicas e os significados de <em>Na Gira<\/em> satisfazem os anseios por explica\u00e7\u00f5es divinais? N\u00e3o sei, mas que merecem ser respeitadas, n\u00e3o tenho d\u00favida.<\/p>\n\n\n\n<p class=\"wp-block-paragraph\">Com voz poderosa, em meio aos cantos e ao bater dos tambores, Grazzi Brasil exala verdades. Com os arranjos de Le\u00e0ndro M\u00e1ttos, o n\u00facleo percussivo (Gerson Martins Dias, Douglas Miguel (Pit), Kayan Alcantara e Ed Trombone), encontra o cavaquinho de Emerson Bernardes e o viol\u00e3o 7 cordas de Rodrigo Carneiro e, encorpados pelo trombone e pelo flugelhorn de Ed trombone, agem como um poderoso lenitivo para os que carecem de respostas e n\u00e3o as encontra na crueza do mundo real.<\/p>\n\n\n\n<p class=\"wp-block-paragraph\"><strong><\/strong><strong>Repert\u00f3rio:<\/strong><\/p>\n\n\n\n<p class=\"wp-block-paragraph\"><strong><\/strong><strong>Parte 1:<\/strong> <em>Na Gira<\/em> foi inspirado na organiza\u00e7\u00e3o simb\u00f3lica das giras de Umbanda. A primeira parte representa o chamado \u201cpovo da direita\u201d, reunindo can\u00e7\u00f5es dedicadas aos Orix\u00e1s, Pretos-Velhos, Marinheiros, Baianos e linhas associadas \u00e0 luz, ao acolhimento, \u00e0 cura e \u00e0 eleva\u00e7\u00e3o espiritual. Ap\u00f3s minha audi\u00e7\u00e3o, indico algumas faixas:&nbsp;<strong>\u201cOpar\u00e1\u201d (Grazzi Brasil e Mayara Costa): participa\u00e7\u00e3o Mayara Costa; \u201cBen\u00e7\u00e3o de Orix\u00e1\u201d (Grazzi Brasil); \u201cVov\u00f3 Maria\u201d (Deny Alves, Marquinhos Jaca, Reinaldinho e Vagner Almeida)<\/strong> e <strong>\u201cA Baiana Deu Sinal\u201d (Dom\u00ednio P\u00fablico).<\/strong><\/p>\n\n\n\n<p class=\"wp-block-paragraph\"><strong>Parte 2:<\/strong> aqui o projeto trata das entidades tradicionalmente associadas ao \u201cpovo da esquerda\u201d: Exus, Pombas-gira e Exus-Mirins, personagens das religi\u00f5es afro-brasileiras, usualmente incompreendidos fora dos terreiros, mas respons\u00e1veis pela abertura de caminhos, amparo e equil\u00edbrio das energias. Novamente, segundo minha audi\u00e7\u00e3o, aqui v\u00e3o algumas dicas:&nbsp;<strong>\u201cEla \u00c9 de Oy\u00e1\u201d (Sandro Luiz): participa\u00e7\u00e3o Sandro Luiz; \u201cSanto Ant\u00f4nio Pequenino\u201d e \u201cEx\u00fa Mirim\u201d (Dom\u00ednio P\u00fablico); \u201cDoi D\u00f3i\u201d \/ \u201cArreda Homem\u201d \/ \u201cPombagira Cigana da Estrada\u201d \/ \u201cMalandrinha do Cais\u201d e \u201cBarraca Velha\u201d (Dom\u00ednio P\u00fablico).<\/strong><\/p>\n\n\n\n<p class=\"wp-block-paragraph\"><em>Na Gira<\/em> \u00e9 um projeto a ser conhecido, ouvido com aten\u00e7\u00e3o e propalado aos quatro cantos. Gra\u00e7as \u00e0 sua musicalidade, pode contribuir para, ao menos, amenizar as incompreens\u00f5es que marginalizam as mulheres e o povo preto da umbanda, al\u00e9m de buscar a solidariedade de todos os credos que praticam o sincretismo religioso no Brasil.<\/p>\n\n\n\n<p class=\"wp-block-paragraph\"><strong>Aquiles Rique Reis<\/strong><\/p>\n\n\n\n<p class=\"wp-block-paragraph\"><strong><em>Nossos protetores nunca desistem de n\u00f3s.<\/em><\/strong><\/p>\n\n\n\n<div id=\"152151\" class=\"advads-saneouro-2 advads-entity-placement\" style=\"margin-top: 3px;margin-bottom: 3px;margin-left: auto;margin-right: auto;text-align: center;\"><a href=\"https:\/\/www.saneouro.com.br\/\" target=\"_blank\" aria-label=\"DOP_Impresso\" data-wpel-link=\"external\" rel=\"follow external noopener noreferrer sponsored ugc\"><img src=\"https:\/\/www.diariodeouropreto.com.br\/wp-content\/uploads\/2026\/07\/DOP_Impresso.jpg\" alt=\"\"  srcset=\"https:\/\/www.diariodeouropreto.com.br\/wp-content\/uploads\/2026\/07\/DOP_Impresso.jpg 1181w, https:\/\/www.diariodeouropreto.com.br\/wp-content\/uploads\/2026\/07\/DOP_Impresso-396x396.jpg 396w, https:\/\/www.diariodeouropreto.com.br\/wp-content\/uploads\/2026\/07\/DOP_Impresso-150x150.jpg 150w, https:\/\/www.diariodeouropreto.com.br\/wp-content\/uploads\/2026\/07\/DOP_Impresso-768x768.jpg 768w, https:\/\/www.diariodeouropreto.com.br\/wp-content\/uploads\/2026\/07\/DOP_Impresso-12x12.jpg 12w, https:\/\/www.diariodeouropreto.com.br\/wp-content\/uploads\/2026\/07\/DOP_Impresso-465x465.jpg 465w, https:\/\/www.diariodeouropreto.com.br\/wp-content\/uploads\/2026\/07\/DOP_Impresso-500x500.jpg 500w\" sizes=\"(max-width: 1181px) 100vw, 1181px\" width=\"400\" height=\"400\"  style=\"display: inline-block;\" \/><\/a><\/div><p class=\"wp-block-paragraph\"><strong>Ou\u00e7a o CD:<\/strong><\/p>\n\n\n\n<figure class=\"wp-block-embed is-type-video is-provider-youtube wp-block-embed-youtube wp-embed-aspect-16-9 wp-has-aspect-ratio\"><div class=\"wp-block-embed__wrapper\">\n<span class=\"embed-youtube\" style=\"text-align:center; display: block;\"><iframe class=\"youtube-player\" width=\"1380\" height=\"777\" src=\"https:\/\/www.youtube.com\/embed?version=3&#038;rel=1&#038;showsearch=0&#038;showinfo=1&#038;iv_load_policy=1&#038;fs=1&#038;hl=pt-PT&#038;autohide=2&#038;wmode=transparent&#038;listType=playlist&#038;list=OLAK5uy_lRmwwsO4UyI7Z7gAqqCQsvu5flHlaRsZg\" allowfullscreen=\"true\" style=\"border:0;\" sandbox=\"allow-scripts allow-same-origin allow-popups allow-presentation allow-popups-to-escape-sandbox\"><\/iframe><\/span>\n<\/div><\/figure>\n\n\n\n<p class=\"wp-block-paragraph\"><\/p>","protected":false},"excerpt":{"rendered":"<p>Hoje vamos com o trabalho da cantora, compositora e sambista paulistana Grazzi Brasil, que agora lan\u00e7a o seu projeto completo, Na Gira (selo Londu Music). Um \u00e1lbum e um DVD de f\u00f4lego, no qual ela reafirma sua conex\u00e3o com a ancestralidade, a cultura afro-brasileira e o samba. Com dire\u00e7\u00e3o e<span class=\"more-link\"><a href=\"https:\/\/www.diariodeouropreto.com.br\/pt\/coluna-musical-do-aquiles-umbandistas-espiritas-catolicos\/\" data-wpel-link=\"internal\">Continue Lendo<\/a><\/span><\/p>","protected":false},"author":5,"featured_media":55050,"comment_status":"closed","ping_status":"closed","sticky":false,"template":"","format":"standard","meta":{"_jetpack_newsletter_access":"","_jetpack_dont_email_post_to_subs":false,"_jetpack_newsletter_tier_id":0,"_jetpack_memberships_contains_paywalled_content":false,"_jetpack_feature_clip_id":0,"_jetpack_memberships_contains_paid_content":false,"footnotes":"","jetpack_publicize_message":"Um \u00e1lbum e um DVD de f\u00f4lego, no qual ela reafirma sua conex\u00e3o com a ancestralidade, a cultura afro-brasileira e o samba","jetpack_publicize_feature_enabled":true,"jetpack_social_post_already_shared":false,"jetpack_social_options":{"image_generator_settings":{"template":"highway","default_image_id":0,"font":"","enabled":false},"version":2},"jetpack_post_was_ever_published":false},"categories":[76],"tags":[],"class_list":["entry","author-aquiles-rique-reis-mpb4","post-55046","post","type-post","status-publish","format-standard","has-post-thumbnail","category-coluna"],"yoast_head":"<!-- This site is optimized with the Yoast SEO plugin v28.4 - https:\/\/yoast.com\/product\/yoast-seo-wordpress\/ -->\n<title>[Coluna Musical do Aquiles] Umbandistas, espiritas, cat\u00f3licos... - Di\u00e1rio de Ouro Preto<\/title>\n<meta name=\"description\" content=\"Um \u00e1lbum e um DVD de f\u00f4lego, no qual ela reafirma sua conex\u00e3o com a ancestralidade, a cultura afro-brasileira e o samba- [Coluna Musical do Aquiles] Umbandistas, espiritas, cat\u00f3licos... - Coluna\" \/>\n<meta name=\"robots\" content=\"index, follow, max-snippet:-1, max-image-preview:large, max-video-preview:-1\" \/>\n<link rel=\"canonical\" href=\"https:\/\/www.diariodeouropreto.com.br\/pt\/coluna-musical-do-aquiles-umbandistas-espiritas-catolicos\/\" \/>\n<meta property=\"og:locale\" content=\"pt_PT\" \/>\n<meta property=\"og:type\" content=\"article\" \/>\n<meta property=\"og:title\" content=\"[Coluna Musical do Aquiles] Umbandistas, espiritas, cat\u00f3licos... - Di\u00e1rio de Ouro Preto\" \/>\n<meta property=\"og:description\" content=\"Um \u00e1lbum e um DVD de f\u00f4lego, no qual ela reafirma sua conex\u00e3o com a ancestralidade, a cultura afro-brasileira e o samba- [Coluna Musical do Aquiles] Umbandistas, espiritas, cat\u00f3licos... - Coluna\" \/>\n<meta property=\"og:url\" content=\"https:\/\/www.diariodeouropreto.com.br\/pt\/coluna-musical-do-aquiles-umbandistas-espiritas-catolicos\/\" \/>\n<meta property=\"og:site_name\" content=\"Di\u00e1rio de Ouro Preto\" \/>\n<meta property=\"article:publisher\" content=\"https:\/\/www.facebook.com\/diariodeouropreto\/\" \/>\n<meta property=\"article:published_time\" content=\"2026-09-01T17:18:08+00:00\" \/>\n<meta property=\"article:modified_time\" content=\"2026-09-01T17:18:11+00:00\" \/>\n<meta property=\"og:image\" content=\"https:\/\/www.diariodeouropreto.com.br\/wp-content\/uploads\/2026\/09\/Capa-CD-duplo-Grazzi-Brasil-Na-Gira-scaled.jpg\" \/>\n\t<meta property=\"og:image:width\" content=\"2541\" \/>\n\t<meta property=\"og:image:height\" content=\"2560\" \/>\n\t<meta property=\"og:image:type\" content=\"image\/jpeg\" \/>\n<meta name=\"author\" content=\"Aquiles Rique Reis - MPB4\" \/>\n<meta name=\"twitter:card\" content=\"summary_large_image\" \/>\n<meta name=\"twitter:label1\" content=\"Escrito por\" \/>\n\t<meta name=\"twitter:data1\" content=\"Aquiles Rique Reis - MPB4\" \/>\n\t<meta name=\"twitter:label2\" content=\"Tempo estimado de leitura\" \/>\n\t<meta name=\"twitter:data2\" content=\"3 minutos\" \/>\n<script type=\"application\/ld+json\" class=\"yoast-schema-graph\">{\"@context\":\"https:\\\/\\\/schema.org\",\"@graph\":[{\"@type\":\"Article\",\"@id\":\"https:\\\/\\\/www.diariodeouropreto.com.br\\\/coluna-musical-do-aquiles-umbandistas-espiritas-catolicos\\\/#article\",\"isPartOf\":{\"@id\":\"https:\\\/\\\/www.diariodeouropreto.com.br\\\/coluna-musical-do-aquiles-umbandistas-espiritas-catolicos\\\/\"},\"author\":{\"name\":\"Aquiles Rique Reis - MPB4\",\"@id\":\"https:\\\/\\\/www.diariodeouropreto.com.br\\\/pt\\\/#\\\/schema\\\/person\\\/65e915d68447e71bc067e4784d00deb3\"},\"headline\":\"[Coluna Musical do Aquiles] Umbandistas, espiritas, cat\u00f3licos&#8230;\",\"datePublished\":\"2026-09-01T17:18:08+00:00\",\"dateModified\":\"2026-09-01T17:18:11+00:00\",\"mainEntityOfPage\":{\"@id\":\"https:\\\/\\\/www.diariodeouropreto.com.br\\\/coluna-musical-do-aquiles-umbandistas-espiritas-catolicos\\\/\"},\"wordCount\":521,\"publisher\":{\"@id\":\"https:\\\/\\\/www.diariodeouropreto.com.br\\\/pt\\\/#organization\"},\"image\":{\"@id\":\"https:\\\/\\\/www.diariodeouropreto.com.br\\\/coluna-musical-do-aquiles-umbandistas-espiritas-catolicos\\\/#primaryimage\"},\"thumbnailUrl\":\"https:\\\/\\\/www.diariodeouropreto.com.br\\\/wp-content\\\/uploads\\\/2026\\\/09\\\/Capa-CD-duplo-Grazzi-Brasil-Na-Gira-scaled.jpg\",\"articleSection\":[\"Coluna\"],\"inLanguage\":\"pt-PT\"},{\"@type\":\"WebPage\",\"@id\":\"https:\\\/\\\/www.diariodeouropreto.com.br\\\/coluna-musical-do-aquiles-umbandistas-espiritas-catolicos\\\/\",\"url\":\"https:\\\/\\\/www.diariodeouropreto.com.br\\\/coluna-musical-do-aquiles-umbandistas-espiritas-catolicos\\\/\",\"name\":\"[Coluna Musical do Aquiles] Umbandistas, espiritas, cat\u00f3licos... - Di\u00e1rio de Ouro Preto\",\"isPartOf\":{\"@id\":\"https:\\\/\\\/www.diariodeouropreto.com.br\\\/pt\\\/#website\"},\"primaryImageOfPage\":{\"@id\":\"https:\\\/\\\/www.diariodeouropreto.com.br\\\/coluna-musical-do-aquiles-umbandistas-espiritas-catolicos\\\/#primaryimage\"},\"image\":{\"@id\":\"https:\\\/\\\/www.diariodeouropreto.com.br\\\/coluna-musical-do-aquiles-umbandistas-espiritas-catolicos\\\/#primaryimage\"},\"thumbnailUrl\":\"https:\\\/\\\/www.diariodeouropreto.com.br\\\/wp-content\\\/uploads\\\/2026\\\/09\\\/Capa-CD-duplo-Grazzi-Brasil-Na-Gira-scaled.jpg\",\"datePublished\":\"2026-09-01T17:18:08+00:00\",\"dateModified\":\"2026-09-01T17:18:11+00:00\",\"description\":\"Um \u00e1lbum e um DVD de f\u00f4lego, no qual ela reafirma sua conex\u00e3o com a ancestralidade, a cultura afro-brasileira e o samba- [Coluna Musical do Aquiles] Umbandistas, espiritas, cat\u00f3licos... - Coluna\",\"breadcrumb\":{\"@id\":\"https:\\\/\\\/www.diariodeouropreto.com.br\\\/coluna-musical-do-aquiles-umbandistas-espiritas-catolicos\\\/#breadcrumb\"},\"inLanguage\":\"pt-PT\",\"potentialAction\":[{\"@type\":\"ReadAction\",\"target\":[\"https:\\\/\\\/www.diariodeouropreto.com.br\\\/coluna-musical-do-aquiles-umbandistas-espiritas-catolicos\\\/\"]}]},{\"@type\":\"ImageObject\",\"inLanguage\":\"pt-PT\",\"@id\":\"https:\\\/\\\/www.diariodeouropreto.com.br\\\/coluna-musical-do-aquiles-umbandistas-espiritas-catolicos\\\/#primaryimage\",\"url\":\"https:\\\/\\\/www.diariodeouropreto.com.br\\\/wp-content\\\/uploads\\\/2026\\\/09\\\/Capa-CD-duplo-Grazzi-Brasil-Na-Gira-scaled.jpg\",\"contentUrl\":\"https:\\\/\\\/www.diariodeouropreto.com.br\\\/wp-content\\\/uploads\\\/2026\\\/09\\\/Capa-CD-duplo-Grazzi-Brasil-Na-Gira-scaled.jpg\",\"width\":2541,\"height\":2560},{\"@type\":\"BreadcrumbList\",\"@id\":\"https:\\\/\\\/www.diariodeouropreto.com.br\\\/coluna-musical-do-aquiles-umbandistas-espiritas-catolicos\\\/#breadcrumb\",\"itemListElement\":[{\"@type\":\"ListItem\",\"position\":1,\"name\":\"In\u00edcio\",\"item\":\"https:\\\/\\\/www.diariodeouropreto.com.br\\\/pt\\\/\"},{\"@type\":\"ListItem\",\"position\":2,\"name\":\"[Coluna Musical do Aquiles] Umbandistas, espiritas, cat\u00f3licos&#8230;\"}]},{\"@type\":\"WebSite\",\"@id\":\"https:\\\/\\\/www.diariodeouropreto.com.br\\\/pt\\\/#website\",\"url\":\"https:\\\/\\\/www.diariodeouropreto.com.br\\\/pt\\\/\",\"name\":\"Di\u00e1rio de Ouro Preto\",\"description\":\"Not\u00edcias Ouro Preto; Mariana;Minas Gerais;Jornal;Jornalismo;Not\u00edcias;\",\"publisher\":{\"@id\":\"https:\\\/\\\/www.diariodeouropreto.com.br\\\/pt\\\/#organization\"},\"alternateName\":\"Jornal di\u00e1rio de Ouro Preto\",\"potentialAction\":[{\"@type\":\"SearchAction\",\"target\":{\"@type\":\"EntryPoint\",\"urlTemplate\":\"https:\\\/\\\/www.diariodeouropreto.com.br\\\/pt\\\/?s={search_term_string}\"},\"query-input\":{\"@type\":\"PropertyValueSpecification\",\"valueRequired\":true,\"valueName\":\"search_term_string\"}}],\"inLanguage\":\"pt-PT\"},{\"@type\":\"Organization\",\"@id\":\"https:\\\/\\\/www.diariodeouropreto.com.br\\\/pt\\\/#organization\",\"name\":\"Di\u00e1rio de Ouro Preto\",\"alternateName\":\"Jornal di\u00e1rio Ouro Preto\",\"url\":\"https:\\\/\\\/www.diariodeouropreto.com.br\\\/pt\\\/\",\"logo\":{\"@type\":\"ImageObject\",\"inLanguage\":\"pt-PT\",\"@id\":\"https:\\\/\\\/www.diariodeouropreto.com.br\\\/pt\\\/#\\\/schema\\\/logo\\\/image\\\/\",\"url\":\"https:\\\/\\\/www.diariodeouropreto.com.br\\\/wp-content\\\/uploads\\\/2019\\\/06\\\/cropped-logotransp-2.png\",\"contentUrl\":\"https:\\\/\\\/www.diariodeouropreto.com.br\\\/wp-content\\\/uploads\\\/2019\\\/06\\\/cropped-logotransp-2.png\",\"width\":1323,\"height\":251,\"caption\":\"Di\u00e1rio de Ouro Preto\"},\"image\":{\"@id\":\"https:\\\/\\\/www.diariodeouropreto.com.br\\\/pt\\\/#\\\/schema\\\/logo\\\/image\\\/\"},\"sameAs\":[\"https:\\\/\\\/www.facebook.com\\\/diariodeouropreto\\\/\"]},{\"@type\":\"Person\",\"@id\":\"https:\\\/\\\/www.diariodeouropreto.com.br\\\/pt\\\/#\\\/schema\\\/person\\\/65e915d68447e71bc067e4784d00deb3\",\"name\":\"Aquiles Rique Reis - MPB4\",\"url\":\"https:\\\/\\\/www.diariodeouropreto.com.br\\\/pt\\\/author\\\/aquiles-rique-reis-mpb4\\\/\"}]}<\/script>\n<!-- \/ Yoast SEO plugin. -->","yoast_head_json":{"title":"[Coluna Musical do Aquiles] Umbandistas, espiritas, cat\u00f3licos... - Di\u00e1rio de Ouro Preto","description":"Um \u00e1lbum e um DVD de f\u00f4lego, no qual ela reafirma sua conex\u00e3o com a ancestralidade, a cultura afro-brasileira e o samba- [Coluna Musical do Aquiles] Umbandistas, espiritas, cat\u00f3licos... - Coluna","robots":{"index":"index","follow":"follow","max-snippet":"max-snippet:-1","max-image-preview":"max-image-preview:large","max-video-preview":"max-video-preview:-1"},"canonical":"https:\/\/www.diariodeouropreto.com.br\/pt\/coluna-musical-do-aquiles-umbandistas-espiritas-catolicos\/","og_locale":"pt_PT","og_type":"article","og_title":"[Coluna Musical do Aquiles] Umbandistas, espiritas, cat\u00f3licos... - Di\u00e1rio de Ouro Preto","og_description":"Um \u00e1lbum e um DVD de f\u00f4lego, no qual ela reafirma sua conex\u00e3o com a ancestralidade, a cultura afro-brasileira e o samba- [Coluna Musical do Aquiles] Umbandistas, espiritas, cat\u00f3licos... - Coluna","og_url":"https:\/\/www.diariodeouropreto.com.br\/pt\/coluna-musical-do-aquiles-umbandistas-espiritas-catolicos\/","og_site_name":"Di\u00e1rio de Ouro Preto","article_publisher":"https:\/\/www.facebook.com\/diariodeouropreto\/","article_published_time":"2026-09-01T17:18:08+00:00","article_modified_time":"2026-09-01T17:18:11+00:00","og_image":[{"width":2541,"height":2560,"url":"https:\/\/www.diariodeouropreto.com.br\/wp-content\/uploads\/2026\/09\/Capa-CD-duplo-Grazzi-Brasil-Na-Gira-scaled.jpg","type":"image\/jpeg"}],"author":"Aquiles Rique Reis - MPB4","twitter_card":"summary_large_image","twitter_misc":{"Escrito por":"Aquiles Rique Reis - MPB4","Tempo estimado de leitura":"3 minutos"},"schema":{"@context":"https:\/\/schema.org","@graph":[{"@type":"Article","@id":"https:\/\/www.diariodeouropreto.com.br\/coluna-musical-do-aquiles-umbandistas-espiritas-catolicos\/#article","isPartOf":{"@id":"https:\/\/www.diariodeouropreto.com.br\/coluna-musical-do-aquiles-umbandistas-espiritas-catolicos\/"},"author":{"name":"Aquiles Rique Reis - MPB4","@id":"https:\/\/www.diariodeouropreto.com.br\/pt\/#\/schema\/person\/65e915d68447e71bc067e4784d00deb3"},"headline":"[Coluna Musical do Aquiles] Umbandistas, espiritas, cat\u00f3licos&#8230;","datePublished":"2026-09-01T17:18:08+00:00","dateModified":"2026-09-01T17:18:11+00:00","mainEntityOfPage":{"@id":"https:\/\/www.diariodeouropreto.com.br\/coluna-musical-do-aquiles-umbandistas-espiritas-catolicos\/"},"wordCount":521,"publisher":{"@id":"https:\/\/www.diariodeouropreto.com.br\/pt\/#organization"},"image":{"@id":"https:\/\/www.diariodeouropreto.com.br\/coluna-musical-do-aquiles-umbandistas-espiritas-catolicos\/#primaryimage"},"thumbnailUrl":"https:\/\/www.diariodeouropreto.com.br\/wp-content\/uploads\/2026\/09\/Capa-CD-duplo-Grazzi-Brasil-Na-Gira-scaled.jpg","articleSection":["Coluna"],"inLanguage":"pt-PT"},{"@type":"WebPage","@id":"https:\/\/www.diariodeouropreto.com.br\/coluna-musical-do-aquiles-umbandistas-espiritas-catolicos\/","url":"https:\/\/www.diariodeouropreto.com.br\/coluna-musical-do-aquiles-umbandistas-espiritas-catolicos\/","name":"[Coluna Musical do Aquiles] Umbandistas, espiritas, cat\u00f3licos... - Di\u00e1rio de Ouro Preto","isPartOf":{"@id":"https:\/\/www.diariodeouropreto.com.br\/pt\/#website"},"primaryImageOfPage":{"@id":"https:\/\/www.diariodeouropreto.com.br\/coluna-musical-do-aquiles-umbandistas-espiritas-catolicos\/#primaryimage"},"image":{"@id":"https:\/\/www.diariodeouropreto.com.br\/coluna-musical-do-aquiles-umbandistas-espiritas-catolicos\/#primaryimage"},"thumbnailUrl":"https:\/\/www.diariodeouropreto.com.br\/wp-content\/uploads\/2026\/09\/Capa-CD-duplo-Grazzi-Brasil-Na-Gira-scaled.jpg","datePublished":"2026-09-01T17:18:08+00:00","dateModified":"2026-09-01T17:18:11+00:00","description":"Um \u00e1lbum e um DVD de f\u00f4lego, no qual ela reafirma sua conex\u00e3o com a ancestralidade, a cultura afro-brasileira e o samba- [Coluna Musical do Aquiles] Umbandistas, espiritas, cat\u00f3licos... - Coluna","breadcrumb":{"@id":"https:\/\/www.diariodeouropreto.com.br\/coluna-musical-do-aquiles-umbandistas-espiritas-catolicos\/#breadcrumb"},"inLanguage":"pt-PT","potentialAction":[{"@type":"ReadAction","target":["https:\/\/www.diariodeouropreto.com.br\/coluna-musical-do-aquiles-umbandistas-espiritas-catolicos\/"]}]},{"@type":"ImageObject","inLanguage":"pt-PT","@id":"https:\/\/www.diariodeouropreto.com.br\/coluna-musical-do-aquiles-umbandistas-espiritas-catolicos\/#primaryimage","url":"https:\/\/www.diariodeouropreto.com.br\/wp-content\/uploads\/2026\/09\/Capa-CD-duplo-Grazzi-Brasil-Na-Gira-scaled.jpg","contentUrl":"https:\/\/www.diariodeouropreto.com.br\/wp-content\/uploads\/2026\/09\/Capa-CD-duplo-Grazzi-Brasil-Na-Gira-scaled.jpg","width":2541,"height":2560},{"@type":"BreadcrumbList","@id":"https:\/\/www.diariodeouropreto.com.br\/coluna-musical-do-aquiles-umbandistas-espiritas-catolicos\/#breadcrumb","itemListElement":[{"@type":"ListItem","position":1,"name":"In\u00edcio","item":"https:\/\/www.diariodeouropreto.com.br\/pt\/"},{"@type":"ListItem","position":2,"name":"[Coluna Musical do Aquiles] Umbandistas, espiritas, cat\u00f3licos&#8230;"}]},{"@type":"WebSite","@id":"https:\/\/www.diariodeouropreto.com.br\/pt\/#website","url":"https:\/\/www.diariodeouropreto.com.br\/pt\/","name":"Di\u00e1rio de Ouro Preto","description":"Not\u00edcias Ouro Preto; Mariana;Minas Gerais;Jornal;Jornalismo;Not\u00edcias;","publisher":{"@id":"https:\/\/www.diariodeouropreto.com.br\/pt\/#organization"},"alternateName":"Jornal di\u00e1rio de Ouro Preto","potentialAction":[{"@type":"SearchAction","target":{"@type":"EntryPoint","urlTemplate":"https:\/\/www.diariodeouropreto.com.br\/pt\/?s={search_term_string}"},"query-input":{"@type":"PropertyValueSpecification","valueRequired":true,"valueName":"search_term_string"}}],"inLanguage":"pt-PT"},{"@type":"Organization","@id":"https:\/\/www.diariodeouropreto.com.br\/pt\/#organization","name":"Di\u00e1rio de Ouro Preto","alternateName":"Jornal di\u00e1rio Ouro Preto","url":"https:\/\/www.diariodeouropreto.com.br\/pt\/","logo":{"@type":"ImageObject","inLanguage":"pt-PT","@id":"https:\/\/www.diariodeouropreto.com.br\/pt\/#\/schema\/logo\/image\/","url":"https:\/\/www.diariodeouropreto.com.br\/wp-content\/uploads\/2019\/06\/cropped-logotransp-2.png","contentUrl":"https:\/\/www.diariodeouropreto.com.br\/wp-content\/uploads\/2019\/06\/cropped-logotransp-2.png","width":1323,"height":251,"caption":"Di\u00e1rio de Ouro Preto"},"image":{"@id":"https:\/\/www.diariodeouropreto.com.br\/pt\/#\/schema\/logo\/image\/"},"sameAs":["https:\/\/www.facebook.com\/diariodeouropreto\/"]},{"@type":"Person","@id":"https:\/\/www.diariodeouropreto.com.br\/pt\/#\/schema\/person\/65e915d68447e71bc067e4784d00deb3","name":"Aquiles Rique Reis - MPB4","url":"https:\/\/www.diariodeouropreto.com.br\/pt\/author\/aquiles-rique-reis-mpb4\/"}]}},"jetpack_publicize_connections":[],"jetpack-related-posts":[{"id":46748,"url":"https:\/\/www.diariodeouropreto.com.br\/pt\/coluna-musical-do-aquiles-um-cd-audacioso\/","url_meta":{"origin":55046,"position":0},"title":"[Coluna Musical do Aquiles] Um CD audacioso","author":"Di\u00e1rio de Ouro Preto","date":"5 de Agosto de 2025","format":false,"excerpt":"Hoje trataremos de Sangria (independente), o novo \u00e1lbum do cantor e compositor Pedro Iaco. Eu o conhe\u00e7o desde 2020, quando comentei o seu rec\u00e9m-lan\u00e7ado trabalho. Sob o t\u00edtulo \u201cO dono da voz encantada\u201d, escrevi sobre ele: \u201cFoi numa breve viagem que veio o encantamento (...). Voei nos bra\u00e7os de um\u2026","rel":"","context":"In &quot;Coluna&quot;","block_context":{"text":"Coluna","link":"https:\/\/www.diariodeouropreto.com.br\/pt\/Editoria\/coluna\/"},"img":{"alt_text":"","src":"https:\/\/i0.wp.com\/www.diariodeouropreto.com.br\/wp-content\/uploads\/2025\/08\/Capa-CD-de-Pedro-Iaco-Sandria.jpg?resize=350%2C200&ssl=1","width":350,"height":200,"srcset":"https:\/\/i0.wp.com\/www.diariodeouropreto.com.br\/wp-content\/uploads\/2025\/08\/Capa-CD-de-Pedro-Iaco-Sandria.jpg?resize=350%2C200&ssl=1 1x, https:\/\/i0.wp.com\/www.diariodeouropreto.com.br\/wp-content\/uploads\/2025\/08\/Capa-CD-de-Pedro-Iaco-Sandria.jpg?resize=525%2C300&ssl=1 1.5x, https:\/\/i0.wp.com\/www.diariodeouropreto.com.br\/wp-content\/uploads\/2025\/08\/Capa-CD-de-Pedro-Iaco-Sandria.jpg?resize=700%2C400&ssl=1 2x"},"classes":[]},{"id":24171,"url":"https:\/\/www.diariodeouropreto.com.br\/pt\/coluna-musical-do-aquiles-de-aquiles-para-lui-coimbra\/","url_meta":{"origin":55046,"position":1},"title":"[Coluna Musical do Aquiles] De: Aquiles Para: Lui Coimbra","author":"Di\u00e1rio de Ouro Preto","date":"4 de Julho de 2023","format":false,"excerpt":"Oi, Lui, h\u00e1 quanto tempo, v\u00e9io... lembrei-me do Aquarela Carioca, grupo instrumental no qual voc\u00ea tocou a partir de 1988, e dos CDs Ouro e Sol (2003) e Viola Perfumosa (2018), este com Ceumar e Paulo Freire, e me dei conta de que recebi agora o seu rec\u00e9m-lan\u00e7ado Roda\u2013Flor (Biscoito\u2026","rel":"","context":"In &quot;Coluna&quot;","block_context":{"text":"Coluna","link":"https:\/\/www.diariodeouropreto.com.br\/pt\/Editoria\/coluna\/"},"img":{"alt_text":"","src":"https:\/\/i0.wp.com\/www.diariodeouropreto.com.br\/wp-content\/uploads\/2023\/07\/Capa-CD-Lui-Coimbra-o-CD-Roda-Flor.jpg?resize=350%2C200&ssl=1","width":350,"height":200,"srcset":"https:\/\/i0.wp.com\/www.diariodeouropreto.com.br\/wp-content\/uploads\/2023\/07\/Capa-CD-Lui-Coimbra-o-CD-Roda-Flor.jpg?resize=350%2C200&ssl=1 1x, https:\/\/i0.wp.com\/www.diariodeouropreto.com.br\/wp-content\/uploads\/2023\/07\/Capa-CD-Lui-Coimbra-o-CD-Roda-Flor.jpg?resize=525%2C300&ssl=1 1.5x, https:\/\/i0.wp.com\/www.diariodeouropreto.com.br\/wp-content\/uploads\/2023\/07\/Capa-CD-Lui-Coimbra-o-CD-Roda-Flor.jpg?resize=700%2C400&ssl=1 2x"},"classes":[]},{"id":28376,"url":"https:\/\/www.diariodeouropreto.com.br\/pt\/carnaval-do-recife-homenageia-chico-science-e-lia-de-itamaraca\/","url_meta":{"origin":55046,"position":2},"title":"Carnaval do Recife homenageia Chico Science e Lia de Itamarac\u00e1","author":"Di\u00e1rio de Ouro Preto","date":"10 de Fevereiro de 2024","format":false,"excerpt":"\u201cTodo mundo faz a ciranda girar.\u201d A declara\u00e7\u00e3o de Lia de Itamarac\u00e1, em\u00a0entrevista\u00a0h\u00e1 quase oito anos, traduz n\u00e3o apenas a ideia da brincadeira tradicional que projetou mundialmente a artista pernambucana, mas tamb\u00e9m a cultura do maior carnaval de rua do Brasil, onde inova\u00e7\u00e3o e hist\u00f3ria se d\u00e3o as m\u00e3os. S\u00edmbolos\u2026","rel":"","context":"In &quot;Brasil&quot;","block_context":{"text":"Brasil","link":"https:\/\/www.diariodeouropreto.com.br\/pt\/Editoria\/brasil\/"},"img":{"alt_text":"","src":"https:\/\/i0.wp.com\/www.diariodeouropreto.com.br\/wp-content\/uploads\/2024\/02\/frevo_recife.webp?resize=350%2C200&ssl=1","width":350,"height":200,"srcset":"https:\/\/i0.wp.com\/www.diariodeouropreto.com.br\/wp-content\/uploads\/2024\/02\/frevo_recife.webp?resize=350%2C200&ssl=1 1x, https:\/\/i0.wp.com\/www.diariodeouropreto.com.br\/wp-content\/uploads\/2024\/02\/frevo_recife.webp?resize=525%2C300&ssl=1 1.5x, https:\/\/i0.wp.com\/www.diariodeouropreto.com.br\/wp-content\/uploads\/2024\/02\/frevo_recife.webp?resize=700%2C400&ssl=1 2x, https:\/\/i0.wp.com\/www.diariodeouropreto.com.br\/wp-content\/uploads\/2024\/02\/frevo_recife.webp?resize=1050%2C600&ssl=1 3x"},"classes":[]},{"id":25180,"url":"https:\/\/www.diariodeouropreto.com.br\/pt\/coluna-musical-do-aquiles-um-disco-lindo\/","url_meta":{"origin":55046,"position":3},"title":"[Coluna Musical do Aquiles] Um disco lindo","author":"Di\u00e1rio de Ouro Preto","date":"29 de Agosto de 2023","format":false,"excerpt":"H\u00e1 algumas semanas, venho curtindo Triste, o novo \u00e1lbum independente do pianista, compositor e arranjador Chico Adnet. Gente, sinceramente? M\u00fasica e sons bons na veia! Neste quarto trabalho, ele gravou onze m\u00fasicas, sendo dez composi\u00e7\u00f5es suas (nove in\u00e9ditas) e uma do compositor russo Alexander Scriabin, \u201cFeuillet D\u2019album, op. 45 no.\u2026","rel":"","context":"In &quot;Coluna&quot;","block_context":{"text":"Coluna","link":"https:\/\/www.diariodeouropreto.com.br\/pt\/Editoria\/coluna\/"},"img":{"alt_text":"","src":"https:\/\/i0.wp.com\/www.diariodeouropreto.com.br\/wp-content\/uploads\/2023\/08\/Capa-CD-Chico-Adnet-2.jpg?resize=350%2C200&ssl=1","width":350,"height":200,"srcset":"https:\/\/i0.wp.com\/www.diariodeouropreto.com.br\/wp-content\/uploads\/2023\/08\/Capa-CD-Chico-Adnet-2.jpg?resize=350%2C200&ssl=1 1x, https:\/\/i0.wp.com\/www.diariodeouropreto.com.br\/wp-content\/uploads\/2023\/08\/Capa-CD-Chico-Adnet-2.jpg?resize=525%2C300&ssl=1 1.5x, https:\/\/i0.wp.com\/www.diariodeouropreto.com.br\/wp-content\/uploads\/2023\/08\/Capa-CD-Chico-Adnet-2.jpg?resize=700%2C400&ssl=1 2x, https:\/\/i0.wp.com\/www.diariodeouropreto.com.br\/wp-content\/uploads\/2023\/08\/Capa-CD-Chico-Adnet-2.jpg?resize=1050%2C600&ssl=1 3x"},"classes":[]},{"id":20277,"url":"https:\/\/www.diariodeouropreto.com.br\/pt\/coluna-musical-do-aquiles-de-aquiles-para-ze-miguel-wisnik\/","url_meta":{"origin":55046,"position":4},"title":"[coluna Musical do Aquiles] De: Aquiles Para Z\u00e9 Miguel Wisnik","author":"Di\u00e1rio de Ouro Preto","date":"3 de Janeiro de 2023","format":false,"excerpt":"Oi, Z\u00e9 Miguel! Escrevo porque preciso lhe falar umas coisas. Pertinho do Natal, recebi V\u00e3o, o seu novo trabalho, que o Guto Ruocco, da Circus, me enviou. Fiquei que nem crian\u00e7a quando abre um present\u00e3o! Entendeu, n\u00e9, professor? As dez faixas produzidas pelo Al\u00ea Siqueira, al\u00e9m da que foi produzida\u2026","rel":"","context":"In &quot;Coluna&quot;","block_context":{"text":"Coluna","link":"https:\/\/www.diariodeouropreto.com.br\/pt\/Editoria\/coluna\/"},"img":{"alt_text":"","src":"https:\/\/i0.wp.com\/www.diariodeouropreto.com.br\/wp-content\/uploads\/2023\/01\/Captura-de-tela-2023-01-03-170735.png?resize=350%2C200&ssl=1","width":350,"height":200},"classes":[]},{"id":46885,"url":"https:\/\/www.diariodeouropreto.com.br\/pt\/coluna-musical-do-aquiles-cabecas-universo-e-seu-som-ancestral\/","url_meta":{"origin":55046,"position":5},"title":"[Coluna Musical do Aquiles] \u201cCabe\u00e7as Universo\u201d e seu som ancestral","author":"Di\u00e1rio de Ouro Preto","date":"12 de Agosto de 2025","format":false,"excerpt":"Hoje trataremos do CD da Batucada Tamarindo Ol\u00f3ri-Agb\u00e1y\u00e9 (distribui\u00e7\u00e3o do Selo Fervo, com apoio do programa Rumos Ita\u00fa Cultural). Ap\u00f3s o lan\u00e7amento do primeiro \u00e1lbum, em 2019, a Tamarindo grava agora o seu primeiro trabalho totalmente autoral. Com vinte anos de atividade, o grupo impressiona pela for\u00e7a que brota da\u2026","rel":"","context":"In &quot;Coluna&quot;","block_context":{"text":"Coluna","link":"https:\/\/www.diariodeouropreto.com.br\/pt\/Editoria\/coluna\/"},"img":{"alt_text":"","src":"https:\/\/i0.wp.com\/www.diariodeouropreto.com.br\/wp-content\/uploads\/2025\/08\/Capa-CD-Batucada-Tamarindo.jpg?resize=350%2C200&ssl=1","width":350,"height":200,"srcset":"https:\/\/i0.wp.com\/www.diariodeouropreto.com.br\/wp-content\/uploads\/2025\/08\/Capa-CD-Batucada-Tamarindo.jpg?resize=350%2C200&ssl=1 1x, https:\/\/i0.wp.com\/www.diariodeouropreto.com.br\/wp-content\/uploads\/2025\/08\/Capa-CD-Batucada-Tamarindo.jpg?resize=525%2C300&ssl=1 1.5x, https:\/\/i0.wp.com\/www.diariodeouropreto.com.br\/wp-content\/uploads\/2025\/08\/Capa-CD-Batucada-Tamarindo.jpg?resize=700%2C400&ssl=1 2x"},"classes":[]}],"jetpack_sharing_enabled":true,"amp_enabled":true,"jetpack_featured_media_url":"https:\/\/www.diariodeouropreto.com.br\/wp-content\/uploads\/2026\/09\/Capa-CD-duplo-Grazzi-Brasil-Na-Gira-scaled.jpg","_links":{"self":[{"href":"https:\/\/www.diariodeouropreto.com.br\/pt\/wp-json\/wp\/v2\/posts\/55046","targetHints":{"allow":["GET"]}}],"collection":[{"href":"https:\/\/www.diariodeouropreto.com.br\/pt\/wp-json\/wp\/v2\/posts"}],"about":[{"href":"https:\/\/www.diariodeouropreto.com.br\/pt\/wp-json\/wp\/v2\/types\/post"}],"author":[{"embeddable":true,"href":"https:\/\/www.diariodeouropreto.com.br\/pt\/wp-json\/wp\/v2\/users\/5"}],"replies":[{"embeddable":true,"href":"https:\/\/www.diariodeouropreto.com.br\/pt\/wp-json\/wp\/v2\/comments?post=55046"}],"version-history":[{"count":1,"href":"https:\/\/www.diariodeouropreto.com.br\/pt\/wp-json\/wp\/v2\/posts\/55046\/revisions"}],"predecessor-version":[{"id":55051,"href":"https:\/\/www.diariodeouropreto.com.br\/pt\/wp-json\/wp\/v2\/posts\/55046\/revisions\/55051"}],"wp:featuredmedia":[{"embeddable":true,"href":"https:\/\/www.diariodeouropreto.com.br\/pt\/wp-json\/wp\/v2\/media\/55050"}],"wp:attachment":[{"href":"https:\/\/www.diariodeouropreto.com.br\/pt\/wp-json\/wp\/v2\/media?parent=55046"}],"wp:term":[{"taxonomy":"category","embeddable":true,"href":"https:\/\/www.diariodeouropreto.com.br\/pt\/wp-json\/wp\/v2\/categories?post=55046"},{"taxonomy":"post_tag","embeddable":true,"href":"https:\/\/www.diariodeouropreto.com.br\/pt\/wp-json\/wp\/v2\/tags?post=55046"}],"curies":[{"name":"wp","href":"https:\/\/api.w.org\/{rel}","templated":true}]}}