{"id":55042,"date":"2026-09-01T13:46:23","date_gmt":"2026-09-01T16:46:23","guid":{"rendered":"https:\/\/www.diariodeouropreto.com.br\/?p=55042"},"modified":"2026-09-01T13:46:26","modified_gmt":"2026-09-01T16:46:26","slug":"zaqueu-astoni-e-homenageado-com-a-medalha-bernardo-de-vasconcellos-pela-camara-de-ouro-preto","status":"publish","type":"post","link":"https:\/\/www.diariodeouropreto.com.br\/pt\/zaqueu-astoni-e-homenageado-com-a-medalha-bernardo-de-vasconcellos-pela-camara-de-ouro-preto\/","title":{"rendered":"Zaqueu Astoni \u00e9 homenageado com a medalha Bernardo de Vasconcellos pela C\u00e2mara de Ouro Preto"},"content":{"rendered":"<p class=\"wp-block-paragraph\">Com&nbsp;trajet\u00f3ria&nbsp;marcada&nbsp;pela&nbsp;atua\u00e7\u00e3o&nbsp;na&nbsp;gest\u00e3o&nbsp;p\u00fablica&nbsp;e&nbsp;na&nbsp;valoriza\u00e7\u00e3o&nbsp;da&nbsp;cultura&nbsp;de&nbsp;Ouro Preto, o advogado e chefe de gabinete da Prefeitura Municipal, Zaqueu Astoni, recebeu a medalha Bernardo Pereira de Vasconcellos, concedida pela C\u00e2mara de Ouro Preto. O evento aconteceu na sexta-feira (28), no Centro de Artes e Conven\u00e7\u00f5es da Universidade Federal de Ouro Preto (UFOP), no bairro Pilar.<\/p>\n\n\n\n<figure class=\"wp-block-image size-full\"><img decoding=\"async\" width=\"1409\" height=\"939\" data-attachment-id=\"55043\" data-permalink=\"https:\/\/www.diariodeouropreto.com.br\/pt\/zaqueu-astoni-e-homenageado-com-a-medalha-bernardo-de-vasconcellos-pela-camara-de-ouro-preto\/whatsapp-image-2026-08-31-at-16-39-391\/\" data-orig-file=\"https:\/\/www.diariodeouropreto.com.br\/wp-content\/uploads\/2026\/09\/WhatsApp-Image-2026-08-31-at-16.39.391.jpeg\" data-orig-size=\"1409,939\" data-comments-opened=\"0\" data-image-meta=\"{&quot;aperture&quot;:&quot;0&quot;,&quot;credit&quot;:&quot;&quot;,&quot;camera&quot;:&quot;&quot;,&quot;caption&quot;:&quot;&quot;,&quot;created_timestamp&quot;:&quot;0&quot;,&quot;copyright&quot;:&quot;&quot;,&quot;focal_length&quot;:&quot;0&quot;,&quot;iso&quot;:&quot;0&quot;,&quot;shutter_speed&quot;:&quot;0&quot;,&quot;title&quot;:&quot;&quot;,&quot;orientation&quot;:&quot;0&quot;,&quot;alt&quot;:&quot;&quot;}\" data-image-title=\"WhatsApp Image 2026-08-31 at 16.39.39(1)\" data-image-description=\"\" data-image-caption=\"\" data-large-file=\"https:\/\/www.diariodeouropreto.com.br\/wp-content\/uploads\/2026\/09\/WhatsApp-Image-2026-08-31-at-16.39.391.jpeg\" src=\"https:\/\/www.diariodeouropreto.com.br\/wp-content\/uploads\/2026\/09\/WhatsApp-Image-2026-08-31-at-16.39.391.jpeg\" alt=\"\" class=\"wp-image-55043\" srcset=\"https:\/\/www.diariodeouropreto.com.br\/wp-content\/uploads\/2026\/09\/WhatsApp-Image-2026-08-31-at-16.39.391.jpeg 1409w, https:\/\/www.diariodeouropreto.com.br\/wp-content\/uploads\/2026\/09\/WhatsApp-Image-2026-08-31-at-16.39.391-594x396.jpeg 594w, https:\/\/www.diariodeouropreto.com.br\/wp-content\/uploads\/2026\/09\/WhatsApp-Image-2026-08-31-at-16.39.391-200x133.jpeg 200w, https:\/\/www.diariodeouropreto.com.br\/wp-content\/uploads\/2026\/09\/WhatsApp-Image-2026-08-31-at-16.39.391-768x512.jpeg 768w, https:\/\/www.diariodeouropreto.com.br\/wp-content\/uploads\/2026\/09\/WhatsApp-Image-2026-08-31-at-16.39.391-18x12.jpeg 18w, https:\/\/www.diariodeouropreto.com.br\/wp-content\/uploads\/2026\/09\/WhatsApp-Image-2026-08-31-at-16.39.391-465x310.jpeg 465w, https:\/\/www.diariodeouropreto.com.br\/wp-content\/uploads\/2026\/09\/WhatsApp-Image-2026-08-31-at-16.39.391-695x463.jpeg 695w\" sizes=\"(max-width: 1409px) 100vw, 1409px\" \/><\/figure>\n\n\n\n<p class=\"wp-block-paragraph\">Tamb\u00e9m&nbsp;foram&nbsp;agraciados&nbsp;pela&nbsp;comenda&nbsp;o&nbsp;professor&nbsp;Aisllan&nbsp;de&nbsp;Assis,&nbsp;o&nbsp;artista&nbsp;Eduardo&nbsp;dos Reis, a psic\u00f3loga Fl\u00e1via Perdig\u00e3o e a l\u00edder comunit\u00e1ria Suely de Moraes. Assim como Bernardo de Vasconcellos, que foi uma importante personalidade na consolida\u00e7\u00e3o de institui\u00e7\u00f5es nacionais, os homenageados contribu\u00edram ou contribuem para o desenvolvimento de Ouro Preto. A escolha dos nomes foi por meio de um conselho deliberativo.<\/p>\n\n\n\n<p class=\"wp-block-paragraph\">Zaqueu Astoni Moreira \u00e9 advogado, especialista em Gest\u00e3o P\u00fablica e mestre em Preserva\u00e7\u00e3o do Patrim\u00f4nio Cultural pelo Programa Unesco\u2013Iphan. J\u00e1 atuou como secret\u00e1rio&nbsp;Municipal&nbsp;de&nbsp;Cultura&nbsp;e&nbsp;Patrim\u00f4nio&nbsp;e&nbsp;participou&nbsp;de&nbsp;importantes&nbsp;iniciativas,&nbsp;como&nbsp;a cria\u00e7\u00e3o&nbsp;das&nbsp;Casas&nbsp;de&nbsp;Cultura,&nbsp;do&nbsp;Fundo&nbsp;Municipal&nbsp;de&nbsp;Cultura&nbsp;e&nbsp;de&nbsp;projetos&nbsp;de&nbsp;preserva\u00e7\u00e3o e urbaniza\u00e7\u00e3o de distritos de Ouro Preto.<\/p>\n\n\n\n<div id=\"152151\" class=\"advads-saneouro-2 advads-entity-placement\" style=\"margin-top: 3px;margin-bottom: 3px;margin-left: auto;margin-right: auto;text-align: center;\"><a href=\"https:\/\/www.saneouro.com.br\/\" target=\"_blank\" aria-label=\"DOP_Impresso\" data-wpel-link=\"external\" rel=\"follow external noopener noreferrer sponsored ugc\"><img src=\"https:\/\/www.diariodeouropreto.com.br\/wp-content\/uploads\/2026\/07\/DOP_Impresso.jpg\" alt=\"\"  srcset=\"https:\/\/www.diariodeouropreto.com.br\/wp-content\/uploads\/2026\/07\/DOP_Impresso.jpg 1181w, https:\/\/www.diariodeouropreto.com.br\/wp-content\/uploads\/2026\/07\/DOP_Impresso-396x396.jpg 396w, https:\/\/www.diariodeouropreto.com.br\/wp-content\/uploads\/2026\/07\/DOP_Impresso-150x150.jpg 150w, https:\/\/www.diariodeouropreto.com.br\/wp-content\/uploads\/2026\/07\/DOP_Impresso-768x768.jpg 768w, https:\/\/www.diariodeouropreto.com.br\/wp-content\/uploads\/2026\/07\/DOP_Impresso-12x12.jpg 12w, https:\/\/www.diariodeouropreto.com.br\/wp-content\/uploads\/2026\/07\/DOP_Impresso-465x465.jpg 465w, https:\/\/www.diariodeouropreto.com.br\/wp-content\/uploads\/2026\/07\/DOP_Impresso-500x500.jpg 500w\" sizes=\"(max-width: 1181px) 100vw, 1181px\" width=\"400\" height=\"400\"  style=\"display: inline-block;\" \/><\/a><\/div><p class=\"wp-block-paragraph\">Tamb\u00e9m est\u00e1 envolvido na consolida\u00e7\u00e3o de institui\u00e7\u00f5es de relev\u00e2ncia cultural, como o Instituto&nbsp;Boulieu&nbsp;e&nbsp;o&nbsp;Museu&nbsp;Boulieu.&nbsp;Na&nbsp;advocacia,&nbsp;atua&nbsp;nas&nbsp;\u00e1reas&nbsp;de&nbsp;patrim\u00f4nio&nbsp;cultural&nbsp;e direito miner\u00e1rio.<\/p>\n\n\n\n<p class=\"wp-block-paragraph\"><\/p>","protected":false},"excerpt":{"rendered":"<p>Com&nbsp;trajet\u00f3ria&nbsp;marcada&nbsp;pela&nbsp;atua\u00e7\u00e3o&nbsp;na&nbsp;gest\u00e3o&nbsp;p\u00fablica&nbsp;e&nbsp;na&nbsp;valoriza\u00e7\u00e3o&nbsp;da&nbsp;cultura&nbsp;de&nbsp;Ouro Preto, o advogado e chefe de gabinete da Prefeitura Municipal, Zaqueu Astoni, recebeu a medalha Bernardo Pereira de Vasconcellos, concedida pela C\u00e2mara de Ouro Preto. O evento aconteceu na sexta-feira (28), no Centro de Artes e Conven\u00e7\u00f5es da Universidade Federal de Ouro Preto (UFOP), no bairro Pilar. Tamb\u00e9m&nbsp;foram&nbsp;agraciados&nbsp;pela&nbsp;comenda&nbsp;o&nbsp;professor&nbsp;Aisllan&nbsp;de&nbsp;Assis,&nbsp;o&nbsp;artista&nbsp;Eduardo&nbsp;dos Reis,<span class=\"more-link\"><a href=\"https:\/\/www.diariodeouropreto.com.br\/pt\/zaqueu-astoni-e-homenageado-com-a-medalha-bernardo-de-vasconcellos-pela-camara-de-ouro-preto\/\" data-wpel-link=\"internal\">Continue Lendo<\/a><\/span><\/p>","protected":false},"author":1,"featured_media":55045,"comment_status":"closed","ping_status":"closed","sticky":false,"template":"","format":"standard","meta":{"_jetpack_newsletter_access":"","_jetpack_dont_email_post_to_subs":false,"_jetpack_newsletter_tier_id":0,"_jetpack_memberships_contains_paywalled_content":false,"_jetpack_feature_clip_id":0,"_jetpack_memberships_contains_paid_content":false,"footnotes":"","jetpack_publicize_message":"O evento aconteceu na sexta-feira (28), no Centro de Artes e Conven\u00e7\u00f5es da Universidade Federal de Ouro Preto (UFOP)","jetpack_publicize_feature_enabled":true,"jetpack_social_post_already_shared":false,"jetpack_social_options":{"image_generator_settings":{"template":"highway","default_image_id":0,"font":"","enabled":false},"version":2},"jetpack_post_was_ever_published":false},"categories":[46],"tags":[],"class_list":["entry","author-diario","post-55042","post","type-post","status-publish","format-standard","has-post-thumbnail","category-politica"],"yoast_head":"<!-- This site is optimized with the Yoast SEO plugin v28.4 - https:\/\/yoast.com\/product\/yoast-seo-wordpress\/ -->\n<title>Zaqueu Astoni \u00e9 homenageado com a medalha Bernardo de Vasconcellos pela C\u00e2mara de Ouro Preto - Di\u00e1rio de Ouro Preto<\/title>\n<meta name=\"description\" content=\"O evento aconteceu na sexta-feira (28), no Centro de Artes e Conven\u00e7\u00f5es da Universidade Federal de Ouro Preto (UFOP)- Zaqueu Astoni \u00e9 homenageado com a medalha Bernardo de Vasconcellos pela C\u00e2mara de Ouro Preto - Pol\u00edtica\" \/>\n<meta name=\"robots\" content=\"index, follow, max-snippet:-1, max-image-preview:large, max-video-preview:-1\" \/>\n<link rel=\"canonical\" href=\"https:\/\/www.diariodeouropreto.com.br\/pt\/zaqueu-astoni-e-homenageado-com-a-medalha-bernardo-de-vasconcellos-pela-camara-de-ouro-preto\/\" \/>\n<meta property=\"og:locale\" content=\"pt_PT\" \/>\n<meta property=\"og:type\" content=\"article\" \/>\n<meta property=\"og:title\" content=\"Zaqueu Astoni \u00e9 homenageado com a medalha Bernardo de Vasconcellos pela C\u00e2mara de Ouro Preto - Di\u00e1rio de Ouro Preto\" \/>\n<meta property=\"og:description\" content=\"O evento aconteceu na sexta-feira (28), no Centro de Artes e Conven\u00e7\u00f5es da Universidade Federal de Ouro Preto (UFOP)- Zaqueu Astoni \u00e9 homenageado com a medalha Bernardo de Vasconcellos pela C\u00e2mara de Ouro Preto - Pol\u00edtica\" \/>\n<meta property=\"og:url\" content=\"https:\/\/www.diariodeouropreto.com.br\/pt\/zaqueu-astoni-e-homenageado-com-a-medalha-bernardo-de-vasconcellos-pela-camara-de-ouro-preto\/\" \/>\n<meta property=\"og:site_name\" content=\"Di\u00e1rio de Ouro Preto\" \/>\n<meta property=\"article:publisher\" content=\"https:\/\/www.facebook.com\/diariodeouropreto\/\" \/>\n<meta property=\"article:published_time\" content=\"2026-09-01T16:46:23+00:00\" \/>\n<meta property=\"article:modified_time\" content=\"2026-09-01T16:46:26+00:00\" \/>\n<meta property=\"og:image\" content=\"https:\/\/www.diariodeouropreto.com.br\/wp-content\/uploads\/2026\/09\/WhatsApp-Image-2026-08-31-at-16.39.39.jpeg\" \/>\n\t<meta property=\"og:image:width\" content=\"1360\" \/>\n\t<meta property=\"og:image:height\" content=\"907\" \/>\n\t<meta property=\"og:image:type\" content=\"image\/jpeg\" \/>\n<meta name=\"author\" content=\"Di\u00e1rio de Ouro Preto\" \/>\n<meta name=\"twitter:card\" content=\"summary_large_image\" \/>\n<meta name=\"twitter:label1\" content=\"Escrito por\" \/>\n\t<meta name=\"twitter:data1\" content=\"Di\u00e1rio de Ouro Preto\" \/>\n\t<meta name=\"twitter:label2\" content=\"Tempo estimado de leitura\" \/>\n\t<meta name=\"twitter:data2\" content=\"2 minutos\" \/>\n<script type=\"application\/ld+json\" class=\"yoast-schema-graph\">{\"@context\":\"https:\\\/\\\/schema.org\",\"@graph\":[{\"@type\":\"Article\",\"@id\":\"https:\\\/\\\/www.diariodeouropreto.com.br\\\/zaqueu-astoni-e-homenageado-com-a-medalha-bernardo-de-vasconcellos-pela-camara-de-ouro-preto\\\/#article\",\"isPartOf\":{\"@id\":\"https:\\\/\\\/www.diariodeouropreto.com.br\\\/zaqueu-astoni-e-homenageado-com-a-medalha-bernardo-de-vasconcellos-pela-camara-de-ouro-preto\\\/\"},\"author\":{\"name\":\"Di\u00e1rio de Ouro Preto\",\"@id\":\"https:\\\/\\\/www.diariodeouropreto.com.br\\\/pt\\\/#\\\/schema\\\/person\\\/7654e7b471204a6dab6dc0ce6e140c99\"},\"headline\":\"Zaqueu Astoni \u00e9 homenageado com a medalha Bernardo de Vasconcellos pela C\u00e2mara de Ouro Preto\",\"datePublished\":\"2026-09-01T16:46:23+00:00\",\"dateModified\":\"2026-09-01T16:46:26+00:00\",\"mainEntityOfPage\":{\"@id\":\"https:\\\/\\\/www.diariodeouropreto.com.br\\\/zaqueu-astoni-e-homenageado-com-a-medalha-bernardo-de-vasconcellos-pela-camara-de-ouro-preto\\\/\"},\"wordCount\":323,\"publisher\":{\"@id\":\"https:\\\/\\\/www.diariodeouropreto.com.br\\\/pt\\\/#organization\"},\"image\":{\"@id\":\"https:\\\/\\\/www.diariodeouropreto.com.br\\\/zaqueu-astoni-e-homenageado-com-a-medalha-bernardo-de-vasconcellos-pela-camara-de-ouro-preto\\\/#primaryimage\"},\"thumbnailUrl\":\"https:\\\/\\\/www.diariodeouropreto.com.br\\\/wp-content\\\/uploads\\\/2026\\\/09\\\/WhatsApp-Image-2026-08-31-at-16.39.39.jpeg\",\"articleSection\":[\"Pol\u00edtica\"],\"inLanguage\":\"pt-PT\"},{\"@type\":\"WebPage\",\"@id\":\"https:\\\/\\\/www.diariodeouropreto.com.br\\\/zaqueu-astoni-e-homenageado-com-a-medalha-bernardo-de-vasconcellos-pela-camara-de-ouro-preto\\\/\",\"url\":\"https:\\\/\\\/www.diariodeouropreto.com.br\\\/zaqueu-astoni-e-homenageado-com-a-medalha-bernardo-de-vasconcellos-pela-camara-de-ouro-preto\\\/\",\"name\":\"Zaqueu Astoni \u00e9 homenageado com a medalha Bernardo de Vasconcellos pela C\u00e2mara de Ouro Preto - Di\u00e1rio de Ouro Preto\",\"isPartOf\":{\"@id\":\"https:\\\/\\\/www.diariodeouropreto.com.br\\\/pt\\\/#website\"},\"primaryImageOfPage\":{\"@id\":\"https:\\\/\\\/www.diariodeouropreto.com.br\\\/zaqueu-astoni-e-homenageado-com-a-medalha-bernardo-de-vasconcellos-pela-camara-de-ouro-preto\\\/#primaryimage\"},\"image\":{\"@id\":\"https:\\\/\\\/www.diariodeouropreto.com.br\\\/zaqueu-astoni-e-homenageado-com-a-medalha-bernardo-de-vasconcellos-pela-camara-de-ouro-preto\\\/#primaryimage\"},\"thumbnailUrl\":\"https:\\\/\\\/www.diariodeouropreto.com.br\\\/wp-content\\\/uploads\\\/2026\\\/09\\\/WhatsApp-Image-2026-08-31-at-16.39.39.jpeg\",\"datePublished\":\"2026-09-01T16:46:23+00:00\",\"dateModified\":\"2026-09-01T16:46:26+00:00\",\"description\":\"O evento aconteceu na sexta-feira (28), no Centro de Artes e Conven\u00e7\u00f5es da Universidade Federal de Ouro Preto (UFOP)- Zaqueu Astoni \u00e9 homenageado com a medalha Bernardo de Vasconcellos pela C\u00e2mara de Ouro Preto - Pol\u00edtica\",\"breadcrumb\":{\"@id\":\"https:\\\/\\\/www.diariodeouropreto.com.br\\\/zaqueu-astoni-e-homenageado-com-a-medalha-bernardo-de-vasconcellos-pela-camara-de-ouro-preto\\\/#breadcrumb\"},\"inLanguage\":\"pt-PT\",\"potentialAction\":[{\"@type\":\"ReadAction\",\"target\":[\"https:\\\/\\\/www.diariodeouropreto.com.br\\\/zaqueu-astoni-e-homenageado-com-a-medalha-bernardo-de-vasconcellos-pela-camara-de-ouro-preto\\\/\"]}]},{\"@type\":\"ImageObject\",\"inLanguage\":\"pt-PT\",\"@id\":\"https:\\\/\\\/www.diariodeouropreto.com.br\\\/zaqueu-astoni-e-homenageado-com-a-medalha-bernardo-de-vasconcellos-pela-camara-de-ouro-preto\\\/#primaryimage\",\"url\":\"https:\\\/\\\/www.diariodeouropreto.com.br\\\/wp-content\\\/uploads\\\/2026\\\/09\\\/WhatsApp-Image-2026-08-31-at-16.39.39.jpeg\",\"contentUrl\":\"https:\\\/\\\/www.diariodeouropreto.com.br\\\/wp-content\\\/uploads\\\/2026\\\/09\\\/WhatsApp-Image-2026-08-31-at-16.39.39.jpeg\",\"width\":1360,\"height\":907},{\"@type\":\"BreadcrumbList\",\"@id\":\"https:\\\/\\\/www.diariodeouropreto.com.br\\\/zaqueu-astoni-e-homenageado-com-a-medalha-bernardo-de-vasconcellos-pela-camara-de-ouro-preto\\\/#breadcrumb\",\"itemListElement\":[{\"@type\":\"ListItem\",\"position\":1,\"name\":\"In\u00edcio\",\"item\":\"https:\\\/\\\/www.diariodeouropreto.com.br\\\/pt\\\/\"},{\"@type\":\"ListItem\",\"position\":2,\"name\":\"Zaqueu Astoni \u00e9 homenageado com a medalha Bernardo de Vasconcellos pela C\u00e2mara de Ouro Preto\"}]},{\"@type\":\"WebSite\",\"@id\":\"https:\\\/\\\/www.diariodeouropreto.com.br\\\/pt\\\/#website\",\"url\":\"https:\\\/\\\/www.diariodeouropreto.com.br\\\/pt\\\/\",\"name\":\"Di\u00e1rio de Ouro Preto\",\"description\":\"Not\u00edcias Ouro Preto; Mariana;Minas Gerais;Jornal;Jornalismo;Not\u00edcias;\",\"publisher\":{\"@id\":\"https:\\\/\\\/www.diariodeouropreto.com.br\\\/pt\\\/#organization\"},\"alternateName\":\"Jornal di\u00e1rio de Ouro Preto\",\"potentialAction\":[{\"@type\":\"SearchAction\",\"target\":{\"@type\":\"EntryPoint\",\"urlTemplate\":\"https:\\\/\\\/www.diariodeouropreto.com.br\\\/pt\\\/?s={search_term_string}\"},\"query-input\":{\"@type\":\"PropertyValueSpecification\",\"valueRequired\":true,\"valueName\":\"search_term_string\"}}],\"inLanguage\":\"pt-PT\"},{\"@type\":\"Organization\",\"@id\":\"https:\\\/\\\/www.diariodeouropreto.com.br\\\/pt\\\/#organization\",\"name\":\"Di\u00e1rio de Ouro Preto\",\"alternateName\":\"Jornal di\u00e1rio Ouro Preto\",\"url\":\"https:\\\/\\\/www.diariodeouropreto.com.br\\\/pt\\\/\",\"logo\":{\"@type\":\"ImageObject\",\"inLanguage\":\"pt-PT\",\"@id\":\"https:\\\/\\\/www.diariodeouropreto.com.br\\\/pt\\\/#\\\/schema\\\/logo\\\/image\\\/\",\"url\":\"https:\\\/\\\/www.diariodeouropreto.com.br\\\/wp-content\\\/uploads\\\/2019\\\/06\\\/cropped-logotransp-2.png\",\"contentUrl\":\"https:\\\/\\\/www.diariodeouropreto.com.br\\\/wp-content\\\/uploads\\\/2019\\\/06\\\/cropped-logotransp-2.png\",\"width\":1323,\"height\":251,\"caption\":\"Di\u00e1rio de Ouro Preto\"},\"image\":{\"@id\":\"https:\\\/\\\/www.diariodeouropreto.com.br\\\/pt\\\/#\\\/schema\\\/logo\\\/image\\\/\"},\"sameAs\":[\"https:\\\/\\\/www.facebook.com\\\/diariodeouropreto\\\/\"]},{\"@type\":\"Person\",\"@id\":\"https:\\\/\\\/www.diariodeouropreto.com.br\\\/pt\\\/#\\\/schema\\\/person\\\/7654e7b471204a6dab6dc0ce6e140c99\",\"name\":\"Di\u00e1rio de Ouro Preto\",\"sameAs\":[\"http:\\\/\\\/www.diariodeouropreto.com.br\"],\"url\":\"https:\\\/\\\/www.diariodeouropreto.com.br\\\/pt\\\/author\\\/diario\\\/\"}]}<\/script>\n<!-- \/ Yoast SEO plugin. -->","yoast_head_json":{"title":"Zaqueu Astoni \u00e9 homenageado com a medalha Bernardo de Vasconcellos pela C\u00e2mara de Ouro Preto - Di\u00e1rio de Ouro Preto","description":"O evento aconteceu na sexta-feira (28), no Centro de Artes e Conven\u00e7\u00f5es da Universidade Federal de Ouro Preto (UFOP)- Zaqueu Astoni \u00e9 homenageado com a medalha Bernardo de Vasconcellos pela C\u00e2mara de Ouro Preto - Pol\u00edtica","robots":{"index":"index","follow":"follow","max-snippet":"max-snippet:-1","max-image-preview":"max-image-preview:large","max-video-preview":"max-video-preview:-1"},"canonical":"https:\/\/www.diariodeouropreto.com.br\/pt\/zaqueu-astoni-e-homenageado-com-a-medalha-bernardo-de-vasconcellos-pela-camara-de-ouro-preto\/","og_locale":"pt_PT","og_type":"article","og_title":"Zaqueu Astoni \u00e9 homenageado com a medalha Bernardo de Vasconcellos pela C\u00e2mara de Ouro Preto - Di\u00e1rio de Ouro Preto","og_description":"O evento aconteceu na sexta-feira (28), no Centro de Artes e Conven\u00e7\u00f5es da Universidade Federal de Ouro Preto (UFOP)- Zaqueu Astoni \u00e9 homenageado com a medalha Bernardo de Vasconcellos pela C\u00e2mara de Ouro Preto - Pol\u00edtica","og_url":"https:\/\/www.diariodeouropreto.com.br\/pt\/zaqueu-astoni-e-homenageado-com-a-medalha-bernardo-de-vasconcellos-pela-camara-de-ouro-preto\/","og_site_name":"Di\u00e1rio de Ouro Preto","article_publisher":"https:\/\/www.facebook.com\/diariodeouropreto\/","article_published_time":"2026-09-01T16:46:23+00:00","article_modified_time":"2026-09-01T16:46:26+00:00","og_image":[{"width":1360,"height":907,"url":"https:\/\/www.diariodeouropreto.com.br\/wp-content\/uploads\/2026\/09\/WhatsApp-Image-2026-08-31-at-16.39.39.jpeg","type":"image\/jpeg"}],"author":"Di\u00e1rio de Ouro Preto","twitter_card":"summary_large_image","twitter_misc":{"Escrito por":"Di\u00e1rio de Ouro Preto","Tempo estimado de leitura":"2 minutos"},"schema":{"@context":"https:\/\/schema.org","@graph":[{"@type":"Article","@id":"https:\/\/www.diariodeouropreto.com.br\/zaqueu-astoni-e-homenageado-com-a-medalha-bernardo-de-vasconcellos-pela-camara-de-ouro-preto\/#article","isPartOf":{"@id":"https:\/\/www.diariodeouropreto.com.br\/zaqueu-astoni-e-homenageado-com-a-medalha-bernardo-de-vasconcellos-pela-camara-de-ouro-preto\/"},"author":{"name":"Di\u00e1rio de Ouro Preto","@id":"https:\/\/www.diariodeouropreto.com.br\/pt\/#\/schema\/person\/7654e7b471204a6dab6dc0ce6e140c99"},"headline":"Zaqueu Astoni \u00e9 homenageado com a medalha Bernardo de Vasconcellos pela C\u00e2mara de Ouro Preto","datePublished":"2026-09-01T16:46:23+00:00","dateModified":"2026-09-01T16:46:26+00:00","mainEntityOfPage":{"@id":"https:\/\/www.diariodeouropreto.com.br\/zaqueu-astoni-e-homenageado-com-a-medalha-bernardo-de-vasconcellos-pela-camara-de-ouro-preto\/"},"wordCount":323,"publisher":{"@id":"https:\/\/www.diariodeouropreto.com.br\/pt\/#organization"},"image":{"@id":"https:\/\/www.diariodeouropreto.com.br\/zaqueu-astoni-e-homenageado-com-a-medalha-bernardo-de-vasconcellos-pela-camara-de-ouro-preto\/#primaryimage"},"thumbnailUrl":"https:\/\/www.diariodeouropreto.com.br\/wp-content\/uploads\/2026\/09\/WhatsApp-Image-2026-08-31-at-16.39.39.jpeg","articleSection":["Pol\u00edtica"],"inLanguage":"pt-PT"},{"@type":"WebPage","@id":"https:\/\/www.diariodeouropreto.com.br\/zaqueu-astoni-e-homenageado-com-a-medalha-bernardo-de-vasconcellos-pela-camara-de-ouro-preto\/","url":"https:\/\/www.diariodeouropreto.com.br\/zaqueu-astoni-e-homenageado-com-a-medalha-bernardo-de-vasconcellos-pela-camara-de-ouro-preto\/","name":"Zaqueu Astoni \u00e9 homenageado com a medalha Bernardo de Vasconcellos pela C\u00e2mara de Ouro Preto - Di\u00e1rio de Ouro Preto","isPartOf":{"@id":"https:\/\/www.diariodeouropreto.com.br\/pt\/#website"},"primaryImageOfPage":{"@id":"https:\/\/www.diariodeouropreto.com.br\/zaqueu-astoni-e-homenageado-com-a-medalha-bernardo-de-vasconcellos-pela-camara-de-ouro-preto\/#primaryimage"},"image":{"@id":"https:\/\/www.diariodeouropreto.com.br\/zaqueu-astoni-e-homenageado-com-a-medalha-bernardo-de-vasconcellos-pela-camara-de-ouro-preto\/#primaryimage"},"thumbnailUrl":"https:\/\/www.diariodeouropreto.com.br\/wp-content\/uploads\/2026\/09\/WhatsApp-Image-2026-08-31-at-16.39.39.jpeg","datePublished":"2026-09-01T16:46:23+00:00","dateModified":"2026-09-01T16:46:26+00:00","description":"O evento aconteceu na sexta-feira (28), no Centro de Artes e Conven\u00e7\u00f5es da Universidade Federal de Ouro Preto (UFOP)- Zaqueu Astoni \u00e9 homenageado com a medalha Bernardo de Vasconcellos pela C\u00e2mara de Ouro Preto - Pol\u00edtica","breadcrumb":{"@id":"https:\/\/www.diariodeouropreto.com.br\/zaqueu-astoni-e-homenageado-com-a-medalha-bernardo-de-vasconcellos-pela-camara-de-ouro-preto\/#breadcrumb"},"inLanguage":"pt-PT","potentialAction":[{"@type":"ReadAction","target":["https:\/\/www.diariodeouropreto.com.br\/zaqueu-astoni-e-homenageado-com-a-medalha-bernardo-de-vasconcellos-pela-camara-de-ouro-preto\/"]}]},{"@type":"ImageObject","inLanguage":"pt-PT","@id":"https:\/\/www.diariodeouropreto.com.br\/zaqueu-astoni-e-homenageado-com-a-medalha-bernardo-de-vasconcellos-pela-camara-de-ouro-preto\/#primaryimage","url":"https:\/\/www.diariodeouropreto.com.br\/wp-content\/uploads\/2026\/09\/WhatsApp-Image-2026-08-31-at-16.39.39.jpeg","contentUrl":"https:\/\/www.diariodeouropreto.com.br\/wp-content\/uploads\/2026\/09\/WhatsApp-Image-2026-08-31-at-16.39.39.jpeg","width":1360,"height":907},{"@type":"BreadcrumbList","@id":"https:\/\/www.diariodeouropreto.com.br\/zaqueu-astoni-e-homenageado-com-a-medalha-bernardo-de-vasconcellos-pela-camara-de-ouro-preto\/#breadcrumb","itemListElement":[{"@type":"ListItem","position":1,"name":"In\u00edcio","item":"https:\/\/www.diariodeouropreto.com.br\/pt\/"},{"@type":"ListItem","position":2,"name":"Zaqueu Astoni \u00e9 homenageado com a medalha Bernardo de Vasconcellos pela C\u00e2mara de Ouro Preto"}]},{"@type":"WebSite","@id":"https:\/\/www.diariodeouropreto.com.br\/pt\/#website","url":"https:\/\/www.diariodeouropreto.com.br\/pt\/","name":"Di\u00e1rio de Ouro Preto","description":"Not\u00edcias Ouro Preto; Mariana;Minas Gerais;Jornal;Jornalismo;Not\u00edcias;","publisher":{"@id":"https:\/\/www.diariodeouropreto.com.br\/pt\/#organization"},"alternateName":"Jornal di\u00e1rio de Ouro Preto","potentialAction":[{"@type":"SearchAction","target":{"@type":"EntryPoint","urlTemplate":"https:\/\/www.diariodeouropreto.com.br\/pt\/?s={search_term_string}"},"query-input":{"@type":"PropertyValueSpecification","valueRequired":true,"valueName":"search_term_string"}}],"inLanguage":"pt-PT"},{"@type":"Organization","@id":"https:\/\/www.diariodeouropreto.com.br\/pt\/#organization","name":"Di\u00e1rio de Ouro Preto","alternateName":"Jornal di\u00e1rio Ouro Preto","url":"https:\/\/www.diariodeouropreto.com.br\/pt\/","logo":{"@type":"ImageObject","inLanguage":"pt-PT","@id":"https:\/\/www.diariodeouropreto.com.br\/pt\/#\/schema\/logo\/image\/","url":"https:\/\/www.diariodeouropreto.com.br\/wp-content\/uploads\/2019\/06\/cropped-logotransp-2.png","contentUrl":"https:\/\/www.diariodeouropreto.com.br\/wp-content\/uploads\/2019\/06\/cropped-logotransp-2.png","width":1323,"height":251,"caption":"Di\u00e1rio de Ouro Preto"},"image":{"@id":"https:\/\/www.diariodeouropreto.com.br\/pt\/#\/schema\/logo\/image\/"},"sameAs":["https:\/\/www.facebook.com\/diariodeouropreto\/"]},{"@type":"Person","@id":"https:\/\/www.diariodeouropreto.com.br\/pt\/#\/schema\/person\/7654e7b471204a6dab6dc0ce6e140c99","name":"Di\u00e1rio de Ouro Preto","sameAs":["http:\/\/www.diariodeouropreto.com.br"],"url":"https:\/\/www.diariodeouropreto.com.br\/pt\/author\/diario\/"}]}},"jetpack_publicize_connections":[],"jetpack-related-posts":[{"id":54911,"url":"https:\/\/www.diariodeouropreto.com.br\/pt\/camara-de-ouro-preto-concede-medalhas-merito-musical-bernardo-pereira-de-vasconcellos-e-joao-velloso\/","url_meta":{"origin":55042,"position":0},"title":"C\u00e2mara de Ouro Preto concede Medalhas:\u00a0M\u00e9rito Musical, Bernardo Pereira de Vasconcellos e Jo\u00e3o Velloso","author":"Di\u00e1rio de Ouro Preto","date":"24 de Agosto de 2026","format":false,"excerpt":"Reconhecer trabalhos de cidad\u00e3os e entidades que contribuem para o desenvolvimento de Ouro Preto nas \u00e1reas: musical, na preserva\u00e7\u00e3o e recupera\u00e7\u00e3o do Patrim\u00f4nio Cultural e natural do munic\u00edpio, e no desenvolvimento em \u00e1reas diversificadas. Esses s\u00e3o os objetivos das honrarias M\u00e9rito Musical; Bernardo Pereira de Vasconcellos e Jo\u00e3o Velloso, cada\u2026","rel":"","context":"In &quot;Geral&quot;","block_context":{"text":"Geral","link":"https:\/\/www.diariodeouropreto.com.br\/pt\/Editoria\/geral\/"},"img":{"alt_text":"","src":"https:\/\/i0.wp.com\/www.diariodeouropreto.com.br\/wp-content\/uploads\/2026\/08\/crop-Medalhas-Merito-Musical-Bernardo-Pereira-de-Vasconcellos-e-Joao-Velloso.jpeg?resize=350%2C200&ssl=1","width":350,"height":200,"srcset":"https:\/\/i0.wp.com\/www.diariodeouropreto.com.br\/wp-content\/uploads\/2026\/08\/crop-Medalhas-Merito-Musical-Bernardo-Pereira-de-Vasconcellos-e-Joao-Velloso.jpeg?resize=350%2C200&ssl=1 1x, https:\/\/i0.wp.com\/www.diariodeouropreto.com.br\/wp-content\/uploads\/2026\/08\/crop-Medalhas-Merito-Musical-Bernardo-Pereira-de-Vasconcellos-e-Joao-Velloso.jpeg?resize=525%2C300&ssl=1 1.5x, https:\/\/i0.wp.com\/www.diariodeouropreto.com.br\/wp-content\/uploads\/2026\/08\/crop-Medalhas-Merito-Musical-Bernardo-Pereira-de-Vasconcellos-e-Joao-Velloso.jpeg?resize=700%2C400&ssl=1 2x, https:\/\/i0.wp.com\/www.diariodeouropreto.com.br\/wp-content\/uploads\/2026\/08\/crop-Medalhas-Merito-Musical-Bernardo-Pereira-de-Vasconcellos-e-Joao-Velloso.jpeg?resize=1050%2C600&ssl=1 3x"},"classes":[]},{"id":14228,"url":"https:\/\/www.diariodeouropreto.com.br\/pt\/evento-em-mariana-reune-especialistas-para-discutir-a-interacao-da-gestao-municipal-com-suas-controladorias\/","url_meta":{"origin":55042,"position":1},"title":"Evento em Mariana re\u00fane especialistas para discutir a intera\u00e7\u00e3o da gest\u00e3o municipal com suas controladorias","author":"Di\u00e1rio de Ouro Preto","date":"12 de Mar\u00e7o de 2022","format":false,"excerpt":"A Prefeitura de Mariana realizou nesta sexta-feira um workshop sobre o tema \u201cAspectos da integra\u00e7\u00e3o entre controle interno e gest\u00e3o municipal\u201d. O evento contou com uma programa\u00e7\u00e3o intensa realizada no Cine Teatro Municipal, o antigo Sesi, promovida por meio da Controladoria Geral do munic\u00edpio. Para mediar os debates, a Prefeitura\u2026","rel":"","context":"In &quot;Pol\u00edtica&quot;","block_context":{"text":"Pol\u00edtica","link":"https:\/\/www.diariodeouropreto.com.br\/pt\/Editoria\/politica\/"},"img":{"alt_text":"","src":"https:\/\/i0.wp.com\/www.diariodeouropreto.com.br\/wp-content\/uploads\/2022\/03\/WhatsApp-Image-2022-03-12-at-10.42.33.jpeg?resize=350%2C200&ssl=1","width":350,"height":200,"srcset":"https:\/\/i0.wp.com\/www.diariodeouropreto.com.br\/wp-content\/uploads\/2022\/03\/WhatsApp-Image-2022-03-12-at-10.42.33.jpeg?resize=350%2C200&ssl=1 1x, https:\/\/i0.wp.com\/www.diariodeouropreto.com.br\/wp-content\/uploads\/2022\/03\/WhatsApp-Image-2022-03-12-at-10.42.33.jpeg?resize=525%2C300&ssl=1 1.5x, https:\/\/i0.wp.com\/www.diariodeouropreto.com.br\/wp-content\/uploads\/2022\/03\/WhatsApp-Image-2022-03-12-at-10.42.33.jpeg?resize=700%2C400&ssl=1 2x, https:\/\/i0.wp.com\/www.diariodeouropreto.com.br\/wp-content\/uploads\/2022\/03\/WhatsApp-Image-2022-03-12-at-10.42.33.jpeg?resize=1050%2C600&ssl=1 3x"},"classes":[]},{"id":11941,"url":"https:\/\/www.diariodeouropreto.com.br\/pt\/camara-municipal-de-ouro-preto-realiza-11a-sessao-solene-e-encerra-atividades-de-2021\/","url_meta":{"origin":55042,"position":2},"title":"C\u00e2mara Municipal de Ouro Preto realiza 11\u00aa Sess\u00e3o Solene e encerra atividades de 2021","author":"Di\u00e1rio de Ouro Preto","date":"20 de Dezembro de 2021","format":false,"excerpt":"Na \u00faltima sexta-feira (17), a C\u00e2mara Municipal de Ouro Preto realizou a 11\u00aa Sess\u00e3o Solene de 2021, \u00faltima atividade do ano, para a entrega dos t\u00edtulos de Cidadania Honor\u00e1ria e Honra ao M\u00e9rito e tamb\u00e9m da Medalha Jo\u00e3o Velloso. A cerim\u00f4nia aconteceu no Teatro Municipal Casa da \u00d3pera e contou\u2026","rel":"","context":"In &quot;Ouro Preto&quot;","block_context":{"text":"Ouro Preto","link":"https:\/\/www.diariodeouropreto.com.br\/pt\/Editoria\/ouro-preto\/"},"img":{"alt_text":"","src":"https:\/\/i0.wp.com\/www.diariodeouropreto.com.br\/wp-content\/uploads\/2021\/12\/11-SessaoSolene.jpg?resize=350%2C200&ssl=1","width":350,"height":200,"srcset":"https:\/\/i0.wp.com\/www.diariodeouropreto.com.br\/wp-content\/uploads\/2021\/12\/11-SessaoSolene.jpg?resize=350%2C200&ssl=1 1x, https:\/\/i0.wp.com\/www.diariodeouropreto.com.br\/wp-content\/uploads\/2021\/12\/11-SessaoSolene.jpg?resize=525%2C300&ssl=1 1.5x, https:\/\/i0.wp.com\/www.diariodeouropreto.com.br\/wp-content\/uploads\/2021\/12\/11-SessaoSolene.jpg?resize=700%2C400&ssl=1 2x"},"classes":[]},{"id":11873,"url":"https:\/\/www.diariodeouropreto.com.br\/pt\/ouro-preto-marca-presenca-em-evento-nacional-de-turismo-e-preservacao-no-maranhao\/","url_meta":{"origin":55042,"position":3},"title":"Ouro Preto marca presen\u00e7a em evento nacional de turismo e preserva\u00e7\u00e3o, no Maranh\u00e3o","author":"Di\u00e1rio de Ouro Preto","date":"15 de Dezembro de 2021","format":false,"excerpt":"Representando a cidade de Ouro Preto, o secret\u00e1rio Interino de Patrim\u00f4nio, Zaqueu Astoni, e a secret\u00e1ria de Cultura e Turismo, Margareth Monteiro, participaram do 8\u00ba Encontro Brasileiro das Cidades Hist\u00f3ricas, Tur\u00edsticas e Patrim\u00f4nio Mundial, evento que aconteceu de 9 a 11 de dezembro em S\u00e3o Luiz, no Maranh\u00e3o. Nesta edi\u00e7\u00e3o,\u2026","rel":"","context":"In &quot;Ouro Preto&quot;","block_context":{"text":"Ouro Preto","link":"https:\/\/www.diariodeouropreto.com.br\/pt\/Editoria\/ouro-preto\/"},"img":{"alt_text":"","src":"https:\/\/i0.wp.com\/www.diariodeouropreto.com.br\/wp-content\/uploads\/2021\/12\/WhatsApp-Image-2021-12-15-at-16.34.50.jpeg?resize=350%2C200&ssl=1","width":350,"height":200,"srcset":"https:\/\/i0.wp.com\/www.diariodeouropreto.com.br\/wp-content\/uploads\/2021\/12\/WhatsApp-Image-2021-12-15-at-16.34.50.jpeg?resize=350%2C200&ssl=1 1x, https:\/\/i0.wp.com\/www.diariodeouropreto.com.br\/wp-content\/uploads\/2021\/12\/WhatsApp-Image-2021-12-15-at-16.34.50.jpeg?resize=525%2C300&ssl=1 1.5x"},"classes":[]},{"id":14070,"url":"https:\/\/www.diariodeouropreto.com.br\/pt\/igreja-do-bom-jesus-de-matozinhos-de-ouro-preto-pode-ser-finalmente-restaurada-explica-chefe-de-gabinete\/","url_meta":{"origin":55042,"position":4},"title":"Igreja do Bom Jesus de Matozinhos de Ouro Preto pode ser finalmente restaurada, explica chefe de gabinete","author":"Di\u00e1rio de Ouro Preto","date":"4 de Mar\u00e7o de 2022","format":false,"excerpt":"Eis que surge um sinal de luz sobre a revitaliza\u00e7\u00e3o da Igreja do Bom Jesus de Matozinhos e S\u00e3o Miguel e Almas, no bairro Cabe\u00e7as, em Ouro Preto. O chefe de Gabinete da Prefeitura, Zaqueu Astoni, visitou em Bras\u00edlia o ministro do Turismo Gilson Machado, e tamb\u00e9m se reuniu com\u2026","rel":"","context":"In &quot;Cultura, Artes e Patrim\u00f4nio&quot;","block_context":{"text":"Cultura, Artes e Patrim\u00f4nio","link":"https:\/\/www.diariodeouropreto.com.br\/pt\/Editoria\/culturaeartes\/"},"img":{"alt_text":"","src":"https:\/\/i0.wp.com\/www.diariodeouropreto.com.br\/wp-content\/uploads\/2022\/03\/WhatsApp-Image-2022-03-03-at-13.35.46.jpeg?resize=350%2C200&ssl=1","width":350,"height":200,"srcset":"https:\/\/i0.wp.com\/www.diariodeouropreto.com.br\/wp-content\/uploads\/2022\/03\/WhatsApp-Image-2022-03-03-at-13.35.46.jpeg?resize=350%2C200&ssl=1 1x, https:\/\/i0.wp.com\/www.diariodeouropreto.com.br\/wp-content\/uploads\/2022\/03\/WhatsApp-Image-2022-03-03-at-13.35.46.jpeg?resize=525%2C300&ssl=1 1.5x, https:\/\/i0.wp.com\/www.diariodeouropreto.com.br\/wp-content\/uploads\/2022\/03\/WhatsApp-Image-2022-03-03-at-13.35.46.jpeg?resize=700%2C400&ssl=1 2x, https:\/\/i0.wp.com\/www.diariodeouropreto.com.br\/wp-content\/uploads\/2022\/03\/WhatsApp-Image-2022-03-03-at-13.35.46.jpeg?resize=1050%2C600&ssl=1 3x"},"classes":[]},{"id":6112,"url":"https:\/\/www.diariodeouropreto.com.br\/pt\/angelo-oswaldo-e-aceop-se-reunem-para-discutir-a-situacao-do-comercio-de-ouro-preto\/","url_meta":{"origin":55042,"position":5},"title":"Angelo Oswaldo e ACEOP se re\u00fanem para discutir a situa\u00e7\u00e3o do com\u00e9rcio de Ouro Preto","author":"Di\u00e1rio de Ouro Preto","date":"13 de Janeiro de 2021","format":false,"excerpt":"Ouro Preto - O prefeito Angelo Oswaldo recebeu o presidente da Associa\u00e7\u00e3o Comercial e Empresarial de Ouro Preto (ACEOP), Paulo Ferreira e o vice, Walmir Maximiano, nesta segunda-feira, 11 de janeiro,na Prefeitura de Ouro Preto para tratar das demandas dos empres\u00e1rios do Munic\u00edpio. A proposta \u00e9 realizar um plano de\u2026","rel":"","context":"In &quot;Ouro Preto&quot;","block_context":{"text":"Ouro Preto","link":"https:\/\/www.diariodeouropreto.com.br\/pt\/Editoria\/ouro-preto\/"},"img":{"alt_text":"","src":"https:\/\/i0.wp.com\/www.diariodeouropreto.com.br\/wp-content\/uploads\/2021\/01\/Credito-Neno-Vianna.jpeg?resize=350%2C200&ssl=1","width":350,"height":200,"srcset":"https:\/\/i0.wp.com\/www.diariodeouropreto.com.br\/wp-content\/uploads\/2021\/01\/Credito-Neno-Vianna.jpeg?resize=350%2C200&ssl=1 1x, https:\/\/i0.wp.com\/www.diariodeouropreto.com.br\/wp-content\/uploads\/2021\/01\/Credito-Neno-Vianna.jpeg?resize=525%2C300&ssl=1 1.5x, https:\/\/i0.wp.com\/www.diariodeouropreto.com.br\/wp-content\/uploads\/2021\/01\/Credito-Neno-Vianna.jpeg?resize=700%2C400&ssl=1 2x, https:\/\/i0.wp.com\/www.diariodeouropreto.com.br\/wp-content\/uploads\/2021\/01\/Credito-Neno-Vianna.jpeg?resize=1050%2C600&ssl=1 3x"},"classes":[]}],"jetpack_sharing_enabled":true,"amp_enabled":true,"jetpack_featured_media_url":"https:\/\/www.diariodeouropreto.com.br\/wp-content\/uploads\/2026\/09\/WhatsApp-Image-2026-08-31-at-16.39.39.jpeg","_links":{"self":[{"href":"https:\/\/www.diariodeouropreto.com.br\/pt\/wp-json\/wp\/v2\/posts\/55042","targetHints":{"allow":["GET"]}}],"collection":[{"href":"https:\/\/www.diariodeouropreto.com.br\/pt\/wp-json\/wp\/v2\/posts"}],"about":[{"href":"https:\/\/www.diariodeouropreto.com.br\/pt\/wp-json\/wp\/v2\/types\/post"}],"author":[{"embeddable":true,"href":"https:\/\/www.diariodeouropreto.com.br\/pt\/wp-json\/wp\/v2\/users\/1"}],"replies":[{"embeddable":true,"href":"https:\/\/www.diariodeouropreto.com.br\/pt\/wp-json\/wp\/v2\/comments?post=55042"}],"version-history":[{"count":1,"href":"https:\/\/www.diariodeouropreto.com.br\/pt\/wp-json\/wp\/v2\/posts\/55042\/revisions"}],"predecessor-version":[{"id":55047,"href":"https:\/\/www.diariodeouropreto.com.br\/pt\/wp-json\/wp\/v2\/posts\/55042\/revisions\/55047"}],"wp:featuredmedia":[{"embeddable":true,"href":"https:\/\/www.diariodeouropreto.com.br\/pt\/wp-json\/wp\/v2\/media\/55045"}],"wp:attachment":[{"href":"https:\/\/www.diariodeouropreto.com.br\/pt\/wp-json\/wp\/v2\/media?parent=55042"}],"wp:term":[{"taxonomy":"category","embeddable":true,"href":"https:\/\/www.diariodeouropreto.com.br\/pt\/wp-json\/wp\/v2\/categories?post=55042"},{"taxonomy":"post_tag","embeddable":true,"href":"https:\/\/www.diariodeouropreto.com.br\/pt\/wp-json\/wp\/v2\/tags?post=55042"}],"curies":[{"name":"wp","href":"https:\/\/api.w.org\/{rel}","templated":true}]}}