{"id":55034,"date":"2026-08-31T16:36:15","date_gmt":"2026-08-31T19:36:15","guid":{"rendered":"https:\/\/www.diariodeouropreto.com.br\/?p=55034"},"modified":"2026-08-31T16:36:18","modified_gmt":"2026-08-31T19:36:18","slug":"alexandre-silveira-assina-em-mariana-acordo-para-levar-climatizacao-e-energia-solar-a-escolas-da-bacia-do-rio-doce","status":"publish","type":"post","link":"https:\/\/www.diariodeouropreto.com.br\/pt\/alexandre-silveira-assina-em-mariana-acordo-para-levar-climatizacao-e-energia-solar-a-escolas-da-bacia-do-rio-doce\/","title":{"rendered":"Alexandre Silveira assina em Mariana acordo para levar climatiza\u00e7\u00e3o e energia solar a escolas da Bacia do Rio Doce"},"content":{"rendered":"<h4 class=\"wp-block-heading is-style-hoot-headblock1\">Projeto sob responsabilidade do MME vai levar ar-condicionado para mais de 3 mil salas de aula em 600 escolas municipais de Minas Gerais e do Esp\u00edrito Santo<\/h4>\n\n\n\n<p class=\"wp-block-paragraph\">O ministro de Minas e Energia, Alexandre Silveira, assinou, nesta segunda-feira (31), em Mariana (MG), Acordo de Coopera\u00e7\u00e3o T\u00e9cnica (ACT) com o Cons\u00f3rcio P\u00fablico para Defesa e Revitaliza\u00e7\u00e3o da Bacia do Rio Doce (CORIDOCE) para a implementa\u00e7\u00e3o do Projeto Escolas Resilientes do Rio Doce (PERRIDOCE). Ser\u00e3o investidos mais de R$ 100 milh\u00f5es na iniciativa, estabelecida no Novo Acordo do Rio Doce.<\/p>\n\n\n\n<p class=\"wp-block-paragraph\">A assinatura foi realizada na cidade onde, em 2015, ocorreu o rompimento da Barragem de Fund\u00e3o, trag\u00e9dia que provocou danos sociais, ambientais e econ\u00f4micos em toda a Bacia do Rio Doce. Participaram do ato o prefeito de Mariana e presidente do CORIDOCE, Juliano Duarte, representantes do Banco Nacional de Desenvolvimento Econ\u00f4mico e Social (BNDES), al\u00e9m de prefeitos dos munic\u00edpios beneficiados pela iniciativa. O projeto integra as a\u00e7\u00f5es de repara\u00e7\u00e3o e retomada dos territ\u00f3rios atingidos previstas no Novo Acordo do Rio Doce.<\/p>\n\n\n\n<p class=\"wp-block-paragraph\">Sob responsabilidade do MME, o projeto tem como objetivo melhorar as condi\u00e7\u00f5es de conforto t\u00e9rmico e a efici\u00eancia energ\u00e9tica das escolas p\u00fablicas municipais da regi\u00e3o. A previs\u00e3o \u00e9 instalar aparelhos de ar-condicionado em mais de 600 unidades de ensino em pelo menos 3 mil salas de aula, beneficiando aproximadamente 100 mil estudantes e profissionais da educa\u00e7\u00e3o em 49 munic\u00edpios da regi\u00e3o da Bacia do Rio Doce, dos quais 38 est\u00e3o em Minas Gerais e 11 no Esp\u00edrito Santo.<\/p>\n\n\n\n<p class=\"wp-block-paragraph\">\u201cEsse \u00e9 um projeto fundamental que vai transformar a realidade das crian\u00e7as, jovens e professores da regi\u00e3o do Rio Doce, garantindo mais conforto e qualidade para a educa\u00e7\u00e3o. E, para garantir que a conta de luz n\u00e3o seja mais um problema, vamos implantar sistemas de energia solar fotovoltaica, gerando, ainda, energia limpa para as escolas\u201d, afirmou o ministro Alexandre Silveira.<\/p>\n\n\n\n<p class=\"wp-block-paragraph\">Tamb\u00e9m ser\u00e3o realizadas as adequa\u00e7\u00f5es necess\u00e1rias nas redes el\u00e9tricas das escolas. O projeto prev\u00ea ainda a implanta\u00e7\u00e3o de sistemas de gera\u00e7\u00e3o de energia solar fotovoltaica, com capacidade total estimada de 6,7 megawatts-pico, para atender \u00e0 demanda de energia associada \u00e0 climatiza\u00e7\u00e3o.<\/p>\n\n\n\n<p class=\"wp-block-paragraph\">As unidades de ensino ser\u00e3o selecionadas a partir de crit\u00e9rios t\u00e9cnicos, como temperaturas m\u00e1ximas registradas, vulnerabilidade a ondas de calor, indicadores de aprendizagem e n\u00edvel socioecon\u00f4mico. A quantidade de escolas atendidas em cada munic\u00edpio ser\u00e1 definida conforme os crit\u00e9rios de elegibilidade.<\/p>\n\n\n\n<h4 class=\"wp-block-heading\">Implementa\u00e7\u00e3o do projeto<\/h4>\n\n\n\n<p class=\"wp-block-paragraph\">O ACT tem car\u00e1ter preparat\u00f3rio e cooperativo. Caber\u00e1 ao CORIDOCE mobilizar os munic\u00edpios, articular as redes locais, reunir manifesta\u00e7\u00f5es de interesse e levantar informa\u00e7\u00f5es sobre infraestrutura, climatiza\u00e7\u00e3o, energia, \u00e1gua e educa\u00e7\u00e3o ambiental nas unidades escolares.<\/p>\n\n\n\n<p class=\"wp-block-paragraph\">O Banco Nacional de Desenvolvimento Econ\u00f4mico e Social (BNDES) ser\u00e1 respons\u00e1vel pela implementa\u00e7\u00e3o do projeto e selecionar\u00e1, por meio de edital, duas funda\u00e7\u00f5es de apoio, uma em Minas Gerais e outra no Esp\u00edrito Santo, para implementar as a\u00e7\u00f5es previstas.<\/p>\n\n\n\n<p class=\"wp-block-paragraph\">O PERRIDOCE integra o eixo de Educa\u00e7\u00e3o, Ci\u00eancia e Tecnologia do Novo Acordo do Rio Doce. Al\u00e9m do m\u00f3dulo coordenado pelo MME, a iniciativa contempla a\u00e7\u00f5es de seguran\u00e7a h\u00eddrica, com implanta\u00e7\u00e3o de cisternas escolares, e atividades educativas e formativas voltadas \u00e0 resili\u00eancia clim\u00e1tica.<\/p>\n\n\n\n<h4 class=\"wp-block-heading\">Novo PAC investe R$ 39 milh\u00f5es no patrim\u00f4nio de Mariana<\/h4>\n\n\n\n<figure class=\"wp-block-image size-large\"><img decoding=\"async\" width=\"2000\" height=\"1333\" data-attachment-id=\"55037\" data-permalink=\"https:\/\/www.diariodeouropreto.com.br\/pt\/alexandre-silveira-assina-em-mariana-acordo-para-levar-climatizacao-e-energia-solar-a-escolas-da-bacia-do-rio-doce\/whatsapp-image-2026-08-31-at-16-33-54\/\" data-orig-file=\"https:\/\/www.diariodeouropreto.com.br\/wp-content\/uploads\/2026\/08\/WhatsApp-Image-2026-08-31-at-16.33.54.jpeg\" data-orig-size=\"2560,1706\" data-comments-opened=\"0\" data-image-meta=\"{&quot;aperture&quot;:&quot;0&quot;,&quot;credit&quot;:&quot;&quot;,&quot;camera&quot;:&quot;&quot;,&quot;caption&quot;:&quot;&quot;,&quot;created_timestamp&quot;:&quot;0&quot;,&quot;copyright&quot;:&quot;&quot;,&quot;focal_length&quot;:&quot;0&quot;,&quot;iso&quot;:&quot;0&quot;,&quot;shutter_speed&quot;:&quot;0&quot;,&quot;title&quot;:&quot;&quot;,&quot;orientation&quot;:&quot;0&quot;,&quot;alt&quot;:&quot;&quot;}\" data-image-title=\"WhatsApp Image 2026-08-31 at 16.33.54\" data-image-description=\"\" data-image-caption=\"\" data-large-file=\"https:\/\/www.diariodeouropreto.com.br\/wp-content\/uploads\/2026\/08\/WhatsApp-Image-2026-08-31-at-16.33.54-2000x1333.jpeg\" src=\"https:\/\/www.diariodeouropreto.com.br\/wp-content\/uploads\/2026\/08\/WhatsApp-Image-2026-08-31-at-16.33.54-2000x1333.jpeg\" alt=\"\" class=\"wp-image-55037\" srcset=\"https:\/\/www.diariodeouropreto.com.br\/wp-content\/uploads\/2026\/08\/WhatsApp-Image-2026-08-31-at-16.33.54-2000x1333.jpeg 2000w, https:\/\/www.diariodeouropreto.com.br\/wp-content\/uploads\/2026\/08\/WhatsApp-Image-2026-08-31-at-16.33.54-594x396.jpeg 594w, https:\/\/www.diariodeouropreto.com.br\/wp-content\/uploads\/2026\/08\/WhatsApp-Image-2026-08-31-at-16.33.54-200x133.jpeg 200w, https:\/\/www.diariodeouropreto.com.br\/wp-content\/uploads\/2026\/08\/WhatsApp-Image-2026-08-31-at-16.33.54-768x512.jpeg 768w, https:\/\/www.diariodeouropreto.com.br\/wp-content\/uploads\/2026\/08\/WhatsApp-Image-2026-08-31-at-16.33.54-1536x1024.jpeg 1536w, https:\/\/www.diariodeouropreto.com.br\/wp-content\/uploads\/2026\/08\/WhatsApp-Image-2026-08-31-at-16.33.54-2048x1365.jpeg 2048w, https:\/\/www.diariodeouropreto.com.br\/wp-content\/uploads\/2026\/08\/WhatsApp-Image-2026-08-31-at-16.33.54-18x12.jpeg 18w, https:\/\/www.diariodeouropreto.com.br\/wp-content\/uploads\/2026\/08\/WhatsApp-Image-2026-08-31-at-16.33.54-465x310.jpeg 465w, https:\/\/www.diariodeouropreto.com.br\/wp-content\/uploads\/2026\/08\/WhatsApp-Image-2026-08-31-at-16.33.54-695x463.jpeg 695w\" sizes=\"(max-width: 2000px) 100vw, 2000px\" \/><\/figure>\n\n\n\n<p class=\"wp-block-paragraph\">Antes da assinatura do acordo, Alexandre Silveira far\u00e1 uma visita t\u00e9cnica a obras de restaura\u00e7\u00e3o do patrim\u00f4nio hist\u00f3rico de Mariana. O munic\u00edpio foi contemplado com nove a\u00e7\u00f5es do Novo PAC executadas pelo Iphan, que somam cerca de R$ 39 milh\u00f5es em investimentos do Governo Federal. Quatro obras est\u00e3o em andamento e outras cinco em fase de licita\u00e7\u00e3o.<\/p>\n\n\n\n<div id=\"152151\" class=\"advads-saneouro-2 advads-entity-placement\" style=\"margin-top: 3px;margin-bottom: 3px;margin-left: auto;margin-right: auto;text-align: center;\"><a href=\"https:\/\/www.saneouro.com.br\/\" target=\"_blank\" aria-label=\"DOP_Impresso\" data-wpel-link=\"external\" rel=\"follow external noopener noreferrer sponsored ugc\"><img src=\"https:\/\/www.diariodeouropreto.com.br\/wp-content\/uploads\/2026\/07\/DOP_Impresso.jpg\" alt=\"\"  srcset=\"https:\/\/www.diariodeouropreto.com.br\/wp-content\/uploads\/2026\/07\/DOP_Impresso.jpg 1181w, https:\/\/www.diariodeouropreto.com.br\/wp-content\/uploads\/2026\/07\/DOP_Impresso-396x396.jpg 396w, https:\/\/www.diariodeouropreto.com.br\/wp-content\/uploads\/2026\/07\/DOP_Impresso-150x150.jpg 150w, https:\/\/www.diariodeouropreto.com.br\/wp-content\/uploads\/2026\/07\/DOP_Impresso-768x768.jpg 768w, https:\/\/www.diariodeouropreto.com.br\/wp-content\/uploads\/2026\/07\/DOP_Impresso-12x12.jpg 12w, https:\/\/www.diariodeouropreto.com.br\/wp-content\/uploads\/2026\/07\/DOP_Impresso-465x465.jpg 465w, https:\/\/www.diariodeouropreto.com.br\/wp-content\/uploads\/2026\/07\/DOP_Impresso-500x500.jpg 500w\" sizes=\"(max-width: 1181px) 100vw, 1181px\" width=\"400\" height=\"400\"  style=\"display: inline-block;\" \/><\/a><\/div><p class=\"wp-block-paragraph\">A agenda inclui visitas \u00e0 Capela de Santana e \u00e0 Casa Capitular, que est\u00e3o em restaura\u00e7\u00e3o, al\u00e9m da Capela de Nossa Senhora Rainha dos Anjos da Arquiconfraria de S\u00e3o Francisco, tamb\u00e9m contemplada pelo Novo PAC.<\/p>\n\n\n\n<p class=\"wp-block-paragraph\"><\/p>","protected":false},"excerpt":{"rendered":"<p>Projeto sob responsabilidade do MME vai levar ar-condicionado para mais de 3 mil salas de aula em 600 escolas municipais de Minas Gerais e do Esp\u00edrito Santo O ministro de Minas e Energia, Alexandre Silveira, assinou, nesta segunda-feira (31), em Mariana (MG), Acordo de Coopera\u00e7\u00e3o T\u00e9cnica (ACT) com o Cons\u00f3rcio<span class=\"more-link\"><a href=\"https:\/\/www.diariodeouropreto.com.br\/pt\/alexandre-silveira-assina-em-mariana-acordo-para-levar-climatizacao-e-energia-solar-a-escolas-da-bacia-do-rio-doce\/\" data-wpel-link=\"internal\">Continue Lendo<\/a><\/span><\/p>","protected":false},"author":1,"featured_media":55036,"comment_status":"closed","ping_status":"closed","sticky":false,"template":"","format":"standard","meta":{"_jetpack_newsletter_access":"","_jetpack_dont_email_post_to_subs":false,"_jetpack_newsletter_tier_id":0,"_jetpack_memberships_contains_paywalled_content":false,"_jetpack_feature_clip_id":0,"_jetpack_memberships_contains_paid_content":false,"footnotes":"","jetpack_publicize_message":"Projeto sob responsabilidade do MME vai levar ar-condicionado para mais de 3 mil salas de aula em 600 escolas municipais de Minas Gerais e do Esp\u00edrito Santo","jetpack_publicize_feature_enabled":true,"jetpack_social_post_already_shared":false,"jetpack_social_options":{"image_generator_settings":{"template":"highway","default_image_id":0,"font":"","enabled":false},"version":2},"jetpack_post_was_ever_published":false},"categories":[5],"tags":[],"class_list":["entry","author-diario","post-55034","post","type-post","status-publish","format-standard","has-post-thumbnail","category-cidades"],"yoast_head":"<!-- This site is optimized with the Yoast SEO plugin v28.3 - https:\/\/yoast.com\/product\/yoast-seo-wordpress\/ -->\n<title>Alexandre Silveira assina em Mariana acordo para levar climatiza\u00e7\u00e3o e energia solar a escolas da Bacia do Rio Doce - Di\u00e1rio de Ouro Preto<\/title>\n<meta name=\"description\" content=\"Projeto sob responsabilidade do MME vai levar ar-condicionado para mais de 3 mil salas de aula em 600 escolas municipais de Minas Gerais e do Esp\u00edrito Santo- Alexandre Silveira assina em Mariana acordo para levar climatiza\u00e7\u00e3o e energia solar a escolas da Bacia do Rio Doce - Cidades\" \/>\n<meta name=\"robots\" content=\"index, follow, max-snippet:-1, max-image-preview:large, max-video-preview:-1\" \/>\n<link rel=\"canonical\" href=\"https:\/\/www.diariodeouropreto.com.br\/pt\/alexandre-silveira-assina-em-mariana-acordo-para-levar-climatizacao-e-energia-solar-a-escolas-da-bacia-do-rio-doce\/\" \/>\n<meta property=\"og:locale\" content=\"pt_PT\" \/>\n<meta property=\"og:type\" content=\"article\" \/>\n<meta property=\"og:title\" content=\"Alexandre Silveira assina em Mariana acordo para levar climatiza\u00e7\u00e3o e energia solar a escolas da Bacia do Rio Doce - Di\u00e1rio de Ouro Preto\" \/>\n<meta property=\"og:description\" content=\"Projeto sob responsabilidade do MME vai levar ar-condicionado para mais de 3 mil salas de aula em 600 escolas municipais de Minas Gerais e do Esp\u00edrito Santo- Alexandre Silveira assina em Mariana acordo para levar climatiza\u00e7\u00e3o e energia solar a escolas da Bacia do Rio Doce - Cidades\" \/>\n<meta property=\"og:url\" content=\"https:\/\/www.diariodeouropreto.com.br\/pt\/alexandre-silveira-assina-em-mariana-acordo-para-levar-climatizacao-e-energia-solar-a-escolas-da-bacia-do-rio-doce\/\" \/>\n<meta property=\"og:site_name\" content=\"Di\u00e1rio de Ouro Preto\" \/>\n<meta property=\"article:publisher\" content=\"https:\/\/www.facebook.com\/diariodeouropreto\/\" \/>\n<meta property=\"article:published_time\" content=\"2026-08-31T19:36:15+00:00\" \/>\n<meta property=\"article:modified_time\" content=\"2026-08-31T19:36:18+00:00\" \/>\n<meta property=\"og:image\" content=\"https:\/\/www.diariodeouropreto.com.br\/wp-content\/uploads\/2026\/08\/WhatsApp-Image-2026-08-31-at-16.33.541.jpeg\" \/>\n\t<meta property=\"og:image:width\" content=\"1560\" \/>\n\t<meta property=\"og:image:height\" content=\"1039\" \/>\n\t<meta property=\"og:image:type\" content=\"image\/jpeg\" \/>\n<meta name=\"author\" content=\"Di\u00e1rio de Ouro Preto\" \/>\n<meta name=\"twitter:card\" content=\"summary_large_image\" \/>\n<meta name=\"twitter:label1\" content=\"Escrito por\" \/>\n\t<meta name=\"twitter:data1\" content=\"Di\u00e1rio de Ouro Preto\" \/>\n\t<meta name=\"twitter:label2\" content=\"Tempo estimado de leitura\" \/>\n\t<meta name=\"twitter:data2\" content=\"4 minutos\" \/>\n<script type=\"application\/ld+json\" class=\"yoast-schema-graph\">{\"@context\":\"https:\\\/\\\/schema.org\",\"@graph\":[{\"@type\":\"Article\",\"@id\":\"https:\\\/\\\/www.diariodeouropreto.com.br\\\/alexandre-silveira-assina-em-mariana-acordo-para-levar-climatizacao-e-energia-solar-a-escolas-da-bacia-do-rio-doce\\\/#article\",\"isPartOf\":{\"@id\":\"https:\\\/\\\/www.diariodeouropreto.com.br\\\/alexandre-silveira-assina-em-mariana-acordo-para-levar-climatizacao-e-energia-solar-a-escolas-da-bacia-do-rio-doce\\\/\"},\"author\":{\"name\":\"Di\u00e1rio de Ouro Preto\",\"@id\":\"https:\\\/\\\/www.diariodeouropreto.com.br\\\/pt\\\/#\\\/schema\\\/person\\\/7654e7b471204a6dab6dc0ce6e140c99\"},\"headline\":\"Alexandre Silveira assina em Mariana acordo para levar climatiza\u00e7\u00e3o e energia solar a escolas da Bacia do Rio Doce\",\"datePublished\":\"2026-08-31T19:36:15+00:00\",\"dateModified\":\"2026-08-31T19:36:18+00:00\",\"mainEntityOfPage\":{\"@id\":\"https:\\\/\\\/www.diariodeouropreto.com.br\\\/alexandre-silveira-assina-em-mariana-acordo-para-levar-climatizacao-e-energia-solar-a-escolas-da-bacia-do-rio-doce\\\/\"},\"wordCount\":700,\"publisher\":{\"@id\":\"https:\\\/\\\/www.diariodeouropreto.com.br\\\/pt\\\/#organization\"},\"image\":{\"@id\":\"https:\\\/\\\/www.diariodeouropreto.com.br\\\/alexandre-silveira-assina-em-mariana-acordo-para-levar-climatizacao-e-energia-solar-a-escolas-da-bacia-do-rio-doce\\\/#primaryimage\"},\"thumbnailUrl\":\"https:\\\/\\\/www.diariodeouropreto.com.br\\\/wp-content\\\/uploads\\\/2026\\\/08\\\/WhatsApp-Image-2026-08-31-at-16.33.541.jpeg\",\"articleSection\":[\"Cidades\"],\"inLanguage\":\"pt-PT\"},{\"@type\":\"WebPage\",\"@id\":\"https:\\\/\\\/www.diariodeouropreto.com.br\\\/alexandre-silveira-assina-em-mariana-acordo-para-levar-climatizacao-e-energia-solar-a-escolas-da-bacia-do-rio-doce\\\/\",\"url\":\"https:\\\/\\\/www.diariodeouropreto.com.br\\\/alexandre-silveira-assina-em-mariana-acordo-para-levar-climatizacao-e-energia-solar-a-escolas-da-bacia-do-rio-doce\\\/\",\"name\":\"Alexandre Silveira assina em Mariana acordo para levar climatiza\u00e7\u00e3o e energia solar a escolas da Bacia do Rio Doce - Di\u00e1rio de Ouro Preto\",\"isPartOf\":{\"@id\":\"https:\\\/\\\/www.diariodeouropreto.com.br\\\/pt\\\/#website\"},\"primaryImageOfPage\":{\"@id\":\"https:\\\/\\\/www.diariodeouropreto.com.br\\\/alexandre-silveira-assina-em-mariana-acordo-para-levar-climatizacao-e-energia-solar-a-escolas-da-bacia-do-rio-doce\\\/#primaryimage\"},\"image\":{\"@id\":\"https:\\\/\\\/www.diariodeouropreto.com.br\\\/alexandre-silveira-assina-em-mariana-acordo-para-levar-climatizacao-e-energia-solar-a-escolas-da-bacia-do-rio-doce\\\/#primaryimage\"},\"thumbnailUrl\":\"https:\\\/\\\/www.diariodeouropreto.com.br\\\/wp-content\\\/uploads\\\/2026\\\/08\\\/WhatsApp-Image-2026-08-31-at-16.33.541.jpeg\",\"datePublished\":\"2026-08-31T19:36:15+00:00\",\"dateModified\":\"2026-08-31T19:36:18+00:00\",\"description\":\"Projeto sob responsabilidade do MME vai levar ar-condicionado para mais de 3 mil salas de aula em 600 escolas municipais de Minas Gerais e do Esp\u00edrito Santo- Alexandre Silveira assina em Mariana acordo para levar climatiza\u00e7\u00e3o e energia solar a escolas da Bacia do Rio Doce - Cidades\",\"breadcrumb\":{\"@id\":\"https:\\\/\\\/www.diariodeouropreto.com.br\\\/alexandre-silveira-assina-em-mariana-acordo-para-levar-climatizacao-e-energia-solar-a-escolas-da-bacia-do-rio-doce\\\/#breadcrumb\"},\"inLanguage\":\"pt-PT\",\"potentialAction\":[{\"@type\":\"ReadAction\",\"target\":[\"https:\\\/\\\/www.diariodeouropreto.com.br\\\/alexandre-silveira-assina-em-mariana-acordo-para-levar-climatizacao-e-energia-solar-a-escolas-da-bacia-do-rio-doce\\\/\"]}]},{\"@type\":\"ImageObject\",\"inLanguage\":\"pt-PT\",\"@id\":\"https:\\\/\\\/www.diariodeouropreto.com.br\\\/alexandre-silveira-assina-em-mariana-acordo-para-levar-climatizacao-e-energia-solar-a-escolas-da-bacia-do-rio-doce\\\/#primaryimage\",\"url\":\"https:\\\/\\\/www.diariodeouropreto.com.br\\\/wp-content\\\/uploads\\\/2026\\\/08\\\/WhatsApp-Image-2026-08-31-at-16.33.541.jpeg\",\"contentUrl\":\"https:\\\/\\\/www.diariodeouropreto.com.br\\\/wp-content\\\/uploads\\\/2026\\\/08\\\/WhatsApp-Image-2026-08-31-at-16.33.541.jpeg\",\"width\":1560,\"height\":1039},{\"@type\":\"BreadcrumbList\",\"@id\":\"https:\\\/\\\/www.diariodeouropreto.com.br\\\/alexandre-silveira-assina-em-mariana-acordo-para-levar-climatizacao-e-energia-solar-a-escolas-da-bacia-do-rio-doce\\\/#breadcrumb\",\"itemListElement\":[{\"@type\":\"ListItem\",\"position\":1,\"name\":\"In\u00edcio\",\"item\":\"https:\\\/\\\/www.diariodeouropreto.com.br\\\/pt\\\/\"},{\"@type\":\"ListItem\",\"position\":2,\"name\":\"Alexandre Silveira assina em Mariana acordo para levar climatiza\u00e7\u00e3o e energia solar a escolas da Bacia do Rio Doce\"}]},{\"@type\":\"WebSite\",\"@id\":\"https:\\\/\\\/www.diariodeouropreto.com.br\\\/pt\\\/#website\",\"url\":\"https:\\\/\\\/www.diariodeouropreto.com.br\\\/pt\\\/\",\"name\":\"Di\u00e1rio de Ouro Preto\",\"description\":\"Not\u00edcias Ouro Preto; Mariana;Minas Gerais;Jornal;Jornalismo;Not\u00edcias;\",\"publisher\":{\"@id\":\"https:\\\/\\\/www.diariodeouropreto.com.br\\\/pt\\\/#organization\"},\"alternateName\":\"Jornal di\u00e1rio de Ouro Preto\",\"potentialAction\":[{\"@type\":\"SearchAction\",\"target\":{\"@type\":\"EntryPoint\",\"urlTemplate\":\"https:\\\/\\\/www.diariodeouropreto.com.br\\\/pt\\\/?s={search_term_string}\"},\"query-input\":{\"@type\":\"PropertyValueSpecification\",\"valueRequired\":true,\"valueName\":\"search_term_string\"}}],\"inLanguage\":\"pt-PT\"},{\"@type\":\"Organization\",\"@id\":\"https:\\\/\\\/www.diariodeouropreto.com.br\\\/pt\\\/#organization\",\"name\":\"Di\u00e1rio de Ouro Preto\",\"alternateName\":\"Jornal di\u00e1rio Ouro Preto\",\"url\":\"https:\\\/\\\/www.diariodeouropreto.com.br\\\/pt\\\/\",\"logo\":{\"@type\":\"ImageObject\",\"inLanguage\":\"pt-PT\",\"@id\":\"https:\\\/\\\/www.diariodeouropreto.com.br\\\/pt\\\/#\\\/schema\\\/logo\\\/image\\\/\",\"url\":\"https:\\\/\\\/www.diariodeouropreto.com.br\\\/wp-content\\\/uploads\\\/2019\\\/06\\\/cropped-logotransp-2.png\",\"contentUrl\":\"https:\\\/\\\/www.diariodeouropreto.com.br\\\/wp-content\\\/uploads\\\/2019\\\/06\\\/cropped-logotransp-2.png\",\"width\":1323,\"height\":251,\"caption\":\"Di\u00e1rio de Ouro Preto\"},\"image\":{\"@id\":\"https:\\\/\\\/www.diariodeouropreto.com.br\\\/pt\\\/#\\\/schema\\\/logo\\\/image\\\/\"},\"sameAs\":[\"https:\\\/\\\/www.facebook.com\\\/diariodeouropreto\\\/\"]},{\"@type\":\"Person\",\"@id\":\"https:\\\/\\\/www.diariodeouropreto.com.br\\\/pt\\\/#\\\/schema\\\/person\\\/7654e7b471204a6dab6dc0ce6e140c99\",\"name\":\"Di\u00e1rio de Ouro Preto\",\"sameAs\":[\"http:\\\/\\\/www.diariodeouropreto.com.br\"],\"url\":\"https:\\\/\\\/www.diariodeouropreto.com.br\\\/pt\\\/author\\\/diario\\\/\"}]}<\/script>\n<!-- \/ Yoast SEO plugin. -->","yoast_head_json":{"title":"Alexandre Silveira assina em Mariana acordo para levar climatiza\u00e7\u00e3o e energia solar a escolas da Bacia do Rio Doce - Di\u00e1rio de Ouro Preto","description":"Projeto sob responsabilidade do MME vai levar ar-condicionado para mais de 3 mil salas de aula em 600 escolas municipais de Minas Gerais e do Esp\u00edrito Santo- Alexandre Silveira assina em Mariana acordo para levar climatiza\u00e7\u00e3o e energia solar a escolas da Bacia do Rio Doce - Cidades","robots":{"index":"index","follow":"follow","max-snippet":"max-snippet:-1","max-image-preview":"max-image-preview:large","max-video-preview":"max-video-preview:-1"},"canonical":"https:\/\/www.diariodeouropreto.com.br\/pt\/alexandre-silveira-assina-em-mariana-acordo-para-levar-climatizacao-e-energia-solar-a-escolas-da-bacia-do-rio-doce\/","og_locale":"pt_PT","og_type":"article","og_title":"Alexandre Silveira assina em Mariana acordo para levar climatiza\u00e7\u00e3o e energia solar a escolas da Bacia do Rio Doce - Di\u00e1rio de Ouro Preto","og_description":"Projeto sob responsabilidade do MME vai levar ar-condicionado para mais de 3 mil salas de aula em 600 escolas municipais de Minas Gerais e do Esp\u00edrito Santo- Alexandre Silveira assina em Mariana acordo para levar climatiza\u00e7\u00e3o e energia solar a escolas da Bacia do Rio Doce - Cidades","og_url":"https:\/\/www.diariodeouropreto.com.br\/pt\/alexandre-silveira-assina-em-mariana-acordo-para-levar-climatizacao-e-energia-solar-a-escolas-da-bacia-do-rio-doce\/","og_site_name":"Di\u00e1rio de Ouro Preto","article_publisher":"https:\/\/www.facebook.com\/diariodeouropreto\/","article_published_time":"2026-08-31T19:36:15+00:00","article_modified_time":"2026-08-31T19:36:18+00:00","og_image":[{"width":1560,"height":1039,"url":"https:\/\/www.diariodeouropreto.com.br\/wp-content\/uploads\/2026\/08\/WhatsApp-Image-2026-08-31-at-16.33.541.jpeg","type":"image\/jpeg"}],"author":"Di\u00e1rio de Ouro Preto","twitter_card":"summary_large_image","twitter_misc":{"Escrito por":"Di\u00e1rio de Ouro Preto","Tempo estimado de leitura":"4 minutos"},"schema":{"@context":"https:\/\/schema.org","@graph":[{"@type":"Article","@id":"https:\/\/www.diariodeouropreto.com.br\/alexandre-silveira-assina-em-mariana-acordo-para-levar-climatizacao-e-energia-solar-a-escolas-da-bacia-do-rio-doce\/#article","isPartOf":{"@id":"https:\/\/www.diariodeouropreto.com.br\/alexandre-silveira-assina-em-mariana-acordo-para-levar-climatizacao-e-energia-solar-a-escolas-da-bacia-do-rio-doce\/"},"author":{"name":"Di\u00e1rio de Ouro Preto","@id":"https:\/\/www.diariodeouropreto.com.br\/pt\/#\/schema\/person\/7654e7b471204a6dab6dc0ce6e140c99"},"headline":"Alexandre Silveira assina em Mariana acordo para levar climatiza\u00e7\u00e3o e energia solar a escolas da Bacia do Rio Doce","datePublished":"2026-08-31T19:36:15+00:00","dateModified":"2026-08-31T19:36:18+00:00","mainEntityOfPage":{"@id":"https:\/\/www.diariodeouropreto.com.br\/alexandre-silveira-assina-em-mariana-acordo-para-levar-climatizacao-e-energia-solar-a-escolas-da-bacia-do-rio-doce\/"},"wordCount":700,"publisher":{"@id":"https:\/\/www.diariodeouropreto.com.br\/pt\/#organization"},"image":{"@id":"https:\/\/www.diariodeouropreto.com.br\/alexandre-silveira-assina-em-mariana-acordo-para-levar-climatizacao-e-energia-solar-a-escolas-da-bacia-do-rio-doce\/#primaryimage"},"thumbnailUrl":"https:\/\/www.diariodeouropreto.com.br\/wp-content\/uploads\/2026\/08\/WhatsApp-Image-2026-08-31-at-16.33.541.jpeg","articleSection":["Cidades"],"inLanguage":"pt-PT"},{"@type":"WebPage","@id":"https:\/\/www.diariodeouropreto.com.br\/alexandre-silveira-assina-em-mariana-acordo-para-levar-climatizacao-e-energia-solar-a-escolas-da-bacia-do-rio-doce\/","url":"https:\/\/www.diariodeouropreto.com.br\/alexandre-silveira-assina-em-mariana-acordo-para-levar-climatizacao-e-energia-solar-a-escolas-da-bacia-do-rio-doce\/","name":"Alexandre Silveira assina em Mariana acordo para levar climatiza\u00e7\u00e3o e energia solar a escolas da Bacia do Rio Doce - Di\u00e1rio de Ouro Preto","isPartOf":{"@id":"https:\/\/www.diariodeouropreto.com.br\/pt\/#website"},"primaryImageOfPage":{"@id":"https:\/\/www.diariodeouropreto.com.br\/alexandre-silveira-assina-em-mariana-acordo-para-levar-climatizacao-e-energia-solar-a-escolas-da-bacia-do-rio-doce\/#primaryimage"},"image":{"@id":"https:\/\/www.diariodeouropreto.com.br\/alexandre-silveira-assina-em-mariana-acordo-para-levar-climatizacao-e-energia-solar-a-escolas-da-bacia-do-rio-doce\/#primaryimage"},"thumbnailUrl":"https:\/\/www.diariodeouropreto.com.br\/wp-content\/uploads\/2026\/08\/WhatsApp-Image-2026-08-31-at-16.33.541.jpeg","datePublished":"2026-08-31T19:36:15+00:00","dateModified":"2026-08-31T19:36:18+00:00","description":"Projeto sob responsabilidade do MME vai levar ar-condicionado para mais de 3 mil salas de aula em 600 escolas municipais de Minas Gerais e do Esp\u00edrito Santo- Alexandre Silveira assina em Mariana acordo para levar climatiza\u00e7\u00e3o e energia solar a escolas da Bacia do Rio Doce - Cidades","breadcrumb":{"@id":"https:\/\/www.diariodeouropreto.com.br\/alexandre-silveira-assina-em-mariana-acordo-para-levar-climatizacao-e-energia-solar-a-escolas-da-bacia-do-rio-doce\/#breadcrumb"},"inLanguage":"pt-PT","potentialAction":[{"@type":"ReadAction","target":["https:\/\/www.diariodeouropreto.com.br\/alexandre-silveira-assina-em-mariana-acordo-para-levar-climatizacao-e-energia-solar-a-escolas-da-bacia-do-rio-doce\/"]}]},{"@type":"ImageObject","inLanguage":"pt-PT","@id":"https:\/\/www.diariodeouropreto.com.br\/alexandre-silveira-assina-em-mariana-acordo-para-levar-climatizacao-e-energia-solar-a-escolas-da-bacia-do-rio-doce\/#primaryimage","url":"https:\/\/www.diariodeouropreto.com.br\/wp-content\/uploads\/2026\/08\/WhatsApp-Image-2026-08-31-at-16.33.541.jpeg","contentUrl":"https:\/\/www.diariodeouropreto.com.br\/wp-content\/uploads\/2026\/08\/WhatsApp-Image-2026-08-31-at-16.33.541.jpeg","width":1560,"height":1039},{"@type":"BreadcrumbList","@id":"https:\/\/www.diariodeouropreto.com.br\/alexandre-silveira-assina-em-mariana-acordo-para-levar-climatizacao-e-energia-solar-a-escolas-da-bacia-do-rio-doce\/#breadcrumb","itemListElement":[{"@type":"ListItem","position":1,"name":"In\u00edcio","item":"https:\/\/www.diariodeouropreto.com.br\/pt\/"},{"@type":"ListItem","position":2,"name":"Alexandre Silveira assina em Mariana acordo para levar climatiza\u00e7\u00e3o e energia solar a escolas da Bacia do Rio Doce"}]},{"@type":"WebSite","@id":"https:\/\/www.diariodeouropreto.com.br\/pt\/#website","url":"https:\/\/www.diariodeouropreto.com.br\/pt\/","name":"Di\u00e1rio de Ouro Preto","description":"Not\u00edcias Ouro Preto; Mariana;Minas Gerais;Jornal;Jornalismo;Not\u00edcias;","publisher":{"@id":"https:\/\/www.diariodeouropreto.com.br\/pt\/#organization"},"alternateName":"Jornal di\u00e1rio de Ouro Preto","potentialAction":[{"@type":"SearchAction","target":{"@type":"EntryPoint","urlTemplate":"https:\/\/www.diariodeouropreto.com.br\/pt\/?s={search_term_string}"},"query-input":{"@type":"PropertyValueSpecification","valueRequired":true,"valueName":"search_term_string"}}],"inLanguage":"pt-PT"},{"@type":"Organization","@id":"https:\/\/www.diariodeouropreto.com.br\/pt\/#organization","name":"Di\u00e1rio de Ouro Preto","alternateName":"Jornal di\u00e1rio Ouro Preto","url":"https:\/\/www.diariodeouropreto.com.br\/pt\/","logo":{"@type":"ImageObject","inLanguage":"pt-PT","@id":"https:\/\/www.diariodeouropreto.com.br\/pt\/#\/schema\/logo\/image\/","url":"https:\/\/www.diariodeouropreto.com.br\/wp-content\/uploads\/2019\/06\/cropped-logotransp-2.png","contentUrl":"https:\/\/www.diariodeouropreto.com.br\/wp-content\/uploads\/2019\/06\/cropped-logotransp-2.png","width":1323,"height":251,"caption":"Di\u00e1rio de Ouro Preto"},"image":{"@id":"https:\/\/www.diariodeouropreto.com.br\/pt\/#\/schema\/logo\/image\/"},"sameAs":["https:\/\/www.facebook.com\/diariodeouropreto\/"]},{"@type":"Person","@id":"https:\/\/www.diariodeouropreto.com.br\/pt\/#\/schema\/person\/7654e7b471204a6dab6dc0ce6e140c99","name":"Di\u00e1rio de Ouro Preto","sameAs":["http:\/\/www.diariodeouropreto.com.br"],"url":"https:\/\/www.diariodeouropreto.com.br\/pt\/author\/diario\/"}]}},"jetpack_publicize_connections":[],"jetpack-related-posts":[{"id":2078,"url":"https:\/\/www.diariodeouropreto.com.br\/pt\/acoes-de-reparacao-na-bacia-do-rio-doce-vao-ultrapassar-r-12-bilhoes-em-2020\/","url_meta":{"origin":55034,"position":0},"title":"A\u00e7\u00f5es de repara\u00e7\u00e3o na bacia do Rio Doce v\u00e3o ultrapassar R$ 12 bilh\u00f5es em 2020","author":"Di\u00e1rio de Ouro Preto","date":"18 de Fevereiro de 2020","format":false,"excerpt":"A Funda\u00e7\u00e3o Renova deve fechar o ano de 2020 com\u00a0R$ 12 bilh\u00f5es\u00a0em recursos desembolsados nas a\u00e7\u00f5es de repara\u00e7\u00e3o na bacia do rio Doce desde o rompimento da barragem de Fund\u00e3o, em Mariana (MG), em 2015. Desse total,\u00a0R$ 7,84 bilh\u00f5es\u00a0foram aplicados at\u00e9 dezembro de 2019, sendo que R$ 2,11 bilh\u00f5es se\u2026","rel":"","context":"In &quot;Mariana&quot;","block_context":{"text":"Mariana","link":"https:\/\/www.diariodeouropreto.com.br\/pt\/Editoria\/mariana\/"},"img":{"alt_text":"","src":"","width":0,"height":0},"classes":[]},{"id":7909,"url":"https:\/\/www.diariodeouropreto.com.br\/pt\/avancos-na-reparacao-veja-as-principais-acoes-da-fundacao-renova-na-bacia-do-rio-doce\/","url_meta":{"origin":55034,"position":1},"title":"Avan\u00e7os na Repara\u00e7\u00e3o: Veja as principais a\u00e7\u00f5es da Funda\u00e7\u00e3o Renova na bacia do rio Doce","author":"Di\u00e1rio de Ouro Preto","date":"3 de Maio de 2021","format":false,"excerpt":"At\u00e9 mar\u00e7o de 2021, o Programa de Coleta e Tratamento de Esgoto e Destina\u00e7\u00e3o de Res\u00edduos S\u00f3lidos da Funda\u00e7\u00e3o Renova repassou R$ 22,3 milh\u00f5es para custear a\u00e7\u00f5es de esgotamento sanit\u00e1rio e destina\u00e7\u00e3o de res\u00edduos s\u00f3lidos em 24 localidades de Minas Gerais e do Esp\u00edrito Santo, al\u00e9m do Cons\u00f3rcio Intermunicipal Multissetorial\u2026","rel":"","context":"In &quot;Cidades&quot;","block_context":{"text":"Cidades","link":"https:\/\/www.diariodeouropreto.com.br\/pt\/Editoria\/cidades\/"},"img":{"alt_text":"","src":"","width":0,"height":0},"classes":[]},{"id":47805,"url":"https:\/\/www.diariodeouropreto.com.br\/pt\/cipe-rio-doce-continua-fiscalizacao-do-novo-acordo-de-mariana\/","url_meta":{"origin":55034,"position":2},"title":"Cipe Rio Doce continua fiscaliza\u00e7\u00e3o do Novo Acordo de Mariana","author":"Di\u00e1rio de Ouro Preto","date":"30 de Setembro de 2025","format":false,"excerpt":"Audi\u00eancia na quarta (1\u00ba\/10) debater\u00e1 a\u00e7\u00f5es de responsabilidade do Minist\u00e9rio do Desenvolvimento Agr\u00e1rio e Agricultura Familiar","rel":"","context":"In &quot;Pol\u00edtica&quot;","block_context":{"text":"Pol\u00edtica","link":"https:\/\/www.diariodeouropreto.com.br\/pt\/Editoria\/politica\/"},"img":{"alt_text":"","src":"https:\/\/i0.wp.com\/www.diariodeouropreto.com.br\/wp-content\/uploads\/2025\/09\/2428107.jpg?resize=350%2C200&ssl=1","width":350,"height":200,"srcset":"https:\/\/i0.wp.com\/www.diariodeouropreto.com.br\/wp-content\/uploads\/2025\/09\/2428107.jpg?resize=350%2C200&ssl=1 1x, https:\/\/i0.wp.com\/www.diariodeouropreto.com.br\/wp-content\/uploads\/2025\/09\/2428107.jpg?resize=525%2C300&ssl=1 1.5x, https:\/\/i0.wp.com\/www.diariodeouropreto.com.br\/wp-content\/uploads\/2025\/09\/2428107.jpg?resize=700%2C400&ssl=1 2x, https:\/\/i0.wp.com\/www.diariodeouropreto.com.br\/wp-content\/uploads\/2025\/09\/2428107.jpg?resize=1050%2C600&ssl=1 3x"},"classes":[]},{"id":33087,"url":"https:\/\/www.diariodeouropreto.com.br\/pt\/em-debate-na-almg-comites-apontam-caminhos-para-revitalizacao-da-bacia-do-rio-doce\/","url_meta":{"origin":55034,"position":3},"title":"Em debate na ALMG, Comit\u00eas apontam caminhos para revitaliza\u00e7\u00e3o da Bacia do Rio Doce","author":"Di\u00e1rio de Ouro Preto","date":"11 de Maio de 2024","format":false,"excerpt":"Representantes do Comit\u00ea da Bacia Hidrogr\u00e1fica do Rio Doce (CBH Doce) e demais CBHs afluentes mineiros participaram, na \u00faltima segunda-feira (06\/05), do debate p\u00fablico:\u201cOs Impactos e a Revitaliza\u00e7\u00e3o da Bacia do Rio Doce\u201d. A audi\u00eancia foi promovida pela Comiss\u00e3o Interestadual Parlamentar de Estudos para o Desenvolvimento Sustent\u00e1vel da Bacia do\u2026","rel":"","context":"In &quot;Cidades&quot;","block_context":{"text":"Cidades","link":"https:\/\/www.diariodeouropreto.com.br\/pt\/Editoria\/cidades\/"},"img":{"alt_text":"","src":"https:\/\/i0.wp.com\/www.diariodeouropreto.com.br\/wp-content\/uploads\/2024\/05\/image-2.jpg?resize=350%2C200&ssl=1","width":350,"height":200,"srcset":"https:\/\/i0.wp.com\/www.diariodeouropreto.com.br\/wp-content\/uploads\/2024\/05\/image-2.jpg?resize=350%2C200&ssl=1 1x, https:\/\/i0.wp.com\/www.diariodeouropreto.com.br\/wp-content\/uploads\/2024\/05\/image-2.jpg?resize=525%2C300&ssl=1 1.5x, https:\/\/i0.wp.com\/www.diariodeouropreto.com.br\/wp-content\/uploads\/2024\/05\/image-2.jpg?resize=700%2C400&ssl=1 2x, https:\/\/i0.wp.com\/www.diariodeouropreto.com.br\/wp-content\/uploads\/2024\/05\/image-2.jpg?resize=1050%2C600&ssl=1 3x"},"classes":[]},{"id":45280,"url":"https:\/\/www.diariodeouropreto.com.br\/pt\/lula-anuncia-investimentos-da-uniao-previstos-no-acordo-do-rio-doce\/","url_meta":{"origin":55034,"position":4},"title":"Lula anuncia investimentos da Uni\u00e3o previstos no Acordo do Rio Doce","author":"Di\u00e1rio de Ouro Preto","date":"13 de Junho de 2025","format":false,"excerpt":"Empresas repassaram R$ 49,08 bilh\u00f5es para a\u00e7\u00f5es do governo federal O presidente Luiz In\u00e1cio Lula da Silva anunciou, nesta quinta-feira (12\/06), a\u00e7\u00f5es do governo federal previstas no novo acordo para reparar os danos causados pelo rompimento da Barragem do Fund\u00e3o, em Mariana, Minas Gerais, em 2015. Nesta etapa, s\u00e3o investimentos\u2026","rel":"","context":"In &quot;Brasil&quot;","block_context":{"text":"Brasil","link":"https:\/\/www.diariodeouropreto.com.br\/pt\/Editoria\/brasil\/"},"img":{"alt_text":"","src":"https:\/\/i0.wp.com\/www.diariodeouropreto.com.br\/wp-content\/uploads\/2025\/06\/IMG_9776.jpg?resize=350%2C200&ssl=1","width":350,"height":200,"srcset":"https:\/\/i0.wp.com\/www.diariodeouropreto.com.br\/wp-content\/uploads\/2025\/06\/IMG_9776.jpg?resize=350%2C200&ssl=1 1x, https:\/\/i0.wp.com\/www.diariodeouropreto.com.br\/wp-content\/uploads\/2025\/06\/IMG_9776.jpg?resize=525%2C300&ssl=1 1.5x, https:\/\/i0.wp.com\/www.diariodeouropreto.com.br\/wp-content\/uploads\/2025\/06\/IMG_9776.jpg?resize=700%2C400&ssl=1 2x, https:\/\/i0.wp.com\/www.diariodeouropreto.com.br\/wp-content\/uploads\/2025\/06\/IMG_9776.jpg?resize=1050%2C600&ssl=1 3x"},"classes":[]},{"id":39080,"url":"https:\/\/www.diariodeouropreto.com.br\/pt\/agu-apresenta-aos-movimentos-sociais-nova-proposta-do-poder-publico-para-repactuacao-do-acordo-de-mariana\/","url_meta":{"origin":55034,"position":5},"title":"AGU apresenta aos movimentos sociais nova proposta do Poder P\u00fablico para Repactua\u00e7\u00e3o do Acordo de Mariana","author":"Di\u00e1rio de Ouro Preto","date":"19 de Outubro de 2024","format":false,"excerpt":"O advogado-geral da Uni\u00e3o, Jorge Messias, apresentou \u00e0 comunidade de Mariana, nessa sexta-feira (18\/11), a proposta do Poder P\u00fablico para repactua\u00e7\u00e3o do acordo pelo rompimento da Barragem de Fund\u00e3o, em 2015, totalizando investimentos de R$ 167 bilh\u00f5es, dos quais R$ 130 bilh\u00f5es ser\u00e3o recursos novos. A apresenta\u00e7\u00e3o ocorreu durante reuni\u00e3o\u2026","rel":"","context":"In &quot;Brasil&quot;","block_context":{"text":"Brasil","link":"https:\/\/www.diariodeouropreto.com.br\/pt\/Editoria\/brasil\/"},"img":{"alt_text":"","src":"https:\/\/i0.wp.com\/www.diariodeouropreto.com.br\/wp-content\/uploads\/2024\/10\/Captura-de-tela-2024-10-19-141518.jpg?resize=350%2C200&ssl=1","width":350,"height":200,"srcset":"https:\/\/i0.wp.com\/www.diariodeouropreto.com.br\/wp-content\/uploads\/2024\/10\/Captura-de-tela-2024-10-19-141518.jpg?resize=350%2C200&ssl=1 1x, https:\/\/i0.wp.com\/www.diariodeouropreto.com.br\/wp-content\/uploads\/2024\/10\/Captura-de-tela-2024-10-19-141518.jpg?resize=525%2C300&ssl=1 1.5x, https:\/\/i0.wp.com\/www.diariodeouropreto.com.br\/wp-content\/uploads\/2024\/10\/Captura-de-tela-2024-10-19-141518.jpg?resize=700%2C400&ssl=1 2x"},"classes":[]}],"jetpack_sharing_enabled":true,"amp_enabled":true,"jetpack_featured_media_url":"https:\/\/www.diariodeouropreto.com.br\/wp-content\/uploads\/2026\/08\/WhatsApp-Image-2026-08-31-at-16.33.541.jpeg","_links":{"self":[{"href":"https:\/\/www.diariodeouropreto.com.br\/pt\/wp-json\/wp\/v2\/posts\/55034","targetHints":{"allow":["GET"]}}],"collection":[{"href":"https:\/\/www.diariodeouropreto.com.br\/pt\/wp-json\/wp\/v2\/posts"}],"about":[{"href":"https:\/\/www.diariodeouropreto.com.br\/pt\/wp-json\/wp\/v2\/types\/post"}],"author":[{"embeddable":true,"href":"https:\/\/www.diariodeouropreto.com.br\/pt\/wp-json\/wp\/v2\/users\/1"}],"replies":[{"embeddable":true,"href":"https:\/\/www.diariodeouropreto.com.br\/pt\/wp-json\/wp\/v2\/comments?post=55034"}],"version-history":[{"count":1,"href":"https:\/\/www.diariodeouropreto.com.br\/pt\/wp-json\/wp\/v2\/posts\/55034\/revisions"}],"predecessor-version":[{"id":55038,"href":"https:\/\/www.diariodeouropreto.com.br\/pt\/wp-json\/wp\/v2\/posts\/55034\/revisions\/55038"}],"wp:featuredmedia":[{"embeddable":true,"href":"https:\/\/www.diariodeouropreto.com.br\/pt\/wp-json\/wp\/v2\/media\/55036"}],"wp:attachment":[{"href":"https:\/\/www.diariodeouropreto.com.br\/pt\/wp-json\/wp\/v2\/media?parent=55034"}],"wp:term":[{"taxonomy":"category","embeddable":true,"href":"https:\/\/www.diariodeouropreto.com.br\/pt\/wp-json\/wp\/v2\/categories?post=55034"},{"taxonomy":"post_tag","embeddable":true,"href":"https:\/\/www.diariodeouropreto.com.br\/pt\/wp-json\/wp\/v2\/tags?post=55034"}],"curies":[{"name":"wp","href":"https:\/\/api.w.org\/{rel}","templated":true}]}}