{"id":55028,"date":"2026-08-31T12:18:40","date_gmt":"2026-08-31T15:18:40","guid":{"rendered":"https:\/\/www.diariodeouropreto.com.br\/?p=55028"},"modified":"2026-08-31T12:18:43","modified_gmt":"2026-08-31T15:18:43","slug":"14o-circovolante-encontro-internacional-de-palhacos-ocupa-mariana-nos-dias-5-e-6-de-setembro","status":"publish","type":"post","link":"https:\/\/www.diariodeouropreto.com.br\/pt\/14o-circovolante-encontro-internacional-de-palhacos-ocupa-mariana-nos-dias-5-e-6-de-setembro\/","title":{"rendered":"14\u00ba Circovolante \u2013 Encontro Internacional de Palha\u00e7os ocupa Mariana, nos dias 5 e 6 de setembro"},"content":{"rendered":"<h3 class=\"wp-block-heading is-style-hoot-headblock1\"><strong>Com programa\u00e7\u00e3o gratuita, festival re\u00fane espet\u00e1culos, cortejo, oficinas, interven\u00e7\u00f5es, m\u00fasica e artistas de diferentes gera\u00e7\u00f5es da arte circense<\/strong><\/h3>\n\n\n\n<h1 class=\"wp-block-heading\"><strong><em>&nbsp;<\/em><\/strong><\/h1>\n\n\n\n<p class=\"wp-block-paragraph\">Nos dias <strong>5 e 6 de setembro<\/strong>, Mariana volta a se transformar em um grande picadeiro a c\u00e9u aberto com a realiza\u00e7\u00e3o do <strong>14\u00ba Circovolante \u2013 Encontro Internacional de Palha\u00e7os<\/strong>. Durante dois dias, o Centro Hist\u00f3rico recebe uma programa\u00e7\u00e3o inteiramente gratuita, com espet\u00e1culos circenses, palha\u00e7aria, cortejo, oficinas, interven\u00e7\u00f5es, m\u00fasica e atividades para crian\u00e7as e adultos. Jardim, Pra\u00e7a da S\u00e9, Pra\u00e7a Minas Gerais e Cine Teatro est\u00e3o entre os espa\u00e7os ocupados pelo evento.<\/p>\n\n\n\n<p class=\"wp-block-paragraph\">Um dos mais tradicionais encontros de palha\u00e7aria do pa\u00eds, o Circovolante chega \u00e0 14\u00aa edi\u00e7\u00e3o reunindo artistas e companhias de diferentes trajet\u00f3rias e linguagens. Entre os destaques est\u00e3o <strong>Circo Caju, Cia Suno, Raros Circo, Cia Barnab\u00f4, Nopok, Companhia Penduricalhos, Laguz Circo e Teatro, Circo do Asfalto, B\u00e1rbara Salom\u00e9 e Sebastian<\/strong>, al\u00e9m de nomes j\u00e1 ligados \u00e0 hist\u00f3ria do encontro e \u00e0 cena de Mariana, como <strong>Jojoba, Furreca, Viralata, Mois\u00e9s \u2013 o Rei do Pedal e Henrique \u2013 o Pr\u00edncipe do Pedal<\/strong>. A programa\u00e7\u00e3o inclui ainda o Flash Boys Crew, com participa\u00e7\u00e3o especial do Street Dance JS, Banda na Pra\u00e7a, Na Pegada e DJ Viviane Barcellos.<\/p>\n\n\n\n<p class=\"wp-block-paragraph\">A ocupa\u00e7\u00e3o das ruas, pra\u00e7as e espa\u00e7os p\u00fablicos permanece como uma das caracter\u00edsticas centrais do projeto. Em 2026, a programa\u00e7\u00e3o volta a combinar grandes apresenta\u00e7\u00f5es com encontros de menor escala, atividades formativas, a\u00e7\u00f5es sociais e a participa\u00e7\u00e3o de artistas que mant\u00eam v\u00ednculos com a cidade e com a pr\u00f3pria trajet\u00f3ria do Circovolante.<\/p>\n\n\n\n<h3 class=\"wp-block-heading is-style-hoot-headblock1\"><strong>Programa\u00e7\u00e3o<\/strong><\/h3>\n\n\n\n<figure class=\"wp-block-image size-full\"><img decoding=\"async\" width=\"1183\" height=\"1600\" data-attachment-id=\"55030\" data-permalink=\"https:\/\/www.diariodeouropreto.com.br\/pt\/14o-circovolante-encontro-internacional-de-palhacos-ocupa-mariana-nos-dias-5-e-6-de-setembro\/whatsapp-image-2026-08-27-at-15-40-28\/\" data-orig-file=\"https:\/\/www.diariodeouropreto.com.br\/wp-content\/uploads\/2026\/08\/WhatsApp-Image-2026-08-27-at-15.40.28.jpeg\" data-orig-size=\"1183,1600\" data-comments-opened=\"0\" data-image-meta=\"{&quot;aperture&quot;:&quot;0&quot;,&quot;credit&quot;:&quot;&quot;,&quot;camera&quot;:&quot;&quot;,&quot;caption&quot;:&quot;&quot;,&quot;created_timestamp&quot;:&quot;0&quot;,&quot;copyright&quot;:&quot;&quot;,&quot;focal_length&quot;:&quot;0&quot;,&quot;iso&quot;:&quot;0&quot;,&quot;shutter_speed&quot;:&quot;0&quot;,&quot;title&quot;:&quot;&quot;,&quot;orientation&quot;:&quot;0&quot;,&quot;alt&quot;:&quot;&quot;}\" data-image-title=\"14\u00ba Circovolante \u2013 Encontro Internacional de Palha\u00e7os\" data-image-description=\"\" data-image-caption=\"\" data-large-file=\"https:\/\/www.diariodeouropreto.com.br\/wp-content\/uploads\/2026\/08\/WhatsApp-Image-2026-08-27-at-15.40.28.jpeg\" src=\"https:\/\/www.diariodeouropreto.com.br\/wp-content\/uploads\/2026\/08\/WhatsApp-Image-2026-08-27-at-15.40.28.jpeg\" alt=\"\" class=\"wp-image-55030\" srcset=\"https:\/\/www.diariodeouropreto.com.br\/wp-content\/uploads\/2026\/08\/WhatsApp-Image-2026-08-27-at-15.40.28.jpeg 1183w, https:\/\/www.diariodeouropreto.com.br\/wp-content\/uploads\/2026\/08\/WhatsApp-Image-2026-08-27-at-15.40.28-293x396.jpeg 293w, https:\/\/www.diariodeouropreto.com.br\/wp-content\/uploads\/2026\/08\/WhatsApp-Image-2026-08-27-at-15.40.28-111x150.jpeg 111w, https:\/\/www.diariodeouropreto.com.br\/wp-content\/uploads\/2026\/08\/WhatsApp-Image-2026-08-27-at-15.40.28-768x1039.jpeg 768w, https:\/\/www.diariodeouropreto.com.br\/wp-content\/uploads\/2026\/08\/WhatsApp-Image-2026-08-27-at-15.40.28-1136x1536.jpeg 1136w, https:\/\/www.diariodeouropreto.com.br\/wp-content\/uploads\/2026\/08\/WhatsApp-Image-2026-08-27-at-15.40.28-9x12.jpeg 9w, https:\/\/www.diariodeouropreto.com.br\/wp-content\/uploads\/2026\/08\/WhatsApp-Image-2026-08-27-at-15.40.28-407x550.jpeg 407w, https:\/\/www.diariodeouropreto.com.br\/wp-content\/uploads\/2026\/08\/WhatsApp-Image-2026-08-27-at-15.40.28-370x500.jpeg 370w\" sizes=\"(max-width: 1183px) 100vw, 1183px\" \/><\/figure>\n\n\n\n<p class=\"wp-block-paragraph\"><strong>S\u00c1BADO \u2013 5 DE SETEMBRO<\/strong><\/p>\n\n\n\n<p class=\"wp-block-paragraph\"><strong>9h \u00e0s 11h<\/strong> \u2013 Visita da Sociedade do Riso \u2013 Lar Santa Maria e Hospital Monsenhor Horta* *(acesso restrito)<br>&nbsp; <strong>10h \u00e0s 12h<\/strong> \u2013 Pinte o Palha\u00e7o \u2013 Jardim<br>&nbsp; <strong>10h \u00e0s 12h<\/strong> \u2013 Oficinas de circo \u2013 Jardim<br>&nbsp; <strong>12h \u00e0s 14h<\/strong> \u2013 Cia Laguz \u2013 Teatro Lambe-Lambe \u2013 Jardim<br>&nbsp; <strong>14h<\/strong> \u2013 Circo Caju \u2013 Jardim<br>&nbsp; <strong>14h \u00e0s 16h<\/strong> \u2013 Maquiagem \u2013 Jardim<br>&nbsp; <strong>15h<\/strong> \u2013 Mois\u00e9s, o Rei do Pedal, e Henrique, o Pr\u00edncipe do Pedal \u2013 Jardim<br>&nbsp; <strong>15h30<\/strong> \u2013 Concentra\u00e7\u00e3o do Cortejo \u2013 Pra\u00e7a Minas Gerais<br>&nbsp; <strong>16h<\/strong> \u2013 Cortejo \u2013 sa\u00edda da Pra\u00e7a Minas Gerais<br>&nbsp; <strong>17h30<\/strong> \u2013 Cia Suno \u2013 Pra\u00e7a da S\u00e9<br>&nbsp; <strong>18h30<\/strong> \u2013 Raros Circo e Teatro \u2013 Jardim<br>&nbsp; <strong>19h<\/strong> \u2013 Cia Barnab\u00f4 \u2013 Cine Teatro<br>&nbsp; <strong>20h<\/strong> \u2013 Coletivo Nopok \u2013 Pra\u00e7a da S\u00e9<\/p>\n\n\n\n<p class=\"wp-block-paragraph\"><strong>DOMINGO \u2013 6 DE SETEMBRO<\/strong><\/p>\n\n\n\n<p class=\"wp-block-paragraph\"><strong>10h \u00e0s 12h<\/strong> \u2013 Pinte o Palha\u00e7o \u2013 Jardim<br><strong>10h \u00e0s 12h<\/strong> \u2013 Oficinas de circo \u2013 Jardim<br><strong>13h<\/strong> \u2013 Penduricalhos \u2013 Jardim<br><strong>14h<\/strong> \u2013 Jojoba \/ Furreca \/ Viralata \u2013 Jardim<br><strong>15h<\/strong> \u2013 Laguz \u2013 Jardim<br><strong>15h<\/strong> \u2013 Raros Circo \u2013 Cine Teatro<br><strong>16h<\/strong> \u2013 Flash Boys Crew, com participa\u00e7\u00e3o especial de Street Dance JS \u2013 Jardim<br><strong>16h<\/strong> \u2013 Circo do Asfalto \u2013 Pra\u00e7a da S\u00e9<br><strong>17h<\/strong> \u2013 B\u00e1rbara Salom\u00e9 \u2013 Cine Teatro<br><strong>17h<\/strong> \u2013 Sebastian Godoy \u2013 Jardim<br><strong>18h<\/strong> \u2013 Show Circovolante \u2013 Jardim<br><strong>19h30<\/strong> \u2013 Na Pegada \u2013 Jardim<br><strong>20h30<\/strong> \u2013 DJ Viviane Barcellos \u2013 Jardim<\/p>\n\n\n\n<h2 class=\"wp-block-heading\"><strong>SERVI\u00c7O<\/strong><\/h2>\n\n\n\n<p class=\"wp-block-paragraph\"><strong>14\u00ba Circovolante \u2013 Encontro Internacional de Palha\u00e7os<br><\/strong> \u00a0<strong>Data:<\/strong> 5 e 6 de setembro de 2026<br>\u00a0 <strong>Local:<\/strong> Centro Hist\u00f3rico de Mariana \u2013 MG<br>\u00a0 <strong>Espa\u00e7os:<\/strong> Jardim, Pra\u00e7a da S\u00e9, Pra\u00e7a Minas Gerais e Cine Teatro<br>\u00a0 <strong>Participa\u00e7\u00e3o gratuita<br><\/strong> \u00a0<strong>Mais informa\u00e7\u00f5es:<\/strong> Instagram <a href=\"https:\/\/www.instagram.com\/circovolante\/\" data-wpel-link=\"external\" target=\"_blank\" rel=\"follow external noopener noreferrer sponsored ugc\">@circovolante<\/a><\/p>\n\n\n\n<div id=\"152151\" class=\"advads-saneouro-2 advads-entity-placement\" style=\"margin-top: 3px;margin-bottom: 3px;margin-left: auto;margin-right: auto;text-align: center;\"><a href=\"https:\/\/www.saneouro.com.br\/\" target=\"_blank\" aria-label=\"DOP_Impresso\" data-wpel-link=\"external\" rel=\"follow external noopener noreferrer sponsored ugc\"><img src=\"https:\/\/www.diariodeouropreto.com.br\/wp-content\/uploads\/2026\/07\/DOP_Impresso.jpg\" alt=\"\"  srcset=\"https:\/\/www.diariodeouropreto.com.br\/wp-content\/uploads\/2026\/07\/DOP_Impresso.jpg 1181w, https:\/\/www.diariodeouropreto.com.br\/wp-content\/uploads\/2026\/07\/DOP_Impresso-396x396.jpg 396w, https:\/\/www.diariodeouropreto.com.br\/wp-content\/uploads\/2026\/07\/DOP_Impresso-150x150.jpg 150w, https:\/\/www.diariodeouropreto.com.br\/wp-content\/uploads\/2026\/07\/DOP_Impresso-768x768.jpg 768w, https:\/\/www.diariodeouropreto.com.br\/wp-content\/uploads\/2026\/07\/DOP_Impresso-12x12.jpg 12w, https:\/\/www.diariodeouropreto.com.br\/wp-content\/uploads\/2026\/07\/DOP_Impresso-465x465.jpg 465w, https:\/\/www.diariodeouropreto.com.br\/wp-content\/uploads\/2026\/07\/DOP_Impresso-500x500.jpg 500w\" sizes=\"(max-width: 1181px) 100vw, 1181px\" width=\"400\" height=\"400\"  style=\"display: inline-block;\" \/><\/a><\/div><p class=\"wp-block-paragraph\">Fonte: Assessoria 14\u00baCircovolante<\/p>","protected":false},"excerpt":{"rendered":"<p>Com programa\u00e7\u00e3o gratuita, festival re\u00fane espet\u00e1culos, cortejo, oficinas, interven\u00e7\u00f5es, m\u00fasica e artistas de diferentes gera\u00e7\u00f5es da arte circense &nbsp; Nos dias 5 e 6 de setembro, Mariana volta a se transformar em um grande picadeiro a c\u00e9u aberto com a realiza\u00e7\u00e3o do 14\u00ba Circovolante \u2013 Encontro Internacional de Palha\u00e7os. Durante<span class=\"more-link\"><a href=\"https:\/\/www.diariodeouropreto.com.br\/pt\/14o-circovolante-encontro-internacional-de-palhacos-ocupa-mariana-nos-dias-5-e-6-de-setembro\/\" data-wpel-link=\"internal\">Continue Lendo<\/a><\/span><\/p>","protected":false},"author":1,"featured_media":55031,"comment_status":"closed","ping_status":"closed","sticky":false,"template":"","format":"standard","meta":{"_jetpack_newsletter_access":"","_jetpack_dont_email_post_to_subs":false,"_jetpack_newsletter_tier_id":0,"_jetpack_memberships_contains_paywalled_content":false,"_jetpack_feature_clip_id":0,"_jetpack_memberships_contains_paid_content":false,"footnotes":"","jetpack_publicize_message":"Com programa\u00e7\u00e3o gratuita, festival re\u00fane espet\u00e1culos, cortejo, oficinas, interven\u00e7\u00f5es, m\u00fasica e artistas de diferentes gera\u00e7\u00f5es da arte circense","jetpack_publicize_feature_enabled":true,"jetpack_social_post_already_shared":false,"jetpack_social_options":{"image_generator_settings":{"template":"highway","default_image_id":0,"font":"","enabled":false},"version":2},"jetpack_post_was_ever_published":false},"categories":[11],"tags":[],"class_list":["entry","author-diario","post-55028","post","type-post","status-publish","format-standard","has-post-thumbnail","category-culturaeartes"],"yoast_head":"<!-- This site is optimized with the Yoast SEO plugin v28.3 - https:\/\/yoast.com\/product\/yoast-seo-wordpress\/ -->\n<title>14\u00ba Circovolante \u2013 Encontro Internacional de Palha\u00e7os ocupa Mariana, nos dias 5 e 6 de setembro - Di\u00e1rio de Ouro Preto<\/title>\n<meta name=\"description\" content=\"Com programa\u00e7\u00e3o gratuita, festival re\u00fane espet\u00e1culos, cortejo, oficinas, interven\u00e7\u00f5es, m\u00fasica e artistas de diferentes gera\u00e7\u00f5es da arte circense- 14\u00ba Circovolante \u2013 Encontro Internacional de Palha\u00e7os ocupa Mariana, nos dias 5 e 6 de setembro - Cultura, Artes e Patrim\u00f4nio\" \/>\n<meta name=\"robots\" content=\"index, follow, max-snippet:-1, max-image-preview:large, max-video-preview:-1\" \/>\n<link rel=\"canonical\" href=\"https:\/\/www.diariodeouropreto.com.br\/pt\/14o-circovolante-encontro-internacional-de-palhacos-ocupa-mariana-nos-dias-5-e-6-de-setembro\/\" \/>\n<meta property=\"og:locale\" content=\"pt_PT\" \/>\n<meta property=\"og:type\" content=\"article\" \/>\n<meta property=\"og:title\" content=\"14\u00ba Circovolante \u2013 Encontro Internacional de Palha\u00e7os ocupa Mariana, nos dias 5 e 6 de setembro - Di\u00e1rio de Ouro Preto\" \/>\n<meta property=\"og:description\" content=\"Com programa\u00e7\u00e3o gratuita, festival re\u00fane espet\u00e1culos, cortejo, oficinas, interven\u00e7\u00f5es, m\u00fasica e artistas de diferentes gera\u00e7\u00f5es da arte circense- 14\u00ba Circovolante \u2013 Encontro Internacional de Palha\u00e7os ocupa Mariana, nos dias 5 e 6 de setembro - Cultura, Artes e Patrim\u00f4nio\" \/>\n<meta property=\"og:url\" content=\"https:\/\/www.diariodeouropreto.com.br\/pt\/14o-circovolante-encontro-internacional-de-palhacos-ocupa-mariana-nos-dias-5-e-6-de-setembro\/\" \/>\n<meta property=\"og:site_name\" content=\"Di\u00e1rio de Ouro Preto\" \/>\n<meta property=\"article:publisher\" content=\"https:\/\/www.facebook.com\/diariodeouropreto\/\" \/>\n<meta property=\"article:published_time\" content=\"2026-08-31T15:18:40+00:00\" \/>\n<meta property=\"article:modified_time\" content=\"2026-08-31T15:18:43+00:00\" \/>\n<meta property=\"og:image\" content=\"https:\/\/www.diariodeouropreto.com.br\/wp-content\/uploads\/2026\/08\/WhatsApp-Image-2026-08-27-at-15.54.09.jpeg\" \/>\n\t<meta property=\"og:image:width\" content=\"1600\" \/>\n\t<meta property=\"og:image:height\" content=\"1066\" \/>\n\t<meta property=\"og:image:type\" content=\"image\/jpeg\" \/>\n<meta name=\"author\" content=\"Di\u00e1rio de Ouro Preto\" \/>\n<meta name=\"twitter:card\" content=\"summary_large_image\" \/>\n<meta name=\"twitter:label1\" content=\"Escrito por\" \/>\n\t<meta name=\"twitter:data1\" content=\"Di\u00e1rio de Ouro Preto\" \/>\n\t<meta name=\"twitter:label2\" content=\"Tempo estimado de leitura\" \/>\n\t<meta name=\"twitter:data2\" content=\"3 minutos\" \/>\n<script type=\"application\/ld+json\" class=\"yoast-schema-graph\">{\"@context\":\"https:\\\/\\\/schema.org\",\"@graph\":[{\"@type\":\"Article\",\"@id\":\"https:\\\/\\\/www.diariodeouropreto.com.br\\\/14o-circovolante-encontro-internacional-de-palhacos-ocupa-mariana-nos-dias-5-e-6-de-setembro\\\/#article\",\"isPartOf\":{\"@id\":\"https:\\\/\\\/www.diariodeouropreto.com.br\\\/14o-circovolante-encontro-internacional-de-palhacos-ocupa-mariana-nos-dias-5-e-6-de-setembro\\\/\"},\"author\":{\"name\":\"Di\u00e1rio de Ouro Preto\",\"@id\":\"https:\\\/\\\/www.diariodeouropreto.com.br\\\/pt\\\/#\\\/schema\\\/person\\\/7654e7b471204a6dab6dc0ce6e140c99\"},\"headline\":\"14\u00ba Circovolante \u2013 Encontro Internacional de Palha\u00e7os ocupa Mariana, nos dias 5 e 6 de setembro\",\"datePublished\":\"2026-08-31T15:18:40+00:00\",\"dateModified\":\"2026-08-31T15:18:43+00:00\",\"mainEntityOfPage\":{\"@id\":\"https:\\\/\\\/www.diariodeouropreto.com.br\\\/14o-circovolante-encontro-internacional-de-palhacos-ocupa-mariana-nos-dias-5-e-6-de-setembro\\\/\"},\"wordCount\":544,\"publisher\":{\"@id\":\"https:\\\/\\\/www.diariodeouropreto.com.br\\\/pt\\\/#organization\"},\"image\":{\"@id\":\"https:\\\/\\\/www.diariodeouropreto.com.br\\\/14o-circovolante-encontro-internacional-de-palhacos-ocupa-mariana-nos-dias-5-e-6-de-setembro\\\/#primaryimage\"},\"thumbnailUrl\":\"https:\\\/\\\/www.diariodeouropreto.com.br\\\/wp-content\\\/uploads\\\/2026\\\/08\\\/WhatsApp-Image-2026-08-27-at-15.54.09.jpeg\",\"articleSection\":[\"Cultura, Artes e Patrim\u00f4nio\"],\"inLanguage\":\"pt-PT\"},{\"@type\":\"WebPage\",\"@id\":\"https:\\\/\\\/www.diariodeouropreto.com.br\\\/14o-circovolante-encontro-internacional-de-palhacos-ocupa-mariana-nos-dias-5-e-6-de-setembro\\\/\",\"url\":\"https:\\\/\\\/www.diariodeouropreto.com.br\\\/14o-circovolante-encontro-internacional-de-palhacos-ocupa-mariana-nos-dias-5-e-6-de-setembro\\\/\",\"name\":\"14\u00ba Circovolante \u2013 Encontro Internacional de Palha\u00e7os ocupa Mariana, nos dias 5 e 6 de setembro - Di\u00e1rio de Ouro Preto\",\"isPartOf\":{\"@id\":\"https:\\\/\\\/www.diariodeouropreto.com.br\\\/pt\\\/#website\"},\"primaryImageOfPage\":{\"@id\":\"https:\\\/\\\/www.diariodeouropreto.com.br\\\/14o-circovolante-encontro-internacional-de-palhacos-ocupa-mariana-nos-dias-5-e-6-de-setembro\\\/#primaryimage\"},\"image\":{\"@id\":\"https:\\\/\\\/www.diariodeouropreto.com.br\\\/14o-circovolante-encontro-internacional-de-palhacos-ocupa-mariana-nos-dias-5-e-6-de-setembro\\\/#primaryimage\"},\"thumbnailUrl\":\"https:\\\/\\\/www.diariodeouropreto.com.br\\\/wp-content\\\/uploads\\\/2026\\\/08\\\/WhatsApp-Image-2026-08-27-at-15.54.09.jpeg\",\"datePublished\":\"2026-08-31T15:18:40+00:00\",\"dateModified\":\"2026-08-31T15:18:43+00:00\",\"description\":\"Com programa\u00e7\u00e3o gratuita, festival re\u00fane espet\u00e1culos, cortejo, oficinas, interven\u00e7\u00f5es, m\u00fasica e artistas de diferentes gera\u00e7\u00f5es da arte circense- 14\u00ba Circovolante \u2013 Encontro Internacional de Palha\u00e7os ocupa Mariana, nos dias 5 e 6 de setembro - Cultura, Artes e Patrim\u00f4nio\",\"breadcrumb\":{\"@id\":\"https:\\\/\\\/www.diariodeouropreto.com.br\\\/14o-circovolante-encontro-internacional-de-palhacos-ocupa-mariana-nos-dias-5-e-6-de-setembro\\\/#breadcrumb\"},\"inLanguage\":\"pt-PT\",\"potentialAction\":[{\"@type\":\"ReadAction\",\"target\":[\"https:\\\/\\\/www.diariodeouropreto.com.br\\\/14o-circovolante-encontro-internacional-de-palhacos-ocupa-mariana-nos-dias-5-e-6-de-setembro\\\/\"]}]},{\"@type\":\"ImageObject\",\"inLanguage\":\"pt-PT\",\"@id\":\"https:\\\/\\\/www.diariodeouropreto.com.br\\\/14o-circovolante-encontro-internacional-de-palhacos-ocupa-mariana-nos-dias-5-e-6-de-setembro\\\/#primaryimage\",\"url\":\"https:\\\/\\\/www.diariodeouropreto.com.br\\\/wp-content\\\/uploads\\\/2026\\\/08\\\/WhatsApp-Image-2026-08-27-at-15.54.09.jpeg\",\"contentUrl\":\"https:\\\/\\\/www.diariodeouropreto.com.br\\\/wp-content\\\/uploads\\\/2026\\\/08\\\/WhatsApp-Image-2026-08-27-at-15.54.09.jpeg\",\"width\":1600,\"height\":1066},{\"@type\":\"BreadcrumbList\",\"@id\":\"https:\\\/\\\/www.diariodeouropreto.com.br\\\/14o-circovolante-encontro-internacional-de-palhacos-ocupa-mariana-nos-dias-5-e-6-de-setembro\\\/#breadcrumb\",\"itemListElement\":[{\"@type\":\"ListItem\",\"position\":1,\"name\":\"In\u00edcio\",\"item\":\"https:\\\/\\\/www.diariodeouropreto.com.br\\\/pt\\\/\"},{\"@type\":\"ListItem\",\"position\":2,\"name\":\"14\u00ba Circovolante \u2013 Encontro Internacional de Palha\u00e7os ocupa Mariana, nos dias 5 e 6 de setembro\"}]},{\"@type\":\"WebSite\",\"@id\":\"https:\\\/\\\/www.diariodeouropreto.com.br\\\/pt\\\/#website\",\"url\":\"https:\\\/\\\/www.diariodeouropreto.com.br\\\/pt\\\/\",\"name\":\"Di\u00e1rio de Ouro Preto\",\"description\":\"Not\u00edcias Ouro Preto; Mariana;Minas Gerais;Jornal;Jornalismo;Not\u00edcias;\",\"publisher\":{\"@id\":\"https:\\\/\\\/www.diariodeouropreto.com.br\\\/pt\\\/#organization\"},\"alternateName\":\"Jornal di\u00e1rio de Ouro Preto\",\"potentialAction\":[{\"@type\":\"SearchAction\",\"target\":{\"@type\":\"EntryPoint\",\"urlTemplate\":\"https:\\\/\\\/www.diariodeouropreto.com.br\\\/pt\\\/?s={search_term_string}\"},\"query-input\":{\"@type\":\"PropertyValueSpecification\",\"valueRequired\":true,\"valueName\":\"search_term_string\"}}],\"inLanguage\":\"pt-PT\"},{\"@type\":\"Organization\",\"@id\":\"https:\\\/\\\/www.diariodeouropreto.com.br\\\/pt\\\/#organization\",\"name\":\"Di\u00e1rio de Ouro Preto\",\"alternateName\":\"Jornal di\u00e1rio Ouro Preto\",\"url\":\"https:\\\/\\\/www.diariodeouropreto.com.br\\\/pt\\\/\",\"logo\":{\"@type\":\"ImageObject\",\"inLanguage\":\"pt-PT\",\"@id\":\"https:\\\/\\\/www.diariodeouropreto.com.br\\\/pt\\\/#\\\/schema\\\/logo\\\/image\\\/\",\"url\":\"https:\\\/\\\/www.diariodeouropreto.com.br\\\/wp-content\\\/uploads\\\/2019\\\/06\\\/cropped-logotransp-2.png\",\"contentUrl\":\"https:\\\/\\\/www.diariodeouropreto.com.br\\\/wp-content\\\/uploads\\\/2019\\\/06\\\/cropped-logotransp-2.png\",\"width\":1323,\"height\":251,\"caption\":\"Di\u00e1rio de Ouro Preto\"},\"image\":{\"@id\":\"https:\\\/\\\/www.diariodeouropreto.com.br\\\/pt\\\/#\\\/schema\\\/logo\\\/image\\\/\"},\"sameAs\":[\"https:\\\/\\\/www.facebook.com\\\/diariodeouropreto\\\/\"]},{\"@type\":\"Person\",\"@id\":\"https:\\\/\\\/www.diariodeouropreto.com.br\\\/pt\\\/#\\\/schema\\\/person\\\/7654e7b471204a6dab6dc0ce6e140c99\",\"name\":\"Di\u00e1rio de Ouro Preto\",\"sameAs\":[\"http:\\\/\\\/www.diariodeouropreto.com.br\"],\"url\":\"https:\\\/\\\/www.diariodeouropreto.com.br\\\/pt\\\/author\\\/diario\\\/\"}]}<\/script>\n<!-- \/ Yoast SEO plugin. -->","yoast_head_json":{"title":"14\u00ba Circovolante \u2013 Encontro Internacional de Palha\u00e7os ocupa Mariana, nos dias 5 e 6 de setembro - Di\u00e1rio de Ouro Preto","description":"Com programa\u00e7\u00e3o gratuita, festival re\u00fane espet\u00e1culos, cortejo, oficinas, interven\u00e7\u00f5es, m\u00fasica e artistas de diferentes gera\u00e7\u00f5es da arte circense- 14\u00ba Circovolante \u2013 Encontro Internacional de Palha\u00e7os ocupa Mariana, nos dias 5 e 6 de setembro - Cultura, Artes e Patrim\u00f4nio","robots":{"index":"index","follow":"follow","max-snippet":"max-snippet:-1","max-image-preview":"max-image-preview:large","max-video-preview":"max-video-preview:-1"},"canonical":"https:\/\/www.diariodeouropreto.com.br\/pt\/14o-circovolante-encontro-internacional-de-palhacos-ocupa-mariana-nos-dias-5-e-6-de-setembro\/","og_locale":"pt_PT","og_type":"article","og_title":"14\u00ba Circovolante \u2013 Encontro Internacional de Palha\u00e7os ocupa Mariana, nos dias 5 e 6 de setembro - Di\u00e1rio de Ouro Preto","og_description":"Com programa\u00e7\u00e3o gratuita, festival re\u00fane espet\u00e1culos, cortejo, oficinas, interven\u00e7\u00f5es, m\u00fasica e artistas de diferentes gera\u00e7\u00f5es da arte circense- 14\u00ba Circovolante \u2013 Encontro Internacional de Palha\u00e7os ocupa Mariana, nos dias 5 e 6 de setembro - Cultura, Artes e Patrim\u00f4nio","og_url":"https:\/\/www.diariodeouropreto.com.br\/pt\/14o-circovolante-encontro-internacional-de-palhacos-ocupa-mariana-nos-dias-5-e-6-de-setembro\/","og_site_name":"Di\u00e1rio de Ouro Preto","article_publisher":"https:\/\/www.facebook.com\/diariodeouropreto\/","article_published_time":"2026-08-31T15:18:40+00:00","article_modified_time":"2026-08-31T15:18:43+00:00","og_image":[{"width":1600,"height":1066,"url":"https:\/\/www.diariodeouropreto.com.br\/wp-content\/uploads\/2026\/08\/WhatsApp-Image-2026-08-27-at-15.54.09.jpeg","type":"image\/jpeg"}],"author":"Di\u00e1rio de Ouro Preto","twitter_card":"summary_large_image","twitter_misc":{"Escrito por":"Di\u00e1rio de Ouro Preto","Tempo estimado de leitura":"3 minutos"},"schema":{"@context":"https:\/\/schema.org","@graph":[{"@type":"Article","@id":"https:\/\/www.diariodeouropreto.com.br\/14o-circovolante-encontro-internacional-de-palhacos-ocupa-mariana-nos-dias-5-e-6-de-setembro\/#article","isPartOf":{"@id":"https:\/\/www.diariodeouropreto.com.br\/14o-circovolante-encontro-internacional-de-palhacos-ocupa-mariana-nos-dias-5-e-6-de-setembro\/"},"author":{"name":"Di\u00e1rio de Ouro Preto","@id":"https:\/\/www.diariodeouropreto.com.br\/pt\/#\/schema\/person\/7654e7b471204a6dab6dc0ce6e140c99"},"headline":"14\u00ba Circovolante \u2013 Encontro Internacional de Palha\u00e7os ocupa Mariana, nos dias 5 e 6 de setembro","datePublished":"2026-08-31T15:18:40+00:00","dateModified":"2026-08-31T15:18:43+00:00","mainEntityOfPage":{"@id":"https:\/\/www.diariodeouropreto.com.br\/14o-circovolante-encontro-internacional-de-palhacos-ocupa-mariana-nos-dias-5-e-6-de-setembro\/"},"wordCount":544,"publisher":{"@id":"https:\/\/www.diariodeouropreto.com.br\/pt\/#organization"},"image":{"@id":"https:\/\/www.diariodeouropreto.com.br\/14o-circovolante-encontro-internacional-de-palhacos-ocupa-mariana-nos-dias-5-e-6-de-setembro\/#primaryimage"},"thumbnailUrl":"https:\/\/www.diariodeouropreto.com.br\/wp-content\/uploads\/2026\/08\/WhatsApp-Image-2026-08-27-at-15.54.09.jpeg","articleSection":["Cultura, Artes e Patrim\u00f4nio"],"inLanguage":"pt-PT"},{"@type":"WebPage","@id":"https:\/\/www.diariodeouropreto.com.br\/14o-circovolante-encontro-internacional-de-palhacos-ocupa-mariana-nos-dias-5-e-6-de-setembro\/","url":"https:\/\/www.diariodeouropreto.com.br\/14o-circovolante-encontro-internacional-de-palhacos-ocupa-mariana-nos-dias-5-e-6-de-setembro\/","name":"14\u00ba Circovolante \u2013 Encontro Internacional de Palha\u00e7os ocupa Mariana, nos dias 5 e 6 de setembro - Di\u00e1rio de Ouro Preto","isPartOf":{"@id":"https:\/\/www.diariodeouropreto.com.br\/pt\/#website"},"primaryImageOfPage":{"@id":"https:\/\/www.diariodeouropreto.com.br\/14o-circovolante-encontro-internacional-de-palhacos-ocupa-mariana-nos-dias-5-e-6-de-setembro\/#primaryimage"},"image":{"@id":"https:\/\/www.diariodeouropreto.com.br\/14o-circovolante-encontro-internacional-de-palhacos-ocupa-mariana-nos-dias-5-e-6-de-setembro\/#primaryimage"},"thumbnailUrl":"https:\/\/www.diariodeouropreto.com.br\/wp-content\/uploads\/2026\/08\/WhatsApp-Image-2026-08-27-at-15.54.09.jpeg","datePublished":"2026-08-31T15:18:40+00:00","dateModified":"2026-08-31T15:18:43+00:00","description":"Com programa\u00e7\u00e3o gratuita, festival re\u00fane espet\u00e1culos, cortejo, oficinas, interven\u00e7\u00f5es, m\u00fasica e artistas de diferentes gera\u00e7\u00f5es da arte circense- 14\u00ba Circovolante \u2013 Encontro Internacional de Palha\u00e7os ocupa Mariana, nos dias 5 e 6 de setembro - Cultura, Artes e Patrim\u00f4nio","breadcrumb":{"@id":"https:\/\/www.diariodeouropreto.com.br\/14o-circovolante-encontro-internacional-de-palhacos-ocupa-mariana-nos-dias-5-e-6-de-setembro\/#breadcrumb"},"inLanguage":"pt-PT","potentialAction":[{"@type":"ReadAction","target":["https:\/\/www.diariodeouropreto.com.br\/14o-circovolante-encontro-internacional-de-palhacos-ocupa-mariana-nos-dias-5-e-6-de-setembro\/"]}]},{"@type":"ImageObject","inLanguage":"pt-PT","@id":"https:\/\/www.diariodeouropreto.com.br\/14o-circovolante-encontro-internacional-de-palhacos-ocupa-mariana-nos-dias-5-e-6-de-setembro\/#primaryimage","url":"https:\/\/www.diariodeouropreto.com.br\/wp-content\/uploads\/2026\/08\/WhatsApp-Image-2026-08-27-at-15.54.09.jpeg","contentUrl":"https:\/\/www.diariodeouropreto.com.br\/wp-content\/uploads\/2026\/08\/WhatsApp-Image-2026-08-27-at-15.54.09.jpeg","width":1600,"height":1066},{"@type":"BreadcrumbList","@id":"https:\/\/www.diariodeouropreto.com.br\/14o-circovolante-encontro-internacional-de-palhacos-ocupa-mariana-nos-dias-5-e-6-de-setembro\/#breadcrumb","itemListElement":[{"@type":"ListItem","position":1,"name":"In\u00edcio","item":"https:\/\/www.diariodeouropreto.com.br\/pt\/"},{"@type":"ListItem","position":2,"name":"14\u00ba Circovolante \u2013 Encontro Internacional de Palha\u00e7os ocupa Mariana, nos dias 5 e 6 de setembro"}]},{"@type":"WebSite","@id":"https:\/\/www.diariodeouropreto.com.br\/pt\/#website","url":"https:\/\/www.diariodeouropreto.com.br\/pt\/","name":"Di\u00e1rio de Ouro Preto","description":"Not\u00edcias Ouro Preto; Mariana;Minas Gerais;Jornal;Jornalismo;Not\u00edcias;","publisher":{"@id":"https:\/\/www.diariodeouropreto.com.br\/pt\/#organization"},"alternateName":"Jornal di\u00e1rio de Ouro Preto","potentialAction":[{"@type":"SearchAction","target":{"@type":"EntryPoint","urlTemplate":"https:\/\/www.diariodeouropreto.com.br\/pt\/?s={search_term_string}"},"query-input":{"@type":"PropertyValueSpecification","valueRequired":true,"valueName":"search_term_string"}}],"inLanguage":"pt-PT"},{"@type":"Organization","@id":"https:\/\/www.diariodeouropreto.com.br\/pt\/#organization","name":"Di\u00e1rio de Ouro Preto","alternateName":"Jornal di\u00e1rio Ouro Preto","url":"https:\/\/www.diariodeouropreto.com.br\/pt\/","logo":{"@type":"ImageObject","inLanguage":"pt-PT","@id":"https:\/\/www.diariodeouropreto.com.br\/pt\/#\/schema\/logo\/image\/","url":"https:\/\/www.diariodeouropreto.com.br\/wp-content\/uploads\/2019\/06\/cropped-logotransp-2.png","contentUrl":"https:\/\/www.diariodeouropreto.com.br\/wp-content\/uploads\/2019\/06\/cropped-logotransp-2.png","width":1323,"height":251,"caption":"Di\u00e1rio de Ouro Preto"},"image":{"@id":"https:\/\/www.diariodeouropreto.com.br\/pt\/#\/schema\/logo\/image\/"},"sameAs":["https:\/\/www.facebook.com\/diariodeouropreto\/"]},{"@type":"Person","@id":"https:\/\/www.diariodeouropreto.com.br\/pt\/#\/schema\/person\/7654e7b471204a6dab6dc0ce6e140c99","name":"Di\u00e1rio de Ouro Preto","sameAs":["http:\/\/www.diariodeouropreto.com.br"],"url":"https:\/\/www.diariodeouropreto.com.br\/pt\/author\/diario\/"}]}},"jetpack_publicize_connections":[],"jetpack-related-posts":[{"id":47657,"url":"https:\/\/www.diariodeouropreto.com.br\/pt\/mariana-recebe-a-13o-circovolante-encontro-internacional-de-palhacos-no-proximo-fim-de-semana\/","url_meta":{"origin":55028,"position":0},"title":"Mariana recebe a 13\u00ba Circovolante &#8211; Encontro Internacional de Palha\u00e7os no pr\u00f3ximo fim de semana","author":"Di\u00e1rio de Ouro Preto","date":"22 de Setembro de 2025","format":false,"excerpt":"Festival re\u00fane mais de 100 palha\u00e7os na cidade com tr\u00eas dias de programa\u00e7\u00e3o gratuita Depois de dois anos de pausa, o Circovolante \u2013 Encontro Internacional de Palha\u00e7os retorna em 2025, transformando Mariana em um grande picadeiro a c\u00e9u aberto para a sua 13\u00aa edi\u00e7\u00e3o. De 26 a 28 de setembro,\u2026","rel":"","context":"In &quot;Cultura, Artes e Patrim\u00f4nio&quot;","block_context":{"text":"Cultura, Artes e Patrim\u00f4nio","link":"https:\/\/www.diariodeouropreto.com.br\/pt\/Editoria\/culturaeartes\/"},"img":{"alt_text":"","src":"https:\/\/i0.wp.com\/www.diariodeouropreto.com.br\/wp-content\/uploads\/2025\/09\/Barracao-Teatro_Credito-Lucas-Meola-1-1.jpg?resize=350%2C200&ssl=1","width":350,"height":200,"srcset":"https:\/\/i0.wp.com\/www.diariodeouropreto.com.br\/wp-content\/uploads\/2025\/09\/Barracao-Teatro_Credito-Lucas-Meola-1-1.jpg?resize=350%2C200&ssl=1 1x, https:\/\/i0.wp.com\/www.diariodeouropreto.com.br\/wp-content\/uploads\/2025\/09\/Barracao-Teatro_Credito-Lucas-Meola-1-1.jpg?resize=525%2C300&ssl=1 1.5x, https:\/\/i0.wp.com\/www.diariodeouropreto.com.br\/wp-content\/uploads\/2025\/09\/Barracao-Teatro_Credito-Lucas-Meola-1-1.jpg?resize=700%2C400&ssl=1 2x, https:\/\/i0.wp.com\/www.diariodeouropreto.com.br\/wp-content\/uploads\/2025\/09\/Barracao-Teatro_Credito-Lucas-Meola-1-1.jpg?resize=1050%2C600&ssl=1 3x"},"classes":[]},{"id":974,"url":"https:\/\/www.diariodeouropreto.com.br\/pt\/vem-ai-mais-uma-edicao-do-circovolante-em-mariana\/","url_meta":{"origin":55028,"position":1},"title":"Vem a\u00ed mais uma edi\u00e7\u00e3o do Circovolante em Mariana","author":"Di\u00e1rio de Ouro Preto","date":"23 de Setembro de 2019","format":false,"excerpt":"\u00a0Mariana mais uma vez recebe o Circovolante \u2013 11\u00ba Encontro Internacional de Palha\u00e7os no pr\u00f3ximo fim de semana, 26 a 29 de setembro. Al\u00e9m das pra\u00e7as e do centro hist\u00f3rico, que recebem mais de 40 trupes de todo o Brasil e exterior e seus espet\u00e1culos gratuitos nos quatro dias de\u2026","rel":"","context":"In &quot;Cultura, Artes e Patrim\u00f4nio&quot;","block_context":{"text":"Cultura, Artes e Patrim\u00f4nio","link":"https:\/\/www.diariodeouropreto.com.br\/pt\/Editoria\/culturaeartes\/"},"img":{"alt_text":"Foto Naty Torres","src":"https:\/\/i0.wp.com\/www.diariodeouropreto.com.br\/wp-content\/uploads\/2019\/09\/Encontro1-Foto-Naty-Torres.jpg?resize=350%2C200&ssl=1","width":350,"height":200,"srcset":"https:\/\/i0.wp.com\/www.diariodeouropreto.com.br\/wp-content\/uploads\/2019\/09\/Encontro1-Foto-Naty-Torres.jpg?resize=350%2C200&ssl=1 1x, https:\/\/i0.wp.com\/www.diariodeouropreto.com.br\/wp-content\/uploads\/2019\/09\/Encontro1-Foto-Naty-Torres.jpg?resize=525%2C300&ssl=1 1.5x, https:\/\/i0.wp.com\/www.diariodeouropreto.com.br\/wp-content\/uploads\/2019\/09\/Encontro1-Foto-Naty-Torres.jpg?resize=700%2C400&ssl=1 2x, https:\/\/i0.wp.com\/www.diariodeouropreto.com.br\/wp-content\/uploads\/2019\/09\/Encontro1-Foto-Naty-Torres.jpg?resize=1050%2C600&ssl=1 3x"},"classes":[]},{"id":37010,"url":"https:\/\/www.diariodeouropreto.com.br\/pt\/circovolante-promove-4a-e-ultima-edicao-do-encontros-no-jardim-em-mariana\/","url_meta":{"origin":55028,"position":2},"title":"Circovolante promove 4\u00aa e \u00faltima edi\u00e7\u00e3o do Encontros no Jardim em Mariana","author":"Di\u00e1rio de Ouro Preto","date":"17 de Agosto de 2024","format":false,"excerpt":"Neste domingo, 18 de agosto, \u00e9 dia da 4\u00aa e \u00faltima edi\u00e7\u00e3o do Encontros no Jardim. O projeto, criado pelo Circovolante, leva alegria \u00e0 Pra\u00e7a Gomes Freire, mais conhecida como Jardim, em Mariana, com atra\u00e7\u00f5es culturais gratuitas. O foco \u00e9 a magia do circo e da palha\u00e7aria, que convoca outras\u2026","rel":"","context":"In &quot;Cultura, Artes e Patrim\u00f4nio&quot;","block_context":{"text":"Cultura, Artes e Patrim\u00f4nio","link":"https:\/\/www.diariodeouropreto.com.br\/pt\/Editoria\/culturaeartes\/"},"img":{"alt_text":"","src":"https:\/\/i0.wp.com\/www.diariodeouropreto.com.br\/wp-content\/uploads\/2024\/08\/Encontros-no-Jardim-Foto-Naty-Torres-1.jpeg?resize=350%2C200&ssl=1","width":350,"height":200,"srcset":"https:\/\/i0.wp.com\/www.diariodeouropreto.com.br\/wp-content\/uploads\/2024\/08\/Encontros-no-Jardim-Foto-Naty-Torres-1.jpeg?resize=350%2C200&ssl=1 1x, https:\/\/i0.wp.com\/www.diariodeouropreto.com.br\/wp-content\/uploads\/2024\/08\/Encontros-no-Jardim-Foto-Naty-Torres-1.jpeg?resize=525%2C300&ssl=1 1.5x, https:\/\/i0.wp.com\/www.diariodeouropreto.com.br\/wp-content\/uploads\/2024\/08\/Encontros-no-Jardim-Foto-Naty-Torres-1.jpeg?resize=700%2C400&ssl=1 2x, https:\/\/i0.wp.com\/www.diariodeouropreto.com.br\/wp-content\/uploads\/2024\/08\/Encontros-no-Jardim-Foto-Naty-Torres-1.jpeg?resize=1050%2C600&ssl=1 3x"},"classes":[]},{"id":34484,"url":"https:\/\/www.diariodeouropreto.com.br\/pt\/circovolante-inicia-comemoracoes-de-25-anos-de-historia-com-a-primeira-edicao-do-encontros-no-jardim\/","url_meta":{"origin":55028,"position":3},"title":"Circovolante inicia comemora\u00e7\u00f5es de 25 anos de hist\u00f3ria com a primeira edi\u00e7\u00e3o do \u201cEncontros no Jardim\u201d","author":"Di\u00e1rio de Ouro Preto","date":"14 de Junho de 2024","format":false,"excerpt":"O grupo Circovolante celebra, no pr\u00f3ximo m\u00eas de janeiro, 25 anos de hist\u00f3ria dedicada \u00e0 difus\u00e3o da arte circense. As comemora\u00e7\u00f5es j\u00e1 se iniciam, 16 de junho, com a primeira edi\u00e7\u00e3o do Encontros no Jardim, que acontece em Mariana. O evento ocupa a Pra\u00e7a Gomes Freire, tamb\u00e9m conhecida como Jardim,\u2026","rel":"","context":"In &quot;Cultura, Artes e Patrim\u00f4nio&quot;","block_context":{"text":"Cultura, Artes e Patrim\u00f4nio","link":"https:\/\/www.diariodeouropreto.com.br\/pt\/Editoria\/culturaeartes\/"},"img":{"alt_text":"","src":"https:\/\/i0.wp.com\/www.diariodeouropreto.com.br\/wp-content\/uploads\/2024\/06\/Circovolante-foto-Marcelo-Nicollato.jpeg?resize=350%2C200&ssl=1","width":350,"height":200,"srcset":"https:\/\/i0.wp.com\/www.diariodeouropreto.com.br\/wp-content\/uploads\/2024\/06\/Circovolante-foto-Marcelo-Nicollato.jpeg?resize=350%2C200&ssl=1 1x, https:\/\/i0.wp.com\/www.diariodeouropreto.com.br\/wp-content\/uploads\/2024\/06\/Circovolante-foto-Marcelo-Nicollato.jpeg?resize=525%2C300&ssl=1 1.5x, https:\/\/i0.wp.com\/www.diariodeouropreto.com.br\/wp-content\/uploads\/2024\/06\/Circovolante-foto-Marcelo-Nicollato.jpeg?resize=700%2C400&ssl=1 2x, https:\/\/i0.wp.com\/www.diariodeouropreto.com.br\/wp-content\/uploads\/2024\/06\/Circovolante-foto-Marcelo-Nicollato.jpeg?resize=1050%2C600&ssl=1 3x"},"classes":[]},{"id":54124,"url":"https:\/\/www.diariodeouropreto.com.br\/pt\/cineop-nos-bairros-mostra-de-cinema-leva-programacao-para-o-morro-santana-e-piedade\/","url_meta":{"origin":55028,"position":4},"title":"CineOP nos Bairros: Mostra de Cinema leva programa\u00e7\u00e3o para o Morro Santana e Piedade","author":"Di\u00e1rio de Ouro Preto","date":"24 de Julho de 2026","format":false,"excerpt":"A\u00e7\u00e3o integra as comemora\u00e7\u00f5es dos 20 anos da CineOP \u2013 Mostra de Cinema de Ouro Preto e promove programa\u00e7\u00e3o gratuita nos bairros Piedade, Padre Faria e Morro Santana, com sess\u00f5es de cinema, apresenta\u00e7\u00f5es culturais, interven\u00e7\u00f5es circenses e shows de m\u00e1gica Como parte das comemora\u00e7\u00f5es dos\u00a020 anos da CineOP \u2013 Mostra\u2026","rel":"","context":"In &quot;Cultura, Artes e Patrim\u00f4nio&quot;","block_context":{"text":"Cultura, Artes e Patrim\u00f4nio","link":"https:\/\/www.diariodeouropreto.com.br\/pt\/Editoria\/culturaeartes\/"},"img":{"alt_text":"","src":"https:\/\/i0.wp.com\/www.diariodeouropreto.com.br\/wp-content\/uploads\/2026\/07\/26032022_Foto_Netun_Lima_0333-1.jpg?resize=350%2C200&ssl=1","width":350,"height":200,"srcset":"https:\/\/i0.wp.com\/www.diariodeouropreto.com.br\/wp-content\/uploads\/2026\/07\/26032022_Foto_Netun_Lima_0333-1.jpg?resize=350%2C200&ssl=1 1x, https:\/\/i0.wp.com\/www.diariodeouropreto.com.br\/wp-content\/uploads\/2026\/07\/26032022_Foto_Netun_Lima_0333-1.jpg?resize=525%2C300&ssl=1 1.5x, https:\/\/i0.wp.com\/www.diariodeouropreto.com.br\/wp-content\/uploads\/2026\/07\/26032022_Foto_Netun_Lima_0333-1.jpg?resize=700%2C400&ssl=1 2x, https:\/\/i0.wp.com\/www.diariodeouropreto.com.br\/wp-content\/uploads\/2026\/07\/26032022_Foto_Netun_Lima_0333-1.jpg?resize=1050%2C600&ssl=1 3x"},"classes":[]},{"id":14532,"url":"https:\/\/www.diariodeouropreto.com.br\/pt\/fim-de-semana-em-ouro-preto-e-mariana-agenda-25-a-27-de-marco\/","url_meta":{"origin":55028,"position":5},"title":"Fim de semana em Ouro Preto e Mariana \u2013 Agenda &#8211; 25 a 27 de mar\u00e7o","author":"Di\u00e1rio de Ouro Preto","date":"25 de Mar\u00e7o de 2022","format":false,"excerpt":"Programa\u00e7\u00e3o em Ouro Preto: Sexta-feira, 25 de mar\u00e7o Galeria de Arte Nello Nuno (Rua Get\u00falio Vargas, 185, Bairro Ros\u00e1rio, Ouro Preto) - A Funda\u00e7\u00e3o de Arte de Ouro Preto, a FAOP, inaugura a exposi\u00e7\u00e3o conjunta \u201cMetamorfose Taka\u201d e \u201cRastros de mim mesmo\u201d, dos artistas Ligia Taka e Guilherme Melich. A\u2026","rel":"","context":"In &quot;Cultura, Artes e Patrim\u00f4nio&quot;","block_context":{"text":"Cultura, Artes e Patrim\u00f4nio","link":"https:\/\/www.diariodeouropreto.com.br\/pt\/Editoria\/culturaeartes\/"},"img":{"alt_text":"","src":"https:\/\/i0.wp.com\/www.diariodeouropreto.com.br\/wp-content\/uploads\/2020\/02\/titulo-site-carnavaljpg.jpg?resize=350%2C200&ssl=1","width":350,"height":200,"srcset":"https:\/\/i0.wp.com\/www.diariodeouropreto.com.br\/wp-content\/uploads\/2020\/02\/titulo-site-carnavaljpg.jpg?resize=350%2C200&ssl=1 1x, https:\/\/i0.wp.com\/www.diariodeouropreto.com.br\/wp-content\/uploads\/2020\/02\/titulo-site-carnavaljpg.jpg?resize=525%2C300&ssl=1 1.5x, https:\/\/i0.wp.com\/www.diariodeouropreto.com.br\/wp-content\/uploads\/2020\/02\/titulo-site-carnavaljpg.jpg?resize=700%2C400&ssl=1 2x, https:\/\/i0.wp.com\/www.diariodeouropreto.com.br\/wp-content\/uploads\/2020\/02\/titulo-site-carnavaljpg.jpg?resize=1050%2C600&ssl=1 3x"},"classes":[]}],"jetpack_sharing_enabled":true,"amp_enabled":true,"jetpack_featured_media_url":"https:\/\/www.diariodeouropreto.com.br\/wp-content\/uploads\/2026\/08\/WhatsApp-Image-2026-08-27-at-15.54.09.jpeg","_links":{"self":[{"href":"https:\/\/www.diariodeouropreto.com.br\/pt\/wp-json\/wp\/v2\/posts\/55028","targetHints":{"allow":["GET"]}}],"collection":[{"href":"https:\/\/www.diariodeouropreto.com.br\/pt\/wp-json\/wp\/v2\/posts"}],"about":[{"href":"https:\/\/www.diariodeouropreto.com.br\/pt\/wp-json\/wp\/v2\/types\/post"}],"author":[{"embeddable":true,"href":"https:\/\/www.diariodeouropreto.com.br\/pt\/wp-json\/wp\/v2\/users\/1"}],"replies":[{"embeddable":true,"href":"https:\/\/www.diariodeouropreto.com.br\/pt\/wp-json\/wp\/v2\/comments?post=55028"}],"version-history":[{"count":1,"href":"https:\/\/www.diariodeouropreto.com.br\/pt\/wp-json\/wp\/v2\/posts\/55028\/revisions"}],"predecessor-version":[{"id":55032,"href":"https:\/\/www.diariodeouropreto.com.br\/pt\/wp-json\/wp\/v2\/posts\/55028\/revisions\/55032"}],"wp:featuredmedia":[{"embeddable":true,"href":"https:\/\/www.diariodeouropreto.com.br\/pt\/wp-json\/wp\/v2\/media\/55031"}],"wp:attachment":[{"href":"https:\/\/www.diariodeouropreto.com.br\/pt\/wp-json\/wp\/v2\/media?parent=55028"}],"wp:term":[{"taxonomy":"category","embeddable":true,"href":"https:\/\/www.diariodeouropreto.com.br\/pt\/wp-json\/wp\/v2\/categories?post=55028"},{"taxonomy":"post_tag","embeddable":true,"href":"https:\/\/www.diariodeouropreto.com.br\/pt\/wp-json\/wp\/v2\/tags?post=55028"}],"curies":[{"name":"wp","href":"https:\/\/api.w.org\/{rel}","templated":true}]}}