{"id":55016,"date":"2026-08-30T10:15:00","date_gmt":"2026-08-30T13:15:00","guid":{"rendered":"https:\/\/www.diariodeouropreto.com.br\/?p=55016"},"modified":"2026-08-28T10:48:23","modified_gmt":"2026-08-28T13:48:23","slug":"deputados-sao-eleitos-pelo-voto-proporcional-entenda-a-logica-desse-sistema","status":"publish","type":"post","link":"https:\/\/www.diariodeouropreto.com.br\/pt\/deputados-sao-eleitos-pelo-voto-proporcional-entenda-a-logica-desse-sistema\/","title":{"rendered":"Deputados s\u00e3o eleitos pelo voto proporcional; entenda a l\u00f3gica desse sistema"},"content":{"rendered":"\n<h3 class=\"wp-block-heading is-style-hoot-headblock1\">Sistema proporcional usado para escolher deputados considera os votos recebidos pelos candidatos e tamb\u00e9m pelos partidos e federa\u00e7\u00f5es<\/h3>\n\n\n\n<p class=\"wp-block-paragraph\">Nas elei\u00e7\u00f5es de 2026, ser\u00e3o eleitos o presidente da Rep\u00fablica, deputados federais e senadores, em \u00e2mbito federal, e, nos estados, os governadores e deputados estaduais (ou distritais, no caso do Distrito Federal).<\/p>\n\n\n\n<p class=\"wp-block-paragraph\">Para presidente da Rep\u00fablica, governadores e senadores, a elei\u00e7\u00e3o \u00e9 majorit\u00e1ria. Mas as regras s\u00e3o diferentes. Para presidente e governador, \u00e9 preciso obter mais da metade dos votos v\u00e1lidos. Se ningu\u00e9m conseguir, h\u00e1 segundo turno entre os dois mais votados. Para o Senado, s\u00e3o eleitos os candidatos mais votados.<\/p>\n\n\n\n<h3 class=\"wp-block-heading\">Sistema proporcional<\/h3>\n\n\n\n<p class=\"wp-block-paragraph\">Para eleger deputados federais, estaduais, distritais e vereadores, o sistema \u00e9 proporcional \u2013 e descobrir quem foi eleito envolve um c\u00e1lculo um pouco mais complexo.<\/p>\n\n\n\n<p class=\"wp-block-paragraph\">Para entender, \u00e9 preciso saber que, nesse tipo de elei\u00e7\u00e3o, o voto que voc\u00ea d\u00e1 a um candidato tamb\u00e9m conta como voto no partido. Dois ou mais partidos podem formar uma federa\u00e7\u00e3o e, na elei\u00e7\u00e3o proporcional, seus votos s\u00e3o somados.<\/p>\n\n\n\n<h3 class=\"wp-block-heading\">Quociente eleitoral<\/h3>\n\n\n\n<p class=\"wp-block-paragraph\">A l\u00f3gica desse sistema \u00e9 que cada partido ou federa\u00e7\u00e3o elege um n\u00famero de candidatos a deputado proporcional ao total de votos recebidos pelos seus candidatos a deputado e pela pr\u00f3pria legenda. Essa \u00e9 a ideia por tr\u00e1s do quociente eleitoral.<\/p>\n\n\n\n<p class=\"wp-block-paragraph\">Considerando que um determinado estado tem 10 vagas na C\u00e2mara dos Deputados e que o total de votos v\u00e1lidos foi de 100 mil, isso significa que cada vaga corresponde a 10 mil votos. Votos em branco e nulos n\u00e3o influenciam o resultado da elei\u00e7\u00e3o.<\/p>\n\n\n\n<ul class=\"wp-block-list\">\n<li>100 mil votos v\u00e1lidos \u00f7 10 lugares na C\u00e2mara = 10 mil votos (quociente eleitoral do estado)<\/li>\n<\/ul>\n\n\n\n<p class=\"wp-block-paragraph\">O n\u00famero de votos de cada partido, dividido pelo quociente eleitoral, indica quantas vagas cada partido tem direito, desprezada a fra\u00e7\u00e3o. Esse n\u00famero \u00e9 chamado de quociente partid\u00e1rio.<\/p>\n\n\n\n<ul class=\"wp-block-list\">\n<li>Ent\u00e3o, se o Partido X teve 26 mil votos, tem direito a duas vagas, considerando 10 mil votos por vaga.<\/li>\n<\/ul>\n\n\n\n<h3 class=\"wp-block-heading\">Distribui\u00e7\u00e3o de sobras<\/h3>\n\n\n\n<p class=\"wp-block-paragraph\">O consultor legislativo da C\u00e2mara dos Deputados Roberto Pontes lembra que nem sempre a divis\u00e3o das vagas resulta em um n\u00famero exato.<\/p>\n\n\n\n<p class=\"wp-block-paragraph\">\u201cPrimeiro eu calculo os n\u00fameros inteiros, mas n\u00e3o distribuo todas as vagas. A\u00ed sobram algumas vagas. Ent\u00e3o \u00e9 usado um outro conjunto de f\u00f3rmulas para fazer a distribui\u00e7\u00e3o das sobras, chamado m\u00e9todo das maiores m\u00e9dias\u201d, explica.<\/p>\n\n\n\n<p class=\"wp-block-paragraph\">A distribui\u00e7\u00e3o das sobras \u00e9 feita em etapas e acess\u00edvel a todos os partidos que participem do pleito:<\/p>\n\n\n\n<ul class=\"wp-block-list\">\n<li>Primeiro participam das sobras partidos\/federa\u00e7\u00f5es com pelo menos 80% do quociente eleitoral e candidatos com pelo menos 20% deste mesmo quociente;<\/li>\n\n\n\n<li>Depois, as cadeiras restantes podem ser distribu\u00eddas entre todos os partidos e federa\u00e7\u00f5es participantes, independentemente desses limites.<\/li>\n<\/ul>\n\n\n\n<h3 class=\"wp-block-heading\">Traduzir a diversidade<\/h3>\n\n\n\n<p class=\"wp-block-paragraph\">Pontes explica que h\u00e1 uma l\u00f3gica no sistema proporcional, que \u00e9 a de tentar traduzir a diversidade da sociedade no Parlamento.<\/p>\n\n\n\n<p class=\"wp-block-paragraph\">\u201cSe uma determinada corrente [de pensamento] representa 10% da sociedade,&nbsp; ter\u00e1 uma representa\u00e7\u00e3o de 10% nas cadeiras; se [representa] 20% dos votos, 20% das cadeiras. Essa \u00e9 a l\u00f3gica do sistema proporcional&#8221;, disse.<\/p>\n\n\n\n<h3 class=\"wp-block-heading\">Mais votos pode significar mais cadeiras<\/h3>\n\n\n\n<p class=\"wp-block-paragraph\">No sistema proporcional, nem sempre o mais votado \u00e9 eleito, pois \u00e9 necess\u00e1rio somar os votos de candidatos e partidos e dividi-los pelo n\u00famero de cadeiras em disputa naquele estado.<\/p>\n\n\n\n<p class=\"wp-block-paragraph\">Quanto mais candidatos fortes, mais votos \u2013 e, portanto, mais cadeiras o partido ou federa\u00e7\u00e3o pode conquistar. Esse trabalho conjunto \u00e9 importante. Tradicionalmente, poucos s\u00e3o os candidatos que conseguem atingir, sozinhos, o quociente eleitoral.<\/p>\n\n\n\n<p class=\"wp-block-paragraph\">As vagas conquistadas pelo partido ou pela federa\u00e7\u00e3o s\u00e3o ocupadas pelos candidatos mais votados da legenda, desde que cumpram o quociente m\u00ednimo exigido.<\/p>\n\n\n\n<p class=\"wp-block-paragraph\">No exemplo, com quociente eleitoral de 10 mil votos, um candidato precisa receber pelo menos mil votos para ocupar uma vaga obtida pelo quociente partid\u00e1rio. Assim, candidatos com 18 mil e 2 mil votos poderiam ocupar as duas vagas.<\/p>\n\n\n\n<p class=\"wp-block-paragraph\">Para evitar que candidatos com pouqu\u00edssimos votos sejam eleitos, em 2015 foi criada a cl\u00e1usula de barreira individual \u2013 que mant\u00e9m a transfer\u00eancia de votos, mas obriga cada candidato a obter, sozinho, votos equivalentes a pelo menos 10% do quociente eleitoral.<\/p>\n\n\n\n<h3 class=\"wp-block-heading\">Puxador de votos<\/h3>\n\n\n\n<p class=\"wp-block-paragraph\">O cientista pol\u00edtico da Universidade de Bras\u00edlia (UnB) Murilo Medeiros explica que o voto no Brasil \u00e9 muito personalista, o que faz com que o eleitor v\u00e1 \u00e0s urnas e escolha um indiv\u00edduo, n\u00e3o a agenda program\u00e1tica. Por isso h\u00e1 o fen\u00f4meno do puxador de votos.<\/p>\n\n\n\n<p class=\"wp-block-paragraph\">\u201cO puxador de votos funciona como uma locomotiva eleitoral. Ele entra na elei\u00e7\u00e3o para vencer nas urnas, mas tamb\u00e9m para carregar consigo outros nomes da legenda&#8221;, informa.<\/p>\n\n\n\n<p class=\"wp-block-paragraph\">&#8220;Por isso, os partidos costumam recrutar celebridades, lideran\u00e7as religiosas, influenciadores e l\u00edderes de peso no \u00e2mbito regional pensando nessa l\u00f3gica do puxador de votos\u201d, ressalta.<\/p>\n\n\n\n<h3 class=\"wp-block-heading\">Mais representatividade<\/h3>\n\n\n\n<p class=\"wp-block-paragraph\">Com o tempo, foram criadas regras destinadas a reduzir a fragmenta\u00e7\u00e3o partid\u00e1ria e estimular partidos com representa\u00e7\u00e3o nacional.<\/p>\n\n\n\n<p class=\"wp-block-paragraph\">A <a href=\"https:\/\/www2.camara.leg.br\/legin\/fed\/emecon\/2017\/emendaconstitucional-97-4-outubro-2017-785543-norma-pl.html\" data-wpel-link=\"external\" target=\"_blank\" rel=\"follow external noopener noreferrer sponsored ugc\">Emenda Constitucional 97<\/a>, promulgada em 2017, criou uma cl\u00e1usula de desempenho aplicada a partir das elei\u00e7\u00f5es de 2018. Os partidos que n\u00e3o atingem os requisitos deixam de ter acesso aos recursos do Fundo Partid\u00e1rio e ao acesso gratuito ao r\u00e1dio e \u00e0 televis\u00e3o previsto na Constitui\u00e7\u00e3o.<\/p>\n\n\n\n<p class=\"wp-block-paragraph\">A regra tamb\u00e9m estimulou alian\u00e7as mais permanentes entre legendas. As federa\u00e7\u00f5es partid\u00e1rias foram criadas em 2021 e permitem que dois ou mais partidos atuem como uma \u00fanica agremia\u00e7\u00e3o por pelo menos quatro anos, embora cada partido mantenha sua identidade.<\/p>\n\n\n\n<p class=\"wp-block-paragraph\">\u201cA matem\u00e1tica da elei\u00e7\u00e3o \u00e9 profundamente partid\u00e1ria. Um deputado que \u00e9 eleito, que chega ao Congresso, fica submetido a uma bancada parlamentar. Ele fica ref\u00e9m da l\u00f3gica partid\u00e1ria no exerc\u00edcio de seu mandato&#8221;, diz Medeiros.<\/p>\n\n\n\n<p class=\"wp-block-paragraph\">&#8220;Por isso, \u00e9 muito importante que o eleitor conhe\u00e7a a fundo quais ideias, quais princ\u00edpios regem a agenda program\u00e1tica do partido pol\u00edtico ao qual o seu candidato est\u00e1 filiado\u201d, conclui o cientista pol\u00edtico.<\/p>\n\n\n\n<h3 class=\"wp-block-heading\">Cl\u00e1usula de desempenho<\/h3>\n\n\n\n<p class=\"wp-block-paragraph\">A cl\u00e1usula de desempenho vem sendo implantada em etapas e atingir\u00e1 os crit\u00e9rios previstos para sua \u00faltima etapa nas elei\u00e7\u00f5es de 2030.<\/p>\n\n\n\n<p class=\"wp-block-paragraph\">Em 2026, um partido dever\u00e1 obter pelo menos 2,5% dos votos v\u00e1lidos para a C\u00e2mara dos Deputados, distribu\u00eddos em pelo menos um ter\u00e7o das unidades da Federa\u00e7\u00e3o, com no m\u00ednimo 1,5% dos votos v\u00e1lidos em cada uma delas.<\/p>\n\n\n\n<p class=\"wp-block-paragraph\">Como alternativa, poder\u00e1 eleger pelo menos 13 deputados federais, tamb\u00e9m distribu\u00eddos por pelo menos um ter\u00e7o das unidades da Federa\u00e7\u00e3o.<\/p>\n\n\n\n<p class=\"wp-block-paragraph\">Nas elei\u00e7\u00f5es de 2030, a exig\u00eancia nacional subir\u00e1 para 3% dos votos v\u00e1lidos, com pelo menos 2% em um ter\u00e7o das unidades da Federa\u00e7\u00e3o.<\/p>\n\n\n\n<p class=\"wp-block-paragraph\">A alternativa ser\u00e1 eleger pelo menos 15 deputados federais, distribu\u00eddos por um ter\u00e7o das unidades da Federa\u00e7\u00e3o.<\/p>\n\n\n\n<p class=\"wp-block-paragraph\"><\/p>\n\n\n\n<p class=\"wp-block-paragraph\"><\/p>\n\n\n\n<p class=\"wp-block-paragraph\">Foto: Voto dado a candidato tamb\u00e9m conta como voto no partido &#8211; Foto: Fernando Fraz\u00e3o\/Ag\u00eancia Brasil<\/p>\n\n\n\n<p class=\"wp-block-paragraph\">Fonte: Ag\u00eancia C\u00e2mara de Not\u00edcias<\/p>\n\n\n\n<div id=\"152151\" class=\"advads-saneouro-2 advads-entity-placement\" style=\"margin-top: 3px;margin-bottom: 3px;margin-left: auto;margin-right: auto;text-align: center;\"><a href=\"https:\/\/www.saneouro.com.br\/\" target=\"_blank\" aria-label=\"DOP_Impresso\" data-wpel-link=\"external\" rel=\"follow external noopener noreferrer sponsored ugc\"><img src=\"https:\/\/www.diariodeouropreto.com.br\/wp-content\/uploads\/2026\/07\/DOP_Impresso.jpg\" alt=\"\"  srcset=\"https:\/\/www.diariodeouropreto.com.br\/wp-content\/uploads\/2026\/07\/DOP_Impresso.jpg 1181w, https:\/\/www.diariodeouropreto.com.br\/wp-content\/uploads\/2026\/07\/DOP_Impresso-396x396.jpg 396w, https:\/\/www.diariodeouropreto.com.br\/wp-content\/uploads\/2026\/07\/DOP_Impresso-150x150.jpg 150w, https:\/\/www.diariodeouropreto.com.br\/wp-content\/uploads\/2026\/07\/DOP_Impresso-768x768.jpg 768w, https:\/\/www.diariodeouropreto.com.br\/wp-content\/uploads\/2026\/07\/DOP_Impresso-12x12.jpg 12w, https:\/\/www.diariodeouropreto.com.br\/wp-content\/uploads\/2026\/07\/DOP_Impresso-465x465.jpg 465w, https:\/\/www.diariodeouropreto.com.br\/wp-content\/uploads\/2026\/07\/DOP_Impresso-500x500.jpg 500w\" sizes=\"(max-width: 1181px) 100vw, 1181px\" width=\"400\" height=\"400\"  style=\"display: inline-block;\" \/><\/a><\/div><p class=\"wp-block-paragraph\">Foto: Fernando Fraz\u00e3o\/Ag\u00eancia Brasil <\/p>\n","protected":false},"excerpt":{"rendered":"<p>Sistema proporcional usado para escolher deputados considera os votos recebidos pelos candidatos e tamb\u00e9m pelos partidos e federa\u00e7\u00f5es Nas elei\u00e7\u00f5es de 2026, ser\u00e3o eleitos o presidente da Rep\u00fablica, deputados federais e senadores, em \u00e2mbito federal, e, nos estados, os governadores e deputados estaduais (ou distritais, no caso do Distrito Federal).<span class=\"more-link\"><a href=\"https:\/\/www.diariodeouropreto.com.br\/pt\/deputados-sao-eleitos-pelo-voto-proporcional-entenda-a-logica-desse-sistema\/\" data-wpel-link=\"internal\">Continue Lendo<\/a><\/span><\/p>","protected":false},"author":1,"featured_media":55019,"comment_status":"closed","ping_status":"closed","sticky":false,"template":"","format":"standard","meta":{"_jetpack_newsletter_access":"","_jetpack_dont_email_post_to_subs":false,"_jetpack_newsletter_tier_id":0,"_jetpack_memberships_contains_paywalled_content":false,"_jetpack_feature_clip_id":0,"_jetpack_memberships_contains_paid_content":false,"footnotes":"","jetpack_publicize_message":"Sistema proporcional usado para escolher deputados considera os votos recebidos pelos candidatos e tamb\u00e9m pelos partidos e federa\u00e7\u00f5es","jetpack_publicize_feature_enabled":true,"jetpack_social_post_already_shared":true,"jetpack_social_options":{"image_generator_settings":{"template":"highway","default_image_id":0,"font":"","enabled":false},"version":2},"jetpack_post_was_ever_published":false},"categories":[68],"tags":[],"class_list":["entry","author-diario","post-55016","post","type-post","status-publish","format-standard","has-post-thumbnail","category-eleicoes"],"yoast_head":"<!-- This site is optimized with the Yoast SEO plugin v28.3 - https:\/\/yoast.com\/product\/yoast-seo-wordpress\/ -->\n<title>Deputados s\u00e3o eleitos pelo voto proporcional; entenda a l\u00f3gica desse sistema - Di\u00e1rio de Ouro Preto<\/title>\n<meta name=\"description\" content=\"Sistema proporcional usado para escolher deputados considera os votos recebidos pelos candidatos e tamb\u00e9m pelos partidos e federa\u00e7\u00f5es- Deputados s\u00e3o eleitos pelo voto proporcional; entenda a l\u00f3gica desse sistema - Elei\u00e7\u00f5es\" \/>\n<meta name=\"robots\" content=\"index, follow, max-snippet:-1, max-image-preview:large, max-video-preview:-1\" \/>\n<link rel=\"canonical\" href=\"https:\/\/www.diariodeouropreto.com.br\/pt\/deputados-sao-eleitos-pelo-voto-proporcional-entenda-a-logica-desse-sistema\/\" \/>\n<meta property=\"og:locale\" content=\"pt_PT\" \/>\n<meta property=\"og:type\" content=\"article\" \/>\n<meta property=\"og:title\" content=\"Deputados s\u00e3o eleitos pelo voto proporcional; entenda a l\u00f3gica desse sistema - Di\u00e1rio de Ouro Preto\" \/>\n<meta property=\"og:description\" content=\"Sistema proporcional usado para escolher deputados considera os votos recebidos pelos candidatos e tamb\u00e9m pelos partidos e federa\u00e7\u00f5es- Deputados s\u00e3o eleitos pelo voto proporcional; entenda a l\u00f3gica desse sistema - Elei\u00e7\u00f5es\" \/>\n<meta property=\"og:url\" content=\"https:\/\/www.diariodeouropreto.com.br\/pt\/deputados-sao-eleitos-pelo-voto-proporcional-entenda-a-logica-desse-sistema\/\" \/>\n<meta property=\"og:site_name\" content=\"Di\u00e1rio de Ouro Preto\" \/>\n<meta property=\"article:publisher\" content=\"https:\/\/www.facebook.com\/diariodeouropreto\/\" \/>\n<meta property=\"article:published_time\" content=\"2026-08-30T13:15:00+00:00\" \/>\n<meta property=\"og:image\" content=\"https:\/\/www.diariodeouropreto.com.br\/wp-content\/uploads\/2026\/08\/img20221003084713183-768x576-1.jpg\" \/>\n\t<meta property=\"og:image:width\" content=\"768\" \/>\n\t<meta property=\"og:image:height\" content=\"576\" \/>\n\t<meta property=\"og:image:type\" content=\"image\/jpeg\" \/>\n<meta name=\"author\" content=\"Di\u00e1rio de Ouro Preto\" \/>\n<meta name=\"twitter:card\" content=\"summary_large_image\" \/>\n<meta name=\"twitter:label1\" content=\"Escrito por\" \/>\n\t<meta name=\"twitter:data1\" content=\"Di\u00e1rio de Ouro Preto\" \/>\n\t<meta name=\"twitter:label2\" content=\"Tempo estimado de leitura\" \/>\n\t<meta name=\"twitter:data2\" content=\"7 minutos\" \/>\n<script type=\"application\/ld+json\" class=\"yoast-schema-graph\">{\"@context\":\"https:\\\/\\\/schema.org\",\"@graph\":[{\"@type\":\"Article\",\"@id\":\"https:\\\/\\\/www.diariodeouropreto.com.br\\\/deputados-sao-eleitos-pelo-voto-proporcional-entenda-a-logica-desse-sistema\\\/#article\",\"isPartOf\":{\"@id\":\"https:\\\/\\\/www.diariodeouropreto.com.br\\\/deputados-sao-eleitos-pelo-voto-proporcional-entenda-a-logica-desse-sistema\\\/\"},\"author\":{\"name\":\"Di\u00e1rio de Ouro Preto\",\"@id\":\"https:\\\/\\\/www.diariodeouropreto.com.br\\\/pt\\\/#\\\/schema\\\/person\\\/7654e7b471204a6dab6dc0ce6e140c99\"},\"headline\":\"Deputados s\u00e3o eleitos pelo voto proporcional; entenda a l\u00f3gica desse sistema\",\"datePublished\":\"2026-08-30T13:15:00+00:00\",\"mainEntityOfPage\":{\"@id\":\"https:\\\/\\\/www.diariodeouropreto.com.br\\\/deputados-sao-eleitos-pelo-voto-proporcional-entenda-a-logica-desse-sistema\\\/\"},\"wordCount\":1183,\"publisher\":{\"@id\":\"https:\\\/\\\/www.diariodeouropreto.com.br\\\/pt\\\/#organization\"},\"image\":{\"@id\":\"https:\\\/\\\/www.diariodeouropreto.com.br\\\/deputados-sao-eleitos-pelo-voto-proporcional-entenda-a-logica-desse-sistema\\\/#primaryimage\"},\"thumbnailUrl\":\"https:\\\/\\\/www.diariodeouropreto.com.br\\\/wp-content\\\/uploads\\\/2026\\\/08\\\/img20221003084713183-768x576-1.jpg\",\"articleSection\":[\"Elei\u00e7\u00f5es\"],\"inLanguage\":\"pt-PT\"},{\"@type\":\"WebPage\",\"@id\":\"https:\\\/\\\/www.diariodeouropreto.com.br\\\/deputados-sao-eleitos-pelo-voto-proporcional-entenda-a-logica-desse-sistema\\\/\",\"url\":\"https:\\\/\\\/www.diariodeouropreto.com.br\\\/deputados-sao-eleitos-pelo-voto-proporcional-entenda-a-logica-desse-sistema\\\/\",\"name\":\"Deputados s\u00e3o eleitos pelo voto proporcional; entenda a l\u00f3gica desse sistema - Di\u00e1rio de Ouro Preto\",\"isPartOf\":{\"@id\":\"https:\\\/\\\/www.diariodeouropreto.com.br\\\/pt\\\/#website\"},\"primaryImageOfPage\":{\"@id\":\"https:\\\/\\\/www.diariodeouropreto.com.br\\\/deputados-sao-eleitos-pelo-voto-proporcional-entenda-a-logica-desse-sistema\\\/#primaryimage\"},\"image\":{\"@id\":\"https:\\\/\\\/www.diariodeouropreto.com.br\\\/deputados-sao-eleitos-pelo-voto-proporcional-entenda-a-logica-desse-sistema\\\/#primaryimage\"},\"thumbnailUrl\":\"https:\\\/\\\/www.diariodeouropreto.com.br\\\/wp-content\\\/uploads\\\/2026\\\/08\\\/img20221003084713183-768x576-1.jpg\",\"datePublished\":\"2026-08-30T13:15:00+00:00\",\"description\":\"Sistema proporcional usado para escolher deputados considera os votos recebidos pelos candidatos e tamb\u00e9m pelos partidos e federa\u00e7\u00f5es- Deputados s\u00e3o eleitos pelo voto proporcional; entenda a l\u00f3gica desse sistema - Elei\u00e7\u00f5es\",\"breadcrumb\":{\"@id\":\"https:\\\/\\\/www.diariodeouropreto.com.br\\\/deputados-sao-eleitos-pelo-voto-proporcional-entenda-a-logica-desse-sistema\\\/#breadcrumb\"},\"inLanguage\":\"pt-PT\",\"potentialAction\":[{\"@type\":\"ReadAction\",\"target\":[\"https:\\\/\\\/www.diariodeouropreto.com.br\\\/deputados-sao-eleitos-pelo-voto-proporcional-entenda-a-logica-desse-sistema\\\/\"]}]},{\"@type\":\"ImageObject\",\"inLanguage\":\"pt-PT\",\"@id\":\"https:\\\/\\\/www.diariodeouropreto.com.br\\\/deputados-sao-eleitos-pelo-voto-proporcional-entenda-a-logica-desse-sistema\\\/#primaryimage\",\"url\":\"https:\\\/\\\/www.diariodeouropreto.com.br\\\/wp-content\\\/uploads\\\/2026\\\/08\\\/img20221003084713183-768x576-1.jpg\",\"contentUrl\":\"https:\\\/\\\/www.diariodeouropreto.com.br\\\/wp-content\\\/uploads\\\/2026\\\/08\\\/img20221003084713183-768x576-1.jpg\",\"width\":768,\"height\":576},{\"@type\":\"BreadcrumbList\",\"@id\":\"https:\\\/\\\/www.diariodeouropreto.com.br\\\/deputados-sao-eleitos-pelo-voto-proporcional-entenda-a-logica-desse-sistema\\\/#breadcrumb\",\"itemListElement\":[{\"@type\":\"ListItem\",\"position\":1,\"name\":\"In\u00edcio\",\"item\":\"https:\\\/\\\/www.diariodeouropreto.com.br\\\/pt\\\/\"},{\"@type\":\"ListItem\",\"position\":2,\"name\":\"Deputados s\u00e3o eleitos pelo voto proporcional; entenda a l\u00f3gica desse sistema\"}]},{\"@type\":\"WebSite\",\"@id\":\"https:\\\/\\\/www.diariodeouropreto.com.br\\\/pt\\\/#website\",\"url\":\"https:\\\/\\\/www.diariodeouropreto.com.br\\\/pt\\\/\",\"name\":\"Di\u00e1rio de Ouro Preto\",\"description\":\"Not\u00edcias Ouro Preto; Mariana;Minas Gerais;Jornal;Jornalismo;Not\u00edcias;\",\"publisher\":{\"@id\":\"https:\\\/\\\/www.diariodeouropreto.com.br\\\/pt\\\/#organization\"},\"alternateName\":\"Jornal di\u00e1rio de Ouro Preto\",\"potentialAction\":[{\"@type\":\"SearchAction\",\"target\":{\"@type\":\"EntryPoint\",\"urlTemplate\":\"https:\\\/\\\/www.diariodeouropreto.com.br\\\/pt\\\/?s={search_term_string}\"},\"query-input\":{\"@type\":\"PropertyValueSpecification\",\"valueRequired\":true,\"valueName\":\"search_term_string\"}}],\"inLanguage\":\"pt-PT\"},{\"@type\":\"Organization\",\"@id\":\"https:\\\/\\\/www.diariodeouropreto.com.br\\\/pt\\\/#organization\",\"name\":\"Di\u00e1rio de Ouro Preto\",\"alternateName\":\"Jornal di\u00e1rio Ouro Preto\",\"url\":\"https:\\\/\\\/www.diariodeouropreto.com.br\\\/pt\\\/\",\"logo\":{\"@type\":\"ImageObject\",\"inLanguage\":\"pt-PT\",\"@id\":\"https:\\\/\\\/www.diariodeouropreto.com.br\\\/pt\\\/#\\\/schema\\\/logo\\\/image\\\/\",\"url\":\"https:\\\/\\\/www.diariodeouropreto.com.br\\\/wp-content\\\/uploads\\\/2019\\\/06\\\/cropped-logotransp-2.png\",\"contentUrl\":\"https:\\\/\\\/www.diariodeouropreto.com.br\\\/wp-content\\\/uploads\\\/2019\\\/06\\\/cropped-logotransp-2.png\",\"width\":1323,\"height\":251,\"caption\":\"Di\u00e1rio de Ouro Preto\"},\"image\":{\"@id\":\"https:\\\/\\\/www.diariodeouropreto.com.br\\\/pt\\\/#\\\/schema\\\/logo\\\/image\\\/\"},\"sameAs\":[\"https:\\\/\\\/www.facebook.com\\\/diariodeouropreto\\\/\"]},{\"@type\":\"Person\",\"@id\":\"https:\\\/\\\/www.diariodeouropreto.com.br\\\/pt\\\/#\\\/schema\\\/person\\\/7654e7b471204a6dab6dc0ce6e140c99\",\"name\":\"Di\u00e1rio de Ouro Preto\",\"sameAs\":[\"http:\\\/\\\/www.diariodeouropreto.com.br\"],\"url\":\"https:\\\/\\\/www.diariodeouropreto.com.br\\\/pt\\\/author\\\/diario\\\/\"}]}<\/script>\n<!-- \/ Yoast SEO plugin. -->","yoast_head_json":{"title":"Deputados s\u00e3o eleitos pelo voto proporcional; entenda a l\u00f3gica desse sistema - Di\u00e1rio de Ouro Preto","description":"Sistema proporcional usado para escolher deputados considera os votos recebidos pelos candidatos e tamb\u00e9m pelos partidos e federa\u00e7\u00f5es- Deputados s\u00e3o eleitos pelo voto proporcional; entenda a l\u00f3gica desse sistema - Elei\u00e7\u00f5es","robots":{"index":"index","follow":"follow","max-snippet":"max-snippet:-1","max-image-preview":"max-image-preview:large","max-video-preview":"max-video-preview:-1"},"canonical":"https:\/\/www.diariodeouropreto.com.br\/pt\/deputados-sao-eleitos-pelo-voto-proporcional-entenda-a-logica-desse-sistema\/","og_locale":"pt_PT","og_type":"article","og_title":"Deputados s\u00e3o eleitos pelo voto proporcional; entenda a l\u00f3gica desse sistema - Di\u00e1rio de Ouro Preto","og_description":"Sistema proporcional usado para escolher deputados considera os votos recebidos pelos candidatos e tamb\u00e9m pelos partidos e federa\u00e7\u00f5es- Deputados s\u00e3o eleitos pelo voto proporcional; entenda a l\u00f3gica desse sistema - Elei\u00e7\u00f5es","og_url":"https:\/\/www.diariodeouropreto.com.br\/pt\/deputados-sao-eleitos-pelo-voto-proporcional-entenda-a-logica-desse-sistema\/","og_site_name":"Di\u00e1rio de Ouro Preto","article_publisher":"https:\/\/www.facebook.com\/diariodeouropreto\/","article_published_time":"2026-08-30T13:15:00+00:00","og_image":[{"width":768,"height":576,"url":"https:\/\/www.diariodeouropreto.com.br\/wp-content\/uploads\/2026\/08\/img20221003084713183-768x576-1.jpg","type":"image\/jpeg"}],"author":"Di\u00e1rio de Ouro Preto","twitter_card":"summary_large_image","twitter_misc":{"Escrito por":"Di\u00e1rio de Ouro Preto","Tempo estimado de leitura":"7 minutos"},"schema":{"@context":"https:\/\/schema.org","@graph":[{"@type":"Article","@id":"https:\/\/www.diariodeouropreto.com.br\/deputados-sao-eleitos-pelo-voto-proporcional-entenda-a-logica-desse-sistema\/#article","isPartOf":{"@id":"https:\/\/www.diariodeouropreto.com.br\/deputados-sao-eleitos-pelo-voto-proporcional-entenda-a-logica-desse-sistema\/"},"author":{"name":"Di\u00e1rio de Ouro Preto","@id":"https:\/\/www.diariodeouropreto.com.br\/pt\/#\/schema\/person\/7654e7b471204a6dab6dc0ce6e140c99"},"headline":"Deputados s\u00e3o eleitos pelo voto proporcional; entenda a l\u00f3gica desse sistema","datePublished":"2026-08-30T13:15:00+00:00","mainEntityOfPage":{"@id":"https:\/\/www.diariodeouropreto.com.br\/deputados-sao-eleitos-pelo-voto-proporcional-entenda-a-logica-desse-sistema\/"},"wordCount":1183,"publisher":{"@id":"https:\/\/www.diariodeouropreto.com.br\/pt\/#organization"},"image":{"@id":"https:\/\/www.diariodeouropreto.com.br\/deputados-sao-eleitos-pelo-voto-proporcional-entenda-a-logica-desse-sistema\/#primaryimage"},"thumbnailUrl":"https:\/\/www.diariodeouropreto.com.br\/wp-content\/uploads\/2026\/08\/img20221003084713183-768x576-1.jpg","articleSection":["Elei\u00e7\u00f5es"],"inLanguage":"pt-PT"},{"@type":"WebPage","@id":"https:\/\/www.diariodeouropreto.com.br\/deputados-sao-eleitos-pelo-voto-proporcional-entenda-a-logica-desse-sistema\/","url":"https:\/\/www.diariodeouropreto.com.br\/deputados-sao-eleitos-pelo-voto-proporcional-entenda-a-logica-desse-sistema\/","name":"Deputados s\u00e3o eleitos pelo voto proporcional; entenda a l\u00f3gica desse sistema - Di\u00e1rio de Ouro Preto","isPartOf":{"@id":"https:\/\/www.diariodeouropreto.com.br\/pt\/#website"},"primaryImageOfPage":{"@id":"https:\/\/www.diariodeouropreto.com.br\/deputados-sao-eleitos-pelo-voto-proporcional-entenda-a-logica-desse-sistema\/#primaryimage"},"image":{"@id":"https:\/\/www.diariodeouropreto.com.br\/deputados-sao-eleitos-pelo-voto-proporcional-entenda-a-logica-desse-sistema\/#primaryimage"},"thumbnailUrl":"https:\/\/www.diariodeouropreto.com.br\/wp-content\/uploads\/2026\/08\/img20221003084713183-768x576-1.jpg","datePublished":"2026-08-30T13:15:00+00:00","description":"Sistema proporcional usado para escolher deputados considera os votos recebidos pelos candidatos e tamb\u00e9m pelos partidos e federa\u00e7\u00f5es- Deputados s\u00e3o eleitos pelo voto proporcional; entenda a l\u00f3gica desse sistema - Elei\u00e7\u00f5es","breadcrumb":{"@id":"https:\/\/www.diariodeouropreto.com.br\/deputados-sao-eleitos-pelo-voto-proporcional-entenda-a-logica-desse-sistema\/#breadcrumb"},"inLanguage":"pt-PT","potentialAction":[{"@type":"ReadAction","target":["https:\/\/www.diariodeouropreto.com.br\/deputados-sao-eleitos-pelo-voto-proporcional-entenda-a-logica-desse-sistema\/"]}]},{"@type":"ImageObject","inLanguage":"pt-PT","@id":"https:\/\/www.diariodeouropreto.com.br\/deputados-sao-eleitos-pelo-voto-proporcional-entenda-a-logica-desse-sistema\/#primaryimage","url":"https:\/\/www.diariodeouropreto.com.br\/wp-content\/uploads\/2026\/08\/img20221003084713183-768x576-1.jpg","contentUrl":"https:\/\/www.diariodeouropreto.com.br\/wp-content\/uploads\/2026\/08\/img20221003084713183-768x576-1.jpg","width":768,"height":576},{"@type":"BreadcrumbList","@id":"https:\/\/www.diariodeouropreto.com.br\/deputados-sao-eleitos-pelo-voto-proporcional-entenda-a-logica-desse-sistema\/#breadcrumb","itemListElement":[{"@type":"ListItem","position":1,"name":"In\u00edcio","item":"https:\/\/www.diariodeouropreto.com.br\/pt\/"},{"@type":"ListItem","position":2,"name":"Deputados s\u00e3o eleitos pelo voto proporcional; entenda a l\u00f3gica desse sistema"}]},{"@type":"WebSite","@id":"https:\/\/www.diariodeouropreto.com.br\/pt\/#website","url":"https:\/\/www.diariodeouropreto.com.br\/pt\/","name":"Di\u00e1rio de Ouro Preto","description":"Not\u00edcias Ouro Preto; Mariana;Minas Gerais;Jornal;Jornalismo;Not\u00edcias;","publisher":{"@id":"https:\/\/www.diariodeouropreto.com.br\/pt\/#organization"},"alternateName":"Jornal di\u00e1rio de Ouro Preto","potentialAction":[{"@type":"SearchAction","target":{"@type":"EntryPoint","urlTemplate":"https:\/\/www.diariodeouropreto.com.br\/pt\/?s={search_term_string}"},"query-input":{"@type":"PropertyValueSpecification","valueRequired":true,"valueName":"search_term_string"}}],"inLanguage":"pt-PT"},{"@type":"Organization","@id":"https:\/\/www.diariodeouropreto.com.br\/pt\/#organization","name":"Di\u00e1rio de Ouro Preto","alternateName":"Jornal di\u00e1rio Ouro Preto","url":"https:\/\/www.diariodeouropreto.com.br\/pt\/","logo":{"@type":"ImageObject","inLanguage":"pt-PT","@id":"https:\/\/www.diariodeouropreto.com.br\/pt\/#\/schema\/logo\/image\/","url":"https:\/\/www.diariodeouropreto.com.br\/wp-content\/uploads\/2019\/06\/cropped-logotransp-2.png","contentUrl":"https:\/\/www.diariodeouropreto.com.br\/wp-content\/uploads\/2019\/06\/cropped-logotransp-2.png","width":1323,"height":251,"caption":"Di\u00e1rio de Ouro Preto"},"image":{"@id":"https:\/\/www.diariodeouropreto.com.br\/pt\/#\/schema\/logo\/image\/"},"sameAs":["https:\/\/www.facebook.com\/diariodeouropreto\/"]},{"@type":"Person","@id":"https:\/\/www.diariodeouropreto.com.br\/pt\/#\/schema\/person\/7654e7b471204a6dab6dc0ce6e140c99","name":"Di\u00e1rio de Ouro Preto","sameAs":["http:\/\/www.diariodeouropreto.com.br"],"url":"https:\/\/www.diariodeouropreto.com.br\/pt\/author\/diario\/"}]}},"jetpack_publicize_connections":[],"jetpack-related-posts":[{"id":51502,"url":"https:\/\/www.diariodeouropreto.com.br\/pt\/faltam-seis-meses-para-as-eleicoes-2026-confira-quais-cargos-estarao-em-disputa\/","url_meta":{"origin":55016,"position":0},"title":"Faltam seis meses para as Elei\u00e7\u00f5es 2026 \u2013 confira quais cargos estar\u00e3o em disputa","author":"Di\u00e1rio de Ouro Preto","date":"6 de Abril de 2026","format":false,"excerpt":"Primeiro turno ser\u00e1 no dia 4 de outubro Daqui a exatos seis meses, no dia 4 de outubro de 2026, mais de 150 milh\u00f5es de brasileiras e brasileiros voltar\u00e3o \u00e0s urnas eletr\u00f4nicas para escolher os novos governantes dos estados e do pa\u00eds. O eleitorado far\u00e1 seis escolhas nas urnas, nesta\u2026","rel":"","context":"In &quot;Elei\u00e7\u00f5es&quot;","block_context":{"text":"Elei\u00e7\u00f5es","link":"https:\/\/www.diariodeouropreto.com.br\/pt\/Editoria\/eleicoes\/"},"img":{"alt_text":"","src":"https:\/\/i0.wp.com\/www.diariodeouropreto.com.br\/wp-content\/uploads\/2022\/08\/urna_jose_cruz_2350.jpg?resize=350%2C200&ssl=1","width":350,"height":200,"srcset":"https:\/\/i0.wp.com\/www.diariodeouropreto.com.br\/wp-content\/uploads\/2022\/08\/urna_jose_cruz_2350.jpg?resize=350%2C200&ssl=1 1x, https:\/\/i0.wp.com\/www.diariodeouropreto.com.br\/wp-content\/uploads\/2022\/08\/urna_jose_cruz_2350.jpg?resize=525%2C300&ssl=1 1.5x, https:\/\/i0.wp.com\/www.diariodeouropreto.com.br\/wp-content\/uploads\/2022\/08\/urna_jose_cruz_2350.jpg?resize=700%2C400&ssl=1 2x, https:\/\/i0.wp.com\/www.diariodeouropreto.com.br\/wp-content\/uploads\/2022\/08\/urna_jose_cruz_2350.jpg?resize=1050%2C600&ssl=1 3x"},"classes":[]},{"id":5564,"url":"https:\/\/www.diariodeouropreto.com.br\/pt\/entenda-as-diferencas-entre-os-sistemas-majoritario-e-proporcional-de-votacao\/","url_meta":{"origin":55016,"position":1},"title":"Entenda as diferen\u00e7as entre os sistemas majorit\u00e1rio e proporcional de vota\u00e7\u00e3o","author":"Di\u00e1rio de Ouro Preto","date":"8 de Novembro de 2020","format":false,"excerpt":"O processo eleitoral brasileiro obedece a dois sistemas distintos para cargos pol\u00edticos: sistema majorit\u00e1rio e proporcional.\u00a0No sistema majorit\u00e1rio, os candidatos mais votados s\u00e3o eleitos. No proporcional, os votos computados s\u00e3o de cada partido\u00a0e, em uma segunda etapa, s\u00e3o eleitos os candidatos na ordem de vota\u00e7\u00e3o, dentro das vagas a que\u2026","rel":"","context":"In &quot;Elei\u00e7\u00f5es&quot;","block_context":{"text":"Elei\u00e7\u00f5es","link":"https:\/\/www.diariodeouropreto.com.br\/pt\/Editoria\/eleicoes\/"},"img":{"alt_text":"","src":"https:\/\/i0.wp.com\/www.diariodeouropreto.com.br\/wp-content\/uploads\/2020\/06\/urna_menor.jpg?resize=350%2C200&ssl=1","width":350,"height":200,"srcset":"https:\/\/i0.wp.com\/www.diariodeouropreto.com.br\/wp-content\/uploads\/2020\/06\/urna_menor.jpg?resize=350%2C200&ssl=1 1x, https:\/\/i0.wp.com\/www.diariodeouropreto.com.br\/wp-content\/uploads\/2020\/06\/urna_menor.jpg?resize=525%2C300&ssl=1 1.5x, https:\/\/i0.wp.com\/www.diariodeouropreto.com.br\/wp-content\/uploads\/2020\/06\/urna_menor.jpg?resize=700%2C400&ssl=1 2x, https:\/\/i0.wp.com\/www.diariodeouropreto.com.br\/wp-content\/uploads\/2020\/06\/urna_menor.jpg?resize=1050%2C600&ssl=1 3x"},"classes":[]},{"id":55008,"url":"https:\/\/www.diariodeouropreto.com.br\/pt\/eleicoes-deste-ano-vao-definir-54-vagas-no-senado-e-todas-as-513-vagas-da-camara\/","url_meta":{"origin":55016,"position":2},"title":"Elei\u00e7\u00f5es deste ano v\u00e3o definir 54 vagas no Senado e todas as 513 vagas da C\u00e2mara","author":"Di\u00e1rio de Ouro Preto","date":"29 de Agosto de 2026","format":false,"excerpt":"No dia 4 de outubro deste ano, al\u00e9m do presidente da Rep\u00fablica, dos deputados distritais e estaduais e dos 27 governadores, ser\u00e3o eleitos 513 deputados federais e 54 senadores. Os deputados federais s\u00e3o os representantes do povo, eleitos em voto proporcional nas 27 unidades da federa\u00e7\u00e3o de acordo com uma\u2026","rel":"","context":"In &quot;Elei\u00e7\u00f5es&quot;","block_context":{"text":"Elei\u00e7\u00f5es","link":"https:\/\/www.diariodeouropreto.com.br\/pt\/Editoria\/eleicoes\/"},"img":{"alt_text":"","src":"https:\/\/i0.wp.com\/www.diariodeouropreto.com.br\/wp-content\/uploads\/2026\/08\/img20230523102312132-768x576-1.jpg?resize=350%2C200&ssl=1","width":350,"height":200,"srcset":"https:\/\/i0.wp.com\/www.diariodeouropreto.com.br\/wp-content\/uploads\/2026\/08\/img20230523102312132-768x576-1.jpg?resize=350%2C200&ssl=1 1x, https:\/\/i0.wp.com\/www.diariodeouropreto.com.br\/wp-content\/uploads\/2026\/08\/img20230523102312132-768x576-1.jpg?resize=525%2C300&ssl=1 1.5x, https:\/\/i0.wp.com\/www.diariodeouropreto.com.br\/wp-content\/uploads\/2026\/08\/img20230523102312132-768x576-1.jpg?resize=700%2C400&ssl=1 2x"},"classes":[]},{"id":17988,"url":"https:\/\/www.diariodeouropreto.com.br\/pt\/tse-divulga-calculo-para-distribuicao-de-tempo-no-horario-eleitoral\/","url_meta":{"origin":55016,"position":3},"title":"TSE divulga c\u00e1lculo para distribui\u00e7\u00e3o de tempo no hor\u00e1rio eleitoral","author":"Di\u00e1rio de Ouro Preto","date":"14 de Agosto de 2022","format":false,"excerpt":"O Tribunal Superior Eleitoral (TSE) divulgou na \u00faltima sexta-feira,(12\/08), em Bras\u00edlia, a base de c\u00e1lculo para a distribui\u00e7\u00e3o de tempo no hor\u00e1rio eleitoral gratuito no r\u00e1dio e na televis\u00e3o. O tempo \u00e9 calculado conforme a representatividade dos partidos pol\u00edticos na C\u00e2mara dos Deputados.\u00a0 De acordo com a\u00a0tabela, o primeiro da\u2026","rel":"","context":"In &quot;Elei\u00e7\u00f5es&quot;","block_context":{"text":"Elei\u00e7\u00f5es","link":"https:\/\/www.diariodeouropreto.com.br\/pt\/Editoria\/eleicoes\/"},"img":{"alt_text":"","src":"https:\/\/i0.wp.com\/www.diariodeouropreto.com.br\/wp-content\/uploads\/2022\/08\/15-10-2020_tse_MarceloCamargo_agbr.jpg?resize=350%2C200&ssl=1","width":350,"height":200,"srcset":"https:\/\/i0.wp.com\/www.diariodeouropreto.com.br\/wp-content\/uploads\/2022\/08\/15-10-2020_tse_MarceloCamargo_agbr.jpg?resize=350%2C200&ssl=1 1x, https:\/\/i0.wp.com\/www.diariodeouropreto.com.br\/wp-content\/uploads\/2022\/08\/15-10-2020_tse_MarceloCamargo_agbr.jpg?resize=525%2C300&ssl=1 1.5x, https:\/\/i0.wp.com\/www.diariodeouropreto.com.br\/wp-content\/uploads\/2022\/08\/15-10-2020_tse_MarceloCamargo_agbr.jpg?resize=700%2C400&ssl=1 2x, https:\/\/i0.wp.com\/www.diariodeouropreto.com.br\/wp-content\/uploads\/2022\/08\/15-10-2020_tse_MarceloCamargo_agbr.jpg?resize=1050%2C600&ssl=1 3x"},"classes":[]},{"id":17098,"url":"https:\/\/www.diariodeouropreto.com.br\/pt\/tse-apresenta-a-imprensa-projeto-de-divulgacao-da-totalizacao-de-votos\/","url_meta":{"origin":55016,"position":4},"title":"TSE apresenta \u00e0 imprensa projeto de divulga\u00e7\u00e3o da totaliza\u00e7\u00e3o de votos","author":"Di\u00e1rio de Ouro Preto","date":"5 de Julho de 2022","format":false,"excerpt":"O Tribunal Superior Eleitoral (TSE) apresentou, nesta segunda-feira (4), aos ve\u00edculos de comunica\u00e7\u00e3o o projeto de divulga\u00e7\u00e3o dos resultados da apura\u00e7\u00e3o dos votos das elei\u00e7\u00f5es de outubro. Durante a reuni\u00e3o, os t\u00e9cnicos do TSE explicaram aos profissionais de tecnologia de informa\u00e7\u00e3o das empresas jornal\u00edsticas modo de funcionamento dos mecanismos de\u2026","rel":"","context":"In &quot;Brasil&quot;","block_context":{"text":"Brasil","link":"https:\/\/www.diariodeouropreto.com.br\/pt\/Editoria\/brasil\/"},"img":{"alt_text":"","src":"https:\/\/i0.wp.com\/www.diariodeouropreto.com.br\/wp-content\/uploads\/2022\/07\/fachada_do_tse0402130395.jpg?resize=350%2C200&ssl=1","width":350,"height":200,"srcset":"https:\/\/i0.wp.com\/www.diariodeouropreto.com.br\/wp-content\/uploads\/2022\/07\/fachada_do_tse0402130395.jpg?resize=350%2C200&ssl=1 1x, https:\/\/i0.wp.com\/www.diariodeouropreto.com.br\/wp-content\/uploads\/2022\/07\/fachada_do_tse0402130395.jpg?resize=525%2C300&ssl=1 1.5x, https:\/\/i0.wp.com\/www.diariodeouropreto.com.br\/wp-content\/uploads\/2022\/07\/fachada_do_tse0402130395.jpg?resize=700%2C400&ssl=1 2x, https:\/\/i0.wp.com\/www.diariodeouropreto.com.br\/wp-content\/uploads\/2022\/07\/fachada_do_tse0402130395.jpg?resize=1050%2C600&ssl=1 3x"},"classes":[]},{"id":40459,"url":"https:\/\/www.diariodeouropreto.com.br\/pt\/deputado-tadeu-leite-e-reeleito-presidente-da-almg\/","url_meta":{"origin":55016,"position":5},"title":"Deputado Tadeu Leite \u00e9 reeleito presidente da ALMG","author":"Di\u00e1rio de Ouro Preto","date":"4 de Dezembro de 2024","format":false,"excerpt":"Em Reuni\u00e3o Especial do Plen\u00e1rio da Assembleia Legislativa de Minas Gerais (ALMG), na manh\u00e3 desta quarta-feira (4\/12\/24), foi\u00a0eleita a Mesa que comandar\u00e1 o Poder Legislativo mineiro a partir de 1\u00ba de fevereiro de 2025, quando ter\u00e1 in\u00edcio o 2\u00ba bi\u00eanio da 20\u00aa Legislatura. O presidente da ALMG,\u00a0deputado Tadeu Leite\u00a0(MDB), foi\u2026","rel":"","context":"In &quot;Ouro Preto&quot;","block_context":{"text":"Ouro Preto","link":"https:\/\/www.diariodeouropreto.com.br\/pt\/Editoria\/ouro-preto\/"},"img":{"alt_text":"","src":"https:\/\/i0.wp.com\/www.diariodeouropreto.com.br\/wp-content\/uploads\/2024\/12\/eleicao_mesa_diretora_almg.jpg?resize=350%2C200&ssl=1","width":350,"height":200,"srcset":"https:\/\/i0.wp.com\/www.diariodeouropreto.com.br\/wp-content\/uploads\/2024\/12\/eleicao_mesa_diretora_almg.jpg?resize=350%2C200&ssl=1 1x, https:\/\/i0.wp.com\/www.diariodeouropreto.com.br\/wp-content\/uploads\/2024\/12\/eleicao_mesa_diretora_almg.jpg?resize=525%2C300&ssl=1 1.5x, https:\/\/i0.wp.com\/www.diariodeouropreto.com.br\/wp-content\/uploads\/2024\/12\/eleicao_mesa_diretora_almg.jpg?resize=700%2C400&ssl=1 2x, https:\/\/i0.wp.com\/www.diariodeouropreto.com.br\/wp-content\/uploads\/2024\/12\/eleicao_mesa_diretora_almg.jpg?resize=1050%2C600&ssl=1 3x"},"classes":[]}],"jetpack_sharing_enabled":true,"amp_enabled":true,"jetpack_featured_media_url":"https:\/\/www.diariodeouropreto.com.br\/wp-content\/uploads\/2026\/08\/img20221003084713183-768x576-1.jpg","_links":{"self":[{"href":"https:\/\/www.diariodeouropreto.com.br\/pt\/wp-json\/wp\/v2\/posts\/55016","targetHints":{"allow":["GET"]}}],"collection":[{"href":"https:\/\/www.diariodeouropreto.com.br\/pt\/wp-json\/wp\/v2\/posts"}],"about":[{"href":"https:\/\/www.diariodeouropreto.com.br\/pt\/wp-json\/wp\/v2\/types\/post"}],"author":[{"embeddable":true,"href":"https:\/\/www.diariodeouropreto.com.br\/pt\/wp-json\/wp\/v2\/users\/1"}],"replies":[{"embeddable":true,"href":"https:\/\/www.diariodeouropreto.com.br\/pt\/wp-json\/wp\/v2\/comments?post=55016"}],"version-history":[{"count":1,"href":"https:\/\/www.diariodeouropreto.com.br\/pt\/wp-json\/wp\/v2\/posts\/55016\/revisions"}],"predecessor-version":[{"id":55020,"href":"https:\/\/www.diariodeouropreto.com.br\/pt\/wp-json\/wp\/v2\/posts\/55016\/revisions\/55020"}],"wp:featuredmedia":[{"embeddable":true,"href":"https:\/\/www.diariodeouropreto.com.br\/pt\/wp-json\/wp\/v2\/media\/55019"}],"wp:attachment":[{"href":"https:\/\/www.diariodeouropreto.com.br\/pt\/wp-json\/wp\/v2\/media?parent=55016"}],"wp:term":[{"taxonomy":"category","embeddable":true,"href":"https:\/\/www.diariodeouropreto.com.br\/pt\/wp-json\/wp\/v2\/categories?post=55016"},{"taxonomy":"post_tag","embeddable":true,"href":"https:\/\/www.diariodeouropreto.com.br\/pt\/wp-json\/wp\/v2\/tags?post=55016"}],"curies":[{"name":"wp","href":"https:\/\/api.w.org\/{rel}","templated":true}]}}