{"id":55012,"date":"2026-08-30T10:45:00","date_gmt":"2026-08-30T13:45:00","guid":{"rendered":"https:\/\/www.diariodeouropreto.com.br\/?p=55012"},"modified":"2026-08-28T10:36:58","modified_gmt":"2026-08-28T13:36:58","slug":"coluna-tiquinho-de-politica-comeca-a-corrida-eleitoral-ze-e-angelo-apoiam-o-mesmo-deputado","status":"publish","type":"post","link":"https:\/\/www.diariodeouropreto.com.br\/pt\/coluna-tiquinho-de-politica-comeca-a-corrida-eleitoral-ze-e-angelo-apoiam-o-mesmo-deputado\/","title":{"rendered":"[Coluna Tiquinho de Pol\u00edtica] Come\u00e7a a corrida eleitoral: Z\u00e9 e Angelo apoiam o mesmo deputado?"},"content":{"rendered":"<p class=\"wp-block-paragraph\">Ouro Preto &#8211; A coluna de hoje \u00e9 um registro dos primeiros dias de campanha em nossa regi\u00e3o. As elei\u00e7\u00f5es v\u00eam a\u00ed, faltam 35 dias para votarmos! Ouro Preto j\u00e1 est\u00e1 em clima de elei\u00e7\u00e3o, que ser\u00e1 no 4 de outubro, dia de S\u00e3o Francisco de Assis. J\u00e1 pensou se os candidatos soubessem a ora\u00e7\u00e3o do S\u00e3o Francisco, e a aplicassem no congresso, na Assembleia, no Governo e na Presid\u00eancia? Seria muito bom! Mas pol\u00edtico n\u00e3o vive de caridade!<\/p>\n\n\n\n<h4 class=\"wp-block-heading\"><br>Largada da campanha<\/h4>\n\n\n\n<p class=\"wp-block-paragraph\"><br>O primeiro a colocar a campanha nas ruas foi Du Evangelista, candidato a deputado Estadual, ele passeou com a candidata ao Senado pelo PSOL, \u00c1urea Carolina, por Ouro Preto e cidades vizinhas. Em seguida, Duarte J\u00fanior, com o lan\u00e7amento no Padre Faria, no domingo 16\/08. Mas na sexta-feira, 21\/08, Ouro Preto recebeu Adalclever Lopes (PV) e o deputado federal Paulo Abi-Ackel no OPTC com apoio de vereadores, ex-vereadores, do prefeito Angelo Oswaldo, da vice Regina Braga, da ex-prefeita Marisa Xavier.<br>Leleco Pimentel aproveitou a segunda-feira, para visitar S\u00e3o Bartolomeu, no dia do padroeiro, acompanhado de Padre Jo\u00e3o. Eles inauguraram na segunda-feira os comit\u00eas em Cachoeira do Campo e na Barra.<\/p>\n\n\n\n<h4 class=\"wp-block-heading\"><br>QUEM \u00c9 QUEM?<\/h4>\n\n\n\n<p class=\"wp-block-paragraph\"><br>A edi\u00e7\u00e3o 1561, da semana passada, foi importante para analisarmos o comportamento do leitor diante dos candidatos de Ouro Preto e Mariana. As rejei\u00e7\u00f5es s\u00e3o naturais e elas foram reveladoras, da prefer\u00eancia, e dos motivos de rejei\u00e7\u00e3o. E para que os candidatos saibam, e fiquem tranquilos, todos tiveram rejei\u00e7\u00e3o. Isso \u00e9 normal, os acordos pol\u00edticos nas pequenas cidades, mais p\u00e9 do ouvido, olho no olho, quando \u00e9 descumprido causa revolta no eleitor. E claro, muitas vezes nesses momentos querem tirar satisfa\u00e7\u00e3o com os deputados e demais mandat\u00e1rios em busca de reelei\u00e7\u00e3o.<br><\/p>\n\n\n\n<p class=\"wp-block-paragraph\">J\u00e9ssica Mara \u00e9 candidata a deputada estadual, pelo Uni\u00e3o Brasil, ficou de fora da mat\u00e9ria, que apresentou os candidatos. Ela \u00e9 moradora de Amarantina e busca uma vaga na Assembleia Legislativa.<\/p>\n\n\n\n<h4 class=\"wp-block-heading\"><br>Z\u00e9 e Angelo apoiam o mesmo deputado!?<\/h4>\n\n\n\n<p class=\"wp-block-paragraph\"><br>Enquanto Lula estava em Belo Horizonte, O OPTC recebia Paulo Abi-Ackel ao lado de Adalclever Lopes,do PV, de Angelo Oswaldo, que aproveitou a oportunidade para atacar o ex-candidato \u00e0 prefeitura de Ouro Preto, Duarte Junior.<\/p>\n\n\n\n<p class=\"wp-block-paragraph\"><br>A emenda de R$ 20 milh\u00f5es para asfaltar a estrada de Catas Altas da Noruega, \u00e9 um exemplo de como Paulo Abi-Ackel conseguiu unir os leandristas e angelistas em torno de seu nome.<br>A recep\u00e7\u00e3o dos candidatos a reelei\u00e7\u00e3o foi muito bem organizada, com direito aos flashes<br>A recep\u00e7\u00e3o foi t\u00e3o boa para o candidato \u00e0 reelei\u00e7\u00e3o, que \u00e9 o presidente do PSDB em MG, que tucanos especulam que a ex-vereadora Crovymara Batalha, coordenadora da campanha na cidade, estaria em busca da legenda para 2028. Hoje a presid\u00eancia do PSDB, \u00e9 do ex-prefeito Jos\u00e9 Leandro, aliado de Paulo Abi-Ackel.<br>Alguns tucanos, afirmam que est\u00e3o juntos com o deputado, apesar de n\u00e3o terem participado do evento do OPTC. Seria interessante, Z\u00e9 Leandro ao lado de Angelo Oswaldo pedindo voto para o mesmo candidato.<\/p>\n\n\n\n<p class=\"wp-block-paragraph\"><br>Por Marcelino Castro<\/p>\n\n\n\n<div id=\"152151\" class=\"advads-saneouro-2 advads-entity-placement\" style=\"margin-top: 3px;margin-bottom: 3px;margin-left: auto;margin-right: auto;text-align: center;\"><a href=\"https:\/\/www.saneouro.com.br\/\" target=\"_blank\" aria-label=\"DOP_Impresso\" data-wpel-link=\"external\" rel=\"follow external noopener noreferrer sponsored ugc\"><img src=\"https:\/\/www.diariodeouropreto.com.br\/wp-content\/uploads\/2026\/07\/DOP_Impresso.jpg\" alt=\"\"  srcset=\"https:\/\/www.diariodeouropreto.com.br\/wp-content\/uploads\/2026\/07\/DOP_Impresso.jpg 1181w, https:\/\/www.diariodeouropreto.com.br\/wp-content\/uploads\/2026\/07\/DOP_Impresso-396x396.jpg 396w, https:\/\/www.diariodeouropreto.com.br\/wp-content\/uploads\/2026\/07\/DOP_Impresso-150x150.jpg 150w, https:\/\/www.diariodeouropreto.com.br\/wp-content\/uploads\/2026\/07\/DOP_Impresso-768x768.jpg 768w, https:\/\/www.diariodeouropreto.com.br\/wp-content\/uploads\/2026\/07\/DOP_Impresso-12x12.jpg 12w, https:\/\/www.diariodeouropreto.com.br\/wp-content\/uploads\/2026\/07\/DOP_Impresso-465x465.jpg 465w, https:\/\/www.diariodeouropreto.com.br\/wp-content\/uploads\/2026\/07\/DOP_Impresso-500x500.jpg 500w\" sizes=\"(max-width: 1181px) 100vw, 1181px\" width=\"400\" height=\"400\"  style=\"display: inline-block;\" \/><\/a><\/div><p class=\"wp-block-paragraph\">Foto: Marcelino Castro<\/p>","protected":false},"excerpt":{"rendered":"<p>Ouro Preto &#8211; A coluna de hoje \u00e9 um registro dos primeiros dias de campanha em nossa regi\u00e3o. As elei\u00e7\u00f5es v\u00eam a\u00ed, faltam 35 dias para votarmos! Ouro Preto j\u00e1 est\u00e1 em clima de elei\u00e7\u00e3o, que ser\u00e1 no 4 de outubro, dia de S\u00e3o Francisco de Assis. J\u00e1 pensou se<span class=\"more-link\"><a href=\"https:\/\/www.diariodeouropreto.com.br\/pt\/coluna-tiquinho-de-politica-comeca-a-corrida-eleitoral-ze-e-angelo-apoiam-o-mesmo-deputado\/\" data-wpel-link=\"internal\">Continue Lendo<\/a><\/span><\/p>","protected":false},"author":7,"featured_media":55014,"comment_status":"closed","ping_status":"closed","sticky":false,"template":"","format":"standard","meta":{"_jetpack_newsletter_access":"","_jetpack_dont_email_post_to_subs":false,"_jetpack_newsletter_tier_id":0,"_jetpack_memberships_contains_paywalled_content":false,"_jetpack_feature_clip_id":0,"_jetpack_memberships_contains_paid_content":false,"footnotes":"","jetpack_publicize_message":"Ouro Preto j\u00e1 est\u00e1 em clima de elei\u00e7\u00e3o, que ser\u00e1 no 4 de outubro, dia de S\u00e3o Francisco de Assis","jetpack_publicize_feature_enabled":true,"jetpack_social_post_already_shared":true,"jetpack_social_options":{"image_generator_settings":{"template":"highway","default_image_id":0,"font":"","enabled":false},"version":2},"jetpack_post_was_ever_published":false},"categories":[76],"tags":[],"class_list":["entry","author-marcelino-castro","post-55012","post","type-post","status-publish","format-standard","has-post-thumbnail","category-coluna"],"yoast_head":"<!-- This site is optimized with the Yoast SEO plugin v28.3 - https:\/\/yoast.com\/product\/yoast-seo-wordpress\/ -->\n<title>[Coluna Tiquinho de Pol\u00edtica] Come\u00e7a a corrida eleitoral: Z\u00e9 e Angelo apoiam o mesmo deputado? - Di\u00e1rio de Ouro Preto<\/title>\n<meta name=\"description\" content=\"Ouro Preto j\u00e1 est\u00e1 em clima de elei\u00e7\u00e3o, que ser\u00e1 no 4 de outubro, dia de S\u00e3o Francisco de Assis- [Coluna Tiquinho de Pol\u00edtica] Come\u00e7a a corrida eleitoral: Z\u00e9 e Angelo apoiam o mesmo deputado? - Coluna\" \/>\n<meta name=\"robots\" content=\"index, follow, max-snippet:-1, max-image-preview:large, max-video-preview:-1\" \/>\n<link rel=\"canonical\" href=\"https:\/\/www.diariodeouropreto.com.br\/pt\/coluna-tiquinho-de-politica-comeca-a-corrida-eleitoral-ze-e-angelo-apoiam-o-mesmo-deputado\/\" \/>\n<meta property=\"og:locale\" content=\"pt_PT\" \/>\n<meta property=\"og:type\" content=\"article\" \/>\n<meta property=\"og:title\" content=\"[Coluna Tiquinho de Pol\u00edtica] Come\u00e7a a corrida eleitoral: Z\u00e9 e Angelo apoiam o mesmo deputado? - Di\u00e1rio de Ouro Preto\" \/>\n<meta property=\"og:description\" content=\"Ouro Preto j\u00e1 est\u00e1 em clima de elei\u00e7\u00e3o, que ser\u00e1 no 4 de outubro, dia de S\u00e3o Francisco de Assis- [Coluna Tiquinho de Pol\u00edtica] Come\u00e7a a corrida eleitoral: Z\u00e9 e Angelo apoiam o mesmo deputado? - Coluna\" \/>\n<meta property=\"og:url\" content=\"https:\/\/www.diariodeouropreto.com.br\/pt\/coluna-tiquinho-de-politica-comeca-a-corrida-eleitoral-ze-e-angelo-apoiam-o-mesmo-deputado\/\" \/>\n<meta property=\"og:site_name\" content=\"Di\u00e1rio de Ouro Preto\" \/>\n<meta property=\"article:publisher\" content=\"https:\/\/www.facebook.com\/diariodeouropreto\/\" \/>\n<meta property=\"article:published_time\" content=\"2026-08-30T13:45:00+00:00\" \/>\n<meta property=\"og:image\" content=\"https:\/\/www.diariodeouropreto.com.br\/wp-content\/uploads\/2026\/08\/WhatsApp-Image-2026-08-27-at-18.09.40.jpeg\" \/>\n\t<meta property=\"og:image:width\" content=\"2560\" \/>\n\t<meta property=\"og:image:height\" content=\"1706\" \/>\n\t<meta property=\"og:image:type\" content=\"image\/jpeg\" \/>\n<meta name=\"author\" content=\"Marcelino Castro\" \/>\n<meta name=\"twitter:card\" content=\"summary_large_image\" \/>\n<meta name=\"twitter:label1\" content=\"Escrito por\" \/>\n\t<meta name=\"twitter:data1\" content=\"Marcelino Castro\" \/>\n\t<meta name=\"twitter:label2\" content=\"Tempo estimado de leitura\" \/>\n\t<meta name=\"twitter:data2\" content=\"3 minutos\" \/>\n<script type=\"application\/ld+json\" class=\"yoast-schema-graph\">{\"@context\":\"https:\\\/\\\/schema.org\",\"@graph\":[{\"@type\":\"Article\",\"@id\":\"https:\\\/\\\/www.diariodeouropreto.com.br\\\/coluna-tiquinho-de-politica-comeca-a-corrida-eleitoral-ze-e-angelo-apoiam-o-mesmo-deputado\\\/#article\",\"isPartOf\":{\"@id\":\"https:\\\/\\\/www.diariodeouropreto.com.br\\\/coluna-tiquinho-de-politica-comeca-a-corrida-eleitoral-ze-e-angelo-apoiam-o-mesmo-deputado\\\/\"},\"author\":{\"name\":\"Marcelino Castro\",\"@id\":\"https:\\\/\\\/www.diariodeouropreto.com.br\\\/pt\\\/#\\\/schema\\\/person\\\/beeebc69f297a82698bba8acf70e5bb6\"},\"headline\":\"[Coluna Tiquinho de Pol\u00edtica] Come\u00e7a a corrida eleitoral: Z\u00e9 e Angelo apoiam o mesmo deputado?\",\"datePublished\":\"2026-08-30T13:45:00+00:00\",\"mainEntityOfPage\":{\"@id\":\"https:\\\/\\\/www.diariodeouropreto.com.br\\\/coluna-tiquinho-de-politica-comeca-a-corrida-eleitoral-ze-e-angelo-apoiam-o-mesmo-deputado\\\/\"},\"wordCount\":533,\"publisher\":{\"@id\":\"https:\\\/\\\/www.diariodeouropreto.com.br\\\/pt\\\/#organization\"},\"image\":{\"@id\":\"https:\\\/\\\/www.diariodeouropreto.com.br\\\/coluna-tiquinho-de-politica-comeca-a-corrida-eleitoral-ze-e-angelo-apoiam-o-mesmo-deputado\\\/#primaryimage\"},\"thumbnailUrl\":\"https:\\\/\\\/www.diariodeouropreto.com.br\\\/wp-content\\\/uploads\\\/2026\\\/08\\\/WhatsApp-Image-2026-08-27-at-18.09.40.jpeg\",\"articleSection\":[\"Coluna\"],\"inLanguage\":\"pt-PT\"},{\"@type\":\"WebPage\",\"@id\":\"https:\\\/\\\/www.diariodeouropreto.com.br\\\/coluna-tiquinho-de-politica-comeca-a-corrida-eleitoral-ze-e-angelo-apoiam-o-mesmo-deputado\\\/\",\"url\":\"https:\\\/\\\/www.diariodeouropreto.com.br\\\/coluna-tiquinho-de-politica-comeca-a-corrida-eleitoral-ze-e-angelo-apoiam-o-mesmo-deputado\\\/\",\"name\":\"[Coluna Tiquinho de Pol\u00edtica] Come\u00e7a a corrida eleitoral: Z\u00e9 e Angelo apoiam o mesmo deputado? - Di\u00e1rio de Ouro Preto\",\"isPartOf\":{\"@id\":\"https:\\\/\\\/www.diariodeouropreto.com.br\\\/pt\\\/#website\"},\"primaryImageOfPage\":{\"@id\":\"https:\\\/\\\/www.diariodeouropreto.com.br\\\/coluna-tiquinho-de-politica-comeca-a-corrida-eleitoral-ze-e-angelo-apoiam-o-mesmo-deputado\\\/#primaryimage\"},\"image\":{\"@id\":\"https:\\\/\\\/www.diariodeouropreto.com.br\\\/coluna-tiquinho-de-politica-comeca-a-corrida-eleitoral-ze-e-angelo-apoiam-o-mesmo-deputado\\\/#primaryimage\"},\"thumbnailUrl\":\"https:\\\/\\\/www.diariodeouropreto.com.br\\\/wp-content\\\/uploads\\\/2026\\\/08\\\/WhatsApp-Image-2026-08-27-at-18.09.40.jpeg\",\"datePublished\":\"2026-08-30T13:45:00+00:00\",\"description\":\"Ouro Preto j\u00e1 est\u00e1 em clima de elei\u00e7\u00e3o, que ser\u00e1 no 4 de outubro, dia de S\u00e3o Francisco de Assis- [Coluna Tiquinho de Pol\u00edtica] Come\u00e7a a corrida eleitoral: Z\u00e9 e Angelo apoiam o mesmo deputado? - Coluna\",\"breadcrumb\":{\"@id\":\"https:\\\/\\\/www.diariodeouropreto.com.br\\\/coluna-tiquinho-de-politica-comeca-a-corrida-eleitoral-ze-e-angelo-apoiam-o-mesmo-deputado\\\/#breadcrumb\"},\"inLanguage\":\"pt-PT\",\"potentialAction\":[{\"@type\":\"ReadAction\",\"target\":[\"https:\\\/\\\/www.diariodeouropreto.com.br\\\/coluna-tiquinho-de-politica-comeca-a-corrida-eleitoral-ze-e-angelo-apoiam-o-mesmo-deputado\\\/\"]}]},{\"@type\":\"ImageObject\",\"inLanguage\":\"pt-PT\",\"@id\":\"https:\\\/\\\/www.diariodeouropreto.com.br\\\/coluna-tiquinho-de-politica-comeca-a-corrida-eleitoral-ze-e-angelo-apoiam-o-mesmo-deputado\\\/#primaryimage\",\"url\":\"https:\\\/\\\/www.diariodeouropreto.com.br\\\/wp-content\\\/uploads\\\/2026\\\/08\\\/WhatsApp-Image-2026-08-27-at-18.09.40.jpeg\",\"contentUrl\":\"https:\\\/\\\/www.diariodeouropreto.com.br\\\/wp-content\\\/uploads\\\/2026\\\/08\\\/WhatsApp-Image-2026-08-27-at-18.09.40.jpeg\",\"width\":2560,\"height\":1706},{\"@type\":\"BreadcrumbList\",\"@id\":\"https:\\\/\\\/www.diariodeouropreto.com.br\\\/coluna-tiquinho-de-politica-comeca-a-corrida-eleitoral-ze-e-angelo-apoiam-o-mesmo-deputado\\\/#breadcrumb\",\"itemListElement\":[{\"@type\":\"ListItem\",\"position\":1,\"name\":\"In\u00edcio\",\"item\":\"https:\\\/\\\/www.diariodeouropreto.com.br\\\/pt\\\/\"},{\"@type\":\"ListItem\",\"position\":2,\"name\":\"[Coluna Tiquinho de Pol\u00edtica] Come\u00e7a a corrida eleitoral: Z\u00e9 e Angelo apoiam o mesmo deputado?\"}]},{\"@type\":\"WebSite\",\"@id\":\"https:\\\/\\\/www.diariodeouropreto.com.br\\\/pt\\\/#website\",\"url\":\"https:\\\/\\\/www.diariodeouropreto.com.br\\\/pt\\\/\",\"name\":\"Di\u00e1rio de Ouro Preto\",\"description\":\"Not\u00edcias Ouro Preto; Mariana;Minas Gerais;Jornal;Jornalismo;Not\u00edcias;\",\"publisher\":{\"@id\":\"https:\\\/\\\/www.diariodeouropreto.com.br\\\/pt\\\/#organization\"},\"alternateName\":\"Jornal di\u00e1rio de Ouro Preto\",\"potentialAction\":[{\"@type\":\"SearchAction\",\"target\":{\"@type\":\"EntryPoint\",\"urlTemplate\":\"https:\\\/\\\/www.diariodeouropreto.com.br\\\/pt\\\/?s={search_term_string}\"},\"query-input\":{\"@type\":\"PropertyValueSpecification\",\"valueRequired\":true,\"valueName\":\"search_term_string\"}}],\"inLanguage\":\"pt-PT\"},{\"@type\":\"Organization\",\"@id\":\"https:\\\/\\\/www.diariodeouropreto.com.br\\\/pt\\\/#organization\",\"name\":\"Di\u00e1rio de Ouro Preto\",\"alternateName\":\"Jornal di\u00e1rio Ouro Preto\",\"url\":\"https:\\\/\\\/www.diariodeouropreto.com.br\\\/pt\\\/\",\"logo\":{\"@type\":\"ImageObject\",\"inLanguage\":\"pt-PT\",\"@id\":\"https:\\\/\\\/www.diariodeouropreto.com.br\\\/pt\\\/#\\\/schema\\\/logo\\\/image\\\/\",\"url\":\"https:\\\/\\\/www.diariodeouropreto.com.br\\\/wp-content\\\/uploads\\\/2019\\\/06\\\/cropped-logotransp-2.png\",\"contentUrl\":\"https:\\\/\\\/www.diariodeouropreto.com.br\\\/wp-content\\\/uploads\\\/2019\\\/06\\\/cropped-logotransp-2.png\",\"width\":1323,\"height\":251,\"caption\":\"Di\u00e1rio de Ouro Preto\"},\"image\":{\"@id\":\"https:\\\/\\\/www.diariodeouropreto.com.br\\\/pt\\\/#\\\/schema\\\/logo\\\/image\\\/\"},\"sameAs\":[\"https:\\\/\\\/www.facebook.com\\\/diariodeouropreto\\\/\"]},{\"@type\":\"Person\",\"@id\":\"https:\\\/\\\/www.diariodeouropreto.com.br\\\/pt\\\/#\\\/schema\\\/person\\\/beeebc69f297a82698bba8acf70e5bb6\",\"name\":\"Marcelino Castro\",\"sameAs\":[\"https:\\\/\\\/www.diariodeouropreto.com.br\\\/\"],\"url\":\"https:\\\/\\\/www.diariodeouropreto.com.br\\\/pt\\\/author\\\/marcelino-castro\\\/\"}]}<\/script>\n<!-- \/ Yoast SEO plugin. -->","yoast_head_json":{"title":"[Coluna Tiquinho de Pol\u00edtica] Come\u00e7a a corrida eleitoral: Z\u00e9 e Angelo apoiam o mesmo deputado? - Di\u00e1rio de Ouro Preto","description":"Ouro Preto j\u00e1 est\u00e1 em clima de elei\u00e7\u00e3o, que ser\u00e1 no 4 de outubro, dia de S\u00e3o Francisco de Assis- [Coluna Tiquinho de Pol\u00edtica] Come\u00e7a a corrida eleitoral: Z\u00e9 e Angelo apoiam o mesmo deputado? - Coluna","robots":{"index":"index","follow":"follow","max-snippet":"max-snippet:-1","max-image-preview":"max-image-preview:large","max-video-preview":"max-video-preview:-1"},"canonical":"https:\/\/www.diariodeouropreto.com.br\/pt\/coluna-tiquinho-de-politica-comeca-a-corrida-eleitoral-ze-e-angelo-apoiam-o-mesmo-deputado\/","og_locale":"pt_PT","og_type":"article","og_title":"[Coluna Tiquinho de Pol\u00edtica] Come\u00e7a a corrida eleitoral: Z\u00e9 e Angelo apoiam o mesmo deputado? - Di\u00e1rio de Ouro Preto","og_description":"Ouro Preto j\u00e1 est\u00e1 em clima de elei\u00e7\u00e3o, que ser\u00e1 no 4 de outubro, dia de S\u00e3o Francisco de Assis- [Coluna Tiquinho de Pol\u00edtica] Come\u00e7a a corrida eleitoral: Z\u00e9 e Angelo apoiam o mesmo deputado? - Coluna","og_url":"https:\/\/www.diariodeouropreto.com.br\/pt\/coluna-tiquinho-de-politica-comeca-a-corrida-eleitoral-ze-e-angelo-apoiam-o-mesmo-deputado\/","og_site_name":"Di\u00e1rio de Ouro Preto","article_publisher":"https:\/\/www.facebook.com\/diariodeouropreto\/","article_published_time":"2026-08-30T13:45:00+00:00","og_image":[{"width":2560,"height":1706,"url":"https:\/\/www.diariodeouropreto.com.br\/wp-content\/uploads\/2026\/08\/WhatsApp-Image-2026-08-27-at-18.09.40.jpeg","type":"image\/jpeg"}],"author":"Marcelino Castro","twitter_card":"summary_large_image","twitter_misc":{"Escrito por":"Marcelino Castro","Tempo estimado de leitura":"3 minutos"},"schema":{"@context":"https:\/\/schema.org","@graph":[{"@type":"Article","@id":"https:\/\/www.diariodeouropreto.com.br\/coluna-tiquinho-de-politica-comeca-a-corrida-eleitoral-ze-e-angelo-apoiam-o-mesmo-deputado\/#article","isPartOf":{"@id":"https:\/\/www.diariodeouropreto.com.br\/coluna-tiquinho-de-politica-comeca-a-corrida-eleitoral-ze-e-angelo-apoiam-o-mesmo-deputado\/"},"author":{"name":"Marcelino Castro","@id":"https:\/\/www.diariodeouropreto.com.br\/pt\/#\/schema\/person\/beeebc69f297a82698bba8acf70e5bb6"},"headline":"[Coluna Tiquinho de Pol\u00edtica] Come\u00e7a a corrida eleitoral: Z\u00e9 e Angelo apoiam o mesmo deputado?","datePublished":"2026-08-30T13:45:00+00:00","mainEntityOfPage":{"@id":"https:\/\/www.diariodeouropreto.com.br\/coluna-tiquinho-de-politica-comeca-a-corrida-eleitoral-ze-e-angelo-apoiam-o-mesmo-deputado\/"},"wordCount":533,"publisher":{"@id":"https:\/\/www.diariodeouropreto.com.br\/pt\/#organization"},"image":{"@id":"https:\/\/www.diariodeouropreto.com.br\/coluna-tiquinho-de-politica-comeca-a-corrida-eleitoral-ze-e-angelo-apoiam-o-mesmo-deputado\/#primaryimage"},"thumbnailUrl":"https:\/\/www.diariodeouropreto.com.br\/wp-content\/uploads\/2026\/08\/WhatsApp-Image-2026-08-27-at-18.09.40.jpeg","articleSection":["Coluna"],"inLanguage":"pt-PT"},{"@type":"WebPage","@id":"https:\/\/www.diariodeouropreto.com.br\/coluna-tiquinho-de-politica-comeca-a-corrida-eleitoral-ze-e-angelo-apoiam-o-mesmo-deputado\/","url":"https:\/\/www.diariodeouropreto.com.br\/coluna-tiquinho-de-politica-comeca-a-corrida-eleitoral-ze-e-angelo-apoiam-o-mesmo-deputado\/","name":"[Coluna Tiquinho de Pol\u00edtica] Come\u00e7a a corrida eleitoral: Z\u00e9 e Angelo apoiam o mesmo deputado? - Di\u00e1rio de Ouro Preto","isPartOf":{"@id":"https:\/\/www.diariodeouropreto.com.br\/pt\/#website"},"primaryImageOfPage":{"@id":"https:\/\/www.diariodeouropreto.com.br\/coluna-tiquinho-de-politica-comeca-a-corrida-eleitoral-ze-e-angelo-apoiam-o-mesmo-deputado\/#primaryimage"},"image":{"@id":"https:\/\/www.diariodeouropreto.com.br\/coluna-tiquinho-de-politica-comeca-a-corrida-eleitoral-ze-e-angelo-apoiam-o-mesmo-deputado\/#primaryimage"},"thumbnailUrl":"https:\/\/www.diariodeouropreto.com.br\/wp-content\/uploads\/2026\/08\/WhatsApp-Image-2026-08-27-at-18.09.40.jpeg","datePublished":"2026-08-30T13:45:00+00:00","description":"Ouro Preto j\u00e1 est\u00e1 em clima de elei\u00e7\u00e3o, que ser\u00e1 no 4 de outubro, dia de S\u00e3o Francisco de Assis- [Coluna Tiquinho de Pol\u00edtica] Come\u00e7a a corrida eleitoral: Z\u00e9 e Angelo apoiam o mesmo deputado? - Coluna","breadcrumb":{"@id":"https:\/\/www.diariodeouropreto.com.br\/coluna-tiquinho-de-politica-comeca-a-corrida-eleitoral-ze-e-angelo-apoiam-o-mesmo-deputado\/#breadcrumb"},"inLanguage":"pt-PT","potentialAction":[{"@type":"ReadAction","target":["https:\/\/www.diariodeouropreto.com.br\/coluna-tiquinho-de-politica-comeca-a-corrida-eleitoral-ze-e-angelo-apoiam-o-mesmo-deputado\/"]}]},{"@type":"ImageObject","inLanguage":"pt-PT","@id":"https:\/\/www.diariodeouropreto.com.br\/coluna-tiquinho-de-politica-comeca-a-corrida-eleitoral-ze-e-angelo-apoiam-o-mesmo-deputado\/#primaryimage","url":"https:\/\/www.diariodeouropreto.com.br\/wp-content\/uploads\/2026\/08\/WhatsApp-Image-2026-08-27-at-18.09.40.jpeg","contentUrl":"https:\/\/www.diariodeouropreto.com.br\/wp-content\/uploads\/2026\/08\/WhatsApp-Image-2026-08-27-at-18.09.40.jpeg","width":2560,"height":1706},{"@type":"BreadcrumbList","@id":"https:\/\/www.diariodeouropreto.com.br\/coluna-tiquinho-de-politica-comeca-a-corrida-eleitoral-ze-e-angelo-apoiam-o-mesmo-deputado\/#breadcrumb","itemListElement":[{"@type":"ListItem","position":1,"name":"In\u00edcio","item":"https:\/\/www.diariodeouropreto.com.br\/pt\/"},{"@type":"ListItem","position":2,"name":"[Coluna Tiquinho de Pol\u00edtica] Come\u00e7a a corrida eleitoral: Z\u00e9 e Angelo apoiam o mesmo deputado?"}]},{"@type":"WebSite","@id":"https:\/\/www.diariodeouropreto.com.br\/pt\/#website","url":"https:\/\/www.diariodeouropreto.com.br\/pt\/","name":"Di\u00e1rio de Ouro Preto","description":"Not\u00edcias Ouro Preto; Mariana;Minas Gerais;Jornal;Jornalismo;Not\u00edcias;","publisher":{"@id":"https:\/\/www.diariodeouropreto.com.br\/pt\/#organization"},"alternateName":"Jornal di\u00e1rio de Ouro Preto","potentialAction":[{"@type":"SearchAction","target":{"@type":"EntryPoint","urlTemplate":"https:\/\/www.diariodeouropreto.com.br\/pt\/?s={search_term_string}"},"query-input":{"@type":"PropertyValueSpecification","valueRequired":true,"valueName":"search_term_string"}}],"inLanguage":"pt-PT"},{"@type":"Organization","@id":"https:\/\/www.diariodeouropreto.com.br\/pt\/#organization","name":"Di\u00e1rio de Ouro Preto","alternateName":"Jornal di\u00e1rio Ouro Preto","url":"https:\/\/www.diariodeouropreto.com.br\/pt\/","logo":{"@type":"ImageObject","inLanguage":"pt-PT","@id":"https:\/\/www.diariodeouropreto.com.br\/pt\/#\/schema\/logo\/image\/","url":"https:\/\/www.diariodeouropreto.com.br\/wp-content\/uploads\/2019\/06\/cropped-logotransp-2.png","contentUrl":"https:\/\/www.diariodeouropreto.com.br\/wp-content\/uploads\/2019\/06\/cropped-logotransp-2.png","width":1323,"height":251,"caption":"Di\u00e1rio de Ouro Preto"},"image":{"@id":"https:\/\/www.diariodeouropreto.com.br\/pt\/#\/schema\/logo\/image\/"},"sameAs":["https:\/\/www.facebook.com\/diariodeouropreto\/"]},{"@type":"Person","@id":"https:\/\/www.diariodeouropreto.com.br\/pt\/#\/schema\/person\/beeebc69f297a82698bba8acf70e5bb6","name":"Marcelino Castro","sameAs":["https:\/\/www.diariodeouropreto.com.br\/"],"url":"https:\/\/www.diariodeouropreto.com.br\/pt\/author\/marcelino-castro\/"}]}},"jetpack_publicize_connections":[],"jetpack-related-posts":[{"id":37100,"url":"https:\/\/www.diariodeouropreto.com.br\/pt\/coluna-tiquinho-de-politica-comecou-a-corrida-pela-prefeitura-o-clima-ta-quente\/","url_meta":{"origin":55012,"position":0},"title":"[Coluna Tiquinho de Pol\u00edtica] Come\u00e7ou a corrida pela Prefeitura!  O clima t\u00e1 quente!","author":"Di\u00e1rio de Ouro Preto","date":"18 de Agosto de 2024","format":false,"excerpt":"Agora \u00e9 pra valer! Faltam 49 dias para as elei\u00e7\u00f5es. Ouro Preto ter\u00e1 seus quatro candidatos a prefeito! Foram tantas ida e vindas. O cen\u00e1rio pol\u00edtico de Ouro Preto se consolidou! Agora \u00e9 o preto no branco, urna por urna voto por voto. Saberemos quais ser\u00e3o aqueles escolhidos para governar\u2026","rel":"","context":"In &quot;Coluna&quot;","block_context":{"text":"Coluna","link":"https:\/\/www.diariodeouropreto.com.br\/pt\/Editoria\/coluna\/"},"img":{"alt_text":"","src":"https:\/\/i0.wp.com\/www.diariodeouropreto.com.br\/wp-content\/uploads\/2024\/08\/capa_16-08_prefeitura.jpg?resize=350%2C200&ssl=1","width":350,"height":200,"srcset":"https:\/\/i0.wp.com\/www.diariodeouropreto.com.br\/wp-content\/uploads\/2024\/08\/capa_16-08_prefeitura.jpg?resize=350%2C200&ssl=1 1x, https:\/\/i0.wp.com\/www.diariodeouropreto.com.br\/wp-content\/uploads\/2024\/08\/capa_16-08_prefeitura.jpg?resize=525%2C300&ssl=1 1.5x, https:\/\/i0.wp.com\/www.diariodeouropreto.com.br\/wp-content\/uploads\/2024\/08\/capa_16-08_prefeitura.jpg?resize=700%2C400&ssl=1 2x, https:\/\/i0.wp.com\/www.diariodeouropreto.com.br\/wp-content\/uploads\/2024\/08\/capa_16-08_prefeitura.jpg?resize=1050%2C600&ssl=1 3x"},"classes":[]},{"id":33111,"url":"https:\/\/www.diariodeouropreto.com.br\/pt\/coluna-tiquinho-de-politica-agora-e-a-vez-de-duarte-junior-lancar-pre-candidatura-angelo-oswaldo-lota-o-optc\/","url_meta":{"origin":55012,"position":1},"title":"[Coluna Tiquinho de Pol\u00edtica] Agora \u00e9 a vez de Duarte J\u00fanior lan\u00e7ar pr\u00e9-candidatura &#8211;\u00a0 Angelo Oswaldo lota o OPTC\u00a0","author":"Di\u00e1rio de Ouro Preto","date":"12 de Maio de 2024","format":false,"excerpt":"Ouro Preto - A coluna de hoje est\u00e1 quente pelando! O mundo da pol\u00edtica de repente deu as caras e mostrou de que lado est\u00e3o. Podemos dizer que essa semana foi chumbo pra todo lado! Enquanto isso, Duarte J\u00fanior se prepara para se apresentar oficialmente como pr\u00e9-candidato a prefeito de\u2026","rel":"","context":"In &quot;Coluna&quot;","block_context":{"text":"Coluna","link":"https:\/\/www.diariodeouropreto.com.br\/pt\/Editoria\/coluna\/"},"img":{"alt_text":"","src":"https:\/\/i0.wp.com\/www.diariodeouropreto.com.br\/wp-content\/uploads\/2024\/05\/capa-12-05-24.jpg?resize=350%2C200&ssl=1","width":350,"height":200,"srcset":"https:\/\/i0.wp.com\/www.diariodeouropreto.com.br\/wp-content\/uploads\/2024\/05\/capa-12-05-24.jpg?resize=350%2C200&ssl=1 1x, https:\/\/i0.wp.com\/www.diariodeouropreto.com.br\/wp-content\/uploads\/2024\/05\/capa-12-05-24.jpg?resize=525%2C300&ssl=1 1.5x, https:\/\/i0.wp.com\/www.diariodeouropreto.com.br\/wp-content\/uploads\/2024\/05\/capa-12-05-24.jpg?resize=700%2C400&ssl=1 2x, https:\/\/i0.wp.com\/www.diariodeouropreto.com.br\/wp-content\/uploads\/2024\/05\/capa-12-05-24.jpg?resize=1050%2C600&ssl=1 3x"},"classes":[]},{"id":18261,"url":"https:\/\/www.diariodeouropreto.com.br\/pt\/coluna-tiquinho-de-politica-eleicoes-gerais-colocam-ze-leandro-e-julio-pimenta-do-mesmo-lado\/","url_meta":{"origin":55012,"position":2},"title":"[Coluna Tiquinho de Pol\u00edtica] Elei\u00e7\u00f5es Gerais colocam Z\u00e9 Leandro e J\u00falio Pimenta do mesmo lado","author":"Di\u00e1rio de Ouro Preto","date":"3 de Setembro de 2022","format":false,"excerpt":"Faltam 29 dias para as elei\u00e7\u00f5es. Chegou a hora da on\u00e7a beber \u00e1gua. A vida pol\u00edtica est\u00e1 em contagem regressiva para decidir quem cuidar\u00e1 da Rep\u00fablica, do Congresso, do Estado e da Assembleia Legislativa. S\u00e3o 5 votos de uma s\u00f3 vez!\u00a0 Segundo o TRE,\u00a0 em Minas Gerais, foram entregues 2.500\u2026","rel":"","context":"In &quot;Coluna&quot;","block_context":{"text":"Coluna","link":"https:\/\/www.diariodeouropreto.com.br\/pt\/Editoria\/coluna\/"},"img":{"alt_text":"","src":"https:\/\/i0.wp.com\/www.diariodeouropreto.com.br\/wp-content\/uploads\/2022\/09\/WhatsApp-Image-2022-09-01-at-14.31.12.jpeg?resize=350%2C200&ssl=1","width":350,"height":200,"srcset":"https:\/\/i0.wp.com\/www.diariodeouropreto.com.br\/wp-content\/uploads\/2022\/09\/WhatsApp-Image-2022-09-01-at-14.31.12.jpeg?resize=350%2C200&ssl=1 1x, https:\/\/i0.wp.com\/www.diariodeouropreto.com.br\/wp-content\/uploads\/2022\/09\/WhatsApp-Image-2022-09-01-at-14.31.12.jpeg?resize=525%2C300&ssl=1 1.5x, https:\/\/i0.wp.com\/www.diariodeouropreto.com.br\/wp-content\/uploads\/2022\/09\/WhatsApp-Image-2022-09-01-at-14.31.12.jpeg?resize=700%2C400&ssl=1 2x, https:\/\/i0.wp.com\/www.diariodeouropreto.com.br\/wp-content\/uploads\/2022\/09\/WhatsApp-Image-2022-09-01-at-14.31.12.jpeg?resize=1050%2C600&ssl=1 3x"},"classes":[]},{"id":21233,"url":"https:\/\/www.diariodeouropreto.com.br\/pt\/coluna-tiquinho-de-politica-e-carnaval-olha-a-saneouro-ai-gente-as-eleicoes-municipais-ja-comecaram\/","url_meta":{"origin":55012,"position":3},"title":"[Coluna Tiquinho de Pol\u00edtica] \u00c9 Carnaval, Olha a Saneouro a\u00ed gente! As elei\u00e7\u00f5es municipais j\u00e1 come\u00e7aram?\u00a0","author":"Di\u00e1rio de Ouro Preto","date":"19 de Fevereiro de 2023","format":false,"excerpt":"Ouro Preto - A semana na pol\u00edtica ouro-pretana foi agitada, a orelha do prefeito deve ter queimado, de tanto que os vereadores reclamaram dele, inclusive os que s\u00e3o da base, e tem como bandeira o \u201cFora Saneouro\u201d. O Governo do prefeito Angelo Oswaldo foi a mira dos discursos dos vereadores,\u2026","rel":"","context":"In &quot;Coluna&quot;","block_context":{"text":"Coluna","link":"https:\/\/www.diariodeouropreto.com.br\/pt\/Editoria\/coluna\/"},"img":{"alt_text":"","src":"https:\/\/i0.wp.com\/www.diariodeouropreto.com.br\/wp-content\/uploads\/2023\/02\/WhatsApp-Image-2023-02-19-at-15.46.06.jpeg?resize=350%2C200&ssl=1","width":350,"height":200,"srcset":"https:\/\/i0.wp.com\/www.diariodeouropreto.com.br\/wp-content\/uploads\/2023\/02\/WhatsApp-Image-2023-02-19-at-15.46.06.jpeg?resize=350%2C200&ssl=1 1x, https:\/\/i0.wp.com\/www.diariodeouropreto.com.br\/wp-content\/uploads\/2023\/02\/WhatsApp-Image-2023-02-19-at-15.46.06.jpeg?resize=525%2C300&ssl=1 1.5x"},"classes":[]},{"id":38394,"url":"https:\/\/www.diariodeouropreto.com.br\/pt\/coluna-tiquinho-de-politica-semana-quente-para-as-campanhas\/","url_meta":{"origin":55012,"position":4},"title":"[Coluna Tiquinho de Pol\u00edtica] Semana quente para as campanhas!","author":"Di\u00e1rio de Ouro Preto","date":"22 de Setembro de 2024","format":false,"excerpt":"Ouro Preto - A semana ser\u00e1 decisiva para as elei\u00e7\u00f5es municipais, na pr\u00f3xima quarta-feira, 25\/09, as urnas ser\u00e3o carregadas com a m\u00eddia, ou seja, o nome dos candidatos. E a pergunta da semana \u00e9: t\u00e1 com cara na urna? Quantos vereadores foram impugnados? Mazinho conseguiu recorrer ao TSE? Nesta semana,\u2026","rel":"","context":"In &quot;Coluna&quot;","block_context":{"text":"Coluna","link":"https:\/\/www.diariodeouropreto.com.br\/pt\/Editoria\/coluna\/"},"img":{"alt_text":"","src":"https:\/\/i0.wp.com\/www.diariodeouropreto.com.br\/wp-content\/uploads\/2024\/09\/arte_14_dias.jpeg?resize=350%2C200&ssl=1","width":350,"height":200,"srcset":"https:\/\/i0.wp.com\/www.diariodeouropreto.com.br\/wp-content\/uploads\/2024\/09\/arte_14_dias.jpeg?resize=350%2C200&ssl=1 1x, https:\/\/i0.wp.com\/www.diariodeouropreto.com.br\/wp-content\/uploads\/2024\/09\/arte_14_dias.jpeg?resize=525%2C300&ssl=1 1.5x, https:\/\/i0.wp.com\/www.diariodeouropreto.com.br\/wp-content\/uploads\/2024\/09\/arte_14_dias.jpeg?resize=700%2C400&ssl=1 2x"},"classes":[]},{"id":37821,"url":"https:\/\/www.diariodeouropreto.com.br\/pt\/coluna-tiquinho-de-politica-festa-de-nossa-senhora-dos-prazeres-faltam-4-semanas-para-as-eleicoes\/","url_meta":{"origin":55012,"position":5},"title":"[Coluna Tiquinho de Pol\u00edtica] Festa de Nossa Senhora dos Prazeres &#8211; Faltam 4 semanas para as elei\u00e7\u00f5es!","author":"Di\u00e1rio de Ouro Preto","date":"8 de Setembro de 2024","format":false,"excerpt":"Ouro Preto - As festas religiosas em Ouro Preto al\u00e9m de serem tradicionais e envolverem suas comunidades s\u00e3o tamb\u00e9m uma grande oportunidade dos candidatos estarem perto dos eleitores. Neste domingo,8\/09, a comunidade de Lavras Novas encerrou a festa de Nossa Senhora dos Prazeres, com direito \u00e0 participa\u00e7\u00e3o da Corpora\u00e7\u00e3o Musical\u2026","rel":"","context":"In &quot;Ouro Preto&quot;","block_context":{"text":"Ouro Preto","link":"https:\/\/www.diariodeouropreto.com.br\/pt\/Editoria\/ouro-preto\/"},"img":{"alt_text":"","src":"https:\/\/i0.wp.com\/www.diariodeouropreto.com.br\/wp-content\/uploads\/2024\/09\/IMG_0534.jpg?resize=350%2C200&ssl=1","width":350,"height":200,"srcset":"https:\/\/i0.wp.com\/www.diariodeouropreto.com.br\/wp-content\/uploads\/2024\/09\/IMG_0534.jpg?resize=350%2C200&ssl=1 1x, https:\/\/i0.wp.com\/www.diariodeouropreto.com.br\/wp-content\/uploads\/2024\/09\/IMG_0534.jpg?resize=525%2C300&ssl=1 1.5x, https:\/\/i0.wp.com\/www.diariodeouropreto.com.br\/wp-content\/uploads\/2024\/09\/IMG_0534.jpg?resize=700%2C400&ssl=1 2x, https:\/\/i0.wp.com\/www.diariodeouropreto.com.br\/wp-content\/uploads\/2024\/09\/IMG_0534.jpg?resize=1050%2C600&ssl=1 3x"},"classes":[]}],"jetpack_sharing_enabled":true,"amp_enabled":true,"jetpack_featured_media_url":"https:\/\/www.diariodeouropreto.com.br\/wp-content\/uploads\/2026\/08\/WhatsApp-Image-2026-08-27-at-18.09.40.jpeg","_links":{"self":[{"href":"https:\/\/www.diariodeouropreto.com.br\/pt\/wp-json\/wp\/v2\/posts\/55012","targetHints":{"allow":["GET"]}}],"collection":[{"href":"https:\/\/www.diariodeouropreto.com.br\/pt\/wp-json\/wp\/v2\/posts"}],"about":[{"href":"https:\/\/www.diariodeouropreto.com.br\/pt\/wp-json\/wp\/v2\/types\/post"}],"author":[{"embeddable":true,"href":"https:\/\/www.diariodeouropreto.com.br\/pt\/wp-json\/wp\/v2\/users\/7"}],"replies":[{"embeddable":true,"href":"https:\/\/www.diariodeouropreto.com.br\/pt\/wp-json\/wp\/v2\/comments?post=55012"}],"version-history":[{"count":1,"href":"https:\/\/www.diariodeouropreto.com.br\/pt\/wp-json\/wp\/v2\/posts\/55012\/revisions"}],"predecessor-version":[{"id":55015,"href":"https:\/\/www.diariodeouropreto.com.br\/pt\/wp-json\/wp\/v2\/posts\/55012\/revisions\/55015"}],"wp:featuredmedia":[{"embeddable":true,"href":"https:\/\/www.diariodeouropreto.com.br\/pt\/wp-json\/wp\/v2\/media\/55014"}],"wp:attachment":[{"href":"https:\/\/www.diariodeouropreto.com.br\/pt\/wp-json\/wp\/v2\/media?parent=55012"}],"wp:term":[{"taxonomy":"category","embeddable":true,"href":"https:\/\/www.diariodeouropreto.com.br\/pt\/wp-json\/wp\/v2\/categories?post=55012"},{"taxonomy":"post_tag","embeddable":true,"href":"https:\/\/www.diariodeouropreto.com.br\/pt\/wp-json\/wp\/v2\/tags?post=55012"}],"curies":[{"name":"wp","href":"https:\/\/api.w.org\/{rel}","templated":true}]}}