{"id":52080,"date":"2026-04-30T18:30:00","date_gmt":"2026-04-30T21:30:00","guid":{"rendered":"https:\/\/www.diariodeouropreto.com.br\/?p=52080"},"modified":"2026-04-30T17:38:07","modified_gmt":"2026-04-30T20:38:07","slug":"negocios-inovadores-com-ia-ifmg-ouro-preto-abre-inscricoes-para-curso-gratuito-pelo-pronatec","status":"publish","type":"post","link":"https:\/\/www.diariodeouropreto.com.br\/pt\/negocios-inovadores-com-ia-ifmg-ouro-preto-abre-inscricoes-para-curso-gratuito-pelo-pronatec\/","title":{"rendered":"Neg\u00f3cios Inovadores com IA: IFMG Ouro Preto abre inscri\u00e7\u00f5es para curso gratuito pelo Pronatec"},"content":{"rendered":"<p><strong>Estudantes poder\u00e3o receber aux\u00edlio perman\u00eancia, destinado a apoiar despesas com transporte e alimenta\u00e7\u00e3o<\/strong><\/p>\n\n\n\n<p>O IFMG Campus Ouro Preto est\u00e1 com inscri\u00e7\u00f5es abertas para o curso gratuito de Forma\u00e7\u00e3o Inicial e Continuada (FIC) \u201cNeg\u00f3cios Inovadores com IA\u201d, ofertado por meio do PRONATEC Empreender \u2013 Bolsa-Forma\u00e7\u00e3o. A iniciativa tem como objetivo qualificar estudantes para atuar no campo do empreendedorismo, com foco no uso estrat\u00e9gico da intelig\u00eancia artificial na cria\u00e7\u00e3o e desenvolvimento de neg\u00f3cios inovadores.<\/p>\n\n\n\n<p>Podem participar candidatos com 15 anos ou mais e ensino fundamental completo, desde que atendam aos demais requisitos previstos. Ao todo, est\u00e3o sendo ofertadas 25 vagas, com reserva para pessoas com defici\u00eancia e tamb\u00e9m para o p\u00fablico feminino.&nbsp;<\/p>\n\n\n\n<figure class=\"wp-block-image size-full\"><img decoding=\"async\" width=\"639\" height=\"800\" data-attachment-id=\"52081\" data-permalink=\"https:\/\/www.diariodeouropreto.com.br\/pt\/negocios-inovadores-com-ia-ifmg-ouro-preto-abre-inscricoes-para-curso-gratuito-pelo-pronatec\/arte-do-pronatec\/\" data-orig-file=\"https:\/\/www.diariodeouropreto.com.br\/wp-content\/uploads\/2026\/04\/Arte-do-Pronatec.jpg\" data-orig-size=\"639,800\" data-comments-opened=\"0\" data-image-meta=\"{&quot;aperture&quot;:&quot;0&quot;,&quot;credit&quot;:&quot;Luiz Carlos Santiago Lopes&quot;,&quot;camera&quot;:&quot;&quot;,&quot;caption&quot;:&quot;&quot;,&quot;created_timestamp&quot;:&quot;1777290365&quot;,&quot;copyright&quot;:&quot;&quot;,&quot;focal_length&quot;:&quot;0&quot;,&quot;iso&quot;:&quot;0&quot;,&quot;shutter_speed&quot;:&quot;0&quot;,&quot;title&quot;:&quot;&quot;,&quot;orientation&quot;:&quot;0&quot;}\" data-image-title=\"Arte do Pronatec\" data-image-description=\"\" data-image-caption=\"\" data-large-file=\"https:\/\/www.diariodeouropreto.com.br\/wp-content\/uploads\/2026\/04\/Arte-do-Pronatec.jpg\" src=\"https:\/\/www.diariodeouropreto.com.br\/wp-content\/uploads\/2026\/04\/Arte-do-Pronatec.jpg\" alt=\"\" class=\"wp-image-52081\" srcset=\"https:\/\/www.diariodeouropreto.com.br\/wp-content\/uploads\/2026\/04\/Arte-do-Pronatec.jpg 639w, https:\/\/www.diariodeouropreto.com.br\/wp-content\/uploads\/2026\/04\/Arte-do-Pronatec-316x396.jpg 316w, https:\/\/www.diariodeouropreto.com.br\/wp-content\/uploads\/2026\/04\/Arte-do-Pronatec-120x150.jpg 120w, https:\/\/www.diariodeouropreto.com.br\/wp-content\/uploads\/2026\/04\/Arte-do-Pronatec-10x12.jpg 10w, https:\/\/www.diariodeouropreto.com.br\/wp-content\/uploads\/2026\/04\/Arte-do-Pronatec-439x550.jpg 439w, https:\/\/www.diariodeouropreto.com.br\/wp-content\/uploads\/2026\/04\/Arte-do-Pronatec-399x500.jpg 399w\" sizes=\"(max-width: 639px) 100vw, 639px\" \/><\/figure>\n\n\n\n<p>A sele\u00e7\u00e3o ser\u00e1 feita com base na an\u00e1lise do hist\u00f3rico escolar e das informa\u00e7\u00f5es fornecidas no ato da inscri\u00e7\u00e3o, considerando crit\u00e9rios como desempenho acad\u00eamico e condi\u00e7\u00f5es socioecon\u00f4micas.<\/p>\n\n\n\n<p><strong>Sobre o curso<\/strong><\/p>\n\n\n\n<p>O curso ser\u00e1 realizado de forma presencial no Campus Ouro Preto, com carga hor\u00e1ria total de 200 horas e dura\u00e7\u00e3o aproximada de quatro meses, com in\u00edcio previsto para 18 de maio. As aulas ocorrer\u00e3o no per\u00edodo noturno, das 19h \u00e0s 22h30, podendo ser ofertadas de segunda a sexta-feira.<\/p>\n\n\n\n<p>A forma\u00e7\u00e3o foi estruturada para capacitar os participantes a transformar ideias em neg\u00f3cios, articulando conhecimentos de intelig\u00eancia artificial e empreendedorismo. Entre os conte\u00fados abordados est\u00e3o fundamentos de IA, aplica\u00e7\u00f5es no mercado, resolu\u00e7\u00e3o de problemas com uso de tecnologia, al\u00e9m da constru\u00e7\u00e3o de modelos de neg\u00f3cios inovadores e pr\u00e1ticas empreendedoras.<\/p>\n\n\n\n<p>Ao final do curso, os participantes que cumprirem os requisitos de frequ\u00eancia m\u00ednima e aproveitamento receber\u00e3o certifica\u00e7\u00e3o emitida pelo IFMG.<\/p>\n\n\n\n<p><strong>Aux\u00edlio perman\u00eancia<\/strong><\/p>\n\n\n\n<p>Al\u00e9m da forma\u00e7\u00e3o gratuita, os estudantes regularmente matriculados e frequentes poder\u00e3o receber aux\u00edlio perman\u00eancia, destinado a apoiar despesas com transporte e alimenta\u00e7\u00e3o. O valor \u00e9 calculado com base na carga hor\u00e1ria do curso, sendo pago no m\u00ednimo R$ 3,00 por hora cursada, mediante dep\u00f3sito em conta banc\u00e1ria em nome do estudante.<\/p>\n\n\n\n<p><strong>Inscri\u00e7\u00f5es<\/strong><\/p>\n\n\n\n<div id=\"110712\" class=\"advads-saneouro advads-entity-placement\" style=\"margin-left: auto;margin-right: auto;text-align: center;\"><a href=\"https:\/\/www.saneouro.com.br\/\" target=\"_blank\" aria-label=\"DOP_Site\" data-wpel-link=\"external\" rel=\"follow external noopener noreferrer sponsored ugc\"><img src=\"https:\/\/www.diariodeouropreto.com.br\/wp-content\/uploads\/2026\/04\/DOP_Site.jpg\" alt=\"\"  srcset=\"https:\/\/www.diariodeouropreto.com.br\/wp-content\/uploads\/2026\/04\/DOP_Site.jpg 301w, https:\/\/www.diariodeouropreto.com.br\/wp-content\/uploads\/2026\/04\/DOP_Site-180x150.jpg 180w, https:\/\/www.diariodeouropreto.com.br\/wp-content\/uploads\/2026\/04\/DOP_Site-14x12.jpg 14w\" sizes=\"(max-width: 301px) 100vw, 301px\" width=\"301\" height=\"251\"  style=\"display: inline-block;\" \/><\/a><\/div><p>As inscri\u00e7\u00f5es s\u00e3o gratuitas e podem ser realizadas at\u00e9 4 de maio. Mais detalhes sobre o processo seletivo est\u00e3o dispon\u00edveis no edital n\u00b0499\/2026, no site do IFMG Campus Ouro Preto: <a href=\"http:\/\/www.ifmg.edu.br\/ouropreto\" data-wpel-link=\"external\" target=\"_blank\" rel=\"follow external noopener noreferrer sponsored ugc\">www.ifmg.edu.br\/ouropreto<\/a> .<\/p>\n\n\n\n<div id=\"50321\" class=\"advads-plantao advads-entity-placement\"><a href=\"https:\/\/www.diariodeouropreto.com.br\/pt\/\" target=\"_blank\" aria-label=\"site &#8211; noticia\" data-wpel-link=\"external\" rel=\"follow external noopener noreferrer sponsored ugc\"><img src=\"https:\/\/www.diariodeouropreto.com.br\/wp-content\/uploads\/2019\/09\/titulosite2-e1616373489755.jpg\" alt=\"\"  srcset=\"https:\/\/www.diariodeouropreto.com.br\/wp-content\/uploads\/2019\/09\/titulosite2-e1616373489755.jpg 1200w, https:\/\/www.diariodeouropreto.com.br\/wp-content\/uploads\/2019\/09\/titulosite2-e1616373489755-150x38.jpg 150w, https:\/\/www.diariodeouropreto.com.br\/wp-content\/uploads\/2019\/09\/titulosite2-e1616373489755-660x167.jpg 660w, https:\/\/www.diariodeouropreto.com.br\/wp-content\/uploads\/2019\/09\/titulosite2-e1616373489755-768x194.jpg 768w, https:\/\/www.diariodeouropreto.com.br\/wp-content\/uploads\/2019\/09\/titulosite2-e1616373489755-1000x252.jpg 1000w, https:\/\/www.diariodeouropreto.com.br\/wp-content\/uploads\/2019\/09\/titulosite2-e1616373489755-1536x388.jpg 1536w, https:\/\/www.diariodeouropreto.com.br\/wp-content\/uploads\/2019\/09\/titulosite2-e1616373489755-2048x517.jpg 2048w\" sizes=\"(max-width: 1200px) 100vw, 1200px\" width=\"1200\" height=\"303\"  style=\"display: inline-block;\" \/><\/a><\/div><p>Fonte: Assessoria IFMG<\/p>","protected":false},"excerpt":{"rendered":"<p>Estudantes poder\u00e3o receber aux\u00edlio perman\u00eancia, destinado a apoiar despesas com transporte e alimenta\u00e7\u00e3o O IFMG Campus Ouro Preto est\u00e1 com inscri\u00e7\u00f5es abertas para o curso gratuito de Forma\u00e7\u00e3o Inicial e Continuada (FIC) \u201cNeg\u00f3cios Inovadores com IA\u201d, ofertado por meio do PRONATEC Empreender \u2013 Bolsa-Forma\u00e7\u00e3o. A iniciativa tem como objetivo qualificar<span class=\"more-link\"><a href=\"https:\/\/www.diariodeouropreto.com.br\/pt\/negocios-inovadores-com-ia-ifmg-ouro-preto-abre-inscricoes-para-curso-gratuito-pelo-pronatec\/\" data-wpel-link=\"internal\">Continue Lendo<\/a><\/span><\/p>","protected":false},"author":1,"featured_media":52081,"comment_status":"closed","ping_status":"closed","sticky":false,"template":"","format":"standard","meta":{"_jetpack_memberships_contains_paid_content":false,"footnotes":"","jetpack_publicize_message":"Estudantes poder\u00e3o receber aux\u00edlio perman\u00eancia, destinado a apoiar despesas com transporte e alimenta\u00e7\u00e3o","jetpack_publicize_feature_enabled":true,"jetpack_social_post_already_shared":true,"jetpack_social_options":{"image_generator_settings":{"template":"highway","default_image_id":0,"font":"","enabled":false},"version":2}},"categories":[275],"tags":[],"class_list":["entry","author-diario","post-52080","post","type-post","status-publish","format-standard","has-post-thumbnail","category-oportunidades"],"yoast_head":"<!-- This site is optimized with the Yoast SEO plugin v27.5 - https:\/\/yoast.com\/product\/yoast-seo-wordpress\/ -->\n<title>Neg\u00f3cios Inovadores com IA: IFMG Ouro Preto abre inscri\u00e7\u00f5es para curso gratuito pelo Pronatec - Di\u00e1rio de Ouro Preto<\/title>\n<meta name=\"description\" content=\"Estudantes poder\u00e3o receber aux\u00edlio perman\u00eancia, destinado a apoiar despesas com transporte e alimenta\u00e7\u00e3o- Neg\u00f3cios Inovadores com IA: IFMG Ouro Preto abre inscri\u00e7\u00f5es para curso gratuito pelo Pronatec - Oportunidades\" \/>\n<meta name=\"robots\" content=\"index, follow, max-snippet:-1, max-image-preview:large, max-video-preview:-1\" \/>\n<link rel=\"canonical\" href=\"https:\/\/www.diariodeouropreto.com.br\/pt\/negocios-inovadores-com-ia-ifmg-ouro-preto-abre-inscricoes-para-curso-gratuito-pelo-pronatec\/\" \/>\n<meta property=\"og:locale\" content=\"pt_PT\" \/>\n<meta property=\"og:type\" content=\"article\" \/>\n<meta property=\"og:title\" content=\"Neg\u00f3cios Inovadores com IA: IFMG Ouro Preto abre inscri\u00e7\u00f5es para curso gratuito pelo Pronatec - Di\u00e1rio de Ouro Preto\" \/>\n<meta property=\"og:description\" content=\"Estudantes poder\u00e3o receber aux\u00edlio perman\u00eancia, destinado a apoiar despesas com transporte e alimenta\u00e7\u00e3o- Neg\u00f3cios Inovadores com IA: IFMG Ouro Preto abre inscri\u00e7\u00f5es para curso gratuito pelo Pronatec - Oportunidades\" \/>\n<meta property=\"og:url\" content=\"https:\/\/www.diariodeouropreto.com.br\/pt\/negocios-inovadores-com-ia-ifmg-ouro-preto-abre-inscricoes-para-curso-gratuito-pelo-pronatec\/\" \/>\n<meta property=\"og:site_name\" content=\"Di\u00e1rio de Ouro Preto\" \/>\n<meta property=\"article:publisher\" content=\"https:\/\/www.facebook.com\/diariodeouropreto\/\" \/>\n<meta property=\"article:published_time\" content=\"2026-04-30T21:30:00+00:00\" \/>\n<meta property=\"og:image\" content=\"https:\/\/www.diariodeouropreto.com.br\/wp-content\/uploads\/2026\/04\/Arte-do-Pronatec.jpg\" \/>\n\t<meta property=\"og:image:width\" content=\"639\" \/>\n\t<meta property=\"og:image:height\" content=\"800\" \/>\n\t<meta property=\"og:image:type\" content=\"image\/jpeg\" \/>\n<meta name=\"author\" content=\"Di\u00e1rio de Ouro Preto\" \/>\n<meta name=\"twitter:card\" content=\"summary_large_image\" \/>\n<meta name=\"twitter:label1\" content=\"Escrito por\" \/>\n\t<meta name=\"twitter:data1\" content=\"Di\u00e1rio de Ouro Preto\" \/>\n\t<meta name=\"twitter:label2\" content=\"Tempo estimado de leitura\" \/>\n\t<meta name=\"twitter:data2\" content=\"3 minutos\" \/>\n<script type=\"application\/ld+json\" class=\"yoast-schema-graph\">{\"@context\":\"https:\\\/\\\/schema.org\",\"@graph\":[{\"@type\":\"Article\",\"@id\":\"https:\\\/\\\/www.diariodeouropreto.com.br\\\/negocios-inovadores-com-ia-ifmg-ouro-preto-abre-inscricoes-para-curso-gratuito-pelo-pronatec\\\/#article\",\"isPartOf\":{\"@id\":\"https:\\\/\\\/www.diariodeouropreto.com.br\\\/negocios-inovadores-com-ia-ifmg-ouro-preto-abre-inscricoes-para-curso-gratuito-pelo-pronatec\\\/\"},\"author\":{\"name\":\"Di\u00e1rio de Ouro Preto\",\"@id\":\"https:\\\/\\\/www.diariodeouropreto.com.br\\\/pt\\\/#\\\/schema\\\/person\\\/7654e7b471204a6dab6dc0ce6e140c99\"},\"headline\":\"Neg\u00f3cios Inovadores com IA: IFMG Ouro Preto abre inscri\u00e7\u00f5es para curso gratuito pelo Pronatec\",\"datePublished\":\"2026-04-30T21:30:00+00:00\",\"mainEntityOfPage\":{\"@id\":\"https:\\\/\\\/www.diariodeouropreto.com.br\\\/negocios-inovadores-com-ia-ifmg-ouro-preto-abre-inscricoes-para-curso-gratuito-pelo-pronatec\\\/\"},\"wordCount\":420,\"publisher\":{\"@id\":\"https:\\\/\\\/www.diariodeouropreto.com.br\\\/pt\\\/#organization\"},\"image\":{\"@id\":\"https:\\\/\\\/www.diariodeouropreto.com.br\\\/negocios-inovadores-com-ia-ifmg-ouro-preto-abre-inscricoes-para-curso-gratuito-pelo-pronatec\\\/#primaryimage\"},\"thumbnailUrl\":\"https:\\\/\\\/www.diariodeouropreto.com.br\\\/wp-content\\\/uploads\\\/2026\\\/04\\\/Arte-do-Pronatec.jpg\",\"articleSection\":[\"Oportunidades\"],\"inLanguage\":\"pt-PT\"},{\"@type\":\"WebPage\",\"@id\":\"https:\\\/\\\/www.diariodeouropreto.com.br\\\/negocios-inovadores-com-ia-ifmg-ouro-preto-abre-inscricoes-para-curso-gratuito-pelo-pronatec\\\/\",\"url\":\"https:\\\/\\\/www.diariodeouropreto.com.br\\\/negocios-inovadores-com-ia-ifmg-ouro-preto-abre-inscricoes-para-curso-gratuito-pelo-pronatec\\\/\",\"name\":\"Neg\u00f3cios Inovadores com IA: IFMG Ouro Preto abre inscri\u00e7\u00f5es para curso gratuito pelo Pronatec - Di\u00e1rio de Ouro Preto\",\"isPartOf\":{\"@id\":\"https:\\\/\\\/www.diariodeouropreto.com.br\\\/pt\\\/#website\"},\"primaryImageOfPage\":{\"@id\":\"https:\\\/\\\/www.diariodeouropreto.com.br\\\/negocios-inovadores-com-ia-ifmg-ouro-preto-abre-inscricoes-para-curso-gratuito-pelo-pronatec\\\/#primaryimage\"},\"image\":{\"@id\":\"https:\\\/\\\/www.diariodeouropreto.com.br\\\/negocios-inovadores-com-ia-ifmg-ouro-preto-abre-inscricoes-para-curso-gratuito-pelo-pronatec\\\/#primaryimage\"},\"thumbnailUrl\":\"https:\\\/\\\/www.diariodeouropreto.com.br\\\/wp-content\\\/uploads\\\/2026\\\/04\\\/Arte-do-Pronatec.jpg\",\"datePublished\":\"2026-04-30T21:30:00+00:00\",\"description\":\"Estudantes poder\u00e3o receber aux\u00edlio perman\u00eancia, destinado a apoiar despesas com transporte e alimenta\u00e7\u00e3o- Neg\u00f3cios Inovadores com IA: IFMG Ouro Preto abre inscri\u00e7\u00f5es para curso gratuito pelo Pronatec - Oportunidades\",\"breadcrumb\":{\"@id\":\"https:\\\/\\\/www.diariodeouropreto.com.br\\\/negocios-inovadores-com-ia-ifmg-ouro-preto-abre-inscricoes-para-curso-gratuito-pelo-pronatec\\\/#breadcrumb\"},\"inLanguage\":\"pt-PT\",\"potentialAction\":[{\"@type\":\"ReadAction\",\"target\":[\"https:\\\/\\\/www.diariodeouropreto.com.br\\\/negocios-inovadores-com-ia-ifmg-ouro-preto-abre-inscricoes-para-curso-gratuito-pelo-pronatec\\\/\"]}]},{\"@type\":\"ImageObject\",\"inLanguage\":\"pt-PT\",\"@id\":\"https:\\\/\\\/www.diariodeouropreto.com.br\\\/negocios-inovadores-com-ia-ifmg-ouro-preto-abre-inscricoes-para-curso-gratuito-pelo-pronatec\\\/#primaryimage\",\"url\":\"https:\\\/\\\/www.diariodeouropreto.com.br\\\/wp-content\\\/uploads\\\/2026\\\/04\\\/Arte-do-Pronatec.jpg\",\"contentUrl\":\"https:\\\/\\\/www.diariodeouropreto.com.br\\\/wp-content\\\/uploads\\\/2026\\\/04\\\/Arte-do-Pronatec.jpg\",\"width\":639,\"height\":800},{\"@type\":\"BreadcrumbList\",\"@id\":\"https:\\\/\\\/www.diariodeouropreto.com.br\\\/negocios-inovadores-com-ia-ifmg-ouro-preto-abre-inscricoes-para-curso-gratuito-pelo-pronatec\\\/#breadcrumb\",\"itemListElement\":[{\"@type\":\"ListItem\",\"position\":1,\"name\":\"In\u00edcio\",\"item\":\"https:\\\/\\\/www.diariodeouropreto.com.br\\\/pt\\\/\"},{\"@type\":\"ListItem\",\"position\":2,\"name\":\"Neg\u00f3cios Inovadores com IA: IFMG Ouro Preto abre inscri\u00e7\u00f5es para curso gratuito pelo Pronatec\"}]},{\"@type\":\"WebSite\",\"@id\":\"https:\\\/\\\/www.diariodeouropreto.com.br\\\/pt\\\/#website\",\"url\":\"https:\\\/\\\/www.diariodeouropreto.com.br\\\/pt\\\/\",\"name\":\"Di\u00e1rio de Ouro Preto\",\"description\":\"Not\u00edcias Ouro Preto; Mariana;Minas Gerais;Jornal;Jornalismo;Not\u00edcias;\",\"publisher\":{\"@id\":\"https:\\\/\\\/www.diariodeouropreto.com.br\\\/pt\\\/#organization\"},\"alternateName\":\"Jornal di\u00e1rio de Ouro Preto\",\"potentialAction\":[{\"@type\":\"SearchAction\",\"target\":{\"@type\":\"EntryPoint\",\"urlTemplate\":\"https:\\\/\\\/www.diariodeouropreto.com.br\\\/pt\\\/?s={search_term_string}\"},\"query-input\":{\"@type\":\"PropertyValueSpecification\",\"valueRequired\":true,\"valueName\":\"search_term_string\"}}],\"inLanguage\":\"pt-PT\"},{\"@type\":\"Organization\",\"@id\":\"https:\\\/\\\/www.diariodeouropreto.com.br\\\/pt\\\/#organization\",\"name\":\"Di\u00e1rio de Ouro Preto\",\"alternateName\":\"Jornal di\u00e1rio Ouro Preto\",\"url\":\"https:\\\/\\\/www.diariodeouropreto.com.br\\\/pt\\\/\",\"logo\":{\"@type\":\"ImageObject\",\"inLanguage\":\"pt-PT\",\"@id\":\"https:\\\/\\\/www.diariodeouropreto.com.br\\\/pt\\\/#\\\/schema\\\/logo\\\/image\\\/\",\"url\":\"https:\\\/\\\/www.diariodeouropreto.com.br\\\/wp-content\\\/uploads\\\/2019\\\/06\\\/cropped-logotransp-2.png\",\"contentUrl\":\"https:\\\/\\\/www.diariodeouropreto.com.br\\\/wp-content\\\/uploads\\\/2019\\\/06\\\/cropped-logotransp-2.png\",\"width\":1323,\"height\":251,\"caption\":\"Di\u00e1rio de Ouro Preto\"},\"image\":{\"@id\":\"https:\\\/\\\/www.diariodeouropreto.com.br\\\/pt\\\/#\\\/schema\\\/logo\\\/image\\\/\"},\"sameAs\":[\"https:\\\/\\\/www.facebook.com\\\/diariodeouropreto\\\/\"]},{\"@type\":\"Person\",\"@id\":\"https:\\\/\\\/www.diariodeouropreto.com.br\\\/pt\\\/#\\\/schema\\\/person\\\/7654e7b471204a6dab6dc0ce6e140c99\",\"name\":\"Di\u00e1rio de Ouro Preto\",\"sameAs\":[\"http:\\\/\\\/www.diariodeouropreto.com.br\"],\"url\":\"https:\\\/\\\/www.diariodeouropreto.com.br\\\/pt\\\/author\\\/diario\\\/\"}]}<\/script>\n<!-- \/ Yoast SEO plugin. -->","yoast_head_json":{"title":"Neg\u00f3cios Inovadores com IA: IFMG Ouro Preto abre inscri\u00e7\u00f5es para curso gratuito pelo Pronatec - Di\u00e1rio de Ouro Preto","description":"Estudantes poder\u00e3o receber aux\u00edlio perman\u00eancia, destinado a apoiar despesas com transporte e alimenta\u00e7\u00e3o- Neg\u00f3cios Inovadores com IA: IFMG Ouro Preto abre inscri\u00e7\u00f5es para curso gratuito pelo Pronatec - Oportunidades","robots":{"index":"index","follow":"follow","max-snippet":"max-snippet:-1","max-image-preview":"max-image-preview:large","max-video-preview":"max-video-preview:-1"},"canonical":"https:\/\/www.diariodeouropreto.com.br\/pt\/negocios-inovadores-com-ia-ifmg-ouro-preto-abre-inscricoes-para-curso-gratuito-pelo-pronatec\/","og_locale":"pt_PT","og_type":"article","og_title":"Neg\u00f3cios Inovadores com IA: IFMG Ouro Preto abre inscri\u00e7\u00f5es para curso gratuito pelo Pronatec - Di\u00e1rio de Ouro Preto","og_description":"Estudantes poder\u00e3o receber aux\u00edlio perman\u00eancia, destinado a apoiar despesas com transporte e alimenta\u00e7\u00e3o- Neg\u00f3cios Inovadores com IA: IFMG Ouro Preto abre inscri\u00e7\u00f5es para curso gratuito pelo Pronatec - Oportunidades","og_url":"https:\/\/www.diariodeouropreto.com.br\/pt\/negocios-inovadores-com-ia-ifmg-ouro-preto-abre-inscricoes-para-curso-gratuito-pelo-pronatec\/","og_site_name":"Di\u00e1rio de Ouro Preto","article_publisher":"https:\/\/www.facebook.com\/diariodeouropreto\/","article_published_time":"2026-04-30T21:30:00+00:00","og_image":[{"width":639,"height":800,"url":"https:\/\/www.diariodeouropreto.com.br\/wp-content\/uploads\/2026\/04\/Arte-do-Pronatec.jpg","type":"image\/jpeg"}],"author":"Di\u00e1rio de Ouro Preto","twitter_card":"summary_large_image","twitter_misc":{"Escrito por":"Di\u00e1rio de Ouro Preto","Tempo estimado de leitura":"3 minutos"},"schema":{"@context":"https:\/\/schema.org","@graph":[{"@type":"Article","@id":"https:\/\/www.diariodeouropreto.com.br\/negocios-inovadores-com-ia-ifmg-ouro-preto-abre-inscricoes-para-curso-gratuito-pelo-pronatec\/#article","isPartOf":{"@id":"https:\/\/www.diariodeouropreto.com.br\/negocios-inovadores-com-ia-ifmg-ouro-preto-abre-inscricoes-para-curso-gratuito-pelo-pronatec\/"},"author":{"name":"Di\u00e1rio de Ouro Preto","@id":"https:\/\/www.diariodeouropreto.com.br\/pt\/#\/schema\/person\/7654e7b471204a6dab6dc0ce6e140c99"},"headline":"Neg\u00f3cios Inovadores com IA: IFMG Ouro Preto abre inscri\u00e7\u00f5es para curso gratuito pelo Pronatec","datePublished":"2026-04-30T21:30:00+00:00","mainEntityOfPage":{"@id":"https:\/\/www.diariodeouropreto.com.br\/negocios-inovadores-com-ia-ifmg-ouro-preto-abre-inscricoes-para-curso-gratuito-pelo-pronatec\/"},"wordCount":420,"publisher":{"@id":"https:\/\/www.diariodeouropreto.com.br\/pt\/#organization"},"image":{"@id":"https:\/\/www.diariodeouropreto.com.br\/negocios-inovadores-com-ia-ifmg-ouro-preto-abre-inscricoes-para-curso-gratuito-pelo-pronatec\/#primaryimage"},"thumbnailUrl":"https:\/\/www.diariodeouropreto.com.br\/wp-content\/uploads\/2026\/04\/Arte-do-Pronatec.jpg","articleSection":["Oportunidades"],"inLanguage":"pt-PT"},{"@type":"WebPage","@id":"https:\/\/www.diariodeouropreto.com.br\/negocios-inovadores-com-ia-ifmg-ouro-preto-abre-inscricoes-para-curso-gratuito-pelo-pronatec\/","url":"https:\/\/www.diariodeouropreto.com.br\/negocios-inovadores-com-ia-ifmg-ouro-preto-abre-inscricoes-para-curso-gratuito-pelo-pronatec\/","name":"Neg\u00f3cios Inovadores com IA: IFMG Ouro Preto abre inscri\u00e7\u00f5es para curso gratuito pelo Pronatec - Di\u00e1rio de Ouro Preto","isPartOf":{"@id":"https:\/\/www.diariodeouropreto.com.br\/pt\/#website"},"primaryImageOfPage":{"@id":"https:\/\/www.diariodeouropreto.com.br\/negocios-inovadores-com-ia-ifmg-ouro-preto-abre-inscricoes-para-curso-gratuito-pelo-pronatec\/#primaryimage"},"image":{"@id":"https:\/\/www.diariodeouropreto.com.br\/negocios-inovadores-com-ia-ifmg-ouro-preto-abre-inscricoes-para-curso-gratuito-pelo-pronatec\/#primaryimage"},"thumbnailUrl":"https:\/\/www.diariodeouropreto.com.br\/wp-content\/uploads\/2026\/04\/Arte-do-Pronatec.jpg","datePublished":"2026-04-30T21:30:00+00:00","description":"Estudantes poder\u00e3o receber aux\u00edlio perman\u00eancia, destinado a apoiar despesas com transporte e alimenta\u00e7\u00e3o- Neg\u00f3cios Inovadores com IA: IFMG Ouro Preto abre inscri\u00e7\u00f5es para curso gratuito pelo Pronatec - Oportunidades","breadcrumb":{"@id":"https:\/\/www.diariodeouropreto.com.br\/negocios-inovadores-com-ia-ifmg-ouro-preto-abre-inscricoes-para-curso-gratuito-pelo-pronatec\/#breadcrumb"},"inLanguage":"pt-PT","potentialAction":[{"@type":"ReadAction","target":["https:\/\/www.diariodeouropreto.com.br\/negocios-inovadores-com-ia-ifmg-ouro-preto-abre-inscricoes-para-curso-gratuito-pelo-pronatec\/"]}]},{"@type":"ImageObject","inLanguage":"pt-PT","@id":"https:\/\/www.diariodeouropreto.com.br\/negocios-inovadores-com-ia-ifmg-ouro-preto-abre-inscricoes-para-curso-gratuito-pelo-pronatec\/#primaryimage","url":"https:\/\/www.diariodeouropreto.com.br\/wp-content\/uploads\/2026\/04\/Arte-do-Pronatec.jpg","contentUrl":"https:\/\/www.diariodeouropreto.com.br\/wp-content\/uploads\/2026\/04\/Arte-do-Pronatec.jpg","width":639,"height":800},{"@type":"BreadcrumbList","@id":"https:\/\/www.diariodeouropreto.com.br\/negocios-inovadores-com-ia-ifmg-ouro-preto-abre-inscricoes-para-curso-gratuito-pelo-pronatec\/#breadcrumb","itemListElement":[{"@type":"ListItem","position":1,"name":"In\u00edcio","item":"https:\/\/www.diariodeouropreto.com.br\/pt\/"},{"@type":"ListItem","position":2,"name":"Neg\u00f3cios Inovadores com IA: IFMG Ouro Preto abre inscri\u00e7\u00f5es para curso gratuito pelo Pronatec"}]},{"@type":"WebSite","@id":"https:\/\/www.diariodeouropreto.com.br\/pt\/#website","url":"https:\/\/www.diariodeouropreto.com.br\/pt\/","name":"Di\u00e1rio de Ouro Preto","description":"Not\u00edcias Ouro Preto; Mariana;Minas Gerais;Jornal;Jornalismo;Not\u00edcias;","publisher":{"@id":"https:\/\/www.diariodeouropreto.com.br\/pt\/#organization"},"alternateName":"Jornal di\u00e1rio de Ouro Preto","potentialAction":[{"@type":"SearchAction","target":{"@type":"EntryPoint","urlTemplate":"https:\/\/www.diariodeouropreto.com.br\/pt\/?s={search_term_string}"},"query-input":{"@type":"PropertyValueSpecification","valueRequired":true,"valueName":"search_term_string"}}],"inLanguage":"pt-PT"},{"@type":"Organization","@id":"https:\/\/www.diariodeouropreto.com.br\/pt\/#organization","name":"Di\u00e1rio de Ouro Preto","alternateName":"Jornal di\u00e1rio Ouro Preto","url":"https:\/\/www.diariodeouropreto.com.br\/pt\/","logo":{"@type":"ImageObject","inLanguage":"pt-PT","@id":"https:\/\/www.diariodeouropreto.com.br\/pt\/#\/schema\/logo\/image\/","url":"https:\/\/www.diariodeouropreto.com.br\/wp-content\/uploads\/2019\/06\/cropped-logotransp-2.png","contentUrl":"https:\/\/www.diariodeouropreto.com.br\/wp-content\/uploads\/2019\/06\/cropped-logotransp-2.png","width":1323,"height":251,"caption":"Di\u00e1rio de Ouro Preto"},"image":{"@id":"https:\/\/www.diariodeouropreto.com.br\/pt\/#\/schema\/logo\/image\/"},"sameAs":["https:\/\/www.facebook.com\/diariodeouropreto\/"]},{"@type":"Person","@id":"https:\/\/www.diariodeouropreto.com.br\/pt\/#\/schema\/person\/7654e7b471204a6dab6dc0ce6e140c99","name":"Di\u00e1rio de Ouro Preto","sameAs":["http:\/\/www.diariodeouropreto.com.br"],"url":"https:\/\/www.diariodeouropreto.com.br\/pt\/author\/diario\/"}]}},"jetpack_publicize_connections":[],"jetpack_featured_media_url":"https:\/\/www.diariodeouropreto.com.br\/wp-content\/uploads\/2026\/04\/Arte-do-Pronatec.jpg","jetpack-related-posts":[{"id":44879,"url":"https:\/\/www.diariodeouropreto.com.br\/pt\/ifmg-campus-ouro-preto-oferece-cursos-gratuitos-na-area-de-informatica-com-pagamento-de-bolsa\/","url_meta":{"origin":52080,"position":0},"title":"IFMG &#8211; Campus Ouro Preto oferece cursos gratuitos na \u00e1rea de inform\u00e1tica com pagamento de bolsa","author":"Di\u00e1rio de Ouro Preto","date":"30 de Maio de 2025","format":false,"excerpt":"Capacita\u00e7\u00f5es em desenvolvimento Front-end e Back-end ser\u00e3o realizadas de forma presencial. A iniciativa busca promover inclus\u00e3o digital e inser\u00e7\u00e3o no mercado de trabalho por meio de forma\u00e7\u00e3o t\u00e9cnica em tecnologia da informa\u00e7\u00e3o.Est\u00e3o abertas, at\u00e9 o dia 6 de junho, as inscri\u00e7\u00f5es para capacita\u00e7\u00f5es presenciais nas \u00e1reas de desenvolvimento Front-end e\u2026","rel":"","context":"In &quot;Oportunidades&quot;","block_context":{"text":"Oportunidades","link":"https:\/\/www.diariodeouropreto.com.br\/pt\/Editoria\/oportunidades\/"},"img":{"alt_text":"","src":"https:\/\/i0.wp.com\/www.diariodeouropreto.com.br\/wp-content\/uploads\/2025\/05\/feed2812928429.jpg?resize=350%2C200&ssl=1","width":350,"height":200,"srcset":"https:\/\/i0.wp.com\/www.diariodeouropreto.com.br\/wp-content\/uploads\/2025\/05\/feed2812928429.jpg?resize=350%2C200&ssl=1 1x, https:\/\/i0.wp.com\/www.diariodeouropreto.com.br\/wp-content\/uploads\/2025\/05\/feed2812928429.jpg?resize=525%2C300&ssl=1 1.5x"},"classes":[]},{"id":46878,"url":"https:\/\/www.diariodeouropreto.com.br\/pt\/ifmg-oferta-curso-gratuito-de-programacao-pelo-programa-bolsa-futuro-digital\/","url_meta":{"origin":52080,"position":1},"title":"IFMG oferta curso gratuito de programa\u00e7\u00e3o pelo programa Bolsa Futuro Digital","author":"Di\u00e1rio de Ouro Preto","date":"13 de Agosto de 2025","format":false,"excerpt":"O IFMG ofertar\u00e1 201 vagas em cursos na \u00e1rea de tecnologia pelo programa Bolsa Futuro Digital - Conecta Capacita, por meio do edital de vagas remanescentes. O principal objetivo do programa \u00e9 preparar estudantes e profissionais para trabalhar com desenvolvimento de software, ajudando a resolver a falta de pessoas com\u2026","rel":"","context":"In &quot;Oportunidades&quot;","block_context":{"text":"Oportunidades","link":"https:\/\/www.diariodeouropreto.com.br\/pt\/Editoria\/oportunidades\/"},"img":{"alt_text":"","src":"https:\/\/i0.wp.com\/www.diariodeouropreto.com.br\/wp-content\/uploads\/2025\/08\/capa.jpeg?resize=350%2C200&ssl=1","width":350,"height":200,"srcset":"https:\/\/i0.wp.com\/www.diariodeouropreto.com.br\/wp-content\/uploads\/2025\/08\/capa.jpeg?resize=350%2C200&ssl=1 1x, https:\/\/i0.wp.com\/www.diariodeouropreto.com.br\/wp-content\/uploads\/2025\/08\/capa.jpeg?resize=525%2C300&ssl=1 1.5x, https:\/\/i0.wp.com\/www.diariodeouropreto.com.br\/wp-content\/uploads\/2025\/08\/capa.jpeg?resize=700%2C400&ssl=1 2x, https:\/\/i0.wp.com\/www.diariodeouropreto.com.br\/wp-content\/uploads\/2025\/08\/capa.jpeg?resize=1050%2C600&ssl=1 3x"},"classes":[]},{"id":1855,"url":"https:\/\/www.diariodeouropreto.com.br\/pt\/ifmg-ouro-preto-abre-inscricoes-para-curso-de-formacao-continuada-em-design-de-joias\/","url_meta":{"origin":52080,"position":2},"title":"IFMG \u2013 Ouro Preto abre inscri\u00e7\u00f5es para Curso de Forma\u00e7\u00e3o Continuada em Design de Joias","author":"Di\u00e1rio de Ouro Preto","date":"4 de Fevereiro de 2020","format":false,"excerpt":"Est\u00e3o abertas at\u00e9 o dia 21 de fevereiro, as inscri\u00e7\u00f5es para a sele\u00e7\u00e3o de candidatos para o Curso de Forma\u00e7\u00e3o Continuada em Design de Joias (n\u00edvel iniciante) do IFMG \u2013 Campus Ouro Preto. O curso \u00e9 gratuito e ter\u00e1 a dura\u00e7\u00e3o total de 150 horas, com aulas ofertadas \u00e0s segundas,\u2026","rel":"","context":"In &quot;Ouro Preto&quot;","block_context":{"text":"Ouro Preto","link":"https:\/\/www.diariodeouropreto.com.br\/pt\/Editoria\/ouro-preto\/"},"img":{"alt_text":"","src":"https:\/\/i0.wp.com\/www.diariodeouropreto.com.br\/wp-content\/uploads\/2020\/02\/24131107_1896078300708196_5272047154205185771_n-2.jpg?resize=350%2C200&ssl=1","width":350,"height":200,"srcset":"https:\/\/i0.wp.com\/www.diariodeouropreto.com.br\/wp-content\/uploads\/2020\/02\/24131107_1896078300708196_5272047154205185771_n-2.jpg?resize=350%2C200&ssl=1 1x, https:\/\/i0.wp.com\/www.diariodeouropreto.com.br\/wp-content\/uploads\/2020\/02\/24131107_1896078300708196_5272047154205185771_n-2.jpg?resize=525%2C300&ssl=1 1.5x"},"classes":[]},{"id":23430,"url":"https:\/\/www.diariodeouropreto.com.br\/pt\/ifmg-oferta-curso-gratuito-de-eletricista-de-sistemas-de-energia-renovavel\/","url_meta":{"origin":52080,"position":3},"title":"IFMG oferta curso gratuito de Eletricista de Sistemas de Energia Renov\u00e1vel","author":"Di\u00e1rio de Ouro Preto","date":"31 de Maio de 2023","format":false,"excerpt":"Forma\u00e7\u00e3o para Instalador de Sistemas Fotovoltaicos ser\u00e1 ministrada por meio do programa Qualifica Mais Energife, em diversos campi, com aulas presenciais previstas para iniciar em julho. Entre 31 de maio e 18 de junho estar\u00e3o abertas as inscri\u00e7\u00f5es para estudantes,\u00a0no curso de forma\u00e7\u00e3o inicial continuada (FIC) em Eletricista de Energia\u2026","rel":"","context":"In &quot;Oportunidades&quot;","block_context":{"text":"Oportunidades","link":"https:\/\/www.diariodeouropreto.com.br\/pt\/Editoria\/oportunidades\/"},"img":{"alt_text":"","src":"https:\/\/i0.wp.com\/www.diariodeouropreto.com.br\/wp-content\/uploads\/2021\/04\/capa-noticia-geral-e1617738740372.png?resize=350%2C200&ssl=1","width":350,"height":200,"srcset":"https:\/\/i0.wp.com\/www.diariodeouropreto.com.br\/wp-content\/uploads\/2021\/04\/capa-noticia-geral-e1617738740372.png?resize=350%2C200&ssl=1 1x, https:\/\/i0.wp.com\/www.diariodeouropreto.com.br\/wp-content\/uploads\/2021\/04\/capa-noticia-geral-e1617738740372.png?resize=525%2C300&ssl=1 1.5x"},"classes":[]},{"id":5654,"url":"https:\/\/www.diariodeouropreto.com.br\/pt\/ifmg-oferece-curso-gratuito-de-joalheria-artesanal-e-gemologia\/","url_meta":{"origin":52080,"position":4},"title":"IFMG oferece curso gratuito de Joalheria Artesanal e Gemologia","author":"Di\u00e1rio de Ouro Preto","date":"20 de Novembro de 2020","format":false,"excerpt":"O IFMG \u2013 Campus Ouro Preto est\u00e1 com inscri\u00e7\u00f5es abertas para a sele\u00e7\u00e3o de candidatos para cursos gratuitos de Forma\u00e7\u00e3o Continuada em Joalheria Artesanal e em Gemologia, ambos oferecidos em m\u00f3dulo b\u00e1sico. Ser\u00e3o ofertadas 12 vagas para cada modalidade, com aulas \u00e0s ter\u00e7as, quartas e quintas-feiras, das 19h \u00e0s 22h40.\u2026","rel":"","context":"In &quot;Cultura, Artes e Patrim\u00f4nio&quot;","block_context":{"text":"Cultura, Artes e Patrim\u00f4nio","link":"https:\/\/www.diariodeouropreto.com.br\/pt\/Editoria\/culturaeartes\/"},"img":{"alt_text":"","src":"https:\/\/i0.wp.com\/www.diariodeouropreto.com.br\/wp-content\/uploads\/2020\/02\/24131107_1896078300708196_5272047154205185771_n-2.jpg?resize=350%2C200&ssl=1","width":350,"height":200,"srcset":"https:\/\/i0.wp.com\/www.diariodeouropreto.com.br\/wp-content\/uploads\/2020\/02\/24131107_1896078300708196_5272047154205185771_n-2.jpg?resize=350%2C200&ssl=1 1x, https:\/\/i0.wp.com\/www.diariodeouropreto.com.br\/wp-content\/uploads\/2020\/02\/24131107_1896078300708196_5272047154205185771_n-2.jpg?resize=525%2C300&ssl=1 1.5x"},"classes":[]},{"id":18252,"url":"https:\/\/www.diariodeouropreto.com.br\/pt\/ifmg-oferta-vagas-para-curso-gratuito-de-eletricista-em-sistemas-de-energia-renovavel\/","url_meta":{"origin":52080,"position":5},"title":"IFMG oferta vagas para curso gratuito de Eletricista em Sistemas de Energia Renov\u00e1vel","author":"Di\u00e1rio de Ouro Preto","date":"1 de Setembro de 2022","format":false,"excerpt":"O IFMG est\u00e1 com inscri\u00e7\u00f5es abertas para o curso gratuito de forma\u00e7\u00e3o inicial e continuada (FIC) em Eletricista de Sistemas de Energia Renov\u00e1vel (Instalador de Sistemas Fotovoltaicos), no \u00e2mbito no Programa Qualifica+ EnergIFE. Para cursar, \u00e9 necess\u00e1rio comprovar a conclus\u00e3o do Ensino Fundamental. Os classificados v\u00e3o receber ajuda de custo\u2026","rel":"","context":"In &quot;Oportunidades&quot;","block_context":{"text":"Oportunidades","link":"https:\/\/www.diariodeouropreto.com.br\/pt\/Editoria\/oportunidades\/"},"img":{"alt_text":"","src":"https:\/\/i0.wp.com\/www.diariodeouropreto.com.br\/wp-content\/uploads\/2019\/09\/titulosite2-e1616373489755.jpg?resize=350%2C200&ssl=1","width":350,"height":200,"srcset":"https:\/\/i0.wp.com\/www.diariodeouropreto.com.br\/wp-content\/uploads\/2019\/09\/titulosite2-e1616373489755.jpg?resize=350%2C200&ssl=1 1x, https:\/\/i0.wp.com\/www.diariodeouropreto.com.br\/wp-content\/uploads\/2019\/09\/titulosite2-e1616373489755.jpg?resize=525%2C300&ssl=1 1.5x, https:\/\/i0.wp.com\/www.diariodeouropreto.com.br\/wp-content\/uploads\/2019\/09\/titulosite2-e1616373489755.jpg?resize=700%2C400&ssl=1 2x, https:\/\/i0.wp.com\/www.diariodeouropreto.com.br\/wp-content\/uploads\/2019\/09\/titulosite2-e1616373489755.jpg?resize=1050%2C600&ssl=1 3x"},"classes":[]}],"jetpack_sharing_enabled":true,"amp_enabled":true,"_links":{"self":[{"href":"https:\/\/www.diariodeouropreto.com.br\/pt\/wp-json\/wp\/v2\/posts\/52080","targetHints":{"allow":["GET"]}}],"collection":[{"href":"https:\/\/www.diariodeouropreto.com.br\/pt\/wp-json\/wp\/v2\/posts"}],"about":[{"href":"https:\/\/www.diariodeouropreto.com.br\/pt\/wp-json\/wp\/v2\/types\/post"}],"author":[{"embeddable":true,"href":"https:\/\/www.diariodeouropreto.com.br\/pt\/wp-json\/wp\/v2\/users\/1"}],"replies":[{"embeddable":true,"href":"https:\/\/www.diariodeouropreto.com.br\/pt\/wp-json\/wp\/v2\/comments?post=52080"}],"version-history":[{"count":1,"href":"https:\/\/www.diariodeouropreto.com.br\/pt\/wp-json\/wp\/v2\/posts\/52080\/revisions"}],"predecessor-version":[{"id":52083,"href":"https:\/\/www.diariodeouropreto.com.br\/pt\/wp-json\/wp\/v2\/posts\/52080\/revisions\/52083"}],"wp:featuredmedia":[{"embeddable":true,"href":"https:\/\/www.diariodeouropreto.com.br\/pt\/wp-json\/wp\/v2\/media\/52081"}],"wp:attachment":[{"href":"https:\/\/www.diariodeouropreto.com.br\/pt\/wp-json\/wp\/v2\/media?parent=52080"}],"wp:term":[{"taxonomy":"category","embeddable":true,"href":"https:\/\/www.diariodeouropreto.com.br\/pt\/wp-json\/wp\/v2\/categories?post=52080"},{"taxonomy":"post_tag","embeddable":true,"href":"https:\/\/www.diariodeouropreto.com.br\/pt\/wp-json\/wp\/v2\/tags?post=52080"}],"curies":[{"name":"wp","href":"https:\/\/api.w.org\/{rel}","templated":true}]}}