{"id":52079,"date":"2026-04-30T18:00:00","date_gmt":"2026-04-30T21:00:00","guid":{"rendered":"https:\/\/www.diariodeouropreto.com.br\/?p=52079"},"modified":"2026-04-30T17:39:47","modified_gmt":"2026-04-30T20:39:47","slug":"prefeitura-de-ouro-preto-destaca-conquistas-de-alunos-de-antonio-pereira-na-olimpiada-brasileira-de-robotica","status":"publish","type":"post","link":"https:\/\/www.diariodeouropreto.com.br\/pt\/prefeitura-de-ouro-preto-destaca-conquistas-de-alunos-de-antonio-pereira-na-olimpiada-brasileira-de-robotica\/","title":{"rendered":"Prefeitura de Ouro Preto destaca conquistas de alunos de Ant\u00f4nio Pereira na Olimp\u00edada Brasileira de Rob\u00f3tica"},"content":{"rendered":"<p>A Prefeitura de Ouro Preto realizou a entrega de certificados e medalhas aos estudantes de Ant\u00f4nio Pereira que participaram da Olimp\u00edada Brasileira de Rob\u00f3tica (OBR). A cerim\u00f4nia marcou o reconhecimento ao desempenho dos alunos e refor\u00e7ou o compromisso do munic\u00edpio com uma educa\u00e7\u00e3o inovadora, pr\u00e1tica e voltada para o futuro.<\/p>\n\n\n\n<p>Para o prefeito Angelo Oswaldo, a iniciativa representa uma das a\u00e7\u00f5es mais significativas do mandato. \u201cEstou muito feliz de estar aqui em uma das iniciativas mais bonitas do nosso mandato.\u201d O prefeito tamb\u00e9m destacou o entusiasmo dos estudantes e o ambiente de aprendizado constru\u00eddo no distrito.<\/p>\n\n\n\n<p>Instrutor de tecnologia e professor orientador, Samuel Borges ressaltou a import\u00e2ncia do momento para a comunidade. \u201cHoje foi um dia muito importante para a comunidade Ant\u00f4nio Pereira, n\u00f3s tivemos a cerim\u00f4nia para entregar o certificado de participa\u00e7\u00e3o dos alunos que participaram conosco nesse projeto no ano passado da Olimp\u00edada Brasileira de Rob\u00f3tica\u201d, destacou. Ele lembrou ainda que um dos estudantes foi homenageado com medalha de ouro em n\u00edvel nacional, marcando uma conquista in\u00e9dita para o distrito.<\/p>\n\n\n\n<p>\u201cPela primeira vez, Ant\u00f4nio Pereira teve um aluno sendo premiado na Olimp\u00edada Brasileira de Rob\u00f3tica com medalha de ouro. Ent\u00e3o, para toda a comunidade isso \u00e9 muito importante\u201d, afirmou Samuel Sabino, Assessor Especial da Secretaria de Desenvolvimento Econ\u00f4mico, Inova\u00e7\u00e3o e Tecnologia. Segundo ele, o laborat\u00f3rio tem sido um espa\u00e7o de forma\u00e7\u00e3o e descoberta para os jovens, com atividades que estimulam o racioc\u00ednio l\u00f3gico, a resolu\u00e7\u00e3o de problemas e o uso de novas tecnologias.<\/p>\n\n\n\n<p>Samuel Sabino tamb\u00e9m comemorou os resultados do projeto destacando que \u00e9 o primeiro laborat\u00f3rio instalado em um distrito de Ouro Preto e j\u00e1 certificou cinco alunos participantes da OBR, sendo que um deles conquistou medalha de ouro. \u201c\u00c9 um orgulho muito grande para n\u00f3s da Secretaria desenvolver esse projeto, sermos os idealizadores dele e estarmos colhendo frutos\u201d, afirmou.<\/p>\n\n\n\n<p>Voltada para estudantes do ensino fundamental, m\u00e9dio e t\u00e9cnico, a Olimp\u00edada Brasileira de Rob\u00f3tica estimula o interesse pela ci\u00eancia, tecnologia e inova\u00e7\u00e3o por meio de desafios que envolvem programa\u00e7\u00e3o, constru\u00e7\u00e3o de prot\u00f3tipos e resolu\u00e7\u00e3o de problemas reais. A iniciativa vai al\u00e9m da competi\u00e7\u00e3o, contribuindo para o desenvolvimento de habilidades como criatividade, autonomia, trabalho em equipe e pensamento cr\u00edtico.<\/p>\n\n\n\n<div id=\"110712\" class=\"advads-saneouro advads-entity-placement\" style=\"margin-left: auto;margin-right: auto;text-align: center;\"><a href=\"https:\/\/www.saneouro.com.br\/\" target=\"_blank\" aria-label=\"DOP_Site\" data-wpel-link=\"external\" rel=\"follow external noopener noreferrer sponsored ugc\"><img src=\"https:\/\/www.diariodeouropreto.com.br\/wp-content\/uploads\/2026\/04\/DOP_Site.jpg\" alt=\"\"  srcset=\"https:\/\/www.diariodeouropreto.com.br\/wp-content\/uploads\/2026\/04\/DOP_Site.jpg 301w, https:\/\/www.diariodeouropreto.com.br\/wp-content\/uploads\/2026\/04\/DOP_Site-180x150.jpg 180w, https:\/\/www.diariodeouropreto.com.br\/wp-content\/uploads\/2026\/04\/DOP_Site-14x12.jpg 14w\" sizes=\"(max-width: 301px) 100vw, 301px\" width=\"301\" height=\"251\"  style=\"display: inline-block;\" \/><\/a><\/div><p>O projeto da Prefeitura de Ouro Preto, que teve in\u00edcio no dia 4 de novembro de 2024, forma cerca de 60 alunos por semestre em programa\u00e7\u00e3o e rob\u00f3tica no distrito de Ant\u00f4nio Pereira, fortalecendo o protagonismo juvenil e ampliando horizontes para a juventude local. Ao valorizar essas conquistas, o munic\u00edpio reafirma seu compromisso com uma educa\u00e7\u00e3o transformadora, capaz de preparar os estudantes para os desafios do presente e do futuro.<\/p>\n\n\n\n<div id=\"50321\" class=\"advads-plantao advads-entity-placement\"><a href=\"https:\/\/www.diariodeouropreto.com.br\/pt\/\" target=\"_blank\" aria-label=\"site &#8211; noticia\" data-wpel-link=\"external\" rel=\"follow external noopener noreferrer sponsored ugc\"><img src=\"https:\/\/www.diariodeouropreto.com.br\/wp-content\/uploads\/2019\/09\/titulosite2-e1616373489755.jpg\" alt=\"\"  srcset=\"https:\/\/www.diariodeouropreto.com.br\/wp-content\/uploads\/2019\/09\/titulosite2-e1616373489755.jpg 1200w, https:\/\/www.diariodeouropreto.com.br\/wp-content\/uploads\/2019\/09\/titulosite2-e1616373489755-150x38.jpg 150w, https:\/\/www.diariodeouropreto.com.br\/wp-content\/uploads\/2019\/09\/titulosite2-e1616373489755-660x167.jpg 660w, https:\/\/www.diariodeouropreto.com.br\/wp-content\/uploads\/2019\/09\/titulosite2-e1616373489755-768x194.jpg 768w, https:\/\/www.diariodeouropreto.com.br\/wp-content\/uploads\/2019\/09\/titulosite2-e1616373489755-1000x252.jpg 1000w, https:\/\/www.diariodeouropreto.com.br\/wp-content\/uploads\/2019\/09\/titulosite2-e1616373489755-1536x388.jpg 1536w, https:\/\/www.diariodeouropreto.com.br\/wp-content\/uploads\/2019\/09\/titulosite2-e1616373489755-2048x517.jpg 2048w\" sizes=\"(max-width: 1200px) 100vw, 1200px\" width=\"1200\" height=\"303\"  style=\"display: inline-block;\" \/><\/a><\/div><p>Fonte: Assessoria Prefeitura de Ouro Preto<\/p>","protected":false},"excerpt":{"rendered":"<p>A Prefeitura de Ouro Preto realizou a entrega de certificados e medalhas aos estudantes de Ant\u00f4nio Pereira que participaram da Olimp\u00edada Brasileira de Rob\u00f3tica (OBR). A cerim\u00f4nia marcou o reconhecimento ao desempenho dos alunos e refor\u00e7ou o compromisso do munic\u00edpio com uma educa\u00e7\u00e3o inovadora, pr\u00e1tica e voltada para o futuro.<span class=\"more-link\"><a href=\"https:\/\/www.diariodeouropreto.com.br\/pt\/prefeitura-de-ouro-preto-destaca-conquistas-de-alunos-de-antonio-pereira-na-olimpiada-brasileira-de-robotica\/\" data-wpel-link=\"internal\">Continue Lendo<\/a><\/span><\/p>","protected":false},"author":1,"featured_media":52085,"comment_status":"closed","ping_status":"closed","sticky":false,"template":"","format":"standard","meta":{"_jetpack_memberships_contains_paid_content":false,"footnotes":"","jetpack_publicize_message":"A cerim\u00f4nia marcou o reconhecimento ao desempenho dos alunos e refor\u00e7ou o compromisso do munic\u00edpio com uma educa\u00e7\u00e3o inovadora, pr\u00e1tica e voltada para o futuro","jetpack_publicize_feature_enabled":true,"jetpack_social_post_already_shared":true,"jetpack_social_options":{"image_generator_settings":{"template":"highway","default_image_id":0,"font":"","enabled":false},"version":2}},"categories":[272],"tags":[],"class_list":["entry","author-diario","post-52079","post","type-post","status-publish","format-standard","has-post-thumbnail","category-variedades"],"yoast_head":"<!-- This site is optimized with the Yoast SEO plugin v27.5 - https:\/\/yoast.com\/product\/yoast-seo-wordpress\/ -->\n<title>Prefeitura de Ouro Preto destaca conquistas de alunos de Ant\u00f4nio Pereira na Olimp\u00edada Brasileira de Rob\u00f3tica - Di\u00e1rio de Ouro Preto<\/title>\n<meta name=\"description\" content=\"- Prefeitura de Ouro Preto destaca conquistas de alunos de Ant\u00f4nio Pereira na Olimp\u00edada Brasileira de Rob\u00f3tica - Variedades\" \/>\n<meta name=\"robots\" content=\"index, follow, max-snippet:-1, max-image-preview:large, max-video-preview:-1\" \/>\n<link rel=\"canonical\" href=\"https:\/\/www.diariodeouropreto.com.br\/pt\/prefeitura-de-ouro-preto-destaca-conquistas-de-alunos-de-antonio-pereira-na-olimpiada-brasileira-de-robotica\/\" \/>\n<meta property=\"og:locale\" content=\"pt_PT\" \/>\n<meta property=\"og:type\" content=\"article\" \/>\n<meta property=\"og:title\" content=\"Prefeitura de Ouro Preto destaca conquistas de alunos de Ant\u00f4nio Pereira na Olimp\u00edada Brasileira de Rob\u00f3tica - Di\u00e1rio de Ouro Preto\" \/>\n<meta property=\"og:description\" content=\"- Prefeitura de Ouro Preto destaca conquistas de alunos de Ant\u00f4nio Pereira na Olimp\u00edada Brasileira de Rob\u00f3tica - Variedades\" \/>\n<meta property=\"og:url\" content=\"https:\/\/www.diariodeouropreto.com.br\/pt\/prefeitura-de-ouro-preto-destaca-conquistas-de-alunos-de-antonio-pereira-na-olimpiada-brasileira-de-robotica\/\" \/>\n<meta property=\"og:site_name\" content=\"Di\u00e1rio de Ouro Preto\" \/>\n<meta property=\"article:publisher\" content=\"https:\/\/www.facebook.com\/diariodeouropreto\/\" \/>\n<meta property=\"article:published_time\" content=\"2026-04-30T21:00:00+00:00\" \/>\n<meta property=\"og:image\" content=\"https:\/\/www.diariodeouropreto.com.br\/wp-content\/uploads\/2026\/04\/WhatsApp-Image-2026-04-29-at-15.34.11.jpeg\" \/>\n\t<meta property=\"og:image:width\" content=\"1200\" \/>\n\t<meta property=\"og:image:height\" content=\"675\" \/>\n\t<meta property=\"og:image:type\" content=\"image\/jpeg\" \/>\n<meta name=\"author\" content=\"Di\u00e1rio de Ouro Preto\" \/>\n<meta name=\"twitter:card\" content=\"summary_large_image\" \/>\n<meta name=\"twitter:label1\" content=\"Escrito por\" \/>\n\t<meta name=\"twitter:data1\" content=\"Di\u00e1rio de Ouro Preto\" \/>\n\t<meta name=\"twitter:label2\" content=\"Tempo estimado de leitura\" \/>\n\t<meta name=\"twitter:data2\" content=\"3 minutos\" \/>\n<script type=\"application\/ld+json\" class=\"yoast-schema-graph\">{\"@context\":\"https:\\\/\\\/schema.org\",\"@graph\":[{\"@type\":\"Article\",\"@id\":\"https:\\\/\\\/www.diariodeouropreto.com.br\\\/prefeitura-de-ouro-preto-destaca-conquistas-de-alunos-de-antonio-pereira-na-olimpiada-brasileira-de-robotica\\\/#article\",\"isPartOf\":{\"@id\":\"https:\\\/\\\/www.diariodeouropreto.com.br\\\/prefeitura-de-ouro-preto-destaca-conquistas-de-alunos-de-antonio-pereira-na-olimpiada-brasileira-de-robotica\\\/\"},\"author\":{\"name\":\"Di\u00e1rio de Ouro Preto\",\"@id\":\"https:\\\/\\\/www.diariodeouropreto.com.br\\\/pt\\\/#\\\/schema\\\/person\\\/7654e7b471204a6dab6dc0ce6e140c99\"},\"headline\":\"Prefeitura de Ouro Preto destaca conquistas de alunos de Ant\u00f4nio Pereira na Olimp\u00edada Brasileira de Rob\u00f3tica\",\"datePublished\":\"2026-04-30T21:00:00+00:00\",\"mainEntityOfPage\":{\"@id\":\"https:\\\/\\\/www.diariodeouropreto.com.br\\\/prefeitura-de-ouro-preto-destaca-conquistas-de-alunos-de-antonio-pereira-na-olimpiada-brasileira-de-robotica\\\/\"},\"wordCount\":504,\"publisher\":{\"@id\":\"https:\\\/\\\/www.diariodeouropreto.com.br\\\/pt\\\/#organization\"},\"image\":{\"@id\":\"https:\\\/\\\/www.diariodeouropreto.com.br\\\/prefeitura-de-ouro-preto-destaca-conquistas-de-alunos-de-antonio-pereira-na-olimpiada-brasileira-de-robotica\\\/#primaryimage\"},\"thumbnailUrl\":\"https:\\\/\\\/www.diariodeouropreto.com.br\\\/wp-content\\\/uploads\\\/2026\\\/04\\\/WhatsApp-Image-2026-04-29-at-15.34.11.jpeg\",\"articleSection\":[\"Variedades\"],\"inLanguage\":\"pt-PT\"},{\"@type\":\"WebPage\",\"@id\":\"https:\\\/\\\/www.diariodeouropreto.com.br\\\/prefeitura-de-ouro-preto-destaca-conquistas-de-alunos-de-antonio-pereira-na-olimpiada-brasileira-de-robotica\\\/\",\"url\":\"https:\\\/\\\/www.diariodeouropreto.com.br\\\/prefeitura-de-ouro-preto-destaca-conquistas-de-alunos-de-antonio-pereira-na-olimpiada-brasileira-de-robotica\\\/\",\"name\":\"Prefeitura de Ouro Preto destaca conquistas de alunos de Ant\u00f4nio Pereira na Olimp\u00edada Brasileira de Rob\u00f3tica - Di\u00e1rio de Ouro Preto\",\"isPartOf\":{\"@id\":\"https:\\\/\\\/www.diariodeouropreto.com.br\\\/pt\\\/#website\"},\"primaryImageOfPage\":{\"@id\":\"https:\\\/\\\/www.diariodeouropreto.com.br\\\/prefeitura-de-ouro-preto-destaca-conquistas-de-alunos-de-antonio-pereira-na-olimpiada-brasileira-de-robotica\\\/#primaryimage\"},\"image\":{\"@id\":\"https:\\\/\\\/www.diariodeouropreto.com.br\\\/prefeitura-de-ouro-preto-destaca-conquistas-de-alunos-de-antonio-pereira-na-olimpiada-brasileira-de-robotica\\\/#primaryimage\"},\"thumbnailUrl\":\"https:\\\/\\\/www.diariodeouropreto.com.br\\\/wp-content\\\/uploads\\\/2026\\\/04\\\/WhatsApp-Image-2026-04-29-at-15.34.11.jpeg\",\"datePublished\":\"2026-04-30T21:00:00+00:00\",\"description\":\"- Prefeitura de Ouro Preto destaca conquistas de alunos de Ant\u00f4nio Pereira na Olimp\u00edada Brasileira de Rob\u00f3tica - Variedades\",\"breadcrumb\":{\"@id\":\"https:\\\/\\\/www.diariodeouropreto.com.br\\\/prefeitura-de-ouro-preto-destaca-conquistas-de-alunos-de-antonio-pereira-na-olimpiada-brasileira-de-robotica\\\/#breadcrumb\"},\"inLanguage\":\"pt-PT\",\"potentialAction\":[{\"@type\":\"ReadAction\",\"target\":[\"https:\\\/\\\/www.diariodeouropreto.com.br\\\/prefeitura-de-ouro-preto-destaca-conquistas-de-alunos-de-antonio-pereira-na-olimpiada-brasileira-de-robotica\\\/\"]}]},{\"@type\":\"ImageObject\",\"inLanguage\":\"pt-PT\",\"@id\":\"https:\\\/\\\/www.diariodeouropreto.com.br\\\/prefeitura-de-ouro-preto-destaca-conquistas-de-alunos-de-antonio-pereira-na-olimpiada-brasileira-de-robotica\\\/#primaryimage\",\"url\":\"https:\\\/\\\/www.diariodeouropreto.com.br\\\/wp-content\\\/uploads\\\/2026\\\/04\\\/WhatsApp-Image-2026-04-29-at-15.34.11.jpeg\",\"contentUrl\":\"https:\\\/\\\/www.diariodeouropreto.com.br\\\/wp-content\\\/uploads\\\/2026\\\/04\\\/WhatsApp-Image-2026-04-29-at-15.34.11.jpeg\",\"width\":1200,\"height\":675},{\"@type\":\"BreadcrumbList\",\"@id\":\"https:\\\/\\\/www.diariodeouropreto.com.br\\\/prefeitura-de-ouro-preto-destaca-conquistas-de-alunos-de-antonio-pereira-na-olimpiada-brasileira-de-robotica\\\/#breadcrumb\",\"itemListElement\":[{\"@type\":\"ListItem\",\"position\":1,\"name\":\"In\u00edcio\",\"item\":\"https:\\\/\\\/www.diariodeouropreto.com.br\\\/pt\\\/\"},{\"@type\":\"ListItem\",\"position\":2,\"name\":\"Prefeitura de Ouro Preto destaca conquistas de alunos de Ant\u00f4nio Pereira na Olimp\u00edada Brasileira de Rob\u00f3tica\"}]},{\"@type\":\"WebSite\",\"@id\":\"https:\\\/\\\/www.diariodeouropreto.com.br\\\/pt\\\/#website\",\"url\":\"https:\\\/\\\/www.diariodeouropreto.com.br\\\/pt\\\/\",\"name\":\"Di\u00e1rio de Ouro Preto\",\"description\":\"Not\u00edcias Ouro Preto; Mariana;Minas Gerais;Jornal;Jornalismo;Not\u00edcias;\",\"publisher\":{\"@id\":\"https:\\\/\\\/www.diariodeouropreto.com.br\\\/pt\\\/#organization\"},\"alternateName\":\"Jornal di\u00e1rio de Ouro Preto\",\"potentialAction\":[{\"@type\":\"SearchAction\",\"target\":{\"@type\":\"EntryPoint\",\"urlTemplate\":\"https:\\\/\\\/www.diariodeouropreto.com.br\\\/pt\\\/?s={search_term_string}\"},\"query-input\":{\"@type\":\"PropertyValueSpecification\",\"valueRequired\":true,\"valueName\":\"search_term_string\"}}],\"inLanguage\":\"pt-PT\"},{\"@type\":\"Organization\",\"@id\":\"https:\\\/\\\/www.diariodeouropreto.com.br\\\/pt\\\/#organization\",\"name\":\"Di\u00e1rio de Ouro Preto\",\"alternateName\":\"Jornal di\u00e1rio Ouro Preto\",\"url\":\"https:\\\/\\\/www.diariodeouropreto.com.br\\\/pt\\\/\",\"logo\":{\"@type\":\"ImageObject\",\"inLanguage\":\"pt-PT\",\"@id\":\"https:\\\/\\\/www.diariodeouropreto.com.br\\\/pt\\\/#\\\/schema\\\/logo\\\/image\\\/\",\"url\":\"https:\\\/\\\/www.diariodeouropreto.com.br\\\/wp-content\\\/uploads\\\/2019\\\/06\\\/cropped-logotransp-2.png\",\"contentUrl\":\"https:\\\/\\\/www.diariodeouropreto.com.br\\\/wp-content\\\/uploads\\\/2019\\\/06\\\/cropped-logotransp-2.png\",\"width\":1323,\"height\":251,\"caption\":\"Di\u00e1rio de Ouro Preto\"},\"image\":{\"@id\":\"https:\\\/\\\/www.diariodeouropreto.com.br\\\/pt\\\/#\\\/schema\\\/logo\\\/image\\\/\"},\"sameAs\":[\"https:\\\/\\\/www.facebook.com\\\/diariodeouropreto\\\/\"]},{\"@type\":\"Person\",\"@id\":\"https:\\\/\\\/www.diariodeouropreto.com.br\\\/pt\\\/#\\\/schema\\\/person\\\/7654e7b471204a6dab6dc0ce6e140c99\",\"name\":\"Di\u00e1rio de Ouro Preto\",\"sameAs\":[\"http:\\\/\\\/www.diariodeouropreto.com.br\"],\"url\":\"https:\\\/\\\/www.diariodeouropreto.com.br\\\/pt\\\/author\\\/diario\\\/\"}]}<\/script>\n<!-- \/ Yoast SEO plugin. -->","yoast_head_json":{"title":"Prefeitura de Ouro Preto destaca conquistas de alunos de Ant\u00f4nio Pereira na Olimp\u00edada Brasileira de Rob\u00f3tica - Di\u00e1rio de Ouro Preto","description":"- Prefeitura de Ouro Preto destaca conquistas de alunos de Ant\u00f4nio Pereira na Olimp\u00edada Brasileira de Rob\u00f3tica - Variedades","robots":{"index":"index","follow":"follow","max-snippet":"max-snippet:-1","max-image-preview":"max-image-preview:large","max-video-preview":"max-video-preview:-1"},"canonical":"https:\/\/www.diariodeouropreto.com.br\/pt\/prefeitura-de-ouro-preto-destaca-conquistas-de-alunos-de-antonio-pereira-na-olimpiada-brasileira-de-robotica\/","og_locale":"pt_PT","og_type":"article","og_title":"Prefeitura de Ouro Preto destaca conquistas de alunos de Ant\u00f4nio Pereira na Olimp\u00edada Brasileira de Rob\u00f3tica - Di\u00e1rio de Ouro Preto","og_description":"- Prefeitura de Ouro Preto destaca conquistas de alunos de Ant\u00f4nio Pereira na Olimp\u00edada Brasileira de Rob\u00f3tica - Variedades","og_url":"https:\/\/www.diariodeouropreto.com.br\/pt\/prefeitura-de-ouro-preto-destaca-conquistas-de-alunos-de-antonio-pereira-na-olimpiada-brasileira-de-robotica\/","og_site_name":"Di\u00e1rio de Ouro Preto","article_publisher":"https:\/\/www.facebook.com\/diariodeouropreto\/","article_published_time":"2026-04-30T21:00:00+00:00","og_image":[{"width":1200,"height":675,"url":"https:\/\/www.diariodeouropreto.com.br\/wp-content\/uploads\/2026\/04\/WhatsApp-Image-2026-04-29-at-15.34.11.jpeg","type":"image\/jpeg"}],"author":"Di\u00e1rio de Ouro Preto","twitter_card":"summary_large_image","twitter_misc":{"Escrito por":"Di\u00e1rio de Ouro Preto","Tempo estimado de leitura":"3 minutos"},"schema":{"@context":"https:\/\/schema.org","@graph":[{"@type":"Article","@id":"https:\/\/www.diariodeouropreto.com.br\/prefeitura-de-ouro-preto-destaca-conquistas-de-alunos-de-antonio-pereira-na-olimpiada-brasileira-de-robotica\/#article","isPartOf":{"@id":"https:\/\/www.diariodeouropreto.com.br\/prefeitura-de-ouro-preto-destaca-conquistas-de-alunos-de-antonio-pereira-na-olimpiada-brasileira-de-robotica\/"},"author":{"name":"Di\u00e1rio de Ouro Preto","@id":"https:\/\/www.diariodeouropreto.com.br\/pt\/#\/schema\/person\/7654e7b471204a6dab6dc0ce6e140c99"},"headline":"Prefeitura de Ouro Preto destaca conquistas de alunos de Ant\u00f4nio Pereira na Olimp\u00edada Brasileira de Rob\u00f3tica","datePublished":"2026-04-30T21:00:00+00:00","mainEntityOfPage":{"@id":"https:\/\/www.diariodeouropreto.com.br\/prefeitura-de-ouro-preto-destaca-conquistas-de-alunos-de-antonio-pereira-na-olimpiada-brasileira-de-robotica\/"},"wordCount":504,"publisher":{"@id":"https:\/\/www.diariodeouropreto.com.br\/pt\/#organization"},"image":{"@id":"https:\/\/www.diariodeouropreto.com.br\/prefeitura-de-ouro-preto-destaca-conquistas-de-alunos-de-antonio-pereira-na-olimpiada-brasileira-de-robotica\/#primaryimage"},"thumbnailUrl":"https:\/\/www.diariodeouropreto.com.br\/wp-content\/uploads\/2026\/04\/WhatsApp-Image-2026-04-29-at-15.34.11.jpeg","articleSection":["Variedades"],"inLanguage":"pt-PT"},{"@type":"WebPage","@id":"https:\/\/www.diariodeouropreto.com.br\/prefeitura-de-ouro-preto-destaca-conquistas-de-alunos-de-antonio-pereira-na-olimpiada-brasileira-de-robotica\/","url":"https:\/\/www.diariodeouropreto.com.br\/prefeitura-de-ouro-preto-destaca-conquistas-de-alunos-de-antonio-pereira-na-olimpiada-brasileira-de-robotica\/","name":"Prefeitura de Ouro Preto destaca conquistas de alunos de Ant\u00f4nio Pereira na Olimp\u00edada Brasileira de Rob\u00f3tica - Di\u00e1rio de Ouro Preto","isPartOf":{"@id":"https:\/\/www.diariodeouropreto.com.br\/pt\/#website"},"primaryImageOfPage":{"@id":"https:\/\/www.diariodeouropreto.com.br\/prefeitura-de-ouro-preto-destaca-conquistas-de-alunos-de-antonio-pereira-na-olimpiada-brasileira-de-robotica\/#primaryimage"},"image":{"@id":"https:\/\/www.diariodeouropreto.com.br\/prefeitura-de-ouro-preto-destaca-conquistas-de-alunos-de-antonio-pereira-na-olimpiada-brasileira-de-robotica\/#primaryimage"},"thumbnailUrl":"https:\/\/www.diariodeouropreto.com.br\/wp-content\/uploads\/2026\/04\/WhatsApp-Image-2026-04-29-at-15.34.11.jpeg","datePublished":"2026-04-30T21:00:00+00:00","description":"- Prefeitura de Ouro Preto destaca conquistas de alunos de Ant\u00f4nio Pereira na Olimp\u00edada Brasileira de Rob\u00f3tica - Variedades","breadcrumb":{"@id":"https:\/\/www.diariodeouropreto.com.br\/prefeitura-de-ouro-preto-destaca-conquistas-de-alunos-de-antonio-pereira-na-olimpiada-brasileira-de-robotica\/#breadcrumb"},"inLanguage":"pt-PT","potentialAction":[{"@type":"ReadAction","target":["https:\/\/www.diariodeouropreto.com.br\/prefeitura-de-ouro-preto-destaca-conquistas-de-alunos-de-antonio-pereira-na-olimpiada-brasileira-de-robotica\/"]}]},{"@type":"ImageObject","inLanguage":"pt-PT","@id":"https:\/\/www.diariodeouropreto.com.br\/prefeitura-de-ouro-preto-destaca-conquistas-de-alunos-de-antonio-pereira-na-olimpiada-brasileira-de-robotica\/#primaryimage","url":"https:\/\/www.diariodeouropreto.com.br\/wp-content\/uploads\/2026\/04\/WhatsApp-Image-2026-04-29-at-15.34.11.jpeg","contentUrl":"https:\/\/www.diariodeouropreto.com.br\/wp-content\/uploads\/2026\/04\/WhatsApp-Image-2026-04-29-at-15.34.11.jpeg","width":1200,"height":675},{"@type":"BreadcrumbList","@id":"https:\/\/www.diariodeouropreto.com.br\/prefeitura-de-ouro-preto-destaca-conquistas-de-alunos-de-antonio-pereira-na-olimpiada-brasileira-de-robotica\/#breadcrumb","itemListElement":[{"@type":"ListItem","position":1,"name":"In\u00edcio","item":"https:\/\/www.diariodeouropreto.com.br\/pt\/"},{"@type":"ListItem","position":2,"name":"Prefeitura de Ouro Preto destaca conquistas de alunos de Ant\u00f4nio Pereira na Olimp\u00edada Brasileira de Rob\u00f3tica"}]},{"@type":"WebSite","@id":"https:\/\/www.diariodeouropreto.com.br\/pt\/#website","url":"https:\/\/www.diariodeouropreto.com.br\/pt\/","name":"Di\u00e1rio de Ouro Preto","description":"Not\u00edcias Ouro Preto; Mariana;Minas Gerais;Jornal;Jornalismo;Not\u00edcias;","publisher":{"@id":"https:\/\/www.diariodeouropreto.com.br\/pt\/#organization"},"alternateName":"Jornal di\u00e1rio de Ouro Preto","potentialAction":[{"@type":"SearchAction","target":{"@type":"EntryPoint","urlTemplate":"https:\/\/www.diariodeouropreto.com.br\/pt\/?s={search_term_string}"},"query-input":{"@type":"PropertyValueSpecification","valueRequired":true,"valueName":"search_term_string"}}],"inLanguage":"pt-PT"},{"@type":"Organization","@id":"https:\/\/www.diariodeouropreto.com.br\/pt\/#organization","name":"Di\u00e1rio de Ouro Preto","alternateName":"Jornal di\u00e1rio Ouro Preto","url":"https:\/\/www.diariodeouropreto.com.br\/pt\/","logo":{"@type":"ImageObject","inLanguage":"pt-PT","@id":"https:\/\/www.diariodeouropreto.com.br\/pt\/#\/schema\/logo\/image\/","url":"https:\/\/www.diariodeouropreto.com.br\/wp-content\/uploads\/2019\/06\/cropped-logotransp-2.png","contentUrl":"https:\/\/www.diariodeouropreto.com.br\/wp-content\/uploads\/2019\/06\/cropped-logotransp-2.png","width":1323,"height":251,"caption":"Di\u00e1rio de Ouro Preto"},"image":{"@id":"https:\/\/www.diariodeouropreto.com.br\/pt\/#\/schema\/logo\/image\/"},"sameAs":["https:\/\/www.facebook.com\/diariodeouropreto\/"]},{"@type":"Person","@id":"https:\/\/www.diariodeouropreto.com.br\/pt\/#\/schema\/person\/7654e7b471204a6dab6dc0ce6e140c99","name":"Di\u00e1rio de Ouro Preto","sameAs":["http:\/\/www.diariodeouropreto.com.br"],"url":"https:\/\/www.diariodeouropreto.com.br\/pt\/author\/diario\/"}]}},"jetpack_publicize_connections":[],"jetpack_featured_media_url":"https:\/\/www.diariodeouropreto.com.br\/wp-content\/uploads\/2026\/04\/WhatsApp-Image-2026-04-29-at-15.34.11.jpeg","jetpack-related-posts":[{"id":1508,"url":"https:\/\/www.diariodeouropreto.com.br\/pt\/prefeito-de-mariana-recebe-8-alunos-marianenses-premiados-na-obmep-2019\/","url_meta":{"origin":52079,"position":0},"title":"Duarte J\u00fanior recebe alunos premiados na Olimp\u00edada de Matem\u00e1tica 2019","author":"Di\u00e1rio de Ouro Preto","date":"11 de Dezembro de 2019","format":false,"excerpt":"Mariana- Oito alunos da rede municipal de ensino foram premiados na 15\u00aa Olimp\u00edada Brasileira de Matem\u00e1tica das Escolas P\u00fablicas - OBMEP 2019. A competi\u00e7\u00e3o acontece anualmente desde 2005 e premia os estudantes que mais se destacaram na prova. O prefeito Duarte J\u00fanior os recebeu em seu gabinete. Mel Campos, de\u2026","rel":"","context":"In &quot;Mariana&quot;","block_context":{"text":"Mariana","link":"https:\/\/www.diariodeouropreto.com.br\/pt\/Editoria\/mariana\/"},"img":{"alt_text":"","src":"https:\/\/i0.wp.com\/www.diariodeouropreto.com.br\/wp-content\/uploads\/2019\/12\/Foto_YasmineFeital-1-scaled.jpg?resize=350%2C200&ssl=1","width":350,"height":200,"srcset":"https:\/\/i0.wp.com\/www.diariodeouropreto.com.br\/wp-content\/uploads\/2019\/12\/Foto_YasmineFeital-1-scaled.jpg?resize=350%2C200&ssl=1 1x, https:\/\/i0.wp.com\/www.diariodeouropreto.com.br\/wp-content\/uploads\/2019\/12\/Foto_YasmineFeital-1-scaled.jpg?resize=525%2C300&ssl=1 1.5x, https:\/\/i0.wp.com\/www.diariodeouropreto.com.br\/wp-content\/uploads\/2019\/12\/Foto_YasmineFeital-1-scaled.jpg?resize=700%2C400&ssl=1 2x, https:\/\/i0.wp.com\/www.diariodeouropreto.com.br\/wp-content\/uploads\/2019\/12\/Foto_YasmineFeital-1-scaled.jpg?resize=1050%2C600&ssl=1 3x"},"classes":[]},{"id":6721,"url":"https:\/\/www.diariodeouropreto.com.br\/pt\/prefeitura-de-ouro-preto-da-continuidade-as-obras-no-caic\/","url_meta":{"origin":52079,"position":1},"title":"Prefeitura de Ouro Preto da continuidade \u00e0s obras no CAIC","author":"Di\u00e1rio de Ouro Preto","date":"4 de Mar\u00e7o de 2021","format":false,"excerpt":"Inaugurado na gest\u00e3o do prefeito Angelo Oswaldo em 1994, o Centro de Aten\u00e7\u00e3o Integral \u00e0 Crian\u00e7a (CAIC, atual Escola Municipal Haydee Antunes, no distrito de Cachoeira do Campo, est\u00e1 passando por interven\u00e7\u00f5es para melhor atender aos alunos e funcion\u00e1rios. Iniciada em setembro, a reforma foi retomada pela atual gest\u00e3o com\u2026","rel":"","context":"In &quot;Ouro Preto&quot;","block_context":{"text":"Ouro Preto","link":"https:\/\/www.diariodeouropreto.com.br\/pt\/Editoria\/ouro-preto\/"},"img":{"alt_text":"","src":"https:\/\/i0.wp.com\/www.diariodeouropreto.com.br\/wp-content\/uploads\/2021\/03\/21012021_Obras-CAIC_ANE_0900-scaled-e1614882062723.jpg?resize=350%2C200&ssl=1","width":350,"height":200,"srcset":"https:\/\/i0.wp.com\/www.diariodeouropreto.com.br\/wp-content\/uploads\/2021\/03\/21012021_Obras-CAIC_ANE_0900-scaled-e1614882062723.jpg?resize=350%2C200&ssl=1 1x, https:\/\/i0.wp.com\/www.diariodeouropreto.com.br\/wp-content\/uploads\/2021\/03\/21012021_Obras-CAIC_ANE_0900-scaled-e1614882062723.jpg?resize=525%2C300&ssl=1 1.5x, https:\/\/i0.wp.com\/www.diariodeouropreto.com.br\/wp-content\/uploads\/2021\/03\/21012021_Obras-CAIC_ANE_0900-scaled-e1614882062723.jpg?resize=700%2C400&ssl=1 2x, https:\/\/i0.wp.com\/www.diariodeouropreto.com.br\/wp-content\/uploads\/2021\/03\/21012021_Obras-CAIC_ANE_0900-scaled-e1614882062723.jpg?resize=1050%2C600&ssl=1 3x"},"classes":[]},{"id":23183,"url":"https:\/\/www.diariodeouropreto.com.br\/pt\/ufop-e-ifmg-celebram-as-maos-dadas-com-comunidade-do-distrito-historico-de-antonio-pereira\/","url_meta":{"origin":52079,"position":2},"title":"Ufop e IFMG celebram as M\u00e3os Dadas com comunidade do distrito hist\u00f3rico de Ant\u00f4nio Pereira","author":"Di\u00e1rio de Ouro Preto","date":"12 de Maio de 2023","format":false,"excerpt":"No \u00faltimo dia 06 de maio de 2023, s\u00e1bado, aconteceu a Feira de Gastronomia e quitandas de Ant\u00f4nio Pereira. A feira \u00e9 constru\u00edda e realizada no \u00e2mbito do programa de extens\u00e3o e pesquisa \u201cUFOP e IFMG de m\u00e3os dadas com o Pereira: sa\u00fade, trabalho e inova\u00e7\u00e3o para acolhimento e empoderamento\u2026","rel":"","context":"In &quot;Ouro Preto&quot;","block_context":{"text":"Ouro Preto","link":"https:\/\/www.diariodeouropreto.com.br\/pt\/Editoria\/ouro-preto\/"},"img":{"alt_text":"","src":"https:\/\/i0.wp.com\/www.diariodeouropreto.com.br\/wp-content\/uploads\/2023\/05\/WhatsApp-Image-2023-05-06-at-23.04.11-3.jpeg?resize=350%2C200&ssl=1","width":350,"height":200,"srcset":"https:\/\/i0.wp.com\/www.diariodeouropreto.com.br\/wp-content\/uploads\/2023\/05\/WhatsApp-Image-2023-05-06-at-23.04.11-3.jpeg?resize=350%2C200&ssl=1 1x, https:\/\/i0.wp.com\/www.diariodeouropreto.com.br\/wp-content\/uploads\/2023\/05\/WhatsApp-Image-2023-05-06-at-23.04.11-3.jpeg?resize=525%2C300&ssl=1 1.5x, https:\/\/i0.wp.com\/www.diariodeouropreto.com.br\/wp-content\/uploads\/2023\/05\/WhatsApp-Image-2023-05-06-at-23.04.11-3.jpeg?resize=700%2C400&ssl=1 2x, https:\/\/i0.wp.com\/www.diariodeouropreto.com.br\/wp-content\/uploads\/2023\/05\/WhatsApp-Image-2023-05-06-at-23.04.11-3.jpeg?resize=1050%2C600&ssl=1 3x"},"classes":[]},{"id":30370,"url":"https:\/\/www.diariodeouropreto.com.br\/pt\/projeto-include-prorrogadas-as-inscricoes-para-capacitacao-de-criancas-e-jovens-em-laboratorios-de-robotica-e-eletronica\/","url_meta":{"origin":52079,"position":3},"title":"\u00a0Projeto Include: Prorrogadas as inscri\u00e7\u00f5es para capacita\u00e7\u00e3o de crian\u00e7as e jovens em laborat\u00f3rios de rob\u00f3tica e eletr\u00f4nica","author":"Di\u00e1rio de Ouro Preto","date":"19 de Fevereiro de 2024","format":false,"excerpt":"Foram prorrogadas para 15 de mar\u00e7o as inscri\u00e7\u00f5es para alunos de escolas p\u00fablicas interessados em participar das novas turmas de forma\u00e7\u00e3o tecnol\u00f3gica nos laborat\u00f3rios do Projeto Include nos munic\u00edpios mineiros de Mariana e Governador Valadares, e em Linhares, no Esp\u00edrito Santo. As aulas ter\u00e3o in\u00edcio no dia 25 do mesmo\u2026","rel":"","context":"In &quot;Oportunidades&quot;","block_context":{"text":"Oportunidades","link":"https:\/\/www.diariodeouropreto.com.br\/pt\/Editoria\/oportunidades\/"},"img":{"alt_text":"","src":"https:\/\/i0.wp.com\/www.diariodeouropreto.com.br\/wp-content\/uploads\/2020\/02\/titulo-site3-2-scaled-e1613680230325.jpg?resize=350%2C200&ssl=1","width":350,"height":200,"srcset":"https:\/\/i0.wp.com\/www.diariodeouropreto.com.br\/wp-content\/uploads\/2020\/02\/titulo-site3-2-scaled-e1613680230325.jpg?resize=350%2C200&ssl=1 1x, https:\/\/i0.wp.com\/www.diariodeouropreto.com.br\/wp-content\/uploads\/2020\/02\/titulo-site3-2-scaled-e1613680230325.jpg?resize=525%2C300&ssl=1 1.5x"},"classes":[]},{"id":42475,"url":"https:\/\/www.diariodeouropreto.com.br\/pt\/estudantes-mineiros-ja-podem-se-inscrever-na-olimpiada-brasileira-de-matematica-das-escolas-publicas\/","url_meta":{"origin":52079,"position":4},"title":"Estudantes mineiros j\u00e1 podem se inscrever na Olimp\u00edada Brasileira de Matem\u00e1tica das Escolas P\u00fablicas","author":"Di\u00e1rio de Ouro Preto","date":"15 de Fevereiro de 2025","format":false,"excerpt":"Secretaria de Estado de Educa\u00e7\u00e3o incentiva participa\u00e7\u00e3o das escolas na maior olimp\u00edada estudantil do pa\u00eds para estimular o interesse pela matem\u00e1tica A 20\u00aa edi\u00e7\u00e3o da Olimp\u00edada Brasileira de Matem\u00e1tica das Escolas P\u00fablicas (Obmep) j\u00e1 est\u00e1 com inscri\u00e7\u00f5es abertas e as escolas da rede estadual t\u00eam at\u00e9 o dia 17\/3 para\u2026","rel":"","context":"In &quot;Minas Gerais&quot;","block_context":{"text":"Minas Gerais","link":"https:\/\/www.diariodeouropreto.com.br\/pt\/Editoria\/minas-gerais\/"},"img":{"alt_text":"","src":"https:\/\/i0.wp.com\/www.diariodeouropreto.com.br\/wp-content\/uploads\/2025\/02\/BANNER_SITE_-OBMEP__890_x_500_px.png?resize=350%2C200&ssl=1","width":350,"height":200,"srcset":"https:\/\/i0.wp.com\/www.diariodeouropreto.com.br\/wp-content\/uploads\/2025\/02\/BANNER_SITE_-OBMEP__890_x_500_px.png?resize=350%2C200&ssl=1 1x, https:\/\/i0.wp.com\/www.diariodeouropreto.com.br\/wp-content\/uploads\/2025\/02\/BANNER_SITE_-OBMEP__890_x_500_px.png?resize=525%2C300&ssl=1 1.5x, https:\/\/i0.wp.com\/www.diariodeouropreto.com.br\/wp-content\/uploads\/2025\/02\/BANNER_SITE_-OBMEP__890_x_500_px.png?resize=700%2C400&ssl=1 2x"},"classes":[]},{"id":28026,"url":"https:\/\/www.diariodeouropreto.com.br\/pt\/projeto-include-abre-inscricoes-para-novas-turmas-de-criancas-e-jovens-em-laboratorios-de-robotica-e-eletronica\/","url_meta":{"origin":52079,"position":5},"title":"Projeto Include abre inscri\u00e7\u00f5es para novas turmas de crian\u00e7as e jovens em laborat\u00f3rios de rob\u00f3tica e eletr\u00f4nica","author":"Di\u00e1rio de Ouro Preto","date":"29 de Janeiro de 2024","format":false,"excerpt":"Est\u00e3o abertas as inscri\u00e7\u00f5es para alunos de escolas p\u00fablicas interessados em participar das novas turmas de forma\u00e7\u00e3o tecnol\u00f3gica nos laborat\u00f3rios do Projeto Include nos munic\u00edpios mineiros de Mariana e Governador Valadares, e em Linhares, no Esp\u00edrito Santo. As inscri\u00e7\u00f5es podem ser feitas at\u00e9 29 de fevereiro. As aulas ter\u00e3o in\u00edcio\u2026","rel":"","context":"In &quot;Oportunidades&quot;","block_context":{"text":"Oportunidades","link":"https:\/\/www.diariodeouropreto.com.br\/pt\/Editoria\/oportunidades\/"},"img":{"alt_text":"","src":"https:\/\/i0.wp.com\/www.diariodeouropreto.com.br\/wp-content\/uploads\/2024\/01\/Include3-Credito-Divulgacao.jpeg?resize=350%2C200&ssl=1","width":350,"height":200,"srcset":"https:\/\/i0.wp.com\/www.diariodeouropreto.com.br\/wp-content\/uploads\/2024\/01\/Include3-Credito-Divulgacao.jpeg?resize=350%2C200&ssl=1 1x, https:\/\/i0.wp.com\/www.diariodeouropreto.com.br\/wp-content\/uploads\/2024\/01\/Include3-Credito-Divulgacao.jpeg?resize=525%2C300&ssl=1 1.5x, https:\/\/i0.wp.com\/www.diariodeouropreto.com.br\/wp-content\/uploads\/2024\/01\/Include3-Credito-Divulgacao.jpeg?resize=700%2C400&ssl=1 2x"},"classes":[]}],"jetpack_sharing_enabled":true,"amp_enabled":true,"_links":{"self":[{"href":"https:\/\/www.diariodeouropreto.com.br\/pt\/wp-json\/wp\/v2\/posts\/52079","targetHints":{"allow":["GET"]}}],"collection":[{"href":"https:\/\/www.diariodeouropreto.com.br\/pt\/wp-json\/wp\/v2\/posts"}],"about":[{"href":"https:\/\/www.diariodeouropreto.com.br\/pt\/wp-json\/wp\/v2\/types\/post"}],"author":[{"embeddable":true,"href":"https:\/\/www.diariodeouropreto.com.br\/pt\/wp-json\/wp\/v2\/users\/1"}],"replies":[{"embeddable":true,"href":"https:\/\/www.diariodeouropreto.com.br\/pt\/wp-json\/wp\/v2\/comments?post=52079"}],"version-history":[{"count":1,"href":"https:\/\/www.diariodeouropreto.com.br\/pt\/wp-json\/wp\/v2\/posts\/52079\/revisions"}],"predecessor-version":[{"id":52086,"href":"https:\/\/www.diariodeouropreto.com.br\/pt\/wp-json\/wp\/v2\/posts\/52079\/revisions\/52086"}],"wp:featuredmedia":[{"embeddable":true,"href":"https:\/\/www.diariodeouropreto.com.br\/pt\/wp-json\/wp\/v2\/media\/52085"}],"wp:attachment":[{"href":"https:\/\/www.diariodeouropreto.com.br\/pt\/wp-json\/wp\/v2\/media?parent=52079"}],"wp:term":[{"taxonomy":"category","embeddable":true,"href":"https:\/\/www.diariodeouropreto.com.br\/pt\/wp-json\/wp\/v2\/categories?post=52079"},{"taxonomy":"post_tag","embeddable":true,"href":"https:\/\/www.diariodeouropreto.com.br\/pt\/wp-json\/wp\/v2\/tags?post=52079"}],"curies":[{"name":"wp","href":"https:\/\/api.w.org\/{rel}","templated":true}]}}