{"id":52071,"date":"2026-04-30T17:30:00","date_gmt":"2026-04-30T20:30:00","guid":{"rendered":"https:\/\/www.diariodeouropreto.com.br\/?p=52071"},"modified":"2026-04-30T17:21:52","modified_gmt":"2026-04-30T20:21:52","slug":"vespera-de-feriado-com-samba-no-bar-da-assufop","status":"publish","type":"post","link":"https:\/\/www.diariodeouropreto.com.br\/pt\/vespera-de-feriado-com-samba-no-bar-da-assufop\/","title":{"rendered":"V\u00e9spera de feriado com Samba no Bar da Assufop"},"content":{"rendered":"<p>Na v\u00e9spera do Dia do Trabalhador, o Bar da Assufop convida para um encontro onde a m\u00fasica pulsa mais forte: na roda de samba da Assufop.<\/p>\n\n\n\n<p><br>Quinta-feira, 30\/04, a partir das 19h, prepare o cora\u00e7\u00e3o pra uma noite de encontro, celebra\u00e7\u00e3o e muita alegria, daquele jeito que s\u00f3 o samba sabe fazer. Na voz, Carla Lima conduz a roda com sua energia contagiante, acompanhada por um time incr\u00edvel:<\/p>\n\n\n\n<div id=\"110712\" class=\"advads-saneouro advads-entity-placement\" style=\"margin-left: auto;margin-right: auto;text-align: center;\"><a href=\"https:\/\/www.saneouro.com.br\/\" target=\"_blank\" aria-label=\"DOP_Site\" data-wpel-link=\"external\" rel=\"follow external noopener noreferrer sponsored ugc\"><img src=\"https:\/\/www.diariodeouropreto.com.br\/wp-content\/uploads\/2026\/04\/DOP_Site.jpg\" alt=\"\"  srcset=\"https:\/\/www.diariodeouropreto.com.br\/wp-content\/uploads\/2026\/04\/DOP_Site.jpg 301w, https:\/\/www.diariodeouropreto.com.br\/wp-content\/uploads\/2026\/04\/DOP_Site-180x150.jpg 180w, https:\/\/www.diariodeouropreto.com.br\/wp-content\/uploads\/2026\/04\/DOP_Site-14x12.jpg 14w\" sizes=\"(max-width: 301px) 100vw, 301px\" width=\"301\" height=\"251\"  style=\"display: inline-block;\" \/><\/a><\/div><p>Kastora dos Anjos e Bruno Rod\u00e3o na percuss\u00e3o, Sabi\u00e1 Lunar na flauta, Andr\u00e9 Pelisser no piano e Pedro Gramon no viol\u00e3o de \u201cv\u00e1rias\u201d cordas, trazendo uma sonoridade \u00fanica e envolvente.<\/p>\n\n\n\n<div id=\"50321\" class=\"advads-plantao advads-entity-placement\"><a href=\"https:\/\/www.diariodeouropreto.com.br\/pt\/\" target=\"_blank\" aria-label=\"site &#8211; noticia\" data-wpel-link=\"external\" rel=\"follow external noopener noreferrer sponsored ugc\"><img src=\"https:\/\/www.diariodeouropreto.com.br\/wp-content\/uploads\/2019\/09\/titulosite2-e1616373489755.jpg\" alt=\"\"  srcset=\"https:\/\/www.diariodeouropreto.com.br\/wp-content\/uploads\/2019\/09\/titulosite2-e1616373489755.jpg 1200w, https:\/\/www.diariodeouropreto.com.br\/wp-content\/uploads\/2019\/09\/titulosite2-e1616373489755-150x38.jpg 150w, https:\/\/www.diariodeouropreto.com.br\/wp-content\/uploads\/2019\/09\/titulosite2-e1616373489755-660x167.jpg 660w, https:\/\/www.diariodeouropreto.com.br\/wp-content\/uploads\/2019\/09\/titulosite2-e1616373489755-768x194.jpg 768w, https:\/\/www.diariodeouropreto.com.br\/wp-content\/uploads\/2019\/09\/titulosite2-e1616373489755-1000x252.jpg 1000w, https:\/\/www.diariodeouropreto.com.br\/wp-content\/uploads\/2019\/09\/titulosite2-e1616373489755-1536x388.jpg 1536w, https:\/\/www.diariodeouropreto.com.br\/wp-content\/uploads\/2019\/09\/titulosite2-e1616373489755-2048x517.jpg 2048w\" sizes=\"(max-width: 1200px) 100vw, 1200px\" width=\"1200\" height=\"303\"  style=\"display: inline-block;\" \/><\/a><\/div><p><br>\u00c9 dia de cantar junto , brindar a vida e celebrar quem faz o mundo girar todos os dias .<br>Chama os amigos, chega cedo e vem viver essa roda com a gente.<\/p>","protected":false},"excerpt":{"rendered":"<p>Na v\u00e9spera do Dia do Trabalhador, o Bar da Assufop convida para um encontro onde a m\u00fasica pulsa mais forte: na roda de samba da Assufop. Quinta-feira, 30\/04, a partir das 19h, prepare o cora\u00e7\u00e3o pra uma noite de encontro, celebra\u00e7\u00e3o e muita alegria, daquele jeito que s\u00f3 o samba<span class=\"more-link\"><a href=\"https:\/\/www.diariodeouropreto.com.br\/pt\/vespera-de-feriado-com-samba-no-bar-da-assufop\/\" data-wpel-link=\"internal\">Continue Lendo<\/a><\/span><\/p>","protected":false},"author":1,"featured_media":52073,"comment_status":"closed","ping_status":"closed","sticky":false,"template":"","format":"standard","meta":{"_jetpack_memberships_contains_paid_content":false,"footnotes":"","jetpack_publicize_message":"Quinta-feira, 30\/04, a partir das 19h, prepare o cora\u00e7\u00e3o pra uma noite de encontro, celebra\u00e7\u00e3o e muita alegria, daquele jeito que s\u00f3 o samba sabe fazer. Na voz, Carla Lima conduz a roda com sua energia contagiante, acompanhada por um time incr\u00edvel:","jetpack_publicize_feature_enabled":true,"jetpack_social_post_already_shared":true,"jetpack_social_options":{"image_generator_settings":{"template":"highway","default_image_id":0,"font":"","enabled":false},"version":2}},"categories":[11],"tags":[],"class_list":["entry","author-diario","post-52071","post","type-post","status-publish","format-standard","has-post-thumbnail","category-culturaeartes"],"yoast_head":"<!-- This site is optimized with the Yoast SEO plugin v27.5 - https:\/\/yoast.com\/product\/yoast-seo-wordpress\/ -->\n<title>V\u00e9spera de feriado com Samba no Bar da Assufop - Di\u00e1rio de Ouro Preto<\/title>\n<meta name=\"description\" content=\"Na v\u00e9spera do Dia do Trabalhador, o Bar da Assufop convida para um encontro onde a m\u00fasica pulsa mais forte: na roda de samba da Assufop.- V\u00e9spera de feriado com Samba no Bar da Assufop - Cultura, Artes e Patrim\u00f4nio\" \/>\n<meta name=\"robots\" content=\"index, follow, max-snippet:-1, max-image-preview:large, max-video-preview:-1\" \/>\n<link rel=\"canonical\" href=\"https:\/\/www.diariodeouropreto.com.br\/pt\/vespera-de-feriado-com-samba-no-bar-da-assufop\/\" \/>\n<meta property=\"og:locale\" content=\"pt_PT\" \/>\n<meta property=\"og:type\" content=\"article\" \/>\n<meta property=\"og:title\" content=\"V\u00e9spera de feriado com Samba no Bar da Assufop - Di\u00e1rio de Ouro Preto\" \/>\n<meta property=\"og:description\" content=\"Na v\u00e9spera do Dia do Trabalhador, o Bar da Assufop convida para um encontro onde a m\u00fasica pulsa mais forte: na roda de samba da Assufop.- V\u00e9spera de feriado com Samba no Bar da Assufop - Cultura, Artes e Patrim\u00f4nio\" \/>\n<meta property=\"og:url\" content=\"https:\/\/www.diariodeouropreto.com.br\/pt\/vespera-de-feriado-com-samba-no-bar-da-assufop\/\" \/>\n<meta property=\"og:site_name\" content=\"Di\u00e1rio de Ouro Preto\" \/>\n<meta property=\"article:publisher\" content=\"https:\/\/www.facebook.com\/diariodeouropreto\/\" \/>\n<meta property=\"article:published_time\" content=\"2026-04-30T20:30:00+00:00\" \/>\n<meta property=\"og:image\" content=\"https:\/\/www.diariodeouropreto.com.br\/wp-content\/uploads\/2026\/04\/WhatsApp-Image-2026-04-26-at-17.57.21.jpeg\" \/>\n\t<meta property=\"og:image:width\" content=\"473\" \/>\n\t<meta property=\"og:image:height\" content=\"800\" \/>\n\t<meta property=\"og:image:type\" content=\"image\/jpeg\" \/>\n<meta name=\"author\" content=\"Di\u00e1rio de Ouro Preto\" \/>\n<meta name=\"twitter:card\" content=\"summary_large_image\" \/>\n<meta name=\"twitter:label1\" content=\"Escrito por\" \/>\n\t<meta name=\"twitter:data1\" content=\"Di\u00e1rio de Ouro Preto\" \/>\n\t<meta name=\"twitter:label2\" content=\"Tempo estimado de leitura\" \/>\n\t<meta name=\"twitter:data2\" content=\"1 minuto\" \/>\n<script type=\"application\/ld+json\" class=\"yoast-schema-graph\">{\"@context\":\"https:\\\/\\\/schema.org\",\"@graph\":[{\"@type\":\"Article\",\"@id\":\"https:\\\/\\\/www.diariodeouropreto.com.br\\\/vespera-de-feriado-com-samba-no-bar-da-assufop\\\/#article\",\"isPartOf\":{\"@id\":\"https:\\\/\\\/www.diariodeouropreto.com.br\\\/vespera-de-feriado-com-samba-no-bar-da-assufop\\\/\"},\"author\":{\"name\":\"Di\u00e1rio de Ouro Preto\",\"@id\":\"https:\\\/\\\/www.diariodeouropreto.com.br\\\/pt\\\/#\\\/schema\\\/person\\\/7654e7b471204a6dab6dc0ce6e140c99\"},\"headline\":\"V\u00e9spera de feriado com Samba no Bar da Assufop\",\"datePublished\":\"2026-04-30T20:30:00+00:00\",\"mainEntityOfPage\":{\"@id\":\"https:\\\/\\\/www.diariodeouropreto.com.br\\\/vespera-de-feriado-com-samba-no-bar-da-assufop\\\/\"},\"wordCount\":146,\"publisher\":{\"@id\":\"https:\\\/\\\/www.diariodeouropreto.com.br\\\/pt\\\/#organization\"},\"image\":{\"@id\":\"https:\\\/\\\/www.diariodeouropreto.com.br\\\/vespera-de-feriado-com-samba-no-bar-da-assufop\\\/#primaryimage\"},\"thumbnailUrl\":\"https:\\\/\\\/www.diariodeouropreto.com.br\\\/wp-content\\\/uploads\\\/2026\\\/04\\\/WhatsApp-Image-2026-04-26-at-17.57.21.jpeg\",\"articleSection\":[\"Cultura, Artes e Patrim\u00f4nio\"],\"inLanguage\":\"pt-PT\"},{\"@type\":\"WebPage\",\"@id\":\"https:\\\/\\\/www.diariodeouropreto.com.br\\\/vespera-de-feriado-com-samba-no-bar-da-assufop\\\/\",\"url\":\"https:\\\/\\\/www.diariodeouropreto.com.br\\\/vespera-de-feriado-com-samba-no-bar-da-assufop\\\/\",\"name\":\"V\u00e9spera de feriado com Samba no Bar da Assufop - Di\u00e1rio de Ouro Preto\",\"isPartOf\":{\"@id\":\"https:\\\/\\\/www.diariodeouropreto.com.br\\\/pt\\\/#website\"},\"primaryImageOfPage\":{\"@id\":\"https:\\\/\\\/www.diariodeouropreto.com.br\\\/vespera-de-feriado-com-samba-no-bar-da-assufop\\\/#primaryimage\"},\"image\":{\"@id\":\"https:\\\/\\\/www.diariodeouropreto.com.br\\\/vespera-de-feriado-com-samba-no-bar-da-assufop\\\/#primaryimage\"},\"thumbnailUrl\":\"https:\\\/\\\/www.diariodeouropreto.com.br\\\/wp-content\\\/uploads\\\/2026\\\/04\\\/WhatsApp-Image-2026-04-26-at-17.57.21.jpeg\",\"datePublished\":\"2026-04-30T20:30:00+00:00\",\"description\":\"Na v\u00e9spera do Dia do Trabalhador, o Bar da Assufop convida para um encontro onde a m\u00fasica pulsa mais forte: na roda de samba da Assufop.- V\u00e9spera de feriado com Samba no Bar da Assufop - Cultura, Artes e Patrim\u00f4nio\",\"breadcrumb\":{\"@id\":\"https:\\\/\\\/www.diariodeouropreto.com.br\\\/vespera-de-feriado-com-samba-no-bar-da-assufop\\\/#breadcrumb\"},\"inLanguage\":\"pt-PT\",\"potentialAction\":[{\"@type\":\"ReadAction\",\"target\":[\"https:\\\/\\\/www.diariodeouropreto.com.br\\\/vespera-de-feriado-com-samba-no-bar-da-assufop\\\/\"]}]},{\"@type\":\"ImageObject\",\"inLanguage\":\"pt-PT\",\"@id\":\"https:\\\/\\\/www.diariodeouropreto.com.br\\\/vespera-de-feriado-com-samba-no-bar-da-assufop\\\/#primaryimage\",\"url\":\"https:\\\/\\\/www.diariodeouropreto.com.br\\\/wp-content\\\/uploads\\\/2026\\\/04\\\/WhatsApp-Image-2026-04-26-at-17.57.21.jpeg\",\"contentUrl\":\"https:\\\/\\\/www.diariodeouropreto.com.br\\\/wp-content\\\/uploads\\\/2026\\\/04\\\/WhatsApp-Image-2026-04-26-at-17.57.21.jpeg\",\"width\":473,\"height\":800},{\"@type\":\"BreadcrumbList\",\"@id\":\"https:\\\/\\\/www.diariodeouropreto.com.br\\\/vespera-de-feriado-com-samba-no-bar-da-assufop\\\/#breadcrumb\",\"itemListElement\":[{\"@type\":\"ListItem\",\"position\":1,\"name\":\"In\u00edcio\",\"item\":\"https:\\\/\\\/www.diariodeouropreto.com.br\\\/pt\\\/\"},{\"@type\":\"ListItem\",\"position\":2,\"name\":\"V\u00e9spera de feriado com Samba no Bar da Assufop\"}]},{\"@type\":\"WebSite\",\"@id\":\"https:\\\/\\\/www.diariodeouropreto.com.br\\\/pt\\\/#website\",\"url\":\"https:\\\/\\\/www.diariodeouropreto.com.br\\\/pt\\\/\",\"name\":\"Di\u00e1rio de Ouro Preto\",\"description\":\"Not\u00edcias Ouro Preto; Mariana;Minas Gerais;Jornal;Jornalismo;Not\u00edcias;\",\"publisher\":{\"@id\":\"https:\\\/\\\/www.diariodeouropreto.com.br\\\/pt\\\/#organization\"},\"alternateName\":\"Jornal di\u00e1rio de Ouro Preto\",\"potentialAction\":[{\"@type\":\"SearchAction\",\"target\":{\"@type\":\"EntryPoint\",\"urlTemplate\":\"https:\\\/\\\/www.diariodeouropreto.com.br\\\/pt\\\/?s={search_term_string}\"},\"query-input\":{\"@type\":\"PropertyValueSpecification\",\"valueRequired\":true,\"valueName\":\"search_term_string\"}}],\"inLanguage\":\"pt-PT\"},{\"@type\":\"Organization\",\"@id\":\"https:\\\/\\\/www.diariodeouropreto.com.br\\\/pt\\\/#organization\",\"name\":\"Di\u00e1rio de Ouro Preto\",\"alternateName\":\"Jornal di\u00e1rio Ouro Preto\",\"url\":\"https:\\\/\\\/www.diariodeouropreto.com.br\\\/pt\\\/\",\"logo\":{\"@type\":\"ImageObject\",\"inLanguage\":\"pt-PT\",\"@id\":\"https:\\\/\\\/www.diariodeouropreto.com.br\\\/pt\\\/#\\\/schema\\\/logo\\\/image\\\/\",\"url\":\"https:\\\/\\\/www.diariodeouropreto.com.br\\\/wp-content\\\/uploads\\\/2019\\\/06\\\/cropped-logotransp-2.png\",\"contentUrl\":\"https:\\\/\\\/www.diariodeouropreto.com.br\\\/wp-content\\\/uploads\\\/2019\\\/06\\\/cropped-logotransp-2.png\",\"width\":1323,\"height\":251,\"caption\":\"Di\u00e1rio de Ouro Preto\"},\"image\":{\"@id\":\"https:\\\/\\\/www.diariodeouropreto.com.br\\\/pt\\\/#\\\/schema\\\/logo\\\/image\\\/\"},\"sameAs\":[\"https:\\\/\\\/www.facebook.com\\\/diariodeouropreto\\\/\"]},{\"@type\":\"Person\",\"@id\":\"https:\\\/\\\/www.diariodeouropreto.com.br\\\/pt\\\/#\\\/schema\\\/person\\\/7654e7b471204a6dab6dc0ce6e140c99\",\"name\":\"Di\u00e1rio de Ouro Preto\",\"sameAs\":[\"http:\\\/\\\/www.diariodeouropreto.com.br\"],\"url\":\"https:\\\/\\\/www.diariodeouropreto.com.br\\\/pt\\\/author\\\/diario\\\/\"}]}<\/script>\n<!-- \/ Yoast SEO plugin. -->","yoast_head_json":{"title":"V\u00e9spera de feriado com Samba no Bar da Assufop - Di\u00e1rio de Ouro Preto","description":"Na v\u00e9spera do Dia do Trabalhador, o Bar da Assufop convida para um encontro onde a m\u00fasica pulsa mais forte: na roda de samba da Assufop.- V\u00e9spera de feriado com Samba no Bar da Assufop - Cultura, Artes e Patrim\u00f4nio","robots":{"index":"index","follow":"follow","max-snippet":"max-snippet:-1","max-image-preview":"max-image-preview:large","max-video-preview":"max-video-preview:-1"},"canonical":"https:\/\/www.diariodeouropreto.com.br\/pt\/vespera-de-feriado-com-samba-no-bar-da-assufop\/","og_locale":"pt_PT","og_type":"article","og_title":"V\u00e9spera de feriado com Samba no Bar da Assufop - Di\u00e1rio de Ouro Preto","og_description":"Na v\u00e9spera do Dia do Trabalhador, o Bar da Assufop convida para um encontro onde a m\u00fasica pulsa mais forte: na roda de samba da Assufop.- V\u00e9spera de feriado com Samba no Bar da Assufop - Cultura, Artes e Patrim\u00f4nio","og_url":"https:\/\/www.diariodeouropreto.com.br\/pt\/vespera-de-feriado-com-samba-no-bar-da-assufop\/","og_site_name":"Di\u00e1rio de Ouro Preto","article_publisher":"https:\/\/www.facebook.com\/diariodeouropreto\/","article_published_time":"2026-04-30T20:30:00+00:00","og_image":[{"width":473,"height":800,"url":"https:\/\/www.diariodeouropreto.com.br\/wp-content\/uploads\/2026\/04\/WhatsApp-Image-2026-04-26-at-17.57.21.jpeg","type":"image\/jpeg"}],"author":"Di\u00e1rio de Ouro Preto","twitter_card":"summary_large_image","twitter_misc":{"Escrito por":"Di\u00e1rio de Ouro Preto","Tempo estimado de leitura":"1 minuto"},"schema":{"@context":"https:\/\/schema.org","@graph":[{"@type":"Article","@id":"https:\/\/www.diariodeouropreto.com.br\/vespera-de-feriado-com-samba-no-bar-da-assufop\/#article","isPartOf":{"@id":"https:\/\/www.diariodeouropreto.com.br\/vespera-de-feriado-com-samba-no-bar-da-assufop\/"},"author":{"name":"Di\u00e1rio de Ouro Preto","@id":"https:\/\/www.diariodeouropreto.com.br\/pt\/#\/schema\/person\/7654e7b471204a6dab6dc0ce6e140c99"},"headline":"V\u00e9spera de feriado com Samba no Bar da Assufop","datePublished":"2026-04-30T20:30:00+00:00","mainEntityOfPage":{"@id":"https:\/\/www.diariodeouropreto.com.br\/vespera-de-feriado-com-samba-no-bar-da-assufop\/"},"wordCount":146,"publisher":{"@id":"https:\/\/www.diariodeouropreto.com.br\/pt\/#organization"},"image":{"@id":"https:\/\/www.diariodeouropreto.com.br\/vespera-de-feriado-com-samba-no-bar-da-assufop\/#primaryimage"},"thumbnailUrl":"https:\/\/www.diariodeouropreto.com.br\/wp-content\/uploads\/2026\/04\/WhatsApp-Image-2026-04-26-at-17.57.21.jpeg","articleSection":["Cultura, Artes e Patrim\u00f4nio"],"inLanguage":"pt-PT"},{"@type":"WebPage","@id":"https:\/\/www.diariodeouropreto.com.br\/vespera-de-feriado-com-samba-no-bar-da-assufop\/","url":"https:\/\/www.diariodeouropreto.com.br\/vespera-de-feriado-com-samba-no-bar-da-assufop\/","name":"V\u00e9spera de feriado com Samba no Bar da Assufop - Di\u00e1rio de Ouro Preto","isPartOf":{"@id":"https:\/\/www.diariodeouropreto.com.br\/pt\/#website"},"primaryImageOfPage":{"@id":"https:\/\/www.diariodeouropreto.com.br\/vespera-de-feriado-com-samba-no-bar-da-assufop\/#primaryimage"},"image":{"@id":"https:\/\/www.diariodeouropreto.com.br\/vespera-de-feriado-com-samba-no-bar-da-assufop\/#primaryimage"},"thumbnailUrl":"https:\/\/www.diariodeouropreto.com.br\/wp-content\/uploads\/2026\/04\/WhatsApp-Image-2026-04-26-at-17.57.21.jpeg","datePublished":"2026-04-30T20:30:00+00:00","description":"Na v\u00e9spera do Dia do Trabalhador, o Bar da Assufop convida para um encontro onde a m\u00fasica pulsa mais forte: na roda de samba da Assufop.- V\u00e9spera de feriado com Samba no Bar da Assufop - Cultura, Artes e Patrim\u00f4nio","breadcrumb":{"@id":"https:\/\/www.diariodeouropreto.com.br\/vespera-de-feriado-com-samba-no-bar-da-assufop\/#breadcrumb"},"inLanguage":"pt-PT","potentialAction":[{"@type":"ReadAction","target":["https:\/\/www.diariodeouropreto.com.br\/vespera-de-feriado-com-samba-no-bar-da-assufop\/"]}]},{"@type":"ImageObject","inLanguage":"pt-PT","@id":"https:\/\/www.diariodeouropreto.com.br\/vespera-de-feriado-com-samba-no-bar-da-assufop\/#primaryimage","url":"https:\/\/www.diariodeouropreto.com.br\/wp-content\/uploads\/2026\/04\/WhatsApp-Image-2026-04-26-at-17.57.21.jpeg","contentUrl":"https:\/\/www.diariodeouropreto.com.br\/wp-content\/uploads\/2026\/04\/WhatsApp-Image-2026-04-26-at-17.57.21.jpeg","width":473,"height":800},{"@type":"BreadcrumbList","@id":"https:\/\/www.diariodeouropreto.com.br\/vespera-de-feriado-com-samba-no-bar-da-assufop\/#breadcrumb","itemListElement":[{"@type":"ListItem","position":1,"name":"In\u00edcio","item":"https:\/\/www.diariodeouropreto.com.br\/pt\/"},{"@type":"ListItem","position":2,"name":"V\u00e9spera de feriado com Samba no Bar da Assufop"}]},{"@type":"WebSite","@id":"https:\/\/www.diariodeouropreto.com.br\/pt\/#website","url":"https:\/\/www.diariodeouropreto.com.br\/pt\/","name":"Di\u00e1rio de Ouro Preto","description":"Not\u00edcias Ouro Preto; Mariana;Minas Gerais;Jornal;Jornalismo;Not\u00edcias;","publisher":{"@id":"https:\/\/www.diariodeouropreto.com.br\/pt\/#organization"},"alternateName":"Jornal di\u00e1rio de Ouro Preto","potentialAction":[{"@type":"SearchAction","target":{"@type":"EntryPoint","urlTemplate":"https:\/\/www.diariodeouropreto.com.br\/pt\/?s={search_term_string}"},"query-input":{"@type":"PropertyValueSpecification","valueRequired":true,"valueName":"search_term_string"}}],"inLanguage":"pt-PT"},{"@type":"Organization","@id":"https:\/\/www.diariodeouropreto.com.br\/pt\/#organization","name":"Di\u00e1rio de Ouro Preto","alternateName":"Jornal di\u00e1rio Ouro Preto","url":"https:\/\/www.diariodeouropreto.com.br\/pt\/","logo":{"@type":"ImageObject","inLanguage":"pt-PT","@id":"https:\/\/www.diariodeouropreto.com.br\/pt\/#\/schema\/logo\/image\/","url":"https:\/\/www.diariodeouropreto.com.br\/wp-content\/uploads\/2019\/06\/cropped-logotransp-2.png","contentUrl":"https:\/\/www.diariodeouropreto.com.br\/wp-content\/uploads\/2019\/06\/cropped-logotransp-2.png","width":1323,"height":251,"caption":"Di\u00e1rio de Ouro Preto"},"image":{"@id":"https:\/\/www.diariodeouropreto.com.br\/pt\/#\/schema\/logo\/image\/"},"sameAs":["https:\/\/www.facebook.com\/diariodeouropreto\/"]},{"@type":"Person","@id":"https:\/\/www.diariodeouropreto.com.br\/pt\/#\/schema\/person\/7654e7b471204a6dab6dc0ce6e140c99","name":"Di\u00e1rio de Ouro Preto","sameAs":["http:\/\/www.diariodeouropreto.com.br"],"url":"https:\/\/www.diariodeouropreto.com.br\/pt\/author\/diario\/"}]}},"jetpack_publicize_connections":[],"jetpack_featured_media_url":"https:\/\/www.diariodeouropreto.com.br\/wp-content\/uploads\/2026\/04\/WhatsApp-Image-2026-04-26-at-17.57.21.jpeg","jetpack-related-posts":[{"id":25513,"url":"https:\/\/www.diariodeouropreto.com.br\/pt\/silvia-gomes-recebe-o-compositor-carioca-fernando-procopio-no-bar-assufop\/","url_meta":{"origin":52071,"position":0},"title":"S\u00edlvia Gomes recebe o compositor carioca Fernando Proc\u00f3pio no Bar ASSUFOP","author":"Di\u00e1rio de Ouro Preto","date":"15 de Setembro de 2023","format":false,"excerpt":"O Bar ASSUFOP tem o orgulho de anunciar um evento que promete encantar amantes da m\u00fasica e da cultura brasileira. Neste s\u00e1bado (16), \u00e0s 16h, tem roda de samba recheada de boa m\u00fasica, dan\u00e7a e alegria, com a participa\u00e7\u00e3o da talentosa cantora S\u00edlvia Gomes e o cantor e compositor carioca,\u2026","rel":"","context":"In &quot;Cultura, Artes e Patrim\u00f4nio&quot;","block_context":{"text":"Cultura, Artes e Patrim\u00f4nio","link":"https:\/\/www.diariodeouropreto.com.br\/pt\/Editoria\/culturaeartes\/"},"img":{"alt_text":"","src":"https:\/\/i0.wp.com\/www.diariodeouropreto.com.br\/wp-content\/uploads\/2023\/09\/%5Esilvia-1.jpg?resize=350%2C200&ssl=1","width":350,"height":200,"srcset":"https:\/\/i0.wp.com\/www.diariodeouropreto.com.br\/wp-content\/uploads\/2023\/09\/%5Esilvia-1.jpg?resize=350%2C200&ssl=1 1x, https:\/\/i0.wp.com\/www.diariodeouropreto.com.br\/wp-content\/uploads\/2023\/09\/%5Esilvia-1.jpg?resize=525%2C300&ssl=1 1.5x"},"classes":[]},{"id":49510,"url":"https:\/\/www.diariodeouropreto.com.br\/pt\/samba-da-saideira-com-a-cantora-silvia-gomes-chega-a-4a-edicao-e-se-consolida-como-celebracao-de-fim-de-ano-em-ouro-preto\/","url_meta":{"origin":52071,"position":1},"title":"Samba da Saideira com a cantora Silvia Gomes chega \u00e0 4\u00aa edi\u00e7\u00e3o e se consolida como celebra\u00e7\u00e3o de fim de ano em Ouro Preto","author":"Di\u00e1rio de Ouro Preto","date":"29 de Dezembro de 2025","format":false,"excerpt":"Silvia Gomes realiza, no dia 30 de dezembro (ter\u00e7a-feira), \u00e0s 19h, no Bar da Nida, em Ouro Preto, a quarta edi\u00e7\u00e3o do Samba da Saideira. O encontro, que vem emocionando o p\u00fablico e ganhando for\u00e7a a cada edi\u00e7\u00e3o, j\u00e1 se firma como uma tradi\u00e7\u00e3o afetiva na cena cultural da cidade,\u2026","rel":"","context":"In &quot;Geral&quot;","block_context":{"text":"Geral","link":"https:\/\/www.diariodeouropreto.com.br\/pt\/Editoria\/geral\/"},"img":{"alt_text":"","src":"https:\/\/i0.wp.com\/www.diariodeouropreto.com.br\/wp-content\/uploads\/2025\/12\/WhatsApp-Image-2025-12-29-at-13.45.53.jpeg?resize=350%2C200&ssl=1","width":350,"height":200,"srcset":"https:\/\/i0.wp.com\/www.diariodeouropreto.com.br\/wp-content\/uploads\/2025\/12\/WhatsApp-Image-2025-12-29-at-13.45.53.jpeg?resize=350%2C200&ssl=1 1x, https:\/\/i0.wp.com\/www.diariodeouropreto.com.br\/wp-content\/uploads\/2025\/12\/WhatsApp-Image-2025-12-29-at-13.45.53.jpeg?resize=525%2C300&ssl=1 1.5x, https:\/\/i0.wp.com\/www.diariodeouropreto.com.br\/wp-content\/uploads\/2025\/12\/WhatsApp-Image-2025-12-29-at-13.45.53.jpeg?resize=700%2C400&ssl=1 2x"},"classes":[]},{"id":14966,"url":"https:\/\/www.diariodeouropreto.com.br\/pt\/o-que-tem-pra-fazer-no-fim-de-semana-eventos-em-ouro-preto-e-mariana-14-a-17-de-abril\/","url_meta":{"origin":52071,"position":2},"title":"O que tem pra fazer no fim de semana? Eventos em Ouro Preto e Mariana, 14 a 17 de abril","author":"Di\u00e1rio de Ouro Preto","date":"14 de Abril de 2022","format":false,"excerpt":"Destaque (FOTO): Lan\u00e7amento do livro TRAVESSIAS, de D\u00e9lcio Fortes e Leila Silveira OURO PRETO, MG Quinta-feira, 14 de Abril LAN\u00c7AMENTO DO LIVRO TRAVESSIAS, DE D\u00c9LCIO FORTES E LEILA SILVEIRA Os autores, D\u00e9lcio Fortes, ouro-pretano, engenheiro metalurgista, mestre em planejamento urbano e regional e especialista em lideran\u00e7a e gest\u00e3o de pessoas\u2026","rel":"","context":"In &quot;Cultura, Artes e Patrim\u00f4nio&quot;","block_context":{"text":"Cultura, Artes e Patrim\u00f4nio","link":"https:\/\/www.diariodeouropreto.com.br\/pt\/Editoria\/culturaeartes\/"},"img":{"alt_text":"","src":"https:\/\/i0.wp.com\/www.diariodeouropreto.com.br\/wp-content\/uploads\/2022\/04\/WhatsApp-Image-2022-04-14-at-12.32.06.jpeg?resize=350%2C200&ssl=1","width":350,"height":200},"classes":[]},{"id":11754,"url":"https:\/\/www.diariodeouropreto.com.br\/pt\/neta-de-carlos-marighella-estara-em-ouro-preto-para-sessao-do-filme-na-assufop\/","url_meta":{"origin":52071,"position":3},"title":"Neta de Carlos Marighella estar\u00e1 em Ouro Preto para sess\u00e3o do filme na ASSUFOP","author":"Di\u00e1rio de Ouro Preto","date":"10 de Dezembro de 2021","format":false,"excerpt":"O filme \u201cMarighella\u201d ser\u00e1 exibido \u00e0s 15h00 deste domingo, 12, na sede do Sindicato dos Trabalhadores T\u00e9cnico-administrativos da UFOP, ASSUFOP.O filme, que marca a estreia do ator Wagner Moura na dire\u00e7\u00e3o, \u00e9 estrelado por Seu Jorge e Bruno Gagliasso. Narra a hist\u00f3ria do pol\u00edtico e escritor Carlos Marighella (Seu Jorge)\u2026","rel":"","context":"In &quot;Cultura, Artes e Patrim\u00f4nio&quot;","block_context":{"text":"Cultura, Artes e Patrim\u00f4nio","link":"https:\/\/www.diariodeouropreto.com.br\/pt\/Editoria\/culturaeartes\/"},"img":{"alt_text":"","src":"https:\/\/i0.wp.com\/www.diariodeouropreto.com.br\/wp-content\/uploads\/2021\/12\/marighela.jpeg?resize=350%2C200&ssl=1","width":350,"height":200,"srcset":"https:\/\/i0.wp.com\/www.diariodeouropreto.com.br\/wp-content\/uploads\/2021\/12\/marighela.jpeg?resize=350%2C200&ssl=1 1x, https:\/\/i0.wp.com\/www.diariodeouropreto.com.br\/wp-content\/uploads\/2021\/12\/marighela.jpeg?resize=525%2C300&ssl=1 1.5x"},"classes":[]},{"id":38647,"url":"https:\/\/www.diariodeouropreto.com.br\/pt\/instrumentos-do-samba-se-tornam-manifestacoes-da-cultura-nacional\/","url_meta":{"origin":52071,"position":4},"title":"Instrumentos do samba se tornam manifesta\u00e7\u00f5es da cultura nacional","author":"Di\u00e1rio de Ouro Preto","date":"1 de Outubro de 2024","format":false,"excerpt":"Modo de fazer desses instrumentos tamb\u00e9m foi reconhecido Nove instrumentos musicais do samba, entre eles o pandeiro, o tam-tam, a cu\u00edca e o tamborim, foram reconhecidos como manifesta\u00e7\u00f5es da cultura nacional, em todo o territ\u00f3rio brasileiro. A\u00a0lei\u00a0que oficializa a decis\u00e3o foi sancionada pelo presidente Luiz In\u00e1cio Lula da Silva\u00a0e publicada\u2026","rel":"","context":"In &quot;Cultura, Artes e Patrim\u00f4nio&quot;","block_context":{"text":"Cultura, Artes e Patrim\u00f4nio","link":"https:\/\/www.diariodeouropreto.com.br\/pt\/Editoria\/culturaeartes\/"},"img":{"alt_text":"","src":"https:\/\/i0.wp.com\/www.diariodeouropreto.com.br\/wp-content\/uploads\/2024\/10\/o_samba_de_roda_carrega_tradicoes_que_passam_de_geracao_a_geracao.webp?resize=350%2C200&ssl=1","width":350,"height":200,"srcset":"https:\/\/i0.wp.com\/www.diariodeouropreto.com.br\/wp-content\/uploads\/2024\/10\/o_samba_de_roda_carrega_tradicoes_que_passam_de_geracao_a_geracao.webp?resize=350%2C200&ssl=1 1x, https:\/\/i0.wp.com\/www.diariodeouropreto.com.br\/wp-content\/uploads\/2024\/10\/o_samba_de_roda_carrega_tradicoes_que_passam_de_geracao_a_geracao.webp?resize=525%2C300&ssl=1 1.5x, https:\/\/i0.wp.com\/www.diariodeouropreto.com.br\/wp-content\/uploads\/2024\/10\/o_samba_de_roda_carrega_tradicoes_que_passam_de_geracao_a_geracao.webp?resize=700%2C400&ssl=1 2x, https:\/\/i0.wp.com\/www.diariodeouropreto.com.br\/wp-content\/uploads\/2024\/10\/o_samba_de_roda_carrega_tradicoes_que_passam_de_geracao_a_geracao.webp?resize=1050%2C600&ssl=1 3x"},"classes":[]},{"id":17226,"url":"https:\/\/www.diariodeouropreto.com.br\/pt\/banda-manguacera-lanca-album-do-estilo-pe-de-serra-com-musicas-ineditas\/","url_meta":{"origin":52071,"position":5},"title":"Banda Manguac\u00eara lan\u00e7a \u00e1lbum do estilo P\u00e9-De-Serra com m\u00fasicas in\u00e9ditas","author":"Di\u00e1rio de Ouro Preto","date":"13 de Julho de 2022","format":false,"excerpt":"Primeiro \u00e1lbum da Banda Manguac\u00eara, Subindo a Ladeira, ser\u00e1 disponibilizado de forma gratuita e online, com onze m\u00fasicas autorais e contando com a participa\u00e7\u00e3o de diversos m\u00fasicos de Ouro Preto, cidade onde a banda est\u00e1 sediada. Grande parte das can\u00e7\u00f5es foi inspirada no universo da literatura de Guimar\u00e3es Rosa, de\u2026","rel":"","context":"In &quot;Cultura, Artes e Patrim\u00f4nio&quot;","block_context":{"text":"Cultura, Artes e Patrim\u00f4nio","link":"https:\/\/www.diariodeouropreto.com.br\/pt\/Editoria\/culturaeartes\/"},"img":{"alt_text":"","src":"https:\/\/i0.wp.com\/www.diariodeouropreto.com.br\/wp-content\/uploads\/2022\/07\/Capa-Manguacera-Subindo-a-Ladeira.jpg?resize=350%2C200&ssl=1","width":350,"height":200,"srcset":"https:\/\/i0.wp.com\/www.diariodeouropreto.com.br\/wp-content\/uploads\/2022\/07\/Capa-Manguacera-Subindo-a-Ladeira.jpg?resize=350%2C200&ssl=1 1x, https:\/\/i0.wp.com\/www.diariodeouropreto.com.br\/wp-content\/uploads\/2022\/07\/Capa-Manguacera-Subindo-a-Ladeira.jpg?resize=525%2C300&ssl=1 1.5x, https:\/\/i0.wp.com\/www.diariodeouropreto.com.br\/wp-content\/uploads\/2022\/07\/Capa-Manguacera-Subindo-a-Ladeira.jpg?resize=700%2C400&ssl=1 2x"},"classes":[]}],"jetpack_sharing_enabled":true,"amp_enabled":true,"_links":{"self":[{"href":"https:\/\/www.diariodeouropreto.com.br\/pt\/wp-json\/wp\/v2\/posts\/52071","targetHints":{"allow":["GET"]}}],"collection":[{"href":"https:\/\/www.diariodeouropreto.com.br\/pt\/wp-json\/wp\/v2\/posts"}],"about":[{"href":"https:\/\/www.diariodeouropreto.com.br\/pt\/wp-json\/wp\/v2\/types\/post"}],"author":[{"embeddable":true,"href":"https:\/\/www.diariodeouropreto.com.br\/pt\/wp-json\/wp\/v2\/users\/1"}],"replies":[{"embeddable":true,"href":"https:\/\/www.diariodeouropreto.com.br\/pt\/wp-json\/wp\/v2\/comments?post=52071"}],"version-history":[{"count":1,"href":"https:\/\/www.diariodeouropreto.com.br\/pt\/wp-json\/wp\/v2\/posts\/52071\/revisions"}],"predecessor-version":[{"id":52074,"href":"https:\/\/www.diariodeouropreto.com.br\/pt\/wp-json\/wp\/v2\/posts\/52071\/revisions\/52074"}],"wp:featuredmedia":[{"embeddable":true,"href":"https:\/\/www.diariodeouropreto.com.br\/pt\/wp-json\/wp\/v2\/media\/52073"}],"wp:attachment":[{"href":"https:\/\/www.diariodeouropreto.com.br\/pt\/wp-json\/wp\/v2\/media?parent=52071"}],"wp:term":[{"taxonomy":"category","embeddable":true,"href":"https:\/\/www.diariodeouropreto.com.br\/pt\/wp-json\/wp\/v2\/categories?post=52071"},{"taxonomy":"post_tag","embeddable":true,"href":"https:\/\/www.diariodeouropreto.com.br\/pt\/wp-json\/wp\/v2\/tags?post=52071"}],"curies":[{"name":"wp","href":"https:\/\/api.w.org\/{rel}","templated":true}]}}