{"id":52061,"date":"2026-04-30T17:12:35","date_gmt":"2026-04-30T20:12:35","guid":{"rendered":"https:\/\/www.diariodeouropreto.com.br\/?p=52061"},"modified":"2026-04-30T17:12:36","modified_gmt":"2026-04-30T20:12:36","slug":"mariana-pcmg-prende-homem-por-estupro-de-vulneravel-contra-sobrinha-neta","status":"publish","type":"post","link":"https:\/\/www.diariodeouropreto.com.br\/pt\/mariana-pcmg-prende-homem-por-estupro-de-vulneravel-contra-sobrinha-neta\/","title":{"rendered":"Mariana: PCMG prende homem por estupro de vulner\u00e1vel contra sobrinha-neta"},"content":{"rendered":"<p>A Pol\u00edcia Civil de Minas Gerais (PCMG) cumpriu, nesta segunda-feira (27\/4), mandado de pris\u00e3o tempor\u00e1ria contra um homem, de 51 anos, investigado pelo crime de estupro de vulner\u00e1vel em Mariana, regi\u00e3o Central do estado. O alvo \u00e9 suspeito de abusar sexualmente da sobrinha-neta, uma crian\u00e7a de 6 anos.<\/p>\n\n\n\n<p>As investiga\u00e7\u00f5es tiveram in\u00edcio em 7 de abril, ap\u00f3s a m\u00e3e da menina procurar a Pol\u00edcia Civil para relatar mudan\u00e7as no comportamento da filha. De acordo com os levantamentos, a crian\u00e7a revelou que, nos momentos em que ficava sob os cuidados de uma prima na resid\u00eancia do investigado, o homem a levava para um quarto ou para o terra\u00e7o do im\u00f3vel, onde praticava atos libidinosos diversos.&nbsp;<\/p>\n\n\n\n<p>A v\u00edtima relatou ainda que era amea\u00e7ada de agress\u00e3o f\u00edsica caso revelasse o ocorrido aos familiares.<\/p>\n\n\n\n<p><strong>Hist\u00f3rico de abusos<\/strong><\/p>\n\n\n\n<p>No curso do inqu\u00e9rito policial, a equipe da PCMG ouviu quatro testemunhas. Uma delas, integrante da mesma fam\u00edlia, confirmou que tamb\u00e9m foi v\u00edtima de abusos cometidos pelo investigado quando ainda era crian\u00e7a, entre os 7 e 10 anos de idade, na \u00e9poca em que residiam em outro estado. O depoimento refor\u00e7ou os ind\u00edcios de um comportamento recorrente do suspeito.<\/p>\n\n\n\n<p>A investiga\u00e7\u00e3o contou ainda com o suporte de um relat\u00f3rio psicol\u00f3gico que confirmou a din\u00e2mica dos relatos da crian\u00e7a. Diante do risco de fuga para uma regi\u00e3o onde o homem mant\u00e9m v\u00ednculos, a PCMG representou pela pris\u00e3o tempor\u00e1ria e por mandado de busca e apreens\u00e3o na resid\u00eancia do investigado, medidas deferidas pelo Poder Judici\u00e1rio. Durante a opera\u00e7\u00e3o, foram apreendidos dois celulares que ser\u00e3o submetidos \u00e0 per\u00edcia.<\/p>\n\n\n\n<div id=\"110712\" class=\"advads-saneouro advads-entity-placement\" style=\"margin-left: auto;margin-right: auto;text-align: center;\"><a href=\"https:\/\/www.saneouro.com.br\/\" target=\"_blank\" aria-label=\"DOP_Site\" data-wpel-link=\"external\" rel=\"follow external noopener noreferrer sponsored ugc\"><img src=\"https:\/\/www.diariodeouropreto.com.br\/wp-content\/uploads\/2026\/04\/DOP_Site.jpg\" alt=\"\"  srcset=\"https:\/\/www.diariodeouropreto.com.br\/wp-content\/uploads\/2026\/04\/DOP_Site.jpg 301w, https:\/\/www.diariodeouropreto.com.br\/wp-content\/uploads\/2026\/04\/DOP_Site-180x150.jpg 180w, https:\/\/www.diariodeouropreto.com.br\/wp-content\/uploads\/2026\/04\/DOP_Site-14x12.jpg 14w\" sizes=\"(max-width: 301px) 100vw, 301px\" width=\"301\" height=\"251\"  style=\"display: inline-block;\" \/><\/a><\/div><p>O investigado foi encaminhado ao sistema prisional e permanece \u00e0 disposi\u00e7\u00e3o da Justi\u00e7a. As apura\u00e7\u00f5es prosseguem para a conclus\u00e3o do inqu\u00e9rito e o total esclarecimento dos fatos.<\/p>\n\n\n\n<div id=\"50321\" class=\"advads-plantao advads-entity-placement\"><a href=\"https:\/\/www.diariodeouropreto.com.br\/pt\/\" target=\"_blank\" aria-label=\"site &#8211; noticia\" data-wpel-link=\"external\" rel=\"follow external noopener noreferrer sponsored ugc\"><img src=\"https:\/\/www.diariodeouropreto.com.br\/wp-content\/uploads\/2019\/09\/titulosite2-e1616373489755.jpg\" alt=\"\"  srcset=\"https:\/\/www.diariodeouropreto.com.br\/wp-content\/uploads\/2019\/09\/titulosite2-e1616373489755.jpg 1200w, https:\/\/www.diariodeouropreto.com.br\/wp-content\/uploads\/2019\/09\/titulosite2-e1616373489755-150x38.jpg 150w, https:\/\/www.diariodeouropreto.com.br\/wp-content\/uploads\/2019\/09\/titulosite2-e1616373489755-660x167.jpg 660w, https:\/\/www.diariodeouropreto.com.br\/wp-content\/uploads\/2019\/09\/titulosite2-e1616373489755-768x194.jpg 768w, https:\/\/www.diariodeouropreto.com.br\/wp-content\/uploads\/2019\/09\/titulosite2-e1616373489755-1000x252.jpg 1000w, https:\/\/www.diariodeouropreto.com.br\/wp-content\/uploads\/2019\/09\/titulosite2-e1616373489755-1536x388.jpg 1536w, https:\/\/www.diariodeouropreto.com.br\/wp-content\/uploads\/2019\/09\/titulosite2-e1616373489755-2048x517.jpg 2048w\" sizes=\"(max-width: 1200px) 100vw, 1200px\" width=\"1200\" height=\"303\"  style=\"display: inline-block;\" \/><\/a><\/div><p>Fonte: Assessoria PCMG<\/p>","protected":false},"excerpt":{"rendered":"<p>A Pol\u00edcia Civil de Minas Gerais (PCMG) cumpriu, nesta segunda-feira (27\/4), mandado de pris\u00e3o tempor\u00e1ria contra um homem, de 51 anos, investigado pelo crime de estupro de vulner\u00e1vel em Mariana, regi\u00e3o Central do estado. O alvo \u00e9 suspeito de abusar sexualmente da sobrinha-neta, uma crian\u00e7a de 6 anos. As investiga\u00e7\u00f5es<span class=\"more-link\"><a href=\"https:\/\/www.diariodeouropreto.com.br\/pt\/mariana-pcmg-prende-homem-por-estupro-de-vulneravel-contra-sobrinha-neta\/\" data-wpel-link=\"internal\">Continue Lendo<\/a><\/span><\/p>","protected":false},"author":1,"featured_media":955,"comment_status":"closed","ping_status":"closed","sticky":false,"template":"","format":"standard","meta":{"_jetpack_memberships_contains_paid_content":false,"footnotes":"","jetpack_publicize_message":"","jetpack_publicize_feature_enabled":false,"jetpack_social_post_already_shared":false,"jetpack_social_options":{"image_generator_settings":{"template":"highway","default_image_id":0,"font":"","enabled":false},"version":2}},"categories":[67],"tags":[],"class_list":["entry","author-diario","post-52061","post","type-post","status-publish","format-standard","has-post-thumbnail","category-policial"],"yoast_head":"<!-- This site is optimized with the Yoast SEO plugin v27.5 - https:\/\/yoast.com\/product\/yoast-seo-wordpress\/ -->\n<title>Mariana: PCMG prende homem por estupro de vulner\u00e1vel contra sobrinha-neta - Di\u00e1rio de Ouro Preto<\/title>\n<meta name=\"description\" content=\"Mariana: PCMG prende homem por estupro de vulner\u00e1vel contra sobrinha-neta- Mariana: PCMG prende homem por estupro de vulner\u00e1vel contra sobrinha-neta - Policial\" \/>\n<meta name=\"robots\" content=\"index, follow, max-snippet:-1, max-image-preview:large, max-video-preview:-1\" \/>\n<link rel=\"canonical\" href=\"https:\/\/www.diariodeouropreto.com.br\/pt\/mariana-pcmg-prende-homem-por-estupro-de-vulneravel-contra-sobrinha-neta\/\" \/>\n<meta property=\"og:locale\" content=\"pt_PT\" \/>\n<meta property=\"og:type\" content=\"article\" \/>\n<meta property=\"og:title\" content=\"Mariana: PCMG prende homem por estupro de vulner\u00e1vel contra sobrinha-neta - Di\u00e1rio de Ouro Preto\" \/>\n<meta property=\"og:description\" content=\"Mariana: PCMG prende homem por estupro de vulner\u00e1vel contra sobrinha-neta- Mariana: PCMG prende homem por estupro de vulner\u00e1vel contra sobrinha-neta - Policial\" \/>\n<meta property=\"og:url\" content=\"https:\/\/www.diariodeouropreto.com.br\/pt\/mariana-pcmg-prende-homem-por-estupro-de-vulneravel-contra-sobrinha-neta\/\" \/>\n<meta property=\"og:site_name\" content=\"Di\u00e1rio de Ouro Preto\" \/>\n<meta property=\"article:publisher\" content=\"https:\/\/www.facebook.com\/diariodeouropreto\/\" \/>\n<meta property=\"article:published_time\" content=\"2026-04-30T20:12:35+00:00\" \/>\n<meta property=\"article:modified_time\" content=\"2026-04-30T20:12:36+00:00\" \/>\n<meta property=\"og:image\" content=\"https:\/\/www.diariodeouropreto.com.br\/wp-content\/uploads\/2019\/09\/titulosite2-e1616373489755.jpg\" \/>\n\t<meta property=\"og:image:width\" content=\"1200\" \/>\n\t<meta property=\"og:image:height\" content=\"303\" \/>\n\t<meta property=\"og:image:type\" content=\"image\/jpeg\" \/>\n<meta name=\"author\" content=\"Di\u00e1rio de Ouro Preto\" \/>\n<meta name=\"twitter:card\" content=\"summary_large_image\" \/>\n<meta name=\"twitter:label1\" content=\"Escrito por\" \/>\n\t<meta name=\"twitter:data1\" content=\"Di\u00e1rio de Ouro Preto\" \/>\n\t<meta name=\"twitter:label2\" content=\"Tempo estimado de leitura\" \/>\n\t<meta name=\"twitter:data2\" content=\"2 minutos\" \/>\n<script type=\"application\/ld+json\" class=\"yoast-schema-graph\">{\"@context\":\"https:\\\/\\\/schema.org\",\"@graph\":[{\"@type\":\"Article\",\"@id\":\"https:\\\/\\\/www.diariodeouropreto.com.br\\\/mariana-pcmg-prende-homem-por-estupro-de-vulneravel-contra-sobrinha-neta\\\/#article\",\"isPartOf\":{\"@id\":\"https:\\\/\\\/www.diariodeouropreto.com.br\\\/mariana-pcmg-prende-homem-por-estupro-de-vulneravel-contra-sobrinha-neta\\\/\"},\"author\":{\"name\":\"Di\u00e1rio de Ouro Preto\",\"@id\":\"https:\\\/\\\/www.diariodeouropreto.com.br\\\/pt\\\/#\\\/schema\\\/person\\\/7654e7b471204a6dab6dc0ce6e140c99\"},\"headline\":\"Mariana: PCMG prende homem por estupro de vulner\u00e1vel contra sobrinha-neta\",\"datePublished\":\"2026-04-30T20:12:35+00:00\",\"dateModified\":\"2026-04-30T20:12:36+00:00\",\"mainEntityOfPage\":{\"@id\":\"https:\\\/\\\/www.diariodeouropreto.com.br\\\/mariana-pcmg-prende-homem-por-estupro-de-vulneravel-contra-sobrinha-neta\\\/\"},\"wordCount\":340,\"publisher\":{\"@id\":\"https:\\\/\\\/www.diariodeouropreto.com.br\\\/pt\\\/#organization\"},\"image\":{\"@id\":\"https:\\\/\\\/www.diariodeouropreto.com.br\\\/mariana-pcmg-prende-homem-por-estupro-de-vulneravel-contra-sobrinha-neta\\\/#primaryimage\"},\"thumbnailUrl\":\"https:\\\/\\\/www.diariodeouropreto.com.br\\\/wp-content\\\/uploads\\\/2019\\\/09\\\/titulosite2-e1616373489755.jpg\",\"articleSection\":[\"Policial\"],\"inLanguage\":\"pt-PT\"},{\"@type\":\"WebPage\",\"@id\":\"https:\\\/\\\/www.diariodeouropreto.com.br\\\/mariana-pcmg-prende-homem-por-estupro-de-vulneravel-contra-sobrinha-neta\\\/\",\"url\":\"https:\\\/\\\/www.diariodeouropreto.com.br\\\/mariana-pcmg-prende-homem-por-estupro-de-vulneravel-contra-sobrinha-neta\\\/\",\"name\":\"Mariana: PCMG prende homem por estupro de vulner\u00e1vel contra sobrinha-neta - Di\u00e1rio de Ouro Preto\",\"isPartOf\":{\"@id\":\"https:\\\/\\\/www.diariodeouropreto.com.br\\\/pt\\\/#website\"},\"primaryImageOfPage\":{\"@id\":\"https:\\\/\\\/www.diariodeouropreto.com.br\\\/mariana-pcmg-prende-homem-por-estupro-de-vulneravel-contra-sobrinha-neta\\\/#primaryimage\"},\"image\":{\"@id\":\"https:\\\/\\\/www.diariodeouropreto.com.br\\\/mariana-pcmg-prende-homem-por-estupro-de-vulneravel-contra-sobrinha-neta\\\/#primaryimage\"},\"thumbnailUrl\":\"https:\\\/\\\/www.diariodeouropreto.com.br\\\/wp-content\\\/uploads\\\/2019\\\/09\\\/titulosite2-e1616373489755.jpg\",\"datePublished\":\"2026-04-30T20:12:35+00:00\",\"dateModified\":\"2026-04-30T20:12:36+00:00\",\"description\":\"Mariana: PCMG prende homem por estupro de vulner\u00e1vel contra sobrinha-neta- Mariana: PCMG prende homem por estupro de vulner\u00e1vel contra sobrinha-neta - Policial\",\"breadcrumb\":{\"@id\":\"https:\\\/\\\/www.diariodeouropreto.com.br\\\/mariana-pcmg-prende-homem-por-estupro-de-vulneravel-contra-sobrinha-neta\\\/#breadcrumb\"},\"inLanguage\":\"pt-PT\",\"potentialAction\":[{\"@type\":\"ReadAction\",\"target\":[\"https:\\\/\\\/www.diariodeouropreto.com.br\\\/mariana-pcmg-prende-homem-por-estupro-de-vulneravel-contra-sobrinha-neta\\\/\"]}]},{\"@type\":\"ImageObject\",\"inLanguage\":\"pt-PT\",\"@id\":\"https:\\\/\\\/www.diariodeouropreto.com.br\\\/mariana-pcmg-prende-homem-por-estupro-de-vulneravel-contra-sobrinha-neta\\\/#primaryimage\",\"url\":\"https:\\\/\\\/www.diariodeouropreto.com.br\\\/wp-content\\\/uploads\\\/2019\\\/09\\\/titulosite2-e1616373489755.jpg\",\"contentUrl\":\"https:\\\/\\\/www.diariodeouropreto.com.br\\\/wp-content\\\/uploads\\\/2019\\\/09\\\/titulosite2-e1616373489755.jpg\",\"width\":1200,\"height\":303},{\"@type\":\"BreadcrumbList\",\"@id\":\"https:\\\/\\\/www.diariodeouropreto.com.br\\\/mariana-pcmg-prende-homem-por-estupro-de-vulneravel-contra-sobrinha-neta\\\/#breadcrumb\",\"itemListElement\":[{\"@type\":\"ListItem\",\"position\":1,\"name\":\"In\u00edcio\",\"item\":\"https:\\\/\\\/www.diariodeouropreto.com.br\\\/pt\\\/\"},{\"@type\":\"ListItem\",\"position\":2,\"name\":\"Mariana: PCMG prende homem por estupro de vulner\u00e1vel contra sobrinha-neta\"}]},{\"@type\":\"WebSite\",\"@id\":\"https:\\\/\\\/www.diariodeouropreto.com.br\\\/pt\\\/#website\",\"url\":\"https:\\\/\\\/www.diariodeouropreto.com.br\\\/pt\\\/\",\"name\":\"Di\u00e1rio de Ouro Preto\",\"description\":\"Not\u00edcias Ouro Preto; Mariana;Minas Gerais;Jornal;Jornalismo;Not\u00edcias;\",\"publisher\":{\"@id\":\"https:\\\/\\\/www.diariodeouropreto.com.br\\\/pt\\\/#organization\"},\"alternateName\":\"Jornal di\u00e1rio de Ouro Preto\",\"potentialAction\":[{\"@type\":\"SearchAction\",\"target\":{\"@type\":\"EntryPoint\",\"urlTemplate\":\"https:\\\/\\\/www.diariodeouropreto.com.br\\\/pt\\\/?s={search_term_string}\"},\"query-input\":{\"@type\":\"PropertyValueSpecification\",\"valueRequired\":true,\"valueName\":\"search_term_string\"}}],\"inLanguage\":\"pt-PT\"},{\"@type\":\"Organization\",\"@id\":\"https:\\\/\\\/www.diariodeouropreto.com.br\\\/pt\\\/#organization\",\"name\":\"Di\u00e1rio de Ouro Preto\",\"alternateName\":\"Jornal di\u00e1rio Ouro Preto\",\"url\":\"https:\\\/\\\/www.diariodeouropreto.com.br\\\/pt\\\/\",\"logo\":{\"@type\":\"ImageObject\",\"inLanguage\":\"pt-PT\",\"@id\":\"https:\\\/\\\/www.diariodeouropreto.com.br\\\/pt\\\/#\\\/schema\\\/logo\\\/image\\\/\",\"url\":\"https:\\\/\\\/www.diariodeouropreto.com.br\\\/wp-content\\\/uploads\\\/2019\\\/06\\\/cropped-logotransp-2.png\",\"contentUrl\":\"https:\\\/\\\/www.diariodeouropreto.com.br\\\/wp-content\\\/uploads\\\/2019\\\/06\\\/cropped-logotransp-2.png\",\"width\":1323,\"height\":251,\"caption\":\"Di\u00e1rio de Ouro Preto\"},\"image\":{\"@id\":\"https:\\\/\\\/www.diariodeouropreto.com.br\\\/pt\\\/#\\\/schema\\\/logo\\\/image\\\/\"},\"sameAs\":[\"https:\\\/\\\/www.facebook.com\\\/diariodeouropreto\\\/\"]},{\"@type\":\"Person\",\"@id\":\"https:\\\/\\\/www.diariodeouropreto.com.br\\\/pt\\\/#\\\/schema\\\/person\\\/7654e7b471204a6dab6dc0ce6e140c99\",\"name\":\"Di\u00e1rio de Ouro Preto\",\"sameAs\":[\"http:\\\/\\\/www.diariodeouropreto.com.br\"],\"url\":\"https:\\\/\\\/www.diariodeouropreto.com.br\\\/pt\\\/author\\\/diario\\\/\"}]}<\/script>\n<!-- \/ Yoast SEO plugin. -->","yoast_head_json":{"title":"Mariana: PCMG prende homem por estupro de vulner\u00e1vel contra sobrinha-neta - Di\u00e1rio de Ouro Preto","description":"Mariana: PCMG prende homem por estupro de vulner\u00e1vel contra sobrinha-neta- Mariana: PCMG prende homem por estupro de vulner\u00e1vel contra sobrinha-neta - Policial","robots":{"index":"index","follow":"follow","max-snippet":"max-snippet:-1","max-image-preview":"max-image-preview:large","max-video-preview":"max-video-preview:-1"},"canonical":"https:\/\/www.diariodeouropreto.com.br\/pt\/mariana-pcmg-prende-homem-por-estupro-de-vulneravel-contra-sobrinha-neta\/","og_locale":"pt_PT","og_type":"article","og_title":"Mariana: PCMG prende homem por estupro de vulner\u00e1vel contra sobrinha-neta - Di\u00e1rio de Ouro Preto","og_description":"Mariana: PCMG prende homem por estupro de vulner\u00e1vel contra sobrinha-neta- Mariana: PCMG prende homem por estupro de vulner\u00e1vel contra sobrinha-neta - Policial","og_url":"https:\/\/www.diariodeouropreto.com.br\/pt\/mariana-pcmg-prende-homem-por-estupro-de-vulneravel-contra-sobrinha-neta\/","og_site_name":"Di\u00e1rio de Ouro Preto","article_publisher":"https:\/\/www.facebook.com\/diariodeouropreto\/","article_published_time":"2026-04-30T20:12:35+00:00","article_modified_time":"2026-04-30T20:12:36+00:00","og_image":[{"width":1200,"height":303,"url":"https:\/\/www.diariodeouropreto.com.br\/wp-content\/uploads\/2019\/09\/titulosite2-e1616373489755.jpg","type":"image\/jpeg"}],"author":"Di\u00e1rio de Ouro Preto","twitter_card":"summary_large_image","twitter_misc":{"Escrito por":"Di\u00e1rio de Ouro Preto","Tempo estimado de leitura":"2 minutos"},"schema":{"@context":"https:\/\/schema.org","@graph":[{"@type":"Article","@id":"https:\/\/www.diariodeouropreto.com.br\/mariana-pcmg-prende-homem-por-estupro-de-vulneravel-contra-sobrinha-neta\/#article","isPartOf":{"@id":"https:\/\/www.diariodeouropreto.com.br\/mariana-pcmg-prende-homem-por-estupro-de-vulneravel-contra-sobrinha-neta\/"},"author":{"name":"Di\u00e1rio de Ouro Preto","@id":"https:\/\/www.diariodeouropreto.com.br\/pt\/#\/schema\/person\/7654e7b471204a6dab6dc0ce6e140c99"},"headline":"Mariana: PCMG prende homem por estupro de vulner\u00e1vel contra sobrinha-neta","datePublished":"2026-04-30T20:12:35+00:00","dateModified":"2026-04-30T20:12:36+00:00","mainEntityOfPage":{"@id":"https:\/\/www.diariodeouropreto.com.br\/mariana-pcmg-prende-homem-por-estupro-de-vulneravel-contra-sobrinha-neta\/"},"wordCount":340,"publisher":{"@id":"https:\/\/www.diariodeouropreto.com.br\/pt\/#organization"},"image":{"@id":"https:\/\/www.diariodeouropreto.com.br\/mariana-pcmg-prende-homem-por-estupro-de-vulneravel-contra-sobrinha-neta\/#primaryimage"},"thumbnailUrl":"https:\/\/www.diariodeouropreto.com.br\/wp-content\/uploads\/2019\/09\/titulosite2-e1616373489755.jpg","articleSection":["Policial"],"inLanguage":"pt-PT"},{"@type":"WebPage","@id":"https:\/\/www.diariodeouropreto.com.br\/mariana-pcmg-prende-homem-por-estupro-de-vulneravel-contra-sobrinha-neta\/","url":"https:\/\/www.diariodeouropreto.com.br\/mariana-pcmg-prende-homem-por-estupro-de-vulneravel-contra-sobrinha-neta\/","name":"Mariana: PCMG prende homem por estupro de vulner\u00e1vel contra sobrinha-neta - Di\u00e1rio de Ouro Preto","isPartOf":{"@id":"https:\/\/www.diariodeouropreto.com.br\/pt\/#website"},"primaryImageOfPage":{"@id":"https:\/\/www.diariodeouropreto.com.br\/mariana-pcmg-prende-homem-por-estupro-de-vulneravel-contra-sobrinha-neta\/#primaryimage"},"image":{"@id":"https:\/\/www.diariodeouropreto.com.br\/mariana-pcmg-prende-homem-por-estupro-de-vulneravel-contra-sobrinha-neta\/#primaryimage"},"thumbnailUrl":"https:\/\/www.diariodeouropreto.com.br\/wp-content\/uploads\/2019\/09\/titulosite2-e1616373489755.jpg","datePublished":"2026-04-30T20:12:35+00:00","dateModified":"2026-04-30T20:12:36+00:00","description":"Mariana: PCMG prende homem por estupro de vulner\u00e1vel contra sobrinha-neta- Mariana: PCMG prende homem por estupro de vulner\u00e1vel contra sobrinha-neta - Policial","breadcrumb":{"@id":"https:\/\/www.diariodeouropreto.com.br\/mariana-pcmg-prende-homem-por-estupro-de-vulneravel-contra-sobrinha-neta\/#breadcrumb"},"inLanguage":"pt-PT","potentialAction":[{"@type":"ReadAction","target":["https:\/\/www.diariodeouropreto.com.br\/mariana-pcmg-prende-homem-por-estupro-de-vulneravel-contra-sobrinha-neta\/"]}]},{"@type":"ImageObject","inLanguage":"pt-PT","@id":"https:\/\/www.diariodeouropreto.com.br\/mariana-pcmg-prende-homem-por-estupro-de-vulneravel-contra-sobrinha-neta\/#primaryimage","url":"https:\/\/www.diariodeouropreto.com.br\/wp-content\/uploads\/2019\/09\/titulosite2-e1616373489755.jpg","contentUrl":"https:\/\/www.diariodeouropreto.com.br\/wp-content\/uploads\/2019\/09\/titulosite2-e1616373489755.jpg","width":1200,"height":303},{"@type":"BreadcrumbList","@id":"https:\/\/www.diariodeouropreto.com.br\/mariana-pcmg-prende-homem-por-estupro-de-vulneravel-contra-sobrinha-neta\/#breadcrumb","itemListElement":[{"@type":"ListItem","position":1,"name":"In\u00edcio","item":"https:\/\/www.diariodeouropreto.com.br\/pt\/"},{"@type":"ListItem","position":2,"name":"Mariana: PCMG prende homem por estupro de vulner\u00e1vel contra sobrinha-neta"}]},{"@type":"WebSite","@id":"https:\/\/www.diariodeouropreto.com.br\/pt\/#website","url":"https:\/\/www.diariodeouropreto.com.br\/pt\/","name":"Di\u00e1rio de Ouro Preto","description":"Not\u00edcias Ouro Preto; Mariana;Minas Gerais;Jornal;Jornalismo;Not\u00edcias;","publisher":{"@id":"https:\/\/www.diariodeouropreto.com.br\/pt\/#organization"},"alternateName":"Jornal di\u00e1rio de Ouro Preto","potentialAction":[{"@type":"SearchAction","target":{"@type":"EntryPoint","urlTemplate":"https:\/\/www.diariodeouropreto.com.br\/pt\/?s={search_term_string}"},"query-input":{"@type":"PropertyValueSpecification","valueRequired":true,"valueName":"search_term_string"}}],"inLanguage":"pt-PT"},{"@type":"Organization","@id":"https:\/\/www.diariodeouropreto.com.br\/pt\/#organization","name":"Di\u00e1rio de Ouro Preto","alternateName":"Jornal di\u00e1rio Ouro Preto","url":"https:\/\/www.diariodeouropreto.com.br\/pt\/","logo":{"@type":"ImageObject","inLanguage":"pt-PT","@id":"https:\/\/www.diariodeouropreto.com.br\/pt\/#\/schema\/logo\/image\/","url":"https:\/\/www.diariodeouropreto.com.br\/wp-content\/uploads\/2019\/06\/cropped-logotransp-2.png","contentUrl":"https:\/\/www.diariodeouropreto.com.br\/wp-content\/uploads\/2019\/06\/cropped-logotransp-2.png","width":1323,"height":251,"caption":"Di\u00e1rio de Ouro Preto"},"image":{"@id":"https:\/\/www.diariodeouropreto.com.br\/pt\/#\/schema\/logo\/image\/"},"sameAs":["https:\/\/www.facebook.com\/diariodeouropreto\/"]},{"@type":"Person","@id":"https:\/\/www.diariodeouropreto.com.br\/pt\/#\/schema\/person\/7654e7b471204a6dab6dc0ce6e140c99","name":"Di\u00e1rio de Ouro Preto","sameAs":["http:\/\/www.diariodeouropreto.com.br"],"url":"https:\/\/www.diariodeouropreto.com.br\/pt\/author\/diario\/"}]}},"jetpack_publicize_connections":[],"jetpack_featured_media_url":"https:\/\/www.diariodeouropreto.com.br\/wp-content\/uploads\/2019\/09\/titulosite2-e1616373489755.jpg","jetpack-related-posts":[{"id":14956,"url":"https:\/\/www.diariodeouropreto.com.br\/pt\/policia-civil-prende-homem-e-localiza-arma-em-mariana-durante-investigacao-de-homicidios\/","url_meta":{"origin":52061,"position":0},"title":"Pol\u00edcia Civil prende homem e localiza arma em Mariana durante investiga\u00e7\u00e3o de homic\u00eddios","author":"Di\u00e1rio de Ouro Preto","date":"14 de Abril de 2022","format":false,"excerpt":"Investiga\u00e7\u00f5es da Pol\u00edcia Civil de Minas Gerais (PCMG) para apurar dois crimes contra a vida cometidos em Mariana, resultaram na pris\u00e3o de um suspeito de homic\u00eddio tentado, ocorrido em 18 de fevereiro, e na apreens\u00e3o de uma arma de fogo que teria sido utilizada para matar um homem no \u00faltimo\u2026","rel":"","context":"In &quot;Policial&quot;","block_context":{"text":"Policial","link":"https:\/\/www.diariodeouropreto.com.br\/pt\/Editoria\/policial\/"},"img":{"alt_text":"","src":"https:\/\/i0.wp.com\/www.diariodeouropreto.com.br\/wp-content\/uploads\/2022\/04\/pcmg_mariana_homicidio-.jpg?resize=350%2C200&ssl=1","width":350,"height":200,"srcset":"https:\/\/i0.wp.com\/www.diariodeouropreto.com.br\/wp-content\/uploads\/2022\/04\/pcmg_mariana_homicidio-.jpg?resize=350%2C200&ssl=1 1x, https:\/\/i0.wp.com\/www.diariodeouropreto.com.br\/wp-content\/uploads\/2022\/04\/pcmg_mariana_homicidio-.jpg?resize=525%2C300&ssl=1 1.5x, https:\/\/i0.wp.com\/www.diariodeouropreto.com.br\/wp-content\/uploads\/2022\/04\/pcmg_mariana_homicidio-.jpg?resize=700%2C400&ssl=1 2x"},"classes":[]},{"id":32804,"url":"https:\/\/www.diariodeouropreto.com.br\/pt\/operacao-dina-prende-principal-suspeito-de-ameacar-deputadas-mineiras\/","url_meta":{"origin":52061,"position":1},"title":"Opera\u00e7\u00e3o Di@na prende principal suspeito de amea\u00e7ar deputadas mineiras","author":"Di\u00e1rio de Ouro Preto","date":"7 de Maio de 2024","format":false,"excerpt":"Nesta ter\u00e7a-feira (7\/05), a for\u00e7a-tarefa composta pela Pol\u00edcia Civil de Minas Gerais (PCMG), pela Pol\u00edcia Militar (PMMG) e pelo Minist\u00e9rio P\u00fablico (MPMG), por meio do Grupo de Atua\u00e7\u00e3o Especial de Combate aos Crimes Cibern\u00e9ticos (Gaeciber), deflagrou, em Olinda, com o apoio do Gaeco de Pernambuco, a terceira fase da opera\u00e7\u00e3o\u2026","rel":"","context":"In &quot;Policial&quot;","block_context":{"text":"Policial","link":"https:\/\/www.diariodeouropreto.com.br\/pt\/Editoria\/policial\/"},"img":{"alt_text":"","src":"https:\/\/i0.wp.com\/www.diariodeouropreto.com.br\/wp-content\/uploads\/2024\/05\/FotoJet.jpg?resize=350%2C200&ssl=1","width":350,"height":200,"srcset":"https:\/\/i0.wp.com\/www.diariodeouropreto.com.br\/wp-content\/uploads\/2024\/05\/FotoJet.jpg?resize=350%2C200&ssl=1 1x, https:\/\/i0.wp.com\/www.diariodeouropreto.com.br\/wp-content\/uploads\/2024\/05\/FotoJet.jpg?resize=525%2C300&ssl=1 1.5x, https:\/\/i0.wp.com\/www.diariodeouropreto.com.br\/wp-content\/uploads\/2024\/05\/FotoJet.jpg?resize=700%2C400&ssl=1 2x"},"classes":[]},{"id":37606,"url":"https:\/\/www.diariodeouropreto.com.br\/pt\/irmaos-sao-indiciados-pela-pcmg-por-homicidio-ocorrido-em-mariana\/","url_meta":{"origin":52061,"position":2},"title":"Irm\u00e3os s\u00e3o indiciados pela PCMG por homic\u00eddio ocorrido em Mariana","author":"Di\u00e1rio de Ouro Preto","date":"3 de Setembro de 2024","format":false,"excerpt":"Um homem, de 25 anos, foi preso preventivamente pela Pol\u00edcia Civil de Minas Gerais (PCMG) ap\u00f3s investiga\u00e7\u00e3o sobre um homic\u00eddio ocorrido na cidade de Mariana. O suspeito, indiciado pelo crime, foi detido nessa segunda-feira (03\/09), com apoio da Guarda Municipal, em um bar no bairro S\u00e3o Sebasti\u00e3o. Um homem de\u2026","rel":"","context":"In &quot;Policial&quot;","block_context":{"text":"Policial","link":"https:\/\/www.diariodeouropreto.com.br\/pt\/Editoria\/policial\/"},"img":{"alt_text":"","src":"https:\/\/i0.wp.com\/www.diariodeouropreto.com.br\/wp-content\/uploads\/2024\/09\/Divulgacao-PCMG.jpg?resize=350%2C200&ssl=1","width":350,"height":200,"srcset":"https:\/\/i0.wp.com\/www.diariodeouropreto.com.br\/wp-content\/uploads\/2024\/09\/Divulgacao-PCMG.jpg?resize=350%2C200&ssl=1 1x, https:\/\/i0.wp.com\/www.diariodeouropreto.com.br\/wp-content\/uploads\/2024\/09\/Divulgacao-PCMG.jpg?resize=525%2C300&ssl=1 1.5x, https:\/\/i0.wp.com\/www.diariodeouropreto.com.br\/wp-content\/uploads\/2024\/09\/Divulgacao-PCMG.jpg?resize=700%2C400&ssl=1 2x, https:\/\/i0.wp.com\/www.diariodeouropreto.com.br\/wp-content\/uploads\/2024\/09\/Divulgacao-PCMG.jpg?resize=1050%2C600&ssl=1 3x"},"classes":[]},{"id":14510,"url":"https:\/\/www.diariodeouropreto.com.br\/pt\/policia-civil-prende-suspeito-de-matar-jovem-com-garrafa-em-mariana\/","url_meta":{"origin":52061,"position":3},"title":"Pol\u00edcia Civil prende suspeito de matar jovem com garrafa em Mariana","author":"Di\u00e1rio de Ouro Preto","date":"24 de Mar\u00e7o de 2022","format":false,"excerpt":"A Pol\u00edcia Civil de Minas Gerais (PCMG) prendeu um homem, de 32 anos, investigado por homic\u00eddio, em Mariana, ontem (23). O crime foi registrado na noite do \u00faltimo dia 13, na Pra\u00e7a Gomes Freire, Centro da cidade, quando um jovem, de 25, foi atingido com uma garrafa no pesco\u00e7o. Ap\u00f3s\u2026","rel":"","context":"In &quot;Policial&quot;","block_context":{"text":"Policial","link":"https:\/\/www.diariodeouropreto.com.br\/pt\/Editoria\/policial\/"},"img":{"alt_text":"","src":"https:\/\/i0.wp.com\/www.diariodeouropreto.com.br\/wp-content\/uploads\/2022\/03\/pcmg_mariana.jpg?resize=350%2C200&ssl=1","width":350,"height":200,"srcset":"https:\/\/i0.wp.com\/www.diariodeouropreto.com.br\/wp-content\/uploads\/2022\/03\/pcmg_mariana.jpg?resize=350%2C200&ssl=1 1x, https:\/\/i0.wp.com\/www.diariodeouropreto.com.br\/wp-content\/uploads\/2022\/03\/pcmg_mariana.jpg?resize=525%2C300&ssl=1 1.5x, https:\/\/i0.wp.com\/www.diariodeouropreto.com.br\/wp-content\/uploads\/2022\/03\/pcmg_mariana.jpg?resize=700%2C400&ssl=1 2x"},"classes":[]},{"id":9637,"url":"https:\/\/www.diariodeouropreto.com.br\/pt\/policia-civil-realiza-operacao-contra-quadrilhas-suspeitas-de-homicidios\/","url_meta":{"origin":52061,"position":4},"title":"Pol\u00edcia Civil realiza opera\u00e7\u00e3o contra quadrilhas suspeitas de homic\u00eddios","author":"Di\u00e1rio de Ouro Preto","date":"30 de Julho de 2021","format":false,"excerpt":"Vinte e duas pessoas foram presas na manh\u00e3 desta sexta-feira (30\/7), durante a opera\u00e7\u00e3o Ponto Final, realizada pela\u00a0Pol\u00edcia Civil de Minas Gerais (PCMG)\u00a0nas cidades de Contagem, Betim, Ribeir\u00e3o das Neves, S\u00e3o Joaquim de Bicas e Par\u00e1 de Minas.\u00a0\u00a0Al\u00e9m das pris\u00f5es, os policiais cumpriram 33 mandados de busca e apreens\u00e3o expedidos\u2026","rel":"","context":"In &quot;Policial&quot;","block_context":{"text":"Policial","link":"https:\/\/www.diariodeouropreto.com.br\/pt\/Editoria\/policial\/"},"img":{"alt_text":"","src":"https:\/\/i0.wp.com\/www.diariodeouropreto.com.br\/wp-content\/uploads\/2021\/07\/pcmg_pontofinal_30.7-3-1.jpg?resize=350%2C200&ssl=1","width":350,"height":200,"srcset":"https:\/\/i0.wp.com\/www.diariodeouropreto.com.br\/wp-content\/uploads\/2021\/07\/pcmg_pontofinal_30.7-3-1.jpg?resize=350%2C200&ssl=1 1x, https:\/\/i0.wp.com\/www.diariodeouropreto.com.br\/wp-content\/uploads\/2021\/07\/pcmg_pontofinal_30.7-3-1.jpg?resize=525%2C300&ssl=1 1.5x, https:\/\/i0.wp.com\/www.diariodeouropreto.com.br\/wp-content\/uploads\/2021\/07\/pcmg_pontofinal_30.7-3-1.jpg?resize=700%2C400&ssl=1 2x, https:\/\/i0.wp.com\/www.diariodeouropreto.com.br\/wp-content\/uploads\/2021\/07\/pcmg_pontofinal_30.7-3-1.jpg?resize=1050%2C600&ssl=1 3x"},"classes":[]},{"id":47650,"url":"https:\/\/www.diariodeouropreto.com.br\/pt\/pcmg-inaugura-nucleo-especializado-de-atendimento-a-mulher-em-mariana\/","url_meta":{"origin":52061,"position":5},"title":"PCMG inaugura N\u00facleo Especializado de Atendimento \u00e0 Mulher em Mariana","author":"Di\u00e1rio de Ouro Preto","date":"22 de Setembro de 2025","format":false,"excerpt":"A Pol\u00edcia Civil de Minas Gerais (PCMG) inaugurou, na \u00faltima sexta-feira (19\/9), o N\u00facleo Especializado de Atendimento \u00e0 Mulher em Mariana, regi\u00e3o Central do estado, localizado na Avenida Get\u00falio Vargas, s\/n\u00ba, Centro. O espa\u00e7o foi planejado para oferecer atendimento humanizado, minimizar a revitimiza\u00e7\u00e3o e garantir privacidade e seguran\u00e7a.\u00a0 A chefe-adjunta\u2026","rel":"","context":"In &quot;Mariana&quot;","block_context":{"text":"Mariana","link":"https:\/\/www.diariodeouropreto.com.br\/pt\/Editoria\/mariana\/"},"img":{"alt_text":"","src":"https:\/\/i0.wp.com\/www.diariodeouropreto.com.br\/wp-content\/uploads\/2025\/09\/pcmg_mariana_estrutura.jpg?resize=350%2C200&ssl=1","width":350,"height":200,"srcset":"https:\/\/i0.wp.com\/www.diariodeouropreto.com.br\/wp-content\/uploads\/2025\/09\/pcmg_mariana_estrutura.jpg?resize=350%2C200&ssl=1 1x, https:\/\/i0.wp.com\/www.diariodeouropreto.com.br\/wp-content\/uploads\/2025\/09\/pcmg_mariana_estrutura.jpg?resize=525%2C300&ssl=1 1.5x, https:\/\/i0.wp.com\/www.diariodeouropreto.com.br\/wp-content\/uploads\/2025\/09\/pcmg_mariana_estrutura.jpg?resize=700%2C400&ssl=1 2x"},"classes":[]}],"jetpack_sharing_enabled":true,"amp_enabled":true,"_links":{"self":[{"href":"https:\/\/www.diariodeouropreto.com.br\/pt\/wp-json\/wp\/v2\/posts\/52061","targetHints":{"allow":["GET"]}}],"collection":[{"href":"https:\/\/www.diariodeouropreto.com.br\/pt\/wp-json\/wp\/v2\/posts"}],"about":[{"href":"https:\/\/www.diariodeouropreto.com.br\/pt\/wp-json\/wp\/v2\/types\/post"}],"author":[{"embeddable":true,"href":"https:\/\/www.diariodeouropreto.com.br\/pt\/wp-json\/wp\/v2\/users\/1"}],"replies":[{"embeddable":true,"href":"https:\/\/www.diariodeouropreto.com.br\/pt\/wp-json\/wp\/v2\/comments?post=52061"}],"version-history":[{"count":1,"href":"https:\/\/www.diariodeouropreto.com.br\/pt\/wp-json\/wp\/v2\/posts\/52061\/revisions"}],"predecessor-version":[{"id":52063,"href":"https:\/\/www.diariodeouropreto.com.br\/pt\/wp-json\/wp\/v2\/posts\/52061\/revisions\/52063"}],"wp:featuredmedia":[{"embeddable":true,"href":"https:\/\/www.diariodeouropreto.com.br\/pt\/wp-json\/wp\/v2\/media\/955"}],"wp:attachment":[{"href":"https:\/\/www.diariodeouropreto.com.br\/pt\/wp-json\/wp\/v2\/media?parent=52061"}],"wp:term":[{"taxonomy":"category","embeddable":true,"href":"https:\/\/www.diariodeouropreto.com.br\/pt\/wp-json\/wp\/v2\/categories?post=52061"},{"taxonomy":"post_tag","embeddable":true,"href":"https:\/\/www.diariodeouropreto.com.br\/pt\/wp-json\/wp\/v2\/tags?post=52061"}],"curies":[{"name":"wp","href":"https:\/\/api.w.org\/{rel}","templated":true}]}}