{"id":52053,"date":"2026-04-30T17:03:30","date_gmt":"2026-04-30T20:03:30","guid":{"rendered":"https:\/\/www.diariodeouropreto.com.br\/?p=52053"},"modified":"2026-04-30T17:03:32","modified_gmt":"2026-04-30T20:03:32","slug":"congresso-derruba-veto-de-lula-e-mantem-pl-da-dosimetria","status":"publish","type":"post","link":"https:\/\/www.diariodeouropreto.com.br\/pt\/congresso-derruba-veto-de-lula-e-mantem-pl-da-dosimetria\/","title":{"rendered":"Congresso derruba veto de Lula e mant\u00e9m PL da Dosimetria"},"content":{"rendered":"\n<p><strong>Medida beneficia condenados por golpe de Estado<\/strong><\/p>\n\n\n\n<p><br>O Congresso Nacional derrubou, nesta quinta-feira (30), o veto do presidente Luiz In\u00e1cio Lula da Silva ao projeto de lei (PL) da Dosimetria, que reduz a pena dos condenados por tentativa de golpe de Estado ligados ao 8 de janeiro de 2023. O projeto de lei segue para promulga\u00e7\u00e3o.\u00a0<img decoding=\"async\" src=\"https:\/\/agenciabrasil.ebc.com.br\/ebc.png?id=1687995&amp;o=node\"><img decoding=\"async\" src=\"https:\/\/agenciabrasil.ebc.com.br\/ebc.gif?id=1687995&amp;o=node\"><\/p>\n\n\n\n<p>No Senado, foram 49 votos favor\u00e1veis \u00e0 derrubada do veto e 24 contr\u00e1rios Eram necess\u00e1rios 41 senadores para derrubar o veto presidencial.<\/p>\n\n\n\n<p>Na C\u00e2mara dos Deputados, 318 parlamentares&nbsp;<a href=\"https:\/\/agenciabrasil.ebc.com.br\/politica\/noticia\/2026-04\/camara-vota-para-derrubar-veto-ao-pl-da-dosimetria-falta-o-senado\" target=\"_blank\" rel=\"noreferrer noopener follow external sponsored ugc\" data-wpel-link=\"external\">votaram para beneficiar os golpistas<\/a>, enquanto 144 deputados votaram contra e cinco se abstiveram. Eram necess\u00e1rios 257 votos para derrubar o veto. &nbsp;<\/p>\n\n\n\n<p>Antes da vota\u00e7\u00e3o, o presidente do Congresso, Davi Alcolumbre (Uni\u00e3o-AP),&nbsp;<a href=\"https:\/\/agenciabrasil.ebc.com.br\/politica\/noticia\/2026-04\/alcolumbre-fatia-votacao-do-pl-da-dosimetria-governo-denuncia-manobra\" target=\"_blank\" rel=\"noreferrer noopener follow external sponsored ugc\" data-wpel-link=\"external\">fatiou a vota\u00e7\u00e3o<\/a>, excluindo os trechos que beneficiariam criminosos comuns ao reduzir o tempo para progress\u00e3o de pena, mudan\u00e7a prevista no texto aprovado em dezembro de 2025.<\/p>\n\n\n\n<p><strong>O PL 2.162 de 2023 foi inclu\u00eddo como pauta \u00fanica na sess\u00e3o de hoje, entrando na frente de mais de 50 vetos, parciais ou totais, que aguardam na fila para an\u00e1lise do Parlamento.<\/strong><\/p>\n\n\n\n<p>O l\u00edder do governo na C\u00e2mara, deputado Pedro Uczai (PT-SC), pediu quest\u00e3o de ordem contra a vota\u00e7\u00e3o do PL por entender que outros vetos teriam prefer\u00eancia, mas o apelo foi rejeitado por Alcolumbre.<\/p>\n\n\n\n<p>\u201cN\u00f3s estamos votando o tema da democracia e, portanto, o futuro de novas aventuras golpistas se derrubar este veto, uma vez que est\u00e1 defendendo um grupo determinado, que \u00e9 o de Jair Bolsonaro, e os generais golpistas que tentaram implantar golpe no pa\u00eds\u201d, disse a lideran\u00e7a governista.<\/p>\n\n\n\n<p>Uczai lembrou ainda do plano de assassinatos contra o presidente eleito e o vice previsto na trama golpista.<\/p>\n\n\n\n<blockquote class=\"wp-block-quote is-layout-flow wp-block-quote-is-layout-flow\">\n<p>\u201cN\u00e3o \u00e9 esquerda ou direita. \u00c9 se n\u00f3s queremos democracia ou golpe ou ditadura, autoritarismo no Brasil. Liberdade, democracia, sim, ditadura nunca mais.\u201d<\/p>\n<\/blockquote>\n\n\n\n<p>A derrubada do veto foi defendida pelo senador Espiridi\u00e3o Amim (PP-SC), relator do PL, que justificou que o julgamento da trama golpista n\u00e3o teria sido justo.<\/p>\n\n\n\n<p>\u201cEu quero, em primeiro lugar, dizer a todos os congressistas que est\u00e3o aqui que este \u00e9 um dia que pode permitir que se galgue ou se supere o primeiro degrau para a justi\u00e7a e para a harmonia pol\u00edtica no Brasil\u201d, disse o parlamentar.<\/p>\n\n\n\n<h2 class=\"wp-block-heading\">Raz\u00e3o do veto<\/h2>\n\n\n\n<p><strong>O presidente Luiz In\u00e1cio Lula da Silva&nbsp;<a href=\"https:\/\/agenciabrasil.ebc.com.br\/politica\/noticia\/2026-01\/lula-veta-integralmente-pl-da-dosimetria\" target=\"_blank\" rel=\"noreferrer noopener follow external sponsored ugc\" data-wpel-link=\"external\">vetou o chamado PL da Dosimetria<\/a>&nbsp;por entender que a proposta \u00e9 inconstitucional e viola o interesse p\u00fablico ao reduzir penas de crimes contra a democracia.<\/strong><\/p>\n\n\n\n<p>\u201c[O PL] daria o cond\u00e3o de aumentar a incid\u00eancia de crimes contra a ordem democr\u00e1tica e indicaria retrocesso no processo hist\u00f3rico de redemocratiza\u00e7\u00e3o que originou a Nova Rep\u00fablica\u201d, justificou o Pal\u00e1cio do Planalto.<\/p>\n\n\n\n<h2 class=\"wp-block-heading\">Entenda<\/h2>\n\n\n\n<p><strong>O PL da Dosimetria determina que os crimes de tentativa de acabar com o Estado Democr\u00e1tico de Direito e de golpe de Estado, quando praticados no mesmo contexto, implicar\u00e3o no uso da pena mais grave em vez da soma de ambas as penas.<\/strong><\/p>\n\n\n\n<p>O foco do&nbsp;<a href=\"https:\/\/agenciabrasil.ebc.com.br\/politica\/noticia\/2025-12\/camara-aprova-projeto-que-reduz-penas-dos-condenados-pelo-8-de-janeiro\" target=\"_blank\" rel=\"noreferrer noopener follow external sponsored ugc\" data-wpel-link=\"external\">projeto \u00e9 uma mudan\u00e7a no c\u00e1lculo<\/a>&nbsp;das penas, \u201ccalibrando a pena m\u00ednima e a pena m\u00e1xima de cada tipo penal, bem como a forma geral de c\u00e1lculo das penas\u201d.<\/p>\n\n\n\n<div id=\"110712\" class=\"advads-saneouro advads-entity-placement\" style=\"margin-left: auto;margin-right: auto;text-align: center;\"><a href=\"https:\/\/www.saneouro.com.br\/\" target=\"_blank\" aria-label=\"DOP_Site\" data-wpel-link=\"external\" rel=\"follow external noopener noreferrer sponsored ugc\"><img src=\"https:\/\/www.diariodeouropreto.com.br\/wp-content\/uploads\/2026\/04\/DOP_Site.jpg\" alt=\"\"  srcset=\"https:\/\/www.diariodeouropreto.com.br\/wp-content\/uploads\/2026\/04\/DOP_Site.jpg 301w, https:\/\/www.diariodeouropreto.com.br\/wp-content\/uploads\/2026\/04\/DOP_Site-180x150.jpg 180w, https:\/\/www.diariodeouropreto.com.br\/wp-content\/uploads\/2026\/04\/DOP_Site-14x12.jpg 14w\" sizes=\"(max-width: 301px) 100vw, 301px\" width=\"301\" height=\"251\"  style=\"display: inline-block;\" \/><\/a><\/div><p>Tais mudan\u00e7as devem beneficiar condenados pelo 8 de janeiro, como o ex-presidente Jair Bolsonaro, al\u00e9m dos militares Almir Garnier, ex-comandante da Marinha; Paulo S\u00e9rgio Nogueira, ex-ministro da Defesa; Walter Braga Netto, ex-ministro da Casa Civil; e Augusto Heleno, ex-chefe do Gabinete de Seguran\u00e7a Institucional (GSI).<\/p>\n\n\n\n<p><br><\/p>\n\n\n\n<div id=\"50321\" class=\"advads-plantao advads-entity-placement\"><a href=\"https:\/\/www.diariodeouropreto.com.br\/\" target=\"_blank\" aria-label=\"site &#8211; noticia\" data-wpel-link=\"external\" rel=\"follow external noopener noreferrer sponsored ugc\"><img src=\"https:\/\/www.diariodeouropreto.com.br\/wp-content\/uploads\/2019\/09\/titulosite2-e1616373489755.jpg\" alt=\"\"  srcset=\"https:\/\/www.diariodeouropreto.com.br\/wp-content\/uploads\/2019\/09\/titulosite2-e1616373489755.jpg 1200w, https:\/\/www.diariodeouropreto.com.br\/wp-content\/uploads\/2019\/09\/titulosite2-e1616373489755-150x38.jpg 150w, https:\/\/www.diariodeouropreto.com.br\/wp-content\/uploads\/2019\/09\/titulosite2-e1616373489755-660x167.jpg 660w, https:\/\/www.diariodeouropreto.com.br\/wp-content\/uploads\/2019\/09\/titulosite2-e1616373489755-768x194.jpg 768w, https:\/\/www.diariodeouropreto.com.br\/wp-content\/uploads\/2019\/09\/titulosite2-e1616373489755-1000x252.jpg 1000w, https:\/\/www.diariodeouropreto.com.br\/wp-content\/uploads\/2019\/09\/titulosite2-e1616373489755-1536x388.jpg 1536w, https:\/\/www.diariodeouropreto.com.br\/wp-content\/uploads\/2019\/09\/titulosite2-e1616373489755-2048x517.jpg 2048w\" sizes=\"(max-width: 1200px) 100vw, 1200px\" width=\"1200\" height=\"303\"  style=\"display: inline-block;\" \/><\/a><\/div><p>Por Lucas Pordeus Le\u00f3n \u2013 Rep\u00f3rter da Ag\u00eancia Brasil \/ Com informa\u00e7\u00f5es de Luciano Nascimento<br><br><\/p>\n","protected":false},"excerpt":{"rendered":"<p>Medida beneficia condenados por golpe de Estado O Congresso Nacional derrubou, nesta quinta-feira (30), o veto do presidente Luiz In\u00e1cio Lula da Silva ao projeto de lei (PL) da Dosimetria, que reduz a pena dos condenados por tentativa de golpe de Estado ligados ao 8 de janeiro de 2023. O<span class=\"more-link\"><a href=\"https:\/\/www.diariodeouropreto.com.br\/pt\/congresso-derruba-veto-de-lula-e-mantem-pl-da-dosimetria\/\" data-wpel-link=\"internal\">Continue Lendo<\/a><\/span><\/p>","protected":false},"author":1,"featured_media":52055,"comment_status":"closed","ping_status":"closed","sticky":false,"template":"","format":"standard","meta":{"_jetpack_memberships_contains_paid_content":false,"footnotes":"","jetpack_publicize_message":"Medida beneficia condenados por golpe de Estado","jetpack_publicize_feature_enabled":true,"jetpack_social_post_already_shared":false,"jetpack_social_options":{"image_generator_settings":{"template":"highway","default_image_id":0,"font":"","enabled":false},"version":2}},"categories":[46],"tags":[],"class_list":["entry","author-diario","post-52053","post","type-post","status-publish","format-standard","has-post-thumbnail","category-politica"],"yoast_head":"<!-- This site is optimized with the Yoast SEO plugin v27.5 - https:\/\/yoast.com\/product\/yoast-seo-wordpress\/ -->\n<title>Congresso derruba veto de Lula e mant\u00e9m PL da Dosimetria - Di\u00e1rio de Ouro Preto<\/title>\n<meta name=\"description\" content=\"Medida beneficia condenados por golpe de Estado- Congresso derruba veto de Lula e mant\u00e9m PL da Dosimetria - Pol\u00edtica\" \/>\n<meta name=\"robots\" content=\"index, follow, max-snippet:-1, max-image-preview:large, max-video-preview:-1\" \/>\n<link rel=\"canonical\" href=\"https:\/\/www.diariodeouropreto.com.br\/pt\/congresso-derruba-veto-de-lula-e-mantem-pl-da-dosimetria\/\" \/>\n<meta property=\"og:locale\" content=\"pt_PT\" \/>\n<meta property=\"og:type\" content=\"article\" \/>\n<meta property=\"og:title\" content=\"Congresso derruba veto de Lula e mant\u00e9m PL da Dosimetria - Di\u00e1rio de Ouro Preto\" \/>\n<meta property=\"og:description\" content=\"Medida beneficia condenados por golpe de Estado- Congresso derruba veto de Lula e mant\u00e9m PL da Dosimetria - Pol\u00edtica\" \/>\n<meta property=\"og:url\" content=\"https:\/\/www.diariodeouropreto.com.br\/pt\/congresso-derruba-veto-de-lula-e-mantem-pl-da-dosimetria\/\" \/>\n<meta property=\"og:site_name\" content=\"Di\u00e1rio de Ouro Preto\" \/>\n<meta property=\"article:publisher\" content=\"https:\/\/www.facebook.com\/diariodeouropreto\/\" \/>\n<meta property=\"article:published_time\" content=\"2026-04-30T20:03:30+00:00\" \/>\n<meta property=\"article:modified_time\" content=\"2026-04-30T20:03:32+00:00\" \/>\n<meta property=\"og:image\" content=\"https:\/\/www.diariodeouropreto.com.br\/wp-content\/uploads\/2026\/04\/0d9a4455.webp\" \/>\n\t<meta property=\"og:image:width\" content=\"1170\" \/>\n\t<meta property=\"og:image:height\" content=\"700\" \/>\n\t<meta property=\"og:image:type\" content=\"image\/webp\" \/>\n<meta name=\"author\" content=\"Di\u00e1rio de Ouro Preto\" \/>\n<meta name=\"twitter:card\" content=\"summary_large_image\" \/>\n<meta name=\"twitter:label1\" content=\"Escrito por\" \/>\n\t<meta name=\"twitter:data1\" content=\"Di\u00e1rio de Ouro Preto\" \/>\n\t<meta name=\"twitter:label2\" content=\"Tempo estimado de leitura\" \/>\n\t<meta name=\"twitter:data2\" content=\"4 minutos\" \/>\n<script type=\"application\/ld+json\" class=\"yoast-schema-graph\">{\"@context\":\"https:\\\/\\\/schema.org\",\"@graph\":[{\"@type\":\"Article\",\"@id\":\"https:\\\/\\\/www.diariodeouropreto.com.br\\\/congresso-derruba-veto-de-lula-e-mantem-pl-da-dosimetria\\\/#article\",\"isPartOf\":{\"@id\":\"https:\\\/\\\/www.diariodeouropreto.com.br\\\/congresso-derruba-veto-de-lula-e-mantem-pl-da-dosimetria\\\/\"},\"author\":{\"name\":\"Di\u00e1rio de Ouro Preto\",\"@id\":\"https:\\\/\\\/www.diariodeouropreto.com.br\\\/pt\\\/#\\\/schema\\\/person\\\/7654e7b471204a6dab6dc0ce6e140c99\"},\"headline\":\"Congresso derruba veto de Lula e mant\u00e9m PL da Dosimetria\",\"datePublished\":\"2026-04-30T20:03:30+00:00\",\"dateModified\":\"2026-04-30T20:03:32+00:00\",\"mainEntityOfPage\":{\"@id\":\"https:\\\/\\\/www.diariodeouropreto.com.br\\\/congresso-derruba-veto-de-lula-e-mantem-pl-da-dosimetria\\\/\"},\"wordCount\":621,\"publisher\":{\"@id\":\"https:\\\/\\\/www.diariodeouropreto.com.br\\\/pt\\\/#organization\"},\"image\":{\"@id\":\"https:\\\/\\\/www.diariodeouropreto.com.br\\\/congresso-derruba-veto-de-lula-e-mantem-pl-da-dosimetria\\\/#primaryimage\"},\"thumbnailUrl\":\"https:\\\/\\\/www.diariodeouropreto.com.br\\\/wp-content\\\/uploads\\\/2026\\\/04\\\/0d9a4455.webp\",\"articleSection\":[\"Pol\u00edtica\"],\"inLanguage\":\"pt-PT\"},{\"@type\":\"WebPage\",\"@id\":\"https:\\\/\\\/www.diariodeouropreto.com.br\\\/congresso-derruba-veto-de-lula-e-mantem-pl-da-dosimetria\\\/\",\"url\":\"https:\\\/\\\/www.diariodeouropreto.com.br\\\/congresso-derruba-veto-de-lula-e-mantem-pl-da-dosimetria\\\/\",\"name\":\"Congresso derruba veto de Lula e mant\u00e9m PL da Dosimetria - Di\u00e1rio de Ouro Preto\",\"isPartOf\":{\"@id\":\"https:\\\/\\\/www.diariodeouropreto.com.br\\\/pt\\\/#website\"},\"primaryImageOfPage\":{\"@id\":\"https:\\\/\\\/www.diariodeouropreto.com.br\\\/congresso-derruba-veto-de-lula-e-mantem-pl-da-dosimetria\\\/#primaryimage\"},\"image\":{\"@id\":\"https:\\\/\\\/www.diariodeouropreto.com.br\\\/congresso-derruba-veto-de-lula-e-mantem-pl-da-dosimetria\\\/#primaryimage\"},\"thumbnailUrl\":\"https:\\\/\\\/www.diariodeouropreto.com.br\\\/wp-content\\\/uploads\\\/2026\\\/04\\\/0d9a4455.webp\",\"datePublished\":\"2026-04-30T20:03:30+00:00\",\"dateModified\":\"2026-04-30T20:03:32+00:00\",\"description\":\"Medida beneficia condenados por golpe de Estado- Congresso derruba veto de Lula e mant\u00e9m PL da Dosimetria - Pol\u00edtica\",\"breadcrumb\":{\"@id\":\"https:\\\/\\\/www.diariodeouropreto.com.br\\\/congresso-derruba-veto-de-lula-e-mantem-pl-da-dosimetria\\\/#breadcrumb\"},\"inLanguage\":\"pt-PT\",\"potentialAction\":[{\"@type\":\"ReadAction\",\"target\":[\"https:\\\/\\\/www.diariodeouropreto.com.br\\\/congresso-derruba-veto-de-lula-e-mantem-pl-da-dosimetria\\\/\"]}]},{\"@type\":\"ImageObject\",\"inLanguage\":\"pt-PT\",\"@id\":\"https:\\\/\\\/www.diariodeouropreto.com.br\\\/congresso-derruba-veto-de-lula-e-mantem-pl-da-dosimetria\\\/#primaryimage\",\"url\":\"https:\\\/\\\/www.diariodeouropreto.com.br\\\/wp-content\\\/uploads\\\/2026\\\/04\\\/0d9a4455.webp\",\"contentUrl\":\"https:\\\/\\\/www.diariodeouropreto.com.br\\\/wp-content\\\/uploads\\\/2026\\\/04\\\/0d9a4455.webp\",\"width\":1170,\"height\":700},{\"@type\":\"BreadcrumbList\",\"@id\":\"https:\\\/\\\/www.diariodeouropreto.com.br\\\/congresso-derruba-veto-de-lula-e-mantem-pl-da-dosimetria\\\/#breadcrumb\",\"itemListElement\":[{\"@type\":\"ListItem\",\"position\":1,\"name\":\"In\u00edcio\",\"item\":\"https:\\\/\\\/www.diariodeouropreto.com.br\\\/pt\\\/\"},{\"@type\":\"ListItem\",\"position\":2,\"name\":\"Congresso derruba veto de Lula e mant\u00e9m PL da Dosimetria\"}]},{\"@type\":\"WebSite\",\"@id\":\"https:\\\/\\\/www.diariodeouropreto.com.br\\\/pt\\\/#website\",\"url\":\"https:\\\/\\\/www.diariodeouropreto.com.br\\\/pt\\\/\",\"name\":\"Di\u00e1rio de Ouro Preto\",\"description\":\"Not\u00edcias Ouro Preto; Mariana;Minas Gerais;Jornal;Jornalismo;Not\u00edcias;\",\"publisher\":{\"@id\":\"https:\\\/\\\/www.diariodeouropreto.com.br\\\/pt\\\/#organization\"},\"alternateName\":\"Jornal di\u00e1rio de Ouro Preto\",\"potentialAction\":[{\"@type\":\"SearchAction\",\"target\":{\"@type\":\"EntryPoint\",\"urlTemplate\":\"https:\\\/\\\/www.diariodeouropreto.com.br\\\/pt\\\/?s={search_term_string}\"},\"query-input\":{\"@type\":\"PropertyValueSpecification\",\"valueRequired\":true,\"valueName\":\"search_term_string\"}}],\"inLanguage\":\"pt-PT\"},{\"@type\":\"Organization\",\"@id\":\"https:\\\/\\\/www.diariodeouropreto.com.br\\\/pt\\\/#organization\",\"name\":\"Di\u00e1rio de Ouro Preto\",\"alternateName\":\"Jornal di\u00e1rio Ouro Preto\",\"url\":\"https:\\\/\\\/www.diariodeouropreto.com.br\\\/pt\\\/\",\"logo\":{\"@type\":\"ImageObject\",\"inLanguage\":\"pt-PT\",\"@id\":\"https:\\\/\\\/www.diariodeouropreto.com.br\\\/pt\\\/#\\\/schema\\\/logo\\\/image\\\/\",\"url\":\"https:\\\/\\\/www.diariodeouropreto.com.br\\\/wp-content\\\/uploads\\\/2019\\\/06\\\/cropped-logotransp-2.png\",\"contentUrl\":\"https:\\\/\\\/www.diariodeouropreto.com.br\\\/wp-content\\\/uploads\\\/2019\\\/06\\\/cropped-logotransp-2.png\",\"width\":1323,\"height\":251,\"caption\":\"Di\u00e1rio de Ouro Preto\"},\"image\":{\"@id\":\"https:\\\/\\\/www.diariodeouropreto.com.br\\\/pt\\\/#\\\/schema\\\/logo\\\/image\\\/\"},\"sameAs\":[\"https:\\\/\\\/www.facebook.com\\\/diariodeouropreto\\\/\"]},{\"@type\":\"Person\",\"@id\":\"https:\\\/\\\/www.diariodeouropreto.com.br\\\/pt\\\/#\\\/schema\\\/person\\\/7654e7b471204a6dab6dc0ce6e140c99\",\"name\":\"Di\u00e1rio de Ouro Preto\",\"sameAs\":[\"http:\\\/\\\/www.diariodeouropreto.com.br\"],\"url\":\"https:\\\/\\\/www.diariodeouropreto.com.br\\\/pt\\\/author\\\/diario\\\/\"}]}<\/script>\n<!-- \/ Yoast SEO plugin. -->","yoast_head_json":{"title":"Congresso derruba veto de Lula e mant\u00e9m PL da Dosimetria - Di\u00e1rio de Ouro Preto","description":"Medida beneficia condenados por golpe de Estado- Congresso derruba veto de Lula e mant\u00e9m PL da Dosimetria - Pol\u00edtica","robots":{"index":"index","follow":"follow","max-snippet":"max-snippet:-1","max-image-preview":"max-image-preview:large","max-video-preview":"max-video-preview:-1"},"canonical":"https:\/\/www.diariodeouropreto.com.br\/pt\/congresso-derruba-veto-de-lula-e-mantem-pl-da-dosimetria\/","og_locale":"pt_PT","og_type":"article","og_title":"Congresso derruba veto de Lula e mant\u00e9m PL da Dosimetria - Di\u00e1rio de Ouro Preto","og_description":"Medida beneficia condenados por golpe de Estado- Congresso derruba veto de Lula e mant\u00e9m PL da Dosimetria - Pol\u00edtica","og_url":"https:\/\/www.diariodeouropreto.com.br\/pt\/congresso-derruba-veto-de-lula-e-mantem-pl-da-dosimetria\/","og_site_name":"Di\u00e1rio de Ouro Preto","article_publisher":"https:\/\/www.facebook.com\/diariodeouropreto\/","article_published_time":"2026-04-30T20:03:30+00:00","article_modified_time":"2026-04-30T20:03:32+00:00","og_image":[{"width":1170,"height":700,"url":"https:\/\/www.diariodeouropreto.com.br\/wp-content\/uploads\/2026\/04\/0d9a4455.webp","type":"image\/webp"}],"author":"Di\u00e1rio de Ouro Preto","twitter_card":"summary_large_image","twitter_misc":{"Escrito por":"Di\u00e1rio de Ouro Preto","Tempo estimado de leitura":"4 minutos"},"schema":{"@context":"https:\/\/schema.org","@graph":[{"@type":"Article","@id":"https:\/\/www.diariodeouropreto.com.br\/congresso-derruba-veto-de-lula-e-mantem-pl-da-dosimetria\/#article","isPartOf":{"@id":"https:\/\/www.diariodeouropreto.com.br\/congresso-derruba-veto-de-lula-e-mantem-pl-da-dosimetria\/"},"author":{"name":"Di\u00e1rio de Ouro Preto","@id":"https:\/\/www.diariodeouropreto.com.br\/pt\/#\/schema\/person\/7654e7b471204a6dab6dc0ce6e140c99"},"headline":"Congresso derruba veto de Lula e mant\u00e9m PL da Dosimetria","datePublished":"2026-04-30T20:03:30+00:00","dateModified":"2026-04-30T20:03:32+00:00","mainEntityOfPage":{"@id":"https:\/\/www.diariodeouropreto.com.br\/congresso-derruba-veto-de-lula-e-mantem-pl-da-dosimetria\/"},"wordCount":621,"publisher":{"@id":"https:\/\/www.diariodeouropreto.com.br\/pt\/#organization"},"image":{"@id":"https:\/\/www.diariodeouropreto.com.br\/congresso-derruba-veto-de-lula-e-mantem-pl-da-dosimetria\/#primaryimage"},"thumbnailUrl":"https:\/\/www.diariodeouropreto.com.br\/wp-content\/uploads\/2026\/04\/0d9a4455.webp","articleSection":["Pol\u00edtica"],"inLanguage":"pt-PT"},{"@type":"WebPage","@id":"https:\/\/www.diariodeouropreto.com.br\/congresso-derruba-veto-de-lula-e-mantem-pl-da-dosimetria\/","url":"https:\/\/www.diariodeouropreto.com.br\/congresso-derruba-veto-de-lula-e-mantem-pl-da-dosimetria\/","name":"Congresso derruba veto de Lula e mant\u00e9m PL da Dosimetria - Di\u00e1rio de Ouro Preto","isPartOf":{"@id":"https:\/\/www.diariodeouropreto.com.br\/pt\/#website"},"primaryImageOfPage":{"@id":"https:\/\/www.diariodeouropreto.com.br\/congresso-derruba-veto-de-lula-e-mantem-pl-da-dosimetria\/#primaryimage"},"image":{"@id":"https:\/\/www.diariodeouropreto.com.br\/congresso-derruba-veto-de-lula-e-mantem-pl-da-dosimetria\/#primaryimage"},"thumbnailUrl":"https:\/\/www.diariodeouropreto.com.br\/wp-content\/uploads\/2026\/04\/0d9a4455.webp","datePublished":"2026-04-30T20:03:30+00:00","dateModified":"2026-04-30T20:03:32+00:00","description":"Medida beneficia condenados por golpe de Estado- Congresso derruba veto de Lula e mant\u00e9m PL da Dosimetria - Pol\u00edtica","breadcrumb":{"@id":"https:\/\/www.diariodeouropreto.com.br\/congresso-derruba-veto-de-lula-e-mantem-pl-da-dosimetria\/#breadcrumb"},"inLanguage":"pt-PT","potentialAction":[{"@type":"ReadAction","target":["https:\/\/www.diariodeouropreto.com.br\/congresso-derruba-veto-de-lula-e-mantem-pl-da-dosimetria\/"]}]},{"@type":"ImageObject","inLanguage":"pt-PT","@id":"https:\/\/www.diariodeouropreto.com.br\/congresso-derruba-veto-de-lula-e-mantem-pl-da-dosimetria\/#primaryimage","url":"https:\/\/www.diariodeouropreto.com.br\/wp-content\/uploads\/2026\/04\/0d9a4455.webp","contentUrl":"https:\/\/www.diariodeouropreto.com.br\/wp-content\/uploads\/2026\/04\/0d9a4455.webp","width":1170,"height":700},{"@type":"BreadcrumbList","@id":"https:\/\/www.diariodeouropreto.com.br\/congresso-derruba-veto-de-lula-e-mantem-pl-da-dosimetria\/#breadcrumb","itemListElement":[{"@type":"ListItem","position":1,"name":"In\u00edcio","item":"https:\/\/www.diariodeouropreto.com.br\/pt\/"},{"@type":"ListItem","position":2,"name":"Congresso derruba veto de Lula e mant\u00e9m PL da Dosimetria"}]},{"@type":"WebSite","@id":"https:\/\/www.diariodeouropreto.com.br\/pt\/#website","url":"https:\/\/www.diariodeouropreto.com.br\/pt\/","name":"Di\u00e1rio de Ouro Preto","description":"Not\u00edcias Ouro Preto; Mariana;Minas Gerais;Jornal;Jornalismo;Not\u00edcias;","publisher":{"@id":"https:\/\/www.diariodeouropreto.com.br\/pt\/#organization"},"alternateName":"Jornal di\u00e1rio de Ouro Preto","potentialAction":[{"@type":"SearchAction","target":{"@type":"EntryPoint","urlTemplate":"https:\/\/www.diariodeouropreto.com.br\/pt\/?s={search_term_string}"},"query-input":{"@type":"PropertyValueSpecification","valueRequired":true,"valueName":"search_term_string"}}],"inLanguage":"pt-PT"},{"@type":"Organization","@id":"https:\/\/www.diariodeouropreto.com.br\/pt\/#organization","name":"Di\u00e1rio de Ouro Preto","alternateName":"Jornal di\u00e1rio Ouro Preto","url":"https:\/\/www.diariodeouropreto.com.br\/pt\/","logo":{"@type":"ImageObject","inLanguage":"pt-PT","@id":"https:\/\/www.diariodeouropreto.com.br\/pt\/#\/schema\/logo\/image\/","url":"https:\/\/www.diariodeouropreto.com.br\/wp-content\/uploads\/2019\/06\/cropped-logotransp-2.png","contentUrl":"https:\/\/www.diariodeouropreto.com.br\/wp-content\/uploads\/2019\/06\/cropped-logotransp-2.png","width":1323,"height":251,"caption":"Di\u00e1rio de Ouro Preto"},"image":{"@id":"https:\/\/www.diariodeouropreto.com.br\/pt\/#\/schema\/logo\/image\/"},"sameAs":["https:\/\/www.facebook.com\/diariodeouropreto\/"]},{"@type":"Person","@id":"https:\/\/www.diariodeouropreto.com.br\/pt\/#\/schema\/person\/7654e7b471204a6dab6dc0ce6e140c99","name":"Di\u00e1rio de Ouro Preto","sameAs":["http:\/\/www.diariodeouropreto.com.br"],"url":"https:\/\/www.diariodeouropreto.com.br\/pt\/author\/diario\/"}]}},"jetpack_publicize_connections":[],"jetpack_featured_media_url":"https:\/\/www.diariodeouropreto.com.br\/wp-content\/uploads\/2026\/04\/0d9a4455.webp","jetpack-related-posts":[{"id":49617,"url":"https:\/\/www.diariodeouropreto.com.br\/pt\/lula-veta-integralmente-pl-da-dosimetria\/","url_meta":{"origin":52053,"position":0},"title":"Lula veta integralmente PL da Dosimetria","author":"Di\u00e1rio de Ouro Preto","date":"8 de Janeiro de 2026","format":false,"excerpt":"Presidente disse que condenados tiveram direito a ampla defesa O presidente Luiz In\u00e1cio Lula da Silva vetou integramente,\u00a0nesta quinta-feira (8), o\u00a0Projeto de Lei n\u00ba 2.162 de 2023, conhecido como PL da Dosimetria, aprovado em dezembro pelo Congresso Nacional. O\u00a0texto prev\u00ea\u00a0a redu\u00e7\u00e3o de penas de condenados pelos atos antidemocr\u00e1ticos\u00a0de 8 de\u2026","rel":"","context":"In &quot;Brasil&quot;","block_context":{"text":"Brasil","link":"https:\/\/www.diariodeouropreto.com.br\/pt\/Editoria\/brasil\/"},"img":{"alt_text":"","src":"https:\/\/i0.wp.com\/www.diariodeouropreto.com.br\/wp-content\/uploads\/2026\/01\/3-anos-8-de-janeiro-mc_abr_08012026-11.webp?resize=350%2C200&ssl=1","width":350,"height":200,"srcset":"https:\/\/i0.wp.com\/www.diariodeouropreto.com.br\/wp-content\/uploads\/2026\/01\/3-anos-8-de-janeiro-mc_abr_08012026-11.webp?resize=350%2C200&ssl=1 1x, https:\/\/i0.wp.com\/www.diariodeouropreto.com.br\/wp-content\/uploads\/2026\/01\/3-anos-8-de-janeiro-mc_abr_08012026-11.webp?resize=525%2C300&ssl=1 1.5x, https:\/\/i0.wp.com\/www.diariodeouropreto.com.br\/wp-content\/uploads\/2026\/01\/3-anos-8-de-janeiro-mc_abr_08012026-11.webp?resize=700%2C400&ssl=1 2x, https:\/\/i0.wp.com\/www.diariodeouropreto.com.br\/wp-content\/uploads\/2026\/01\/3-anos-8-de-janeiro-mc_abr_08012026-11.webp?resize=1050%2C600&ssl=1 3x"},"classes":[]},{"id":14933,"url":"https:\/\/www.diariodeouropreto.com.br\/pt\/almg-derruba-veto-do-governador-a-reajustes-do-executivo\/","url_meta":{"origin":52053,"position":1},"title":"ALMG derruba veto do governador a reajustes do Executivo","author":"Di\u00e1rio de Ouro Preto","date":"12 de Abril de 2022","format":false,"excerpt":"O Plen\u00e1rio da\u00a0Assembleia Legislativa de Minas Gerais (ALMG) derrubou por 54 votos a 3, em Reuni\u00e3o Extraordin\u00e1ria nesta ter\u00e7a-feira (12\/4\/22), o\u00a0Veto 34\/22\u00a0\u00e0\u00a0Proposi\u00e7\u00e3o de Lei 25.025, que trata da recomposi\u00e7\u00e3o salarial para os servidores civis e militares\u00a0do Poder Executivo. Com isso,\u00a0est\u00e3o mantidos percentuais adicionais\u00a0aprovados pela Assembleia e\u00a0que beneficiam as \u00e1reas de\u2026","rel":"","context":"In &quot;Minas Gerais&quot;","block_context":{"text":"Minas Gerais","link":"https:\/\/www.diariodeouropreto.com.br\/pt\/Editoria\/minas-gerais\/"},"img":{"alt_text":"","src":"https:\/\/i0.wp.com\/www.diariodeouropreto.com.br\/wp-content\/uploads\/2022\/04\/imagem-1.jpg?resize=350%2C200&ssl=1","width":350,"height":200},"classes":[]},{"id":11921,"url":"https:\/\/www.diariodeouropreto.com.br\/pt\/congresso-derruba-veto-e-fundo-eleitoral-sera-de-r-57-bilhoes\/","url_meta":{"origin":52053,"position":2},"title":"Congresso derruba veto e Fundo Eleitoral ser\u00e1 de R$ 5,7 bilh\u00f5es","author":"Di\u00e1rio de Ouro Preto","date":"19 de Dezembro de 2021","format":false,"excerpt":"O Congresso Nacional derrubou na sexta-feira (17) um veto presidencial e, com isso, ampliou o valor do Fundo Eleitoral de R$ 2 bilh\u00f5es para mais de R$ 5,7 bilh\u00f5es. Em agosto,\u00a0o presidente da Rep\u00fablica havia vetado essa amplia\u00e7\u00e3o\u00a0quando sancionou a Lei de Diretrizes Or\u00e7ament\u00e1rias (LDO) de 2022. O trecho, antes\u2026","rel":"","context":"In &quot;Brasil&quot;","block_context":{"text":"Brasil","link":"https:\/\/www.diariodeouropreto.com.br\/pt\/Editoria\/brasil\/"},"img":{"alt_text":"","src":"https:\/\/i0.wp.com\/www.diariodeouropreto.com.br\/wp-content\/uploads\/2021\/12\/51524510698_74ddecfbe6_o.jpg?resize=350%2C200&ssl=1","width":350,"height":200,"srcset":"https:\/\/i0.wp.com\/www.diariodeouropreto.com.br\/wp-content\/uploads\/2021\/12\/51524510698_74ddecfbe6_o.jpg?resize=350%2C200&ssl=1 1x, https:\/\/i0.wp.com\/www.diariodeouropreto.com.br\/wp-content\/uploads\/2021\/12\/51524510698_74ddecfbe6_o.jpg?resize=525%2C300&ssl=1 1.5x, https:\/\/i0.wp.com\/www.diariodeouropreto.com.br\/wp-content\/uploads\/2021\/12\/51524510698_74ddecfbe6_o.jpg?resize=700%2C400&ssl=1 2x, https:\/\/i0.wp.com\/www.diariodeouropreto.com.br\/wp-content\/uploads\/2021\/12\/51524510698_74ddecfbe6_o.jpg?resize=1050%2C600&ssl=1 3x"},"classes":[]},{"id":14936,"url":"https:\/\/www.diariodeouropreto.com.br\/pt\/reajuste-dos-servidores-e-a-derrota-de-zema-na-assembleia\/","url_meta":{"origin":52053,"position":3},"title":"Reajuste dos Servidores e a derrota de Zema na Assembleia","author":"Di\u00e1rio de Ouro Preto","date":"12 de Abril de 2022","format":false,"excerpt":"Em reuni\u00e3o extraordin\u00e1ria realizada nesta ter\u00e7a-feira, 12 de abril, a Assembleia Legislativa de Minas Gerais derrubou, por 55 votos a 3, o veto do governador Romeu Zema (Novo) aos reajustes adicionais para servidores das \u00e1reas de educa\u00e7\u00e3o, sa\u00fade e seguran\u00e7a p\u00fablica. Para a derrubada do veto eram necess\u00e1rios 39 votos\u2026","rel":"","context":"In &quot;Minas Gerais&quot;","block_context":{"text":"Minas Gerais","link":"https:\/\/www.diariodeouropreto.com.br\/pt\/Editoria\/minas-gerais\/"},"img":{"alt_text":"","src":"https:\/\/i0.wp.com\/www.diariodeouropreto.com.br\/wp-content\/uploads\/2021\/04\/capa-noticia-geral-e1617738740372.png?resize=350%2C200&ssl=1","width":350,"height":200,"srcset":"https:\/\/i0.wp.com\/www.diariodeouropreto.com.br\/wp-content\/uploads\/2021\/04\/capa-noticia-geral-e1617738740372.png?resize=350%2C200&ssl=1 1x, https:\/\/i0.wp.com\/www.diariodeouropreto.com.br\/wp-content\/uploads\/2021\/04\/capa-noticia-geral-e1617738740372.png?resize=525%2C300&ssl=1 1.5x"},"classes":[]},{"id":20575,"url":"https:\/\/www.diariodeouropreto.com.br\/pt\/lula-sanciona-com-vetos-lei-que-cria-a-politica-nacional-de-educacao-digital\/","url_meta":{"origin":52053,"position":4},"title":"Lula sanciona com vetos lei que cria a Pol\u00edtica Nacional de Educa\u00e7\u00e3o Digital","author":"Di\u00e1rio de Ouro Preto","date":"15 de Janeiro de 2023","format":false,"excerpt":"O presidente da Rep\u00fablica, Luiz In\u00e1cio Lula da Silva, sancionou, com vetos, a Lei 14.533\/23, que cria a Pol\u00edtica Nacional de Educa\u00e7\u00e3o Digital para promover a inclus\u00e3o, a capacita\u00e7\u00e3o, a especializa\u00e7\u00e3o, a pesquisa e a educa\u00e7\u00e3o escolar digitais. O texto, que tem origem no Projeto de Lei 4513\/20, da deputada\u2026","rel":"","context":"In &quot;Brasil&quot;","block_context":{"text":"Brasil","link":"https:\/\/www.diariodeouropreto.com.br\/pt\/Editoria\/brasil\/"},"img":{"alt_text":"","src":"https:\/\/i0.wp.com\/www.diariodeouropreto.com.br\/wp-content\/uploads\/2023\/01\/img20200717133337456-768x499-1.jpg?resize=350%2C200&ssl=1","width":350,"height":200,"srcset":"https:\/\/i0.wp.com\/www.diariodeouropreto.com.br\/wp-content\/uploads\/2023\/01\/img20200717133337456-768x499-1.jpg?resize=350%2C200&ssl=1 1x, https:\/\/i0.wp.com\/www.diariodeouropreto.com.br\/wp-content\/uploads\/2023\/01\/img20200717133337456-768x499-1.jpg?resize=525%2C300&ssl=1 1.5x, https:\/\/i0.wp.com\/www.diariodeouropreto.com.br\/wp-content\/uploads\/2023\/01\/img20200717133337456-768x499-1.jpg?resize=700%2C400&ssl=1 2x"},"classes":[]},{"id":17106,"url":"https:\/\/www.diariodeouropreto.com.br\/pt\/congresso-derruba-veto-as-leis-aldir-blanc-e-paulo-gustavo\/","url_meta":{"origin":52053,"position":5},"title":"Congresso derruba veto \u00e0s leis Aldir Blanc e Paulo Gustavo","author":"Di\u00e1rio de Ouro Preto","date":"6 de Julho de 2022","format":false,"excerpt":"O Congresso Nacional derrubou nesta ter\u00e7a-feira (5) os vetos presidenciais \u00e0 Pol\u00edtica Nacional Aldir Blanc de Fomento \u00e0 Cultura, conhecida como Lei Aldir Blanc 2, e \u00e0 Lei Paulo Gustavo. As duas medidas tratam de libera\u00e7\u00e3o de recursos para ajudar o setor cultural ap\u00f3s a \u00e1rea ter sido fortemente atingido\u2026","rel":"","context":"In &quot;Cultura, Artes e Patrim\u00f4nio&quot;","block_context":{"text":"Cultura, Artes e Patrim\u00f4nio","link":"https:\/\/www.diariodeouropreto.com.br\/pt\/Editoria\/culturaeartes\/"},"img":{"alt_text":"","src":"https:\/\/i0.wp.com\/www.diariodeouropreto.com.br\/wp-content\/uploads\/2022\/07\/52195713712_340ecd23e8_k.jpg?resize=350%2C200&ssl=1","width":350,"height":200,"srcset":"https:\/\/i0.wp.com\/www.diariodeouropreto.com.br\/wp-content\/uploads\/2022\/07\/52195713712_340ecd23e8_k.jpg?resize=350%2C200&ssl=1 1x, https:\/\/i0.wp.com\/www.diariodeouropreto.com.br\/wp-content\/uploads\/2022\/07\/52195713712_340ecd23e8_k.jpg?resize=525%2C300&ssl=1 1.5x, https:\/\/i0.wp.com\/www.diariodeouropreto.com.br\/wp-content\/uploads\/2022\/07\/52195713712_340ecd23e8_k.jpg?resize=700%2C400&ssl=1 2x, https:\/\/i0.wp.com\/www.diariodeouropreto.com.br\/wp-content\/uploads\/2022\/07\/52195713712_340ecd23e8_k.jpg?resize=1050%2C600&ssl=1 3x"},"classes":[]}],"jetpack_sharing_enabled":true,"amp_enabled":true,"_links":{"self":[{"href":"https:\/\/www.diariodeouropreto.com.br\/pt\/wp-json\/wp\/v2\/posts\/52053","targetHints":{"allow":["GET"]}}],"collection":[{"href":"https:\/\/www.diariodeouropreto.com.br\/pt\/wp-json\/wp\/v2\/posts"}],"about":[{"href":"https:\/\/www.diariodeouropreto.com.br\/pt\/wp-json\/wp\/v2\/types\/post"}],"author":[{"embeddable":true,"href":"https:\/\/www.diariodeouropreto.com.br\/pt\/wp-json\/wp\/v2\/users\/1"}],"replies":[{"embeddable":true,"href":"https:\/\/www.diariodeouropreto.com.br\/pt\/wp-json\/wp\/v2\/comments?post=52053"}],"version-history":[{"count":1,"href":"https:\/\/www.diariodeouropreto.com.br\/pt\/wp-json\/wp\/v2\/posts\/52053\/revisions"}],"predecessor-version":[{"id":52056,"href":"https:\/\/www.diariodeouropreto.com.br\/pt\/wp-json\/wp\/v2\/posts\/52053\/revisions\/52056"}],"wp:featuredmedia":[{"embeddable":true,"href":"https:\/\/www.diariodeouropreto.com.br\/pt\/wp-json\/wp\/v2\/media\/52055"}],"wp:attachment":[{"href":"https:\/\/www.diariodeouropreto.com.br\/pt\/wp-json\/wp\/v2\/media?parent=52053"}],"wp:term":[{"taxonomy":"category","embeddable":true,"href":"https:\/\/www.diariodeouropreto.com.br\/pt\/wp-json\/wp\/v2\/categories?post=52053"},{"taxonomy":"post_tag","embeddable":true,"href":"https:\/\/www.diariodeouropreto.com.br\/pt\/wp-json\/wp\/v2\/tags?post=52053"}],"curies":[{"name":"wp","href":"https:\/\/api.w.org\/{rel}","templated":true}]}}