{"id":52052,"date":"2026-05-01T08:00:00","date_gmt":"2026-05-01T11:00:00","guid":{"rendered":"https:\/\/www.diariodeouropreto.com.br\/?p=52052"},"modified":"2026-04-30T17:08:19","modified_gmt":"2026-04-30T20:08:19","slug":"dia-do-trabalho-tem-origem-em-greve-de-operarios-nos-eua-em-1886","status":"publish","type":"post","link":"https:\/\/www.diariodeouropreto.com.br\/pt\/dia-do-trabalho-tem-origem-em-greve-de-operarios-nos-eua-em-1886\/","title":{"rendered":"Dia do Trabalho tem origem em greve de oper\u00e1rios nos EUA, em 1886"},"content":{"rendered":"<p><strong>Data \u00e9 comemorada em muitos pa\u00edses como feriado nacional<br><\/strong><br>O Dia Internacional do Trabalhador, tamb\u00e9m conhecido como Dia do Trabalhador ou Dia do Trabalho, comemorado anualmente em 1\u00ba de maio, \u00e9 feriado em muitos pa\u00edses.<img decoding=\"async\" src=\"https:\/\/agenciabrasil.ebc.com.br\/ebc.png?id=1687992&amp;o=node\"><img decoding=\"async\" src=\"https:\/\/agenciabrasil.ebc.com.br\/ebc.gif?id=1687992&amp;o=node\"><\/p>\n\n\n\n<p>A data tem origem na greve geral iniciada por&nbsp;<strong>trabalhadores norte-americanos em 1\u00ba de maio de 1886, em Chicago<\/strong>, que reivindicavam melhores condi\u00e7\u00f5es de trabalho, principalmente a redu\u00e7\u00e3o da jornada que chegava a 17 ou 16 horas por dia para 8 horas di\u00e1rias. A greve resultou em confrontos violentos entre trabalhadores e pol\u00edcia, resultando na morte de manifestantes e tamb\u00e9m de policiais.<\/p>\n\n\n\n<p>O reconhecimento internacional ocorreu durante o congresso socialista Segunda Internacional, em Paris, em 1889, que convocou uma manifesta\u00e7\u00e3o internacional para 1\u00ba de maio de 1890, consagrando a data como dia de luta pela<strong>&nbsp;conquista da jornada de trabalho de 8 horas\/dia e em mem\u00f3ria aos oper\u00e1rios mortos de Chicago<\/strong>.<\/p>\n\n\n\n<p>\u201cA\u00ed, tornou-se uma efem\u00e9ride mundial. A partir da\u00ed, os pa\u00edses e os trabalhadores foram adotando essa data, cada um de um jeito. Mas, de forma geral, o significado \u00e9 confronto. Era um dia de greve, um dia de luta, porque o patronato n\u00e3o queria absorver isso. Entendia que era custo a redu\u00e7\u00e3o de trabalho\u201d, disse \u00e0&nbsp;<strong>Ag\u00eancia Brasil<\/strong>&nbsp;o professor do Departamento de Hist\u00f3ria da Universidade Federal Fluminense (UFF), Bernardo Kocher.<\/p>\n\n\n\n<p><strong>Naquele momento, a ind\u00fastria estava trocando a produ\u00e7\u00e3o: a remunera\u00e7\u00e3o por pe\u00e7a, passava a ser de&nbsp;remunera\u00e7\u00e3o por carga, ou seja, por hora trabalhada.<\/strong><\/p>\n\n\n\n<blockquote class=\"wp-block-quote is-layout-flow wp-block-quote-is-layout-flow\">\n<p>\u201dEnt\u00e3o, era poss\u00edvel reduzir a jornada, mas os patr\u00f5es n\u00e3o queriam isso, porque era aumento de custo: menos trabalho e mesmo sal\u00e1rio. Implicava diminuir jornada, mas n\u00e3o o sal\u00e1rio.\u201d<\/p>\n<\/blockquote>\n\n\n\n<p><strong>A produ\u00e7\u00e3o ia diminuir, porque eram menos horas trabalhadas e o custo continuaria igual. Ent\u00e3o, os trabalhadores lutavam, atrav\u00e9s de um dia de greve, como forma de manifestar a viabilidade de sua reivindica\u00e7\u00e3o<\/strong>.<\/p>\n\n\n\n<p>Kocher explicou que com menos horas de trabalho, o oper\u00e1rio teria condi\u00e7\u00f5es de trabalhar melhor e isso resultaria em mais emprego, mais consumo. \u201cFoi uma batalha um tanto, digamos, f\u00edsica. Em alguns lugares, era confronto com a pol\u00edcia enquanto uma coisa simb\u00f3lica, de narrativa, para que a l\u00f3gica dos trabalhadores se sobrepusesse \u00e0 l\u00f3gica do capitalismo\u201d.<\/p>\n\n\n\n<h2 class=\"wp-block-heading\">No Brasil<\/h2>\n\n\n\n<p>Ao contr\u00e1rio das&nbsp;informa\u00e7\u00f5es que remetem a&nbsp;<strong>oficializa\u00e7\u00e3o do Dia do Trabalho no Brasil<\/strong>&nbsp;a 1924, com o&nbsp;<strong>in\u00edcio da celebra\u00e7\u00e3o da data em 1925<\/strong>, pelo ent\u00e3o presidente Artur Bernardes, o professor de Hist\u00f3ria da UFF assegurou que o&nbsp;<strong>feriado come\u00e7ou em 1890<\/strong>, junto com a proclama\u00e7\u00e3o da Rep\u00fablica.<\/p>\n\n\n\n<blockquote class=\"wp-block-quote is-layout-flow wp-block-quote-is-layout-flow\">\n<p>\u201cEu fiz uma disserta\u00e7\u00e3o de mestrado sobre 1\u00ba de maio no Rio de Janeiro e constatei isso: 1890. O significado no Brasil, por\u00e9m, foi diferente, afirmou o professor. N\u00e3o foi de confronto. Por isso, d\u00e1 impress\u00e3o que n\u00e3o existiu. Foi uma coisa de cidadania, de manifesta\u00e7\u00e3o do&nbsp;direito republicano.&#8221;<\/p>\n<\/blockquote>\n\n\n\n<p>\u201cA classe oper\u00e1ria era muito segmentada. Mal comparando, \u00e9 como o povo das comunidades, que hoje \u00e9 segmentado. Ent\u00e3o, ningu\u00e9m sabe o que acontece l\u00e1, n\u00e3o tem servi\u00e7o. A classe oper\u00e1ria era quase um gueto. Os oper\u00e1rios se esfor\u00e7avam para serem cidad\u00e3os, mas isso foi em 1890\u201d. Quando ocorreu o 1\u00ba&nbsp;Congresso Oper\u00e1rio Brasileiro, em 1906, os anarquistas sindicalistas conseguiram mudar o significado. A\u00ed passou a ser um dia de greve, um dia de guerra, um dia de luta de classes.\u201d<\/p>\n\n\n\n<p><strong>Na d\u00e9cada de 1920, os comunistas ocuparam o lugar dos anarcossindicalistas e come\u00e7aram tamb\u00e9m a associar com a revolu\u00e7\u00e3o.<\/strong>&nbsp;Isso foi at\u00e9 os anos de 1930, quando ocorreu a Revolu\u00e7\u00e3o liderada por Getulio Vargas. \u201cA\u00ed, o Estado come\u00e7ou a se voltar para a quest\u00e3o do trabalho\u201d.<\/p>\n\n\n\n<p><strong>Nos anos de 1938 e 1939, foi a proibida a comemora\u00e7\u00e3o como dia de greve e s\u00f3 em 1940 foi decretada a data como feriado.<\/strong>&nbsp;Segundo o professor&nbsp;Kocher, foi a\u00ed que o movimento oper\u00e1rio perdeu a capacidade de monopolizar o significado do 1\u00ba de maio. \u201cO presidente Getulio falava: N\u00e3o precisa mais ser dia de greve, n\u00f3s j\u00e1 estamos fazendo a legisla\u00e7\u00e3o&#8221;.<\/p>\n\n\n\n<p><strong>E, ent\u00e3o, a data deixou de ser Dia do Trabalhador para ser Dia do Trabalho.<\/strong><\/p>\n\n\n\n<h2 class=\"wp-block-heading\">Significado<\/h2>\n\n\n\n<p>Ao longo dos anos, Bernardo Kocher concluiu que a&nbsp;<strong>data passou a significar quase nada<\/strong>. \u201cTanto que isso j\u00e1 foi dito v\u00e1rias vezes e voc\u00ea tem que fazer entrevista, porque a cultura se perdeu. Eu n\u00e3o sei de nenhuma manifesta\u00e7\u00e3o oper\u00e1ria. Sei que \u00e9 feriado e assim ficou.\u201d<\/p>\n\n\n\n<p><strong>Na concep\u00e7\u00e3o do professor da UFF, o pr\u00f3prio mundo do trabalho mudou muito no decorrer do tempo. A jornada de 8 horas foi incorporada.<\/strong><\/p>\n\n\n\n<p>\u201cA classe oper\u00e1ria perdeu protagonismo&nbsp;com a interven\u00e7\u00e3o estatal na economia e no mundo do trabalho. Isso em todo o planeta. E foi perdendo o significado\u201d. Hoje, o n\u00famero de trabalhadores industriais em rela\u00e7\u00e3o \u00e0 popula\u00e7\u00e3o economicamente ativa \u00e9 bem menor do que era na \u00e9poca das lutas oper\u00e1rias. V\u00e1rios setores industriais v\u00eam usando tecnologia, flexibiliza\u00e7\u00e3o, importam partes da China, e isso acabou modificando totalmente o conte\u00fado da classe oper\u00e1ria, manifestou Kocher. \u201cE se perdeu um pouco essa mem\u00f3ria coletiva. Se n\u00e3o fosse feriado, ningu\u00e9m praticamente ia se preocupar\u201d.<\/p>\n\n\n\n<h2 class=\"wp-block-heading\">Jornada 6&#215;2<\/h2>\n\n\n\n<p>Ao ser indagado sobre&nbsp;o projeto de redu\u00e7\u00e3o da jornada de trabalho 6&#215;2, Bernardo Kocher avaliou que se trata da mesma discuss\u00e3o do 1\u00ba de maio. \u201c\u00c9 igualzinho. Eu li os jornais da \u00e9poca (do in\u00edcio da Rep\u00fablica) e estou vendo a mesma palavr\u00f3ria. Os argumentos s\u00e3o os mesmos\u201d.<\/p>\n\n\n\n<p><strong>Ele destacou&nbsp;que a produtividade hoje \u00e9 imensa e o empres\u00e1rio tem mil recursos para aumentar a produtividade, mas n\u00e3o quer ceder.<\/strong><\/p>\n\n\n\n<p>Segundo o professor, embora um dia a menos de trabalho se fa\u00e7a necess\u00e1rio para a vida humana, mas n\u00e3o para o capital, o empresariado n\u00e3o quer assumir.<\/p>\n\n\n\n<blockquote class=\"wp-block-quote is-layout-flow wp-block-quote-is-layout-flow\">\n<p>\u201cEle quer que o Estado assuma, alega que tem que cortar benef\u00edcios dos trabalhadores, cortar o sal\u00e1rio principalmente. A \u00faltima an\u00e1lise \u00e9 isso a\u00ed, diminuir o sal\u00e1rio. \u00c9 a mesma situa\u00e7\u00e3o.\u201d<\/p>\n<\/blockquote>\n\n\n\n<p>No passado, com a redu\u00e7\u00e3o da jornada para 8 horas\/dia, o trabalhador produziu mais e melhor, houve mais emprego, mais consumo. \u201cEnt\u00e3o; se perde por um lado, ganha pelo outro. Isso s\u00f3 ocorreu no passado com a interven\u00e7\u00e3o do Estado obrigando. Foi uma ditadura (Getulio Vargas) que obrigou, porque todo o mundo j\u00e1 estava fazendo isso. A Revolu\u00e7\u00e3o Russa, por exemplo, amea\u00e7ou e obrigou os empres\u00e1rios a cederem\u201d. Segundo expressou, os governos tiveram que entrar na quest\u00e3o \u201cporque n\u00e3o ia ter auto-regulamenta\u00e7\u00e3o nenhuma\u201d.<\/p>\n\n\n\n<p>&nbsp;A Reforma da Previd\u00eancia de 2019, que foi o principal projeto da equipe do ministro&nbsp;Paulo Guedes, na gest\u00e3o do ent\u00e3o presidente&nbsp;Jair Bolsonaro, consolidou na Constitui\u00e7\u00e3o Federal que a aposentadoria compuls\u00f3ria para servidores p\u00fablicos (Uni\u00e3o, Estados e Munic\u00edpios) ocorra&nbsp;automaticamente aos&nbsp;75 anos&nbsp;de idade, com proventos proporcionais.<\/p>\n\n\n\n<p>Na avalia\u00e7\u00e3o de Bernardo Kocher, a emenda provocou a&nbsp;perda de direitos trabalhistas ao dar aos empres\u00e1rios a op\u00e7\u00e3o de demitir os trabalhadores celetistas com 75 anos de idade sem direito a receber indeniza\u00e7\u00e3o pelo tempo trabalhado, nem \u00e0 multa de 40% do Fundo de Garantia do Tempo de Servi\u00e7o (FGTS).<\/p>\n\n\n\n<blockquote class=\"wp-block-quote is-layout-flow wp-block-quote-is-layout-flow\">\n<p>\u201cEles est\u00e3o h\u00e1 d\u00e9cadas cortando direitos, porque o mundo do trabalho mudou muito. O mundo hoje \u00e9 de servi\u00e7os. A competi\u00e7\u00e3o \u00e9 global, a China produz tudo muito mais barato. Ent\u00e3o, se a classe trabalhadora est\u00e1 vulner\u00e1vel, essa legisla\u00e7\u00e3o (da emenda Paulo Guedes) passa\u201d.<\/p>\n<\/blockquote>\n\n\n\n<p>Para o professor da UFF, a perspectiva para o trabalho n\u00e3o \u00e9 nada boa. \u201cHoje, o mercado domina o mundo do trabalho. E isso leva \u00e0 precariza\u00e7\u00e3o, leva \u00e0 pejotiza\u00e7\u00e3o (contrata\u00e7\u00e3o de pessoas jur\u00eddicas), \u00e0 redu\u00e7\u00e3o de sal\u00e1rios e o Estado n\u00e3o quer intervir mais na economia.\u201d<\/p>\n\n\n\n<h2 class=\"wp-block-heading\">Sociologia do trabalho<\/h2>\n\n\n\n<p><strong>Na \u00f3tica do professor de Sociologia do Trabalho do Instituto de Filosofia e Ci\u00eancias Sociais da Universidade Federal do Rio de Janeiro (IFCS\/UFRJ), Marco Santana, o 1\u00ba de Maio mant\u00e9m um significado profundamente pol\u00edtico, ainda que seu sentido tenha se transformado ao longo do tempo.<\/strong><\/p>\n\n\n\n<blockquote class=\"wp-block-quote is-layout-flow wp-block-quote-is-layout-flow\">\n<p>\u201c\u00c9, como se diz, dia de luta e luto. Ele surgiu no final do s\u00e9culo 19 como um dia de luta, ligado \u00e0 mem\u00f3ria das greves oper\u00e1rias de 1886 em Chicago, que reivindicavam a jornada de oito horas e foram violentamente reprimidas.\u201d<\/p>\n<\/blockquote>\n\n\n\n<p>De acordo com Santana, desde ent\u00e3o, o 1\u00ba de Maio simboliza a afirma\u00e7\u00e3o de que os direitos trabalhistas n\u00e3o s\u00e3o concess\u00f5es naturais do progresso ou mesmo das classes dominantes, mas conquistas obtidas por meio de lutas, conflito social e organiza\u00e7\u00e3o coletiva.<\/p>\n\n\n\n<p>Ao longo do s\u00e9culo 20, o dia, marcado por um feriado, acompanhou a consolida\u00e7\u00e3o dos direitos do trabalho em muitos pa\u00edses, por meio de legisla\u00e7\u00e3o trabalhista, sindicatos reconhecidos, previd\u00eancia social e limites \u00e0 jornada. Em v\u00e1rios contextos, por\u00e9m, esse car\u00e1ter combativo acabou por ser institucionalizado.<\/p>\n\n\n\n<blockquote class=\"wp-block-quote is-layout-flow wp-block-quote-is-layout-flow\">\n<p>\u201cO 1\u00ba de Maio passou a ser celebrado como data c\u00edvica, com cerim\u00f4nias oficiais e discursos, muitas vezes esvaziando sua dimens\u00e3o de protesto e de cr\u00edticas ao capitalismo\u201d, disse, em entrevista&nbsp;<strong>\u00e0 Ag\u00eancia Brasil<\/strong>.<\/p>\n<\/blockquote>\n\n\n\n<p>Marco Santana observou, entretanto, que no s\u00e9culo 21, o significado do 1\u00ba de Maio volta a se tensionar. \u201cAs transforma\u00e7\u00f5es recentes do mundo do trabalho \u2014 como a precariza\u00e7\u00e3o, a informalidade, o trabalho por aplicativos, o enfraquecimento sindical e a redu\u00e7\u00e3o dr\u00e1stica de direitos laborais \u2014 recolocam o 1\u00ba de Maio como um dia de den\u00fancia e reinven\u00e7\u00e3o das lutas trabalhistas\u201d.<\/p>\n\n\n\n<p>Ao mesmo tempo, as pautas se ampliaram.&nbsp;\u201cN\u00e3o se trata apenas e somente do emprego industrial cl\u00e1ssico, mas tamb\u00e9m do trabalho de cuidado, do trabalho racializado, das quest\u00f5es ambientais e da rela\u00e7\u00e3o entre trabalho, tecnologia e vida. A luta contra a escala 6&#215;1, por vida al\u00e9m do trabalho, por exemplo, \u00e9 uma pauta central e inescap\u00e1vel nesse 1\u00ba de Maio em nosso pa\u00eds\u201d.<\/p>\n\n\n\n<p>No entender do professor do IFCS\/UFRJ, o 1\u00ba de Maio expressa hoje uma dupla dimens\u00e3o: \u00e9 mem\u00f3ria hist\u00f3rica das lutas que fundaram direitos sociais e, simultaneamente, um alerta sobre sua fragilidade.&nbsp;\u201cMais do que comemorar conquistas passadas, o feriado reafirma que o direito ao trabalho digno, ao tempo livre e \u00e0 vida para al\u00e9m da mercantiliza\u00e7\u00e3o continua sendo uma quest\u00e3o aberta e disputada\u201d.<\/p>\n\n\n\n<h2 class=\"wp-block-heading\">Outras datas<\/h2>\n\n\n\n<p><strong>Nos pa\u00edses onde o dia 1\u00ba de maio n\u00e3o \u00e9 feriado oficial, s\u00e3o organizadas manifesta\u00e7\u00f5es nesta data, em defesa dos trabalhadores. Por outro lado, algumas na\u00e7\u00f5es celebram o Dia do Trabalhador em outras datas.<\/strong><\/p>\n\n\n\n<p>Um exemplo \u00e9 a Nova Zel\u00e2ndia, que celebra o Dia do Trabalho na quarta segunda-feira de outubro, em homenagem \u00e0 luta dos trabalhadores locais, que levou \u00e0 ado\u00e7\u00e3o da jornada de 8 horas di\u00e1rias, antes da greve geral que resultou no massacre nos Estados Unidos.<\/p>\n\n\n\n<p>Na Austr\u00e1lia, o Dia do Trabalho varia de acordo com a regi\u00e3o. J\u00e1 os Estados Unidos e o Canad\u00e1 celebram o Dia do Trabalho na primeira segunda-feira de setembro. Nos Estados Unidos, a escolha teria como objetivo evitar associar a festa do trabalho com o movimento socialista, ent\u00e3o com alguma relev\u00e2ncia no pa\u00eds.<\/p>\n\n\n\n<div id=\"110712\" class=\"advads-saneouro advads-entity-placement\" style=\"margin-left: auto;margin-right: auto;text-align: center;\"><a href=\"https:\/\/www.saneouro.com.br\/\" target=\"_blank\" aria-label=\"DOP_Site\" data-wpel-link=\"external\" rel=\"follow external noopener noreferrer sponsored ugc\"><img src=\"https:\/\/www.diariodeouropreto.com.br\/wp-content\/uploads\/2026\/04\/DOP_Site.jpg\" alt=\"\"  srcset=\"https:\/\/www.diariodeouropreto.com.br\/wp-content\/uploads\/2026\/04\/DOP_Site.jpg 301w, https:\/\/www.diariodeouropreto.com.br\/wp-content\/uploads\/2026\/04\/DOP_Site-180x150.jpg 180w, https:\/\/www.diariodeouropreto.com.br\/wp-content\/uploads\/2026\/04\/DOP_Site-14x12.jpg 14w\" sizes=\"(max-width: 301px) 100vw, 301px\" width=\"301\" height=\"251\"  style=\"display: inline-block;\" \/><\/a><\/div><p>Por Alana Gandra &#8211; Rep\u00f3rter da Ag\u00eancia Brasil<\/p>\n\n\n\n<div id=\"50321\" class=\"advads-plantao advads-entity-placement\"><a href=\"https:\/\/www.diariodeouropreto.com.br\/pt\/\" target=\"_blank\" aria-label=\"site &#8211; noticia\" data-wpel-link=\"external\" rel=\"follow external noopener noreferrer sponsored ugc\"><img src=\"https:\/\/www.diariodeouropreto.com.br\/wp-content\/uploads\/2019\/09\/titulosite2-e1616373489755.jpg\" alt=\"\"  srcset=\"https:\/\/www.diariodeouropreto.com.br\/wp-content\/uploads\/2019\/09\/titulosite2-e1616373489755.jpg 1200w, https:\/\/www.diariodeouropreto.com.br\/wp-content\/uploads\/2019\/09\/titulosite2-e1616373489755-150x38.jpg 150w, https:\/\/www.diariodeouropreto.com.br\/wp-content\/uploads\/2019\/09\/titulosite2-e1616373489755-660x167.jpg 660w, https:\/\/www.diariodeouropreto.com.br\/wp-content\/uploads\/2019\/09\/titulosite2-e1616373489755-768x194.jpg 768w, https:\/\/www.diariodeouropreto.com.br\/wp-content\/uploads\/2019\/09\/titulosite2-e1616373489755-1000x252.jpg 1000w, https:\/\/www.diariodeouropreto.com.br\/wp-content\/uploads\/2019\/09\/titulosite2-e1616373489755-1536x388.jpg 1536w, https:\/\/www.diariodeouropreto.com.br\/wp-content\/uploads\/2019\/09\/titulosite2-e1616373489755-2048x517.jpg 2048w\" sizes=\"(max-width: 1200px) 100vw, 1200px\" width=\"1200\" height=\"303\"  style=\"display: inline-block;\" \/><\/a><\/div><p>Foto:  Jos\u00e9 Cruz\/Ag\u00eancia Brasil<\/p>","protected":false},"excerpt":{"rendered":"<p>Data \u00e9 comemorada em muitos pa\u00edses como feriado nacionalO Dia Internacional do Trabalhador, tamb\u00e9m conhecido como Dia do Trabalhador ou Dia do Trabalho, comemorado anualmente em 1\u00ba de maio, \u00e9 feriado em muitos pa\u00edses. A data tem origem na greve geral iniciada por&nbsp;trabalhadores norte-americanos em 1\u00ba de maio de 1886,<span class=\"more-link\"><a href=\"https:\/\/www.diariodeouropreto.com.br\/pt\/dia-do-trabalho-tem-origem-em-greve-de-operarios-nos-eua-em-1886\/\" data-wpel-link=\"internal\">Continue Lendo<\/a><\/span><\/p>","protected":false},"author":1,"featured_media":52059,"comment_status":"closed","ping_status":"closed","sticky":false,"template":"","format":"standard","meta":{"_jetpack_memberships_contains_paid_content":false,"footnotes":"","jetpack_publicize_message":"Data \u00e9 comemorada em muitos pa\u00edses como feriado nacional\n","jetpack_publicize_feature_enabled":true,"jetpack_social_post_already_shared":true,"jetpack_social_options":{"image_generator_settings":{"template":"highway","default_image_id":0,"font":"","enabled":false},"version":2}},"categories":[824],"tags":[],"class_list":["entry","author-diario","post-52052","post","type-post","status-publish","format-standard","has-post-thumbnail","category-geral"],"yoast_head":"<!-- This site is optimized with the Yoast SEO plugin v27.5 - https:\/\/yoast.com\/product\/yoast-seo-wordpress\/ -->\n<title>Dia do Trabalho tem origem em greve de oper\u00e1rios nos EUA, em 1886 - Di\u00e1rio de Ouro Preto<\/title>\n<meta name=\"description\" content=\"Data \u00e9 comemorada em muitos pa\u00edses como feriado nacional- Dia do Trabalho tem origem em greve de oper\u00e1rios nos EUA, em 1886 - Geral\" \/>\n<meta name=\"robots\" content=\"index, follow, max-snippet:-1, max-image-preview:large, max-video-preview:-1\" \/>\n<link rel=\"canonical\" href=\"https:\/\/www.diariodeouropreto.com.br\/pt\/dia-do-trabalho-tem-origem-em-greve-de-operarios-nos-eua-em-1886\/\" \/>\n<meta property=\"og:locale\" content=\"pt_PT\" \/>\n<meta property=\"og:type\" content=\"article\" \/>\n<meta property=\"og:title\" content=\"Dia do Trabalho tem origem em greve de oper\u00e1rios nos EUA, em 1886 - Di\u00e1rio de Ouro Preto\" \/>\n<meta property=\"og:description\" content=\"Data \u00e9 comemorada em muitos pa\u00edses como feriado nacional- Dia do Trabalho tem origem em greve de oper\u00e1rios nos EUA, em 1886 - Geral\" \/>\n<meta property=\"og:url\" content=\"https:\/\/www.diariodeouropreto.com.br\/pt\/dia-do-trabalho-tem-origem-em-greve-de-operarios-nos-eua-em-1886\/\" \/>\n<meta property=\"og:site_name\" content=\"Di\u00e1rio de Ouro Preto\" \/>\n<meta property=\"article:publisher\" content=\"https:\/\/www.facebook.com\/diariodeouropreto\/\" \/>\n<meta property=\"article:published_time\" content=\"2026-05-01T11:00:00+00:00\" \/>\n<meta property=\"og:image\" content=\"https:\/\/www.diariodeouropreto.com.br\/wp-content\/uploads\/2026\/04\/0d9a9352.webp\" \/>\n\t<meta property=\"og:image:width\" content=\"1170\" \/>\n\t<meta property=\"og:image:height\" content=\"700\" \/>\n\t<meta property=\"og:image:type\" content=\"image\/webp\" \/>\n<meta name=\"author\" content=\"Di\u00e1rio de Ouro Preto\" \/>\n<meta name=\"twitter:card\" content=\"summary_large_image\" \/>\n<meta name=\"twitter:label1\" content=\"Escrito por\" \/>\n\t<meta name=\"twitter:data1\" content=\"Di\u00e1rio de Ouro Preto\" \/>\n\t<meta name=\"twitter:label2\" content=\"Tempo estimado de leitura\" \/>\n\t<meta name=\"twitter:data2\" content=\"10 minutos\" \/>\n<script type=\"application\/ld+json\" class=\"yoast-schema-graph\">{\"@context\":\"https:\\\/\\\/schema.org\",\"@graph\":[{\"@type\":\"Article\",\"@id\":\"https:\\\/\\\/www.diariodeouropreto.com.br\\\/dia-do-trabalho-tem-origem-em-greve-de-operarios-nos-eua-em-1886\\\/#article\",\"isPartOf\":{\"@id\":\"https:\\\/\\\/www.diariodeouropreto.com.br\\\/dia-do-trabalho-tem-origem-em-greve-de-operarios-nos-eua-em-1886\\\/\"},\"author\":{\"name\":\"Di\u00e1rio de Ouro Preto\",\"@id\":\"https:\\\/\\\/www.diariodeouropreto.com.br\\\/pt\\\/#\\\/schema\\\/person\\\/7654e7b471204a6dab6dc0ce6e140c99\"},\"headline\":\"Dia do Trabalho tem origem em greve de oper\u00e1rios nos EUA, em 1886\",\"datePublished\":\"2026-05-01T11:00:00+00:00\",\"mainEntityOfPage\":{\"@id\":\"https:\\\/\\\/www.diariodeouropreto.com.br\\\/dia-do-trabalho-tem-origem-em-greve-de-operarios-nos-eua-em-1886\\\/\"},\"wordCount\":1958,\"publisher\":{\"@id\":\"https:\\\/\\\/www.diariodeouropreto.com.br\\\/pt\\\/#organization\"},\"image\":{\"@id\":\"https:\\\/\\\/www.diariodeouropreto.com.br\\\/dia-do-trabalho-tem-origem-em-greve-de-operarios-nos-eua-em-1886\\\/#primaryimage\"},\"thumbnailUrl\":\"https:\\\/\\\/www.diariodeouropreto.com.br\\\/wp-content\\\/uploads\\\/2026\\\/04\\\/0d9a9352.webp\",\"articleSection\":[\"Geral\"],\"inLanguage\":\"pt-PT\"},{\"@type\":\"WebPage\",\"@id\":\"https:\\\/\\\/www.diariodeouropreto.com.br\\\/dia-do-trabalho-tem-origem-em-greve-de-operarios-nos-eua-em-1886\\\/\",\"url\":\"https:\\\/\\\/www.diariodeouropreto.com.br\\\/dia-do-trabalho-tem-origem-em-greve-de-operarios-nos-eua-em-1886\\\/\",\"name\":\"Dia do Trabalho tem origem em greve de oper\u00e1rios nos EUA, em 1886 - Di\u00e1rio de Ouro Preto\",\"isPartOf\":{\"@id\":\"https:\\\/\\\/www.diariodeouropreto.com.br\\\/pt\\\/#website\"},\"primaryImageOfPage\":{\"@id\":\"https:\\\/\\\/www.diariodeouropreto.com.br\\\/dia-do-trabalho-tem-origem-em-greve-de-operarios-nos-eua-em-1886\\\/#primaryimage\"},\"image\":{\"@id\":\"https:\\\/\\\/www.diariodeouropreto.com.br\\\/dia-do-trabalho-tem-origem-em-greve-de-operarios-nos-eua-em-1886\\\/#primaryimage\"},\"thumbnailUrl\":\"https:\\\/\\\/www.diariodeouropreto.com.br\\\/wp-content\\\/uploads\\\/2026\\\/04\\\/0d9a9352.webp\",\"datePublished\":\"2026-05-01T11:00:00+00:00\",\"description\":\"Data \u00e9 comemorada em muitos pa\u00edses como feriado nacional- Dia do Trabalho tem origem em greve de oper\u00e1rios nos EUA, em 1886 - Geral\",\"breadcrumb\":{\"@id\":\"https:\\\/\\\/www.diariodeouropreto.com.br\\\/dia-do-trabalho-tem-origem-em-greve-de-operarios-nos-eua-em-1886\\\/#breadcrumb\"},\"inLanguage\":\"pt-PT\",\"potentialAction\":[{\"@type\":\"ReadAction\",\"target\":[\"https:\\\/\\\/www.diariodeouropreto.com.br\\\/dia-do-trabalho-tem-origem-em-greve-de-operarios-nos-eua-em-1886\\\/\"]}]},{\"@type\":\"ImageObject\",\"inLanguage\":\"pt-PT\",\"@id\":\"https:\\\/\\\/www.diariodeouropreto.com.br\\\/dia-do-trabalho-tem-origem-em-greve-de-operarios-nos-eua-em-1886\\\/#primaryimage\",\"url\":\"https:\\\/\\\/www.diariodeouropreto.com.br\\\/wp-content\\\/uploads\\\/2026\\\/04\\\/0d9a9352.webp\",\"contentUrl\":\"https:\\\/\\\/www.diariodeouropreto.com.br\\\/wp-content\\\/uploads\\\/2026\\\/04\\\/0d9a9352.webp\",\"width\":1170,\"height\":700},{\"@type\":\"BreadcrumbList\",\"@id\":\"https:\\\/\\\/www.diariodeouropreto.com.br\\\/dia-do-trabalho-tem-origem-em-greve-de-operarios-nos-eua-em-1886\\\/#breadcrumb\",\"itemListElement\":[{\"@type\":\"ListItem\",\"position\":1,\"name\":\"In\u00edcio\",\"item\":\"https:\\\/\\\/www.diariodeouropreto.com.br\\\/pt\\\/\"},{\"@type\":\"ListItem\",\"position\":2,\"name\":\"Dia do Trabalho tem origem em greve de oper\u00e1rios nos EUA, em 1886\"}]},{\"@type\":\"WebSite\",\"@id\":\"https:\\\/\\\/www.diariodeouropreto.com.br\\\/pt\\\/#website\",\"url\":\"https:\\\/\\\/www.diariodeouropreto.com.br\\\/pt\\\/\",\"name\":\"Di\u00e1rio de Ouro Preto\",\"description\":\"Not\u00edcias Ouro Preto; Mariana;Minas Gerais;Jornal;Jornalismo;Not\u00edcias;\",\"publisher\":{\"@id\":\"https:\\\/\\\/www.diariodeouropreto.com.br\\\/pt\\\/#organization\"},\"alternateName\":\"Jornal di\u00e1rio de Ouro Preto\",\"potentialAction\":[{\"@type\":\"SearchAction\",\"target\":{\"@type\":\"EntryPoint\",\"urlTemplate\":\"https:\\\/\\\/www.diariodeouropreto.com.br\\\/pt\\\/?s={search_term_string}\"},\"query-input\":{\"@type\":\"PropertyValueSpecification\",\"valueRequired\":true,\"valueName\":\"search_term_string\"}}],\"inLanguage\":\"pt-PT\"},{\"@type\":\"Organization\",\"@id\":\"https:\\\/\\\/www.diariodeouropreto.com.br\\\/pt\\\/#organization\",\"name\":\"Di\u00e1rio de Ouro Preto\",\"alternateName\":\"Jornal di\u00e1rio Ouro Preto\",\"url\":\"https:\\\/\\\/www.diariodeouropreto.com.br\\\/pt\\\/\",\"logo\":{\"@type\":\"ImageObject\",\"inLanguage\":\"pt-PT\",\"@id\":\"https:\\\/\\\/www.diariodeouropreto.com.br\\\/pt\\\/#\\\/schema\\\/logo\\\/image\\\/\",\"url\":\"https:\\\/\\\/www.diariodeouropreto.com.br\\\/wp-content\\\/uploads\\\/2019\\\/06\\\/cropped-logotransp-2.png\",\"contentUrl\":\"https:\\\/\\\/www.diariodeouropreto.com.br\\\/wp-content\\\/uploads\\\/2019\\\/06\\\/cropped-logotransp-2.png\",\"width\":1323,\"height\":251,\"caption\":\"Di\u00e1rio de Ouro Preto\"},\"image\":{\"@id\":\"https:\\\/\\\/www.diariodeouropreto.com.br\\\/pt\\\/#\\\/schema\\\/logo\\\/image\\\/\"},\"sameAs\":[\"https:\\\/\\\/www.facebook.com\\\/diariodeouropreto\\\/\"]},{\"@type\":\"Person\",\"@id\":\"https:\\\/\\\/www.diariodeouropreto.com.br\\\/pt\\\/#\\\/schema\\\/person\\\/7654e7b471204a6dab6dc0ce6e140c99\",\"name\":\"Di\u00e1rio de Ouro Preto\",\"sameAs\":[\"http:\\\/\\\/www.diariodeouropreto.com.br\"],\"url\":\"https:\\\/\\\/www.diariodeouropreto.com.br\\\/pt\\\/author\\\/diario\\\/\"}]}<\/script>\n<!-- \/ Yoast SEO plugin. -->","yoast_head_json":{"title":"Dia do Trabalho tem origem em greve de oper\u00e1rios nos EUA, em 1886 - Di\u00e1rio de Ouro Preto","description":"Data \u00e9 comemorada em muitos pa\u00edses como feriado nacional- Dia do Trabalho tem origem em greve de oper\u00e1rios nos EUA, em 1886 - Geral","robots":{"index":"index","follow":"follow","max-snippet":"max-snippet:-1","max-image-preview":"max-image-preview:large","max-video-preview":"max-video-preview:-1"},"canonical":"https:\/\/www.diariodeouropreto.com.br\/pt\/dia-do-trabalho-tem-origem-em-greve-de-operarios-nos-eua-em-1886\/","og_locale":"pt_PT","og_type":"article","og_title":"Dia do Trabalho tem origem em greve de oper\u00e1rios nos EUA, em 1886 - Di\u00e1rio de Ouro Preto","og_description":"Data \u00e9 comemorada em muitos pa\u00edses como feriado nacional- Dia do Trabalho tem origem em greve de oper\u00e1rios nos EUA, em 1886 - Geral","og_url":"https:\/\/www.diariodeouropreto.com.br\/pt\/dia-do-trabalho-tem-origem-em-greve-de-operarios-nos-eua-em-1886\/","og_site_name":"Di\u00e1rio de Ouro Preto","article_publisher":"https:\/\/www.facebook.com\/diariodeouropreto\/","article_published_time":"2026-05-01T11:00:00+00:00","og_image":[{"width":1170,"height":700,"url":"https:\/\/www.diariodeouropreto.com.br\/wp-content\/uploads\/2026\/04\/0d9a9352.webp","type":"image\/webp"}],"author":"Di\u00e1rio de Ouro Preto","twitter_card":"summary_large_image","twitter_misc":{"Escrito por":"Di\u00e1rio de Ouro Preto","Tempo estimado de leitura":"10 minutos"},"schema":{"@context":"https:\/\/schema.org","@graph":[{"@type":"Article","@id":"https:\/\/www.diariodeouropreto.com.br\/dia-do-trabalho-tem-origem-em-greve-de-operarios-nos-eua-em-1886\/#article","isPartOf":{"@id":"https:\/\/www.diariodeouropreto.com.br\/dia-do-trabalho-tem-origem-em-greve-de-operarios-nos-eua-em-1886\/"},"author":{"name":"Di\u00e1rio de Ouro Preto","@id":"https:\/\/www.diariodeouropreto.com.br\/pt\/#\/schema\/person\/7654e7b471204a6dab6dc0ce6e140c99"},"headline":"Dia do Trabalho tem origem em greve de oper\u00e1rios nos EUA, em 1886","datePublished":"2026-05-01T11:00:00+00:00","mainEntityOfPage":{"@id":"https:\/\/www.diariodeouropreto.com.br\/dia-do-trabalho-tem-origem-em-greve-de-operarios-nos-eua-em-1886\/"},"wordCount":1958,"publisher":{"@id":"https:\/\/www.diariodeouropreto.com.br\/pt\/#organization"},"image":{"@id":"https:\/\/www.diariodeouropreto.com.br\/dia-do-trabalho-tem-origem-em-greve-de-operarios-nos-eua-em-1886\/#primaryimage"},"thumbnailUrl":"https:\/\/www.diariodeouropreto.com.br\/wp-content\/uploads\/2026\/04\/0d9a9352.webp","articleSection":["Geral"],"inLanguage":"pt-PT"},{"@type":"WebPage","@id":"https:\/\/www.diariodeouropreto.com.br\/dia-do-trabalho-tem-origem-em-greve-de-operarios-nos-eua-em-1886\/","url":"https:\/\/www.diariodeouropreto.com.br\/dia-do-trabalho-tem-origem-em-greve-de-operarios-nos-eua-em-1886\/","name":"Dia do Trabalho tem origem em greve de oper\u00e1rios nos EUA, em 1886 - Di\u00e1rio de Ouro Preto","isPartOf":{"@id":"https:\/\/www.diariodeouropreto.com.br\/pt\/#website"},"primaryImageOfPage":{"@id":"https:\/\/www.diariodeouropreto.com.br\/dia-do-trabalho-tem-origem-em-greve-de-operarios-nos-eua-em-1886\/#primaryimage"},"image":{"@id":"https:\/\/www.diariodeouropreto.com.br\/dia-do-trabalho-tem-origem-em-greve-de-operarios-nos-eua-em-1886\/#primaryimage"},"thumbnailUrl":"https:\/\/www.diariodeouropreto.com.br\/wp-content\/uploads\/2026\/04\/0d9a9352.webp","datePublished":"2026-05-01T11:00:00+00:00","description":"Data \u00e9 comemorada em muitos pa\u00edses como feriado nacional- Dia do Trabalho tem origem em greve de oper\u00e1rios nos EUA, em 1886 - Geral","breadcrumb":{"@id":"https:\/\/www.diariodeouropreto.com.br\/dia-do-trabalho-tem-origem-em-greve-de-operarios-nos-eua-em-1886\/#breadcrumb"},"inLanguage":"pt-PT","potentialAction":[{"@type":"ReadAction","target":["https:\/\/www.diariodeouropreto.com.br\/dia-do-trabalho-tem-origem-em-greve-de-operarios-nos-eua-em-1886\/"]}]},{"@type":"ImageObject","inLanguage":"pt-PT","@id":"https:\/\/www.diariodeouropreto.com.br\/dia-do-trabalho-tem-origem-em-greve-de-operarios-nos-eua-em-1886\/#primaryimage","url":"https:\/\/www.diariodeouropreto.com.br\/wp-content\/uploads\/2026\/04\/0d9a9352.webp","contentUrl":"https:\/\/www.diariodeouropreto.com.br\/wp-content\/uploads\/2026\/04\/0d9a9352.webp","width":1170,"height":700},{"@type":"BreadcrumbList","@id":"https:\/\/www.diariodeouropreto.com.br\/dia-do-trabalho-tem-origem-em-greve-de-operarios-nos-eua-em-1886\/#breadcrumb","itemListElement":[{"@type":"ListItem","position":1,"name":"In\u00edcio","item":"https:\/\/www.diariodeouropreto.com.br\/pt\/"},{"@type":"ListItem","position":2,"name":"Dia do Trabalho tem origem em greve de oper\u00e1rios nos EUA, em 1886"}]},{"@type":"WebSite","@id":"https:\/\/www.diariodeouropreto.com.br\/pt\/#website","url":"https:\/\/www.diariodeouropreto.com.br\/pt\/","name":"Di\u00e1rio de Ouro Preto","description":"Not\u00edcias Ouro Preto; Mariana;Minas Gerais;Jornal;Jornalismo;Not\u00edcias;","publisher":{"@id":"https:\/\/www.diariodeouropreto.com.br\/pt\/#organization"},"alternateName":"Jornal di\u00e1rio de Ouro Preto","potentialAction":[{"@type":"SearchAction","target":{"@type":"EntryPoint","urlTemplate":"https:\/\/www.diariodeouropreto.com.br\/pt\/?s={search_term_string}"},"query-input":{"@type":"PropertyValueSpecification","valueRequired":true,"valueName":"search_term_string"}}],"inLanguage":"pt-PT"},{"@type":"Organization","@id":"https:\/\/www.diariodeouropreto.com.br\/pt\/#organization","name":"Di\u00e1rio de Ouro Preto","alternateName":"Jornal di\u00e1rio Ouro Preto","url":"https:\/\/www.diariodeouropreto.com.br\/pt\/","logo":{"@type":"ImageObject","inLanguage":"pt-PT","@id":"https:\/\/www.diariodeouropreto.com.br\/pt\/#\/schema\/logo\/image\/","url":"https:\/\/www.diariodeouropreto.com.br\/wp-content\/uploads\/2019\/06\/cropped-logotransp-2.png","contentUrl":"https:\/\/www.diariodeouropreto.com.br\/wp-content\/uploads\/2019\/06\/cropped-logotransp-2.png","width":1323,"height":251,"caption":"Di\u00e1rio de Ouro Preto"},"image":{"@id":"https:\/\/www.diariodeouropreto.com.br\/pt\/#\/schema\/logo\/image\/"},"sameAs":["https:\/\/www.facebook.com\/diariodeouropreto\/"]},{"@type":"Person","@id":"https:\/\/www.diariodeouropreto.com.br\/pt\/#\/schema\/person\/7654e7b471204a6dab6dc0ce6e140c99","name":"Di\u00e1rio de Ouro Preto","sameAs":["http:\/\/www.diariodeouropreto.com.br"],"url":"https:\/\/www.diariodeouropreto.com.br\/pt\/author\/diario\/"}]}},"jetpack_publicize_connections":[],"jetpack_featured_media_url":"https:\/\/www.diariodeouropreto.com.br\/wp-content\/uploads\/2026\/04\/0d9a9352.webp","jetpack-related-posts":[{"id":8169,"url":"https:\/\/www.diariodeouropreto.com.br\/pt\/luta-dos-negros-e-tema-de-pronunciamentos-no-13-de-maio\/","url_meta":{"origin":52052,"position":0},"title":"Luta dos negros \u00e9 tema de pronunciamentos no 13 de maio","author":"Di\u00e1rio de Ouro Preto","date":"13 de Maio de 2021","format":false,"excerpt":"A data\u00a0oficialmente celebrada como o dia\u00a0da aboli\u00e7\u00e3o da escravatura no Brasil, 13 de maio, foi lembrada no Plen\u00e1rio da Assembleia Legislativa\u00a0de Minas Gerais (ALMG) nesta quinta-feira (13\/5\/21). Os parlamentares falaram dos significados da data, mas tamb\u00e9m das lutas presentes dos negros e dos her\u00f3is do passado negligenciados pela historiografia oficial.\u2026","rel":"","context":"In &quot;Minas Gerais&quot;","block_context":{"text":"Minas Gerais","link":"https:\/\/www.diariodeouropreto.com.br\/pt\/Editoria\/minas-gerais\/"},"img":{"alt_text":"","src":"https:\/\/i0.wp.com\/www.diariodeouropreto.com.br\/wp-content\/uploads\/2021\/05\/1559259.jpg?resize=350%2C200&ssl=1","width":350,"height":200,"srcset":"https:\/\/i0.wp.com\/www.diariodeouropreto.com.br\/wp-content\/uploads\/2021\/05\/1559259.jpg?resize=350%2C200&ssl=1 1x, https:\/\/i0.wp.com\/www.diariodeouropreto.com.br\/wp-content\/uploads\/2021\/05\/1559259.jpg?resize=525%2C300&ssl=1 1.5x"},"classes":[]},{"id":32653,"url":"https:\/\/www.diariodeouropreto.com.br\/pt\/hoje-e-dia-veja-datas-comemorativas-e-feriados-de-maio-de-2024\/","url_meta":{"origin":52052,"position":1},"title":"Hoje \u00e9 Dia: veja datas comemorativas e feriados de maio de 2024","author":"Di\u00e1rio de Ouro Preto","date":"1 de Maio de 2024","format":false,"excerpt":"M\u00eas lembra morte de M\u00e1rio Quintana e chegada de Mandela \u00e0 presid\u00eancia O m\u00eas de maio come\u00e7a com o feriado do\u00a0Dia do Trabalhador,\u00a0traz o\u00a0Dia das M\u00e3es\u00a0e termina junto \u00e0s comemora\u00e7\u00f5es de\u00a0Corpus Christi, feriado em alguns estados e munic\u00edpios brasileiros. Em 2024, maio contar\u00e1 com efem\u00e9rides de como\u00e7\u00e3o nacional a exemplo\u2026","rel":"","context":"In &quot;Variedades&quot;","block_context":{"text":"Variedades","link":"https:\/\/www.diariodeouropreto.com.br\/pt\/Editoria\/variedades\/"},"img":{"alt_text":"","src":"https:\/\/i0.wp.com\/www.diariodeouropreto.com.br\/wp-content\/uploads\/2024\/05\/939551-aniversario-morte-funeral-mandela-14.webp?resize=350%2C200&ssl=1","width":350,"height":200,"srcset":"https:\/\/i0.wp.com\/www.diariodeouropreto.com.br\/wp-content\/uploads\/2024\/05\/939551-aniversario-morte-funeral-mandela-14.webp?resize=350%2C200&ssl=1 1x, https:\/\/i0.wp.com\/www.diariodeouropreto.com.br\/wp-content\/uploads\/2024\/05\/939551-aniversario-morte-funeral-mandela-14.webp?resize=525%2C300&ssl=1 1.5x, https:\/\/i0.wp.com\/www.diariodeouropreto.com.br\/wp-content\/uploads\/2024\/05\/939551-aniversario-morte-funeral-mandela-14.webp?resize=700%2C400&ssl=1 2x, https:\/\/i0.wp.com\/www.diariodeouropreto.com.br\/wp-content\/uploads\/2024\/05\/939551-aniversario-morte-funeral-mandela-14.webp?resize=1050%2C600&ssl=1 3x"},"classes":[]},{"id":49525,"url":"https:\/\/www.diariodeouropreto.com.br\/pt\/confira-os-feriados-nacionais-e-pontos-facultativos-de-2026\/","url_meta":{"origin":52052,"position":2},"title":"Confira os feriados nacionais e pontos facultativos de 2026","author":"Di\u00e1rio de Ouro Preto","date":"30 de Dezembro de 2025","format":false,"excerpt":"Dos 10 feriados nacionais, apenas um cai no fim de semana O Minist\u00e9rio da Gest\u00e3o e da Inova\u00e7\u00e3o em Servi\u00e7os P\u00fablicos publicou nesta ter\u00e7a-feira (30)\u00a0portaria\u00a0que estabelece feriados nacionais e pontos facultativos de 2026.\u00a0Dos 10 feriados nacionais, apenas um cai no fim de semana \u2013 o da Proclama\u00e7\u00e3o da Rep\u00fablica, em\u2026","rel":"","context":"In &quot;Geral&quot;","block_context":{"text":"Geral","link":"https:\/\/www.diariodeouropreto.com.br\/pt\/Editoria\/geral\/"},"img":{"alt_text":"","src":"https:\/\/i0.wp.com\/www.diariodeouropreto.com.br\/wp-content\/uploads\/2025\/12\/ja_1086.webp?resize=350%2C200&ssl=1","width":350,"height":200,"srcset":"https:\/\/i0.wp.com\/www.diariodeouropreto.com.br\/wp-content\/uploads\/2025\/12\/ja_1086.webp?resize=350%2C200&ssl=1 1x, https:\/\/i0.wp.com\/www.diariodeouropreto.com.br\/wp-content\/uploads\/2025\/12\/ja_1086.webp?resize=525%2C300&ssl=1 1.5x, https:\/\/i0.wp.com\/www.diariodeouropreto.com.br\/wp-content\/uploads\/2025\/12\/ja_1086.webp?resize=700%2C400&ssl=1 2x, https:\/\/i0.wp.com\/www.diariodeouropreto.com.br\/wp-content\/uploads\/2025\/12\/ja_1086.webp?resize=1050%2C600&ssl=1 3x"},"classes":[]},{"id":34779,"url":"https:\/\/www.diariodeouropreto.com.br\/pt\/professores-da-ufop-aprovam-construcao-de-saida-unificada-da-greve\/","url_meta":{"origin":52052,"position":3},"title":"Professores da UFOP aprovam constru\u00e7\u00e3o de sa\u00edda unificada da greve","author":"Di\u00e1rio de Ouro Preto","date":"20 de Junho de 2024","format":false,"excerpt":"Professores e t\u00e9cnicos da UFOP aprovaram sa\u00edda da greve, decis\u00e3o dos sindicatos Adufop e Assufop ainda seguem para aprova\u00e7\u00e3o dos comandos nacionais dos grevistas Docentes da UFOP aprovaram nesta quarta-feira, dia 19\/06, indicativo de constru\u00e7\u00e3o de sa\u00edda unificada da greve e assinatura da proposta de acordo com o Governo Federal.\u2026","rel":"","context":"In &quot;Cidades&quot;","block_context":{"text":"Cidades","link":"https:\/\/www.diariodeouropreto.com.br\/pt\/Editoria\/cidades\/"},"img":{"alt_text":"","src":"https:\/\/i0.wp.com\/www.diariodeouropreto.com.br\/wp-content\/uploads\/2024\/06\/adufop-77751mv2.webp?resize=350%2C200&ssl=1","width":350,"height":200,"srcset":"https:\/\/i0.wp.com\/www.diariodeouropreto.com.br\/wp-content\/uploads\/2024\/06\/adufop-77751mv2.webp?resize=350%2C200&ssl=1 1x, https:\/\/i0.wp.com\/www.diariodeouropreto.com.br\/wp-content\/uploads\/2024\/06\/adufop-77751mv2.webp?resize=525%2C300&ssl=1 1.5x, https:\/\/i0.wp.com\/www.diariodeouropreto.com.br\/wp-content\/uploads\/2024\/06\/adufop-77751mv2.webp?resize=700%2C400&ssl=1 2x"},"classes":[]},{"id":5923,"url":"https:\/\/www.diariodeouropreto.com.br\/pt\/2021-tera-tres-feriados-nacionais-prolongados\/","url_meta":{"origin":52052,"position":4},"title":"2021 ter\u00e1 tr\u00eas feriados nacionais prolongados","author":"Di\u00e1rio de Ouro Preto","date":"31 de Dezembro de 2020","format":false,"excerpt":"Em meio a uma pandemia e expectativa da chegada de vacinas, o ano de 2021 ter\u00e1 tr\u00eas feriados prolongados nacionais, sem considerar os feriados estaduais e municipais e festejos como carnaval e\u00a0Corpus Christi, que s\u00e3o pontos facultativos \u2013 e n\u00e3o feriados - em diversas cidades. Feriados prolongados s\u00e3o os que\u2026","rel":"","context":"In &quot;Brasil&quot;","block_context":{"text":"Brasil","link":"https:\/\/www.diariodeouropreto.com.br\/pt\/Editoria\/brasil\/"},"img":{"alt_text":"","src":"https:\/\/i0.wp.com\/www.diariodeouropreto.com.br\/wp-content\/uploads\/2020\/12\/mosaico_feriados_dsc6584.jpg?resize=350%2C200&ssl=1","width":350,"height":200,"srcset":"https:\/\/i0.wp.com\/www.diariodeouropreto.com.br\/wp-content\/uploads\/2020\/12\/mosaico_feriados_dsc6584.jpg?resize=350%2C200&ssl=1 1x, https:\/\/i0.wp.com\/www.diariodeouropreto.com.br\/wp-content\/uploads\/2020\/12\/mosaico_feriados_dsc6584.jpg?resize=525%2C300&ssl=1 1.5x, https:\/\/i0.wp.com\/www.diariodeouropreto.com.br\/wp-content\/uploads\/2020\/12\/mosaico_feriados_dsc6584.jpg?resize=700%2C400&ssl=1 2x, https:\/\/i0.wp.com\/www.diariodeouropreto.com.br\/wp-content\/uploads\/2020\/12\/mosaico_feriados_dsc6584.jpg?resize=1050%2C600&ssl=1 3x"},"classes":[]},{"id":34531,"url":"https:\/\/www.diariodeouropreto.com.br\/pt\/mec-aceita-revogar-portaria-se-professores-de-federais-acabarem-greve\/","url_meta":{"origin":52052,"position":5},"title":"MEC aceita revogar portaria se professores de federais acabarem greve","author":"Di\u00e1rio de Ouro Preto","date":"14 de Junho de 2024","format":false,"excerpt":"Norma eleva carga hor\u00e1ria m\u00ednima de docentes O Minist\u00e9rio da Educa\u00e7\u00e3o se comprometeu a revogar a\u00a0Portaria\u00a0983, de novembro de 2020\u00a0- que eleva a carga hor\u00e1ria m\u00ednima semanal dos docentes -, desde que os professores das universidades e institutos federais aceitem encerrar a greve que j\u00e1 dura 72 dias. Para representantes\u2026","rel":"","context":"In &quot;Brasil&quot;","block_context":{"text":"Brasil","link":"https:\/\/www.diariodeouropreto.com.br\/pt\/Editoria\/brasil\/"},"img":{"alt_text":"","src":"https:\/\/i0.wp.com\/www.diariodeouropreto.com.br\/wp-content\/uploads\/2022\/08\/capa-noticia-geral-e1617738740372-1.jpg?resize=350%2C200&ssl=1","width":350,"height":200,"srcset":"https:\/\/i0.wp.com\/www.diariodeouropreto.com.br\/wp-content\/uploads\/2022\/08\/capa-noticia-geral-e1617738740372-1.jpg?resize=350%2C200&ssl=1 1x, https:\/\/i0.wp.com\/www.diariodeouropreto.com.br\/wp-content\/uploads\/2022\/08\/capa-noticia-geral-e1617738740372-1.jpg?resize=525%2C300&ssl=1 1.5x"},"classes":[]}],"jetpack_sharing_enabled":true,"amp_enabled":true,"_links":{"self":[{"href":"https:\/\/www.diariodeouropreto.com.br\/pt\/wp-json\/wp\/v2\/posts\/52052","targetHints":{"allow":["GET"]}}],"collection":[{"href":"https:\/\/www.diariodeouropreto.com.br\/pt\/wp-json\/wp\/v2\/posts"}],"about":[{"href":"https:\/\/www.diariodeouropreto.com.br\/pt\/wp-json\/wp\/v2\/types\/post"}],"author":[{"embeddable":true,"href":"https:\/\/www.diariodeouropreto.com.br\/pt\/wp-json\/wp\/v2\/users\/1"}],"replies":[{"embeddable":true,"href":"https:\/\/www.diariodeouropreto.com.br\/pt\/wp-json\/wp\/v2\/comments?post=52052"}],"version-history":[{"count":1,"href":"https:\/\/www.diariodeouropreto.com.br\/pt\/wp-json\/wp\/v2\/posts\/52052\/revisions"}],"predecessor-version":[{"id":52060,"href":"https:\/\/www.diariodeouropreto.com.br\/pt\/wp-json\/wp\/v2\/posts\/52052\/revisions\/52060"}],"wp:featuredmedia":[{"embeddable":true,"href":"https:\/\/www.diariodeouropreto.com.br\/pt\/wp-json\/wp\/v2\/media\/52059"}],"wp:attachment":[{"href":"https:\/\/www.diariodeouropreto.com.br\/pt\/wp-json\/wp\/v2\/media?parent=52052"}],"wp:term":[{"taxonomy":"category","embeddable":true,"href":"https:\/\/www.diariodeouropreto.com.br\/pt\/wp-json\/wp\/v2\/categories?post=52052"},{"taxonomy":"post_tag","embeddable":true,"href":"https:\/\/www.diariodeouropreto.com.br\/pt\/wp-json\/wp\/v2\/tags?post=52052"}],"curies":[{"name":"wp","href":"https:\/\/api.w.org\/{rel}","templated":true}]}}