{"id":52041,"date":"2026-04-30T11:00:17","date_gmt":"2026-04-30T14:00:17","guid":{"rendered":"https:\/\/www.diariodeouropreto.com.br\/?p=52041"},"modified":"2026-04-30T11:00:21","modified_gmt":"2026-04-30T14:00:21","slug":"saida-de-secretario-e-cobrancas-ao-prefeito-marcam-sessao-da-camara-de-mariana","status":"publish","type":"post","link":"https:\/\/www.diariodeouropreto.com.br\/pt\/saida-de-secretario-e-cobrancas-ao-prefeito-marcam-sessao-da-camara-de-mariana\/","title":{"rendered":"Sa\u00edda de secret\u00e1rio e cobran\u00e7as ao prefeito marcam sess\u00e3o da C\u00e2mara de Mariana"},"content":{"rendered":"<p><strong>Edvaldo Andrade recebeu elogios de vereadores, enquanto Marcelo Macedo cobrou promessas ainda n\u00e3o cumpridas pela Prefeitura<\/strong><\/p>\n\n\n\n<p>A 13\u00aa Reuni\u00e3o Ordin\u00e1ria da C\u00e2mara Municipal de Mariana, realizada na \u00faltima segunda-feira (27) teve como principais destaques as manifesta\u00e7\u00f5es sobre a sa\u00edda do secret\u00e1rio de Governo, Edvaldo Andrade, e cobran\u00e7as feitas ao prefeito Juliano Duarte sobre compromissos pendentes da administra\u00e7\u00e3o municipal. Durante a sess\u00e3o, vereadores elogiaram a atua\u00e7\u00e3o de Edvaldo na rela\u00e7\u00e3o entre Executivo e Legislativo, enquanto o vereador Marcelo Macedo utilizou a tribuna para relatar demandas da popula\u00e7\u00e3o.<\/p>\n\n\n\n<p>A despedida do secret\u00e1rio dominou parte significativa dos debates. Parlamentares destacaram o di\u00e1logo mantido com a C\u00e2mara, a presen\u00e7a constante nas reuni\u00f5es e o encaminhamento de respostas \u00e0s demandas dos vereadores. Fernando Sampaio afirmou que Edvaldo teve papel importante na aprova\u00e7\u00e3o de projetos e no suporte \u00e0 Casa.<\/p>\n\n\n\n<p>Marcelo Macedo tamb\u00e9m elogiou a atua\u00e7\u00e3o do secret\u00e1rio, classificando seu trabalho como respons\u00e1vel e harmonioso com o Legislativo. O vereador sugeriu, inclusive, uma homenagem oficial no anivers\u00e1rio da C\u00e2mara, em 4 de julho.<\/p>\n\n\n\n<p>Na sequ\u00eancia, Marcelo direcionou cr\u00edticas \u00e0 administra\u00e7\u00e3o municipal. Ele citou reclama\u00e7\u00f5es sobre o campo de futebol do Morro Santana, que, segundo disse, foi prometido pelo prefeito e ainda n\u00e3o saiu do papel. Tamb\u00e9m voltou a questionar o programa Tarifa Zero, mencionando o caso de um cadeirante que n\u00e3o conseguiu embarcar em \u00f4nibus por defeito na plataforma elevat\u00f3ria.<\/p>\n\n\n\n<div id=\"110712\" class=\"advads-saneouro advads-entity-placement\" style=\"margin-left: auto;margin-right: auto;text-align: center;\"><a href=\"https:\/\/www.saneouro.com.br\/\" target=\"_blank\" aria-label=\"DOP_Site\" data-wpel-link=\"external\" rel=\"follow external noopener noreferrer sponsored ugc\"><img src=\"https:\/\/www.diariodeouropreto.com.br\/wp-content\/uploads\/2026\/04\/DOP_Site.jpg\" alt=\"\"  srcset=\"https:\/\/www.diariodeouropreto.com.br\/wp-content\/uploads\/2026\/04\/DOP_Site.jpg 301w, https:\/\/www.diariodeouropreto.com.br\/wp-content\/uploads\/2026\/04\/DOP_Site-180x150.jpg 180w, https:\/\/www.diariodeouropreto.com.br\/wp-content\/uploads\/2026\/04\/DOP_Site-14x12.jpg 14w\" sizes=\"(max-width: 301px) 100vw, 301px\" width=\"301\" height=\"251\"  style=\"display: inline-block;\" \/><\/a><\/div><p>Outro ponto abordado foi a situa\u00e7\u00e3o de uma moradora de Monsenhor Horta, identificada como Dona F\u00e1tima. De acordo com o vereador, ela aguarda a constru\u00e7\u00e3o de uma pinguela prometida pelo prefeito e enfrenta dificuldades por ter um filho acamado.<\/p>\n\n\n\n<div id=\"50321\" class=\"advads-plantao advads-entity-placement\"><a href=\"https:\/\/www.diariodeouropreto.com.br\/pt\/\" target=\"_blank\" aria-label=\"site &#8211; noticia\" data-wpel-link=\"external\" rel=\"follow external noopener noreferrer sponsored ugc\"><img src=\"https:\/\/www.diariodeouropreto.com.br\/wp-content\/uploads\/2019\/09\/titulosite2-e1616373489755.jpg\" alt=\"\"  srcset=\"https:\/\/www.diariodeouropreto.com.br\/wp-content\/uploads\/2019\/09\/titulosite2-e1616373489755.jpg 1200w, https:\/\/www.diariodeouropreto.com.br\/wp-content\/uploads\/2019\/09\/titulosite2-e1616373489755-150x38.jpg 150w, https:\/\/www.diariodeouropreto.com.br\/wp-content\/uploads\/2019\/09\/titulosite2-e1616373489755-660x167.jpg 660w, https:\/\/www.diariodeouropreto.com.br\/wp-content\/uploads\/2019\/09\/titulosite2-e1616373489755-768x194.jpg 768w, https:\/\/www.diariodeouropreto.com.br\/wp-content\/uploads\/2019\/09\/titulosite2-e1616373489755-1000x252.jpg 1000w, https:\/\/www.diariodeouropreto.com.br\/wp-content\/uploads\/2019\/09\/titulosite2-e1616373489755-1536x388.jpg 1536w, https:\/\/www.diariodeouropreto.com.br\/wp-content\/uploads\/2019\/09\/titulosite2-e1616373489755-2048x517.jpg 2048w\" sizes=\"(max-width: 1200px) 100vw, 1200px\" width=\"1200\" height=\"303\"  style=\"display: inline-block;\" \/><\/a><\/div><p>Ao encerrar sua fala, Marcelo afirmou que moradores de v\u00e1rias localidades t\u00eam cobrado promessas n\u00e3o cumpridas e pediu que a Prefeitura atendesse essas demandas. Por Davi Saporetti<\/p>","protected":false},"excerpt":{"rendered":"<p>Edvaldo Andrade recebeu elogios de vereadores, enquanto Marcelo Macedo cobrou promessas ainda n\u00e3o cumpridas pela Prefeitura A 13\u00aa Reuni\u00e3o Ordin\u00e1ria da C\u00e2mara Municipal de Mariana, realizada na \u00faltima segunda-feira (27) teve como principais destaques as manifesta\u00e7\u00f5es sobre a sa\u00edda do secret\u00e1rio de Governo, Edvaldo Andrade, e cobran\u00e7as feitas ao prefeito<span class=\"more-link\"><a href=\"https:\/\/www.diariodeouropreto.com.br\/pt\/saida-de-secretario-e-cobrancas-ao-prefeito-marcam-sessao-da-camara-de-mariana\/\" data-wpel-link=\"internal\">Continue Lendo<\/a><\/span><\/p>","protected":false},"author":1,"featured_media":52043,"comment_status":"closed","ping_status":"closed","sticky":false,"template":"","format":"standard","meta":{"_jetpack_memberships_contains_paid_content":false,"footnotes":"","jetpack_publicize_message":"Edvaldo Andrade recebeu elogios de vereadores, enquanto Marcelo Macedo cobrou promessas ainda n\u00e3o cumpridas pela Prefeitura","jetpack_publicize_feature_enabled":true,"jetpack_social_post_already_shared":false,"jetpack_social_options":{"image_generator_settings":{"template":"highway","default_image_id":0,"font":"","enabled":false},"version":2}},"categories":[46],"tags":[14],"class_list":["entry","author-diario","post-52041","post","type-post","status-publish","format-standard","has-post-thumbnail","category-politica","tag-mariana"],"yoast_head":"<!-- This site is optimized with the Yoast SEO plugin v27.5 - https:\/\/yoast.com\/product\/yoast-seo-wordpress\/ -->\n<title>Sa\u00edda de secret\u00e1rio e cobran\u00e7as ao prefeito marcam sess\u00e3o da C\u00e2mara de Mariana - Di\u00e1rio de Ouro Preto<\/title>\n<meta name=\"description\" content=\"Edvaldo Andrade recebeu elogios de vereadores, enquanto Marcelo Macedo cobrou promessas ainda n\u00e3o cumpridas pela Prefeitura- Sa\u00edda de secret\u00e1rio e cobran\u00e7as ao prefeito marcam sess\u00e3o da C\u00e2mara de Mariana - Pol\u00edtica\" \/>\n<meta name=\"robots\" content=\"index, follow, max-snippet:-1, max-image-preview:large, max-video-preview:-1\" \/>\n<link rel=\"canonical\" href=\"https:\/\/www.diariodeouropreto.com.br\/pt\/saida-de-secretario-e-cobrancas-ao-prefeito-marcam-sessao-da-camara-de-mariana\/\" \/>\n<meta property=\"og:locale\" content=\"pt_PT\" \/>\n<meta property=\"og:type\" content=\"article\" \/>\n<meta property=\"og:title\" content=\"Sa\u00edda de secret\u00e1rio e cobran\u00e7as ao prefeito marcam sess\u00e3o da C\u00e2mara de Mariana - Di\u00e1rio de Ouro Preto\" \/>\n<meta property=\"og:description\" content=\"Edvaldo Andrade recebeu elogios de vereadores, enquanto Marcelo Macedo cobrou promessas ainda n\u00e3o cumpridas pela Prefeitura- Sa\u00edda de secret\u00e1rio e cobran\u00e7as ao prefeito marcam sess\u00e3o da C\u00e2mara de Mariana - Pol\u00edtica\" \/>\n<meta property=\"og:url\" content=\"https:\/\/www.diariodeouropreto.com.br\/pt\/saida-de-secretario-e-cobrancas-ao-prefeito-marcam-sessao-da-camara-de-mariana\/\" \/>\n<meta property=\"og:site_name\" content=\"Di\u00e1rio de Ouro Preto\" \/>\n<meta property=\"article:publisher\" content=\"https:\/\/www.facebook.com\/diariodeouropreto\/\" \/>\n<meta property=\"article:published_time\" content=\"2026-04-30T14:00:17+00:00\" \/>\n<meta property=\"article:modified_time\" content=\"2026-04-30T14:00:21+00:00\" \/>\n<meta property=\"og:image\" content=\"https:\/\/www.diariodeouropreto.com.br\/wp-content\/uploads\/2026\/04\/Captura-de-tela-2026-04-28-184615.jpg\" \/>\n\t<meta property=\"og:image:width\" content=\"1200\" \/>\n\t<meta property=\"og:image:height\" content=\"675\" \/>\n\t<meta property=\"og:image:type\" content=\"image\/jpeg\" \/>\n<meta name=\"author\" content=\"Di\u00e1rio de Ouro Preto\" \/>\n<meta name=\"twitter:card\" content=\"summary_large_image\" \/>\n<meta name=\"twitter:label1\" content=\"Escrito por\" \/>\n\t<meta name=\"twitter:data1\" content=\"Di\u00e1rio de Ouro Preto\" \/>\n\t<meta name=\"twitter:label2\" content=\"Tempo estimado de leitura\" \/>\n\t<meta name=\"twitter:data2\" content=\"2 minutos\" \/>\n<script type=\"application\/ld+json\" class=\"yoast-schema-graph\">{\"@context\":\"https:\\\/\\\/schema.org\",\"@graph\":[{\"@type\":\"Article\",\"@id\":\"https:\\\/\\\/www.diariodeouropreto.com.br\\\/saida-de-secretario-e-cobrancas-ao-prefeito-marcam-sessao-da-camara-de-mariana\\\/#article\",\"isPartOf\":{\"@id\":\"https:\\\/\\\/www.diariodeouropreto.com.br\\\/saida-de-secretario-e-cobrancas-ao-prefeito-marcam-sessao-da-camara-de-mariana\\\/\"},\"author\":{\"name\":\"Di\u00e1rio de Ouro Preto\",\"@id\":\"https:\\\/\\\/www.diariodeouropreto.com.br\\\/pt\\\/#\\\/schema\\\/person\\\/7654e7b471204a6dab6dc0ce6e140c99\"},\"headline\":\"Sa\u00edda de secret\u00e1rio e cobran\u00e7as ao prefeito marcam sess\u00e3o da C\u00e2mara de Mariana\",\"datePublished\":\"2026-04-30T14:00:17+00:00\",\"dateModified\":\"2026-04-30T14:00:21+00:00\",\"mainEntityOfPage\":{\"@id\":\"https:\\\/\\\/www.diariodeouropreto.com.br\\\/saida-de-secretario-e-cobrancas-ao-prefeito-marcam-sessao-da-camara-de-mariana\\\/\"},\"wordCount\":342,\"publisher\":{\"@id\":\"https:\\\/\\\/www.diariodeouropreto.com.br\\\/pt\\\/#organization\"},\"image\":{\"@id\":\"https:\\\/\\\/www.diariodeouropreto.com.br\\\/saida-de-secretario-e-cobrancas-ao-prefeito-marcam-sessao-da-camara-de-mariana\\\/#primaryimage\"},\"thumbnailUrl\":\"https:\\\/\\\/www.diariodeouropreto.com.br\\\/wp-content\\\/uploads\\\/2026\\\/04\\\/Captura-de-tela-2026-04-28-184615.jpg\",\"keywords\":[\"Mariana\"],\"articleSection\":[\"Pol\u00edtica\"],\"inLanguage\":\"pt-PT\"},{\"@type\":\"WebPage\",\"@id\":\"https:\\\/\\\/www.diariodeouropreto.com.br\\\/saida-de-secretario-e-cobrancas-ao-prefeito-marcam-sessao-da-camara-de-mariana\\\/\",\"url\":\"https:\\\/\\\/www.diariodeouropreto.com.br\\\/saida-de-secretario-e-cobrancas-ao-prefeito-marcam-sessao-da-camara-de-mariana\\\/\",\"name\":\"Sa\u00edda de secret\u00e1rio e cobran\u00e7as ao prefeito marcam sess\u00e3o da C\u00e2mara de Mariana - Di\u00e1rio de Ouro Preto\",\"isPartOf\":{\"@id\":\"https:\\\/\\\/www.diariodeouropreto.com.br\\\/pt\\\/#website\"},\"primaryImageOfPage\":{\"@id\":\"https:\\\/\\\/www.diariodeouropreto.com.br\\\/saida-de-secretario-e-cobrancas-ao-prefeito-marcam-sessao-da-camara-de-mariana\\\/#primaryimage\"},\"image\":{\"@id\":\"https:\\\/\\\/www.diariodeouropreto.com.br\\\/saida-de-secretario-e-cobrancas-ao-prefeito-marcam-sessao-da-camara-de-mariana\\\/#primaryimage\"},\"thumbnailUrl\":\"https:\\\/\\\/www.diariodeouropreto.com.br\\\/wp-content\\\/uploads\\\/2026\\\/04\\\/Captura-de-tela-2026-04-28-184615.jpg\",\"datePublished\":\"2026-04-30T14:00:17+00:00\",\"dateModified\":\"2026-04-30T14:00:21+00:00\",\"description\":\"Edvaldo Andrade recebeu elogios de vereadores, enquanto Marcelo Macedo cobrou promessas ainda n\u00e3o cumpridas pela Prefeitura- Sa\u00edda de secret\u00e1rio e cobran\u00e7as ao prefeito marcam sess\u00e3o da C\u00e2mara de Mariana - Pol\u00edtica\",\"breadcrumb\":{\"@id\":\"https:\\\/\\\/www.diariodeouropreto.com.br\\\/saida-de-secretario-e-cobrancas-ao-prefeito-marcam-sessao-da-camara-de-mariana\\\/#breadcrumb\"},\"inLanguage\":\"pt-PT\",\"potentialAction\":[{\"@type\":\"ReadAction\",\"target\":[\"https:\\\/\\\/www.diariodeouropreto.com.br\\\/saida-de-secretario-e-cobrancas-ao-prefeito-marcam-sessao-da-camara-de-mariana\\\/\"]}]},{\"@type\":\"ImageObject\",\"inLanguage\":\"pt-PT\",\"@id\":\"https:\\\/\\\/www.diariodeouropreto.com.br\\\/saida-de-secretario-e-cobrancas-ao-prefeito-marcam-sessao-da-camara-de-mariana\\\/#primaryimage\",\"url\":\"https:\\\/\\\/www.diariodeouropreto.com.br\\\/wp-content\\\/uploads\\\/2026\\\/04\\\/Captura-de-tela-2026-04-28-184615.jpg\",\"contentUrl\":\"https:\\\/\\\/www.diariodeouropreto.com.br\\\/wp-content\\\/uploads\\\/2026\\\/04\\\/Captura-de-tela-2026-04-28-184615.jpg\",\"width\":1200,\"height\":675},{\"@type\":\"BreadcrumbList\",\"@id\":\"https:\\\/\\\/www.diariodeouropreto.com.br\\\/saida-de-secretario-e-cobrancas-ao-prefeito-marcam-sessao-da-camara-de-mariana\\\/#breadcrumb\",\"itemListElement\":[{\"@type\":\"ListItem\",\"position\":1,\"name\":\"In\u00edcio\",\"item\":\"https:\\\/\\\/www.diariodeouropreto.com.br\\\/pt\\\/\"},{\"@type\":\"ListItem\",\"position\":2,\"name\":\"Sa\u00edda de secret\u00e1rio e cobran\u00e7as ao prefeito marcam sess\u00e3o da C\u00e2mara de Mariana\"}]},{\"@type\":\"WebSite\",\"@id\":\"https:\\\/\\\/www.diariodeouropreto.com.br\\\/pt\\\/#website\",\"url\":\"https:\\\/\\\/www.diariodeouropreto.com.br\\\/pt\\\/\",\"name\":\"Di\u00e1rio de Ouro Preto\",\"description\":\"Not\u00edcias Ouro Preto; Mariana;Minas Gerais;Jornal;Jornalismo;Not\u00edcias;\",\"publisher\":{\"@id\":\"https:\\\/\\\/www.diariodeouropreto.com.br\\\/pt\\\/#organization\"},\"alternateName\":\"Jornal di\u00e1rio de Ouro Preto\",\"potentialAction\":[{\"@type\":\"SearchAction\",\"target\":{\"@type\":\"EntryPoint\",\"urlTemplate\":\"https:\\\/\\\/www.diariodeouropreto.com.br\\\/pt\\\/?s={search_term_string}\"},\"query-input\":{\"@type\":\"PropertyValueSpecification\",\"valueRequired\":true,\"valueName\":\"search_term_string\"}}],\"inLanguage\":\"pt-PT\"},{\"@type\":\"Organization\",\"@id\":\"https:\\\/\\\/www.diariodeouropreto.com.br\\\/pt\\\/#organization\",\"name\":\"Di\u00e1rio de Ouro Preto\",\"alternateName\":\"Jornal di\u00e1rio Ouro Preto\",\"url\":\"https:\\\/\\\/www.diariodeouropreto.com.br\\\/pt\\\/\",\"logo\":{\"@type\":\"ImageObject\",\"inLanguage\":\"pt-PT\",\"@id\":\"https:\\\/\\\/www.diariodeouropreto.com.br\\\/pt\\\/#\\\/schema\\\/logo\\\/image\\\/\",\"url\":\"https:\\\/\\\/www.diariodeouropreto.com.br\\\/wp-content\\\/uploads\\\/2019\\\/06\\\/cropped-logotransp-2.png\",\"contentUrl\":\"https:\\\/\\\/www.diariodeouropreto.com.br\\\/wp-content\\\/uploads\\\/2019\\\/06\\\/cropped-logotransp-2.png\",\"width\":1323,\"height\":251,\"caption\":\"Di\u00e1rio de Ouro Preto\"},\"image\":{\"@id\":\"https:\\\/\\\/www.diariodeouropreto.com.br\\\/pt\\\/#\\\/schema\\\/logo\\\/image\\\/\"},\"sameAs\":[\"https:\\\/\\\/www.facebook.com\\\/diariodeouropreto\\\/\"]},{\"@type\":\"Person\",\"@id\":\"https:\\\/\\\/www.diariodeouropreto.com.br\\\/pt\\\/#\\\/schema\\\/person\\\/7654e7b471204a6dab6dc0ce6e140c99\",\"name\":\"Di\u00e1rio de Ouro Preto\",\"sameAs\":[\"http:\\\/\\\/www.diariodeouropreto.com.br\"],\"url\":\"https:\\\/\\\/www.diariodeouropreto.com.br\\\/pt\\\/author\\\/diario\\\/\"}]}<\/script>\n<!-- \/ Yoast SEO plugin. -->","yoast_head_json":{"title":"Sa\u00edda de secret\u00e1rio e cobran\u00e7as ao prefeito marcam sess\u00e3o da C\u00e2mara de Mariana - Di\u00e1rio de Ouro Preto","description":"Edvaldo Andrade recebeu elogios de vereadores, enquanto Marcelo Macedo cobrou promessas ainda n\u00e3o cumpridas pela Prefeitura- Sa\u00edda de secret\u00e1rio e cobran\u00e7as ao prefeito marcam sess\u00e3o da C\u00e2mara de Mariana - Pol\u00edtica","robots":{"index":"index","follow":"follow","max-snippet":"max-snippet:-1","max-image-preview":"max-image-preview:large","max-video-preview":"max-video-preview:-1"},"canonical":"https:\/\/www.diariodeouropreto.com.br\/pt\/saida-de-secretario-e-cobrancas-ao-prefeito-marcam-sessao-da-camara-de-mariana\/","og_locale":"pt_PT","og_type":"article","og_title":"Sa\u00edda de secret\u00e1rio e cobran\u00e7as ao prefeito marcam sess\u00e3o da C\u00e2mara de Mariana - Di\u00e1rio de Ouro Preto","og_description":"Edvaldo Andrade recebeu elogios de vereadores, enquanto Marcelo Macedo cobrou promessas ainda n\u00e3o cumpridas pela Prefeitura- Sa\u00edda de secret\u00e1rio e cobran\u00e7as ao prefeito marcam sess\u00e3o da C\u00e2mara de Mariana - Pol\u00edtica","og_url":"https:\/\/www.diariodeouropreto.com.br\/pt\/saida-de-secretario-e-cobrancas-ao-prefeito-marcam-sessao-da-camara-de-mariana\/","og_site_name":"Di\u00e1rio de Ouro Preto","article_publisher":"https:\/\/www.facebook.com\/diariodeouropreto\/","article_published_time":"2026-04-30T14:00:17+00:00","article_modified_time":"2026-04-30T14:00:21+00:00","og_image":[{"width":1200,"height":675,"url":"https:\/\/www.diariodeouropreto.com.br\/wp-content\/uploads\/2026\/04\/Captura-de-tela-2026-04-28-184615.jpg","type":"image\/jpeg"}],"author":"Di\u00e1rio de Ouro Preto","twitter_card":"summary_large_image","twitter_misc":{"Escrito por":"Di\u00e1rio de Ouro Preto","Tempo estimado de leitura":"2 minutos"},"schema":{"@context":"https:\/\/schema.org","@graph":[{"@type":"Article","@id":"https:\/\/www.diariodeouropreto.com.br\/saida-de-secretario-e-cobrancas-ao-prefeito-marcam-sessao-da-camara-de-mariana\/#article","isPartOf":{"@id":"https:\/\/www.diariodeouropreto.com.br\/saida-de-secretario-e-cobrancas-ao-prefeito-marcam-sessao-da-camara-de-mariana\/"},"author":{"name":"Di\u00e1rio de Ouro Preto","@id":"https:\/\/www.diariodeouropreto.com.br\/pt\/#\/schema\/person\/7654e7b471204a6dab6dc0ce6e140c99"},"headline":"Sa\u00edda de secret\u00e1rio e cobran\u00e7as ao prefeito marcam sess\u00e3o da C\u00e2mara de Mariana","datePublished":"2026-04-30T14:00:17+00:00","dateModified":"2026-04-30T14:00:21+00:00","mainEntityOfPage":{"@id":"https:\/\/www.diariodeouropreto.com.br\/saida-de-secretario-e-cobrancas-ao-prefeito-marcam-sessao-da-camara-de-mariana\/"},"wordCount":342,"publisher":{"@id":"https:\/\/www.diariodeouropreto.com.br\/pt\/#organization"},"image":{"@id":"https:\/\/www.diariodeouropreto.com.br\/saida-de-secretario-e-cobrancas-ao-prefeito-marcam-sessao-da-camara-de-mariana\/#primaryimage"},"thumbnailUrl":"https:\/\/www.diariodeouropreto.com.br\/wp-content\/uploads\/2026\/04\/Captura-de-tela-2026-04-28-184615.jpg","keywords":["Mariana"],"articleSection":["Pol\u00edtica"],"inLanguage":"pt-PT"},{"@type":"WebPage","@id":"https:\/\/www.diariodeouropreto.com.br\/saida-de-secretario-e-cobrancas-ao-prefeito-marcam-sessao-da-camara-de-mariana\/","url":"https:\/\/www.diariodeouropreto.com.br\/saida-de-secretario-e-cobrancas-ao-prefeito-marcam-sessao-da-camara-de-mariana\/","name":"Sa\u00edda de secret\u00e1rio e cobran\u00e7as ao prefeito marcam sess\u00e3o da C\u00e2mara de Mariana - Di\u00e1rio de Ouro Preto","isPartOf":{"@id":"https:\/\/www.diariodeouropreto.com.br\/pt\/#website"},"primaryImageOfPage":{"@id":"https:\/\/www.diariodeouropreto.com.br\/saida-de-secretario-e-cobrancas-ao-prefeito-marcam-sessao-da-camara-de-mariana\/#primaryimage"},"image":{"@id":"https:\/\/www.diariodeouropreto.com.br\/saida-de-secretario-e-cobrancas-ao-prefeito-marcam-sessao-da-camara-de-mariana\/#primaryimage"},"thumbnailUrl":"https:\/\/www.diariodeouropreto.com.br\/wp-content\/uploads\/2026\/04\/Captura-de-tela-2026-04-28-184615.jpg","datePublished":"2026-04-30T14:00:17+00:00","dateModified":"2026-04-30T14:00:21+00:00","description":"Edvaldo Andrade recebeu elogios de vereadores, enquanto Marcelo Macedo cobrou promessas ainda n\u00e3o cumpridas pela Prefeitura- Sa\u00edda de secret\u00e1rio e cobran\u00e7as ao prefeito marcam sess\u00e3o da C\u00e2mara de Mariana - Pol\u00edtica","breadcrumb":{"@id":"https:\/\/www.diariodeouropreto.com.br\/saida-de-secretario-e-cobrancas-ao-prefeito-marcam-sessao-da-camara-de-mariana\/#breadcrumb"},"inLanguage":"pt-PT","potentialAction":[{"@type":"ReadAction","target":["https:\/\/www.diariodeouropreto.com.br\/saida-de-secretario-e-cobrancas-ao-prefeito-marcam-sessao-da-camara-de-mariana\/"]}]},{"@type":"ImageObject","inLanguage":"pt-PT","@id":"https:\/\/www.diariodeouropreto.com.br\/saida-de-secretario-e-cobrancas-ao-prefeito-marcam-sessao-da-camara-de-mariana\/#primaryimage","url":"https:\/\/www.diariodeouropreto.com.br\/wp-content\/uploads\/2026\/04\/Captura-de-tela-2026-04-28-184615.jpg","contentUrl":"https:\/\/www.diariodeouropreto.com.br\/wp-content\/uploads\/2026\/04\/Captura-de-tela-2026-04-28-184615.jpg","width":1200,"height":675},{"@type":"BreadcrumbList","@id":"https:\/\/www.diariodeouropreto.com.br\/saida-de-secretario-e-cobrancas-ao-prefeito-marcam-sessao-da-camara-de-mariana\/#breadcrumb","itemListElement":[{"@type":"ListItem","position":1,"name":"In\u00edcio","item":"https:\/\/www.diariodeouropreto.com.br\/pt\/"},{"@type":"ListItem","position":2,"name":"Sa\u00edda de secret\u00e1rio e cobran\u00e7as ao prefeito marcam sess\u00e3o da C\u00e2mara de Mariana"}]},{"@type":"WebSite","@id":"https:\/\/www.diariodeouropreto.com.br\/pt\/#website","url":"https:\/\/www.diariodeouropreto.com.br\/pt\/","name":"Di\u00e1rio de Ouro Preto","description":"Not\u00edcias Ouro Preto; Mariana;Minas Gerais;Jornal;Jornalismo;Not\u00edcias;","publisher":{"@id":"https:\/\/www.diariodeouropreto.com.br\/pt\/#organization"},"alternateName":"Jornal di\u00e1rio de Ouro Preto","potentialAction":[{"@type":"SearchAction","target":{"@type":"EntryPoint","urlTemplate":"https:\/\/www.diariodeouropreto.com.br\/pt\/?s={search_term_string}"},"query-input":{"@type":"PropertyValueSpecification","valueRequired":true,"valueName":"search_term_string"}}],"inLanguage":"pt-PT"},{"@type":"Organization","@id":"https:\/\/www.diariodeouropreto.com.br\/pt\/#organization","name":"Di\u00e1rio de Ouro Preto","alternateName":"Jornal di\u00e1rio Ouro Preto","url":"https:\/\/www.diariodeouropreto.com.br\/pt\/","logo":{"@type":"ImageObject","inLanguage":"pt-PT","@id":"https:\/\/www.diariodeouropreto.com.br\/pt\/#\/schema\/logo\/image\/","url":"https:\/\/www.diariodeouropreto.com.br\/wp-content\/uploads\/2019\/06\/cropped-logotransp-2.png","contentUrl":"https:\/\/www.diariodeouropreto.com.br\/wp-content\/uploads\/2019\/06\/cropped-logotransp-2.png","width":1323,"height":251,"caption":"Di\u00e1rio de Ouro Preto"},"image":{"@id":"https:\/\/www.diariodeouropreto.com.br\/pt\/#\/schema\/logo\/image\/"},"sameAs":["https:\/\/www.facebook.com\/diariodeouropreto\/"]},{"@type":"Person","@id":"https:\/\/www.diariodeouropreto.com.br\/pt\/#\/schema\/person\/7654e7b471204a6dab6dc0ce6e140c99","name":"Di\u00e1rio de Ouro Preto","sameAs":["http:\/\/www.diariodeouropreto.com.br"],"url":"https:\/\/www.diariodeouropreto.com.br\/pt\/author\/diario\/"}]}},"jetpack_publicize_connections":[],"jetpack_featured_media_url":"https:\/\/www.diariodeouropreto.com.br\/wp-content\/uploads\/2026\/04\/Captura-de-tela-2026-04-28-184615.jpg","jetpack-related-posts":[{"id":48215,"url":"https:\/\/www.diariodeouropreto.com.br\/pt\/camara-de-mariana-aprova-politicas-sociais-ambientais-e-de-diversidade-em-reuniao-antecipada-para-9-de-outubro\/","url_meta":{"origin":52041,"position":0},"title":"C\u00e2mara de Mariana aprova pol\u00edticas sociais, ambientais e de diversidade em reuni\u00e3o antecipada para 9 de outubro","author":"Davi Saporetti","date":"17 de Outubro de 2025","format":false,"excerpt":"A 33\u00aa Reuni\u00e3o Ordin\u00e1ria da C\u00e2mara Municipal de Mariana, antecipada para o dia 9 de outubro, foi marcada pela aprova\u00e7\u00e3o de projetos voltados \u00e0 inclus\u00e3o social, diversidade, cultura e meio ambiente. Presidida pelo vereador Geraldo Arlindo de Freitas Ramos, a sess\u00e3o deliberou mat\u00e9rias de impacto direto na gest\u00e3o p\u00fablica e\u2026","rel":"","context":"In &quot;Pol\u00edtica&quot;","block_context":{"text":"Pol\u00edtica","link":"https:\/\/www.diariodeouropreto.com.br\/pt\/Editoria\/politica\/"},"img":{"alt_text":"","src":"https:\/\/i0.wp.com\/www.diariodeouropreto.com.br\/wp-content\/uploads\/2025\/10\/Imagem-do-WhatsApp-de-2025-10-16-as-16.22.18_6a1bde37.jpg?resize=350%2C200&ssl=1","width":350,"height":200,"srcset":"https:\/\/i0.wp.com\/www.diariodeouropreto.com.br\/wp-content\/uploads\/2025\/10\/Imagem-do-WhatsApp-de-2025-10-16-as-16.22.18_6a1bde37.jpg?resize=350%2C200&ssl=1 1x, https:\/\/i0.wp.com\/www.diariodeouropreto.com.br\/wp-content\/uploads\/2025\/10\/Imagem-do-WhatsApp-de-2025-10-16-as-16.22.18_6a1bde37.jpg?resize=525%2C300&ssl=1 1.5x, https:\/\/i0.wp.com\/www.diariodeouropreto.com.br\/wp-content\/uploads\/2025\/10\/Imagem-do-WhatsApp-de-2025-10-16-as-16.22.18_6a1bde37.jpg?resize=700%2C400&ssl=1 2x, https:\/\/i0.wp.com\/www.diariodeouropreto.com.br\/wp-content\/uploads\/2025\/10\/Imagem-do-WhatsApp-de-2025-10-16-as-16.22.18_6a1bde37.jpg?resize=1050%2C600&ssl=1 3x"},"classes":[]},{"id":19582,"url":"https:\/\/www.diariodeouropreto.com.br\/pt\/vereadores-visitam-unidade-da-cedro-mineracao-em-mariana\/","url_meta":{"origin":52041,"position":1},"title":"Vereadores visitam unidade da Cedro Minera\u00e7\u00e3o em Mariana","author":"Di\u00e1rio de Ouro Preto","date":"29 de Novembro de 2022","format":false,"excerpt":"Na \u00faltima sexta-feira (18), os vereadores Adimar Jos\u00e9 Cota (CIDADANIA), Fernando Sampaio (PSB), Marcelo Macedo (MDB), Ricardo Miranda (REPUBLICANOS), Z\u00e9 Sales (PDT) e Zezinho Salete (MDB) realizaram uma visita t\u00e9cnica \u00e0 unidade da Cedro Minera\u00e7\u00e3o localizada no distrito de Camargos, em Mariana.\u00a0\u00a0 A visita atendeu ao Requerimento n\u00ba 87\/2022, de\u2026","rel":"","context":"In &quot;Mariana&quot;","block_context":{"text":"Mariana","link":"https:\/\/www.diariodeouropreto.com.br\/pt\/Editoria\/mariana\/"},"img":{"alt_text":"","src":"https:\/\/i0.wp.com\/www.diariodeouropreto.com.br\/wp-content\/uploads\/2022\/11\/CEDRO_LarissaViana-4.jpg?resize=350%2C200&ssl=1","width":350,"height":200,"srcset":"https:\/\/i0.wp.com\/www.diariodeouropreto.com.br\/wp-content\/uploads\/2022\/11\/CEDRO_LarissaViana-4.jpg?resize=350%2C200&ssl=1 1x, https:\/\/i0.wp.com\/www.diariodeouropreto.com.br\/wp-content\/uploads\/2022\/11\/CEDRO_LarissaViana-4.jpg?resize=525%2C300&ssl=1 1.5x, https:\/\/i0.wp.com\/www.diariodeouropreto.com.br\/wp-content\/uploads\/2022\/11\/CEDRO_LarissaViana-4.jpg?resize=700%2C400&ssl=1 2x, https:\/\/i0.wp.com\/www.diariodeouropreto.com.br\/wp-content\/uploads\/2022\/11\/CEDRO_LarissaViana-4.jpg?resize=1050%2C600&ssl=1 3x"},"classes":[]},{"id":50937,"url":"https:\/\/www.diariodeouropreto.com.br\/pt\/moradores-do-sao-goncalo-exigem-o-cumprimento-de-promessas-politicas-durante-sessao-da-camara-municipal-de-mariana\/","url_meta":{"origin":52041,"position":2},"title":"Moradoras do S\u00e3o Gon\u00e7alo exigem o cumprimento de &#8220;promessas pol\u00edticas&#8221; durante sess\u00e3o da C\u00e2mara Municipal de Mariana","author":"Di\u00e1rio de Ouro Preto","date":"16 de Mar\u00e7o de 2026","format":false,"excerpt":"Sem \u00e1gua por 4 dias, moradoras do S\u00e3o Gon\u00e7alo, em Mariana, v\u00e3o para C\u00e2mara pela primeira vez exercer seus direitos de manifestar","rel":"","context":"In &quot;Mariana&quot;","block_context":{"text":"Mariana","link":"https:\/\/www.diariodeouropreto.com.br\/pt\/Editoria\/mariana\/"},"img":{"alt_text":"","src":"https:\/\/i0.wp.com\/www.diariodeouropreto.com.br\/wp-content\/uploads\/2026\/03\/manifestacao_saogoncalo_mariana_1.jpeg?resize=350%2C200&ssl=1","width":350,"height":200,"srcset":"https:\/\/i0.wp.com\/www.diariodeouropreto.com.br\/wp-content\/uploads\/2026\/03\/manifestacao_saogoncalo_mariana_1.jpeg?resize=350%2C200&ssl=1 1x, https:\/\/i0.wp.com\/www.diariodeouropreto.com.br\/wp-content\/uploads\/2026\/03\/manifestacao_saogoncalo_mariana_1.jpeg?resize=525%2C300&ssl=1 1.5x, https:\/\/i0.wp.com\/www.diariodeouropreto.com.br\/wp-content\/uploads\/2026\/03\/manifestacao_saogoncalo_mariana_1.jpeg?resize=700%2C400&ssl=1 2x, https:\/\/i0.wp.com\/www.diariodeouropreto.com.br\/wp-content\/uploads\/2026\/03\/manifestacao_saogoncalo_mariana_1.jpeg?resize=1050%2C600&ssl=1 3x"},"classes":[]},{"id":49281,"url":"https:\/\/www.diariodeouropreto.com.br\/pt\/camara-de-mariana-aprova-pacote-de-projetos-sobre-servidores-cultura-esporte-e-assistencia-social\/","url_meta":{"origin":52041,"position":3},"title":"C\u00e2mara de Mariana aprova pacote de projetos sobre servidores, cultura, esporte e assist\u00eancia social","author":"Davi Saporetti","date":"12 de Dezembro de 2025","format":false,"excerpt":"Reuni\u00e3o votou abono natalino, repasses ao Carnaval 2026, programas sociais, moderniza\u00e7\u00e3o do Bolsa Atleta e requerimentos envolvendo mineradoras A C\u00e2mara Municipal de Mariana realizou, no dia 4 de dezembro, a 41\u00aa Reuni\u00e3o Ordin\u00e1ria de 2025, marcada pela an\u00e1lise e vota\u00e7\u00e3o de diversos projetos ligados aos servidores municipais, \u00e0 assist\u00eancia social,\u2026","rel":"","context":"In &quot;Pol\u00edtica&quot;","block_context":{"text":"Pol\u00edtica","link":"https:\/\/www.diariodeouropreto.com.br\/pt\/Editoria\/politica\/"},"img":{"alt_text":"","src":"https:\/\/i0.wp.com\/www.diariodeouropreto.com.br\/wp-content\/uploads\/2025\/12\/Captura-de-tela-2025-12-10-170109.jpg?resize=350%2C200&ssl=1","width":350,"height":200,"srcset":"https:\/\/i0.wp.com\/www.diariodeouropreto.com.br\/wp-content\/uploads\/2025\/12\/Captura-de-tela-2025-12-10-170109.jpg?resize=350%2C200&ssl=1 1x, https:\/\/i0.wp.com\/www.diariodeouropreto.com.br\/wp-content\/uploads\/2025\/12\/Captura-de-tela-2025-12-10-170109.jpg?resize=525%2C300&ssl=1 1.5x, https:\/\/i0.wp.com\/www.diariodeouropreto.com.br\/wp-content\/uploads\/2025\/12\/Captura-de-tela-2025-12-10-170109.jpg?resize=700%2C400&ssl=1 2x, https:\/\/i0.wp.com\/www.diariodeouropreto.com.br\/wp-content\/uploads\/2025\/12\/Captura-de-tela-2025-12-10-170109.jpg?resize=1050%2C600&ssl=1 3x"},"classes":[]},{"id":48342,"url":"https:\/\/www.diariodeouropreto.com.br\/pt\/camara-de-mariana-debate-campanha-outubro-rosa-projetos-de-lei-e-reivindicacoes-de-agentes-de-saude\/","url_meta":{"origin":52041,"position":4},"title":"C\u00e2mara de Mariana debate campanha Outubro Rosa, projetos de lei e reivindica\u00e7\u00f5es de agentes de sa\u00fade","author":"Davi Saporetti","date":"23 de Outubro de 2025","format":false,"excerpt":"Campanha Outubro Rosa, novos projetos e cobran\u00e7as de agentes de sa\u00fade marcam reuni\u00e3o na C\u00e2mara de Mariana A 34\u00aa Reuni\u00e3o Ordin\u00e1ria da C\u00e2mara Municipal de Mariana, realizada no dia 21 de outubro, teve como destaque a palestra da m\u00e9dica ginecologista La\u00eds Bergu\u00eas, que abordou a import\u00e2ncia da preven\u00e7\u00e3o e detec\u00e7\u00e3o\u2026","rel":"","context":"In &quot;Pol\u00edtica&quot;","block_context":{"text":"Pol\u00edtica","link":"https:\/\/www.diariodeouropreto.com.br\/pt\/Editoria\/politica\/"},"img":{"alt_text":"","src":"https:\/\/i0.wp.com\/www.diariodeouropreto.com.br\/wp-content\/uploads\/2025\/10\/Imagem-do-WhatsApp-de-2025-10-23-as-14.02.11_15d1ee71.jpg?resize=350%2C200&ssl=1","width":350,"height":200,"srcset":"https:\/\/i0.wp.com\/www.diariodeouropreto.com.br\/wp-content\/uploads\/2025\/10\/Imagem-do-WhatsApp-de-2025-10-23-as-14.02.11_15d1ee71.jpg?resize=350%2C200&ssl=1 1x, https:\/\/i0.wp.com\/www.diariodeouropreto.com.br\/wp-content\/uploads\/2025\/10\/Imagem-do-WhatsApp-de-2025-10-23-as-14.02.11_15d1ee71.jpg?resize=525%2C300&ssl=1 1.5x, https:\/\/i0.wp.com\/www.diariodeouropreto.com.br\/wp-content\/uploads\/2025\/10\/Imagem-do-WhatsApp-de-2025-10-23-as-14.02.11_15d1ee71.jpg?resize=700%2C400&ssl=1 2x, https:\/\/i0.wp.com\/www.diariodeouropreto.com.br\/wp-content\/uploads\/2025\/10\/Imagem-do-WhatsApp-de-2025-10-23-as-14.02.11_15d1ee71.jpg?resize=1050%2C600&ssl=1 3x"},"classes":[]},{"id":5912,"url":"https:\/\/www.diariodeouropreto.com.br\/pt\/mariana-conhecera-amanha-seu-prefeito-interino\/","url_meta":{"origin":52041,"position":5},"title":"Mariana conhecer\u00e1 amanh\u00e3 seu prefeito interino","author":"Di\u00e1rio de Ouro Preto","date":"31 de Dezembro de 2020","format":false,"excerpt":"Mariana - A C\u00e2mara registrou, ontem (30), a candidatura de duas chapas compostas por vereadores que concorrer\u00e3o \u00e0 elei\u00e7\u00e3o para presidente, vice-presidente, 1\u00ba secret\u00e1rio e 2\u00ba secret\u00e1rio da Mesa Diretora que conduzir\u00e1 o Legislativo Municipal nos pr\u00f3ximos dois anos (2021-2022). O presidente a ser eleito amanh\u00e3, comandar\u00e1 a Prefeitura at\u00e9\u2026","rel":"","context":"In &quot;Mariana&quot;","block_context":{"text":"Mariana","link":"https:\/\/www.diariodeouropreto.com.br\/pt\/Editoria\/mariana\/"},"img":{"alt_text":"","src":"https:\/\/i0.wp.com\/www.diariodeouropreto.com.br\/wp-content\/uploads\/2020\/12\/ELEICAO-DA-MESA-DIRETORA.jpg?resize=350%2C200&ssl=1","width":350,"height":200,"srcset":"https:\/\/i0.wp.com\/www.diariodeouropreto.com.br\/wp-content\/uploads\/2020\/12\/ELEICAO-DA-MESA-DIRETORA.jpg?resize=350%2C200&ssl=1 1x, https:\/\/i0.wp.com\/www.diariodeouropreto.com.br\/wp-content\/uploads\/2020\/12\/ELEICAO-DA-MESA-DIRETORA.jpg?resize=525%2C300&ssl=1 1.5x, https:\/\/i0.wp.com\/www.diariodeouropreto.com.br\/wp-content\/uploads\/2020\/12\/ELEICAO-DA-MESA-DIRETORA.jpg?resize=700%2C400&ssl=1 2x"},"classes":[]}],"jetpack_sharing_enabled":true,"amp_enabled":true,"_links":{"self":[{"href":"https:\/\/www.diariodeouropreto.com.br\/pt\/wp-json\/wp\/v2\/posts\/52041","targetHints":{"allow":["GET"]}}],"collection":[{"href":"https:\/\/www.diariodeouropreto.com.br\/pt\/wp-json\/wp\/v2\/posts"}],"about":[{"href":"https:\/\/www.diariodeouropreto.com.br\/pt\/wp-json\/wp\/v2\/types\/post"}],"author":[{"embeddable":true,"href":"https:\/\/www.diariodeouropreto.com.br\/pt\/wp-json\/wp\/v2\/users\/1"}],"replies":[{"embeddable":true,"href":"https:\/\/www.diariodeouropreto.com.br\/pt\/wp-json\/wp\/v2\/comments?post=52041"}],"version-history":[{"count":1,"href":"https:\/\/www.diariodeouropreto.com.br\/pt\/wp-json\/wp\/v2\/posts\/52041\/revisions"}],"predecessor-version":[{"id":52044,"href":"https:\/\/www.diariodeouropreto.com.br\/pt\/wp-json\/wp\/v2\/posts\/52041\/revisions\/52044"}],"wp:featuredmedia":[{"embeddable":true,"href":"https:\/\/www.diariodeouropreto.com.br\/pt\/wp-json\/wp\/v2\/media\/52043"}],"wp:attachment":[{"href":"https:\/\/www.diariodeouropreto.com.br\/pt\/wp-json\/wp\/v2\/media?parent=52041"}],"wp:term":[{"taxonomy":"category","embeddable":true,"href":"https:\/\/www.diariodeouropreto.com.br\/pt\/wp-json\/wp\/v2\/categories?post=52041"},{"taxonomy":"post_tag","embeddable":true,"href":"https:\/\/www.diariodeouropreto.com.br\/pt\/wp-json\/wp\/v2\/tags?post=52041"}],"curies":[{"name":"wp","href":"https:\/\/api.w.org\/{rel}","templated":true}]}}