{"id":52037,"date":"2026-04-30T10:30:00","date_gmt":"2026-04-30T13:30:00","guid":{"rendered":"https:\/\/www.diariodeouropreto.com.br\/?p=52037"},"modified":"2026-04-30T10:08:15","modified_gmt":"2026-04-30T13:08:15","slug":"expansao-urbana-proposta-acende-alerta-sobre-a-biodiversidade-de-ouro-preto","status":"publish","type":"post","link":"https:\/\/www.diariodeouropreto.com.br\/pt\/expansao-urbana-proposta-acende-alerta-sobre-a-biodiversidade-de-ouro-preto\/","title":{"rendered":"Expans\u00e3o urbana proposta acende alerta sobre a biodiversidade de Ouro Preto"},"content":{"rendered":"<p><strong>\u00a0\u00c1rea prevista para expans\u00e3o no debate do Plano Diretor re\u00fane fragilidade ambiental, valor tur\u00edstico e limita\u00e7\u00f5es de acesso \u00e0 sede do munic\u00edpio<\/strong><\/p>\n\n\n\n<p>A possibilidade de amplia\u00e7\u00e3o do n\u00facleo urbano de Ouro Preto em uma \u00e1rea situada acima do bairro Morro Santana, na zona de amortecimento do Parque Natural Municipal das Andorinhas, mobilizou preocupa\u00e7\u00f5es durante a audi\u00eancia p\u00fablica de revis\u00e3o do Plano Diretor realizada no dia 06 de abril. A proposta, apresentada no mapa de zoneamento urbano, levantou questionamentos sobre impactos ambientais e sobre a capacidade de acesso \u00e0 regi\u00e3o, j\u00e1 marcada por vias estreitas e circula\u00e7\u00e3o limitada.<\/p>\n\n\n\n<p>A \u00e1rea em debate re\u00fane diferentes camadas de prote\u00e7\u00e3o ambiental. Al\u00e9m de estar na zona de amortecimento do Parque Natural Municipal das Andorinhas, uma faixa criada para reduzir impactos sobre a unidade de conserva\u00e7\u00e3o, o trecho tamb\u00e9m integra uma \u00c1rea de Prote\u00e7\u00e3o Ambiental (APA) e est\u00e1 dentro do complexo arqueol\u00f3gico que vai do Morro da Queimada ao Gog\u00f4. Na pr\u00e1tica, trata-se de uma \u00e1rea ligada \u00e0 prote\u00e7\u00e3o de nascentes, hist\u00f3ria, e cultura, al\u00e9m de recarga h\u00eddrica e manuten\u00e7\u00e3o da paisagem natural de um dos principais cart\u00f5es-postais do ecoturismo ouro-pretano.<\/p>\n\n\n\n<p>O local chama aten\u00e7\u00e3o por reunir esp\u00e9cies raras e end\u00eamicas, muitas restritas \u00e0 Serra de Ouro Preto. \u00c9 uma regi\u00e3o rica em esp\u00e9cies, e ali existem v\u00e1rias plantas que s\u00f3 \u00e9 poss\u00edvel encontrar naquele alto de serra. Al\u00e9m disso, a \u00e1rea concentra recarga h\u00eddrica e aqu\u00edferos que alimentam nascentes ligadas ao parque, ao Rio das Velhas e ao Rio Doce.<\/p>\n\n\n\n<p>A sobreposi\u00e7\u00e3o de mecanismos de prote\u00e7\u00e3o refor\u00e7a a necessidade de cautela no planejamento urbano. Tem v\u00e1rios instrumentos legais de prote\u00e7\u00e3o nesta localidade, o parque municipal, a APA, \u00e1reas de preserva\u00e7\u00e3o permanente e remanescentes de Mata Atl\u00e2ntica, etc. Assim, a revis\u00e3o do Plano Diretor deveria priorizar a conserva\u00e7\u00e3o das \u00e1guas, da biodiversidade, da cultura e da paisagem local.<\/p>\n\n\n\n<p>Al\u00e9m da quest\u00e3o ambiental, o crescimento urbano no alto da serra reacendeu o debate sobre mobilidade. Atualmente, os bairros da regi\u00e3o dependem de acessos j\u00e1 considerados prec\u00e1rios, feitos por vias estreitas, com trechos residenciais e circula\u00e7\u00e3o compartilhada entre ve\u00edculos e pedestres. Moradores convivem diariamente com dificuldades de entrada e sa\u00edda, especialmente em hor\u00e1rios de maior movimento.<\/p>\n\n\n\n<div id=\"110712\" class=\"advads-saneouro advads-entity-placement\" style=\"margin-left: auto;margin-right: auto;text-align: center;\"><a href=\"https:\/\/www.saneouro.com.br\/\" target=\"_blank\" aria-label=\"DOP_Site\" data-wpel-link=\"external\" rel=\"follow external noopener noreferrer sponsored ugc\"><img src=\"https:\/\/www.diariodeouropreto.com.br\/wp-content\/uploads\/2026\/04\/DOP_Site.jpg\" alt=\"\"  srcset=\"https:\/\/www.diariodeouropreto.com.br\/wp-content\/uploads\/2026\/04\/DOP_Site.jpg 301w, https:\/\/www.diariodeouropreto.com.br\/wp-content\/uploads\/2026\/04\/DOP_Site-180x150.jpg 180w, https:\/\/www.diariodeouropreto.com.br\/wp-content\/uploads\/2026\/04\/DOP_Site-14x12.jpg 14w\" sizes=\"(max-width: 301px) 100vw, 301px\" width=\"301\" height=\"251\"  style=\"display: inline-block;\" \/><\/a><\/div><p>Com a cria\u00e7\u00e3o de um novo bairro com centenas ou milhares de novas resid\u00eancias, a tend\u00eancia seria de aumento expressivo no fluxo de carros, motos, caminh\u00f5es de servi\u00e7o e transporte p\u00fablico, pressionando ainda mais uma malha vi\u00e1ria limitada e com poucas alternativas de liga\u00e7\u00e3o \u00e0 sede de Ouro Preto. A preocupa\u00e7\u00e3o tamb\u00e9m envolve o atendimento de urg\u00eancia, transporte escolar e deslocamentos cotidianos.<\/p>\n\n\n\n<div id=\"50321\" class=\"advads-plantao advads-entity-placement\"><a href=\"https:\/\/www.diariodeouropreto.com.br\/pt\/\" target=\"_blank\" aria-label=\"site &#8211; noticia\" data-wpel-link=\"external\" rel=\"follow external noopener noreferrer sponsored ugc\"><img src=\"https:\/\/www.diariodeouropreto.com.br\/wp-content\/uploads\/2019\/09\/titulosite2-e1616373489755.jpg\" alt=\"\"  srcset=\"https:\/\/www.diariodeouropreto.com.br\/wp-content\/uploads\/2019\/09\/titulosite2-e1616373489755.jpg 1200w, https:\/\/www.diariodeouropreto.com.br\/wp-content\/uploads\/2019\/09\/titulosite2-e1616373489755-150x38.jpg 150w, https:\/\/www.diariodeouropreto.com.br\/wp-content\/uploads\/2019\/09\/titulosite2-e1616373489755-660x167.jpg 660w, https:\/\/www.diariodeouropreto.com.br\/wp-content\/uploads\/2019\/09\/titulosite2-e1616373489755-768x194.jpg 768w, https:\/\/www.diariodeouropreto.com.br\/wp-content\/uploads\/2019\/09\/titulosite2-e1616373489755-1000x252.jpg 1000w, https:\/\/www.diariodeouropreto.com.br\/wp-content\/uploads\/2019\/09\/titulosite2-e1616373489755-1536x388.jpg 1536w, https:\/\/www.diariodeouropreto.com.br\/wp-content\/uploads\/2019\/09\/titulosite2-e1616373489755-2048x517.jpg 2048w\" sizes=\"(max-width: 1200px) 100vw, 1200px\" width=\"1200\" height=\"303\"  style=\"display: inline-block;\" \/><\/a><\/div><p>Durante a audi\u00eancia, participantes defenderam que a revis\u00e3o do Plano Diretor considere n\u00e3o apenas a expans\u00e3o habitacional, mas tamb\u00e9m a capacidade real de infraestrutura urbana e a preserva\u00e7\u00e3o de \u00e1reas estrat\u00e9gicas para o munic\u00edpio. As contribui\u00e7\u00f5es apresentadas devem integrar as pr\u00f3ximas etapas de elabora\u00e7\u00e3o do documento, que seguir\u00e1 em discuss\u00e3o antes de se transformar em projeto de lei.<\/p>","protected":false},"excerpt":{"rendered":"<p>\u00a0\u00c1rea prevista para expans\u00e3o no debate do Plano Diretor re\u00fane fragilidade ambiental, valor tur\u00edstico e limita\u00e7\u00f5es de acesso \u00e0 sede do munic\u00edpio A possibilidade de amplia\u00e7\u00e3o do n\u00facleo urbano de Ouro Preto em uma \u00e1rea situada acima do bairro Morro Santana, na zona de amortecimento do Parque Natural Municipal das<span class=\"more-link\"><a href=\"https:\/\/www.diariodeouropreto.com.br\/pt\/expansao-urbana-proposta-acende-alerta-sobre-a-biodiversidade-de-ouro-preto\/\" data-wpel-link=\"internal\">Continue Lendo<\/a><\/span><\/p>","protected":false},"author":6,"featured_media":52039,"comment_status":"closed","ping_status":"closed","sticky":false,"template":"","format":"standard","meta":{"_jetpack_memberships_contains_paid_content":false,"footnotes":"","jetpack_publicize_message":" \u00c1rea prevista para expans\u00e3o no debate do Plano Diretor re\u00fane fragilidade ambiental, valor tur\u00edstico e limita\u00e7\u00f5es de acesso \u00e0 sede do munic\u00edpio","jetpack_publicize_feature_enabled":true,"jetpack_social_post_already_shared":true,"jetpack_social_options":{"image_generator_settings":{"template":"highway","default_image_id":0,"font":"","enabled":false},"version":2}},"categories":[1],"tags":[],"class_list":["entry","author-davi-saporetti","post-52037","post","type-post","status-publish","format-standard","has-post-thumbnail","category-ouro-preto"],"yoast_head":"<!-- This site is optimized with the Yoast SEO plugin v27.5 - https:\/\/yoast.com\/product\/yoast-seo-wordpress\/ -->\n<title>Expans\u00e3o urbana proposta acende alerta sobre a biodiversidade de Ouro Preto - Di\u00e1rio de Ouro Preto<\/title>\n<meta name=\"description\" content=\"\u00c1rea prevista para expans\u00e3o no debate do Plano Diretor re\u00fane fragilidade ambiental, valor tur\u00edstico e limita\u00e7\u00f5es de acesso \u00e0 sede do munic\u00edpio- Expans\u00e3o urbana proposta acende alerta sobre a biodiversidade de Ouro Preto - Ouro Preto\" \/>\n<meta name=\"robots\" content=\"index, follow, max-snippet:-1, max-image-preview:large, max-video-preview:-1\" \/>\n<link rel=\"canonical\" href=\"https:\/\/www.diariodeouropreto.com.br\/pt\/expansao-urbana-proposta-acende-alerta-sobre-a-biodiversidade-de-ouro-preto\/\" \/>\n<meta property=\"og:locale\" content=\"pt_PT\" \/>\n<meta property=\"og:type\" content=\"article\" \/>\n<meta property=\"og:title\" content=\"Expans\u00e3o urbana proposta acende alerta sobre a biodiversidade de Ouro Preto - Di\u00e1rio de Ouro Preto\" \/>\n<meta property=\"og:description\" content=\"\u00c1rea prevista para expans\u00e3o no debate do Plano Diretor re\u00fane fragilidade ambiental, valor tur\u00edstico e limita\u00e7\u00f5es de acesso \u00e0 sede do munic\u00edpio- Expans\u00e3o urbana proposta acende alerta sobre a biodiversidade de Ouro Preto - Ouro Preto\" \/>\n<meta property=\"og:url\" content=\"https:\/\/www.diariodeouropreto.com.br\/pt\/expansao-urbana-proposta-acende-alerta-sobre-a-biodiversidade-de-ouro-preto\/\" \/>\n<meta property=\"og:site_name\" content=\"Di\u00e1rio de Ouro Preto\" \/>\n<meta property=\"article:publisher\" content=\"https:\/\/www.facebook.com\/diariodeouropreto\/\" \/>\n<meta property=\"article:published_time\" content=\"2026-04-30T13:30:00+00:00\" \/>\n<meta property=\"og:image\" content=\"https:\/\/www.diariodeouropreto.com.br\/wp-content\/uploads\/2026\/04\/IMG_1808-1.jpg\" \/>\n\t<meta property=\"og:image:width\" content=\"1200\" \/>\n\t<meta property=\"og:image:height\" content=\"800\" \/>\n\t<meta property=\"og:image:type\" content=\"image\/jpeg\" \/>\n<meta name=\"author\" content=\"Davi Saporetti\" \/>\n<meta name=\"twitter:card\" content=\"summary_large_image\" \/>\n<meta name=\"twitter:label1\" content=\"Escrito por\" \/>\n\t<meta name=\"twitter:data1\" content=\"Davi Saporetti\" \/>\n\t<meta name=\"twitter:label2\" content=\"Tempo estimado de leitura\" \/>\n\t<meta name=\"twitter:data2\" content=\"3 minutos\" \/>\n<script type=\"application\/ld+json\" class=\"yoast-schema-graph\">{\"@context\":\"https:\\\/\\\/schema.org\",\"@graph\":[{\"@type\":\"Article\",\"@id\":\"https:\\\/\\\/www.diariodeouropreto.com.br\\\/expansao-urbana-proposta-acende-alerta-sobre-a-biodiversidade-de-ouro-preto\\\/#article\",\"isPartOf\":{\"@id\":\"https:\\\/\\\/www.diariodeouropreto.com.br\\\/expansao-urbana-proposta-acende-alerta-sobre-a-biodiversidade-de-ouro-preto\\\/\"},\"author\":{\"name\":\"Davi Saporetti\",\"@id\":\"https:\\\/\\\/www.diariodeouropreto.com.br\\\/pt\\\/#\\\/schema\\\/person\\\/ef41b20286de4cc33a3185837ba72af6\"},\"headline\":\"Expans\u00e3o urbana proposta acende alerta sobre a biodiversidade de Ouro Preto\",\"datePublished\":\"2026-04-30T13:30:00+00:00\",\"mainEntityOfPage\":{\"@id\":\"https:\\\/\\\/www.diariodeouropreto.com.br\\\/expansao-urbana-proposta-acende-alerta-sobre-a-biodiversidade-de-ouro-preto\\\/\"},\"wordCount\":560,\"publisher\":{\"@id\":\"https:\\\/\\\/www.diariodeouropreto.com.br\\\/pt\\\/#organization\"},\"image\":{\"@id\":\"https:\\\/\\\/www.diariodeouropreto.com.br\\\/expansao-urbana-proposta-acende-alerta-sobre-a-biodiversidade-de-ouro-preto\\\/#primaryimage\"},\"thumbnailUrl\":\"https:\\\/\\\/www.diariodeouropreto.com.br\\\/wp-content\\\/uploads\\\/2026\\\/04\\\/IMG_1808-1.jpg\",\"articleSection\":[\"Ouro Preto\"],\"inLanguage\":\"pt-PT\"},{\"@type\":\"WebPage\",\"@id\":\"https:\\\/\\\/www.diariodeouropreto.com.br\\\/expansao-urbana-proposta-acende-alerta-sobre-a-biodiversidade-de-ouro-preto\\\/\",\"url\":\"https:\\\/\\\/www.diariodeouropreto.com.br\\\/expansao-urbana-proposta-acende-alerta-sobre-a-biodiversidade-de-ouro-preto\\\/\",\"name\":\"Expans\u00e3o urbana proposta acende alerta sobre a biodiversidade de Ouro Preto - Di\u00e1rio de Ouro Preto\",\"isPartOf\":{\"@id\":\"https:\\\/\\\/www.diariodeouropreto.com.br\\\/pt\\\/#website\"},\"primaryImageOfPage\":{\"@id\":\"https:\\\/\\\/www.diariodeouropreto.com.br\\\/expansao-urbana-proposta-acende-alerta-sobre-a-biodiversidade-de-ouro-preto\\\/#primaryimage\"},\"image\":{\"@id\":\"https:\\\/\\\/www.diariodeouropreto.com.br\\\/expansao-urbana-proposta-acende-alerta-sobre-a-biodiversidade-de-ouro-preto\\\/#primaryimage\"},\"thumbnailUrl\":\"https:\\\/\\\/www.diariodeouropreto.com.br\\\/wp-content\\\/uploads\\\/2026\\\/04\\\/IMG_1808-1.jpg\",\"datePublished\":\"2026-04-30T13:30:00+00:00\",\"description\":\"\u00c1rea prevista para expans\u00e3o no debate do Plano Diretor re\u00fane fragilidade ambiental, valor tur\u00edstico e limita\u00e7\u00f5es de acesso \u00e0 sede do munic\u00edpio- Expans\u00e3o urbana proposta acende alerta sobre a biodiversidade de Ouro Preto - Ouro Preto\",\"breadcrumb\":{\"@id\":\"https:\\\/\\\/www.diariodeouropreto.com.br\\\/expansao-urbana-proposta-acende-alerta-sobre-a-biodiversidade-de-ouro-preto\\\/#breadcrumb\"},\"inLanguage\":\"pt-PT\",\"potentialAction\":[{\"@type\":\"ReadAction\",\"target\":[\"https:\\\/\\\/www.diariodeouropreto.com.br\\\/expansao-urbana-proposta-acende-alerta-sobre-a-biodiversidade-de-ouro-preto\\\/\"]}]},{\"@type\":\"ImageObject\",\"inLanguage\":\"pt-PT\",\"@id\":\"https:\\\/\\\/www.diariodeouropreto.com.br\\\/expansao-urbana-proposta-acende-alerta-sobre-a-biodiversidade-de-ouro-preto\\\/#primaryimage\",\"url\":\"https:\\\/\\\/www.diariodeouropreto.com.br\\\/wp-content\\\/uploads\\\/2026\\\/04\\\/IMG_1808-1.jpg\",\"contentUrl\":\"https:\\\/\\\/www.diariodeouropreto.com.br\\\/wp-content\\\/uploads\\\/2026\\\/04\\\/IMG_1808-1.jpg\",\"width\":1200,\"height\":800},{\"@type\":\"BreadcrumbList\",\"@id\":\"https:\\\/\\\/www.diariodeouropreto.com.br\\\/expansao-urbana-proposta-acende-alerta-sobre-a-biodiversidade-de-ouro-preto\\\/#breadcrumb\",\"itemListElement\":[{\"@type\":\"ListItem\",\"position\":1,\"name\":\"In\u00edcio\",\"item\":\"https:\\\/\\\/www.diariodeouropreto.com.br\\\/pt\\\/\"},{\"@type\":\"ListItem\",\"position\":2,\"name\":\"Expans\u00e3o urbana proposta acende alerta sobre a biodiversidade de Ouro Preto\"}]},{\"@type\":\"WebSite\",\"@id\":\"https:\\\/\\\/www.diariodeouropreto.com.br\\\/pt\\\/#website\",\"url\":\"https:\\\/\\\/www.diariodeouropreto.com.br\\\/pt\\\/\",\"name\":\"Di\u00e1rio de Ouro Preto\",\"description\":\"Not\u00edcias Ouro Preto; Mariana;Minas Gerais;Jornal;Jornalismo;Not\u00edcias;\",\"publisher\":{\"@id\":\"https:\\\/\\\/www.diariodeouropreto.com.br\\\/pt\\\/#organization\"},\"alternateName\":\"Jornal di\u00e1rio de Ouro Preto\",\"potentialAction\":[{\"@type\":\"SearchAction\",\"target\":{\"@type\":\"EntryPoint\",\"urlTemplate\":\"https:\\\/\\\/www.diariodeouropreto.com.br\\\/pt\\\/?s={search_term_string}\"},\"query-input\":{\"@type\":\"PropertyValueSpecification\",\"valueRequired\":true,\"valueName\":\"search_term_string\"}}],\"inLanguage\":\"pt-PT\"},{\"@type\":\"Organization\",\"@id\":\"https:\\\/\\\/www.diariodeouropreto.com.br\\\/pt\\\/#organization\",\"name\":\"Di\u00e1rio de Ouro Preto\",\"alternateName\":\"Jornal di\u00e1rio Ouro Preto\",\"url\":\"https:\\\/\\\/www.diariodeouropreto.com.br\\\/pt\\\/\",\"logo\":{\"@type\":\"ImageObject\",\"inLanguage\":\"pt-PT\",\"@id\":\"https:\\\/\\\/www.diariodeouropreto.com.br\\\/pt\\\/#\\\/schema\\\/logo\\\/image\\\/\",\"url\":\"https:\\\/\\\/www.diariodeouropreto.com.br\\\/wp-content\\\/uploads\\\/2019\\\/06\\\/cropped-logotransp-2.png\",\"contentUrl\":\"https:\\\/\\\/www.diariodeouropreto.com.br\\\/wp-content\\\/uploads\\\/2019\\\/06\\\/cropped-logotransp-2.png\",\"width\":1323,\"height\":251,\"caption\":\"Di\u00e1rio de Ouro Preto\"},\"image\":{\"@id\":\"https:\\\/\\\/www.diariodeouropreto.com.br\\\/pt\\\/#\\\/schema\\\/logo\\\/image\\\/\"},\"sameAs\":[\"https:\\\/\\\/www.facebook.com\\\/diariodeouropreto\\\/\"]},{\"@type\":\"Person\",\"@id\":\"https:\\\/\\\/www.diariodeouropreto.com.br\\\/pt\\\/#\\\/schema\\\/person\\\/ef41b20286de4cc33a3185837ba72af6\",\"name\":\"Davi Saporetti\",\"url\":\"https:\\\/\\\/www.diariodeouropreto.com.br\\\/pt\\\/author\\\/davi-saporetti\\\/\"}]}<\/script>\n<!-- \/ Yoast SEO plugin. -->","yoast_head_json":{"title":"Expans\u00e3o urbana proposta acende alerta sobre a biodiversidade de Ouro Preto - Di\u00e1rio de Ouro Preto","description":"\u00c1rea prevista para expans\u00e3o no debate do Plano Diretor re\u00fane fragilidade ambiental, valor tur\u00edstico e limita\u00e7\u00f5es de acesso \u00e0 sede do munic\u00edpio- Expans\u00e3o urbana proposta acende alerta sobre a biodiversidade de Ouro Preto - Ouro Preto","robots":{"index":"index","follow":"follow","max-snippet":"max-snippet:-1","max-image-preview":"max-image-preview:large","max-video-preview":"max-video-preview:-1"},"canonical":"https:\/\/www.diariodeouropreto.com.br\/pt\/expansao-urbana-proposta-acende-alerta-sobre-a-biodiversidade-de-ouro-preto\/","og_locale":"pt_PT","og_type":"article","og_title":"Expans\u00e3o urbana proposta acende alerta sobre a biodiversidade de Ouro Preto - Di\u00e1rio de Ouro Preto","og_description":"\u00c1rea prevista para expans\u00e3o no debate do Plano Diretor re\u00fane fragilidade ambiental, valor tur\u00edstico e limita\u00e7\u00f5es de acesso \u00e0 sede do munic\u00edpio- Expans\u00e3o urbana proposta acende alerta sobre a biodiversidade de Ouro Preto - Ouro Preto","og_url":"https:\/\/www.diariodeouropreto.com.br\/pt\/expansao-urbana-proposta-acende-alerta-sobre-a-biodiversidade-de-ouro-preto\/","og_site_name":"Di\u00e1rio de Ouro Preto","article_publisher":"https:\/\/www.facebook.com\/diariodeouropreto\/","article_published_time":"2026-04-30T13:30:00+00:00","og_image":[{"width":1200,"height":800,"url":"https:\/\/www.diariodeouropreto.com.br\/wp-content\/uploads\/2026\/04\/IMG_1808-1.jpg","type":"image\/jpeg"}],"author":"Davi Saporetti","twitter_card":"summary_large_image","twitter_misc":{"Escrito por":"Davi Saporetti","Tempo estimado de leitura":"3 minutos"},"schema":{"@context":"https:\/\/schema.org","@graph":[{"@type":"Article","@id":"https:\/\/www.diariodeouropreto.com.br\/expansao-urbana-proposta-acende-alerta-sobre-a-biodiversidade-de-ouro-preto\/#article","isPartOf":{"@id":"https:\/\/www.diariodeouropreto.com.br\/expansao-urbana-proposta-acende-alerta-sobre-a-biodiversidade-de-ouro-preto\/"},"author":{"name":"Davi Saporetti","@id":"https:\/\/www.diariodeouropreto.com.br\/pt\/#\/schema\/person\/ef41b20286de4cc33a3185837ba72af6"},"headline":"Expans\u00e3o urbana proposta acende alerta sobre a biodiversidade de Ouro Preto","datePublished":"2026-04-30T13:30:00+00:00","mainEntityOfPage":{"@id":"https:\/\/www.diariodeouropreto.com.br\/expansao-urbana-proposta-acende-alerta-sobre-a-biodiversidade-de-ouro-preto\/"},"wordCount":560,"publisher":{"@id":"https:\/\/www.diariodeouropreto.com.br\/pt\/#organization"},"image":{"@id":"https:\/\/www.diariodeouropreto.com.br\/expansao-urbana-proposta-acende-alerta-sobre-a-biodiversidade-de-ouro-preto\/#primaryimage"},"thumbnailUrl":"https:\/\/www.diariodeouropreto.com.br\/wp-content\/uploads\/2026\/04\/IMG_1808-1.jpg","articleSection":["Ouro Preto"],"inLanguage":"pt-PT"},{"@type":"WebPage","@id":"https:\/\/www.diariodeouropreto.com.br\/expansao-urbana-proposta-acende-alerta-sobre-a-biodiversidade-de-ouro-preto\/","url":"https:\/\/www.diariodeouropreto.com.br\/expansao-urbana-proposta-acende-alerta-sobre-a-biodiversidade-de-ouro-preto\/","name":"Expans\u00e3o urbana proposta acende alerta sobre a biodiversidade de Ouro Preto - Di\u00e1rio de Ouro Preto","isPartOf":{"@id":"https:\/\/www.diariodeouropreto.com.br\/pt\/#website"},"primaryImageOfPage":{"@id":"https:\/\/www.diariodeouropreto.com.br\/expansao-urbana-proposta-acende-alerta-sobre-a-biodiversidade-de-ouro-preto\/#primaryimage"},"image":{"@id":"https:\/\/www.diariodeouropreto.com.br\/expansao-urbana-proposta-acende-alerta-sobre-a-biodiversidade-de-ouro-preto\/#primaryimage"},"thumbnailUrl":"https:\/\/www.diariodeouropreto.com.br\/wp-content\/uploads\/2026\/04\/IMG_1808-1.jpg","datePublished":"2026-04-30T13:30:00+00:00","description":"\u00c1rea prevista para expans\u00e3o no debate do Plano Diretor re\u00fane fragilidade ambiental, valor tur\u00edstico e limita\u00e7\u00f5es de acesso \u00e0 sede do munic\u00edpio- Expans\u00e3o urbana proposta acende alerta sobre a biodiversidade de Ouro Preto - Ouro Preto","breadcrumb":{"@id":"https:\/\/www.diariodeouropreto.com.br\/expansao-urbana-proposta-acende-alerta-sobre-a-biodiversidade-de-ouro-preto\/#breadcrumb"},"inLanguage":"pt-PT","potentialAction":[{"@type":"ReadAction","target":["https:\/\/www.diariodeouropreto.com.br\/expansao-urbana-proposta-acende-alerta-sobre-a-biodiversidade-de-ouro-preto\/"]}]},{"@type":"ImageObject","inLanguage":"pt-PT","@id":"https:\/\/www.diariodeouropreto.com.br\/expansao-urbana-proposta-acende-alerta-sobre-a-biodiversidade-de-ouro-preto\/#primaryimage","url":"https:\/\/www.diariodeouropreto.com.br\/wp-content\/uploads\/2026\/04\/IMG_1808-1.jpg","contentUrl":"https:\/\/www.diariodeouropreto.com.br\/wp-content\/uploads\/2026\/04\/IMG_1808-1.jpg","width":1200,"height":800},{"@type":"BreadcrumbList","@id":"https:\/\/www.diariodeouropreto.com.br\/expansao-urbana-proposta-acende-alerta-sobre-a-biodiversidade-de-ouro-preto\/#breadcrumb","itemListElement":[{"@type":"ListItem","position":1,"name":"In\u00edcio","item":"https:\/\/www.diariodeouropreto.com.br\/pt\/"},{"@type":"ListItem","position":2,"name":"Expans\u00e3o urbana proposta acende alerta sobre a biodiversidade de Ouro Preto"}]},{"@type":"WebSite","@id":"https:\/\/www.diariodeouropreto.com.br\/pt\/#website","url":"https:\/\/www.diariodeouropreto.com.br\/pt\/","name":"Di\u00e1rio de Ouro Preto","description":"Not\u00edcias Ouro Preto; Mariana;Minas Gerais;Jornal;Jornalismo;Not\u00edcias;","publisher":{"@id":"https:\/\/www.diariodeouropreto.com.br\/pt\/#organization"},"alternateName":"Jornal di\u00e1rio de Ouro Preto","potentialAction":[{"@type":"SearchAction","target":{"@type":"EntryPoint","urlTemplate":"https:\/\/www.diariodeouropreto.com.br\/pt\/?s={search_term_string}"},"query-input":{"@type":"PropertyValueSpecification","valueRequired":true,"valueName":"search_term_string"}}],"inLanguage":"pt-PT"},{"@type":"Organization","@id":"https:\/\/www.diariodeouropreto.com.br\/pt\/#organization","name":"Di\u00e1rio de Ouro Preto","alternateName":"Jornal di\u00e1rio Ouro Preto","url":"https:\/\/www.diariodeouropreto.com.br\/pt\/","logo":{"@type":"ImageObject","inLanguage":"pt-PT","@id":"https:\/\/www.diariodeouropreto.com.br\/pt\/#\/schema\/logo\/image\/","url":"https:\/\/www.diariodeouropreto.com.br\/wp-content\/uploads\/2019\/06\/cropped-logotransp-2.png","contentUrl":"https:\/\/www.diariodeouropreto.com.br\/wp-content\/uploads\/2019\/06\/cropped-logotransp-2.png","width":1323,"height":251,"caption":"Di\u00e1rio de Ouro Preto"},"image":{"@id":"https:\/\/www.diariodeouropreto.com.br\/pt\/#\/schema\/logo\/image\/"},"sameAs":["https:\/\/www.facebook.com\/diariodeouropreto\/"]},{"@type":"Person","@id":"https:\/\/www.diariodeouropreto.com.br\/pt\/#\/schema\/person\/ef41b20286de4cc33a3185837ba72af6","name":"Davi Saporetti","url":"https:\/\/www.diariodeouropreto.com.br\/pt\/author\/davi-saporetti\/"}]}},"jetpack_publicize_connections":[],"jetpack_featured_media_url":"https:\/\/www.diariodeouropreto.com.br\/wp-content\/uploads\/2026\/04\/IMG_1808-1.jpg","jetpack-related-posts":[{"id":51627,"url":"https:\/\/www.diariodeouropreto.com.br\/pt\/audiencia-publica-debate-revisao-do-plano-diretor-de-ouro-preto\/","url_meta":{"origin":52037,"position":0},"title":"Audi\u00eancia p\u00fablica debate revis\u00e3o do Plano Diretor de Ouro Preto","author":"Davi Saporetti","date":"10 de Abril de 2026","format":false,"excerpt":"Mapa de zoneamento urbano chama aten\u00e7\u00e3o para poss\u00edvel crescimento em \u00e1rea de prote\u00e7\u00e3o ambiental e zona de amortecimento do Parque das Andorinhas A Prefeitura de Ouro Preto promoveu, na \u00faltima segunda-feira (6), uma audi\u00eancia p\u00fablica voltada \u00e0 revis\u00e3o do Plano Diretor do munic\u00edpio. Realizado no Centro de Artes e Conven\u00e7\u00f5es\u2026","rel":"","context":"In &quot;Ouro Preto&quot;","block_context":{"text":"Ouro Preto","link":"https:\/\/www.diariodeouropreto.com.br\/pt\/Editoria\/ouro-preto\/"},"img":{"alt_text":"","src":"https:\/\/i0.wp.com\/www.diariodeouropreto.com.br\/wp-content\/uploads\/2026\/04\/IMG_1808.jpg?resize=350%2C200&ssl=1","width":350,"height":200,"srcset":"https:\/\/i0.wp.com\/www.diariodeouropreto.com.br\/wp-content\/uploads\/2026\/04\/IMG_1808.jpg?resize=350%2C200&ssl=1 1x, https:\/\/i0.wp.com\/www.diariodeouropreto.com.br\/wp-content\/uploads\/2026\/04\/IMG_1808.jpg?resize=525%2C300&ssl=1 1.5x, https:\/\/i0.wp.com\/www.diariodeouropreto.com.br\/wp-content\/uploads\/2026\/04\/IMG_1808.jpg?resize=700%2C400&ssl=1 2x, https:\/\/i0.wp.com\/www.diariodeouropreto.com.br\/wp-content\/uploads\/2026\/04\/IMG_1808.jpg?resize=1050%2C600&ssl=1 3x"},"classes":[]},{"id":52032,"url":"https:\/\/www.diariodeouropreto.com.br\/pt\/manifestacao-em-lavras-novas-reune-moradores-e-coletivos-contra-avanco-da-mineracao-no-entorno-do-itacolomi\/","url_meta":{"origin":52037,"position":1},"title":"Manifesta\u00e7\u00e3o em Lavras Novas re\u00fane moradores e coletivos contra avan\u00e7o da minera\u00e7\u00e3o no entorno do Itacolomi","author":"Davi Saporetti","date":"30 de Abril de 2026","format":false,"excerpt":"Ato em defesa da zona de amortecimento do parque cobra preserva\u00e7\u00e3o ambiental e alerta para impactos da atividade mineral na regi\u00e3o Moradores de Lavras Novas, Chapada e outras comunidades do entorno do Parque Estadual do Itacolomi realizaram, na \u00faltima segunda-feira (28), uma manifesta\u00e7\u00e3o contra o avan\u00e7o da minera\u00e7\u00e3o na regi\u00e3o.\u2026","rel":"","context":"In &quot;Ouro Preto&quot;","block_context":{"text":"Ouro Preto","link":"https:\/\/www.diariodeouropreto.com.br\/pt\/Editoria\/ouro-preto\/"},"img":{"alt_text":"","src":"https:\/\/i0.wp.com\/www.diariodeouropreto.com.br\/wp-content\/uploads\/2026\/04\/WhatsApp-Image-2026-0at-09.51.37.jpeg?resize=350%2C200&ssl=1","width":350,"height":200,"srcset":"https:\/\/i0.wp.com\/www.diariodeouropreto.com.br\/wp-content\/uploads\/2026\/04\/WhatsApp-Image-2026-0at-09.51.37.jpeg?resize=350%2C200&ssl=1 1x, https:\/\/i0.wp.com\/www.diariodeouropreto.com.br\/wp-content\/uploads\/2026\/04\/WhatsApp-Image-2026-0at-09.51.37.jpeg?resize=525%2C300&ssl=1 1.5x, https:\/\/i0.wp.com\/www.diariodeouropreto.com.br\/wp-content\/uploads\/2026\/04\/WhatsApp-Image-2026-0at-09.51.37.jpeg?resize=700%2C400&ssl=1 2x, https:\/\/i0.wp.com\/www.diariodeouropreto.com.br\/wp-content\/uploads\/2026\/04\/WhatsApp-Image-2026-0at-09.51.37.jpeg?resize=1050%2C600&ssl=1 3x"},"classes":[]},{"id":43571,"url":"https:\/\/www.diariodeouropreto.com.br\/pt\/conselho-do-monumento-natural-da-gruta-da-lapa-nega-anuencia-para-leao-de-ferro\/","url_meta":{"origin":52037,"position":2},"title":"Conselho do Monumento Natural da Gruta da Lapa nega anu\u00eancia para Le\u00e3o de Ferro","author":"Di\u00e1rio de Ouro Preto","date":"4 de Abril de 2025","format":false,"excerpt":"Em reuni\u00e3o tensa foram debatidos os impactos na \u00e1rea de amortecimento do Monumento Natural da Gruta da Lapa Ant\u00f4nio Pereira - O Conselho Consultivo do Monumento Natural Municipal Gruta da Lapa Nossa Senhora da Lapa rejeitou nesta quinta-feira, 3\/04, o pedido de anu\u00eancia da Mineradora Le\u00e3o de Ferro LTDA, que\u2026","rel":"","context":"Similar post","block_context":{"text":"Similar post","link":""},"img":{"alt_text":"","src":"https:\/\/i0.wp.com\/www.diariodeouropreto.com.br\/wp-content\/uploads\/2025\/04\/Imagem-do-WhatsApp-de-2025-04-03-as-19.44.00_f6ef47bb.jpg?resize=350%2C200&ssl=1","width":350,"height":200,"srcset":"https:\/\/i0.wp.com\/www.diariodeouropreto.com.br\/wp-content\/uploads\/2025\/04\/Imagem-do-WhatsApp-de-2025-04-03-as-19.44.00_f6ef47bb.jpg?resize=350%2C200&ssl=1 1x, https:\/\/i0.wp.com\/www.diariodeouropreto.com.br\/wp-content\/uploads\/2025\/04\/Imagem-do-WhatsApp-de-2025-04-03-as-19.44.00_f6ef47bb.jpg?resize=525%2C300&ssl=1 1.5x, https:\/\/i0.wp.com\/www.diariodeouropreto.com.br\/wp-content\/uploads\/2025\/04\/Imagem-do-WhatsApp-de-2025-04-03-as-19.44.00_f6ef47bb.jpg?resize=700%2C400&ssl=1 2x, https:\/\/i0.wp.com\/www.diariodeouropreto.com.br\/wp-content\/uploads\/2025\/04\/Imagem-do-WhatsApp-de-2025-04-03-as-19.44.00_f6ef47bb.jpg?resize=1050%2C600&ssl=1 3x"},"classes":[]},{"id":27048,"url":"https:\/\/www.diariodeouropreto.com.br\/pt\/parque-das-andorinhas-recebe-intensa-programacao-cultural-gratuita\/","url_meta":{"origin":52037,"position":3},"title":"Parque das Andorinhas recebe intensa programa\u00e7\u00e3o cultural gratuita","author":"Di\u00e1rio de Ouro Preto","date":"3 de Dezembro de 2023","format":false,"excerpt":"No dia 9 de dezembro, s\u00e1bado, o \u201cArte e Cultura no Parque das Andorinhas\u201d traz espet\u00e1culos de teatro, coral, interven\u00e7\u00e3o art\u00edstica, forr\u00f3 e samba, al\u00e9m da visita do Papai Noel, acompanhado pelo Mickey e Minnie. O evento ser\u00e1 realizado entre 9 e 18h de forma totalmente gratuita. O dia vai\u2026","rel":"","context":"In &quot;Caderno Verde&quot;","block_context":{"text":"Caderno Verde","link":"https:\/\/www.diariodeouropreto.com.br\/pt\/Editoria\/caderno-verde\/"},"img":{"alt_text":"","src":"https:\/\/i0.wp.com\/www.diariodeouropreto.com.br\/wp-content\/uploads\/2023\/12\/Parque-das-Andorinhas-Credito-Ane-Souz.jpg?resize=350%2C200&ssl=1","width":350,"height":200,"srcset":"https:\/\/i0.wp.com\/www.diariodeouropreto.com.br\/wp-content\/uploads\/2023\/12\/Parque-das-Andorinhas-Credito-Ane-Souz.jpg?resize=350%2C200&ssl=1 1x, https:\/\/i0.wp.com\/www.diariodeouropreto.com.br\/wp-content\/uploads\/2023\/12\/Parque-das-Andorinhas-Credito-Ane-Souz.jpg?resize=525%2C300&ssl=1 1.5x, https:\/\/i0.wp.com\/www.diariodeouropreto.com.br\/wp-content\/uploads\/2023\/12\/Parque-das-Andorinhas-Credito-Ane-Souz.jpg?resize=700%2C400&ssl=1 2x, https:\/\/i0.wp.com\/www.diariodeouropreto.com.br\/wp-content\/uploads\/2023\/12\/Parque-das-Andorinhas-Credito-Ane-Souz.jpg?resize=1050%2C600&ssl=1 3x"},"classes":[]},{"id":34065,"url":"https:\/\/www.diariodeouropreto.com.br\/pt\/parque-das-andorinhas-nascente-do-rio-das-velhas-recebe-evento-esportivo-e-cultural\/","url_meta":{"origin":52037,"position":4},"title":"Parque das Andorinhas: Nascente do Rio das Velhas recebe evento esportivo e cultural","author":"Di\u00e1rio de Ouro Preto","date":"5 de Junho de 2024","format":false,"excerpt":"Para fechar a semana do Meio Ambiente, o Parque Natural Municipal das Andorinhas (PNMA) ser\u00e1 palco de muito esporte e divers\u00e3o para o p\u00fablico nos dias 8 e 9 de junho. O local vai receber a segunda edi\u00e7\u00e3o do Esporte e Cultura no Parque das Andorinhas, com a Abertura de\u2026","rel":"","context":"In &quot;Caderno Verde&quot;","block_context":{"text":"Caderno Verde","link":"https:\/\/www.diariodeouropreto.com.br\/pt\/Editoria\/caderno-verde\/"},"img":{"alt_text":"","src":"https:\/\/i0.wp.com\/www.diariodeouropreto.com.br\/wp-content\/uploads\/2024\/06\/07a3bb89-f978-46c2-bc5e-64cba599508a.jpg?resize=350%2C200&ssl=1","width":350,"height":200,"srcset":"https:\/\/i0.wp.com\/www.diariodeouropreto.com.br\/wp-content\/uploads\/2024\/06\/07a3bb89-f978-46c2-bc5e-64cba599508a.jpg?resize=350%2C200&ssl=1 1x, https:\/\/i0.wp.com\/www.diariodeouropreto.com.br\/wp-content\/uploads\/2024\/06\/07a3bb89-f978-46c2-bc5e-64cba599508a.jpg?resize=525%2C300&ssl=1 1.5x, https:\/\/i0.wp.com\/www.diariodeouropreto.com.br\/wp-content\/uploads\/2024\/06\/07a3bb89-f978-46c2-bc5e-64cba599508a.jpg?resize=700%2C400&ssl=1 2x, https:\/\/i0.wp.com\/www.diariodeouropreto.com.br\/wp-content\/uploads\/2024\/06\/07a3bb89-f978-46c2-bc5e-64cba599508a.jpg?resize=1050%2C600&ssl=1 3x"},"classes":[]},{"id":40478,"url":"https:\/\/www.diariodeouropreto.com.br\/pt\/vale-e-governo-de-minas-fecham-acordo-para-investimento-de-cerca-de-r-42-milhoes-em-programa-de-regularizacao-ambiental\/","url_meta":{"origin":52037,"position":5},"title":"Vale e Governo de Minas fecham acordo para investimento de cerca de R$ 42 milh\u00f5es em Programa de Regulariza\u00e7\u00e3o Ambiental","author":"Di\u00e1rio de Ouro Preto","date":"4 de Dezembro de 2024","format":false,"excerpt":"A Vale, em parceria com o Governo do Estado de Minas Gerais, por meio da Secretaria de Estado de Meio Ambiente e Desenvolvimento Sustent\u00e1vel (SEMAD) e do Instituto Estadual de Florestas (IEF), lan\u00e7a, neste dia 4, o Programa de Regulariza\u00e7\u00e3o Ambiental - PRA Produzir Sustent\u00e1vel na APA Cachoeira das Andorinhas.\u2026","rel":"","context":"In &quot;Caderno Verde&quot;","block_context":{"text":"Caderno Verde","link":"https:\/\/www.diariodeouropreto.com.br\/pt\/Editoria\/caderno-verde\/"},"img":{"alt_text":"","src":"https:\/\/i0.wp.com\/www.diariodeouropreto.com.br\/wp-content\/uploads\/2024\/12\/IMG_20220331_135035445_BURST005.jpg?resize=350%2C200&ssl=1","width":350,"height":200,"srcset":"https:\/\/i0.wp.com\/www.diariodeouropreto.com.br\/wp-content\/uploads\/2024\/12\/IMG_20220331_135035445_BURST005.jpg?resize=350%2C200&ssl=1 1x, https:\/\/i0.wp.com\/www.diariodeouropreto.com.br\/wp-content\/uploads\/2024\/12\/IMG_20220331_135035445_BURST005.jpg?resize=525%2C300&ssl=1 1.5x, https:\/\/i0.wp.com\/www.diariodeouropreto.com.br\/wp-content\/uploads\/2024\/12\/IMG_20220331_135035445_BURST005.jpg?resize=700%2C400&ssl=1 2x, https:\/\/i0.wp.com\/www.diariodeouropreto.com.br\/wp-content\/uploads\/2024\/12\/IMG_20220331_135035445_BURST005.jpg?resize=1050%2C600&ssl=1 3x"},"classes":[]}],"jetpack_sharing_enabled":true,"amp_enabled":true,"_links":{"self":[{"href":"https:\/\/www.diariodeouropreto.com.br\/pt\/wp-json\/wp\/v2\/posts\/52037","targetHints":{"allow":["GET"]}}],"collection":[{"href":"https:\/\/www.diariodeouropreto.com.br\/pt\/wp-json\/wp\/v2\/posts"}],"about":[{"href":"https:\/\/www.diariodeouropreto.com.br\/pt\/wp-json\/wp\/v2\/types\/post"}],"author":[{"embeddable":true,"href":"https:\/\/www.diariodeouropreto.com.br\/pt\/wp-json\/wp\/v2\/users\/6"}],"replies":[{"embeddable":true,"href":"https:\/\/www.diariodeouropreto.com.br\/pt\/wp-json\/wp\/v2\/comments?post=52037"}],"version-history":[{"count":1,"href":"https:\/\/www.diariodeouropreto.com.br\/pt\/wp-json\/wp\/v2\/posts\/52037\/revisions"}],"predecessor-version":[{"id":52040,"href":"https:\/\/www.diariodeouropreto.com.br\/pt\/wp-json\/wp\/v2\/posts\/52037\/revisions\/52040"}],"wp:featuredmedia":[{"embeddable":true,"href":"https:\/\/www.diariodeouropreto.com.br\/pt\/wp-json\/wp\/v2\/media\/52039"}],"wp:attachment":[{"href":"https:\/\/www.diariodeouropreto.com.br\/pt\/wp-json\/wp\/v2\/media?parent=52037"}],"wp:term":[{"taxonomy":"category","embeddable":true,"href":"https:\/\/www.diariodeouropreto.com.br\/pt\/wp-json\/wp\/v2\/categories?post=52037"},{"taxonomy":"post_tag","embeddable":true,"href":"https:\/\/www.diariodeouropreto.com.br\/pt\/wp-json\/wp\/v2\/tags?post=52037"}],"curies":[{"name":"wp","href":"https:\/\/api.w.org\/{rel}","templated":true}]}}