{"id":52032,"date":"2026-04-30T10:02:14","date_gmt":"2026-04-30T13:02:14","guid":{"rendered":"https:\/\/www.diariodeouropreto.com.br\/?p=52032"},"modified":"2026-04-30T10:02:15","modified_gmt":"2026-04-30T13:02:15","slug":"manifestacao-em-lavras-novas-reune-moradores-e-coletivos-contra-avanco-da-mineracao-no-entorno-do-itacolomi","status":"publish","type":"post","link":"https:\/\/www.diariodeouropreto.com.br\/pt\/manifestacao-em-lavras-novas-reune-moradores-e-coletivos-contra-avanco-da-mineracao-no-entorno-do-itacolomi\/","title":{"rendered":"Manifesta\u00e7\u00e3o em Lavras Novas re\u00fane moradores e coletivos contra avan\u00e7o da minera\u00e7\u00e3o no entorno do Itacolomi"},"content":{"rendered":"<p><strong>Ato em defesa da zona de amortecimento do parque cobra preserva\u00e7\u00e3o ambiental e alerta para impactos da atividade mineral na regi\u00e3o<\/strong><\/p>\n\n\n\n<p>Moradores de Lavras Novas, Chapada e outras comunidades do entorno do Parque Estadual do Itacolomi realizaram, na \u00faltima segunda-feira (28), uma manifesta\u00e7\u00e3o contra o avan\u00e7o da minera\u00e7\u00e3o na regi\u00e3o. O encontro marcou a cria\u00e7\u00e3o do movimento Salve o Itacolomi e reuniu moradores, especialistas e coletivos que defendem a preserva\u00e7\u00e3o ambiental e o patrim\u00f4nio hist\u00f3rico local.<\/p>\n\n\n\n<p>O protesto ocorreu em meio \u00e0 preocupa\u00e7\u00e3o com empreendimentos miner\u00e1rios previstos dentro da zona de amortecimento do parque, \u00e1rea criada justamente para reduzir press\u00f5es externas sobre a unidade de conserva\u00e7\u00e3o. A explora\u00e7\u00e3o mineral nesse trecho representa risco direto \u00e0s nascentes, \u00e0 biodiversidade e ao modo de vida das comunidades vizinhas.<\/p>\n\n\n\n<p>Entre os grupos citados nas mobiliza\u00e7\u00f5es e debates est\u00e3o o pr\u00f3prio movimento Salve o Itacolomi, al\u00e9m de coletivos e entidades que acompanham a pauta ambiental na regi\u00e3o, como o CONTERRA e o OBSERVA, ligado \u00e0 Universidade Federal de Ouro Preto (UFOP). Segundo os manifestantes, a amea\u00e7a atual reacende um problema hist\u00f3rico vivido por distritos e comunidades ouro-pretanas: a conviv\u00eancia com os impactos da minera\u00e7\u00e3o sobre territ\u00f3rio, recursos h\u00eddricos e paisagem.<\/p>\n\n\n\n<p>S\u00edmbolo natural entre Ouro Preto e Mariana, o Parque Estadual do Itacolomi \u00e9 reconhecido por sua import\u00e2ncia ecol\u00f3gica, hist\u00f3rica e tur\u00edstica. A unidade abriga \u00e1reas de Mata Atl\u00e2ntica, campos rupestres e um dos marcos paisag\u00edsticos mais conhecidos de Minas Gerais, al\u00e9m de atrair visitantes para trilhas e atividades de ecoturismo.<\/p>\n\n\n\n<p>Especialistas lembram que a zona de amortecimento \u00e9 fundamental para garantir a conserva\u00e7\u00e3o de \u00e1reas protegidas, pois funciona como barreira contra atividades capazes de comprometer fauna, flora, cursos d\u2019\u00e1gua e equil\u00edbrio ambiental do parque. Para os moradores que participaram do ato, defender esse entorno \u00e9 tamb\u00e9m proteger o futuro de Lavras Novas, Chapada e de toda a Regi\u00e3o dos Inconfidentes. <\/p>\n\n\n\n<div id=\"110712\" class=\"advads-saneouro advads-entity-placement\" style=\"margin-left: auto;margin-right: auto;text-align: center;\"><a href=\"https:\/\/www.saneouro.com.br\/\" target=\"_blank\" aria-label=\"DOP_Site\" data-wpel-link=\"external\" rel=\"follow external noopener noreferrer sponsored ugc\"><img src=\"https:\/\/www.diariodeouropreto.com.br\/wp-content\/uploads\/2026\/04\/DOP_Site.jpg\" alt=\"\"  srcset=\"https:\/\/www.diariodeouropreto.com.br\/wp-content\/uploads\/2026\/04\/DOP_Site.jpg 301w, https:\/\/www.diariodeouropreto.com.br\/wp-content\/uploads\/2026\/04\/DOP_Site-180x150.jpg 180w, https:\/\/www.diariodeouropreto.com.br\/wp-content\/uploads\/2026\/04\/DOP_Site-14x12.jpg 14w\" sizes=\"(max-width: 301px) 100vw, 301px\" width=\"301\" height=\"251\"  style=\"display: inline-block;\" \/><\/a><\/div><p>Por Davi Saporetti<\/p>\n\n\n\n<div id=\"50321\" class=\"advads-plantao advads-entity-placement\"><a href=\"https:\/\/www.diariodeouropreto.com.br\/pt\/\" target=\"_blank\" aria-label=\"site &#8211; noticia\" data-wpel-link=\"external\" rel=\"follow external noopener noreferrer sponsored ugc\"><img src=\"https:\/\/www.diariodeouropreto.com.br\/wp-content\/uploads\/2019\/09\/titulosite2-e1616373489755.jpg\" alt=\"\"  srcset=\"https:\/\/www.diariodeouropreto.com.br\/wp-content\/uploads\/2019\/09\/titulosite2-e1616373489755.jpg 1200w, https:\/\/www.diariodeouropreto.com.br\/wp-content\/uploads\/2019\/09\/titulosite2-e1616373489755-150x38.jpg 150w, https:\/\/www.diariodeouropreto.com.br\/wp-content\/uploads\/2019\/09\/titulosite2-e1616373489755-660x167.jpg 660w, https:\/\/www.diariodeouropreto.com.br\/wp-content\/uploads\/2019\/09\/titulosite2-e1616373489755-768x194.jpg 768w, https:\/\/www.diariodeouropreto.com.br\/wp-content\/uploads\/2019\/09\/titulosite2-e1616373489755-1000x252.jpg 1000w, https:\/\/www.diariodeouropreto.com.br\/wp-content\/uploads\/2019\/09\/titulosite2-e1616373489755-1536x388.jpg 1536w, https:\/\/www.diariodeouropreto.com.br\/wp-content\/uploads\/2019\/09\/titulosite2-e1616373489755-2048x517.jpg 2048w\" sizes=\"(max-width: 1200px) 100vw, 1200px\" width=\"1200\" height=\"303\"  style=\"display: inline-block;\" \/><\/a><\/div><p>Foto: Movimento Salva Itacolomi<\/p>","protected":false},"excerpt":{"rendered":"<p>Ato em defesa da zona de amortecimento do parque cobra preserva\u00e7\u00e3o ambiental e alerta para impactos da atividade mineral na regi\u00e3o Moradores de Lavras Novas, Chapada e outras comunidades do entorno do Parque Estadual do Itacolomi realizaram, na \u00faltima segunda-feira (28), uma manifesta\u00e7\u00e3o contra o avan\u00e7o da minera\u00e7\u00e3o na regi\u00e3o.<span class=\"more-link\"><a href=\"https:\/\/www.diariodeouropreto.com.br\/pt\/manifestacao-em-lavras-novas-reune-moradores-e-coletivos-contra-avanco-da-mineracao-no-entorno-do-itacolomi\/\" data-wpel-link=\"internal\">Continue Lendo<\/a><\/span><\/p>","protected":false},"author":6,"featured_media":52034,"comment_status":"closed","ping_status":"closed","sticky":false,"template":"","format":"standard","meta":{"_jetpack_memberships_contains_paid_content":false,"footnotes":"","jetpack_publicize_message":"Ato em defesa da zona de amortecimento do parque cobra preserva\u00e7\u00e3o ambiental e alerta para impactos da atividade mineral na regi\u00e3o","jetpack_publicize_feature_enabled":true,"jetpack_social_post_already_shared":false,"jetpack_social_options":{"image_generator_settings":{"template":"highway","default_image_id":0,"font":"","enabled":false},"version":2}},"categories":[1],"tags":[],"class_list":["entry","author-davi-saporetti","post-52032","post","type-post","status-publish","format-standard","has-post-thumbnail","category-ouro-preto"],"yoast_head":"<!-- This site is optimized with the Yoast SEO plugin v27.5 - https:\/\/yoast.com\/product\/yoast-seo-wordpress\/ -->\n<title>Manifesta\u00e7\u00e3o em Lavras Novas re\u00fane moradores e coletivos contra avan\u00e7o da minera\u00e7\u00e3o no entorno do Itacolomi - Di\u00e1rio de Ouro Preto<\/title>\n<meta name=\"description\" content=\"Ato em defesa da zona de amortecimento do parque cobra preserva\u00e7\u00e3o ambiental e alerta para impactos da atividade mineral na regi\u00e3o- Manifesta\u00e7\u00e3o em Lavras Novas re\u00fane moradores e coletivos contra avan\u00e7o da minera\u00e7\u00e3o no entorno do Itacolomi - Ouro Preto\" \/>\n<meta name=\"robots\" content=\"index, follow, max-snippet:-1, max-image-preview:large, max-video-preview:-1\" \/>\n<link rel=\"canonical\" href=\"https:\/\/www.diariodeouropreto.com.br\/pt\/manifestacao-em-lavras-novas-reune-moradores-e-coletivos-contra-avanco-da-mineracao-no-entorno-do-itacolomi\/\" \/>\n<meta property=\"og:locale\" content=\"pt_PT\" \/>\n<meta property=\"og:type\" content=\"article\" \/>\n<meta property=\"og:title\" content=\"Manifesta\u00e7\u00e3o em Lavras Novas re\u00fane moradores e coletivos contra avan\u00e7o da minera\u00e7\u00e3o no entorno do Itacolomi - Di\u00e1rio de Ouro Preto\" \/>\n<meta property=\"og:description\" content=\"Ato em defesa da zona de amortecimento do parque cobra preserva\u00e7\u00e3o ambiental e alerta para impactos da atividade mineral na regi\u00e3o- Manifesta\u00e7\u00e3o em Lavras Novas re\u00fane moradores e coletivos contra avan\u00e7o da minera\u00e7\u00e3o no entorno do Itacolomi - Ouro Preto\" \/>\n<meta property=\"og:url\" content=\"https:\/\/www.diariodeouropreto.com.br\/pt\/manifestacao-em-lavras-novas-reune-moradores-e-coletivos-contra-avanco-da-mineracao-no-entorno-do-itacolomi\/\" \/>\n<meta property=\"og:site_name\" content=\"Di\u00e1rio de Ouro Preto\" \/>\n<meta property=\"article:publisher\" content=\"https:\/\/www.facebook.com\/diariodeouropreto\/\" \/>\n<meta property=\"article:published_time\" content=\"2026-04-30T13:02:14+00:00\" \/>\n<meta property=\"article:modified_time\" content=\"2026-04-30T13:02:15+00:00\" \/>\n<meta property=\"og:image\" content=\"https:\/\/www.diariodeouropreto.com.br\/wp-content\/uploads\/2026\/04\/WhatsApp-Image-2026-0at-09.51.37.jpeg\" \/>\n\t<meta property=\"og:image:width\" content=\"1280\" \/>\n\t<meta property=\"og:image:height\" content=\"720\" \/>\n\t<meta property=\"og:image:type\" content=\"image\/jpeg\" \/>\n<meta name=\"author\" content=\"Davi Saporetti\" \/>\n<meta name=\"twitter:card\" content=\"summary_large_image\" \/>\n<meta name=\"twitter:label1\" content=\"Escrito por\" \/>\n\t<meta name=\"twitter:data1\" content=\"Davi Saporetti\" \/>\n\t<meta name=\"twitter:label2\" content=\"Tempo estimado de leitura\" \/>\n\t<meta name=\"twitter:data2\" content=\"2 minutos\" \/>\n<script type=\"application\/ld+json\" class=\"yoast-schema-graph\">{\"@context\":\"https:\\\/\\\/schema.org\",\"@graph\":[{\"@type\":\"Article\",\"@id\":\"https:\\\/\\\/www.diariodeouropreto.com.br\\\/manifestacao-em-lavras-novas-reune-moradores-e-coletivos-contra-avanco-da-mineracao-no-entorno-do-itacolomi\\\/#article\",\"isPartOf\":{\"@id\":\"https:\\\/\\\/www.diariodeouropreto.com.br\\\/manifestacao-em-lavras-novas-reune-moradores-e-coletivos-contra-avanco-da-mineracao-no-entorno-do-itacolomi\\\/\"},\"author\":{\"name\":\"Davi Saporetti\",\"@id\":\"https:\\\/\\\/www.diariodeouropreto.com.br\\\/pt\\\/#\\\/schema\\\/person\\\/ef41b20286de4cc33a3185837ba72af6\"},\"headline\":\"Manifesta\u00e7\u00e3o em Lavras Novas re\u00fane moradores e coletivos contra avan\u00e7o da minera\u00e7\u00e3o no entorno do Itacolomi\",\"datePublished\":\"2026-04-30T13:02:14+00:00\",\"dateModified\":\"2026-04-30T13:02:15+00:00\",\"mainEntityOfPage\":{\"@id\":\"https:\\\/\\\/www.diariodeouropreto.com.br\\\/manifestacao-em-lavras-novas-reune-moradores-e-coletivos-contra-avanco-da-mineracao-no-entorno-do-itacolomi\\\/\"},\"wordCount\":365,\"publisher\":{\"@id\":\"https:\\\/\\\/www.diariodeouropreto.com.br\\\/pt\\\/#organization\"},\"image\":{\"@id\":\"https:\\\/\\\/www.diariodeouropreto.com.br\\\/manifestacao-em-lavras-novas-reune-moradores-e-coletivos-contra-avanco-da-mineracao-no-entorno-do-itacolomi\\\/#primaryimage\"},\"thumbnailUrl\":\"https:\\\/\\\/www.diariodeouropreto.com.br\\\/wp-content\\\/uploads\\\/2026\\\/04\\\/WhatsApp-Image-2026-0at-09.51.37.jpeg\",\"articleSection\":[\"Ouro Preto\"],\"inLanguage\":\"pt-PT\"},{\"@type\":\"WebPage\",\"@id\":\"https:\\\/\\\/www.diariodeouropreto.com.br\\\/manifestacao-em-lavras-novas-reune-moradores-e-coletivos-contra-avanco-da-mineracao-no-entorno-do-itacolomi\\\/\",\"url\":\"https:\\\/\\\/www.diariodeouropreto.com.br\\\/manifestacao-em-lavras-novas-reune-moradores-e-coletivos-contra-avanco-da-mineracao-no-entorno-do-itacolomi\\\/\",\"name\":\"Manifesta\u00e7\u00e3o em Lavras Novas re\u00fane moradores e coletivos contra avan\u00e7o da minera\u00e7\u00e3o no entorno do Itacolomi - Di\u00e1rio de Ouro Preto\",\"isPartOf\":{\"@id\":\"https:\\\/\\\/www.diariodeouropreto.com.br\\\/pt\\\/#website\"},\"primaryImageOfPage\":{\"@id\":\"https:\\\/\\\/www.diariodeouropreto.com.br\\\/manifestacao-em-lavras-novas-reune-moradores-e-coletivos-contra-avanco-da-mineracao-no-entorno-do-itacolomi\\\/#primaryimage\"},\"image\":{\"@id\":\"https:\\\/\\\/www.diariodeouropreto.com.br\\\/manifestacao-em-lavras-novas-reune-moradores-e-coletivos-contra-avanco-da-mineracao-no-entorno-do-itacolomi\\\/#primaryimage\"},\"thumbnailUrl\":\"https:\\\/\\\/www.diariodeouropreto.com.br\\\/wp-content\\\/uploads\\\/2026\\\/04\\\/WhatsApp-Image-2026-0at-09.51.37.jpeg\",\"datePublished\":\"2026-04-30T13:02:14+00:00\",\"dateModified\":\"2026-04-30T13:02:15+00:00\",\"description\":\"Ato em defesa da zona de amortecimento do parque cobra preserva\u00e7\u00e3o ambiental e alerta para impactos da atividade mineral na regi\u00e3o- Manifesta\u00e7\u00e3o em Lavras Novas re\u00fane moradores e coletivos contra avan\u00e7o da minera\u00e7\u00e3o no entorno do Itacolomi - Ouro Preto\",\"breadcrumb\":{\"@id\":\"https:\\\/\\\/www.diariodeouropreto.com.br\\\/manifestacao-em-lavras-novas-reune-moradores-e-coletivos-contra-avanco-da-mineracao-no-entorno-do-itacolomi\\\/#breadcrumb\"},\"inLanguage\":\"pt-PT\",\"potentialAction\":[{\"@type\":\"ReadAction\",\"target\":[\"https:\\\/\\\/www.diariodeouropreto.com.br\\\/manifestacao-em-lavras-novas-reune-moradores-e-coletivos-contra-avanco-da-mineracao-no-entorno-do-itacolomi\\\/\"]}]},{\"@type\":\"ImageObject\",\"inLanguage\":\"pt-PT\",\"@id\":\"https:\\\/\\\/www.diariodeouropreto.com.br\\\/manifestacao-em-lavras-novas-reune-moradores-e-coletivos-contra-avanco-da-mineracao-no-entorno-do-itacolomi\\\/#primaryimage\",\"url\":\"https:\\\/\\\/www.diariodeouropreto.com.br\\\/wp-content\\\/uploads\\\/2026\\\/04\\\/WhatsApp-Image-2026-0at-09.51.37.jpeg\",\"contentUrl\":\"https:\\\/\\\/www.diariodeouropreto.com.br\\\/wp-content\\\/uploads\\\/2026\\\/04\\\/WhatsApp-Image-2026-0at-09.51.37.jpeg\",\"width\":1280,\"height\":720},{\"@type\":\"BreadcrumbList\",\"@id\":\"https:\\\/\\\/www.diariodeouropreto.com.br\\\/manifestacao-em-lavras-novas-reune-moradores-e-coletivos-contra-avanco-da-mineracao-no-entorno-do-itacolomi\\\/#breadcrumb\",\"itemListElement\":[{\"@type\":\"ListItem\",\"position\":1,\"name\":\"In\u00edcio\",\"item\":\"https:\\\/\\\/www.diariodeouropreto.com.br\\\/pt\\\/\"},{\"@type\":\"ListItem\",\"position\":2,\"name\":\"Manifesta\u00e7\u00e3o em Lavras Novas re\u00fane moradores e coletivos contra avan\u00e7o da minera\u00e7\u00e3o no entorno do Itacolomi\"}]},{\"@type\":\"WebSite\",\"@id\":\"https:\\\/\\\/www.diariodeouropreto.com.br\\\/pt\\\/#website\",\"url\":\"https:\\\/\\\/www.diariodeouropreto.com.br\\\/pt\\\/\",\"name\":\"Di\u00e1rio de Ouro Preto\",\"description\":\"Not\u00edcias Ouro Preto; Mariana;Minas Gerais;Jornal;Jornalismo;Not\u00edcias;\",\"publisher\":{\"@id\":\"https:\\\/\\\/www.diariodeouropreto.com.br\\\/pt\\\/#organization\"},\"alternateName\":\"Jornal di\u00e1rio de Ouro Preto\",\"potentialAction\":[{\"@type\":\"SearchAction\",\"target\":{\"@type\":\"EntryPoint\",\"urlTemplate\":\"https:\\\/\\\/www.diariodeouropreto.com.br\\\/pt\\\/?s={search_term_string}\"},\"query-input\":{\"@type\":\"PropertyValueSpecification\",\"valueRequired\":true,\"valueName\":\"search_term_string\"}}],\"inLanguage\":\"pt-PT\"},{\"@type\":\"Organization\",\"@id\":\"https:\\\/\\\/www.diariodeouropreto.com.br\\\/pt\\\/#organization\",\"name\":\"Di\u00e1rio de Ouro Preto\",\"alternateName\":\"Jornal di\u00e1rio Ouro Preto\",\"url\":\"https:\\\/\\\/www.diariodeouropreto.com.br\\\/pt\\\/\",\"logo\":{\"@type\":\"ImageObject\",\"inLanguage\":\"pt-PT\",\"@id\":\"https:\\\/\\\/www.diariodeouropreto.com.br\\\/pt\\\/#\\\/schema\\\/logo\\\/image\\\/\",\"url\":\"https:\\\/\\\/www.diariodeouropreto.com.br\\\/wp-content\\\/uploads\\\/2019\\\/06\\\/cropped-logotransp-2.png\",\"contentUrl\":\"https:\\\/\\\/www.diariodeouropreto.com.br\\\/wp-content\\\/uploads\\\/2019\\\/06\\\/cropped-logotransp-2.png\",\"width\":1323,\"height\":251,\"caption\":\"Di\u00e1rio de Ouro Preto\"},\"image\":{\"@id\":\"https:\\\/\\\/www.diariodeouropreto.com.br\\\/pt\\\/#\\\/schema\\\/logo\\\/image\\\/\"},\"sameAs\":[\"https:\\\/\\\/www.facebook.com\\\/diariodeouropreto\\\/\"]},{\"@type\":\"Person\",\"@id\":\"https:\\\/\\\/www.diariodeouropreto.com.br\\\/pt\\\/#\\\/schema\\\/person\\\/ef41b20286de4cc33a3185837ba72af6\",\"name\":\"Davi Saporetti\",\"url\":\"https:\\\/\\\/www.diariodeouropreto.com.br\\\/pt\\\/author\\\/davi-saporetti\\\/\"}]}<\/script>\n<!-- \/ Yoast SEO plugin. -->","yoast_head_json":{"title":"Manifesta\u00e7\u00e3o em Lavras Novas re\u00fane moradores e coletivos contra avan\u00e7o da minera\u00e7\u00e3o no entorno do Itacolomi - Di\u00e1rio de Ouro Preto","description":"Ato em defesa da zona de amortecimento do parque cobra preserva\u00e7\u00e3o ambiental e alerta para impactos da atividade mineral na regi\u00e3o- Manifesta\u00e7\u00e3o em Lavras Novas re\u00fane moradores e coletivos contra avan\u00e7o da minera\u00e7\u00e3o no entorno do Itacolomi - Ouro Preto","robots":{"index":"index","follow":"follow","max-snippet":"max-snippet:-1","max-image-preview":"max-image-preview:large","max-video-preview":"max-video-preview:-1"},"canonical":"https:\/\/www.diariodeouropreto.com.br\/pt\/manifestacao-em-lavras-novas-reune-moradores-e-coletivos-contra-avanco-da-mineracao-no-entorno-do-itacolomi\/","og_locale":"pt_PT","og_type":"article","og_title":"Manifesta\u00e7\u00e3o em Lavras Novas re\u00fane moradores e coletivos contra avan\u00e7o da minera\u00e7\u00e3o no entorno do Itacolomi - Di\u00e1rio de Ouro Preto","og_description":"Ato em defesa da zona de amortecimento do parque cobra preserva\u00e7\u00e3o ambiental e alerta para impactos da atividade mineral na regi\u00e3o- Manifesta\u00e7\u00e3o em Lavras Novas re\u00fane moradores e coletivos contra avan\u00e7o da minera\u00e7\u00e3o no entorno do Itacolomi - Ouro Preto","og_url":"https:\/\/www.diariodeouropreto.com.br\/pt\/manifestacao-em-lavras-novas-reune-moradores-e-coletivos-contra-avanco-da-mineracao-no-entorno-do-itacolomi\/","og_site_name":"Di\u00e1rio de Ouro Preto","article_publisher":"https:\/\/www.facebook.com\/diariodeouropreto\/","article_published_time":"2026-04-30T13:02:14+00:00","article_modified_time":"2026-04-30T13:02:15+00:00","og_image":[{"width":1280,"height":720,"url":"https:\/\/www.diariodeouropreto.com.br\/wp-content\/uploads\/2026\/04\/WhatsApp-Image-2026-0at-09.51.37.jpeg","type":"image\/jpeg"}],"author":"Davi Saporetti","twitter_card":"summary_large_image","twitter_misc":{"Escrito por":"Davi Saporetti","Tempo estimado de leitura":"2 minutos"},"schema":{"@context":"https:\/\/schema.org","@graph":[{"@type":"Article","@id":"https:\/\/www.diariodeouropreto.com.br\/manifestacao-em-lavras-novas-reune-moradores-e-coletivos-contra-avanco-da-mineracao-no-entorno-do-itacolomi\/#article","isPartOf":{"@id":"https:\/\/www.diariodeouropreto.com.br\/manifestacao-em-lavras-novas-reune-moradores-e-coletivos-contra-avanco-da-mineracao-no-entorno-do-itacolomi\/"},"author":{"name":"Davi Saporetti","@id":"https:\/\/www.diariodeouropreto.com.br\/pt\/#\/schema\/person\/ef41b20286de4cc33a3185837ba72af6"},"headline":"Manifesta\u00e7\u00e3o em Lavras Novas re\u00fane moradores e coletivos contra avan\u00e7o da minera\u00e7\u00e3o no entorno do Itacolomi","datePublished":"2026-04-30T13:02:14+00:00","dateModified":"2026-04-30T13:02:15+00:00","mainEntityOfPage":{"@id":"https:\/\/www.diariodeouropreto.com.br\/manifestacao-em-lavras-novas-reune-moradores-e-coletivos-contra-avanco-da-mineracao-no-entorno-do-itacolomi\/"},"wordCount":365,"publisher":{"@id":"https:\/\/www.diariodeouropreto.com.br\/pt\/#organization"},"image":{"@id":"https:\/\/www.diariodeouropreto.com.br\/manifestacao-em-lavras-novas-reune-moradores-e-coletivos-contra-avanco-da-mineracao-no-entorno-do-itacolomi\/#primaryimage"},"thumbnailUrl":"https:\/\/www.diariodeouropreto.com.br\/wp-content\/uploads\/2026\/04\/WhatsApp-Image-2026-0at-09.51.37.jpeg","articleSection":["Ouro Preto"],"inLanguage":"pt-PT"},{"@type":"WebPage","@id":"https:\/\/www.diariodeouropreto.com.br\/manifestacao-em-lavras-novas-reune-moradores-e-coletivos-contra-avanco-da-mineracao-no-entorno-do-itacolomi\/","url":"https:\/\/www.diariodeouropreto.com.br\/manifestacao-em-lavras-novas-reune-moradores-e-coletivos-contra-avanco-da-mineracao-no-entorno-do-itacolomi\/","name":"Manifesta\u00e7\u00e3o em Lavras Novas re\u00fane moradores e coletivos contra avan\u00e7o da minera\u00e7\u00e3o no entorno do Itacolomi - Di\u00e1rio de Ouro Preto","isPartOf":{"@id":"https:\/\/www.diariodeouropreto.com.br\/pt\/#website"},"primaryImageOfPage":{"@id":"https:\/\/www.diariodeouropreto.com.br\/manifestacao-em-lavras-novas-reune-moradores-e-coletivos-contra-avanco-da-mineracao-no-entorno-do-itacolomi\/#primaryimage"},"image":{"@id":"https:\/\/www.diariodeouropreto.com.br\/manifestacao-em-lavras-novas-reune-moradores-e-coletivos-contra-avanco-da-mineracao-no-entorno-do-itacolomi\/#primaryimage"},"thumbnailUrl":"https:\/\/www.diariodeouropreto.com.br\/wp-content\/uploads\/2026\/04\/WhatsApp-Image-2026-0at-09.51.37.jpeg","datePublished":"2026-04-30T13:02:14+00:00","dateModified":"2026-04-30T13:02:15+00:00","description":"Ato em defesa da zona de amortecimento do parque cobra preserva\u00e7\u00e3o ambiental e alerta para impactos da atividade mineral na regi\u00e3o- Manifesta\u00e7\u00e3o em Lavras Novas re\u00fane moradores e coletivos contra avan\u00e7o da minera\u00e7\u00e3o no entorno do Itacolomi - Ouro Preto","breadcrumb":{"@id":"https:\/\/www.diariodeouropreto.com.br\/manifestacao-em-lavras-novas-reune-moradores-e-coletivos-contra-avanco-da-mineracao-no-entorno-do-itacolomi\/#breadcrumb"},"inLanguage":"pt-PT","potentialAction":[{"@type":"ReadAction","target":["https:\/\/www.diariodeouropreto.com.br\/manifestacao-em-lavras-novas-reune-moradores-e-coletivos-contra-avanco-da-mineracao-no-entorno-do-itacolomi\/"]}]},{"@type":"ImageObject","inLanguage":"pt-PT","@id":"https:\/\/www.diariodeouropreto.com.br\/manifestacao-em-lavras-novas-reune-moradores-e-coletivos-contra-avanco-da-mineracao-no-entorno-do-itacolomi\/#primaryimage","url":"https:\/\/www.diariodeouropreto.com.br\/wp-content\/uploads\/2026\/04\/WhatsApp-Image-2026-0at-09.51.37.jpeg","contentUrl":"https:\/\/www.diariodeouropreto.com.br\/wp-content\/uploads\/2026\/04\/WhatsApp-Image-2026-0at-09.51.37.jpeg","width":1280,"height":720},{"@type":"BreadcrumbList","@id":"https:\/\/www.diariodeouropreto.com.br\/manifestacao-em-lavras-novas-reune-moradores-e-coletivos-contra-avanco-da-mineracao-no-entorno-do-itacolomi\/#breadcrumb","itemListElement":[{"@type":"ListItem","position":1,"name":"In\u00edcio","item":"https:\/\/www.diariodeouropreto.com.br\/pt\/"},{"@type":"ListItem","position":2,"name":"Manifesta\u00e7\u00e3o em Lavras Novas re\u00fane moradores e coletivos contra avan\u00e7o da minera\u00e7\u00e3o no entorno do Itacolomi"}]},{"@type":"WebSite","@id":"https:\/\/www.diariodeouropreto.com.br\/pt\/#website","url":"https:\/\/www.diariodeouropreto.com.br\/pt\/","name":"Di\u00e1rio de Ouro Preto","description":"Not\u00edcias Ouro Preto; Mariana;Minas Gerais;Jornal;Jornalismo;Not\u00edcias;","publisher":{"@id":"https:\/\/www.diariodeouropreto.com.br\/pt\/#organization"},"alternateName":"Jornal di\u00e1rio de Ouro Preto","potentialAction":[{"@type":"SearchAction","target":{"@type":"EntryPoint","urlTemplate":"https:\/\/www.diariodeouropreto.com.br\/pt\/?s={search_term_string}"},"query-input":{"@type":"PropertyValueSpecification","valueRequired":true,"valueName":"search_term_string"}}],"inLanguage":"pt-PT"},{"@type":"Organization","@id":"https:\/\/www.diariodeouropreto.com.br\/pt\/#organization","name":"Di\u00e1rio de Ouro Preto","alternateName":"Jornal di\u00e1rio Ouro Preto","url":"https:\/\/www.diariodeouropreto.com.br\/pt\/","logo":{"@type":"ImageObject","inLanguage":"pt-PT","@id":"https:\/\/www.diariodeouropreto.com.br\/pt\/#\/schema\/logo\/image\/","url":"https:\/\/www.diariodeouropreto.com.br\/wp-content\/uploads\/2019\/06\/cropped-logotransp-2.png","contentUrl":"https:\/\/www.diariodeouropreto.com.br\/wp-content\/uploads\/2019\/06\/cropped-logotransp-2.png","width":1323,"height":251,"caption":"Di\u00e1rio de Ouro Preto"},"image":{"@id":"https:\/\/www.diariodeouropreto.com.br\/pt\/#\/schema\/logo\/image\/"},"sameAs":["https:\/\/www.facebook.com\/diariodeouropreto\/"]},{"@type":"Person","@id":"https:\/\/www.diariodeouropreto.com.br\/pt\/#\/schema\/person\/ef41b20286de4cc33a3185837ba72af6","name":"Davi Saporetti","url":"https:\/\/www.diariodeouropreto.com.br\/pt\/author\/davi-saporetti\/"}]}},"jetpack_publicize_connections":[],"jetpack_featured_media_url":"https:\/\/www.diariodeouropreto.com.br\/wp-content\/uploads\/2026\/04\/WhatsApp-Image-2026-0at-09.51.37.jpeg","jetpack-related-posts":[{"id":11630,"url":"https:\/\/www.diariodeouropreto.com.br\/pt\/saneouro-investe-r-900-mil-na-eta-itacolomi\/","url_meta":{"origin":52032,"position":0},"title":"Saneouro investe R$ 900 mil na ETA Itacolomi","author":"Di\u00e1rio de Ouro Preto","date":"6 de Dezembro de 2021","format":false,"excerpt":"Ouro Preto - A Saneouro divulgou, no dia 1\u00ba\/12, os investimentos realizados na infraestrutura da nova Esta\u00e7\u00e3o de Tratamento de \u00c1gua (ETA) Itacolomi para oferecer mais seguran\u00e7a no abastecimento de \u00e1gua de 50% da popula\u00e7\u00e3o da sede de Ouro Preto. As obras realizadas pela Saneouro j\u00e1 totalizam mais de R$900\u2026","rel":"","context":"In &quot;Ouro Preto&quot;","block_context":{"text":"Ouro Preto","link":"https:\/\/www.diariodeouropreto.com.br\/pt\/Editoria\/ouro-preto\/"},"img":{"alt_text":"","src":"https:\/\/i0.wp.com\/www.diariodeouropreto.com.br\/wp-content\/uploads\/2021\/12\/Nova-ETA-Itacolomi-Divulgacao-Saneouro-5-1.jpg?resize=350%2C200&ssl=1","width":350,"height":200,"srcset":"https:\/\/i0.wp.com\/www.diariodeouropreto.com.br\/wp-content\/uploads\/2021\/12\/Nova-ETA-Itacolomi-Divulgacao-Saneouro-5-1.jpg?resize=350%2C200&ssl=1 1x, https:\/\/i0.wp.com\/www.diariodeouropreto.com.br\/wp-content\/uploads\/2021\/12\/Nova-ETA-Itacolomi-Divulgacao-Saneouro-5-1.jpg?resize=525%2C300&ssl=1 1.5x, https:\/\/i0.wp.com\/www.diariodeouropreto.com.br\/wp-content\/uploads\/2021\/12\/Nova-ETA-Itacolomi-Divulgacao-Saneouro-5-1.jpg?resize=700%2C400&ssl=1 2x, https:\/\/i0.wp.com\/www.diariodeouropreto.com.br\/wp-content\/uploads\/2021\/12\/Nova-ETA-Itacolomi-Divulgacao-Saneouro-5-1.jpg?resize=1050%2C600&ssl=1 3x"},"classes":[]},{"id":13439,"url":"https:\/\/www.diariodeouropreto.com.br\/pt\/ief-promove-audiencia-e-consultas-publicas-para-definir-o-uso-comercial-do-parque-do-itacolomi\/","url_meta":{"origin":52032,"position":1},"title":"IEF promove Audi\u00eancia e Consultas P\u00fablicas para definir o uso comercial do Parque do Itacolomi","author":"Di\u00e1rio de Ouro Preto","date":"8 de Fevereiro de 2022","format":false,"excerpt":"O Instituto Estadual de Florestas (IEF) realiza amanh\u00e3, 9 de fevereiro, quarta-feira, uma audi\u00eancia p\u00fablica sobre o processo de concess\u00e3o do Parque Estadual do Itacolomi, que integra o Programa de Concess\u00e3o de Parques Estaduais do Governo de Minas e o Programa de Concess\u00e3o de Unidades de Conserva\u00e7\u00e3o, do Banco Nacional\u2026","rel":"","context":"In &quot;Caderno Verde&quot;","block_context":{"text":"Caderno Verde","link":"https:\/\/www.diariodeouropreto.com.br\/pt\/Editoria\/caderno-verde\/"},"img":{"alt_text":"","src":"https:\/\/i0.wp.com\/www.diariodeouropreto.com.br\/wp-content\/uploads\/2022\/02\/WhatsApp-Image-2022-02-08-at-10.24.58.jpeg?resize=350%2C200&ssl=1","width":350,"height":200,"srcset":"https:\/\/i0.wp.com\/www.diariodeouropreto.com.br\/wp-content\/uploads\/2022\/02\/WhatsApp-Image-2022-02-08-at-10.24.58.jpeg?resize=350%2C200&ssl=1 1x, https:\/\/i0.wp.com\/www.diariodeouropreto.com.br\/wp-content\/uploads\/2022\/02\/WhatsApp-Image-2022-02-08-at-10.24.58.jpeg?resize=525%2C300&ssl=1 1.5x, https:\/\/i0.wp.com\/www.diariodeouropreto.com.br\/wp-content\/uploads\/2022\/02\/WhatsApp-Image-2022-02-08-at-10.24.58.jpeg?resize=700%2C400&ssl=1 2x, https:\/\/i0.wp.com\/www.diariodeouropreto.com.br\/wp-content\/uploads\/2022\/02\/WhatsApp-Image-2022-02-08-at-10.24.58.jpeg?resize=1050%2C600&ssl=1 3x"},"classes":[]},{"id":5145,"url":"https:\/\/www.diariodeouropreto.com.br\/pt\/combate-ao-incendio-no-itacolomi-mobilizou-avioes-e-helicopteros-neste-domingo-4-10\/","url_meta":{"origin":52032,"position":2},"title":"Combate ao inc\u00eandio no Itacolomi mobilizou avi\u00f5es e helic\u00f3pteros neste domingo 4\/10","author":"Di\u00e1rio de Ouro Preto","date":"4 de Outubro de 2020","format":false,"excerpt":"Ouro Preto - Mais um dia marcado pelo sobrevoos para debelar o inc\u00eandio que consome a vegeta\u00e7\u00e3o do Parque Estadual do Itacolomi. Neste domingo, quatro aeronaves e dois helic\u00f3pteros se revezavam para debelar as chamas que se propagam desde sexta-feira. A opera\u00e7\u00e3o foi coordenada pelo Major BM Cosendey e pela\u2026","rel":"","context":"In &quot;Ouro Preto&quot;","block_context":{"text":"Ouro Preto","link":"https:\/\/www.diariodeouropreto.com.br\/pt\/Editoria\/ouro-preto\/"},"img":{"alt_text":"","src":"https:\/\/i0.wp.com\/www.diariodeouropreto.com.br\/wp-content\/uploads\/2020\/10\/P1490016.jpg?resize=350%2C200&ssl=1","width":350,"height":200,"srcset":"https:\/\/i0.wp.com\/www.diariodeouropreto.com.br\/wp-content\/uploads\/2020\/10\/P1490016.jpg?resize=350%2C200&ssl=1 1x, https:\/\/i0.wp.com\/www.diariodeouropreto.com.br\/wp-content\/uploads\/2020\/10\/P1490016.jpg?resize=525%2C300&ssl=1 1.5x"},"classes":[]},{"id":35808,"url":"https:\/\/www.diariodeouropreto.com.br\/pt\/edital-de-convocacao-de-convencao-conjunta-da-federacao-brasil-da-esperanca-e-pdt-avante-pp-solidariedade-psd-e-agir-do-municipio-de-ouro-preto\/","url_meta":{"origin":52032,"position":3},"title":"Edital de convoca\u00e7\u00e3o de conven\u00e7\u00e3o conjunta da Federa\u00e7\u00e3o Brasil da Esperan\u00e7a e Partidos: PDT, Avante, PP, Solidariedade, PSD e Agir do Munic\u00edpio de Ouro Preto","author":"Di\u00e1rio de Ouro Preto","date":"16 de Julho de 2024","format":false,"excerpt":"Ouro Preto - A Federa\u00e7\u00e3o Brasil da Esperan\u00e7a do Munic\u00edpio de Ouro Preto, composta pelos Partido dos Trabalhadores(PT), Partido Verde (PV) e PCdo B, informam que realizar\u00e3o conven\u00e7\u00e3o Conjunta no pr\u00f3ximo domingo, 21\/07, a partir das 14h, na rua Itacolomi, n\u00ba1, no Clube Alumina, bairro Saramenha, de acordo com presidente\u2026","rel":"","context":"In &quot;Pol\u00edtica&quot;","block_context":{"text":"Pol\u00edtica","link":"https:\/\/www.diariodeouropreto.com.br\/pt\/Editoria\/politica\/"},"img":{"alt_text":"","src":"https:\/\/i0.wp.com\/www.diariodeouropreto.com.br\/wp-content\/uploads\/2024\/07\/Logo_of_the_Brazil_of_Hope_Federation.png?resize=350%2C200&ssl=1","width":350,"height":200},"classes":[]},{"id":18186,"url":"https:\/\/www.diariodeouropreto.com.br\/pt\/bombeiros-realizam-resgate-de-trilheiro-no-parque-do-itacolomi\/","url_meta":{"origin":52032,"position":4},"title":"Bombeiros realizam resgate de trilheiro no Parque do Itacolomi","author":"Di\u00e1rio de Ouro Preto","date":"30 de Agosto de 2022","format":false,"excerpt":"Victor Stutz, para o Di\u00e1rio de Ouro Preto O Corpo de Bombeiros de Minas Gerais foi acionado neste domingo, 28\/08, para socorrer um homem que estava realizando caminhada na regi\u00e3o do Parque da Itacolomi. Ele havia se acidentado em local de dif\u00edcil acesso e, para regat\u00e1-lo, os bombeiros precisaram fazer\u2026","rel":"","context":"In &quot;Ouro Preto&quot;","block_context":{"text":"Ouro Preto","link":"https:\/\/www.diariodeouropreto.com.br\/pt\/Editoria\/ouro-preto\/"},"img":{"alt_text":"","src":"https:\/\/i0.wp.com\/www.diariodeouropreto.com.br\/wp-content\/uploads\/2022\/08\/WhatsApp-Image-2022-08-30-at-11.45.09.jpeg?resize=350%2C200&ssl=1","width":350,"height":200,"srcset":"https:\/\/i0.wp.com\/www.diariodeouropreto.com.br\/wp-content\/uploads\/2022\/08\/WhatsApp-Image-2022-08-30-at-11.45.09.jpeg?resize=350%2C200&ssl=1 1x, https:\/\/i0.wp.com\/www.diariodeouropreto.com.br\/wp-content\/uploads\/2022\/08\/WhatsApp-Image-2022-08-30-at-11.45.09.jpeg?resize=525%2C300&ssl=1 1.5x, https:\/\/i0.wp.com\/www.diariodeouropreto.com.br\/wp-content\/uploads\/2022\/08\/WhatsApp-Image-2022-08-30-at-11.45.09.jpeg?resize=700%2C400&ssl=1 2x, https:\/\/i0.wp.com\/www.diariodeouropreto.com.br\/wp-content\/uploads\/2022\/08\/WhatsApp-Image-2022-08-30-at-11.45.09.jpeg?resize=1050%2C600&ssl=1 3x"},"classes":[]},{"id":18347,"url":"https:\/\/www.diariodeouropreto.com.br\/pt\/governo-de-minas-quer-terceirizar-o-parque-do-itacolomi-de-ouro-preto-e-mariana\/","url_meta":{"origin":52032,"position":5},"title":"Governo de Minas quer terceirizar o Parque do Itacolomi de Ouro Preto e Mariana","author":"Di\u00e1rio de Ouro Preto","date":"8 de Setembro de 2022","format":false,"excerpt":"Victor Stutz, para o Di\u00e1rio de Ouro Preto Desde 2019, o Parque do Itacolomi est\u00e1 na mira do Governo do Estado para ter suas \u00e1reas terceirizadas. A unidade de preserva\u00e7\u00e3o integra a lista do PARC, o Programa de Concess\u00e3o de Parques Estaduais do Instituto Estadual de Florestas, criado em com\u2026","rel":"","context":"In &quot;Caderno Verde&quot;","block_context":{"text":"Caderno Verde","link":"https:\/\/www.diariodeouropreto.com.br\/pt\/Editoria\/caderno-verde\/"},"img":{"alt_text":"","src":"https:\/\/i0.wp.com\/www.diariodeouropreto.com.br\/wp-content\/uploads\/2022\/09\/Itacolomi-2019.jpg?resize=350%2C200&ssl=1","width":350,"height":200,"srcset":"https:\/\/i0.wp.com\/www.diariodeouropreto.com.br\/wp-content\/uploads\/2022\/09\/Itacolomi-2019.jpg?resize=350%2C200&ssl=1 1x, https:\/\/i0.wp.com\/www.diariodeouropreto.com.br\/wp-content\/uploads\/2022\/09\/Itacolomi-2019.jpg?resize=525%2C300&ssl=1 1.5x, https:\/\/i0.wp.com\/www.diariodeouropreto.com.br\/wp-content\/uploads\/2022\/09\/Itacolomi-2019.jpg?resize=700%2C400&ssl=1 2x, https:\/\/i0.wp.com\/www.diariodeouropreto.com.br\/wp-content\/uploads\/2022\/09\/Itacolomi-2019.jpg?resize=1050%2C600&ssl=1 3x"},"classes":[]}],"jetpack_sharing_enabled":true,"amp_enabled":true,"_links":{"self":[{"href":"https:\/\/www.diariodeouropreto.com.br\/pt\/wp-json\/wp\/v2\/posts\/52032","targetHints":{"allow":["GET"]}}],"collection":[{"href":"https:\/\/www.diariodeouropreto.com.br\/pt\/wp-json\/wp\/v2\/posts"}],"about":[{"href":"https:\/\/www.diariodeouropreto.com.br\/pt\/wp-json\/wp\/v2\/types\/post"}],"author":[{"embeddable":true,"href":"https:\/\/www.diariodeouropreto.com.br\/pt\/wp-json\/wp\/v2\/users\/6"}],"replies":[{"embeddable":true,"href":"https:\/\/www.diariodeouropreto.com.br\/pt\/wp-json\/wp\/v2\/comments?post=52032"}],"version-history":[{"count":1,"href":"https:\/\/www.diariodeouropreto.com.br\/pt\/wp-json\/wp\/v2\/posts\/52032\/revisions"}],"predecessor-version":[{"id":52035,"href":"https:\/\/www.diariodeouropreto.com.br\/pt\/wp-json\/wp\/v2\/posts\/52032\/revisions\/52035"}],"wp:featuredmedia":[{"embeddable":true,"href":"https:\/\/www.diariodeouropreto.com.br\/pt\/wp-json\/wp\/v2\/media\/52034"}],"wp:attachment":[{"href":"https:\/\/www.diariodeouropreto.com.br\/pt\/wp-json\/wp\/v2\/media?parent=52032"}],"wp:term":[{"taxonomy":"category","embeddable":true,"href":"https:\/\/www.diariodeouropreto.com.br\/pt\/wp-json\/wp\/v2\/categories?post=52032"},{"taxonomy":"post_tag","embeddable":true,"href":"https:\/\/www.diariodeouropreto.com.br\/pt\/wp-json\/wp\/v2\/tags?post=52032"}],"curies":[{"name":"wp","href":"https:\/\/api.w.org\/{rel}","templated":true}]}}