{"id":52026,"date":"2026-04-29T19:03:15","date_gmt":"2026-04-29T22:03:15","guid":{"rendered":"https:\/\/www.diariodeouropreto.com.br\/?p=52026"},"modified":"2026-04-29T19:03:22","modified_gmt":"2026-04-29T22:03:22","slug":"levantamento-aponta-que-apenas-120-municipios-mineiros-garantem-o-pagamento-integral-aos-profissionais-da-educacao","status":"publish","type":"post","link":"https:\/\/www.diariodeouropreto.com.br\/pt\/levantamento-aponta-que-apenas-120-municipios-mineiros-garantem-o-pagamento-integral-aos-profissionais-da-educacao\/","title":{"rendered":"Levantamento aponta que apenas 120 munic\u00edpios mineiros garantem o pagamento integral aos profissionais da educa\u00e7\u00e3o"},"content":{"rendered":"<p>Ouro Preto est\u00e1 entre os munic\u00edpios de Minas Gerais que cumprem integralmente o piso nacional do magist\u00e9rio, conforme levantamento divulgado pelo Tribunal de Contas do estado. Este dado coloca o munic\u00edpio em um grupo restrito: apenas 14,07% das cidades mineiras garantem o pagamento conforme determina a legisla\u00e7\u00e3o. De acordo com o painel, Ouro Preto est\u00e1 na faixa de plena ades\u00e3o, o que significa que 100% dos v\u00ednculos de professores da rede municipal recebem, pelo menos, o valor m\u00ednimo definido por lei.<\/p>\n\n\n\n<p>Em um cen\u00e1rio estadual desafiador, no qual mais de 20 mil professores ainda recebem abaixo do piso, o resultado refor\u00e7a o compromisso da gest\u00e3o municipal com a valoriza\u00e7\u00e3o dos profissionais da educa\u00e7\u00e3o e com a qualidade do ensino ofertado \u00e0 popula\u00e7\u00e3o.<\/p>\n\n\n\n<p>A garantia do piso salarial integra um conjunto de a\u00e7\u00f5es desenvolvidas pela Prefeitura de Ouro Preto voltadas ao fortalecimento da rede municipal de ensino, que incluem investimentos em infraestrutura, forma\u00e7\u00e3o continuada e programas educacionais que ampliam as oportunidades de aprendizagem.<\/p>\n\n\n\n<p>Para a secret\u00e1ria adjunta de Educa\u00e7\u00e3o, Silvia Teixeira, o cumprimento do piso \u00e9 um reconhecimento concreto da import\u00e2ncia dos educadores para o desenvolvimento do munic\u00edpio. \u201cValorizar os profissionais da educa\u00e7\u00e3o \u00e9 uma prioridade da nossa gest\u00e3o. Cumprir o piso nacional \u00e9 mais do que uma obriga\u00e7\u00e3o legal, \u00e9 um compromisso com quem est\u00e1 diariamente nas escolas, garantindo o direito \u00e0 aprendizagem dos nossos estudantes\u201d, destacou.<\/p>\n\n\n\n<p>O Piso Salarial Profissional Nacional do Magist\u00e9rio \u00e9 o valor m\u00ednimo que deve ser pago aos professores da educa\u00e7\u00e3o b\u00e1sica p\u00fablica em todo o pa\u00eds, conforme estabelecido pela Lei Federal n\u00ba 11.738\/2008. O acompanhamento do cumprimento da legisla\u00e7\u00e3o em Minas Gerais \u00e9 realizado por meio de ferramentas como o painel do Tribunal de Contas do Estado (TCE-MG), que monitora a situa\u00e7\u00e3o dos munic\u00edpios e amplia a transpar\u00eancia sobre a valoriza\u00e7\u00e3o dos profissionais da educa\u00e7\u00e3o.<\/p>\n\n\n\n<p>O reconhecimento se soma a outras conquistas recentes do munic\u00edpio na \u00e1rea da educa\u00e7\u00e3o, como a obten\u00e7\u00e3o do Selo Ouro, evidenciando os avan\u00e7os alcan\u00e7ados por meio de pol\u00edticas p\u00fablicas consistentes e do trabalho conjunto de toda a comunidade escolar.<\/p>\n\n\n\n<div id=\"110712\" class=\"advads-saneouro advads-entity-placement\" style=\"margin-left: auto;margin-right: auto;text-align: center;\"><a href=\"https:\/\/www.saneouro.com.br\/\" target=\"_blank\" aria-label=\"DOP_Site\" data-wpel-link=\"external\" rel=\"follow external noopener noreferrer sponsored ugc\"><img src=\"https:\/\/www.diariodeouropreto.com.br\/wp-content\/uploads\/2026\/04\/DOP_Site.jpg\" alt=\"\"  srcset=\"https:\/\/www.diariodeouropreto.com.br\/wp-content\/uploads\/2026\/04\/DOP_Site.jpg 301w, https:\/\/www.diariodeouropreto.com.br\/wp-content\/uploads\/2026\/04\/DOP_Site-180x150.jpg 180w, https:\/\/www.diariodeouropreto.com.br\/wp-content\/uploads\/2026\/04\/DOP_Site-14x12.jpg 14w\" sizes=\"(max-width: 301px) 100vw, 301px\" width=\"301\" height=\"251\"  style=\"display: inline-block;\" \/><\/a><\/div><p>A Prefeitura de Ouro Preto segue investindo em educa\u00e7\u00e3o de qualidade, com foco na valoriza\u00e7\u00e3o dos profissionais, no fortalecimento das escolas e na constru\u00e7\u00e3o de um futuro com mais oportunidades para todos.<\/p>\n\n\n\n<div id=\"50321\" class=\"advads-plantao advads-entity-placement\"><a href=\"https:\/\/www.diariodeouropreto.com.br\/pt\/\" target=\"_blank\" aria-label=\"site &#8211; noticia\" data-wpel-link=\"external\" rel=\"follow external noopener noreferrer sponsored ugc\"><img src=\"https:\/\/www.diariodeouropreto.com.br\/wp-content\/uploads\/2019\/09\/titulosite2-e1616373489755.jpg\" alt=\"\"  srcset=\"https:\/\/www.diariodeouropreto.com.br\/wp-content\/uploads\/2019\/09\/titulosite2-e1616373489755.jpg 1200w, https:\/\/www.diariodeouropreto.com.br\/wp-content\/uploads\/2019\/09\/titulosite2-e1616373489755-150x38.jpg 150w, https:\/\/www.diariodeouropreto.com.br\/wp-content\/uploads\/2019\/09\/titulosite2-e1616373489755-660x167.jpg 660w, https:\/\/www.diariodeouropreto.com.br\/wp-content\/uploads\/2019\/09\/titulosite2-e1616373489755-768x194.jpg 768w, https:\/\/www.diariodeouropreto.com.br\/wp-content\/uploads\/2019\/09\/titulosite2-e1616373489755-1000x252.jpg 1000w, https:\/\/www.diariodeouropreto.com.br\/wp-content\/uploads\/2019\/09\/titulosite2-e1616373489755-1536x388.jpg 1536w, https:\/\/www.diariodeouropreto.com.br\/wp-content\/uploads\/2019\/09\/titulosite2-e1616373489755-2048x517.jpg 2048w\" sizes=\"(max-width: 1200px) 100vw, 1200px\" width=\"1200\" height=\"303\"  style=\"display: inline-block;\" \/><\/a><\/div><p>Por: Clara Costa &#8211; Assessoria Prefeitura de Ouro Preto<\/p>","protected":false},"excerpt":{"rendered":"<p>Ouro Preto est\u00e1 entre os munic\u00edpios de Minas Gerais que cumprem integralmente o piso nacional do magist\u00e9rio, conforme levantamento divulgado pelo Tribunal de Contas do estado. Este dado coloca o munic\u00edpio em um grupo restrito: apenas 14,07% das cidades mineiras garantem o pagamento conforme determina a legisla\u00e7\u00e3o. De acordo com<span class=\"more-link\"><a href=\"https:\/\/www.diariodeouropreto.com.br\/pt\/levantamento-aponta-que-apenas-120-municipios-mineiros-garantem-o-pagamento-integral-aos-profissionais-da-educacao\/\" data-wpel-link=\"internal\">Continue Lendo<\/a><\/span><\/p>","protected":false},"author":1,"featured_media":52028,"comment_status":"closed","ping_status":"closed","sticky":false,"template":"","format":"standard","meta":{"_jetpack_memberships_contains_paid_content":false,"footnotes":"","jetpack_publicize_message":"","jetpack_publicize_feature_enabled":false,"jetpack_social_post_already_shared":false,"jetpack_social_options":{"image_generator_settings":{"template":"highway","default_image_id":0,"font":"","enabled":false},"version":2}},"categories":[1],"tags":[],"class_list":["entry","author-diario","post-52026","post","type-post","status-publish","format-standard","has-post-thumbnail","category-ouro-preto"],"yoast_head":"<!-- This site is optimized with the Yoast SEO plugin v27.5 - https:\/\/yoast.com\/product\/yoast-seo-wordpress\/ -->\n<title>Levantamento aponta que apenas 120 munic\u00edpios mineiros garantem o pagamento integral aos profissionais da educa\u00e7\u00e3o - Di\u00e1rio de Ouro Preto<\/title>\n<meta name=\"description\" content=\"Ouro Preto est\u00e1 entre os munic\u00edpios de Minas Gerais que cumprem integralmente o piso nacional do magist\u00e9rio, conforme levantamento divulgado pelo Tribunal de Contas do estado. Este dado coloca o munic\u00edpio em um grupo restrito: apenas 14,07% das cidades mineiras garantem o pagamento conforme determina a legisla\u00e7\u00e3o- Levantamento aponta que apenas 120 munic\u00edpios mineiros garantem o pagamento integral aos profissionais da educa\u00e7\u00e3o - Ouro Preto\" \/>\n<meta name=\"robots\" content=\"index, follow, max-snippet:-1, max-image-preview:large, max-video-preview:-1\" \/>\n<link rel=\"canonical\" href=\"https:\/\/www.diariodeouropreto.com.br\/pt\/levantamento-aponta-que-apenas-120-municipios-mineiros-garantem-o-pagamento-integral-aos-profissionais-da-educacao\/\" \/>\n<meta property=\"og:locale\" content=\"pt_PT\" \/>\n<meta property=\"og:type\" content=\"article\" \/>\n<meta property=\"og:title\" content=\"Levantamento aponta que apenas 120 munic\u00edpios mineiros garantem o pagamento integral aos profissionais da educa\u00e7\u00e3o - Di\u00e1rio de Ouro Preto\" \/>\n<meta property=\"og:description\" content=\"Ouro Preto est\u00e1 entre os munic\u00edpios de Minas Gerais que cumprem integralmente o piso nacional do magist\u00e9rio, conforme levantamento divulgado pelo Tribunal de Contas do estado. Este dado coloca o munic\u00edpio em um grupo restrito: apenas 14,07% das cidades mineiras garantem o pagamento conforme determina a legisla\u00e7\u00e3o- Levantamento aponta que apenas 120 munic\u00edpios mineiros garantem o pagamento integral aos profissionais da educa\u00e7\u00e3o - Ouro Preto\" \/>\n<meta property=\"og:url\" content=\"https:\/\/www.diariodeouropreto.com.br\/pt\/levantamento-aponta-que-apenas-120-municipios-mineiros-garantem-o-pagamento-integral-aos-profissionais-da-educacao\/\" \/>\n<meta property=\"og:site_name\" content=\"Di\u00e1rio de Ouro Preto\" \/>\n<meta property=\"article:publisher\" content=\"https:\/\/www.facebook.com\/diariodeouropreto\/\" \/>\n<meta property=\"article:published_time\" content=\"2026-04-29T22:03:15+00:00\" \/>\n<meta property=\"article:modified_time\" content=\"2026-04-29T22:03:22+00:00\" \/>\n<meta property=\"og:image\" content=\"https:\/\/www.diariodeouropreto.com.br\/wp-content\/uploads\/2026\/04\/9085b0dc7ffeeeb93bc450c7c4f0146a.jpg\" \/>\n\t<meta property=\"og:image:width\" content=\"640\" \/>\n\t<meta property=\"og:image:height\" content=\"800\" \/>\n\t<meta property=\"og:image:type\" content=\"image\/jpeg\" \/>\n<meta name=\"author\" content=\"Di\u00e1rio de Ouro Preto\" \/>\n<meta name=\"twitter:card\" content=\"summary_large_image\" \/>\n<meta name=\"twitter:label1\" content=\"Escrito por\" \/>\n\t<meta name=\"twitter:data1\" content=\"Di\u00e1rio de Ouro Preto\" \/>\n\t<meta name=\"twitter:label2\" content=\"Tempo estimado de leitura\" \/>\n\t<meta name=\"twitter:data2\" content=\"3 minutos\" \/>\n<script type=\"application\/ld+json\" class=\"yoast-schema-graph\">{\"@context\":\"https:\\\/\\\/schema.org\",\"@graph\":[{\"@type\":\"Article\",\"@id\":\"https:\\\/\\\/www.diariodeouropreto.com.br\\\/levantamento-aponta-que-apenas-120-municipios-mineiros-garantem-o-pagamento-integral-aos-profissionais-da-educacao\\\/#article\",\"isPartOf\":{\"@id\":\"https:\\\/\\\/www.diariodeouropreto.com.br\\\/levantamento-aponta-que-apenas-120-municipios-mineiros-garantem-o-pagamento-integral-aos-profissionais-da-educacao\\\/\"},\"author\":{\"name\":\"Di\u00e1rio de Ouro Preto\",\"@id\":\"https:\\\/\\\/www.diariodeouropreto.com.br\\\/pt\\\/#\\\/schema\\\/person\\\/7654e7b471204a6dab6dc0ce6e140c99\"},\"headline\":\"Levantamento aponta que apenas 120 munic\u00edpios mineiros garantem o pagamento integral aos profissionais da educa\u00e7\u00e3o\",\"datePublished\":\"2026-04-29T22:03:15+00:00\",\"dateModified\":\"2026-04-29T22:03:22+00:00\",\"mainEntityOfPage\":{\"@id\":\"https:\\\/\\\/www.diariodeouropreto.com.br\\\/levantamento-aponta-que-apenas-120-municipios-mineiros-garantem-o-pagamento-integral-aos-profissionais-da-educacao\\\/\"},\"wordCount\":429,\"publisher\":{\"@id\":\"https:\\\/\\\/www.diariodeouropreto.com.br\\\/pt\\\/#organization\"},\"image\":{\"@id\":\"https:\\\/\\\/www.diariodeouropreto.com.br\\\/levantamento-aponta-que-apenas-120-municipios-mineiros-garantem-o-pagamento-integral-aos-profissionais-da-educacao\\\/#primaryimage\"},\"thumbnailUrl\":\"https:\\\/\\\/www.diariodeouropreto.com.br\\\/wp-content\\\/uploads\\\/2026\\\/04\\\/9085b0dc7ffeeeb93bc450c7c4f0146a.jpg\",\"articleSection\":[\"Ouro Preto\"],\"inLanguage\":\"pt-PT\"},{\"@type\":\"WebPage\",\"@id\":\"https:\\\/\\\/www.diariodeouropreto.com.br\\\/levantamento-aponta-que-apenas-120-municipios-mineiros-garantem-o-pagamento-integral-aos-profissionais-da-educacao\\\/\",\"url\":\"https:\\\/\\\/www.diariodeouropreto.com.br\\\/levantamento-aponta-que-apenas-120-municipios-mineiros-garantem-o-pagamento-integral-aos-profissionais-da-educacao\\\/\",\"name\":\"Levantamento aponta que apenas 120 munic\u00edpios mineiros garantem o pagamento integral aos profissionais da educa\u00e7\u00e3o - Di\u00e1rio de Ouro Preto\",\"isPartOf\":{\"@id\":\"https:\\\/\\\/www.diariodeouropreto.com.br\\\/pt\\\/#website\"},\"primaryImageOfPage\":{\"@id\":\"https:\\\/\\\/www.diariodeouropreto.com.br\\\/levantamento-aponta-que-apenas-120-municipios-mineiros-garantem-o-pagamento-integral-aos-profissionais-da-educacao\\\/#primaryimage\"},\"image\":{\"@id\":\"https:\\\/\\\/www.diariodeouropreto.com.br\\\/levantamento-aponta-que-apenas-120-municipios-mineiros-garantem-o-pagamento-integral-aos-profissionais-da-educacao\\\/#primaryimage\"},\"thumbnailUrl\":\"https:\\\/\\\/www.diariodeouropreto.com.br\\\/wp-content\\\/uploads\\\/2026\\\/04\\\/9085b0dc7ffeeeb93bc450c7c4f0146a.jpg\",\"datePublished\":\"2026-04-29T22:03:15+00:00\",\"dateModified\":\"2026-04-29T22:03:22+00:00\",\"description\":\"Ouro Preto est\u00e1 entre os munic\u00edpios de Minas Gerais que cumprem integralmente o piso nacional do magist\u00e9rio, conforme levantamento divulgado pelo Tribunal de Contas do estado. Este dado coloca o munic\u00edpio em um grupo restrito: apenas 14,07% das cidades mineiras garantem o pagamento conforme determina a legisla\u00e7\u00e3o- Levantamento aponta que apenas 120 munic\u00edpios mineiros garantem o pagamento integral aos profissionais da educa\u00e7\u00e3o - Ouro Preto\",\"breadcrumb\":{\"@id\":\"https:\\\/\\\/www.diariodeouropreto.com.br\\\/levantamento-aponta-que-apenas-120-municipios-mineiros-garantem-o-pagamento-integral-aos-profissionais-da-educacao\\\/#breadcrumb\"},\"inLanguage\":\"pt-PT\",\"potentialAction\":[{\"@type\":\"ReadAction\",\"target\":[\"https:\\\/\\\/www.diariodeouropreto.com.br\\\/levantamento-aponta-que-apenas-120-municipios-mineiros-garantem-o-pagamento-integral-aos-profissionais-da-educacao\\\/\"]}]},{\"@type\":\"ImageObject\",\"inLanguage\":\"pt-PT\",\"@id\":\"https:\\\/\\\/www.diariodeouropreto.com.br\\\/levantamento-aponta-que-apenas-120-municipios-mineiros-garantem-o-pagamento-integral-aos-profissionais-da-educacao\\\/#primaryimage\",\"url\":\"https:\\\/\\\/www.diariodeouropreto.com.br\\\/wp-content\\\/uploads\\\/2026\\\/04\\\/9085b0dc7ffeeeb93bc450c7c4f0146a.jpg\",\"contentUrl\":\"https:\\\/\\\/www.diariodeouropreto.com.br\\\/wp-content\\\/uploads\\\/2026\\\/04\\\/9085b0dc7ffeeeb93bc450c7c4f0146a.jpg\",\"width\":640,\"height\":800},{\"@type\":\"BreadcrumbList\",\"@id\":\"https:\\\/\\\/www.diariodeouropreto.com.br\\\/levantamento-aponta-que-apenas-120-municipios-mineiros-garantem-o-pagamento-integral-aos-profissionais-da-educacao\\\/#breadcrumb\",\"itemListElement\":[{\"@type\":\"ListItem\",\"position\":1,\"name\":\"In\u00edcio\",\"item\":\"https:\\\/\\\/www.diariodeouropreto.com.br\\\/pt\\\/\"},{\"@type\":\"ListItem\",\"position\":2,\"name\":\"Levantamento aponta que apenas 120 munic\u00edpios mineiros garantem o pagamento integral aos profissionais da educa\u00e7\u00e3o\"}]},{\"@type\":\"WebSite\",\"@id\":\"https:\\\/\\\/www.diariodeouropreto.com.br\\\/pt\\\/#website\",\"url\":\"https:\\\/\\\/www.diariodeouropreto.com.br\\\/pt\\\/\",\"name\":\"Di\u00e1rio de Ouro Preto\",\"description\":\"Not\u00edcias Ouro Preto; Mariana;Minas Gerais;Jornal;Jornalismo;Not\u00edcias;\",\"publisher\":{\"@id\":\"https:\\\/\\\/www.diariodeouropreto.com.br\\\/pt\\\/#organization\"},\"alternateName\":\"Jornal di\u00e1rio de Ouro Preto\",\"potentialAction\":[{\"@type\":\"SearchAction\",\"target\":{\"@type\":\"EntryPoint\",\"urlTemplate\":\"https:\\\/\\\/www.diariodeouropreto.com.br\\\/pt\\\/?s={search_term_string}\"},\"query-input\":{\"@type\":\"PropertyValueSpecification\",\"valueRequired\":true,\"valueName\":\"search_term_string\"}}],\"inLanguage\":\"pt-PT\"},{\"@type\":\"Organization\",\"@id\":\"https:\\\/\\\/www.diariodeouropreto.com.br\\\/pt\\\/#organization\",\"name\":\"Di\u00e1rio de Ouro Preto\",\"alternateName\":\"Jornal di\u00e1rio Ouro Preto\",\"url\":\"https:\\\/\\\/www.diariodeouropreto.com.br\\\/pt\\\/\",\"logo\":{\"@type\":\"ImageObject\",\"inLanguage\":\"pt-PT\",\"@id\":\"https:\\\/\\\/www.diariodeouropreto.com.br\\\/pt\\\/#\\\/schema\\\/logo\\\/image\\\/\",\"url\":\"https:\\\/\\\/www.diariodeouropreto.com.br\\\/wp-content\\\/uploads\\\/2019\\\/06\\\/cropped-logotransp-2.png\",\"contentUrl\":\"https:\\\/\\\/www.diariodeouropreto.com.br\\\/wp-content\\\/uploads\\\/2019\\\/06\\\/cropped-logotransp-2.png\",\"width\":1323,\"height\":251,\"caption\":\"Di\u00e1rio de Ouro Preto\"},\"image\":{\"@id\":\"https:\\\/\\\/www.diariodeouropreto.com.br\\\/pt\\\/#\\\/schema\\\/logo\\\/image\\\/\"},\"sameAs\":[\"https:\\\/\\\/www.facebook.com\\\/diariodeouropreto\\\/\"]},{\"@type\":\"Person\",\"@id\":\"https:\\\/\\\/www.diariodeouropreto.com.br\\\/pt\\\/#\\\/schema\\\/person\\\/7654e7b471204a6dab6dc0ce6e140c99\",\"name\":\"Di\u00e1rio de Ouro Preto\",\"sameAs\":[\"http:\\\/\\\/www.diariodeouropreto.com.br\"],\"url\":\"https:\\\/\\\/www.diariodeouropreto.com.br\\\/pt\\\/author\\\/diario\\\/\"}]}<\/script>\n<!-- \/ Yoast SEO plugin. -->","yoast_head_json":{"title":"Levantamento aponta que apenas 120 munic\u00edpios mineiros garantem o pagamento integral aos profissionais da educa\u00e7\u00e3o - Di\u00e1rio de Ouro Preto","description":"Ouro Preto est\u00e1 entre os munic\u00edpios de Minas Gerais que cumprem integralmente o piso nacional do magist\u00e9rio, conforme levantamento divulgado pelo Tribunal de Contas do estado. Este dado coloca o munic\u00edpio em um grupo restrito: apenas 14,07% das cidades mineiras garantem o pagamento conforme determina a legisla\u00e7\u00e3o- Levantamento aponta que apenas 120 munic\u00edpios mineiros garantem o pagamento integral aos profissionais da educa\u00e7\u00e3o - Ouro Preto","robots":{"index":"index","follow":"follow","max-snippet":"max-snippet:-1","max-image-preview":"max-image-preview:large","max-video-preview":"max-video-preview:-1"},"canonical":"https:\/\/www.diariodeouropreto.com.br\/pt\/levantamento-aponta-que-apenas-120-municipios-mineiros-garantem-o-pagamento-integral-aos-profissionais-da-educacao\/","og_locale":"pt_PT","og_type":"article","og_title":"Levantamento aponta que apenas 120 munic\u00edpios mineiros garantem o pagamento integral aos profissionais da educa\u00e7\u00e3o - Di\u00e1rio de Ouro Preto","og_description":"Ouro Preto est\u00e1 entre os munic\u00edpios de Minas Gerais que cumprem integralmente o piso nacional do magist\u00e9rio, conforme levantamento divulgado pelo Tribunal de Contas do estado. Este dado coloca o munic\u00edpio em um grupo restrito: apenas 14,07% das cidades mineiras garantem o pagamento conforme determina a legisla\u00e7\u00e3o- Levantamento aponta que apenas 120 munic\u00edpios mineiros garantem o pagamento integral aos profissionais da educa\u00e7\u00e3o - Ouro Preto","og_url":"https:\/\/www.diariodeouropreto.com.br\/pt\/levantamento-aponta-que-apenas-120-municipios-mineiros-garantem-o-pagamento-integral-aos-profissionais-da-educacao\/","og_site_name":"Di\u00e1rio de Ouro Preto","article_publisher":"https:\/\/www.facebook.com\/diariodeouropreto\/","article_published_time":"2026-04-29T22:03:15+00:00","article_modified_time":"2026-04-29T22:03:22+00:00","og_image":[{"width":640,"height":800,"url":"https:\/\/www.diariodeouropreto.com.br\/wp-content\/uploads\/2026\/04\/9085b0dc7ffeeeb93bc450c7c4f0146a.jpg","type":"image\/jpeg"}],"author":"Di\u00e1rio de Ouro Preto","twitter_card":"summary_large_image","twitter_misc":{"Escrito por":"Di\u00e1rio de Ouro Preto","Tempo estimado de leitura":"3 minutos"},"schema":{"@context":"https:\/\/schema.org","@graph":[{"@type":"Article","@id":"https:\/\/www.diariodeouropreto.com.br\/levantamento-aponta-que-apenas-120-municipios-mineiros-garantem-o-pagamento-integral-aos-profissionais-da-educacao\/#article","isPartOf":{"@id":"https:\/\/www.diariodeouropreto.com.br\/levantamento-aponta-que-apenas-120-municipios-mineiros-garantem-o-pagamento-integral-aos-profissionais-da-educacao\/"},"author":{"name":"Di\u00e1rio de Ouro Preto","@id":"https:\/\/www.diariodeouropreto.com.br\/pt\/#\/schema\/person\/7654e7b471204a6dab6dc0ce6e140c99"},"headline":"Levantamento aponta que apenas 120 munic\u00edpios mineiros garantem o pagamento integral aos profissionais da educa\u00e7\u00e3o","datePublished":"2026-04-29T22:03:15+00:00","dateModified":"2026-04-29T22:03:22+00:00","mainEntityOfPage":{"@id":"https:\/\/www.diariodeouropreto.com.br\/levantamento-aponta-que-apenas-120-municipios-mineiros-garantem-o-pagamento-integral-aos-profissionais-da-educacao\/"},"wordCount":429,"publisher":{"@id":"https:\/\/www.diariodeouropreto.com.br\/pt\/#organization"},"image":{"@id":"https:\/\/www.diariodeouropreto.com.br\/levantamento-aponta-que-apenas-120-municipios-mineiros-garantem-o-pagamento-integral-aos-profissionais-da-educacao\/#primaryimage"},"thumbnailUrl":"https:\/\/www.diariodeouropreto.com.br\/wp-content\/uploads\/2026\/04\/9085b0dc7ffeeeb93bc450c7c4f0146a.jpg","articleSection":["Ouro Preto"],"inLanguage":"pt-PT"},{"@type":"WebPage","@id":"https:\/\/www.diariodeouropreto.com.br\/levantamento-aponta-que-apenas-120-municipios-mineiros-garantem-o-pagamento-integral-aos-profissionais-da-educacao\/","url":"https:\/\/www.diariodeouropreto.com.br\/levantamento-aponta-que-apenas-120-municipios-mineiros-garantem-o-pagamento-integral-aos-profissionais-da-educacao\/","name":"Levantamento aponta que apenas 120 munic\u00edpios mineiros garantem o pagamento integral aos profissionais da educa\u00e7\u00e3o - Di\u00e1rio de Ouro Preto","isPartOf":{"@id":"https:\/\/www.diariodeouropreto.com.br\/pt\/#website"},"primaryImageOfPage":{"@id":"https:\/\/www.diariodeouropreto.com.br\/levantamento-aponta-que-apenas-120-municipios-mineiros-garantem-o-pagamento-integral-aos-profissionais-da-educacao\/#primaryimage"},"image":{"@id":"https:\/\/www.diariodeouropreto.com.br\/levantamento-aponta-que-apenas-120-municipios-mineiros-garantem-o-pagamento-integral-aos-profissionais-da-educacao\/#primaryimage"},"thumbnailUrl":"https:\/\/www.diariodeouropreto.com.br\/wp-content\/uploads\/2026\/04\/9085b0dc7ffeeeb93bc450c7c4f0146a.jpg","datePublished":"2026-04-29T22:03:15+00:00","dateModified":"2026-04-29T22:03:22+00:00","description":"Ouro Preto est\u00e1 entre os munic\u00edpios de Minas Gerais que cumprem integralmente o piso nacional do magist\u00e9rio, conforme levantamento divulgado pelo Tribunal de Contas do estado. Este dado coloca o munic\u00edpio em um grupo restrito: apenas 14,07% das cidades mineiras garantem o pagamento conforme determina a legisla\u00e7\u00e3o- Levantamento aponta que apenas 120 munic\u00edpios mineiros garantem o pagamento integral aos profissionais da educa\u00e7\u00e3o - Ouro Preto","breadcrumb":{"@id":"https:\/\/www.diariodeouropreto.com.br\/levantamento-aponta-que-apenas-120-municipios-mineiros-garantem-o-pagamento-integral-aos-profissionais-da-educacao\/#breadcrumb"},"inLanguage":"pt-PT","potentialAction":[{"@type":"ReadAction","target":["https:\/\/www.diariodeouropreto.com.br\/levantamento-aponta-que-apenas-120-municipios-mineiros-garantem-o-pagamento-integral-aos-profissionais-da-educacao\/"]}]},{"@type":"ImageObject","inLanguage":"pt-PT","@id":"https:\/\/www.diariodeouropreto.com.br\/levantamento-aponta-que-apenas-120-municipios-mineiros-garantem-o-pagamento-integral-aos-profissionais-da-educacao\/#primaryimage","url":"https:\/\/www.diariodeouropreto.com.br\/wp-content\/uploads\/2026\/04\/9085b0dc7ffeeeb93bc450c7c4f0146a.jpg","contentUrl":"https:\/\/www.diariodeouropreto.com.br\/wp-content\/uploads\/2026\/04\/9085b0dc7ffeeeb93bc450c7c4f0146a.jpg","width":640,"height":800},{"@type":"BreadcrumbList","@id":"https:\/\/www.diariodeouropreto.com.br\/levantamento-aponta-que-apenas-120-municipios-mineiros-garantem-o-pagamento-integral-aos-profissionais-da-educacao\/#breadcrumb","itemListElement":[{"@type":"ListItem","position":1,"name":"In\u00edcio","item":"https:\/\/www.diariodeouropreto.com.br\/pt\/"},{"@type":"ListItem","position":2,"name":"Levantamento aponta que apenas 120 munic\u00edpios mineiros garantem o pagamento integral aos profissionais da educa\u00e7\u00e3o"}]},{"@type":"WebSite","@id":"https:\/\/www.diariodeouropreto.com.br\/pt\/#website","url":"https:\/\/www.diariodeouropreto.com.br\/pt\/","name":"Di\u00e1rio de Ouro Preto","description":"Not\u00edcias Ouro Preto; Mariana;Minas Gerais;Jornal;Jornalismo;Not\u00edcias;","publisher":{"@id":"https:\/\/www.diariodeouropreto.com.br\/pt\/#organization"},"alternateName":"Jornal di\u00e1rio de Ouro Preto","potentialAction":[{"@type":"SearchAction","target":{"@type":"EntryPoint","urlTemplate":"https:\/\/www.diariodeouropreto.com.br\/pt\/?s={search_term_string}"},"query-input":{"@type":"PropertyValueSpecification","valueRequired":true,"valueName":"search_term_string"}}],"inLanguage":"pt-PT"},{"@type":"Organization","@id":"https:\/\/www.diariodeouropreto.com.br\/pt\/#organization","name":"Di\u00e1rio de Ouro Preto","alternateName":"Jornal di\u00e1rio Ouro Preto","url":"https:\/\/www.diariodeouropreto.com.br\/pt\/","logo":{"@type":"ImageObject","inLanguage":"pt-PT","@id":"https:\/\/www.diariodeouropreto.com.br\/pt\/#\/schema\/logo\/image\/","url":"https:\/\/www.diariodeouropreto.com.br\/wp-content\/uploads\/2019\/06\/cropped-logotransp-2.png","contentUrl":"https:\/\/www.diariodeouropreto.com.br\/wp-content\/uploads\/2019\/06\/cropped-logotransp-2.png","width":1323,"height":251,"caption":"Di\u00e1rio de Ouro Preto"},"image":{"@id":"https:\/\/www.diariodeouropreto.com.br\/pt\/#\/schema\/logo\/image\/"},"sameAs":["https:\/\/www.facebook.com\/diariodeouropreto\/"]},{"@type":"Person","@id":"https:\/\/www.diariodeouropreto.com.br\/pt\/#\/schema\/person\/7654e7b471204a6dab6dc0ce6e140c99","name":"Di\u00e1rio de Ouro Preto","sameAs":["http:\/\/www.diariodeouropreto.com.br"],"url":"https:\/\/www.diariodeouropreto.com.br\/pt\/author\/diario\/"}]}},"jetpack_publicize_connections":[],"jetpack_featured_media_url":"https:\/\/www.diariodeouropreto.com.br\/wp-content\/uploads\/2026\/04\/9085b0dc7ffeeeb93bc450c7c4f0146a.jpg","jetpack-related-posts":[{"id":15332,"url":"https:\/\/www.diariodeouropreto.com.br\/pt\/audiencia-publica-na-camara-municipal-mobiliza-servidores-da-rede-municipal-de-ensino\/","url_meta":{"origin":52026,"position":0},"title":"Audi\u00eancia P\u00fablica na C\u00e2mara Municipal mobiliza servidores da rede municipal de ensino","author":"Di\u00e1rio de Ouro Preto","date":"29 de Abril de 2022","format":false,"excerpt":"No dia 28 de abril, quinta-feira, Dia da Educa\u00e7\u00e3o, a C\u00e2mara dos vereadores de Ouro Preto realizou uma Audi\u00eancia P\u00fablica para debater a valoriza\u00e7\u00e3o dos educadores da rede municipal. No plen\u00e1rio, foram discutidos temas como o plano de carreira, o piso salarial do magist\u00e9rio e a fun\u00e7\u00e3o gratificada de diretores\u2026","rel":"","context":"In &quot;Pol\u00edtica&quot;","block_context":{"text":"Pol\u00edtica","link":"https:\/\/www.diariodeouropreto.com.br\/pt\/Editoria\/politica\/"},"img":{"alt_text":"","src":"https:\/\/i0.wp.com\/www.diariodeouropreto.com.br\/wp-content\/uploads\/2022\/04\/WhatsApp-Image-2022-04-29-at-15.35.32.jpeg?resize=350%2C200&ssl=1","width":350,"height":200,"srcset":"https:\/\/i0.wp.com\/www.diariodeouropreto.com.br\/wp-content\/uploads\/2022\/04\/WhatsApp-Image-2022-04-29-at-15.35.32.jpeg?resize=350%2C200&ssl=1 1x, https:\/\/i0.wp.com\/www.diariodeouropreto.com.br\/wp-content\/uploads\/2022\/04\/WhatsApp-Image-2022-04-29-at-15.35.32.jpeg?resize=525%2C300&ssl=1 1.5x, https:\/\/i0.wp.com\/www.diariodeouropreto.com.br\/wp-content\/uploads\/2022\/04\/WhatsApp-Image-2022-04-29-at-15.35.32.jpeg?resize=700%2C400&ssl=1 2x"},"classes":[]},{"id":21435,"url":"https:\/\/www.diariodeouropreto.com.br\/pt\/projetos-de-lei-da-escola-integral-e-reajuste-dos-professores-sao-encaminhados-a-camara-de-ouro-preto\/","url_meta":{"origin":52026,"position":1},"title":"Projetos de lei da Escola Integral e Reajuste dos Professores s\u00e3o encaminhados \u00e0 C\u00e2mara de Ouro Preto","author":"Di\u00e1rio de Ouro Preto","date":"3 de Mar\u00e7o de 2023","format":false,"excerpt":"Ouro Preto - O prefeito Angelo Oswaldo encaminhou para o Legislativo dois projetos de Lei que visam o desenvolvimento da Educa\u00e7\u00e3o, atendendo ao Plano Municipal de Educa\u00e7\u00e3o e aos professores, que ter\u00e3o o piso do Magist\u00e9rio cumprido. O primeiro deles \u00e9 o Programa de Educa\u00e7\u00e3o Integral e Integrada, uma meta\u2026","rel":"","context":"In &quot;Ouro Preto&quot;","block_context":{"text":"Ouro Preto","link":"https:\/\/www.diariodeouropreto.com.br\/pt\/Editoria\/ouro-preto\/"},"img":{"alt_text":"","src":"https:\/\/i0.wp.com\/www.diariodeouropreto.com.br\/wp-content\/uploads\/2021\/04\/capa-noticia-geral-e1617738740372.png?resize=350%2C200&ssl=1","width":350,"height":200,"srcset":"https:\/\/i0.wp.com\/www.diariodeouropreto.com.br\/wp-content\/uploads\/2021\/04\/capa-noticia-geral-e1617738740372.png?resize=350%2C200&ssl=1 1x, https:\/\/i0.wp.com\/www.diariodeouropreto.com.br\/wp-content\/uploads\/2021\/04\/capa-noticia-geral-e1617738740372.png?resize=525%2C300&ssl=1 1.5x"},"classes":[]},{"id":14586,"url":"https:\/\/www.diariodeouropreto.com.br\/pt\/reuniao-de-conselho-do-fundeb-ouro-preto-discute-piso-salarial-transporte-escolar-e-outros-problemas\/","url_meta":{"origin":52026,"position":2},"title":"Reuni\u00e3o de Conselho do FUNDEB Ouro Preto discute Piso Salarial, transporte escolar e outros problemas","author":"Di\u00e1rio de Ouro Preto","date":"29 de Mar\u00e7o de 2022","format":false,"excerpt":"O Conselho de Controle e Acompanhamento do FUNDEB, Fundo de Manuten\u00e7\u00e3o e Desenvolvimento da Educa\u00e7\u00e3o B\u00e1sica, realizou nesta quarta-feira, 29 de mar\u00e7o, a 11\u00aa Reuni\u00e3o Ordin\u00e1ria. Com participa\u00e7\u00e3o de conselheiras, conselheiros, profissionais da educa\u00e7\u00e3o e representantes da comunidade, a reuni\u00e3o foi realizada online nas redes sociais da FAMOP, a Federa\u00e7\u00e3o\u2026","rel":"","context":"In &quot;Ouro Preto&quot;","block_context":{"text":"Ouro Preto","link":"https:\/\/www.diariodeouropreto.com.br\/pt\/Editoria\/ouro-preto\/"},"img":{"alt_text":"","src":"https:\/\/i0.wp.com\/www.diariodeouropreto.com.br\/wp-content\/uploads\/2021\/04\/capa-noticia-geral-e1617738740372.png?resize=350%2C200&ssl=1","width":350,"height":200,"srcset":"https:\/\/i0.wp.com\/www.diariodeouropreto.com.br\/wp-content\/uploads\/2021\/04\/capa-noticia-geral-e1617738740372.png?resize=350%2C200&ssl=1 1x, https:\/\/i0.wp.com\/www.diariodeouropreto.com.br\/wp-content\/uploads\/2021\/04\/capa-noticia-geral-e1617738740372.png?resize=525%2C300&ssl=1 1.5x"},"classes":[]},{"id":52021,"url":"https:\/\/www.diariodeouropreto.com.br\/pt\/punicao-para-nao-pagamento-do-piso-dos-professores-e-cobrada-em-audiencia-na-assembleia-de-minas\/","url_meta":{"origin":52026,"position":3},"title":"Puni\u00e7\u00e3o para n\u00e3o pagamento do piso dos professores \u00e9 cobrada em audi\u00eancia na Assembleia de Minas","author":"Di\u00e1rio de Ouro Preto","date":"29 de Abril de 2026","format":false,"excerpt":"Participantes de debate na Comiss\u00e3o de Educa\u00e7\u00e3o refor\u00e7am apoio a projeto que tramita na C\u00e2mara dos Deputados que considera n\u00e3o pagamento como improbidade administrativa A aprova\u00e7\u00e3o do Projeto de Lei (PL) Federal 5.209\/25, de autoria do deputado federal Rog\u00e9rio Correia (PT-MG), foi defendida na tarde desta segunda-feira (27\/04) pelos participantes\u2026","rel":"","context":"In &quot;Pol\u00edtica&quot;","block_context":{"text":"Pol\u00edtica","link":"https:\/\/www.diariodeouropreto.com.br\/pt\/Editoria\/politica\/"},"img":{"alt_text":"","src":"https:\/\/i0.wp.com\/www.diariodeouropreto.com.br\/wp-content\/uploads\/2026\/04\/2554808.jpg?resize=350%2C200&ssl=1","width":350,"height":200,"srcset":"https:\/\/i0.wp.com\/www.diariodeouropreto.com.br\/wp-content\/uploads\/2026\/04\/2554808.jpg?resize=350%2C200&ssl=1 1x, https:\/\/i0.wp.com\/www.diariodeouropreto.com.br\/wp-content\/uploads\/2026\/04\/2554808.jpg?resize=525%2C300&ssl=1 1.5x, https:\/\/i0.wp.com\/www.diariodeouropreto.com.br\/wp-content\/uploads\/2026\/04\/2554808.jpg?resize=700%2C400&ssl=1 2x, https:\/\/i0.wp.com\/www.diariodeouropreto.com.br\/wp-content\/uploads\/2026\/04\/2554808.jpg?resize=1050%2C600&ssl=1 3x"},"classes":[]},{"id":43691,"url":"https:\/\/www.diariodeouropreto.com.br\/pt\/servidores-da-educacao-cobram-pagamento-integral-do-piso\/","url_meta":{"origin":52026,"position":4},"title":"Servidores da educa\u00e7\u00e3o cobram pagamento integral do piso","author":"Di\u00e1rio de Ouro Preto","date":"8 de Abril de 2025","format":false,"excerpt":"Al\u00e9m de reajuste salarial, outras demandas da categoria s\u00e3o a realiza\u00e7\u00e3o de novos concursos e o fim da contribui\u00e7\u00e3o previdenci\u00e1ria de aposentados Nesta ter\u00e7a-feira (08\/04),\u00a0dia de paralisa\u00e7\u00e3o das atividades nas escolas estaduais e nas Superintend\u00eancias Regionais de Ensino, a Comiss\u00e3o de Educa\u00e7\u00e3o, Ci\u00eancia e Tecnologia promoveu o lan\u00e7amento da\u00a0campanha salarial\u2026","rel":"","context":"In &quot;Minas Gerais&quot;","block_context":{"text":"Minas Gerais","link":"https:\/\/www.diariodeouropreto.com.br\/pt\/Editoria\/minas-gerais\/"},"img":{"alt_text":"","src":"https:\/\/i0.wp.com\/www.diariodeouropreto.com.br\/wp-content\/uploads\/2025\/04\/Servidores-da-educacao-cobram-pagamento-integral-do-piso.jpg?resize=350%2C200&ssl=1","width":350,"height":200,"srcset":"https:\/\/i0.wp.com\/www.diariodeouropreto.com.br\/wp-content\/uploads\/2025\/04\/Servidores-da-educacao-cobram-pagamento-integral-do-piso.jpg?resize=350%2C200&ssl=1 1x, https:\/\/i0.wp.com\/www.diariodeouropreto.com.br\/wp-content\/uploads\/2025\/04\/Servidores-da-educacao-cobram-pagamento-integral-do-piso.jpg?resize=525%2C300&ssl=1 1.5x, https:\/\/i0.wp.com\/www.diariodeouropreto.com.br\/wp-content\/uploads\/2025\/04\/Servidores-da-educacao-cobram-pagamento-integral-do-piso.jpg?resize=700%2C400&ssl=1 2x, https:\/\/i0.wp.com\/www.diariodeouropreto.com.br\/wp-content\/uploads\/2025\/04\/Servidores-da-educacao-cobram-pagamento-integral-do-piso.jpg?resize=1050%2C600&ssl=1 3x"},"classes":[]},{"id":15155,"url":"https:\/\/www.diariodeouropreto.com.br\/pt\/nova-manobra-do-governo-zema-contra-os-servidores-da-educacao-saude-e-seguranca\/","url_meta":{"origin":52026,"position":5},"title":"Nova manobra do governo Zema contra os servidores da Educa\u00e7\u00e3o, Sa\u00fade e Seguran\u00e7a","author":"Di\u00e1rio de Ouro Preto","date":"20 de Abril de 2022","format":false,"excerpt":"O governador de Minas Gerais, Romeu Zema (Novo) continua empenhado em fazer de tudo para n\u00e3o precisar pagar reajustes salariais acima do \u00edndice geral de 10,06% concedido ao funcionalismo p\u00fablico de Minas Gerais. Zema vetou os valores adicionais concedidos para servidores da seguran\u00e7a, da educa\u00e7\u00e3o e da sa\u00fade, mas seu\u2026","rel":"","context":"In &quot;Minas Gerais&quot;","block_context":{"text":"Minas Gerais","link":"https:\/\/www.diariodeouropreto.com.br\/pt\/Editoria\/minas-gerais\/"},"img":{"alt_text":"","src":"https:\/\/i0.wp.com\/www.diariodeouropreto.com.br\/wp-content\/uploads\/2020\/02\/PG__Zema_ALMG___6.jpg?resize=350%2C200&ssl=1","width":350,"height":200,"srcset":"https:\/\/i0.wp.com\/www.diariodeouropreto.com.br\/wp-content\/uploads\/2020\/02\/PG__Zema_ALMG___6.jpg?resize=350%2C200&ssl=1 1x, https:\/\/i0.wp.com\/www.diariodeouropreto.com.br\/wp-content\/uploads\/2020\/02\/PG__Zema_ALMG___6.jpg?resize=525%2C300&ssl=1 1.5x, https:\/\/i0.wp.com\/www.diariodeouropreto.com.br\/wp-content\/uploads\/2020\/02\/PG__Zema_ALMG___6.jpg?resize=700%2C400&ssl=1 2x, https:\/\/i0.wp.com\/www.diariodeouropreto.com.br\/wp-content\/uploads\/2020\/02\/PG__Zema_ALMG___6.jpg?resize=1050%2C600&ssl=1 3x"},"classes":[]}],"jetpack_sharing_enabled":true,"amp_enabled":true,"_links":{"self":[{"href":"https:\/\/www.diariodeouropreto.com.br\/pt\/wp-json\/wp\/v2\/posts\/52026","targetHints":{"allow":["GET"]}}],"collection":[{"href":"https:\/\/www.diariodeouropreto.com.br\/pt\/wp-json\/wp\/v2\/posts"}],"about":[{"href":"https:\/\/www.diariodeouropreto.com.br\/pt\/wp-json\/wp\/v2\/types\/post"}],"author":[{"embeddable":true,"href":"https:\/\/www.diariodeouropreto.com.br\/pt\/wp-json\/wp\/v2\/users\/1"}],"replies":[{"embeddable":true,"href":"https:\/\/www.diariodeouropreto.com.br\/pt\/wp-json\/wp\/v2\/comments?post=52026"}],"version-history":[{"count":1,"href":"https:\/\/www.diariodeouropreto.com.br\/pt\/wp-json\/wp\/v2\/posts\/52026\/revisions"}],"predecessor-version":[{"id":52029,"href":"https:\/\/www.diariodeouropreto.com.br\/pt\/wp-json\/wp\/v2\/posts\/52026\/revisions\/52029"}],"wp:featuredmedia":[{"embeddable":true,"href":"https:\/\/www.diariodeouropreto.com.br\/pt\/wp-json\/wp\/v2\/media\/52028"}],"wp:attachment":[{"href":"https:\/\/www.diariodeouropreto.com.br\/pt\/wp-json\/wp\/v2\/media?parent=52026"}],"wp:term":[{"taxonomy":"category","embeddable":true,"href":"https:\/\/www.diariodeouropreto.com.br\/pt\/wp-json\/wp\/v2\/categories?post=52026"},{"taxonomy":"post_tag","embeddable":true,"href":"https:\/\/www.diariodeouropreto.com.br\/pt\/wp-json\/wp\/v2\/tags?post=52026"}],"curies":[{"name":"wp","href":"https:\/\/api.w.org\/{rel}","templated":true}]}}