{"id":52021,"date":"2026-04-29T19:01:11","date_gmt":"2026-04-29T22:01:11","guid":{"rendered":"https:\/\/www.diariodeouropreto.com.br\/?p=52021"},"modified":"2026-04-29T19:01:13","modified_gmt":"2026-04-29T22:01:13","slug":"punicao-para-nao-pagamento-do-piso-dos-professores-e-cobrada-em-audiencia-na-assembleia-de-minas","status":"publish","type":"post","link":"https:\/\/www.diariodeouropreto.com.br\/pt\/punicao-para-nao-pagamento-do-piso-dos-professores-e-cobrada-em-audiencia-na-assembleia-de-minas\/","title":{"rendered":"Puni\u00e7\u00e3o para n\u00e3o pagamento do piso dos professores \u00e9 cobrada em audi\u00eancia na Assembleia de Minas"},"content":{"rendered":"<p><strong>Participantes de debate na Comiss\u00e3o de Educa\u00e7\u00e3o refor\u00e7am apoio a projeto que tramita na C\u00e2mara dos Deputados que considera n\u00e3o pagamento como improbidade administrativa<\/strong><\/p>\n\n\n\n<p>A aprova\u00e7\u00e3o do <a href=\"https:\/\/www.camara.leg.br\/proposicoesWeb\/fichadetramitacao?idProposicao=2572502\" data-wpel-link=\"external\" target=\"_blank\" rel=\"follow external noopener noreferrer sponsored ugc\">Projeto de Lei (PL) Federal 5.209\/25<\/a>, de autoria do deputado federal Rog\u00e9rio Correia (PT-MG), foi defendida na tarde desta segunda-feira (27\/04) pelos participantes da audi\u00eancia p\u00fablica realizada pela Comiss\u00e3o de Educa\u00e7\u00e3o, Ci\u00eancia e Tecnologia da Assembleia Legislativa de Minas Gerais (ALMG). O debate atendeu a requerimento da presidenta da comiss\u00e3o, deputada Beatriz Cerqueira (PT).<\/p>\n\n\n\n<p>A proposi\u00e7\u00e3o em debate altera a <a href=\"https:\/\/www.planalto.gov.br\/ccivil_03\/leis\/l8429.htm\" data-wpel-link=\"external\" target=\"_blank\" rel=\"follow external noopener noreferrer sponsored ugc\">Lei Federal 8.429, de 1992<\/a>, conhecida como Lei de Improbidade Administrativa (LIA), para incluir como infra\u00e7\u00e3o a a\u00e7\u00e3o ou omiss\u00e3o dolosa (quando h\u00e1 vontade) do agente p\u00fablico que deixar de assegurar o pagamento do piso salarial nacional para os profissionais da educa\u00e7\u00e3o b\u00e1sica, conforme previsto na <a href=\"https:\/\/www.planalto.gov.br\/ccivil_03\/_ato2007-2010\/2008\/lei\/l11738.htm\" data-wpel-link=\"external\" target=\"_blank\" rel=\"follow external noopener noreferrer sponsored ugc\">Lei Federal 11.738, de 2008<\/a>, que o instituiu.<\/p>\n\n\n\n<p>\u201cO gestor n\u00e3o paga e fica por isso mesmo? Corremos o risco de ver acontecer um apag\u00e3o na rede p\u00fablica de educa\u00e7\u00e3o se n\u00e3o cuidarmos melhor da carreira do professor. A sociedade precisa zelar mais por essa profiss\u00e3o t\u00e3o necess\u00e1ria e, ainda assim, t\u00e3o desvalorizada\u201d, criticou Beatriz Cerqueira. Ela comandou os debates e fez um hist\u00f3rico da luta pelo piso e das dificuldades na implementa\u00e7\u00e3o de fato.<\/p>\n\n\n\n<p>A parlamentar lembrou a aprova\u00e7\u00e3o, ainda em 2018, da <a href=\"https:\/\/www.almg.gov.br\/atividade-parlamentar\/projetos-de-lei\/projeto\/?tipo=PEC&amp;num=49&amp;ano=2018\" data-wpel-link=\"external\" target=\"_blank\" rel=\"follow external noopener noreferrer sponsored ugc\">Proposta de Emenda \u00e0 Constitui\u00e7\u00e3o (PEC) 49\/18<\/a>, que garantia o pagamento no Estado do piso nacional para uma jornada de 24 horas semanais. A PEC foi depois contestada judicialmente pelo Estado, com base em v\u00edcio de iniciativa.<\/p>\n\n\n\n<p>&#8220;Essa \u00e9 uma luta geracional que come\u00e7ou ainda com a Constitui\u00e7\u00e3o de 1988, quando foi criado o piso. S\u00f3 em 2008 conseguimos sua regulamenta\u00e7\u00e3o por meio de lei. Mesmo assim, os governadores judicializaram a quest\u00e3o e, somente em 2011, com a repercuss\u00e3o de uma greve de professores aqui em Minas Gerais, \u00e9 que o STF nos deu decis\u00e3o favor\u00e1vel. Mas, at\u00e9 hoje, ainda \u00e9 uma luta gigantesca para que se consiga fazer cumprir a Lei do Piso\u201d.&nbsp;<\/p>\n\n\n\n<p>Dep. Beatriz Cerqueira&nbsp;<\/p>\n\n\n\n<h2 class=\"wp-block-heading\">Comiss\u00e3o deve analisar projeto j\u00e1 no in\u00edcio de maio<\/h2>\n\n\n\n<p>Autor do PL Federal 5.209\/25, o ex-deputado estadual Rog\u00e9rio Correia argumenta que o descumprimento da Lei do Piso \u00e9, sim, ato doloso que viola o princ\u00edpio da legalidade e compromete a moralidade administrativa, devendo ser caracterizado expressamente como ato de improbidade administrativa.<\/p>\n\n\n\n<p>Segundo o parlamentar, a expectativa \u00e9 de que, no pr\u00f3ximo dia 12 de maio, a proposi\u00e7\u00e3o receba parecer favor\u00e1vel na Comiss\u00e3o de Administra\u00e7\u00e3o e Servi\u00e7o P\u00fablico da C\u00e2mara Federal. Ele ainda ter\u00e1 que ser analisado pela Comiss\u00e3o de Constitui\u00e7\u00e3o e Justi\u00e7a e de Cidadania, mas \u00e9 de aprecia\u00e7\u00e3o conclusiva pelas comiss\u00f5es.&nbsp;<\/p>\n\n\n\n<p>\u201cNossa esperan\u00e7a \u00e9 transformar essa causa em uma bandeira nacional. O projeto ainda ter\u00e1 que passar pelo Senado, o que deve acontecer durante o per\u00edodo eleitoral, o que pode nos ajudar na mobiliza\u00e7\u00e3o e convencimento dos parlamentares\u201d, argumenta o deputado federal.<\/p>\n\n\n\n<p>O autor do PL federal aponta que, em um cen\u00e1rio de dificuldades, alguns avan\u00e7os t\u00eam sido conseguidos, como a <a href=\"https:\/\/www.planalto.gov.br\/ccivil_03\/_ato2023-2026\/2026\/mpv\/mpv1334.htm\" data-wpel-link=\"external\" target=\"_blank\" rel=\"follow external noopener noreferrer sponsored ugc\">Medida Provis\u00f3ria 1.334\/26<\/a>, editada em janeiro deste ano pelo governo federal, que d\u00e1 mais clareza ao c\u00e1lculo do piso em vigor.<\/p>\n\n\n\n<p>A nova regra de c\u00e1lculo se baseia na infla\u00e7\u00e3o do ano anterior pelo INPC mais 50% da m\u00e9dia dos \u00faltimos cinco anos anteriores da receita real de contribui\u00e7\u00e3o dos entes federados ao Fundo de Manuten\u00e7\u00e3o e Desenvolvimento da Educa\u00e7\u00e3o B\u00e1sica e de Valoriza\u00e7\u00e3o dos Profissionais da Educa\u00e7\u00e3o (Fundeb). Isso, segundo Rog\u00e9rio Correia, d\u00e1 mais tranquilidade aos gestores ao vincular o reajuste do piso ao aumento dos repasses do fundo, mas ainda precisa ser votado no Congresso para virar lei.<\/p>\n\n\n\n<p>A medida beneficiaria os profissionais da educa\u00e7\u00e3o ao dar mais efetividade \u00e0 Lei do Piso, cujo valor atual \u00e9 de R$ 5.130 para uma jornada de at\u00e9 40 horas. Pela nova MP, o aumento foi de 5,4% neste ano, em vez de apenas cerca de R$ 18, ou menos de 1%, como previa a f\u00f3rmula de c\u00e1lculo anterior.<\/p>\n\n\n\n<h2 class=\"wp-block-heading\">Uma nova lei para fazer cumprir a lei<\/h2>\n\n\n\n<p>\u201c\u00c9 um absurdo ter que fazer uma lei para se fazer o bem e depois ter que fazer outra lei para fazer cumprir essa lei. \u00c9 o que estamos vendo com essa quest\u00e3o do piso\u201d. A afirma\u00e7\u00e3o, em tom de incredulidade, \u00e9 do conselheiro substituto do Tribunal de Contas do Estado de Minas Gerais (TCE-MG), Telmo de Moura Passareli.<\/p>\n\n\n\n<p>O Tribunal de Contas, segundo ele, vem buscando desde 2008 formas de dar implementa\u00e7\u00e3o real \u00e0 Lei do Piso. No entanto, enfrenta dificuldades no Estado devido ao excesso de casos a serem tratados, tr\u00e2mites espec\u00edficos a serem seguidos, como recursos, e \u00e0s particularidades em cada n\u00edvel de gest\u00e3o.<\/p>\n\n\n\n<p>Dados levantados pelo Tribunal indicam que os munic\u00edpios do Estado deixaram de pagar o piso a mais de 20 mil professores em 2025. Na outra ponta, segundo ele, o pagamento do piso j\u00e1 consta de metas tanto no plano nacional quanto no estadual de educa\u00e7\u00e3o e deve ser respeitado.<\/p>\n\n\n\n<p>\u201cH\u00e1 muito que n\u00e3o se respeita o piso. Os gestores sempre arranjam um jeito de burl\u00e1-lo pela falta de penalidades. Por isso, o projeto que propus traz uma s\u00e9rie de puni\u00e7\u00f5es, at\u00e9 mesmo inelegibilidade por oito anos. O Congresso tem centenas de projetos sobre o piso, inclusive aqueles que querem acabar com ele, j\u00e1 que hoje mais de 70% dos parlamentares federais s\u00e3o grandes empres\u00e1rios ou latifundi\u00e1rios\u201d. Rog\u00e9rio Correia,deputado federal.<\/p>\n\n\n\n<p>Segundo ele, os ataques ao piso nacional s\u00e3o permanentes, o que levou o governo federal a criar, em 2023, uma mesa de debates para justamente propor altera\u00e7\u00f5es que possam fortalec\u00ea-lo. Desse trabalho resultou a MP editada no in\u00edcio deste ano.<\/p>\n\n\n\n<h2 class=\"wp-block-heading\">Sind-Ute faz sugest\u00f5es para aprimorar o texto<\/h2>\n\n\n\n<p>J\u00e1 a coordenadora-geral do Sindicato \u00danico dos Trabalhadores em Educa\u00e7\u00e3o de Minas Gerais (Sind-Ute), Denise de Paula Romano, apresentou algumas sugest\u00f5es para ampliar o alcance do projeto. O sindicato defende que \u00e9 importante vincular o uso da complementa\u00e7\u00e3o dos recursos enviados pela Uni\u00e3o \u00e0 responsabiliza\u00e7\u00e3o dos gestores.<\/p>\n\n\n\n<p>Para tanto, o sindicato sugere que a aplica\u00e7\u00e3o das verbas pelos gestores seja aferida a partir do recebimento e que a alega\u00e7\u00e3o de insufici\u00eancia de recursos pelos entes para descumprimento da lei venha acompanhada de documenta\u00e7\u00e3o que comprove o cumprimento das vincula\u00e7\u00f5es constitucionais, a correta aplica\u00e7\u00e3o dos recursos do Fundeb e a ado\u00e7\u00e3o de medidas de gest\u00e3o or\u00e7ament\u00e1ria voltadas \u00e0 prioriza\u00e7\u00e3o do pagamento do piso.<\/p>\n\n\n\n<p>Prop\u00f5e ainda que a an\u00e1lise do dolo poder\u00e1 considerar, de forma cumulativa, a exist\u00eancia de disponibilidade financeira incompat\u00edvel com o cumprimento da legisla\u00e7\u00e3o. \u201cA gente v\u00ea descumprimento com justificativas de que aplicou corretamente as verbas constitucionais\u201d, argumentou Denise Romano.<\/p>\n\n\n\n<div id=\"110712\" class=\"advads-saneouro advads-entity-placement\" style=\"margin-left: auto;margin-right: auto;text-align: center;\"><a href=\"https:\/\/www.saneouro.com.br\/\" target=\"_blank\" aria-label=\"DOP_Site\" data-wpel-link=\"external\" rel=\"follow external noopener noreferrer sponsored ugc\"><img src=\"https:\/\/www.diariodeouropreto.com.br\/wp-content\/uploads\/2026\/04\/DOP_Site.jpg\" alt=\"\"  srcset=\"https:\/\/www.diariodeouropreto.com.br\/wp-content\/uploads\/2026\/04\/DOP_Site.jpg 301w, https:\/\/www.diariodeouropreto.com.br\/wp-content\/uploads\/2026\/04\/DOP_Site-180x150.jpg 180w, https:\/\/www.diariodeouropreto.com.br\/wp-content\/uploads\/2026\/04\/DOP_Site-14x12.jpg 14w\" sizes=\"(max-width: 301px) 100vw, 301px\" width=\"301\" height=\"251\"  style=\"display: inline-block;\" \/><\/a><\/div><p>Fonte: Assessoria ALMG<\/p>\n\n\n\n<div id=\"50321\" class=\"advads-plantao advads-entity-placement\"><a href=\"https:\/\/www.diariodeouropreto.com.br\/pt\/\" target=\"_blank\" aria-label=\"site &#8211; noticia\" data-wpel-link=\"external\" rel=\"follow external noopener noreferrer sponsored ugc\"><img src=\"https:\/\/www.diariodeouropreto.com.br\/wp-content\/uploads\/2019\/09\/titulosite2-e1616373489755.jpg\" alt=\"\"  srcset=\"https:\/\/www.diariodeouropreto.com.br\/wp-content\/uploads\/2019\/09\/titulosite2-e1616373489755.jpg 1200w, https:\/\/www.diariodeouropreto.com.br\/wp-content\/uploads\/2019\/09\/titulosite2-e1616373489755-150x38.jpg 150w, https:\/\/www.diariodeouropreto.com.br\/wp-content\/uploads\/2019\/09\/titulosite2-e1616373489755-660x167.jpg 660w, https:\/\/www.diariodeouropreto.com.br\/wp-content\/uploads\/2019\/09\/titulosite2-e1616373489755-768x194.jpg 768w, https:\/\/www.diariodeouropreto.com.br\/wp-content\/uploads\/2019\/09\/titulosite2-e1616373489755-1000x252.jpg 1000w, https:\/\/www.diariodeouropreto.com.br\/wp-content\/uploads\/2019\/09\/titulosite2-e1616373489755-1536x388.jpg 1536w, https:\/\/www.diariodeouropreto.com.br\/wp-content\/uploads\/2019\/09\/titulosite2-e1616373489755-2048x517.jpg 2048w\" sizes=\"(max-width: 1200px) 100vw, 1200px\" width=\"1200\" height=\"303\"  style=\"display: inline-block;\" \/><\/a><\/div><p>Foto: Ramon Bitencourt\/ALMG<\/p>","protected":false},"excerpt":{"rendered":"<p>Participantes de debate na Comiss\u00e3o de Educa\u00e7\u00e3o refor\u00e7am apoio a projeto que tramita na C\u00e2mara dos Deputados que considera n\u00e3o pagamento como improbidade administrativa A aprova\u00e7\u00e3o do Projeto de Lei (PL) Federal 5.209\/25, de autoria do deputado federal Rog\u00e9rio Correia (PT-MG), foi defendida na tarde desta segunda-feira (27\/04) pelos participantes<span class=\"more-link\"><a href=\"https:\/\/www.diariodeouropreto.com.br\/pt\/punicao-para-nao-pagamento-do-piso-dos-professores-e-cobrada-em-audiencia-na-assembleia-de-minas\/\" data-wpel-link=\"internal\">Continue Lendo<\/a><\/span><\/p>","protected":false},"author":1,"featured_media":52022,"comment_status":"closed","ping_status":"closed","sticky":false,"template":"","format":"standard","meta":{"_jetpack_memberships_contains_paid_content":false,"footnotes":"","jetpack_publicize_message":"Participantes de debate na Comiss\u00e3o de Educa\u00e7\u00e3o refor\u00e7am apoio a projeto que tramita na C\u00e2mara dos Deputados que considera n\u00e3o pagamento como improbidade administrativa","jetpack_publicize_feature_enabled":true,"jetpack_social_post_already_shared":false,"jetpack_social_options":{"image_generator_settings":{"template":"highway","default_image_id":0,"font":"","enabled":false},"version":2}},"categories":[46],"tags":[],"class_list":["entry","author-diario","post-52021","post","type-post","status-publish","format-standard","has-post-thumbnail","category-politica"],"yoast_head":"<!-- This site is optimized with the Yoast SEO plugin v27.5 - https:\/\/yoast.com\/product\/yoast-seo-wordpress\/ -->\n<title>Puni\u00e7\u00e3o para n\u00e3o pagamento do piso dos professores \u00e9 cobrada em audi\u00eancia na Assembleia de Minas - Di\u00e1rio de Ouro Preto<\/title>\n<meta name=\"description\" content=\"Participantes de debate na Comiss\u00e3o de Educa\u00e7\u00e3o refor\u00e7am apoio a projeto que tramita na C\u00e2mara dos Deputados que considera n\u00e3o pagamento como improbidade administrativa- Puni\u00e7\u00e3o para n\u00e3o pagamento do piso dos professores \u00e9 cobrada em audi\u00eancia na Assembleia de Minas - Pol\u00edtica\" \/>\n<meta name=\"robots\" content=\"index, follow, max-snippet:-1, max-image-preview:large, max-video-preview:-1\" \/>\n<link rel=\"canonical\" href=\"https:\/\/www.diariodeouropreto.com.br\/pt\/punicao-para-nao-pagamento-do-piso-dos-professores-e-cobrada-em-audiencia-na-assembleia-de-minas\/\" \/>\n<meta property=\"og:locale\" content=\"pt_PT\" \/>\n<meta property=\"og:type\" content=\"article\" \/>\n<meta property=\"og:title\" content=\"Puni\u00e7\u00e3o para n\u00e3o pagamento do piso dos professores \u00e9 cobrada em audi\u00eancia na Assembleia de Minas - Di\u00e1rio de Ouro Preto\" \/>\n<meta property=\"og:description\" content=\"Participantes de debate na Comiss\u00e3o de Educa\u00e7\u00e3o refor\u00e7am apoio a projeto que tramita na C\u00e2mara dos Deputados que considera n\u00e3o pagamento como improbidade administrativa- Puni\u00e7\u00e3o para n\u00e3o pagamento do piso dos professores \u00e9 cobrada em audi\u00eancia na Assembleia de Minas - Pol\u00edtica\" \/>\n<meta property=\"og:url\" content=\"https:\/\/www.diariodeouropreto.com.br\/pt\/punicao-para-nao-pagamento-do-piso-dos-professores-e-cobrada-em-audiencia-na-assembleia-de-minas\/\" \/>\n<meta property=\"og:site_name\" content=\"Di\u00e1rio de Ouro Preto\" \/>\n<meta property=\"article:publisher\" content=\"https:\/\/www.facebook.com\/diariodeouropreto\/\" \/>\n<meta property=\"article:published_time\" content=\"2026-04-29T22:01:11+00:00\" \/>\n<meta property=\"article:modified_time\" content=\"2026-04-29T22:01:13+00:00\" \/>\n<meta property=\"og:image\" content=\"https:\/\/www.diariodeouropreto.com.br\/wp-content\/uploads\/2026\/04\/2554808.jpg\" \/>\n\t<meta property=\"og:image:width\" content=\"1200\" \/>\n\t<meta property=\"og:image:height\" content=\"800\" \/>\n\t<meta property=\"og:image:type\" content=\"image\/jpeg\" \/>\n<meta name=\"author\" content=\"Di\u00e1rio de Ouro Preto\" \/>\n<meta name=\"twitter:card\" content=\"summary_large_image\" \/>\n<meta name=\"twitter:label1\" content=\"Escrito por\" \/>\n\t<meta name=\"twitter:data1\" content=\"Di\u00e1rio de Ouro Preto\" \/>\n\t<meta name=\"twitter:label2\" content=\"Tempo estimado de leitura\" \/>\n\t<meta name=\"twitter:data2\" content=\"7 minutos\" \/>\n<script type=\"application\/ld+json\" class=\"yoast-schema-graph\">{\"@context\":\"https:\\\/\\\/schema.org\",\"@graph\":[{\"@type\":\"Article\",\"@id\":\"https:\\\/\\\/www.diariodeouropreto.com.br\\\/punicao-para-nao-pagamento-do-piso-dos-professores-e-cobrada-em-audiencia-na-assembleia-de-minas\\\/#article\",\"isPartOf\":{\"@id\":\"https:\\\/\\\/www.diariodeouropreto.com.br\\\/punicao-para-nao-pagamento-do-piso-dos-professores-e-cobrada-em-audiencia-na-assembleia-de-minas\\\/\"},\"author\":{\"name\":\"Di\u00e1rio de Ouro Preto\",\"@id\":\"https:\\\/\\\/www.diariodeouropreto.com.br\\\/pt\\\/#\\\/schema\\\/person\\\/7654e7b471204a6dab6dc0ce6e140c99\"},\"headline\":\"Puni\u00e7\u00e3o para n\u00e3o pagamento do piso dos professores \u00e9 cobrada em audi\u00eancia na Assembleia de Minas\",\"datePublished\":\"2026-04-29T22:01:11+00:00\",\"dateModified\":\"2026-04-29T22:01:13+00:00\",\"mainEntityOfPage\":{\"@id\":\"https:\\\/\\\/www.diariodeouropreto.com.br\\\/punicao-para-nao-pagamento-do-piso-dos-professores-e-cobrada-em-audiencia-na-assembleia-de-minas\\\/\"},\"wordCount\":1194,\"publisher\":{\"@id\":\"https:\\\/\\\/www.diariodeouropreto.com.br\\\/pt\\\/#organization\"},\"image\":{\"@id\":\"https:\\\/\\\/www.diariodeouropreto.com.br\\\/punicao-para-nao-pagamento-do-piso-dos-professores-e-cobrada-em-audiencia-na-assembleia-de-minas\\\/#primaryimage\"},\"thumbnailUrl\":\"https:\\\/\\\/www.diariodeouropreto.com.br\\\/wp-content\\\/uploads\\\/2026\\\/04\\\/2554808.jpg\",\"articleSection\":[\"Pol\u00edtica\"],\"inLanguage\":\"pt-PT\"},{\"@type\":\"WebPage\",\"@id\":\"https:\\\/\\\/www.diariodeouropreto.com.br\\\/punicao-para-nao-pagamento-do-piso-dos-professores-e-cobrada-em-audiencia-na-assembleia-de-minas\\\/\",\"url\":\"https:\\\/\\\/www.diariodeouropreto.com.br\\\/punicao-para-nao-pagamento-do-piso-dos-professores-e-cobrada-em-audiencia-na-assembleia-de-minas\\\/\",\"name\":\"Puni\u00e7\u00e3o para n\u00e3o pagamento do piso dos professores \u00e9 cobrada em audi\u00eancia na Assembleia de Minas - Di\u00e1rio de Ouro Preto\",\"isPartOf\":{\"@id\":\"https:\\\/\\\/www.diariodeouropreto.com.br\\\/pt\\\/#website\"},\"primaryImageOfPage\":{\"@id\":\"https:\\\/\\\/www.diariodeouropreto.com.br\\\/punicao-para-nao-pagamento-do-piso-dos-professores-e-cobrada-em-audiencia-na-assembleia-de-minas\\\/#primaryimage\"},\"image\":{\"@id\":\"https:\\\/\\\/www.diariodeouropreto.com.br\\\/punicao-para-nao-pagamento-do-piso-dos-professores-e-cobrada-em-audiencia-na-assembleia-de-minas\\\/#primaryimage\"},\"thumbnailUrl\":\"https:\\\/\\\/www.diariodeouropreto.com.br\\\/wp-content\\\/uploads\\\/2026\\\/04\\\/2554808.jpg\",\"datePublished\":\"2026-04-29T22:01:11+00:00\",\"dateModified\":\"2026-04-29T22:01:13+00:00\",\"description\":\"Participantes de debate na Comiss\u00e3o de Educa\u00e7\u00e3o refor\u00e7am apoio a projeto que tramita na C\u00e2mara dos Deputados que considera n\u00e3o pagamento como improbidade administrativa- Puni\u00e7\u00e3o para n\u00e3o pagamento do piso dos professores \u00e9 cobrada em audi\u00eancia na Assembleia de Minas - Pol\u00edtica\",\"breadcrumb\":{\"@id\":\"https:\\\/\\\/www.diariodeouropreto.com.br\\\/punicao-para-nao-pagamento-do-piso-dos-professores-e-cobrada-em-audiencia-na-assembleia-de-minas\\\/#breadcrumb\"},\"inLanguage\":\"pt-PT\",\"potentialAction\":[{\"@type\":\"ReadAction\",\"target\":[\"https:\\\/\\\/www.diariodeouropreto.com.br\\\/punicao-para-nao-pagamento-do-piso-dos-professores-e-cobrada-em-audiencia-na-assembleia-de-minas\\\/\"]}]},{\"@type\":\"ImageObject\",\"inLanguage\":\"pt-PT\",\"@id\":\"https:\\\/\\\/www.diariodeouropreto.com.br\\\/punicao-para-nao-pagamento-do-piso-dos-professores-e-cobrada-em-audiencia-na-assembleia-de-minas\\\/#primaryimage\",\"url\":\"https:\\\/\\\/www.diariodeouropreto.com.br\\\/wp-content\\\/uploads\\\/2026\\\/04\\\/2554808.jpg\",\"contentUrl\":\"https:\\\/\\\/www.diariodeouropreto.com.br\\\/wp-content\\\/uploads\\\/2026\\\/04\\\/2554808.jpg\",\"width\":1200,\"height\":800},{\"@type\":\"BreadcrumbList\",\"@id\":\"https:\\\/\\\/www.diariodeouropreto.com.br\\\/punicao-para-nao-pagamento-do-piso-dos-professores-e-cobrada-em-audiencia-na-assembleia-de-minas\\\/#breadcrumb\",\"itemListElement\":[{\"@type\":\"ListItem\",\"position\":1,\"name\":\"In\u00edcio\",\"item\":\"https:\\\/\\\/www.diariodeouropreto.com.br\\\/pt\\\/\"},{\"@type\":\"ListItem\",\"position\":2,\"name\":\"Puni\u00e7\u00e3o para n\u00e3o pagamento do piso dos professores \u00e9 cobrada em audi\u00eancia na Assembleia de Minas\"}]},{\"@type\":\"WebSite\",\"@id\":\"https:\\\/\\\/www.diariodeouropreto.com.br\\\/pt\\\/#website\",\"url\":\"https:\\\/\\\/www.diariodeouropreto.com.br\\\/pt\\\/\",\"name\":\"Di\u00e1rio de Ouro Preto\",\"description\":\"Not\u00edcias Ouro Preto; Mariana;Minas Gerais;Jornal;Jornalismo;Not\u00edcias;\",\"publisher\":{\"@id\":\"https:\\\/\\\/www.diariodeouropreto.com.br\\\/pt\\\/#organization\"},\"alternateName\":\"Jornal di\u00e1rio de Ouro Preto\",\"potentialAction\":[{\"@type\":\"SearchAction\",\"target\":{\"@type\":\"EntryPoint\",\"urlTemplate\":\"https:\\\/\\\/www.diariodeouropreto.com.br\\\/pt\\\/?s={search_term_string}\"},\"query-input\":{\"@type\":\"PropertyValueSpecification\",\"valueRequired\":true,\"valueName\":\"search_term_string\"}}],\"inLanguage\":\"pt-PT\"},{\"@type\":\"Organization\",\"@id\":\"https:\\\/\\\/www.diariodeouropreto.com.br\\\/pt\\\/#organization\",\"name\":\"Di\u00e1rio de Ouro Preto\",\"alternateName\":\"Jornal di\u00e1rio Ouro Preto\",\"url\":\"https:\\\/\\\/www.diariodeouropreto.com.br\\\/pt\\\/\",\"logo\":{\"@type\":\"ImageObject\",\"inLanguage\":\"pt-PT\",\"@id\":\"https:\\\/\\\/www.diariodeouropreto.com.br\\\/pt\\\/#\\\/schema\\\/logo\\\/image\\\/\",\"url\":\"https:\\\/\\\/www.diariodeouropreto.com.br\\\/wp-content\\\/uploads\\\/2019\\\/06\\\/cropped-logotransp-2.png\",\"contentUrl\":\"https:\\\/\\\/www.diariodeouropreto.com.br\\\/wp-content\\\/uploads\\\/2019\\\/06\\\/cropped-logotransp-2.png\",\"width\":1323,\"height\":251,\"caption\":\"Di\u00e1rio de Ouro Preto\"},\"image\":{\"@id\":\"https:\\\/\\\/www.diariodeouropreto.com.br\\\/pt\\\/#\\\/schema\\\/logo\\\/image\\\/\"},\"sameAs\":[\"https:\\\/\\\/www.facebook.com\\\/diariodeouropreto\\\/\"]},{\"@type\":\"Person\",\"@id\":\"https:\\\/\\\/www.diariodeouropreto.com.br\\\/pt\\\/#\\\/schema\\\/person\\\/7654e7b471204a6dab6dc0ce6e140c99\",\"name\":\"Di\u00e1rio de Ouro Preto\",\"sameAs\":[\"http:\\\/\\\/www.diariodeouropreto.com.br\"],\"url\":\"https:\\\/\\\/www.diariodeouropreto.com.br\\\/pt\\\/author\\\/diario\\\/\"}]}<\/script>\n<!-- \/ Yoast SEO plugin. -->","yoast_head_json":{"title":"Puni\u00e7\u00e3o para n\u00e3o pagamento do piso dos professores \u00e9 cobrada em audi\u00eancia na Assembleia de Minas - Di\u00e1rio de Ouro Preto","description":"Participantes de debate na Comiss\u00e3o de Educa\u00e7\u00e3o refor\u00e7am apoio a projeto que tramita na C\u00e2mara dos Deputados que considera n\u00e3o pagamento como improbidade administrativa- Puni\u00e7\u00e3o para n\u00e3o pagamento do piso dos professores \u00e9 cobrada em audi\u00eancia na Assembleia de Minas - Pol\u00edtica","robots":{"index":"index","follow":"follow","max-snippet":"max-snippet:-1","max-image-preview":"max-image-preview:large","max-video-preview":"max-video-preview:-1"},"canonical":"https:\/\/www.diariodeouropreto.com.br\/pt\/punicao-para-nao-pagamento-do-piso-dos-professores-e-cobrada-em-audiencia-na-assembleia-de-minas\/","og_locale":"pt_PT","og_type":"article","og_title":"Puni\u00e7\u00e3o para n\u00e3o pagamento do piso dos professores \u00e9 cobrada em audi\u00eancia na Assembleia de Minas - Di\u00e1rio de Ouro Preto","og_description":"Participantes de debate na Comiss\u00e3o de Educa\u00e7\u00e3o refor\u00e7am apoio a projeto que tramita na C\u00e2mara dos Deputados que considera n\u00e3o pagamento como improbidade administrativa- Puni\u00e7\u00e3o para n\u00e3o pagamento do piso dos professores \u00e9 cobrada em audi\u00eancia na Assembleia de Minas - Pol\u00edtica","og_url":"https:\/\/www.diariodeouropreto.com.br\/pt\/punicao-para-nao-pagamento-do-piso-dos-professores-e-cobrada-em-audiencia-na-assembleia-de-minas\/","og_site_name":"Di\u00e1rio de Ouro Preto","article_publisher":"https:\/\/www.facebook.com\/diariodeouropreto\/","article_published_time":"2026-04-29T22:01:11+00:00","article_modified_time":"2026-04-29T22:01:13+00:00","og_image":[{"width":1200,"height":800,"url":"https:\/\/www.diariodeouropreto.com.br\/wp-content\/uploads\/2026\/04\/2554808.jpg","type":"image\/jpeg"}],"author":"Di\u00e1rio de Ouro Preto","twitter_card":"summary_large_image","twitter_misc":{"Escrito por":"Di\u00e1rio de Ouro Preto","Tempo estimado de leitura":"7 minutos"},"schema":{"@context":"https:\/\/schema.org","@graph":[{"@type":"Article","@id":"https:\/\/www.diariodeouropreto.com.br\/punicao-para-nao-pagamento-do-piso-dos-professores-e-cobrada-em-audiencia-na-assembleia-de-minas\/#article","isPartOf":{"@id":"https:\/\/www.diariodeouropreto.com.br\/punicao-para-nao-pagamento-do-piso-dos-professores-e-cobrada-em-audiencia-na-assembleia-de-minas\/"},"author":{"name":"Di\u00e1rio de Ouro Preto","@id":"https:\/\/www.diariodeouropreto.com.br\/pt\/#\/schema\/person\/7654e7b471204a6dab6dc0ce6e140c99"},"headline":"Puni\u00e7\u00e3o para n\u00e3o pagamento do piso dos professores \u00e9 cobrada em audi\u00eancia na Assembleia de Minas","datePublished":"2026-04-29T22:01:11+00:00","dateModified":"2026-04-29T22:01:13+00:00","mainEntityOfPage":{"@id":"https:\/\/www.diariodeouropreto.com.br\/punicao-para-nao-pagamento-do-piso-dos-professores-e-cobrada-em-audiencia-na-assembleia-de-minas\/"},"wordCount":1194,"publisher":{"@id":"https:\/\/www.diariodeouropreto.com.br\/pt\/#organization"},"image":{"@id":"https:\/\/www.diariodeouropreto.com.br\/punicao-para-nao-pagamento-do-piso-dos-professores-e-cobrada-em-audiencia-na-assembleia-de-minas\/#primaryimage"},"thumbnailUrl":"https:\/\/www.diariodeouropreto.com.br\/wp-content\/uploads\/2026\/04\/2554808.jpg","articleSection":["Pol\u00edtica"],"inLanguage":"pt-PT"},{"@type":"WebPage","@id":"https:\/\/www.diariodeouropreto.com.br\/punicao-para-nao-pagamento-do-piso-dos-professores-e-cobrada-em-audiencia-na-assembleia-de-minas\/","url":"https:\/\/www.diariodeouropreto.com.br\/punicao-para-nao-pagamento-do-piso-dos-professores-e-cobrada-em-audiencia-na-assembleia-de-minas\/","name":"Puni\u00e7\u00e3o para n\u00e3o pagamento do piso dos professores \u00e9 cobrada em audi\u00eancia na Assembleia de Minas - Di\u00e1rio de Ouro Preto","isPartOf":{"@id":"https:\/\/www.diariodeouropreto.com.br\/pt\/#website"},"primaryImageOfPage":{"@id":"https:\/\/www.diariodeouropreto.com.br\/punicao-para-nao-pagamento-do-piso-dos-professores-e-cobrada-em-audiencia-na-assembleia-de-minas\/#primaryimage"},"image":{"@id":"https:\/\/www.diariodeouropreto.com.br\/punicao-para-nao-pagamento-do-piso-dos-professores-e-cobrada-em-audiencia-na-assembleia-de-minas\/#primaryimage"},"thumbnailUrl":"https:\/\/www.diariodeouropreto.com.br\/wp-content\/uploads\/2026\/04\/2554808.jpg","datePublished":"2026-04-29T22:01:11+00:00","dateModified":"2026-04-29T22:01:13+00:00","description":"Participantes de debate na Comiss\u00e3o de Educa\u00e7\u00e3o refor\u00e7am apoio a projeto que tramita na C\u00e2mara dos Deputados que considera n\u00e3o pagamento como improbidade administrativa- Puni\u00e7\u00e3o para n\u00e3o pagamento do piso dos professores \u00e9 cobrada em audi\u00eancia na Assembleia de Minas - Pol\u00edtica","breadcrumb":{"@id":"https:\/\/www.diariodeouropreto.com.br\/punicao-para-nao-pagamento-do-piso-dos-professores-e-cobrada-em-audiencia-na-assembleia-de-minas\/#breadcrumb"},"inLanguage":"pt-PT","potentialAction":[{"@type":"ReadAction","target":["https:\/\/www.diariodeouropreto.com.br\/punicao-para-nao-pagamento-do-piso-dos-professores-e-cobrada-em-audiencia-na-assembleia-de-minas\/"]}]},{"@type":"ImageObject","inLanguage":"pt-PT","@id":"https:\/\/www.diariodeouropreto.com.br\/punicao-para-nao-pagamento-do-piso-dos-professores-e-cobrada-em-audiencia-na-assembleia-de-minas\/#primaryimage","url":"https:\/\/www.diariodeouropreto.com.br\/wp-content\/uploads\/2026\/04\/2554808.jpg","contentUrl":"https:\/\/www.diariodeouropreto.com.br\/wp-content\/uploads\/2026\/04\/2554808.jpg","width":1200,"height":800},{"@type":"BreadcrumbList","@id":"https:\/\/www.diariodeouropreto.com.br\/punicao-para-nao-pagamento-do-piso-dos-professores-e-cobrada-em-audiencia-na-assembleia-de-minas\/#breadcrumb","itemListElement":[{"@type":"ListItem","position":1,"name":"In\u00edcio","item":"https:\/\/www.diariodeouropreto.com.br\/pt\/"},{"@type":"ListItem","position":2,"name":"Puni\u00e7\u00e3o para n\u00e3o pagamento do piso dos professores \u00e9 cobrada em audi\u00eancia na Assembleia de Minas"}]},{"@type":"WebSite","@id":"https:\/\/www.diariodeouropreto.com.br\/pt\/#website","url":"https:\/\/www.diariodeouropreto.com.br\/pt\/","name":"Di\u00e1rio de Ouro Preto","description":"Not\u00edcias Ouro Preto; Mariana;Minas Gerais;Jornal;Jornalismo;Not\u00edcias;","publisher":{"@id":"https:\/\/www.diariodeouropreto.com.br\/pt\/#organization"},"alternateName":"Jornal di\u00e1rio de Ouro Preto","potentialAction":[{"@type":"SearchAction","target":{"@type":"EntryPoint","urlTemplate":"https:\/\/www.diariodeouropreto.com.br\/pt\/?s={search_term_string}"},"query-input":{"@type":"PropertyValueSpecification","valueRequired":true,"valueName":"search_term_string"}}],"inLanguage":"pt-PT"},{"@type":"Organization","@id":"https:\/\/www.diariodeouropreto.com.br\/pt\/#organization","name":"Di\u00e1rio de Ouro Preto","alternateName":"Jornal di\u00e1rio Ouro Preto","url":"https:\/\/www.diariodeouropreto.com.br\/pt\/","logo":{"@type":"ImageObject","inLanguage":"pt-PT","@id":"https:\/\/www.diariodeouropreto.com.br\/pt\/#\/schema\/logo\/image\/","url":"https:\/\/www.diariodeouropreto.com.br\/wp-content\/uploads\/2019\/06\/cropped-logotransp-2.png","contentUrl":"https:\/\/www.diariodeouropreto.com.br\/wp-content\/uploads\/2019\/06\/cropped-logotransp-2.png","width":1323,"height":251,"caption":"Di\u00e1rio de Ouro Preto"},"image":{"@id":"https:\/\/www.diariodeouropreto.com.br\/pt\/#\/schema\/logo\/image\/"},"sameAs":["https:\/\/www.facebook.com\/diariodeouropreto\/"]},{"@type":"Person","@id":"https:\/\/www.diariodeouropreto.com.br\/pt\/#\/schema\/person\/7654e7b471204a6dab6dc0ce6e140c99","name":"Di\u00e1rio de Ouro Preto","sameAs":["http:\/\/www.diariodeouropreto.com.br"],"url":"https:\/\/www.diariodeouropreto.com.br\/pt\/author\/diario\/"}]}},"jetpack_publicize_connections":[],"jetpack_featured_media_url":"https:\/\/www.diariodeouropreto.com.br\/wp-content\/uploads\/2026\/04\/2554808.jpg","jetpack-related-posts":[{"id":26589,"url":"https:\/\/www.diariodeouropreto.com.br\/pt\/impactos-do-regime-de-recuperacao-fiscal-sao-debatidos-em-nova-reuniao\/","url_meta":{"origin":52021,"position":0},"title":"Impactos do Regime de Recupera\u00e7\u00e3o Fiscal s\u00e3o debatidos em nova reuni\u00e3o","author":"Di\u00e1rio de Ouro Preto","date":"6 de Novembro de 2023","format":false,"excerpt":"Discutir os impactos do\u00a0Regime de Recupera\u00e7\u00e3o Fiscal (RRF)\u00a0na educa\u00e7\u00e3o e na presta\u00e7\u00e3o dos servi\u00e7os p\u00fablicos \u00e0 popula\u00e7\u00e3o mineira. Esse \u00e9 o objetivo de audi\u00eancia p\u00fablica que a Comiss\u00e3o de Educa\u00e7\u00e3o, Ci\u00eancia e Tecnologia da Assembleia Legislativa de Minas Gerais (ALMG) vai realizar na pr\u00f3xima ter\u00e7a-feira (7\/11\/23), \u00e0s 9h30, no Audit\u00f3rio\u2026","rel":"","context":"In &quot;Pol\u00edtica&quot;","block_context":{"text":"Pol\u00edtica","link":"https:\/\/www.diariodeouropreto.com.br\/pt\/Editoria\/politica\/"},"img":{"alt_text":"","src":"https:\/\/i0.wp.com\/www.diariodeouropreto.com.br\/wp-content\/uploads\/2023\/11\/1930949.jpg?resize=350%2C200&ssl=1","width":350,"height":200,"srcset":"https:\/\/i0.wp.com\/www.diariodeouropreto.com.br\/wp-content\/uploads\/2023\/11\/1930949.jpg?resize=350%2C200&ssl=1 1x, https:\/\/i0.wp.com\/www.diariodeouropreto.com.br\/wp-content\/uploads\/2023\/11\/1930949.jpg?resize=525%2C300&ssl=1 1.5x, https:\/\/i0.wp.com\/www.diariodeouropreto.com.br\/wp-content\/uploads\/2023\/11\/1930949.jpg?resize=700%2C400&ssl=1 2x, https:\/\/i0.wp.com\/www.diariodeouropreto.com.br\/wp-content\/uploads\/2023\/11\/1930949.jpg?resize=1050%2C600&ssl=1 3x"},"classes":[]},{"id":9874,"url":"https:\/\/www.diariodeouropreto.com.br\/pt\/assembleia-legislativa-debate-pec-32-e-servicos-publicos\/","url_meta":{"origin":52021,"position":1},"title":"Assembleia Legislativa debate PEC 32 e servi\u00e7os p\u00fablicos","author":"Di\u00e1rio de Ouro Preto","date":"12 de Agosto de 2021","format":false,"excerpt":"Belo Horizonte - Os impactos da proposta de\u00a0reforma administrativa\u00a0em tramita\u00e7\u00e3o no Congresso Nacional\u00a0ser\u00e3o debatidos em audi\u00eancia da Comiss\u00e3o de Administra\u00e7\u00e3o P\u00fablica da Assembleia Legislativa de Minas Gerais (ALMG). A reuni\u00e3o, solicitada pela deputada Beatriz Cerqueira (PT), ser\u00e1 realizada nesta sexta-feira (13\/8\/21), \u00e0s 14h, no Audit\u00f3rio Jos\u00e9 Alencar. A Comiss\u00e3o de\u2026","rel":"","context":"In &quot;Minas Gerais&quot;","block_context":{"text":"Minas Gerais","link":"https:\/\/www.diariodeouropreto.com.br\/pt\/Editoria\/minas-gerais\/"},"img":{"alt_text":"","src":"https:\/\/i0.wp.com\/www.diariodeouropreto.com.br\/wp-content\/uploads\/2021\/08\/WhatsApp-Image-2021-08-12-at-15.10.44.jpeg?resize=350%2C200&ssl=1","width":350,"height":200,"srcset":"https:\/\/i0.wp.com\/www.diariodeouropreto.com.br\/wp-content\/uploads\/2021\/08\/WhatsApp-Image-2021-08-12-at-15.10.44.jpeg?resize=350%2C200&ssl=1 1x, https:\/\/i0.wp.com\/www.diariodeouropreto.com.br\/wp-content\/uploads\/2021\/08\/WhatsApp-Image-2021-08-12-at-15.10.44.jpeg?resize=525%2C300&ssl=1 1.5x"},"classes":[]},{"id":25530,"url":"https:\/\/www.diariodeouropreto.com.br\/pt\/educacao-visita-age-para-debater-acordo-de-greve-da-uemg-e-unimontes\/","url_meta":{"origin":52021,"position":2},"title":"Educa\u00e7\u00e3o visita AGE para debater acordo de greve da Uemg e Unimontes","author":"Di\u00e1rio de Ouro Preto","date":"15 de Setembro de 2023","format":false,"excerpt":"Comiss\u00e3o busca que o Governo do Estado cumpra os termos firmados em 2016 e 2018 A Comiss\u00e3o de Educa\u00e7\u00e3o, Ci\u00eancia e Tecnologia da Assembleia Legislativa de Minas Gerais (ALMG) realizar\u00e1 na pr\u00f3xima segunda-feira (18\/9\/23), a partir das 10 horas, visita \u00e0 Advocacia-Geral do Estado (Avenida Afonso Pena, 4.000, 8\u00ba andar,\u2026","rel":"","context":"In &quot;Minas Gerais&quot;","block_context":{"text":"Minas Gerais","link":"https:\/\/www.diariodeouropreto.com.br\/pt\/Editoria\/minas-gerais\/"},"img":{"alt_text":"","src":"https:\/\/i0.wp.com\/www.diariodeouropreto.com.br\/wp-content\/uploads\/2023\/09\/1595890.jpg?resize=350%2C200&ssl=1","width":350,"height":200,"srcset":"https:\/\/i0.wp.com\/www.diariodeouropreto.com.br\/wp-content\/uploads\/2023\/09\/1595890.jpg?resize=350%2C200&ssl=1 1x, https:\/\/i0.wp.com\/www.diariodeouropreto.com.br\/wp-content\/uploads\/2023\/09\/1595890.jpg?resize=525%2C300&ssl=1 1.5x"},"classes":[]},{"id":10166,"url":"https:\/\/www.diariodeouropreto.com.br\/pt\/audiencia-debate-lei-maria-da-penha-na-grade-curricular\/","url_meta":{"origin":52021,"position":3},"title":"Audi\u00eancia debate Lei Maria da Penha na grade curricular","author":"Di\u00e1rio de Ouro Preto","date":"25 de Agosto de 2021","format":false,"excerpt":"Ampliar o conhecimento dos jovens sobre a\u00a0Lei Maria da Penha\u00a0a fim de estimular o combate \u00e0 viol\u00eancia dom\u00e9stica. Esse \u00e9 o prop\u00f3sito da discuss\u00e3o que ser\u00e1 realizada, nesta quarta-feira (25\/8\/21), a partir das 15h30, na Comiss\u00e3o de Defesa dos Direitos da Mulher da Assembleia Legislativa de Minas Gerais (ALMG). A\u2026","rel":"","context":"In &quot;Ouro Preto&quot;","block_context":{"text":"Ouro Preto","link":"https:\/\/www.diariodeouropreto.com.br\/pt\/Editoria\/ouro-preto\/"},"img":{"alt_text":"","src":"https:\/\/i0.wp.com\/www.diariodeouropreto.com.br\/wp-content\/uploads\/2021\/08\/imagem.jpg?resize=350%2C200&ssl=1","width":350,"height":200},"classes":[]},{"id":45741,"url":"https:\/\/www.diariodeouropreto.com.br\/pt\/transferencia-da-uemg-a-uniao-pauta-audiencia\/","url_meta":{"origin":52021,"position":4},"title":"Transfer\u00eancia da Uemg \u00e0 Uni\u00e3o pauta audi\u00eancia","author":"Di\u00e1rio de Ouro Preto","date":"30 de Junho de 2025","format":false,"excerpt":"Objetivo \u00e9 que secret\u00e1rios de Estado expliquem projeto do governador que repassa gest\u00e3o e im\u00f3veis da universidade para abater d\u00edvida no \u00e2mbito do Propag A\u00a0inten\u00e7\u00e3o do governo estadual de incluir a\u00a0Uemg, a Universidade do Estado de Minas Gerais, entre os ativos oferecidos para abater sua\u00a0d\u00edvida com a Uni\u00e3o\u00a0ser\u00e1 discutida em\u2026","rel":"","context":"In &quot;Minas Gerais&quot;","block_context":{"text":"Minas Gerais","link":"https:\/\/www.diariodeouropreto.com.br\/pt\/Editoria\/minas-gerais\/"},"img":{"alt_text":"","src":"https:\/\/i0.wp.com\/www.diariodeouropreto.com.br\/wp-content\/uploads\/2025\/06\/2329688.jpg?resize=350%2C200&ssl=1","width":350,"height":200,"srcset":"https:\/\/i0.wp.com\/www.diariodeouropreto.com.br\/wp-content\/uploads\/2025\/06\/2329688.jpg?resize=350%2C200&ssl=1 1x, https:\/\/i0.wp.com\/www.diariodeouropreto.com.br\/wp-content\/uploads\/2025\/06\/2329688.jpg?resize=525%2C300&ssl=1 1.5x, https:\/\/i0.wp.com\/www.diariodeouropreto.com.br\/wp-content\/uploads\/2025\/06\/2329688.jpg?resize=700%2C400&ssl=1 2x, https:\/\/i0.wp.com\/www.diariodeouropreto.com.br\/wp-content\/uploads\/2025\/06\/2329688.jpg?resize=1050%2C600&ssl=1 3x"},"classes":[]},{"id":7942,"url":"https:\/\/www.diariodeouropreto.com.br\/pt\/comissao-debate-projeto-que-municipaliza-ensino-fundamental\/","url_meta":{"origin":52021,"position":5},"title":"Comiss\u00e3o debate projeto que municipaliza ensino fundamental","author":"Di\u00e1rio de Ouro Preto","date":"4 de Maio de 2021","format":false,"excerpt":"A Comiss\u00e3o de Educa\u00e7\u00e3o, Ci\u00eancia e Tecnologia da Assembleia Legislativa de Minas Gerais (ALMG) vai debater, nesta quarta-feira (5\/5\/21), o\u00a0projeto M\u00e3os Dadas, anunciado pelo governador. Solicitada pela presidenta da comiss\u00e3o, deputada Beatriz Cerqueira (PT), a audi\u00eancia p\u00fablica ter\u00e1 in\u00edcio \u00e0s 10 horas, no Audit\u00f3rio do andar SE da ALMG, com\u2026","rel":"","context":"In &quot;Minas Gerais&quot;","block_context":{"text":"Minas Gerais","link":"https:\/\/www.diariodeouropreto.com.br\/pt\/Editoria\/minas-gerais\/"},"img":{"alt_text":"","src":"https:\/\/i0.wp.com\/www.diariodeouropreto.com.br\/wp-content\/uploads\/2021\/05\/imagem-2.jpg?resize=350%2C200&ssl=1","width":350,"height":200},"classes":[]}],"jetpack_sharing_enabled":true,"amp_enabled":true,"_links":{"self":[{"href":"https:\/\/www.diariodeouropreto.com.br\/pt\/wp-json\/wp\/v2\/posts\/52021","targetHints":{"allow":["GET"]}}],"collection":[{"href":"https:\/\/www.diariodeouropreto.com.br\/pt\/wp-json\/wp\/v2\/posts"}],"about":[{"href":"https:\/\/www.diariodeouropreto.com.br\/pt\/wp-json\/wp\/v2\/types\/post"}],"author":[{"embeddable":true,"href":"https:\/\/www.diariodeouropreto.com.br\/pt\/wp-json\/wp\/v2\/users\/1"}],"replies":[{"embeddable":true,"href":"https:\/\/www.diariodeouropreto.com.br\/pt\/wp-json\/wp\/v2\/comments?post=52021"}],"version-history":[{"count":1,"href":"https:\/\/www.diariodeouropreto.com.br\/pt\/wp-json\/wp\/v2\/posts\/52021\/revisions"}],"predecessor-version":[{"id":52024,"href":"https:\/\/www.diariodeouropreto.com.br\/pt\/wp-json\/wp\/v2\/posts\/52021\/revisions\/52024"}],"wp:featuredmedia":[{"embeddable":true,"href":"https:\/\/www.diariodeouropreto.com.br\/pt\/wp-json\/wp\/v2\/media\/52022"}],"wp:attachment":[{"href":"https:\/\/www.diariodeouropreto.com.br\/pt\/wp-json\/wp\/v2\/media?parent=52021"}],"wp:term":[{"taxonomy":"category","embeddable":true,"href":"https:\/\/www.diariodeouropreto.com.br\/pt\/wp-json\/wp\/v2\/categories?post=52021"},{"taxonomy":"post_tag","embeddable":true,"href":"https:\/\/www.diariodeouropreto.com.br\/pt\/wp-json\/wp\/v2\/tags?post=52021"}],"curies":[{"name":"wp","href":"https:\/\/api.w.org\/{rel}","templated":true}]}}