{"id":52018,"date":"2026-04-30T07:00:00","date_gmt":"2026-04-30T10:00:00","guid":{"rendered":"https:\/\/www.diariodeouropreto.com.br\/?p=52018"},"modified":"2026-04-29T18:58:22","modified_gmt":"2026-04-29T21:58:22","slug":"mpf-recomenda-anulacao-de-licenca-para-mineracao-e-suspensao-de-projetos-na-serra-de-ouro-preto","status":"publish","type":"post","link":"https:\/\/www.diariodeouropreto.com.br\/pt\/mpf-recomenda-anulacao-de-licenca-para-mineracao-e-suspensao-de-projetos-na-serra-de-ouro-preto\/","title":{"rendered":"MPF recomenda anula\u00e7\u00e3o de licen\u00e7a para minera\u00e7\u00e3o e suspens\u00e3o de projetos na Serra de Ouro Preto"},"content":{"rendered":"<p><strong>\u00d3rg\u00e3o aponta falhas graves no licenciamento e riscos para o abastecimento de \u00e1gua e o patrim\u00f4nio da regi\u00e3o<\/strong><\/p>\n\n\n\n<p>O Minist\u00e9rio P\u00fablico Federal (MPF) enviou recomenda\u00e7\u00e3o \u00e0 Secretaria de Estado de Meio Ambiente e Desenvolvimento Sustent\u00e1vel de Minas Gerais (Semad\/MG) para que declare a nulidade de licen\u00e7a ambiental concedida a uma empresa de minera\u00e7\u00e3o em Ouro Preto (MG). O documento solicita ainda a suspens\u00e3o imediata de qualquer licen\u00e7a j\u00e1 emitida e da tramita\u00e7\u00e3o de processos para outros sete empreendimentos miner\u00e1rios na mesma regi\u00e3o. A iniciativa busca interromper atividades que apresentam falhas jur\u00eddicas e t\u00e9cnicas, evitando danos irrevers\u00edveis ao meio ambiente e ao patrim\u00f4nio hist\u00f3rico.<\/p>\n\n\n\n<p><strong>Omiss\u00e3o de informa\u00e7\u00f5es<\/strong> \u2013 O inqu\u00e9rito civil aberto pelo MPF identificou erros graves no licenciamento da mineradora. Entre os problemas, o \u00f3rg\u00e3o aponta que o estudo espeleol\u00f3gico usado para crit\u00e9rio locacional do empreendimento possui informa\u00e7\u00f5es falsas. O documento apresentado pela empresa no processo de licenciamento ambiental afirma, por exemplo, que a \u00e1rea da minera\u00e7\u00e3o \u00e9 classificada como de Muito Alto potencial espeleol\u00f3gico, mas sem a ocorr\u00eancia de cavidades naturais subterr\u00e2neas. No entanto, a cavidade, de import\u00e2ncia geol\u00f3gica e cultural, foi destru\u00edda pelas m\u00e1quinas da mineradora em mar\u00e7o de 2025, logo ap\u00f3s o in\u00edcio das opera\u00e7\u00f5es.<\/p>\n\n\n\n<p><strong>Falhas graves<\/strong> \u2013 A recomenda\u00e7\u00e3o destaca a falta de anu\u00eancia do Instituto do Patrim\u00f4nio Hist\u00f3rico e Art\u00edstico Nacional (Iphan) para a libera\u00e7\u00e3o das licen\u00e7as, o que torna o procedimento irregular. Al\u00e9m disso, surgiram suspeitas quanto \u00e0 legalidade do tr\u00e2mite nos \u00f3rg\u00e3os estaduais, como a transfer\u00eancia incomum do processo de an\u00e1lise entre unidades regionais. O caso est\u00e1 inserido no contexto da Opera\u00e7\u00e3o Rejeito, que investiga ind\u00edcios de corrup\u00e7\u00e3o e pagamentos indevidos para favorecer mineradoras na altera\u00e7\u00e3o de normas ambientais e na agiliza\u00e7\u00e3o de pareceres favor\u00e1veis.<\/p>\n\n\n\n<p><strong>Impacto fragmentado<\/strong> \u2013 Outro ponto central \u00e9 a necessidade de an\u00e1lise dos impactos cumulativos e sin\u00e9rgicos dos sete projetos previstos para a regi\u00e3o da Serra de Ouro Preto. Atualmente, os impactos de cada empreendimento s\u00e3o avaliados de forma isolada, sem considerar o efeito global de todas as atividades propostas para o mesmo territ\u00f3rio. O MPF argumenta que essa an\u00e1lise compartimentada dos impactos n\u00e3o \u00e9 capaz de dimensionar as reais consequ\u00eancias de tais atividades geradoras de impacto socioambiental.<\/p>\n\n\n\n<p><strong>Risco \u00e0s nascentes <\/strong>\u2013 A Serra de Ouro Preto abriga nascentes que alimentam as bacias hidrogr\u00e1ficas dos Rios Doce e S\u00e3o Francisco. A regi\u00e3o conta com aqu\u00edferos importantes e o Ribeir\u00e3o Funil, respons\u00e1vel pelo abastecimento de 85% da popula\u00e7\u00e3o do distrito de Cachoeira do Campo. A explora\u00e7\u00e3o mineral coloca em risco a quantidade e a qualidade da \u00e1gua para consumo humano e o equil\u00edbrio de ecossistemas de Mata Atl\u00e2ntica e campos rupestres.<\/p>\n\n\n\n<p><strong>Patrim\u00f4nio Mundial<\/strong> \u2013 A regi\u00e3o guarda vest\u00edgios arqueol\u00f3gicos da minera\u00e7\u00e3o colonial e estruturas hist\u00f3ricas, como a Capela de Santo Amaro e a Trilha Imperial. A Serra \u00e9 o cart\u00e3o-postal de entrada de Ouro Preto, cidade reconhecida como Patrim\u00f4nio Mundial pela Unesco.<\/p>\n\n\n\n<p>\u201cA an\u00e1lise individualizada dos processos de licenciamento ignora a realidade do territ\u00f3rio. \u00c9 indispens\u00e1vel que o estado avalie o impacto conjunto desses empreendimentos para proteger o fornecimento de \u00e1gua e o patrim\u00f4nio cultural que pertence a todos\u201d, afirma o procurador da Rep\u00fablica Eduardo Henrique de Almeida Aguiar, respons\u00e1vel pela recomenda\u00e7\u00e3o.<\/p>\n\n\n\n<div id=\"110712\" class=\"advads-saneouro advads-entity-placement\" style=\"margin-left: auto;margin-right: auto;text-align: center;\"><a href=\"https:\/\/www.saneouro.com.br\/\" target=\"_blank\" aria-label=\"DOP_Site\" data-wpel-link=\"external\" rel=\"follow external noopener noreferrer sponsored ugc\"><img src=\"https:\/\/www.diariodeouropreto.com.br\/wp-content\/uploads\/2026\/04\/DOP_Site.jpg\" alt=\"\"  srcset=\"https:\/\/www.diariodeouropreto.com.br\/wp-content\/uploads\/2026\/04\/DOP_Site.jpg 301w, https:\/\/www.diariodeouropreto.com.br\/wp-content\/uploads\/2026\/04\/DOP_Site-180x150.jpg 180w, https:\/\/www.diariodeouropreto.com.br\/wp-content\/uploads\/2026\/04\/DOP_Site-14x12.jpg 14w\" sizes=\"(max-width: 301px) 100vw, 301px\" width=\"301\" height=\"251\"  style=\"display: inline-block;\" \/><\/a><\/div><p>A Semad tem o prazo de 30 dias para informar ao MPF sobre o acatamento das medidas.<\/p>\n\n\n\n<div id=\"50321\" class=\"advads-plantao advads-entity-placement\"><a href=\"https:\/\/www.diariodeouropreto.com.br\/pt\/\" target=\"_blank\" aria-label=\"site &#8211; noticia\" data-wpel-link=\"external\" rel=\"follow external noopener noreferrer sponsored ugc\"><img src=\"https:\/\/www.diariodeouropreto.com.br\/wp-content\/uploads\/2019\/09\/titulosite2-e1616373489755.jpg\" alt=\"\"  srcset=\"https:\/\/www.diariodeouropreto.com.br\/wp-content\/uploads\/2019\/09\/titulosite2-e1616373489755.jpg 1200w, https:\/\/www.diariodeouropreto.com.br\/wp-content\/uploads\/2019\/09\/titulosite2-e1616373489755-150x38.jpg 150w, https:\/\/www.diariodeouropreto.com.br\/wp-content\/uploads\/2019\/09\/titulosite2-e1616373489755-660x167.jpg 660w, https:\/\/www.diariodeouropreto.com.br\/wp-content\/uploads\/2019\/09\/titulosite2-e1616373489755-768x194.jpg 768w, https:\/\/www.diariodeouropreto.com.br\/wp-content\/uploads\/2019\/09\/titulosite2-e1616373489755-1000x252.jpg 1000w, https:\/\/www.diariodeouropreto.com.br\/wp-content\/uploads\/2019\/09\/titulosite2-e1616373489755-1536x388.jpg 1536w, https:\/\/www.diariodeouropreto.com.br\/wp-content\/uploads\/2019\/09\/titulosite2-e1616373489755-2048x517.jpg 2048w\" sizes=\"(max-width: 1200px) 100vw, 1200px\" width=\"1200\" height=\"303\"  style=\"display: inline-block;\" \/><\/a><\/div><p>Fonte: MPF<\/p>","protected":false},"excerpt":{"rendered":"<p>\u00d3rg\u00e3o aponta falhas graves no licenciamento e riscos para o abastecimento de \u00e1gua e o patrim\u00f4nio da regi\u00e3o O Minist\u00e9rio P\u00fablico Federal (MPF) enviou recomenda\u00e7\u00e3o \u00e0 Secretaria de Estado de Meio Ambiente e Desenvolvimento Sustent\u00e1vel de Minas Gerais (Semad\/MG) para que declare a nulidade de licen\u00e7a ambiental concedida a uma<span class=\"more-link\"><a href=\"https:\/\/www.diariodeouropreto.com.br\/pt\/mpf-recomenda-anulacao-de-licenca-para-mineracao-e-suspensao-de-projetos-na-serra-de-ouro-preto\/\" data-wpel-link=\"internal\">Continue Lendo<\/a><\/span><\/p>","protected":false},"author":1,"featured_media":7482,"comment_status":"closed","ping_status":"closed","sticky":false,"template":"","format":"standard","meta":{"_jetpack_memberships_contains_paid_content":false,"footnotes":"","jetpack_publicize_message":"\u00d3rg\u00e3o aponta falhas graves no licenciamento e riscos para o abastecimento de \u00e1gua e o patrim\u00f4nio da regi\u00e3o","jetpack_publicize_feature_enabled":true,"jetpack_social_post_already_shared":true,"jetpack_social_options":{"image_generator_settings":{"template":"highway","default_image_id":0,"font":"","enabled":false},"version":2}},"categories":[273],"tags":[],"class_list":["entry","author-diario","post-52018","post","type-post","status-publish","format-standard","has-post-thumbnail","category-manchete-do-dia"],"yoast_head":"<!-- This site is optimized with the Yoast SEO plugin v27.5 - https:\/\/yoast.com\/product\/yoast-seo-wordpress\/ -->\n<title>MPF recomenda anula\u00e7\u00e3o de licen\u00e7a para minera\u00e7\u00e3o e suspens\u00e3o de projetos na Serra de Ouro Preto - Di\u00e1rio de Ouro Preto<\/title>\n<meta name=\"description\" content=\"\u00d3rg\u00e3o aponta falhas graves no licenciamento e riscos para o abastecimento de \u00e1gua e o patrim\u00f4nio da regi\u00e3o- MPF recomenda anula\u00e7\u00e3o de licen\u00e7a para minera\u00e7\u00e3o e suspens\u00e3o de projetos na Serra de Ouro Preto - Manchete do dia\" \/>\n<meta name=\"robots\" content=\"index, follow, max-snippet:-1, max-image-preview:large, max-video-preview:-1\" \/>\n<link rel=\"canonical\" href=\"https:\/\/www.diariodeouropreto.com.br\/pt\/mpf-recomenda-anulacao-de-licenca-para-mineracao-e-suspensao-de-projetos-na-serra-de-ouro-preto\/\" \/>\n<meta property=\"og:locale\" content=\"pt_PT\" \/>\n<meta property=\"og:type\" content=\"article\" \/>\n<meta property=\"og:title\" content=\"MPF recomenda anula\u00e7\u00e3o de licen\u00e7a para minera\u00e7\u00e3o e suspens\u00e3o de projetos na Serra de Ouro Preto - Di\u00e1rio de Ouro Preto\" \/>\n<meta property=\"og:description\" content=\"\u00d3rg\u00e3o aponta falhas graves no licenciamento e riscos para o abastecimento de \u00e1gua e o patrim\u00f4nio da regi\u00e3o- MPF recomenda anula\u00e7\u00e3o de licen\u00e7a para minera\u00e7\u00e3o e suspens\u00e3o de projetos na Serra de Ouro Preto - Manchete do dia\" \/>\n<meta property=\"og:url\" content=\"https:\/\/www.diariodeouropreto.com.br\/pt\/mpf-recomenda-anulacao-de-licenca-para-mineracao-e-suspensao-de-projetos-na-serra-de-ouro-preto\/\" \/>\n<meta property=\"og:site_name\" content=\"Di\u00e1rio de Ouro Preto\" \/>\n<meta property=\"article:publisher\" content=\"https:\/\/www.facebook.com\/diariodeouropreto\/\" \/>\n<meta property=\"article:published_time\" content=\"2026-04-30T10:00:00+00:00\" \/>\n<meta property=\"og:image\" content=\"https:\/\/www.diariodeouropreto.com.br\/wp-content\/uploads\/2021\/04\/capa-noticia-geral-1-e1617740501646.png\" \/>\n\t<meta property=\"og:image:width\" content=\"600\" \/>\n\t<meta property=\"og:image:height\" content=\"300\" \/>\n\t<meta property=\"og:image:type\" content=\"image\/png\" \/>\n<meta name=\"author\" content=\"Di\u00e1rio de Ouro Preto\" \/>\n<meta name=\"twitter:card\" content=\"summary_large_image\" \/>\n<meta name=\"twitter:label1\" content=\"Escrito por\" \/>\n\t<meta name=\"twitter:data1\" content=\"Di\u00e1rio de Ouro Preto\" \/>\n\t<meta name=\"twitter:label2\" content=\"Tempo estimado de leitura\" \/>\n\t<meta name=\"twitter:data2\" content=\"4 minutos\" \/>\n<script type=\"application\/ld+json\" class=\"yoast-schema-graph\">{\"@context\":\"https:\\\/\\\/schema.org\",\"@graph\":[{\"@type\":\"Article\",\"@id\":\"https:\\\/\\\/www.diariodeouropreto.com.br\\\/mpf-recomenda-anulacao-de-licenca-para-mineracao-e-suspensao-de-projetos-na-serra-de-ouro-preto\\\/#article\",\"isPartOf\":{\"@id\":\"https:\\\/\\\/www.diariodeouropreto.com.br\\\/mpf-recomenda-anulacao-de-licenca-para-mineracao-e-suspensao-de-projetos-na-serra-de-ouro-preto\\\/\"},\"author\":{\"name\":\"Di\u00e1rio de Ouro Preto\",\"@id\":\"https:\\\/\\\/www.diariodeouropreto.com.br\\\/pt\\\/#\\\/schema\\\/person\\\/7654e7b471204a6dab6dc0ce6e140c99\"},\"headline\":\"MPF recomenda anula\u00e7\u00e3o de licen\u00e7a para minera\u00e7\u00e3o e suspens\u00e3o de projetos na Serra de Ouro Preto\",\"datePublished\":\"2026-04-30T10:00:00+00:00\",\"mainEntityOfPage\":{\"@id\":\"https:\\\/\\\/www.diariodeouropreto.com.br\\\/mpf-recomenda-anulacao-de-licenca-para-mineracao-e-suspensao-de-projetos-na-serra-de-ouro-preto\\\/\"},\"wordCount\":636,\"publisher\":{\"@id\":\"https:\\\/\\\/www.diariodeouropreto.com.br\\\/pt\\\/#organization\"},\"image\":{\"@id\":\"https:\\\/\\\/www.diariodeouropreto.com.br\\\/mpf-recomenda-anulacao-de-licenca-para-mineracao-e-suspensao-de-projetos-na-serra-de-ouro-preto\\\/#primaryimage\"},\"thumbnailUrl\":\"https:\\\/\\\/www.diariodeouropreto.com.br\\\/wp-content\\\/uploads\\\/2021\\\/04\\\/capa-noticia-geral-1-e1617740501646.png\",\"articleSection\":[\"Manchete do dia\"],\"inLanguage\":\"pt-PT\"},{\"@type\":\"WebPage\",\"@id\":\"https:\\\/\\\/www.diariodeouropreto.com.br\\\/mpf-recomenda-anulacao-de-licenca-para-mineracao-e-suspensao-de-projetos-na-serra-de-ouro-preto\\\/\",\"url\":\"https:\\\/\\\/www.diariodeouropreto.com.br\\\/mpf-recomenda-anulacao-de-licenca-para-mineracao-e-suspensao-de-projetos-na-serra-de-ouro-preto\\\/\",\"name\":\"MPF recomenda anula\u00e7\u00e3o de licen\u00e7a para minera\u00e7\u00e3o e suspens\u00e3o de projetos na Serra de Ouro Preto - Di\u00e1rio de Ouro Preto\",\"isPartOf\":{\"@id\":\"https:\\\/\\\/www.diariodeouropreto.com.br\\\/pt\\\/#website\"},\"primaryImageOfPage\":{\"@id\":\"https:\\\/\\\/www.diariodeouropreto.com.br\\\/mpf-recomenda-anulacao-de-licenca-para-mineracao-e-suspensao-de-projetos-na-serra-de-ouro-preto\\\/#primaryimage\"},\"image\":{\"@id\":\"https:\\\/\\\/www.diariodeouropreto.com.br\\\/mpf-recomenda-anulacao-de-licenca-para-mineracao-e-suspensao-de-projetos-na-serra-de-ouro-preto\\\/#primaryimage\"},\"thumbnailUrl\":\"https:\\\/\\\/www.diariodeouropreto.com.br\\\/wp-content\\\/uploads\\\/2021\\\/04\\\/capa-noticia-geral-1-e1617740501646.png\",\"datePublished\":\"2026-04-30T10:00:00+00:00\",\"description\":\"\u00d3rg\u00e3o aponta falhas graves no licenciamento e riscos para o abastecimento de \u00e1gua e o patrim\u00f4nio da regi\u00e3o- MPF recomenda anula\u00e7\u00e3o de licen\u00e7a para minera\u00e7\u00e3o e suspens\u00e3o de projetos na Serra de Ouro Preto - Manchete do dia\",\"breadcrumb\":{\"@id\":\"https:\\\/\\\/www.diariodeouropreto.com.br\\\/mpf-recomenda-anulacao-de-licenca-para-mineracao-e-suspensao-de-projetos-na-serra-de-ouro-preto\\\/#breadcrumb\"},\"inLanguage\":\"pt-PT\",\"potentialAction\":[{\"@type\":\"ReadAction\",\"target\":[\"https:\\\/\\\/www.diariodeouropreto.com.br\\\/mpf-recomenda-anulacao-de-licenca-para-mineracao-e-suspensao-de-projetos-na-serra-de-ouro-preto\\\/\"]}]},{\"@type\":\"ImageObject\",\"inLanguage\":\"pt-PT\",\"@id\":\"https:\\\/\\\/www.diariodeouropreto.com.br\\\/mpf-recomenda-anulacao-de-licenca-para-mineracao-e-suspensao-de-projetos-na-serra-de-ouro-preto\\\/#primaryimage\",\"url\":\"https:\\\/\\\/www.diariodeouropreto.com.br\\\/wp-content\\\/uploads\\\/2021\\\/04\\\/capa-noticia-geral-1-e1617740501646.png\",\"contentUrl\":\"https:\\\/\\\/www.diariodeouropreto.com.br\\\/wp-content\\\/uploads\\\/2021\\\/04\\\/capa-noticia-geral-1-e1617740501646.png\",\"width\":600,\"height\":300},{\"@type\":\"BreadcrumbList\",\"@id\":\"https:\\\/\\\/www.diariodeouropreto.com.br\\\/mpf-recomenda-anulacao-de-licenca-para-mineracao-e-suspensao-de-projetos-na-serra-de-ouro-preto\\\/#breadcrumb\",\"itemListElement\":[{\"@type\":\"ListItem\",\"position\":1,\"name\":\"In\u00edcio\",\"item\":\"https:\\\/\\\/www.diariodeouropreto.com.br\\\/pt\\\/\"},{\"@type\":\"ListItem\",\"position\":2,\"name\":\"MPF recomenda anula\u00e7\u00e3o de licen\u00e7a para minera\u00e7\u00e3o e suspens\u00e3o de projetos na Serra de Ouro Preto\"}]},{\"@type\":\"WebSite\",\"@id\":\"https:\\\/\\\/www.diariodeouropreto.com.br\\\/pt\\\/#website\",\"url\":\"https:\\\/\\\/www.diariodeouropreto.com.br\\\/pt\\\/\",\"name\":\"Di\u00e1rio de Ouro Preto\",\"description\":\"Not\u00edcias Ouro Preto; Mariana;Minas Gerais;Jornal;Jornalismo;Not\u00edcias;\",\"publisher\":{\"@id\":\"https:\\\/\\\/www.diariodeouropreto.com.br\\\/pt\\\/#organization\"},\"alternateName\":\"Jornal di\u00e1rio de Ouro Preto\",\"potentialAction\":[{\"@type\":\"SearchAction\",\"target\":{\"@type\":\"EntryPoint\",\"urlTemplate\":\"https:\\\/\\\/www.diariodeouropreto.com.br\\\/pt\\\/?s={search_term_string}\"},\"query-input\":{\"@type\":\"PropertyValueSpecification\",\"valueRequired\":true,\"valueName\":\"search_term_string\"}}],\"inLanguage\":\"pt-PT\"},{\"@type\":\"Organization\",\"@id\":\"https:\\\/\\\/www.diariodeouropreto.com.br\\\/pt\\\/#organization\",\"name\":\"Di\u00e1rio de Ouro Preto\",\"alternateName\":\"Jornal di\u00e1rio Ouro Preto\",\"url\":\"https:\\\/\\\/www.diariodeouropreto.com.br\\\/pt\\\/\",\"logo\":{\"@type\":\"ImageObject\",\"inLanguage\":\"pt-PT\",\"@id\":\"https:\\\/\\\/www.diariodeouropreto.com.br\\\/pt\\\/#\\\/schema\\\/logo\\\/image\\\/\",\"url\":\"https:\\\/\\\/www.diariodeouropreto.com.br\\\/wp-content\\\/uploads\\\/2019\\\/06\\\/cropped-logotransp-2.png\",\"contentUrl\":\"https:\\\/\\\/www.diariodeouropreto.com.br\\\/wp-content\\\/uploads\\\/2019\\\/06\\\/cropped-logotransp-2.png\",\"width\":1323,\"height\":251,\"caption\":\"Di\u00e1rio de Ouro Preto\"},\"image\":{\"@id\":\"https:\\\/\\\/www.diariodeouropreto.com.br\\\/pt\\\/#\\\/schema\\\/logo\\\/image\\\/\"},\"sameAs\":[\"https:\\\/\\\/www.facebook.com\\\/diariodeouropreto\\\/\"]},{\"@type\":\"Person\",\"@id\":\"https:\\\/\\\/www.diariodeouropreto.com.br\\\/pt\\\/#\\\/schema\\\/person\\\/7654e7b471204a6dab6dc0ce6e140c99\",\"name\":\"Di\u00e1rio de Ouro Preto\",\"sameAs\":[\"http:\\\/\\\/www.diariodeouropreto.com.br\"],\"url\":\"https:\\\/\\\/www.diariodeouropreto.com.br\\\/pt\\\/author\\\/diario\\\/\"}]}<\/script>\n<!-- \/ Yoast SEO plugin. -->","yoast_head_json":{"title":"MPF recomenda anula\u00e7\u00e3o de licen\u00e7a para minera\u00e7\u00e3o e suspens\u00e3o de projetos na Serra de Ouro Preto - Di\u00e1rio de Ouro Preto","description":"\u00d3rg\u00e3o aponta falhas graves no licenciamento e riscos para o abastecimento de \u00e1gua e o patrim\u00f4nio da regi\u00e3o- MPF recomenda anula\u00e7\u00e3o de licen\u00e7a para minera\u00e7\u00e3o e suspens\u00e3o de projetos na Serra de Ouro Preto - Manchete do dia","robots":{"index":"index","follow":"follow","max-snippet":"max-snippet:-1","max-image-preview":"max-image-preview:large","max-video-preview":"max-video-preview:-1"},"canonical":"https:\/\/www.diariodeouropreto.com.br\/pt\/mpf-recomenda-anulacao-de-licenca-para-mineracao-e-suspensao-de-projetos-na-serra-de-ouro-preto\/","og_locale":"pt_PT","og_type":"article","og_title":"MPF recomenda anula\u00e7\u00e3o de licen\u00e7a para minera\u00e7\u00e3o e suspens\u00e3o de projetos na Serra de Ouro Preto - Di\u00e1rio de Ouro Preto","og_description":"\u00d3rg\u00e3o aponta falhas graves no licenciamento e riscos para o abastecimento de \u00e1gua e o patrim\u00f4nio da regi\u00e3o- MPF recomenda anula\u00e7\u00e3o de licen\u00e7a para minera\u00e7\u00e3o e suspens\u00e3o de projetos na Serra de Ouro Preto - Manchete do dia","og_url":"https:\/\/www.diariodeouropreto.com.br\/pt\/mpf-recomenda-anulacao-de-licenca-para-mineracao-e-suspensao-de-projetos-na-serra-de-ouro-preto\/","og_site_name":"Di\u00e1rio de Ouro Preto","article_publisher":"https:\/\/www.facebook.com\/diariodeouropreto\/","article_published_time":"2026-04-30T10:00:00+00:00","og_image":[{"width":600,"height":300,"url":"https:\/\/www.diariodeouropreto.com.br\/wp-content\/uploads\/2021\/04\/capa-noticia-geral-1-e1617740501646.png","type":"image\/png"}],"author":"Di\u00e1rio de Ouro Preto","twitter_card":"summary_large_image","twitter_misc":{"Escrito por":"Di\u00e1rio de Ouro Preto","Tempo estimado de leitura":"4 minutos"},"schema":{"@context":"https:\/\/schema.org","@graph":[{"@type":"Article","@id":"https:\/\/www.diariodeouropreto.com.br\/mpf-recomenda-anulacao-de-licenca-para-mineracao-e-suspensao-de-projetos-na-serra-de-ouro-preto\/#article","isPartOf":{"@id":"https:\/\/www.diariodeouropreto.com.br\/mpf-recomenda-anulacao-de-licenca-para-mineracao-e-suspensao-de-projetos-na-serra-de-ouro-preto\/"},"author":{"name":"Di\u00e1rio de Ouro Preto","@id":"https:\/\/www.diariodeouropreto.com.br\/pt\/#\/schema\/person\/7654e7b471204a6dab6dc0ce6e140c99"},"headline":"MPF recomenda anula\u00e7\u00e3o de licen\u00e7a para minera\u00e7\u00e3o e suspens\u00e3o de projetos na Serra de Ouro Preto","datePublished":"2026-04-30T10:00:00+00:00","mainEntityOfPage":{"@id":"https:\/\/www.diariodeouropreto.com.br\/mpf-recomenda-anulacao-de-licenca-para-mineracao-e-suspensao-de-projetos-na-serra-de-ouro-preto\/"},"wordCount":636,"publisher":{"@id":"https:\/\/www.diariodeouropreto.com.br\/pt\/#organization"},"image":{"@id":"https:\/\/www.diariodeouropreto.com.br\/mpf-recomenda-anulacao-de-licenca-para-mineracao-e-suspensao-de-projetos-na-serra-de-ouro-preto\/#primaryimage"},"thumbnailUrl":"https:\/\/www.diariodeouropreto.com.br\/wp-content\/uploads\/2021\/04\/capa-noticia-geral-1-e1617740501646.png","articleSection":["Manchete do dia"],"inLanguage":"pt-PT"},{"@type":"WebPage","@id":"https:\/\/www.diariodeouropreto.com.br\/mpf-recomenda-anulacao-de-licenca-para-mineracao-e-suspensao-de-projetos-na-serra-de-ouro-preto\/","url":"https:\/\/www.diariodeouropreto.com.br\/mpf-recomenda-anulacao-de-licenca-para-mineracao-e-suspensao-de-projetos-na-serra-de-ouro-preto\/","name":"MPF recomenda anula\u00e7\u00e3o de licen\u00e7a para minera\u00e7\u00e3o e suspens\u00e3o de projetos na Serra de Ouro Preto - Di\u00e1rio de Ouro Preto","isPartOf":{"@id":"https:\/\/www.diariodeouropreto.com.br\/pt\/#website"},"primaryImageOfPage":{"@id":"https:\/\/www.diariodeouropreto.com.br\/mpf-recomenda-anulacao-de-licenca-para-mineracao-e-suspensao-de-projetos-na-serra-de-ouro-preto\/#primaryimage"},"image":{"@id":"https:\/\/www.diariodeouropreto.com.br\/mpf-recomenda-anulacao-de-licenca-para-mineracao-e-suspensao-de-projetos-na-serra-de-ouro-preto\/#primaryimage"},"thumbnailUrl":"https:\/\/www.diariodeouropreto.com.br\/wp-content\/uploads\/2021\/04\/capa-noticia-geral-1-e1617740501646.png","datePublished":"2026-04-30T10:00:00+00:00","description":"\u00d3rg\u00e3o aponta falhas graves no licenciamento e riscos para o abastecimento de \u00e1gua e o patrim\u00f4nio da regi\u00e3o- MPF recomenda anula\u00e7\u00e3o de licen\u00e7a para minera\u00e7\u00e3o e suspens\u00e3o de projetos na Serra de Ouro Preto - Manchete do dia","breadcrumb":{"@id":"https:\/\/www.diariodeouropreto.com.br\/mpf-recomenda-anulacao-de-licenca-para-mineracao-e-suspensao-de-projetos-na-serra-de-ouro-preto\/#breadcrumb"},"inLanguage":"pt-PT","potentialAction":[{"@type":"ReadAction","target":["https:\/\/www.diariodeouropreto.com.br\/mpf-recomenda-anulacao-de-licenca-para-mineracao-e-suspensao-de-projetos-na-serra-de-ouro-preto\/"]}]},{"@type":"ImageObject","inLanguage":"pt-PT","@id":"https:\/\/www.diariodeouropreto.com.br\/mpf-recomenda-anulacao-de-licenca-para-mineracao-e-suspensao-de-projetos-na-serra-de-ouro-preto\/#primaryimage","url":"https:\/\/www.diariodeouropreto.com.br\/wp-content\/uploads\/2021\/04\/capa-noticia-geral-1-e1617740501646.png","contentUrl":"https:\/\/www.diariodeouropreto.com.br\/wp-content\/uploads\/2021\/04\/capa-noticia-geral-1-e1617740501646.png","width":600,"height":300},{"@type":"BreadcrumbList","@id":"https:\/\/www.diariodeouropreto.com.br\/mpf-recomenda-anulacao-de-licenca-para-mineracao-e-suspensao-de-projetos-na-serra-de-ouro-preto\/#breadcrumb","itemListElement":[{"@type":"ListItem","position":1,"name":"In\u00edcio","item":"https:\/\/www.diariodeouropreto.com.br\/pt\/"},{"@type":"ListItem","position":2,"name":"MPF recomenda anula\u00e7\u00e3o de licen\u00e7a para minera\u00e7\u00e3o e suspens\u00e3o de projetos na Serra de Ouro Preto"}]},{"@type":"WebSite","@id":"https:\/\/www.diariodeouropreto.com.br\/pt\/#website","url":"https:\/\/www.diariodeouropreto.com.br\/pt\/","name":"Di\u00e1rio de Ouro Preto","description":"Not\u00edcias Ouro Preto; Mariana;Minas Gerais;Jornal;Jornalismo;Not\u00edcias;","publisher":{"@id":"https:\/\/www.diariodeouropreto.com.br\/pt\/#organization"},"alternateName":"Jornal di\u00e1rio de Ouro Preto","potentialAction":[{"@type":"SearchAction","target":{"@type":"EntryPoint","urlTemplate":"https:\/\/www.diariodeouropreto.com.br\/pt\/?s={search_term_string}"},"query-input":{"@type":"PropertyValueSpecification","valueRequired":true,"valueName":"search_term_string"}}],"inLanguage":"pt-PT"},{"@type":"Organization","@id":"https:\/\/www.diariodeouropreto.com.br\/pt\/#organization","name":"Di\u00e1rio de Ouro Preto","alternateName":"Jornal di\u00e1rio Ouro Preto","url":"https:\/\/www.diariodeouropreto.com.br\/pt\/","logo":{"@type":"ImageObject","inLanguage":"pt-PT","@id":"https:\/\/www.diariodeouropreto.com.br\/pt\/#\/schema\/logo\/image\/","url":"https:\/\/www.diariodeouropreto.com.br\/wp-content\/uploads\/2019\/06\/cropped-logotransp-2.png","contentUrl":"https:\/\/www.diariodeouropreto.com.br\/wp-content\/uploads\/2019\/06\/cropped-logotransp-2.png","width":1323,"height":251,"caption":"Di\u00e1rio de Ouro Preto"},"image":{"@id":"https:\/\/www.diariodeouropreto.com.br\/pt\/#\/schema\/logo\/image\/"},"sameAs":["https:\/\/www.facebook.com\/diariodeouropreto\/"]},{"@type":"Person","@id":"https:\/\/www.diariodeouropreto.com.br\/pt\/#\/schema\/person\/7654e7b471204a6dab6dc0ce6e140c99","name":"Di\u00e1rio de Ouro Preto","sameAs":["http:\/\/www.diariodeouropreto.com.br"],"url":"https:\/\/www.diariodeouropreto.com.br\/pt\/author\/diario\/"}]}},"jetpack_publicize_connections":[],"jetpack_featured_media_url":"https:\/\/www.diariodeouropreto.com.br\/wp-content\/uploads\/2021\/04\/capa-noticia-geral-1-e1617740501646.png","jetpack-related-posts":[{"id":32752,"url":"https:\/\/www.diariodeouropreto.com.br\/pt\/justica-federal-atende-pedido-do-mpf-e-suspende-licencas-de-loteamento-em-paisagem-tombada-de-ouro-preto\/","url_meta":{"origin":52018,"position":0},"title":"Justi\u00e7a Federal atende pedido do MPF e suspende licen\u00e7as de loteamento em paisagem tombada de Ouro Preto","author":"Di\u00e1rio de Ouro Preto","date":"6 de Maio de 2024","format":false,"excerpt":"Decis\u00e3o liminar suspende obras e divulga\u00e7\u00e3o do Residencial Vila Rica, protegendo o patrim\u00f4nio hist\u00f3rico e ambiental da regi\u00e3o A Justi\u00e7a Federal deferiu parcialmente os pedidos de tutela provis\u00f3ria do Minist\u00e9rio P\u00fablico Federal (MPF) em uma a\u00e7\u00e3o civil p\u00fablica que envolve o empreendimento Residencial Vila Rica, localizado na regi\u00e3o da Jacuba,\u2026","rel":"","context":"In &quot;Ouro Preto&quot;","block_context":{"text":"Ouro Preto","link":"https:\/\/www.diariodeouropreto.com.br\/pt\/Editoria\/ouro-preto\/"},"img":{"alt_text":"","src":"https:\/\/i0.wp.com\/www.diariodeouropreto.com.br\/wp-content\/uploads\/2022\/09\/capa-noticia-geral-e1617738740372.jpg?resize=350%2C200&ssl=1","width":350,"height":200,"srcset":"https:\/\/i0.wp.com\/www.diariodeouropreto.com.br\/wp-content\/uploads\/2022\/09\/capa-noticia-geral-e1617738740372.jpg?resize=350%2C200&ssl=1 1x, https:\/\/i0.wp.com\/www.diariodeouropreto.com.br\/wp-content\/uploads\/2022\/09\/capa-noticia-geral-e1617738740372.jpg?resize=525%2C300&ssl=1 1.5x"},"classes":[]},{"id":31250,"url":"https:\/\/www.diariodeouropreto.com.br\/pt\/mpf-ajuiza-acao-contra-loteamento-em-ouro-preto\/","url_meta":{"origin":52018,"position":1},"title":"MPF aju\u00edza a\u00e7\u00e3o contra loteamento em Ouro Preto","author":"Di\u00e1rio de Ouro Preto","date":"30 de Mar\u00e7o de 2024","format":false,"excerpt":"O Minist\u00e9rio P\u00fablico Federal (MPF) ajuizou a\u00e7\u00e3o civil p\u00fablica, com pedido de liminar, contra a empresa a Prospec\u00e7\u00e3o Participa\u00e7\u00f5es Eireli, que pretende implantar empreendimento imobili\u00e1rio que causa severas cicatrizes na paisagem local das montanhas tombadas a n\u00edvel federal que emolduram Ouro Preto (MG). A \u00e1rea degradada pela instala\u00e7\u00e3o do loteamento\u2026","rel":"","context":"In &quot;Ouro Preto&quot;","block_context":{"text":"Ouro Preto","link":"https:\/\/www.diariodeouropreto.com.br\/pt\/Editoria\/ouro-preto\/"},"img":{"alt_text":"","src":"https:\/\/i0.wp.com\/www.diariodeouropreto.com.br\/wp-content\/uploads\/2021\/04\/capa-noticia-geral-e1617738740372.png?resize=350%2C200&ssl=1","width":350,"height":200,"srcset":"https:\/\/i0.wp.com\/www.diariodeouropreto.com.br\/wp-content\/uploads\/2021\/04\/capa-noticia-geral-e1617738740372.png?resize=350%2C200&ssl=1 1x, https:\/\/i0.wp.com\/www.diariodeouropreto.com.br\/wp-content\/uploads\/2021\/04\/capa-noticia-geral-e1617738740372.png?resize=525%2C300&ssl=1 1.5x"},"classes":[]},{"id":21992,"url":"https:\/\/www.diariodeouropreto.com.br\/pt\/serra-do-curral-iphan-retirou-aval-a-mineradora-ao-detectar-falhas\/","url_meta":{"origin":52018,"position":2},"title":"Serra do Curral: Iphan retirou aval \u00e0 mineradora ao detectar falhas","author":"Di\u00e1rio de Ouro Preto","date":"29 de Mar\u00e7o de 2023","format":false,"excerpt":"Parecer t\u00e9cnico do Instituto do Patrim\u00f4nio Hist\u00f3rico e Art\u00edstico Nacional (Iphan) indica que a an\u00e1lise que resultou na concess\u00e3o da anu\u00eancia para a fase 2 do Complexo Miner\u00e1rio Serra do Taquaril falhou ao aplicar o arcabou\u00e7o normativo do \u00f3rg\u00e3o. O empreendimento da mineradora Tamisa voltado para a explora\u00e7\u00e3o de min\u00e9rio\u2026","rel":"","context":"In &quot;Caderno Verde&quot;","block_context":{"text":"Caderno Verde","link":"https:\/\/www.diariodeouropreto.com.br\/pt\/Editoria\/caderno-verde\/"},"img":{"alt_text":"","src":"https:\/\/i0.wp.com\/www.diariodeouropreto.com.br\/wp-content\/uploads\/2023\/03\/mineracao-serra_do_curral-1.jpg?resize=350%2C200&ssl=1","width":350,"height":200,"srcset":"https:\/\/i0.wp.com\/www.diariodeouropreto.com.br\/wp-content\/uploads\/2023\/03\/mineracao-serra_do_curral-1.jpg?resize=350%2C200&ssl=1 1x, https:\/\/i0.wp.com\/www.diariodeouropreto.com.br\/wp-content\/uploads\/2023\/03\/mineracao-serra_do_curral-1.jpg?resize=525%2C300&ssl=1 1.5x, https:\/\/i0.wp.com\/www.diariodeouropreto.com.br\/wp-content\/uploads\/2023\/03\/mineracao-serra_do_curral-1.jpg?resize=700%2C400&ssl=1 2x, https:\/\/i0.wp.com\/www.diariodeouropreto.com.br\/wp-content\/uploads\/2023\/03\/mineracao-serra_do_curral-1.jpg?resize=1050%2C600&ssl=1 3x"},"classes":[]},{"id":50113,"url":"https:\/\/www.diariodeouropreto.com.br\/pt\/governo-de-minas-amplia-para-r-33-milhoes-multa-aplicada-a-mineradora-vale-por-danos-ambientais-na-regiao-central-de-minas\/","url_meta":{"origin":52018,"position":3},"title":"Governo de Minas amplia para R$ 3,3 milh\u00f5es multa aplicada \u00e0 mineradora Vale por danos ambientais na regi\u00e3o Central de Minas","author":"Di\u00e1rio de Ouro Preto","date":"2 de Fevereiro de 2026","format":false,"excerpt":"Valor foi atualizado devido \u00e0 reincid\u00eancia em caso semelhante, em 2023; em reuni\u00e3o nesta sexta (30\/1) com a empresa, Estado exigiu celeridade nas medidas ambientais e de seguran\u00e7a O\u00a0Governo de Minas\u00a0ampliou a multa aplicada \u00e0 mineradora Vale, de R$ 1,7 milh\u00e3o para R$ 3,3 milh\u00f5es, em raz\u00e3o das ocorr\u00eancias recentes\u2026","rel":"","context":"In &quot;Minas Gerais&quot;","block_context":{"text":"Minas Gerais","link":"https:\/\/www.diariodeouropreto.com.br\/pt\/Editoria\/minas-gerais\/"},"img":{"alt_text":"","src":"https:\/\/i0.wp.com\/www.diariodeouropreto.com.br\/wp-content\/uploads\/2026\/02\/cortada.jpg?resize=350%2C200&ssl=1","width":350,"height":200,"srcset":"https:\/\/i0.wp.com\/www.diariodeouropreto.com.br\/wp-content\/uploads\/2026\/02\/cortada.jpg?resize=350%2C200&ssl=1 1x, https:\/\/i0.wp.com\/www.diariodeouropreto.com.br\/wp-content\/uploads\/2026\/02\/cortada.jpg?resize=525%2C300&ssl=1 1.5x, https:\/\/i0.wp.com\/www.diariodeouropreto.com.br\/wp-content\/uploads\/2026\/02\/cortada.jpg?resize=700%2C400&ssl=1 2x"},"classes":[]},{"id":15729,"url":"https:\/\/www.diariodeouropreto.com.br\/pt\/deputada-estadual-beatriz-cerqueira-e-deputado-federal-rogerio-correia-protocolam-recurso-contra-decisao-que-autorizou-mineracao-na-serra-do-curral\/","url_meta":{"origin":52018,"position":4},"title":"Deputada estadual Beatriz Cerqueira e deputado federal Rog\u00e9rio Correia protocolam recurso contra decis\u00e3o que autorizou minera\u00e7\u00e3o na Serra do Curral","author":"Di\u00e1rio de Ouro Preto","date":"18 de Maio de 2022","format":false,"excerpt":"No recurso de 32 p\u00e1ginas, instru\u00eddo com 1826 p\u00e1ginas de documentos comprobat\u00f3rios, foram apresentadas e fundamentadas as seguintes quest\u00f5es: Conselheiro impedido de participar do processo de vota\u00e7\u00e3o O Conselheiro Carlos Eduardo Orsini Nunes de Lima, representante da Sociedade Mineira de Engenheiros figura como s\u00f3cio de duas sociedades empres\u00e1rias, que s\u00e3o:\u2026","rel":"","context":"In &quot;Pol\u00edtica&quot;","block_context":{"text":"Pol\u00edtica","link":"https:\/\/www.diariodeouropreto.com.br\/pt\/Editoria\/politica\/"},"img":{"alt_text":"","src":"https:\/\/i0.wp.com\/www.diariodeouropreto.com.br\/wp-content\/uploads\/2022\/05\/WhatsApp-Image-2022-05-18-at-17.17.40-1.jpeg?resize=350%2C200&ssl=1","width":350,"height":200,"srcset":"https:\/\/i0.wp.com\/www.diariodeouropreto.com.br\/wp-content\/uploads\/2022\/05\/WhatsApp-Image-2022-05-18-at-17.17.40-1.jpeg?resize=350%2C200&ssl=1 1x, https:\/\/i0.wp.com\/www.diariodeouropreto.com.br\/wp-content\/uploads\/2022\/05\/WhatsApp-Image-2022-05-18-at-17.17.40-1.jpeg?resize=525%2C300&ssl=1 1.5x, https:\/\/i0.wp.com\/www.diariodeouropreto.com.br\/wp-content\/uploads\/2022\/05\/WhatsApp-Image-2022-05-18-at-17.17.40-1.jpeg?resize=700%2C400&ssl=1 2x, https:\/\/i0.wp.com\/www.diariodeouropreto.com.br\/wp-content\/uploads\/2022\/05\/WhatsApp-Image-2022-05-18-at-17.17.40-1.jpeg?resize=1050%2C600&ssl=1 3x"},"classes":[]},{"id":43752,"url":"https:\/\/www.diariodeouropreto.com.br\/pt\/patrimonio-mineracao-esclarece-operacao-em-ouro-preto-e-reforca-compromisso-com-a-legalidade\/","url_meta":{"origin":52018,"position":5},"title":"Patrim\u00f4nio Minera\u00e7\u00e3o esclarece opera\u00e7\u00e3o em Ouro Preto e refor\u00e7a compromisso com a Legalidade","author":"Di\u00e1rio de Ouro Preto","date":"11 de Abril de 2025","format":false,"excerpt":"Ouro Preto \u2013 A Patrim\u00f4nio Minera\u00e7\u00e3o, empresa do Grupo Minerar, veio a p\u00fablico nesta quinta-feira, 10\/04, por meio de um comunicado para esclarecer recentes not\u00edcias veiculadas sobre suas opera\u00e7\u00f5es na localidade de Botafogo. A empresa rebateu informa\u00e7\u00f5es que classificou como \"imprecisas\" e reafirmou seu compromisso com a transpar\u00eancia, o desenvolvimento\u2026","rel":"","context":"In &quot;Ouro Preto&quot;","block_context":{"text":"Ouro Preto","link":"https:\/\/www.diariodeouropreto.com.br\/pt\/Editoria\/ouro-preto\/"},"img":{"alt_text":"","src":"https:\/\/i0.wp.com\/www.diariodeouropreto.com.br\/wp-content\/uploads\/2021\/04\/capa-noticia-geral-1-e1617740501646.png?resize=350%2C200&ssl=1","width":350,"height":200,"srcset":"https:\/\/i0.wp.com\/www.diariodeouropreto.com.br\/wp-content\/uploads\/2021\/04\/capa-noticia-geral-1-e1617740501646.png?resize=350%2C200&ssl=1 1x, https:\/\/i0.wp.com\/www.diariodeouropreto.com.br\/wp-content\/uploads\/2021\/04\/capa-noticia-geral-1-e1617740501646.png?resize=525%2C300&ssl=1 1.5x"},"classes":[]}],"jetpack_sharing_enabled":true,"amp_enabled":true,"_links":{"self":[{"href":"https:\/\/www.diariodeouropreto.com.br\/pt\/wp-json\/wp\/v2\/posts\/52018","targetHints":{"allow":["GET"]}}],"collection":[{"href":"https:\/\/www.diariodeouropreto.com.br\/pt\/wp-json\/wp\/v2\/posts"}],"about":[{"href":"https:\/\/www.diariodeouropreto.com.br\/pt\/wp-json\/wp\/v2\/types\/post"}],"author":[{"embeddable":true,"href":"https:\/\/www.diariodeouropreto.com.br\/pt\/wp-json\/wp\/v2\/users\/1"}],"replies":[{"embeddable":true,"href":"https:\/\/www.diariodeouropreto.com.br\/pt\/wp-json\/wp\/v2\/comments?post=52018"}],"version-history":[{"count":1,"href":"https:\/\/www.diariodeouropreto.com.br\/pt\/wp-json\/wp\/v2\/posts\/52018\/revisions"}],"predecessor-version":[{"id":52020,"href":"https:\/\/www.diariodeouropreto.com.br\/pt\/wp-json\/wp\/v2\/posts\/52018\/revisions\/52020"}],"wp:featuredmedia":[{"embeddable":true,"href":"https:\/\/www.diariodeouropreto.com.br\/pt\/wp-json\/wp\/v2\/media\/7482"}],"wp:attachment":[{"href":"https:\/\/www.diariodeouropreto.com.br\/pt\/wp-json\/wp\/v2\/media?parent=52018"}],"wp:term":[{"taxonomy":"category","embeddable":true,"href":"https:\/\/www.diariodeouropreto.com.br\/pt\/wp-json\/wp\/v2\/categories?post=52018"},{"taxonomy":"post_tag","embeddable":true,"href":"https:\/\/www.diariodeouropreto.com.br\/pt\/wp-json\/wp\/v2\/tags?post=52018"}],"curies":[{"name":"wp","href":"https:\/\/api.w.org\/{rel}","templated":true}]}}