{"id":52013,"date":"2026-04-30T08:01:00","date_gmt":"2026-04-30T11:01:00","guid":{"rendered":"https:\/\/www.diariodeouropreto.com.br\/?p=52013"},"modified":"2026-04-29T16:05:05","modified_gmt":"2026-04-29T19:05:05","slug":"demonstrativo-financeiro-efi-s-a-instituicao-de-pagamentos-2025","status":"publish","type":"post","link":"https:\/\/www.diariodeouropreto.com.br\/pt\/demonstrativo-financeiro-efi-s-a-instituicao-de-pagamentos-2025\/","title":{"rendered":"Demonstrativo financeiro Ef\u00ed S.A. \u2013 Institui\u00e7\u00e3o de Pagamentos 2025"},"content":{"rendered":"<p><strong>Aviso<\/strong><\/p>\n\n\n\n<p>As demonstra\u00e7\u00f5es financeiras apresentadas a seguir s\u00e3o demonstra\u00e7\u00f5es financeiras resumidas e n\u00e3o devem ser consideradas isoladamente para a tomada de decis\u00e3o. O entendimento da situa\u00e7\u00e3o financeira e patrimonial da companhia demanda a leitura das demonstra\u00e7\u00f5es financeiras completas auditadas, elaboradas na forma da legisla\u00e7\u00e3o societ\u00e1ria e da regulamenta\u00e7\u00e3o cont\u00e1bil aplic\u00e1vel. As demonstra\u00e7\u00f5es financeiras completas auditadas, incluindo o respectivo relat\u00f3rio do auditor independente, est\u00e1 dispon\u00edvel no seguinte endere\u00e7o eletr\u00f4nico:<\/p>\n\n\n\n<p><a href=\"https:\/\/sejaefi.com.br\/governanca-corporativa\" data-wpel-link=\"external\" target=\"_blank\" rel=\"follow external noopener noreferrer sponsored ugc\">https:\/\/sejaefi.com.br\/governanca-corporativa<\/a><\/p>\n\n\n\n<p><strong>Relat\u00f3rio da administra\u00e7\u00e3o<\/strong><strong><\/strong><\/p>\n\n\n\n<p>O Ef\u00ed S.A. \u2013 Institui\u00e7\u00e3o de Pagamento \u00e9 a entidade l\u00edder do Conglomerado Prudencial Ef\u00ed, consolidada como emissora de moeda eletr\u00f4nica e especializada em servi\u00e7os financeiros digitais. Sua atua\u00e7\u00e3o \u00e9 baseada em simplicidade, efici\u00eancia, seguran\u00e7a e inova\u00e7\u00e3o tecnol\u00f3gica, com uso intensivo de dados e arquitetura escal\u00e1vel para atender pessoas f\u00edsicas e jur\u00eddicas em todo o pa\u00eds. No \u00e2mbito societ\u00e1rio, controla a Ef\u00ed SCFI, voltada a cr\u00e9dito e financiamento, e a Eva Benef\u00edcios, focada em solu\u00e7\u00f5es corporativas. Integra o Grupo Gerencianet, formando um ecossistema com solu\u00e7\u00f5es financeiras completas e integradas.<\/p>\n\n\n\n<p>Com sede em Ouro Preto e presen\u00e7a em S\u00e3o Paulo e Recife, mant\u00e9m atua\u00e7\u00e3o nacional estruturada, com foco em crescimento sustent\u00e1vel, efici\u00eancia operacional e rigor regulat\u00f3rio. Seu portf\u00f3lio \u00e9 oferecido por APIs e conta digital, com tecnologia propriet\u00e1ria e alta capacidade de integra\u00e7\u00e3o. A estrat\u00e9gia \u00e9 centrada na experi\u00eancia do cliente, buscando simplificar jornadas financeiras com seguran\u00e7a e efici\u00eancia. Seus valores incluem transpar\u00eancia, inova\u00e7\u00e3o, sustentabilidade e foco em pessoas e resultados. Em 2025, houve aprofundamento na atua\u00e7\u00e3o com empresas, priorizando segmentos com maior recorr\u00eancia e potencial de gera\u00e7\u00e3o de valor. O desempenho operacional refletiu expans\u00e3o consistente: a base de clientes atingiu 778 mil, crescimento de 32%; as emiss\u00f5es de cobran\u00e7a superaram 740 milh\u00f5es, alta de 54%; e o volume transacionado chegou a R$ 113 bilh\u00f5es, aumento de 99%. A receita bruta cresceu 17% e o lucro l\u00edquido 75%, evidenciando ganho de escala, efici\u00eancia e maior previsibilidade de receitas. A Institui\u00e7\u00e3o tamb\u00e9m recebeu diversos reconhecimentos em inova\u00e7\u00e3o, experi\u00eancia do cliente, solidez e governan\u00e7a. Destacam-se premia\u00e7\u00f5es como ClienteSA, selo RA1000, ranking EXAME Neg\u00f3cios em Expans\u00e3o e rating A(bra) pela Fitch. Na gest\u00e3o de pessoas, obteve reconhecimento internacional e certifica\u00e7\u00e3o como excelente lugar para trabalhar. Em governan\u00e7a e seguran\u00e7a, recebeu selo de preven\u00e7\u00e3o a fraudes, refor\u00e7ando seu compromisso com controle e prote\u00e7\u00e3o. No campo estrat\u00e9gico, foram revisadas diretrizes com foco at\u00e9 2030, incluindo diversifica\u00e7\u00e3o de receitas, fortalecimento da governan\u00e7a, melhoria da experi\u00eancia do cliente e ganho de efici\u00eancia operacional. Houve evolu\u00e7\u00e3o na atua\u00e7\u00e3o comercial, na organiza\u00e7\u00e3o interna e na arquitetura tecnol\u00f3gica, com investimentos em escalabilidade, seguran\u00e7a e uso de intelig\u00eancia artificial. Entre os avan\u00e7os em produtos, destacam-se solu\u00e7\u00f5es de cr\u00e9dito, capital de giro, uso de CDB como garantia e expans\u00e3o do Pix indireto. A Institui\u00e7\u00e3o tamb\u00e9m iniciou transi\u00e7\u00e3o para um novo enquadramento prudencial, compat\u00edvel com seu crescimento. No \u00e2mbito tecnol\u00f3gico, refor\u00e7ou governan\u00e7a de TI e seguran\u00e7a da informa\u00e7\u00e3o, incluindo certifica\u00e7\u00f5es relevantes.<\/p>\n\n\n\n<p>Em s\u00edntese, 2025 marcou a consolida\u00e7\u00e3o de um ciclo de crescimento sustent\u00e1vel, com fortalecimento estrutural, avan\u00e7o estrat\u00e9gico e maior relev\u00e2ncia no sistema financeiro. A Institui\u00e7\u00e3o encerra o per\u00edodo preparada para expandir com disciplina, mantendo equil\u00edbrio entre crescimento, rentabilidade e solidez<\/p>\n\n\n\n<p>A Administra\u00e7\u00e3o&nbsp;&nbsp;&nbsp;&nbsp;<\/p>\n\n\n\n<div data-wp-interactive=\"core\/file\" class=\"wp-block-file\"><object data-wp-bind--hidden=\"!state.hasPdfPreview\" hidden class=\"wp-block-file__embed\" data=\"https:\/\/www.diariodeouropreto.com.br\/wp-content\/uploads\/2026\/04\/DF-Resumida-Efi-IP-12-2025.docx.pdf\" type=\"application\/pdf\" style=\"width:100%;height:600px\" aria-label=\"Incorpora\u00e7\u00e3o de DF Resumida - Ef\u00ed IP - 12-2025.docx.\"><\/object><a id=\"wp-block-file--media-f71c5397-a8e5-40bf-9157-0c0cfd78337c\" href=\"https:\/\/www.diariodeouropreto.com.br\/wp-content\/uploads\/2026\/04\/DF-Resumida-Efi-IP-12-2025.docx.pdf\" data-wpel-link=\"external\" target=\"_blank\" rel=\"follow external noopener noreferrer sponsored ugc\">DF Resumida &#8211; Ef\u00ed IP &#8211; 12-2025.docx<\/a><a href=\"https:\/\/www.diariodeouropreto.com.br\/wp-content\/uploads\/2026\/04\/DF-Resumida-Efi-IP-12-2025.docx.pdf\" class=\"wp-block-file__button wp-element-button\" download=\"\" aria-describedby=\"wp-block-file--media-f71c5397-a8e5-40bf-9157-0c0cfd78337c\" data-wpel-link=\"external\" target=\"_blank\" rel=\"follow external noopener noreferrer sponsored ugc\">Baixar<\/a><\/div>\n\n\n\n<ol class=\"wp-block-list\">\n<li><strong>Contexto Operacional:<\/strong> O Ef\u00ed S.A. \u00e9 uma institui\u00e7\u00e3o de pagamento de capital fechado, l\u00edder do <strong>Conglomerado Prudencial Ef\u00ed<\/strong>. Seu objeto social inclui a gest\u00e3o de contas de pagamento, emiss\u00e3o de moeda eletr\u00f4nica (pr\u00e9-paga) e de instrumentos p\u00f3s-pagos, al\u00e9m de servi\u00e7os de credenciamento e inicia\u00e7\u00e3o de transa\u00e7\u00f5es de pagamento.<\/li>\n\n\n\n<li><strong>Pol\u00edticas cont\u00e1beis significativas:<\/strong><\/li>\n<\/ol>\n\n\n\n<ol class=\"wp-block-list\">\n<li><strong>Bases de Elabora\u00e7\u00e3o e Apresenta\u00e7\u00e3o:<\/strong> As demonstra\u00e7\u00f5es financeiras seguem as pr\u00e1ticas cont\u00e1beis adotadas no Brasil aplic\u00e1veis \u00e0s IPs, conforme diretrizes do <strong>Banco Central do Brasil (BCB)<\/strong> e a Resolu\u00e7\u00e3o BCB n\u00ba 2\/2020, utilizando como moeda funcional o Real. A Administra\u00e7\u00e3o confirmou a viabilidade da continuidade operacional da institui\u00e7\u00e3o.<\/li>\n\n\n\n<li><strong>Apura\u00e7\u00e3o do resultado:<\/strong> Regime de compet\u00eancia, com as receitas e as despesas reconhecidas na apura\u00e7\u00e3o do resultado do per\u00edodo a que pertencem.<\/li>\n\n\n\n<li><strong>Determina\u00e7\u00e3o do valor justo: <\/strong>mensurados segundo a hierarquia de mensura\u00e7\u00e3o do valor justo descrita a seguir:<\/li>\n<\/ol>\n\n\n\n<ul class=\"wp-block-list\">\n<li>N\u00edvel 1: Cota\u00e7\u00f5es de pre\u00e7os observ\u00e1veis em mercados ativos para o mesmo instrumento financeiro.<\/li>\n\n\n\n<li>N\u00edvel 2: Cota\u00e7\u00f5es de pre\u00e7os observ\u00e1veis em mercados ativos para instrumentos financeiros com caracter\u00edsticas semelhantes.<\/li>\n\n\n\n<li>N\u00edvel 3: Modelos de precifica\u00e7\u00e3o nos quais transa\u00e7\u00f5es de mercado atual ou dados observ\u00e1veis n\u00e3o est\u00e3o dispon\u00edveis e que exigem alto grau de julgamento e estimativa.\u00a0<\/li>\n<\/ul>\n\n\n\n<ol start=\"4\" class=\"wp-block-list\">\n<li><strong>Normas que possuem aplica\u00e7\u00e3o ap\u00f3s 31 de dezembro de 2025<\/strong>: Lei complementar n\u00ba 224, de 26 de dezembro de 2025 \u2013 Altera para 15% (quinze por cento) a al\u00edquota da Contribui\u00e7\u00e3o Social sobre Lucro L\u00edquido (CSLL), para as Institui\u00e7\u00f5es de Pagamento, com efeitos a partir de 1\u00ba de abril de 2026.\u00a0\u00a0<\/li>\n\n\n\n<li><strong>Mudan\u00e7as de Pr\u00e1ticas Cont\u00e1beis<\/strong> O exerc\u00edcio foi marcado pela ado\u00e7\u00e3o da <strong>Resolu\u00e7\u00e3o BCB n\u00ba 352\/23<\/strong>, que define novos crit\u00e9rios para instrumentos financeiros e provis\u00f5es para perdas esperadas. Al\u00e9m disso, destaca-se a Lei Complementar n\u00ba 224\/25, que alterar\u00e1 a al\u00edquota da CSLL para 15% a partir de abril de 2026.<\/li>\n\n\n\n<li><strong>Disponibilidades: <\/strong>recursos com de vencimento igual ou inferior a 90 dias<\/li>\n\n\n\n<li><strong>Aplica\u00e7\u00f5es interfinanceiras de liquidez: <\/strong>registradas a custo de aquisi\u00e7\u00e3o, acrescidas dos rendimentos auferidos at\u00e9 a data do balan\u00e7o, deduzidas de provis\u00e3o para perdas por desvaloriza\u00e7\u00e3o, quando aplic\u00e1vel.<\/li>\n\n\n\n<li><strong>T\u00edtulos e valores mobili\u00e1rios: <\/strong>registrados e classificados de acordo com a Circular BACEN n\u00ba 3.068\/2001, classificados como: I. t\u00edtulos para negocia\u00e7\u00e3o; II. t\u00edtulos mantidos at\u00e9 o vencimento; e III. t\u00edtulos dispon\u00edveis para venda.<\/li>\n\n\n\n<li><strong>Investimentos: <\/strong>participa\u00e7\u00f5es em controladas s\u00e3o avaliadas pelo m\u00e9todo de equival\u00eancia patrimonial. Os outros investimentos permanentes est\u00e3o avaliados pelo custo de aquisi\u00e7\u00e3o, deduzido, quando aplic\u00e1vel, de provis\u00e3o para perdas. O \u00e1gio por expectativa de rentabilidade futura (goodwill) \u00e9 reconhecido e mensurado no momento da aquisi\u00e7\u00e3o de participa\u00e7\u00e3o em controladas, representado pelo excedente entre o valor da contrapresta\u00e7\u00e3o transferida (pre\u00e7o de compra) e a participa\u00e7\u00e3o da Institui\u00e7\u00e3o no valor justo dos ativos l\u00edquidos.<\/li>\n\n\n\n<li><strong>Imobilizado de uso: <\/strong>s\u00e3o mensurados pelo custo hist\u00f3rico de aquisi\u00e7\u00e3o ou constru\u00e7\u00e3o, deduzido de deprecia\u00e7\u00e3o acumulada e quaisquer perdas acumuladas por redu\u00e7\u00e3o ao valor recuper\u00e1vel (impairment), quando aplic\u00e1veis.\u00a0<\/li>\n\n\n\n<li><strong>Intang\u00edvel: <\/strong>correspondem aos direitos adquiridos que tenham por objeto bens incorp\u00f3reos destinados \u00e0 manuten\u00e7\u00e3o da Institui\u00e7\u00e3o ou exercidos com essa finalidade. \u00c9 composto, principalmente, por: (i) Direitos de uso; e (ii) Softwares e intang\u00edveis gerados internamente\u00a0<\/li>\n\n\n\n<li><strong>Ativos e passivos contingentes: <\/strong>O reconhecimento, a mensura\u00e7\u00e3o e a divulga\u00e7\u00e3o das provis\u00f5es dos ativos e dos passivos contingentes e das obriga\u00e7\u00f5es legais s\u00e3o efetuadas de acordo com a Resolu\u00e7\u00e3o CMN n\u00b0 3.823\/2009 e de acordo com os crit\u00e9rios definidos pelo Comit\u00ea de Pronunciamentos Cont\u00e1beis (CPC 25) &#8211; Provis\u00f5es, passivos e ativos contingentes.\u00a0<\/li>\n\n\n\n<li><strong>Imposto de renda e contribui\u00e7\u00e3o social: s\u00e3o<\/strong> calculados pelo regime de tributa\u00e7\u00e3o do Lucro Real.<\/li>\n\n\n\n<li><strong>Outros passivos: <\/strong>s\u00e3o demonstrados pelos valores conhecidos, acrescidos, quando aplic\u00e1vel, dos correspondentes encargos, ajustados ao seu valor presente.<\/li>\n\n\n\n<li><strong>Conting\u00eancias:<\/strong> Classifica\u00e7\u00e3o de processos judiciais em prov\u00e1vel (provisionado), poss\u00edvel ou remoto.<\/li>\n\n\n\n<li><strong>Resultados recorrentes\/n\u00e3o recorrentes: r<\/strong>ecorrentes s\u00e3o os resultados oriundos das opera\u00e7\u00f5es realizadas de acordo com o objeto social e n\u00e3o recorrente aqueles que n\u00e3o fazem parte da opera\u00e7\u00e3o da Institui\u00e7\u00e3o.\u00a0<\/li>\n\n\n\n<li><strong>Carteira de cr\u00e9dito: <\/strong>ativo financeiro classificado conforme Resolu\u00e7\u00e3o BCB n\u00ba 352\/23<strong>. <\/strong>A Institui\u00e7\u00e3o busca junto \u00e0 sua controlada, o Ef\u00ed SCFI, o financiamento dos saldos n\u00e3o liquidados na data de vencimento do cart\u00e3o de cr\u00e9dito dos clientes (rotativo).<\/li>\n\n\n\n<li><strong>Provis\u00f5es para perdas esperadas associadas ao risco de cr\u00e9dito: <\/strong>observa a segrega\u00e7\u00e3o dos ativos financeiros consoante o art. n\u00ba 81 da Resolu\u00e7\u00e3o BCB n\u00ba 352\/23, bem como os percentuais m\u00ednimos de provis\u00e3o para perdas estabelecidos no art. 78 e nos anexos I e II.\u00a0<\/li>\n\n\n\n<li><strong>Eventos Subsequentes:<\/strong> Em outubro de 2025, o Conglomerado Ef\u00ed foi reclassificado pelo BCB para o <strong>Segmento S4<\/strong>, transi\u00e7\u00e3o conclu\u00edda em fevereiro de 2026. Em janeiro de 2026, a Ef\u00ed IP adquiriu a totalidade das a\u00e7\u00f5es do Ef\u00ed SCFI, passando a deter 100% do seu capital.<\/li>\n<\/ol>\n\n\n\n<p><strong>Diretoria&nbsp;<\/strong><\/p>\n\n\n\n<p>Denis Costa da Silva<\/p>\n\n\n\n<p>Danilo Oliveira<\/p>\n\n\n\n<p>Francisco Carvalho<\/p>\n\n\n\n<p>Paulo S\u00e9rgio de Faria Barros<\/p>\n\n\n\n<p><strong>Contador Respons\u00e1vel<\/strong><\/p>\n\n\n\n<p>Alessander Campo Dall\u2019Orto<\/p>\n\n\n\n<p>CRC MG: MG-105496\/O-5<\/p>\n\n\n\n<p><strong>RELAT\u00d3RIO DO AUDITOR INDEPENDENTE SOBRE AS DEMONSTRA\u00c7\u00d5ES FINANCEIRAS<\/strong><strong><\/strong><\/p>\n\n\n\n<p><strong>Opini\u00e3o<\/strong> Examinamos as demonstra\u00e7\u00f5es financeiras da Ef\u00ed S.A. \u2013 Institui\u00e7\u00e3o de Pagamento (\u201cEf\u00ed\u201d, \u201cEf\u00ed IP\u201d ou \u201cInstitui\u00e7\u00e3o\u201d), que compreendem o balan\u00e7o patrimonial em 31 de dezembro de 2025 e as respectivas demonstra\u00e7\u00f5es do resultado, do resultado abrangente, das muta\u00e7\u00f5es do patrim\u00f4nio l\u00edquido e dos fluxos de caixa para o semestre e exerc\u00edcio findos nessa data, bem como as correspondentes notas explicativas, incluindo o resumo das principais pol\u00edticas cont\u00e1beis.\u00a0 Em nossa opini\u00e3o, as demonstra\u00e7\u00f5es financeiras acima referidas foram elaboradas, em todos os aspectos relevantes, de acordo com as pr\u00e1ticas cont\u00e1beis adotadas no Brasil, aplic\u00e1veis \u00e0s institui\u00e7\u00f5es autorizadas a funcionar pelo Banco Central do Brasil (BCB). <\/p>\n\n\n\n<div id=\"110712\" class=\"advads-saneouro advads-entity-placement\" style=\"margin-left: auto;margin-right: auto;text-align: center;\"><a href=\"https:\/\/www.saneouro.com.br\/\" target=\"_blank\" aria-label=\"DOP_Site\" data-wpel-link=\"external\" rel=\"follow external noopener noreferrer sponsored ugc\"><img src=\"https:\/\/www.diariodeouropreto.com.br\/wp-content\/uploads\/2026\/04\/DOP_Site.jpg\" alt=\"\"  srcset=\"https:\/\/www.diariodeouropreto.com.br\/wp-content\/uploads\/2026\/04\/DOP_Site.jpg 301w, https:\/\/www.diariodeouropreto.com.br\/wp-content\/uploads\/2026\/04\/DOP_Site-180x150.jpg 180w, https:\/\/www.diariodeouropreto.com.br\/wp-content\/uploads\/2026\/04\/DOP_Site-14x12.jpg 14w\" sizes=\"(max-width: 301px) 100vw, 301px\" width=\"301\" height=\"251\"  style=\"display: inline-block;\" \/><\/a><\/div><p><strong>Base para opini\u00e3o <\/strong>Nossa auditoria foi conduzida de acordo com as normas brasileiras e internacionais de auditoria. Nossas responsabilidades, em conformidade com tais normas, est\u00e3o descritas na se\u00e7\u00e3o intitulada &#8220;Responsabilidades do auditor pela auditoria das demonstra\u00e7\u00f5es financeiras&#8221;. Somos independentes em rela\u00e7\u00e3o \u00e0 Institui\u00e7\u00e3o, de acordo com os princ\u00edpios \u00e9ticos relevantes previstos no C\u00f3digo de \u00c9tica Profissional do Contador e nas normas profissionais emitidas pelo Conselho Federal de Contabilidade, aplic\u00e1veis a auditorias de demonstra\u00e7\u00f5es financeiras de entidades de interesse p\u00fablico no Brasil, e cumprimos com as demais responsabilidades \u00e9ticas conforme essas normas. Acreditamos que a evid\u00eancia de auditoria obtida \u00e9 suficiente e apropriada para fundamentar nossa opini\u00e3o. <\/p>\n\n\n\n<div id=\"50321\" class=\"advads-plantao advads-entity-placement\"><a href=\"https:\/\/www.diariodeouropreto.com.br\/pt\/\" target=\"_blank\" aria-label=\"site &#8211; noticia\" data-wpel-link=\"external\" rel=\"follow external noopener noreferrer sponsored ugc\"><img src=\"https:\/\/www.diariodeouropreto.com.br\/wp-content\/uploads\/2019\/09\/titulosite2-e1616373489755.jpg\" alt=\"\"  srcset=\"https:\/\/www.diariodeouropreto.com.br\/wp-content\/uploads\/2019\/09\/titulosite2-e1616373489755.jpg 1200w, https:\/\/www.diariodeouropreto.com.br\/wp-content\/uploads\/2019\/09\/titulosite2-e1616373489755-150x38.jpg 150w, https:\/\/www.diariodeouropreto.com.br\/wp-content\/uploads\/2019\/09\/titulosite2-e1616373489755-660x167.jpg 660w, https:\/\/www.diariodeouropreto.com.br\/wp-content\/uploads\/2019\/09\/titulosite2-e1616373489755-768x194.jpg 768w, https:\/\/www.diariodeouropreto.com.br\/wp-content\/uploads\/2019\/09\/titulosite2-e1616373489755-1000x252.jpg 1000w, https:\/\/www.diariodeouropreto.com.br\/wp-content\/uploads\/2019\/09\/titulosite2-e1616373489755-1536x388.jpg 1536w, https:\/\/www.diariodeouropreto.com.br\/wp-content\/uploads\/2019\/09\/titulosite2-e1616373489755-2048x517.jpg 2048w\" sizes=\"(max-width: 1200px) 100vw, 1200px\" width=\"1200\" height=\"303\"  style=\"display: inline-block;\" \/><\/a><\/div><p><strong>\u00canfase &#8211; Informa\u00e7\u00f5es comparativas <\/strong>As demonstra\u00e7\u00f5es financeiras que descreve que as referidas demonstra\u00e7\u00f5es foram elaboradas de acordo com as pr\u00e1ticas cont\u00e1beis adotadas no Brasil, aplic\u00e1veis \u00e0s institui\u00e7\u00f5es autorizadas a funcionar pelo Banco Central do Brasil, considerando a dispensa de apresenta\u00e7\u00e3o das cifras comparativas nas demonstra\u00e7\u00f5es financeiras do exerc\u00edcio findo em 31 de dezembro de 2025, conforme previsto na Resolu\u00e7\u00e3o no 352 do Banco Central do Brasil (BCB) . Nossa opini\u00e3o n\u00e3o est\u00e1 ressalvada em rela\u00e7\u00e3o a esse assunto. Outras informa\u00e7\u00f5es que acompanham as demonstra\u00e7\u00f5es financeiras e o relat\u00f3rio do auditor A administra\u00e7\u00e3o da Institui\u00e7\u00e3o \u00e9 respons\u00e1vel por essas outras informa\u00e7\u00f5es que compreendem o Relat\u00f3rio da Administra\u00e7\u00e3o. Nossa opini\u00e3o sobre as demonstra\u00e7\u00f5es financeiras n\u00e3o abrange o Relat\u00f3rio da Administra\u00e7\u00e3o e n\u00e3o expressamos qualquer forma de conclus\u00e3o de auditoria sobre esse relat\u00f3rio. Em conex\u00e3o com a auditoria das demonstra\u00e7\u00f5es financeiras, nossa responsabilidade \u00e9 a de ler o Relat\u00f3rio da Administra\u00e7\u00e3o e, ao faz\u00ea-lo, considerar se esse relat\u00f3rio est\u00e1, de forma relevante, inconsistente com as demonstra\u00e7\u00f5es financeiras ou com nosso conhecimento obtido na auditoria ou, de outra forma, aparenta estar distorcido de forma relevante. Se, com base no trabalho realizado, concluirmos que h\u00e1 distor\u00e7\u00e3o relevante no Relat\u00f3rio da Administra\u00e7\u00e3o, somos requeridos a comunicar esse fato. N\u00e3o temos nada a relatar a este respeito. Responsabilidades da administra\u00e7\u00e3o e da governan\u00e7a pelas demonstra\u00e7\u00f5es financeiras A administra\u00e7\u00e3o da Institui\u00e7\u00e3o \u00e9 respons\u00e1vel pela elabora\u00e7\u00e3o das demonstra\u00e7\u00f5es financeiras de acordo com as pr\u00e1ticas cont\u00e1beis adotadas no Brasil, aplic\u00e1veis \u00e0s institui\u00e7\u00f5es autorizadas a funcionar pelo Banco Central do Brasil (BCB) e pelos controles internos que ela determinou como necess\u00e1rios para permitir a elabora\u00e7\u00e3o de demonstra\u00e7\u00f5es financeiras livres de distor\u00e7\u00e3o relevante, independentemente se causada por fraude ou erro. Na elabora\u00e7\u00e3o das demonstra\u00e7\u00f5es financeiras, a administra\u00e7\u00e3o \u00e9 respons\u00e1vel pela avalia\u00e7\u00e3o da capacidade de a Institui\u00e7\u00e3o continuar operando, divulgando, quando aplic\u00e1vel, os assuntos relacionados com a sua continuidade operacional e o uso dessa base cont\u00e1bil na elabora\u00e7\u00e3o das demonstra\u00e7\u00f5es financeiras, a n\u00e3o ser que a administra\u00e7\u00e3o pretenda liquidar a Institui\u00e7\u00e3o ou cessar suas opera\u00e7\u00f5es, ou n\u00e3o tenha nenhuma alternativa realista para evitar o encerramento das opera\u00e7\u00f5es. Os respons\u00e1veis pela governan\u00e7a da Institui\u00e7\u00e3o s\u00e3o aqueles com responsabilidade pela supervis\u00e3o do processo de elabora\u00e7\u00e3o das demonstra\u00e7\u00f5es financeiras. Responsabilidades do auditor pela auditoria das demonstra\u00e7\u00f5es financeiras\u00a0 Nossos objetivos s\u00e3o obter seguran\u00e7a razo\u00e1vel de que as demonstra\u00e7\u00f5es financeiras, tomadas em conjunto, est\u00e3o livres de distor\u00e7\u00e3o relevante, independentemente se causada por fraude ou erro, e emitir relat\u00f3rio de auditoria contendo nossa opini\u00e3o. Seguran\u00e7a razo\u00e1vel \u00e9 um alto n\u00edvel de seguran\u00e7a, mas n\u00e3o uma garantia de que a auditoria realizada de acordo com as normas brasileiras e internacionais de auditoria sempre detectam as eventuais distor\u00e7\u00f5es relevantes existentes. As distor\u00e7\u00f5es podem ser decorrentes de fraude ou erro e s\u00e3o consideradas relevantes quando, individualmente ou em conjunto, possam influenciar, dentro de uma perspectiva razo\u00e1vel, as decis\u00f5es econ\u00f4micas dos usu\u00e1rios tomadas com base nas referidas demonstra\u00e7\u00f5es financeiras. Como parte de uma auditoria realizada de acordo com as normas brasileiras e internacionais de auditoria, exercemos julgamento profissional e mantemos ceticismo profissional ao longo da auditoria. Al\u00e9m disso: Identificamos e avaliamos os riscos de distor\u00e7\u00e3o relevante nas demonstra\u00e7\u00f5es financeiras, independentemente se causada por fraude ou erro, planejamos e executamos procedimentos de auditoria em resposta a tais riscos, bem como obtemos evid\u00eancia de auditoria apropriada e suficiente para fundamentar nossa opini\u00e3o. O risco de n\u00e3o detec\u00e7\u00e3o de distor\u00e7\u00e3o relevante resultante de fraude \u00e9 maior do que o proveniente de erro, j\u00e1 que a fraude pode envolver o ato de burlar os controles internos, conluio, falsifica\u00e7\u00e3o, omiss\u00e3o ou representa\u00e7\u00f5es falsas intencionais. Obtemos entendimento dos controles internos relevantes para a auditoria para planejarmos procedimentos de auditoria apropriados \u00e0s circunst\u00e2ncias, mas n\u00e3o com o objetivo de expressarmos opini\u00e3o sobre a efic\u00e1cia dos controles internos da Institui\u00e7\u00e3o. Avaliamos a adequa\u00e7\u00e3o das pol\u00edticas cont\u00e1beis utilizadas e a razoabilidade das estimativas cont\u00e1beis e respectivas divulga\u00e7\u00f5es feitas pela administra\u00e7\u00e3o. Conclu\u00edmos sobre a adequa\u00e7\u00e3o do uso, pela administra\u00e7\u00e3o, da base cont\u00e1bil de continuidade operacional e, com base nas evid\u00eancias de auditoria obtidas, se existe incerteza relevante em rela\u00e7\u00e3o a eventos ou condi\u00e7\u00f5es que possam levantar d\u00favida significativa em rela\u00e7\u00e3o \u00e0 capacidade de continuidade operacional da Institui\u00e7\u00e3o. Se concluirmos que existe incerteza relevante, devemos chamar aten\u00e7\u00e3o em nosso relat\u00f3rio de auditoria para as respectivas divulga\u00e7\u00f5es nas demonstra\u00e7\u00f5es financeiras ou incluir modifica\u00e7\u00e3o em nossa opini\u00e3o, se as divulga\u00e7\u00f5es forem inadequadas. Nossas conclus\u00f5es est\u00e3o fundamentadas nas evid\u00eancias de auditoria obtidas at\u00e9 a data de nosso relat\u00f3rio. Todavia, eventos ou condi\u00e7\u00f5es futuras podem levar a Institui\u00e7\u00e3o a n\u00e3o mais se manter em continuidade operacional. Comunicamo-nos com os respons\u00e1veis pela governan\u00e7a a respeito, entre outros aspectos, do alcance e da \u00e9poca dos trabalhos de auditoria planejados e das constata\u00e7\u00f5es significativas de auditoria, inclusive as defici\u00eancias significativas nos controles internos que, eventualmente, tenham sido identificadas durante nossos trabalhos.<br><\/p>","protected":false},"excerpt":{"rendered":"<p>Aviso As demonstra\u00e7\u00f5es financeiras apresentadas a seguir s\u00e3o demonstra\u00e7\u00f5es financeiras resumidas e n\u00e3o devem ser consideradas isoladamente para a tomada de decis\u00e3o. O entendimento da situa\u00e7\u00e3o financeira e patrimonial da companhia demanda a leitura das demonstra\u00e7\u00f5es financeiras completas auditadas, elaboradas na forma da legisla\u00e7\u00e3o societ\u00e1ria e da regulamenta\u00e7\u00e3o cont\u00e1bil aplic\u00e1vel.<span class=\"more-link\"><a href=\"https:\/\/www.diariodeouropreto.com.br\/pt\/demonstrativo-financeiro-efi-s-a-instituicao-de-pagamentos-2025\/\" data-wpel-link=\"internal\">Continue Lendo<\/a><\/span><\/p>","protected":false},"author":1,"featured_media":52012,"comment_status":"closed","ping_status":"closed","sticky":false,"template":"","format":"standard","meta":{"_jetpack_memberships_contains_paid_content":false,"footnotes":"","jetpack_publicize_message":"","jetpack_publicize_feature_enabled":false,"jetpack_social_post_already_shared":true,"jetpack_social_options":{"image_generator_settings":{"template":"highway","default_image_id":0,"font":"","enabled":false},"version":2}},"categories":[824],"tags":[],"class_list":["entry","author-diario","post-52013","post","type-post","status-publish","format-standard","has-post-thumbnail","category-geral"],"yoast_head":"<!-- This site is optimized with the Yoast SEO plugin v27.5 - https:\/\/yoast.com\/product\/yoast-seo-wordpress\/ -->\n<title>Demonstrativo financeiro Ef\u00ed S.A. \u2013 Institui\u00e7\u00e3o de Pagamentos 2025 - Di\u00e1rio de Ouro Preto<\/title>\n<meta name=\"description\" content=\"RELAT\u00d3RIO DO AUDITOR INDEPENDENTE SOBRE AS DEMONSTRA\u00c7\u00d5ES FINANCEIRAS- Demonstrativo financeiro Ef\u00ed S.A. \u2013 Institui\u00e7\u00e3o de Pagamentos 2025 - Geral\" \/>\n<meta name=\"robots\" content=\"index, follow, max-snippet:-1, max-image-preview:large, max-video-preview:-1\" \/>\n<link rel=\"canonical\" href=\"https:\/\/www.diariodeouropreto.com.br\/pt\/demonstrativo-financeiro-efi-s-a-instituicao-de-pagamentos-2025\/\" \/>\n<meta property=\"og:locale\" content=\"pt_PT\" \/>\n<meta property=\"og:type\" content=\"article\" \/>\n<meta property=\"og:title\" content=\"Demonstrativo financeiro Ef\u00ed S.A. \u2013 Institui\u00e7\u00e3o de Pagamentos 2025 - Di\u00e1rio de Ouro Preto\" \/>\n<meta property=\"og:description\" content=\"RELAT\u00d3RIO DO AUDITOR INDEPENDENTE SOBRE AS DEMONSTRA\u00c7\u00d5ES FINANCEIRAS- Demonstrativo financeiro Ef\u00ed S.A. \u2013 Institui\u00e7\u00e3o de Pagamentos 2025 - Geral\" \/>\n<meta property=\"og:url\" content=\"https:\/\/www.diariodeouropreto.com.br\/pt\/demonstrativo-financeiro-efi-s-a-instituicao-de-pagamentos-2025\/\" \/>\n<meta property=\"og:site_name\" content=\"Di\u00e1rio de Ouro Preto\" \/>\n<meta property=\"article:publisher\" content=\"https:\/\/www.facebook.com\/diariodeouropreto\/\" \/>\n<meta property=\"article:published_time\" content=\"2026-04-30T11:01:00+00:00\" \/>\n<meta property=\"og:image\" content=\"https:\/\/www.diariodeouropreto.com.br\/wp-content\/uploads\/2026\/04\/unnamed.png\" \/>\n\t<meta property=\"og:image:width\" content=\"626\" \/>\n\t<meta property=\"og:image:height\" content=\"546\" \/>\n\t<meta property=\"og:image:type\" content=\"image\/png\" \/>\n<meta name=\"author\" content=\"Di\u00e1rio de Ouro Preto\" \/>\n<meta name=\"twitter:card\" content=\"summary_large_image\" \/>\n<meta name=\"twitter:label1\" content=\"Escrito por\" \/>\n\t<meta name=\"twitter:data1\" content=\"Di\u00e1rio de Ouro Preto\" \/>\n\t<meta name=\"twitter:label2\" content=\"Tempo estimado de leitura\" \/>\n\t<meta name=\"twitter:data2\" content=\"13 minutos\" \/>\n<script type=\"application\/ld+json\" class=\"yoast-schema-graph\">{\"@context\":\"https:\\\/\\\/schema.org\",\"@graph\":[{\"@type\":\"Article\",\"@id\":\"https:\\\/\\\/www.diariodeouropreto.com.br\\\/demonstrativo-financeiro-efi-s-a-instituicao-de-pagamentos-2025\\\/#article\",\"isPartOf\":{\"@id\":\"https:\\\/\\\/www.diariodeouropreto.com.br\\\/demonstrativo-financeiro-efi-s-a-instituicao-de-pagamentos-2025\\\/\"},\"author\":{\"name\":\"Di\u00e1rio de Ouro Preto\",\"@id\":\"https:\\\/\\\/www.diariodeouropreto.com.br\\\/pt\\\/#\\\/schema\\\/person\\\/7654e7b471204a6dab6dc0ce6e140c99\"},\"headline\":\"Demonstrativo financeiro Ef\u00ed S.A. \u2013 Institui\u00e7\u00e3o de Pagamentos 2025\",\"datePublished\":\"2026-04-30T11:01:00+00:00\",\"mainEntityOfPage\":{\"@id\":\"https:\\\/\\\/www.diariodeouropreto.com.br\\\/demonstrativo-financeiro-efi-s-a-instituicao-de-pagamentos-2025\\\/\"},\"wordCount\":2702,\"publisher\":{\"@id\":\"https:\\\/\\\/www.diariodeouropreto.com.br\\\/pt\\\/#organization\"},\"image\":{\"@id\":\"https:\\\/\\\/www.diariodeouropreto.com.br\\\/demonstrativo-financeiro-efi-s-a-instituicao-de-pagamentos-2025\\\/#primaryimage\"},\"thumbnailUrl\":\"https:\\\/\\\/www.diariodeouropreto.com.br\\\/wp-content\\\/uploads\\\/2026\\\/04\\\/unnamed.png\",\"articleSection\":[\"Geral\"],\"inLanguage\":\"pt-PT\"},{\"@type\":\"WebPage\",\"@id\":\"https:\\\/\\\/www.diariodeouropreto.com.br\\\/demonstrativo-financeiro-efi-s-a-instituicao-de-pagamentos-2025\\\/\",\"url\":\"https:\\\/\\\/www.diariodeouropreto.com.br\\\/demonstrativo-financeiro-efi-s-a-instituicao-de-pagamentos-2025\\\/\",\"name\":\"Demonstrativo financeiro Ef\u00ed S.A. \u2013 Institui\u00e7\u00e3o de Pagamentos 2025 - Di\u00e1rio de Ouro Preto\",\"isPartOf\":{\"@id\":\"https:\\\/\\\/www.diariodeouropreto.com.br\\\/pt\\\/#website\"},\"primaryImageOfPage\":{\"@id\":\"https:\\\/\\\/www.diariodeouropreto.com.br\\\/demonstrativo-financeiro-efi-s-a-instituicao-de-pagamentos-2025\\\/#primaryimage\"},\"image\":{\"@id\":\"https:\\\/\\\/www.diariodeouropreto.com.br\\\/demonstrativo-financeiro-efi-s-a-instituicao-de-pagamentos-2025\\\/#primaryimage\"},\"thumbnailUrl\":\"https:\\\/\\\/www.diariodeouropreto.com.br\\\/wp-content\\\/uploads\\\/2026\\\/04\\\/unnamed.png\",\"datePublished\":\"2026-04-30T11:01:00+00:00\",\"description\":\"RELAT\u00d3RIO DO AUDITOR INDEPENDENTE SOBRE AS DEMONSTRA\u00c7\u00d5ES FINANCEIRAS- Demonstrativo financeiro Ef\u00ed S.A. \u2013 Institui\u00e7\u00e3o de Pagamentos 2025 - Geral\",\"breadcrumb\":{\"@id\":\"https:\\\/\\\/www.diariodeouropreto.com.br\\\/demonstrativo-financeiro-efi-s-a-instituicao-de-pagamentos-2025\\\/#breadcrumb\"},\"inLanguage\":\"pt-PT\",\"potentialAction\":[{\"@type\":\"ReadAction\",\"target\":[\"https:\\\/\\\/www.diariodeouropreto.com.br\\\/demonstrativo-financeiro-efi-s-a-instituicao-de-pagamentos-2025\\\/\"]}]},{\"@type\":\"ImageObject\",\"inLanguage\":\"pt-PT\",\"@id\":\"https:\\\/\\\/www.diariodeouropreto.com.br\\\/demonstrativo-financeiro-efi-s-a-instituicao-de-pagamentos-2025\\\/#primaryimage\",\"url\":\"https:\\\/\\\/www.diariodeouropreto.com.br\\\/wp-content\\\/uploads\\\/2026\\\/04\\\/unnamed.png\",\"contentUrl\":\"https:\\\/\\\/www.diariodeouropreto.com.br\\\/wp-content\\\/uploads\\\/2026\\\/04\\\/unnamed.png\",\"width\":626,\"height\":546},{\"@type\":\"BreadcrumbList\",\"@id\":\"https:\\\/\\\/www.diariodeouropreto.com.br\\\/demonstrativo-financeiro-efi-s-a-instituicao-de-pagamentos-2025\\\/#breadcrumb\",\"itemListElement\":[{\"@type\":\"ListItem\",\"position\":1,\"name\":\"In\u00edcio\",\"item\":\"https:\\\/\\\/www.diariodeouropreto.com.br\\\/pt\\\/\"},{\"@type\":\"ListItem\",\"position\":2,\"name\":\"Demonstrativo financeiro Ef\u00ed S.A. \u2013 Institui\u00e7\u00e3o de Pagamentos 2025\"}]},{\"@type\":\"WebSite\",\"@id\":\"https:\\\/\\\/www.diariodeouropreto.com.br\\\/pt\\\/#website\",\"url\":\"https:\\\/\\\/www.diariodeouropreto.com.br\\\/pt\\\/\",\"name\":\"Di\u00e1rio de Ouro Preto\",\"description\":\"Not\u00edcias Ouro Preto; Mariana;Minas Gerais;Jornal;Jornalismo;Not\u00edcias;\",\"publisher\":{\"@id\":\"https:\\\/\\\/www.diariodeouropreto.com.br\\\/pt\\\/#organization\"},\"alternateName\":\"Jornal di\u00e1rio de Ouro Preto\",\"potentialAction\":[{\"@type\":\"SearchAction\",\"target\":{\"@type\":\"EntryPoint\",\"urlTemplate\":\"https:\\\/\\\/www.diariodeouropreto.com.br\\\/pt\\\/?s={search_term_string}\"},\"query-input\":{\"@type\":\"PropertyValueSpecification\",\"valueRequired\":true,\"valueName\":\"search_term_string\"}}],\"inLanguage\":\"pt-PT\"},{\"@type\":\"Organization\",\"@id\":\"https:\\\/\\\/www.diariodeouropreto.com.br\\\/pt\\\/#organization\",\"name\":\"Di\u00e1rio de Ouro Preto\",\"alternateName\":\"Jornal di\u00e1rio Ouro Preto\",\"url\":\"https:\\\/\\\/www.diariodeouropreto.com.br\\\/pt\\\/\",\"logo\":{\"@type\":\"ImageObject\",\"inLanguage\":\"pt-PT\",\"@id\":\"https:\\\/\\\/www.diariodeouropreto.com.br\\\/pt\\\/#\\\/schema\\\/logo\\\/image\\\/\",\"url\":\"https:\\\/\\\/www.diariodeouropreto.com.br\\\/wp-content\\\/uploads\\\/2019\\\/06\\\/cropped-logotransp-2.png\",\"contentUrl\":\"https:\\\/\\\/www.diariodeouropreto.com.br\\\/wp-content\\\/uploads\\\/2019\\\/06\\\/cropped-logotransp-2.png\",\"width\":1323,\"height\":251,\"caption\":\"Di\u00e1rio de Ouro Preto\"},\"image\":{\"@id\":\"https:\\\/\\\/www.diariodeouropreto.com.br\\\/pt\\\/#\\\/schema\\\/logo\\\/image\\\/\"},\"sameAs\":[\"https:\\\/\\\/www.facebook.com\\\/diariodeouropreto\\\/\"]},{\"@type\":\"Person\",\"@id\":\"https:\\\/\\\/www.diariodeouropreto.com.br\\\/pt\\\/#\\\/schema\\\/person\\\/7654e7b471204a6dab6dc0ce6e140c99\",\"name\":\"Di\u00e1rio de Ouro Preto\",\"sameAs\":[\"http:\\\/\\\/www.diariodeouropreto.com.br\"],\"url\":\"https:\\\/\\\/www.diariodeouropreto.com.br\\\/pt\\\/author\\\/diario\\\/\"}]}<\/script>\n<!-- \/ Yoast SEO plugin. -->","yoast_head_json":{"title":"Demonstrativo financeiro Ef\u00ed S.A. \u2013 Institui\u00e7\u00e3o de Pagamentos 2025 - Di\u00e1rio de Ouro Preto","description":"RELAT\u00d3RIO DO AUDITOR INDEPENDENTE SOBRE AS DEMONSTRA\u00c7\u00d5ES FINANCEIRAS- Demonstrativo financeiro Ef\u00ed S.A. \u2013 Institui\u00e7\u00e3o de Pagamentos 2025 - Geral","robots":{"index":"index","follow":"follow","max-snippet":"max-snippet:-1","max-image-preview":"max-image-preview:large","max-video-preview":"max-video-preview:-1"},"canonical":"https:\/\/www.diariodeouropreto.com.br\/pt\/demonstrativo-financeiro-efi-s-a-instituicao-de-pagamentos-2025\/","og_locale":"pt_PT","og_type":"article","og_title":"Demonstrativo financeiro Ef\u00ed S.A. \u2013 Institui\u00e7\u00e3o de Pagamentos 2025 - Di\u00e1rio de Ouro Preto","og_description":"RELAT\u00d3RIO DO AUDITOR INDEPENDENTE SOBRE AS DEMONSTRA\u00c7\u00d5ES FINANCEIRAS- Demonstrativo financeiro Ef\u00ed S.A. \u2013 Institui\u00e7\u00e3o de Pagamentos 2025 - Geral","og_url":"https:\/\/www.diariodeouropreto.com.br\/pt\/demonstrativo-financeiro-efi-s-a-instituicao-de-pagamentos-2025\/","og_site_name":"Di\u00e1rio de Ouro Preto","article_publisher":"https:\/\/www.facebook.com\/diariodeouropreto\/","article_published_time":"2026-04-30T11:01:00+00:00","og_image":[{"width":626,"height":546,"url":"https:\/\/www.diariodeouropreto.com.br\/wp-content\/uploads\/2026\/04\/unnamed.png","type":"image\/png"}],"author":"Di\u00e1rio de Ouro Preto","twitter_card":"summary_large_image","twitter_misc":{"Escrito por":"Di\u00e1rio de Ouro Preto","Tempo estimado de leitura":"13 minutos"},"schema":{"@context":"https:\/\/schema.org","@graph":[{"@type":"Article","@id":"https:\/\/www.diariodeouropreto.com.br\/demonstrativo-financeiro-efi-s-a-instituicao-de-pagamentos-2025\/#article","isPartOf":{"@id":"https:\/\/www.diariodeouropreto.com.br\/demonstrativo-financeiro-efi-s-a-instituicao-de-pagamentos-2025\/"},"author":{"name":"Di\u00e1rio de Ouro Preto","@id":"https:\/\/www.diariodeouropreto.com.br\/pt\/#\/schema\/person\/7654e7b471204a6dab6dc0ce6e140c99"},"headline":"Demonstrativo financeiro Ef\u00ed S.A. \u2013 Institui\u00e7\u00e3o de Pagamentos 2025","datePublished":"2026-04-30T11:01:00+00:00","mainEntityOfPage":{"@id":"https:\/\/www.diariodeouropreto.com.br\/demonstrativo-financeiro-efi-s-a-instituicao-de-pagamentos-2025\/"},"wordCount":2702,"publisher":{"@id":"https:\/\/www.diariodeouropreto.com.br\/pt\/#organization"},"image":{"@id":"https:\/\/www.diariodeouropreto.com.br\/demonstrativo-financeiro-efi-s-a-instituicao-de-pagamentos-2025\/#primaryimage"},"thumbnailUrl":"https:\/\/www.diariodeouropreto.com.br\/wp-content\/uploads\/2026\/04\/unnamed.png","articleSection":["Geral"],"inLanguage":"pt-PT"},{"@type":"WebPage","@id":"https:\/\/www.diariodeouropreto.com.br\/demonstrativo-financeiro-efi-s-a-instituicao-de-pagamentos-2025\/","url":"https:\/\/www.diariodeouropreto.com.br\/demonstrativo-financeiro-efi-s-a-instituicao-de-pagamentos-2025\/","name":"Demonstrativo financeiro Ef\u00ed S.A. \u2013 Institui\u00e7\u00e3o de Pagamentos 2025 - Di\u00e1rio de Ouro Preto","isPartOf":{"@id":"https:\/\/www.diariodeouropreto.com.br\/pt\/#website"},"primaryImageOfPage":{"@id":"https:\/\/www.diariodeouropreto.com.br\/demonstrativo-financeiro-efi-s-a-instituicao-de-pagamentos-2025\/#primaryimage"},"image":{"@id":"https:\/\/www.diariodeouropreto.com.br\/demonstrativo-financeiro-efi-s-a-instituicao-de-pagamentos-2025\/#primaryimage"},"thumbnailUrl":"https:\/\/www.diariodeouropreto.com.br\/wp-content\/uploads\/2026\/04\/unnamed.png","datePublished":"2026-04-30T11:01:00+00:00","description":"RELAT\u00d3RIO DO AUDITOR INDEPENDENTE SOBRE AS DEMONSTRA\u00c7\u00d5ES FINANCEIRAS- Demonstrativo financeiro Ef\u00ed S.A. \u2013 Institui\u00e7\u00e3o de Pagamentos 2025 - Geral","breadcrumb":{"@id":"https:\/\/www.diariodeouropreto.com.br\/demonstrativo-financeiro-efi-s-a-instituicao-de-pagamentos-2025\/#breadcrumb"},"inLanguage":"pt-PT","potentialAction":[{"@type":"ReadAction","target":["https:\/\/www.diariodeouropreto.com.br\/demonstrativo-financeiro-efi-s-a-instituicao-de-pagamentos-2025\/"]}]},{"@type":"ImageObject","inLanguage":"pt-PT","@id":"https:\/\/www.diariodeouropreto.com.br\/demonstrativo-financeiro-efi-s-a-instituicao-de-pagamentos-2025\/#primaryimage","url":"https:\/\/www.diariodeouropreto.com.br\/wp-content\/uploads\/2026\/04\/unnamed.png","contentUrl":"https:\/\/www.diariodeouropreto.com.br\/wp-content\/uploads\/2026\/04\/unnamed.png","width":626,"height":546},{"@type":"BreadcrumbList","@id":"https:\/\/www.diariodeouropreto.com.br\/demonstrativo-financeiro-efi-s-a-instituicao-de-pagamentos-2025\/#breadcrumb","itemListElement":[{"@type":"ListItem","position":1,"name":"In\u00edcio","item":"https:\/\/www.diariodeouropreto.com.br\/pt\/"},{"@type":"ListItem","position":2,"name":"Demonstrativo financeiro Ef\u00ed S.A. \u2013 Institui\u00e7\u00e3o de Pagamentos 2025"}]},{"@type":"WebSite","@id":"https:\/\/www.diariodeouropreto.com.br\/pt\/#website","url":"https:\/\/www.diariodeouropreto.com.br\/pt\/","name":"Di\u00e1rio de Ouro Preto","description":"Not\u00edcias Ouro Preto; Mariana;Minas Gerais;Jornal;Jornalismo;Not\u00edcias;","publisher":{"@id":"https:\/\/www.diariodeouropreto.com.br\/pt\/#organization"},"alternateName":"Jornal di\u00e1rio de Ouro Preto","potentialAction":[{"@type":"SearchAction","target":{"@type":"EntryPoint","urlTemplate":"https:\/\/www.diariodeouropreto.com.br\/pt\/?s={search_term_string}"},"query-input":{"@type":"PropertyValueSpecification","valueRequired":true,"valueName":"search_term_string"}}],"inLanguage":"pt-PT"},{"@type":"Organization","@id":"https:\/\/www.diariodeouropreto.com.br\/pt\/#organization","name":"Di\u00e1rio de Ouro Preto","alternateName":"Jornal di\u00e1rio Ouro Preto","url":"https:\/\/www.diariodeouropreto.com.br\/pt\/","logo":{"@type":"ImageObject","inLanguage":"pt-PT","@id":"https:\/\/www.diariodeouropreto.com.br\/pt\/#\/schema\/logo\/image\/","url":"https:\/\/www.diariodeouropreto.com.br\/wp-content\/uploads\/2019\/06\/cropped-logotransp-2.png","contentUrl":"https:\/\/www.diariodeouropreto.com.br\/wp-content\/uploads\/2019\/06\/cropped-logotransp-2.png","width":1323,"height":251,"caption":"Di\u00e1rio de Ouro Preto"},"image":{"@id":"https:\/\/www.diariodeouropreto.com.br\/pt\/#\/schema\/logo\/image\/"},"sameAs":["https:\/\/www.facebook.com\/diariodeouropreto\/"]},{"@type":"Person","@id":"https:\/\/www.diariodeouropreto.com.br\/pt\/#\/schema\/person\/7654e7b471204a6dab6dc0ce6e140c99","name":"Di\u00e1rio de Ouro Preto","sameAs":["http:\/\/www.diariodeouropreto.com.br"],"url":"https:\/\/www.diariodeouropreto.com.br\/pt\/author\/diario\/"}]}},"jetpack_publicize_connections":[],"jetpack_featured_media_url":"https:\/\/www.diariodeouropreto.com.br\/wp-content\/uploads\/2026\/04\/unnamed.png","jetpack-related-posts":[{"id":44111,"url":"https:\/\/www.diariodeouropreto.com.br\/pt\/demonstrativo-financeiro-2024-sociedade-de-credito-financiamento-e-investimento-efi-s-a-efi-scfi\/","url_meta":{"origin":52013,"position":0},"title":"Demonstrativo financeiro 2024 Sociedade de Cr\u00e9dito, Financiamento e Investimento Ef\u00ed S.A. (Ef\u00ed SCFI)","author":"Di\u00e1rio de Ouro Preto","date":"28 de Abril de 2025","format":false,"excerpt":"Avisos: As demonstra\u00e7\u00f5es financeiras apresentadas a seguir s\u00e3o demonstra\u00e7\u00f5es financeiras resumidas e n\u00e3o devem ser consideradas isoladamente para a tomada de decis\u00e3o. O entendimento da situa\u00e7\u00e3o financeira e patrimonial da companhia demanda a leitura das demonstra\u00e7\u00f5es financeiras completas auditadas, elaboradas na forma da legisla\u00e7\u00e3o societ\u00e1ria e da regulamenta\u00e7\u00e3o cont\u00e1bil aplic\u00e1vel.\u2026","rel":"","context":"In &quot;Geral&quot;","block_context":{"text":"Geral","link":"https:\/\/www.diariodeouropreto.com.br\/pt\/Editoria\/geral\/"},"img":{"alt_text":"","src":"https:\/\/i0.wp.com\/www.diariodeouropreto.com.br\/wp-content\/uploads\/2025\/04\/326715443_1354825838651593_3917191098357949445_n.jpg?resize=350%2C200&ssl=1","width":350,"height":200},"classes":[]},{"id":52002,"url":"https:\/\/www.diariodeouropreto.com.br\/pt\/demonstrativo-financeiro-efi-scfi-2025\/","url_meta":{"origin":52013,"position":1},"title":"Demonstrativo financeiro Ef\u00ed SCFI 2025","author":"Di\u00e1rio de Ouro Preto","date":"30 de Abril de 2026","format":false,"excerpt":"Aviso As demonstra\u00e7\u00f5es financeiras apresentadas a seguir s\u00e3o demonstra\u00e7\u00f5es financeiras resumidas e n\u00e3o devem ser consideradas isoladamente para a tomada de decis\u00e3o. O entendimento da situa\u00e7\u00e3o financeira e patrimonial da companhia demanda a leitura das demonstra\u00e7\u00f5es financeiras completas auditadas, elaboradas na forma da legisla\u00e7\u00e3o societ\u00e1ria e da regulamenta\u00e7\u00e3o cont\u00e1bil aplic\u00e1vel.\u2026","rel":"","context":"In &quot;Geral&quot;","block_context":{"text":"Geral","link":"https:\/\/www.diariodeouropreto.com.br\/pt\/Editoria\/geral\/"},"img":{"alt_text":"","src":"https:\/\/i0.wp.com\/www.diariodeouropreto.com.br\/wp-content\/uploads\/2026\/04\/unnamed.png?resize=350%2C200&ssl=1","width":350,"height":200,"srcset":"https:\/\/i0.wp.com\/www.diariodeouropreto.com.br\/wp-content\/uploads\/2026\/04\/unnamed.png?resize=350%2C200&ssl=1 1x, https:\/\/i0.wp.com\/www.diariodeouropreto.com.br\/wp-content\/uploads\/2026\/04\/unnamed.png?resize=525%2C300&ssl=1 1.5x"},"classes":[]},{"id":44106,"url":"https:\/\/www.diariodeouropreto.com.br\/pt\/demonstrativo-financeiro-2024-efi-instituicao-de-pagamento\/","url_meta":{"origin":52013,"position":2},"title":"Demonstrativo financeiro 2024 Ef\u00ed Institui\u00e7\u00e3o de Pagamento","author":"Di\u00e1rio de Ouro Preto","date":"28 de Abril de 2025","format":false,"excerpt":"Avisos As demonstra\u00e7\u00f5es financeiras apresentadas a seguir s\u00e3o demonstra\u00e7\u00f5es financeiras resumidas e n\u00e3o devem ser consideradas isoladamente para a tomada de decis\u00e3o. O entendimento da situa\u00e7\u00e3o financeira e patrimonial da companhia demanda a leitura das demonstra\u00e7\u00f5es financeiras completas auditadas, elaboradas na forma da legisla\u00e7\u00e3o societ\u00e1ria e da regulamenta\u00e7\u00e3o cont\u00e1bil aplic\u00e1vel.\u2026","rel":"","context":"In &quot;Geral&quot;","block_context":{"text":"Geral","link":"https:\/\/www.diariodeouropreto.com.br\/pt\/Editoria\/geral\/"},"img":{"alt_text":"","src":"","width":0,"height":0},"classes":[]},{"id":50784,"url":"https:\/\/www.diariodeouropreto.com.br\/pt\/ipva-2026-pagamento-com-cartao-de-credito-passa-a-ser-opcao-no-site-da-secretaria-de-estado-de-fazenda\/","url_meta":{"origin":52013,"position":3},"title":"IPVA 2026: pagamento com cart\u00e3o de cr\u00e9dito passa a ser op\u00e7\u00e3o no site da Secretaria de Estado de Fazenda","author":"Di\u00e1rio de Ouro Preto","date":"9 de Mar\u00e7o de 2026","format":false,"excerpt":"Em Minas, segunda parcela do imposto vence esta semana, de hoje, 9 at\u00e9 sexta, 13\/3 Os propriet\u00e1rios de ve\u00edculos em Minas Gerais passam a contar com uma nova op\u00e7\u00e3o para pagamento do Imposto sobre a Propriedade de Ve\u00edculos Automotores (IPVA) de 2026: a quita\u00e7\u00e3o por meio de cart\u00e3o de cr\u00e9dito,\u2026","rel":"","context":"In &quot;Minas Gerais&quot;","block_context":{"text":"Minas Gerais","link":"https:\/\/www.diariodeouropreto.com.br\/pt\/Editoria\/minas-gerais\/"},"img":{"alt_text":"","src":"https:\/\/i0.wp.com\/www.diariodeouropreto.com.br\/wp-content\/uploads\/2026\/03\/2026.03.05_IPVA_CartaodeCredito.jpg?resize=350%2C200&ssl=1","width":350,"height":200,"srcset":"https:\/\/i0.wp.com\/www.diariodeouropreto.com.br\/wp-content\/uploads\/2026\/03\/2026.03.05_IPVA_CartaodeCredito.jpg?resize=350%2C200&ssl=1 1x, https:\/\/i0.wp.com\/www.diariodeouropreto.com.br\/wp-content\/uploads\/2026\/03\/2026.03.05_IPVA_CartaodeCredito.jpg?resize=525%2C300&ssl=1 1.5x, https:\/\/i0.wp.com\/www.diariodeouropreto.com.br\/wp-content\/uploads\/2026\/03\/2026.03.05_IPVA_CartaodeCredito.jpg?resize=700%2C400&ssl=1 2x, https:\/\/i0.wp.com\/www.diariodeouropreto.com.br\/wp-content\/uploads\/2026\/03\/2026.03.05_IPVA_CartaodeCredito.jpg?resize=1050%2C600&ssl=1 3x"},"classes":[]},{"id":32609,"url":"https:\/\/www.diariodeouropreto.com.br\/pt\/vale-esclarece-sobre-proposta-de-acordo-referente-ao-rompimento-da-barragem-de-fundao\/","url_meta":{"origin":52013,"position":4},"title":"Vale esclarece sobre proposta de acordo referente ao rompimento da barragem de Fund\u00e3o","author":"Di\u00e1rio de Ouro Preto","date":"30 de Abril de 2024","format":false,"excerpt":"A Vale divulgou nesta segunda-feira 29\/04, o posicionamento da mineradora em rela\u00e7\u00e3o a proposta de acordo relacionado ao rompimento da Barragem de Fund\u00e3o, em Mariana. Veja na \u00edntegra: Conforme divulgado nas Demonstra\u00e7\u00f5es Financeiras 1T24 da Vale, Samarco, BHP Brasil e Vale (\u201cas Companhias\u201d) est\u00e3o envolvidas em uma media\u00e7\u00e3o liderada pelo\u2026","rel":"","context":"In &quot;Brasil&quot;","block_context":{"text":"Brasil","link":"https:\/\/www.diariodeouropreto.com.br\/pt\/Editoria\/brasil\/"},"img":{"alt_text":"","src":"https:\/\/i0.wp.com\/www.diariodeouropreto.com.br\/wp-content\/uploads\/2022\/08\/capa-noticia-geral-e1617738740372.jpg?resize=350%2C200&ssl=1","width":350,"height":200,"srcset":"https:\/\/i0.wp.com\/www.diariodeouropreto.com.br\/wp-content\/uploads\/2022\/08\/capa-noticia-geral-e1617738740372.jpg?resize=350%2C200&ssl=1 1x, https:\/\/i0.wp.com\/www.diariodeouropreto.com.br\/wp-content\/uploads\/2022\/08\/capa-noticia-geral-e1617738740372.jpg?resize=525%2C300&ssl=1 1.5x"},"classes":[]},{"id":35168,"url":"https:\/\/www.diariodeouropreto.com.br\/pt\/portabilidade-do-saldo-devedor-do-cartao-de-credito-comeca-hoje\/","url_meta":{"origin":52013,"position":5},"title":"Portabilidade do saldo devedor do cart\u00e3o de cr\u00e9dito come\u00e7a hoje","author":"Di\u00e1rio de Ouro Preto","date":"1 de Julho de 2024","format":false,"excerpt":"A partir desta segunda-feira (1\u00ba), os donos de cart\u00e3o de cr\u00e9dito poder\u00e3o transferir o saldo devedor da fatura para uma institui\u00e7\u00e3o financeira que oferecer melhores condi\u00e7\u00f5es de renegocia\u00e7\u00e3o. \u00c9 que entra em vigor uma resolu\u00e7\u00e3o do Conselho Monet\u00e1rio Nacional (CMN) - aprovada em dezembro do ano passado - que busca\u2026","rel":"","context":"In &quot;Brasil&quot;","block_context":{"text":"Brasil","link":"https:\/\/www.diariodeouropreto.com.br\/pt\/Editoria\/brasil\/"},"img":{"alt_text":"","src":"https:\/\/i0.wp.com\/www.diariodeouropreto.com.br\/wp-content\/uploads\/2023\/08\/real_moedadinheiro_jfcrz_abr_1701220041_1.jpg?resize=350%2C200&ssl=1","width":350,"height":200,"srcset":"https:\/\/i0.wp.com\/www.diariodeouropreto.com.br\/wp-content\/uploads\/2023\/08\/real_moedadinheiro_jfcrz_abr_1701220041_1.jpg?resize=350%2C200&ssl=1 1x, https:\/\/i0.wp.com\/www.diariodeouropreto.com.br\/wp-content\/uploads\/2023\/08\/real_moedadinheiro_jfcrz_abr_1701220041_1.jpg?resize=525%2C300&ssl=1 1.5x, https:\/\/i0.wp.com\/www.diariodeouropreto.com.br\/wp-content\/uploads\/2023\/08\/real_moedadinheiro_jfcrz_abr_1701220041_1.jpg?resize=700%2C400&ssl=1 2x, https:\/\/i0.wp.com\/www.diariodeouropreto.com.br\/wp-content\/uploads\/2023\/08\/real_moedadinheiro_jfcrz_abr_1701220041_1.jpg?resize=1050%2C600&ssl=1 3x"},"classes":[]}],"jetpack_sharing_enabled":true,"amp_enabled":true,"_links":{"self":[{"href":"https:\/\/www.diariodeouropreto.com.br\/pt\/wp-json\/wp\/v2\/posts\/52013","targetHints":{"allow":["GET"]}}],"collection":[{"href":"https:\/\/www.diariodeouropreto.com.br\/pt\/wp-json\/wp\/v2\/posts"}],"about":[{"href":"https:\/\/www.diariodeouropreto.com.br\/pt\/wp-json\/wp\/v2\/types\/post"}],"author":[{"embeddable":true,"href":"https:\/\/www.diariodeouropreto.com.br\/pt\/wp-json\/wp\/v2\/users\/1"}],"replies":[{"embeddable":true,"href":"https:\/\/www.diariodeouropreto.com.br\/pt\/wp-json\/wp\/v2\/comments?post=52013"}],"version-history":[{"count":1,"href":"https:\/\/www.diariodeouropreto.com.br\/pt\/wp-json\/wp\/v2\/posts\/52013\/revisions"}],"predecessor-version":[{"id":52016,"href":"https:\/\/www.diariodeouropreto.com.br\/pt\/wp-json\/wp\/v2\/posts\/52013\/revisions\/52016"}],"wp:featuredmedia":[{"embeddable":true,"href":"https:\/\/www.diariodeouropreto.com.br\/pt\/wp-json\/wp\/v2\/media\/52012"}],"wp:attachment":[{"href":"https:\/\/www.diariodeouropreto.com.br\/pt\/wp-json\/wp\/v2\/media?parent=52013"}],"wp:term":[{"taxonomy":"category","embeddable":true,"href":"https:\/\/www.diariodeouropreto.com.br\/pt\/wp-json\/wp\/v2\/categories?post=52013"},{"taxonomy":"post_tag","embeddable":true,"href":"https:\/\/www.diariodeouropreto.com.br\/pt\/wp-json\/wp\/v2\/tags?post=52013"}],"curies":[{"name":"wp","href":"https:\/\/api.w.org\/{rel}","templated":true}]}}