{"id":52002,"date":"2026-04-30T08:00:00","date_gmt":"2026-04-30T11:00:00","guid":{"rendered":"https:\/\/www.diariodeouropreto.com.br\/?p=52002"},"modified":"2026-04-29T16:05:10","modified_gmt":"2026-04-29T19:05:10","slug":"demonstrativo-financeiro-efi-scfi-2025","status":"publish","type":"post","link":"https:\/\/www.diariodeouropreto.com.br\/pt\/demonstrativo-financeiro-efi-scfi-2025\/","title":{"rendered":"Demonstrativo financeiro Ef\u00ed SCFI 2025"},"content":{"rendered":"<p><strong>Aviso<\/strong><\/p>\n\n\n\n<p>As demonstra\u00e7\u00f5es financeiras apresentadas a seguir s\u00e3o demonstra\u00e7\u00f5es financeiras resumidas e n\u00e3o devem ser consideradas isoladamente para a tomada de decis\u00e3o. O entendimento da situa\u00e7\u00e3o financeira e patrimonial da companhia demanda a leitura das demonstra\u00e7\u00f5es financeiras completas auditadas, elaboradas na forma da legisla\u00e7\u00e3o societ\u00e1ria e da regulamenta\u00e7\u00e3o cont\u00e1bil aplic\u00e1vel. As demonstra\u00e7\u00f5es financeiras completas auditadas, incluindo o respectivo relat\u00f3rio do auditor independente, est\u00e1 dispon\u00edvel no seguinte endere\u00e7o eletr\u00f4nico:<\/p>\n\n\n\n<p>A Ef\u00ed SCFI \u00e9 a institui\u00e7\u00e3o respons\u00e1vel pelas opera\u00e7\u00f5es de cr\u00e9dito, financiamento e investimento dentro do Ecossistema Ef\u00ed Bank, atuando de forma integrada com outras empresas do grupo, como o Ef\u00ed IP e a Eva Benef\u00edcios, sob a estrutura da Gerencianet Holding. Seu papel \u00e9 estrat\u00e9gico ao ampliar a oferta de solu\u00e7\u00f5es financeiras, especialmente para pessoas jur\u00eddicas, promovendo diversifica\u00e7\u00e3o de receitas e fortalecendo a proposta de valor do conglomerado. A atua\u00e7\u00e3o da Ef\u00ed SCFI \u00e9 baseada em forte integra\u00e7\u00e3o tecnol\u00f3gica e operacional com as demais empresas do grupo, o que permite efici\u00eancia na origina\u00e7\u00e3o, an\u00e1lise e gest\u00e3o das opera\u00e7\u00f5es de cr\u00e9dito. A institui\u00e7\u00e3o combina uso intensivo de dados, automa\u00e7\u00e3o e governan\u00e7a de riscos para garantir decis\u00f5es \u00e1geis e sustent\u00e1veis, sempre em conformidade com as exig\u00eancias regulat\u00f3rias. Sua miss\u00e3o \u00e9 simplificar jornadas financeiras com seguran\u00e7a e efici\u00eancia, alinhada \u00e0 vis\u00e3o do Ef\u00ed Bank de se consolidar como um banco digital de refer\u00eancia no pa\u00eds. Em 2025, a Ef\u00ed SCFI passou por uma reestrutura\u00e7\u00e3o relevante de seus processos operacionais e de cr\u00e9dito, resultando em maior padroniza\u00e7\u00e3o, efici\u00eancia e controle de riscos. Como reflexo, houve crescimento expressivo da carteira de cr\u00e9dito, que atingiu R$ 60,7 milh\u00f5es, representando aumento significativo em rela\u00e7\u00e3o ao ano anterior. Esse avan\u00e7o foi impulsionado principalmente por produtos como antecipa\u00e7\u00e3o de receb\u00edveis e capital de giro, al\u00e9m da expans\u00e3o na concess\u00e3o de limites de cart\u00e3o de cr\u00e9dito. O crescimento ocorreu de forma prudente, com monitoramento cont\u00ednuo da qualidade da carteira e fortalecimento da governan\u00e7a. Paralelamente, a institui\u00e7\u00e3o ampliou sua capacidade de capta\u00e7\u00e3o, melhorando sua estrutura de funding e sustentando o crescimento com maior previsibilidade financeira. Tamb\u00e9m houve evolu\u00e7\u00e3o do capital e dos ativos totais, refletindo a consolida\u00e7\u00e3o da opera\u00e7\u00e3o. A Ef\u00ed SCFI participou de importantes reconhecimentos em 2025, com destaque para pr\u00eamios relacionados \u00e0 inova\u00e7\u00e3o, experi\u00eancia do cliente e estrat\u00e9gias de cr\u00e9dito, evidenciando sua capacidade de aliar tecnologia e gest\u00e3o de risco. Al\u00e9m disso, refor\u00e7ou sua presen\u00e7a no mercado por meio da participa\u00e7\u00e3o em eventos relevantes do setor financeiro e de inova\u00e7\u00e3o. Do ponto de vista estrat\u00e9gico, a institui\u00e7\u00e3o segue focada na expans\u00e3o do cr\u00e9dito para o p\u00fablico pessoa jur\u00eddica, especialmente micro, pequenas e m\u00e9dias empresas, com apoio de parcerias e canais digitais. Para 2026, est\u00e3o previstas iniciativas como o desenvolvimento de novos produtos, incluindo solu\u00e7\u00f5es baseadas em receb\u00edveis e Pix Garantido, al\u00e9m do aprimoramento das pol\u00edticas de risco diante do cen\u00e1rio macroecon\u00f4mico.<\/p>\n\n\n\n<p>A Ef\u00ed SCFI tamb\u00e9m avan\u00e7a na estrutura\u00e7\u00e3o de sua governan\u00e7a, integrando a gest\u00e3o de cr\u00e9dito \u00e0s estrat\u00e9gias de capital e funding, e criando uma \u00e1rea dedicada \u00e0 opera\u00e7\u00e3o de cr\u00e9dito. Esse movimento fortalece o controle, a efici\u00eancia e a escalabilidade da opera\u00e7\u00e3o. Em 2025, a institui\u00e7\u00e3o atingiu o break-even operacional e passou a apresentar resultados positivos de forma consistente, consolidando-se como uma opera\u00e7\u00e3o financeiramente sustent\u00e1vel. O ano marcou n\u00e3o apenas crescimento em volume, mas tamb\u00e9m maturidade estrutural, posicionando a Ef\u00ed SCFI como um pilar fundamental para o crescimento sustent\u00e1vel e a solidez do Ef\u00ed Bank no longo prazo.&nbsp;&nbsp;<\/p>\n\n\n\n<p>A Administra\u00e7\u00e3o&nbsp; &nbsp;<\/p>\n\n\n\n<div data-wp-interactive=\"core\/file\" class=\"wp-block-file\"><object data-wp-bind--hidden=\"!state.hasPdfPreview\" hidden class=\"wp-block-file__embed\" data=\"https:\/\/www.diariodeouropreto.com.br\/wp-content\/uploads\/2026\/04\/DF-Resumida-Efi-SCFI-12-2025.docx.pdf\" type=\"application\/pdf\" style=\"width:100%;height:600px\" aria-label=\"Incorpora\u00e7\u00e3o de DF Resumida - Ef\u00ed SCFI - 12-2025.docx.\"><\/object><a id=\"wp-block-file--media-6dac2602-2dd3-48d7-b7e1-9f0133d37d4f\" href=\"https:\/\/www.diariodeouropreto.com.br\/wp-content\/uploads\/2026\/04\/DF-Resumida-Efi-SCFI-12-2025.docx.pdf\" data-wpel-link=\"external\" target=\"_blank\" rel=\"follow external noopener noreferrer sponsored ugc\">DF Resumida &#8211; Ef\u00ed SCFI &#8211; 12-2025.docx<\/a><a href=\"https:\/\/www.diariodeouropreto.com.br\/wp-content\/uploads\/2026\/04\/DF-Resumida-Efi-SCFI-12-2025.docx.pdf\" class=\"wp-block-file__button wp-element-button\" download=\"\" aria-describedby=\"wp-block-file--media-6dac2602-2dd3-48d7-b7e1-9f0133d37d4f\" data-wpel-link=\"external\" target=\"_blank\" rel=\"follow external noopener noreferrer sponsored ugc\">Baixar<\/a><\/div>\n\n\n\n<ol class=\"wp-block-list\">\n<li><strong>Contexto Operacional:<\/strong> A Sociedade de Cr\u00e9dito, Financiamento e Investimento Ef\u00ed S.A. (\u201cEf\u00ed SCFI\u201d) \u00e9 uma institui\u00e7\u00e3o financeira de capital fechado, integrante do Conglomerado Ef\u00ed. Seu objeto social contempla a realiza\u00e7\u00e3o de opera\u00e7\u00f5es de cr\u00e9dito para financiamento de bens e servi\u00e7os a pessoas f\u00edsicas e jur\u00eddicas, capital de giro para pessoas jur\u00eddicas, bem como demais opera\u00e7\u00f5es autorizadas pelo Banco Central do Brasil (BCB). A Institui\u00e7\u00e3o atua de forma integrada com as demais empresas do conglomerado, sendo controlada pelo Ef\u00ed S.A. \u2013 Institui\u00e7\u00e3o de Pagamento, l\u00edder do Conglomerado Prudencial.<\/li>\n\n\n\n<li><strong>Pol\u00edticas cont\u00e1beis significativas:<\/strong><\/li>\n<\/ol>\n\n\n\n<ol class=\"wp-block-list\">\n<li><strong>Bases de Elabora\u00e7\u00e3o e Apresenta\u00e7\u00e3o:<\/strong> As demonstra\u00e7\u00f5es financeiras foram elaboradas de acordo com as pr\u00e1ticas cont\u00e1beis adotadas no Brasil aplic\u00e1veis \u00e0s institui\u00e7\u00f5es autorizadas pelo BCB, conforme a Resolu\u00e7\u00e3o CMN n\u00ba 4.818\/2020 e Resolu\u00e7\u00e3o BCB n\u00ba 352\/23. A moeda funcional \u00e9 o Real. A Administra\u00e7\u00e3o avaliou a capacidade de continuidade operacional e entende que a Institui\u00e7\u00e3o possui recursos suficientes para manuten\u00e7\u00e3o de suas atividades.<\/li>\n\n\n\n<li><strong>Apura\u00e7\u00e3o do resultado:<\/strong> Adotado o regime de compet\u00eancia, com reconhecimento de receitas e despesas no per\u00edodo a que se referem, independentemente do recebimento ou pagamento.<\/li>\n\n\n\n<li><strong>Determina\u00e7\u00e3o do valor justo: <\/strong>mensurados segundo a hierarquia de mensura\u00e7\u00e3o do valor justo descrita a seguir:<\/li>\n<\/ol>\n\n\n\n<ul class=\"wp-block-list\">\n<li>N\u00edvel 1: Cota\u00e7\u00f5es de pre\u00e7os observ\u00e1veis em mercados ativos para o mesmo instrumento financeiro.<\/li>\n\n\n\n<li>N\u00edvel 2: Cota\u00e7\u00f5es de pre\u00e7os observ\u00e1veis em mercados ativos para instrumentos financeiros com caracter\u00edsticas semelhantes.<\/li>\n\n\n\n<li>N\u00edvel 3: Modelos de precifica\u00e7\u00e3o nos quais transa\u00e7\u00f5es de mercado atual ou dados observ\u00e1veis n\u00e3o est\u00e3o dispon\u00edveis e que exigem alto grau de julgamento e estimativa.\u00a0<\/li>\n<\/ul>\n\n\n\n<ol start=\"4\" class=\"wp-block-list\">\n<li><strong>Normas que possuem aplica\u00e7\u00e3o ap\u00f3s 31 de dezembro de 2025<\/strong>: Lei Complementar n\u00ba 224\/2025 altera a al\u00edquota da CSLL para 17,5% para sociedades de cr\u00e9dito, com vig\u00eancia a partir de abril de 2026.\u00a0\u00a0<\/li>\n\n\n\n<li><strong>Apresenta\u00e7\u00e3o das demonstra\u00e7\u00f5es:<\/strong> balan\u00e7o patrimonial \u00e9 estruturado por ordem de liquidez e exigibilidade. A Institui\u00e7\u00e3o optou pela dispensa de comparabilidade para o exerc\u00edcio de 2025, conforme regulamenta\u00e7\u00e3o vigente.<\/li>\n\n\n\n<li><strong>Uso de estimativas e julgamentos:<\/strong> A elabora\u00e7\u00e3o das demonstra\u00e7\u00f5es envolve estimativas relacionadas a valor justo, provis\u00f5es de cr\u00e9dito, conting\u00eancias, deprecia\u00e7\u00e3o e cr\u00e9ditos tribut\u00e1rios, podendo haver diverg\u00eancias entre valores estimados e realizados.<\/li>\n\n\n\n<li><strong>Disponibilidades: <\/strong>recursos com de vencimento igual ou inferior a 90 dias<\/li>\n\n\n\n<li><strong>Imobilizado de uso: <\/strong>s\u00e3o mensurados pelo custo hist\u00f3rico de aquisi\u00e7\u00e3o ou constru\u00e7\u00e3o, deduzido de deprecia\u00e7\u00e3o acumulada e quaisquer perdas acumuladas por redu\u00e7\u00e3o ao valor recuper\u00e1vel (impairment), quando aplic\u00e1veis.\u00a0<\/li>\n\n\n\n<li><strong>Ativos e passivos contingentes: <\/strong>O reconhecimento, a mensura\u00e7\u00e3o e a divulga\u00e7\u00e3o das provis\u00f5es dos ativos e dos passivos contingentes e das obriga\u00e7\u00f5es legais s\u00e3o efetuadas de acordo com a Resolu\u00e7\u00e3o CMN n\u00b0 3.823\/2009 e de acordo com os crit\u00e9rios definidos pelo Comit\u00ea de Pronunciamentos Cont\u00e1beis (CPC 25) &#8211; Provis\u00f5es, passivos e ativos contingentes.\u00a0<\/li>\n\n\n\n<li><strong>Imposto de renda e contribui\u00e7\u00e3o social: <\/strong>s\u00e3o calculados pelo regime de tributa\u00e7\u00e3o do Lucro Real.<\/li>\n\n\n\n<li><strong>Outros passivos: <\/strong>s\u00e3o demonstrados pelos valores conhecidos, acrescidos, quando aplic\u00e1vel, dos correspondentes encargos, ajustados ao seu valor presente.<\/li>\n\n\n\n<li><strong>Conting\u00eancias:<\/strong> Classifica\u00e7\u00e3o de processos judiciais em prov\u00e1vel (provisionado), poss\u00edvel ou remoto.<\/li>\n\n\n\n<li><strong>Resultados recorrentes\/n\u00e3o recorrentes: r<\/strong>ecorrentes s\u00e3o os resultados oriundos das opera\u00e7\u00f5es realizadas de acordo com o objeto social e n\u00e3o recorrente aqueles que n\u00e3o fazem parte da opera\u00e7\u00e3o da Institui\u00e7\u00e3o.\u00a0<\/li>\n\n\n\n<li><strong>Carteira de cr\u00e9dito:<\/strong> As opera\u00e7\u00f5es de cr\u00e9dito e demais opera\u00e7\u00f5es com caracter\u00edstica de concess\u00e3o de cr\u00e9dito da Institui\u00e7\u00e3o s\u00e3o classificadas na categoria de custo amortizado, uma vez que a gest\u00e3o desses ativos tem como objetivo principal receber os fluxos de caixa contratuais.<\/li>\n\n\n\n<li><strong>Provis\u00f5es para perdas esperadas associadas ao risco de cr\u00e9dito: <\/strong>A provis\u00e3o para risco de cr\u00e9dito segue a Resolu\u00e7\u00e3o BCB n\u00ba 352\/23, com ativos classificados por carteira e mensura\u00e7\u00e3o pelo m\u00e9todo simplificado. Opera\u00e7\u00f5es em atraso acima de 90 dias s\u00e3o problem\u00e1ticas e acima de 480 dias s\u00e3o baixadas contra provis\u00e3o.<\/li>\n\n\n\n<li><strong>Eventos Subsequentes:<\/strong> Em outubro de 2025, o Conglomerado Ef\u00ed foi reclassificado pelo BCB para o <strong>Segmento S4<\/strong>, transi\u00e7\u00e3o conclu\u00edda em fevereiro de 2026. Em janeiro de 2026, a Ef\u00ed IP adquiriu a totalidade das a\u00e7\u00f5es do Ef\u00ed SCFI, passando a deter 100% do seu capital.<\/li>\n<\/ol>\n\n\n\n<p><strong>Diretoria&nbsp;<\/strong><\/p>\n\n\n\n<p>Denis Costa da Silva<\/p>\n\n\n\n<p>Francisco Carvalho<\/p>\n\n\n\n<p>Paulo S\u00e9rgio de Faria Barros<\/p>\n\n\n\n<p><strong>Contadora Respons\u00e1vel<\/strong><\/p>\n\n\n\n<p>Alessander Campo Dall\u2019Orto<\/p>\n\n\n\n<p>CRC MG: MG-105496\/O-5<\/p>\n\n\n\n<p><strong>RELAT\u00d3RIO DO AUDITOR INDEPENDENTE SOBRE AS DEMONSTRA\u00c7\u00d5ES FINANCEIRAS<\/strong><strong><\/strong><\/p>\n\n\n\n<p>Aos Administradores e Acionistas Sociedade de Cr\u00e9dito, Financiamento e Investimento Ef\u00ed S.A. Opini\u00e3o Examinamos as demonstra\u00e7\u00f5es financeiras da Sociedade de Cr\u00e9dito, Financiamento e Investimento Ef\u00ed S.A. (\u201cEf\u00ed\u201d, \u201cEf\u00ed SCFI\u201d ou \u201cInstitui\u00e7\u00e3o\u201d), que compreendem o balan\u00e7o patrimonial em 31 de dezembro de 2025 e as respectivas demonstra\u00e7\u00f5es do resultado, do resultado abrangente, das muta\u00e7\u00f5es do patrim\u00f4nio l\u00edquido e dos fluxos de caixa para o semestre e exerc\u00edcio findos nessa data, bem como as correspondentes notas explicativas, incluindo o resumo das principais pol\u00edticas cont\u00e1beis. Em nossa opini\u00e3o, as demonstra\u00e7\u00f5es financeiras acima referidas foram elaboradas, em todos os aspectos relevantes, de acordo com as pr\u00e1ticas cont\u00e1beis adotadas no Brasil, aplic\u00e1veis \u00e0s institui\u00e7\u00f5es autorizadas a funcionar pelo Banco Central do Brasil (BCB). Base para opini\u00e3o&nbsp; Nossa auditoria foi conduzida de acordo com as normas brasileiras e internacionais de auditoria. Nossas responsabilidades, em conformidade com tais normas, est\u00e3o descritas na se\u00e7\u00e3o intitulada &#8220;Responsabilidades do auditor pela auditoria das demonstra\u00e7\u00f5es financeiras&#8221;. Somos independentes em rela\u00e7\u00e3o \u00e0 Institui\u00e7\u00e3o, de acordo com os princ\u00edpios \u00e9ticos relevantes previstos no C\u00f3digo de \u00c9tica Profissional do Contador e nas normas profissionais emitidas pelo Conselho Federal de Contabilidade, aplic\u00e1veis a auditorias de demonstra\u00e7\u00f5es financeiras de entidades de interesse p\u00fablico no Brasil, e cumprimos com as demais responsabilidades \u00e9ticas conforme essas normas. Acreditamos que a evid\u00eancia de auditoria obtida \u00e9 suficiente e apropriada para fundamentar nossa opini\u00e3o. \u00canfase &#8211; Informa\u00e7\u00f5es comparativas&nbsp; Chamamos a aten\u00e7\u00e3o para a Nota 2 \u00e0s demonstra\u00e7\u00f5es financeiras que descreve que as referidas demonstra\u00e7\u00f5es foram elaboradas de acordo com as pr\u00e1ticas cont\u00e1beis adotadas no Brasil, aplic\u00e1veis \u00e0s institui\u00e7\u00f5es autorizadas a funcionar pelo Banco Central do Brasil, considerando a dispensa de apresenta\u00e7\u00e3o das cifras comparativas nas demonstra\u00e7\u00f5es financeiras do exerc\u00edcio findo em 31 de dezembro de 2025, conforme previsto na Resolu\u00e7\u00e3o no 352 do Banco Central do Brasil (BCB) . Nossa opini\u00e3o n\u00e3o est\u00e1 ressalvada em rela\u00e7\u00e3o a esse assunto. Outras informa\u00e7\u00f5es que acompanham as demonstra\u00e7\u00f5es financeiras e o relat\u00f3rio do auditor A administra\u00e7\u00e3o da Institui\u00e7\u00e3o \u00e9 respons\u00e1vel por essas outras informa\u00e7\u00f5es que compreendem o Relat\u00f3rio da Administra\u00e7\u00e3o.&nbsp;<\/p>\n\n\n\n<p>Nossa opini\u00e3o sobre as demonstra\u00e7\u00f5es financeiras n\u00e3o abrange o Relat\u00f3rio da Administra\u00e7\u00e3o e n\u00e3o expressamos qualquer forma de conclus\u00e3o de auditoria sobre esse relat\u00f3rio. Em conex\u00e3o com a auditoria das demonstra\u00e7\u00f5es financeiras, nossa responsabilidade \u00e9 a de ler o Relat\u00f3rio da Administra\u00e7\u00e3o e, ao faz\u00ea-lo, considerar se esse relat\u00f3rio est\u00e1, de forma relevante, inconsistente com as demonstra\u00e7\u00f5es financeiras ou com nosso conhecimento obtido na auditoria ou, de outra forma, aparenta estar distorcido de forma relevante. Se, com base no trabalho realizado, concluirmos que h\u00e1 distor\u00e7\u00e3o relevante no Relat\u00f3rio da Administra\u00e7\u00e3o, somos requeridos a comunicar esse fato. N\u00e3o temos nada a relatar a este respeito. Responsabilidades da administra\u00e7\u00e3o e da governan\u00e7a pelas demonstra\u00e7\u00f5es financeiras A administra\u00e7\u00e3o da Institui\u00e7\u00e3o \u00e9 respons\u00e1vel pela elabora\u00e7\u00e3o das demonstra\u00e7\u00f5es financeiras de acordo com as pr\u00e1ticas cont\u00e1beis adotadas no Brasil, aplic\u00e1veis \u00e0s institui\u00e7\u00f5es autorizadas a funcionar pelo Banco Central do Brasil (BCB) e pelos controles internos que ela determinou como necess\u00e1rios para permitir a elabora\u00e7\u00e3o de demonstra\u00e7\u00f5es financeiras livres de distor\u00e7\u00e3o relevante, independentemente se causada por fraude ou erro. Na elabora\u00e7\u00e3o das demonstra\u00e7\u00f5es financeiras, a administra\u00e7\u00e3o \u00e9 respons\u00e1vel pela avalia\u00e7\u00e3o da capacidade de a Institui\u00e7\u00e3o continuar operando, divulgando, quando aplic\u00e1vel, os assuntos relacionados com a sua continuidade operacional e o uso dessa base cont\u00e1bil na elabora\u00e7\u00e3o das demonstra\u00e7\u00f5es financeiras, a n\u00e3o ser que a administra\u00e7\u00e3o pretenda liquidar a Institui\u00e7\u00e3o ou cessar suas opera\u00e7\u00f5es, ou n\u00e3o tenha nenhuma alternativa realista para evitar o encerramento das opera\u00e7\u00f5es. Os respons\u00e1veis pela governan\u00e7a da Institui\u00e7\u00e3o s\u00e3o aqueles com responsabilidade pela supervis\u00e3o do processo de elabora\u00e7\u00e3o das demonstra\u00e7\u00f5es financeiras. Responsabilidades do auditor pela auditoria das demonstra\u00e7\u00f5es financeiras Nossos objetivos s\u00e3o obter seguran\u00e7a razo\u00e1vel de que as demonstra\u00e7\u00f5es financeiras, tomadas em conjunto, est\u00e3o livres de distor\u00e7\u00e3o relevante, independentemente se causada por fraude ou erro, e emitir relat\u00f3rio de auditoria contendo nossa opini\u00e3o. Seguran\u00e7a razo\u00e1vel \u00e9 um alto n\u00edvel de seguran\u00e7a, mas n\u00e3o uma garantia de que a auditoria realizada de acordo com as normas brasileiras e internacionais de auditoria sempre detectam as eventuais distor\u00e7\u00f5es relevantes existentes. As distor\u00e7\u00f5es podem ser decorrentes de fraude ou erro e s\u00e3o consideradas relevantes quando, individualmente ou em conjunto, possam influenciar, dentro de uma perspectiva razo\u00e1vel, as decis\u00f5es econ\u00f4micas dos usu\u00e1rios tomadas com base nas referidas demonstra\u00e7\u00f5es financeiras. Sociedade de Cr\u00e9dito, Financiamento e Investimento Ef\u00ed S.A. Como parte de uma auditoria realizada de acordo com as normas brasileiras e internacionais de auditoria, exercemos julgamento profissional e mantemos ceticismo profissional ao longo da auditoria. Al\u00e9m disso:\u2022Identificamos e avaliamos os riscos de distor\u00e7\u00e3o relevante nas demonstra\u00e7\u00f5es financeiras, independentemente se causada por fraude ou erro, planejamos e executamos procedimentos de auditoria em resposta a tais riscos, bem como obtemos evid\u00eancia de auditoria apropriada e suficiente para fundamentar nossa opini\u00e3o. O risco de n\u00e3o detec\u00e7\u00e3o de distor\u00e7\u00e3o relevante resultante de fraude \u00e9 maior do que o proveniente de erro, j\u00e1 que a fraude pode envolver o ato de burlar os controles internos, conluio, falsifica\u00e7\u00e3o, omiss\u00e3o ou representa\u00e7\u00f5es falsas intencionais. \u2022Obtemos entendimento dos controles internos relevantes para a auditoria para planejarmos procedimentos de auditoria apropriados \u00e0s circunst\u00e2ncias, mas n\u00e3o com o objetivo de expressarmos opini\u00e3o sobre a efic\u00e1cia dos controles internos da Institui\u00e7\u00e3o.<\/p>\n\n\n\n<p>\u2022Avaliamos a adequa\u00e7\u00e3o das pol\u00edticas cont\u00e1beis utilizadas e a razoabilidade das estimativas cont\u00e1beis e respectivas divulga\u00e7\u00f5es feitas pela administra\u00e7\u00e3o. \u2022Conclu\u00edmos sobre a adequa\u00e7\u00e3o do uso, pela administra\u00e7\u00e3o, da base cont\u00e1bil de continuidade operacional e, com base nas evid\u00eancias de auditoria obtidas, se existe incerteza relevante em rela\u00e7\u00e3o a eventos ou condi\u00e7\u00f5es que possam levantar d\u00favida significativa em rela\u00e7\u00e3o \u00e0 capacidade de continuidade operacional da Institui\u00e7\u00e3o. Se concluirmos que existe incerteza relevante, devemos chamar aten\u00e7\u00e3o em nosso relat\u00f3rio de auditoria para as respectivas divulga\u00e7\u00f5es nas demonstra\u00e7\u00f5es financeiras ou incluir modifica\u00e7\u00e3o em nossa opini\u00e3o, se as divulga\u00e7\u00f5es forem inadequadas. Nossas conclus\u00f5es est\u00e3o fundamentadas nas evid\u00eancias de auditoria obtidas at\u00e9 a data de nosso relat\u00f3rio. Todavia, eventos ou condi\u00e7\u00f5es futuras podem levar a Institui\u00e7\u00e3o a n\u00e3o mais se manter em continuidade operacional. Comunicamo-nos com os respons\u00e1veis pela governan\u00e7a a respeito, entre outros aspectos, do alcance e da \u00e9poca dos trabalhos de auditoria planejados e das constata\u00e7\u00f5es significativas de auditoria, inclusive as defici\u00eancias significativas nos controles internos que, eventualmente, tenham sido identificadas durante nossos trabalhos. Belo Horizonte, 26 de mar\u00e7o de 2026<\/p>\n\n\n\n<p><strong>Auditor Respons\u00e1vel<\/strong><\/p>\n\n\n\n<div id=\"110712\" class=\"advads-saneouro advads-entity-placement\" style=\"margin-left: auto;margin-right: auto;text-align: center;\"><a href=\"https:\/\/www.saneouro.com.br\/\" target=\"_blank\" aria-label=\"DOP_Site\" data-wpel-link=\"external\" rel=\"follow external noopener noreferrer sponsored ugc\"><img src=\"https:\/\/www.diariodeouropreto.com.br\/wp-content\/uploads\/2026\/04\/DOP_Site.jpg\" alt=\"\"  srcset=\"https:\/\/www.diariodeouropreto.com.br\/wp-content\/uploads\/2026\/04\/DOP_Site.jpg 301w, https:\/\/www.diariodeouropreto.com.br\/wp-content\/uploads\/2026\/04\/DOP_Site-180x150.jpg 180w, https:\/\/www.diariodeouropreto.com.br\/wp-content\/uploads\/2026\/04\/DOP_Site-14x12.jpg 14w\" sizes=\"(max-width: 301px) 100vw, 301px\" width=\"301\" height=\"251\"  style=\"display: inline-block;\" \/><\/a><\/div><p>Daniel Naves Marteletto&nbsp;<\/p>\n\n\n\n<div id=\"50321\" class=\"advads-plantao advads-entity-placement\"><a href=\"https:\/\/www.diariodeouropreto.com.br\/pt\/\" target=\"_blank\" aria-label=\"site &#8211; noticia\" data-wpel-link=\"external\" rel=\"follow external noopener noreferrer sponsored ugc\"><img src=\"https:\/\/www.diariodeouropreto.com.br\/wp-content\/uploads\/2019\/09\/titulosite2-e1616373489755.jpg\" alt=\"\"  srcset=\"https:\/\/www.diariodeouropreto.com.br\/wp-content\/uploads\/2019\/09\/titulosite2-e1616373489755.jpg 1200w, https:\/\/www.diariodeouropreto.com.br\/wp-content\/uploads\/2019\/09\/titulosite2-e1616373489755-150x38.jpg 150w, https:\/\/www.diariodeouropreto.com.br\/wp-content\/uploads\/2019\/09\/titulosite2-e1616373489755-660x167.jpg 660w, https:\/\/www.diariodeouropreto.com.br\/wp-content\/uploads\/2019\/09\/titulosite2-e1616373489755-768x194.jpg 768w, https:\/\/www.diariodeouropreto.com.br\/wp-content\/uploads\/2019\/09\/titulosite2-e1616373489755-1000x252.jpg 1000w, https:\/\/www.diariodeouropreto.com.br\/wp-content\/uploads\/2019\/09\/titulosite2-e1616373489755-1536x388.jpg 1536w, https:\/\/www.diariodeouropreto.com.br\/wp-content\/uploads\/2019\/09\/titulosite2-e1616373489755-2048x517.jpg 2048w\" sizes=\"(max-width: 1200px) 100vw, 1200px\" width=\"1200\" height=\"303\"  style=\"display: inline-block;\" \/><\/a><\/div><p>Contador CRC MG105346\/O-<\/p>","protected":false},"excerpt":{"rendered":"<p>Aviso As demonstra\u00e7\u00f5es financeiras apresentadas a seguir s\u00e3o demonstra\u00e7\u00f5es financeiras resumidas e n\u00e3o devem ser consideradas isoladamente para a tomada de decis\u00e3o. O entendimento da situa\u00e7\u00e3o financeira e patrimonial da companhia demanda a leitura das demonstra\u00e7\u00f5es financeiras completas auditadas, elaboradas na forma da legisla\u00e7\u00e3o societ\u00e1ria e da regulamenta\u00e7\u00e3o cont\u00e1bil aplic\u00e1vel.<span class=\"more-link\"><a href=\"https:\/\/www.diariodeouropreto.com.br\/pt\/demonstrativo-financeiro-efi-scfi-2025\/\" data-wpel-link=\"internal\">Continue Lendo<\/a><\/span><\/p>","protected":false},"author":1,"featured_media":52012,"comment_status":"closed","ping_status":"closed","sticky":false,"template":"","format":"standard","meta":{"_jetpack_memberships_contains_paid_content":false,"footnotes":"","jetpack_publicize_message":"","jetpack_publicize_feature_enabled":false,"jetpack_social_post_already_shared":true,"jetpack_social_options":{"image_generator_settings":{"template":"highway","default_image_id":0,"font":"","enabled":false},"version":2}},"categories":[824],"tags":[],"class_list":["entry","author-diario","post-52002","post","type-post","status-publish","format-standard","has-post-thumbnail","category-geral"],"yoast_head":"<!-- This site is optimized with the Yoast SEO plugin v27.5 - https:\/\/yoast.com\/product\/yoast-seo-wordpress\/ -->\n<title>Demonstrativo financeiro Ef\u00ed SCFI 2025 - Di\u00e1rio de Ouro Preto<\/title>\n<meta name=\"description\" content=\"- Demonstrativo financeiro Ef\u00ed SCFI 2025 - Geral\" \/>\n<meta name=\"robots\" content=\"index, follow, max-snippet:-1, max-image-preview:large, max-video-preview:-1\" \/>\n<link rel=\"canonical\" href=\"https:\/\/www.diariodeouropreto.com.br\/pt\/demonstrativo-financeiro-efi-scfi-2025\/\" \/>\n<meta property=\"og:locale\" content=\"pt_PT\" \/>\n<meta property=\"og:type\" content=\"article\" \/>\n<meta property=\"og:title\" content=\"Demonstrativo financeiro Ef\u00ed SCFI 2025 - Di\u00e1rio de Ouro Preto\" \/>\n<meta property=\"og:description\" content=\"- Demonstrativo financeiro Ef\u00ed SCFI 2025 - Geral\" \/>\n<meta property=\"og:url\" content=\"https:\/\/www.diariodeouropreto.com.br\/pt\/demonstrativo-financeiro-efi-scfi-2025\/\" \/>\n<meta property=\"og:site_name\" content=\"Di\u00e1rio de Ouro Preto\" \/>\n<meta property=\"article:publisher\" content=\"https:\/\/www.facebook.com\/diariodeouropreto\/\" \/>\n<meta property=\"article:published_time\" content=\"2026-04-30T11:00:00+00:00\" \/>\n<meta property=\"og:image\" content=\"https:\/\/www.diariodeouropreto.com.br\/wp-content\/uploads\/2026\/04\/unnamed.png\" \/>\n\t<meta property=\"og:image:width\" content=\"626\" \/>\n\t<meta property=\"og:image:height\" content=\"546\" \/>\n\t<meta property=\"og:image:type\" content=\"image\/png\" \/>\n<meta name=\"author\" content=\"Di\u00e1rio de Ouro Preto\" \/>\n<meta name=\"twitter:card\" content=\"summary_large_image\" \/>\n<meta name=\"twitter:label1\" content=\"Escrito por\" \/>\n\t<meta name=\"twitter:data1\" content=\"Di\u00e1rio de Ouro Preto\" \/>\n\t<meta name=\"twitter:label2\" content=\"Tempo estimado de leitura\" \/>\n\t<meta name=\"twitter:data2\" content=\"13 minutos\" \/>\n<script type=\"application\/ld+json\" class=\"yoast-schema-graph\">{\"@context\":\"https:\\\/\\\/schema.org\",\"@graph\":[{\"@type\":\"Article\",\"@id\":\"https:\\\/\\\/www.diariodeouropreto.com.br\\\/demonstrativo-financeiro-efi-scfi-2025\\\/#article\",\"isPartOf\":{\"@id\":\"https:\\\/\\\/www.diariodeouropreto.com.br\\\/demonstrativo-financeiro-efi-scfi-2025\\\/\"},\"author\":{\"name\":\"Di\u00e1rio de Ouro Preto\",\"@id\":\"https:\\\/\\\/www.diariodeouropreto.com.br\\\/pt\\\/#\\\/schema\\\/person\\\/7654e7b471204a6dab6dc0ce6e140c99\"},\"headline\":\"Demonstrativo financeiro Ef\u00ed SCFI 2025\",\"datePublished\":\"2026-04-30T11:00:00+00:00\",\"mainEntityOfPage\":{\"@id\":\"https:\\\/\\\/www.diariodeouropreto.com.br\\\/demonstrativo-financeiro-efi-scfi-2025\\\/\"},\"wordCount\":2684,\"publisher\":{\"@id\":\"https:\\\/\\\/www.diariodeouropreto.com.br\\\/pt\\\/#organization\"},\"image\":{\"@id\":\"https:\\\/\\\/www.diariodeouropreto.com.br\\\/demonstrativo-financeiro-efi-scfi-2025\\\/#primaryimage\"},\"thumbnailUrl\":\"https:\\\/\\\/www.diariodeouropreto.com.br\\\/wp-content\\\/uploads\\\/2026\\\/04\\\/unnamed.png\",\"articleSection\":[\"Geral\"],\"inLanguage\":\"pt-PT\"},{\"@type\":\"WebPage\",\"@id\":\"https:\\\/\\\/www.diariodeouropreto.com.br\\\/demonstrativo-financeiro-efi-scfi-2025\\\/\",\"url\":\"https:\\\/\\\/www.diariodeouropreto.com.br\\\/demonstrativo-financeiro-efi-scfi-2025\\\/\",\"name\":\"Demonstrativo financeiro Ef\u00ed SCFI 2025 - Di\u00e1rio de Ouro Preto\",\"isPartOf\":{\"@id\":\"https:\\\/\\\/www.diariodeouropreto.com.br\\\/pt\\\/#website\"},\"primaryImageOfPage\":{\"@id\":\"https:\\\/\\\/www.diariodeouropreto.com.br\\\/demonstrativo-financeiro-efi-scfi-2025\\\/#primaryimage\"},\"image\":{\"@id\":\"https:\\\/\\\/www.diariodeouropreto.com.br\\\/demonstrativo-financeiro-efi-scfi-2025\\\/#primaryimage\"},\"thumbnailUrl\":\"https:\\\/\\\/www.diariodeouropreto.com.br\\\/wp-content\\\/uploads\\\/2026\\\/04\\\/unnamed.png\",\"datePublished\":\"2026-04-30T11:00:00+00:00\",\"description\":\"- Demonstrativo financeiro Ef\u00ed SCFI 2025 - Geral\",\"breadcrumb\":{\"@id\":\"https:\\\/\\\/www.diariodeouropreto.com.br\\\/demonstrativo-financeiro-efi-scfi-2025\\\/#breadcrumb\"},\"inLanguage\":\"pt-PT\",\"potentialAction\":[{\"@type\":\"ReadAction\",\"target\":[\"https:\\\/\\\/www.diariodeouropreto.com.br\\\/demonstrativo-financeiro-efi-scfi-2025\\\/\"]}]},{\"@type\":\"ImageObject\",\"inLanguage\":\"pt-PT\",\"@id\":\"https:\\\/\\\/www.diariodeouropreto.com.br\\\/demonstrativo-financeiro-efi-scfi-2025\\\/#primaryimage\",\"url\":\"https:\\\/\\\/www.diariodeouropreto.com.br\\\/wp-content\\\/uploads\\\/2026\\\/04\\\/unnamed.png\",\"contentUrl\":\"https:\\\/\\\/www.diariodeouropreto.com.br\\\/wp-content\\\/uploads\\\/2026\\\/04\\\/unnamed.png\",\"width\":626,\"height\":546},{\"@type\":\"BreadcrumbList\",\"@id\":\"https:\\\/\\\/www.diariodeouropreto.com.br\\\/demonstrativo-financeiro-efi-scfi-2025\\\/#breadcrumb\",\"itemListElement\":[{\"@type\":\"ListItem\",\"position\":1,\"name\":\"In\u00edcio\",\"item\":\"https:\\\/\\\/www.diariodeouropreto.com.br\\\/pt\\\/\"},{\"@type\":\"ListItem\",\"position\":2,\"name\":\"Demonstrativo financeiro Ef\u00ed SCFI 2025\"}]},{\"@type\":\"WebSite\",\"@id\":\"https:\\\/\\\/www.diariodeouropreto.com.br\\\/pt\\\/#website\",\"url\":\"https:\\\/\\\/www.diariodeouropreto.com.br\\\/pt\\\/\",\"name\":\"Di\u00e1rio de Ouro Preto\",\"description\":\"Not\u00edcias Ouro Preto; Mariana;Minas Gerais;Jornal;Jornalismo;Not\u00edcias;\",\"publisher\":{\"@id\":\"https:\\\/\\\/www.diariodeouropreto.com.br\\\/pt\\\/#organization\"},\"alternateName\":\"Jornal di\u00e1rio de Ouro Preto\",\"potentialAction\":[{\"@type\":\"SearchAction\",\"target\":{\"@type\":\"EntryPoint\",\"urlTemplate\":\"https:\\\/\\\/www.diariodeouropreto.com.br\\\/pt\\\/?s={search_term_string}\"},\"query-input\":{\"@type\":\"PropertyValueSpecification\",\"valueRequired\":true,\"valueName\":\"search_term_string\"}}],\"inLanguage\":\"pt-PT\"},{\"@type\":\"Organization\",\"@id\":\"https:\\\/\\\/www.diariodeouropreto.com.br\\\/pt\\\/#organization\",\"name\":\"Di\u00e1rio de Ouro Preto\",\"alternateName\":\"Jornal di\u00e1rio Ouro Preto\",\"url\":\"https:\\\/\\\/www.diariodeouropreto.com.br\\\/pt\\\/\",\"logo\":{\"@type\":\"ImageObject\",\"inLanguage\":\"pt-PT\",\"@id\":\"https:\\\/\\\/www.diariodeouropreto.com.br\\\/pt\\\/#\\\/schema\\\/logo\\\/image\\\/\",\"url\":\"https:\\\/\\\/www.diariodeouropreto.com.br\\\/wp-content\\\/uploads\\\/2019\\\/06\\\/cropped-logotransp-2.png\",\"contentUrl\":\"https:\\\/\\\/www.diariodeouropreto.com.br\\\/wp-content\\\/uploads\\\/2019\\\/06\\\/cropped-logotransp-2.png\",\"width\":1323,\"height\":251,\"caption\":\"Di\u00e1rio de Ouro Preto\"},\"image\":{\"@id\":\"https:\\\/\\\/www.diariodeouropreto.com.br\\\/pt\\\/#\\\/schema\\\/logo\\\/image\\\/\"},\"sameAs\":[\"https:\\\/\\\/www.facebook.com\\\/diariodeouropreto\\\/\"]},{\"@type\":\"Person\",\"@id\":\"https:\\\/\\\/www.diariodeouropreto.com.br\\\/pt\\\/#\\\/schema\\\/person\\\/7654e7b471204a6dab6dc0ce6e140c99\",\"name\":\"Di\u00e1rio de Ouro Preto\",\"sameAs\":[\"http:\\\/\\\/www.diariodeouropreto.com.br\"],\"url\":\"https:\\\/\\\/www.diariodeouropreto.com.br\\\/pt\\\/author\\\/diario\\\/\"}]}<\/script>\n<!-- \/ Yoast SEO plugin. -->","yoast_head_json":{"title":"Demonstrativo financeiro Ef\u00ed SCFI 2025 - Di\u00e1rio de Ouro Preto","description":"- Demonstrativo financeiro Ef\u00ed SCFI 2025 - Geral","robots":{"index":"index","follow":"follow","max-snippet":"max-snippet:-1","max-image-preview":"max-image-preview:large","max-video-preview":"max-video-preview:-1"},"canonical":"https:\/\/www.diariodeouropreto.com.br\/pt\/demonstrativo-financeiro-efi-scfi-2025\/","og_locale":"pt_PT","og_type":"article","og_title":"Demonstrativo financeiro Ef\u00ed SCFI 2025 - Di\u00e1rio de Ouro Preto","og_description":"- Demonstrativo financeiro Ef\u00ed SCFI 2025 - Geral","og_url":"https:\/\/www.diariodeouropreto.com.br\/pt\/demonstrativo-financeiro-efi-scfi-2025\/","og_site_name":"Di\u00e1rio de Ouro Preto","article_publisher":"https:\/\/www.facebook.com\/diariodeouropreto\/","article_published_time":"2026-04-30T11:00:00+00:00","og_image":[{"width":626,"height":546,"url":"https:\/\/www.diariodeouropreto.com.br\/wp-content\/uploads\/2026\/04\/unnamed.png","type":"image\/png"}],"author":"Di\u00e1rio de Ouro Preto","twitter_card":"summary_large_image","twitter_misc":{"Escrito por":"Di\u00e1rio de Ouro Preto","Tempo estimado de leitura":"13 minutos"},"schema":{"@context":"https:\/\/schema.org","@graph":[{"@type":"Article","@id":"https:\/\/www.diariodeouropreto.com.br\/demonstrativo-financeiro-efi-scfi-2025\/#article","isPartOf":{"@id":"https:\/\/www.diariodeouropreto.com.br\/demonstrativo-financeiro-efi-scfi-2025\/"},"author":{"name":"Di\u00e1rio de Ouro Preto","@id":"https:\/\/www.diariodeouropreto.com.br\/pt\/#\/schema\/person\/7654e7b471204a6dab6dc0ce6e140c99"},"headline":"Demonstrativo financeiro Ef\u00ed SCFI 2025","datePublished":"2026-04-30T11:00:00+00:00","mainEntityOfPage":{"@id":"https:\/\/www.diariodeouropreto.com.br\/demonstrativo-financeiro-efi-scfi-2025\/"},"wordCount":2684,"publisher":{"@id":"https:\/\/www.diariodeouropreto.com.br\/pt\/#organization"},"image":{"@id":"https:\/\/www.diariodeouropreto.com.br\/demonstrativo-financeiro-efi-scfi-2025\/#primaryimage"},"thumbnailUrl":"https:\/\/www.diariodeouropreto.com.br\/wp-content\/uploads\/2026\/04\/unnamed.png","articleSection":["Geral"],"inLanguage":"pt-PT"},{"@type":"WebPage","@id":"https:\/\/www.diariodeouropreto.com.br\/demonstrativo-financeiro-efi-scfi-2025\/","url":"https:\/\/www.diariodeouropreto.com.br\/demonstrativo-financeiro-efi-scfi-2025\/","name":"Demonstrativo financeiro Ef\u00ed SCFI 2025 - Di\u00e1rio de Ouro Preto","isPartOf":{"@id":"https:\/\/www.diariodeouropreto.com.br\/pt\/#website"},"primaryImageOfPage":{"@id":"https:\/\/www.diariodeouropreto.com.br\/demonstrativo-financeiro-efi-scfi-2025\/#primaryimage"},"image":{"@id":"https:\/\/www.diariodeouropreto.com.br\/demonstrativo-financeiro-efi-scfi-2025\/#primaryimage"},"thumbnailUrl":"https:\/\/www.diariodeouropreto.com.br\/wp-content\/uploads\/2026\/04\/unnamed.png","datePublished":"2026-04-30T11:00:00+00:00","description":"- Demonstrativo financeiro Ef\u00ed SCFI 2025 - Geral","breadcrumb":{"@id":"https:\/\/www.diariodeouropreto.com.br\/demonstrativo-financeiro-efi-scfi-2025\/#breadcrumb"},"inLanguage":"pt-PT","potentialAction":[{"@type":"ReadAction","target":["https:\/\/www.diariodeouropreto.com.br\/demonstrativo-financeiro-efi-scfi-2025\/"]}]},{"@type":"ImageObject","inLanguage":"pt-PT","@id":"https:\/\/www.diariodeouropreto.com.br\/demonstrativo-financeiro-efi-scfi-2025\/#primaryimage","url":"https:\/\/www.diariodeouropreto.com.br\/wp-content\/uploads\/2026\/04\/unnamed.png","contentUrl":"https:\/\/www.diariodeouropreto.com.br\/wp-content\/uploads\/2026\/04\/unnamed.png","width":626,"height":546},{"@type":"BreadcrumbList","@id":"https:\/\/www.diariodeouropreto.com.br\/demonstrativo-financeiro-efi-scfi-2025\/#breadcrumb","itemListElement":[{"@type":"ListItem","position":1,"name":"In\u00edcio","item":"https:\/\/www.diariodeouropreto.com.br\/pt\/"},{"@type":"ListItem","position":2,"name":"Demonstrativo financeiro Ef\u00ed SCFI 2025"}]},{"@type":"WebSite","@id":"https:\/\/www.diariodeouropreto.com.br\/pt\/#website","url":"https:\/\/www.diariodeouropreto.com.br\/pt\/","name":"Di\u00e1rio de Ouro Preto","description":"Not\u00edcias Ouro Preto; Mariana;Minas Gerais;Jornal;Jornalismo;Not\u00edcias;","publisher":{"@id":"https:\/\/www.diariodeouropreto.com.br\/pt\/#organization"},"alternateName":"Jornal di\u00e1rio de Ouro Preto","potentialAction":[{"@type":"SearchAction","target":{"@type":"EntryPoint","urlTemplate":"https:\/\/www.diariodeouropreto.com.br\/pt\/?s={search_term_string}"},"query-input":{"@type":"PropertyValueSpecification","valueRequired":true,"valueName":"search_term_string"}}],"inLanguage":"pt-PT"},{"@type":"Organization","@id":"https:\/\/www.diariodeouropreto.com.br\/pt\/#organization","name":"Di\u00e1rio de Ouro Preto","alternateName":"Jornal di\u00e1rio Ouro Preto","url":"https:\/\/www.diariodeouropreto.com.br\/pt\/","logo":{"@type":"ImageObject","inLanguage":"pt-PT","@id":"https:\/\/www.diariodeouropreto.com.br\/pt\/#\/schema\/logo\/image\/","url":"https:\/\/www.diariodeouropreto.com.br\/wp-content\/uploads\/2019\/06\/cropped-logotransp-2.png","contentUrl":"https:\/\/www.diariodeouropreto.com.br\/wp-content\/uploads\/2019\/06\/cropped-logotransp-2.png","width":1323,"height":251,"caption":"Di\u00e1rio de Ouro Preto"},"image":{"@id":"https:\/\/www.diariodeouropreto.com.br\/pt\/#\/schema\/logo\/image\/"},"sameAs":["https:\/\/www.facebook.com\/diariodeouropreto\/"]},{"@type":"Person","@id":"https:\/\/www.diariodeouropreto.com.br\/pt\/#\/schema\/person\/7654e7b471204a6dab6dc0ce6e140c99","name":"Di\u00e1rio de Ouro Preto","sameAs":["http:\/\/www.diariodeouropreto.com.br"],"url":"https:\/\/www.diariodeouropreto.com.br\/pt\/author\/diario\/"}]}},"jetpack_publicize_connections":[],"jetpack_featured_media_url":"https:\/\/www.diariodeouropreto.com.br\/wp-content\/uploads\/2026\/04\/unnamed.png","jetpack-related-posts":[{"id":44111,"url":"https:\/\/www.diariodeouropreto.com.br\/pt\/demonstrativo-financeiro-2024-sociedade-de-credito-financiamento-e-investimento-efi-s-a-efi-scfi\/","url_meta":{"origin":52002,"position":0},"title":"Demonstrativo financeiro 2024 Sociedade de Cr\u00e9dito, Financiamento e Investimento Ef\u00ed S.A. (Ef\u00ed SCFI)","author":"Di\u00e1rio de Ouro Preto","date":"28 de Abril de 2025","format":false,"excerpt":"Avisos: As demonstra\u00e7\u00f5es financeiras apresentadas a seguir s\u00e3o demonstra\u00e7\u00f5es financeiras resumidas e n\u00e3o devem ser consideradas isoladamente para a tomada de decis\u00e3o. O entendimento da situa\u00e7\u00e3o financeira e patrimonial da companhia demanda a leitura das demonstra\u00e7\u00f5es financeiras completas auditadas, elaboradas na forma da legisla\u00e7\u00e3o societ\u00e1ria e da regulamenta\u00e7\u00e3o cont\u00e1bil aplic\u00e1vel.\u2026","rel":"","context":"In &quot;Geral&quot;","block_context":{"text":"Geral","link":"https:\/\/www.diariodeouropreto.com.br\/pt\/Editoria\/geral\/"},"img":{"alt_text":"","src":"https:\/\/i0.wp.com\/www.diariodeouropreto.com.br\/wp-content\/uploads\/2025\/04\/326715443_1354825838651593_3917191098357949445_n.jpg?resize=350%2C200&ssl=1","width":350,"height":200},"classes":[]},{"id":52013,"url":"https:\/\/www.diariodeouropreto.com.br\/pt\/demonstrativo-financeiro-efi-s-a-instituicao-de-pagamentos-2025\/","url_meta":{"origin":52002,"position":1},"title":"Demonstrativo financeiro Ef\u00ed S.A. \u2013 Institui\u00e7\u00e3o de Pagamentos 2025","author":"Di\u00e1rio de Ouro Preto","date":"30 de Abril de 2026","format":false,"excerpt":"Aviso As demonstra\u00e7\u00f5es financeiras apresentadas a seguir s\u00e3o demonstra\u00e7\u00f5es financeiras resumidas e n\u00e3o devem ser consideradas isoladamente para a tomada de decis\u00e3o. O entendimento da situa\u00e7\u00e3o financeira e patrimonial da companhia demanda a leitura das demonstra\u00e7\u00f5es financeiras completas auditadas, elaboradas na forma da legisla\u00e7\u00e3o societ\u00e1ria e da regulamenta\u00e7\u00e3o cont\u00e1bil aplic\u00e1vel.\u2026","rel":"","context":"In &quot;Geral&quot;","block_context":{"text":"Geral","link":"https:\/\/www.diariodeouropreto.com.br\/pt\/Editoria\/geral\/"},"img":{"alt_text":"","src":"https:\/\/i0.wp.com\/www.diariodeouropreto.com.br\/wp-content\/uploads\/2026\/04\/unnamed.png?resize=350%2C200&ssl=1","width":350,"height":200,"srcset":"https:\/\/i0.wp.com\/www.diariodeouropreto.com.br\/wp-content\/uploads\/2026\/04\/unnamed.png?resize=350%2C200&ssl=1 1x, https:\/\/i0.wp.com\/www.diariodeouropreto.com.br\/wp-content\/uploads\/2026\/04\/unnamed.png?resize=525%2C300&ssl=1 1.5x"},"classes":[]},{"id":44106,"url":"https:\/\/www.diariodeouropreto.com.br\/pt\/demonstrativo-financeiro-2024-efi-instituicao-de-pagamento\/","url_meta":{"origin":52002,"position":2},"title":"Demonstrativo financeiro 2024 Ef\u00ed Institui\u00e7\u00e3o de Pagamento","author":"Di\u00e1rio de Ouro Preto","date":"28 de Abril de 2025","format":false,"excerpt":"Avisos As demonstra\u00e7\u00f5es financeiras apresentadas a seguir s\u00e3o demonstra\u00e7\u00f5es financeiras resumidas e n\u00e3o devem ser consideradas isoladamente para a tomada de decis\u00e3o. O entendimento da situa\u00e7\u00e3o financeira e patrimonial da companhia demanda a leitura das demonstra\u00e7\u00f5es financeiras completas auditadas, elaboradas na forma da legisla\u00e7\u00e3o societ\u00e1ria e da regulamenta\u00e7\u00e3o cont\u00e1bil aplic\u00e1vel.\u2026","rel":"","context":"In &quot;Geral&quot;","block_context":{"text":"Geral","link":"https:\/\/www.diariodeouropreto.com.br\/pt\/Editoria\/geral\/"},"img":{"alt_text":"","src":"","width":0,"height":0},"classes":[]},{"id":7572,"url":"https:\/\/www.diariodeouropreto.com.br\/pt\/justica-defere-o-processamento-da-recuperacao-judicial-da-samarco\/","url_meta":{"origin":52002,"position":3},"title":"Justi\u00e7a defere o processamento da Recupera\u00e7\u00e3o Judicial da Samarco","author":"Di\u00e1rio de Ouro Preto","date":"12 de Abril de 2021","format":false,"excerpt":"Belo Horizonte, 12 de abril de 2021 - A Samarco teve deferido pedido de Recupera\u00e7\u00e3o Judicial protocolado no dia 9 de abril na Justi\u00e7a de Minas Gerais. A decis\u00e3o garante prote\u00e7\u00e3o contra a\u00e7\u00f5es judiciais de execu\u00e7\u00e3o de d\u00edvidas com os credores, que s\u00e3o em sua maior parte fundos estrangeiros detentores\u2026","rel":"","context":"In &quot;Ouro Preto&quot;","block_context":{"text":"Ouro Preto","link":"https:\/\/www.diariodeouropreto.com.br\/pt\/Editoria\/ouro-preto\/"},"img":{"alt_text":"","src":"https:\/\/i0.wp.com\/www.diariodeouropreto.com.br\/wp-content\/uploads\/2021\/04\/IMG_20210101_143058570_HDR-scaled-e1618260225675.jpg?resize=350%2C200&ssl=1","width":350,"height":200,"srcset":"https:\/\/i0.wp.com\/www.diariodeouropreto.com.br\/wp-content\/uploads\/2021\/04\/IMG_20210101_143058570_HDR-scaled-e1618260225675.jpg?resize=350%2C200&ssl=1 1x, https:\/\/i0.wp.com\/www.diariodeouropreto.com.br\/wp-content\/uploads\/2021\/04\/IMG_20210101_143058570_HDR-scaled-e1618260225675.jpg?resize=525%2C300&ssl=1 1.5x, https:\/\/i0.wp.com\/www.diariodeouropreto.com.br\/wp-content\/uploads\/2021\/04\/IMG_20210101_143058570_HDR-scaled-e1618260225675.jpg?resize=700%2C400&ssl=1 2x, https:\/\/i0.wp.com\/www.diariodeouropreto.com.br\/wp-content\/uploads\/2021\/04\/IMG_20210101_143058570_HDR-scaled-e1618260225675.jpg?resize=1050%2C600&ssl=1 3x"},"classes":[]},{"id":50860,"url":"https:\/\/www.diariodeouropreto.com.br\/pt\/samarco-registra-receita-liquida-de-us-1898-bilhao-em-2025-e-alcanca-recorde-de-producao-desde-a-retomada\/","url_meta":{"origin":52002,"position":4},"title":"Samarco registra receita l\u00edquida de US$ 1,898 bilh\u00e3o em 2025 e alcan\u00e7a recorde de produ\u00e7\u00e3o desde a retomada\u200b","author":"Di\u00e1rio de Ouro Preto","date":"12 de Mar\u00e7o de 2026","format":false,"excerpt":"Empresa fortalece estrutura de capital, avan\u00e7a na repara\u00e7\u00e3o e mant\u00e9m foco em seguran\u00e7a operacional\u200b A Samarco encerrou 2025 com resultados financeiros impulsionados por uma receita l\u00edquida de US$ 1,898 bilh\u00e3o e um EBITDA ajustado de US$ 1,087 bilh\u00e3o frente a US$ 834 milh\u00f5es do ano anterior (crescimento de 30,3%), n\u00fameros\u2026","rel":"","context":"In &quot;Geral&quot;","block_context":{"text":"Geral","link":"https:\/\/www.diariodeouropreto.com.br\/pt\/Editoria\/geral\/"},"img":{"alt_text":"","src":"https:\/\/i0.wp.com\/www.diariodeouropreto.com.br\/wp-content\/uploads\/2026\/03\/Samarco-foto-Daniel-Mansur-Nitro.jpg?resize=350%2C200&ssl=1","width":350,"height":200,"srcset":"https:\/\/i0.wp.com\/www.diariodeouropreto.com.br\/wp-content\/uploads\/2026\/03\/Samarco-foto-Daniel-Mansur-Nitro.jpg?resize=350%2C200&ssl=1 1x, https:\/\/i0.wp.com\/www.diariodeouropreto.com.br\/wp-content\/uploads\/2026\/03\/Samarco-foto-Daniel-Mansur-Nitro.jpg?resize=525%2C300&ssl=1 1.5x, https:\/\/i0.wp.com\/www.diariodeouropreto.com.br\/wp-content\/uploads\/2026\/03\/Samarco-foto-Daniel-Mansur-Nitro.jpg?resize=700%2C400&ssl=1 2x, https:\/\/i0.wp.com\/www.diariodeouropreto.com.br\/wp-content\/uploads\/2026\/03\/Samarco-foto-Daniel-Mansur-Nitro.jpg?resize=1050%2C600&ssl=1 3x"},"classes":[]},{"id":8864,"url":"https:\/\/www.diariodeouropreto.com.br\/pt\/composicao-da-cpi-da-cemig-e-lida-no-plenario-da-almg\/","url_meta":{"origin":52002,"position":5},"title":"Composi\u00e7\u00e3o da CPI da Cemig \u00e9 lida no Plen\u00e1rio da ALMG","author":"Di\u00e1rio de Ouro Preto","date":"24 de Junho de 2021","format":false,"excerpt":"Foi lida na Reuni\u00e3o Ordin\u00e1ria de Plen\u00e1rio da Assembleia Legislativa de Minas Gerais (ALMG) desta quinta-feira (24\/6\/2021) a\u00a0composi\u00e7\u00e3o da Comiss\u00e3o Parlamentar de Inqu\u00e9rito que ir\u00e1 investigar irregularidades na gest\u00e3o da Companhia Energ\u00e9tica do Estado, a CPI da Cemig. Com a designa\u00e7\u00e3o dos membros do colegiado, a CPI j\u00e1 pode ser\u2026","rel":"","context":"In &quot;Minas Gerais&quot;","block_context":{"text":"Minas Gerais","link":"https:\/\/www.diariodeouropreto.com.br\/pt\/Editoria\/minas-gerais\/"},"img":{"alt_text":"","src":"https:\/\/i0.wp.com\/www.diariodeouropreto.com.br\/wp-content\/uploads\/2021\/06\/1567607.jpg?resize=350%2C200&ssl=1","width":350,"height":200,"srcset":"https:\/\/i0.wp.com\/www.diariodeouropreto.com.br\/wp-content\/uploads\/2021\/06\/1567607.jpg?resize=350%2C200&ssl=1 1x, https:\/\/i0.wp.com\/www.diariodeouropreto.com.br\/wp-content\/uploads\/2021\/06\/1567607.jpg?resize=525%2C300&ssl=1 1.5x"},"classes":[]}],"jetpack_sharing_enabled":true,"amp_enabled":true,"_links":{"self":[{"href":"https:\/\/www.diariodeouropreto.com.br\/pt\/wp-json\/wp\/v2\/posts\/52002","targetHints":{"allow":["GET"]}}],"collection":[{"href":"https:\/\/www.diariodeouropreto.com.br\/pt\/wp-json\/wp\/v2\/posts"}],"about":[{"href":"https:\/\/www.diariodeouropreto.com.br\/pt\/wp-json\/wp\/v2\/types\/post"}],"author":[{"embeddable":true,"href":"https:\/\/www.diariodeouropreto.com.br\/pt\/wp-json\/wp\/v2\/users\/1"}],"replies":[{"embeddable":true,"href":"https:\/\/www.diariodeouropreto.com.br\/pt\/wp-json\/wp\/v2\/comments?post=52002"}],"version-history":[{"count":3,"href":"https:\/\/www.diariodeouropreto.com.br\/pt\/wp-json\/wp\/v2\/posts\/52002\/revisions"}],"predecessor-version":[{"id":52017,"href":"https:\/\/www.diariodeouropreto.com.br\/pt\/wp-json\/wp\/v2\/posts\/52002\/revisions\/52017"}],"wp:featuredmedia":[{"embeddable":true,"href":"https:\/\/www.diariodeouropreto.com.br\/pt\/wp-json\/wp\/v2\/media\/52012"}],"wp:attachment":[{"href":"https:\/\/www.diariodeouropreto.com.br\/pt\/wp-json\/wp\/v2\/media?parent=52002"}],"wp:term":[{"taxonomy":"category","embeddable":true,"href":"https:\/\/www.diariodeouropreto.com.br\/pt\/wp-json\/wp\/v2\/categories?post=52002"},{"taxonomy":"post_tag","embeddable":true,"href":"https:\/\/www.diariodeouropreto.com.br\/pt\/wp-json\/wp\/v2\/tags?post=52002"}],"curies":[{"name":"wp","href":"https:\/\/api.w.org\/{rel}","templated":true}]}}