{"id":51998,"date":"2026-04-29T11:47:25","date_gmt":"2026-04-29T14:47:25","guid":{"rendered":"https:\/\/www.diariodeouropreto.com.br\/?p=51998"},"modified":"2026-04-29T11:47:27","modified_gmt":"2026-04-29T14:47:27","slug":"deputado-leo-prates-sera-o-relator-das-propostas-que-acabam-com-a-escala-6x1","status":"publish","type":"post","link":"https:\/\/www.diariodeouropreto.com.br\/pt\/deputado-leo-prates-sera-o-relator-das-propostas-que-acabam-com-a-escala-6x1\/","title":{"rendered":"Deputado Leo Prates ser\u00e1 o relator das propostas que acabam com a escala 6&#215;1"},"content":{"rendered":"<p><strong>Deputado Alencar Santana ser\u00e1 o presidente da comiss\u00e3o especial<\/strong><\/p>\n\n\n\n<p><\/p>\n\n\n\n<p>O presidente da C\u00e2mara, Hugo Motta (Republicanos-PB), anunciou o deputado Leo Prates (BA) como relator das propostas de emenda \u00e0 Constitui\u00e7\u00e3o (PECs) que reduzem a jornada de trabalho e acabam com a escala 6&#215;1. Leo Prates anunciou sua mudan\u00e7a do PDT para o Republicanos, mas a troca de partido ainda n\u00e3o foi oficializada na C\u00e2mara dos Deputados.<\/p>\n\n\n\n<p>Motta indicou o deputado Alencar Santana (PT-SP) como presidente do colegiado. A comiss\u00e3o ser\u00e1 composta de 37 membros titulares e de igual n\u00famero de suplentes, mais um titular e um suplente, atendendo ao rod\u00edzio entre as&nbsp; bancadas n\u00e3o contempladas. O colegiado ser\u00e1 instalado nesta quarta-feira (29), \u00e0s 14 horas.<\/p>\n\n\n\n<p>Motta afirmou ainda que o cronograma de vota\u00e7\u00e3o do texto est\u00e1 sendo seguido. Segundo ele, \u00e9 necess\u00e1rio conduzir o debate com equil\u00edbrio, ouvindo a todos \u2013 trabalhadores, setor produtivo, empregadores, o governo e as autoridades do Poder Judici\u00e1rio.<\/p>\n\n\n\n<p>\u201cPara que, ao final, a C\u00e2mara tenha o melhor texto poss\u00edvel para conceder a redu\u00e7\u00e3o da jornada de trabalho sem a redu\u00e7\u00e3o salarial. Para que os trabalhadores possam ter um tempo de qualidade para conv\u00edvio familiar, para cuidar de sua sa\u00fade, para ter mais tempo de lazer\u201d, afirmou o presidente.<\/p>\n\n\n\n<p>\u201c\u00c9 a vontade majorit\u00e1ria da popula\u00e7\u00e3o brasileira, e \u00e9 a vontade majorit\u00e1ria desta Casa\u201d, disse Motta.<\/p>\n\n\n\n<p>O presidente destacou ainda que o texto final vai representar a vontade m\u00e9dia da Casa e que a comiss\u00e3o especial ter\u00e1 a responsabilidade de ouvir todos os setores. Motta afirmou que, ao indicar 38 parlamentares para compor o colegiado, j\u00e1 ter\u00e1 uma ideia m\u00ednima do texto que chegar\u00e1 ao Plen\u00e1rio.<\/p>\n\n\n\n<p><strong>Cronograma<\/strong><strong><br><\/strong> O deputado Tadeu Alencar afirmou que vai trabalhar para que o texto seja aprovado na comiss\u00e3o at\u00e9 o final de maio para vota\u00e7\u00e3o no Plen\u00e1rio em seguida. Segundo ele, a proposta vai garantir mais qualidade de vida ao trabalhador. Alencar disse que a instala\u00e7\u00e3o da comiss\u00e3o especial demonstra o compromisso do presidente Hugo Motta com a pauta.<\/p>\n\n\n\n<p>\u201cQue possamos entregar um bom relat\u00f3rio, uma boa mat\u00e9ria e garantir a expectativa dos trabalhadores que est\u00e3o ansiosos pela redu\u00e7\u00e3o da jornada\u201d, disse o parlamentar.<\/p>\n\n\n\n<div id=\"110712\" class=\"advads-saneouro advads-entity-placement\" style=\"margin-left: auto;margin-right: auto;text-align: center;\"><a href=\"https:\/\/www.saneouro.com.br\/\" target=\"_blank\" aria-label=\"DOP_Site\" data-wpel-link=\"external\" rel=\"follow external noopener noreferrer sponsored ugc\"><img src=\"https:\/\/www.diariodeouropreto.com.br\/wp-content\/uploads\/2026\/04\/DOP_Site.jpg\" alt=\"\"  srcset=\"https:\/\/www.diariodeouropreto.com.br\/wp-content\/uploads\/2026\/04\/DOP_Site.jpg 301w, https:\/\/www.diariodeouropreto.com.br\/wp-content\/uploads\/2026\/04\/DOP_Site-180x150.jpg 180w, https:\/\/www.diariodeouropreto.com.br\/wp-content\/uploads\/2026\/04\/DOP_Site-14x12.jpg 14w\" sizes=\"(max-width: 301px) 100vw, 301px\" width=\"301\" height=\"251\"  style=\"display: inline-block;\" \/><\/a><\/div><p>O deputado Leo Prates destacou que a C\u00e2mara est\u00e1 discutindo um rearranjo do trabalho no Brasil e o tipo de fam\u00edlia que est\u00e1 sendo constru\u00eddo. \u201cO nosso trabalho n\u00e3o \u00e9 contra ningu\u00e9m, \u00e9 a favor das pessoas. Ent\u00e3o, vamos tentar mitigar ao m\u00e1ximo os arranjos produtivos, os receios\u201d, disse Prates.<\/p>\n\n\n\n<div id=\"50321\" class=\"advads-plantao advads-entity-placement\"><a href=\"https:\/\/www.diariodeouropreto.com.br\/pt\/\" target=\"_blank\" aria-label=\"site &#8211; noticia\" data-wpel-link=\"external\" rel=\"follow external noopener noreferrer sponsored ugc\"><img src=\"https:\/\/www.diariodeouropreto.com.br\/wp-content\/uploads\/2019\/09\/titulosite2-e1616373489755.jpg\" alt=\"\"  srcset=\"https:\/\/www.diariodeouropreto.com.br\/wp-content\/uploads\/2019\/09\/titulosite2-e1616373489755.jpg 1200w, https:\/\/www.diariodeouropreto.com.br\/wp-content\/uploads\/2019\/09\/titulosite2-e1616373489755-150x38.jpg 150w, https:\/\/www.diariodeouropreto.com.br\/wp-content\/uploads\/2019\/09\/titulosite2-e1616373489755-660x167.jpg 660w, https:\/\/www.diariodeouropreto.com.br\/wp-content\/uploads\/2019\/09\/titulosite2-e1616373489755-768x194.jpg 768w, https:\/\/www.diariodeouropreto.com.br\/wp-content\/uploads\/2019\/09\/titulosite2-e1616373489755-1000x252.jpg 1000w, https:\/\/www.diariodeouropreto.com.br\/wp-content\/uploads\/2019\/09\/titulosite2-e1616373489755-1536x388.jpg 1536w, https:\/\/www.diariodeouropreto.com.br\/wp-content\/uploads\/2019\/09\/titulosite2-e1616373489755-2048x517.jpg 2048w\" sizes=\"(max-width: 1200px) 100vw, 1200px\" width=\"1200\" height=\"303\"  style=\"display: inline-block;\" \/><\/a><\/div><p>Por Luiz Gustavo Xavier &#8211; Fonte: Ag\u00eancia C\u00e2mara de Not\u00edcias<\/p>","protected":false},"excerpt":{"rendered":"<p>Deputado Alencar Santana ser\u00e1 o presidente da comiss\u00e3o especial O presidente da C\u00e2mara, Hugo Motta (Republicanos-PB), anunciou o deputado Leo Prates (BA) como relator das propostas de emenda \u00e0 Constitui\u00e7\u00e3o (PECs) que reduzem a jornada de trabalho e acabam com a escala 6&#215;1. Leo Prates anunciou sua mudan\u00e7a do PDT<span class=\"more-link\"><a href=\"https:\/\/www.diariodeouropreto.com.br\/pt\/deputado-leo-prates-sera-o-relator-das-propostas-que-acabam-com-a-escala-6x1\/\" data-wpel-link=\"internal\">Continue Lendo<\/a><\/span><\/p>","protected":false},"author":1,"featured_media":51999,"comment_status":"closed","ping_status":"closed","sticky":false,"template":"","format":"standard","meta":{"_jetpack_memberships_contains_paid_content":false,"footnotes":"","jetpack_publicize_message":"Deputado Alencar Santana ser\u00e1 o presidente da comiss\u00e3o especial","jetpack_publicize_feature_enabled":true,"jetpack_social_post_already_shared":false,"jetpack_social_options":{"image_generator_settings":{"template":"highway","default_image_id":0,"font":"","enabled":false},"version":2}},"categories":[46],"tags":[],"class_list":["entry","author-diario","post-51998","post","type-post","status-publish","format-standard","has-post-thumbnail","category-politica"],"yoast_head":"<!-- This site is optimized with the Yoast SEO plugin v27.5 - https:\/\/yoast.com\/product\/yoast-seo-wordpress\/ -->\n<title>Deputado Leo Prates ser\u00e1 o relator das propostas que acabam com a escala 6x1 - Di\u00e1rio de Ouro Preto<\/title>\n<meta name=\"description\" content=\"Deputado Alencar Santana ser\u00e1 o presidente da comiss\u00e3o especial- Deputado Leo Prates ser\u00e1 o relator das propostas que acabam com a escala 6x1 - Pol\u00edtica\" \/>\n<meta name=\"robots\" content=\"index, follow, max-snippet:-1, max-image-preview:large, max-video-preview:-1\" \/>\n<link rel=\"canonical\" href=\"https:\/\/www.diariodeouropreto.com.br\/pt\/deputado-leo-prates-sera-o-relator-das-propostas-que-acabam-com-a-escala-6x1\/\" \/>\n<meta property=\"og:locale\" content=\"pt_PT\" \/>\n<meta property=\"og:type\" content=\"article\" \/>\n<meta property=\"og:title\" content=\"Deputado Leo Prates ser\u00e1 o relator das propostas que acabam com a escala 6x1 - Di\u00e1rio de Ouro Preto\" \/>\n<meta property=\"og:description\" content=\"Deputado Alencar Santana ser\u00e1 o presidente da comiss\u00e3o especial- Deputado Leo Prates ser\u00e1 o relator das propostas que acabam com a escala 6x1 - Pol\u00edtica\" \/>\n<meta property=\"og:url\" content=\"https:\/\/www.diariodeouropreto.com.br\/pt\/deputado-leo-prates-sera-o-relator-das-propostas-que-acabam-com-a-escala-6x1\/\" \/>\n<meta property=\"og:site_name\" content=\"Di\u00e1rio de Ouro Preto\" \/>\n<meta property=\"article:publisher\" content=\"https:\/\/www.facebook.com\/diariodeouropreto\/\" \/>\n<meta property=\"article:published_time\" content=\"2026-04-29T14:47:25+00:00\" \/>\n<meta property=\"article:modified_time\" content=\"2026-04-29T14:47:27+00:00\" \/>\n<meta property=\"og:image\" content=\"https:\/\/www.diariodeouropreto.com.br\/wp-content\/uploads\/2026\/04\/whatsapp-image-2026-04-28-at-15-37-50-768x433-1.jpeg\" \/>\n\t<meta property=\"og:image:width\" content=\"768\" \/>\n\t<meta property=\"og:image:height\" content=\"433\" \/>\n\t<meta property=\"og:image:type\" content=\"image\/jpeg\" \/>\n<meta name=\"author\" content=\"Di\u00e1rio de Ouro Preto\" \/>\n<meta name=\"twitter:card\" content=\"summary_large_image\" \/>\n<meta name=\"twitter:label1\" content=\"Escrito por\" \/>\n\t<meta name=\"twitter:data1\" content=\"Di\u00e1rio de Ouro Preto\" \/>\n\t<meta name=\"twitter:label2\" content=\"Tempo estimado de leitura\" \/>\n\t<meta name=\"twitter:data2\" content=\"3 minutos\" \/>\n<script type=\"application\/ld+json\" class=\"yoast-schema-graph\">{\"@context\":\"https:\\\/\\\/schema.org\",\"@graph\":[{\"@type\":\"Article\",\"@id\":\"https:\\\/\\\/www.diariodeouropreto.com.br\\\/deputado-leo-prates-sera-o-relator-das-propostas-que-acabam-com-a-escala-6x1\\\/#article\",\"isPartOf\":{\"@id\":\"https:\\\/\\\/www.diariodeouropreto.com.br\\\/deputado-leo-prates-sera-o-relator-das-propostas-que-acabam-com-a-escala-6x1\\\/\"},\"author\":{\"name\":\"Di\u00e1rio de Ouro Preto\",\"@id\":\"https:\\\/\\\/www.diariodeouropreto.com.br\\\/pt\\\/#\\\/schema\\\/person\\\/7654e7b471204a6dab6dc0ce6e140c99\"},\"headline\":\"Deputado Leo Prates ser\u00e1 o relator das propostas que acabam com a escala 6&#215;1\",\"datePublished\":\"2026-04-29T14:47:25+00:00\",\"dateModified\":\"2026-04-29T14:47:27+00:00\",\"mainEntityOfPage\":{\"@id\":\"https:\\\/\\\/www.diariodeouropreto.com.br\\\/deputado-leo-prates-sera-o-relator-das-propostas-que-acabam-com-a-escala-6x1\\\/\"},\"wordCount\":462,\"publisher\":{\"@id\":\"https:\\\/\\\/www.diariodeouropreto.com.br\\\/pt\\\/#organization\"},\"image\":{\"@id\":\"https:\\\/\\\/www.diariodeouropreto.com.br\\\/deputado-leo-prates-sera-o-relator-das-propostas-que-acabam-com-a-escala-6x1\\\/#primaryimage\"},\"thumbnailUrl\":\"https:\\\/\\\/www.diariodeouropreto.com.br\\\/wp-content\\\/uploads\\\/2026\\\/04\\\/whatsapp-image-2026-04-28-at-15-37-50-768x433-1.jpeg\",\"articleSection\":[\"Pol\u00edtica\"],\"inLanguage\":\"pt-PT\"},{\"@type\":\"WebPage\",\"@id\":\"https:\\\/\\\/www.diariodeouropreto.com.br\\\/deputado-leo-prates-sera-o-relator-das-propostas-que-acabam-com-a-escala-6x1\\\/\",\"url\":\"https:\\\/\\\/www.diariodeouropreto.com.br\\\/deputado-leo-prates-sera-o-relator-das-propostas-que-acabam-com-a-escala-6x1\\\/\",\"name\":\"Deputado Leo Prates ser\u00e1 o relator das propostas que acabam com a escala 6x1 - Di\u00e1rio de Ouro Preto\",\"isPartOf\":{\"@id\":\"https:\\\/\\\/www.diariodeouropreto.com.br\\\/pt\\\/#website\"},\"primaryImageOfPage\":{\"@id\":\"https:\\\/\\\/www.diariodeouropreto.com.br\\\/deputado-leo-prates-sera-o-relator-das-propostas-que-acabam-com-a-escala-6x1\\\/#primaryimage\"},\"image\":{\"@id\":\"https:\\\/\\\/www.diariodeouropreto.com.br\\\/deputado-leo-prates-sera-o-relator-das-propostas-que-acabam-com-a-escala-6x1\\\/#primaryimage\"},\"thumbnailUrl\":\"https:\\\/\\\/www.diariodeouropreto.com.br\\\/wp-content\\\/uploads\\\/2026\\\/04\\\/whatsapp-image-2026-04-28-at-15-37-50-768x433-1.jpeg\",\"datePublished\":\"2026-04-29T14:47:25+00:00\",\"dateModified\":\"2026-04-29T14:47:27+00:00\",\"description\":\"Deputado Alencar Santana ser\u00e1 o presidente da comiss\u00e3o especial- Deputado Leo Prates ser\u00e1 o relator das propostas que acabam com a escala 6x1 - Pol\u00edtica\",\"breadcrumb\":{\"@id\":\"https:\\\/\\\/www.diariodeouropreto.com.br\\\/deputado-leo-prates-sera-o-relator-das-propostas-que-acabam-com-a-escala-6x1\\\/#breadcrumb\"},\"inLanguage\":\"pt-PT\",\"potentialAction\":[{\"@type\":\"ReadAction\",\"target\":[\"https:\\\/\\\/www.diariodeouropreto.com.br\\\/deputado-leo-prates-sera-o-relator-das-propostas-que-acabam-com-a-escala-6x1\\\/\"]}]},{\"@type\":\"ImageObject\",\"inLanguage\":\"pt-PT\",\"@id\":\"https:\\\/\\\/www.diariodeouropreto.com.br\\\/deputado-leo-prates-sera-o-relator-das-propostas-que-acabam-com-a-escala-6x1\\\/#primaryimage\",\"url\":\"https:\\\/\\\/www.diariodeouropreto.com.br\\\/wp-content\\\/uploads\\\/2026\\\/04\\\/whatsapp-image-2026-04-28-at-15-37-50-768x433-1.jpeg\",\"contentUrl\":\"https:\\\/\\\/www.diariodeouropreto.com.br\\\/wp-content\\\/uploads\\\/2026\\\/04\\\/whatsapp-image-2026-04-28-at-15-37-50-768x433-1.jpeg\",\"width\":768,\"height\":433},{\"@type\":\"BreadcrumbList\",\"@id\":\"https:\\\/\\\/www.diariodeouropreto.com.br\\\/deputado-leo-prates-sera-o-relator-das-propostas-que-acabam-com-a-escala-6x1\\\/#breadcrumb\",\"itemListElement\":[{\"@type\":\"ListItem\",\"position\":1,\"name\":\"In\u00edcio\",\"item\":\"https:\\\/\\\/www.diariodeouropreto.com.br\\\/pt\\\/\"},{\"@type\":\"ListItem\",\"position\":2,\"name\":\"Deputado Leo Prates ser\u00e1 o relator das propostas que acabam com a escala 6&#215;1\"}]},{\"@type\":\"WebSite\",\"@id\":\"https:\\\/\\\/www.diariodeouropreto.com.br\\\/pt\\\/#website\",\"url\":\"https:\\\/\\\/www.diariodeouropreto.com.br\\\/pt\\\/\",\"name\":\"Di\u00e1rio de Ouro Preto\",\"description\":\"Not\u00edcias Ouro Preto; Mariana;Minas Gerais;Jornal;Jornalismo;Not\u00edcias;\",\"publisher\":{\"@id\":\"https:\\\/\\\/www.diariodeouropreto.com.br\\\/pt\\\/#organization\"},\"alternateName\":\"Jornal di\u00e1rio de Ouro Preto\",\"potentialAction\":[{\"@type\":\"SearchAction\",\"target\":{\"@type\":\"EntryPoint\",\"urlTemplate\":\"https:\\\/\\\/www.diariodeouropreto.com.br\\\/pt\\\/?s={search_term_string}\"},\"query-input\":{\"@type\":\"PropertyValueSpecification\",\"valueRequired\":true,\"valueName\":\"search_term_string\"}}],\"inLanguage\":\"pt-PT\"},{\"@type\":\"Organization\",\"@id\":\"https:\\\/\\\/www.diariodeouropreto.com.br\\\/pt\\\/#organization\",\"name\":\"Di\u00e1rio de Ouro Preto\",\"alternateName\":\"Jornal di\u00e1rio Ouro Preto\",\"url\":\"https:\\\/\\\/www.diariodeouropreto.com.br\\\/pt\\\/\",\"logo\":{\"@type\":\"ImageObject\",\"inLanguage\":\"pt-PT\",\"@id\":\"https:\\\/\\\/www.diariodeouropreto.com.br\\\/pt\\\/#\\\/schema\\\/logo\\\/image\\\/\",\"url\":\"https:\\\/\\\/www.diariodeouropreto.com.br\\\/wp-content\\\/uploads\\\/2019\\\/06\\\/cropped-logotransp-2.png\",\"contentUrl\":\"https:\\\/\\\/www.diariodeouropreto.com.br\\\/wp-content\\\/uploads\\\/2019\\\/06\\\/cropped-logotransp-2.png\",\"width\":1323,\"height\":251,\"caption\":\"Di\u00e1rio de Ouro Preto\"},\"image\":{\"@id\":\"https:\\\/\\\/www.diariodeouropreto.com.br\\\/pt\\\/#\\\/schema\\\/logo\\\/image\\\/\"},\"sameAs\":[\"https:\\\/\\\/www.facebook.com\\\/diariodeouropreto\\\/\"]},{\"@type\":\"Person\",\"@id\":\"https:\\\/\\\/www.diariodeouropreto.com.br\\\/pt\\\/#\\\/schema\\\/person\\\/7654e7b471204a6dab6dc0ce6e140c99\",\"name\":\"Di\u00e1rio de Ouro Preto\",\"sameAs\":[\"http:\\\/\\\/www.diariodeouropreto.com.br\"],\"url\":\"https:\\\/\\\/www.diariodeouropreto.com.br\\\/pt\\\/author\\\/diario\\\/\"}]}<\/script>\n<!-- \/ Yoast SEO plugin. -->","yoast_head_json":{"title":"Deputado Leo Prates ser\u00e1 o relator das propostas que acabam com a escala 6x1 - Di\u00e1rio de Ouro Preto","description":"Deputado Alencar Santana ser\u00e1 o presidente da comiss\u00e3o especial- Deputado Leo Prates ser\u00e1 o relator das propostas que acabam com a escala 6x1 - Pol\u00edtica","robots":{"index":"index","follow":"follow","max-snippet":"max-snippet:-1","max-image-preview":"max-image-preview:large","max-video-preview":"max-video-preview:-1"},"canonical":"https:\/\/www.diariodeouropreto.com.br\/pt\/deputado-leo-prates-sera-o-relator-das-propostas-que-acabam-com-a-escala-6x1\/","og_locale":"pt_PT","og_type":"article","og_title":"Deputado Leo Prates ser\u00e1 o relator das propostas que acabam com a escala 6x1 - Di\u00e1rio de Ouro Preto","og_description":"Deputado Alencar Santana ser\u00e1 o presidente da comiss\u00e3o especial- Deputado Leo Prates ser\u00e1 o relator das propostas que acabam com a escala 6x1 - Pol\u00edtica","og_url":"https:\/\/www.diariodeouropreto.com.br\/pt\/deputado-leo-prates-sera-o-relator-das-propostas-que-acabam-com-a-escala-6x1\/","og_site_name":"Di\u00e1rio de Ouro Preto","article_publisher":"https:\/\/www.facebook.com\/diariodeouropreto\/","article_published_time":"2026-04-29T14:47:25+00:00","article_modified_time":"2026-04-29T14:47:27+00:00","og_image":[{"width":768,"height":433,"url":"https:\/\/www.diariodeouropreto.com.br\/wp-content\/uploads\/2026\/04\/whatsapp-image-2026-04-28-at-15-37-50-768x433-1.jpeg","type":"image\/jpeg"}],"author":"Di\u00e1rio de Ouro Preto","twitter_card":"summary_large_image","twitter_misc":{"Escrito por":"Di\u00e1rio de Ouro Preto","Tempo estimado de leitura":"3 minutos"},"schema":{"@context":"https:\/\/schema.org","@graph":[{"@type":"Article","@id":"https:\/\/www.diariodeouropreto.com.br\/deputado-leo-prates-sera-o-relator-das-propostas-que-acabam-com-a-escala-6x1\/#article","isPartOf":{"@id":"https:\/\/www.diariodeouropreto.com.br\/deputado-leo-prates-sera-o-relator-das-propostas-que-acabam-com-a-escala-6x1\/"},"author":{"name":"Di\u00e1rio de Ouro Preto","@id":"https:\/\/www.diariodeouropreto.com.br\/pt\/#\/schema\/person\/7654e7b471204a6dab6dc0ce6e140c99"},"headline":"Deputado Leo Prates ser\u00e1 o relator das propostas que acabam com a escala 6&#215;1","datePublished":"2026-04-29T14:47:25+00:00","dateModified":"2026-04-29T14:47:27+00:00","mainEntityOfPage":{"@id":"https:\/\/www.diariodeouropreto.com.br\/deputado-leo-prates-sera-o-relator-das-propostas-que-acabam-com-a-escala-6x1\/"},"wordCount":462,"publisher":{"@id":"https:\/\/www.diariodeouropreto.com.br\/pt\/#organization"},"image":{"@id":"https:\/\/www.diariodeouropreto.com.br\/deputado-leo-prates-sera-o-relator-das-propostas-que-acabam-com-a-escala-6x1\/#primaryimage"},"thumbnailUrl":"https:\/\/www.diariodeouropreto.com.br\/wp-content\/uploads\/2026\/04\/whatsapp-image-2026-04-28-at-15-37-50-768x433-1.jpeg","articleSection":["Pol\u00edtica"],"inLanguage":"pt-PT"},{"@type":"WebPage","@id":"https:\/\/www.diariodeouropreto.com.br\/deputado-leo-prates-sera-o-relator-das-propostas-que-acabam-com-a-escala-6x1\/","url":"https:\/\/www.diariodeouropreto.com.br\/deputado-leo-prates-sera-o-relator-das-propostas-que-acabam-com-a-escala-6x1\/","name":"Deputado Leo Prates ser\u00e1 o relator das propostas que acabam com a escala 6x1 - Di\u00e1rio de Ouro Preto","isPartOf":{"@id":"https:\/\/www.diariodeouropreto.com.br\/pt\/#website"},"primaryImageOfPage":{"@id":"https:\/\/www.diariodeouropreto.com.br\/deputado-leo-prates-sera-o-relator-das-propostas-que-acabam-com-a-escala-6x1\/#primaryimage"},"image":{"@id":"https:\/\/www.diariodeouropreto.com.br\/deputado-leo-prates-sera-o-relator-das-propostas-que-acabam-com-a-escala-6x1\/#primaryimage"},"thumbnailUrl":"https:\/\/www.diariodeouropreto.com.br\/wp-content\/uploads\/2026\/04\/whatsapp-image-2026-04-28-at-15-37-50-768x433-1.jpeg","datePublished":"2026-04-29T14:47:25+00:00","dateModified":"2026-04-29T14:47:27+00:00","description":"Deputado Alencar Santana ser\u00e1 o presidente da comiss\u00e3o especial- Deputado Leo Prates ser\u00e1 o relator das propostas que acabam com a escala 6x1 - Pol\u00edtica","breadcrumb":{"@id":"https:\/\/www.diariodeouropreto.com.br\/deputado-leo-prates-sera-o-relator-das-propostas-que-acabam-com-a-escala-6x1\/#breadcrumb"},"inLanguage":"pt-PT","potentialAction":[{"@type":"ReadAction","target":["https:\/\/www.diariodeouropreto.com.br\/deputado-leo-prates-sera-o-relator-das-propostas-que-acabam-com-a-escala-6x1\/"]}]},{"@type":"ImageObject","inLanguage":"pt-PT","@id":"https:\/\/www.diariodeouropreto.com.br\/deputado-leo-prates-sera-o-relator-das-propostas-que-acabam-com-a-escala-6x1\/#primaryimage","url":"https:\/\/www.diariodeouropreto.com.br\/wp-content\/uploads\/2026\/04\/whatsapp-image-2026-04-28-at-15-37-50-768x433-1.jpeg","contentUrl":"https:\/\/www.diariodeouropreto.com.br\/wp-content\/uploads\/2026\/04\/whatsapp-image-2026-04-28-at-15-37-50-768x433-1.jpeg","width":768,"height":433},{"@type":"BreadcrumbList","@id":"https:\/\/www.diariodeouropreto.com.br\/deputado-leo-prates-sera-o-relator-das-propostas-que-acabam-com-a-escala-6x1\/#breadcrumb","itemListElement":[{"@type":"ListItem","position":1,"name":"In\u00edcio","item":"https:\/\/www.diariodeouropreto.com.br\/pt\/"},{"@type":"ListItem","position":2,"name":"Deputado Leo Prates ser\u00e1 o relator das propostas que acabam com a escala 6&#215;1"}]},{"@type":"WebSite","@id":"https:\/\/www.diariodeouropreto.com.br\/pt\/#website","url":"https:\/\/www.diariodeouropreto.com.br\/pt\/","name":"Di\u00e1rio de Ouro Preto","description":"Not\u00edcias Ouro Preto; Mariana;Minas Gerais;Jornal;Jornalismo;Not\u00edcias;","publisher":{"@id":"https:\/\/www.diariodeouropreto.com.br\/pt\/#organization"},"alternateName":"Jornal di\u00e1rio de Ouro Preto","potentialAction":[{"@type":"SearchAction","target":{"@type":"EntryPoint","urlTemplate":"https:\/\/www.diariodeouropreto.com.br\/pt\/?s={search_term_string}"},"query-input":{"@type":"PropertyValueSpecification","valueRequired":true,"valueName":"search_term_string"}}],"inLanguage":"pt-PT"},{"@type":"Organization","@id":"https:\/\/www.diariodeouropreto.com.br\/pt\/#organization","name":"Di\u00e1rio de Ouro Preto","alternateName":"Jornal di\u00e1rio Ouro Preto","url":"https:\/\/www.diariodeouropreto.com.br\/pt\/","logo":{"@type":"ImageObject","inLanguage":"pt-PT","@id":"https:\/\/www.diariodeouropreto.com.br\/pt\/#\/schema\/logo\/image\/","url":"https:\/\/www.diariodeouropreto.com.br\/wp-content\/uploads\/2019\/06\/cropped-logotransp-2.png","contentUrl":"https:\/\/www.diariodeouropreto.com.br\/wp-content\/uploads\/2019\/06\/cropped-logotransp-2.png","width":1323,"height":251,"caption":"Di\u00e1rio de Ouro Preto"},"image":{"@id":"https:\/\/www.diariodeouropreto.com.br\/pt\/#\/schema\/logo\/image\/"},"sameAs":["https:\/\/www.facebook.com\/diariodeouropreto\/"]},{"@type":"Person","@id":"https:\/\/www.diariodeouropreto.com.br\/pt\/#\/schema\/person\/7654e7b471204a6dab6dc0ce6e140c99","name":"Di\u00e1rio de Ouro Preto","sameAs":["http:\/\/www.diariodeouropreto.com.br"],"url":"https:\/\/www.diariodeouropreto.com.br\/pt\/author\/diario\/"}]}},"jetpack_publicize_connections":[],"jetpack_featured_media_url":"https:\/\/www.diariodeouropreto.com.br\/wp-content\/uploads\/2026\/04\/whatsapp-image-2026-04-28-at-15-37-50-768x433-1.jpeg","jetpack-related-posts":[{"id":51869,"url":"https:\/\/www.diariodeouropreto.com.br\/pt\/ccj-da-camara-retoma-analise-do-fim-da-escala-6x1-nesta-quarta\/","url_meta":{"origin":51998,"position":0},"title":"CCJ da C\u00e2mara retoma an\u00e1lise do fim da escala 6&#215;1 nesta quarta","author":"Di\u00e1rio de Ouro Preto","date":"22 de Abril de 2026","format":false,"excerpt":"PL e PSDB pediram vista de proposta que reduz jornada de trabalho A Proposta de Emenda \u00e0 Constitui\u00e7\u00e3o (PEC) 221 de 2019 que acaba com a escala de seis dias de trabalho por um de descanso (6x1) ser\u00e1 analisada, nesta quarta-feira (22), na Comiss\u00e3o de Constitui\u00e7\u00e3o e Justi\u00e7a (CCJ) da\u2026","rel":"","context":"In &quot;Pol\u00edtica&quot;","block_context":{"text":"Pol\u00edtica","link":"https:\/\/www.diariodeouropreto.com.br\/pt\/Editoria\/politica\/"},"img":{"alt_text":"","src":"https:\/\/i0.wp.com\/www.diariodeouropreto.com.br\/wp-content\/uploads\/2026\/04\/lula_marques-7.webp?resize=350%2C200&ssl=1","width":350,"height":200,"srcset":"https:\/\/i0.wp.com\/www.diariodeouropreto.com.br\/wp-content\/uploads\/2026\/04\/lula_marques-7.webp?resize=350%2C200&ssl=1 1x, https:\/\/i0.wp.com\/www.diariodeouropreto.com.br\/wp-content\/uploads\/2026\/04\/lula_marques-7.webp?resize=525%2C300&ssl=1 1.5x, https:\/\/i0.wp.com\/www.diariodeouropreto.com.br\/wp-content\/uploads\/2026\/04\/lula_marques-7.webp?resize=700%2C400&ssl=1 2x, https:\/\/i0.wp.com\/www.diariodeouropreto.com.br\/wp-content\/uploads\/2026\/04\/lula_marques-7.webp?resize=1050%2C600&ssl=1 3x"},"classes":[]},{"id":42731,"url":"https:\/\/www.diariodeouropreto.com.br\/pt\/pec-contra-escala-6x1-e-protocolada-na-camara-com-234-assinaturas\/","url_meta":{"origin":51998,"position":1},"title":"PEC contra escala 6&#215;1 \u00e9 protocolada na C\u00e2mara com 234 assinaturas\u00a0","author":"Di\u00e1rio de Ouro Preto","date":"25 de Fevereiro de 2025","format":false,"excerpt":"Proposta estabelece uma semana de quatro dias de trabalho A Proposta de Emenda \u00e0 Constitui\u00e7\u00e3o (PEC) que acaba com a escala de seis dias de trabalho por um de folga (6x1) foi protocolada na C\u00e2mara dos Deputados nesta ter\u00e7a-feira (25), com 234 assinaturas. Foram 63 assinaturas a mais que o\u2026","rel":"","context":"In &quot;Pol\u00edtica&quot;","block_context":{"text":"Pol\u00edtica","link":"https:\/\/www.diariodeouropreto.com.br\/pt\/Editoria\/politica\/"},"img":{"alt_text":"","src":"https:\/\/i0.wp.com\/www.diariodeouropreto.com.br\/wp-content\/uploads\/2025\/02\/img_0171.webp?resize=350%2C200&ssl=1","width":350,"height":200,"srcset":"https:\/\/i0.wp.com\/www.diariodeouropreto.com.br\/wp-content\/uploads\/2025\/02\/img_0171.webp?resize=350%2C200&ssl=1 1x, https:\/\/i0.wp.com\/www.diariodeouropreto.com.br\/wp-content\/uploads\/2025\/02\/img_0171.webp?resize=525%2C300&ssl=1 1.5x, https:\/\/i0.wp.com\/www.diariodeouropreto.com.br\/wp-content\/uploads\/2025\/02\/img_0171.webp?resize=700%2C400&ssl=1 2x, https:\/\/i0.wp.com\/www.diariodeouropreto.com.br\/wp-content\/uploads\/2025\/02\/img_0171.webp?resize=1050%2C600&ssl=1 3x"},"classes":[]},{"id":51789,"url":"https:\/\/www.diariodeouropreto.com.br\/pt\/relator-e-favoravel-ao-fim-da-escala-de-trabalho-6x1-votacao-das-propostas-na-comissao-e-adiada\/","url_meta":{"origin":51998,"position":2},"title":"Relator \u00e9 favor\u00e1vel ao fim da escala de trabalho 6&#215;1; vota\u00e7\u00e3o das propostas na comiss\u00e3o \u00e9 adiada","author":"Di\u00e1rio de Ouro Preto","date":"15 de Abril de 2026","format":false,"excerpt":"Deputados pediram vista conjunta, alegando que o texto s\u00f3 foi disponibilizado pelo relator nesta manh\u00e3 O relator de duas propostas de emenda \u00e0 Constitui\u00e7\u00e3o (PECs) que reduzem a carga hor\u00e1ria de trabalho no Brasil apresentou parecer favor\u00e1vel nesta quarta-feira (15) na Comiss\u00e3o de Constitui\u00e7\u00e3o e Justi\u00e7a e de Cidadania (CCJ)\u2026","rel":"","context":"In &quot;Geral&quot;","block_context":{"text":"Geral","link":"https:\/\/www.diariodeouropreto.com.br\/pt\/Editoria\/geral\/"},"img":{"alt_text":"","src":"https:\/\/i0.wp.com\/www.diariodeouropreto.com.br\/wp-content\/uploads\/2026\/04\/img20260415120803278-768x473-1.jpg?resize=350%2C200&ssl=1","width":350,"height":200,"srcset":"https:\/\/i0.wp.com\/www.diariodeouropreto.com.br\/wp-content\/uploads\/2026\/04\/img20260415120803278-768x473-1.jpg?resize=350%2C200&ssl=1 1x, https:\/\/i0.wp.com\/www.diariodeouropreto.com.br\/wp-content\/uploads\/2026\/04\/img20260415120803278-768x473-1.jpg?resize=525%2C300&ssl=1 1.5x, https:\/\/i0.wp.com\/www.diariodeouropreto.com.br\/wp-content\/uploads\/2026\/04\/img20260415120803278-768x473-1.jpg?resize=700%2C400&ssl=1 2x"},"classes":[]},{"id":40871,"url":"https:\/\/www.diariodeouropreto.com.br\/pt\/fim-da-escala-6x1-por-melhores-condicoes-de-trabalho-e-qualidade-de-vida\/","url_meta":{"origin":51998,"position":3},"title":"Fim da escala 6&#215;1: Por melhores condi\u00e7\u00f5es de trabalho e qualidade de vida!","author":"Di\u00e1rio de Ouro Preto","date":"20 de Dezembro de 2024","format":false,"excerpt":"A proposta de Emenda \u00e0 Constitui\u00e7\u00e3o (PEC) apresentada pela deputada Erika Hilton (PSOL-SP), que visa extinguir a escala de trabalho 6x1, tem gerado amplo debate e se tornado uma pauta central no cen\u00e1rio pol\u00edtico nacional. A PEC encontrou resist\u00eancia inicial na C\u00e2mara dos Deputados, mas, ap\u00f3s a deputada conseguir mais\u2026","rel":"","context":"In &quot;Brasil&quot;","block_context":{"text":"Brasil","link":"https:\/\/www.diariodeouropreto.com.br\/pt\/Editoria\/brasil\/"},"img":{"alt_text":"","src":"https:\/\/i0.wp.com\/www.diariodeouropreto.com.br\/wp-content\/uploads\/2024\/12\/pelo-fim.jpg?resize=350%2C200&ssl=1","width":350,"height":200,"srcset":"https:\/\/i0.wp.com\/www.diariodeouropreto.com.br\/wp-content\/uploads\/2024\/12\/pelo-fim.jpg?resize=350%2C200&ssl=1 1x, https:\/\/i0.wp.com\/www.diariodeouropreto.com.br\/wp-content\/uploads\/2024\/12\/pelo-fim.jpg?resize=525%2C300&ssl=1 1.5x, https:\/\/i0.wp.com\/www.diariodeouropreto.com.br\/wp-content\/uploads\/2024\/12\/pelo-fim.jpg?resize=700%2C400&ssl=1 2x"},"classes":[]},{"id":22809,"url":"https:\/\/www.diariodeouropreto.com.br\/pt\/camara-aprova-mp-que-muda-codigo-de-transito-brasileiro\/","url_meta":{"origin":51998,"position":4},"title":"C\u00e2mara aprova MP que muda C\u00f3digo de Tr\u00e2nsito Brasileiro","author":"Di\u00e1rio de Ouro Preto","date":"30 de Abril de 2023","format":false,"excerpt":"A C\u00e2mara dos Deputados aprovou nesta quinta-feira (27) a Medida Provis\u00f3ria 1153\/22, que faz v\u00e1rias mudan\u00e7as no C\u00f3digo de Tr\u00e2nsito Brasileiro (CTB) em temas como exig\u00eancia de exame toxicol\u00f3gico de motoristas profissionais, compet\u00eancia para aplica\u00e7\u00e3o de multas e descanso de caminhoneiros. O texto que ir\u00e1 ao Senado \u00e9 um substitutivo\u2026","rel":"","context":"In &quot;Brasil&quot;","block_context":{"text":"Brasil","link":"https:\/\/www.diariodeouropreto.com.br\/pt\/Editoria\/brasil\/"},"img":{"alt_text":"","src":"https:\/\/i0.wp.com\/www.diariodeouropreto.com.br\/wp-content\/uploads\/2023\/04\/img20230427125219339-1-768x512-1.jpg?resize=350%2C200&ssl=1","width":350,"height":200,"srcset":"https:\/\/i0.wp.com\/www.diariodeouropreto.com.br\/wp-content\/uploads\/2023\/04\/img20230427125219339-1-768x512-1.jpg?resize=350%2C200&ssl=1 1x, https:\/\/i0.wp.com\/www.diariodeouropreto.com.br\/wp-content\/uploads\/2023\/04\/img20230427125219339-1-768x512-1.jpg?resize=525%2C300&ssl=1 1.5x, https:\/\/i0.wp.com\/www.diariodeouropreto.com.br\/wp-content\/uploads\/2023\/04\/img20230427125219339-1-768x512-1.jpg?resize=700%2C400&ssl=1 2x"},"classes":[]},{"id":6104,"url":"https:\/\/www.diariodeouropreto.com.br\/pt\/luiz-gonzaga-nomeia-comissoes-permanentes-da-camara-que-tera-uma-especial-para-tratar-da-mineracao\/","url_meta":{"origin":51998,"position":5},"title":"Luiz Gonzaga nomeia Comiss\u00f5es permanentes da  C\u00e2mara que ter\u00e1 uma especial para tratar da Minera\u00e7\u00e3o","author":"Di\u00e1rio de Ouro Preto","date":"13 de Janeiro de 2021","format":false,"excerpt":"Ouro Preto - O Presidente da C\u00e2mara, Luiz Gonzaga (PL) nomeou os participantes das Comiss\u00f5es Permanentes da Casa, nesta ter\u00e7a-feira (12), para o bi\u00eanio 2021-2022. Os membros das oito comiss\u00f5es foram nomeados pelo presidente da C\u00e2mara, Luiz Gonzaga (PL). O presidente tamb\u00e9m aprovou a cria\u00e7\u00e3o de tr\u00eas Comiss\u00f5es Especiais. A\u2026","rel":"","context":"In &quot;Ouro Preto&quot;","block_context":{"text":"Ouro Preto","link":"https:\/\/www.diariodeouropreto.com.br\/pt\/Editoria\/ouro-preto\/"},"img":{"alt_text":"","src":"https:\/\/i0.wp.com\/www.diariodeouropreto.com.br\/wp-content\/uploads\/2021\/01\/Wesley-de-Sousa-13_01.jpg?resize=350%2C200&ssl=1","width":350,"height":200,"srcset":"https:\/\/i0.wp.com\/www.diariodeouropreto.com.br\/wp-content\/uploads\/2021\/01\/Wesley-de-Sousa-13_01.jpg?resize=350%2C200&ssl=1 1x, https:\/\/i0.wp.com\/www.diariodeouropreto.com.br\/wp-content\/uploads\/2021\/01\/Wesley-de-Sousa-13_01.jpg?resize=525%2C300&ssl=1 1.5x, https:\/\/i0.wp.com\/www.diariodeouropreto.com.br\/wp-content\/uploads\/2021\/01\/Wesley-de-Sousa-13_01.jpg?resize=700%2C400&ssl=1 2x"},"classes":[]}],"jetpack_sharing_enabled":true,"amp_enabled":true,"_links":{"self":[{"href":"https:\/\/www.diariodeouropreto.com.br\/pt\/wp-json\/wp\/v2\/posts\/51998","targetHints":{"allow":["GET"]}}],"collection":[{"href":"https:\/\/www.diariodeouropreto.com.br\/pt\/wp-json\/wp\/v2\/posts"}],"about":[{"href":"https:\/\/www.diariodeouropreto.com.br\/pt\/wp-json\/wp\/v2\/types\/post"}],"author":[{"embeddable":true,"href":"https:\/\/www.diariodeouropreto.com.br\/pt\/wp-json\/wp\/v2\/users\/1"}],"replies":[{"embeddable":true,"href":"https:\/\/www.diariodeouropreto.com.br\/pt\/wp-json\/wp\/v2\/comments?post=51998"}],"version-history":[{"count":1,"href":"https:\/\/www.diariodeouropreto.com.br\/pt\/wp-json\/wp\/v2\/posts\/51998\/revisions"}],"predecessor-version":[{"id":52001,"href":"https:\/\/www.diariodeouropreto.com.br\/pt\/wp-json\/wp\/v2\/posts\/51998\/revisions\/52001"}],"wp:featuredmedia":[{"embeddable":true,"href":"https:\/\/www.diariodeouropreto.com.br\/pt\/wp-json\/wp\/v2\/media\/51999"}],"wp:attachment":[{"href":"https:\/\/www.diariodeouropreto.com.br\/pt\/wp-json\/wp\/v2\/media?parent=51998"}],"wp:term":[{"taxonomy":"category","embeddable":true,"href":"https:\/\/www.diariodeouropreto.com.br\/pt\/wp-json\/wp\/v2\/categories?post=51998"},{"taxonomy":"post_tag","embeddable":true,"href":"https:\/\/www.diariodeouropreto.com.br\/pt\/wp-json\/wp\/v2\/tags?post=51998"}],"curies":[{"name":"wp","href":"https:\/\/api.w.org\/{rel}","templated":true}]}}