{"id":51993,"date":"2026-04-28T19:43:12","date_gmt":"2026-04-28T22:43:12","guid":{"rendered":"https:\/\/www.diariodeouropreto.com.br\/?p=51993"},"modified":"2026-04-28T19:43:14","modified_gmt":"2026-04-28T22:43:14","slug":"mec-prorroga-prazo-para-pedir-isencao-da-taxa-de-inscricao-do-enem","status":"publish","type":"post","link":"https:\/\/www.diariodeouropreto.com.br\/pt\/mec-prorroga-prazo-para-pedir-isencao-da-taxa-de-inscricao-do-enem\/","title":{"rendered":"MEC prorroga prazo para pedir isen\u00e7\u00e3o da taxa de inscri\u00e7\u00e3o do Enem"},"content":{"rendered":"<p><strong>Estudantes agora t\u00eam at\u00e9 dia 30 de abril para fazer o pedido<br><\/strong><br><\/p>\n\n\n\n<p><strong>O Minist\u00e9rio da Educa\u00e7\u00e3o (MEC) e o Instituto Nacional de Estudos e Pesquisas Educacionais An\u00edsio Teixeira (Inep) prorrogaram o prazo para&nbsp;o pedido de isen\u00e7\u00e3o de pagamento da taxa de inscri\u00e7\u00e3o do Exame Nacional do Ensino M\u00e9dio (Enem) de 2026.<\/strong>&nbsp;Inicialmente, os estudantes interessados deveriam solicitar o benef\u00edcio at\u00e9 esta sexta-feira (24), mas agora o prazo segue aberto at\u00e9 o dia 30 deste m\u00eas.&nbsp;<img decoding=\"async\" src=\"https:\/\/agenciabrasil.ebc.com.br\/ebc.png?id=1687154&amp;o=node\"><img decoding=\"async\" src=\"https:\/\/agenciabrasil.ebc.com.br\/ebc.gif?id=1687154&amp;o=node\"><\/p>\n\n\n\n<p>A solicita\u00e7\u00e3o deve ser feita na&nbsp;<a href=\"https:\/\/enem.inep.gov.br\/participante\/#!\/\" target=\"_blank\" rel=\"noreferrer noopener follow external sponsored ugc\" data-wpel-link=\"external\">P\u00e1gina do Participante do Enem<\/a>, por meio do login \u00fanico da plataforma de servi\u00e7os digitais do governo federal, o Gov.br.&nbsp;<\/p>\n\n\n\n<p><strong>A gratuidade na taxa de inscri\u00e7\u00e3o do Enem \u00e9 prevista nos seguintes casos:&nbsp;<\/strong><\/p>\n\n\n\n<ul class=\"wp-block-list\">\n<li>matriculados no 3\u00ba ano do ensino m\u00e9dio em escola p\u00fablica, em 2026;\u00a0<\/li>\n\n\n\n<li>estudantes de todo o ensino m\u00e9dio em escola p\u00fablica ou bolsistas integrais em escola privada e que tenham\u00a0renda igual ou inferior a um sal\u00e1rio m\u00ednimo e meio;\u00a0<\/li>\n\n\n\n<li>pessoas de baixa renda com registro ativo no Cadastro \u00danico para Programas Sociais do governo federal (Cad\u00danico);\u00a0<\/li>\n\n\n\n<li>benefici\u00e1rios do programa P\u00e9-de-Meia, do Minist\u00e9rio da Educa\u00e7\u00e3o (MEC);\u00a0<\/li>\n<\/ul>\n\n\n\n<p><strong>A&nbsp;isen\u00e7\u00e3o n\u00e3o \u00e9 autom\u00e1tica, portanto os candidatos que se encaixam em um desses requisitos devem solicitar a dispensa do pagamento.&nbsp;<\/strong><\/p>\n\n\n\n<p><\/p>\n\n\n\n<h2 class=\"wp-block-heading\">Aus\u00eancia em 2025&nbsp;<\/h2>\n\n\n\n<p>O participante que obteve&nbsp;a isen\u00e7\u00e3o do pagamento da taxa no Enem de 2025, mas n\u00e3o compareceu \u00e0s provas nos dois dias de aplica\u00e7\u00e3o, deve justificar a aus\u00eancia caso queira solicitar o benef\u00edcio novamente em 2026. &nbsp;<\/p>\n\n\n\n<p>Entre os documentos previstos no edital para justificar a falta, est\u00e3o o boletim de ocorr\u00eancia policial&nbsp;para casos de assaltos ou acidente de tr\u00e2nsito; atestado m\u00e9dico; certid\u00e3o de \u00f3bito de familiares, dentre outros. Confira as especifica\u00e7\u00f5es para o envio no&nbsp;<a href=\"https:\/\/www.in.gov.br\/web\/dou\/-\/edital-n-21-de-25-de-marco-de-2026-696989916\" target=\"_blank\" rel=\"noreferrer noopener follow external sponsored ugc\" data-wpel-link=\"external\">edital<\/a>. &nbsp;<\/p>\n\n\n\n<p>A justificativa da aus\u00eancia no Enem 2025 tamb\u00e9m deve ser feita pela P\u00e1gina do Participante.&nbsp;<\/p>\n\n\n\n<h2 class=\"wp-block-heading\">Resultado&nbsp;<\/h2>\n\n\n\n<p>Os resultados das solicita\u00e7\u00f5es de isen\u00e7\u00e3o da taxa de inscri\u00e7\u00e3o ser\u00e3o divulgados pelo Inep em 8 de maio.&nbsp;<\/p>\n\n\n\n<p>Os solicitantes com pedidos de isen\u00e7\u00e3o negados poder\u00e3o entrar com recurso administrativo entre 11 a 15 de maio.&nbsp;<strong>Os resultados definitivos dos recursos ser\u00e3o conhecidos em 22 de maio.&nbsp;<\/strong><\/p>\n\n\n\n<p><strong>Ainda n\u00e3o foi divulgado o in\u00edcio do per\u00edodo de inscri\u00e7\u00e3o para as provas.&nbsp;<\/strong><\/p>\n\n\n\n<h2 class=\"wp-block-heading\">O Enem&nbsp;<\/h2>\n\n\n\n<p>O Enem \u00e9 a principal prova para entrada no ensino superior brasileiro, por meio de iniciativas como o Sistema de Sele\u00e7\u00e3o Unificada (Sisu); o Programa Universidade para Todos (Prouni) e o Fundo de Financiamento Estudantil (Fies).&nbsp;<\/p>\n\n\n\n<p>Desde a edi\u00e7\u00e3o de 2025, o Enem voltou a certificar a conclus\u00e3o do ensino m\u00e9dio para os candidatos que t\u00eam 18 anos completos e alcan\u00e7am a pontua\u00e7\u00e3o m\u00ednima em cada \u00e1rea do conhecimento das provas e na reda\u00e7\u00e3o.&nbsp;<\/p>\n\n\n\n<div id=\"110712\" class=\"advads-saneouro advads-entity-placement\" style=\"margin-left: auto;margin-right: auto;text-align: center;\"><a href=\"https:\/\/www.saneouro.com.br\/\" target=\"_blank\" aria-label=\"DOP_Site\" data-wpel-link=\"external\" rel=\"follow external noopener noreferrer sponsored ugc\"><img src=\"https:\/\/www.diariodeouropreto.com.br\/wp-content\/uploads\/2026\/04\/DOP_Site.jpg\" alt=\"\"  srcset=\"https:\/\/www.diariodeouropreto.com.br\/wp-content\/uploads\/2026\/04\/DOP_Site.jpg 301w, https:\/\/www.diariodeouropreto.com.br\/wp-content\/uploads\/2026\/04\/DOP_Site-180x150.jpg 180w, https:\/\/www.diariodeouropreto.com.br\/wp-content\/uploads\/2026\/04\/DOP_Site-14x12.jpg 14w\" sizes=\"(max-width: 301px) 100vw, 301px\" width=\"301\" height=\"251\"  style=\"display: inline-block;\" \/><\/a><\/div><p>Fonte: Ag\u00eancia Brasil<\/p>\n\n\n\n<div id=\"50321\" class=\"advads-plantao advads-entity-placement\"><a href=\"https:\/\/www.diariodeouropreto.com.br\/pt\/\" target=\"_blank\" aria-label=\"site &#8211; noticia\" data-wpel-link=\"external\" rel=\"follow external noopener noreferrer sponsored ugc\"><img src=\"https:\/\/www.diariodeouropreto.com.br\/wp-content\/uploads\/2019\/09\/titulosite2-e1616373489755.jpg\" alt=\"\"  srcset=\"https:\/\/www.diariodeouropreto.com.br\/wp-content\/uploads\/2019\/09\/titulosite2-e1616373489755.jpg 1200w, https:\/\/www.diariodeouropreto.com.br\/wp-content\/uploads\/2019\/09\/titulosite2-e1616373489755-150x38.jpg 150w, https:\/\/www.diariodeouropreto.com.br\/wp-content\/uploads\/2019\/09\/titulosite2-e1616373489755-660x167.jpg 660w, https:\/\/www.diariodeouropreto.com.br\/wp-content\/uploads\/2019\/09\/titulosite2-e1616373489755-768x194.jpg 768w, https:\/\/www.diariodeouropreto.com.br\/wp-content\/uploads\/2019\/09\/titulosite2-e1616373489755-1000x252.jpg 1000w, https:\/\/www.diariodeouropreto.com.br\/wp-content\/uploads\/2019\/09\/titulosite2-e1616373489755-1536x388.jpg 1536w, https:\/\/www.diariodeouropreto.com.br\/wp-content\/uploads\/2019\/09\/titulosite2-e1616373489755-2048x517.jpg 2048w\" sizes=\"(max-width: 1200px) 100vw, 1200px\" width=\"1200\" height=\"303\"  style=\"display: inline-block;\" \/><\/a><\/div><p>Foto: \u00a9 Marcelo Camargo\/Ag\u00eancia Brasil<\/p>","protected":false},"excerpt":{"rendered":"<p>Estudantes agora t\u00eam at\u00e9 dia 30 de abril para fazer o pedido O Minist\u00e9rio da Educa\u00e7\u00e3o (MEC) e o Instituto Nacional de Estudos e Pesquisas Educacionais An\u00edsio Teixeira (Inep) prorrogaram o prazo para&nbsp;o pedido de isen\u00e7\u00e3o de pagamento da taxa de inscri\u00e7\u00e3o do Exame Nacional do Ensino M\u00e9dio (Enem) de<span class=\"more-link\"><a href=\"https:\/\/www.diariodeouropreto.com.br\/pt\/mec-prorroga-prazo-para-pedir-isencao-da-taxa-de-inscricao-do-enem\/\" data-wpel-link=\"internal\">Continue Lendo<\/a><\/span><\/p>","protected":false},"author":1,"featured_media":51994,"comment_status":"closed","ping_status":"closed","sticky":false,"template":"","format":"standard","meta":{"_jetpack_memberships_contains_paid_content":false,"footnotes":"","jetpack_publicize_message":"Estudantes agora t\u00eam at\u00e9 dia 30 de abril para fazer o pedido\n","jetpack_publicize_feature_enabled":true,"jetpack_social_post_already_shared":false,"jetpack_social_options":{"image_generator_settings":{"template":"highway","default_image_id":0,"font":"","enabled":false},"version":2}},"categories":[7],"tags":[28],"class_list":["entry","author-diario","post-51993","post","type-post","status-publish","format-standard","has-post-thumbnail","category-brasil","tag-educacao"],"yoast_head":"<!-- This site is optimized with the Yoast SEO plugin v27.5 - https:\/\/yoast.com\/product\/yoast-seo-wordpress\/ -->\n<title>MEC prorroga prazo para pedir isen\u00e7\u00e3o da taxa de inscri\u00e7\u00e3o do Enem - Di\u00e1rio de Ouro Preto<\/title>\n<meta name=\"description\" content=\"Estudantes agora t\u00eam at\u00e9 dia 30 de abril para fazer o pedido- MEC prorroga prazo para pedir isen\u00e7\u00e3o da taxa de inscri\u00e7\u00e3o do Enem - Brasil\" \/>\n<meta name=\"robots\" content=\"index, follow, max-snippet:-1, max-image-preview:large, max-video-preview:-1\" \/>\n<link rel=\"canonical\" href=\"https:\/\/www.diariodeouropreto.com.br\/pt\/mec-prorroga-prazo-para-pedir-isencao-da-taxa-de-inscricao-do-enem\/\" \/>\n<meta property=\"og:locale\" content=\"pt_PT\" \/>\n<meta property=\"og:type\" content=\"article\" \/>\n<meta property=\"og:title\" content=\"MEC prorroga prazo para pedir isen\u00e7\u00e3o da taxa de inscri\u00e7\u00e3o do Enem - Di\u00e1rio de Ouro Preto\" \/>\n<meta property=\"og:description\" content=\"Estudantes agora t\u00eam at\u00e9 dia 30 de abril para fazer o pedido- MEC prorroga prazo para pedir isen\u00e7\u00e3o da taxa de inscri\u00e7\u00e3o do Enem - Brasil\" \/>\n<meta property=\"og:url\" content=\"https:\/\/www.diariodeouropreto.com.br\/pt\/mec-prorroga-prazo-para-pedir-isencao-da-taxa-de-inscricao-do-enem\/\" \/>\n<meta property=\"og:site_name\" content=\"Di\u00e1rio de Ouro Preto\" \/>\n<meta property=\"article:publisher\" content=\"https:\/\/www.facebook.com\/diariodeouropreto\/\" \/>\n<meta property=\"article:published_time\" content=\"2026-04-28T22:43:12+00:00\" \/>\n<meta property=\"article:modified_time\" content=\"2026-04-28T22:43:14+00:00\" \/>\n<meta property=\"og:image\" content=\"https:\/\/www.diariodeouropreto.com.br\/wp-content\/uploads\/2026\/04\/inep_mcamgo_abr_191120211818-2.webp\" \/>\n\t<meta property=\"og:image:width\" content=\"1170\" \/>\n\t<meta property=\"og:image:height\" content=\"700\" \/>\n\t<meta property=\"og:image:type\" content=\"image\/webp\" \/>\n<meta name=\"author\" content=\"Di\u00e1rio de Ouro Preto\" \/>\n<meta name=\"twitter:card\" content=\"summary_large_image\" \/>\n<meta name=\"twitter:label1\" content=\"Escrito por\" \/>\n\t<meta name=\"twitter:data1\" content=\"Di\u00e1rio de Ouro Preto\" \/>\n\t<meta name=\"twitter:label2\" content=\"Tempo estimado de leitura\" \/>\n\t<meta name=\"twitter:data2\" content=\"4 minutos\" \/>\n<script type=\"application\/ld+json\" class=\"yoast-schema-graph\">{\"@context\":\"https:\\\/\\\/schema.org\",\"@graph\":[{\"@type\":\"Article\",\"@id\":\"https:\\\/\\\/www.diariodeouropreto.com.br\\\/mec-prorroga-prazo-para-pedir-isencao-da-taxa-de-inscricao-do-enem\\\/#article\",\"isPartOf\":{\"@id\":\"https:\\\/\\\/www.diariodeouropreto.com.br\\\/mec-prorroga-prazo-para-pedir-isencao-da-taxa-de-inscricao-do-enem\\\/\"},\"author\":{\"name\":\"Di\u00e1rio de Ouro Preto\",\"@id\":\"https:\\\/\\\/www.diariodeouropreto.com.br\\\/pt\\\/#\\\/schema\\\/person\\\/7654e7b471204a6dab6dc0ce6e140c99\"},\"headline\":\"MEC prorroga prazo para pedir isen\u00e7\u00e3o da taxa de inscri\u00e7\u00e3o do Enem\",\"datePublished\":\"2026-04-28T22:43:12+00:00\",\"dateModified\":\"2026-04-28T22:43:14+00:00\",\"mainEntityOfPage\":{\"@id\":\"https:\\\/\\\/www.diariodeouropreto.com.br\\\/mec-prorroga-prazo-para-pedir-isencao-da-taxa-de-inscricao-do-enem\\\/\"},\"wordCount\":525,\"publisher\":{\"@id\":\"https:\\\/\\\/www.diariodeouropreto.com.br\\\/pt\\\/#organization\"},\"image\":{\"@id\":\"https:\\\/\\\/www.diariodeouropreto.com.br\\\/mec-prorroga-prazo-para-pedir-isencao-da-taxa-de-inscricao-do-enem\\\/#primaryimage\"},\"thumbnailUrl\":\"https:\\\/\\\/www.diariodeouropreto.com.br\\\/wp-content\\\/uploads\\\/2026\\\/04\\\/inep_mcamgo_abr_191120211818-2.webp\",\"keywords\":[\"Educa\u00e7\u00e3o\"],\"articleSection\":[\"Brasil\"],\"inLanguage\":\"pt-PT\"},{\"@type\":\"WebPage\",\"@id\":\"https:\\\/\\\/www.diariodeouropreto.com.br\\\/mec-prorroga-prazo-para-pedir-isencao-da-taxa-de-inscricao-do-enem\\\/\",\"url\":\"https:\\\/\\\/www.diariodeouropreto.com.br\\\/mec-prorroga-prazo-para-pedir-isencao-da-taxa-de-inscricao-do-enem\\\/\",\"name\":\"MEC prorroga prazo para pedir isen\u00e7\u00e3o da taxa de inscri\u00e7\u00e3o do Enem - Di\u00e1rio de Ouro Preto\",\"isPartOf\":{\"@id\":\"https:\\\/\\\/www.diariodeouropreto.com.br\\\/pt\\\/#website\"},\"primaryImageOfPage\":{\"@id\":\"https:\\\/\\\/www.diariodeouropreto.com.br\\\/mec-prorroga-prazo-para-pedir-isencao-da-taxa-de-inscricao-do-enem\\\/#primaryimage\"},\"image\":{\"@id\":\"https:\\\/\\\/www.diariodeouropreto.com.br\\\/mec-prorroga-prazo-para-pedir-isencao-da-taxa-de-inscricao-do-enem\\\/#primaryimage\"},\"thumbnailUrl\":\"https:\\\/\\\/www.diariodeouropreto.com.br\\\/wp-content\\\/uploads\\\/2026\\\/04\\\/inep_mcamgo_abr_191120211818-2.webp\",\"datePublished\":\"2026-04-28T22:43:12+00:00\",\"dateModified\":\"2026-04-28T22:43:14+00:00\",\"description\":\"Estudantes agora t\u00eam at\u00e9 dia 30 de abril para fazer o pedido- MEC prorroga prazo para pedir isen\u00e7\u00e3o da taxa de inscri\u00e7\u00e3o do Enem - Brasil\",\"breadcrumb\":{\"@id\":\"https:\\\/\\\/www.diariodeouropreto.com.br\\\/mec-prorroga-prazo-para-pedir-isencao-da-taxa-de-inscricao-do-enem\\\/#breadcrumb\"},\"inLanguage\":\"pt-PT\",\"potentialAction\":[{\"@type\":\"ReadAction\",\"target\":[\"https:\\\/\\\/www.diariodeouropreto.com.br\\\/mec-prorroga-prazo-para-pedir-isencao-da-taxa-de-inscricao-do-enem\\\/\"]}]},{\"@type\":\"ImageObject\",\"inLanguage\":\"pt-PT\",\"@id\":\"https:\\\/\\\/www.diariodeouropreto.com.br\\\/mec-prorroga-prazo-para-pedir-isencao-da-taxa-de-inscricao-do-enem\\\/#primaryimage\",\"url\":\"https:\\\/\\\/www.diariodeouropreto.com.br\\\/wp-content\\\/uploads\\\/2026\\\/04\\\/inep_mcamgo_abr_191120211818-2.webp\",\"contentUrl\":\"https:\\\/\\\/www.diariodeouropreto.com.br\\\/wp-content\\\/uploads\\\/2026\\\/04\\\/inep_mcamgo_abr_191120211818-2.webp\",\"width\":1170,\"height\":700},{\"@type\":\"BreadcrumbList\",\"@id\":\"https:\\\/\\\/www.diariodeouropreto.com.br\\\/mec-prorroga-prazo-para-pedir-isencao-da-taxa-de-inscricao-do-enem\\\/#breadcrumb\",\"itemListElement\":[{\"@type\":\"ListItem\",\"position\":1,\"name\":\"In\u00edcio\",\"item\":\"https:\\\/\\\/www.diariodeouropreto.com.br\\\/pt\\\/\"},{\"@type\":\"ListItem\",\"position\":2,\"name\":\"MEC prorroga prazo para pedir isen\u00e7\u00e3o da taxa de inscri\u00e7\u00e3o do Enem\"}]},{\"@type\":\"WebSite\",\"@id\":\"https:\\\/\\\/www.diariodeouropreto.com.br\\\/pt\\\/#website\",\"url\":\"https:\\\/\\\/www.diariodeouropreto.com.br\\\/pt\\\/\",\"name\":\"Di\u00e1rio de Ouro Preto\",\"description\":\"Not\u00edcias Ouro Preto; Mariana;Minas Gerais;Jornal;Jornalismo;Not\u00edcias;\",\"publisher\":{\"@id\":\"https:\\\/\\\/www.diariodeouropreto.com.br\\\/pt\\\/#organization\"},\"alternateName\":\"Jornal di\u00e1rio de Ouro Preto\",\"potentialAction\":[{\"@type\":\"SearchAction\",\"target\":{\"@type\":\"EntryPoint\",\"urlTemplate\":\"https:\\\/\\\/www.diariodeouropreto.com.br\\\/pt\\\/?s={search_term_string}\"},\"query-input\":{\"@type\":\"PropertyValueSpecification\",\"valueRequired\":true,\"valueName\":\"search_term_string\"}}],\"inLanguage\":\"pt-PT\"},{\"@type\":\"Organization\",\"@id\":\"https:\\\/\\\/www.diariodeouropreto.com.br\\\/pt\\\/#organization\",\"name\":\"Di\u00e1rio de Ouro Preto\",\"alternateName\":\"Jornal di\u00e1rio Ouro Preto\",\"url\":\"https:\\\/\\\/www.diariodeouropreto.com.br\\\/pt\\\/\",\"logo\":{\"@type\":\"ImageObject\",\"inLanguage\":\"pt-PT\",\"@id\":\"https:\\\/\\\/www.diariodeouropreto.com.br\\\/pt\\\/#\\\/schema\\\/logo\\\/image\\\/\",\"url\":\"https:\\\/\\\/www.diariodeouropreto.com.br\\\/wp-content\\\/uploads\\\/2019\\\/06\\\/cropped-logotransp-2.png\",\"contentUrl\":\"https:\\\/\\\/www.diariodeouropreto.com.br\\\/wp-content\\\/uploads\\\/2019\\\/06\\\/cropped-logotransp-2.png\",\"width\":1323,\"height\":251,\"caption\":\"Di\u00e1rio de Ouro Preto\"},\"image\":{\"@id\":\"https:\\\/\\\/www.diariodeouropreto.com.br\\\/pt\\\/#\\\/schema\\\/logo\\\/image\\\/\"},\"sameAs\":[\"https:\\\/\\\/www.facebook.com\\\/diariodeouropreto\\\/\"]},{\"@type\":\"Person\",\"@id\":\"https:\\\/\\\/www.diariodeouropreto.com.br\\\/pt\\\/#\\\/schema\\\/person\\\/7654e7b471204a6dab6dc0ce6e140c99\",\"name\":\"Di\u00e1rio de Ouro Preto\",\"sameAs\":[\"http:\\\/\\\/www.diariodeouropreto.com.br\"],\"url\":\"https:\\\/\\\/www.diariodeouropreto.com.br\\\/pt\\\/author\\\/diario\\\/\"}]}<\/script>\n<!-- \/ Yoast SEO plugin. -->","yoast_head_json":{"title":"MEC prorroga prazo para pedir isen\u00e7\u00e3o da taxa de inscri\u00e7\u00e3o do Enem - Di\u00e1rio de Ouro Preto","description":"Estudantes agora t\u00eam at\u00e9 dia 30 de abril para fazer o pedido- MEC prorroga prazo para pedir isen\u00e7\u00e3o da taxa de inscri\u00e7\u00e3o do Enem - Brasil","robots":{"index":"index","follow":"follow","max-snippet":"max-snippet:-1","max-image-preview":"max-image-preview:large","max-video-preview":"max-video-preview:-1"},"canonical":"https:\/\/www.diariodeouropreto.com.br\/pt\/mec-prorroga-prazo-para-pedir-isencao-da-taxa-de-inscricao-do-enem\/","og_locale":"pt_PT","og_type":"article","og_title":"MEC prorroga prazo para pedir isen\u00e7\u00e3o da taxa de inscri\u00e7\u00e3o do Enem - Di\u00e1rio de Ouro Preto","og_description":"Estudantes agora t\u00eam at\u00e9 dia 30 de abril para fazer o pedido- MEC prorroga prazo para pedir isen\u00e7\u00e3o da taxa de inscri\u00e7\u00e3o do Enem - Brasil","og_url":"https:\/\/www.diariodeouropreto.com.br\/pt\/mec-prorroga-prazo-para-pedir-isencao-da-taxa-de-inscricao-do-enem\/","og_site_name":"Di\u00e1rio de Ouro Preto","article_publisher":"https:\/\/www.facebook.com\/diariodeouropreto\/","article_published_time":"2026-04-28T22:43:12+00:00","article_modified_time":"2026-04-28T22:43:14+00:00","og_image":[{"width":1170,"height":700,"url":"https:\/\/www.diariodeouropreto.com.br\/wp-content\/uploads\/2026\/04\/inep_mcamgo_abr_191120211818-2.webp","type":"image\/webp"}],"author":"Di\u00e1rio de Ouro Preto","twitter_card":"summary_large_image","twitter_misc":{"Escrito por":"Di\u00e1rio de Ouro Preto","Tempo estimado de leitura":"4 minutos"},"schema":{"@context":"https:\/\/schema.org","@graph":[{"@type":"Article","@id":"https:\/\/www.diariodeouropreto.com.br\/mec-prorroga-prazo-para-pedir-isencao-da-taxa-de-inscricao-do-enem\/#article","isPartOf":{"@id":"https:\/\/www.diariodeouropreto.com.br\/mec-prorroga-prazo-para-pedir-isencao-da-taxa-de-inscricao-do-enem\/"},"author":{"name":"Di\u00e1rio de Ouro Preto","@id":"https:\/\/www.diariodeouropreto.com.br\/pt\/#\/schema\/person\/7654e7b471204a6dab6dc0ce6e140c99"},"headline":"MEC prorroga prazo para pedir isen\u00e7\u00e3o da taxa de inscri\u00e7\u00e3o do Enem","datePublished":"2026-04-28T22:43:12+00:00","dateModified":"2026-04-28T22:43:14+00:00","mainEntityOfPage":{"@id":"https:\/\/www.diariodeouropreto.com.br\/mec-prorroga-prazo-para-pedir-isencao-da-taxa-de-inscricao-do-enem\/"},"wordCount":525,"publisher":{"@id":"https:\/\/www.diariodeouropreto.com.br\/pt\/#organization"},"image":{"@id":"https:\/\/www.diariodeouropreto.com.br\/mec-prorroga-prazo-para-pedir-isencao-da-taxa-de-inscricao-do-enem\/#primaryimage"},"thumbnailUrl":"https:\/\/www.diariodeouropreto.com.br\/wp-content\/uploads\/2026\/04\/inep_mcamgo_abr_191120211818-2.webp","keywords":["Educa\u00e7\u00e3o"],"articleSection":["Brasil"],"inLanguage":"pt-PT"},{"@type":"WebPage","@id":"https:\/\/www.diariodeouropreto.com.br\/mec-prorroga-prazo-para-pedir-isencao-da-taxa-de-inscricao-do-enem\/","url":"https:\/\/www.diariodeouropreto.com.br\/mec-prorroga-prazo-para-pedir-isencao-da-taxa-de-inscricao-do-enem\/","name":"MEC prorroga prazo para pedir isen\u00e7\u00e3o da taxa de inscri\u00e7\u00e3o do Enem - Di\u00e1rio de Ouro Preto","isPartOf":{"@id":"https:\/\/www.diariodeouropreto.com.br\/pt\/#website"},"primaryImageOfPage":{"@id":"https:\/\/www.diariodeouropreto.com.br\/mec-prorroga-prazo-para-pedir-isencao-da-taxa-de-inscricao-do-enem\/#primaryimage"},"image":{"@id":"https:\/\/www.diariodeouropreto.com.br\/mec-prorroga-prazo-para-pedir-isencao-da-taxa-de-inscricao-do-enem\/#primaryimage"},"thumbnailUrl":"https:\/\/www.diariodeouropreto.com.br\/wp-content\/uploads\/2026\/04\/inep_mcamgo_abr_191120211818-2.webp","datePublished":"2026-04-28T22:43:12+00:00","dateModified":"2026-04-28T22:43:14+00:00","description":"Estudantes agora t\u00eam at\u00e9 dia 30 de abril para fazer o pedido- MEC prorroga prazo para pedir isen\u00e7\u00e3o da taxa de inscri\u00e7\u00e3o do Enem - Brasil","breadcrumb":{"@id":"https:\/\/www.diariodeouropreto.com.br\/mec-prorroga-prazo-para-pedir-isencao-da-taxa-de-inscricao-do-enem\/#breadcrumb"},"inLanguage":"pt-PT","potentialAction":[{"@type":"ReadAction","target":["https:\/\/www.diariodeouropreto.com.br\/mec-prorroga-prazo-para-pedir-isencao-da-taxa-de-inscricao-do-enem\/"]}]},{"@type":"ImageObject","inLanguage":"pt-PT","@id":"https:\/\/www.diariodeouropreto.com.br\/mec-prorroga-prazo-para-pedir-isencao-da-taxa-de-inscricao-do-enem\/#primaryimage","url":"https:\/\/www.diariodeouropreto.com.br\/wp-content\/uploads\/2026\/04\/inep_mcamgo_abr_191120211818-2.webp","contentUrl":"https:\/\/www.diariodeouropreto.com.br\/wp-content\/uploads\/2026\/04\/inep_mcamgo_abr_191120211818-2.webp","width":1170,"height":700},{"@type":"BreadcrumbList","@id":"https:\/\/www.diariodeouropreto.com.br\/mec-prorroga-prazo-para-pedir-isencao-da-taxa-de-inscricao-do-enem\/#breadcrumb","itemListElement":[{"@type":"ListItem","position":1,"name":"In\u00edcio","item":"https:\/\/www.diariodeouropreto.com.br\/pt\/"},{"@type":"ListItem","position":2,"name":"MEC prorroga prazo para pedir isen\u00e7\u00e3o da taxa de inscri\u00e7\u00e3o do Enem"}]},{"@type":"WebSite","@id":"https:\/\/www.diariodeouropreto.com.br\/pt\/#website","url":"https:\/\/www.diariodeouropreto.com.br\/pt\/","name":"Di\u00e1rio de Ouro Preto","description":"Not\u00edcias Ouro Preto; Mariana;Minas Gerais;Jornal;Jornalismo;Not\u00edcias;","publisher":{"@id":"https:\/\/www.diariodeouropreto.com.br\/pt\/#organization"},"alternateName":"Jornal di\u00e1rio de Ouro Preto","potentialAction":[{"@type":"SearchAction","target":{"@type":"EntryPoint","urlTemplate":"https:\/\/www.diariodeouropreto.com.br\/pt\/?s={search_term_string}"},"query-input":{"@type":"PropertyValueSpecification","valueRequired":true,"valueName":"search_term_string"}}],"inLanguage":"pt-PT"},{"@type":"Organization","@id":"https:\/\/www.diariodeouropreto.com.br\/pt\/#organization","name":"Di\u00e1rio de Ouro Preto","alternateName":"Jornal di\u00e1rio Ouro Preto","url":"https:\/\/www.diariodeouropreto.com.br\/pt\/","logo":{"@type":"ImageObject","inLanguage":"pt-PT","@id":"https:\/\/www.diariodeouropreto.com.br\/pt\/#\/schema\/logo\/image\/","url":"https:\/\/www.diariodeouropreto.com.br\/wp-content\/uploads\/2019\/06\/cropped-logotransp-2.png","contentUrl":"https:\/\/www.diariodeouropreto.com.br\/wp-content\/uploads\/2019\/06\/cropped-logotransp-2.png","width":1323,"height":251,"caption":"Di\u00e1rio de Ouro Preto"},"image":{"@id":"https:\/\/www.diariodeouropreto.com.br\/pt\/#\/schema\/logo\/image\/"},"sameAs":["https:\/\/www.facebook.com\/diariodeouropreto\/"]},{"@type":"Person","@id":"https:\/\/www.diariodeouropreto.com.br\/pt\/#\/schema\/person\/7654e7b471204a6dab6dc0ce6e140c99","name":"Di\u00e1rio de Ouro Preto","sameAs":["http:\/\/www.diariodeouropreto.com.br"],"url":"https:\/\/www.diariodeouropreto.com.br\/pt\/author\/diario\/"}]}},"jetpack_publicize_connections":[],"jetpack_featured_media_url":"https:\/\/www.diariodeouropreto.com.br\/wp-content\/uploads\/2026\/04\/inep_mcamgo_abr_191120211818-2.webp","jetpack-related-posts":[{"id":51547,"url":"https:\/\/www.diariodeouropreto.com.br\/pt\/prazo-para-pedir-isencao-da-taxa-de-inscricao-no-enem-comeca-no-dia-13\/","url_meta":{"origin":51993,"position":0},"title":"Prazo para pedir isen\u00e7\u00e3o da taxa de inscri\u00e7\u00e3o no Enem come\u00e7a no dia 13","author":"Di\u00e1rio de Ouro Preto","date":"7 de Abril de 2026","format":false,"excerpt":"Solicita\u00e7\u00f5es podem ser feitas at\u00e9 dia 24 de abril Os interessados em pedir\u00a0a isen\u00e7\u00e3o de pagamento da taxa de inscri\u00e7\u00e3o do Exame Nacional do Ensino M\u00e9dio de 2026 dever\u00e3o acessar a\u00a0P\u00e1gina do Participante\u00a0do Enem para fazer a solicita\u00e7\u00e3o no per\u00edodo de 13 a 24 de abril. O acesso deve ser\u2026","rel":"","context":"In &quot;Brasil&quot;","block_context":{"text":"Brasil","link":"https:\/\/www.diariodeouropreto.com.br\/pt\/Editoria\/brasil\/"},"img":{"alt_text":"","src":"https:\/\/i0.wp.com\/www.diariodeouropreto.com.br\/wp-content\/uploads\/2026\/04\/enem-mc_abr_16112025-3.webp?resize=350%2C200&ssl=1","width":350,"height":200,"srcset":"https:\/\/i0.wp.com\/www.diariodeouropreto.com.br\/wp-content\/uploads\/2026\/04\/enem-mc_abr_16112025-3.webp?resize=350%2C200&ssl=1 1x, https:\/\/i0.wp.com\/www.diariodeouropreto.com.br\/wp-content\/uploads\/2026\/04\/enem-mc_abr_16112025-3.webp?resize=525%2C300&ssl=1 1.5x, https:\/\/i0.wp.com\/www.diariodeouropreto.com.br\/wp-content\/uploads\/2026\/04\/enem-mc_abr_16112025-3.webp?resize=700%2C400&ssl=1 2x, https:\/\/i0.wp.com\/www.diariodeouropreto.com.br\/wp-content\/uploads\/2026\/04\/enem-mc_abr_16112025-3.webp?resize=1050%2C600&ssl=1 3x"},"classes":[]},{"id":43995,"url":"https:\/\/www.diariodeouropreto.com.br\/pt\/enem-prazo-para-isencao-de-taxa-de-inscricao-termina-na-sexta-feira\/","url_meta":{"origin":51993,"position":1},"title":"Enem: prazo para isen\u00e7\u00e3o de taxa de inscri\u00e7\u00e3o termina na sexta-feira","author":"Di\u00e1rio de Ouro Preto","date":"22 de Abril de 2025","format":false,"excerpt":"Interessados devem fazer a solicita\u00e7\u00e3o na P\u00e1gina do Participante Por Paula Laboissi\u00e8re \u2013 Rep\u00f3rter da Ag\u00eancia BrasilFoto: \u00a9 Paulo Pinto\/Ag\u00eancia BrasilO per\u00edodo para solicitar isen\u00e7\u00e3o da taxa de inscri\u00e7\u00e3o no Exame Nacional do Ensino M\u00e9dio (Enem) 2025 se encerra na pr\u00f3xima sexta-feira (25).\u202fO prazo de inscri\u00e7\u00e3o para a prova ainda\u2026","rel":"","context":"In &quot;Brasil&quot;","block_context":{"text":"Brasil","link":"https:\/\/www.diariodeouropreto.com.br\/pt\/Editoria\/brasil\/"},"img":{"alt_text":"","src":"https:\/\/i0.wp.com\/www.diariodeouropreto.com.br\/wp-content\/uploads\/2025\/04\/sp_enem22.webp?resize=350%2C200&ssl=1","width":350,"height":200,"srcset":"https:\/\/i0.wp.com\/www.diariodeouropreto.com.br\/wp-content\/uploads\/2025\/04\/sp_enem22.webp?resize=350%2C200&ssl=1 1x, https:\/\/i0.wp.com\/www.diariodeouropreto.com.br\/wp-content\/uploads\/2025\/04\/sp_enem22.webp?resize=525%2C300&ssl=1 1.5x, https:\/\/i0.wp.com\/www.diariodeouropreto.com.br\/wp-content\/uploads\/2025\/04\/sp_enem22.webp?resize=700%2C400&ssl=1 2x, https:\/\/i0.wp.com\/www.diariodeouropreto.com.br\/wp-content\/uploads\/2025\/04\/sp_enem22.webp?resize=1050%2C600&ssl=1 3x"},"classes":[]},{"id":45170,"url":"https:\/\/www.diariodeouropreto.com.br\/pt\/inscricoes-para-o-enem-2025-sao-prorrogadas-ate-sexta-feira-13-6\/","url_meta":{"origin":51993,"position":2},"title":"Inscri\u00e7\u00f5es para o Enem 2025 s\u00e3o prorrogadas at\u00e9 sexta-feira (13\/6)","author":"Di\u00e1rio de Ouro Preto","date":"9 de Junho de 2025","format":false,"excerpt":"Estudantes da rede p\u00fablica estadual de Minas Gerais ganham mais tempo para garantir participa\u00e7\u00e3o no exame O Instituto Nacional de Estudos e Pesquisas Educacionais An\u00edsio Teixeira (Inep) prorrogou o prazo para as inscri\u00e7\u00f5es do Exame Nacional do Ensino M\u00e9dio (Enem) 2025. Agora, os estudantes t\u00eam at\u00e9\u00a0 sexta-feira (13\/6) para se\u2026","rel":"","context":"In &quot;Brasil&quot;","block_context":{"text":"Brasil","link":"https:\/\/www.diariodeouropreto.com.br\/pt\/Editoria\/brasil\/"},"img":{"alt_text":"","src":"https:\/\/i0.wp.com\/www.diariodeouropreto.com.br\/wp-content\/uploads\/2024\/11\/Imagem-do-WhatsApp-de-2024-11-08-as-14.07.11_04689c55.jpg?resize=350%2C200&ssl=1","width":350,"height":200,"srcset":"https:\/\/i0.wp.com\/www.diariodeouropreto.com.br\/wp-content\/uploads\/2024\/11\/Imagem-do-WhatsApp-de-2024-11-08-as-14.07.11_04689c55.jpg?resize=350%2C200&ssl=1 1x, https:\/\/i0.wp.com\/www.diariodeouropreto.com.br\/wp-content\/uploads\/2024\/11\/Imagem-do-WhatsApp-de-2024-11-08-as-14.07.11_04689c55.jpg?resize=525%2C300&ssl=1 1.5x, https:\/\/i0.wp.com\/www.diariodeouropreto.com.br\/wp-content\/uploads\/2024\/11\/Imagem-do-WhatsApp-de-2024-11-08-as-14.07.11_04689c55.jpg?resize=700%2C400&ssl=1 2x"},"classes":[]},{"id":22534,"url":"https:\/\/www.diariodeouropreto.com.br\/pt\/enem-estudantes-podem-pedir-isencao-de-taxa-a-partir-desta-segunda\/","url_meta":{"origin":51993,"position":3},"title":"Enem: estudantes podem pedir isen\u00e7\u00e3o de taxa a partir desta segunda","author":"Di\u00e1rio de Ouro Preto","date":"17 de Abril de 2023","format":false,"excerpt":"Estudantes que forem fazer o\u00a0Enem\u00a02023 \u2013 o Exame Nacional do Ensino M\u00e9dio\u00a0\u2013 podem pedir a isen\u00e7\u00e3o da taxa de inscri\u00e7\u00e3o a partir desta segunda feira, dia 17. \u00a0Os pedidos devem ser feitos na\u00a0p\u00e1gina do participante.\u00a0 Podem solicitar a isen\u00e7\u00e3o, estudantes que estejam cursando o \u00faltimo ano do ensino m\u00e9dio em\u2026","rel":"","context":"In &quot;Oportunidades&quot;","block_context":{"text":"Oportunidades","link":"https:\/\/www.diariodeouropreto.com.br\/pt\/Editoria\/oportunidades\/"},"img":{"alt_text":"","src":"https:\/\/i0.wp.com\/www.diariodeouropreto.com.br\/wp-content\/uploads\/2023\/04\/enem-2022_mcamgo_abr_131120221818-8.jpg?resize=350%2C200&ssl=1","width":350,"height":200,"srcset":"https:\/\/i0.wp.com\/www.diariodeouropreto.com.br\/wp-content\/uploads\/2023\/04\/enem-2022_mcamgo_abr_131120221818-8.jpg?resize=350%2C200&ssl=1 1x, https:\/\/i0.wp.com\/www.diariodeouropreto.com.br\/wp-content\/uploads\/2023\/04\/enem-2022_mcamgo_abr_131120221818-8.jpg?resize=525%2C300&ssl=1 1.5x, https:\/\/i0.wp.com\/www.diariodeouropreto.com.br\/wp-content\/uploads\/2023\/04\/enem-2022_mcamgo_abr_131120221818-8.jpg?resize=700%2C400&ssl=1 2x, https:\/\/i0.wp.com\/www.diariodeouropreto.com.br\/wp-content\/uploads\/2023\/04\/enem-2022_mcamgo_abr_131120221818-8.jpg?resize=1050%2C600&ssl=1 3x"},"classes":[]},{"id":14981,"url":"https:\/\/www.diariodeouropreto.com.br\/pt\/termina-hoje-prazo-para-pedido-de-isencao-de-taxa-do-enem\/","url_meta":{"origin":51993,"position":4},"title":"Termina hoje prazo para pedido de isen\u00e7\u00e3o de taxa do Enem","author":"Di\u00e1rio de Ouro Preto","date":"15 de Abril de 2022","format":false,"excerpt":"Termina \u00e0s 23h59 de hoje (15) o prazo para estudantes pedirem isen\u00e7\u00e3o da taxa de inscri\u00e7\u00e3o no Exame Nacional do Ensino M\u00e9dio (Enem) 2022. O pedido deve ser feito na\u00a0P\u00e1gina do Participante. Pelas regras do Enem, t\u00eam direito \u00e0 gratuidade os participantes que se enquadram nas seguintes situa\u00e7\u00f5es: estar na\u2026","rel":"","context":"In &quot;Brasil&quot;","block_context":{"text":"Brasil","link":"https:\/\/www.diariodeouropreto.com.br\/pt\/Editoria\/brasil\/"},"img":{"alt_text":"","src":"https:\/\/i0.wp.com\/www.diariodeouropreto.com.br\/wp-content\/uploads\/2022\/04\/enem_aplicativo_30062110003-1.jpg?resize=350%2C200&ssl=1","width":350,"height":200,"srcset":"https:\/\/i0.wp.com\/www.diariodeouropreto.com.br\/wp-content\/uploads\/2022\/04\/enem_aplicativo_30062110003-1.jpg?resize=350%2C200&ssl=1 1x, https:\/\/i0.wp.com\/www.diariodeouropreto.com.br\/wp-content\/uploads\/2022\/04\/enem_aplicativo_30062110003-1.jpg?resize=525%2C300&ssl=1 1.5x, https:\/\/i0.wp.com\/www.diariodeouropreto.com.br\/wp-content\/uploads\/2022\/04\/enem_aplicativo_30062110003-1.jpg?resize=700%2C400&ssl=1 2x, https:\/\/i0.wp.com\/www.diariodeouropreto.com.br\/wp-content\/uploads\/2022\/04\/enem_aplicativo_30062110003-1.jpg?resize=1050%2C600&ssl=1 3x"},"classes":[]},{"id":32304,"url":"https:\/\/www.diariodeouropreto.com.br\/pt\/pedidos-de-isencao-da-taxa-do-enem-podem-ser-feitos-ate-sexta-feira\/","url_meta":{"origin":51993,"position":5},"title":"Pedidos de isen\u00e7\u00e3o da taxa do Enem podem ser feitos at\u00e9 sexta-feira","author":"Di\u00e1rio de Ouro Preto","date":"24 de Abril de 2024","format":false,"excerpt":"Solicita\u00e7\u00f5es devem ser feitas pela P\u00e1gina do Participante Termina na pr\u00f3xima sexta-feira (26) o prazo para pedir a isen\u00e7\u00e3o de pagamento da taxa de inscri\u00e7\u00e3o para a realiza\u00e7\u00e3o do Exame Nacional do Ensino M\u00e9dio (Enem). Os pedidos devem ser feitos pela\u00a0P\u00e1gina do Participante, com o\u00a0login\u00a0\u00fanico do Gov.br. T\u00eam direito a\u2026","rel":"","context":"In &quot;Brasil&quot;","block_context":{"text":"Brasil","link":"https:\/\/www.diariodeouropreto.com.br\/pt\/Editoria\/brasil\/"},"img":{"alt_text":"","src":"https:\/\/i0.wp.com\/www.diariodeouropreto.com.br\/wp-content\/uploads\/2023\/06\/enem-2022_mcamgo_abr_131120221818-8-1.jpg?resize=350%2C200&ssl=1","width":350,"height":200,"srcset":"https:\/\/i0.wp.com\/www.diariodeouropreto.com.br\/wp-content\/uploads\/2023\/06\/enem-2022_mcamgo_abr_131120221818-8-1.jpg?resize=350%2C200&ssl=1 1x, https:\/\/i0.wp.com\/www.diariodeouropreto.com.br\/wp-content\/uploads\/2023\/06\/enem-2022_mcamgo_abr_131120221818-8-1.jpg?resize=525%2C300&ssl=1 1.5x, https:\/\/i0.wp.com\/www.diariodeouropreto.com.br\/wp-content\/uploads\/2023\/06\/enem-2022_mcamgo_abr_131120221818-8-1.jpg?resize=700%2C400&ssl=1 2x, https:\/\/i0.wp.com\/www.diariodeouropreto.com.br\/wp-content\/uploads\/2023\/06\/enem-2022_mcamgo_abr_131120221818-8-1.jpg?resize=1050%2C600&ssl=1 3x"},"classes":[]}],"jetpack_sharing_enabled":true,"amp_enabled":true,"_links":{"self":[{"href":"https:\/\/www.diariodeouropreto.com.br\/pt\/wp-json\/wp\/v2\/posts\/51993","targetHints":{"allow":["GET"]}}],"collection":[{"href":"https:\/\/www.diariodeouropreto.com.br\/pt\/wp-json\/wp\/v2\/posts"}],"about":[{"href":"https:\/\/www.diariodeouropreto.com.br\/pt\/wp-json\/wp\/v2\/types\/post"}],"author":[{"embeddable":true,"href":"https:\/\/www.diariodeouropreto.com.br\/pt\/wp-json\/wp\/v2\/users\/1"}],"replies":[{"embeddable":true,"href":"https:\/\/www.diariodeouropreto.com.br\/pt\/wp-json\/wp\/v2\/comments?post=51993"}],"version-history":[{"count":1,"href":"https:\/\/www.diariodeouropreto.com.br\/pt\/wp-json\/wp\/v2\/posts\/51993\/revisions"}],"predecessor-version":[{"id":51996,"href":"https:\/\/www.diariodeouropreto.com.br\/pt\/wp-json\/wp\/v2\/posts\/51993\/revisions\/51996"}],"wp:featuredmedia":[{"embeddable":true,"href":"https:\/\/www.diariodeouropreto.com.br\/pt\/wp-json\/wp\/v2\/media\/51994"}],"wp:attachment":[{"href":"https:\/\/www.diariodeouropreto.com.br\/pt\/wp-json\/wp\/v2\/media?parent=51993"}],"wp:term":[{"taxonomy":"category","embeddable":true,"href":"https:\/\/www.diariodeouropreto.com.br\/pt\/wp-json\/wp\/v2\/categories?post=51993"},{"taxonomy":"post_tag","embeddable":true,"href":"https:\/\/www.diariodeouropreto.com.br\/pt\/wp-json\/wp\/v2\/tags?post=51993"}],"curies":[{"name":"wp","href":"https:\/\/api.w.org\/{rel}","templated":true}]}}