{"id":51988,"date":"2026-04-28T17:00:00","date_gmt":"2026-04-28T20:00:00","guid":{"rendered":"https:\/\/www.diariodeouropreto.com.br\/?p=51988"},"modified":"2026-04-28T16:40:13","modified_gmt":"2026-04-28T19:40:13","slug":"coluna-musical-do-aquiles-criancas-eu-vi","status":"publish","type":"post","link":"https:\/\/www.diariodeouropreto.com.br\/pt\/coluna-musical-do-aquiles-criancas-eu-vi\/","title":{"rendered":"[Coluna Musical do Aquiles] Crian\u00e7as, eu vi!"},"content":{"rendered":"<p>No momento em que tudo parecia perdido, busquei socorro em pensamentos bons, em epis\u00f3dios alegres. Del\u00edrio ou realidade, pouco importava. Pela necessidade de espantar o baixo astral, s\u00f3 pensei coisas bonitas.<\/p>\n\n\n\n<p>Bem, o que pode ser mais comovedor do que o olhar de um filho para o pai? A ternura traduzida na necessidade de guardar a imagem daquele que o ajudar\u00e1 a crescer, e o proteger\u00e1 dali pra frente, \u00e9 t\u00e3o bela quanto a confian\u00e7a que o menino tem na fortaleza daquele homem impregnado de amor: imagem imortalizada no tempo infantil.<\/p>\n\n\n\n<p>E quanto ao pai levando o filho para uma volta na cal\u00e7ada, o menino sentado no carrinho, olhando em frente, olhando para at\u00e9 onde os olhos alcan\u00e7am? Quanto carinho teria ali? Talvez, pensando l\u00e1 com seus bot\u00f5es, o menino sonhasse que futuro estava chegando. E, sem ter por qu\u00ea, nem pra qu\u00ea, ele olha para tr\u00e1s, buscando visualizar o pai, certificar-se de que ele o conduz para a vida que imagina estar logo ali na esquina. Assim, ao longo do passeio eternizado, volta e meia faz contato com os olhos do pai que cantarola baixinho alguma m\u00fasica bem linda. Eis que a vida presente os aprontar\u00e1 para o amanh\u00e3 que os ter\u00e1 eternamente juntos.<\/p>\n\n\n\n<p>Decerto tal devaneio decorre do fato de eu ter aqui comigo o \u00e1lbum independente de Celso Vi\u00e1fora e Pedro Vi\u00e1fora, <em>Me Deixa Ser o Seu Parceiro<\/em>, registro de um show hom\u00f4nimo, gravado ao vivo no Centro Cultural S\u00e3o Paulo. No palco, pai e filho sideram a plateia \u2013 Nilza e eu est\u00e1vamos l\u00e1.<\/p>\n\n\n\n<p>Cada sorriso, ap\u00f3s momentos alegres do show, \u00e9 uma declara\u00e7\u00e3o de amor. Cada composi\u00e7\u00e3o criada em parceria aproximou a trajet\u00f3ria de Pedro do seu pai. Tudo acrescido pelos quinze anos de carreira solo e no coletivo 5 a Seco. O \u00e1lbum tem parcerias feitas pelos dois e de cada um individualmente, assim como algumas com diversos parceiros.<\/p>\n\n\n\n<p>Celso \u00e9 um grande arranjador, o que se comprova em seus 45 anos de carreira e nos doze \u00e1lbuns j\u00e1 lan\u00e7ados. Em <em>Me Deixa Ser o Seu Parceiro<\/em>,<em> <\/em>ele volta a compor e a criar a maioria dos arranjos. Alguns s\u00e3o de Neymar Dias, para um quinteto de cordas formado por Daniel \u201cCuca\u201d Moreira, primeiro violino, Wassi Carneiro, segundo violino, \u00c9merson De Biaggi, viola, Vana Bock, violoncelo, al\u00e9m de Igor Pimenta no baixo ac\u00fastico e Gabriel Alterio na percuss\u00e3o.<\/p>\n\n\n\n<p>Registro: conhe\u00e7o Celso h\u00e1 mais de trinta anos, assim como conhe\u00e7o Pedro desde pequeno. Sempre senti entre eles um la\u00e7o de profundo amor fraternal. Pois bem, hoje, Celso \u00e9 um compositor e escritor consagrado, e Pedro, um m\u00fasico louvado pela contemporaneidade que s\u00f3 um jovem talentoso pode ter.<\/p>\n\n\n\n<p>Sendo assim, a qualidade das atua\u00e7\u00f5es ao vivo de Celso e Pedro, e de todo o grupo, d\u00e1 ao trabalho um sonoro e delicioso respiro de virtude est\u00e9tico cultural. Um trabalho com tal sinceridade musical e po\u00e9tica que o qualifica para ser apontado como um dos melhores \u00e1lbuns ao vivo de 2026.<\/p>\n\n\n\n<p><strong><\/strong><strong> <\/strong><strong><\/strong><strong> <\/strong><strong>&nbsp; &nbsp; &nbsp; &nbsp; &nbsp; Aquiles Rique Reis<\/strong><\/p>\n\n\n\n<p><em><\/em><em> <\/em><em><\/em><em> <\/em><em><\/em><em> <\/em><em><\/em><em> <\/em><em><\/em><em> <\/em><em><\/em><em> &nbsp; &nbsp; &nbsp; &nbsp; &nbsp; Nossos protetores nunca desistem de n\u00f3s.<\/em><\/p>\n\n\n\n<div id=\"110712\" class=\"advads-saneouro advads-entity-placement\" style=\"margin-left: auto;margin-right: auto;text-align: center;\"><a href=\"https:\/\/www.saneouro.com.br\/\" target=\"_blank\" aria-label=\"DOP_Site\" data-wpel-link=\"external\" rel=\"follow external noopener noreferrer sponsored ugc\"><img src=\"https:\/\/www.diariodeouropreto.com.br\/wp-content\/uploads\/2026\/04\/DOP_Site.jpg\" alt=\"\"  srcset=\"https:\/\/www.diariodeouropreto.com.br\/wp-content\/uploads\/2026\/04\/DOP_Site.jpg 301w, https:\/\/www.diariodeouropreto.com.br\/wp-content\/uploads\/2026\/04\/DOP_Site-180x150.jpg 180w, https:\/\/www.diariodeouropreto.com.br\/wp-content\/uploads\/2026\/04\/DOP_Site-14x12.jpg 14w\" sizes=\"(max-width: 301px) 100vw, 301px\" width=\"301\" height=\"251\"  style=\"display: inline-block;\" \/><\/a><\/div><p><strong>\u00a0 \u00a0 \u00a0 \u00a0 \u00a0 Ou\u00e7a o \u00e1lbum:<\/strong><\/p>\n\n\n\n<p><\/p>\n\n\n\n<p><\/p>\n\n\n\n<figure class=\"wp-block-embed is-type-video is-provider-youtube wp-block-embed-youtube wp-embed-aspect-16-9 wp-has-aspect-ratio\"><div class=\"wp-block-embed__wrapper\">\n<span class=\"embed-youtube\" style=\"text-align:center; display: block;\"><iframe class=\"youtube-player\" width=\"1380\" height=\"777\" src=\"https:\/\/www.youtube.com\/embed\/nWC-YWLC5FU?version=3&#038;rel=1&#038;showsearch=0&#038;showinfo=1&#038;iv_load_policy=1&#038;fs=1&#038;hl=pt-PT&#038;autohide=2&#038;wmode=transparent\" allowfullscreen=\"true\" style=\"border:0;\" sandbox=\"allow-scripts allow-same-origin allow-popups allow-presentation allow-popups-to-escape-sandbox\"><\/iframe><\/span>\n<\/div><\/figure>\n\n\n\n<div id=\"50321\" class=\"advads-plantao advads-entity-placement\"><a href=\"https:\/\/www.diariodeouropreto.com.br\/pt\/\" target=\"_blank\" aria-label=\"site &#8211; noticia\" data-wpel-link=\"external\" rel=\"follow external noopener noreferrer sponsored ugc\"><img src=\"https:\/\/www.diariodeouropreto.com.br\/wp-content\/uploads\/2019\/09\/titulosite2-e1616373489755.jpg\" alt=\"\"  srcset=\"https:\/\/www.diariodeouropreto.com.br\/wp-content\/uploads\/2019\/09\/titulosite2-e1616373489755.jpg 1200w, https:\/\/www.diariodeouropreto.com.br\/wp-content\/uploads\/2019\/09\/titulosite2-e1616373489755-150x38.jpg 150w, https:\/\/www.diariodeouropreto.com.br\/wp-content\/uploads\/2019\/09\/titulosite2-e1616373489755-660x167.jpg 660w, https:\/\/www.diariodeouropreto.com.br\/wp-content\/uploads\/2019\/09\/titulosite2-e1616373489755-768x194.jpg 768w, https:\/\/www.diariodeouropreto.com.br\/wp-content\/uploads\/2019\/09\/titulosite2-e1616373489755-1000x252.jpg 1000w, https:\/\/www.diariodeouropreto.com.br\/wp-content\/uploads\/2019\/09\/titulosite2-e1616373489755-1536x388.jpg 1536w, https:\/\/www.diariodeouropreto.com.br\/wp-content\/uploads\/2019\/09\/titulosite2-e1616373489755-2048x517.jpg 2048w\" sizes=\"(max-width: 1200px) 100vw, 1200px\" width=\"1200\" height=\"303\"  style=\"display: inline-block;\" \/><\/a><\/div><p> <a href=\"https:\/\/youtu.be\/nWC-YWLC5FU?si=wkZbDtpgIfba_e0p\" data-wpel-link=\"external\" target=\"_blank\" rel=\"follow external noopener noreferrer sponsored ugc\">https:\/\/youtu.be\/nWC-YWLC5FU?si=wkZbDtpgIfba_e0p<\/a><\/p>","protected":false},"excerpt":{"rendered":"<p>No momento em que tudo parecia perdido, busquei socorro em pensamentos bons, em epis\u00f3dios alegres. Del\u00edrio ou realidade, pouco importava. Pela necessidade de espantar o baixo astral, s\u00f3 pensei coisas bonitas. Bem, o que pode ser mais comovedor do que o olhar de um filho para o pai? A ternura<span class=\"more-link\"><a href=\"https:\/\/www.diariodeouropreto.com.br\/pt\/coluna-musical-do-aquiles-criancas-eu-vi\/\" data-wpel-link=\"internal\">Continue Lendo<\/a><\/span><\/p>","protected":false},"author":1,"featured_media":51991,"comment_status":"closed","ping_status":"closed","sticky":false,"template":"","format":"standard","meta":{"_jetpack_memberships_contains_paid_content":false,"footnotes":"","jetpack_publicize_message":"No momento em que tudo parecia perdido, busquei socorro em pensamentos bons, em epis\u00f3dios alegres. Del\u00edrio ou realidade, pouco importava. Pela necessidade de espantar o baixo astral, s\u00f3 pensei coisas bonitas.","jetpack_publicize_feature_enabled":true,"jetpack_social_post_already_shared":true,"jetpack_social_options":{"image_generator_settings":{"template":"highway","default_image_id":0,"font":"","enabled":false},"version":2}},"categories":[76],"tags":[],"class_list":["entry","author-diario","post-51988","post","type-post","status-publish","format-standard","has-post-thumbnail","category-coluna"],"yoast_head":"<!-- This site is optimized with the Yoast SEO plugin v27.5 - https:\/\/yoast.com\/product\/yoast-seo-wordpress\/ -->\n<title>[Coluna Musical do Aquiles] Crian\u00e7as, eu vi! - Di\u00e1rio de Ouro Preto<\/title>\n<meta name=\"description\" content=\"No momento em que tudo parecia perdido, busquei socorro em pensamentos bons, em epis\u00f3dios alegres. Del\u00edrio ou realidade, pouco importava. Pela necessidade de espantar o baixo astral, s\u00f3 pensei coisas bonitas.- [Coluna Musical do Aquiles] Crian\u00e7as, eu vi! - Coluna\" \/>\n<meta name=\"robots\" content=\"index, follow, max-snippet:-1, max-image-preview:large, max-video-preview:-1\" \/>\n<link rel=\"canonical\" href=\"https:\/\/www.diariodeouropreto.com.br\/pt\/coluna-musical-do-aquiles-criancas-eu-vi\/\" \/>\n<meta property=\"og:locale\" content=\"pt_PT\" \/>\n<meta property=\"og:type\" content=\"article\" \/>\n<meta property=\"og:title\" content=\"[Coluna Musical do Aquiles] Crian\u00e7as, eu vi! - Di\u00e1rio de Ouro Preto\" \/>\n<meta property=\"og:description\" content=\"No momento em que tudo parecia perdido, busquei socorro em pensamentos bons, em epis\u00f3dios alegres. Del\u00edrio ou realidade, pouco importava. Pela necessidade de espantar o baixo astral, s\u00f3 pensei coisas bonitas.- [Coluna Musical do Aquiles] Crian\u00e7as, eu vi! - Coluna\" \/>\n<meta property=\"og:url\" content=\"https:\/\/www.diariodeouropreto.com.br\/pt\/coluna-musical-do-aquiles-criancas-eu-vi\/\" \/>\n<meta property=\"og:site_name\" content=\"Di\u00e1rio de Ouro Preto\" \/>\n<meta property=\"article:publisher\" content=\"https:\/\/www.facebook.com\/diariodeouropreto\/\" \/>\n<meta property=\"article:published_time\" content=\"2026-04-28T20:00:00+00:00\" \/>\n<meta property=\"og:image\" content=\"https:\/\/www.diariodeouropreto.com.br\/wp-content\/uploads\/2026\/04\/Capa-CD-Celso-Viafora-e-Pedro-Viafora-Me-Deixa-Ser-Seu-Parceiro-.jpg\" \/>\n\t<meta property=\"og:image:width\" content=\"1130\" \/>\n\t<meta property=\"og:image:height\" content=\"800\" \/>\n\t<meta property=\"og:image:type\" content=\"image\/jpeg\" \/>\n<meta name=\"author\" content=\"Di\u00e1rio de Ouro Preto\" \/>\n<meta name=\"twitter:card\" content=\"summary_large_image\" \/>\n<meta name=\"twitter:label1\" content=\"Escrito por\" \/>\n\t<meta name=\"twitter:data1\" content=\"Di\u00e1rio de Ouro Preto\" \/>\n\t<meta name=\"twitter:label2\" content=\"Tempo estimado de leitura\" \/>\n\t<meta name=\"twitter:data2\" content=\"4 minutos\" \/>\n<script type=\"application\/ld+json\" class=\"yoast-schema-graph\">{\"@context\":\"https:\\\/\\\/schema.org\",\"@graph\":[{\"@type\":\"Article\",\"@id\":\"https:\\\/\\\/www.diariodeouropreto.com.br\\\/coluna-musical-do-aquiles-criancas-eu-vi\\\/#article\",\"isPartOf\":{\"@id\":\"https:\\\/\\\/www.diariodeouropreto.com.br\\\/coluna-musical-do-aquiles-criancas-eu-vi\\\/\"},\"author\":{\"name\":\"Di\u00e1rio de Ouro Preto\",\"@id\":\"https:\\\/\\\/www.diariodeouropreto.com.br\\\/pt\\\/#\\\/schema\\\/person\\\/7654e7b471204a6dab6dc0ce6e140c99\"},\"headline\":\"[Coluna Musical do Aquiles] Crian\u00e7as, eu vi!\",\"datePublished\":\"2026-04-28T20:00:00+00:00\",\"mainEntityOfPage\":{\"@id\":\"https:\\\/\\\/www.diariodeouropreto.com.br\\\/coluna-musical-do-aquiles-criancas-eu-vi\\\/\"},\"wordCount\":566,\"publisher\":{\"@id\":\"https:\\\/\\\/www.diariodeouropreto.com.br\\\/pt\\\/#organization\"},\"image\":{\"@id\":\"https:\\\/\\\/www.diariodeouropreto.com.br\\\/coluna-musical-do-aquiles-criancas-eu-vi\\\/#primaryimage\"},\"thumbnailUrl\":\"https:\\\/\\\/www.diariodeouropreto.com.br\\\/wp-content\\\/uploads\\\/2026\\\/04\\\/Capa-CD-Celso-Viafora-e-Pedro-Viafora-Me-Deixa-Ser-Seu-Parceiro-.jpg\",\"articleSection\":[\"Coluna\"],\"inLanguage\":\"pt-PT\"},{\"@type\":\"WebPage\",\"@id\":\"https:\\\/\\\/www.diariodeouropreto.com.br\\\/coluna-musical-do-aquiles-criancas-eu-vi\\\/\",\"url\":\"https:\\\/\\\/www.diariodeouropreto.com.br\\\/coluna-musical-do-aquiles-criancas-eu-vi\\\/\",\"name\":\"[Coluna Musical do Aquiles] Crian\u00e7as, eu vi! - Di\u00e1rio de Ouro Preto\",\"isPartOf\":{\"@id\":\"https:\\\/\\\/www.diariodeouropreto.com.br\\\/pt\\\/#website\"},\"primaryImageOfPage\":{\"@id\":\"https:\\\/\\\/www.diariodeouropreto.com.br\\\/coluna-musical-do-aquiles-criancas-eu-vi\\\/#primaryimage\"},\"image\":{\"@id\":\"https:\\\/\\\/www.diariodeouropreto.com.br\\\/coluna-musical-do-aquiles-criancas-eu-vi\\\/#primaryimage\"},\"thumbnailUrl\":\"https:\\\/\\\/www.diariodeouropreto.com.br\\\/wp-content\\\/uploads\\\/2026\\\/04\\\/Capa-CD-Celso-Viafora-e-Pedro-Viafora-Me-Deixa-Ser-Seu-Parceiro-.jpg\",\"datePublished\":\"2026-04-28T20:00:00+00:00\",\"description\":\"No momento em que tudo parecia perdido, busquei socorro em pensamentos bons, em epis\u00f3dios alegres. Del\u00edrio ou realidade, pouco importava. Pela necessidade de espantar o baixo astral, s\u00f3 pensei coisas bonitas.- [Coluna Musical do Aquiles] Crian\u00e7as, eu vi! - Coluna\",\"breadcrumb\":{\"@id\":\"https:\\\/\\\/www.diariodeouropreto.com.br\\\/coluna-musical-do-aquiles-criancas-eu-vi\\\/#breadcrumb\"},\"inLanguage\":\"pt-PT\",\"potentialAction\":[{\"@type\":\"ReadAction\",\"target\":[\"https:\\\/\\\/www.diariodeouropreto.com.br\\\/coluna-musical-do-aquiles-criancas-eu-vi\\\/\"]}]},{\"@type\":\"ImageObject\",\"inLanguage\":\"pt-PT\",\"@id\":\"https:\\\/\\\/www.diariodeouropreto.com.br\\\/coluna-musical-do-aquiles-criancas-eu-vi\\\/#primaryimage\",\"url\":\"https:\\\/\\\/www.diariodeouropreto.com.br\\\/wp-content\\\/uploads\\\/2026\\\/04\\\/Capa-CD-Celso-Viafora-e-Pedro-Viafora-Me-Deixa-Ser-Seu-Parceiro-.jpg\",\"contentUrl\":\"https:\\\/\\\/www.diariodeouropreto.com.br\\\/wp-content\\\/uploads\\\/2026\\\/04\\\/Capa-CD-Celso-Viafora-e-Pedro-Viafora-Me-Deixa-Ser-Seu-Parceiro-.jpg\",\"width\":1130,\"height\":800},{\"@type\":\"BreadcrumbList\",\"@id\":\"https:\\\/\\\/www.diariodeouropreto.com.br\\\/coluna-musical-do-aquiles-criancas-eu-vi\\\/#breadcrumb\",\"itemListElement\":[{\"@type\":\"ListItem\",\"position\":1,\"name\":\"In\u00edcio\",\"item\":\"https:\\\/\\\/www.diariodeouropreto.com.br\\\/pt\\\/\"},{\"@type\":\"ListItem\",\"position\":2,\"name\":\"[Coluna Musical do Aquiles] Crian\u00e7as, eu vi!\"}]},{\"@type\":\"WebSite\",\"@id\":\"https:\\\/\\\/www.diariodeouropreto.com.br\\\/pt\\\/#website\",\"url\":\"https:\\\/\\\/www.diariodeouropreto.com.br\\\/pt\\\/\",\"name\":\"Di\u00e1rio de Ouro Preto\",\"description\":\"Not\u00edcias Ouro Preto; Mariana;Minas Gerais;Jornal;Jornalismo;Not\u00edcias;\",\"publisher\":{\"@id\":\"https:\\\/\\\/www.diariodeouropreto.com.br\\\/pt\\\/#organization\"},\"alternateName\":\"Jornal di\u00e1rio de Ouro Preto\",\"potentialAction\":[{\"@type\":\"SearchAction\",\"target\":{\"@type\":\"EntryPoint\",\"urlTemplate\":\"https:\\\/\\\/www.diariodeouropreto.com.br\\\/pt\\\/?s={search_term_string}\"},\"query-input\":{\"@type\":\"PropertyValueSpecification\",\"valueRequired\":true,\"valueName\":\"search_term_string\"}}],\"inLanguage\":\"pt-PT\"},{\"@type\":\"Organization\",\"@id\":\"https:\\\/\\\/www.diariodeouropreto.com.br\\\/pt\\\/#organization\",\"name\":\"Di\u00e1rio de Ouro Preto\",\"alternateName\":\"Jornal di\u00e1rio Ouro Preto\",\"url\":\"https:\\\/\\\/www.diariodeouropreto.com.br\\\/pt\\\/\",\"logo\":{\"@type\":\"ImageObject\",\"inLanguage\":\"pt-PT\",\"@id\":\"https:\\\/\\\/www.diariodeouropreto.com.br\\\/pt\\\/#\\\/schema\\\/logo\\\/image\\\/\",\"url\":\"https:\\\/\\\/www.diariodeouropreto.com.br\\\/wp-content\\\/uploads\\\/2019\\\/06\\\/cropped-logotransp-2.png\",\"contentUrl\":\"https:\\\/\\\/www.diariodeouropreto.com.br\\\/wp-content\\\/uploads\\\/2019\\\/06\\\/cropped-logotransp-2.png\",\"width\":1323,\"height\":251,\"caption\":\"Di\u00e1rio de Ouro Preto\"},\"image\":{\"@id\":\"https:\\\/\\\/www.diariodeouropreto.com.br\\\/pt\\\/#\\\/schema\\\/logo\\\/image\\\/\"},\"sameAs\":[\"https:\\\/\\\/www.facebook.com\\\/diariodeouropreto\\\/\"]},{\"@type\":\"Person\",\"@id\":\"https:\\\/\\\/www.diariodeouropreto.com.br\\\/pt\\\/#\\\/schema\\\/person\\\/7654e7b471204a6dab6dc0ce6e140c99\",\"name\":\"Di\u00e1rio de Ouro Preto\",\"sameAs\":[\"http:\\\/\\\/www.diariodeouropreto.com.br\"],\"url\":\"https:\\\/\\\/www.diariodeouropreto.com.br\\\/pt\\\/author\\\/diario\\\/\"}]}<\/script>\n<!-- \/ Yoast SEO plugin. -->","yoast_head_json":{"title":"[Coluna Musical do Aquiles] Crian\u00e7as, eu vi! - Di\u00e1rio de Ouro Preto","description":"No momento em que tudo parecia perdido, busquei socorro em pensamentos bons, em epis\u00f3dios alegres. Del\u00edrio ou realidade, pouco importava. Pela necessidade de espantar o baixo astral, s\u00f3 pensei coisas bonitas.- [Coluna Musical do Aquiles] Crian\u00e7as, eu vi! - Coluna","robots":{"index":"index","follow":"follow","max-snippet":"max-snippet:-1","max-image-preview":"max-image-preview:large","max-video-preview":"max-video-preview:-1"},"canonical":"https:\/\/www.diariodeouropreto.com.br\/pt\/coluna-musical-do-aquiles-criancas-eu-vi\/","og_locale":"pt_PT","og_type":"article","og_title":"[Coluna Musical do Aquiles] Crian\u00e7as, eu vi! - Di\u00e1rio de Ouro Preto","og_description":"No momento em que tudo parecia perdido, busquei socorro em pensamentos bons, em epis\u00f3dios alegres. Del\u00edrio ou realidade, pouco importava. Pela necessidade de espantar o baixo astral, s\u00f3 pensei coisas bonitas.- [Coluna Musical do Aquiles] Crian\u00e7as, eu vi! - Coluna","og_url":"https:\/\/www.diariodeouropreto.com.br\/pt\/coluna-musical-do-aquiles-criancas-eu-vi\/","og_site_name":"Di\u00e1rio de Ouro Preto","article_publisher":"https:\/\/www.facebook.com\/diariodeouropreto\/","article_published_time":"2026-04-28T20:00:00+00:00","og_image":[{"width":1130,"height":800,"url":"https:\/\/www.diariodeouropreto.com.br\/wp-content\/uploads\/2026\/04\/Capa-CD-Celso-Viafora-e-Pedro-Viafora-Me-Deixa-Ser-Seu-Parceiro-.jpg","type":"image\/jpeg"}],"author":"Di\u00e1rio de Ouro Preto","twitter_card":"summary_large_image","twitter_misc":{"Escrito por":"Di\u00e1rio de Ouro Preto","Tempo estimado de leitura":"4 minutos"},"schema":{"@context":"https:\/\/schema.org","@graph":[{"@type":"Article","@id":"https:\/\/www.diariodeouropreto.com.br\/coluna-musical-do-aquiles-criancas-eu-vi\/#article","isPartOf":{"@id":"https:\/\/www.diariodeouropreto.com.br\/coluna-musical-do-aquiles-criancas-eu-vi\/"},"author":{"name":"Di\u00e1rio de Ouro Preto","@id":"https:\/\/www.diariodeouropreto.com.br\/pt\/#\/schema\/person\/7654e7b471204a6dab6dc0ce6e140c99"},"headline":"[Coluna Musical do Aquiles] Crian\u00e7as, eu vi!","datePublished":"2026-04-28T20:00:00+00:00","mainEntityOfPage":{"@id":"https:\/\/www.diariodeouropreto.com.br\/coluna-musical-do-aquiles-criancas-eu-vi\/"},"wordCount":566,"publisher":{"@id":"https:\/\/www.diariodeouropreto.com.br\/pt\/#organization"},"image":{"@id":"https:\/\/www.diariodeouropreto.com.br\/coluna-musical-do-aquiles-criancas-eu-vi\/#primaryimage"},"thumbnailUrl":"https:\/\/www.diariodeouropreto.com.br\/wp-content\/uploads\/2026\/04\/Capa-CD-Celso-Viafora-e-Pedro-Viafora-Me-Deixa-Ser-Seu-Parceiro-.jpg","articleSection":["Coluna"],"inLanguage":"pt-PT"},{"@type":"WebPage","@id":"https:\/\/www.diariodeouropreto.com.br\/coluna-musical-do-aquiles-criancas-eu-vi\/","url":"https:\/\/www.diariodeouropreto.com.br\/coluna-musical-do-aquiles-criancas-eu-vi\/","name":"[Coluna Musical do Aquiles] Crian\u00e7as, eu vi! - Di\u00e1rio de Ouro Preto","isPartOf":{"@id":"https:\/\/www.diariodeouropreto.com.br\/pt\/#website"},"primaryImageOfPage":{"@id":"https:\/\/www.diariodeouropreto.com.br\/coluna-musical-do-aquiles-criancas-eu-vi\/#primaryimage"},"image":{"@id":"https:\/\/www.diariodeouropreto.com.br\/coluna-musical-do-aquiles-criancas-eu-vi\/#primaryimage"},"thumbnailUrl":"https:\/\/www.diariodeouropreto.com.br\/wp-content\/uploads\/2026\/04\/Capa-CD-Celso-Viafora-e-Pedro-Viafora-Me-Deixa-Ser-Seu-Parceiro-.jpg","datePublished":"2026-04-28T20:00:00+00:00","description":"No momento em que tudo parecia perdido, busquei socorro em pensamentos bons, em epis\u00f3dios alegres. Del\u00edrio ou realidade, pouco importava. Pela necessidade de espantar o baixo astral, s\u00f3 pensei coisas bonitas.- [Coluna Musical do Aquiles] Crian\u00e7as, eu vi! - Coluna","breadcrumb":{"@id":"https:\/\/www.diariodeouropreto.com.br\/coluna-musical-do-aquiles-criancas-eu-vi\/#breadcrumb"},"inLanguage":"pt-PT","potentialAction":[{"@type":"ReadAction","target":["https:\/\/www.diariodeouropreto.com.br\/coluna-musical-do-aquiles-criancas-eu-vi\/"]}]},{"@type":"ImageObject","inLanguage":"pt-PT","@id":"https:\/\/www.diariodeouropreto.com.br\/coluna-musical-do-aquiles-criancas-eu-vi\/#primaryimage","url":"https:\/\/www.diariodeouropreto.com.br\/wp-content\/uploads\/2026\/04\/Capa-CD-Celso-Viafora-e-Pedro-Viafora-Me-Deixa-Ser-Seu-Parceiro-.jpg","contentUrl":"https:\/\/www.diariodeouropreto.com.br\/wp-content\/uploads\/2026\/04\/Capa-CD-Celso-Viafora-e-Pedro-Viafora-Me-Deixa-Ser-Seu-Parceiro-.jpg","width":1130,"height":800},{"@type":"BreadcrumbList","@id":"https:\/\/www.diariodeouropreto.com.br\/coluna-musical-do-aquiles-criancas-eu-vi\/#breadcrumb","itemListElement":[{"@type":"ListItem","position":1,"name":"In\u00edcio","item":"https:\/\/www.diariodeouropreto.com.br\/pt\/"},{"@type":"ListItem","position":2,"name":"[Coluna Musical do Aquiles] Crian\u00e7as, eu vi!"}]},{"@type":"WebSite","@id":"https:\/\/www.diariodeouropreto.com.br\/pt\/#website","url":"https:\/\/www.diariodeouropreto.com.br\/pt\/","name":"Di\u00e1rio de Ouro Preto","description":"Not\u00edcias Ouro Preto; Mariana;Minas Gerais;Jornal;Jornalismo;Not\u00edcias;","publisher":{"@id":"https:\/\/www.diariodeouropreto.com.br\/pt\/#organization"},"alternateName":"Jornal di\u00e1rio de Ouro Preto","potentialAction":[{"@type":"SearchAction","target":{"@type":"EntryPoint","urlTemplate":"https:\/\/www.diariodeouropreto.com.br\/pt\/?s={search_term_string}"},"query-input":{"@type":"PropertyValueSpecification","valueRequired":true,"valueName":"search_term_string"}}],"inLanguage":"pt-PT"},{"@type":"Organization","@id":"https:\/\/www.diariodeouropreto.com.br\/pt\/#organization","name":"Di\u00e1rio de Ouro Preto","alternateName":"Jornal di\u00e1rio Ouro Preto","url":"https:\/\/www.diariodeouropreto.com.br\/pt\/","logo":{"@type":"ImageObject","inLanguage":"pt-PT","@id":"https:\/\/www.diariodeouropreto.com.br\/pt\/#\/schema\/logo\/image\/","url":"https:\/\/www.diariodeouropreto.com.br\/wp-content\/uploads\/2019\/06\/cropped-logotransp-2.png","contentUrl":"https:\/\/www.diariodeouropreto.com.br\/wp-content\/uploads\/2019\/06\/cropped-logotransp-2.png","width":1323,"height":251,"caption":"Di\u00e1rio de Ouro Preto"},"image":{"@id":"https:\/\/www.diariodeouropreto.com.br\/pt\/#\/schema\/logo\/image\/"},"sameAs":["https:\/\/www.facebook.com\/diariodeouropreto\/"]},{"@type":"Person","@id":"https:\/\/www.diariodeouropreto.com.br\/pt\/#\/schema\/person\/7654e7b471204a6dab6dc0ce6e140c99","name":"Di\u00e1rio de Ouro Preto","sameAs":["http:\/\/www.diariodeouropreto.com.br"],"url":"https:\/\/www.diariodeouropreto.com.br\/pt\/author\/diario\/"}]}},"jetpack_publicize_connections":[],"jetpack_featured_media_url":"https:\/\/www.diariodeouropreto.com.br\/wp-content\/uploads\/2026\/04\/Capa-CD-Celso-Viafora-e-Pedro-Viafora-Me-Deixa-Ser-Seu-Parceiro-.jpg","jetpack-related-posts":[{"id":31926,"url":"https:\/\/www.diariodeouropreto.com.br\/pt\/coluna-o-misterioso-caso-do-lobisonca-de-sao-bartolomeu\/","url_meta":{"origin":51988,"position":0},"title":"[Coluna] O misterioso caso do lobison\u00e7a de S\u00e3o Bartolomeu","author":"Di\u00e1rio de Ouro Preto","date":"19 de Abril de 2024","format":false,"excerpt":"Essas nossas matas est\u00e3o cheias de assombra\u00e7\u00f5es e coisas que ningu\u00e9m explica. Minha sobrinha, marido e filhos foram dar uma volta num terreno deles, em S\u00e3o Bartolomeu. L\u00e1, encontraram enormes pegadas que ningu\u00e9m sabia do que era. Para eles, parecia pegada de on\u00e7a. Ou de lobo guar\u00e1. Acharam que era\u2026","rel":"","context":"In &quot;Coluna&quot;","block_context":{"text":"Coluna","link":"https:\/\/www.diariodeouropreto.com.br\/pt\/Editoria\/coluna\/"},"img":{"alt_text":"","src":"https:\/\/i0.wp.com\/www.diariodeouropreto.com.br\/wp-content\/uploads\/2023\/09\/maquina-de-escrever-sobre-fundo-verde-1.jpg?resize=350%2C200&ssl=1","width":350,"height":200,"srcset":"https:\/\/i0.wp.com\/www.diariodeouropreto.com.br\/wp-content\/uploads\/2023\/09\/maquina-de-escrever-sobre-fundo-verde-1.jpg?resize=350%2C200&ssl=1 1x, https:\/\/i0.wp.com\/www.diariodeouropreto.com.br\/wp-content\/uploads\/2023\/09\/maquina-de-escrever-sobre-fundo-verde-1.jpg?resize=525%2C300&ssl=1 1.5x, https:\/\/i0.wp.com\/www.diariodeouropreto.com.br\/wp-content\/uploads\/2023\/09\/maquina-de-escrever-sobre-fundo-verde-1.jpg?resize=700%2C400&ssl=1 2x, https:\/\/i0.wp.com\/www.diariodeouropreto.com.br\/wp-content\/uploads\/2023\/09\/maquina-de-escrever-sobre-fundo-verde-1.jpg?resize=1050%2C600&ssl=1 3x"},"classes":[]},{"id":25708,"url":"https:\/\/www.diariodeouropreto.com.br\/pt\/coluna-musical-do-aquiles-a-dignidade-de-um-cantador\/","url_meta":{"origin":51988,"position":1},"title":"[Coluna Musical do Aquiles] A dignidade de um cantador","author":"Di\u00e1rio de Ouro Preto","date":"24 de Setembro de 2023","format":false,"excerpt":"Voc\u00eas n\u00e3o imaginam a minha satisfa\u00e7\u00e3o ao lhes trazer o \u00e1lbum Dignidade (Kuarup), o primeiro de Jo\u00e3o de Ana, cantor e compositor mineiro l\u00e1 de Pedra Azul, no Vale do Jequitinhonha, onde nasceu e vive. Jo\u00e3o conta que deve ao violeiro Chico Lobo, mineiro como ele, a chance de lan\u00e7ar\u2026","rel":"","context":"In &quot;Coluna&quot;","block_context":{"text":"Coluna","link":"https:\/\/www.diariodeouropreto.com.br\/pt\/Editoria\/coluna\/"},"img":{"alt_text":"","src":"https:\/\/i0.wp.com\/www.diariodeouropreto.com.br\/wp-content\/uploads\/2023\/09\/capajoao-e-ana.jpg?resize=350%2C200&ssl=1","width":350,"height":200,"srcset":"https:\/\/i0.wp.com\/www.diariodeouropreto.com.br\/wp-content\/uploads\/2023\/09\/capajoao-e-ana.jpg?resize=350%2C200&ssl=1 1x, https:\/\/i0.wp.com\/www.diariodeouropreto.com.br\/wp-content\/uploads\/2023\/09\/capajoao-e-ana.jpg?resize=525%2C300&ssl=1 1.5x"},"classes":[]},{"id":33725,"url":"https:\/\/www.diariodeouropreto.com.br\/pt\/coluna-musical-do-aquiles-dois-instrumentistas-tao-jovens-quanto-virtuosos\/","url_meta":{"origin":51988,"position":2},"title":"[Coluna Musical do Aquiles] Dois instrumentistas t\u00e3o jovens quanto virtuosos","author":"Di\u00e1rio de Ouro Preto","date":"28 de Maio de 2024","format":false,"excerpt":"Um prazer\u00e3o apresentar a voc\u00eas os \u201cmeninos\u201d do Duo Rafael Beck e Felipe Montanaro, que lan\u00e7aram o \u00e1lbum Fantasia Brasil (Biscoito Fino). Nascidos em S\u00e3o Paulo, o multi-instrumentista Rafael tem 22 anos e mora em Atibaia, j\u00e1 o igualmente multi-instrumentista Felipe tem 18 anos e mora em Bragan\u00e7a Paulista, cidades\u2026","rel":"","context":"In &quot;Coluna&quot;","block_context":{"text":"Coluna","link":"https:\/\/www.diariodeouropreto.com.br\/pt\/Editoria\/coluna\/"},"img":{"alt_text":"","src":"https:\/\/i0.wp.com\/www.diariodeouropreto.com.br\/wp-content\/uploads\/2024\/05\/Capa-CD-Duo-Rafael-Beck-e-Felipe-Montanaro.jpg?resize=350%2C200&ssl=1","width":350,"height":200,"srcset":"https:\/\/i0.wp.com\/www.diariodeouropreto.com.br\/wp-content\/uploads\/2024\/05\/Capa-CD-Duo-Rafael-Beck-e-Felipe-Montanaro.jpg?resize=350%2C200&ssl=1 1x, https:\/\/i0.wp.com\/www.diariodeouropreto.com.br\/wp-content\/uploads\/2024\/05\/Capa-CD-Duo-Rafael-Beck-e-Felipe-Montanaro.jpg?resize=525%2C300&ssl=1 1.5x, https:\/\/i0.wp.com\/www.diariodeouropreto.com.br\/wp-content\/uploads\/2024\/05\/Capa-CD-Duo-Rafael-Beck-e-Felipe-Montanaro.jpg?resize=700%2C400&ssl=1 2x, https:\/\/i0.wp.com\/www.diariodeouropreto.com.br\/wp-content\/uploads\/2024\/05\/Capa-CD-Duo-Rafael-Beck-e-Felipe-Montanaro.jpg?resize=1050%2C600&ssl=1 3x"},"classes":[]},{"id":19265,"url":"https:\/\/www.diariodeouropreto.com.br\/pt\/coluna-musical-do-aquiles-cartinha-para-dois-emerson-e-suas-percussoes\/","url_meta":{"origin":51988,"position":3},"title":"[Coluna Musical do Aquiles] Cartinha para dois Emerson e suas percuss\u00f5es","author":"Di\u00e1rio de Ouro Preto","date":"8 de Novembro de 2022","format":false,"excerpt":"Meus caros Emerson Coelho e Emerson Rodrigues, cheguei at\u00e9 voc\u00eas gra\u00e7as a Carina Bordalo, do N\u00facleo Ita\u00fa Cultural. Olha s\u00f3, c\u00eas s\u00e3o b\u00e3o, v\u00e9io! Simples assim, diga a\u00ed. Suas percuss\u00f5es me falaram \u00e0 alma. A criatividade de voc\u00eas me ensinou que nada nunca est\u00e1 perdido quando dois nordestinos se ajuntam\u2026","rel":"","context":"In &quot;Coluna&quot;","block_context":{"text":"Coluna","link":"https:\/\/www.diariodeouropreto.com.br\/pt\/Editoria\/coluna\/"},"img":{"alt_text":"","src":"https:\/\/i0.wp.com\/www.diariodeouropreto.com.br\/wp-content\/uploads\/2022\/11\/Capa-CD-Repercuti-O-Som-das-Baquetas.jpg?resize=350%2C200&ssl=1","width":350,"height":200,"srcset":"https:\/\/i0.wp.com\/www.diariodeouropreto.com.br\/wp-content\/uploads\/2022\/11\/Capa-CD-Repercuti-O-Som-das-Baquetas.jpg?resize=350%2C200&ssl=1 1x, https:\/\/i0.wp.com\/www.diariodeouropreto.com.br\/wp-content\/uploads\/2022\/11\/Capa-CD-Repercuti-O-Som-das-Baquetas.jpg?resize=525%2C300&ssl=1 1.5x, https:\/\/i0.wp.com\/www.diariodeouropreto.com.br\/wp-content\/uploads\/2022\/11\/Capa-CD-Repercuti-O-Som-das-Baquetas.jpg?resize=700%2C400&ssl=1 2x"},"classes":[]},{"id":18505,"url":"https:\/\/www.diariodeouropreto.com.br\/pt\/colun-a-musical-do-aquiles-silvia-goes-a-musica\/","url_meta":{"origin":51988,"position":4},"title":"[Colun a Musical do Aquiles] Silvia Goes, a m\u00fasica","author":"Di\u00e1rio de Ouro Preto","date":"20 de Setembro de 2022","format":false,"excerpt":"Quem \u00e9 Silvia Goes? Ora, ela \u00e9 m\u00fasica! Nasceu mulher, \u00e9 m\u00fasica! Gra\u00e7as ao g\u00eanero, Silvia Goes \u00e9 a m\u00fasica que toca piano. Quem ouvir Um Novo Rumo (independente, com apoio do Proac-SP), o rec\u00e9m-lan\u00e7ado \u00e1lbum de Silvia Goes, encontrar\u00e1 uma artista plena. Para al\u00e9m de seu piano duradouro, daqueles\u2026","rel":"","context":"In &quot;Coluna&quot;","block_context":{"text":"Coluna","link":"https:\/\/www.diariodeouropreto.com.br\/pt\/Editoria\/coluna\/"},"img":{"alt_text":"","src":"https:\/\/i0.wp.com\/www.diariodeouropreto.com.br\/wp-content\/uploads\/2022\/09\/Captura-de-tela-2022-09-20-134055.png?resize=350%2C200&ssl=1","width":350,"height":200,"srcset":"https:\/\/i0.wp.com\/www.diariodeouropreto.com.br\/wp-content\/uploads\/2022\/09\/Captura-de-tela-2022-09-20-134055.png?resize=350%2C200&ssl=1 1x, https:\/\/i0.wp.com\/www.diariodeouropreto.com.br\/wp-content\/uploads\/2022\/09\/Captura-de-tela-2022-09-20-134055.png?resize=525%2C300&ssl=1 1.5x, https:\/\/i0.wp.com\/www.diariodeouropreto.com.br\/wp-content\/uploads\/2022\/09\/Captura-de-tela-2022-09-20-134055.png?resize=700%2C400&ssl=1 2x"},"classes":[]},{"id":25007,"url":"https:\/\/www.diariodeouropreto.com.br\/pt\/coluna-musical-do-aquiles-um-talento-a-servico-do-brasil-atual\/","url_meta":{"origin":51988,"position":5},"title":"[Coluna Musical do Aquiles] Um talento a servi\u00e7o do Brasil atual","author":"Di\u00e1rio de Ouro Preto","date":"22 de Agosto de 2023","format":false,"excerpt":"O t\u00edtulo se refere a Leandro Braga, pianista, compositor e arranjador que se entregou \u00e0 tarefa quase m\u00edstica de compor uma m\u00fasica para piano solo a cada dia do ano de 2021 \u2013 foram inimagin\u00e1veis 365 temas trazidos \u00e0 luz, ininterruptamente, pelo m\u00fasico. Desses 365, 12 est\u00e3o presentes em Piano\u2026","rel":"","context":"In &quot;Coluna&quot;","block_context":{"text":"Coluna","link":"https:\/\/www.diariodeouropreto.com.br\/pt\/Editoria\/coluna\/"},"img":{"alt_text":"","src":"https:\/\/i0.wp.com\/www.diariodeouropreto.com.br\/wp-content\/uploads\/2023\/08\/capadigital-leandro-braga-piano.jpg?resize=350%2C200&ssl=1","width":350,"height":200,"srcset":"https:\/\/i0.wp.com\/www.diariodeouropreto.com.br\/wp-content\/uploads\/2023\/08\/capadigital-leandro-braga-piano.jpg?resize=350%2C200&ssl=1 1x, https:\/\/i0.wp.com\/www.diariodeouropreto.com.br\/wp-content\/uploads\/2023\/08\/capadigital-leandro-braga-piano.jpg?resize=525%2C300&ssl=1 1.5x"},"classes":[]}],"jetpack_sharing_enabled":true,"amp_enabled":true,"_links":{"self":[{"href":"https:\/\/www.diariodeouropreto.com.br\/pt\/wp-json\/wp\/v2\/posts\/51988","targetHints":{"allow":["GET"]}}],"collection":[{"href":"https:\/\/www.diariodeouropreto.com.br\/pt\/wp-json\/wp\/v2\/posts"}],"about":[{"href":"https:\/\/www.diariodeouropreto.com.br\/pt\/wp-json\/wp\/v2\/types\/post"}],"author":[{"embeddable":true,"href":"https:\/\/www.diariodeouropreto.com.br\/pt\/wp-json\/wp\/v2\/users\/1"}],"replies":[{"embeddable":true,"href":"https:\/\/www.diariodeouropreto.com.br\/pt\/wp-json\/wp\/v2\/comments?post=51988"}],"version-history":[{"count":1,"href":"https:\/\/www.diariodeouropreto.com.br\/pt\/wp-json\/wp\/v2\/posts\/51988\/revisions"}],"predecessor-version":[{"id":51992,"href":"https:\/\/www.diariodeouropreto.com.br\/pt\/wp-json\/wp\/v2\/posts\/51988\/revisions\/51992"}],"wp:featuredmedia":[{"embeddable":true,"href":"https:\/\/www.diariodeouropreto.com.br\/pt\/wp-json\/wp\/v2\/media\/51991"}],"wp:attachment":[{"href":"https:\/\/www.diariodeouropreto.com.br\/pt\/wp-json\/wp\/v2\/media?parent=51988"}],"wp:term":[{"taxonomy":"category","embeddable":true,"href":"https:\/\/www.diariodeouropreto.com.br\/pt\/wp-json\/wp\/v2\/categories?post=51988"},{"taxonomy":"post_tag","embeddable":true,"href":"https:\/\/www.diariodeouropreto.com.br\/pt\/wp-json\/wp\/v2\/tags?post=51988"}],"curies":[{"name":"wp","href":"https:\/\/api.w.org\/{rel}","templated":true}]}}