{"id":51985,"date":"2026-04-28T16:37:13","date_gmt":"2026-04-28T19:37:13","guid":{"rendered":"https:\/\/www.diariodeouropreto.com.br\/?p=51985"},"modified":"2026-04-28T16:37:15","modified_gmt":"2026-04-28T19:37:15","slug":"mariana-fortalece-rede-de-doadores-de-sangue-com-campanhas-mensais","status":"publish","type":"post","link":"https:\/\/www.diariodeouropreto.com.br\/pt\/mariana-fortalece-rede-de-doadores-de-sangue-com-campanhas-mensais\/","title":{"rendered":"Mariana fortalece rede de doadores de sangue com campanhas mensais"},"content":{"rendered":"<p>Em Mariana, as campanhas organizadas pela Associa\u00e7\u00e3o Doe Sangue t\u00eam ajudado \u00e0 salvar vidas e manter os estoques dos hemocentros de Belo Horizonte e Ponte Nova. A iniciativa mobiliza mensalmente volunt\u00e1rios e amplia a rede de doadores, com apoio da Prefeitura de Mariana.<\/p>\n\n\n\n<p>Criada com o objetivo de incentivar a doa\u00e7\u00e3o de sangue, a associa\u00e7\u00e3o organiza grupos de volunt\u00e1rios para realizar as doa\u00e7\u00f5es em unidades de refer\u00eancia pr\u00f3ximas. As campanhas acontecem, preferencialmente, aos s\u00e1bados, e s\u00e3o planejadas com anteced\u00eancia.<\/p>\n\n\n\n<p>O processo come\u00e7a com o agendamento. Ap\u00f3s manifestar interesse, o volunt\u00e1rio recebe todas as orienta\u00e7\u00f5es sobre os requisitos necess\u00e1rios, preparo para a doa\u00e7\u00e3o e os cuidados que dever\u00e3o ser tomados ap\u00f3s a doa\u00e7\u00e3o. Depois da confirma\u00e7\u00e3o, o doador \u00e9 inclu\u00eddo em um grupo informativo, onde s\u00e3o repassados detalhes como data, hor\u00e1rio de sa\u00edda e pontos de embarque.<\/p>\n\n\n\n<p>No dia da campanha, o transporte passa por locais pr\u00f3ximos aos inscritos a partir das 5h da manh\u00e3, com destino a Belo Horizonte ou Ponte Nova. Durante o trajeto, s\u00e3o oferecidos \u00e1gua e lanche.<\/p>\n\n\n\n<p>Ao chegar ao hemocentro, o doador realiza o cadastro, faz uma alimenta\u00e7\u00e3o leve e passa por triagem com profissionais de sa\u00fade. Nesta etapa, \u00e9 necess\u00e1rio responder a um question\u00e1rio com informa\u00e7\u00f5es importantes para garantir a seguran\u00e7a de quem doa e de quem ir\u00e1 receber o sangue. Ap\u00f3s a avalia\u00e7\u00e3o, a doa\u00e7\u00e3o \u00e9 realizada em cerca de 10 a 15 minutos.<\/p>\n\n\n\n<p>Ap\u00f3s o procedimento, o doador permanece em observa\u00e7\u00e3o por um per\u00edodo, recebe novo lanche e orienta\u00e7\u00f5es antes de ser liberado. Homens podem doar at\u00e9 quatro vezes por ano, enquanto mulheres podem doar at\u00e9 tr\u00eas vezes, respeitando os intervalos recomendados.<\/p>\n\n\n\n<p>Todos os tipos sangu\u00edneos s\u00e3o importantes, mas h\u00e1 uma demanda maior pelos tipos O negativo e O positivo, considerados essenciais para atendimentos de urg\u00eancia.<\/p>\n\n\n\n<p><strong>Quem pode doar<\/strong><\/p>\n\n\n\n<p>Para doar sangue, \u00e9 necess\u00e1rio estar em boas condi\u00e7\u00f5es de sa\u00fade, ter entre 16 e 69 anos (menores com autoriza\u00e7\u00e3o dos respons\u00e1veis), pesar no m\u00ednimo 52 kg, apresentar documento oficial com foto e estar bem alimentado e hidratado no dia.<\/p>\n\n\n\n<p>Algumas situa\u00e7\u00f5es exigem intervalo antes da doa\u00e7\u00e3o, como realiza\u00e7\u00e3o de tatuagem ou endoscopia, que requerem aguardar seis meses. Em casos de uso de medicamentos espec\u00edficos ou antibi\u00f3ticos, o prazo pode variar. J\u00e1 condi\u00e7\u00f5es como Hepatites, Doen\u00e7a de Chagas ou uso de drogas injet\u00e1veis impedem a doa\u00e7\u00e3o.<\/p>\n\n\n\n<p><strong>Como participar<\/strong><\/p>\n\n\n\n<div id=\"110712\" class=\"advads-saneouro advads-entity-placement\" style=\"margin-left: auto;margin-right: auto;text-align: center;\"><a href=\"https:\/\/www.saneouro.com.br\/\" target=\"_blank\" aria-label=\"DOP_Site\" data-wpel-link=\"external\" rel=\"follow external noopener noreferrer sponsored ugc\"><img src=\"https:\/\/www.diariodeouropreto.com.br\/wp-content\/uploads\/2026\/04\/DOP_Site.jpg\" alt=\"\"  srcset=\"https:\/\/www.diariodeouropreto.com.br\/wp-content\/uploads\/2026\/04\/DOP_Site.jpg 301w, https:\/\/www.diariodeouropreto.com.br\/wp-content\/uploads\/2026\/04\/DOP_Site-180x150.jpg 180w, https:\/\/www.diariodeouropreto.com.br\/wp-content\/uploads\/2026\/04\/DOP_Site-14x12.jpg 14w\" sizes=\"(max-width: 301px) 100vw, 301px\" width=\"301\" height=\"251\"  style=\"display: inline-block;\" \/><\/a><\/div><p>Os interessados podem entrar em contato com a Associa\u00e7\u00e3o Doe Sangue Mariana pelo telefone (31) 98361-1674 ou pelo Instagram @<a href=\"https:\/\/www.instagram.com\/doe_sangue_mariana_\/\" data-wpel-link=\"external\" target=\"_blank\" rel=\"follow external noopener noreferrer sponsored ugc\">doe_sangue_mariana_<\/a>.<\/p>\n\n\n\n<div id=\"50321\" class=\"advads-plantao advads-entity-placement\"><a href=\"https:\/\/www.diariodeouropreto.com.br\/pt\/\" target=\"_blank\" aria-label=\"site &#8211; noticia\" data-wpel-link=\"external\" rel=\"follow external noopener noreferrer sponsored ugc\"><img src=\"https:\/\/www.diariodeouropreto.com.br\/wp-content\/uploads\/2019\/09\/titulosite2-e1616373489755.jpg\" alt=\"\"  srcset=\"https:\/\/www.diariodeouropreto.com.br\/wp-content\/uploads\/2019\/09\/titulosite2-e1616373489755.jpg 1200w, https:\/\/www.diariodeouropreto.com.br\/wp-content\/uploads\/2019\/09\/titulosite2-e1616373489755-150x38.jpg 150w, https:\/\/www.diariodeouropreto.com.br\/wp-content\/uploads\/2019\/09\/titulosite2-e1616373489755-660x167.jpg 660w, https:\/\/www.diariodeouropreto.com.br\/wp-content\/uploads\/2019\/09\/titulosite2-e1616373489755-768x194.jpg 768w, https:\/\/www.diariodeouropreto.com.br\/wp-content\/uploads\/2019\/09\/titulosite2-e1616373489755-1000x252.jpg 1000w, https:\/\/www.diariodeouropreto.com.br\/wp-content\/uploads\/2019\/09\/titulosite2-e1616373489755-1536x388.jpg 1536w, https:\/\/www.diariodeouropreto.com.br\/wp-content\/uploads\/2019\/09\/titulosite2-e1616373489755-2048x517.jpg 2048w\" sizes=\"(max-width: 1200px) 100vw, 1200px\" width=\"1200\" height=\"303\"  style=\"display: inline-block;\" \/><\/a><\/div><p>Por L\u00edvia Vieira\u00a0&#8211; Assessoria Prefeitura de Mariana<\/p>","protected":false},"excerpt":{"rendered":"<p>Em Mariana, as campanhas organizadas pela Associa\u00e7\u00e3o Doe Sangue t\u00eam ajudado \u00e0 salvar vidas e manter os estoques dos hemocentros de Belo Horizonte e Ponte Nova. A iniciativa mobiliza mensalmente volunt\u00e1rios e amplia a rede de doadores, com apoio da Prefeitura de Mariana. Criada com o objetivo de incentivar a<span class=\"more-link\"><a href=\"https:\/\/www.diariodeouropreto.com.br\/pt\/mariana-fortalece-rede-de-doadores-de-sangue-com-campanhas-mensais\/\" data-wpel-link=\"internal\">Continue Lendo<\/a><\/span><\/p>","protected":false},"author":1,"featured_media":20846,"comment_status":"closed","ping_status":"closed","sticky":false,"template":"","format":"standard","meta":{"_jetpack_memberships_contains_paid_content":false,"footnotes":"","jetpack_publicize_message":"A iniciativa mobiliza mensalmente volunt\u00e1rios e amplia a rede de doadores, com apoio da Prefeitura de Mariana","jetpack_publicize_feature_enabled":true,"jetpack_social_post_already_shared":false,"jetpack_social_options":{"image_generator_settings":{"template":"highway","default_image_id":0,"font":"","enabled":false},"version":2}},"categories":[4],"tags":[],"class_list":["entry","author-diario","post-51985","post","type-post","status-publish","format-standard","has-post-thumbnail","category-mariana"],"yoast_head":"<!-- This site is optimized with the Yoast SEO plugin v27.5 - https:\/\/yoast.com\/product\/yoast-seo-wordpress\/ -->\n<title>Mariana fortalece rede de doadores de sangue com campanhas mensais - Di\u00e1rio de Ouro Preto<\/title>\n<meta name=\"description\" content=\"A iniciativa mobiliza mensalmente volunt\u00e1rios e amplia a rede de doadores, com apoio da Prefeitura de Mariana- Mariana fortalece rede de doadores de sangue com campanhas mensais - Mariana\" \/>\n<meta name=\"robots\" content=\"index, follow, max-snippet:-1, max-image-preview:large, max-video-preview:-1\" \/>\n<link rel=\"canonical\" href=\"https:\/\/www.diariodeouropreto.com.br\/pt\/mariana-fortalece-rede-de-doadores-de-sangue-com-campanhas-mensais\/\" \/>\n<meta property=\"og:locale\" content=\"pt_PT\" \/>\n<meta property=\"og:type\" content=\"article\" \/>\n<meta property=\"og:title\" content=\"Mariana fortalece rede de doadores de sangue com campanhas mensais - Di\u00e1rio de Ouro Preto\" \/>\n<meta property=\"og:description\" content=\"A iniciativa mobiliza mensalmente volunt\u00e1rios e amplia a rede de doadores, com apoio da Prefeitura de Mariana- Mariana fortalece rede de doadores de sangue com campanhas mensais - Mariana\" \/>\n<meta property=\"og:url\" content=\"https:\/\/www.diariodeouropreto.com.br\/pt\/mariana-fortalece-rede-de-doadores-de-sangue-com-campanhas-mensais\/\" \/>\n<meta property=\"og:site_name\" content=\"Di\u00e1rio de Ouro Preto\" \/>\n<meta property=\"article:publisher\" content=\"https:\/\/www.facebook.com\/diariodeouropreto\/\" \/>\n<meta property=\"article:published_time\" content=\"2026-04-28T19:37:13+00:00\" \/>\n<meta property=\"article:modified_time\" content=\"2026-04-28T19:37:15+00:00\" \/>\n<meta property=\"og:image\" content=\"https:\/\/www.diariodeouropreto.com.br\/wp-content\/uploads\/2023\/01\/IMG_20220217_173029865.jpg\" \/>\n\t<meta property=\"og:image:width\" content=\"1070\" \/>\n\t<meta property=\"og:image:height\" content=\"800\" \/>\n\t<meta property=\"og:image:type\" content=\"image\/jpeg\" \/>\n<meta name=\"author\" content=\"Di\u00e1rio de Ouro Preto\" \/>\n<meta name=\"twitter:card\" content=\"summary_large_image\" \/>\n<meta name=\"twitter:label1\" content=\"Escrito por\" \/>\n\t<meta name=\"twitter:data1\" content=\"Di\u00e1rio de Ouro Preto\" \/>\n\t<meta name=\"twitter:label2\" content=\"Tempo estimado de leitura\" \/>\n\t<meta name=\"twitter:data2\" content=\"3 minutos\" \/>\n<script type=\"application\/ld+json\" class=\"yoast-schema-graph\">{\"@context\":\"https:\\\/\\\/schema.org\",\"@graph\":[{\"@type\":\"Article\",\"@id\":\"https:\\\/\\\/www.diariodeouropreto.com.br\\\/mariana-fortalece-rede-de-doadores-de-sangue-com-campanhas-mensais\\\/#article\",\"isPartOf\":{\"@id\":\"https:\\\/\\\/www.diariodeouropreto.com.br\\\/mariana-fortalece-rede-de-doadores-de-sangue-com-campanhas-mensais\\\/\"},\"author\":{\"name\":\"Di\u00e1rio de Ouro Preto\",\"@id\":\"https:\\\/\\\/www.diariodeouropreto.com.br\\\/pt\\\/#\\\/schema\\\/person\\\/7654e7b471204a6dab6dc0ce6e140c99\"},\"headline\":\"Mariana fortalece rede de doadores de sangue com campanhas mensais\",\"datePublished\":\"2026-04-28T19:37:13+00:00\",\"dateModified\":\"2026-04-28T19:37:15+00:00\",\"mainEntityOfPage\":{\"@id\":\"https:\\\/\\\/www.diariodeouropreto.com.br\\\/mariana-fortalece-rede-de-doadores-de-sangue-com-campanhas-mensais\\\/\"},\"wordCount\":475,\"publisher\":{\"@id\":\"https:\\\/\\\/www.diariodeouropreto.com.br\\\/pt\\\/#organization\"},\"image\":{\"@id\":\"https:\\\/\\\/www.diariodeouropreto.com.br\\\/mariana-fortalece-rede-de-doadores-de-sangue-com-campanhas-mensais\\\/#primaryimage\"},\"thumbnailUrl\":\"https:\\\/\\\/www.diariodeouropreto.com.br\\\/wp-content\\\/uploads\\\/2023\\\/01\\\/IMG_20220217_173029865.jpg\",\"articleSection\":[\"Mariana\"],\"inLanguage\":\"pt-PT\"},{\"@type\":\"WebPage\",\"@id\":\"https:\\\/\\\/www.diariodeouropreto.com.br\\\/mariana-fortalece-rede-de-doadores-de-sangue-com-campanhas-mensais\\\/\",\"url\":\"https:\\\/\\\/www.diariodeouropreto.com.br\\\/mariana-fortalece-rede-de-doadores-de-sangue-com-campanhas-mensais\\\/\",\"name\":\"Mariana fortalece rede de doadores de sangue com campanhas mensais - Di\u00e1rio de Ouro Preto\",\"isPartOf\":{\"@id\":\"https:\\\/\\\/www.diariodeouropreto.com.br\\\/pt\\\/#website\"},\"primaryImageOfPage\":{\"@id\":\"https:\\\/\\\/www.diariodeouropreto.com.br\\\/mariana-fortalece-rede-de-doadores-de-sangue-com-campanhas-mensais\\\/#primaryimage\"},\"image\":{\"@id\":\"https:\\\/\\\/www.diariodeouropreto.com.br\\\/mariana-fortalece-rede-de-doadores-de-sangue-com-campanhas-mensais\\\/#primaryimage\"},\"thumbnailUrl\":\"https:\\\/\\\/www.diariodeouropreto.com.br\\\/wp-content\\\/uploads\\\/2023\\\/01\\\/IMG_20220217_173029865.jpg\",\"datePublished\":\"2026-04-28T19:37:13+00:00\",\"dateModified\":\"2026-04-28T19:37:15+00:00\",\"description\":\"A iniciativa mobiliza mensalmente volunt\u00e1rios e amplia a rede de doadores, com apoio da Prefeitura de Mariana- Mariana fortalece rede de doadores de sangue com campanhas mensais - Mariana\",\"breadcrumb\":{\"@id\":\"https:\\\/\\\/www.diariodeouropreto.com.br\\\/mariana-fortalece-rede-de-doadores-de-sangue-com-campanhas-mensais\\\/#breadcrumb\"},\"inLanguage\":\"pt-PT\",\"potentialAction\":[{\"@type\":\"ReadAction\",\"target\":[\"https:\\\/\\\/www.diariodeouropreto.com.br\\\/mariana-fortalece-rede-de-doadores-de-sangue-com-campanhas-mensais\\\/\"]}]},{\"@type\":\"ImageObject\",\"inLanguage\":\"pt-PT\",\"@id\":\"https:\\\/\\\/www.diariodeouropreto.com.br\\\/mariana-fortalece-rede-de-doadores-de-sangue-com-campanhas-mensais\\\/#primaryimage\",\"url\":\"https:\\\/\\\/www.diariodeouropreto.com.br\\\/wp-content\\\/uploads\\\/2023\\\/01\\\/IMG_20220217_173029865.jpg\",\"contentUrl\":\"https:\\\/\\\/www.diariodeouropreto.com.br\\\/wp-content\\\/uploads\\\/2023\\\/01\\\/IMG_20220217_173029865.jpg\",\"width\":1070,\"height\":800},{\"@type\":\"BreadcrumbList\",\"@id\":\"https:\\\/\\\/www.diariodeouropreto.com.br\\\/mariana-fortalece-rede-de-doadores-de-sangue-com-campanhas-mensais\\\/#breadcrumb\",\"itemListElement\":[{\"@type\":\"ListItem\",\"position\":1,\"name\":\"In\u00edcio\",\"item\":\"https:\\\/\\\/www.diariodeouropreto.com.br\\\/pt\\\/\"},{\"@type\":\"ListItem\",\"position\":2,\"name\":\"Mariana fortalece rede de doadores de sangue com campanhas mensais\"}]},{\"@type\":\"WebSite\",\"@id\":\"https:\\\/\\\/www.diariodeouropreto.com.br\\\/pt\\\/#website\",\"url\":\"https:\\\/\\\/www.diariodeouropreto.com.br\\\/pt\\\/\",\"name\":\"Di\u00e1rio de Ouro Preto\",\"description\":\"Not\u00edcias Ouro Preto; Mariana;Minas Gerais;Jornal;Jornalismo;Not\u00edcias;\",\"publisher\":{\"@id\":\"https:\\\/\\\/www.diariodeouropreto.com.br\\\/pt\\\/#organization\"},\"alternateName\":\"Jornal di\u00e1rio de Ouro Preto\",\"potentialAction\":[{\"@type\":\"SearchAction\",\"target\":{\"@type\":\"EntryPoint\",\"urlTemplate\":\"https:\\\/\\\/www.diariodeouropreto.com.br\\\/pt\\\/?s={search_term_string}\"},\"query-input\":{\"@type\":\"PropertyValueSpecification\",\"valueRequired\":true,\"valueName\":\"search_term_string\"}}],\"inLanguage\":\"pt-PT\"},{\"@type\":\"Organization\",\"@id\":\"https:\\\/\\\/www.diariodeouropreto.com.br\\\/pt\\\/#organization\",\"name\":\"Di\u00e1rio de Ouro Preto\",\"alternateName\":\"Jornal di\u00e1rio Ouro Preto\",\"url\":\"https:\\\/\\\/www.diariodeouropreto.com.br\\\/pt\\\/\",\"logo\":{\"@type\":\"ImageObject\",\"inLanguage\":\"pt-PT\",\"@id\":\"https:\\\/\\\/www.diariodeouropreto.com.br\\\/pt\\\/#\\\/schema\\\/logo\\\/image\\\/\",\"url\":\"https:\\\/\\\/www.diariodeouropreto.com.br\\\/wp-content\\\/uploads\\\/2019\\\/06\\\/cropped-logotransp-2.png\",\"contentUrl\":\"https:\\\/\\\/www.diariodeouropreto.com.br\\\/wp-content\\\/uploads\\\/2019\\\/06\\\/cropped-logotransp-2.png\",\"width\":1323,\"height\":251,\"caption\":\"Di\u00e1rio de Ouro Preto\"},\"image\":{\"@id\":\"https:\\\/\\\/www.diariodeouropreto.com.br\\\/pt\\\/#\\\/schema\\\/logo\\\/image\\\/\"},\"sameAs\":[\"https:\\\/\\\/www.facebook.com\\\/diariodeouropreto\\\/\"]},{\"@type\":\"Person\",\"@id\":\"https:\\\/\\\/www.diariodeouropreto.com.br\\\/pt\\\/#\\\/schema\\\/person\\\/7654e7b471204a6dab6dc0ce6e140c99\",\"name\":\"Di\u00e1rio de Ouro Preto\",\"sameAs\":[\"http:\\\/\\\/www.diariodeouropreto.com.br\"],\"url\":\"https:\\\/\\\/www.diariodeouropreto.com.br\\\/pt\\\/author\\\/diario\\\/\"}]}<\/script>\n<!-- \/ Yoast SEO plugin. -->","yoast_head_json":{"title":"Mariana fortalece rede de doadores de sangue com campanhas mensais - Di\u00e1rio de Ouro Preto","description":"A iniciativa mobiliza mensalmente volunt\u00e1rios e amplia a rede de doadores, com apoio da Prefeitura de Mariana- Mariana fortalece rede de doadores de sangue com campanhas mensais - Mariana","robots":{"index":"index","follow":"follow","max-snippet":"max-snippet:-1","max-image-preview":"max-image-preview:large","max-video-preview":"max-video-preview:-1"},"canonical":"https:\/\/www.diariodeouropreto.com.br\/pt\/mariana-fortalece-rede-de-doadores-de-sangue-com-campanhas-mensais\/","og_locale":"pt_PT","og_type":"article","og_title":"Mariana fortalece rede de doadores de sangue com campanhas mensais - Di\u00e1rio de Ouro Preto","og_description":"A iniciativa mobiliza mensalmente volunt\u00e1rios e amplia a rede de doadores, com apoio da Prefeitura de Mariana- Mariana fortalece rede de doadores de sangue com campanhas mensais - Mariana","og_url":"https:\/\/www.diariodeouropreto.com.br\/pt\/mariana-fortalece-rede-de-doadores-de-sangue-com-campanhas-mensais\/","og_site_name":"Di\u00e1rio de Ouro Preto","article_publisher":"https:\/\/www.facebook.com\/diariodeouropreto\/","article_published_time":"2026-04-28T19:37:13+00:00","article_modified_time":"2026-04-28T19:37:15+00:00","og_image":[{"width":1070,"height":800,"url":"https:\/\/www.diariodeouropreto.com.br\/wp-content\/uploads\/2023\/01\/IMG_20220217_173029865.jpg","type":"image\/jpeg"}],"author":"Di\u00e1rio de Ouro Preto","twitter_card":"summary_large_image","twitter_misc":{"Escrito por":"Di\u00e1rio de Ouro Preto","Tempo estimado de leitura":"3 minutos"},"schema":{"@context":"https:\/\/schema.org","@graph":[{"@type":"Article","@id":"https:\/\/www.diariodeouropreto.com.br\/mariana-fortalece-rede-de-doadores-de-sangue-com-campanhas-mensais\/#article","isPartOf":{"@id":"https:\/\/www.diariodeouropreto.com.br\/mariana-fortalece-rede-de-doadores-de-sangue-com-campanhas-mensais\/"},"author":{"name":"Di\u00e1rio de Ouro Preto","@id":"https:\/\/www.diariodeouropreto.com.br\/pt\/#\/schema\/person\/7654e7b471204a6dab6dc0ce6e140c99"},"headline":"Mariana fortalece rede de doadores de sangue com campanhas mensais","datePublished":"2026-04-28T19:37:13+00:00","dateModified":"2026-04-28T19:37:15+00:00","mainEntityOfPage":{"@id":"https:\/\/www.diariodeouropreto.com.br\/mariana-fortalece-rede-de-doadores-de-sangue-com-campanhas-mensais\/"},"wordCount":475,"publisher":{"@id":"https:\/\/www.diariodeouropreto.com.br\/pt\/#organization"},"image":{"@id":"https:\/\/www.diariodeouropreto.com.br\/mariana-fortalece-rede-de-doadores-de-sangue-com-campanhas-mensais\/#primaryimage"},"thumbnailUrl":"https:\/\/www.diariodeouropreto.com.br\/wp-content\/uploads\/2023\/01\/IMG_20220217_173029865.jpg","articleSection":["Mariana"],"inLanguage":"pt-PT"},{"@type":"WebPage","@id":"https:\/\/www.diariodeouropreto.com.br\/mariana-fortalece-rede-de-doadores-de-sangue-com-campanhas-mensais\/","url":"https:\/\/www.diariodeouropreto.com.br\/mariana-fortalece-rede-de-doadores-de-sangue-com-campanhas-mensais\/","name":"Mariana fortalece rede de doadores de sangue com campanhas mensais - Di\u00e1rio de Ouro Preto","isPartOf":{"@id":"https:\/\/www.diariodeouropreto.com.br\/pt\/#website"},"primaryImageOfPage":{"@id":"https:\/\/www.diariodeouropreto.com.br\/mariana-fortalece-rede-de-doadores-de-sangue-com-campanhas-mensais\/#primaryimage"},"image":{"@id":"https:\/\/www.diariodeouropreto.com.br\/mariana-fortalece-rede-de-doadores-de-sangue-com-campanhas-mensais\/#primaryimage"},"thumbnailUrl":"https:\/\/www.diariodeouropreto.com.br\/wp-content\/uploads\/2023\/01\/IMG_20220217_173029865.jpg","datePublished":"2026-04-28T19:37:13+00:00","dateModified":"2026-04-28T19:37:15+00:00","description":"A iniciativa mobiliza mensalmente volunt\u00e1rios e amplia a rede de doadores, com apoio da Prefeitura de Mariana- Mariana fortalece rede de doadores de sangue com campanhas mensais - Mariana","breadcrumb":{"@id":"https:\/\/www.diariodeouropreto.com.br\/mariana-fortalece-rede-de-doadores-de-sangue-com-campanhas-mensais\/#breadcrumb"},"inLanguage":"pt-PT","potentialAction":[{"@type":"ReadAction","target":["https:\/\/www.diariodeouropreto.com.br\/mariana-fortalece-rede-de-doadores-de-sangue-com-campanhas-mensais\/"]}]},{"@type":"ImageObject","inLanguage":"pt-PT","@id":"https:\/\/www.diariodeouropreto.com.br\/mariana-fortalece-rede-de-doadores-de-sangue-com-campanhas-mensais\/#primaryimage","url":"https:\/\/www.diariodeouropreto.com.br\/wp-content\/uploads\/2023\/01\/IMG_20220217_173029865.jpg","contentUrl":"https:\/\/www.diariodeouropreto.com.br\/wp-content\/uploads\/2023\/01\/IMG_20220217_173029865.jpg","width":1070,"height":800},{"@type":"BreadcrumbList","@id":"https:\/\/www.diariodeouropreto.com.br\/mariana-fortalece-rede-de-doadores-de-sangue-com-campanhas-mensais\/#breadcrumb","itemListElement":[{"@type":"ListItem","position":1,"name":"In\u00edcio","item":"https:\/\/www.diariodeouropreto.com.br\/pt\/"},{"@type":"ListItem","position":2,"name":"Mariana fortalece rede de doadores de sangue com campanhas mensais"}]},{"@type":"WebSite","@id":"https:\/\/www.diariodeouropreto.com.br\/pt\/#website","url":"https:\/\/www.diariodeouropreto.com.br\/pt\/","name":"Di\u00e1rio de Ouro Preto","description":"Not\u00edcias Ouro Preto; Mariana;Minas Gerais;Jornal;Jornalismo;Not\u00edcias;","publisher":{"@id":"https:\/\/www.diariodeouropreto.com.br\/pt\/#organization"},"alternateName":"Jornal di\u00e1rio de Ouro Preto","potentialAction":[{"@type":"SearchAction","target":{"@type":"EntryPoint","urlTemplate":"https:\/\/www.diariodeouropreto.com.br\/pt\/?s={search_term_string}"},"query-input":{"@type":"PropertyValueSpecification","valueRequired":true,"valueName":"search_term_string"}}],"inLanguage":"pt-PT"},{"@type":"Organization","@id":"https:\/\/www.diariodeouropreto.com.br\/pt\/#organization","name":"Di\u00e1rio de Ouro Preto","alternateName":"Jornal di\u00e1rio Ouro Preto","url":"https:\/\/www.diariodeouropreto.com.br\/pt\/","logo":{"@type":"ImageObject","inLanguage":"pt-PT","@id":"https:\/\/www.diariodeouropreto.com.br\/pt\/#\/schema\/logo\/image\/","url":"https:\/\/www.diariodeouropreto.com.br\/wp-content\/uploads\/2019\/06\/cropped-logotransp-2.png","contentUrl":"https:\/\/www.diariodeouropreto.com.br\/wp-content\/uploads\/2019\/06\/cropped-logotransp-2.png","width":1323,"height":251,"caption":"Di\u00e1rio de Ouro Preto"},"image":{"@id":"https:\/\/www.diariodeouropreto.com.br\/pt\/#\/schema\/logo\/image\/"},"sameAs":["https:\/\/www.facebook.com\/diariodeouropreto\/"]},{"@type":"Person","@id":"https:\/\/www.diariodeouropreto.com.br\/pt\/#\/schema\/person\/7654e7b471204a6dab6dc0ce6e140c99","name":"Di\u00e1rio de Ouro Preto","sameAs":["http:\/\/www.diariodeouropreto.com.br"],"url":"https:\/\/www.diariodeouropreto.com.br\/pt\/author\/diario\/"}]}},"jetpack_publicize_connections":[],"jetpack_featured_media_url":"https:\/\/www.diariodeouropreto.com.br\/wp-content\/uploads\/2023\/01\/IMG_20220217_173029865.jpg","jetpack-related-posts":[{"id":17121,"url":"https:\/\/www.diariodeouropreto.com.br\/pt\/vereadores-solicitam-melhorias-para-o-sistema-de-saude-em-ouro-preto\/","url_meta":{"origin":51985,"position":0},"title":"Vereadores solicitam melhorias para o sistema de sa\u00fade em Ouro Preto","author":"Di\u00e1rio de Ouro Preto","date":"6 de Julho de 2022","format":false,"excerpt":"Ouro Preto - Durante a 41\u00aa Reuni\u00e3o Ordin\u00e1ria de 2022, realizada nesta ter\u00e7a-feira (05), foram aprovados diversos documentos visando implementar melhorias no sistema de sa\u00fade do munic\u00edpio. A Indica\u00e7\u00e3o N\u00ba 252\/2022, de autoria do vereador Z\u00e9 do Binga (PV),\u00a0 encaminhada ao Prefeito Municipal e ao Secret\u00e1rio de Sa\u00fade, solicita provid\u00eancias\u2026","rel":"","context":"In &quot;Ouro Preto&quot;","block_context":{"text":"Ouro Preto","link":"https:\/\/www.diariodeouropreto.com.br\/pt\/Editoria\/ouro-preto\/"},"img":{"alt_text":"","src":"https:\/\/i0.wp.com\/www.diariodeouropreto.com.br\/wp-content\/uploads\/2022\/07\/41a-RO.jpg?resize=350%2C200&ssl=1","width":350,"height":200,"srcset":"https:\/\/i0.wp.com\/www.diariodeouropreto.com.br\/wp-content\/uploads\/2022\/07\/41a-RO.jpg?resize=350%2C200&ssl=1 1x, https:\/\/i0.wp.com\/www.diariodeouropreto.com.br\/wp-content\/uploads\/2022\/07\/41a-RO.jpg?resize=525%2C300&ssl=1 1.5x, https:\/\/i0.wp.com\/www.diariodeouropreto.com.br\/wp-content\/uploads\/2022\/07\/41a-RO.jpg?resize=700%2C400&ssl=1 2x"},"classes":[]},{"id":44630,"url":"https:\/\/www.diariodeouropreto.com.br\/pt\/acao-doe-sangue-salve-vidas-coleta-172-bolsas-de-sangue-em-mariana\/","url_meta":{"origin":51985,"position":1},"title":"A\u00e7\u00e3o \u201cDoe sangue, salve vidas\u201d coleta 172 bolsas de sangue em Mariana","author":"Di\u00e1rio de Ouro Preto","date":"20 de Maio de 2025","format":false,"excerpt":"No \u00faltimo s\u00e1bado (17), a Prefeitura de Mariana, por meio da Secretaria de Sa\u00fade e em parceria com a Funda\u00e7\u00e3o Hemominas e a Associa\u00e7\u00e3o Doe Sangue Mariana, realizou a a\u00e7\u00e3o \"Doe sangue, salve vidas\". A campanha aconteceu no Setor de Fisioterapia da antiga Policl\u00ednica e teve como objetivo refor\u00e7ar os\u2026","rel":"","context":"In &quot;Sa\u00fade&quot;","block_context":{"text":"Sa\u00fade","link":"https:\/\/www.diariodeouropreto.com.br\/pt\/Editoria\/saude\/"},"img":{"alt_text":"","src":"https:\/\/i0.wp.com\/www.diariodeouropreto.com.br\/wp-content\/uploads\/2025\/05\/WhatsApp-Image-2025-05-20-at-10.34.45-1.jpeg?resize=350%2C200&ssl=1","width":350,"height":200,"srcset":"https:\/\/i0.wp.com\/www.diariodeouropreto.com.br\/wp-content\/uploads\/2025\/05\/WhatsApp-Image-2025-05-20-at-10.34.45-1.jpeg?resize=350%2C200&ssl=1 1x, https:\/\/i0.wp.com\/www.diariodeouropreto.com.br\/wp-content\/uploads\/2025\/05\/WhatsApp-Image-2025-05-20-at-10.34.45-1.jpeg?resize=525%2C300&ssl=1 1.5x, https:\/\/i0.wp.com\/www.diariodeouropreto.com.br\/wp-content\/uploads\/2025\/05\/WhatsApp-Image-2025-05-20-at-10.34.45-1.jpeg?resize=700%2C400&ssl=1 2x, https:\/\/i0.wp.com\/www.diariodeouropreto.com.br\/wp-content\/uploads\/2025\/05\/WhatsApp-Image-2025-05-20-at-10.34.45-1.jpeg?resize=1050%2C600&ssl=1 3x"},"classes":[]},{"id":44452,"url":"https:\/\/www.diariodeouropreto.com.br\/pt\/prefeitura-de-mariana-promove-acao-doe-sangue-salve-vidas-neste-sabado\/","url_meta":{"origin":51985,"position":2},"title":"Prefeitura de Mariana promove a\u00e7\u00e3o \u201cDoe sangue, salve vidas\u201d neste s\u00e1bado","author":"Di\u00e1rio de Ouro Preto","date":"14 de Maio de 2025","format":false,"excerpt":"A Prefeitura de Mariana, por meio da Secretaria Municipal de Sa\u00fade, em uma iniciativa da Associa\u00e7\u00e3o Doe Sangue Mariana e em parceria da Funda\u00e7\u00e3o Hemominas, realiza neste s\u00e1bado (17) a a\u00e7\u00e3o \u201cDoe sangue, salve vidas\u201d, de 07h30 \u00e0s 16h, no setor de Fisioterapia da Antiga Policl\u00ednica. Para participar, basta realizar\u2026","rel":"","context":"In &quot;Sa\u00fade&quot;","block_context":{"text":"Sa\u00fade","link":"https:\/\/www.diariodeouropreto.com.br\/pt\/Editoria\/saude\/"},"img":{"alt_text":"","src":"https:\/\/i0.wp.com\/www.diariodeouropreto.com.br\/wp-content\/uploads\/2025\/05\/Doacao-de-sangue-site.jpg?resize=350%2C200&ssl=1","width":350,"height":200,"srcset":"https:\/\/i0.wp.com\/www.diariodeouropreto.com.br\/wp-content\/uploads\/2025\/05\/Doacao-de-sangue-site.jpg?resize=350%2C200&ssl=1 1x, https:\/\/i0.wp.com\/www.diariodeouropreto.com.br\/wp-content\/uploads\/2025\/05\/Doacao-de-sangue-site.jpg?resize=525%2C300&ssl=1 1.5x, https:\/\/i0.wp.com\/www.diariodeouropreto.com.br\/wp-content\/uploads\/2025\/05\/Doacao-de-sangue-site.jpg?resize=700%2C400&ssl=1 2x, https:\/\/i0.wp.com\/www.diariodeouropreto.com.br\/wp-content\/uploads\/2025\/05\/Doacao-de-sangue-site.jpg?resize=1050%2C600&ssl=1 3x"},"classes":[]},{"id":16781,"url":"https:\/\/www.diariodeouropreto.com.br\/pt\/prefeitura-de-ouro-preto-promove-campanha-para-doacao-de-sangue\/","url_meta":{"origin":51985,"position":3},"title":"Prefeitura de Ouro Preto promove campanha para doa\u00e7\u00e3o de sangue","author":"Di\u00e1rio de Ouro Preto","date":"15 de Junho de 2022","format":false,"excerpt":"Os bancos de sangue e os pacientes precisam do seu tipo sangu\u00edneo. A Prefeitura de Ouro Preto, que oferece mensalmente o transporte para os ouro-pretanos que desejam doar sangue, neste m\u00eas de junho, em que se comemora o Dia Mundial do Doador de Sangue, promove campanha para doa\u00e7\u00e3o de sangue.\u2026","rel":"","context":"In &quot;Sa\u00fade&quot;","block_context":{"text":"Sa\u00fade","link":"https:\/\/www.diariodeouropreto.com.br\/pt\/Editoria\/saude\/"},"img":{"alt_text":"","src":"https:\/\/i0.wp.com\/www.diariodeouropreto.com.br\/wp-content\/uploads\/2022\/06\/arte-14.jpeg?resize=350%2C200&ssl=1","width":350,"height":200,"srcset":"https:\/\/i0.wp.com\/www.diariodeouropreto.com.br\/wp-content\/uploads\/2022\/06\/arte-14.jpeg?resize=350%2C200&ssl=1 1x, https:\/\/i0.wp.com\/www.diariodeouropreto.com.br\/wp-content\/uploads\/2022\/06\/arte-14.jpeg?resize=525%2C300&ssl=1 1.5x, https:\/\/i0.wp.com\/www.diariodeouropreto.com.br\/wp-content\/uploads\/2022\/06\/arte-14.jpeg?resize=700%2C400&ssl=1 2x, https:\/\/i0.wp.com\/www.diariodeouropreto.com.br\/wp-content\/uploads\/2022\/06\/arte-14.jpeg?resize=1050%2C600&ssl=1 3x"},"classes":[]},{"id":1257,"url":"https:\/\/www.diariodeouropreto.com.br\/pt\/santa-casa-realiza-seminario-e-anuncia-implantacao-de-10-leitos-de-uti\/","url_meta":{"origin":51985,"position":4},"title":"Santa Casa realiza semin\u00e1rio e anuncia implanta\u00e7\u00e3o de 10 novos leitos de UTI","author":"Di\u00e1rio de Ouro Preto","date":"7 de Novembro de 2019","format":false,"excerpt":"Ouro Preto - A gest\u00e3o da Santa Casa de Ouro Preto foi debatida no 3\u00ba Semin\u00e1rio Gest\u00e3o Hospitalar e Sustentabilidade na Sa\u00fade realizado nesta quinta-feira, dia 5, no Centro de Artes e Conven\u00e7\u00f5es da UFOP. Segundo o provedor da Santa Casa, Marcelo S\u00e9rgio Gon\u00e7alves de Oliveira, apesar das d\u00edvidas, a\u2026","rel":"","context":"In &quot;Ouro Preto&quot;","block_context":{"text":"Ouro Preto","link":"https:\/\/www.diariodeouropreto.com.br\/pt\/Editoria\/ouro-preto\/"},"img":{"alt_text":"","src":"https:\/\/i0.wp.com\/www.diariodeouropreto.com.br\/wp-content\/uploads\/2019\/11\/P1380755.jpg?resize=350%2C200&ssl=1","width":350,"height":200,"srcset":"https:\/\/i0.wp.com\/www.diariodeouropreto.com.br\/wp-content\/uploads\/2019\/11\/P1380755.jpg?resize=350%2C200&ssl=1 1x, https:\/\/i0.wp.com\/www.diariodeouropreto.com.br\/wp-content\/uploads\/2019\/11\/P1380755.jpg?resize=525%2C300&ssl=1 1.5x, https:\/\/i0.wp.com\/www.diariodeouropreto.com.br\/wp-content\/uploads\/2019\/11\/P1380755.jpg?resize=700%2C400&ssl=1 2x, https:\/\/i0.wp.com\/www.diariodeouropreto.com.br\/wp-content\/uploads\/2019\/11\/P1380755.jpg?resize=1050%2C600&ssl=1 3x"},"classes":[]},{"id":32783,"url":"https:\/\/www.diariodeouropreto.com.br\/pt\/estao-abertas-as-inscricoes-para-participar-da-campanha-de-doacao-de-sangue-em-ouro-preto\/","url_meta":{"origin":51985,"position":5},"title":"Est\u00e3o abertas as inscri\u00e7\u00f5es para participar da campanha de doa\u00e7\u00e3o de sangue em Ouro Preto","author":"Di\u00e1rio de Ouro Preto","date":"7 de Maio de 2024","format":false,"excerpt":"A Prefeitura de Ouro Preto, em parceria com o Hemominas, realizar\u00e1 uma campanha de doa\u00e7\u00e3o de sangue, no dia 18 de maio. O evento acontecer\u00e1 na Policl\u00ednica Municipal. As inscri\u00e7\u00f5es para doar podem ser realizadas a partir de hoje, dia 6 de maio, exclusivamente atrav\u00e9s do WhatsApp pelos n\u00fameros de\u2026","rel":"","context":"In &quot;Sa\u00fade&quot;","block_context":{"text":"Sa\u00fade","link":"https:\/\/www.diariodeouropreto.com.br\/pt\/Editoria\/saude\/"},"img":{"alt_text":"","src":"https:\/\/i0.wp.com\/www.diariodeouropreto.com.br\/wp-content\/uploads\/2024\/05\/e140a19846b55f9c8eab7dc05dd35446.jpg?resize=350%2C200&ssl=1","width":350,"height":200,"srcset":"https:\/\/i0.wp.com\/www.diariodeouropreto.com.br\/wp-content\/uploads\/2024\/05\/e140a19846b55f9c8eab7dc05dd35446.jpg?resize=350%2C200&ssl=1 1x, https:\/\/i0.wp.com\/www.diariodeouropreto.com.br\/wp-content\/uploads\/2024\/05\/e140a19846b55f9c8eab7dc05dd35446.jpg?resize=525%2C300&ssl=1 1.5x, https:\/\/i0.wp.com\/www.diariodeouropreto.com.br\/wp-content\/uploads\/2024\/05\/e140a19846b55f9c8eab7dc05dd35446.jpg?resize=700%2C400&ssl=1 2x"},"classes":[]}],"jetpack_sharing_enabled":true,"amp_enabled":true,"_links":{"self":[{"href":"https:\/\/www.diariodeouropreto.com.br\/pt\/wp-json\/wp\/v2\/posts\/51985","targetHints":{"allow":["GET"]}}],"collection":[{"href":"https:\/\/www.diariodeouropreto.com.br\/pt\/wp-json\/wp\/v2\/posts"}],"about":[{"href":"https:\/\/www.diariodeouropreto.com.br\/pt\/wp-json\/wp\/v2\/types\/post"}],"author":[{"embeddable":true,"href":"https:\/\/www.diariodeouropreto.com.br\/pt\/wp-json\/wp\/v2\/users\/1"}],"replies":[{"embeddable":true,"href":"https:\/\/www.diariodeouropreto.com.br\/pt\/wp-json\/wp\/v2\/comments?post=51985"}],"version-history":[{"count":1,"href":"https:\/\/www.diariodeouropreto.com.br\/pt\/wp-json\/wp\/v2\/posts\/51985\/revisions"}],"predecessor-version":[{"id":51987,"href":"https:\/\/www.diariodeouropreto.com.br\/pt\/wp-json\/wp\/v2\/posts\/51985\/revisions\/51987"}],"wp:featuredmedia":[{"embeddable":true,"href":"https:\/\/www.diariodeouropreto.com.br\/pt\/wp-json\/wp\/v2\/media\/20846"}],"wp:attachment":[{"href":"https:\/\/www.diariodeouropreto.com.br\/pt\/wp-json\/wp\/v2\/media?parent=51985"}],"wp:term":[{"taxonomy":"category","embeddable":true,"href":"https:\/\/www.diariodeouropreto.com.br\/pt\/wp-json\/wp\/v2\/categories?post=51985"},{"taxonomy":"post_tag","embeddable":true,"href":"https:\/\/www.diariodeouropreto.com.br\/pt\/wp-json\/wp\/v2\/tags?post=51985"}],"curies":[{"name":"wp","href":"https:\/\/api.w.org\/{rel}","templated":true}]}}