{"id":51981,"date":"2026-04-27T14:42:31","date_gmt":"2026-04-27T17:42:31","guid":{"rendered":"https:\/\/www.diariodeouropreto.com.br\/?p=51981"},"modified":"2026-04-27T15:00:25","modified_gmt":"2026-04-27T18:00:25","slug":"prazo-para-eleitor-buscar-atendimento-termina-no-dia-6-de-maio","status":"publish","type":"post","link":"https:\/\/www.diariodeouropreto.com.br\/pt\/prazo-para-eleitor-buscar-atendimento-termina-no-dia-6-de-maio\/","title":{"rendered":"Prazo para eleitor buscar atendimento termina no dia 6 de maio"},"content":{"rendered":"<p><strong>Tire suas d\u00favidas sobre o fechamento do cadastro eleitoral<\/strong><\/p>\n\n\n\n<p>Eleitoras e eleitores t\u00eam apenas at\u00e9 o dia 6 de maio para ficarem com o t\u00edtulo em dia e poderem votar nas Elei\u00e7\u00f5es 2026. Faltam menos de dez dias, mas ainda d\u00e1 tempo de buscar atendimento para cadastrar a biometria, tirar o t\u00edtulo, transferir ou regularizar o documento.<\/p>\n\n\n\n<p>Se voc\u00ea tem alguma d\u00favida sobre o fechamento do cadastro eleitoral, confira as respostas para as perguntas mais frequentes sobre o assunto.<\/p>\n\n\n\n<p><strong>1- Quem precisa buscar atendimento at\u00e9 6 de maio?<\/strong><\/p>\n\n\n\n<p>Todas as pessoas que precisam dos seguintes servi\u00e7os relacionados ao t\u00edtulo de eleitor:<\/p>\n\n\n\n<ul class=\"wp-block-list\">\n<li>alistamento eleitoral (1\u00ba t\u00edtulo);<\/li>\n\n\n\n<li>cadastramento biom\u00e9trico;<\/li>\n\n\n\n<li>regulariza\u00e7\u00e3o de t\u00edtulo cancelado;<\/li>\n\n\n\n<li>transfer\u00eancia do t\u00edtulo para outra cidade;<\/li>\n\n\n\n<li>mudan\u00e7a de local de vota\u00e7\u00e3o;<\/li>\n\n\n\n<li>atualiza\u00e7\u00e3o de dados pessoais (como endere\u00e7o e inclus\u00e3o de nome social, por exemplo).<\/li>\n<\/ul>\n\n\n\n<p><strong>2- Onde eu posso buscar atendimento?<\/strong><\/p>\n\n\n\n<p>Em qualquer cart\u00f3rio eleitoral, Central de Atendimento ao Eleitor ou posto de atendimento do TRE em Minas Gerais. O atendimento \u00e9 por ordem de chagada e os cart\u00f3rios eleitorais e centrais de atendimento v\u00e3o funcionar nos finais de semana e no feriado de 1\u00ba de maio.<\/p>\n\n\n\n<p>Confira os&nbsp;<a href=\"https:\/\/www.tre-mg.jus.br\/servicos-eleitorais\/zonas-eleitorais\/informacoes-sobre-o-funcionamento-das-zonas-eleitorais?tab=ancora-1\" target=\"_blank\" rel=\"noreferrer noopener follow external sponsored ugc\" data-wpel-link=\"external\">endere\u00e7os de atendimento ao eleitor em Minas Gerais<\/a>.<\/p>\n\n\n\n<p>Para saber o hor\u00e1rio de funcionamento na sua cidade, a dica \u00e9 ligar para o Disque-Eleitor (148).<\/p>\n\n\n\n<p>Se voc\u00ea j\u00e1 tiver a biometria cadastrada na Justi\u00e7a Eleitoral, pode solicitar qualquer servi\u00e7o pelo&nbsp;<a href=\"https:\/\/www.tre-mg.jus.br\/servicos-eleitorais\/autoatendimento\" target=\"_blank\" rel=\"noreferrer noopener follow external sponsored ugc\" data-wpel-link=\"external\">Autoatendimento Eleitoral<\/a>, no site do TSE.<\/p>\n\n\n\n<p><strong>3- A biometria ser\u00e1 obrigat\u00f3ria em 2026? Se eu n\u00e3o fizer o cadastramento, vou poder votar?<\/strong><\/p>\n\n\n\n<p>A biometria n\u00e3o \u00e9 obrigat\u00f3ria, mas ela garante ainda mais seguran\u00e7a ao processo de vota\u00e7\u00e3o, pois ajuda a evitar que uma pessoa vote em lugar de outra. Por isso, a Justi\u00e7a Eleitoral incentiva que todos fa\u00e7am o cadastramento biom\u00e9trico!<\/p>\n\n\n\n<p>Mas fique tranquilo: se o seu t\u00edtulo est\u00e1 regular e voc\u00ea s\u00f3 n\u00e3o cadastrou a biometria, poder\u00e1 votar normalmente.<\/p>\n\n\n\n<p><strong>4- Como saber se eu j\u00e1 cadastrei a biometria e se o meu t\u00edtulo est\u00e1 regular?<\/strong><\/p>\n\n\n\n<p>Voc\u00ea pode consultar a sua situa\u00e7\u00e3o eleitoral de tr\u00eas formas:<\/p>\n\n\n\n<ul class=\"wp-block-list\">\n<li>no\u00a0<a href=\"https:\/\/www.tre-mg.jus.br\/servicos-eleitorais\/autoatendimento\" target=\"_blank\" rel=\"noreferrer noopener follow external sponsored ugc\" data-wpel-link=\"external\">Autoatendimento Eleitoral<\/a>, no site do TSE;<\/li>\n\n\n\n<li>no aplicativo e-T\u00edtulo;<\/li>\n\n\n\n<li>ligando para o Disque-Eleitor (148).<\/li>\n<\/ul>\n\n\n\n<p><strong>5- Com que idade eu posso tirar o t\u00edtulo de eleitor?<\/strong><\/p>\n\n\n\n<p>Jovens podem votar a partir dos 16 anos. Mas quem est\u00e1 com 15 anos e vai completar 16 at\u00e9 o dia 4 de outubro (data do 1\u00ba turno) j\u00e1 pode tirar o t\u00edtulo e ficar pronto para votar.<\/p>\n\n\n\n<p><strong>6- E se eu perder o prazo de atendimento, o que acontece?<\/strong><\/p>\n\n\n\n<p>Quem n\u00e3o buscar atendimento at\u00e9 o dia 6 de maio s\u00f3 poder\u00e1 tirar o t\u00edtulo, cadastrar a biometria e atualizar, transferir ou regularizar o t\u00edtulo quando o cadastro eleitoral for reaberto, no dia 3 de novembro.<\/p>\n\n\n\n<p>Se o seu t\u00edtulo estiver em situa\u00e7\u00e3o regular, n\u00e3o se preocupe: voc\u00ea vai poder votar em 2026, mas na cidade e se\u00e7\u00e3o eleitoral em que \u00e9 registrado atualmente. Voc\u00ea s\u00f3 n\u00e3o poder\u00e1 votar se o t\u00edtulo estiver cancelado.<\/p>\n\n\n\n<p><strong>7- O prazo poder\u00e1 ser prorrogado?<\/strong><\/p>\n\n\n\n<div id=\"110712\" class=\"advads-saneouro advads-entity-placement\" style=\"margin-left: auto;margin-right: auto;text-align: center;\"><a href=\"https:\/\/www.saneouro.com.br\/\" target=\"_blank\" aria-label=\"DOP_Site\" data-wpel-link=\"external\" rel=\"follow external noopener noreferrer sponsored ugc\"><img src=\"https:\/\/www.diariodeouropreto.com.br\/wp-content\/uploads\/2026\/04\/DOP_Site.jpg\" alt=\"\"  srcset=\"https:\/\/www.diariodeouropreto.com.br\/wp-content\/uploads\/2026\/04\/DOP_Site.jpg 301w, https:\/\/www.diariodeouropreto.com.br\/wp-content\/uploads\/2026\/04\/DOP_Site-180x150.jpg 180w, https:\/\/www.diariodeouropreto.com.br\/wp-content\/uploads\/2026\/04\/DOP_Site-14x12.jpg 14w\" sizes=\"(max-width: 301px) 100vw, 301px\" width=\"301\" height=\"251\"  style=\"display: inline-block;\" \/><\/a><\/div><p>N\u00e3o, porque ele \u00e9 definido em lei (<a href=\"https:\/\/www.tse.jus.br\/legislacao\/codigo-eleitoral\/lei-das-eleicoes\/sumario-lei-das-eleicoes-lei-nb0-9.504-de-30-de-setembro-de-1997\" target=\"_blank\" rel=\"noreferrer noopener follow external sponsored ugc\" data-wpel-link=\"external\">Lei 9.504\/97<\/a>, art. 91). Em 2026, o 1\u00ba turno das elei\u00e7\u00f5es ser\u00e1 no dia 4 de outubro. E a Lei das Elei\u00e7\u00f5es determina que o cadastro eleitoral fique fechado nos 150 dias anteriores \u00e0 data da elei\u00e7\u00e3o, ou seja, nenhum requerimento pode ser feito a partir de 7 de maio.<\/p>\n\n\n\n<div id=\"50321\" class=\"advads-plantao advads-entity-placement\"><a href=\"https:\/\/www.diariodeouropreto.com.br\/pt\/\" target=\"_blank\" aria-label=\"site &#8211; noticia\" data-wpel-link=\"external\" rel=\"follow external noopener noreferrer sponsored ugc\"><img src=\"https:\/\/www.diariodeouropreto.com.br\/wp-content\/uploads\/2019\/09\/titulosite2-e1616373489755.jpg\" alt=\"\"  srcset=\"https:\/\/www.diariodeouropreto.com.br\/wp-content\/uploads\/2019\/09\/titulosite2-e1616373489755.jpg 1200w, https:\/\/www.diariodeouropreto.com.br\/wp-content\/uploads\/2019\/09\/titulosite2-e1616373489755-150x38.jpg 150w, https:\/\/www.diariodeouropreto.com.br\/wp-content\/uploads\/2019\/09\/titulosite2-e1616373489755-660x167.jpg 660w, https:\/\/www.diariodeouropreto.com.br\/wp-content\/uploads\/2019\/09\/titulosite2-e1616373489755-768x194.jpg 768w, https:\/\/www.diariodeouropreto.com.br\/wp-content\/uploads\/2019\/09\/titulosite2-e1616373489755-1000x252.jpg 1000w, https:\/\/www.diariodeouropreto.com.br\/wp-content\/uploads\/2019\/09\/titulosite2-e1616373489755-1536x388.jpg 1536w, https:\/\/www.diariodeouropreto.com.br\/wp-content\/uploads\/2019\/09\/titulosite2-e1616373489755-2048x517.jpg 2048w\" sizes=\"(max-width: 1200px) 100vw, 1200px\" width=\"1200\" height=\"303\"  style=\"display: inline-block;\" \/><\/a><\/div><p>Fonte: Assessoria TRE-MG<\/p>","protected":false},"excerpt":{"rendered":"<p>Tire suas d\u00favidas sobre o fechamento do cadastro eleitoral Eleitoras e eleitores t\u00eam apenas at\u00e9 o dia 6 de maio para ficarem com o t\u00edtulo em dia e poderem votar nas Elei\u00e7\u00f5es 2026. Faltam menos de dez dias, mas ainda d\u00e1 tempo de buscar atendimento para cadastrar a biometria, tirar<span class=\"more-link\"><a href=\"https:\/\/www.diariodeouropreto.com.br\/pt\/prazo-para-eleitor-buscar-atendimento-termina-no-dia-6-de-maio\/\" data-wpel-link=\"internal\">Continue Lendo<\/a><\/span><\/p>","protected":false},"author":1,"featured_media":17996,"comment_status":"closed","ping_status":"closed","sticky":false,"template":"","format":"standard","meta":{"_jetpack_memberships_contains_paid_content":false,"footnotes":"","jetpack_publicize_message":"Tire suas d\u00favidas sobre o fechamento do cadastro eleitoral","jetpack_publicize_feature_enabled":true,"jetpack_social_post_already_shared":false,"jetpack_social_options":{"image_generator_settings":{"template":"highway","default_image_id":0,"font":"","enabled":false},"version":2}},"categories":[68],"tags":[],"class_list":["entry","author-diario","post-51981","post","type-post","status-publish","format-standard","has-post-thumbnail","category-eleicoes"],"yoast_head":"<!-- This site is optimized with the Yoast SEO plugin v27.4 - https:\/\/yoast.com\/product\/yoast-seo-wordpress\/ -->\n<title>Prazo para eleitor buscar atendimento termina no dia 6 de maio - Di\u00e1rio de Ouro Preto<\/title>\n<meta name=\"description\" content=\"Tire suas d\u00favidas sobre o fechamento do cadastro eleitoral- Prazo para eleitor buscar atendimento termina no dia 6 de maio - Elei\u00e7\u00f5es\" \/>\n<meta name=\"robots\" content=\"index, follow, max-snippet:-1, max-image-preview:large, max-video-preview:-1\" \/>\n<link rel=\"canonical\" href=\"https:\/\/www.diariodeouropreto.com.br\/pt\/prazo-para-eleitor-buscar-atendimento-termina-no-dia-6-de-maio\/\" \/>\n<meta property=\"og:locale\" content=\"pt_PT\" \/>\n<meta property=\"og:type\" content=\"article\" \/>\n<meta property=\"og:title\" content=\"Prazo para eleitor buscar atendimento termina no dia 6 de maio - Di\u00e1rio de Ouro Preto\" \/>\n<meta property=\"og:description\" content=\"Tire suas d\u00favidas sobre o fechamento do cadastro eleitoral- Prazo para eleitor buscar atendimento termina no dia 6 de maio - Elei\u00e7\u00f5es\" \/>\n<meta property=\"og:url\" content=\"https:\/\/www.diariodeouropreto.com.br\/pt\/prazo-para-eleitor-buscar-atendimento-termina-no-dia-6-de-maio\/\" \/>\n<meta property=\"og:site_name\" content=\"Di\u00e1rio de Ouro Preto\" \/>\n<meta property=\"article:publisher\" content=\"https:\/\/www.facebook.com\/diariodeouropreto\/\" \/>\n<meta property=\"article:published_time\" content=\"2026-04-27T17:42:31+00:00\" \/>\n<meta property=\"article:modified_time\" content=\"2026-04-27T18:00:25+00:00\" \/>\n<meta property=\"og:image\" content=\"https:\/\/www.diariodeouropreto.com.br\/wp-content\/uploads\/2022\/08\/urna_jose_cruz_2350.jpg\" \/>\n\t<meta property=\"og:image:width\" content=\"1170\" \/>\n\t<meta property=\"og:image:height\" content=\"700\" \/>\n\t<meta property=\"og:image:type\" content=\"image\/jpeg\" \/>\n<meta name=\"author\" content=\"Di\u00e1rio de Ouro Preto\" \/>\n<meta name=\"twitter:card\" content=\"summary_large_image\" \/>\n<meta name=\"twitter:label1\" content=\"Escrito por\" \/>\n\t<meta name=\"twitter:data1\" content=\"Di\u00e1rio de Ouro Preto\" \/>\n\t<meta name=\"twitter:label2\" content=\"Tempo estimado de leitura\" \/>\n\t<meta name=\"twitter:data2\" content=\"4 minutos\" \/>\n<script type=\"application\/ld+json\" class=\"yoast-schema-graph\">{\"@context\":\"https:\\\/\\\/schema.org\",\"@graph\":[{\"@type\":\"Article\",\"@id\":\"https:\\\/\\\/www.diariodeouropreto.com.br\\\/prazo-para-eleitor-buscar-atendimento-termina-no-dia-6-de-maio\\\/#article\",\"isPartOf\":{\"@id\":\"https:\\\/\\\/www.diariodeouropreto.com.br\\\/prazo-para-eleitor-buscar-atendimento-termina-no-dia-6-de-maio\\\/\"},\"author\":{\"name\":\"Di\u00e1rio de Ouro Preto\",\"@id\":\"https:\\\/\\\/www.diariodeouropreto.com.br\\\/pt\\\/#\\\/schema\\\/person\\\/7654e7b471204a6dab6dc0ce6e140c99\"},\"headline\":\"Prazo para eleitor buscar atendimento termina no dia 6 de maio\",\"datePublished\":\"2026-04-27T17:42:31+00:00\",\"dateModified\":\"2026-04-27T18:00:25+00:00\",\"mainEntityOfPage\":{\"@id\":\"https:\\\/\\\/www.diariodeouropreto.com.br\\\/prazo-para-eleitor-buscar-atendimento-termina-no-dia-6-de-maio\\\/\"},\"wordCount\":590,\"publisher\":{\"@id\":\"https:\\\/\\\/www.diariodeouropreto.com.br\\\/pt\\\/#organization\"},\"image\":{\"@id\":\"https:\\\/\\\/www.diariodeouropreto.com.br\\\/prazo-para-eleitor-buscar-atendimento-termina-no-dia-6-de-maio\\\/#primaryimage\"},\"thumbnailUrl\":\"https:\\\/\\\/www.diariodeouropreto.com.br\\\/wp-content\\\/uploads\\\/2022\\\/08\\\/urna_jose_cruz_2350.jpg\",\"articleSection\":[\"Elei\u00e7\u00f5es\"],\"inLanguage\":\"pt-PT\"},{\"@type\":\"WebPage\",\"@id\":\"https:\\\/\\\/www.diariodeouropreto.com.br\\\/prazo-para-eleitor-buscar-atendimento-termina-no-dia-6-de-maio\\\/\",\"url\":\"https:\\\/\\\/www.diariodeouropreto.com.br\\\/prazo-para-eleitor-buscar-atendimento-termina-no-dia-6-de-maio\\\/\",\"name\":\"Prazo para eleitor buscar atendimento termina no dia 6 de maio - Di\u00e1rio de Ouro Preto\",\"isPartOf\":{\"@id\":\"https:\\\/\\\/www.diariodeouropreto.com.br\\\/pt\\\/#website\"},\"primaryImageOfPage\":{\"@id\":\"https:\\\/\\\/www.diariodeouropreto.com.br\\\/prazo-para-eleitor-buscar-atendimento-termina-no-dia-6-de-maio\\\/#primaryimage\"},\"image\":{\"@id\":\"https:\\\/\\\/www.diariodeouropreto.com.br\\\/prazo-para-eleitor-buscar-atendimento-termina-no-dia-6-de-maio\\\/#primaryimage\"},\"thumbnailUrl\":\"https:\\\/\\\/www.diariodeouropreto.com.br\\\/wp-content\\\/uploads\\\/2022\\\/08\\\/urna_jose_cruz_2350.jpg\",\"datePublished\":\"2026-04-27T17:42:31+00:00\",\"dateModified\":\"2026-04-27T18:00:25+00:00\",\"description\":\"Tire suas d\u00favidas sobre o fechamento do cadastro eleitoral- Prazo para eleitor buscar atendimento termina no dia 6 de maio - Elei\u00e7\u00f5es\",\"breadcrumb\":{\"@id\":\"https:\\\/\\\/www.diariodeouropreto.com.br\\\/prazo-para-eleitor-buscar-atendimento-termina-no-dia-6-de-maio\\\/#breadcrumb\"},\"inLanguage\":\"pt-PT\",\"potentialAction\":[{\"@type\":\"ReadAction\",\"target\":[\"https:\\\/\\\/www.diariodeouropreto.com.br\\\/prazo-para-eleitor-buscar-atendimento-termina-no-dia-6-de-maio\\\/\"]}]},{\"@type\":\"ImageObject\",\"inLanguage\":\"pt-PT\",\"@id\":\"https:\\\/\\\/www.diariodeouropreto.com.br\\\/prazo-para-eleitor-buscar-atendimento-termina-no-dia-6-de-maio\\\/#primaryimage\",\"url\":\"https:\\\/\\\/www.diariodeouropreto.com.br\\\/wp-content\\\/uploads\\\/2022\\\/08\\\/urna_jose_cruz_2350.jpg\",\"contentUrl\":\"https:\\\/\\\/www.diariodeouropreto.com.br\\\/wp-content\\\/uploads\\\/2022\\\/08\\\/urna_jose_cruz_2350.jpg\",\"width\":1170,\"height\":700,\"caption\":\"O Tribunal Superior Eleitoral (TSE) conclui a assinatura digital e lacra\u00e7\u00e3o dos sistemas eleitorais que ser\u00e3o usados nas elei\u00e7\u00f5es de outubro (Jos\u00e9 Cruz\\\/Ag\u00eancia Brasil)\"},{\"@type\":\"BreadcrumbList\",\"@id\":\"https:\\\/\\\/www.diariodeouropreto.com.br\\\/prazo-para-eleitor-buscar-atendimento-termina-no-dia-6-de-maio\\\/#breadcrumb\",\"itemListElement\":[{\"@type\":\"ListItem\",\"position\":1,\"name\":\"In\u00edcio\",\"item\":\"https:\\\/\\\/www.diariodeouropreto.com.br\\\/pt\\\/\"},{\"@type\":\"ListItem\",\"position\":2,\"name\":\"Prazo para eleitor buscar atendimento termina no dia 6 de maio\"}]},{\"@type\":\"WebSite\",\"@id\":\"https:\\\/\\\/www.diariodeouropreto.com.br\\\/pt\\\/#website\",\"url\":\"https:\\\/\\\/www.diariodeouropreto.com.br\\\/pt\\\/\",\"name\":\"Di\u00e1rio de Ouro Preto\",\"description\":\"Not\u00edcias Ouro Preto; Mariana;Minas Gerais;Jornal;Jornalismo;Not\u00edcias;\",\"publisher\":{\"@id\":\"https:\\\/\\\/www.diariodeouropreto.com.br\\\/pt\\\/#organization\"},\"alternateName\":\"Jornal di\u00e1rio de Ouro Preto\",\"potentialAction\":[{\"@type\":\"SearchAction\",\"target\":{\"@type\":\"EntryPoint\",\"urlTemplate\":\"https:\\\/\\\/www.diariodeouropreto.com.br\\\/pt\\\/?s={search_term_string}\"},\"query-input\":{\"@type\":\"PropertyValueSpecification\",\"valueRequired\":true,\"valueName\":\"search_term_string\"}}],\"inLanguage\":\"pt-PT\"},{\"@type\":\"Organization\",\"@id\":\"https:\\\/\\\/www.diariodeouropreto.com.br\\\/pt\\\/#organization\",\"name\":\"Di\u00e1rio de Ouro Preto\",\"alternateName\":\"Jornal di\u00e1rio Ouro Preto\",\"url\":\"https:\\\/\\\/www.diariodeouropreto.com.br\\\/pt\\\/\",\"logo\":{\"@type\":\"ImageObject\",\"inLanguage\":\"pt-PT\",\"@id\":\"https:\\\/\\\/www.diariodeouropreto.com.br\\\/pt\\\/#\\\/schema\\\/logo\\\/image\\\/\",\"url\":\"https:\\\/\\\/www.diariodeouropreto.com.br\\\/wp-content\\\/uploads\\\/2019\\\/06\\\/cropped-logotransp-2.png\",\"contentUrl\":\"https:\\\/\\\/www.diariodeouropreto.com.br\\\/wp-content\\\/uploads\\\/2019\\\/06\\\/cropped-logotransp-2.png\",\"width\":1323,\"height\":251,\"caption\":\"Di\u00e1rio de Ouro Preto\"},\"image\":{\"@id\":\"https:\\\/\\\/www.diariodeouropreto.com.br\\\/pt\\\/#\\\/schema\\\/logo\\\/image\\\/\"},\"sameAs\":[\"https:\\\/\\\/www.facebook.com\\\/diariodeouropreto\\\/\"]},{\"@type\":\"Person\",\"@id\":\"https:\\\/\\\/www.diariodeouropreto.com.br\\\/pt\\\/#\\\/schema\\\/person\\\/7654e7b471204a6dab6dc0ce6e140c99\",\"name\":\"Di\u00e1rio de Ouro Preto\",\"sameAs\":[\"http:\\\/\\\/www.diariodeouropreto.com.br\"],\"url\":\"https:\\\/\\\/www.diariodeouropreto.com.br\\\/pt\\\/author\\\/diario\\\/\"}]}<\/script>\n<!-- \/ Yoast SEO plugin. -->","yoast_head_json":{"title":"Prazo para eleitor buscar atendimento termina no dia 6 de maio - Di\u00e1rio de Ouro Preto","description":"Tire suas d\u00favidas sobre o fechamento do cadastro eleitoral- Prazo para eleitor buscar atendimento termina no dia 6 de maio - Elei\u00e7\u00f5es","robots":{"index":"index","follow":"follow","max-snippet":"max-snippet:-1","max-image-preview":"max-image-preview:large","max-video-preview":"max-video-preview:-1"},"canonical":"https:\/\/www.diariodeouropreto.com.br\/pt\/prazo-para-eleitor-buscar-atendimento-termina-no-dia-6-de-maio\/","og_locale":"pt_PT","og_type":"article","og_title":"Prazo para eleitor buscar atendimento termina no dia 6 de maio - Di\u00e1rio de Ouro Preto","og_description":"Tire suas d\u00favidas sobre o fechamento do cadastro eleitoral- Prazo para eleitor buscar atendimento termina no dia 6 de maio - Elei\u00e7\u00f5es","og_url":"https:\/\/www.diariodeouropreto.com.br\/pt\/prazo-para-eleitor-buscar-atendimento-termina-no-dia-6-de-maio\/","og_site_name":"Di\u00e1rio de Ouro Preto","article_publisher":"https:\/\/www.facebook.com\/diariodeouropreto\/","article_published_time":"2026-04-27T17:42:31+00:00","article_modified_time":"2026-04-27T18:00:25+00:00","og_image":[{"width":1170,"height":700,"url":"https:\/\/www.diariodeouropreto.com.br\/wp-content\/uploads\/2022\/08\/urna_jose_cruz_2350.jpg","type":"image\/jpeg"}],"author":"Di\u00e1rio de Ouro Preto","twitter_card":"summary_large_image","twitter_misc":{"Escrito por":"Di\u00e1rio de Ouro Preto","Tempo estimado de leitura":"4 minutos"},"schema":{"@context":"https:\/\/schema.org","@graph":[{"@type":"Article","@id":"https:\/\/www.diariodeouropreto.com.br\/prazo-para-eleitor-buscar-atendimento-termina-no-dia-6-de-maio\/#article","isPartOf":{"@id":"https:\/\/www.diariodeouropreto.com.br\/prazo-para-eleitor-buscar-atendimento-termina-no-dia-6-de-maio\/"},"author":{"name":"Di\u00e1rio de Ouro Preto","@id":"https:\/\/www.diariodeouropreto.com.br\/pt\/#\/schema\/person\/7654e7b471204a6dab6dc0ce6e140c99"},"headline":"Prazo para eleitor buscar atendimento termina no dia 6 de maio","datePublished":"2026-04-27T17:42:31+00:00","dateModified":"2026-04-27T18:00:25+00:00","mainEntityOfPage":{"@id":"https:\/\/www.diariodeouropreto.com.br\/prazo-para-eleitor-buscar-atendimento-termina-no-dia-6-de-maio\/"},"wordCount":590,"publisher":{"@id":"https:\/\/www.diariodeouropreto.com.br\/pt\/#organization"},"image":{"@id":"https:\/\/www.diariodeouropreto.com.br\/prazo-para-eleitor-buscar-atendimento-termina-no-dia-6-de-maio\/#primaryimage"},"thumbnailUrl":"https:\/\/www.diariodeouropreto.com.br\/wp-content\/uploads\/2022\/08\/urna_jose_cruz_2350.jpg","articleSection":["Elei\u00e7\u00f5es"],"inLanguage":"pt-PT"},{"@type":"WebPage","@id":"https:\/\/www.diariodeouropreto.com.br\/prazo-para-eleitor-buscar-atendimento-termina-no-dia-6-de-maio\/","url":"https:\/\/www.diariodeouropreto.com.br\/prazo-para-eleitor-buscar-atendimento-termina-no-dia-6-de-maio\/","name":"Prazo para eleitor buscar atendimento termina no dia 6 de maio - Di\u00e1rio de Ouro Preto","isPartOf":{"@id":"https:\/\/www.diariodeouropreto.com.br\/pt\/#website"},"primaryImageOfPage":{"@id":"https:\/\/www.diariodeouropreto.com.br\/prazo-para-eleitor-buscar-atendimento-termina-no-dia-6-de-maio\/#primaryimage"},"image":{"@id":"https:\/\/www.diariodeouropreto.com.br\/prazo-para-eleitor-buscar-atendimento-termina-no-dia-6-de-maio\/#primaryimage"},"thumbnailUrl":"https:\/\/www.diariodeouropreto.com.br\/wp-content\/uploads\/2022\/08\/urna_jose_cruz_2350.jpg","datePublished":"2026-04-27T17:42:31+00:00","dateModified":"2026-04-27T18:00:25+00:00","description":"Tire suas d\u00favidas sobre o fechamento do cadastro eleitoral- Prazo para eleitor buscar atendimento termina no dia 6 de maio - Elei\u00e7\u00f5es","breadcrumb":{"@id":"https:\/\/www.diariodeouropreto.com.br\/prazo-para-eleitor-buscar-atendimento-termina-no-dia-6-de-maio\/#breadcrumb"},"inLanguage":"pt-PT","potentialAction":[{"@type":"ReadAction","target":["https:\/\/www.diariodeouropreto.com.br\/prazo-para-eleitor-buscar-atendimento-termina-no-dia-6-de-maio\/"]}]},{"@type":"ImageObject","inLanguage":"pt-PT","@id":"https:\/\/www.diariodeouropreto.com.br\/prazo-para-eleitor-buscar-atendimento-termina-no-dia-6-de-maio\/#primaryimage","url":"https:\/\/www.diariodeouropreto.com.br\/wp-content\/uploads\/2022\/08\/urna_jose_cruz_2350.jpg","contentUrl":"https:\/\/www.diariodeouropreto.com.br\/wp-content\/uploads\/2022\/08\/urna_jose_cruz_2350.jpg","width":1170,"height":700,"caption":"O Tribunal Superior Eleitoral (TSE) conclui a assinatura digital e lacra\u00e7\u00e3o dos sistemas eleitorais que ser\u00e3o usados nas elei\u00e7\u00f5es de outubro (Jos\u00e9 Cruz\/Ag\u00eancia Brasil)"},{"@type":"BreadcrumbList","@id":"https:\/\/www.diariodeouropreto.com.br\/prazo-para-eleitor-buscar-atendimento-termina-no-dia-6-de-maio\/#breadcrumb","itemListElement":[{"@type":"ListItem","position":1,"name":"In\u00edcio","item":"https:\/\/www.diariodeouropreto.com.br\/pt\/"},{"@type":"ListItem","position":2,"name":"Prazo para eleitor buscar atendimento termina no dia 6 de maio"}]},{"@type":"WebSite","@id":"https:\/\/www.diariodeouropreto.com.br\/pt\/#website","url":"https:\/\/www.diariodeouropreto.com.br\/pt\/","name":"Di\u00e1rio de Ouro Preto","description":"Not\u00edcias Ouro Preto; Mariana;Minas Gerais;Jornal;Jornalismo;Not\u00edcias;","publisher":{"@id":"https:\/\/www.diariodeouropreto.com.br\/pt\/#organization"},"alternateName":"Jornal di\u00e1rio de Ouro Preto","potentialAction":[{"@type":"SearchAction","target":{"@type":"EntryPoint","urlTemplate":"https:\/\/www.diariodeouropreto.com.br\/pt\/?s={search_term_string}"},"query-input":{"@type":"PropertyValueSpecification","valueRequired":true,"valueName":"search_term_string"}}],"inLanguage":"pt-PT"},{"@type":"Organization","@id":"https:\/\/www.diariodeouropreto.com.br\/pt\/#organization","name":"Di\u00e1rio de Ouro Preto","alternateName":"Jornal di\u00e1rio Ouro Preto","url":"https:\/\/www.diariodeouropreto.com.br\/pt\/","logo":{"@type":"ImageObject","inLanguage":"pt-PT","@id":"https:\/\/www.diariodeouropreto.com.br\/pt\/#\/schema\/logo\/image\/","url":"https:\/\/www.diariodeouropreto.com.br\/wp-content\/uploads\/2019\/06\/cropped-logotransp-2.png","contentUrl":"https:\/\/www.diariodeouropreto.com.br\/wp-content\/uploads\/2019\/06\/cropped-logotransp-2.png","width":1323,"height":251,"caption":"Di\u00e1rio de Ouro Preto"},"image":{"@id":"https:\/\/www.diariodeouropreto.com.br\/pt\/#\/schema\/logo\/image\/"},"sameAs":["https:\/\/www.facebook.com\/diariodeouropreto\/"]},{"@type":"Person","@id":"https:\/\/www.diariodeouropreto.com.br\/pt\/#\/schema\/person\/7654e7b471204a6dab6dc0ce6e140c99","name":"Di\u00e1rio de Ouro Preto","sameAs":["http:\/\/www.diariodeouropreto.com.br"],"url":"https:\/\/www.diariodeouropreto.com.br\/pt\/author\/diario\/"}]}},"jetpack_publicize_connections":[],"jetpack_featured_media_url":"https:\/\/www.diariodeouropreto.com.br\/wp-content\/uploads\/2022\/08\/urna_jose_cruz_2350.jpg","jetpack-related-posts":[{"id":32774,"url":"https:\/\/www.diariodeouropreto.com.br\/pt\/contagem-regressiva-falta-uma-semana-para-o-fechamento-do-cadastro-eleitoral\/","url_meta":{"origin":51981,"position":0},"title":"Contagem regressiva: \u00e9 amanh\u00e3 o fechamento do cadastro eleitoral","author":"Di\u00e1rio de Ouro Preto","date":"7 de Maio de 2024","format":false,"excerpt":"Interessados t\u00eam at\u00e9 8 de maio para tirar o t\u00edtulo, realizar mudan\u00e7as no cadastro eleitoral ou colher a biometria para as Elei\u00e7\u00f5es 2024","rel":"","context":"In &quot;Elei\u00e7\u00f5es&quot;","block_context":{"text":"Elei\u00e7\u00f5es","link":"https:\/\/www.diariodeouropreto.com.br\/pt\/Editoria\/eleicoes\/"},"img":{"alt_text":"","src":"https:\/\/i0.wp.com\/www.diariodeouropreto.com.br\/wp-content\/uploads\/2024\/04\/urna_agbr_jc.webp?resize=350%2C200&ssl=1","width":350,"height":200,"srcset":"https:\/\/i0.wp.com\/www.diariodeouropreto.com.br\/wp-content\/uploads\/2024\/04\/urna_agbr_jc.webp?resize=350%2C200&ssl=1 1x, https:\/\/i0.wp.com\/www.diariodeouropreto.com.br\/wp-content\/uploads\/2024\/04\/urna_agbr_jc.webp?resize=525%2C300&ssl=1 1.5x, https:\/\/i0.wp.com\/www.diariodeouropreto.com.br\/wp-content\/uploads\/2024\/04\/urna_agbr_jc.webp?resize=700%2C400&ssl=1 2x, https:\/\/i0.wp.com\/www.diariodeouropreto.com.br\/wp-content\/uploads\/2024\/04\/urna_agbr_jc.webp?resize=1050%2C600&ssl=1 3x"},"classes":[]},{"id":2885,"url":"https:\/\/www.diariodeouropreto.com.br\/pt\/eleitores-tem-ate-06-de-maio-para-fazerem-o-primeiro-titulo-transferencia-e-regularizacao\/","url_meta":{"origin":51981,"position":1},"title":"Eleitores t\u00eam at\u00e9 06 de maio para fazerem o primeiro t\u00edtulo, transfer\u00eancia e regulariza\u00e7\u00e3o","author":"Di\u00e1rio de Ouro Preto","date":"30 de Abril de 2020","format":false,"excerpt":"O dia 06 de maio marca o fechamento do cadastro eleitoral. Nessa data, termina o prazo para quem quer votar nas Elei\u00e7\u00f5es 2020 fazer a primeira via do t\u00edtulo, transfer\u00eancia de munic\u00edpio, atualiza\u00e7\u00e3o ou regulariza\u00e7\u00e3o do cadastro.\u00a0 Os atendimentos para esses servi\u00e7os podem ser solicitados no site do TRE, por\u2026","rel":"","context":"In &quot;Minas Gerais&quot;","block_context":{"text":"Minas Gerais","link":"https:\/\/www.diariodeouropreto.com.br\/pt\/Editoria\/minas-gerais\/"},"img":{"alt_text":"","src":"https:\/\/i0.wp.com\/www.diariodeouropreto.com.br\/wp-content\/uploads\/2020\/03\/logo_cor-e1591743213355.jpg?resize=350%2C200&ssl=1","width":350,"height":200},"classes":[]},{"id":30768,"url":"https:\/\/www.diariodeouropreto.com.br\/pt\/cadastro-eleitoral-fecha-em-dois-meses-procure-o-cartorio-eleitoral-mais-proximo\/","url_meta":{"origin":51981,"position":2},"title":"Cadastro eleitoral fecha em dois meses: procure o cart\u00f3rio eleitoral mais pr\u00f3ximo","author":"Di\u00e1rio de Ouro Preto","date":"11 de Mar\u00e7o de 2024","format":false,"excerpt":"Tire o t\u00edtulo, fa\u00e7a a biometria e regularize pend\u00eancias at\u00e9 o dia 8 de maio. N\u00e3o deixe para as v\u00e9speras do fechamento do cadastro Elei\u00e7\u00f5es 2024: faltam dois meses para eleitoras e eleitores solicitarem a emiss\u00e3o da primeira via do documento (alistamento eleitoral), a revis\u00e3o de seus dados, a transfer\u00eancia\u2026","rel":"","context":"In &quot;Elei\u00e7\u00f5es&quot;","block_context":{"text":"Elei\u00e7\u00f5es","link":"https:\/\/www.diariodeouropreto.com.br\/pt\/Editoria\/eleicoes\/"},"img":{"alt_text":"","src":"https:\/\/i0.wp.com\/www.diariodeouropreto.com.br\/wp-content\/uploads\/2020\/05\/etitulo.jpg?resize=350%2C200&ssl=1","width":350,"height":200,"srcset":"https:\/\/i0.wp.com\/www.diariodeouropreto.com.br\/wp-content\/uploads\/2020\/05\/etitulo.jpg?resize=350%2C200&ssl=1 1x, https:\/\/i0.wp.com\/www.diariodeouropreto.com.br\/wp-content\/uploads\/2020\/05\/etitulo.jpg?resize=525%2C300&ssl=1 1.5x, https:\/\/i0.wp.com\/www.diariodeouropreto.com.br\/wp-content\/uploads\/2020\/05\/etitulo.jpg?resize=700%2C400&ssl=1 2x, https:\/\/i0.wp.com\/www.diariodeouropreto.com.br\/wp-content\/uploads\/2020\/05\/etitulo.jpg?resize=1050%2C600&ssl=1 3x"},"classes":[]},{"id":31603,"url":"https:\/\/www.diariodeouropreto.com.br\/pt\/prazo-para-tirar-transferir-e-regularizar-o-titulo-eleitoral-termina-em-um-mes\/","url_meta":{"origin":51981,"position":3},"title":"Prazo para tirar, transferir e regularizar o t\u00edtulo eleitoral termina em um m\u00eas","author":"Di\u00e1rio de Ouro Preto","date":"9 de Abril de 2024","format":false,"excerpt":"Cadastro eleitoral fecha no dia 8 de maio Eleitoras e eleitores t\u00eam apenas mais um m\u00eas para regularizar a situa\u00e7\u00e3o eleitoral, solicitar a transfer\u00eancia de domic\u00edlio eleitoral, atualizar dados cadastrais e colher a biometria para quem ainda n\u00e3o realizou esse procedimento. Ap\u00f3s o dia 8 de maio, o cadastro do\u2026","rel":"","context":"In &quot;Elei\u00e7\u00f5es&quot;","block_context":{"text":"Elei\u00e7\u00f5es","link":"https:\/\/www.diariodeouropreto.com.br\/pt\/Editoria\/eleicoes\/"},"img":{"alt_text":"","src":"https:\/\/i0.wp.com\/www.diariodeouropreto.com.br\/wp-content\/uploads\/2020\/05\/etitulo.jpg?resize=350%2C200&ssl=1","width":350,"height":200,"srcset":"https:\/\/i0.wp.com\/www.diariodeouropreto.com.br\/wp-content\/uploads\/2020\/05\/etitulo.jpg?resize=350%2C200&ssl=1 1x, https:\/\/i0.wp.com\/www.diariodeouropreto.com.br\/wp-content\/uploads\/2020\/05\/etitulo.jpg?resize=525%2C300&ssl=1 1.5x, https:\/\/i0.wp.com\/www.diariodeouropreto.com.br\/wp-content\/uploads\/2020\/05\/etitulo.jpg?resize=700%2C400&ssl=1 2x, https:\/\/i0.wp.com\/www.diariodeouropreto.com.br\/wp-content\/uploads\/2020\/05\/etitulo.jpg?resize=1050%2C600&ssl=1 3x"},"classes":[]},{"id":15453,"url":"https:\/\/www.diariodeouropreto.com.br\/pt\/justica-eleitoral-bate-recordes-de-atendimentos-no-dia-do-fechamento-do-cadastro-eleitoral\/","url_meta":{"origin":51981,"position":4},"title":"Justi\u00e7a Eleitoral bate recordes de atendimentos no dia do fechamento do cadastro eleitoral","author":"Di\u00e1rio de Ouro Preto","date":"4 de Maio de 2022","format":false,"excerpt":"Somente nesta quarta-feira (4) foram registrados mais de 1,3 milh\u00e3o de pedidos, maior n\u00famero para um \u00fanico dia na hist\u00f3ria A Justi\u00e7a Eleitoral (JE) superou todas as marcas hist\u00f3ricas de atendimentos nas \u00faltimas horas da data final do fechamento do cadastro eleitoral de 2022. Ao todo, foram 8.553.519 milh\u00f5es de\u2026","rel":"","context":"In &quot;Brasil&quot;","block_context":{"text":"Brasil","link":"https:\/\/www.diariodeouropreto.com.br\/pt\/Editoria\/brasil\/"},"img":{"alt_text":"","src":"https:\/\/i0.wp.com\/www.diariodeouropreto.com.br\/wp-content\/uploads\/2021\/08\/50429211162_0650c65996_o_0.jpg?resize=350%2C200&ssl=1","width":350,"height":200,"srcset":"https:\/\/i0.wp.com\/www.diariodeouropreto.com.br\/wp-content\/uploads\/2021\/08\/50429211162_0650c65996_o_0.jpg?resize=350%2C200&ssl=1 1x, https:\/\/i0.wp.com\/www.diariodeouropreto.com.br\/wp-content\/uploads\/2021\/08\/50429211162_0650c65996_o_0.jpg?resize=525%2C300&ssl=1 1.5x, https:\/\/i0.wp.com\/www.diariodeouropreto.com.br\/wp-content\/uploads\/2021\/08\/50429211162_0650c65996_o_0.jpg?resize=700%2C400&ssl=1 2x, https:\/\/i0.wp.com\/www.diariodeouropreto.com.br\/wp-content\/uploads\/2021\/08\/50429211162_0650c65996_o_0.jpg?resize=1050%2C600&ssl=1 3x"},"classes":[]},{"id":15421,"url":"https:\/\/www.diariodeouropreto.com.br\/pt\/regularizacao-de-titulo-eleitoral-leva-tse-a-suspender-outros-servicos\/","url_meta":{"origin":51981,"position":5},"title":"Regulariza\u00e7\u00e3o de t\u00edtulo eleitoral leva TSE a suspender outros servi\u00e7os","author":"Di\u00e1rio de Ouro Preto","date":"4 de Maio de 2022","format":false,"excerpt":"O aumento no n\u00famero de atendimentos registrados pelo site do Tribunal Superior Eleitoral (TSE) para solicita\u00e7\u00e3o virtual de t\u00edtulos de eleitor e requerimentos de alistamento eleitoral (RAEs) nos cart\u00f3rios, na reta final do cadastramento, levaram o TSE a tirar do ar, temporariamente, alguns servi\u00e7os que n\u00e3o impactam a retirada do\u2026","rel":"","context":"In &quot;Brasil&quot;","block_context":{"text":"Brasil","link":"https:\/\/www.diariodeouropreto.com.br\/pt\/Editoria\/brasil\/"},"img":{"alt_text":"","src":"https:\/\/i0.wp.com\/www.diariodeouropreto.com.br\/wp-content\/uploads\/2020\/05\/antcrz_abr_1909185135df.jpg?resize=350%2C200&ssl=1","width":350,"height":200,"srcset":"https:\/\/i0.wp.com\/www.diariodeouropreto.com.br\/wp-content\/uploads\/2020\/05\/antcrz_abr_1909185135df.jpg?resize=350%2C200&ssl=1 1x, https:\/\/i0.wp.com\/www.diariodeouropreto.com.br\/wp-content\/uploads\/2020\/05\/antcrz_abr_1909185135df.jpg?resize=525%2C300&ssl=1 1.5x, https:\/\/i0.wp.com\/www.diariodeouropreto.com.br\/wp-content\/uploads\/2020\/05\/antcrz_abr_1909185135df.jpg?resize=700%2C400&ssl=1 2x, https:\/\/i0.wp.com\/www.diariodeouropreto.com.br\/wp-content\/uploads\/2020\/05\/antcrz_abr_1909185135df.jpg?resize=1050%2C600&ssl=1 3x"},"classes":[]}],"jetpack_sharing_enabled":true,"amp_enabled":true,"_links":{"self":[{"href":"https:\/\/www.diariodeouropreto.com.br\/pt\/wp-json\/wp\/v2\/posts\/51981","targetHints":{"allow":["GET"]}}],"collection":[{"href":"https:\/\/www.diariodeouropreto.com.br\/pt\/wp-json\/wp\/v2\/posts"}],"about":[{"href":"https:\/\/www.diariodeouropreto.com.br\/pt\/wp-json\/wp\/v2\/types\/post"}],"author":[{"embeddable":true,"href":"https:\/\/www.diariodeouropreto.com.br\/pt\/wp-json\/wp\/v2\/users\/1"}],"replies":[{"embeddable":true,"href":"https:\/\/www.diariodeouropreto.com.br\/pt\/wp-json\/wp\/v2\/comments?post=51981"}],"version-history":[{"count":1,"href":"https:\/\/www.diariodeouropreto.com.br\/pt\/wp-json\/wp\/v2\/posts\/51981\/revisions"}],"predecessor-version":[{"id":51983,"href":"https:\/\/www.diariodeouropreto.com.br\/pt\/wp-json\/wp\/v2\/posts\/51981\/revisions\/51983"}],"wp:featuredmedia":[{"embeddable":true,"href":"https:\/\/www.diariodeouropreto.com.br\/pt\/wp-json\/wp\/v2\/media\/17996"}],"wp:attachment":[{"href":"https:\/\/www.diariodeouropreto.com.br\/pt\/wp-json\/wp\/v2\/media?parent=51981"}],"wp:term":[{"taxonomy":"category","embeddable":true,"href":"https:\/\/www.diariodeouropreto.com.br\/pt\/wp-json\/wp\/v2\/categories?post=51981"},{"taxonomy":"post_tag","embeddable":true,"href":"https:\/\/www.diariodeouropreto.com.br\/pt\/wp-json\/wp\/v2\/tags?post=51981"}],"curies":[{"name":"wp","href":"https:\/\/api.w.org\/{rel}","templated":true}]}}