{"id":51975,"date":"2026-04-27T13:45:00","date_gmt":"2026-04-27T16:45:00","guid":{"rendered":"https:\/\/www.diariodeouropreto.com.br\/?p=51975"},"modified":"2026-04-27T13:26:19","modified_gmt":"2026-04-27T16:26:19","slug":"centro-de-referencia-dos-direitos-humanos-e-inaugurado-em-mariana","status":"publish","type":"post","link":"https:\/\/www.diariodeouropreto.com.br\/pt\/centro-de-referencia-dos-direitos-humanos-e-inaugurado-em-mariana\/","title":{"rendered":"Centro de Refer\u00eancia dos Direitos Humanos \u00e9 inaugurado em Mariana"},"content":{"rendered":"<p>Na \u00faltima quarta-feira (22), a Prefeitura de Mariana, por meio da Secretaria de Assist\u00eancia Social, inaugurou o novo Centro de Refer\u00eancia dos Direitos Humanos (CRDH). O espa\u00e7o p\u00fablico foi criado com a proposta de acolher, orientar e promover direitos, fortalecendo no munic\u00edpio uma pol\u00edtica p\u00fablica cont\u00ednua, estruturada e voltada \u00e0 promo\u00e7\u00e3o da dignidade humana.<\/p>\n\n\n\n<figure class=\"wp-block-gallery has-nested-images columns-default is-cropped wp-block-gallery-1 is-layout-flex wp-block-gallery-is-layout-flex\">\n<figure class=\"wp-block-image size-large\"><img decoding=\"async\" width=\"1067\" height=\"800\" data-attachment-id=\"51978\" data-permalink=\"https:\/\/www.diariodeouropreto.com.br\/pt\/centro-de-referencia-dos-direitos-humanos-e-inaugurado-em-mariana\/img_9220-2\/\" data-orig-file=\"https:\/\/www.diariodeouropreto.com.br\/wp-content\/uploads\/2026\/04\/IMG_9220.jpg\" data-orig-size=\"1067,800\" data-comments-opened=\"0\" data-image-meta=\"{&quot;aperture&quot;:&quot;2.2&quot;,&quot;credit&quot;:&quot;&quot;,&quot;camera&quot;:&quot;iPhone 16 Pro Max&quot;,&quot;caption&quot;:&quot;&quot;,&quot;created_timestamp&quot;:&quot;1776873650&quot;,&quot;copyright&quot;:&quot;&quot;,&quot;focal_length&quot;:&quot;2.2200000286119&quot;,&quot;iso&quot;:&quot;64&quot;,&quot;shutter_speed&quot;:&quot;0.0083333333333333&quot;,&quot;title&quot;:&quot;&quot;,&quot;orientation&quot;:&quot;1&quot;}\" data-image-title=\"Centro de Refer\u00eancia dos Direitos Humanos \u00e9 inaugurado em Mariana\" data-image-description=\"\" data-image-caption=\"\" data-large-file=\"https:\/\/www.diariodeouropreto.com.br\/wp-content\/uploads\/2026\/04\/IMG_9220.jpg\" data-id=\"51978\" src=\"https:\/\/www.diariodeouropreto.com.br\/wp-content\/uploads\/2026\/04\/IMG_9220.jpg\" alt=\"\" class=\"wp-image-51978\" srcset=\"https:\/\/www.diariodeouropreto.com.br\/wp-content\/uploads\/2026\/04\/IMG_9220.jpg 1067w, https:\/\/www.diariodeouropreto.com.br\/wp-content\/uploads\/2026\/04\/IMG_9220-528x396.jpg 528w, https:\/\/www.diariodeouropreto.com.br\/wp-content\/uploads\/2026\/04\/IMG_9220-200x150.jpg 200w, https:\/\/www.diariodeouropreto.com.br\/wp-content\/uploads\/2026\/04\/IMG_9220-768x576.jpg 768w, https:\/\/www.diariodeouropreto.com.br\/wp-content\/uploads\/2026\/04\/IMG_9220-16x12.jpg 16w, https:\/\/www.diariodeouropreto.com.br\/wp-content\/uploads\/2026\/04\/IMG_9220-465x349.jpg 465w, https:\/\/www.diariodeouropreto.com.br\/wp-content\/uploads\/2026\/04\/IMG_9220-667x500.jpg 667w\" sizes=\"(max-width: 1067px) 100vw, 1067px\" \/><\/figure>\n\n\n\n<figure class=\"wp-block-image size-large\"><img decoding=\"async\" width=\"1067\" height=\"800\" data-attachment-id=\"51977\" data-permalink=\"https:\/\/www.diariodeouropreto.com.br\/pt\/centro-de-referencia-dos-direitos-humanos-e-inaugurado-em-mariana\/capa-2-3\/\" data-orig-file=\"https:\/\/www.diariodeouropreto.com.br\/wp-content\/uploads\/2026\/04\/CAPA-2.jpg\" data-orig-size=\"1067,800\" data-comments-opened=\"0\" data-image-meta=\"{&quot;aperture&quot;:&quot;1.78&quot;,&quot;credit&quot;:&quot;&quot;,&quot;camera&quot;:&quot;iPhone 16 Pro Max&quot;,&quot;caption&quot;:&quot;&quot;,&quot;created_timestamp&quot;:&quot;1776873606&quot;,&quot;copyright&quot;:&quot;&quot;,&quot;focal_length&quot;:&quot;6.7649998663709&quot;,&quot;iso&quot;:&quot;80&quot;,&quot;shutter_speed&quot;:&quot;0.0083333333333333&quot;,&quot;title&quot;:&quot;&quot;,&quot;orientation&quot;:&quot;1&quot;}\" data-image-title=\"Centro de Refer\u00eancia dos Direitos Humanos \u00e9 inaugurado em Mariana\" data-image-description=\"\" data-image-caption=\"\" data-large-file=\"https:\/\/www.diariodeouropreto.com.br\/wp-content\/uploads\/2026\/04\/CAPA-2.jpg\" data-id=\"51977\" src=\"https:\/\/www.diariodeouropreto.com.br\/wp-content\/uploads\/2026\/04\/CAPA-2.jpg\" alt=\"\" class=\"wp-image-51977\" srcset=\"https:\/\/www.diariodeouropreto.com.br\/wp-content\/uploads\/2026\/04\/CAPA-2.jpg 1067w, https:\/\/www.diariodeouropreto.com.br\/wp-content\/uploads\/2026\/04\/CAPA-2-528x396.jpg 528w, https:\/\/www.diariodeouropreto.com.br\/wp-content\/uploads\/2026\/04\/CAPA-2-200x150.jpg 200w, https:\/\/www.diariodeouropreto.com.br\/wp-content\/uploads\/2026\/04\/CAPA-2-768x576.jpg 768w, https:\/\/www.diariodeouropreto.com.br\/wp-content\/uploads\/2026\/04\/CAPA-2-16x12.jpg 16w, https:\/\/www.diariodeouropreto.com.br\/wp-content\/uploads\/2026\/04\/CAPA-2-465x349.jpg 465w, https:\/\/www.diariodeouropreto.com.br\/wp-content\/uploads\/2026\/04\/CAPA-2-667x500.jpg 667w\" sizes=\"(max-width: 1067px) 100vw, 1067px\" \/><\/figure>\n<\/figure>\n\n\n\n<p>A unidade oferecer\u00e1 servi\u00e7os destinados \u00e0 popula\u00e7\u00e3o LGBTQIAP+, aos povos e comunidades tradicionais e a outros grupos historicamente vulnerabilizados, tratando tamb\u00e9m quest\u00f5es etnico raciais. O atendimento ser\u00e1 realizado por meio de escuta qualificada, acompanhamento t\u00e9cnico e articula\u00e7\u00e3o com a rede de prote\u00e7\u00e3o e garantia de direitos.<\/p>\n\n\n\n<p>Edgar Barros, presidente do Conselho Municipal LGBTQIAP+, ressaltou a import\u00e2ncia do CRDH para o munic\u00edpio, onde mora desde os 6 anos, e destacou nunca ter presenciado um lugar de acolhimento como este em Mariana. \u201cVer esse espa\u00e7o nascer, na Primaz de Minas, como fruto do esfor\u00e7o das lutas sociais e da organiza\u00e7\u00e3o de mulheres, pessoas LGBTQIAP+, pessoas pretas, quilombolas, migrantes e imigrantes, al\u00e9m de trabalhadores do campo, nos d\u00e1 o entusiasmo necess\u00e1rio para seguir lutando pelo aperfei\u00e7oamento da democracia e pelo bem viver na nossa cidade\u201d, disse.<\/p>\n\n\n\n<p>A novidade tamb\u00e9m amplia e fortalece iniciativas j\u00e1 realizadas no munic\u00edpio, como o atendimento especializado \u00e0 popula\u00e7\u00e3o LGBTQIAP+, o acompanhamento de processos de retifica\u00e7\u00e3o de nome e g\u00eanero e a orienta\u00e7\u00e3o sobre o acesso a direitos. O local promover\u00e1 rodas de conversa, a\u00e7\u00f5es formativas e atividades de sensibiliza\u00e7\u00e3o, com foco na constru\u00e7\u00e3o de uma cultura de respeito \u00e0 diversidade. Os servi\u00e7os oferecidos pelo CRDH j\u00e1 est\u00e3o funcionando.&nbsp;<\/p>\n\n\n\n<p>Em depoimento, Raisa Campos, secret\u00e1ria do Movimento M\u00e3es da Resist\u00eancia e integrante do Conselho LGBTQIAP+, declarou que enquanto m\u00e3e de uma pessoa trans e sendo uma mulher LGBT e ind\u00edgena, o sentimento \u00e9 de orgulho pelo avan\u00e7o. \u201cPensando que o Brasil \u00e9 o pa\u00eds que mais mata pessoas LGBTs no mundo, um munic\u00edpio do tamanho de Mariana trazer essa pol\u00edtica p\u00fablica \u00e9 de uma gratid\u00e3o e de uma seguran\u00e7a enorme. Ter um espa\u00e7o f\u00edsico para encontrar os meus, pessoas como eu, pessoas como o meu filho, \u00e9 de muita import\u00e2ncia\u201d, completou.<\/p>\n\n\n\n<p>Iniciativas como essas reafirmam o compromisso da Prefeitura em construir uma cidade mais justa, plural e comprometida com a inclus\u00e3o, contribuindo para uma sociedade baseada no respeito \u00e0 diversidade.<\/p>\n\n\n\n<div id=\"110712\" class=\"advads-saneouro advads-entity-placement\" style=\"margin-left: auto;margin-right: auto;text-align: center;\"><a href=\"https:\/\/www.saneouro.com.br\/\" target=\"_blank\" aria-label=\"DOP_Site\" data-wpel-link=\"external\" rel=\"follow external noopener noreferrer sponsored ugc\"><img src=\"https:\/\/www.diariodeouropreto.com.br\/wp-content\/uploads\/2026\/04\/DOP_Site.jpg\" alt=\"\"  srcset=\"https:\/\/www.diariodeouropreto.com.br\/wp-content\/uploads\/2026\/04\/DOP_Site.jpg 301w, https:\/\/www.diariodeouropreto.com.br\/wp-content\/uploads\/2026\/04\/DOP_Site-180x150.jpg 180w, https:\/\/www.diariodeouropreto.com.br\/wp-content\/uploads\/2026\/04\/DOP_Site-14x12.jpg 14w\" sizes=\"(max-width: 301px) 100vw, 301px\" width=\"301\" height=\"251\"  style=\"display: inline-block;\" \/><\/a><\/div><p>Por Lincol Moreira &#8211; Assessoria Prefeitura de Mariana<\/p>\n\n\n\n<div id=\"50321\" class=\"advads-plantao advads-entity-placement\"><a href=\"https:\/\/www.diariodeouropreto.com.br\/pt\/\" target=\"_blank\" aria-label=\"site &#8211; noticia\" data-wpel-link=\"external\" rel=\"follow external noopener noreferrer sponsored ugc\"><img src=\"https:\/\/www.diariodeouropreto.com.br\/wp-content\/uploads\/2019\/09\/titulosite2-e1616373489755.jpg\" alt=\"\"  srcset=\"https:\/\/www.diariodeouropreto.com.br\/wp-content\/uploads\/2019\/09\/titulosite2-e1616373489755.jpg 1200w, https:\/\/www.diariodeouropreto.com.br\/wp-content\/uploads\/2019\/09\/titulosite2-e1616373489755-150x38.jpg 150w, https:\/\/www.diariodeouropreto.com.br\/wp-content\/uploads\/2019\/09\/titulosite2-e1616373489755-660x167.jpg 660w, https:\/\/www.diariodeouropreto.com.br\/wp-content\/uploads\/2019\/09\/titulosite2-e1616373489755-768x194.jpg 768w, https:\/\/www.diariodeouropreto.com.br\/wp-content\/uploads\/2019\/09\/titulosite2-e1616373489755-1000x252.jpg 1000w, https:\/\/www.diariodeouropreto.com.br\/wp-content\/uploads\/2019\/09\/titulosite2-e1616373489755-1536x388.jpg 1536w, https:\/\/www.diariodeouropreto.com.br\/wp-content\/uploads\/2019\/09\/titulosite2-e1616373489755-2048x517.jpg 2048w\" sizes=\"(max-width: 1200px) 100vw, 1200px\" width=\"1200\" height=\"303\"  style=\"display: inline-block;\" \/><\/a><\/div><p>Fotos: divulga\u00e7\u00e3o<\/p>","protected":false},"excerpt":{"rendered":"<p>Na \u00faltima quarta-feira (22), a Prefeitura de Mariana, por meio da Secretaria de Assist\u00eancia Social, inaugurou o novo Centro de Refer\u00eancia dos Direitos Humanos (CRDH). O espa\u00e7o p\u00fablico foi criado com a proposta de acolher, orientar e promover direitos, fortalecendo no munic\u00edpio uma pol\u00edtica p\u00fablica cont\u00ednua, estruturada e voltada \u00e0<span class=\"more-link\"><a href=\"https:\/\/www.diariodeouropreto.com.br\/pt\/centro-de-referencia-dos-direitos-humanos-e-inaugurado-em-mariana\/\" data-wpel-link=\"internal\">Continue Lendo<\/a><\/span><\/p>","protected":false},"author":1,"featured_media":51979,"comment_status":"closed","ping_status":"closed","sticky":false,"template":"","format":"standard","meta":{"_jetpack_memberships_contains_paid_content":false,"footnotes":"","jetpack_publicize_message":"O espa\u00e7o p\u00fablico foi criado com a proposta de acolher, orientar e promover direitos, fortalecendo no munic\u00edpio uma pol\u00edtica p\u00fablica cont\u00ednua, estruturada e voltada \u00e0 promo\u00e7\u00e3o da dignidade humana","jetpack_publicize_feature_enabled":true,"jetpack_social_post_already_shared":true,"jetpack_social_options":{"image_generator_settings":{"template":"highway","default_image_id":0,"font":"","enabled":false},"version":2}},"categories":[824],"tags":[],"class_list":["entry","author-diario","post-51975","post","type-post","status-publish","format-standard","has-post-thumbnail","category-geral"],"yoast_head":"<!-- This site is optimized with the Yoast SEO plugin v27.4 - https:\/\/yoast.com\/product\/yoast-seo-wordpress\/ -->\n<title>Centro de Refer\u00eancia dos Direitos Humanos \u00e9 inaugurado em Mariana - Di\u00e1rio de Ouro Preto<\/title>\n<meta name=\"description\" content=\"O espa\u00e7o p\u00fablico foi criado com a proposta de acolher, orientar e promover direitos, fortalecendo no munic\u00edpio uma pol\u00edtica p\u00fablica cont\u00ednua, estruturada e voltada \u00e0 promo\u00e7\u00e3o da dignidade humana- Centro de Refer\u00eancia dos Direitos Humanos \u00e9 inaugurado em Mariana - Geral\" \/>\n<meta name=\"robots\" content=\"index, follow, max-snippet:-1, max-image-preview:large, max-video-preview:-1\" \/>\n<link rel=\"canonical\" href=\"https:\/\/www.diariodeouropreto.com.br\/pt\/centro-de-referencia-dos-direitos-humanos-e-inaugurado-em-mariana\/\" \/>\n<meta property=\"og:locale\" content=\"pt_PT\" \/>\n<meta property=\"og:type\" content=\"article\" \/>\n<meta property=\"og:title\" content=\"Centro de Refer\u00eancia dos Direitos Humanos \u00e9 inaugurado em Mariana - Di\u00e1rio de Ouro Preto\" \/>\n<meta property=\"og:description\" content=\"O espa\u00e7o p\u00fablico foi criado com a proposta de acolher, orientar e promover direitos, fortalecendo no munic\u00edpio uma pol\u00edtica p\u00fablica cont\u00ednua, estruturada e voltada \u00e0 promo\u00e7\u00e3o da dignidade humana- Centro de Refer\u00eancia dos Direitos Humanos \u00e9 inaugurado em Mariana - Geral\" \/>\n<meta property=\"og:url\" content=\"https:\/\/www.diariodeouropreto.com.br\/pt\/centro-de-referencia-dos-direitos-humanos-e-inaugurado-em-mariana\/\" \/>\n<meta property=\"og:site_name\" content=\"Di\u00e1rio de Ouro Preto\" \/>\n<meta property=\"article:publisher\" content=\"https:\/\/www.facebook.com\/diariodeouropreto\/\" \/>\n<meta property=\"article:published_time\" content=\"2026-04-27T16:45:00+00:00\" \/>\n<meta property=\"og:image\" content=\"https:\/\/www.diariodeouropreto.com.br\/wp-content\/uploads\/2026\/04\/IMG_9235.jpg\" \/>\n\t<meta property=\"og:image:width\" content=\"1067\" \/>\n\t<meta property=\"og:image:height\" content=\"800\" \/>\n\t<meta property=\"og:image:type\" content=\"image\/jpeg\" \/>\n<meta name=\"author\" content=\"Di\u00e1rio de Ouro Preto\" \/>\n<meta name=\"twitter:card\" content=\"summary_large_image\" \/>\n<meta name=\"twitter:label1\" content=\"Escrito por\" \/>\n\t<meta name=\"twitter:data1\" content=\"Di\u00e1rio de Ouro Preto\" \/>\n\t<meta name=\"twitter:label2\" content=\"Tempo estimado de leitura\" \/>\n\t<meta name=\"twitter:data2\" content=\"3 minutos\" \/>\n<script type=\"application\/ld+json\" class=\"yoast-schema-graph\">{\"@context\":\"https:\\\/\\\/schema.org\",\"@graph\":[{\"@type\":\"Article\",\"@id\":\"https:\\\/\\\/www.diariodeouropreto.com.br\\\/centro-de-referencia-dos-direitos-humanos-e-inaugurado-em-mariana\\\/#article\",\"isPartOf\":{\"@id\":\"https:\\\/\\\/www.diariodeouropreto.com.br\\\/centro-de-referencia-dos-direitos-humanos-e-inaugurado-em-mariana\\\/\"},\"author\":{\"name\":\"Di\u00e1rio de Ouro Preto\",\"@id\":\"https:\\\/\\\/www.diariodeouropreto.com.br\\\/pt\\\/#\\\/schema\\\/person\\\/7654e7b471204a6dab6dc0ce6e140c99\"},\"headline\":\"Centro de Refer\u00eancia dos Direitos Humanos \u00e9 inaugurado em Mariana\",\"datePublished\":\"2026-04-27T16:45:00+00:00\",\"mainEntityOfPage\":{\"@id\":\"https:\\\/\\\/www.diariodeouropreto.com.br\\\/centro-de-referencia-dos-direitos-humanos-e-inaugurado-em-mariana\\\/\"},\"wordCount\":436,\"publisher\":{\"@id\":\"https:\\\/\\\/www.diariodeouropreto.com.br\\\/pt\\\/#organization\"},\"image\":{\"@id\":\"https:\\\/\\\/www.diariodeouropreto.com.br\\\/centro-de-referencia-dos-direitos-humanos-e-inaugurado-em-mariana\\\/#primaryimage\"},\"thumbnailUrl\":\"https:\\\/\\\/www.diariodeouropreto.com.br\\\/wp-content\\\/uploads\\\/2026\\\/04\\\/IMG_9235.jpg\",\"articleSection\":[\"Geral\"],\"inLanguage\":\"pt-PT\"},{\"@type\":\"WebPage\",\"@id\":\"https:\\\/\\\/www.diariodeouropreto.com.br\\\/centro-de-referencia-dos-direitos-humanos-e-inaugurado-em-mariana\\\/\",\"url\":\"https:\\\/\\\/www.diariodeouropreto.com.br\\\/centro-de-referencia-dos-direitos-humanos-e-inaugurado-em-mariana\\\/\",\"name\":\"Centro de Refer\u00eancia dos Direitos Humanos \u00e9 inaugurado em Mariana - Di\u00e1rio de Ouro Preto\",\"isPartOf\":{\"@id\":\"https:\\\/\\\/www.diariodeouropreto.com.br\\\/pt\\\/#website\"},\"primaryImageOfPage\":{\"@id\":\"https:\\\/\\\/www.diariodeouropreto.com.br\\\/centro-de-referencia-dos-direitos-humanos-e-inaugurado-em-mariana\\\/#primaryimage\"},\"image\":{\"@id\":\"https:\\\/\\\/www.diariodeouropreto.com.br\\\/centro-de-referencia-dos-direitos-humanos-e-inaugurado-em-mariana\\\/#primaryimage\"},\"thumbnailUrl\":\"https:\\\/\\\/www.diariodeouropreto.com.br\\\/wp-content\\\/uploads\\\/2026\\\/04\\\/IMG_9235.jpg\",\"datePublished\":\"2026-04-27T16:45:00+00:00\",\"description\":\"O espa\u00e7o p\u00fablico foi criado com a proposta de acolher, orientar e promover direitos, fortalecendo no munic\u00edpio uma pol\u00edtica p\u00fablica cont\u00ednua, estruturada e voltada \u00e0 promo\u00e7\u00e3o da dignidade humana- Centro de Refer\u00eancia dos Direitos Humanos \u00e9 inaugurado em Mariana - Geral\",\"breadcrumb\":{\"@id\":\"https:\\\/\\\/www.diariodeouropreto.com.br\\\/centro-de-referencia-dos-direitos-humanos-e-inaugurado-em-mariana\\\/#breadcrumb\"},\"inLanguage\":\"pt-PT\",\"potentialAction\":[{\"@type\":\"ReadAction\",\"target\":[\"https:\\\/\\\/www.diariodeouropreto.com.br\\\/centro-de-referencia-dos-direitos-humanos-e-inaugurado-em-mariana\\\/\"]}]},{\"@type\":\"ImageObject\",\"inLanguage\":\"pt-PT\",\"@id\":\"https:\\\/\\\/www.diariodeouropreto.com.br\\\/centro-de-referencia-dos-direitos-humanos-e-inaugurado-em-mariana\\\/#primaryimage\",\"url\":\"https:\\\/\\\/www.diariodeouropreto.com.br\\\/wp-content\\\/uploads\\\/2026\\\/04\\\/IMG_9235.jpg\",\"contentUrl\":\"https:\\\/\\\/www.diariodeouropreto.com.br\\\/wp-content\\\/uploads\\\/2026\\\/04\\\/IMG_9235.jpg\",\"width\":1067,\"height\":800},{\"@type\":\"BreadcrumbList\",\"@id\":\"https:\\\/\\\/www.diariodeouropreto.com.br\\\/centro-de-referencia-dos-direitos-humanos-e-inaugurado-em-mariana\\\/#breadcrumb\",\"itemListElement\":[{\"@type\":\"ListItem\",\"position\":1,\"name\":\"In\u00edcio\",\"item\":\"https:\\\/\\\/www.diariodeouropreto.com.br\\\/pt\\\/\"},{\"@type\":\"ListItem\",\"position\":2,\"name\":\"Centro de Refer\u00eancia dos Direitos Humanos \u00e9 inaugurado em Mariana\"}]},{\"@type\":\"WebSite\",\"@id\":\"https:\\\/\\\/www.diariodeouropreto.com.br\\\/pt\\\/#website\",\"url\":\"https:\\\/\\\/www.diariodeouropreto.com.br\\\/pt\\\/\",\"name\":\"Di\u00e1rio de Ouro Preto\",\"description\":\"Not\u00edcias Ouro Preto; Mariana;Minas Gerais;Jornal;Jornalismo;Not\u00edcias;\",\"publisher\":{\"@id\":\"https:\\\/\\\/www.diariodeouropreto.com.br\\\/pt\\\/#organization\"},\"alternateName\":\"Jornal di\u00e1rio de Ouro Preto\",\"potentialAction\":[{\"@type\":\"SearchAction\",\"target\":{\"@type\":\"EntryPoint\",\"urlTemplate\":\"https:\\\/\\\/www.diariodeouropreto.com.br\\\/pt\\\/?s={search_term_string}\"},\"query-input\":{\"@type\":\"PropertyValueSpecification\",\"valueRequired\":true,\"valueName\":\"search_term_string\"}}],\"inLanguage\":\"pt-PT\"},{\"@type\":\"Organization\",\"@id\":\"https:\\\/\\\/www.diariodeouropreto.com.br\\\/pt\\\/#organization\",\"name\":\"Di\u00e1rio de Ouro Preto\",\"alternateName\":\"Jornal di\u00e1rio Ouro Preto\",\"url\":\"https:\\\/\\\/www.diariodeouropreto.com.br\\\/pt\\\/\",\"logo\":{\"@type\":\"ImageObject\",\"inLanguage\":\"pt-PT\",\"@id\":\"https:\\\/\\\/www.diariodeouropreto.com.br\\\/pt\\\/#\\\/schema\\\/logo\\\/image\\\/\",\"url\":\"https:\\\/\\\/www.diariodeouropreto.com.br\\\/wp-content\\\/uploads\\\/2019\\\/06\\\/cropped-logotransp-2.png\",\"contentUrl\":\"https:\\\/\\\/www.diariodeouropreto.com.br\\\/wp-content\\\/uploads\\\/2019\\\/06\\\/cropped-logotransp-2.png\",\"width\":1323,\"height\":251,\"caption\":\"Di\u00e1rio de Ouro Preto\"},\"image\":{\"@id\":\"https:\\\/\\\/www.diariodeouropreto.com.br\\\/pt\\\/#\\\/schema\\\/logo\\\/image\\\/\"},\"sameAs\":[\"https:\\\/\\\/www.facebook.com\\\/diariodeouropreto\\\/\"]},{\"@type\":\"Person\",\"@id\":\"https:\\\/\\\/www.diariodeouropreto.com.br\\\/pt\\\/#\\\/schema\\\/person\\\/7654e7b471204a6dab6dc0ce6e140c99\",\"name\":\"Di\u00e1rio de Ouro Preto\",\"sameAs\":[\"http:\\\/\\\/www.diariodeouropreto.com.br\"],\"url\":\"https:\\\/\\\/www.diariodeouropreto.com.br\\\/pt\\\/author\\\/diario\\\/\"}]}<\/script>\n<!-- \/ Yoast SEO plugin. -->","yoast_head_json":{"title":"Centro de Refer\u00eancia dos Direitos Humanos \u00e9 inaugurado em Mariana - Di\u00e1rio de Ouro Preto","description":"O espa\u00e7o p\u00fablico foi criado com a proposta de acolher, orientar e promover direitos, fortalecendo no munic\u00edpio uma pol\u00edtica p\u00fablica cont\u00ednua, estruturada e voltada \u00e0 promo\u00e7\u00e3o da dignidade humana- Centro de Refer\u00eancia dos Direitos Humanos \u00e9 inaugurado em Mariana - Geral","robots":{"index":"index","follow":"follow","max-snippet":"max-snippet:-1","max-image-preview":"max-image-preview:large","max-video-preview":"max-video-preview:-1"},"canonical":"https:\/\/www.diariodeouropreto.com.br\/pt\/centro-de-referencia-dos-direitos-humanos-e-inaugurado-em-mariana\/","og_locale":"pt_PT","og_type":"article","og_title":"Centro de Refer\u00eancia dos Direitos Humanos \u00e9 inaugurado em Mariana - Di\u00e1rio de Ouro Preto","og_description":"O espa\u00e7o p\u00fablico foi criado com a proposta de acolher, orientar e promover direitos, fortalecendo no munic\u00edpio uma pol\u00edtica p\u00fablica cont\u00ednua, estruturada e voltada \u00e0 promo\u00e7\u00e3o da dignidade humana- Centro de Refer\u00eancia dos Direitos Humanos \u00e9 inaugurado em Mariana - Geral","og_url":"https:\/\/www.diariodeouropreto.com.br\/pt\/centro-de-referencia-dos-direitos-humanos-e-inaugurado-em-mariana\/","og_site_name":"Di\u00e1rio de Ouro Preto","article_publisher":"https:\/\/www.facebook.com\/diariodeouropreto\/","article_published_time":"2026-04-27T16:45:00+00:00","og_image":[{"width":1067,"height":800,"url":"https:\/\/www.diariodeouropreto.com.br\/wp-content\/uploads\/2026\/04\/IMG_9235.jpg","type":"image\/jpeg"}],"author":"Di\u00e1rio de Ouro Preto","twitter_card":"summary_large_image","twitter_misc":{"Escrito por":"Di\u00e1rio de Ouro Preto","Tempo estimado de leitura":"3 minutos"},"schema":{"@context":"https:\/\/schema.org","@graph":[{"@type":"Article","@id":"https:\/\/www.diariodeouropreto.com.br\/centro-de-referencia-dos-direitos-humanos-e-inaugurado-em-mariana\/#article","isPartOf":{"@id":"https:\/\/www.diariodeouropreto.com.br\/centro-de-referencia-dos-direitos-humanos-e-inaugurado-em-mariana\/"},"author":{"name":"Di\u00e1rio de Ouro Preto","@id":"https:\/\/www.diariodeouropreto.com.br\/pt\/#\/schema\/person\/7654e7b471204a6dab6dc0ce6e140c99"},"headline":"Centro de Refer\u00eancia dos Direitos Humanos \u00e9 inaugurado em Mariana","datePublished":"2026-04-27T16:45:00+00:00","mainEntityOfPage":{"@id":"https:\/\/www.diariodeouropreto.com.br\/centro-de-referencia-dos-direitos-humanos-e-inaugurado-em-mariana\/"},"wordCount":436,"publisher":{"@id":"https:\/\/www.diariodeouropreto.com.br\/pt\/#organization"},"image":{"@id":"https:\/\/www.diariodeouropreto.com.br\/centro-de-referencia-dos-direitos-humanos-e-inaugurado-em-mariana\/#primaryimage"},"thumbnailUrl":"https:\/\/www.diariodeouropreto.com.br\/wp-content\/uploads\/2026\/04\/IMG_9235.jpg","articleSection":["Geral"],"inLanguage":"pt-PT"},{"@type":"WebPage","@id":"https:\/\/www.diariodeouropreto.com.br\/centro-de-referencia-dos-direitos-humanos-e-inaugurado-em-mariana\/","url":"https:\/\/www.diariodeouropreto.com.br\/centro-de-referencia-dos-direitos-humanos-e-inaugurado-em-mariana\/","name":"Centro de Refer\u00eancia dos Direitos Humanos \u00e9 inaugurado em Mariana - Di\u00e1rio de Ouro Preto","isPartOf":{"@id":"https:\/\/www.diariodeouropreto.com.br\/pt\/#website"},"primaryImageOfPage":{"@id":"https:\/\/www.diariodeouropreto.com.br\/centro-de-referencia-dos-direitos-humanos-e-inaugurado-em-mariana\/#primaryimage"},"image":{"@id":"https:\/\/www.diariodeouropreto.com.br\/centro-de-referencia-dos-direitos-humanos-e-inaugurado-em-mariana\/#primaryimage"},"thumbnailUrl":"https:\/\/www.diariodeouropreto.com.br\/wp-content\/uploads\/2026\/04\/IMG_9235.jpg","datePublished":"2026-04-27T16:45:00+00:00","description":"O espa\u00e7o p\u00fablico foi criado com a proposta de acolher, orientar e promover direitos, fortalecendo no munic\u00edpio uma pol\u00edtica p\u00fablica cont\u00ednua, estruturada e voltada \u00e0 promo\u00e7\u00e3o da dignidade humana- Centro de Refer\u00eancia dos Direitos Humanos \u00e9 inaugurado em Mariana - Geral","breadcrumb":{"@id":"https:\/\/www.diariodeouropreto.com.br\/centro-de-referencia-dos-direitos-humanos-e-inaugurado-em-mariana\/#breadcrumb"},"inLanguage":"pt-PT","potentialAction":[{"@type":"ReadAction","target":["https:\/\/www.diariodeouropreto.com.br\/centro-de-referencia-dos-direitos-humanos-e-inaugurado-em-mariana\/"]}]},{"@type":"ImageObject","inLanguage":"pt-PT","@id":"https:\/\/www.diariodeouropreto.com.br\/centro-de-referencia-dos-direitos-humanos-e-inaugurado-em-mariana\/#primaryimage","url":"https:\/\/www.diariodeouropreto.com.br\/wp-content\/uploads\/2026\/04\/IMG_9235.jpg","contentUrl":"https:\/\/www.diariodeouropreto.com.br\/wp-content\/uploads\/2026\/04\/IMG_9235.jpg","width":1067,"height":800},{"@type":"BreadcrumbList","@id":"https:\/\/www.diariodeouropreto.com.br\/centro-de-referencia-dos-direitos-humanos-e-inaugurado-em-mariana\/#breadcrumb","itemListElement":[{"@type":"ListItem","position":1,"name":"In\u00edcio","item":"https:\/\/www.diariodeouropreto.com.br\/pt\/"},{"@type":"ListItem","position":2,"name":"Centro de Refer\u00eancia dos Direitos Humanos \u00e9 inaugurado em Mariana"}]},{"@type":"WebSite","@id":"https:\/\/www.diariodeouropreto.com.br\/pt\/#website","url":"https:\/\/www.diariodeouropreto.com.br\/pt\/","name":"Di\u00e1rio de Ouro Preto","description":"Not\u00edcias Ouro Preto; Mariana;Minas Gerais;Jornal;Jornalismo;Not\u00edcias;","publisher":{"@id":"https:\/\/www.diariodeouropreto.com.br\/pt\/#organization"},"alternateName":"Jornal di\u00e1rio de Ouro Preto","potentialAction":[{"@type":"SearchAction","target":{"@type":"EntryPoint","urlTemplate":"https:\/\/www.diariodeouropreto.com.br\/pt\/?s={search_term_string}"},"query-input":{"@type":"PropertyValueSpecification","valueRequired":true,"valueName":"search_term_string"}}],"inLanguage":"pt-PT"},{"@type":"Organization","@id":"https:\/\/www.diariodeouropreto.com.br\/pt\/#organization","name":"Di\u00e1rio de Ouro Preto","alternateName":"Jornal di\u00e1rio Ouro Preto","url":"https:\/\/www.diariodeouropreto.com.br\/pt\/","logo":{"@type":"ImageObject","inLanguage":"pt-PT","@id":"https:\/\/www.diariodeouropreto.com.br\/pt\/#\/schema\/logo\/image\/","url":"https:\/\/www.diariodeouropreto.com.br\/wp-content\/uploads\/2019\/06\/cropped-logotransp-2.png","contentUrl":"https:\/\/www.diariodeouropreto.com.br\/wp-content\/uploads\/2019\/06\/cropped-logotransp-2.png","width":1323,"height":251,"caption":"Di\u00e1rio de Ouro Preto"},"image":{"@id":"https:\/\/www.diariodeouropreto.com.br\/pt\/#\/schema\/logo\/image\/"},"sameAs":["https:\/\/www.facebook.com\/diariodeouropreto\/"]},{"@type":"Person","@id":"https:\/\/www.diariodeouropreto.com.br\/pt\/#\/schema\/person\/7654e7b471204a6dab6dc0ce6e140c99","name":"Di\u00e1rio de Ouro Preto","sameAs":["http:\/\/www.diariodeouropreto.com.br"],"url":"https:\/\/www.diariodeouropreto.com.br\/pt\/author\/diario\/"}]}},"jetpack_publicize_connections":[],"jetpack_featured_media_url":"https:\/\/www.diariodeouropreto.com.br\/wp-content\/uploads\/2026\/04\/IMG_9235.jpg","jetpack-related-posts":[{"id":26128,"url":"https:\/\/www.diariodeouropreto.com.br\/pt\/museu-de-mariana-e-inaugurado-para-ser-nova-referencia-cultural-da-cidade-complexo-conta-com-o-restauro-de-duas-edificacoes-do-seculo-18\/","url_meta":{"origin":51975,"position":0},"title":"Museu de Mariana \u00e9 inaugurado para ser nova refer\u00eancia cultural da cidade; complexo conta com o restauro de duas edifica\u00e7\u00f5es do s\u00e9culo 18","author":"Di\u00e1rio de Ouro Preto","date":"17 de Outubro de 2023","format":false,"excerpt":"Pouco mais de quatro anos ap\u00f3s o in\u00edcio dos trabalhos, o restauro do complexo que envolve a Igreja de S\u00e3o Francisco de Assis e a Casa do Conde de Assumar foi conclu\u00eddo, assim como a implanta\u00e7\u00e3o do Museu de Mariana, inaugurado oficialmente no dia 28 de setembro. O projeto foi\u2026","rel":"","context":"In &quot;Cultura, Artes e Patrim\u00f4nio&quot;","block_context":{"text":"Cultura, Artes e Patrim\u00f4nio","link":"https:\/\/www.diariodeouropreto.com.br\/pt\/Editoria\/culturaeartes\/"},"img":{"alt_text":"","src":"","width":0,"height":0},"classes":[]},{"id":44356,"url":"https:\/\/www.diariodeouropreto.com.br\/pt\/prefeitura-de-mariana-inaugura-novo-espaco-salao-e-barbearia-escola-revitalizado-a-populacao\/","url_meta":{"origin":51975,"position":1},"title":"Prefeitura de Mariana inaugura novo espa\u00e7o Sal\u00e3o e Barbearia Escola revitalizado \u00e0 popula\u00e7\u00e3o","author":"Di\u00e1rio de Ouro Preto","date":"10 de Maio de 2025","format":false,"excerpt":"Na \u00faltima quinta-feira, 8 de maio, a Prefeitura de Mariana, por meio da Secretaria de Assist\u00eancia Social, realizou a reinaugura\u00e7\u00e3o do Sal\u00e3o e Barbearia Escola. O espa\u00e7o, que passou por uma revitaliza\u00e7\u00e3o completa, foi entregue com nova estrutura, equipamentos modernos e ambientes adequados para a forma\u00e7\u00e3o t\u00e9cnica em est\u00e9tica e\u2026","rel":"","context":"In &quot;Mariana&quot;","block_context":{"text":"Mariana","link":"https:\/\/www.diariodeouropreto.com.br\/pt\/Editoria\/mariana\/"},"img":{"alt_text":"","src":"https:\/\/i0.wp.com\/www.diariodeouropreto.com.br\/wp-content\/uploads\/2025\/05\/85DB43B6-5ECB-4379-BACC-5BE79592D9C4-export.jpg?resize=350%2C200&ssl=1","width":350,"height":200,"srcset":"https:\/\/i0.wp.com\/www.diariodeouropreto.com.br\/wp-content\/uploads\/2025\/05\/85DB43B6-5ECB-4379-BACC-5BE79592D9C4-export.jpg?resize=350%2C200&ssl=1 1x, https:\/\/i0.wp.com\/www.diariodeouropreto.com.br\/wp-content\/uploads\/2025\/05\/85DB43B6-5ECB-4379-BACC-5BE79592D9C4-export.jpg?resize=525%2C300&ssl=1 1.5x, https:\/\/i0.wp.com\/www.diariodeouropreto.com.br\/wp-content\/uploads\/2025\/05\/85DB43B6-5ECB-4379-BACC-5BE79592D9C4-export.jpg?resize=700%2C400&ssl=1 2x, https:\/\/i0.wp.com\/www.diariodeouropreto.com.br\/wp-content\/uploads\/2025\/05\/85DB43B6-5ECB-4379-BACC-5BE79592D9C4-export.jpg?resize=1050%2C600&ssl=1 3x"},"classes":[]},{"id":36586,"url":"https:\/\/www.diariodeouropreto.com.br\/pt\/arquidiocese-de-mariana-inaugura-novo-museu-e-espaco-cultural\/","url_meta":{"origin":51975,"position":2},"title":"Arquidiocese de Mariana inaugura novo museu e espa\u00e7o cultural","author":"Di\u00e1rio de Ouro Preto","date":"2 de Agosto de 2024","format":false,"excerpt":"A cidade de Mariana recebeu na \u00faltima sexta-feira (26\/07), um novo espa\u00e7o hist\u00f3rico e cultural. A Arquidiocese de Mariana inaugurou o Centro Cultural Arquidiocesano Dom Frei Manoel da Cruz, localizado na Pra\u00e7a Gomes Freire (Jardim). O espa\u00e7o conta com o Museu da M\u00fasica, o Memorial dos Bispos e o Museu\u2026","rel":"","context":"In &quot;Cultura, Artes e Patrim\u00f4nio&quot;","block_context":{"text":"Cultura, Artes e Patrim\u00f4nio","link":"https:\/\/www.diariodeouropreto.com.br\/pt\/Editoria\/culturaeartes\/"},"img":{"alt_text":"","src":"https:\/\/i0.wp.com\/www.diariodeouropreto.com.br\/wp-content\/uploads\/2024\/08\/452565610_1059148969366347_4811014081372997753_n.jpg?resize=350%2C200&ssl=1","width":350,"height":200,"srcset":"https:\/\/i0.wp.com\/www.diariodeouropreto.com.br\/wp-content\/uploads\/2024\/08\/452565610_1059148969366347_4811014081372997753_n.jpg?resize=350%2C200&ssl=1 1x, https:\/\/i0.wp.com\/www.diariodeouropreto.com.br\/wp-content\/uploads\/2024\/08\/452565610_1059148969366347_4811014081372997753_n.jpg?resize=525%2C300&ssl=1 1.5x, https:\/\/i0.wp.com\/www.diariodeouropreto.com.br\/wp-content\/uploads\/2024\/08\/452565610_1059148969366347_4811014081372997753_n.jpg?resize=700%2C400&ssl=1 2x, https:\/\/i0.wp.com\/www.diariodeouropreto.com.br\/wp-content\/uploads\/2024\/08\/452565610_1059148969366347_4811014081372997753_n.jpg?resize=1050%2C600&ssl=1 3x"},"classes":[]},{"id":26212,"url":"https:\/\/www.diariodeouropreto.com.br\/pt\/integrantes-do-cria-visitam-a-historia-da-nossa-cidade-no-museu-de-mariana\/","url_meta":{"origin":51975,"position":3},"title":"Integrantes do CRIA visitam a hist\u00f3ria da nossa cidade no Museu de Mariana","author":"Di\u00e1rio de Ouro Preto","date":"16 de Outubro de 2023","format":false,"excerpt":"A Prefeitura de Mariana realizou na \u00faltima quinta-feira (5), por meio da Secretaria de Desenvolvimento Social e Cidadania, uma visita guiada pelo Museu de Mariana com os usu\u00e1rios do Centro de Refer\u00eancia da Inf\u00e2ncia e Adolesc\u00eancia (CRIA). A visita faz parte do projeto Circuito Hist\u00f3rico, em que os integrantes do\u2026","rel":"","context":"In &quot;Mariana&quot;","block_context":{"text":"Mariana","link":"https:\/\/www.diariodeouropreto.com.br\/pt\/Editoria\/mariana\/"},"img":{"alt_text":"","src":"https:\/\/i0.wp.com\/www.diariodeouropreto.com.br\/wp-content\/uploads\/2023\/10\/visita-guiada-cria-site.jpg?resize=350%2C200&ssl=1","width":350,"height":200,"srcset":"https:\/\/i0.wp.com\/www.diariodeouropreto.com.br\/wp-content\/uploads\/2023\/10\/visita-guiada-cria-site.jpg?resize=350%2C200&ssl=1 1x, https:\/\/i0.wp.com\/www.diariodeouropreto.com.br\/wp-content\/uploads\/2023\/10\/visita-guiada-cria-site.jpg?resize=525%2C300&ssl=1 1.5x, https:\/\/i0.wp.com\/www.diariodeouropreto.com.br\/wp-content\/uploads\/2023\/10\/visita-guiada-cria-site.jpg?resize=700%2C400&ssl=1 2x, https:\/\/i0.wp.com\/www.diariodeouropreto.com.br\/wp-content\/uploads\/2023\/10\/visita-guiada-cria-site.jpg?resize=1050%2C600&ssl=1 3x"},"classes":[]},{"id":25749,"url":"https:\/\/www.diariodeouropreto.com.br\/pt\/museu-de-mariana-sera-inaugurado-nesta-quinta-feira-complexo-conta-com-o-restauro-de-duas-edificacoes-do-seculo-18\/","url_meta":{"origin":51975,"position":4},"title":"Museu de Mariana ser\u00e1 inaugurado nesta quinta-feira, complexo conta com o restauro de duas edifica\u00e7\u00f5es do s\u00e9culo 18","author":"Di\u00e1rio de Ouro Preto","date":"26 de Setembro de 2023","format":false,"excerpt":"Pouco mais de quatro anos ap\u00f3s o in\u00edcio dos trabalhos, o restauro do complexo que envolve a Igreja de S\u00e3o Francisco de Assis e a Casa do Conde de Assumar foi conclu\u00eddo, assim como a implanta\u00e7\u00e3o do Museu de Mariana, que ser\u00e1 oficialmente inaugurado. O projeto foi coordenado pelo Instituto\u2026","rel":"","context":"In &quot;Cultura, Artes e Patrim\u00f4nio&quot;","block_context":{"text":"Cultura, Artes e Patrim\u00f4nio","link":"https:\/\/www.diariodeouropreto.com.br\/pt\/Editoria\/culturaeartes\/"},"img":{"alt_text":"","src":"https:\/\/i0.wp.com\/www.diariodeouropreto.com.br\/wp-content\/uploads\/2023\/09\/12G_6553_56.jpg?resize=350%2C200&ssl=1","width":350,"height":200,"srcset":"https:\/\/i0.wp.com\/www.diariodeouropreto.com.br\/wp-content\/uploads\/2023\/09\/12G_6553_56.jpg?resize=350%2C200&ssl=1 1x, https:\/\/i0.wp.com\/www.diariodeouropreto.com.br\/wp-content\/uploads\/2023\/09\/12G_6553_56.jpg?resize=525%2C300&ssl=1 1.5x, https:\/\/i0.wp.com\/www.diariodeouropreto.com.br\/wp-content\/uploads\/2023\/09\/12G_6553_56.jpg?resize=700%2C400&ssl=1 2x, https:\/\/i0.wp.com\/www.diariodeouropreto.com.br\/wp-content\/uploads\/2023\/09\/12G_6553_56.jpg?resize=1050%2C600&ssl=1 3x"},"classes":[]},{"id":43007,"url":"https:\/\/www.diariodeouropreto.com.br\/pt\/ministerio-preve-inaugurar-novas-unidades-de-atendimento-a-mulher\/","url_meta":{"origin":51975,"position":5},"title":"Minist\u00e9rio prev\u00ea inaugurar novas unidades de atendimento \u00e0 mulher","author":"Di\u00e1rio de Ouro Preto","date":"8 de Mar\u00e7o de 2025","format":false,"excerpt":"Em 2024, foram registrados 426,5 mil atendimentos nas dez unidades O governo federal planeja inaugurar ao menos mais uma unidade da Casa da Mulher Brasileira e outros quatro centros de Refer\u00eancia da Mulher Brasileira (CRMB) at\u00e9 o fim deste m\u00eas de mar\u00e7o. Viabilizadas por meio de parcerias com estados e\u2026","rel":"","context":"In &quot;Brasil&quot;","block_context":{"text":"Brasil","link":"https:\/\/www.diariodeouropreto.com.br\/pt\/Editoria\/brasil\/"},"img":{"alt_text":"","src":"https:\/\/i0.wp.com\/www.diariodeouropreto.com.br\/wp-content\/uploads\/2025\/03\/49049670817_fc81ef7a83_k.webp?resize=350%2C200&ssl=1","width":350,"height":200,"srcset":"https:\/\/i0.wp.com\/www.diariodeouropreto.com.br\/wp-content\/uploads\/2025\/03\/49049670817_fc81ef7a83_k.webp?resize=350%2C200&ssl=1 1x, https:\/\/i0.wp.com\/www.diariodeouropreto.com.br\/wp-content\/uploads\/2025\/03\/49049670817_fc81ef7a83_k.webp?resize=525%2C300&ssl=1 1.5x, https:\/\/i0.wp.com\/www.diariodeouropreto.com.br\/wp-content\/uploads\/2025\/03\/49049670817_fc81ef7a83_k.webp?resize=700%2C400&ssl=1 2x, https:\/\/i0.wp.com\/www.diariodeouropreto.com.br\/wp-content\/uploads\/2025\/03\/49049670817_fc81ef7a83_k.webp?resize=1050%2C600&ssl=1 3x"},"classes":[]}],"jetpack_sharing_enabled":true,"amp_enabled":true,"_links":{"self":[{"href":"https:\/\/www.diariodeouropreto.com.br\/pt\/wp-json\/wp\/v2\/posts\/51975","targetHints":{"allow":["GET"]}}],"collection":[{"href":"https:\/\/www.diariodeouropreto.com.br\/pt\/wp-json\/wp\/v2\/posts"}],"about":[{"href":"https:\/\/www.diariodeouropreto.com.br\/pt\/wp-json\/wp\/v2\/types\/post"}],"author":[{"embeddable":true,"href":"https:\/\/www.diariodeouropreto.com.br\/pt\/wp-json\/wp\/v2\/users\/1"}],"replies":[{"embeddable":true,"href":"https:\/\/www.diariodeouropreto.com.br\/pt\/wp-json\/wp\/v2\/comments?post=51975"}],"version-history":[{"count":1,"href":"https:\/\/www.diariodeouropreto.com.br\/pt\/wp-json\/wp\/v2\/posts\/51975\/revisions"}],"predecessor-version":[{"id":51980,"href":"https:\/\/www.diariodeouropreto.com.br\/pt\/wp-json\/wp\/v2\/posts\/51975\/revisions\/51980"}],"wp:featuredmedia":[{"embeddable":true,"href":"https:\/\/www.diariodeouropreto.com.br\/pt\/wp-json\/wp\/v2\/media\/51979"}],"wp:attachment":[{"href":"https:\/\/www.diariodeouropreto.com.br\/pt\/wp-json\/wp\/v2\/media?parent=51975"}],"wp:term":[{"taxonomy":"category","embeddable":true,"href":"https:\/\/www.diariodeouropreto.com.br\/pt\/wp-json\/wp\/v2\/categories?post=51975"},{"taxonomy":"post_tag","embeddable":true,"href":"https:\/\/www.diariodeouropreto.com.br\/pt\/wp-json\/wp\/v2\/tags?post=51975"}],"curies":[{"name":"wp","href":"https:\/\/api.w.org\/{rel}","templated":true}]}}