{"id":51969,"date":"2026-04-27T13:12:24","date_gmt":"2026-04-27T16:12:24","guid":{"rendered":"https:\/\/www.diariodeouropreto.com.br\/?p=51969"},"modified":"2026-04-27T13:12:26","modified_gmt":"2026-04-27T16:12:26","slug":"consulta-aos-garimpeiros-e-faiscadores-chega-na-fase-final","status":"publish","type":"post","link":"https:\/\/www.diariodeouropreto.com.br\/pt\/consulta-aos-garimpeiros-e-faiscadores-chega-na-fase-final\/","title":{"rendered":"Consulta aos garimpeiros e faiscadores chega na fase final"},"content":{"rendered":"<p>O processo de Consulta Pr\u00e9via, Livre e Informada aos garimpeiros e faiscadores do Rio Doce est\u00e1 na reta final. Entre os dias 26\/4 e 2 de maio, as comunidades dos dois povos tradicionais decidem em assembleia se aceitam os termos do Novo Acordo do Rio Doce. Ao dizerem \u201csim\u201d, garimpeiros e faiscadores tradicionais aceitam acessar os recursos para repara\u00e7\u00e3o de danos coletivos, em raz\u00e3o do rompimento da barragem de Fund\u00e3o, previstos no Anexo 3.<\/p>\n\n\n\n<p>\u201cO MDA assumiu a tarefa de consulta aos povos e comunidades tradicionais no \u00e2mbito do Novo Acordo. Nosso papel \u00e9 justamente garantir que todos tenham uma consulta ampla e transparente. Foi isso que fizemos com os garimpeiros e faiscadores, inclusive indo nas comunidades para participar das assembleias e reuni\u00f5es&#8221;, explicou a secret\u00e1ria-executiva adjunta do MDA, Marina Godoi. Marina esteve na regi\u00e3o em abril junto \u00e0 comitiva do MDA e Anater para mobilizar as comunidades para a etapa final do processo.<\/p>\n\n\n\n<p><strong>Fim da consulta, in\u00edcio da repara\u00e7\u00e3o<\/strong><br>&nbsp;<\/p>\n\n\n\n<p>\u201cO fim da consulta \u00e9 o in\u00edcio da repara\u00e7\u00e3o coletiva\u201d, explica Adriana Aranha, Gerente Extraordin\u00e1ria de Repara\u00e7\u00e3o do Rio Doce da Anater\/MDA. &#8220;Foram sete meses de trabalho com esses dois povos que se encontram exclusivamente na bacia do Rio Doce\u201d. A consulta, apontou a gerente, \u201ccolaborou, inclusive, para o mapeamento dessas comunidades que se identificam pelo trabalho e est\u00e3o distribu\u00eddas em seis munic\u00edpios de Minas Gerais&#8221;.<\/p>\n\n\n\n<p><strong>Voz ativa<\/strong><br>&nbsp;<\/p>\n\n\n\n<p>A consulta \u00e9 um direito previsto no Novo Acordo que assegura \u00e0s popula\u00e7\u00f5es tradicionais voz ativa na defini\u00e7\u00e3o das medidas de repara\u00e7\u00e3o. A Funda\u00e7\u00e3o IPEAD (Instituto de Pesquisas Econ\u00f4micas, Administrativas e Cont\u00e1beis de Minas Gerais) foi contratada pela Anater\/MDA para o trabalho com os garimpeiros e faiscadores. \u201cA consulta foi ampla, transparente e em di\u00e1logo direto com as comunidades\u201d, coloca a coordenadora de Povos e Comunidades Tradicionais da Gerex Rio Doce da Anater\/MDA, Suelen Gon\u00e7alves. A consulta identificou quase 3 mil n\u00facleos familiares de garimpeiros e faiscadores tradicionais que vivem em comunidades ao longo dos rios em Mariana, Acaiaca, Barra Longa, Rio Doce, Santa Cruz do Escalvado e Ponte Nova.<\/p>\n\n\n\n<p>S\u00e9rgio Papagaio, pescador e garimpeiro tradicional, ressalta que a consulta \u00e9 um momento muito importante no processo de repara\u00e7\u00e3o. \u201cO direito de escolha nunca foi levado t\u00e3o a s\u00e9rio como agora. Por isso, \u00e9 fundamental que a gente seja o mais democr\u00e1tico poss\u00edvel\u201d, afirma.<\/p>\n\n\n\n<p>A consulta envolveu a identifica\u00e7\u00e3o, mobiliza\u00e7\u00e3o e mapeamento das comunidades, levantamento de dados socioecon\u00f4micos e culturais, constru\u00e7\u00e3o conjunta de estrat\u00e9gias de escuta e di\u00e1logo, atividades formativas e informativas para garantir a compreens\u00e3o sobre os temas da consulta, al\u00e9m da sistematiza\u00e7\u00e3o dos resultados que subsidiar\u00e3o a defini\u00e7\u00e3o de medidas coletivas de repara\u00e7\u00e3o a serem deliberadas pelas pr\u00f3prias comunidades.<\/p>\n\n\n\n<p>&#8220;Chegamos na etapa final do processo e estaremos mais uma vez juntos com os garimpeiros e faiscadores na Assembleia final&#8221;, completa Suelen.<\/p>\n\n\n\n<p><strong>Direito garantido<\/strong><br>&nbsp;<\/p>\n\n\n\n<p>A Consulta Pr\u00e9via, Livre e Informada \u00e9 um direito assegurado pela Conven\u00e7\u00e3o n\u00ba 169 da Organiza\u00e7\u00e3o Internacional do Trabalho (OIT), tratado internacional do qual o Brasil \u00e9 signat\u00e1rio e que possui for\u00e7a de lei no pa\u00eds. A norma determina que povos e comunidades tradicionais sejam consultados sempre que medidas administrativas ou legislativas possam afet\u00e1-los diretamente, incluindo processos de licenciamento ambiental, implementa\u00e7\u00e3o de pol\u00edticas p\u00fablicas e a\u00e7\u00f5es que impactem seus territ\u00f3rios, culturas e formas de organiza\u00e7\u00e3o social.<br>&nbsp;<\/p>\n\n\n\n<div id=\"110712\" class=\"advads-saneouro advads-entity-placement\" style=\"margin-left: auto;margin-right: auto;text-align: center;\"><a href=\"https:\/\/www.saneouro.com.br\/\" target=\"_blank\" aria-label=\"DOP_Site\" data-wpel-link=\"external\" rel=\"follow external noopener noreferrer sponsored ugc\"><img src=\"https:\/\/www.diariodeouropreto.com.br\/wp-content\/uploads\/2026\/04\/DOP_Site.jpg\" alt=\"\"  srcset=\"https:\/\/www.diariodeouropreto.com.br\/wp-content\/uploads\/2026\/04\/DOP_Site.jpg 301w, https:\/\/www.diariodeouropreto.com.br\/wp-content\/uploads\/2026\/04\/DOP_Site-180x150.jpg 180w, https:\/\/www.diariodeouropreto.com.br\/wp-content\/uploads\/2026\/04\/DOP_Site-14x12.jpg 14w\" sizes=\"(max-width: 301px) 100vw, 301px\" width=\"301\" height=\"251\"  style=\"display: inline-block;\" \/><\/a><\/div><p>No \u00e2mbito do acordo, o MDA \u00e9 o respons\u00e1vel pela implementa\u00e7\u00e3o da consulta. Vinculada ao minist\u00e9rio, a Anater atua como gestora e executora da pol\u00edtica, coordenando as a\u00e7\u00f5es necess\u00e1rias para assegurar que o processo seja conduzido de forma qualificada, transparente e em conson\u00e2ncia com os marcos legais nacionais e internacionais.<\/p>\n\n\n\n<div id=\"50321\" class=\"advads-plantao advads-entity-placement\"><a href=\"https:\/\/www.diariodeouropreto.com.br\/pt\/\" target=\"_blank\" aria-label=\"site &#8211; noticia\" data-wpel-link=\"external\" rel=\"follow external noopener noreferrer sponsored ugc\"><img src=\"https:\/\/www.diariodeouropreto.com.br\/wp-content\/uploads\/2019\/09\/titulosite2-e1616373489755.jpg\" alt=\"\"  srcset=\"https:\/\/www.diariodeouropreto.com.br\/wp-content\/uploads\/2019\/09\/titulosite2-e1616373489755.jpg 1200w, https:\/\/www.diariodeouropreto.com.br\/wp-content\/uploads\/2019\/09\/titulosite2-e1616373489755-150x38.jpg 150w, https:\/\/www.diariodeouropreto.com.br\/wp-content\/uploads\/2019\/09\/titulosite2-e1616373489755-660x167.jpg 660w, https:\/\/www.diariodeouropreto.com.br\/wp-content\/uploads\/2019\/09\/titulosite2-e1616373489755-768x194.jpg 768w, https:\/\/www.diariodeouropreto.com.br\/wp-content\/uploads\/2019\/09\/titulosite2-e1616373489755-1000x252.jpg 1000w, https:\/\/www.diariodeouropreto.com.br\/wp-content\/uploads\/2019\/09\/titulosite2-e1616373489755-1536x388.jpg 1536w, https:\/\/www.diariodeouropreto.com.br\/wp-content\/uploads\/2019\/09\/titulosite2-e1616373489755-2048x517.jpg 2048w\" sizes=\"(max-width: 1200px) 100vw, 1200px\" width=\"1200\" height=\"303\"  style=\"display: inline-block;\" \/><\/a><\/div><p>Fonte: Ag\u00eancia Gov<\/p>","protected":false},"excerpt":{"rendered":"<p>O processo de Consulta Pr\u00e9via, Livre e Informada aos garimpeiros e faiscadores do Rio Doce est\u00e1 na reta final. Entre os dias 26\/4 e 2 de maio, as comunidades dos dois povos tradicionais decidem em assembleia se aceitam os termos do Novo Acordo do Rio Doce. Ao dizerem \u201csim\u201d, garimpeiros<span class=\"more-link\"><a href=\"https:\/\/www.diariodeouropreto.com.br\/pt\/consulta-aos-garimpeiros-e-faiscadores-chega-na-fase-final\/\" data-wpel-link=\"internal\">Continue Lendo<\/a><\/span><\/p>","protected":false},"author":1,"featured_media":51971,"comment_status":"closed","ping_status":"closed","sticky":false,"template":"","format":"standard","meta":{"_jetpack_memberships_contains_paid_content":false,"footnotes":"","jetpack_publicize_message":"Ao dizerem \u201csim\u201d, garimpeiros e faiscadores tradicionais aceitam acessar os recursos para repara\u00e7\u00e3o de danos coletivos, em raz\u00e3o do rompimento da barragem de Fund\u00e3o, previstos no Anexo 3","jetpack_publicize_feature_enabled":true,"jetpack_social_post_already_shared":false,"jetpack_social_options":{"image_generator_settings":{"template":"highway","default_image_id":0,"font":"","enabled":false},"version":2}},"categories":[824],"tags":[],"class_list":["entry","author-diario","post-51969","post","type-post","status-publish","format-standard","has-post-thumbnail","category-geral"],"yoast_head":"<!-- This site is optimized with the Yoast SEO plugin v27.4 - https:\/\/yoast.com\/product\/yoast-seo-wordpress\/ -->\n<title>Consulta aos garimpeiros e faiscadores chega na fase final - Di\u00e1rio de Ouro Preto<\/title>\n<meta name=\"description\" content=\"Ao dizerem \u201csim\u201d, garimpeiros e faiscadores tradicionais aceitam acessar os recursos para repara\u00e7\u00e3o de danos coletivos, em raz\u00e3o do rompimento da barragem de Fund\u00e3o, previstos no Anexo 3- Consulta aos garimpeiros e faiscadores chega na fase final - Geral\" \/>\n<meta name=\"robots\" content=\"index, follow, max-snippet:-1, max-image-preview:large, max-video-preview:-1\" \/>\n<link rel=\"canonical\" href=\"https:\/\/www.diariodeouropreto.com.br\/pt\/consulta-aos-garimpeiros-e-faiscadores-chega-na-fase-final\/\" \/>\n<meta property=\"og:locale\" content=\"pt_PT\" \/>\n<meta property=\"og:type\" content=\"article\" \/>\n<meta property=\"og:title\" content=\"Consulta aos garimpeiros e faiscadores chega na fase final - Di\u00e1rio de Ouro Preto\" \/>\n<meta property=\"og:description\" content=\"Ao dizerem \u201csim\u201d, garimpeiros e faiscadores tradicionais aceitam acessar os recursos para repara\u00e7\u00e3o de danos coletivos, em raz\u00e3o do rompimento da barragem de Fund\u00e3o, previstos no Anexo 3- Consulta aos garimpeiros e faiscadores chega na fase final - Geral\" \/>\n<meta property=\"og:url\" content=\"https:\/\/www.diariodeouropreto.com.br\/pt\/consulta-aos-garimpeiros-e-faiscadores-chega-na-fase-final\/\" \/>\n<meta property=\"og:site_name\" content=\"Di\u00e1rio de Ouro Preto\" \/>\n<meta property=\"article:publisher\" content=\"https:\/\/www.facebook.com\/diariodeouropreto\/\" \/>\n<meta property=\"article:published_time\" content=\"2026-04-27T16:12:24+00:00\" \/>\n<meta property=\"article:modified_time\" content=\"2026-04-27T16:12:26+00:00\" \/>\n<meta property=\"og:image\" content=\"https:\/\/www.diariodeouropreto.com.br\/wp-content\/uploads\/2026\/04\/45032df0-990d-4afd-8d1a-e8359c4da2cc.jpeg\" \/>\n\t<meta property=\"og:image:width\" content=\"768\" \/>\n\t<meta property=\"og:image:height\" content=\"576\" \/>\n\t<meta property=\"og:image:type\" content=\"image\/jpeg\" \/>\n<meta name=\"author\" content=\"Di\u00e1rio de Ouro Preto\" \/>\n<meta name=\"twitter:card\" content=\"summary_large_image\" \/>\n<meta name=\"twitter:label1\" content=\"Escrito por\" \/>\n\t<meta name=\"twitter:data1\" content=\"Di\u00e1rio de Ouro Preto\" \/>\n\t<meta name=\"twitter:label2\" content=\"Tempo estimado de leitura\" \/>\n\t<meta name=\"twitter:data2\" content=\"4 minutos\" \/>\n<script type=\"application\/ld+json\" class=\"yoast-schema-graph\">{\"@context\":\"https:\\\/\\\/schema.org\",\"@graph\":[{\"@type\":\"Article\",\"@id\":\"https:\\\/\\\/www.diariodeouropreto.com.br\\\/consulta-aos-garimpeiros-e-faiscadores-chega-na-fase-final\\\/#article\",\"isPartOf\":{\"@id\":\"https:\\\/\\\/www.diariodeouropreto.com.br\\\/consulta-aos-garimpeiros-e-faiscadores-chega-na-fase-final\\\/\"},\"author\":{\"name\":\"Di\u00e1rio de Ouro Preto\",\"@id\":\"https:\\\/\\\/www.diariodeouropreto.com.br\\\/pt\\\/#\\\/schema\\\/person\\\/7654e7b471204a6dab6dc0ce6e140c99\"},\"headline\":\"Consulta aos garimpeiros e faiscadores chega na fase final\",\"datePublished\":\"2026-04-27T16:12:24+00:00\",\"dateModified\":\"2026-04-27T16:12:26+00:00\",\"mainEntityOfPage\":{\"@id\":\"https:\\\/\\\/www.diariodeouropreto.com.br\\\/consulta-aos-garimpeiros-e-faiscadores-chega-na-fase-final\\\/\"},\"wordCount\":659,\"publisher\":{\"@id\":\"https:\\\/\\\/www.diariodeouropreto.com.br\\\/pt\\\/#organization\"},\"image\":{\"@id\":\"https:\\\/\\\/www.diariodeouropreto.com.br\\\/consulta-aos-garimpeiros-e-faiscadores-chega-na-fase-final\\\/#primaryimage\"},\"thumbnailUrl\":\"https:\\\/\\\/www.diariodeouropreto.com.br\\\/wp-content\\\/uploads\\\/2026\\\/04\\\/45032df0-990d-4afd-8d1a-e8359c4da2cc.jpeg\",\"articleSection\":[\"Geral\"],\"inLanguage\":\"pt-PT\"},{\"@type\":\"WebPage\",\"@id\":\"https:\\\/\\\/www.diariodeouropreto.com.br\\\/consulta-aos-garimpeiros-e-faiscadores-chega-na-fase-final\\\/\",\"url\":\"https:\\\/\\\/www.diariodeouropreto.com.br\\\/consulta-aos-garimpeiros-e-faiscadores-chega-na-fase-final\\\/\",\"name\":\"Consulta aos garimpeiros e faiscadores chega na fase final - Di\u00e1rio de Ouro Preto\",\"isPartOf\":{\"@id\":\"https:\\\/\\\/www.diariodeouropreto.com.br\\\/pt\\\/#website\"},\"primaryImageOfPage\":{\"@id\":\"https:\\\/\\\/www.diariodeouropreto.com.br\\\/consulta-aos-garimpeiros-e-faiscadores-chega-na-fase-final\\\/#primaryimage\"},\"image\":{\"@id\":\"https:\\\/\\\/www.diariodeouropreto.com.br\\\/consulta-aos-garimpeiros-e-faiscadores-chega-na-fase-final\\\/#primaryimage\"},\"thumbnailUrl\":\"https:\\\/\\\/www.diariodeouropreto.com.br\\\/wp-content\\\/uploads\\\/2026\\\/04\\\/45032df0-990d-4afd-8d1a-e8359c4da2cc.jpeg\",\"datePublished\":\"2026-04-27T16:12:24+00:00\",\"dateModified\":\"2026-04-27T16:12:26+00:00\",\"description\":\"Ao dizerem \u201csim\u201d, garimpeiros e faiscadores tradicionais aceitam acessar os recursos para repara\u00e7\u00e3o de danos coletivos, em raz\u00e3o do rompimento da barragem de Fund\u00e3o, previstos no Anexo 3- Consulta aos garimpeiros e faiscadores chega na fase final - Geral\",\"breadcrumb\":{\"@id\":\"https:\\\/\\\/www.diariodeouropreto.com.br\\\/consulta-aos-garimpeiros-e-faiscadores-chega-na-fase-final\\\/#breadcrumb\"},\"inLanguage\":\"pt-PT\",\"potentialAction\":[{\"@type\":\"ReadAction\",\"target\":[\"https:\\\/\\\/www.diariodeouropreto.com.br\\\/consulta-aos-garimpeiros-e-faiscadores-chega-na-fase-final\\\/\"]}]},{\"@type\":\"ImageObject\",\"inLanguage\":\"pt-PT\",\"@id\":\"https:\\\/\\\/www.diariodeouropreto.com.br\\\/consulta-aos-garimpeiros-e-faiscadores-chega-na-fase-final\\\/#primaryimage\",\"url\":\"https:\\\/\\\/www.diariodeouropreto.com.br\\\/wp-content\\\/uploads\\\/2026\\\/04\\\/45032df0-990d-4afd-8d1a-e8359c4da2cc.jpeg\",\"contentUrl\":\"https:\\\/\\\/www.diariodeouropreto.com.br\\\/wp-content\\\/uploads\\\/2026\\\/04\\\/45032df0-990d-4afd-8d1a-e8359c4da2cc.jpeg\",\"width\":768,\"height\":576},{\"@type\":\"BreadcrumbList\",\"@id\":\"https:\\\/\\\/www.diariodeouropreto.com.br\\\/consulta-aos-garimpeiros-e-faiscadores-chega-na-fase-final\\\/#breadcrumb\",\"itemListElement\":[{\"@type\":\"ListItem\",\"position\":1,\"name\":\"In\u00edcio\",\"item\":\"https:\\\/\\\/www.diariodeouropreto.com.br\\\/pt\\\/\"},{\"@type\":\"ListItem\",\"position\":2,\"name\":\"Consulta aos garimpeiros e faiscadores chega na fase final\"}]},{\"@type\":\"WebSite\",\"@id\":\"https:\\\/\\\/www.diariodeouropreto.com.br\\\/pt\\\/#website\",\"url\":\"https:\\\/\\\/www.diariodeouropreto.com.br\\\/pt\\\/\",\"name\":\"Di\u00e1rio de Ouro Preto\",\"description\":\"Not\u00edcias Ouro Preto; Mariana;Minas Gerais;Jornal;Jornalismo;Not\u00edcias;\",\"publisher\":{\"@id\":\"https:\\\/\\\/www.diariodeouropreto.com.br\\\/pt\\\/#organization\"},\"alternateName\":\"Jornal di\u00e1rio de Ouro Preto\",\"potentialAction\":[{\"@type\":\"SearchAction\",\"target\":{\"@type\":\"EntryPoint\",\"urlTemplate\":\"https:\\\/\\\/www.diariodeouropreto.com.br\\\/pt\\\/?s={search_term_string}\"},\"query-input\":{\"@type\":\"PropertyValueSpecification\",\"valueRequired\":true,\"valueName\":\"search_term_string\"}}],\"inLanguage\":\"pt-PT\"},{\"@type\":\"Organization\",\"@id\":\"https:\\\/\\\/www.diariodeouropreto.com.br\\\/pt\\\/#organization\",\"name\":\"Di\u00e1rio de Ouro Preto\",\"alternateName\":\"Jornal di\u00e1rio Ouro Preto\",\"url\":\"https:\\\/\\\/www.diariodeouropreto.com.br\\\/pt\\\/\",\"logo\":{\"@type\":\"ImageObject\",\"inLanguage\":\"pt-PT\",\"@id\":\"https:\\\/\\\/www.diariodeouropreto.com.br\\\/pt\\\/#\\\/schema\\\/logo\\\/image\\\/\",\"url\":\"https:\\\/\\\/www.diariodeouropreto.com.br\\\/wp-content\\\/uploads\\\/2019\\\/06\\\/cropped-logotransp-2.png\",\"contentUrl\":\"https:\\\/\\\/www.diariodeouropreto.com.br\\\/wp-content\\\/uploads\\\/2019\\\/06\\\/cropped-logotransp-2.png\",\"width\":1323,\"height\":251,\"caption\":\"Di\u00e1rio de Ouro Preto\"},\"image\":{\"@id\":\"https:\\\/\\\/www.diariodeouropreto.com.br\\\/pt\\\/#\\\/schema\\\/logo\\\/image\\\/\"},\"sameAs\":[\"https:\\\/\\\/www.facebook.com\\\/diariodeouropreto\\\/\"]},{\"@type\":\"Person\",\"@id\":\"https:\\\/\\\/www.diariodeouropreto.com.br\\\/pt\\\/#\\\/schema\\\/person\\\/7654e7b471204a6dab6dc0ce6e140c99\",\"name\":\"Di\u00e1rio de Ouro Preto\",\"sameAs\":[\"http:\\\/\\\/www.diariodeouropreto.com.br\"],\"url\":\"https:\\\/\\\/www.diariodeouropreto.com.br\\\/pt\\\/author\\\/diario\\\/\"}]}<\/script>\n<!-- \/ Yoast SEO plugin. -->","yoast_head_json":{"title":"Consulta aos garimpeiros e faiscadores chega na fase final - Di\u00e1rio de Ouro Preto","description":"Ao dizerem \u201csim\u201d, garimpeiros e faiscadores tradicionais aceitam acessar os recursos para repara\u00e7\u00e3o de danos coletivos, em raz\u00e3o do rompimento da barragem de Fund\u00e3o, previstos no Anexo 3- Consulta aos garimpeiros e faiscadores chega na fase final - Geral","robots":{"index":"index","follow":"follow","max-snippet":"max-snippet:-1","max-image-preview":"max-image-preview:large","max-video-preview":"max-video-preview:-1"},"canonical":"https:\/\/www.diariodeouropreto.com.br\/pt\/consulta-aos-garimpeiros-e-faiscadores-chega-na-fase-final\/","og_locale":"pt_PT","og_type":"article","og_title":"Consulta aos garimpeiros e faiscadores chega na fase final - Di\u00e1rio de Ouro Preto","og_description":"Ao dizerem \u201csim\u201d, garimpeiros e faiscadores tradicionais aceitam acessar os recursos para repara\u00e7\u00e3o de danos coletivos, em raz\u00e3o do rompimento da barragem de Fund\u00e3o, previstos no Anexo 3- Consulta aos garimpeiros e faiscadores chega na fase final - Geral","og_url":"https:\/\/www.diariodeouropreto.com.br\/pt\/consulta-aos-garimpeiros-e-faiscadores-chega-na-fase-final\/","og_site_name":"Di\u00e1rio de Ouro Preto","article_publisher":"https:\/\/www.facebook.com\/diariodeouropreto\/","article_published_time":"2026-04-27T16:12:24+00:00","article_modified_time":"2026-04-27T16:12:26+00:00","og_image":[{"width":768,"height":576,"url":"https:\/\/www.diariodeouropreto.com.br\/wp-content\/uploads\/2026\/04\/45032df0-990d-4afd-8d1a-e8359c4da2cc.jpeg","type":"image\/jpeg"}],"author":"Di\u00e1rio de Ouro Preto","twitter_card":"summary_large_image","twitter_misc":{"Escrito por":"Di\u00e1rio de Ouro Preto","Tempo estimado de leitura":"4 minutos"},"schema":{"@context":"https:\/\/schema.org","@graph":[{"@type":"Article","@id":"https:\/\/www.diariodeouropreto.com.br\/consulta-aos-garimpeiros-e-faiscadores-chega-na-fase-final\/#article","isPartOf":{"@id":"https:\/\/www.diariodeouropreto.com.br\/consulta-aos-garimpeiros-e-faiscadores-chega-na-fase-final\/"},"author":{"name":"Di\u00e1rio de Ouro Preto","@id":"https:\/\/www.diariodeouropreto.com.br\/pt\/#\/schema\/person\/7654e7b471204a6dab6dc0ce6e140c99"},"headline":"Consulta aos garimpeiros e faiscadores chega na fase final","datePublished":"2026-04-27T16:12:24+00:00","dateModified":"2026-04-27T16:12:26+00:00","mainEntityOfPage":{"@id":"https:\/\/www.diariodeouropreto.com.br\/consulta-aos-garimpeiros-e-faiscadores-chega-na-fase-final\/"},"wordCount":659,"publisher":{"@id":"https:\/\/www.diariodeouropreto.com.br\/pt\/#organization"},"image":{"@id":"https:\/\/www.diariodeouropreto.com.br\/consulta-aos-garimpeiros-e-faiscadores-chega-na-fase-final\/#primaryimage"},"thumbnailUrl":"https:\/\/www.diariodeouropreto.com.br\/wp-content\/uploads\/2026\/04\/45032df0-990d-4afd-8d1a-e8359c4da2cc.jpeg","articleSection":["Geral"],"inLanguage":"pt-PT"},{"@type":"WebPage","@id":"https:\/\/www.diariodeouropreto.com.br\/consulta-aos-garimpeiros-e-faiscadores-chega-na-fase-final\/","url":"https:\/\/www.diariodeouropreto.com.br\/consulta-aos-garimpeiros-e-faiscadores-chega-na-fase-final\/","name":"Consulta aos garimpeiros e faiscadores chega na fase final - Di\u00e1rio de Ouro Preto","isPartOf":{"@id":"https:\/\/www.diariodeouropreto.com.br\/pt\/#website"},"primaryImageOfPage":{"@id":"https:\/\/www.diariodeouropreto.com.br\/consulta-aos-garimpeiros-e-faiscadores-chega-na-fase-final\/#primaryimage"},"image":{"@id":"https:\/\/www.diariodeouropreto.com.br\/consulta-aos-garimpeiros-e-faiscadores-chega-na-fase-final\/#primaryimage"},"thumbnailUrl":"https:\/\/www.diariodeouropreto.com.br\/wp-content\/uploads\/2026\/04\/45032df0-990d-4afd-8d1a-e8359c4da2cc.jpeg","datePublished":"2026-04-27T16:12:24+00:00","dateModified":"2026-04-27T16:12:26+00:00","description":"Ao dizerem \u201csim\u201d, garimpeiros e faiscadores tradicionais aceitam acessar os recursos para repara\u00e7\u00e3o de danos coletivos, em raz\u00e3o do rompimento da barragem de Fund\u00e3o, previstos no Anexo 3- Consulta aos garimpeiros e faiscadores chega na fase final - Geral","breadcrumb":{"@id":"https:\/\/www.diariodeouropreto.com.br\/consulta-aos-garimpeiros-e-faiscadores-chega-na-fase-final\/#breadcrumb"},"inLanguage":"pt-PT","potentialAction":[{"@type":"ReadAction","target":["https:\/\/www.diariodeouropreto.com.br\/consulta-aos-garimpeiros-e-faiscadores-chega-na-fase-final\/"]}]},{"@type":"ImageObject","inLanguage":"pt-PT","@id":"https:\/\/www.diariodeouropreto.com.br\/consulta-aos-garimpeiros-e-faiscadores-chega-na-fase-final\/#primaryimage","url":"https:\/\/www.diariodeouropreto.com.br\/wp-content\/uploads\/2026\/04\/45032df0-990d-4afd-8d1a-e8359c4da2cc.jpeg","contentUrl":"https:\/\/www.diariodeouropreto.com.br\/wp-content\/uploads\/2026\/04\/45032df0-990d-4afd-8d1a-e8359c4da2cc.jpeg","width":768,"height":576},{"@type":"BreadcrumbList","@id":"https:\/\/www.diariodeouropreto.com.br\/consulta-aos-garimpeiros-e-faiscadores-chega-na-fase-final\/#breadcrumb","itemListElement":[{"@type":"ListItem","position":1,"name":"In\u00edcio","item":"https:\/\/www.diariodeouropreto.com.br\/pt\/"},{"@type":"ListItem","position":2,"name":"Consulta aos garimpeiros e faiscadores chega na fase final"}]},{"@type":"WebSite","@id":"https:\/\/www.diariodeouropreto.com.br\/pt\/#website","url":"https:\/\/www.diariodeouropreto.com.br\/pt\/","name":"Di\u00e1rio de Ouro Preto","description":"Not\u00edcias Ouro Preto; Mariana;Minas Gerais;Jornal;Jornalismo;Not\u00edcias;","publisher":{"@id":"https:\/\/www.diariodeouropreto.com.br\/pt\/#organization"},"alternateName":"Jornal di\u00e1rio de Ouro Preto","potentialAction":[{"@type":"SearchAction","target":{"@type":"EntryPoint","urlTemplate":"https:\/\/www.diariodeouropreto.com.br\/pt\/?s={search_term_string}"},"query-input":{"@type":"PropertyValueSpecification","valueRequired":true,"valueName":"search_term_string"}}],"inLanguage":"pt-PT"},{"@type":"Organization","@id":"https:\/\/www.diariodeouropreto.com.br\/pt\/#organization","name":"Di\u00e1rio de Ouro Preto","alternateName":"Jornal di\u00e1rio Ouro Preto","url":"https:\/\/www.diariodeouropreto.com.br\/pt\/","logo":{"@type":"ImageObject","inLanguage":"pt-PT","@id":"https:\/\/www.diariodeouropreto.com.br\/pt\/#\/schema\/logo\/image\/","url":"https:\/\/www.diariodeouropreto.com.br\/wp-content\/uploads\/2019\/06\/cropped-logotransp-2.png","contentUrl":"https:\/\/www.diariodeouropreto.com.br\/wp-content\/uploads\/2019\/06\/cropped-logotransp-2.png","width":1323,"height":251,"caption":"Di\u00e1rio de Ouro Preto"},"image":{"@id":"https:\/\/www.diariodeouropreto.com.br\/pt\/#\/schema\/logo\/image\/"},"sameAs":["https:\/\/www.facebook.com\/diariodeouropreto\/"]},{"@type":"Person","@id":"https:\/\/www.diariodeouropreto.com.br\/pt\/#\/schema\/person\/7654e7b471204a6dab6dc0ce6e140c99","name":"Di\u00e1rio de Ouro Preto","sameAs":["http:\/\/www.diariodeouropreto.com.br"],"url":"https:\/\/www.diariodeouropreto.com.br\/pt\/author\/diario\/"}]}},"jetpack_publicize_connections":[],"jetpack_featured_media_url":"https:\/\/www.diariodeouropreto.com.br\/wp-content\/uploads\/2026\/04\/45032df0-990d-4afd-8d1a-e8359c4da2cc.jpeg","jetpack-related-posts":[{"id":50073,"url":"https:\/\/www.diariodeouropreto.com.br\/pt\/anater-assina-novos-contratos-de-atis-no-ambito-do-novo-acordo-do-rio-doce\/","url_meta":{"origin":51969,"position":0},"title":"Anater assina novos contratos de ATIs no \u00e2mbito do Novo Acordo do Rio Doce","author":"Di\u00e1rio de Ouro Preto","date":"30 de Janeiro de 2026","format":false,"excerpt":"Bras\u00edlia, 30\/01\/2026 \u2013 A Ag\u00eancia Nacional de Assist\u00eancia T\u00e9cnica e Extens\u00e3o Rural (Anater) assinou, nesta quinta-feira (29), mais dois contratos de Assessoria T\u00e9cnica Independente (ATI), previstos no Novo Acordo do Rio Doce, voltados a povos quilombolas e comunidades tradicionais nos estados do Esp\u00edrito Santo e de Minas Gerais. Com isso,\u2026","rel":"","context":"In &quot;Geral&quot;","block_context":{"text":"Geral","link":"https:\/\/www.diariodeouropreto.com.br\/pt\/Editoria\/geral\/"},"img":{"alt_text":"","src":"https:\/\/i0.wp.com\/www.diariodeouropreto.com.br\/wp-content\/uploads\/2026\/01\/WhatsApp-Image-2026-01-30-at-11.12.33-1.jpeg?resize=350%2C200&ssl=1","width":350,"height":200,"srcset":"https:\/\/i0.wp.com\/www.diariodeouropreto.com.br\/wp-content\/uploads\/2026\/01\/WhatsApp-Image-2026-01-30-at-11.12.33-1.jpeg?resize=350%2C200&ssl=1 1x, https:\/\/i0.wp.com\/www.diariodeouropreto.com.br\/wp-content\/uploads\/2026\/01\/WhatsApp-Image-2026-01-30-at-11.12.33-1.jpeg?resize=525%2C300&ssl=1 1.5x, https:\/\/i0.wp.com\/www.diariodeouropreto.com.br\/wp-content\/uploads\/2026\/01\/WhatsApp-Image-2026-01-30-at-11.12.33-1.jpeg?resize=700%2C400&ssl=1 2x, https:\/\/i0.wp.com\/www.diariodeouropreto.com.br\/wp-content\/uploads\/2026\/01\/WhatsApp-Image-2026-01-30-at-11.12.33-1.jpeg?resize=1050%2C600&ssl=1 3x"},"classes":[]},{"id":47870,"url":"https:\/\/www.diariodeouropreto.com.br\/pt\/atingidos-cobram-participacao-e-reconhecimento-no-novo-acordo-de-mariana\/","url_meta":{"origin":51969,"position":1},"title":"Atingidos cobram participa\u00e7\u00e3o e reconhecimento no Novo Acordo de Mariana","author":"Di\u00e1rio de Ouro Preto","date":"1 de Outubro de 2025","format":false,"excerpt":"Comunidades questionam medidas indenizat\u00f3rias e de reassentamento previstas na pactua\u00e7\u00e3o entre autoridades e as mineradoras envolvidas Quase uma d\u00e9cada ap\u00f3s o\u00a0rompimento da barragem do Fund\u00e3o, da mineradora\u00a0Samarco, em Mariana (Regi\u00e3o Central),\u00a0a popula\u00e7\u00e3o diretamente atingida pela trag\u00e9dia segue denunciando\u00a0viola\u00e7\u00f5es de direitos\u00a0e a exclus\u00e3o nos processos de\u00a0repara\u00e7\u00e3o. Em audi\u00eancia p\u00fablica da Comiss\u00e3o\u2026","rel":"","context":"In &quot;Ouro Preto&quot;","block_context":{"text":"Ouro Preto","link":"https:\/\/www.diariodeouropreto.com.br\/pt\/Editoria\/ouro-preto\/"},"img":{"alt_text":"","src":"https:\/\/i0.wp.com\/www.diariodeouropreto.com.br\/wp-content\/uploads\/2025\/10\/2435943.jpg?resize=350%2C200&ssl=1","width":350,"height":200,"srcset":"https:\/\/i0.wp.com\/www.diariodeouropreto.com.br\/wp-content\/uploads\/2025\/10\/2435943.jpg?resize=350%2C200&ssl=1 1x, https:\/\/i0.wp.com\/www.diariodeouropreto.com.br\/wp-content\/uploads\/2025\/10\/2435943.jpg?resize=525%2C300&ssl=1 1.5x, https:\/\/i0.wp.com\/www.diariodeouropreto.com.br\/wp-content\/uploads\/2025\/10\/2435943.jpg?resize=700%2C400&ssl=1 2x, https:\/\/i0.wp.com\/www.diariodeouropreto.com.br\/wp-content\/uploads\/2025\/10\/2435943.jpg?resize=1050%2C600&ssl=1 3x"},"classes":[]},{"id":24560,"url":"https:\/\/www.diariodeouropreto.com.br\/pt\/garimpeiros-de-antonio-pereira-pedem-reconhecimento-como-atingidos-de-fundao\/","url_meta":{"origin":51969,"position":2},"title":"Garimpeiros de Ant\u00f4nio Pereira pedem reconhecimento como atingidos de Fund\u00e3o","author":"Di\u00e1rio de Ouro Preto","date":"1 de Agosto de 2023","format":false,"excerpt":"Integrantes da Associa\u00e7\u00e3o de Garimpeiros Tradicionais de Ant\u00f4nio Pereira, distrito de Ouro Preto (MG), estiveram reunidos com o Instituto Guaicuy, no dia 25 de julho, para elabora\u00e7\u00e3o de uma carta que foi enviada \u00e0 C\u00e2mara T\u00e9cnica \u00cdndigena e Povos e Comunidades Tradicionais (CT-IPCT). O objetivo do documento \u00e9 reivindicar o\u2026","rel":"","context":"In &quot;Ouro Preto&quot;","block_context":{"text":"Ouro Preto","link":"https:\/\/www.diariodeouropreto.com.br\/pt\/Editoria\/ouro-preto\/"},"img":{"alt_text":"","src":"https:\/\/i0.wp.com\/www.diariodeouropreto.com.br\/wp-content\/uploads\/2023\/08\/Reuniao-com-garimpeiros-Credito_Leo-Souza.jpg?resize=350%2C200&ssl=1","width":350,"height":200,"srcset":"https:\/\/i0.wp.com\/www.diariodeouropreto.com.br\/wp-content\/uploads\/2023\/08\/Reuniao-com-garimpeiros-Credito_Leo-Souza.jpg?resize=350%2C200&ssl=1 1x, https:\/\/i0.wp.com\/www.diariodeouropreto.com.br\/wp-content\/uploads\/2023\/08\/Reuniao-com-garimpeiros-Credito_Leo-Souza.jpg?resize=525%2C300&ssl=1 1.5x, https:\/\/i0.wp.com\/www.diariodeouropreto.com.br\/wp-content\/uploads\/2023\/08\/Reuniao-com-garimpeiros-Credito_Leo-Souza.jpg?resize=700%2C400&ssl=1 2x, https:\/\/i0.wp.com\/www.diariodeouropreto.com.br\/wp-content\/uploads\/2023\/08\/Reuniao-com-garimpeiros-Credito_Leo-Souza.jpg?resize=1050%2C600&ssl=1 3x"},"classes":[]},{"id":24187,"url":"https:\/\/www.diariodeouropreto.com.br\/pt\/garimpeiros-de-antonio-pereira-buscam-conquistar-reconhecimento-como-grupo-tradicional-atingido-pela-barragem-doutor\/","url_meta":{"origin":51969,"position":3},"title":"Garimpeiros de Ant\u00f4nio Pereira buscam conquistar reconhecimento como grupo tradicional atingido pela Barragem Doutor","author":"Di\u00e1rio de Ouro Preto","date":"4 de Julho de 2023","format":false,"excerpt":"Ant\u00f4nio Pereira - O Instituto Guaicuy e representantes do Minist\u00e9rio P\u00fablico de Minas Gerais (MPMG) se reuniram com quase 100 garimpeiras e garimpeiros de Ant\u00f4nio Pereira, na \u00faltima quinta-feira (29\/06), para tratar dos pr\u00f3ximos passos na luta pelo reconhecimento da tradicionalidade e dos danos sofridos por esse grupo espec\u00edfico em\u2026","rel":"","context":"In &quot;Ouro Preto&quot;","block_context":{"text":"Ouro Preto","link":"https:\/\/www.diariodeouropreto.com.br\/pt\/Editoria\/ouro-preto\/"},"img":{"alt_text":"","src":"https:\/\/i0.wp.com\/www.diariodeouropreto.com.br\/wp-content\/uploads\/2023\/07\/Credito-Instituto-Guaicuy-1.jpg?resize=350%2C200&ssl=1","width":350,"height":200,"srcset":"https:\/\/i0.wp.com\/www.diariodeouropreto.com.br\/wp-content\/uploads\/2023\/07\/Credito-Instituto-Guaicuy-1.jpg?resize=350%2C200&ssl=1 1x, https:\/\/i0.wp.com\/www.diariodeouropreto.com.br\/wp-content\/uploads\/2023\/07\/Credito-Instituto-Guaicuy-1.jpg?resize=525%2C300&ssl=1 1.5x, https:\/\/i0.wp.com\/www.diariodeouropreto.com.br\/wp-content\/uploads\/2023\/07\/Credito-Instituto-Guaicuy-1.jpg?resize=700%2C400&ssl=1 2x, https:\/\/i0.wp.com\/www.diariodeouropreto.com.br\/wp-content\/uploads\/2023\/07\/Credito-Instituto-Guaicuy-1.jpg?resize=1050%2C600&ssl=1 3x"},"classes":[]},{"id":43425,"url":"https:\/\/www.diariodeouropreto.com.br\/pt\/mariana-recebe-plenaria-da-caravana-interministerial-do-novo-acordo-do-rio-doce\/","url_meta":{"origin":51969,"position":4},"title":"Mariana recebe plen\u00e1ria da Caravana Interministerial do Novo Acordo do Rio Doce","author":"Di\u00e1rio de Ouro Preto","date":"28 de Mar\u00e7o de 2025","format":false,"excerpt":"Encontros marcam momento de escuta e di\u00e1logo entre Governo Federal e atingidos referente aos recurso que ser\u00e3o investidos na repara\u00e7\u00e3o Mariana - A Caravana Interministerial do \u201cNovo Acordo do Rio Doce\u201d encontrou na segunda-feira, 24\/03, o audit\u00f3rio do ICHS (Instituto de Ci\u00eancias Humanas e Sociais) lotado, com muitas pessoas assistindo\u2026","rel":"","context":"In &quot;Mariana&quot;","block_context":{"text":"Mariana","link":"https:\/\/www.diariodeouropreto.com.br\/pt\/Editoria\/mariana\/"},"img":{"alt_text":"","src":"https:\/\/i0.wp.com\/www.diariodeouropreto.com.br\/wp-content\/uploads\/2025\/03\/f648b293-8a6b-42e9-8d33-81ac18daa5d0.jpeg?resize=350%2C200&ssl=1","width":350,"height":200,"srcset":"https:\/\/i0.wp.com\/www.diariodeouropreto.com.br\/wp-content\/uploads\/2025\/03\/f648b293-8a6b-42e9-8d33-81ac18daa5d0.jpeg?resize=350%2C200&ssl=1 1x, https:\/\/i0.wp.com\/www.diariodeouropreto.com.br\/wp-content\/uploads\/2025\/03\/f648b293-8a6b-42e9-8d33-81ac18daa5d0.jpeg?resize=525%2C300&ssl=1 1.5x, https:\/\/i0.wp.com\/www.diariodeouropreto.com.br\/wp-content\/uploads\/2025\/03\/f648b293-8a6b-42e9-8d33-81ac18daa5d0.jpeg?resize=700%2C400&ssl=1 2x"},"classes":[]},{"id":43249,"url":"https:\/\/www.diariodeouropreto.com.br\/pt\/uma-historia-de-300-anos-garimpo-tradicional-de-antonio-pereira\/","url_meta":{"origin":51969,"position":5},"title":"Uma hist\u00f3ria de 300 anos &#8211; Garimpo Tradicional de Ant\u00f4nio Pereira","author":"Di\u00e1rio de Ouro Preto","date":"20 de Mar\u00e7o de 2025","format":false,"excerpt":"Assim como a planta precisa da chuva para florescer e se manter vida, o que mant\u00e9m um povo unido s\u00e3o seus tra\u00e7os culturais. A partir deles, as comunidades se conhecem e formam uma base s\u00f3lida para elementos vitais: pertencimento e identidade. Para a comunidade de Ant\u00f4nio Pereira, distrito de Ouro\u2026","rel":"","context":"Similar post","block_context":{"text":"Similar post","link":""},"img":{"alt_text":"","src":"https:\/\/i0.wp.com\/www.diariodeouropreto.com.br\/wp-content\/uploads\/2025\/03\/Maria_Tereza_garimpo_gaycui.jpg?resize=350%2C200&ssl=1","width":350,"height":200,"srcset":"https:\/\/i0.wp.com\/www.diariodeouropreto.com.br\/wp-content\/uploads\/2025\/03\/Maria_Tereza_garimpo_gaycui.jpg?resize=350%2C200&ssl=1 1x, https:\/\/i0.wp.com\/www.diariodeouropreto.com.br\/wp-content\/uploads\/2025\/03\/Maria_Tereza_garimpo_gaycui.jpg?resize=525%2C300&ssl=1 1.5x, https:\/\/i0.wp.com\/www.diariodeouropreto.com.br\/wp-content\/uploads\/2025\/03\/Maria_Tereza_garimpo_gaycui.jpg?resize=700%2C400&ssl=1 2x, https:\/\/i0.wp.com\/www.diariodeouropreto.com.br\/wp-content\/uploads\/2025\/03\/Maria_Tereza_garimpo_gaycui.jpg?resize=1050%2C600&ssl=1 3x"},"classes":[]}],"jetpack_sharing_enabled":true,"amp_enabled":true,"_links":{"self":[{"href":"https:\/\/www.diariodeouropreto.com.br\/pt\/wp-json\/wp\/v2\/posts\/51969","targetHints":{"allow":["GET"]}}],"collection":[{"href":"https:\/\/www.diariodeouropreto.com.br\/pt\/wp-json\/wp\/v2\/posts"}],"about":[{"href":"https:\/\/www.diariodeouropreto.com.br\/pt\/wp-json\/wp\/v2\/types\/post"}],"author":[{"embeddable":true,"href":"https:\/\/www.diariodeouropreto.com.br\/pt\/wp-json\/wp\/v2\/users\/1"}],"replies":[{"embeddable":true,"href":"https:\/\/www.diariodeouropreto.com.br\/pt\/wp-json\/wp\/v2\/comments?post=51969"}],"version-history":[{"count":1,"href":"https:\/\/www.diariodeouropreto.com.br\/pt\/wp-json\/wp\/v2\/posts\/51969\/revisions"}],"predecessor-version":[{"id":51972,"href":"https:\/\/www.diariodeouropreto.com.br\/pt\/wp-json\/wp\/v2\/posts\/51969\/revisions\/51972"}],"wp:featuredmedia":[{"embeddable":true,"href":"https:\/\/www.diariodeouropreto.com.br\/pt\/wp-json\/wp\/v2\/media\/51971"}],"wp:attachment":[{"href":"https:\/\/www.diariodeouropreto.com.br\/pt\/wp-json\/wp\/v2\/media?parent=51969"}],"wp:term":[{"taxonomy":"category","embeddable":true,"href":"https:\/\/www.diariodeouropreto.com.br\/pt\/wp-json\/wp\/v2\/categories?post=51969"},{"taxonomy":"post_tag","embeddable":true,"href":"https:\/\/www.diariodeouropreto.com.br\/pt\/wp-json\/wp\/v2\/tags?post=51969"}],"curies":[{"name":"wp","href":"https:\/\/api.w.org\/{rel}","templated":true}]}}