{"id":51961,"date":"2026-04-27T13:25:00","date_gmt":"2026-04-27T16:25:00","guid":{"rendered":"https:\/\/www.diariodeouropreto.com.br\/?p=51961"},"modified":"2026-04-27T13:06:05","modified_gmt":"2026-04-27T16:06:05","slug":"leis-de-protecao-a-mulher-transformacao-social-pode-demorar-geracoes","status":"publish","type":"post","link":"https:\/\/www.diariodeouropreto.com.br\/pt\/leis-de-protecao-a-mulher-transformacao-social-pode-demorar-geracoes\/","title":{"rendered":"Leis de prote\u00e7\u00e3o \u00e0 mulher: transforma\u00e7\u00e3o social pode demorar gera\u00e7\u00f5es"},"content":{"rendered":"<p><strong>Professora da UnB diz que legisla\u00e7\u00e3o protetiva ainda \u00e9 recente<\/strong><\/p>\n\n\n\n<p><strong>Especialistas que estudam a viol\u00eancia de g\u00eanero apontam que a legisla\u00e7\u00e3o brasileira para o enfrentamento desses casos \u00e9 uma das mais avan\u00e7adas no mundo. A&nbsp;<a href=\"https:\/\/www.planalto.gov.br\/ccivil_03\/_ato2004-2006\/2006\/lei\/l11340.htm\" target=\"_blank\" rel=\"noreferrer noopener follow external sponsored ugc\" data-wpel-link=\"external\">Lei Maria da Penha<\/a>&nbsp;e a&nbsp;<a href=\"https:\/\/www.planalto.gov.br\/ccivil_03\/_ato2015-2018\/2015\/lei\/l13104.htm\" target=\"_blank\" rel=\"noreferrer noopener follow external sponsored ugc\" data-wpel-link=\"external\">Lei do Feminic\u00eddio<\/a>, por exemplo, s\u00e3o consideradas marcos legais no combate \u00e0 viol\u00eancia contra a mulher.<\/strong><img decoding=\"async\" src=\"https:\/\/agenciabrasil.ebc.com.br\/ebc.png?id=1687069&amp;o=node\"><img decoding=\"async\" src=\"https:\/\/agenciabrasil.ebc.com.br\/ebc.gif?id=1687069&amp;o=node\"><\/p>\n\n\n\n<p>A professora da Faculdade de Direito da Universidade de Bras\u00edlia (UnB) Jana\u00edna Penalva pondera, no entanto, que ainda \u00e9 cedo para avaliar os impactos dessas leis na sociedade.<\/p>\n\n\n\n<blockquote class=\"wp-block-quote is-layout-flow wp-block-quote-is-layout-flow\">\n<p>\u201cElas s\u00e3o importantes, extremamente importantes. A gente ainda n\u00e3o conhece, n\u00e3o viu na sociedade o impacto de uma legisla\u00e7\u00e3o protetiva, porque ela \u00e9 muito recente. Mas ela n\u00e3o \u00e9 e nunca ser\u00e1 suficiente\u201d, afirma a professora, ela, que \u00e9 especialista em g\u00eanero e direito.<\/p>\n<\/blockquote>\n\n\n\n<p><strong>Jana\u00edna destaca que a Lei Maria da Penha completou 20 anos e a do Feminic\u00eddio, dez<\/strong>.&nbsp;<strong>Com isso, segundo ela, os efeitos dessa legisla\u00e7\u00e3o na sociedade v\u00e3o demorar a ser sentidos.<\/strong><\/p>\n\n\n<div class=\"wp-block-image\">\n<figure class=\"alignleft size-full\"><img decoding=\"async\" width=\"365\" height=\"521\" data-attachment-id=\"51964\" data-permalink=\"https:\/\/www.diariodeouropreto.com.br\/pt\/leis-de-protecao-a-mulher-transformacao-social-pode-demorar-geracoes\/valeska_zanello\/\" data-orig-file=\"https:\/\/www.diariodeouropreto.com.br\/wp-content\/uploads\/2026\/04\/valeska_zanello.webp\" data-orig-size=\"365,521\" data-comments-opened=\"0\" data-image-meta=\"{&quot;aperture&quot;:&quot;0&quot;,&quot;credit&quot;:&quot;&quot;,&quot;camera&quot;:&quot;&quot;,&quot;caption&quot;:&quot;&quot;,&quot;created_timestamp&quot;:&quot;0&quot;,&quot;copyright&quot;:&quot;&quot;,&quot;focal_length&quot;:&quot;0&quot;,&quot;iso&quot;:&quot;0&quot;,&quot;shutter_speed&quot;:&quot;0&quot;,&quot;title&quot;:&quot;&quot;,&quot;orientation&quot;:&quot;0&quot;}\" data-image-title=\"valeska_zanello\" data-image-description=\"\" data-image-caption=\"\" data-large-file=\"https:\/\/www.diariodeouropreto.com.br\/wp-content\/uploads\/2026\/04\/valeska_zanello.webp\" src=\"https:\/\/www.diariodeouropreto.com.br\/wp-content\/uploads\/2026\/04\/valeska_zanello.webp\" alt=\"\" class=\"wp-image-51964\" srcset=\"https:\/\/www.diariodeouropreto.com.br\/wp-content\/uploads\/2026\/04\/valeska_zanello.webp 365w, https:\/\/www.diariodeouropreto.com.br\/wp-content\/uploads\/2026\/04\/valeska_zanello-277x396.webp 277w, https:\/\/www.diariodeouropreto.com.br\/wp-content\/uploads\/2026\/04\/valeska_zanello-105x150.webp 105w, https:\/\/www.diariodeouropreto.com.br\/wp-content\/uploads\/2026\/04\/valeska_zanello-8x12.webp 8w, https:\/\/www.diariodeouropreto.com.br\/wp-content\/uploads\/2026\/04\/valeska_zanello-350x500.webp 350w\" sizes=\"(max-width: 365px) 100vw, 365px\" \/><figcaption class=\"wp-element-caption\"><em>Pesquisadora Valeska Zanello acredita que transforma\u00e7\u00f5es sociais decorrentes da legisla\u00e7\u00e3o protetiva da mulher devem demorar de 30 a 50 anos &#8211;\u00a0Foto:\u00a0<\/em><strong>Valeska Zanello\/Arquivo pessoal<\/strong><\/figcaption><\/figure>\n<\/div>\n\n\n<p><strong>A pesquisadora Valeska Zanello acredita que a transforma\u00e7\u00e3o real da sociedade provocada por essas leis deve levar ainda de 30 a 50 anos.<\/strong><\/p>\n\n\n\n<p>\u201cEstudos transculturais mostram que s\u00e3o necess\u00e1rias pelo menos tr\u00eas gera\u00e7\u00f5es para ter modifica\u00e7\u00f5es nas configura\u00e7\u00f5es emocionais. Ent\u00e3o, esse \u00e9 o grande desafio para a nossa gera\u00e7\u00e3o, para as futuras gera\u00e7\u00f5es.\u201d<\/p>\n\n\n\n<p>O arcabou\u00e7o legal de prote\u00e7\u00e3o \u00e0s mulheres teve avan\u00e7os com a publica\u00e7\u00e3o de novas normas.&nbsp;<strong>Sancionada no dia 9 deste m\u00eas, a&nbsp;<a href=\"https:\/\/www.in.gov.br\/web\/dou\/-\/lei-n-15.383-de-9-de-abril-de-2026-698690060\" target=\"_blank\" rel=\"noreferrer noopener follow external sponsored ugc\" data-wpel-link=\"external\">Lei 15.383\/2026<\/a>&nbsp;estabelece o monitoramento eletr\u00f4nico do agressor como medida protetiva de urg\u00eancia<\/strong>, quando houver risco atual ou iminente \u00e0 vida ou \u00e0 integridade f\u00edsica ou psicol\u00f3gica da mulher em situa\u00e7\u00e3o de viol\u00eancia dom\u00e9stica e familiar. Al\u00e9m disso, a v\u00edtima poder\u00e1 usar um dispositivo de seguran\u00e7a alertando sobre a aproxima\u00e7\u00e3o do agressor.<\/p>\n\n\n\n<p><strong>A&nbsp;<a href=\"https:\/\/www.planalto.gov.br\/ccivil_03\/_Ato2023-2026\/2026\/Lei\/L15384.htm\" target=\"_blank\" rel=\"noreferrer noopener follow external sponsored ugc\" data-wpel-link=\"external\">Lei n\u00ba 15.384\/2026<\/a>&nbsp;tipifica o crime de vicaric\u00eddio, que \u00e9 o assassinato de filhos e outros parentes como forma de punir ou causar sofrimento \u00e0s mulheres.&nbsp;<\/strong>A legisla\u00e7\u00e3o prev\u00ea pena de 20 a 40 anos em regime fechado para casos de viol\u00eancia vic\u00e1ria.<\/p>\n\n\n\n<p>A pena pode ser aumentada de um ter\u00e7o at\u00e9 a metade se o crime for praticado&nbsp;na presen\u00e7a da mulher a quem se pretende causar sofrimento, puni\u00e7\u00e3o ou controle;&nbsp;contra crian\u00e7a ou adolescente ou pessoa idosa ou com defici\u00eancia; em descumprimento de medida protetiva de urg\u00eancia.<\/p>\n\n\n\n<p>J\u00e1 leis como o&nbsp;<a href=\"https:\/\/www.planalto.gov.br\/ccivil_03\/_ato2011-2014\/2014\/lei\/l12965.htm\" target=\"_blank\" rel=\"noreferrer noopener follow external sponsored ugc\" data-wpel-link=\"external\">Marco Civil da Internet<\/a>,&nbsp;<a href=\"https:\/\/www.planalto.gov.br\/ccivil_03\/_ato2011-2014\/2012\/lei\/l12737.htm\" target=\"_blank\" rel=\"noreferrer noopener follow external sponsored ugc\" data-wpel-link=\"external\">Carolina Dieckmann<\/a>&nbsp;e a que criminaliza o&nbsp;<em><a href=\"https:\/\/www.planalto.gov.br\/ccivil_03\/_ato2019-2022\/2021\/lei\/l14132.htm\" target=\"_blank\" rel=\"noreferrer noopener follow external sponsored ugc\" data-wpel-link=\"external\">stalking<\/a>&nbsp;<\/em>(persegui\u00e7\u00e3o insistente, f\u00edsica ou virtual), por sua vez, ajudam a combater a viol\u00eancia digital.<\/p>\n\n\n\n<p>Para o psic\u00f3logo Fl\u00e1vio Urra, que trabalha com a ressocializa\u00e7\u00e3o de autores de viol\u00eancia, foi o movimento de mulheres que pressionou para que a legisla\u00e7\u00e3o fosse refor\u00e7ada.<\/p>\n\n\n\n<p><\/p>\n\n\n\n<p>\u201cEnt\u00e3o, mudan\u00e7as de teorias, mudan\u00e7as de comportamentos. Foi o movimento de mulheres e alguns poucos homens que se engajaram e lutaram ao lado das mulheres nesse enfrentamento.\u201d<\/p>\n\n\n\n<p>Nos \u00faltimos anos, tamb\u00e9m aumentaram as den\u00fancias.&nbsp;<strong>Em 2025, o Ligue 180 recebeu, entre janeiro e outubro, mais de 155 mil den\u00fancias de viol\u00eancia contra a mulher, a maioria delas feita pelas pr\u00f3prias v\u00edtimas<\/strong>.<\/p>\n\n\n\n<p>Fl\u00e1vio Urra avalia que hoje em dia a toler\u00e2ncia das mulheres com atitudes machistas \u00e9 menor. \u201cMuitos homens s\u00e3o denunciados por causa disso. E, como essa mudan\u00e7a n\u00e3o chegou para eles, n\u00e3o acreditam que aquilo que eles fizeram \u00e9 um crime.\u201d<\/p>\n\n\n\n<p>O consultor de empresas Felipe Requi\u00e3o trabalha com o&nbsp;<a href=\"https:\/\/agenciabrasil.ebc.com.br\/direitos-humanos\/noticia\/2026-04\/homens-se-mobilizam-para-combater-machismo-e-violencia-contra-mulher\" target=\"_blank\" rel=\"noreferrer noopener follow external sponsored ugc\" data-wpel-link=\"external\">engajamento de homens<\/a>&nbsp;na promo\u00e7\u00e3o da equidade de g\u00eanero e na preven\u00e7\u00e3o da viol\u00eancia contra as mulheres.&nbsp;<strong>Na avalia\u00e7\u00e3o dele, apesar do arcabou\u00e7o legal reconhecido, os atos de viol\u00eancia ainda s\u00e3o minimizados culturalmente, assim como a responsabiliza\u00e7\u00e3o dos homens.<\/strong><\/p>\n\n\n\n<blockquote class=\"wp-block-quote is-layout-flow wp-block-quote-is-layout-flow\">\n<p>\u201cExistem, ainda, muitos discursos que legitimam a viol\u00eancia, em muitos campos, no campo pol\u00edtico, no campo educacional, dentro das organiza\u00e7\u00f5es, principalmente no campo social.&#8221;<\/p>\n<\/blockquote>\n\n\n\n<p><strong>Na vis\u00e3o de Requi\u00e3o, faltam a\u00e7\u00f5es preventivas que sejam eficazes e que interrompam o ciclo de viol\u00eancia.<\/strong><\/p>\n\n\n\n<p>\u201cEnt\u00e3o, se existe um ciclo, \u00e9 porque ele \u00e9 cont\u00ednuo. E, se a gente trabalhasse na preven\u00e7\u00e3o, esse ciclo seria interrompido nas primeiras den\u00fancias de atos violentos. A gente atua depois que a viol\u00eancia aconteceu. N\u00e3o \u00e9 \u00e0 toa que \u00e9 amplamente divulgado pelos institutos de defesa da mulher sobre o ciclo da viol\u00eancia\u201d, diz Requi\u00e3o.<\/p>\n\n\n\n<p>Para ele, n\u00e3o se trata de um problema de falta de leis, mas de um cen\u00e1rio que requer transforma\u00e7\u00e3o cultural.<\/p>\n\n\n\n<p>O jornalista e pesquisador em masculinidades Ismael dos Anjos acredita que os homens precisam se engajar e lutar por mudan\u00e7as.&nbsp;<strong>Segundo ele, existem limites, inclusive legais, que dificultam o papel dos homens no cuidado, por exemplo.<\/strong><\/p>\n\n\n\n<p>Como embaixador da CoPai, coaliz\u00e3o pela licen\u00e7a-paternidade, o jornalista cita o aumento gradual da licen\u00e7a-paternidade de cinco dias para 20 dias, ao final desta d\u00e9cada. A amplia\u00e7\u00e3o est\u00e1 prevista na<a href=\"https:\/\/agenciabrasil.ebc.com.br\/direitos-humanos\/noticia\/2026-04\/novos-prazos-para-licenca-paternidade-valem-partir-de-2027-entenda\" target=\"_blank\" rel=\"noreferrer noopener follow external sponsored ugc\" data-wpel-link=\"external\">&nbsp;Lei n\u00b0 15.371<\/a>, sancionada no fim de mar\u00e7o deste ano.<strong>&nbsp;Apesar de considerar o aumento uma vit\u00f3ria, Ismael dos Anjos diz que 20 dias ainda n\u00e3o s\u00e3o suficientes para um pai cuidar de um filho rec\u00e9m-nascido.<\/strong><\/p>\n\n\n\n<p>Ele entende que as estruturas culturais, econ\u00f4micas e institucionais s\u00f3 v\u00e3o mudar quando homens fizerem sua parte nas micropol\u00edticas de mudan\u00e7a de comportamento. \u201cS\u00f3 passa a ter trocador no banheiro masculino quando homens suficientes perguntarem &#8216;onde eu posso trocar a fralda do meu filho?&#8217;\u201d<\/p>\n\n\n\n<p>Para o psic\u00f3logo Alexandre Coimbra Amaral, al\u00e9m de um sistema de Justi\u00e7a que responsabilize, criminalize, julgue e conceda a pena, s\u00e3o necess\u00e1rias mais pol\u00edticas p\u00fablicas transformadoras.<\/p>\n\n\n\n<blockquote class=\"wp-block-quote is-layout-flow wp-block-quote-is-layout-flow\">\n<p>\u201cPol\u00edtica p\u00fablica significa a gente ter investimento p\u00fablico na promo\u00e7\u00e3o de sa\u00fade, na preven\u00e7\u00e3o,&nbsp; na constru\u00e7\u00e3o de pr\u00e1ticas educativas, de mensagens que s\u00e3o colocadas, de ensinar os profissionais de sa\u00fade, de educa\u00e7\u00e3o, que est\u00e3o em contato com esses meninos e como construir boas conversas nesse aspecto&#8221;, defende.<\/p>\n<\/blockquote>\n\n\n\n<p><strong>Em 2025, foram sancionadas 19 leis de prote\u00e7\u00e3o social \u00e0 mulher.<\/strong>&nbsp;Al\u00e9m disso, tramitam no Congresso Nacional v\u00e1rios outros projetos sobre o tema. Um deles equipara a misoginia a crimes de discrimina\u00e7\u00e3o, como o racismo, tornando condutas de \u00f3dio contra mulheres inafian\u00e7\u00e1veis e imprescrit\u00edveis.<\/p>\n\n\n\n<p><\/p>\n\n\n\n<div id=\"110712\" class=\"advads-saneouro advads-entity-placement\" style=\"margin-left: auto;margin-right: auto;text-align: center;\"><a href=\"https:\/\/www.saneouro.com.br\/\" target=\"_blank\" aria-label=\"DOP_Site\" data-wpel-link=\"external\" rel=\"follow external noopener noreferrer sponsored ugc\"><img src=\"https:\/\/www.diariodeouropreto.com.br\/wp-content\/uploads\/2026\/04\/DOP_Site.jpg\" alt=\"\"  srcset=\"https:\/\/www.diariodeouropreto.com.br\/wp-content\/uploads\/2026\/04\/DOP_Site.jpg 301w, https:\/\/www.diariodeouropreto.com.br\/wp-content\/uploads\/2026\/04\/DOP_Site-180x150.jpg 180w, https:\/\/www.diariodeouropreto.com.br\/wp-content\/uploads\/2026\/04\/DOP_Site-14x12.jpg 14w\" sizes=\"(max-width: 301px) 100vw, 301px\" width=\"301\" height=\"251\"  style=\"display: inline-block;\" \/><\/a><\/div><p>Por Ana L\u00facia Caldas &#8211; Rep\u00f3rter da R\u00e1dio Nacional\/Colaborou Luciene Cruz<\/p>\n\n\n\n<div id=\"50321\" class=\"advads-plantao advads-entity-placement\"><a href=\"https:\/\/www.diariodeouropreto.com.br\/pt\/\" target=\"_blank\" aria-label=\"site &#8211; noticia\" data-wpel-link=\"external\" rel=\"follow external noopener noreferrer sponsored ugc\"><img src=\"https:\/\/www.diariodeouropreto.com.br\/wp-content\/uploads\/2019\/09\/titulosite2-e1616373489755.jpg\" alt=\"\"  srcset=\"https:\/\/www.diariodeouropreto.com.br\/wp-content\/uploads\/2019\/09\/titulosite2-e1616373489755.jpg 1200w, https:\/\/www.diariodeouropreto.com.br\/wp-content\/uploads\/2019\/09\/titulosite2-e1616373489755-150x38.jpg 150w, https:\/\/www.diariodeouropreto.com.br\/wp-content\/uploads\/2019\/09\/titulosite2-e1616373489755-660x167.jpg 660w, https:\/\/www.diariodeouropreto.com.br\/wp-content\/uploads\/2019\/09\/titulosite2-e1616373489755-768x194.jpg 768w, https:\/\/www.diariodeouropreto.com.br\/wp-content\/uploads\/2019\/09\/titulosite2-e1616373489755-1000x252.jpg 1000w, https:\/\/www.diariodeouropreto.com.br\/wp-content\/uploads\/2019\/09\/titulosite2-e1616373489755-1536x388.jpg 1536w, https:\/\/www.diariodeouropreto.com.br\/wp-content\/uploads\/2019\/09\/titulosite2-e1616373489755-2048x517.jpg 2048w\" sizes=\"(max-width: 1200px) 100vw, 1200px\" width=\"1200\" height=\"303\"  style=\"display: inline-block;\" \/><\/a><\/div><p>Foto: Paulo Pinto\/Ag\u00eancia Brasil<br><br><\/p>","protected":false},"excerpt":{"rendered":"<p>Professora da UnB diz que legisla\u00e7\u00e3o protetiva ainda \u00e9 recente Especialistas que estudam a viol\u00eancia de g\u00eanero apontam que a legisla\u00e7\u00e3o brasileira para o enfrentamento desses casos \u00e9 uma das mais avan\u00e7adas no mundo. A&nbsp;Lei Maria da Penha&nbsp;e a&nbsp;Lei do Feminic\u00eddio, por exemplo, s\u00e3o consideradas marcos legais no combate \u00e0<span class=\"more-link\"><a href=\"https:\/\/www.diariodeouropreto.com.br\/pt\/leis-de-protecao-a-mulher-transformacao-social-pode-demorar-geracoes\/\" data-wpel-link=\"internal\">Continue Lendo<\/a><\/span><\/p>","protected":false},"author":1,"featured_media":51963,"comment_status":"closed","ping_status":"closed","sticky":false,"template":"","format":"standard","meta":{"_jetpack_memberships_contains_paid_content":false,"footnotes":"","jetpack_publicize_message":"Professora da UnB diz que legisla\u00e7\u00e3o protetiva ainda \u00e9 recente","jetpack_publicize_feature_enabled":true,"jetpack_social_post_already_shared":true,"jetpack_social_options":{"image_generator_settings":{"template":"highway","default_image_id":0,"font":"","enabled":false},"version":2}},"categories":[7],"tags":[],"class_list":["entry","author-diario","post-51961","post","type-post","status-publish","format-standard","has-post-thumbnail","category-brasil"],"yoast_head":"<!-- This site is optimized with the Yoast SEO plugin v27.4 - https:\/\/yoast.com\/product\/yoast-seo-wordpress\/ -->\n<title>Leis de prote\u00e7\u00e3o \u00e0 mulher: transforma\u00e7\u00e3o social pode demorar gera\u00e7\u00f5es - Di\u00e1rio de Ouro Preto<\/title>\n<meta name=\"description\" content=\"Professora da UnB diz que legisla\u00e7\u00e3o protetiva ainda \u00e9 recente- Leis de prote\u00e7\u00e3o \u00e0 mulher: transforma\u00e7\u00e3o social pode demorar gera\u00e7\u00f5es - Brasil\" \/>\n<meta name=\"robots\" content=\"index, follow, max-snippet:-1, max-image-preview:large, max-video-preview:-1\" \/>\n<link rel=\"canonical\" href=\"https:\/\/www.diariodeouropreto.com.br\/pt\/leis-de-protecao-a-mulher-transformacao-social-pode-demorar-geracoes\/\" \/>\n<meta property=\"og:locale\" content=\"pt_PT\" \/>\n<meta property=\"og:type\" content=\"article\" \/>\n<meta property=\"og:title\" content=\"Leis de prote\u00e7\u00e3o \u00e0 mulher: transforma\u00e7\u00e3o social pode demorar gera\u00e7\u00f5es - Di\u00e1rio de Ouro Preto\" \/>\n<meta property=\"og:description\" content=\"Professora da UnB diz que legisla\u00e7\u00e3o protetiva ainda \u00e9 recente- Leis de prote\u00e7\u00e3o \u00e0 mulher: transforma\u00e7\u00e3o social pode demorar gera\u00e7\u00f5es - Brasil\" \/>\n<meta property=\"og:url\" content=\"https:\/\/www.diariodeouropreto.com.br\/pt\/leis-de-protecao-a-mulher-transformacao-social-pode-demorar-geracoes\/\" \/>\n<meta property=\"og:site_name\" content=\"Di\u00e1rio de Ouro Preto\" \/>\n<meta property=\"article:publisher\" content=\"https:\/\/www.facebook.com\/diariodeouropreto\/\" \/>\n<meta property=\"article:published_time\" content=\"2026-04-27T16:25:00+00:00\" \/>\n<meta property=\"og:image\" content=\"https:\/\/www.diariodeouropreto.com.br\/wp-content\/uploads\/2026\/04\/pint8518.jpg.webp\" \/>\n\t<meta property=\"og:image:width\" content=\"1170\" \/>\n\t<meta property=\"og:image:height\" content=\"700\" \/>\n\t<meta property=\"og:image:type\" content=\"image\/webp\" \/>\n<meta name=\"author\" content=\"Di\u00e1rio de Ouro Preto\" \/>\n<meta name=\"twitter:card\" content=\"summary_large_image\" \/>\n<meta name=\"twitter:label1\" content=\"Escrito por\" \/>\n\t<meta name=\"twitter:data1\" content=\"Di\u00e1rio de Ouro Preto\" \/>\n\t<meta name=\"twitter:label2\" content=\"Tempo estimado de leitura\" \/>\n\t<meta name=\"twitter:data2\" content=\"6 minutos\" \/>\n<script type=\"application\/ld+json\" class=\"yoast-schema-graph\">{\"@context\":\"https:\\\/\\\/schema.org\",\"@graph\":[{\"@type\":\"Article\",\"@id\":\"https:\\\/\\\/www.diariodeouropreto.com.br\\\/leis-de-protecao-a-mulher-transformacao-social-pode-demorar-geracoes\\\/#article\",\"isPartOf\":{\"@id\":\"https:\\\/\\\/www.diariodeouropreto.com.br\\\/leis-de-protecao-a-mulher-transformacao-social-pode-demorar-geracoes\\\/\"},\"author\":{\"name\":\"Di\u00e1rio de Ouro Preto\",\"@id\":\"https:\\\/\\\/www.diariodeouropreto.com.br\\\/pt\\\/#\\\/schema\\\/person\\\/7654e7b471204a6dab6dc0ce6e140c99\"},\"headline\":\"Leis de prote\u00e7\u00e3o \u00e0 mulher: transforma\u00e7\u00e3o social pode demorar gera\u00e7\u00f5es\",\"datePublished\":\"2026-04-27T16:25:00+00:00\",\"mainEntityOfPage\":{\"@id\":\"https:\\\/\\\/www.diariodeouropreto.com.br\\\/leis-de-protecao-a-mulher-transformacao-social-pode-demorar-geracoes\\\/\"},\"wordCount\":1162,\"publisher\":{\"@id\":\"https:\\\/\\\/www.diariodeouropreto.com.br\\\/pt\\\/#organization\"},\"image\":{\"@id\":\"https:\\\/\\\/www.diariodeouropreto.com.br\\\/leis-de-protecao-a-mulher-transformacao-social-pode-demorar-geracoes\\\/#primaryimage\"},\"thumbnailUrl\":\"https:\\\/\\\/www.diariodeouropreto.com.br\\\/wp-content\\\/uploads\\\/2026\\\/04\\\/pint8518.jpg.webp\",\"articleSection\":[\"Brasil\"],\"inLanguage\":\"pt-PT\"},{\"@type\":\"WebPage\",\"@id\":\"https:\\\/\\\/www.diariodeouropreto.com.br\\\/leis-de-protecao-a-mulher-transformacao-social-pode-demorar-geracoes\\\/\",\"url\":\"https:\\\/\\\/www.diariodeouropreto.com.br\\\/leis-de-protecao-a-mulher-transformacao-social-pode-demorar-geracoes\\\/\",\"name\":\"Leis de prote\u00e7\u00e3o \u00e0 mulher: transforma\u00e7\u00e3o social pode demorar gera\u00e7\u00f5es - Di\u00e1rio de Ouro Preto\",\"isPartOf\":{\"@id\":\"https:\\\/\\\/www.diariodeouropreto.com.br\\\/pt\\\/#website\"},\"primaryImageOfPage\":{\"@id\":\"https:\\\/\\\/www.diariodeouropreto.com.br\\\/leis-de-protecao-a-mulher-transformacao-social-pode-demorar-geracoes\\\/#primaryimage\"},\"image\":{\"@id\":\"https:\\\/\\\/www.diariodeouropreto.com.br\\\/leis-de-protecao-a-mulher-transformacao-social-pode-demorar-geracoes\\\/#primaryimage\"},\"thumbnailUrl\":\"https:\\\/\\\/www.diariodeouropreto.com.br\\\/wp-content\\\/uploads\\\/2026\\\/04\\\/pint8518.jpg.webp\",\"datePublished\":\"2026-04-27T16:25:00+00:00\",\"description\":\"Professora da UnB diz que legisla\u00e7\u00e3o protetiva ainda \u00e9 recente- Leis de prote\u00e7\u00e3o \u00e0 mulher: transforma\u00e7\u00e3o social pode demorar gera\u00e7\u00f5es - Brasil\",\"breadcrumb\":{\"@id\":\"https:\\\/\\\/www.diariodeouropreto.com.br\\\/leis-de-protecao-a-mulher-transformacao-social-pode-demorar-geracoes\\\/#breadcrumb\"},\"inLanguage\":\"pt-PT\",\"potentialAction\":[{\"@type\":\"ReadAction\",\"target\":[\"https:\\\/\\\/www.diariodeouropreto.com.br\\\/leis-de-protecao-a-mulher-transformacao-social-pode-demorar-geracoes\\\/\"]}]},{\"@type\":\"ImageObject\",\"inLanguage\":\"pt-PT\",\"@id\":\"https:\\\/\\\/www.diariodeouropreto.com.br\\\/leis-de-protecao-a-mulher-transformacao-social-pode-demorar-geracoes\\\/#primaryimage\",\"url\":\"https:\\\/\\\/www.diariodeouropreto.com.br\\\/wp-content\\\/uploads\\\/2026\\\/04\\\/pint8518.jpg.webp\",\"contentUrl\":\"https:\\\/\\\/www.diariodeouropreto.com.br\\\/wp-content\\\/uploads\\\/2026\\\/04\\\/pint8518.jpg.webp\",\"width\":1170,\"height\":700},{\"@type\":\"BreadcrumbList\",\"@id\":\"https:\\\/\\\/www.diariodeouropreto.com.br\\\/leis-de-protecao-a-mulher-transformacao-social-pode-demorar-geracoes\\\/#breadcrumb\",\"itemListElement\":[{\"@type\":\"ListItem\",\"position\":1,\"name\":\"In\u00edcio\",\"item\":\"https:\\\/\\\/www.diariodeouropreto.com.br\\\/pt\\\/\"},{\"@type\":\"ListItem\",\"position\":2,\"name\":\"Leis de prote\u00e7\u00e3o \u00e0 mulher: transforma\u00e7\u00e3o social pode demorar gera\u00e7\u00f5es\"}]},{\"@type\":\"WebSite\",\"@id\":\"https:\\\/\\\/www.diariodeouropreto.com.br\\\/pt\\\/#website\",\"url\":\"https:\\\/\\\/www.diariodeouropreto.com.br\\\/pt\\\/\",\"name\":\"Di\u00e1rio de Ouro Preto\",\"description\":\"Not\u00edcias Ouro Preto; Mariana;Minas Gerais;Jornal;Jornalismo;Not\u00edcias;\",\"publisher\":{\"@id\":\"https:\\\/\\\/www.diariodeouropreto.com.br\\\/pt\\\/#organization\"},\"alternateName\":\"Jornal di\u00e1rio de Ouro Preto\",\"potentialAction\":[{\"@type\":\"SearchAction\",\"target\":{\"@type\":\"EntryPoint\",\"urlTemplate\":\"https:\\\/\\\/www.diariodeouropreto.com.br\\\/pt\\\/?s={search_term_string}\"},\"query-input\":{\"@type\":\"PropertyValueSpecification\",\"valueRequired\":true,\"valueName\":\"search_term_string\"}}],\"inLanguage\":\"pt-PT\"},{\"@type\":\"Organization\",\"@id\":\"https:\\\/\\\/www.diariodeouropreto.com.br\\\/pt\\\/#organization\",\"name\":\"Di\u00e1rio de Ouro Preto\",\"alternateName\":\"Jornal di\u00e1rio Ouro Preto\",\"url\":\"https:\\\/\\\/www.diariodeouropreto.com.br\\\/pt\\\/\",\"logo\":{\"@type\":\"ImageObject\",\"inLanguage\":\"pt-PT\",\"@id\":\"https:\\\/\\\/www.diariodeouropreto.com.br\\\/pt\\\/#\\\/schema\\\/logo\\\/image\\\/\",\"url\":\"https:\\\/\\\/www.diariodeouropreto.com.br\\\/wp-content\\\/uploads\\\/2019\\\/06\\\/cropped-logotransp-2.png\",\"contentUrl\":\"https:\\\/\\\/www.diariodeouropreto.com.br\\\/wp-content\\\/uploads\\\/2019\\\/06\\\/cropped-logotransp-2.png\",\"width\":1323,\"height\":251,\"caption\":\"Di\u00e1rio de Ouro Preto\"},\"image\":{\"@id\":\"https:\\\/\\\/www.diariodeouropreto.com.br\\\/pt\\\/#\\\/schema\\\/logo\\\/image\\\/\"},\"sameAs\":[\"https:\\\/\\\/www.facebook.com\\\/diariodeouropreto\\\/\"]},{\"@type\":\"Person\",\"@id\":\"https:\\\/\\\/www.diariodeouropreto.com.br\\\/pt\\\/#\\\/schema\\\/person\\\/7654e7b471204a6dab6dc0ce6e140c99\",\"name\":\"Di\u00e1rio de Ouro Preto\",\"sameAs\":[\"http:\\\/\\\/www.diariodeouropreto.com.br\"],\"url\":\"https:\\\/\\\/www.diariodeouropreto.com.br\\\/pt\\\/author\\\/diario\\\/\"}]}<\/script>\n<!-- \/ Yoast SEO plugin. -->","yoast_head_json":{"title":"Leis de prote\u00e7\u00e3o \u00e0 mulher: transforma\u00e7\u00e3o social pode demorar gera\u00e7\u00f5es - Di\u00e1rio de Ouro Preto","description":"Professora da UnB diz que legisla\u00e7\u00e3o protetiva ainda \u00e9 recente- Leis de prote\u00e7\u00e3o \u00e0 mulher: transforma\u00e7\u00e3o social pode demorar gera\u00e7\u00f5es - Brasil","robots":{"index":"index","follow":"follow","max-snippet":"max-snippet:-1","max-image-preview":"max-image-preview:large","max-video-preview":"max-video-preview:-1"},"canonical":"https:\/\/www.diariodeouropreto.com.br\/pt\/leis-de-protecao-a-mulher-transformacao-social-pode-demorar-geracoes\/","og_locale":"pt_PT","og_type":"article","og_title":"Leis de prote\u00e7\u00e3o \u00e0 mulher: transforma\u00e7\u00e3o social pode demorar gera\u00e7\u00f5es - Di\u00e1rio de Ouro Preto","og_description":"Professora da UnB diz que legisla\u00e7\u00e3o protetiva ainda \u00e9 recente- Leis de prote\u00e7\u00e3o \u00e0 mulher: transforma\u00e7\u00e3o social pode demorar gera\u00e7\u00f5es - Brasil","og_url":"https:\/\/www.diariodeouropreto.com.br\/pt\/leis-de-protecao-a-mulher-transformacao-social-pode-demorar-geracoes\/","og_site_name":"Di\u00e1rio de Ouro Preto","article_publisher":"https:\/\/www.facebook.com\/diariodeouropreto\/","article_published_time":"2026-04-27T16:25:00+00:00","og_image":[{"width":1170,"height":700,"url":"https:\/\/www.diariodeouropreto.com.br\/wp-content\/uploads\/2026\/04\/pint8518.jpg.webp","type":"image\/webp"}],"author":"Di\u00e1rio de Ouro Preto","twitter_card":"summary_large_image","twitter_misc":{"Escrito por":"Di\u00e1rio de Ouro Preto","Tempo estimado de leitura":"6 minutos"},"schema":{"@context":"https:\/\/schema.org","@graph":[{"@type":"Article","@id":"https:\/\/www.diariodeouropreto.com.br\/leis-de-protecao-a-mulher-transformacao-social-pode-demorar-geracoes\/#article","isPartOf":{"@id":"https:\/\/www.diariodeouropreto.com.br\/leis-de-protecao-a-mulher-transformacao-social-pode-demorar-geracoes\/"},"author":{"name":"Di\u00e1rio de Ouro Preto","@id":"https:\/\/www.diariodeouropreto.com.br\/pt\/#\/schema\/person\/7654e7b471204a6dab6dc0ce6e140c99"},"headline":"Leis de prote\u00e7\u00e3o \u00e0 mulher: transforma\u00e7\u00e3o social pode demorar gera\u00e7\u00f5es","datePublished":"2026-04-27T16:25:00+00:00","mainEntityOfPage":{"@id":"https:\/\/www.diariodeouropreto.com.br\/leis-de-protecao-a-mulher-transformacao-social-pode-demorar-geracoes\/"},"wordCount":1162,"publisher":{"@id":"https:\/\/www.diariodeouropreto.com.br\/pt\/#organization"},"image":{"@id":"https:\/\/www.diariodeouropreto.com.br\/leis-de-protecao-a-mulher-transformacao-social-pode-demorar-geracoes\/#primaryimage"},"thumbnailUrl":"https:\/\/www.diariodeouropreto.com.br\/wp-content\/uploads\/2026\/04\/pint8518.jpg.webp","articleSection":["Brasil"],"inLanguage":"pt-PT"},{"@type":"WebPage","@id":"https:\/\/www.diariodeouropreto.com.br\/leis-de-protecao-a-mulher-transformacao-social-pode-demorar-geracoes\/","url":"https:\/\/www.diariodeouropreto.com.br\/leis-de-protecao-a-mulher-transformacao-social-pode-demorar-geracoes\/","name":"Leis de prote\u00e7\u00e3o \u00e0 mulher: transforma\u00e7\u00e3o social pode demorar gera\u00e7\u00f5es - Di\u00e1rio de Ouro Preto","isPartOf":{"@id":"https:\/\/www.diariodeouropreto.com.br\/pt\/#website"},"primaryImageOfPage":{"@id":"https:\/\/www.diariodeouropreto.com.br\/leis-de-protecao-a-mulher-transformacao-social-pode-demorar-geracoes\/#primaryimage"},"image":{"@id":"https:\/\/www.diariodeouropreto.com.br\/leis-de-protecao-a-mulher-transformacao-social-pode-demorar-geracoes\/#primaryimage"},"thumbnailUrl":"https:\/\/www.diariodeouropreto.com.br\/wp-content\/uploads\/2026\/04\/pint8518.jpg.webp","datePublished":"2026-04-27T16:25:00+00:00","description":"Professora da UnB diz que legisla\u00e7\u00e3o protetiva ainda \u00e9 recente- Leis de prote\u00e7\u00e3o \u00e0 mulher: transforma\u00e7\u00e3o social pode demorar gera\u00e7\u00f5es - Brasil","breadcrumb":{"@id":"https:\/\/www.diariodeouropreto.com.br\/leis-de-protecao-a-mulher-transformacao-social-pode-demorar-geracoes\/#breadcrumb"},"inLanguage":"pt-PT","potentialAction":[{"@type":"ReadAction","target":["https:\/\/www.diariodeouropreto.com.br\/leis-de-protecao-a-mulher-transformacao-social-pode-demorar-geracoes\/"]}]},{"@type":"ImageObject","inLanguage":"pt-PT","@id":"https:\/\/www.diariodeouropreto.com.br\/leis-de-protecao-a-mulher-transformacao-social-pode-demorar-geracoes\/#primaryimage","url":"https:\/\/www.diariodeouropreto.com.br\/wp-content\/uploads\/2026\/04\/pint8518.jpg.webp","contentUrl":"https:\/\/www.diariodeouropreto.com.br\/wp-content\/uploads\/2026\/04\/pint8518.jpg.webp","width":1170,"height":700},{"@type":"BreadcrumbList","@id":"https:\/\/www.diariodeouropreto.com.br\/leis-de-protecao-a-mulher-transformacao-social-pode-demorar-geracoes\/#breadcrumb","itemListElement":[{"@type":"ListItem","position":1,"name":"In\u00edcio","item":"https:\/\/www.diariodeouropreto.com.br\/pt\/"},{"@type":"ListItem","position":2,"name":"Leis de prote\u00e7\u00e3o \u00e0 mulher: transforma\u00e7\u00e3o social pode demorar gera\u00e7\u00f5es"}]},{"@type":"WebSite","@id":"https:\/\/www.diariodeouropreto.com.br\/pt\/#website","url":"https:\/\/www.diariodeouropreto.com.br\/pt\/","name":"Di\u00e1rio de Ouro Preto","description":"Not\u00edcias Ouro Preto; Mariana;Minas Gerais;Jornal;Jornalismo;Not\u00edcias;","publisher":{"@id":"https:\/\/www.diariodeouropreto.com.br\/pt\/#organization"},"alternateName":"Jornal di\u00e1rio de Ouro Preto","potentialAction":[{"@type":"SearchAction","target":{"@type":"EntryPoint","urlTemplate":"https:\/\/www.diariodeouropreto.com.br\/pt\/?s={search_term_string}"},"query-input":{"@type":"PropertyValueSpecification","valueRequired":true,"valueName":"search_term_string"}}],"inLanguage":"pt-PT"},{"@type":"Organization","@id":"https:\/\/www.diariodeouropreto.com.br\/pt\/#organization","name":"Di\u00e1rio de Ouro Preto","alternateName":"Jornal di\u00e1rio Ouro Preto","url":"https:\/\/www.diariodeouropreto.com.br\/pt\/","logo":{"@type":"ImageObject","inLanguage":"pt-PT","@id":"https:\/\/www.diariodeouropreto.com.br\/pt\/#\/schema\/logo\/image\/","url":"https:\/\/www.diariodeouropreto.com.br\/wp-content\/uploads\/2019\/06\/cropped-logotransp-2.png","contentUrl":"https:\/\/www.diariodeouropreto.com.br\/wp-content\/uploads\/2019\/06\/cropped-logotransp-2.png","width":1323,"height":251,"caption":"Di\u00e1rio de Ouro Preto"},"image":{"@id":"https:\/\/www.diariodeouropreto.com.br\/pt\/#\/schema\/logo\/image\/"},"sameAs":["https:\/\/www.facebook.com\/diariodeouropreto\/"]},{"@type":"Person","@id":"https:\/\/www.diariodeouropreto.com.br\/pt\/#\/schema\/person\/7654e7b471204a6dab6dc0ce6e140c99","name":"Di\u00e1rio de Ouro Preto","sameAs":["http:\/\/www.diariodeouropreto.com.br"],"url":"https:\/\/www.diariodeouropreto.com.br\/pt\/author\/diario\/"}]}},"jetpack_publicize_connections":[],"jetpack_featured_media_url":"https:\/\/www.diariodeouropreto.com.br\/wp-content\/uploads\/2026\/04\/pint8518.jpg.webp","jetpack-related-posts":[{"id":36753,"url":"https:\/\/www.diariodeouropreto.com.br\/pt\/lei-maria-da-penha-avanca-mas-nao-coibe-alta-de-crimes-contra-mulher\/","url_meta":{"origin":51961,"position":0},"title":"Lei Maria da Penha avan\u00e7a, mas n\u00e3o co\u00edbe alta de crimes contra mulher","author":"Di\u00e1rio de Ouro Preto","date":"7 de Agosto de 2024","format":false,"excerpt":"A\u00a0Lei n\u00ba 11.340\/2006, conhecida como Lei Maria da Penha, foi sancionada h\u00e1 exatos 18 anos, pelo ent\u00e3o presidente Luiz In\u00e1cio Lula da Silva. O nome homenageia a biofarmac\u00eautica cearense Maria da Penha Maia Fernandes que sofreu duas tentativas de homic\u00eddio pelo marido, em 1983, e se tornou ativista da causa\u2026","rel":"","context":"In &quot;Policial&quot;","block_context":{"text":"Policial","link":"https:\/\/www.diariodeouropreto.com.br\/pt\/Editoria\/policial\/"},"img":{"alt_text":"","src":"https:\/\/i0.wp.com\/www.diariodeouropreto.com.br\/wp-content\/uploads\/2024\/08\/18anos_leimariadapenha.webp?resize=350%2C200&ssl=1","width":350,"height":200,"srcset":"https:\/\/i0.wp.com\/www.diariodeouropreto.com.br\/wp-content\/uploads\/2024\/08\/18anos_leimariadapenha.webp?resize=350%2C200&ssl=1 1x, https:\/\/i0.wp.com\/www.diariodeouropreto.com.br\/wp-content\/uploads\/2024\/08\/18anos_leimariadapenha.webp?resize=525%2C300&ssl=1 1.5x, https:\/\/i0.wp.com\/www.diariodeouropreto.com.br\/wp-content\/uploads\/2024\/08\/18anos_leimariadapenha.webp?resize=700%2C400&ssl=1 2x, https:\/\/i0.wp.com\/www.diariodeouropreto.com.br\/wp-content\/uploads\/2024\/08\/18anos_leimariadapenha.webp?resize=1050%2C600&ssl=1 3x"},"classes":[]},{"id":9656,"url":"https:\/\/www.diariodeouropreto.com.br\/pt\/lei-maria-da-penha-e-pauta-de-evento-na-retomada-da-almg\/","url_meta":{"origin":51961,"position":1},"title":"Lei Maria da Penha \u00e9 pauta de evento na retomada da ALMG","author":"Di\u00e1rio de Ouro Preto","date":"31 de Julho de 2021","format":false,"excerpt":"A Assembleia Legislativa de Minas Gerais (ALMG)\u00a0retoma, nesta segunda-feira (2\/8\/21), os trabalhos da 3\u00aa sess\u00e3o legislativa da 19\u00aa Legislatura. Retornam, dessa forma, as atividades do Plen\u00e1rio e das comiss\u00f5es parlamentares, al\u00e9m de eventos. Um dos assuntos que mobilizar\u00e3o a Casa ser\u00e1 a\u00a0homenagem aos 15 anos da\u00a0Lei federal 11.340, de 2006,\u2026","rel":"","context":"In &quot;Minas Gerais&quot;","block_context":{"text":"Minas Gerais","link":"https:\/\/www.diariodeouropreto.com.br\/pt\/Editoria\/minas-gerais\/"},"img":{"alt_text":"","src":"https:\/\/i0.wp.com\/www.diariodeouropreto.com.br\/wp-content\/uploads\/2020\/11\/luto_almg_willian_dias.jpg?resize=350%2C200&ssl=1","width":350,"height":200,"srcset":"https:\/\/i0.wp.com\/www.diariodeouropreto.com.br\/wp-content\/uploads\/2020\/11\/luto_almg_willian_dias.jpg?resize=350%2C200&ssl=1 1x, https:\/\/i0.wp.com\/www.diariodeouropreto.com.br\/wp-content\/uploads\/2020\/11\/luto_almg_willian_dias.jpg?resize=525%2C300&ssl=1 1.5x"},"classes":[]},{"id":38978,"url":"https:\/\/www.diariodeouropreto.com.br\/pt\/celular-em-sala-desafia-dia-a-dia-de-professores-dizem-pesquisadores\/","url_meta":{"origin":51961,"position":2},"title":"Celular em sala desafia dia a dia de professores, dizem pesquisadores","author":"Di\u00e1rio de Ouro Preto","date":"15 de Outubro de 2024","format":false,"excerpt":"\u201cAlgu\u00e9m ficou com alguma d\u00favida?\u201d, \u201cGostaria de acrescentar algo?\u201d, \u201cQuerem que eu retome alguma ideia?\u201d. O sil\u00eancio que atravessa a sala de aula, durante e depois dessas perguntas comuns, costuma funcionar como um banho de \u00e1gua fria para o professor. Ao virar da lousa em dire\u00e7\u00e3o aos alunos, para entender\u2026","rel":"","context":"In &quot;Ouro Preto&quot;","block_context":{"text":"Ouro Preto","link":"https:\/\/www.diariodeouropreto.com.br\/pt\/Editoria\/ouro-preto\/"},"img":{"alt_text":"","src":"https:\/\/i0.wp.com\/www.diariodeouropreto.com.br\/wp-content\/uploads\/2024\/10\/rvrsa_abr_22081921127.webp?resize=350%2C200&ssl=1","width":350,"height":200,"srcset":"https:\/\/i0.wp.com\/www.diariodeouropreto.com.br\/wp-content\/uploads\/2024\/10\/rvrsa_abr_22081921127.webp?resize=350%2C200&ssl=1 1x, https:\/\/i0.wp.com\/www.diariodeouropreto.com.br\/wp-content\/uploads\/2024\/10\/rvrsa_abr_22081921127.webp?resize=525%2C300&ssl=1 1.5x, https:\/\/i0.wp.com\/www.diariodeouropreto.com.br\/wp-content\/uploads\/2024\/10\/rvrsa_abr_22081921127.webp?resize=700%2C400&ssl=1 2x, https:\/\/i0.wp.com\/www.diariodeouropreto.com.br\/wp-content\/uploads\/2024\/10\/rvrsa_abr_22081921127.webp?resize=1050%2C600&ssl=1 3x"},"classes":[]},{"id":17827,"url":"https:\/\/www.diariodeouropreto.com.br\/pt\/almg-adere-a-campanha-sobre-violencia-domestica\/","url_meta":{"origin":51961,"position":3},"title":"ALMG adere a campanha sobre viol\u00eancia dom\u00e9stica","author":"Di\u00e1rio de Ouro Preto","date":"8 de Agosto de 2022","format":false,"excerpt":"As fachadas da Assembleia Legislativa de Minas Gerais (ALMG) ser\u00e3o iluminadas de lil\u00e1s a partir das 18 horas desta segunda-feira (8\/8\/22). A a\u00e7\u00e3o marca a\u00a0ades\u00e3o da Casa \u00e0 campanha \u201cAgosto Lil\u00e1s\u201d, que comemora os 16 anos de vig\u00eancia da\u00a0Lei Maria da Penha\u00a0e busca conscientizar a popula\u00e7\u00e3o sobre a viol\u00eancia dom\u00e9stica.\u00a0A\u2026","rel":"","context":"In &quot;Minas Gerais&quot;","block_context":{"text":"Minas Gerais","link":"https:\/\/www.diariodeouropreto.com.br\/pt\/Editoria\/minas-gerais\/"},"img":{"alt_text":"","src":"https:\/\/i0.wp.com\/www.diariodeouropreto.com.br\/wp-content\/uploads\/2022\/08\/1575513.jpg?resize=350%2C200&ssl=1","width":350,"height":200,"srcset":"https:\/\/i0.wp.com\/www.diariodeouropreto.com.br\/wp-content\/uploads\/2022\/08\/1575513.jpg?resize=350%2C200&ssl=1 1x, https:\/\/i0.wp.com\/www.diariodeouropreto.com.br\/wp-content\/uploads\/2022\/08\/1575513.jpg?resize=525%2C300&ssl=1 1.5x"},"classes":[]},{"id":36957,"url":"https:\/\/www.diariodeouropreto.com.br\/pt\/ouvidoria-da-mulher-da-ufop-deve-abrir-caminho-para-canal-de-denuncias-em-universidades-estaduais\/","url_meta":{"origin":51961,"position":4},"title":"Ouvidoria da mulher da UFOP deve abrir caminho para canal de den\u00fancias em universidades estaduais","author":"Di\u00e1rio de Ouro Preto","date":"14 de Agosto de 2024","format":false,"excerpt":"Objetivo \u00e9 garantir acolhimento \u00e0s v\u00edtimas de viol\u00eancia de g\u00eanero e a devida apura\u00e7\u00e3o dos casos Baseada na experi\u00eancia da\u00a0ouvidoria da mulher da Universidade Federal de Ouro Preto (Ufop), a Comiss\u00e3o de Educa\u00e7\u00e3o, Ci\u00eancia e Tecnologia da Assembleia Legislativa de Minas Gerais (ALMG) discutiu, nesta quarta-feira (14\/08), a\u00a0cria\u00e7\u00e3o de \u00f3rg\u00e3o\u2026","rel":"","context":"In &quot;Minas Gerais&quot;","block_context":{"text":"Minas Gerais","link":"https:\/\/www.diariodeouropreto.com.br\/pt\/Editoria\/minas-gerais\/"},"img":{"alt_text":"","src":"https:\/\/i0.wp.com\/www.diariodeouropreto.com.br\/wp-content\/uploads\/2024\/08\/2166092.jpg?resize=350%2C200&ssl=1","width":350,"height":200,"srcset":"https:\/\/i0.wp.com\/www.diariodeouropreto.com.br\/wp-content\/uploads\/2024\/08\/2166092.jpg?resize=350%2C200&ssl=1 1x, https:\/\/i0.wp.com\/www.diariodeouropreto.com.br\/wp-content\/uploads\/2024\/08\/2166092.jpg?resize=525%2C300&ssl=1 1.5x, https:\/\/i0.wp.com\/www.diariodeouropreto.com.br\/wp-content\/uploads\/2024\/08\/2166092.jpg?resize=700%2C400&ssl=1 2x, https:\/\/i0.wp.com\/www.diariodeouropreto.com.br\/wp-content\/uploads\/2024\/08\/2166092.jpg?resize=1050%2C600&ssl=1 3x"},"classes":[]},{"id":38847,"url":"https:\/\/www.diariodeouropreto.com.br\/pt\/presidente-sanciona-lei-que-amplia-para-ate-40-anos-a-pena-para-casos-de-feminicidio\/","url_meta":{"origin":51961,"position":5},"title":"Presidente sanciona Lei que amplia para at\u00e9 40 anos a pena para casos de feminic\u00eddio","author":"Di\u00e1rio de Ouro Preto","date":"11 de Outubro de 2024","format":false,"excerpt":"Texto tamb\u00e9m define o feminic\u00eddio como crime aut\u00f4nomo, o que facilita a formula\u00e7\u00e3o de estat\u00edsticas precisas, e amplia pena para les\u00e3o corporal e viol\u00eancia dom\u00e9stica contra mulheres O presidente Luiz In\u00e1cio Lula da Silva sancionou nesta quarta-feira, 9 de outubro, o Projeto de Lei n\u00ba 4.266 de 2023, que torna\u2026","rel":"","context":"In &quot;Brasil&quot;","block_context":{"text":"Brasil","link":"https:\/\/www.diariodeouropreto.com.br\/pt\/Editoria\/brasil\/"},"img":{"alt_text":"","src":"https:\/\/i0.wp.com\/www.diariodeouropreto.com.br\/wp-content\/uploads\/2024\/10\/6e160866-bace-4772-985d-4e78f60f03b5.jpeg?resize=350%2C200&ssl=1","width":350,"height":200,"srcset":"https:\/\/i0.wp.com\/www.diariodeouropreto.com.br\/wp-content\/uploads\/2024\/10\/6e160866-bace-4772-985d-4e78f60f03b5.jpeg?resize=350%2C200&ssl=1 1x, https:\/\/i0.wp.com\/www.diariodeouropreto.com.br\/wp-content\/uploads\/2024\/10\/6e160866-bace-4772-985d-4e78f60f03b5.jpeg?resize=525%2C300&ssl=1 1.5x, https:\/\/i0.wp.com\/www.diariodeouropreto.com.br\/wp-content\/uploads\/2024\/10\/6e160866-bace-4772-985d-4e78f60f03b5.jpeg?resize=700%2C400&ssl=1 2x"},"classes":[]}],"jetpack_sharing_enabled":true,"amp_enabled":true,"_links":{"self":[{"href":"https:\/\/www.diariodeouropreto.com.br\/pt\/wp-json\/wp\/v2\/posts\/51961","targetHints":{"allow":["GET"]}}],"collection":[{"href":"https:\/\/www.diariodeouropreto.com.br\/pt\/wp-json\/wp\/v2\/posts"}],"about":[{"href":"https:\/\/www.diariodeouropreto.com.br\/pt\/wp-json\/wp\/v2\/types\/post"}],"author":[{"embeddable":true,"href":"https:\/\/www.diariodeouropreto.com.br\/pt\/wp-json\/wp\/v2\/users\/1"}],"replies":[{"embeddable":true,"href":"https:\/\/www.diariodeouropreto.com.br\/pt\/wp-json\/wp\/v2\/comments?post=51961"}],"version-history":[{"count":1,"href":"https:\/\/www.diariodeouropreto.com.br\/pt\/wp-json\/wp\/v2\/posts\/51961\/revisions"}],"predecessor-version":[{"id":51965,"href":"https:\/\/www.diariodeouropreto.com.br\/pt\/wp-json\/wp\/v2\/posts\/51961\/revisions\/51965"}],"wp:featuredmedia":[{"embeddable":true,"href":"https:\/\/www.diariodeouropreto.com.br\/pt\/wp-json\/wp\/v2\/media\/51963"}],"wp:attachment":[{"href":"https:\/\/www.diariodeouropreto.com.br\/pt\/wp-json\/wp\/v2\/media?parent=51961"}],"wp:term":[{"taxonomy":"category","embeddable":true,"href":"https:\/\/www.diariodeouropreto.com.br\/pt\/wp-json\/wp\/v2\/categories?post=51961"},{"taxonomy":"post_tag","embeddable":true,"href":"https:\/\/www.diariodeouropreto.com.br\/pt\/wp-json\/wp\/v2\/tags?post=51961"}],"curies":[{"name":"wp","href":"https:\/\/api.w.org\/{rel}","templated":true}]}}