{"id":51951,"date":"2026-04-26T11:58:27","date_gmt":"2026-04-26T14:58:27","guid":{"rendered":"https:\/\/www.diariodeouropreto.com.br\/?p=51951"},"modified":"2026-04-26T11:58:29","modified_gmt":"2026-04-26T14:58:29","slug":"coluna-tiquinho-de-politica-governador-esbraveja-com-prefeito-zema-cutuca-ministros-do-stf","status":"publish","type":"post","link":"https:\/\/www.diariodeouropreto.com.br\/pt\/coluna-tiquinho-de-politica-governador-esbraveja-com-prefeito-zema-cutuca-ministros-do-stf\/","title":{"rendered":"[Coluna Tiquinho de Pol\u00edtica] Governador Esbraveja com Prefeito\/ Zema cutuca ministros do STF"},"content":{"rendered":"<p>Ouro Preto &#8211; Quente pelando! O que n\u00e3o faltou foi pol\u00edtica de esquerda e de direita! A coluna de hoje traz o embate: Prefeito versus Governador! A visita da pr\u00e9-candidata ao Senado, Mar\u00edlia Campos, no escrit\u00f3rio do Juntos Pra servir, na Bauxita.<br>Vamos l\u00e1! Quem diria que em uma solenidade ter\u00edamos o governador dizendo aos prefeito de Ouro Preto, que ele destratou seus convidados. A cena foi vista nesta ter\u00e7a-feira, 21\/04, no Centro de Artes e Conven\u00e7\u00f5es da UFOP. O prefeito Angelo Oswaldo viralizou na internet, seu v\u00eddeo repudiando o governador j\u00e1 supera 306 mil visualiza\u00e7\u00f5es.<br>A pol\u00edtica precisa de seus palanques, de seus pontos e contrapontos. No protagonista e do antagonista. O humilhado e o exaltado! A disputa de hoje foi em prol da Escola P\u00fablica! Viva a \u201cprofessorinha\u201d. Que bom que a briga se deu pela defesa da Educa\u00e7\u00e3o!<br>Desde 2003, fa\u00e7o a cobertura da Solenidade do 21 de abril, um dos ritos \u00e9 o discurso do prefeito de Ouro Preto, seja l\u00e1 quem for o ocupante da cadeira. Angelo Oswaldo j\u00e1 sabe disso desde 1996, quando fez seu primeiro discurso na solenidade.<\/p>\n\n\n\n<figure class=\"wp-block-image size-full\"><img decoding=\"async\" width=\"525\" height=\"318\" data-attachment-id=\"51954\" data-permalink=\"https:\/\/www.diariodeouropreto.com.br\/pt\/coluna-tiquinho-de-politica-governador-esbraveja-com-prefeito-zema-cutuca-ministros-do-stf\/whatsapp-image-2026-04-22-at-14-24-53\/\" data-orig-file=\"https:\/\/www.diariodeouropreto.com.br\/wp-content\/uploads\/2026\/04\/WhatsApp-Image-2026-04-22-at-14.24.53.jpeg\" data-orig-size=\"525,318\" data-comments-opened=\"0\" data-image-meta=\"{&quot;aperture&quot;:&quot;0&quot;,&quot;credit&quot;:&quot;&quot;,&quot;camera&quot;:&quot;&quot;,&quot;caption&quot;:&quot;&quot;,&quot;created_timestamp&quot;:&quot;0&quot;,&quot;copyright&quot;:&quot;&quot;,&quot;focal_length&quot;:&quot;0&quot;,&quot;iso&quot;:&quot;0&quot;,&quot;shutter_speed&quot;:&quot;0&quot;,&quot;title&quot;:&quot;&quot;,&quot;orientation&quot;:&quot;0&quot;}\" data-image-title=\"IMAGE 21 ABRIL\" data-image-description=\"\" data-image-caption=\"\" data-large-file=\"https:\/\/www.diariodeouropreto.com.br\/wp-content\/uploads\/2026\/04\/WhatsApp-Image-2026-04-22-at-14.24.53.jpeg\" src=\"https:\/\/www.diariodeouropreto.com.br\/wp-content\/uploads\/2026\/04\/WhatsApp-Image-2026-04-22-at-14.24.53.jpeg\" alt=\"\" class=\"wp-image-51954\" srcset=\"https:\/\/www.diariodeouropreto.com.br\/wp-content\/uploads\/2026\/04\/WhatsApp-Image-2026-04-22-at-14.24.53.jpeg 525w, https:\/\/www.diariodeouropreto.com.br\/wp-content\/uploads\/2026\/04\/WhatsApp-Image-2026-04-22-at-14.24.53-200x121.jpeg 200w, https:\/\/www.diariodeouropreto.com.br\/wp-content\/uploads\/2026\/04\/WhatsApp-Image-2026-04-22-at-14.24.53-18x12.jpeg 18w, https:\/\/www.diariodeouropreto.com.br\/wp-content\/uploads\/2026\/04\/WhatsApp-Image-2026-04-22-at-14.24.53-465x282.jpeg 465w\" sizes=\"(max-width: 525px) 100vw, 525px\" \/><\/figure>\n\n\n\n<p><br>Desta vez, o Governador n\u00e3o gostou disse isso em alto e bom som! Se Mateus Sim\u00f5es fosse col\u00e9rico, ele teria interrompido o prefeito, especialmente quando ele o interpelou diretamente, n\u00e3o o repeliu de pronto, preferiu seu momento no p\u00falpito, mas n\u00e3o fez a defesa do modelo de escola c\u00edvico-militar. <\/p>\n\n\n\n<p><br><strong>Zema com Saudades?<\/strong><\/p>\n\n\n\n<p>O ex-governador Romeu Zema, acendeu a pira do fogo da Liberdade, segurou a tocha com for\u00e7a, ser\u00e1 saudade, ou a certeza que ano que vem n\u00e3o estar\u00e1 mais ali?<br>J\u00e1 no Centro de Conven\u00e7\u00f5es, Zema utilizou a tribuna afirmando que os ministros do Superior Tribunal Federal s\u00e3o quem defende os intoc\u00e1veis de Bras\u00edlia. Citou os ministros do STF Gilmar Mendes, Alexandre de Moraes e Dias Tofolli. Gilmar Mendes rebateu dizendo que ele ficou 22 meses governando com Liminar do STF, para n\u00e3o pagar a d\u00edvida de de Minas.<br>Ele reclamou dos tributos, que assolam os pagadores de impostos, disse que o sistema \u00e9 podre, mas n\u00e3o cortou impostos em sua administra\u00e7\u00e3o. Para Zema, \u201cno Brasil n\u00e3o faltam recursos, sobram ladr\u00f5es\u201d, que o recursos pagos pelos contribuintes s\u00e3o drenados para manter uma casta de intoc\u00e1veis. \u201cO Sistema vive no luxo e o povo no lixo\u201d e prosseguiu, \u201co brasileiro de bem, n\u00e3o est\u00e1 mais deitado em ber\u00e7o espl\u00eandido\u201d.<br>Fez aceno para Tarc\u00edsio, dizendo que S\u00e3o Paulo \u00e9 mais rico do que Minas por n\u00e3o terem eleito nenhum governador do PT. Uma infer\u00eancia a Fernando Pimentel, o qual teve o fluxo de caixa quebrado pelo governo Temer, o que colaborou para degringolar as contas do Estado. Mas o brilho nos olhos do Zema para Tarc\u00edsio \u00e9 o sonho de receber seu apoio para a presid\u00eancia da Rep\u00fablica, uma vez que o governador de S\u00e3o Paulo segue para sua reelei\u00e7\u00e3o.<br>Na coletiva num fiquei zoiando no z\u00f4io dele, sen\u00e3o acharia que j\u00e1 perguntar do Morro da Forca de novo. E agora que ele n\u00e3o manda nada, nem faz diferen\u00e7a se n\u00e3o perguntar, ou se ele ainda acha que o morro \u00e9 uma estrada.<br>Angelo e a Escola Mineira<\/p>\n\n\n\n<p>Angelo Oswaldo sabia o tamanho da briga que tinha comprado com o governador, que respondeu fazendo a chamada dos militares presentes. No domingo pedi a ele que me adiantasse alguma coisa de seu discurso, ele pensou e saiu. Tamb\u00e9m como est\u00e1vamos entre os assessores do governador, n\u00e3o dava para ele falar nada, ou estragaria a surpresa!<br>No frigir dos ovos, o epis\u00f3dio acaba sendo bom para os dois lados. O governador se sentiu contemplado em reprimir o Prefeito e o Prefeito mesmo sabendo que estaria entre muitos militares, afirmou o que defende, a Pedagogia. Com isso ganhou mais de 7 mil seguidores.<br>Leleco recebe Mar\u00edlia Campos<\/p>\n\n\n\n<p>O deputado Estadual Leleco Pimentel, foi o anfitri\u00e3o da pr\u00e9-candidata ao Senado, Mar\u00edlia Campos na noite de segunda-feira, 20\/04, em seu escrit\u00f3rio da Bauxita, al\u00e9m de apoiadores participaram a reuni\u00e3o os vereadores Tit\u00e3o, Kuruzu, e o deputado federal Miguel Angelo. Durante do dia, Mar\u00edlia visitou o Museu da Inconfid\u00eancia e o ICHS em Mariana.<\/p>\n\n\n\n<div id=\"110712\" class=\"advads-saneouro advads-entity-placement\" style=\"margin-left: auto;margin-right: auto;text-align: center;\"><a href=\"https:\/\/www.saneouro.com.br\/\" target=\"_blank\" aria-label=\"DOP_Site\" data-wpel-link=\"external\" rel=\"follow external noopener noreferrer sponsored ugc\"><img src=\"https:\/\/www.diariodeouropreto.com.br\/wp-content\/uploads\/2026\/04\/DOP_Site.jpg\" alt=\"\"  srcset=\"https:\/\/www.diariodeouropreto.com.br\/wp-content\/uploads\/2026\/04\/DOP_Site.jpg 301w, https:\/\/www.diariodeouropreto.com.br\/wp-content\/uploads\/2026\/04\/DOP_Site-180x150.jpg 180w, https:\/\/www.diariodeouropreto.com.br\/wp-content\/uploads\/2026\/04\/DOP_Site-14x12.jpg 14w\" sizes=\"(max-width: 301px) 100vw, 301px\" width=\"301\" height=\"251\"  style=\"display: inline-block;\" \/><\/a><\/div><p>Por Marcelino Castro<\/p>\n\n\n\n<div id=\"50321\" class=\"advads-plantao advads-entity-placement\"><a href=\"https:\/\/www.diariodeouropreto.com.br\/pt\/\" target=\"_blank\" aria-label=\"site &#8211; noticia\" data-wpel-link=\"external\" rel=\"follow external noopener noreferrer sponsored ugc\"><img src=\"https:\/\/www.diariodeouropreto.com.br\/wp-content\/uploads\/2019\/09\/titulosite2-e1616373489755.jpg\" alt=\"\"  srcset=\"https:\/\/www.diariodeouropreto.com.br\/wp-content\/uploads\/2019\/09\/titulosite2-e1616373489755.jpg 1200w, https:\/\/www.diariodeouropreto.com.br\/wp-content\/uploads\/2019\/09\/titulosite2-e1616373489755-150x38.jpg 150w, https:\/\/www.diariodeouropreto.com.br\/wp-content\/uploads\/2019\/09\/titulosite2-e1616373489755-660x167.jpg 660w, https:\/\/www.diariodeouropreto.com.br\/wp-content\/uploads\/2019\/09\/titulosite2-e1616373489755-768x194.jpg 768w, https:\/\/www.diariodeouropreto.com.br\/wp-content\/uploads\/2019\/09\/titulosite2-e1616373489755-1000x252.jpg 1000w, https:\/\/www.diariodeouropreto.com.br\/wp-content\/uploads\/2019\/09\/titulosite2-e1616373489755-1536x388.jpg 1536w, https:\/\/www.diariodeouropreto.com.br\/wp-content\/uploads\/2019\/09\/titulosite2-e1616373489755-2048x517.jpg 2048w\" sizes=\"(max-width: 1200px) 100vw, 1200px\" width=\"1200\" height=\"303\"  style=\"display: inline-block;\" \/><\/a><\/div><figure class=\"wp-block-embed is-type-rich is-provider-instagram wp-block-embed-instagram\"><div class=\"wp-block-embed__wrapper\">\n<blockquote class=\"instagram-media\" data-instgrm-captioned data-instgrm-permalink=\"https:\/\/www.instagram.com\/reel\/DXZhFiUDUP_\/?utm_source=ig_embed&amp;utm_campaign=loading\" data-instgrm-version=\"14\" style=\" background:#FFF; border:0; border-radius:3px; box-shadow:0 0 1px 0 rgba(0,0,0,0.5),0 1px 10px 0 rgba(0,0,0,0.15); margin: 1px; max-width:658px; min-width:326px; padding:0; width:99.375%; width:-webkit-calc(100% - 2px); width:calc(100% - 2px);\"><div style=\"padding:16px;\"> <a href=\"https:\/\/www.instagram.com\/reel\/DXZhFiUDUP_\/?utm_source=ig_embed&amp;utm_campaign=loading\" style=\" background:#FFFFFF; line-height:0; padding:0 0; text-align:center; text-decoration:none; width:100%;\" target=\"_blank\" data-wpel-link=\"external\" rel=\"follow external noopener noreferrer sponsored ugc\"> <div style=\" display: flex; flex-direction: row; align-items: center;\"> <div style=\"background-color: #F4F4F4; border-radius: 50%; flex-grow: 0; height: 40px; margin-right: 14px; width: 40px;\"><\/div> <div style=\"display: flex; flex-direction: column; flex-grow: 1; justify-content: center;\"> <div style=\" background-color: #F4F4F4; border-radius: 4px; flex-grow: 0; height: 14px; margin-bottom: 6px; width: 100px;\"><\/div> <div style=\" background-color: #F4F4F4; border-radius: 4px; flex-grow: 0; height: 14px; width: 60px;\"><\/div><\/div><\/div><div style=\"padding: 19% 0;\"><\/div> <div style=\"display:block; height:50px; margin:0 auto 12px; width:50px;\"><svg width=\"50px\" height=\"50px\" viewbox=\"0 0 60 60\" version=\"1.1\" xmlns=\"https:\/\/www.w3.org\/2000\/svg\" xmlns:xlink=\"https:\/\/www.w3.org\/1999\/xlink\"><g stroke=\"none\" stroke-width=\"1\" fill=\"none\" fill-rule=\"evenodd\"><g transform=\"translate(-511.000000, -20.000000)\" fill=\"#000000\"><g><path d=\"M556.869,30.41 C554.814,30.41 553.148,32.076 553.148,34.131 C553.148,36.186 554.814,37.852 556.869,37.852 C558.924,37.852 560.59,36.186 560.59,34.131 C560.59,32.076 558.924,30.41 556.869,30.41 M541,60.657 C535.114,60.657 530.342,55.887 530.342,50 C530.342,44.114 535.114,39.342 541,39.342 C546.887,39.342 551.658,44.114 551.658,50 C551.658,55.887 546.887,60.657 541,60.657 M541,33.886 C532.1,33.886 524.886,41.1 524.886,50 C524.886,58.899 532.1,66.113 541,66.113 C549.9,66.113 557.115,58.899 557.115,50 C557.115,41.1 549.9,33.886 541,33.886 M565.378,62.101 C565.244,65.022 564.756,66.606 564.346,67.663 C563.803,69.06 563.154,70.057 562.106,71.106 C561.058,72.155 560.06,72.803 558.662,73.347 C557.607,73.757 556.021,74.244 553.102,74.378 C549.944,74.521 548.997,74.552 541,74.552 C533.003,74.552 532.056,74.521 528.898,74.378 C525.979,74.244 524.393,73.757 523.338,73.347 C521.94,72.803 520.942,72.155 519.894,71.106 C518.846,70.057 518.197,69.06 517.654,67.663 C517.244,66.606 516.755,65.022 516.623,62.101 C516.479,58.943 516.448,57.996 516.448,50 C516.448,42.003 516.479,41.056 516.623,37.899 C516.755,34.978 517.244,33.391 517.654,32.338 C518.197,30.938 518.846,29.942 519.894,28.894 C520.942,27.846 521.94,27.196 523.338,26.654 C524.393,26.244 525.979,25.756 528.898,25.623 C532.057,25.479 533.004,25.448 541,25.448 C548.997,25.448 549.943,25.479 553.102,25.623 C556.021,25.756 557.607,26.244 558.662,26.654 C560.06,27.196 561.058,27.846 562.106,28.894 C563.154,29.942 563.803,30.938 564.346,32.338 C564.756,33.391 565.244,34.978 565.378,37.899 C565.522,41.056 565.552,42.003 565.552,50 C565.552,57.996 565.522,58.943 565.378,62.101 M570.82,37.631 C570.674,34.438 570.167,32.258 569.425,30.349 C568.659,28.377 567.633,26.702 565.965,25.035 C564.297,23.368 562.623,22.342 560.652,21.575 C558.743,20.834 556.562,20.326 553.369,20.18 C550.169,20.033 549.148,20 541,20 C532.853,20 531.831,20.033 528.631,20.18 C525.438,20.326 523.257,20.834 521.349,21.575 C519.376,22.342 517.703,23.368 516.035,25.035 C514.368,26.702 513.342,28.377 512.574,30.349 C511.834,32.258 511.326,34.438 511.181,37.631 C511.035,40.831 511,41.851 511,50 C511,58.147 511.035,59.17 511.181,62.369 C511.326,65.562 511.834,67.743 512.574,69.651 C513.342,71.625 514.368,73.296 516.035,74.965 C517.703,76.634 519.376,77.658 521.349,78.425 C523.257,79.167 525.438,79.673 528.631,79.82 C531.831,79.965 532.853,80.001 541,80.001 C549.148,80.001 550.169,79.965 553.369,79.82 C556.562,79.673 558.743,79.167 560.652,78.425 C562.623,77.658 564.297,76.634 565.965,74.965 C567.633,73.296 568.659,71.625 569.425,69.651 C570.167,67.743 570.674,65.562 570.82,62.369 C570.966,59.17 571,58.147 571,50 C571,41.851 570.966,40.831 570.82,37.631\"><\/path><\/g><\/g><\/g><\/svg><\/div><div style=\"padding-top: 8px;\"> <div style=\" color:#3897f0; font-family:Arial,sans-serif; font-size:14px; font-style:normal; font-weight:550; line-height:18px;\">View this post on Instagram<\/div><\/div><div style=\"padding: 12.5% 0;\"><\/div> <div style=\"display: flex; flex-direction: row; margin-bottom: 14px; align-items: center;\"><div> <div style=\"background-color: #F4F4F4; border-radius: 50%; height: 12.5px; width: 12.5px; transform: translateX(0px) translateY(7px);\"><\/div> <div style=\"background-color: #F4F4F4; height: 12.5px; transform: rotate(-45deg) translateX(3px) translateY(1px); width: 12.5px; flex-grow: 0; margin-right: 14px; margin-left: 2px;\"><\/div> <div style=\"background-color: #F4F4F4; border-radius: 50%; height: 12.5px; width: 12.5px; transform: translateX(9px) translateY(-18px);\"><\/div><\/div><div style=\"margin-left: 8px;\"> <div style=\" background-color: #F4F4F4; border-radius: 50%; flex-grow: 0; height: 20px; width: 20px;\"><\/div> <div style=\" width: 0; height: 0; border-top: 2px solid transparent; border-left: 6px solid #f4f4f4; border-bottom: 2px solid transparent; transform: translateX(16px) translateY(-4px) rotate(30deg)\"><\/div><\/div><div style=\"margin-left: auto;\"> <div style=\" width: 0px; border-top: 8px solid #F4F4F4; border-right: 8px solid transparent; transform: translateY(16px);\"><\/div> <div style=\" background-color: #F4F4F4; flex-grow: 0; height: 12px; width: 16px; transform: translateY(-4px);\"><\/div> <div style=\" width: 0; height: 0; border-top: 8px solid #F4F4F4; border-left: 8px solid transparent; transform: translateY(-4px) translateX(8px);\"><\/div><\/div><\/div> <div style=\"display: flex; flex-direction: column; flex-grow: 1; justify-content: center; margin-bottom: 24px;\"> <div style=\" background-color: #F4F4F4; border-radius: 4px; flex-grow: 0; height: 14px; margin-bottom: 6px; width: 224px;\"><\/div> <div style=\" background-color: #F4F4F4; border-radius: 4px; flex-grow: 0; height: 14px; width: 144px;\"><\/div><\/div><\/a><\/div><\/blockquote><script async src=\"\/\/platform.instagram.com\/en_US\/embeds.js\"><\/script>\n<\/div><\/figure>\n\n\n\n<p><\/p>","protected":false},"excerpt":{"rendered":"<p>Ouro Preto &#8211; Quente pelando! O que n\u00e3o faltou foi pol\u00edtica de esquerda e de direita! A coluna de hoje traz o embate: Prefeito versus Governador! A visita da pr\u00e9-candidata ao Senado, Mar\u00edlia Campos, no escrit\u00f3rio do Juntos Pra servir, na Bauxita.Vamos l\u00e1! Quem diria que em uma solenidade ter\u00edamos<span class=\"more-link\"><a href=\"https:\/\/www.diariodeouropreto.com.br\/pt\/coluna-tiquinho-de-politica-governador-esbraveja-com-prefeito-zema-cutuca-ministros-do-stf\/\" data-wpel-link=\"internal\">Continue Lendo<\/a><\/span><\/p>","protected":false},"author":7,"featured_media":51953,"comment_status":"closed","ping_status":"closed","sticky":false,"template":"","format":"standard","meta":{"_jetpack_memberships_contains_paid_content":false,"footnotes":"","jetpack_publicize_message":" O que n\u00e3o faltou foi pol\u00edtica de esquerda e de direita! A coluna de hoje traz o embate: Prefeito versus Governador! A visita da pr\u00e9-candidata ao Senado, Mar\u00edlia Campos, no escrit\u00f3rio do Juntos Pra servir, na Bauxita","jetpack_publicize_feature_enabled":true,"jetpack_social_post_already_shared":false,"jetpack_social_options":{"image_generator_settings":{"template":"highway","default_image_id":0,"font":"","enabled":false},"version":2}},"categories":[76],"tags":[],"class_list":["entry","author-marcelino-castro","post-51951","post","type-post","status-publish","format-standard","has-post-thumbnail","category-coluna"],"yoast_head":"<!-- This site is optimized with the Yoast SEO plugin v27.4 - https:\/\/yoast.com\/product\/yoast-seo-wordpress\/ -->\n<title>[Coluna Tiquinho de Pol\u00edtica] Governador Esbraveja com Prefeito\/ Zema cutuca ministros do STF - Di\u00e1rio de Ouro Preto<\/title>\n<meta name=\"description\" content=\"O que n\u00e3o faltou foi pol\u00edtica de esquerda e de direita! A coluna de hoje traz o embate: Prefeito versus Governador! A visita da pr\u00e9-candidata ao Senado, Mar\u00edlia Campos, no escrit\u00f3rio do Juntos Pra servir, na Bauxita- [Coluna Tiquinho de Pol\u00edtica] Governador Esbraveja com Prefeito\/ Zema cutuca ministros do STF - Coluna\" \/>\n<meta name=\"robots\" content=\"index, follow, max-snippet:-1, max-image-preview:large, max-video-preview:-1\" \/>\n<link rel=\"canonical\" href=\"https:\/\/www.diariodeouropreto.com.br\/pt\/coluna-tiquinho-de-politica-governador-esbraveja-com-prefeito-zema-cutuca-ministros-do-stf\/\" \/>\n<meta property=\"og:locale\" content=\"pt_PT\" \/>\n<meta property=\"og:type\" content=\"article\" \/>\n<meta property=\"og:title\" content=\"[Coluna Tiquinho de Pol\u00edtica] Governador Esbraveja com Prefeito\/ Zema cutuca ministros do STF - Di\u00e1rio de Ouro Preto\" \/>\n<meta property=\"og:description\" content=\"O que n\u00e3o faltou foi pol\u00edtica de esquerda e de direita! A coluna de hoje traz o embate: Prefeito versus Governador! A visita da pr\u00e9-candidata ao Senado, Mar\u00edlia Campos, no escrit\u00f3rio do Juntos Pra servir, na Bauxita- [Coluna Tiquinho de Pol\u00edtica] Governador Esbraveja com Prefeito\/ Zema cutuca ministros do STF - Coluna\" \/>\n<meta property=\"og:url\" content=\"https:\/\/www.diariodeouropreto.com.br\/pt\/coluna-tiquinho-de-politica-governador-esbraveja-com-prefeito-zema-cutuca-ministros-do-stf\/\" \/>\n<meta property=\"og:site_name\" content=\"Di\u00e1rio de Ouro Preto\" \/>\n<meta property=\"article:publisher\" content=\"https:\/\/www.facebook.com\/diariodeouropreto\/\" \/>\n<meta property=\"article:published_time\" content=\"2026-04-26T14:58:27+00:00\" \/>\n<meta property=\"article:modified_time\" content=\"2026-04-26T14:58:29+00:00\" \/>\n<meta property=\"og:image\" content=\"https:\/\/www.diariodeouropreto.com.br\/wp-content\/uploads\/2026\/04\/WhatsApp-Image-2026-04-22-at-14.30.49.jpeg\" \/>\n\t<meta property=\"og:image:width\" content=\"1200\" \/>\n\t<meta property=\"og:image:height\" content=\"800\" \/>\n\t<meta property=\"og:image:type\" content=\"image\/jpeg\" \/>\n<meta name=\"author\" content=\"Marcelino Castro\" \/>\n<meta name=\"twitter:card\" content=\"summary_large_image\" \/>\n<meta name=\"twitter:label1\" content=\"Escrito por\" \/>\n\t<meta name=\"twitter:data1\" content=\"Marcelino Castro\" \/>\n\t<meta name=\"twitter:label2\" content=\"Tempo estimado de leitura\" \/>\n\t<meta name=\"twitter:data2\" content=\"5 minutos\" \/>\n<script type=\"application\/ld+json\" class=\"yoast-schema-graph\">{\"@context\":\"https:\\\/\\\/schema.org\",\"@graph\":[{\"@type\":\"Article\",\"@id\":\"https:\\\/\\\/www.diariodeouropreto.com.br\\\/coluna-tiquinho-de-politica-governador-esbraveja-com-prefeito-zema-cutuca-ministros-do-stf\\\/#article\",\"isPartOf\":{\"@id\":\"https:\\\/\\\/www.diariodeouropreto.com.br\\\/coluna-tiquinho-de-politica-governador-esbraveja-com-prefeito-zema-cutuca-ministros-do-stf\\\/\"},\"author\":{\"name\":\"Marcelino Castro\",\"@id\":\"https:\\\/\\\/www.diariodeouropreto.com.br\\\/pt\\\/#\\\/schema\\\/person\\\/beeebc69f297a82698bba8acf70e5bb6\"},\"headline\":\"[Coluna Tiquinho de Pol\u00edtica] Governador Esbraveja com Prefeito\\\/ Zema cutuca ministros do STF\",\"datePublished\":\"2026-04-26T14:58:27+00:00\",\"dateModified\":\"2026-04-26T14:58:29+00:00\",\"mainEntityOfPage\":{\"@id\":\"https:\\\/\\\/www.diariodeouropreto.com.br\\\/coluna-tiquinho-de-politica-governador-esbraveja-com-prefeito-zema-cutuca-ministros-do-stf\\\/\"},\"wordCount\":758,\"publisher\":{\"@id\":\"https:\\\/\\\/www.diariodeouropreto.com.br\\\/pt\\\/#organization\"},\"image\":{\"@id\":\"https:\\\/\\\/www.diariodeouropreto.com.br\\\/coluna-tiquinho-de-politica-governador-esbraveja-com-prefeito-zema-cutuca-ministros-do-stf\\\/#primaryimage\"},\"thumbnailUrl\":\"https:\\\/\\\/www.diariodeouropreto.com.br\\\/wp-content\\\/uploads\\\/2026\\\/04\\\/WhatsApp-Image-2026-04-22-at-14.30.49.jpeg\",\"articleSection\":[\"Coluna\"],\"inLanguage\":\"pt-PT\"},{\"@type\":\"WebPage\",\"@id\":\"https:\\\/\\\/www.diariodeouropreto.com.br\\\/coluna-tiquinho-de-politica-governador-esbraveja-com-prefeito-zema-cutuca-ministros-do-stf\\\/\",\"url\":\"https:\\\/\\\/www.diariodeouropreto.com.br\\\/coluna-tiquinho-de-politica-governador-esbraveja-com-prefeito-zema-cutuca-ministros-do-stf\\\/\",\"name\":\"[Coluna Tiquinho de Pol\u00edtica] Governador Esbraveja com Prefeito\\\/ Zema cutuca ministros do STF - Di\u00e1rio de Ouro Preto\",\"isPartOf\":{\"@id\":\"https:\\\/\\\/www.diariodeouropreto.com.br\\\/pt\\\/#website\"},\"primaryImageOfPage\":{\"@id\":\"https:\\\/\\\/www.diariodeouropreto.com.br\\\/coluna-tiquinho-de-politica-governador-esbraveja-com-prefeito-zema-cutuca-ministros-do-stf\\\/#primaryimage\"},\"image\":{\"@id\":\"https:\\\/\\\/www.diariodeouropreto.com.br\\\/coluna-tiquinho-de-politica-governador-esbraveja-com-prefeito-zema-cutuca-ministros-do-stf\\\/#primaryimage\"},\"thumbnailUrl\":\"https:\\\/\\\/www.diariodeouropreto.com.br\\\/wp-content\\\/uploads\\\/2026\\\/04\\\/WhatsApp-Image-2026-04-22-at-14.30.49.jpeg\",\"datePublished\":\"2026-04-26T14:58:27+00:00\",\"dateModified\":\"2026-04-26T14:58:29+00:00\",\"description\":\"O que n\u00e3o faltou foi pol\u00edtica de esquerda e de direita! A coluna de hoje traz o embate: Prefeito versus Governador! A visita da pr\u00e9-candidata ao Senado, Mar\u00edlia Campos, no escrit\u00f3rio do Juntos Pra servir, na Bauxita- [Coluna Tiquinho de Pol\u00edtica] Governador Esbraveja com Prefeito\\\/ Zema cutuca ministros do STF - Coluna\",\"breadcrumb\":{\"@id\":\"https:\\\/\\\/www.diariodeouropreto.com.br\\\/coluna-tiquinho-de-politica-governador-esbraveja-com-prefeito-zema-cutuca-ministros-do-stf\\\/#breadcrumb\"},\"inLanguage\":\"pt-PT\",\"potentialAction\":[{\"@type\":\"ReadAction\",\"target\":[\"https:\\\/\\\/www.diariodeouropreto.com.br\\\/coluna-tiquinho-de-politica-governador-esbraveja-com-prefeito-zema-cutuca-ministros-do-stf\\\/\"]}]},{\"@type\":\"ImageObject\",\"inLanguage\":\"pt-PT\",\"@id\":\"https:\\\/\\\/www.diariodeouropreto.com.br\\\/coluna-tiquinho-de-politica-governador-esbraveja-com-prefeito-zema-cutuca-ministros-do-stf\\\/#primaryimage\",\"url\":\"https:\\\/\\\/www.diariodeouropreto.com.br\\\/wp-content\\\/uploads\\\/2026\\\/04\\\/WhatsApp-Image-2026-04-22-at-14.30.49.jpeg\",\"contentUrl\":\"https:\\\/\\\/www.diariodeouropreto.com.br\\\/wp-content\\\/uploads\\\/2026\\\/04\\\/WhatsApp-Image-2026-04-22-at-14.30.49.jpeg\",\"width\":1200,\"height\":800},{\"@type\":\"BreadcrumbList\",\"@id\":\"https:\\\/\\\/www.diariodeouropreto.com.br\\\/coluna-tiquinho-de-politica-governador-esbraveja-com-prefeito-zema-cutuca-ministros-do-stf\\\/#breadcrumb\",\"itemListElement\":[{\"@type\":\"ListItem\",\"position\":1,\"name\":\"In\u00edcio\",\"item\":\"https:\\\/\\\/www.diariodeouropreto.com.br\\\/pt\\\/\"},{\"@type\":\"ListItem\",\"position\":2,\"name\":\"[Coluna Tiquinho de Pol\u00edtica] Governador Esbraveja com Prefeito\\\/ Zema cutuca ministros do STF\"}]},{\"@type\":\"WebSite\",\"@id\":\"https:\\\/\\\/www.diariodeouropreto.com.br\\\/pt\\\/#website\",\"url\":\"https:\\\/\\\/www.diariodeouropreto.com.br\\\/pt\\\/\",\"name\":\"Di\u00e1rio de Ouro Preto\",\"description\":\"Not\u00edcias Ouro Preto; Mariana;Minas Gerais;Jornal;Jornalismo;Not\u00edcias;\",\"publisher\":{\"@id\":\"https:\\\/\\\/www.diariodeouropreto.com.br\\\/pt\\\/#organization\"},\"alternateName\":\"Jornal di\u00e1rio de Ouro Preto\",\"potentialAction\":[{\"@type\":\"SearchAction\",\"target\":{\"@type\":\"EntryPoint\",\"urlTemplate\":\"https:\\\/\\\/www.diariodeouropreto.com.br\\\/pt\\\/?s={search_term_string}\"},\"query-input\":{\"@type\":\"PropertyValueSpecification\",\"valueRequired\":true,\"valueName\":\"search_term_string\"}}],\"inLanguage\":\"pt-PT\"},{\"@type\":\"Organization\",\"@id\":\"https:\\\/\\\/www.diariodeouropreto.com.br\\\/pt\\\/#organization\",\"name\":\"Di\u00e1rio de Ouro Preto\",\"alternateName\":\"Jornal di\u00e1rio Ouro Preto\",\"url\":\"https:\\\/\\\/www.diariodeouropreto.com.br\\\/pt\\\/\",\"logo\":{\"@type\":\"ImageObject\",\"inLanguage\":\"pt-PT\",\"@id\":\"https:\\\/\\\/www.diariodeouropreto.com.br\\\/pt\\\/#\\\/schema\\\/logo\\\/image\\\/\",\"url\":\"https:\\\/\\\/www.diariodeouropreto.com.br\\\/wp-content\\\/uploads\\\/2019\\\/06\\\/cropped-logotransp-2.png\",\"contentUrl\":\"https:\\\/\\\/www.diariodeouropreto.com.br\\\/wp-content\\\/uploads\\\/2019\\\/06\\\/cropped-logotransp-2.png\",\"width\":1323,\"height\":251,\"caption\":\"Di\u00e1rio de Ouro Preto\"},\"image\":{\"@id\":\"https:\\\/\\\/www.diariodeouropreto.com.br\\\/pt\\\/#\\\/schema\\\/logo\\\/image\\\/\"},\"sameAs\":[\"https:\\\/\\\/www.facebook.com\\\/diariodeouropreto\\\/\"]},{\"@type\":\"Person\",\"@id\":\"https:\\\/\\\/www.diariodeouropreto.com.br\\\/pt\\\/#\\\/schema\\\/person\\\/beeebc69f297a82698bba8acf70e5bb6\",\"name\":\"Marcelino Castro\",\"sameAs\":[\"https:\\\/\\\/www.diariodeouropreto.com.br\\\/\"],\"url\":\"https:\\\/\\\/www.diariodeouropreto.com.br\\\/pt\\\/author\\\/marcelino-castro\\\/\"}]}<\/script>\n<!-- \/ Yoast SEO plugin. -->","yoast_head_json":{"title":"[Coluna Tiquinho de Pol\u00edtica] Governador Esbraveja com Prefeito\/ Zema cutuca ministros do STF - Di\u00e1rio de Ouro Preto","description":"O que n\u00e3o faltou foi pol\u00edtica de esquerda e de direita! A coluna de hoje traz o embate: Prefeito versus Governador! A visita da pr\u00e9-candidata ao Senado, Mar\u00edlia Campos, no escrit\u00f3rio do Juntos Pra servir, na Bauxita- [Coluna Tiquinho de Pol\u00edtica] Governador Esbraveja com Prefeito\/ Zema cutuca ministros do STF - Coluna","robots":{"index":"index","follow":"follow","max-snippet":"max-snippet:-1","max-image-preview":"max-image-preview:large","max-video-preview":"max-video-preview:-1"},"canonical":"https:\/\/www.diariodeouropreto.com.br\/pt\/coluna-tiquinho-de-politica-governador-esbraveja-com-prefeito-zema-cutuca-ministros-do-stf\/","og_locale":"pt_PT","og_type":"article","og_title":"[Coluna Tiquinho de Pol\u00edtica] Governador Esbraveja com Prefeito\/ Zema cutuca ministros do STF - Di\u00e1rio de Ouro Preto","og_description":"O que n\u00e3o faltou foi pol\u00edtica de esquerda e de direita! A coluna de hoje traz o embate: Prefeito versus Governador! A visita da pr\u00e9-candidata ao Senado, Mar\u00edlia Campos, no escrit\u00f3rio do Juntos Pra servir, na Bauxita- [Coluna Tiquinho de Pol\u00edtica] Governador Esbraveja com Prefeito\/ Zema cutuca ministros do STF - Coluna","og_url":"https:\/\/www.diariodeouropreto.com.br\/pt\/coluna-tiquinho-de-politica-governador-esbraveja-com-prefeito-zema-cutuca-ministros-do-stf\/","og_site_name":"Di\u00e1rio de Ouro Preto","article_publisher":"https:\/\/www.facebook.com\/diariodeouropreto\/","article_published_time":"2026-04-26T14:58:27+00:00","article_modified_time":"2026-04-26T14:58:29+00:00","og_image":[{"width":1200,"height":800,"url":"https:\/\/www.diariodeouropreto.com.br\/wp-content\/uploads\/2026\/04\/WhatsApp-Image-2026-04-22-at-14.30.49.jpeg","type":"image\/jpeg"}],"author":"Marcelino Castro","twitter_card":"summary_large_image","twitter_misc":{"Escrito por":"Marcelino Castro","Tempo estimado de leitura":"5 minutos"},"schema":{"@context":"https:\/\/schema.org","@graph":[{"@type":"Article","@id":"https:\/\/www.diariodeouropreto.com.br\/coluna-tiquinho-de-politica-governador-esbraveja-com-prefeito-zema-cutuca-ministros-do-stf\/#article","isPartOf":{"@id":"https:\/\/www.diariodeouropreto.com.br\/coluna-tiquinho-de-politica-governador-esbraveja-com-prefeito-zema-cutuca-ministros-do-stf\/"},"author":{"name":"Marcelino Castro","@id":"https:\/\/www.diariodeouropreto.com.br\/pt\/#\/schema\/person\/beeebc69f297a82698bba8acf70e5bb6"},"headline":"[Coluna Tiquinho de Pol\u00edtica] Governador Esbraveja com Prefeito\/ Zema cutuca ministros do STF","datePublished":"2026-04-26T14:58:27+00:00","dateModified":"2026-04-26T14:58:29+00:00","mainEntityOfPage":{"@id":"https:\/\/www.diariodeouropreto.com.br\/coluna-tiquinho-de-politica-governador-esbraveja-com-prefeito-zema-cutuca-ministros-do-stf\/"},"wordCount":758,"publisher":{"@id":"https:\/\/www.diariodeouropreto.com.br\/pt\/#organization"},"image":{"@id":"https:\/\/www.diariodeouropreto.com.br\/coluna-tiquinho-de-politica-governador-esbraveja-com-prefeito-zema-cutuca-ministros-do-stf\/#primaryimage"},"thumbnailUrl":"https:\/\/www.diariodeouropreto.com.br\/wp-content\/uploads\/2026\/04\/WhatsApp-Image-2026-04-22-at-14.30.49.jpeg","articleSection":["Coluna"],"inLanguage":"pt-PT"},{"@type":"WebPage","@id":"https:\/\/www.diariodeouropreto.com.br\/coluna-tiquinho-de-politica-governador-esbraveja-com-prefeito-zema-cutuca-ministros-do-stf\/","url":"https:\/\/www.diariodeouropreto.com.br\/coluna-tiquinho-de-politica-governador-esbraveja-com-prefeito-zema-cutuca-ministros-do-stf\/","name":"[Coluna Tiquinho de Pol\u00edtica] Governador Esbraveja com Prefeito\/ Zema cutuca ministros do STF - Di\u00e1rio de Ouro Preto","isPartOf":{"@id":"https:\/\/www.diariodeouropreto.com.br\/pt\/#website"},"primaryImageOfPage":{"@id":"https:\/\/www.diariodeouropreto.com.br\/coluna-tiquinho-de-politica-governador-esbraveja-com-prefeito-zema-cutuca-ministros-do-stf\/#primaryimage"},"image":{"@id":"https:\/\/www.diariodeouropreto.com.br\/coluna-tiquinho-de-politica-governador-esbraveja-com-prefeito-zema-cutuca-ministros-do-stf\/#primaryimage"},"thumbnailUrl":"https:\/\/www.diariodeouropreto.com.br\/wp-content\/uploads\/2026\/04\/WhatsApp-Image-2026-04-22-at-14.30.49.jpeg","datePublished":"2026-04-26T14:58:27+00:00","dateModified":"2026-04-26T14:58:29+00:00","description":"O que n\u00e3o faltou foi pol\u00edtica de esquerda e de direita! A coluna de hoje traz o embate: Prefeito versus Governador! A visita da pr\u00e9-candidata ao Senado, Mar\u00edlia Campos, no escrit\u00f3rio do Juntos Pra servir, na Bauxita- [Coluna Tiquinho de Pol\u00edtica] Governador Esbraveja com Prefeito\/ Zema cutuca ministros do STF - Coluna","breadcrumb":{"@id":"https:\/\/www.diariodeouropreto.com.br\/coluna-tiquinho-de-politica-governador-esbraveja-com-prefeito-zema-cutuca-ministros-do-stf\/#breadcrumb"},"inLanguage":"pt-PT","potentialAction":[{"@type":"ReadAction","target":["https:\/\/www.diariodeouropreto.com.br\/coluna-tiquinho-de-politica-governador-esbraveja-com-prefeito-zema-cutuca-ministros-do-stf\/"]}]},{"@type":"ImageObject","inLanguage":"pt-PT","@id":"https:\/\/www.diariodeouropreto.com.br\/coluna-tiquinho-de-politica-governador-esbraveja-com-prefeito-zema-cutuca-ministros-do-stf\/#primaryimage","url":"https:\/\/www.diariodeouropreto.com.br\/wp-content\/uploads\/2026\/04\/WhatsApp-Image-2026-04-22-at-14.30.49.jpeg","contentUrl":"https:\/\/www.diariodeouropreto.com.br\/wp-content\/uploads\/2026\/04\/WhatsApp-Image-2026-04-22-at-14.30.49.jpeg","width":1200,"height":800},{"@type":"BreadcrumbList","@id":"https:\/\/www.diariodeouropreto.com.br\/coluna-tiquinho-de-politica-governador-esbraveja-com-prefeito-zema-cutuca-ministros-do-stf\/#breadcrumb","itemListElement":[{"@type":"ListItem","position":1,"name":"In\u00edcio","item":"https:\/\/www.diariodeouropreto.com.br\/pt\/"},{"@type":"ListItem","position":2,"name":"[Coluna Tiquinho de Pol\u00edtica] Governador Esbraveja com Prefeito\/ Zema cutuca ministros do STF"}]},{"@type":"WebSite","@id":"https:\/\/www.diariodeouropreto.com.br\/pt\/#website","url":"https:\/\/www.diariodeouropreto.com.br\/pt\/","name":"Di\u00e1rio de Ouro Preto","description":"Not\u00edcias Ouro Preto; Mariana;Minas Gerais;Jornal;Jornalismo;Not\u00edcias;","publisher":{"@id":"https:\/\/www.diariodeouropreto.com.br\/pt\/#organization"},"alternateName":"Jornal di\u00e1rio de Ouro Preto","potentialAction":[{"@type":"SearchAction","target":{"@type":"EntryPoint","urlTemplate":"https:\/\/www.diariodeouropreto.com.br\/pt\/?s={search_term_string}"},"query-input":{"@type":"PropertyValueSpecification","valueRequired":true,"valueName":"search_term_string"}}],"inLanguage":"pt-PT"},{"@type":"Organization","@id":"https:\/\/www.diariodeouropreto.com.br\/pt\/#organization","name":"Di\u00e1rio de Ouro Preto","alternateName":"Jornal di\u00e1rio Ouro Preto","url":"https:\/\/www.diariodeouropreto.com.br\/pt\/","logo":{"@type":"ImageObject","inLanguage":"pt-PT","@id":"https:\/\/www.diariodeouropreto.com.br\/pt\/#\/schema\/logo\/image\/","url":"https:\/\/www.diariodeouropreto.com.br\/wp-content\/uploads\/2019\/06\/cropped-logotransp-2.png","contentUrl":"https:\/\/www.diariodeouropreto.com.br\/wp-content\/uploads\/2019\/06\/cropped-logotransp-2.png","width":1323,"height":251,"caption":"Di\u00e1rio de Ouro Preto"},"image":{"@id":"https:\/\/www.diariodeouropreto.com.br\/pt\/#\/schema\/logo\/image\/"},"sameAs":["https:\/\/www.facebook.com\/diariodeouropreto\/"]},{"@type":"Person","@id":"https:\/\/www.diariodeouropreto.com.br\/pt\/#\/schema\/person\/beeebc69f297a82698bba8acf70e5bb6","name":"Marcelino Castro","sameAs":["https:\/\/www.diariodeouropreto.com.br\/"],"url":"https:\/\/www.diariodeouropreto.com.br\/pt\/author\/marcelino-castro\/"}]}},"jetpack_publicize_connections":[],"jetpack_featured_media_url":"https:\/\/www.diariodeouropreto.com.br\/wp-content\/uploads\/2026\/04\/WhatsApp-Image-2026-04-22-at-14.30.49.jpeg","jetpack-related-posts":[{"id":49194,"url":"https:\/\/www.diariodeouropreto.com.br\/pt\/coluna-tiquinho-de-politica-o-aniversario-e-do-prefeito-quem-ganhou-o-presente-de-natal-foi-a-vale\/","url_meta":{"origin":51951,"position":0},"title":"[Coluna Tiquinho de Pol\u00edtica] O anivers\u00e1rio \u00e9 do prefeito quem ganhou o presente de Natal foi a Vale!","author":"Di\u00e1rio de Ouro Preto","date":"7 de Dezembro de 2025","format":false,"excerpt":"Ouro Preto - Domingo 7 de dezembro, dia do \u201cTiquinho de Pol\u00edtica\u201d, ent\u00e3o n\u00e3o deixamos passar de liso o anivers\u00e1rio do prefeito, agora \u00e9 Dot\u00f4 mesmo! Com t\u00edtulo entregue pelo Reitor e discurso de \u201cDoutorado\u201d e tudo! Ao lado da Ministra Maca\u00e9 Evaristo e do Ex- Ministro, Nilm\u00e1rio Miranda! Angelo\u2026","rel":"","context":"In &quot;Coluna&quot;","block_context":{"text":"Coluna","link":"https:\/\/www.diariodeouropreto.com.br\/pt\/Editoria\/coluna\/"},"img":{"alt_text":"","src":"https:\/\/i0.wp.com\/www.diariodeouropreto.com.br\/wp-content\/uploads\/2025\/12\/vale_ap.jpg?resize=350%2C200&ssl=1","width":350,"height":200,"srcset":"https:\/\/i0.wp.com\/www.diariodeouropreto.com.br\/wp-content\/uploads\/2025\/12\/vale_ap.jpg?resize=350%2C200&ssl=1 1x, https:\/\/i0.wp.com\/www.diariodeouropreto.com.br\/wp-content\/uploads\/2025\/12\/vale_ap.jpg?resize=525%2C300&ssl=1 1.5x, https:\/\/i0.wp.com\/www.diariodeouropreto.com.br\/wp-content\/uploads\/2025\/12\/vale_ap.jpg?resize=700%2C400&ssl=1 2x, https:\/\/i0.wp.com\/www.diariodeouropreto.com.br\/wp-content\/uploads\/2025\/12\/vale_ap.jpg?resize=1050%2C600&ssl=1 3x"},"classes":[]},{"id":26670,"url":"https:\/\/www.diariodeouropreto.com.br\/pt\/coluna-tiquinho-de-politica-saneouro-sera-o-desafio-dos-candidatos-a-prefeito-de-ouro-preto\/","url_meta":{"origin":51951,"position":1},"title":"[Coluna Tiquinho de Pol\u00edtica]\u00a0Saneouro ser\u00e1 o desafio dos candidatos a prefeito de Ouro Preto","author":"Di\u00e1rio de Ouro Preto","date":"12 de Novembro de 2023","format":false,"excerpt":"Ouro Preto - A coluna Tiquinho de Pol\u00edtica de hoje est\u00e1 recheada! A vida pol\u00edtica j\u00e1 est\u00e1 bem observada. O povo n\u00e3o \u00e9 bobo. Para informar esse povo inteligente, vamos \u00e0 coluna deste domingo quente! E com campeonato correndo no campo da Barra! Estamos h\u00e1 330 dias das elei\u00e7\u00f5es municipais.\u2026","rel":"","context":"In &quot;Coluna&quot;","block_context":{"text":"Coluna","link":"https:\/\/www.diariodeouropreto.com.br\/pt\/Editoria\/coluna\/"},"img":{"alt_text":"","src":"https:\/\/i0.wp.com\/www.diariodeouropreto.com.br\/wp-content\/uploads\/2023\/11\/capa_dop_antoniodias.jpg?resize=350%2C200&ssl=1","width":350,"height":200,"srcset":"https:\/\/i0.wp.com\/www.diariodeouropreto.com.br\/wp-content\/uploads\/2023\/11\/capa_dop_antoniodias.jpg?resize=350%2C200&ssl=1 1x, https:\/\/i0.wp.com\/www.diariodeouropreto.com.br\/wp-content\/uploads\/2023\/11\/capa_dop_antoniodias.jpg?resize=525%2C300&ssl=1 1.5x, https:\/\/i0.wp.com\/www.diariodeouropreto.com.br\/wp-content\/uploads\/2023\/11\/capa_dop_antoniodias.jpg?resize=700%2C400&ssl=1 2x, https:\/\/i0.wp.com\/www.diariodeouropreto.com.br\/wp-content\/uploads\/2023\/11\/capa_dop_antoniodias.jpg?resize=1050%2C600&ssl=1 3x"},"classes":[]},{"id":34882,"url":"https:\/\/www.diariodeouropreto.com.br\/pt\/coluna-tiquinho-de-politica-326-anos-da-descoberta-de-ouro-preto-e-o-cenario-politico-para-a-disputa-pela-prefeitura\/","url_meta":{"origin":51951,"position":2},"title":"[Coluna Tiquinho de Pol\u00edtica] 326 anos da descoberta de Ouro Preto e o cen\u00e1rio pol\u00edtico para a disputa pela Prefeitura","author":"Di\u00e1rio de Ouro Preto","date":"23 de Junho de 2024","format":false,"excerpt":"Ouro Preto - O dia de S\u00e3o Jo\u00e3o \u00e9 o marco da chegada da bandeira de Ant\u00f4nio Dias ao territ\u00f3rio em 1698, hoje denominado Ouro Preto, apesar da data do \u201cdescobrimento\u201d do Itacolomi, montanha que era a refer\u00eancia para o ouro h\u00e1 326 anos, a cidade tem como anivers\u00e1rio o\u2026","rel":"","context":"In &quot;Coluna&quot;","block_context":{"text":"Coluna","link":"https:\/\/www.diariodeouropreto.com.br\/pt\/Editoria\/coluna\/"},"img":{"alt_text":"","src":"https:\/\/i0.wp.com\/www.diariodeouropreto.com.br\/wp-content\/uploads\/2024\/06\/arraia-da-conceicao.jpg?resize=350%2C200&ssl=1","width":350,"height":200,"srcset":"https:\/\/i0.wp.com\/www.diariodeouropreto.com.br\/wp-content\/uploads\/2024\/06\/arraia-da-conceicao.jpg?resize=350%2C200&ssl=1 1x, https:\/\/i0.wp.com\/www.diariodeouropreto.com.br\/wp-content\/uploads\/2024\/06\/arraia-da-conceicao.jpg?resize=525%2C300&ssl=1 1.5x, https:\/\/i0.wp.com\/www.diariodeouropreto.com.br\/wp-content\/uploads\/2024\/06\/arraia-da-conceicao.jpg?resize=700%2C400&ssl=1 2x, https:\/\/i0.wp.com\/www.diariodeouropreto.com.br\/wp-content\/uploads\/2024\/06\/arraia-da-conceicao.jpg?resize=1050%2C600&ssl=1 3x"},"classes":[]},{"id":37100,"url":"https:\/\/www.diariodeouropreto.com.br\/pt\/coluna-tiquinho-de-politica-comecou-a-corrida-pela-prefeitura-o-clima-ta-quente\/","url_meta":{"origin":51951,"position":3},"title":"[Coluna Tiquinho de Pol\u00edtica] Come\u00e7ou a corrida pela Prefeitura!  O clima t\u00e1 quente!","author":"Di\u00e1rio de Ouro Preto","date":"18 de Agosto de 2024","format":false,"excerpt":"Agora \u00e9 pra valer! Faltam 49 dias para as elei\u00e7\u00f5es. Ouro Preto ter\u00e1 seus quatro candidatos a prefeito! Foram tantas ida e vindas. O cen\u00e1rio pol\u00edtico de Ouro Preto se consolidou! Agora \u00e9 o preto no branco, urna por urna voto por voto. Saberemos quais ser\u00e3o aqueles escolhidos para governar\u2026","rel":"","context":"In &quot;Coluna&quot;","block_context":{"text":"Coluna","link":"https:\/\/www.diariodeouropreto.com.br\/pt\/Editoria\/coluna\/"},"img":{"alt_text":"","src":"https:\/\/i0.wp.com\/www.diariodeouropreto.com.br\/wp-content\/uploads\/2024\/08\/capa_16-08_prefeitura.jpg?resize=350%2C200&ssl=1","width":350,"height":200,"srcset":"https:\/\/i0.wp.com\/www.diariodeouropreto.com.br\/wp-content\/uploads\/2024\/08\/capa_16-08_prefeitura.jpg?resize=350%2C200&ssl=1 1x, https:\/\/i0.wp.com\/www.diariodeouropreto.com.br\/wp-content\/uploads\/2024\/08\/capa_16-08_prefeitura.jpg?resize=525%2C300&ssl=1 1.5x, https:\/\/i0.wp.com\/www.diariodeouropreto.com.br\/wp-content\/uploads\/2024\/08\/capa_16-08_prefeitura.jpg?resize=700%2C400&ssl=1 2x, https:\/\/i0.wp.com\/www.diariodeouropreto.com.br\/wp-content\/uploads\/2024\/08\/capa_16-08_prefeitura.jpg?resize=1050%2C600&ssl=1 3x"},"classes":[]},{"id":15027,"url":"https:\/\/www.diariodeouropreto.com.br\/pt\/coluna-tiquinho-de-politica-domingo-de-pascoa-fe-politica-e-a-saudade-de-ouro-preto\/","url_meta":{"origin":51951,"position":4},"title":"[Coluna Tiquinho de Pol\u00edtica] Domingo de P\u00e1scoa,  F\u00e9, Pol\u00edtica e a saudade de Ouro Preto\ufffc","author":"Di\u00e1rio de Ouro Preto","date":"17 de Abril de 2022","format":false,"excerpt":"Ouro Preto j\u00e1 estava com saudades de suas celebra\u00e7\u00f5es religiosas, n\u00e3o apenas os cat\u00f3licos, mas tamb\u00e9m os evang\u00e9licos, que congregaram na pra\u00e7a Tiradentes no s\u00e1bado. Quem diria, o ouro-pretano com saudades de Ouro Preto! Como relatou uma fiel, durante o descendimento da Cruz, com Serm\u00e3o do p\u00e1roco do Ant\u00f4nio Dias,\u2026","rel":"","context":"In &quot;Ouro Preto&quot;","block_context":{"text":"Ouro Preto","link":"https:\/\/www.diariodeouropreto.com.br\/pt\/Editoria\/ouro-preto\/"},"img":{"alt_text":"","src":"https:\/\/i0.wp.com\/www.diariodeouropreto.com.br\/wp-content\/uploads\/2022\/04\/WhatsApp-Image-2022-04-17-at-20.27.40.jpeg?resize=350%2C200&ssl=1","width":350,"height":200,"srcset":"https:\/\/i0.wp.com\/www.diariodeouropreto.com.br\/wp-content\/uploads\/2022\/04\/WhatsApp-Image-2022-04-17-at-20.27.40.jpeg?resize=350%2C200&ssl=1 1x, https:\/\/i0.wp.com\/www.diariodeouropreto.com.br\/wp-content\/uploads\/2022\/04\/WhatsApp-Image-2022-04-17-at-20.27.40.jpeg?resize=525%2C300&ssl=1 1.5x, https:\/\/i0.wp.com\/www.diariodeouropreto.com.br\/wp-content\/uploads\/2022\/04\/WhatsApp-Image-2022-04-17-at-20.27.40.jpeg?resize=700%2C400&ssl=1 2x, https:\/\/i0.wp.com\/www.diariodeouropreto.com.br\/wp-content\/uploads\/2022\/04\/WhatsApp-Image-2022-04-17-at-20.27.40.jpeg?resize=1050%2C600&ssl=1 3x"},"classes":[]},{"id":27462,"url":"https:\/\/www.diariodeouropreto.com.br\/pt\/coluna-tiquinho-de-politica-o-subsidio-das-contas-de-agua-a-repercussao-da-1a-manchete-do-diario-de-ouro-preto-neste-ano-eleitoral\/","url_meta":{"origin":51951,"position":5},"title":"[Coluna Tiquinho de Pol\u00edtica] O Subs\u00eddio das contas de \u00e1gua: A repercuss\u00e3o da  1\u00aa manchete do di\u00e1rio de Ouro Preto neste ano eleitoral","author":"Di\u00e1rio de Ouro Preto","date":"7 de Janeiro de 2024","format":false,"excerpt":"Ouro Preto - A Saneouro acabou sendo a manchete da primeira edi\u00e7\u00e3o do di\u00e1rio de Ouro Preto nesta sexta-feira, 5\/01, \u201cSUBS\u00cdDIO: CONTAS DA SANEOURO J\u00c1 EST\u00c3O SENDO EMITIDAS COM A NOVA TARIFA TARIF\u00c1RIA\u201d, rapidinho eram distribu\u00eddos os jornais pelas ruas em que os entregadores chegavam, proporcionando uma difus\u00e3o maior. Todo\u2026","rel":"","context":"In &quot;Coluna&quot;","block_context":{"text":"Coluna","link":"https:\/\/www.diariodeouropreto.com.br\/pt\/Editoria\/coluna\/"},"img":{"alt_text":"","src":"https:\/\/i0.wp.com\/www.diariodeouropreto.com.br\/wp-content\/uploads\/2024\/01\/Imagem-do-WhatsApp-de-2024-01-07-as-16.00.28_d95899c1.jpg?resize=350%2C200&ssl=1","width":350,"height":200,"srcset":"https:\/\/i0.wp.com\/www.diariodeouropreto.com.br\/wp-content\/uploads\/2024\/01\/Imagem-do-WhatsApp-de-2024-01-07-as-16.00.28_d95899c1.jpg?resize=350%2C200&ssl=1 1x, https:\/\/i0.wp.com\/www.diariodeouropreto.com.br\/wp-content\/uploads\/2024\/01\/Imagem-do-WhatsApp-de-2024-01-07-as-16.00.28_d95899c1.jpg?resize=525%2C300&ssl=1 1.5x, https:\/\/i0.wp.com\/www.diariodeouropreto.com.br\/wp-content\/uploads\/2024\/01\/Imagem-do-WhatsApp-de-2024-01-07-as-16.00.28_d95899c1.jpg?resize=700%2C400&ssl=1 2x, https:\/\/i0.wp.com\/www.diariodeouropreto.com.br\/wp-content\/uploads\/2024\/01\/Imagem-do-WhatsApp-de-2024-01-07-as-16.00.28_d95899c1.jpg?resize=1050%2C600&ssl=1 3x"},"classes":[]}],"jetpack_sharing_enabled":true,"amp_enabled":true,"_links":{"self":[{"href":"https:\/\/www.diariodeouropreto.com.br\/pt\/wp-json\/wp\/v2\/posts\/51951","targetHints":{"allow":["GET"]}}],"collection":[{"href":"https:\/\/www.diariodeouropreto.com.br\/pt\/wp-json\/wp\/v2\/posts"}],"about":[{"href":"https:\/\/www.diariodeouropreto.com.br\/pt\/wp-json\/wp\/v2\/types\/post"}],"author":[{"embeddable":true,"href":"https:\/\/www.diariodeouropreto.com.br\/pt\/wp-json\/wp\/v2\/users\/7"}],"replies":[{"embeddable":true,"href":"https:\/\/www.diariodeouropreto.com.br\/pt\/wp-json\/wp\/v2\/comments?post=51951"}],"version-history":[{"count":1,"href":"https:\/\/www.diariodeouropreto.com.br\/pt\/wp-json\/wp\/v2\/posts\/51951\/revisions"}],"predecessor-version":[{"id":51956,"href":"https:\/\/www.diariodeouropreto.com.br\/pt\/wp-json\/wp\/v2\/posts\/51951\/revisions\/51956"}],"wp:featuredmedia":[{"embeddable":true,"href":"https:\/\/www.diariodeouropreto.com.br\/pt\/wp-json\/wp\/v2\/media\/51953"}],"wp:attachment":[{"href":"https:\/\/www.diariodeouropreto.com.br\/pt\/wp-json\/wp\/v2\/media?parent=51951"}],"wp:term":[{"taxonomy":"category","embeddable":true,"href":"https:\/\/www.diariodeouropreto.com.br\/pt\/wp-json\/wp\/v2\/categories?post=51951"},{"taxonomy":"post_tag","embeddable":true,"href":"https:\/\/www.diariodeouropreto.com.br\/pt\/wp-json\/wp\/v2\/tags?post=51951"}],"curies":[{"name":"wp","href":"https:\/\/api.w.org\/{rel}","templated":true}]}}