{"id":51935,"date":"2026-04-25T10:00:00","date_gmt":"2026-04-25T13:00:00","guid":{"rendered":"https:\/\/www.diariodeouropreto.com.br\/?p=51935"},"modified":"2026-04-24T17:11:51","modified_gmt":"2026-04-24T20:11:51","slug":"laudo-da-policia-federal-confirma-autoria-de-tiradentes-em-anotacoes-do-livro-de-tiradentes","status":"publish","type":"post","link":"https:\/\/www.diariodeouropreto.com.br\/pt\/laudo-da-policia-federal-confirma-autoria-de-tiradentes-em-anotacoes-do-livro-de-tiradentes\/","title":{"rendered":"Laudo da Pol\u00edcia Federal confirma autoria de Tiradentes em anota\u00e7\u00f5es do \u201cLivro de Tiradentes\u201d"},"content":{"rendered":"\n<p><strong>Descoberta refor\u00e7a o valor documental do exemplar sob guarda do Museu da Inconfid\u00eancia e amplia a compreens\u00e3o sobre a participa\u00e7\u00e3o intelectual de Tiradentes na Inconfid\u00eancia Mineira, projetando novos desdobramentos para a pesquisa hist\u00f3rica e para a mem\u00f3ria p\u00fablica<br><\/strong><\/p>\n\n\n\n<p>O Instituto Brasileiro de Museus (Ibram), por meio de iniciativa do Museu da Inconfid\u00eancia, torna p\u00fablico o resultado de laudo pericial elaborado pelo Instituto Nacional de Criminal\u00edstica da Pol\u00edcia Federal que confirma a autoria de Tiradentes nas anota\u00e7\u00f5es manuscritas presentes no chamado \u201cLivro de Tiradentes\u201d. O documento, um exemplar da obra <em>Recueil des loix constitutives des colonies angloises, conf\u00e9d\u00e9r\u00e9es sous la d\u00e9nomination d\u2019\u00c9tats-Unis de l\u2019Am\u00e9rique septentrionale<\/em> [Cole\u00e7\u00e3o das leis constitutivas das col\u00f4nias inglesas, confederadas sob a denomina\u00e7\u00e3o de Estados Unidos da Am\u00e9rica setentrional], integra o acervo do Arquivo Hist\u00f3rico do Museu e est\u00e1 entre os testemunhos documentais mais emblem\u00e1ticos da Inconfid\u00eancia Mineira.&nbsp;<\/p>\n\n\n\n<p>A a\u00e7\u00e3o \u00e9 resultado de uma parceria entre o Ibram e a Pol\u00edcia Federal, voltada ao aprofundamento da pesquisa hist\u00f3rica sobre um dos documentos mais emblem\u00e1ticos do acervo museol\u00f3gico brasileiro.&nbsp;<\/p>\n\n\n\n<p>A obra foi submetida a exame grafosc\u00f3pico no Servi\u00e7o de Per\u00edcias Documentosc\u00f3picas (SEP-DOC), com o objetivo de verificar a autoria das anota\u00e7\u00f5es manuscritas atribu\u00eddas a Tiradentes. A an\u00e1lise concentrou-se em anota\u00e7\u00f5es de leitura presentes em p\u00e1ginas espec\u00edficas do volume, sendo examinados elementos gr\u00e1ficos que correspondem a caracter\u00edsticas de g\u00eanese gr\u00e1fica, associadas a movimentos automatizados da escrita, de dif\u00edcil imita\u00e7\u00e3o ou reprodu\u00e7\u00e3o deliberada.&nbsp;<\/p>\n\n\n\n<p>A conclus\u00e3o pericial indica que n\u00e3o foram identificados elementos que colocassem em d\u00favida a compatibilidade das anota\u00e7\u00f5es com a autoria de Joaquim Jos\u00e9 da Silva Xavier.&nbsp;<\/p>\n\n\n\n<figure class=\"wp-block-image size-full\"><img decoding=\"async\" width=\"591\" height=\"800\" data-attachment-id=\"51937\" data-permalink=\"https:\/\/www.diariodeouropreto.com.br\/pt\/laudo-da-policia-federal-confirma-autoria-de-tiradentes-em-anotacoes-do-livro-de-tiradentes\/whatsapp-image-2026-04-23-at-10-26-56\/\" data-orig-file=\"https:\/\/www.diariodeouropreto.com.br\/wp-content\/uploads\/2026\/04\/WhatsApp-Image-2026-04-23-at-10.26.56.jpeg\" data-orig-size=\"591,800\" data-comments-opened=\"0\" data-image-meta=\"{&quot;aperture&quot;:&quot;0&quot;,&quot;credit&quot;:&quot;&quot;,&quot;camera&quot;:&quot;&quot;,&quot;caption&quot;:&quot;&quot;,&quot;created_timestamp&quot;:&quot;0&quot;,&quot;copyright&quot;:&quot;&quot;,&quot;focal_length&quot;:&quot;0&quot;,&quot;iso&quot;:&quot;0&quot;,&quot;shutter_speed&quot;:&quot;0&quot;,&quot;title&quot;:&quot;&quot;,&quot;orientation&quot;:&quot;0&quot;}\" data-image-title=\"WhatsApp Image 2026-04-23 at 10.26.56\" data-image-description=\"\" data-image-caption=\"\" data-large-file=\"https:\/\/www.diariodeouropreto.com.br\/wp-content\/uploads\/2026\/04\/WhatsApp-Image-2026-04-23-at-10.26.56.jpeg\" src=\"https:\/\/www.diariodeouropreto.com.br\/wp-content\/uploads\/2026\/04\/WhatsApp-Image-2026-04-23-at-10.26.56.jpeg\" alt=\"\" class=\"wp-image-51937\" srcset=\"https:\/\/www.diariodeouropreto.com.br\/wp-content\/uploads\/2026\/04\/WhatsApp-Image-2026-04-23-at-10.26.56.jpeg 591w, https:\/\/www.diariodeouropreto.com.br\/wp-content\/uploads\/2026\/04\/WhatsApp-Image-2026-04-23-at-10.26.56-293x396.jpeg 293w, https:\/\/www.diariodeouropreto.com.br\/wp-content\/uploads\/2026\/04\/WhatsApp-Image-2026-04-23-at-10.26.56-111x150.jpeg 111w, https:\/\/www.diariodeouropreto.com.br\/wp-content\/uploads\/2026\/04\/WhatsApp-Image-2026-04-23-at-10.26.56-9x12.jpeg 9w, https:\/\/www.diariodeouropreto.com.br\/wp-content\/uploads\/2026\/04\/WhatsApp-Image-2026-04-23-at-10.26.56-406x550.jpeg 406w, https:\/\/www.diariodeouropreto.com.br\/wp-content\/uploads\/2026\/04\/WhatsApp-Image-2026-04-23-at-10.26.56-369x500.jpeg 369w\" sizes=\"(max-width: 591px) 100vw, 591px\" \/><\/figure>\n\n\n\n<p>A descoberta atribui novo alcance hist\u00f3rico ao volume. Com a confirma\u00e7\u00e3o da autoria das anota\u00e7\u00f5es, o exemplar deixa de ser apenas um objeto associado ao universo pol\u00edtico do final do s\u00e9culo XVIII e passa a constituir evid\u00eancia material direta da rela\u00e7\u00e3o de Joaquim Jos\u00e9 da Silva Xavier com a leitura, a circula\u00e7\u00e3o e a apropria\u00e7\u00e3o de ideias pol\u00edticas modernas.&nbsp;<\/p>\n\n\n\n<p>Para a presidenta do Ibram, Fernanda Castro, a confirma\u00e7\u00e3o representa \u201cescutar a voz de Tiradentes mais uma vez\u201d. Segundo ela, o resultado evidencia tamb\u00e9m o papel dos museus como institui\u00e7\u00f5es de pesquisa, produ\u00e7\u00e3o de conhecimento e inova\u00e7\u00e3o, capazes de articular ci\u00eancia e mem\u00f3ria na constru\u00e7\u00e3o de novas interpreta\u00e7\u00f5es sobre a hist\u00f3ria do Brasil. &nbsp;<\/p>\n\n\n\n<p>O diretor do Museu da Inconfid\u00eancia, Alex Calheiros, refor\u00e7a que o livro deixa de ser um ind\u00edcio e passa a ser uma prova material.&nbsp; O laudo eleva enormemente o valor hist\u00f3rico e afetivo do bem, oferecendo novas camadas de entendimento sobre a figura de Tiradentes.&nbsp;<\/p>\n\n\n\n<p><strong>O 21 de Abril e o Legado de Tiradentes<\/strong>&nbsp;<\/p>\n\n\n\n<p>A confirma\u00e7\u00e3o da autoria ocorre em um momento simb\u00f3lico, aproximando-se do dia 21 de abril, feriado nacional que recorda o sacrif\u00edcio de Tiradentes. Joaquim Jos\u00e9 da Silva Xavier foi o principal rosto da Inconfid\u00eancia Mineira, movimento de rebeli\u00e3o do s\u00e9culo XVIII que pretendia libertar o Brasil do dom\u00ednio portugu\u00eas.&nbsp;<\/p>\n\n\n\n<p>Dentre os conjurados, Tiradentes destacou-se por ser um dos mais ativo na propaga\u00e7\u00e3o dos ideais de liberdade, sendo o \u00fanico a receber a pena de morte ap\u00f3s os Autos da Devassa: o processo judicial da Coroa Portuguesa que incriminou os inconfidentes e no qual este livro foi citado diversas vezes como prova. Sua execu\u00e7\u00e3o e o subsequente esquartejamento o transformaram no maior s\u00edmbolo da luta pela independ\u00eancia e da identidade republicana brasileira.&nbsp;<\/p>\n\n\n\n<p>Publicado em Paris, em 1778, em l\u00edngua francesa e dedicado a Benjamin Franklin, o <em>Recueil<\/em> re\u00fane documentos constitucionais fundamentais dos Estados Unidos da Am\u00e9rica, entre eles a Declara\u00e7\u00e3o de Independ\u00eancia, a primeira reda\u00e7\u00e3o dos Artigos de Confedera\u00e7\u00e3o e constitui\u00e7\u00f5es de seis dos treze primeiros estados norte-americanos. Embora a folha de rosto indique a Filad\u00e9lfia como local de publica\u00e7\u00e3o, a obra foi impressa em Paris, com apoio clandestino do governo franc\u00eas, no contexto da Guerra de Independ\u00eancia dos Estados Unidos.&nbsp;<\/p>\n\n\n\n<p>Foi nesse ambiente de circula\u00e7\u00e3o atl\u00e2ntica de ideias que o exemplar chegou \u00e0 Am\u00e9rica portuguesa. Inspirados pelo \u00eaxito da Revolu\u00e7\u00e3o Americana, os inconfidentes encontraram nesses textos refer\u00eancias para imaginar novos arranjos pol\u00edticos para o Brasil. O volume posteriormente conhecido como \u201cLivro de Tiradentes\u201d foi levado a Minas Gerais, em 1788, por ex-alunos brasileiros da Universidade de Coimbra, Jos\u00e9 \u00c1lvares Maciel e Jos\u00e9 Pereira Ribeiro. Pouco antes de sua pris\u00e3o, em 10 de maio de 1789, no Rio de Janeiro, Tiradentes teria entregue o livro a Francisco Xavier Machado, porta-estandarte dos Drag\u00f5es de Minas, com a miss\u00e3o de lev\u00e1-lo de volta \u00e0 capitania. Ap\u00f3s a pris\u00e3o, a obra foi apreendida e tornou-se pe\u00e7a central de investiga\u00e7\u00e3o paralela \u00e0 devassa instaurada pelas autoridades portuguesas.&nbsp;<\/p>\n\n\n\n<p>Depois de permanecer por 124 anos na Biblioteca P\u00fablica de Santa Catarina, em Florian\u00f3polis, o volume retornou a Ouro Preto em 21 de abril de 1984. A restitui\u00e7\u00e3o, articulada pelo ent\u00e3o governador de Minas Gerais Tancredo Neves junto ao governo de Santa Catarina, representou um gesto de repara\u00e7\u00e3o hist\u00f3rica e de reafirma\u00e7\u00e3o do valor simb\u00f3lico do patrim\u00f4nio cultural brasileiro. Desde ent\u00e3o, o exemplar integra o acervo do Arquivo Hist\u00f3rico do Museu da Inconfid\u00eancia.&nbsp;<\/p>\n\n\n\n<p>Do ponto de vista historiogr\u00e1fico, o resultado da per\u00edcia amplia a compreens\u00e3o sobre a atua\u00e7\u00e3o de Tiradentes no movimento. Os \u201cAutos de Devassa\u201d j\u00e1 indicavam que ele portava o livro, o mostrava a outras pessoas e solicitava a tradu\u00e7\u00e3o de trechos espec\u00edficos. A confirma\u00e7\u00e3o de que tamb\u00e9m s\u00e3o suas as anota\u00e7\u00f5es manuscritas presentes no volume acrescenta uma evid\u00eancia decisiva: Tiradentes n\u00e3o apenas teve contato com essas ideias, mas interveio diretamente sobre o texto como leitor ativo.&nbsp;<\/p>\n\n\n\n<p>A descoberta contribui, assim, para qualificar a compreens\u00e3o de sua participa\u00e7\u00e3o na Inconfid\u00eancia Mineira, afastando interpreta\u00e7\u00f5es simplificadoras que o reduziram exclusivamente \u00e0 condi\u00e7\u00e3o de homem de a\u00e7\u00e3o ou m\u00e1rtir pol\u00edtico. O documento passa a indicar, com maior seguran\u00e7a, sua rela\u00e7\u00e3o concreta com livros, linguagens pol\u00edticas e debates de alcance internacional em circula\u00e7\u00e3o no mundo atl\u00e2ntico de fins do s\u00e9culo XVIII. Em lugar de reiterar velhas concep\u00e7\u00f5es sobre sua figura hist\u00f3rica, a nova evid\u00eancia a restitui em maior complexidade, em conex\u00e3o com debates pol\u00edticos de alcance internacional.&nbsp;<\/p>\n\n\n\n<div id=\"110712\" class=\"advads-saneouro advads-entity-placement\" style=\"margin-left: auto;margin-right: auto;text-align: center;\"><a href=\"https:\/\/www.saneouro.com.br\/\" target=\"_blank\" aria-label=\"DOP_Site\" data-wpel-link=\"external\" rel=\"follow external noopener noreferrer sponsored ugc\"><img src=\"https:\/\/www.diariodeouropreto.com.br\/wp-content\/uploads\/2026\/04\/DOP_Site.jpg\" alt=\"\"  srcset=\"https:\/\/www.diariodeouropreto.com.br\/wp-content\/uploads\/2026\/04\/DOP_Site.jpg 301w, https:\/\/www.diariodeouropreto.com.br\/wp-content\/uploads\/2026\/04\/DOP_Site-180x150.jpg 180w, https:\/\/www.diariodeouropreto.com.br\/wp-content\/uploads\/2026\/04\/DOP_Site-14x12.jpg 14w\" sizes=\"(max-width: 301px) 100vw, 301px\" width=\"301\" height=\"251\"  style=\"display: inline-block;\" \/><\/a><\/div><p>Do ponto de vista patrimonial e museol\u00f3gico, o \u201cLivro de Tiradentes\u201d passa a ocupar posi\u00e7\u00e3o ainda mais singular no acervo do Museu da Inconfid\u00eancia. Al\u00e9m de obra rara, o exemplar se afirma agora como documento capaz de aproximar o p\u00fablico, de maneira concreta, da experi\u00eancia hist\u00f3rica da Inconfid\u00eancia Mineira, ampliando seu potencial de pesquisa, preserva\u00e7\u00e3o, exposi\u00e7\u00e3o e difus\u00e3o qualificada do patrim\u00f4nio cultural brasileiro.&nbsp;<\/p>\n\n\n\n<div id=\"50321\" class=\"advads-plantao advads-entity-placement\"><a href=\"https:\/\/www.diariodeouropreto.com.br\/\" target=\"_blank\" aria-label=\"site &#8211; noticia\" data-wpel-link=\"external\" rel=\"follow external noopener noreferrer sponsored ugc\"><img src=\"https:\/\/www.diariodeouropreto.com.br\/wp-content\/uploads\/2019\/09\/titulosite2-e1616373489755.jpg\" alt=\"\"  srcset=\"https:\/\/www.diariodeouropreto.com.br\/wp-content\/uploads\/2019\/09\/titulosite2-e1616373489755.jpg 1200w, https:\/\/www.diariodeouropreto.com.br\/wp-content\/uploads\/2019\/09\/titulosite2-e1616373489755-150x38.jpg 150w, https:\/\/www.diariodeouropreto.com.br\/wp-content\/uploads\/2019\/09\/titulosite2-e1616373489755-660x167.jpg 660w, https:\/\/www.diariodeouropreto.com.br\/wp-content\/uploads\/2019\/09\/titulosite2-e1616373489755-768x194.jpg 768w, https:\/\/www.diariodeouropreto.com.br\/wp-content\/uploads\/2019\/09\/titulosite2-e1616373489755-1000x252.jpg 1000w, https:\/\/www.diariodeouropreto.com.br\/wp-content\/uploads\/2019\/09\/titulosite2-e1616373489755-1536x388.jpg 1536w, https:\/\/www.diariodeouropreto.com.br\/wp-content\/uploads\/2019\/09\/titulosite2-e1616373489755-2048x517.jpg 2048w\" sizes=\"(max-width: 1200px) 100vw, 1200px\" width=\"1200\" height=\"303\"  style=\"display: inline-block;\" \/><\/a><\/div><p>Para o Museu da Inconfid\u00eancia, a per\u00edcia representa tamb\u00e9m um marco institucional. O resultado reafirma a import\u00e2ncia da investiga\u00e7\u00e3o t\u00e9cnica e da preserva\u00e7\u00e3o qualificada dos acervos hist\u00f3ricos, al\u00e9m de fortalecer o compromisso do Museu com a produ\u00e7\u00e3o de conhecimento, com a revis\u00e3o cr\u00edtica de narrativas consolidadas e com a amplia\u00e7\u00e3o do acesso p\u00fablico a interpreta\u00e7\u00f5es historicamente consistentes sobre personagens e processos centrais da hist\u00f3ria do Brasil.&nbsp;O Museu dar\u00e1 continuidade \u00e0s a\u00e7\u00f5es de pesquisa, difus\u00e3o e comunica\u00e7\u00e3o relacionadas ao exemplar, de modo a compartilhar com o p\u00fablico e com a comunidade acad\u00eamica os desdobramentos da descoberta e sua import\u00e2ncia para a compreens\u00e3o renovada da Inconfid\u00eancia Mineira. Fonte: Assessoria de Comunica\u00e7\u00e3o \u2013 Ibram\/Museu da Inconfid\u00eancia<\/p>\n","protected":false},"excerpt":{"rendered":"<p>Descoberta refor\u00e7a o valor documental do exemplar sob guarda do Museu da Inconfid\u00eancia e amplia a compreens\u00e3o sobre a participa\u00e7\u00e3o intelectual de Tiradentes na Inconfid\u00eancia Mineira, projetando novos desdobramentos para a pesquisa hist\u00f3rica e para a mem\u00f3ria p\u00fablica O Instituto Brasileiro de Museus (Ibram), por meio de iniciativa do Museu<span class=\"more-link\"><a href=\"https:\/\/www.diariodeouropreto.com.br\/pt\/laudo-da-policia-federal-confirma-autoria-de-tiradentes-em-anotacoes-do-livro-de-tiradentes\/\" data-wpel-link=\"internal\">Continue Lendo<\/a><\/span><\/p>","protected":false},"author":1,"featured_media":51938,"comment_status":"closed","ping_status":"closed","sticky":false,"template":"","format":"standard","meta":{"_jetpack_memberships_contains_paid_content":false,"footnotes":"","jetpack_publicize_message":"Descoberta refor\u00e7a o valor documental do exemplar sob guarda do Museu da Inconfid\u00eancia e amplia a compreens\u00e3o sobre a participa\u00e7\u00e3o intelectual de Tiradentes na Inconfid\u00eancia Mineira, projetando novos desdobramentos para a pesquisa hist\u00f3rica e para a mem\u00f3ria p\u00fablica","jetpack_publicize_feature_enabled":true,"jetpack_social_post_already_shared":true,"jetpack_social_options":{"image_generator_settings":{"template":"highway","default_image_id":0,"font":"","enabled":false},"version":2}},"categories":[11],"tags":[],"class_list":["entry","author-diario","post-51935","post","type-post","status-publish","format-standard","has-post-thumbnail","category-culturaeartes"],"yoast_head":"<!-- This site is optimized with the Yoast SEO plugin v27.4 - https:\/\/yoast.com\/product\/yoast-seo-wordpress\/ -->\n<title>Laudo da Pol\u00edcia Federal confirma autoria de Tiradentes em anota\u00e7\u00f5es do \u201cLivro de Tiradentes\u201d - Di\u00e1rio de Ouro Preto<\/title>\n<meta name=\"description\" content=\"Descoberta refor\u00e7a o valor documental do exemplar sob guarda do Museu da Inconfid\u00eancia e amplia a compreens\u00e3o sobre a participa\u00e7\u00e3o intelectual de Tiradentes na Inconfid\u00eancia Mineira, projetando novos desdobramentos para a pesquisa hist\u00f3rica e para a mem\u00f3ria p\u00fablica- Laudo da Pol\u00edcia Federal confirma autoria de Tiradentes em anota\u00e7\u00f5es do \u201cLivro de Tiradentes\u201d - Cultura, Artes e Patrim\u00f4nio\" \/>\n<meta name=\"robots\" content=\"index, follow, max-snippet:-1, max-image-preview:large, max-video-preview:-1\" \/>\n<link rel=\"canonical\" href=\"https:\/\/www.diariodeouropreto.com.br\/pt\/laudo-da-policia-federal-confirma-autoria-de-tiradentes-em-anotacoes-do-livro-de-tiradentes\/\" \/>\n<meta property=\"og:locale\" content=\"pt_PT\" \/>\n<meta property=\"og:type\" content=\"article\" \/>\n<meta property=\"og:title\" content=\"Laudo da Pol\u00edcia Federal confirma autoria de Tiradentes em anota\u00e7\u00f5es do \u201cLivro de Tiradentes\u201d - Di\u00e1rio de Ouro Preto\" \/>\n<meta property=\"og:description\" content=\"Descoberta refor\u00e7a o valor documental do exemplar sob guarda do Museu da Inconfid\u00eancia e amplia a compreens\u00e3o sobre a participa\u00e7\u00e3o intelectual de Tiradentes na Inconfid\u00eancia Mineira, projetando novos desdobramentos para a pesquisa hist\u00f3rica e para a mem\u00f3ria p\u00fablica- Laudo da Pol\u00edcia Federal confirma autoria de Tiradentes em anota\u00e7\u00f5es do \u201cLivro de Tiradentes\u201d - Cultura, Artes e Patrim\u00f4nio\" \/>\n<meta property=\"og:url\" content=\"https:\/\/www.diariodeouropreto.com.br\/pt\/laudo-da-policia-federal-confirma-autoria-de-tiradentes-em-anotacoes-do-livro-de-tiradentes\/\" \/>\n<meta property=\"og:site_name\" content=\"Di\u00e1rio de Ouro Preto\" \/>\n<meta property=\"article:publisher\" content=\"https:\/\/www.facebook.com\/diariodeouropreto\/\" \/>\n<meta property=\"article:published_time\" content=\"2026-04-25T13:00:00+00:00\" \/>\n<meta property=\"og:image\" content=\"https:\/\/www.diariodeouropreto.com.br\/wp-content\/uploads\/2026\/04\/WhatsApp-Image-\u00b4\u00b4-04-22-at-15.00.20.jpeg\" \/>\n\t<meta property=\"og:image:width\" content=\"918\" \/>\n\t<meta property=\"og:image:height\" content=\"800\" \/>\n\t<meta property=\"og:image:type\" content=\"image\/jpeg\" \/>\n<meta name=\"author\" content=\"Di\u00e1rio de Ouro Preto\" \/>\n<meta name=\"twitter:card\" content=\"summary_large_image\" \/>\n<meta name=\"twitter:label1\" content=\"Escrito por\" \/>\n\t<meta name=\"twitter:data1\" content=\"Di\u00e1rio de Ouro Preto\" \/>\n\t<meta name=\"twitter:label2\" content=\"Tempo estimado de leitura\" \/>\n\t<meta name=\"twitter:data2\" content=\"7 minutos\" \/>\n<script type=\"application\/ld+json\" class=\"yoast-schema-graph\">{\"@context\":\"https:\\\/\\\/schema.org\",\"@graph\":[{\"@type\":\"Article\",\"@id\":\"https:\\\/\\\/www.diariodeouropreto.com.br\\\/laudo-da-policia-federal-confirma-autoria-de-tiradentes-em-anotacoes-do-livro-de-tiradentes\\\/#article\",\"isPartOf\":{\"@id\":\"https:\\\/\\\/www.diariodeouropreto.com.br\\\/laudo-da-policia-federal-confirma-autoria-de-tiradentes-em-anotacoes-do-livro-de-tiradentes\\\/\"},\"author\":{\"name\":\"Di\u00e1rio de Ouro Preto\",\"@id\":\"https:\\\/\\\/www.diariodeouropreto.com.br\\\/pt\\\/#\\\/schema\\\/person\\\/7654e7b471204a6dab6dc0ce6e140c99\"},\"headline\":\"Laudo da Pol\u00edcia Federal confirma autoria de Tiradentes em anota\u00e7\u00f5es do \u201cLivro de Tiradentes\u201d\",\"datePublished\":\"2026-04-25T13:00:00+00:00\",\"mainEntityOfPage\":{\"@id\":\"https:\\\/\\\/www.diariodeouropreto.com.br\\\/laudo-da-policia-federal-confirma-autoria-de-tiradentes-em-anotacoes-do-livro-de-tiradentes\\\/\"},\"wordCount\":1375,\"publisher\":{\"@id\":\"https:\\\/\\\/www.diariodeouropreto.com.br\\\/pt\\\/#organization\"},\"image\":{\"@id\":\"https:\\\/\\\/www.diariodeouropreto.com.br\\\/laudo-da-policia-federal-confirma-autoria-de-tiradentes-em-anotacoes-do-livro-de-tiradentes\\\/#primaryimage\"},\"thumbnailUrl\":\"https:\\\/\\\/www.diariodeouropreto.com.br\\\/wp-content\\\/uploads\\\/2026\\\/04\\\/WhatsApp-Image-\u00b4\u00b4-04-22-at-15.00.20.jpeg\",\"articleSection\":[\"Cultura, Artes e Patrim\u00f4nio\"],\"inLanguage\":\"pt-PT\"},{\"@type\":\"WebPage\",\"@id\":\"https:\\\/\\\/www.diariodeouropreto.com.br\\\/laudo-da-policia-federal-confirma-autoria-de-tiradentes-em-anotacoes-do-livro-de-tiradentes\\\/\",\"url\":\"https:\\\/\\\/www.diariodeouropreto.com.br\\\/laudo-da-policia-federal-confirma-autoria-de-tiradentes-em-anotacoes-do-livro-de-tiradentes\\\/\",\"name\":\"Laudo da Pol\u00edcia Federal confirma autoria de Tiradentes em anota\u00e7\u00f5es do \u201cLivro de Tiradentes\u201d - Di\u00e1rio de Ouro Preto\",\"isPartOf\":{\"@id\":\"https:\\\/\\\/www.diariodeouropreto.com.br\\\/pt\\\/#website\"},\"primaryImageOfPage\":{\"@id\":\"https:\\\/\\\/www.diariodeouropreto.com.br\\\/laudo-da-policia-federal-confirma-autoria-de-tiradentes-em-anotacoes-do-livro-de-tiradentes\\\/#primaryimage\"},\"image\":{\"@id\":\"https:\\\/\\\/www.diariodeouropreto.com.br\\\/laudo-da-policia-federal-confirma-autoria-de-tiradentes-em-anotacoes-do-livro-de-tiradentes\\\/#primaryimage\"},\"thumbnailUrl\":\"https:\\\/\\\/www.diariodeouropreto.com.br\\\/wp-content\\\/uploads\\\/2026\\\/04\\\/WhatsApp-Image-\u00b4\u00b4-04-22-at-15.00.20.jpeg\",\"datePublished\":\"2026-04-25T13:00:00+00:00\",\"description\":\"Descoberta refor\u00e7a o valor documental do exemplar sob guarda do Museu da Inconfid\u00eancia e amplia a compreens\u00e3o sobre a participa\u00e7\u00e3o intelectual de Tiradentes na Inconfid\u00eancia Mineira, projetando novos desdobramentos para a pesquisa hist\u00f3rica e para a mem\u00f3ria p\u00fablica- Laudo da Pol\u00edcia Federal confirma autoria de Tiradentes em anota\u00e7\u00f5es do \u201cLivro de Tiradentes\u201d - Cultura, Artes e Patrim\u00f4nio\",\"breadcrumb\":{\"@id\":\"https:\\\/\\\/www.diariodeouropreto.com.br\\\/laudo-da-policia-federal-confirma-autoria-de-tiradentes-em-anotacoes-do-livro-de-tiradentes\\\/#breadcrumb\"},\"inLanguage\":\"pt-PT\",\"potentialAction\":[{\"@type\":\"ReadAction\",\"target\":[\"https:\\\/\\\/www.diariodeouropreto.com.br\\\/laudo-da-policia-federal-confirma-autoria-de-tiradentes-em-anotacoes-do-livro-de-tiradentes\\\/\"]}]},{\"@type\":\"ImageObject\",\"inLanguage\":\"pt-PT\",\"@id\":\"https:\\\/\\\/www.diariodeouropreto.com.br\\\/laudo-da-policia-federal-confirma-autoria-de-tiradentes-em-anotacoes-do-livro-de-tiradentes\\\/#primaryimage\",\"url\":\"https:\\\/\\\/www.diariodeouropreto.com.br\\\/wp-content\\\/uploads\\\/2026\\\/04\\\/WhatsApp-Image-\u00b4\u00b4-04-22-at-15.00.20.jpeg\",\"contentUrl\":\"https:\\\/\\\/www.diariodeouropreto.com.br\\\/wp-content\\\/uploads\\\/2026\\\/04\\\/WhatsApp-Image-\u00b4\u00b4-04-22-at-15.00.20.jpeg\",\"width\":918,\"height\":800},{\"@type\":\"BreadcrumbList\",\"@id\":\"https:\\\/\\\/www.diariodeouropreto.com.br\\\/laudo-da-policia-federal-confirma-autoria-de-tiradentes-em-anotacoes-do-livro-de-tiradentes\\\/#breadcrumb\",\"itemListElement\":[{\"@type\":\"ListItem\",\"position\":1,\"name\":\"In\u00edcio\",\"item\":\"https:\\\/\\\/www.diariodeouropreto.com.br\\\/pt\\\/\"},{\"@type\":\"ListItem\",\"position\":2,\"name\":\"Laudo da Pol\u00edcia Federal confirma autoria de Tiradentes em anota\u00e7\u00f5es do \u201cLivro de Tiradentes\u201d\"}]},{\"@type\":\"WebSite\",\"@id\":\"https:\\\/\\\/www.diariodeouropreto.com.br\\\/pt\\\/#website\",\"url\":\"https:\\\/\\\/www.diariodeouropreto.com.br\\\/pt\\\/\",\"name\":\"Di\u00e1rio de Ouro Preto\",\"description\":\"Not\u00edcias Ouro Preto; Mariana;Minas Gerais;Jornal;Jornalismo;Not\u00edcias;\",\"publisher\":{\"@id\":\"https:\\\/\\\/www.diariodeouropreto.com.br\\\/pt\\\/#organization\"},\"alternateName\":\"Jornal di\u00e1rio de Ouro Preto\",\"potentialAction\":[{\"@type\":\"SearchAction\",\"target\":{\"@type\":\"EntryPoint\",\"urlTemplate\":\"https:\\\/\\\/www.diariodeouropreto.com.br\\\/pt\\\/?s={search_term_string}\"},\"query-input\":{\"@type\":\"PropertyValueSpecification\",\"valueRequired\":true,\"valueName\":\"search_term_string\"}}],\"inLanguage\":\"pt-PT\"},{\"@type\":\"Organization\",\"@id\":\"https:\\\/\\\/www.diariodeouropreto.com.br\\\/pt\\\/#organization\",\"name\":\"Di\u00e1rio de Ouro Preto\",\"alternateName\":\"Jornal di\u00e1rio Ouro Preto\",\"url\":\"https:\\\/\\\/www.diariodeouropreto.com.br\\\/pt\\\/\",\"logo\":{\"@type\":\"ImageObject\",\"inLanguage\":\"pt-PT\",\"@id\":\"https:\\\/\\\/www.diariodeouropreto.com.br\\\/pt\\\/#\\\/schema\\\/logo\\\/image\\\/\",\"url\":\"https:\\\/\\\/www.diariodeouropreto.com.br\\\/wp-content\\\/uploads\\\/2019\\\/06\\\/cropped-logotransp-2.png\",\"contentUrl\":\"https:\\\/\\\/www.diariodeouropreto.com.br\\\/wp-content\\\/uploads\\\/2019\\\/06\\\/cropped-logotransp-2.png\",\"width\":1323,\"height\":251,\"caption\":\"Di\u00e1rio de Ouro Preto\"},\"image\":{\"@id\":\"https:\\\/\\\/www.diariodeouropreto.com.br\\\/pt\\\/#\\\/schema\\\/logo\\\/image\\\/\"},\"sameAs\":[\"https:\\\/\\\/www.facebook.com\\\/diariodeouropreto\\\/\"]},{\"@type\":\"Person\",\"@id\":\"https:\\\/\\\/www.diariodeouropreto.com.br\\\/pt\\\/#\\\/schema\\\/person\\\/7654e7b471204a6dab6dc0ce6e140c99\",\"name\":\"Di\u00e1rio de Ouro Preto\",\"sameAs\":[\"http:\\\/\\\/www.diariodeouropreto.com.br\"],\"url\":\"https:\\\/\\\/www.diariodeouropreto.com.br\\\/pt\\\/author\\\/diario\\\/\"}]}<\/script>\n<!-- \/ Yoast SEO plugin. -->","yoast_head_json":{"title":"Laudo da Pol\u00edcia Federal confirma autoria de Tiradentes em anota\u00e7\u00f5es do \u201cLivro de Tiradentes\u201d - Di\u00e1rio de Ouro Preto","description":"Descoberta refor\u00e7a o valor documental do exemplar sob guarda do Museu da Inconfid\u00eancia e amplia a compreens\u00e3o sobre a participa\u00e7\u00e3o intelectual de Tiradentes na Inconfid\u00eancia Mineira, projetando novos desdobramentos para a pesquisa hist\u00f3rica e para a mem\u00f3ria p\u00fablica- Laudo da Pol\u00edcia Federal confirma autoria de Tiradentes em anota\u00e7\u00f5es do \u201cLivro de Tiradentes\u201d - Cultura, Artes e Patrim\u00f4nio","robots":{"index":"index","follow":"follow","max-snippet":"max-snippet:-1","max-image-preview":"max-image-preview:large","max-video-preview":"max-video-preview:-1"},"canonical":"https:\/\/www.diariodeouropreto.com.br\/pt\/laudo-da-policia-federal-confirma-autoria-de-tiradentes-em-anotacoes-do-livro-de-tiradentes\/","og_locale":"pt_PT","og_type":"article","og_title":"Laudo da Pol\u00edcia Federal confirma autoria de Tiradentes em anota\u00e7\u00f5es do \u201cLivro de Tiradentes\u201d - Di\u00e1rio de Ouro Preto","og_description":"Descoberta refor\u00e7a o valor documental do exemplar sob guarda do Museu da Inconfid\u00eancia e amplia a compreens\u00e3o sobre a participa\u00e7\u00e3o intelectual de Tiradentes na Inconfid\u00eancia Mineira, projetando novos desdobramentos para a pesquisa hist\u00f3rica e para a mem\u00f3ria p\u00fablica- Laudo da Pol\u00edcia Federal confirma autoria de Tiradentes em anota\u00e7\u00f5es do \u201cLivro de Tiradentes\u201d - Cultura, Artes e Patrim\u00f4nio","og_url":"https:\/\/www.diariodeouropreto.com.br\/pt\/laudo-da-policia-federal-confirma-autoria-de-tiradentes-em-anotacoes-do-livro-de-tiradentes\/","og_site_name":"Di\u00e1rio de Ouro Preto","article_publisher":"https:\/\/www.facebook.com\/diariodeouropreto\/","article_published_time":"2026-04-25T13:00:00+00:00","og_image":[{"width":918,"height":800,"url":"https:\/\/www.diariodeouropreto.com.br\/wp-content\/uploads\/2026\/04\/WhatsApp-Image-\u00b4\u00b4-04-22-at-15.00.20.jpeg","type":"image\/jpeg"}],"author":"Di\u00e1rio de Ouro Preto","twitter_card":"summary_large_image","twitter_misc":{"Escrito por":"Di\u00e1rio de Ouro Preto","Tempo estimado de leitura":"7 minutos"},"schema":{"@context":"https:\/\/schema.org","@graph":[{"@type":"Article","@id":"https:\/\/www.diariodeouropreto.com.br\/laudo-da-policia-federal-confirma-autoria-de-tiradentes-em-anotacoes-do-livro-de-tiradentes\/#article","isPartOf":{"@id":"https:\/\/www.diariodeouropreto.com.br\/laudo-da-policia-federal-confirma-autoria-de-tiradentes-em-anotacoes-do-livro-de-tiradentes\/"},"author":{"name":"Di\u00e1rio de Ouro Preto","@id":"https:\/\/www.diariodeouropreto.com.br\/pt\/#\/schema\/person\/7654e7b471204a6dab6dc0ce6e140c99"},"headline":"Laudo da Pol\u00edcia Federal confirma autoria de Tiradentes em anota\u00e7\u00f5es do \u201cLivro de Tiradentes\u201d","datePublished":"2026-04-25T13:00:00+00:00","mainEntityOfPage":{"@id":"https:\/\/www.diariodeouropreto.com.br\/laudo-da-policia-federal-confirma-autoria-de-tiradentes-em-anotacoes-do-livro-de-tiradentes\/"},"wordCount":1375,"publisher":{"@id":"https:\/\/www.diariodeouropreto.com.br\/pt\/#organization"},"image":{"@id":"https:\/\/www.diariodeouropreto.com.br\/laudo-da-policia-federal-confirma-autoria-de-tiradentes-em-anotacoes-do-livro-de-tiradentes\/#primaryimage"},"thumbnailUrl":"https:\/\/www.diariodeouropreto.com.br\/wp-content\/uploads\/2026\/04\/WhatsApp-Image-\u00b4\u00b4-04-22-at-15.00.20.jpeg","articleSection":["Cultura, Artes e Patrim\u00f4nio"],"inLanguage":"pt-PT"},{"@type":"WebPage","@id":"https:\/\/www.diariodeouropreto.com.br\/laudo-da-policia-federal-confirma-autoria-de-tiradentes-em-anotacoes-do-livro-de-tiradentes\/","url":"https:\/\/www.diariodeouropreto.com.br\/laudo-da-policia-federal-confirma-autoria-de-tiradentes-em-anotacoes-do-livro-de-tiradentes\/","name":"Laudo da Pol\u00edcia Federal confirma autoria de Tiradentes em anota\u00e7\u00f5es do \u201cLivro de Tiradentes\u201d - Di\u00e1rio de Ouro Preto","isPartOf":{"@id":"https:\/\/www.diariodeouropreto.com.br\/pt\/#website"},"primaryImageOfPage":{"@id":"https:\/\/www.diariodeouropreto.com.br\/laudo-da-policia-federal-confirma-autoria-de-tiradentes-em-anotacoes-do-livro-de-tiradentes\/#primaryimage"},"image":{"@id":"https:\/\/www.diariodeouropreto.com.br\/laudo-da-policia-federal-confirma-autoria-de-tiradentes-em-anotacoes-do-livro-de-tiradentes\/#primaryimage"},"thumbnailUrl":"https:\/\/www.diariodeouropreto.com.br\/wp-content\/uploads\/2026\/04\/WhatsApp-Image-\u00b4\u00b4-04-22-at-15.00.20.jpeg","datePublished":"2026-04-25T13:00:00+00:00","description":"Descoberta refor\u00e7a o valor documental do exemplar sob guarda do Museu da Inconfid\u00eancia e amplia a compreens\u00e3o sobre a participa\u00e7\u00e3o intelectual de Tiradentes na Inconfid\u00eancia Mineira, projetando novos desdobramentos para a pesquisa hist\u00f3rica e para a mem\u00f3ria p\u00fablica- Laudo da Pol\u00edcia Federal confirma autoria de Tiradentes em anota\u00e7\u00f5es do \u201cLivro de Tiradentes\u201d - Cultura, Artes e Patrim\u00f4nio","breadcrumb":{"@id":"https:\/\/www.diariodeouropreto.com.br\/laudo-da-policia-federal-confirma-autoria-de-tiradentes-em-anotacoes-do-livro-de-tiradentes\/#breadcrumb"},"inLanguage":"pt-PT","potentialAction":[{"@type":"ReadAction","target":["https:\/\/www.diariodeouropreto.com.br\/laudo-da-policia-federal-confirma-autoria-de-tiradentes-em-anotacoes-do-livro-de-tiradentes\/"]}]},{"@type":"ImageObject","inLanguage":"pt-PT","@id":"https:\/\/www.diariodeouropreto.com.br\/laudo-da-policia-federal-confirma-autoria-de-tiradentes-em-anotacoes-do-livro-de-tiradentes\/#primaryimage","url":"https:\/\/www.diariodeouropreto.com.br\/wp-content\/uploads\/2026\/04\/WhatsApp-Image-\u00b4\u00b4-04-22-at-15.00.20.jpeg","contentUrl":"https:\/\/www.diariodeouropreto.com.br\/wp-content\/uploads\/2026\/04\/WhatsApp-Image-\u00b4\u00b4-04-22-at-15.00.20.jpeg","width":918,"height":800},{"@type":"BreadcrumbList","@id":"https:\/\/www.diariodeouropreto.com.br\/laudo-da-policia-federal-confirma-autoria-de-tiradentes-em-anotacoes-do-livro-de-tiradentes\/#breadcrumb","itemListElement":[{"@type":"ListItem","position":1,"name":"In\u00edcio","item":"https:\/\/www.diariodeouropreto.com.br\/pt\/"},{"@type":"ListItem","position":2,"name":"Laudo da Pol\u00edcia Federal confirma autoria de Tiradentes em anota\u00e7\u00f5es do \u201cLivro de Tiradentes\u201d"}]},{"@type":"WebSite","@id":"https:\/\/www.diariodeouropreto.com.br\/pt\/#website","url":"https:\/\/www.diariodeouropreto.com.br\/pt\/","name":"Di\u00e1rio de Ouro Preto","description":"Not\u00edcias Ouro Preto; Mariana;Minas Gerais;Jornal;Jornalismo;Not\u00edcias;","publisher":{"@id":"https:\/\/www.diariodeouropreto.com.br\/pt\/#organization"},"alternateName":"Jornal di\u00e1rio de Ouro Preto","potentialAction":[{"@type":"SearchAction","target":{"@type":"EntryPoint","urlTemplate":"https:\/\/www.diariodeouropreto.com.br\/pt\/?s={search_term_string}"},"query-input":{"@type":"PropertyValueSpecification","valueRequired":true,"valueName":"search_term_string"}}],"inLanguage":"pt-PT"},{"@type":"Organization","@id":"https:\/\/www.diariodeouropreto.com.br\/pt\/#organization","name":"Di\u00e1rio de Ouro Preto","alternateName":"Jornal di\u00e1rio Ouro Preto","url":"https:\/\/www.diariodeouropreto.com.br\/pt\/","logo":{"@type":"ImageObject","inLanguage":"pt-PT","@id":"https:\/\/www.diariodeouropreto.com.br\/pt\/#\/schema\/logo\/image\/","url":"https:\/\/www.diariodeouropreto.com.br\/wp-content\/uploads\/2019\/06\/cropped-logotransp-2.png","contentUrl":"https:\/\/www.diariodeouropreto.com.br\/wp-content\/uploads\/2019\/06\/cropped-logotransp-2.png","width":1323,"height":251,"caption":"Di\u00e1rio de Ouro Preto"},"image":{"@id":"https:\/\/www.diariodeouropreto.com.br\/pt\/#\/schema\/logo\/image\/"},"sameAs":["https:\/\/www.facebook.com\/diariodeouropreto\/"]},{"@type":"Person","@id":"https:\/\/www.diariodeouropreto.com.br\/pt\/#\/schema\/person\/7654e7b471204a6dab6dc0ce6e140c99","name":"Di\u00e1rio de Ouro Preto","sameAs":["http:\/\/www.diariodeouropreto.com.br"],"url":"https:\/\/www.diariodeouropreto.com.br\/pt\/author\/diario\/"}]}},"jetpack_publicize_connections":[],"jetpack_featured_media_url":"https:\/\/www.diariodeouropreto.com.br\/wp-content\/uploads\/2026\/04\/WhatsApp-Image-\u00b4\u00b4-04-22-at-15.00.20.jpeg","jetpack-related-posts":[{"id":51903,"url":"https:\/\/www.diariodeouropreto.com.br\/pt\/museu-da-inconfidencia-e-elevado-ao-status-de-museu-nacional\/","url_meta":{"origin":51935,"position":0},"title":"Museu da Inconfid\u00eancia \u00e9 elevado ao status de Museu Nacional","author":"Di\u00e1rio de Ouro Preto","date":"25 de Abril de 2026","format":false,"excerpt":"O Museu da Inconfid\u00eancia recebe a honraria de ser elevado \u00e0 categoria de Museu Nacional, tornando-se a primeira institui\u00e7\u00e3o museol\u00f3gica do interior do Brasil a receber tal distin\u00e7\u00e3o. O an\u00fancio oficial ocorreu durante as celebra\u00e7\u00f5es c\u00edvicas de 21 de abril e marca um avan\u00e7o hist\u00f3rico para a gest\u00e3o do patrim\u00f4nio\u2026","rel":"","context":"In &quot;Cultura, Artes e Patrim\u00f4nio&quot;","block_context":{"text":"Cultura, Artes e Patrim\u00f4nio","link":"https:\/\/www.diariodeouropreto.com.br\/pt\/Editoria\/culturaeartes\/"},"img":{"alt_text":"","src":"https:\/\/i0.wp.com\/www.diariodeouropreto.com.br\/wp-content\/uploads\/2026\/04\/c2c740c472b1c0325969c43150676a7e.jpg?resize=350%2C200&ssl=1","width":350,"height":200,"srcset":"https:\/\/i0.wp.com\/www.diariodeouropreto.com.br\/wp-content\/uploads\/2026\/04\/c2c740c472b1c0325969c43150676a7e.jpg?resize=350%2C200&ssl=1 1x, https:\/\/i0.wp.com\/www.diariodeouropreto.com.br\/wp-content\/uploads\/2026\/04\/c2c740c472b1c0325969c43150676a7e.jpg?resize=525%2C300&ssl=1 1.5x, https:\/\/i0.wp.com\/www.diariodeouropreto.com.br\/wp-content\/uploads\/2026\/04\/c2c740c472b1c0325969c43150676a7e.jpg?resize=700%2C400&ssl=1 2x"},"classes":[]},{"id":7745,"url":"https:\/\/www.diariodeouropreto.com.br\/pt\/governo-de-minas-realiza-homenagem-simbolica-pelo-21-de-abril\/","url_meta":{"origin":51935,"position":1},"title":"Governo de Minas realiza homenagem simb\u00f3lica pelo 21 de abril","author":"Di\u00e1rio de Ouro Preto","date":"20 de Abril de 2021","format":false,"excerpt":"Ouro Preto - O\u00a0 Governo de Minas realiza amanh\u00e3 (21\/4), homenagem ao Dia de Tiradentes, m\u00e1rtir da Inconfid\u00eancia Mineira. Assim como no ano passado, devido \u00e0 pandemia, n\u00e3o haver\u00e1 cerim\u00f4nia de entrega da Medalha da Inconfid\u00eancia. O ato simb\u00f3lico na Pra\u00e7a Tiradentes ter\u00e1 in\u00edcio \u00e0s 7h e ser\u00e1 sem a\u2026","rel":"","context":"In &quot;Ouro Preto&quot;","block_context":{"text":"Ouro Preto","link":"https:\/\/www.diariodeouropreto.com.br\/pt\/Editoria\/ouro-preto\/"},"img":{"alt_text":"","src":"https:\/\/i0.wp.com\/www.diariodeouropreto.com.br\/wp-content\/uploads\/2021\/04\/P1480097.jpg?resize=350%2C200&ssl=1","width":350,"height":200,"srcset":"https:\/\/i0.wp.com\/www.diariodeouropreto.com.br\/wp-content\/uploads\/2021\/04\/P1480097.jpg?resize=350%2C200&ssl=1 1x, https:\/\/i0.wp.com\/www.diariodeouropreto.com.br\/wp-content\/uploads\/2021\/04\/P1480097.jpg?resize=525%2C300&ssl=1 1.5x"},"classes":[]},{"id":22377,"url":"https:\/\/www.diariodeouropreto.com.br\/pt\/semana-da-inconfidencia-tera-programacao-cultural-em-ouro-preto-e-tiradentes\/","url_meta":{"origin":51935,"position":2},"title":"Semana da Inconfid\u00eancia ter\u00e1 programa\u00e7\u00e3o cultural em Ouro Preto e Tiradentes","author":"Di\u00e1rio de Ouro Preto","date":"12 de Abril de 2023","format":false,"excerpt":"As cidades de Ouro Preto e Tiradentes ser\u00e3o sede de programa\u00e7\u00e3o cultural que marca a estreia da Semana da Inconfid\u00eancia, entre os dias 14 e 23\/4, com o slogan \u201cA Liberdade Mora em Minas\u201d.\u00a0 In\u00e9dito, o projeto \u00e9 realizado pelo\u00a0Governo de Minas, por meio da\u00a0Secretaria de Estado de Cultura e\u2026","rel":"","context":"In &quot;Ouro Preto&quot;","block_context":{"text":"Ouro Preto","link":"https:\/\/www.diariodeouropreto.com.br\/pt\/Editoria\/ouro-preto\/"},"img":{"alt_text":"","src":"https:\/\/i0.wp.com\/www.diariodeouropreto.com.br\/wp-content\/uploads\/2023\/04\/Semana_da_inconfidencia_-04_cortada.jpg?resize=350%2C200&ssl=1","width":350,"height":200,"srcset":"https:\/\/i0.wp.com\/www.diariodeouropreto.com.br\/wp-content\/uploads\/2023\/04\/Semana_da_inconfidencia_-04_cortada.jpg?resize=350%2C200&ssl=1 1x, https:\/\/i0.wp.com\/www.diariodeouropreto.com.br\/wp-content\/uploads\/2023\/04\/Semana_da_inconfidencia_-04_cortada.jpg?resize=525%2C300&ssl=1 1.5x, https:\/\/i0.wp.com\/www.diariodeouropreto.com.br\/wp-content\/uploads\/2023\/04\/Semana_da_inconfidencia_-04_cortada.jpg?resize=700%2C400&ssl=1 2x, https:\/\/i0.wp.com\/www.diariodeouropreto.com.br\/wp-content\/uploads\/2023\/04\/Semana_da_inconfidencia_-04_cortada.jpg?resize=1050%2C600&ssl=1 3x"},"classes":[]},{"id":46656,"url":"https:\/\/www.diariodeouropreto.com.br\/pt\/ministerio-publico-salvou-o-museu-da-inconfidencia-diz-diretor-em-cerimonia-de-reabertura-do-espaco-cultural-em-ouro-preto\/","url_meta":{"origin":51935,"position":3},"title":"Minist\u00e9rio P\u00fablico salvou o Museu da Inconfid\u00eancia, diz diretor em cerim\u00f4nia de reabertura do espa\u00e7o cultural, em Ouro Preto","author":"Di\u00e1rio de Ouro Preto","date":"31 de Julho de 2025","format":false,"excerpt":"Interven\u00e7\u00f5es contribuir\u00e3o para proteger a estrutura da edifica\u00e7\u00e3o, valorizar o monumento e preservar a mem\u00f3ria, garantindo a salvaguarda de um relevante acervo museol\u00f3gico do pa\u00eds e proporcionando o acesso seguro da popula\u00e7\u00e3o ao museu Ap\u00f3s seis meses fechado por conta de obras est\u00e9ticas e estruturais, o Museu da Inconfid\u00eancia, que\u2026","rel":"","context":"In &quot;Cultura, Artes e Patrim\u00f4nio&quot;","block_context":{"text":"Cultura, Artes e Patrim\u00f4nio","link":"https:\/\/www.diariodeouropreto.com.br\/pt\/Editoria\/culturaeartes\/"},"img":{"alt_text":"","src":"https:\/\/i0.wp.com\/www.diariodeouropreto.com.br\/wp-content\/uploads\/2025\/07\/54689620231_7f71a7df70_k.jpg?resize=350%2C200&ssl=1","width":350,"height":200,"srcset":"https:\/\/i0.wp.com\/www.diariodeouropreto.com.br\/wp-content\/uploads\/2025\/07\/54689620231_7f71a7df70_k.jpg?resize=350%2C200&ssl=1 1x, https:\/\/i0.wp.com\/www.diariodeouropreto.com.br\/wp-content\/uploads\/2025\/07\/54689620231_7f71a7df70_k.jpg?resize=525%2C300&ssl=1 1.5x, https:\/\/i0.wp.com\/www.diariodeouropreto.com.br\/wp-content\/uploads\/2025\/07\/54689620231_7f71a7df70_k.jpg?resize=700%2C400&ssl=1 2x, https:\/\/i0.wp.com\/www.diariodeouropreto.com.br\/wp-content\/uploads\/2025\/07\/54689620231_7f71a7df70_k.jpg?resize=1050%2C600&ssl=1 3x"},"classes":[]},{"id":43869,"url":"https:\/\/www.diariodeouropreto.com.br\/pt\/semana-da-inconfidencia-em-conexoes-2025-promove-intensaprogramacao-cultural-com-moradores-e-visitantes-de-ouro-preto\/","url_meta":{"origin":51935,"position":4},"title":"\u201cSemana da Inconfid\u00eancia em Conex\u00f5es 2025\u201d promove intensaprograma\u00e7\u00e3o cultural com moradores e visitantes de Ouro Preto","author":"Di\u00e1rio de Ouro Preto","date":"17 de Abril de 2025","format":false,"excerpt":"Uma jornada de sete dias celebra os valores da liberdade e da mineiridade por meio da arte, da cultura popular e da abordagem de novos territ\u00f3rios criativos da cidade De 21 a 27 de abril de 2025, Ouro Preto, Tiradentes e Rit\u00e1polis se conectam para celebrar a Semana da Inconfid\u00eancia,\u2026","rel":"","context":"In &quot;Cultura, Artes e Patrim\u00f4nio&quot;","block_context":{"text":"Cultura, Artes e Patrim\u00f4nio","link":"https:\/\/www.diariodeouropreto.com.br\/pt\/Editoria\/culturaeartes\/"},"img":{"alt_text":"","src":"https:\/\/i0.wp.com\/www.diariodeouropreto.com.br\/wp-content\/uploads\/2025\/04\/21-Semana-da-Inconfidencia_Credito-Luciano-Almeida-013.jpg?resize=350%2C200&ssl=1","width":350,"height":200,"srcset":"https:\/\/i0.wp.com\/www.diariodeouropreto.com.br\/wp-content\/uploads\/2025\/04\/21-Semana-da-Inconfidencia_Credito-Luciano-Almeida-013.jpg?resize=350%2C200&ssl=1 1x, https:\/\/i0.wp.com\/www.diariodeouropreto.com.br\/wp-content\/uploads\/2025\/04\/21-Semana-da-Inconfidencia_Credito-Luciano-Almeida-013.jpg?resize=525%2C300&ssl=1 1.5x, https:\/\/i0.wp.com\/www.diariodeouropreto.com.br\/wp-content\/uploads\/2025\/04\/21-Semana-da-Inconfidencia_Credito-Luciano-Almeida-013.jpg?resize=700%2C400&ssl=1 2x, https:\/\/i0.wp.com\/www.diariodeouropreto.com.br\/wp-content\/uploads\/2025\/04\/21-Semana-da-Inconfidencia_Credito-Luciano-Almeida-013.jpg?resize=1050%2C600&ssl=1 3x"},"classes":[]},{"id":36575,"url":"https:\/\/www.diariodeouropreto.com.br\/pt\/museu-da-inconfidencia-comemora-80-anos-com-mostra-de-arte-contemporanea\/","url_meta":{"origin":51935,"position":5},"title":"Museu da Inconfid\u00eancia comemora 80 anos com mostra de arte contempor\u00e2nea","author":"Di\u00e1rio de Ouro Preto","date":"3 de Agosto de 2024","format":false,"excerpt":"Como parte das atividades em comemora\u00e7\u00e3o aos 80 anos do Museu da Inconfid\u00eancia - celebrados em 11 de agosto - a exposi\u00e7\u00e3o \u201cRefunda\u00e7\u00e3o\u201d ser\u00e1 inaugurada no dia 10 de agosto, \u00e0s 16h, com acesso gratuito aos visitantes e moradores de Ouro Preto. A exposi\u00e7\u00e3o - concebida colaborativamente entre artistas, curadores\u2026","rel":"","context":"In &quot;Cultura, Artes e Patrim\u00f4nio&quot;","block_context":{"text":"Cultura, Artes e Patrim\u00f4nio","link":"https:\/\/www.diariodeouropreto.com.br\/pt\/Editoria\/culturaeartes\/"},"img":{"alt_text":"","src":"https:\/\/i0.wp.com\/www.diariodeouropreto.com.br\/wp-content\/uploads\/2024\/08\/IMG_7678.jpg?resize=350%2C200&ssl=1","width":350,"height":200,"srcset":"https:\/\/i0.wp.com\/www.diariodeouropreto.com.br\/wp-content\/uploads\/2024\/08\/IMG_7678.jpg?resize=350%2C200&ssl=1 1x, https:\/\/i0.wp.com\/www.diariodeouropreto.com.br\/wp-content\/uploads\/2024\/08\/IMG_7678.jpg?resize=525%2C300&ssl=1 1.5x, https:\/\/i0.wp.com\/www.diariodeouropreto.com.br\/wp-content\/uploads\/2024\/08\/IMG_7678.jpg?resize=700%2C400&ssl=1 2x, https:\/\/i0.wp.com\/www.diariodeouropreto.com.br\/wp-content\/uploads\/2024\/08\/IMG_7678.jpg?resize=1050%2C600&ssl=1 3x"},"classes":[]}],"jetpack_sharing_enabled":true,"amp_enabled":true,"_links":{"self":[{"href":"https:\/\/www.diariodeouropreto.com.br\/pt\/wp-json\/wp\/v2\/posts\/51935","targetHints":{"allow":["GET"]}}],"collection":[{"href":"https:\/\/www.diariodeouropreto.com.br\/pt\/wp-json\/wp\/v2\/posts"}],"about":[{"href":"https:\/\/www.diariodeouropreto.com.br\/pt\/wp-json\/wp\/v2\/types\/post"}],"author":[{"embeddable":true,"href":"https:\/\/www.diariodeouropreto.com.br\/pt\/wp-json\/wp\/v2\/users\/1"}],"replies":[{"embeddable":true,"href":"https:\/\/www.diariodeouropreto.com.br\/pt\/wp-json\/wp\/v2\/comments?post=51935"}],"version-history":[{"count":1,"href":"https:\/\/www.diariodeouropreto.com.br\/pt\/wp-json\/wp\/v2\/posts\/51935\/revisions"}],"predecessor-version":[{"id":51939,"href":"https:\/\/www.diariodeouropreto.com.br\/pt\/wp-json\/wp\/v2\/posts\/51935\/revisions\/51939"}],"wp:featuredmedia":[{"embeddable":true,"href":"https:\/\/www.diariodeouropreto.com.br\/pt\/wp-json\/wp\/v2\/media\/51938"}],"wp:attachment":[{"href":"https:\/\/www.diariodeouropreto.com.br\/pt\/wp-json\/wp\/v2\/media?parent=51935"}],"wp:term":[{"taxonomy":"category","embeddable":true,"href":"https:\/\/www.diariodeouropreto.com.br\/pt\/wp-json\/wp\/v2\/categories?post=51935"},{"taxonomy":"post_tag","embeddable":true,"href":"https:\/\/www.diariodeouropreto.com.br\/pt\/wp-json\/wp\/v2\/tags?post=51935"}],"curies":[{"name":"wp","href":"https:\/\/api.w.org\/{rel}","templated":true}]}}