{"id":51903,"date":"2026-04-25T09:00:00","date_gmt":"2026-04-25T12:00:00","guid":{"rendered":"https:\/\/www.diariodeouropreto.com.br\/?p=51903"},"modified":"2026-04-24T11:22:53","modified_gmt":"2026-04-24T14:22:53","slug":"museu-da-inconfidencia-e-elevado-ao-status-de-museu-nacional","status":"publish","type":"post","link":"https:\/\/www.diariodeouropreto.com.br\/pt\/museu-da-inconfidencia-e-elevado-ao-status-de-museu-nacional\/","title":{"rendered":"Museu da Inconfid\u00eancia \u00e9 elevado ao status de Museu Nacional"},"content":{"rendered":"<p>O Museu da Inconfid\u00eancia recebe a honraria de ser elevado \u00e0 categoria de Museu Nacional, tornando-se a primeira institui\u00e7\u00e3o museol\u00f3gica do interior do Brasil a receber tal distin\u00e7\u00e3o. O an\u00fancio oficial ocorreu durante as celebra\u00e7\u00f5es c\u00edvicas de 21 de abril e marca um avan\u00e7o hist\u00f3rico para a gest\u00e3o do patrim\u00f4nio cultural de nossa cidade. Atualmente vinculado ao Instituto Brasileiro de Museus (Ibram), o museu passar\u00e1 a figurar no mesmo patamar administrativo e simb\u00f3lico de grandes \u00edcones nacionais situados exclusivamente no Rio de Janeiro e em Bras\u00edlia, reconhecendo a relev\u00e2ncia da cidade como n\u00facleo de forma\u00e7\u00e3o da identidade pol\u00edtica brasileira.<\/p>\n\n\n\n<p>A mudan\u00e7a institucional ocorre em um momento de valoriza\u00e7\u00e3o t\u00e9cnica do acervo, impulsionada pela confirma\u00e7\u00e3o de que anota\u00e7\u00f5es manuscritas presentes em uma das obras mais raras da institui\u00e7\u00e3o pertencem efetivamente a Joaquim Jos\u00e9 da Silva Xavier. Um laudo pericial da Pol\u00edcia Federal atestou a autoria de Tiradentes em coment\u00e1rios registrados em um exemplar franc\u00eas que re\u00fane as leis constituintes das col\u00f4nias inglesas na Am\u00e9rica do Norte. A descoberta cient\u00edfica \u00e9 considerada um marco para a historiografia nacional, pois comprova o engajamento intelectual do m\u00e1rtir da Inconfid\u00eancia no estudo de ide\u00e1rios republicanos, contestando vis\u00f5es que historicamente limitavam sua participa\u00e7\u00e3o no movimento apenas \u00e0 difus\u00e3o de ideias elaboradas por elites acad\u00eamicas.<\/p>\n\n\n\n<p>A Prefeitura Municipal de Ouro Preto entende que a nacionaliza\u00e7\u00e3o do museu projeta a cidade de forma estrat\u00e9gica no cen\u00e1rio do turismo e da educa\u00e7\u00e3o. Com uma m\u00e9dia anual de 350 mil visitantes, dos quais cerca de 100 mil s\u00e3o estudantes, o espa\u00e7o consolidado no edif\u00edcio da antiga Casa de C\u00e2mara e Cadeia de Vila Rica torna-se um polo ainda mais robusto para a capta\u00e7\u00e3o de investimentos federais, projetos de conserva\u00e7\u00e3o e amplia\u00e7\u00e3o de exposi\u00e7\u00f5es. O novo t\u00edtulo ratifica a responsabilidade da cidade em zelar por um patrim\u00f4nio que abriga quase 6 mil itens, incluindo obras fundamentais de Aleijadinho e Mestre Ata\u00edde, al\u00e9m do Pante\u00e3o dos Inconfidentes.<\/p>\n\n\n\n<div id=\"110712\" class=\"advads-saneouro advads-entity-placement\" style=\"margin-left: auto;margin-right: auto;text-align: center;\"><a href=\"https:\/\/www.saneouro.com.br\/\" target=\"_blank\" aria-label=\"DOP_Site\" data-wpel-link=\"external\" rel=\"follow external noopener noreferrer sponsored ugc\"><img src=\"https:\/\/www.diariodeouropreto.com.br\/wp-content\/uploads\/2026\/04\/DOP_Site.jpg\" alt=\"\"  srcset=\"https:\/\/www.diariodeouropreto.com.br\/wp-content\/uploads\/2026\/04\/DOP_Site.jpg 301w, https:\/\/www.diariodeouropreto.com.br\/wp-content\/uploads\/2026\/04\/DOP_Site-180x150.jpg 180w, https:\/\/www.diariodeouropreto.com.br\/wp-content\/uploads\/2026\/04\/DOP_Site-14x12.jpg 14w\" sizes=\"(max-width: 301px) 100vw, 301px\" width=\"301\" height=\"251\"  style=\"display: inline-block;\" \/><\/a><\/div><p>Consolidado esse novo status, amplia-se o compromisso de Ouro Preto com a preserva\u00e7\u00e3o e a difus\u00e3o da hist\u00f3ria nacional de maneira respons\u00e1vel e contempor\u00e2nea. Integrado ao seleto grupo de museus nacionais, o Museu da Inconfid\u00eancia ganha f\u00f4lego para atualizar suas narrativas e intensificar pesquisas sobre o s\u00e9culo XVIII mineiro. Essa transi\u00e7\u00e3o deve simbolizar o reconhecimento de que a mem\u00f3ria brasileira \u00e9 preservada com rigor t\u00e9cnico no interior de Minas Gerais, reafirmando Ouro Preto como um guardi\u00e3o aut\u00eantico dos ideais de liberdade que fundamentam nosso pa\u00eds.<\/p>\n\n\n\n<div id=\"50321\" class=\"advads-plantao advads-entity-placement\"><a href=\"https:\/\/www.diariodeouropreto.com.br\/pt\/\" target=\"_blank\" aria-label=\"site &#8211; noticia\" data-wpel-link=\"external\" rel=\"follow external noopener noreferrer sponsored ugc\"><img src=\"https:\/\/www.diariodeouropreto.com.br\/wp-content\/uploads\/2019\/09\/titulosite2-e1616373489755.jpg\" alt=\"\"  srcset=\"https:\/\/www.diariodeouropreto.com.br\/wp-content\/uploads\/2019\/09\/titulosite2-e1616373489755.jpg 1200w, https:\/\/www.diariodeouropreto.com.br\/wp-content\/uploads\/2019\/09\/titulosite2-e1616373489755-150x38.jpg 150w, https:\/\/www.diariodeouropreto.com.br\/wp-content\/uploads\/2019\/09\/titulosite2-e1616373489755-660x167.jpg 660w, https:\/\/www.diariodeouropreto.com.br\/wp-content\/uploads\/2019\/09\/titulosite2-e1616373489755-768x194.jpg 768w, https:\/\/www.diariodeouropreto.com.br\/wp-content\/uploads\/2019\/09\/titulosite2-e1616373489755-1000x252.jpg 1000w, https:\/\/www.diariodeouropreto.com.br\/wp-content\/uploads\/2019\/09\/titulosite2-e1616373489755-1536x388.jpg 1536w, https:\/\/www.diariodeouropreto.com.br\/wp-content\/uploads\/2019\/09\/titulosite2-e1616373489755-2048x517.jpg 2048w\" sizes=\"(max-width: 1200px) 100vw, 1200px\" width=\"1200\" height=\"303\"  style=\"display: inline-block;\" \/><\/a><\/div><p>Por Bruno Willens &#8211; Assessoria Prefeitura de Ouro Preto<\/p>","protected":false},"excerpt":{"rendered":"<p>O Museu da Inconfid\u00eancia recebe a honraria de ser elevado \u00e0 categoria de Museu Nacional, tornando-se a primeira institui\u00e7\u00e3o museol\u00f3gica do interior do Brasil a receber tal distin\u00e7\u00e3o. O an\u00fancio oficial ocorreu durante as celebra\u00e7\u00f5es c\u00edvicas de 21 de abril e marca um avan\u00e7o hist\u00f3rico para a gest\u00e3o do patrim\u00f4nio<span class=\"more-link\"><a href=\"https:\/\/www.diariodeouropreto.com.br\/pt\/museu-da-inconfidencia-e-elevado-ao-status-de-museu-nacional\/\" data-wpel-link=\"internal\">Continue Lendo<\/a><\/span><\/p>","protected":false},"author":1,"featured_media":51905,"comment_status":"closed","ping_status":"closed","sticky":false,"template":"","format":"standard","meta":{"_jetpack_memberships_contains_paid_content":false,"footnotes":"","jetpack_publicize_message":"Atualmente vinculado ao Instituto Brasileiro de Museus (Ibram), o museu passar\u00e1 a figurar no mesmo patamar administrativo e simb\u00f3lico de grandes \u00edcones nacionais situados exclusivamente no Rio de Janeiro e em Bras\u00edlia, reconhecendo a relev\u00e2ncia da cidade como n\u00facleo de forma\u00e7\u00e3o da identidade pol\u00edtica brasileira","jetpack_publicize_feature_enabled":true,"jetpack_social_post_already_shared":true,"jetpack_social_options":{"image_generator_settings":{"template":"highway","default_image_id":0,"font":"","enabled":false},"version":2}},"categories":[11],"tags":[],"class_list":["entry","author-diario","post-51903","post","type-post","status-publish","format-standard","has-post-thumbnail","category-culturaeartes"],"yoast_head":"<!-- This site is optimized with the Yoast SEO plugin v27.4 - https:\/\/yoast.com\/product\/yoast-seo-wordpress\/ -->\n<title>Museu da Inconfid\u00eancia \u00e9 elevado ao status de Museu Nacional - Di\u00e1rio de Ouro Preto<\/title>\n<meta name=\"description\" content=\"Atualmente vinculado ao Instituto Brasileiro de Museus (Ibram), o museu passar\u00e1 a figurar no mesmo patamar administrativo e simb\u00f3lico de grandes \u00edcones nacionais situados exclusivamente no Rio de Janeiro e em Bras\u00edlia, reconhecendo a relev\u00e2ncia da cidade como n\u00facleo de forma\u00e7\u00e3o da identidade pol\u00edtica brasileira- Museu da Inconfid\u00eancia \u00e9 elevado ao status de Museu Nacional - Cultura, Artes e Patrim\u00f4nio\" \/>\n<meta name=\"robots\" content=\"index, follow, max-snippet:-1, max-image-preview:large, max-video-preview:-1\" \/>\n<link rel=\"canonical\" href=\"https:\/\/www.diariodeouropreto.com.br\/pt\/museu-da-inconfidencia-e-elevado-ao-status-de-museu-nacional\/\" \/>\n<meta property=\"og:locale\" content=\"pt_PT\" \/>\n<meta property=\"og:type\" content=\"article\" \/>\n<meta property=\"og:title\" content=\"Museu da Inconfid\u00eancia \u00e9 elevado ao status de Museu Nacional - Di\u00e1rio de Ouro Preto\" \/>\n<meta property=\"og:description\" content=\"Atualmente vinculado ao Instituto Brasileiro de Museus (Ibram), o museu passar\u00e1 a figurar no mesmo patamar administrativo e simb\u00f3lico de grandes \u00edcones nacionais situados exclusivamente no Rio de Janeiro e em Bras\u00edlia, reconhecendo a relev\u00e2ncia da cidade como n\u00facleo de forma\u00e7\u00e3o da identidade pol\u00edtica brasileira- Museu da Inconfid\u00eancia \u00e9 elevado ao status de Museu Nacional - Cultura, Artes e Patrim\u00f4nio\" \/>\n<meta property=\"og:url\" content=\"https:\/\/www.diariodeouropreto.com.br\/pt\/museu-da-inconfidencia-e-elevado-ao-status-de-museu-nacional\/\" \/>\n<meta property=\"og:site_name\" content=\"Di\u00e1rio de Ouro Preto\" \/>\n<meta property=\"article:publisher\" content=\"https:\/\/www.facebook.com\/diariodeouropreto\/\" \/>\n<meta property=\"article:published_time\" content=\"2026-04-25T12:00:00+00:00\" \/>\n<meta property=\"og:image\" content=\"https:\/\/www.diariodeouropreto.com.br\/wp-content\/uploads\/2026\/04\/c2c740c472b1c0325969c43150676a7e.jpg\" \/>\n\t<meta property=\"og:image:width\" content=\"1008\" \/>\n\t<meta property=\"og:image:height\" content=\"800\" \/>\n\t<meta property=\"og:image:type\" content=\"image\/jpeg\" \/>\n<meta name=\"author\" content=\"Di\u00e1rio de Ouro Preto\" \/>\n<meta name=\"twitter:card\" content=\"summary_large_image\" \/>\n<meta name=\"twitter:label1\" content=\"Escrito por\" \/>\n\t<meta name=\"twitter:data1\" content=\"Di\u00e1rio de Ouro Preto\" \/>\n\t<meta name=\"twitter:label2\" content=\"Tempo estimado de leitura\" \/>\n\t<meta name=\"twitter:data2\" content=\"3 minutos\" \/>\n<script type=\"application\/ld+json\" class=\"yoast-schema-graph\">{\"@context\":\"https:\\\/\\\/schema.org\",\"@graph\":[{\"@type\":\"Article\",\"@id\":\"https:\\\/\\\/www.diariodeouropreto.com.br\\\/museu-da-inconfidencia-e-elevado-ao-status-de-museu-nacional\\\/#article\",\"isPartOf\":{\"@id\":\"https:\\\/\\\/www.diariodeouropreto.com.br\\\/museu-da-inconfidencia-e-elevado-ao-status-de-museu-nacional\\\/\"},\"author\":{\"name\":\"Di\u00e1rio de Ouro Preto\",\"@id\":\"https:\\\/\\\/www.diariodeouropreto.com.br\\\/pt\\\/#\\\/schema\\\/person\\\/7654e7b471204a6dab6dc0ce6e140c99\"},\"headline\":\"Museu da Inconfid\u00eancia \u00e9 elevado ao status de Museu Nacional\",\"datePublished\":\"2026-04-25T12:00:00+00:00\",\"mainEntityOfPage\":{\"@id\":\"https:\\\/\\\/www.diariodeouropreto.com.br\\\/museu-da-inconfidencia-e-elevado-ao-status-de-museu-nacional\\\/\"},\"wordCount\":480,\"publisher\":{\"@id\":\"https:\\\/\\\/www.diariodeouropreto.com.br\\\/pt\\\/#organization\"},\"image\":{\"@id\":\"https:\\\/\\\/www.diariodeouropreto.com.br\\\/museu-da-inconfidencia-e-elevado-ao-status-de-museu-nacional\\\/#primaryimage\"},\"thumbnailUrl\":\"https:\\\/\\\/www.diariodeouropreto.com.br\\\/wp-content\\\/uploads\\\/2026\\\/04\\\/c2c740c472b1c0325969c43150676a7e.jpg\",\"articleSection\":[\"Cultura, Artes e Patrim\u00f4nio\"],\"inLanguage\":\"pt-PT\"},{\"@type\":\"WebPage\",\"@id\":\"https:\\\/\\\/www.diariodeouropreto.com.br\\\/museu-da-inconfidencia-e-elevado-ao-status-de-museu-nacional\\\/\",\"url\":\"https:\\\/\\\/www.diariodeouropreto.com.br\\\/museu-da-inconfidencia-e-elevado-ao-status-de-museu-nacional\\\/\",\"name\":\"Museu da Inconfid\u00eancia \u00e9 elevado ao status de Museu Nacional - Di\u00e1rio de Ouro Preto\",\"isPartOf\":{\"@id\":\"https:\\\/\\\/www.diariodeouropreto.com.br\\\/pt\\\/#website\"},\"primaryImageOfPage\":{\"@id\":\"https:\\\/\\\/www.diariodeouropreto.com.br\\\/museu-da-inconfidencia-e-elevado-ao-status-de-museu-nacional\\\/#primaryimage\"},\"image\":{\"@id\":\"https:\\\/\\\/www.diariodeouropreto.com.br\\\/museu-da-inconfidencia-e-elevado-ao-status-de-museu-nacional\\\/#primaryimage\"},\"thumbnailUrl\":\"https:\\\/\\\/www.diariodeouropreto.com.br\\\/wp-content\\\/uploads\\\/2026\\\/04\\\/c2c740c472b1c0325969c43150676a7e.jpg\",\"datePublished\":\"2026-04-25T12:00:00+00:00\",\"description\":\"Atualmente vinculado ao Instituto Brasileiro de Museus (Ibram), o museu passar\u00e1 a figurar no mesmo patamar administrativo e simb\u00f3lico de grandes \u00edcones nacionais situados exclusivamente no Rio de Janeiro e em Bras\u00edlia, reconhecendo a relev\u00e2ncia da cidade como n\u00facleo de forma\u00e7\u00e3o da identidade pol\u00edtica brasileira- Museu da Inconfid\u00eancia \u00e9 elevado ao status de Museu Nacional - Cultura, Artes e Patrim\u00f4nio\",\"breadcrumb\":{\"@id\":\"https:\\\/\\\/www.diariodeouropreto.com.br\\\/museu-da-inconfidencia-e-elevado-ao-status-de-museu-nacional\\\/#breadcrumb\"},\"inLanguage\":\"pt-PT\",\"potentialAction\":[{\"@type\":\"ReadAction\",\"target\":[\"https:\\\/\\\/www.diariodeouropreto.com.br\\\/museu-da-inconfidencia-e-elevado-ao-status-de-museu-nacional\\\/\"]}]},{\"@type\":\"ImageObject\",\"inLanguage\":\"pt-PT\",\"@id\":\"https:\\\/\\\/www.diariodeouropreto.com.br\\\/museu-da-inconfidencia-e-elevado-ao-status-de-museu-nacional\\\/#primaryimage\",\"url\":\"https:\\\/\\\/www.diariodeouropreto.com.br\\\/wp-content\\\/uploads\\\/2026\\\/04\\\/c2c740c472b1c0325969c43150676a7e.jpg\",\"contentUrl\":\"https:\\\/\\\/www.diariodeouropreto.com.br\\\/wp-content\\\/uploads\\\/2026\\\/04\\\/c2c740c472b1c0325969c43150676a7e.jpg\",\"width\":1008,\"height\":800},{\"@type\":\"BreadcrumbList\",\"@id\":\"https:\\\/\\\/www.diariodeouropreto.com.br\\\/museu-da-inconfidencia-e-elevado-ao-status-de-museu-nacional\\\/#breadcrumb\",\"itemListElement\":[{\"@type\":\"ListItem\",\"position\":1,\"name\":\"In\u00edcio\",\"item\":\"https:\\\/\\\/www.diariodeouropreto.com.br\\\/pt\\\/\"},{\"@type\":\"ListItem\",\"position\":2,\"name\":\"Museu da Inconfid\u00eancia \u00e9 elevado ao status de Museu Nacional\"}]},{\"@type\":\"WebSite\",\"@id\":\"https:\\\/\\\/www.diariodeouropreto.com.br\\\/pt\\\/#website\",\"url\":\"https:\\\/\\\/www.diariodeouropreto.com.br\\\/pt\\\/\",\"name\":\"Di\u00e1rio de Ouro Preto\",\"description\":\"Not\u00edcias Ouro Preto; Mariana;Minas Gerais;Jornal;Jornalismo;Not\u00edcias;\",\"publisher\":{\"@id\":\"https:\\\/\\\/www.diariodeouropreto.com.br\\\/pt\\\/#organization\"},\"alternateName\":\"Jornal di\u00e1rio de Ouro Preto\",\"potentialAction\":[{\"@type\":\"SearchAction\",\"target\":{\"@type\":\"EntryPoint\",\"urlTemplate\":\"https:\\\/\\\/www.diariodeouropreto.com.br\\\/pt\\\/?s={search_term_string}\"},\"query-input\":{\"@type\":\"PropertyValueSpecification\",\"valueRequired\":true,\"valueName\":\"search_term_string\"}}],\"inLanguage\":\"pt-PT\"},{\"@type\":\"Organization\",\"@id\":\"https:\\\/\\\/www.diariodeouropreto.com.br\\\/pt\\\/#organization\",\"name\":\"Di\u00e1rio de Ouro Preto\",\"alternateName\":\"Jornal di\u00e1rio Ouro Preto\",\"url\":\"https:\\\/\\\/www.diariodeouropreto.com.br\\\/pt\\\/\",\"logo\":{\"@type\":\"ImageObject\",\"inLanguage\":\"pt-PT\",\"@id\":\"https:\\\/\\\/www.diariodeouropreto.com.br\\\/pt\\\/#\\\/schema\\\/logo\\\/image\\\/\",\"url\":\"https:\\\/\\\/www.diariodeouropreto.com.br\\\/wp-content\\\/uploads\\\/2019\\\/06\\\/cropped-logotransp-2.png\",\"contentUrl\":\"https:\\\/\\\/www.diariodeouropreto.com.br\\\/wp-content\\\/uploads\\\/2019\\\/06\\\/cropped-logotransp-2.png\",\"width\":1323,\"height\":251,\"caption\":\"Di\u00e1rio de Ouro Preto\"},\"image\":{\"@id\":\"https:\\\/\\\/www.diariodeouropreto.com.br\\\/pt\\\/#\\\/schema\\\/logo\\\/image\\\/\"},\"sameAs\":[\"https:\\\/\\\/www.facebook.com\\\/diariodeouropreto\\\/\"]},{\"@type\":\"Person\",\"@id\":\"https:\\\/\\\/www.diariodeouropreto.com.br\\\/pt\\\/#\\\/schema\\\/person\\\/7654e7b471204a6dab6dc0ce6e140c99\",\"name\":\"Di\u00e1rio de Ouro Preto\",\"sameAs\":[\"http:\\\/\\\/www.diariodeouropreto.com.br\"],\"url\":\"https:\\\/\\\/www.diariodeouropreto.com.br\\\/pt\\\/author\\\/diario\\\/\"}]}<\/script>\n<!-- \/ Yoast SEO plugin. -->","yoast_head_json":{"title":"Museu da Inconfid\u00eancia \u00e9 elevado ao status de Museu Nacional - Di\u00e1rio de Ouro Preto","description":"Atualmente vinculado ao Instituto Brasileiro de Museus (Ibram), o museu passar\u00e1 a figurar no mesmo patamar administrativo e simb\u00f3lico de grandes \u00edcones nacionais situados exclusivamente no Rio de Janeiro e em Bras\u00edlia, reconhecendo a relev\u00e2ncia da cidade como n\u00facleo de forma\u00e7\u00e3o da identidade pol\u00edtica brasileira- Museu da Inconfid\u00eancia \u00e9 elevado ao status de Museu Nacional - Cultura, Artes e Patrim\u00f4nio","robots":{"index":"index","follow":"follow","max-snippet":"max-snippet:-1","max-image-preview":"max-image-preview:large","max-video-preview":"max-video-preview:-1"},"canonical":"https:\/\/www.diariodeouropreto.com.br\/pt\/museu-da-inconfidencia-e-elevado-ao-status-de-museu-nacional\/","og_locale":"pt_PT","og_type":"article","og_title":"Museu da Inconfid\u00eancia \u00e9 elevado ao status de Museu Nacional - Di\u00e1rio de Ouro Preto","og_description":"Atualmente vinculado ao Instituto Brasileiro de Museus (Ibram), o museu passar\u00e1 a figurar no mesmo patamar administrativo e simb\u00f3lico de grandes \u00edcones nacionais situados exclusivamente no Rio de Janeiro e em Bras\u00edlia, reconhecendo a relev\u00e2ncia da cidade como n\u00facleo de forma\u00e7\u00e3o da identidade pol\u00edtica brasileira- Museu da Inconfid\u00eancia \u00e9 elevado ao status de Museu Nacional - Cultura, Artes e Patrim\u00f4nio","og_url":"https:\/\/www.diariodeouropreto.com.br\/pt\/museu-da-inconfidencia-e-elevado-ao-status-de-museu-nacional\/","og_site_name":"Di\u00e1rio de Ouro Preto","article_publisher":"https:\/\/www.facebook.com\/diariodeouropreto\/","article_published_time":"2026-04-25T12:00:00+00:00","og_image":[{"width":1008,"height":800,"url":"https:\/\/www.diariodeouropreto.com.br\/wp-content\/uploads\/2026\/04\/c2c740c472b1c0325969c43150676a7e.jpg","type":"image\/jpeg"}],"author":"Di\u00e1rio de Ouro Preto","twitter_card":"summary_large_image","twitter_misc":{"Escrito por":"Di\u00e1rio de Ouro Preto","Tempo estimado de leitura":"3 minutos"},"schema":{"@context":"https:\/\/schema.org","@graph":[{"@type":"Article","@id":"https:\/\/www.diariodeouropreto.com.br\/museu-da-inconfidencia-e-elevado-ao-status-de-museu-nacional\/#article","isPartOf":{"@id":"https:\/\/www.diariodeouropreto.com.br\/museu-da-inconfidencia-e-elevado-ao-status-de-museu-nacional\/"},"author":{"name":"Di\u00e1rio de Ouro Preto","@id":"https:\/\/www.diariodeouropreto.com.br\/pt\/#\/schema\/person\/7654e7b471204a6dab6dc0ce6e140c99"},"headline":"Museu da Inconfid\u00eancia \u00e9 elevado ao status de Museu Nacional","datePublished":"2026-04-25T12:00:00+00:00","mainEntityOfPage":{"@id":"https:\/\/www.diariodeouropreto.com.br\/museu-da-inconfidencia-e-elevado-ao-status-de-museu-nacional\/"},"wordCount":480,"publisher":{"@id":"https:\/\/www.diariodeouropreto.com.br\/pt\/#organization"},"image":{"@id":"https:\/\/www.diariodeouropreto.com.br\/museu-da-inconfidencia-e-elevado-ao-status-de-museu-nacional\/#primaryimage"},"thumbnailUrl":"https:\/\/www.diariodeouropreto.com.br\/wp-content\/uploads\/2026\/04\/c2c740c472b1c0325969c43150676a7e.jpg","articleSection":["Cultura, Artes e Patrim\u00f4nio"],"inLanguage":"pt-PT"},{"@type":"WebPage","@id":"https:\/\/www.diariodeouropreto.com.br\/museu-da-inconfidencia-e-elevado-ao-status-de-museu-nacional\/","url":"https:\/\/www.diariodeouropreto.com.br\/museu-da-inconfidencia-e-elevado-ao-status-de-museu-nacional\/","name":"Museu da Inconfid\u00eancia \u00e9 elevado ao status de Museu Nacional - Di\u00e1rio de Ouro Preto","isPartOf":{"@id":"https:\/\/www.diariodeouropreto.com.br\/pt\/#website"},"primaryImageOfPage":{"@id":"https:\/\/www.diariodeouropreto.com.br\/museu-da-inconfidencia-e-elevado-ao-status-de-museu-nacional\/#primaryimage"},"image":{"@id":"https:\/\/www.diariodeouropreto.com.br\/museu-da-inconfidencia-e-elevado-ao-status-de-museu-nacional\/#primaryimage"},"thumbnailUrl":"https:\/\/www.diariodeouropreto.com.br\/wp-content\/uploads\/2026\/04\/c2c740c472b1c0325969c43150676a7e.jpg","datePublished":"2026-04-25T12:00:00+00:00","description":"Atualmente vinculado ao Instituto Brasileiro de Museus (Ibram), o museu passar\u00e1 a figurar no mesmo patamar administrativo e simb\u00f3lico de grandes \u00edcones nacionais situados exclusivamente no Rio de Janeiro e em Bras\u00edlia, reconhecendo a relev\u00e2ncia da cidade como n\u00facleo de forma\u00e7\u00e3o da identidade pol\u00edtica brasileira- Museu da Inconfid\u00eancia \u00e9 elevado ao status de Museu Nacional - Cultura, Artes e Patrim\u00f4nio","breadcrumb":{"@id":"https:\/\/www.diariodeouropreto.com.br\/museu-da-inconfidencia-e-elevado-ao-status-de-museu-nacional\/#breadcrumb"},"inLanguage":"pt-PT","potentialAction":[{"@type":"ReadAction","target":["https:\/\/www.diariodeouropreto.com.br\/museu-da-inconfidencia-e-elevado-ao-status-de-museu-nacional\/"]}]},{"@type":"ImageObject","inLanguage":"pt-PT","@id":"https:\/\/www.diariodeouropreto.com.br\/museu-da-inconfidencia-e-elevado-ao-status-de-museu-nacional\/#primaryimage","url":"https:\/\/www.diariodeouropreto.com.br\/wp-content\/uploads\/2026\/04\/c2c740c472b1c0325969c43150676a7e.jpg","contentUrl":"https:\/\/www.diariodeouropreto.com.br\/wp-content\/uploads\/2026\/04\/c2c740c472b1c0325969c43150676a7e.jpg","width":1008,"height":800},{"@type":"BreadcrumbList","@id":"https:\/\/www.diariodeouropreto.com.br\/museu-da-inconfidencia-e-elevado-ao-status-de-museu-nacional\/#breadcrumb","itemListElement":[{"@type":"ListItem","position":1,"name":"In\u00edcio","item":"https:\/\/www.diariodeouropreto.com.br\/pt\/"},{"@type":"ListItem","position":2,"name":"Museu da Inconfid\u00eancia \u00e9 elevado ao status de Museu Nacional"}]},{"@type":"WebSite","@id":"https:\/\/www.diariodeouropreto.com.br\/pt\/#website","url":"https:\/\/www.diariodeouropreto.com.br\/pt\/","name":"Di\u00e1rio de Ouro Preto","description":"Not\u00edcias Ouro Preto; Mariana;Minas Gerais;Jornal;Jornalismo;Not\u00edcias;","publisher":{"@id":"https:\/\/www.diariodeouropreto.com.br\/pt\/#organization"},"alternateName":"Jornal di\u00e1rio de Ouro Preto","potentialAction":[{"@type":"SearchAction","target":{"@type":"EntryPoint","urlTemplate":"https:\/\/www.diariodeouropreto.com.br\/pt\/?s={search_term_string}"},"query-input":{"@type":"PropertyValueSpecification","valueRequired":true,"valueName":"search_term_string"}}],"inLanguage":"pt-PT"},{"@type":"Organization","@id":"https:\/\/www.diariodeouropreto.com.br\/pt\/#organization","name":"Di\u00e1rio de Ouro Preto","alternateName":"Jornal di\u00e1rio Ouro Preto","url":"https:\/\/www.diariodeouropreto.com.br\/pt\/","logo":{"@type":"ImageObject","inLanguage":"pt-PT","@id":"https:\/\/www.diariodeouropreto.com.br\/pt\/#\/schema\/logo\/image\/","url":"https:\/\/www.diariodeouropreto.com.br\/wp-content\/uploads\/2019\/06\/cropped-logotransp-2.png","contentUrl":"https:\/\/www.diariodeouropreto.com.br\/wp-content\/uploads\/2019\/06\/cropped-logotransp-2.png","width":1323,"height":251,"caption":"Di\u00e1rio de Ouro Preto"},"image":{"@id":"https:\/\/www.diariodeouropreto.com.br\/pt\/#\/schema\/logo\/image\/"},"sameAs":["https:\/\/www.facebook.com\/diariodeouropreto\/"]},{"@type":"Person","@id":"https:\/\/www.diariodeouropreto.com.br\/pt\/#\/schema\/person\/7654e7b471204a6dab6dc0ce6e140c99","name":"Di\u00e1rio de Ouro Preto","sameAs":["http:\/\/www.diariodeouropreto.com.br"],"url":"https:\/\/www.diariodeouropreto.com.br\/pt\/author\/diario\/"}]}},"jetpack_publicize_connections":[],"jetpack_featured_media_url":"https:\/\/www.diariodeouropreto.com.br\/wp-content\/uploads\/2026\/04\/c2c740c472b1c0325969c43150676a7e.jpg","jetpack-related-posts":[{"id":51935,"url":"https:\/\/www.diariodeouropreto.com.br\/pt\/laudo-da-policia-federal-confirma-autoria-de-tiradentes-em-anotacoes-do-livro-de-tiradentes\/","url_meta":{"origin":51903,"position":0},"title":"Laudo da Pol\u00edcia Federal confirma autoria de Tiradentes em anota\u00e7\u00f5es do \u201cLivro de Tiradentes\u201d","author":"Di\u00e1rio de Ouro Preto","date":"25 de Abril de 2026","format":false,"excerpt":"Descoberta refor\u00e7a o valor documental do exemplar sob guarda do Museu da Inconfid\u00eancia e amplia a compreens\u00e3o sobre a participa\u00e7\u00e3o intelectual de Tiradentes na Inconfid\u00eancia Mineira, projetando novos desdobramentos para a pesquisa hist\u00f3rica e para a mem\u00f3ria p\u00fablica O Instituto Brasileiro de Museus (Ibram), por meio de iniciativa do Museu\u2026","rel":"","context":"In &quot;Cultura, Artes e Patrim\u00f4nio&quot;","block_context":{"text":"Cultura, Artes e Patrim\u00f4nio","link":"https:\/\/www.diariodeouropreto.com.br\/pt\/Editoria\/culturaeartes\/"},"img":{"alt_text":"","src":"https:\/\/i0.wp.com\/www.diariodeouropreto.com.br\/wp-content\/uploads\/2026\/04\/WhatsApp-Image-%C2%B4%C2%B4-04-22-at-15.00.20.jpeg?resize=350%2C200&ssl=1","width":350,"height":200,"srcset":"https:\/\/i0.wp.com\/www.diariodeouropreto.com.br\/wp-content\/uploads\/2026\/04\/WhatsApp-Image-%C2%B4%C2%B4-04-22-at-15.00.20.jpeg?resize=350%2C200&ssl=1 1x, https:\/\/i0.wp.com\/www.diariodeouropreto.com.br\/wp-content\/uploads\/2026\/04\/WhatsApp-Image-%C2%B4%C2%B4-04-22-at-15.00.20.jpeg?resize=525%2C300&ssl=1 1.5x, https:\/\/i0.wp.com\/www.diariodeouropreto.com.br\/wp-content\/uploads\/2026\/04\/WhatsApp-Image-%C2%B4%C2%B4-04-22-at-15.00.20.jpeg?resize=700%2C400&ssl=1 2x"},"classes":[]},{"id":46656,"url":"https:\/\/www.diariodeouropreto.com.br\/pt\/ministerio-publico-salvou-o-museu-da-inconfidencia-diz-diretor-em-cerimonia-de-reabertura-do-espaco-cultural-em-ouro-preto\/","url_meta":{"origin":51903,"position":1},"title":"Minist\u00e9rio P\u00fablico salvou o Museu da Inconfid\u00eancia, diz diretor em cerim\u00f4nia de reabertura do espa\u00e7o cultural, em Ouro Preto","author":"Di\u00e1rio de Ouro Preto","date":"31 de Julho de 2025","format":false,"excerpt":"Interven\u00e7\u00f5es contribuir\u00e3o para proteger a estrutura da edifica\u00e7\u00e3o, valorizar o monumento e preservar a mem\u00f3ria, garantindo a salvaguarda de um relevante acervo museol\u00f3gico do pa\u00eds e proporcionando o acesso seguro da popula\u00e7\u00e3o ao museu Ap\u00f3s seis meses fechado por conta de obras est\u00e9ticas e estruturais, o Museu da Inconfid\u00eancia, que\u2026","rel":"","context":"In &quot;Cultura, Artes e Patrim\u00f4nio&quot;","block_context":{"text":"Cultura, Artes e Patrim\u00f4nio","link":"https:\/\/www.diariodeouropreto.com.br\/pt\/Editoria\/culturaeartes\/"},"img":{"alt_text":"","src":"https:\/\/i0.wp.com\/www.diariodeouropreto.com.br\/wp-content\/uploads\/2025\/07\/54689620231_7f71a7df70_k.jpg?resize=350%2C200&ssl=1","width":350,"height":200,"srcset":"https:\/\/i0.wp.com\/www.diariodeouropreto.com.br\/wp-content\/uploads\/2025\/07\/54689620231_7f71a7df70_k.jpg?resize=350%2C200&ssl=1 1x, https:\/\/i0.wp.com\/www.diariodeouropreto.com.br\/wp-content\/uploads\/2025\/07\/54689620231_7f71a7df70_k.jpg?resize=525%2C300&ssl=1 1.5x, https:\/\/i0.wp.com\/www.diariodeouropreto.com.br\/wp-content\/uploads\/2025\/07\/54689620231_7f71a7df70_k.jpg?resize=700%2C400&ssl=1 2x, https:\/\/i0.wp.com\/www.diariodeouropreto.com.br\/wp-content\/uploads\/2025\/07\/54689620231_7f71a7df70_k.jpg?resize=1050%2C600&ssl=1 3x"},"classes":[]},{"id":45847,"url":"https:\/\/www.diariodeouropreto.com.br\/pt\/museu-da-inconfidencia-inaugura-sala-afro-brasileira\/","url_meta":{"origin":51903,"position":2},"title":"Museu da Inconfid\u00eancia inaugura Sala Afro-brasileira","author":"Di\u00e1rio de Ouro Preto","date":"4 de Julho de 2025","format":false,"excerpt":"Para marcar a pr\u00e9-reabertura do Museu da Inconfid\u00eancia ap\u00f3s as reformas e dando seguimento ao reposicionamento institucional, temos a honra de inaugurar a Sala Afro-brasileira \u2014 espa\u00e7o permanente dedicado \u00e0 valoriza\u00e7\u00e3o das contribui\u00e7\u00f5es culturais, art\u00edsticas e hist\u00f3ricas das popula\u00e7\u00f5es afrodescendentes em Minas Gerais. E para celebrar a nova Sala, ser\u00e1\u2026","rel":"","context":"In &quot;Cultura, Artes e Patrim\u00f4nio&quot;","block_context":{"text":"Cultura, Artes e Patrim\u00f4nio","link":"https:\/\/www.diariodeouropreto.com.br\/pt\/Editoria\/culturaeartes\/"},"img":{"alt_text":"","src":"https:\/\/i0.wp.com\/www.diariodeouropreto.com.br\/wp-content\/uploads\/2025\/07\/capa-Museu-da-Inconfidencia-inaugura-Sala-Afro-brasileira.jpg?resize=350%2C200&ssl=1","width":350,"height":200,"srcset":"https:\/\/i0.wp.com\/www.diariodeouropreto.com.br\/wp-content\/uploads\/2025\/07\/capa-Museu-da-Inconfidencia-inaugura-Sala-Afro-brasileira.jpg?resize=350%2C200&ssl=1 1x, https:\/\/i0.wp.com\/www.diariodeouropreto.com.br\/wp-content\/uploads\/2025\/07\/capa-Museu-da-Inconfidencia-inaugura-Sala-Afro-brasileira.jpg?resize=525%2C300&ssl=1 1.5x, https:\/\/i0.wp.com\/www.diariodeouropreto.com.br\/wp-content\/uploads\/2025\/07\/capa-Museu-da-Inconfidencia-inaugura-Sala-Afro-brasileira.jpg?resize=700%2C400&ssl=1 2x, https:\/\/i0.wp.com\/www.diariodeouropreto.com.br\/wp-content\/uploads\/2025\/07\/capa-Museu-da-Inconfidencia-inaugura-Sala-Afro-brasileira.jpg?resize=1050%2C600&ssl=1 3x"},"classes":[]},{"id":17465,"url":"https:\/\/www.diariodeouropreto.com.br\/pt\/valioso-documento-de-artista-do-barroco-italiano-sera-doado-ao-museu-da-inconfidencia\/","url_meta":{"origin":51903,"position":3},"title":"Valioso documento de artista do Barroco Italiano ser\u00e1 doado ao Museu da Inconfid\u00eancia","author":"Di\u00e1rio de Ouro Preto","date":"26 de Julho de 2022","format":false,"excerpt":"Ouro Preto, MG - O Museu da Inconfid\u00eancia recebe nesta sexta-feira, dia 29 de julho, manuscritos do tratado \u201cPerspectiva Pictorum et Architectorum\u201d, do arquiteto, pintor e te\u00f3rico da arte Andrea Pozzo, um dos grandes nomes do Barroco Mundial. Andrea Pozzo nasceu em Trento, na It\u00e1lia, em 1642. Por ter sido\u2026","rel":"","context":"In &quot;Cultura, Artes e Patrim\u00f4nio&quot;","block_context":{"text":"Cultura, Artes e Patrim\u00f4nio","link":"https:\/\/www.diariodeouropreto.com.br\/pt\/Editoria\/culturaeartes\/"},"img":{"alt_text":"","src":"https:\/\/i0.wp.com\/www.diariodeouropreto.com.br\/wp-content\/uploads\/2022\/07\/WhatsApp-Image-2022-07-26-at-14.32.14.jpeg?resize=350%2C200&ssl=1","width":350,"height":200},"classes":[]},{"id":15714,"url":"https:\/\/www.diariodeouropreto.com.br\/pt\/museus-ibram-tem-programacao-variada-na-20a-semana-nacional-de-museus\/","url_meta":{"origin":51903,"position":4},"title":"Museus Ibram t\u00eam programa\u00e7\u00e3o variada na 20\u00aa Semana Nacional de Museus","author":"Di\u00e1rio de Ouro Preto","date":"18 de Maio de 2022","format":false,"excerpt":"A Semana Nacional de Museus (SNM), que \u00e9 uma a\u00e7\u00e3o da Pol\u00edtica Nacional de Museus, chega \u00e0 vig\u00e9sima edi\u00e7\u00e3o com o tema\u00a0O poder dos museus.\u00a0Com 2.587 eventos cadastrados e 877 museus participantes. Ao todo, est\u00e3o inscritas 379 cidades de 26 estados.\u00a0 O\u00a0evento, entre os dias 16 a\u00a0 22 de maio,\u2026","rel":"","context":"In &quot;Cultura, Artes e Patrim\u00f4nio&quot;","block_context":{"text":"Cultura, Artes e Patrim\u00f4nio","link":"https:\/\/www.diariodeouropreto.com.br\/pt\/Editoria\/culturaeartes\/"},"img":{"alt_text":"","src":"https:\/\/i0.wp.com\/www.diariodeouropreto.com.br\/wp-content\/uploads\/2021\/04\/capa-noticia-geral-e1617738740372.png?resize=350%2C200&ssl=1","width":350,"height":200,"srcset":"https:\/\/i0.wp.com\/www.diariodeouropreto.com.br\/wp-content\/uploads\/2021\/04\/capa-noticia-geral-e1617738740372.png?resize=350%2C200&ssl=1 1x, https:\/\/i0.wp.com\/www.diariodeouropreto.com.br\/wp-content\/uploads\/2021\/04\/capa-noticia-geral-e1617738740372.png?resize=525%2C300&ssl=1 1.5x"},"classes":[]},{"id":50146,"url":"https:\/\/www.diariodeouropreto.com.br\/pt\/museu-da-inconfidencia-promove-pre-carnaval-de-ocupacao-cultural-com-capoeira-samba-e-cortejo-em-ouro-preto\/","url_meta":{"origin":51903,"position":5},"title":"Museu da Inconfid\u00eancia promove Pr\u00e9-Carnaval de ocupa\u00e7\u00e3o cultural com capoeira,\u00a0samba e cortejo em Ouro Preto","author":"Di\u00e1rio de Ouro Preto","date":"3 de Fevereiro de 2026","format":false,"excerpt":"O Museu da Inconfid\u00eancia realiza no pr\u00f3ximo s\u00e1bado, 7 de fevereiro, o Pr\u00e9-Carnaval do MIN. Com uma programa\u00e7\u00e3o especial que une corpo, ritmo, dan\u00e7a, mem\u00f3ria e\u00a0ancestralidade, o evento transforma o espa\u00e7o museal em um territ\u00f3rio de encontro, celebra\u00e7\u00e3o\u00a0e diversidade cultural. A iniciativa prop\u00f5e uma ocupa\u00e7\u00e3o cultural e festiva, aproximando o\u2026","rel":"","context":"In &quot;Carnaval&quot;","block_context":{"text":"Carnaval","link":"https:\/\/www.diariodeouropreto.com.br\/pt\/Editoria\/culturaeartes\/carnaval\/"},"img":{"alt_text":"","src":"https:\/\/i0.wp.com\/www.diariodeouropreto.com.br\/wp-content\/uploads\/2026\/02\/Card-CarnaMin-1.jpg?resize=350%2C200&ssl=1","width":350,"height":200},"classes":[]}],"jetpack_sharing_enabled":true,"amp_enabled":true,"_links":{"self":[{"href":"https:\/\/www.diariodeouropreto.com.br\/pt\/wp-json\/wp\/v2\/posts\/51903","targetHints":{"allow":["GET"]}}],"collection":[{"href":"https:\/\/www.diariodeouropreto.com.br\/pt\/wp-json\/wp\/v2\/posts"}],"about":[{"href":"https:\/\/www.diariodeouropreto.com.br\/pt\/wp-json\/wp\/v2\/types\/post"}],"author":[{"embeddable":true,"href":"https:\/\/www.diariodeouropreto.com.br\/pt\/wp-json\/wp\/v2\/users\/1"}],"replies":[{"embeddable":true,"href":"https:\/\/www.diariodeouropreto.com.br\/pt\/wp-json\/wp\/v2\/comments?post=51903"}],"version-history":[{"count":1,"href":"https:\/\/www.diariodeouropreto.com.br\/pt\/wp-json\/wp\/v2\/posts\/51903\/revisions"}],"predecessor-version":[{"id":51906,"href":"https:\/\/www.diariodeouropreto.com.br\/pt\/wp-json\/wp\/v2\/posts\/51903\/revisions\/51906"}],"wp:featuredmedia":[{"embeddable":true,"href":"https:\/\/www.diariodeouropreto.com.br\/pt\/wp-json\/wp\/v2\/media\/51905"}],"wp:attachment":[{"href":"https:\/\/www.diariodeouropreto.com.br\/pt\/wp-json\/wp\/v2\/media?parent=51903"}],"wp:term":[{"taxonomy":"category","embeddable":true,"href":"https:\/\/www.diariodeouropreto.com.br\/pt\/wp-json\/wp\/v2\/categories?post=51903"},{"taxonomy":"post_tag","embeddable":true,"href":"https:\/\/www.diariodeouropreto.com.br\/pt\/wp-json\/wp\/v2\/tags?post=51903"}],"curies":[{"name":"wp","href":"https:\/\/api.w.org\/{rel}","templated":true}]}}