{"id":50982,"date":"2026-03-17T15:40:00","date_gmt":"2026-03-17T18:40:00","guid":{"rendered":"https:\/\/www.diariodeouropreto.com.br\/?p=50982"},"modified":"2026-03-17T15:25:56","modified_gmt":"2026-03-17T18:25:56","slug":"samarco-lanca-5a-edicao-do-catalogo-de-fornecedores-locais","status":"publish","type":"post","link":"https:\/\/www.diariodeouropreto.com.br\/pt\/samarco-lanca-5a-edicao-do-catalogo-de-fornecedores-locais\/","title":{"rendered":"Samarco lan\u00e7a 5\u00aa edi\u00e7\u00e3o do Cat\u00e1logo de Fornecedores Locais"},"content":{"rendered":"<p><strong>Iniciativa busca ampliar a visibilidade de empresas locais e fomentar novos neg\u00f3cios nos territ\u00f3rios onde a mineradora atua<\/strong><\/p>\n\n\n\n<p>A Samarco lan\u00e7ou, neste m\u00eas de mar\u00e7o, a 5\u00aa edi\u00e7\u00e3o do Cat\u00e1logo de Fornecedores Locais de Minas Gerais e do Esp\u00edrito Santo, iniciativa que integra o Programa For\u00e7a Local e tem como objetivo fortalecer o desenvolvimento socioecon\u00f4mico dos territ\u00f3rios onde a empresa atua, por meio da amplia\u00e7\u00e3o de oportunidades de neg\u00f3cios. A publica\u00e7\u00e3o re\u00fane empresas dos munic\u00edpios mineiros de Catas Altas, Mariana, Ouro Preto e Santa B\u00e1rbara, al\u00e9m dos capixabas Anchieta, Guarapari e Pi\u00fama. Nesta edi\u00e7\u00e3o, o cat\u00e1logo re\u00fane 675 empresas, sendo 357 de Minas Gerais e 318 do Esp\u00edrito Santo.<\/p>\n\n\n\n<p>O Cat\u00e1logo de Fornecedores Locais \u00e9 uma das a\u00e7\u00f5es do Programa For\u00e7a Local, que atua na qualifica\u00e7\u00e3o de empresas e na promo\u00e7\u00e3o de conex\u00f5es entre fornecedores e demandas de mercado, contribuindo para o fortalecimento das economias locais.<\/p>\n\n\n\n<p>Uma das novidades desta edi\u00e7\u00e3o \u00e9 a inclus\u00e3o da categoria \u201cSocial: Culin\u00e1ria, Cultura e Arte\u201d, criada para dar visibilidade a grupos de empreendedores apoiados por iniciativas de desenvolvimento social da Samarco, como a Rede de Empreendedores de Gastronomia e Artesanato de Guarapari e Anchieta, no Esp\u00edrito Santo, vinculada ao projeto Conex\u00e3o Turismo.<\/p>\n\n\n\n<p><strong>O cat\u00e1logo<\/strong><\/p>\n\n\n\n<p>Ao longo de cinco edi\u00e7\u00f5es, o Cat\u00e1logo de Fornecedores Locais j\u00e1 registrou mais de 2,5 mil participa\u00e7\u00f5es de empresas, consolidando-se como uma ferramenta de visibilidade para empreendimentos locais e de conex\u00e3o entre fornecedores e oportunidades de neg\u00f3cios.<\/p>\n\n\n\n<p>O empres\u00e1rio Rodrigo Viana, propriet\u00e1rio da Distribuidora Mega, em Guarapari, destaca os resultados gerados pela iniciativa. \u201c\u00c9 a quarta vez que minha empresa est\u00e1 no cat\u00e1logo, e \u00e9 uma iniciativa que gera resultados. Os fornecedores sempre me procuram para fazer cota\u00e7\u00f5es, e da\u00ed surgem as possibilidades de novos neg\u00f3cios\u201d, afirmou.<\/p>\n\n\n\n<p>J\u00e1 a s\u00f3cia da Padaria Matoso, La\u00eds Matoso, compartilha a expectativa de participar do Cat\u00e1logo pela primeira vez. \u201cNossa padaria \u00e9 especializada em fornecer kits de desjejum para empresas que atuam na minera\u00e7\u00e3o. Esperamos que a nossa presen\u00e7a nesta edi\u00e7\u00e3o contribua para tornar o nosso empreendimento mais conhecido em toda a regi\u00e3o.\u201d A empresa, que funciona h\u00e1 16 anos no distrito de Ant\u00f4nio Pereira, em Ouro Preto, est\u00e1 no Programa For\u00e7a Local h\u00e1 um ano.<\/p>\n\n\n\n<p>\u201cO Cat\u00e1logo valoriza empresas locais e amplia conex\u00f5es que geram oportunidades de neg\u00f3cios e desenvolvimento para os territ\u00f3rios\u201d, explica Elisangela Toledo, coordenadora do Programa For\u00e7a Local.<\/p>\n\n\n\n<div id=\"110712\" class=\"advads-saneouro advads-entity-placement\" style=\"margin-left: auto;margin-right: auto;text-align: center;\"><a href=\"https:\/\/www.saneouro.com.br\/\" target=\"_blank\" aria-label=\"DOP_Site\" data-wpel-link=\"external\" rel=\"follow external noopener noreferrer sponsored ugc\"><img src=\"https:\/\/www.diariodeouropreto.com.br\/wp-content\/uploads\/2026\/04\/DOP_Site.jpg\" alt=\"\"  srcset=\"https:\/\/www.diariodeouropreto.com.br\/wp-content\/uploads\/2026\/04\/DOP_Site.jpg 301w, https:\/\/www.diariodeouropreto.com.br\/wp-content\/uploads\/2026\/04\/DOP_Site-180x150.jpg 180w, https:\/\/www.diariodeouropreto.com.br\/wp-content\/uploads\/2026\/04\/DOP_Site-14x12.jpg 14w\" sizes=\"(max-width: 301px) 100vw, 301px\" width=\"301\" height=\"251\"  style=\"display: inline-block;\" \/><\/a><\/div><p>O Cat\u00e1logo de Fornecedores Locais de Minas Gerais e do Esp\u00edrito Santo est\u00e1 dispon\u00edvel no site da Samarco. Confira o cat\u00e1logo de&nbsp;<a href=\"https:\/\/www.samarco.com\/wp-content\/uploads\/2026\/03\/catalogo-fornecedores-forca-local-MG-2026.pdf\" target=\"_blank\" rel=\"noreferrer noopener follow external sponsored ugc\" data-wpel-link=\"external\">Minas Gerais<\/a>&nbsp;e o do&nbsp;<a href=\"https:\/\/www.samarco.com\/wp-content\/uploads\/2026\/03\/catalogo-fornecedores-forca-local-ES-2026.pdf\" target=\"_blank\" rel=\"noreferrer noopener follow external sponsored ugc\" data-wpel-link=\"external\">Esp\u00edrito Santo<\/a>.<strong><br><\/strong><\/p>\n\n\n\n<div id=\"50321\" class=\"advads-plantao advads-entity-placement\"><a href=\"https:\/\/www.diariodeouropreto.com.br\/pt\/\" target=\"_blank\" aria-label=\"site &#8211; noticia\" data-wpel-link=\"external\" rel=\"follow external noopener noreferrer sponsored ugc\"><img src=\"https:\/\/www.diariodeouropreto.com.br\/wp-content\/uploads\/2019\/09\/titulosite2-e1616373489755.jpg\" alt=\"\"  srcset=\"https:\/\/www.diariodeouropreto.com.br\/wp-content\/uploads\/2019\/09\/titulosite2-e1616373489755.jpg 1200w, https:\/\/www.diariodeouropreto.com.br\/wp-content\/uploads\/2019\/09\/titulosite2-e1616373489755-150x38.jpg 150w, https:\/\/www.diariodeouropreto.com.br\/wp-content\/uploads\/2019\/09\/titulosite2-e1616373489755-660x167.jpg 660w, https:\/\/www.diariodeouropreto.com.br\/wp-content\/uploads\/2019\/09\/titulosite2-e1616373489755-768x194.jpg 768w, https:\/\/www.diariodeouropreto.com.br\/wp-content\/uploads\/2019\/09\/titulosite2-e1616373489755-1000x252.jpg 1000w, https:\/\/www.diariodeouropreto.com.br\/wp-content\/uploads\/2019\/09\/titulosite2-e1616373489755-1536x388.jpg 1536w, https:\/\/www.diariodeouropreto.com.br\/wp-content\/uploads\/2019\/09\/titulosite2-e1616373489755-2048x517.jpg 2048w\" sizes=\"(max-width: 1200px) 100vw, 1200px\" width=\"1200\" height=\"303\"  style=\"display: inline-block;\" \/><\/a><\/div><p>Fonte: Assessoria Samarco<\/p>","protected":false},"excerpt":{"rendered":"<p>Iniciativa busca ampliar a visibilidade de empresas locais e fomentar novos neg\u00f3cios nos territ\u00f3rios onde a mineradora atua A Samarco lan\u00e7ou, neste m\u00eas de mar\u00e7o, a 5\u00aa edi\u00e7\u00e3o do Cat\u00e1logo de Fornecedores Locais de Minas Gerais e do Esp\u00edrito Santo, iniciativa que integra o Programa For\u00e7a Local e tem como<span class=\"more-link\"><a href=\"https:\/\/www.diariodeouropreto.com.br\/pt\/samarco-lanca-5a-edicao-do-catalogo-de-fornecedores-locais\/\" data-wpel-link=\"internal\">Continue Lendo<\/a><\/span><\/p>","protected":false},"author":1,"featured_media":50984,"comment_status":"closed","ping_status":"closed","sticky":false,"template":"","format":"standard","meta":{"_jetpack_memberships_contains_paid_content":false,"footnotes":"","jetpack_publicize_message":"Iniciativa busca ampliar a visibilidade de empresas locais e fomentar novos neg\u00f3cios nos territ\u00f3rios onde a mineradora atua\n","jetpack_publicize_feature_enabled":true,"jetpack_social_post_already_shared":true,"jetpack_social_options":{"image_generator_settings":{"template":"highway","default_image_id":0,"font":"","enabled":false},"version":2}},"categories":[5],"tags":[],"class_list":["entry","author-diario","post-50982","post","type-post","status-publish","format-standard","has-post-thumbnail","category-cidades"],"yoast_head":"<!-- This site is optimized with the Yoast SEO plugin v27.5 - https:\/\/yoast.com\/product\/yoast-seo-wordpress\/ -->\n<title>Samarco lan\u00e7a 5\u00aa edi\u00e7\u00e3o do Cat\u00e1logo de Fornecedores Locais - Di\u00e1rio de Ouro Preto<\/title>\n<meta name=\"description\" content=\"Iniciativa busca ampliar a visibilidade de empresas locais e fomentar novos neg\u00f3cios nos territ\u00f3rios onde a mineradora atua- Samarco lan\u00e7a 5\u00aa edi\u00e7\u00e3o do Cat\u00e1logo de Fornecedores Locais - Cidades\" \/>\n<meta name=\"robots\" content=\"index, follow, max-snippet:-1, max-image-preview:large, max-video-preview:-1\" \/>\n<link rel=\"canonical\" href=\"https:\/\/www.diariodeouropreto.com.br\/pt\/samarco-lanca-5a-edicao-do-catalogo-de-fornecedores-locais\/\" \/>\n<meta property=\"og:locale\" content=\"pt_PT\" \/>\n<meta property=\"og:type\" content=\"article\" \/>\n<meta property=\"og:title\" content=\"Samarco lan\u00e7a 5\u00aa edi\u00e7\u00e3o do Cat\u00e1logo de Fornecedores Locais - Di\u00e1rio de Ouro Preto\" \/>\n<meta property=\"og:description\" content=\"Iniciativa busca ampliar a visibilidade de empresas locais e fomentar novos neg\u00f3cios nos territ\u00f3rios onde a mineradora atua- Samarco lan\u00e7a 5\u00aa edi\u00e7\u00e3o do Cat\u00e1logo de Fornecedores Locais - Cidades\" \/>\n<meta property=\"og:url\" content=\"https:\/\/www.diariodeouropreto.com.br\/pt\/samarco-lanca-5a-edicao-do-catalogo-de-fornecedores-locais\/\" \/>\n<meta property=\"og:site_name\" content=\"Di\u00e1rio de Ouro Preto\" \/>\n<meta property=\"article:publisher\" content=\"https:\/\/www.facebook.com\/diariodeouropreto\/\" \/>\n<meta property=\"article:published_time\" content=\"2026-03-17T18:40:00+00:00\" \/>\n<meta property=\"og:image\" content=\"https:\/\/www.diariodeouropreto.com.br\/wp-content\/uploads\/2026\/03\/Forca-Local-Catalogo-de-Fornecedores-MG.jpg\" \/>\n\t<meta property=\"og:image:width\" content=\"559\" \/>\n\t<meta property=\"og:image:height\" content=\"800\" \/>\n\t<meta property=\"og:image:type\" content=\"image\/jpeg\" \/>\n<meta name=\"author\" content=\"Di\u00e1rio de Ouro Preto\" \/>\n<meta name=\"twitter:card\" content=\"summary_large_image\" \/>\n<meta name=\"twitter:label1\" content=\"Escrito por\" \/>\n\t<meta name=\"twitter:data1\" content=\"Di\u00e1rio de Ouro Preto\" \/>\n\t<meta name=\"twitter:label2\" content=\"Tempo estimado de leitura\" \/>\n\t<meta name=\"twitter:data2\" content=\"3 minutos\" \/>\n<script type=\"application\/ld+json\" class=\"yoast-schema-graph\">{\"@context\":\"https:\\\/\\\/schema.org\",\"@graph\":[{\"@type\":\"Article\",\"@id\":\"https:\\\/\\\/www.diariodeouropreto.com.br\\\/samarco-lanca-5a-edicao-do-catalogo-de-fornecedores-locais\\\/#article\",\"isPartOf\":{\"@id\":\"https:\\\/\\\/www.diariodeouropreto.com.br\\\/samarco-lanca-5a-edicao-do-catalogo-de-fornecedores-locais\\\/\"},\"author\":{\"name\":\"Di\u00e1rio de Ouro Preto\",\"@id\":\"https:\\\/\\\/www.diariodeouropreto.com.br\\\/pt\\\/#\\\/schema\\\/person\\\/7654e7b471204a6dab6dc0ce6e140c99\"},\"headline\":\"Samarco lan\u00e7a 5\u00aa edi\u00e7\u00e3o do Cat\u00e1logo de Fornecedores Locais\",\"datePublished\":\"2026-03-17T18:40:00+00:00\",\"mainEntityOfPage\":{\"@id\":\"https:\\\/\\\/www.diariodeouropreto.com.br\\\/samarco-lanca-5a-edicao-do-catalogo-de-fornecedores-locais\\\/\"},\"wordCount\":487,\"publisher\":{\"@id\":\"https:\\\/\\\/www.diariodeouropreto.com.br\\\/pt\\\/#organization\"},\"image\":{\"@id\":\"https:\\\/\\\/www.diariodeouropreto.com.br\\\/samarco-lanca-5a-edicao-do-catalogo-de-fornecedores-locais\\\/#primaryimage\"},\"thumbnailUrl\":\"https:\\\/\\\/www.diariodeouropreto.com.br\\\/wp-content\\\/uploads\\\/2026\\\/03\\\/Forca-Local-Catalogo-de-Fornecedores-MG.jpg\",\"articleSection\":[\"Cidades\"],\"inLanguage\":\"pt-PT\"},{\"@type\":\"WebPage\",\"@id\":\"https:\\\/\\\/www.diariodeouropreto.com.br\\\/samarco-lanca-5a-edicao-do-catalogo-de-fornecedores-locais\\\/\",\"url\":\"https:\\\/\\\/www.diariodeouropreto.com.br\\\/samarco-lanca-5a-edicao-do-catalogo-de-fornecedores-locais\\\/\",\"name\":\"Samarco lan\u00e7a 5\u00aa edi\u00e7\u00e3o do Cat\u00e1logo de Fornecedores Locais - Di\u00e1rio de Ouro Preto\",\"isPartOf\":{\"@id\":\"https:\\\/\\\/www.diariodeouropreto.com.br\\\/pt\\\/#website\"},\"primaryImageOfPage\":{\"@id\":\"https:\\\/\\\/www.diariodeouropreto.com.br\\\/samarco-lanca-5a-edicao-do-catalogo-de-fornecedores-locais\\\/#primaryimage\"},\"image\":{\"@id\":\"https:\\\/\\\/www.diariodeouropreto.com.br\\\/samarco-lanca-5a-edicao-do-catalogo-de-fornecedores-locais\\\/#primaryimage\"},\"thumbnailUrl\":\"https:\\\/\\\/www.diariodeouropreto.com.br\\\/wp-content\\\/uploads\\\/2026\\\/03\\\/Forca-Local-Catalogo-de-Fornecedores-MG.jpg\",\"datePublished\":\"2026-03-17T18:40:00+00:00\",\"description\":\"Iniciativa busca ampliar a visibilidade de empresas locais e fomentar novos neg\u00f3cios nos territ\u00f3rios onde a mineradora atua- Samarco lan\u00e7a 5\u00aa edi\u00e7\u00e3o do Cat\u00e1logo de Fornecedores Locais - Cidades\",\"breadcrumb\":{\"@id\":\"https:\\\/\\\/www.diariodeouropreto.com.br\\\/samarco-lanca-5a-edicao-do-catalogo-de-fornecedores-locais\\\/#breadcrumb\"},\"inLanguage\":\"pt-PT\",\"potentialAction\":[{\"@type\":\"ReadAction\",\"target\":[\"https:\\\/\\\/www.diariodeouropreto.com.br\\\/samarco-lanca-5a-edicao-do-catalogo-de-fornecedores-locais\\\/\"]}]},{\"@type\":\"ImageObject\",\"inLanguage\":\"pt-PT\",\"@id\":\"https:\\\/\\\/www.diariodeouropreto.com.br\\\/samarco-lanca-5a-edicao-do-catalogo-de-fornecedores-locais\\\/#primaryimage\",\"url\":\"https:\\\/\\\/www.diariodeouropreto.com.br\\\/wp-content\\\/uploads\\\/2026\\\/03\\\/Forca-Local-Catalogo-de-Fornecedores-MG.jpg\",\"contentUrl\":\"https:\\\/\\\/www.diariodeouropreto.com.br\\\/wp-content\\\/uploads\\\/2026\\\/03\\\/Forca-Local-Catalogo-de-Fornecedores-MG.jpg\",\"width\":559,\"height\":800},{\"@type\":\"BreadcrumbList\",\"@id\":\"https:\\\/\\\/www.diariodeouropreto.com.br\\\/samarco-lanca-5a-edicao-do-catalogo-de-fornecedores-locais\\\/#breadcrumb\",\"itemListElement\":[{\"@type\":\"ListItem\",\"position\":1,\"name\":\"In\u00edcio\",\"item\":\"https:\\\/\\\/www.diariodeouropreto.com.br\\\/pt\\\/\"},{\"@type\":\"ListItem\",\"position\":2,\"name\":\"Samarco lan\u00e7a 5\u00aa edi\u00e7\u00e3o do Cat\u00e1logo de Fornecedores Locais\"}]},{\"@type\":\"WebSite\",\"@id\":\"https:\\\/\\\/www.diariodeouropreto.com.br\\\/pt\\\/#website\",\"url\":\"https:\\\/\\\/www.diariodeouropreto.com.br\\\/pt\\\/\",\"name\":\"Di\u00e1rio de Ouro Preto\",\"description\":\"Not\u00edcias Ouro Preto; Mariana;Minas Gerais;Jornal;Jornalismo;Not\u00edcias;\",\"publisher\":{\"@id\":\"https:\\\/\\\/www.diariodeouropreto.com.br\\\/pt\\\/#organization\"},\"alternateName\":\"Jornal di\u00e1rio de Ouro Preto\",\"potentialAction\":[{\"@type\":\"SearchAction\",\"target\":{\"@type\":\"EntryPoint\",\"urlTemplate\":\"https:\\\/\\\/www.diariodeouropreto.com.br\\\/pt\\\/?s={search_term_string}\"},\"query-input\":{\"@type\":\"PropertyValueSpecification\",\"valueRequired\":true,\"valueName\":\"search_term_string\"}}],\"inLanguage\":\"pt-PT\"},{\"@type\":\"Organization\",\"@id\":\"https:\\\/\\\/www.diariodeouropreto.com.br\\\/pt\\\/#organization\",\"name\":\"Di\u00e1rio de Ouro Preto\",\"alternateName\":\"Jornal di\u00e1rio Ouro Preto\",\"url\":\"https:\\\/\\\/www.diariodeouropreto.com.br\\\/pt\\\/\",\"logo\":{\"@type\":\"ImageObject\",\"inLanguage\":\"pt-PT\",\"@id\":\"https:\\\/\\\/www.diariodeouropreto.com.br\\\/pt\\\/#\\\/schema\\\/logo\\\/image\\\/\",\"url\":\"https:\\\/\\\/www.diariodeouropreto.com.br\\\/wp-content\\\/uploads\\\/2019\\\/06\\\/cropped-logotransp-2.png\",\"contentUrl\":\"https:\\\/\\\/www.diariodeouropreto.com.br\\\/wp-content\\\/uploads\\\/2019\\\/06\\\/cropped-logotransp-2.png\",\"width\":1323,\"height\":251,\"caption\":\"Di\u00e1rio de Ouro Preto\"},\"image\":{\"@id\":\"https:\\\/\\\/www.diariodeouropreto.com.br\\\/pt\\\/#\\\/schema\\\/logo\\\/image\\\/\"},\"sameAs\":[\"https:\\\/\\\/www.facebook.com\\\/diariodeouropreto\\\/\"]},{\"@type\":\"Person\",\"@id\":\"https:\\\/\\\/www.diariodeouropreto.com.br\\\/pt\\\/#\\\/schema\\\/person\\\/7654e7b471204a6dab6dc0ce6e140c99\",\"name\":\"Di\u00e1rio de Ouro Preto\",\"sameAs\":[\"http:\\\/\\\/www.diariodeouropreto.com.br\"],\"url\":\"https:\\\/\\\/www.diariodeouropreto.com.br\\\/pt\\\/author\\\/diario\\\/\"}]}<\/script>\n<!-- \/ Yoast SEO plugin. -->","yoast_head_json":{"title":"Samarco lan\u00e7a 5\u00aa edi\u00e7\u00e3o do Cat\u00e1logo de Fornecedores Locais - Di\u00e1rio de Ouro Preto","description":"Iniciativa busca ampliar a visibilidade de empresas locais e fomentar novos neg\u00f3cios nos territ\u00f3rios onde a mineradora atua- Samarco lan\u00e7a 5\u00aa edi\u00e7\u00e3o do Cat\u00e1logo de Fornecedores Locais - Cidades","robots":{"index":"index","follow":"follow","max-snippet":"max-snippet:-1","max-image-preview":"max-image-preview:large","max-video-preview":"max-video-preview:-1"},"canonical":"https:\/\/www.diariodeouropreto.com.br\/pt\/samarco-lanca-5a-edicao-do-catalogo-de-fornecedores-locais\/","og_locale":"pt_PT","og_type":"article","og_title":"Samarco lan\u00e7a 5\u00aa edi\u00e7\u00e3o do Cat\u00e1logo de Fornecedores Locais - Di\u00e1rio de Ouro Preto","og_description":"Iniciativa busca ampliar a visibilidade de empresas locais e fomentar novos neg\u00f3cios nos territ\u00f3rios onde a mineradora atua- Samarco lan\u00e7a 5\u00aa edi\u00e7\u00e3o do Cat\u00e1logo de Fornecedores Locais - Cidades","og_url":"https:\/\/www.diariodeouropreto.com.br\/pt\/samarco-lanca-5a-edicao-do-catalogo-de-fornecedores-locais\/","og_site_name":"Di\u00e1rio de Ouro Preto","article_publisher":"https:\/\/www.facebook.com\/diariodeouropreto\/","article_published_time":"2026-03-17T18:40:00+00:00","og_image":[{"width":559,"height":800,"url":"https:\/\/www.diariodeouropreto.com.br\/wp-content\/uploads\/2026\/03\/Forca-Local-Catalogo-de-Fornecedores-MG.jpg","type":"image\/jpeg"}],"author":"Di\u00e1rio de Ouro Preto","twitter_card":"summary_large_image","twitter_misc":{"Escrito por":"Di\u00e1rio de Ouro Preto","Tempo estimado de leitura":"3 minutos"},"schema":{"@context":"https:\/\/schema.org","@graph":[{"@type":"Article","@id":"https:\/\/www.diariodeouropreto.com.br\/samarco-lanca-5a-edicao-do-catalogo-de-fornecedores-locais\/#article","isPartOf":{"@id":"https:\/\/www.diariodeouropreto.com.br\/samarco-lanca-5a-edicao-do-catalogo-de-fornecedores-locais\/"},"author":{"name":"Di\u00e1rio de Ouro Preto","@id":"https:\/\/www.diariodeouropreto.com.br\/pt\/#\/schema\/person\/7654e7b471204a6dab6dc0ce6e140c99"},"headline":"Samarco lan\u00e7a 5\u00aa edi\u00e7\u00e3o do Cat\u00e1logo de Fornecedores Locais","datePublished":"2026-03-17T18:40:00+00:00","mainEntityOfPage":{"@id":"https:\/\/www.diariodeouropreto.com.br\/samarco-lanca-5a-edicao-do-catalogo-de-fornecedores-locais\/"},"wordCount":487,"publisher":{"@id":"https:\/\/www.diariodeouropreto.com.br\/pt\/#organization"},"image":{"@id":"https:\/\/www.diariodeouropreto.com.br\/samarco-lanca-5a-edicao-do-catalogo-de-fornecedores-locais\/#primaryimage"},"thumbnailUrl":"https:\/\/www.diariodeouropreto.com.br\/wp-content\/uploads\/2026\/03\/Forca-Local-Catalogo-de-Fornecedores-MG.jpg","articleSection":["Cidades"],"inLanguage":"pt-PT"},{"@type":"WebPage","@id":"https:\/\/www.diariodeouropreto.com.br\/samarco-lanca-5a-edicao-do-catalogo-de-fornecedores-locais\/","url":"https:\/\/www.diariodeouropreto.com.br\/samarco-lanca-5a-edicao-do-catalogo-de-fornecedores-locais\/","name":"Samarco lan\u00e7a 5\u00aa edi\u00e7\u00e3o do Cat\u00e1logo de Fornecedores Locais - Di\u00e1rio de Ouro Preto","isPartOf":{"@id":"https:\/\/www.diariodeouropreto.com.br\/pt\/#website"},"primaryImageOfPage":{"@id":"https:\/\/www.diariodeouropreto.com.br\/samarco-lanca-5a-edicao-do-catalogo-de-fornecedores-locais\/#primaryimage"},"image":{"@id":"https:\/\/www.diariodeouropreto.com.br\/samarco-lanca-5a-edicao-do-catalogo-de-fornecedores-locais\/#primaryimage"},"thumbnailUrl":"https:\/\/www.diariodeouropreto.com.br\/wp-content\/uploads\/2026\/03\/Forca-Local-Catalogo-de-Fornecedores-MG.jpg","datePublished":"2026-03-17T18:40:00+00:00","description":"Iniciativa busca ampliar a visibilidade de empresas locais e fomentar novos neg\u00f3cios nos territ\u00f3rios onde a mineradora atua- Samarco lan\u00e7a 5\u00aa edi\u00e7\u00e3o do Cat\u00e1logo de Fornecedores Locais - Cidades","breadcrumb":{"@id":"https:\/\/www.diariodeouropreto.com.br\/samarco-lanca-5a-edicao-do-catalogo-de-fornecedores-locais\/#breadcrumb"},"inLanguage":"pt-PT","potentialAction":[{"@type":"ReadAction","target":["https:\/\/www.diariodeouropreto.com.br\/samarco-lanca-5a-edicao-do-catalogo-de-fornecedores-locais\/"]}]},{"@type":"ImageObject","inLanguage":"pt-PT","@id":"https:\/\/www.diariodeouropreto.com.br\/samarco-lanca-5a-edicao-do-catalogo-de-fornecedores-locais\/#primaryimage","url":"https:\/\/www.diariodeouropreto.com.br\/wp-content\/uploads\/2026\/03\/Forca-Local-Catalogo-de-Fornecedores-MG.jpg","contentUrl":"https:\/\/www.diariodeouropreto.com.br\/wp-content\/uploads\/2026\/03\/Forca-Local-Catalogo-de-Fornecedores-MG.jpg","width":559,"height":800},{"@type":"BreadcrumbList","@id":"https:\/\/www.diariodeouropreto.com.br\/samarco-lanca-5a-edicao-do-catalogo-de-fornecedores-locais\/#breadcrumb","itemListElement":[{"@type":"ListItem","position":1,"name":"In\u00edcio","item":"https:\/\/www.diariodeouropreto.com.br\/pt\/"},{"@type":"ListItem","position":2,"name":"Samarco lan\u00e7a 5\u00aa edi\u00e7\u00e3o do Cat\u00e1logo de Fornecedores Locais"}]},{"@type":"WebSite","@id":"https:\/\/www.diariodeouropreto.com.br\/pt\/#website","url":"https:\/\/www.diariodeouropreto.com.br\/pt\/","name":"Di\u00e1rio de Ouro Preto","description":"Not\u00edcias Ouro Preto; Mariana;Minas Gerais;Jornal;Jornalismo;Not\u00edcias;","publisher":{"@id":"https:\/\/www.diariodeouropreto.com.br\/pt\/#organization"},"alternateName":"Jornal di\u00e1rio de Ouro Preto","potentialAction":[{"@type":"SearchAction","target":{"@type":"EntryPoint","urlTemplate":"https:\/\/www.diariodeouropreto.com.br\/pt\/?s={search_term_string}"},"query-input":{"@type":"PropertyValueSpecification","valueRequired":true,"valueName":"search_term_string"}}],"inLanguage":"pt-PT"},{"@type":"Organization","@id":"https:\/\/www.diariodeouropreto.com.br\/pt\/#organization","name":"Di\u00e1rio de Ouro Preto","alternateName":"Jornal di\u00e1rio Ouro Preto","url":"https:\/\/www.diariodeouropreto.com.br\/pt\/","logo":{"@type":"ImageObject","inLanguage":"pt-PT","@id":"https:\/\/www.diariodeouropreto.com.br\/pt\/#\/schema\/logo\/image\/","url":"https:\/\/www.diariodeouropreto.com.br\/wp-content\/uploads\/2019\/06\/cropped-logotransp-2.png","contentUrl":"https:\/\/www.diariodeouropreto.com.br\/wp-content\/uploads\/2019\/06\/cropped-logotransp-2.png","width":1323,"height":251,"caption":"Di\u00e1rio de Ouro Preto"},"image":{"@id":"https:\/\/www.diariodeouropreto.com.br\/pt\/#\/schema\/logo\/image\/"},"sameAs":["https:\/\/www.facebook.com\/diariodeouropreto\/"]},{"@type":"Person","@id":"https:\/\/www.diariodeouropreto.com.br\/pt\/#\/schema\/person\/7654e7b471204a6dab6dc0ce6e140c99","name":"Di\u00e1rio de Ouro Preto","sameAs":["http:\/\/www.diariodeouropreto.com.br"],"url":"https:\/\/www.diariodeouropreto.com.br\/pt\/author\/diario\/"}]}},"jetpack_publicize_connections":[],"jetpack_featured_media_url":"https:\/\/www.diariodeouropreto.com.br\/wp-content\/uploads\/2026\/03\/Forca-Local-Catalogo-de-Fornecedores-MG.jpg","jetpack-related-posts":[{"id":17506,"url":"https:\/\/www.diariodeouropreto.com.br\/pt\/programa-forca-local-samarco-lanca-2a-edicao-do-catalogo-eletronico-de-fornecedores-locais\/","url_meta":{"origin":50982,"position":0},"title":"Programa For\u00e7a Local: Samarco lan\u00e7a 2\u00aa edi\u00e7\u00e3o do Cat\u00e1logo Eletr\u00f4nico de Fornecedores Locais","author":"Di\u00e1rio de Ouro Preto","date":"28 de Julho de 2022","format":false,"excerpt":"A Samarco lan\u00e7ou hoje (28\/07) a segunda edi\u00e7\u00e3o do Cat\u00e1logo Eletr\u00f4nico de Fornecedores Locais, com a participa\u00e7\u00e3o de mais de 240 empresas de diversos segmentos. A a\u00e7\u00e3o \u00e9 uma das iniciativas atreladas ao programa For\u00e7a Local, que visa desenvolver e contribuir para a gera\u00e7\u00e3o de neg\u00f3cios nos territ\u00f3rios onde a\u2026","rel":"","context":"In &quot;Variedades&quot;","block_context":{"text":"Variedades","link":"https:\/\/www.diariodeouropreto.com.br\/pt\/Editoria\/variedades\/"},"img":{"alt_text":"","src":"https:\/\/i0.wp.com\/www.diariodeouropreto.com.br\/wp-content\/uploads\/2022\/07\/image001-1.png?resize=350%2C200&ssl=1","width":350,"height":200},"classes":[]},{"id":8480,"url":"https:\/\/www.diariodeouropreto.com.br\/pt\/samarco-lanca-catalogo-de-fornecedores-locais\/","url_meta":{"origin":50982,"position":1},"title":"Samarco lan\u00e7a Cat\u00e1logo de Fornecedores Locais","author":"Di\u00e1rio de Ouro Preto","date":"31 de Maio de 2021","format":false,"excerpt":"A Samarco lan\u00e7ou, nesta\u00a0segunda-feira\u00a0(31), o Cat\u00e1logo de Fornecedores Locais com o objetivo de desenvolver e contribuir para a gera\u00e7\u00e3o de neg\u00f3cios nos territ\u00f3rios de atua\u00e7\u00e3o da empresa em Minas Gerais e no Esp\u00edrito Santo. A\u00a0iniciativa\u00a0faz parte do programa For\u00e7a Local e re\u00fane, de maneira objetiva, servi\u00e7os de mais de 300\u2026","rel":"","context":"In &quot;Mariana&quot;","block_context":{"text":"Mariana","link":"https:\/\/www.diariodeouropreto.com.br\/pt\/Editoria\/mariana\/"},"img":{"alt_text":"","src":"https:\/\/i0.wp.com\/www.diariodeouropreto.com.br\/wp-content\/uploads\/2021\/05\/Captura-de-tela-2021-05-31-161703-e1622491148419.png?resize=350%2C200&ssl=1","width":350,"height":200,"srcset":"https:\/\/i0.wp.com\/www.diariodeouropreto.com.br\/wp-content\/uploads\/2021\/05\/Captura-de-tela-2021-05-31-161703-e1622491148419.png?resize=350%2C200&ssl=1 1x, https:\/\/i0.wp.com\/www.diariodeouropreto.com.br\/wp-content\/uploads\/2021\/05\/Captura-de-tela-2021-05-31-161703-e1622491148419.png?resize=525%2C300&ssl=1 1.5x"},"classes":[]},{"id":25340,"url":"https:\/\/www.diariodeouropreto.com.br\/pt\/forca-local-lanca-3a-edicao-do-catalogo-eletronico-de-fornecedores\/","url_meta":{"origin":50982,"position":2},"title":"For\u00e7a Local lan\u00e7a 3\u00aa edi\u00e7\u00e3o do Cat\u00e1logo Eletr\u00f4nico de Fornecedores\u00a0\u00a0","author":"Di\u00e1rio de Ouro Preto","date":"6 de Setembro de 2023","format":false,"excerpt":"O For\u00e7a Local lan\u00e7ou a\u00a03\u00aa Edi\u00e7\u00e3o do Cat\u00e1logo Eletr\u00f4nico de Fornecedores Locais, nessa ter\u00e7a-feira (05\/09), com a participa\u00e7\u00e3o de\u00a0empreendedores de Minas Gerais e do Esp\u00edrito Santo. O documento contempla informa\u00e7\u00f5es de 295 empresas de Mariana, Ouro Preto, Catas Altas e Santa B\u00e1rbara (MG), e 242 de Anchieta, Guarapari e Pi\u00fama\u2026","rel":"","context":"In &quot;Minas Gerais&quot;","block_context":{"text":"Minas Gerais","link":"https:\/\/www.diariodeouropreto.com.br\/pt\/Editoria\/minas-gerais\/"},"img":{"alt_text":"","src":"https:\/\/i0.wp.com\/www.diariodeouropreto.com.br\/wp-content\/uploads\/2023\/09\/06.09.23-Catalogo-Forca-Local.jpg?resize=350%2C200&ssl=1","width":350,"height":200,"srcset":"https:\/\/i0.wp.com\/www.diariodeouropreto.com.br\/wp-content\/uploads\/2023\/09\/06.09.23-Catalogo-Forca-Local.jpg?resize=350%2C200&ssl=1 1x, https:\/\/i0.wp.com\/www.diariodeouropreto.com.br\/wp-content\/uploads\/2023\/09\/06.09.23-Catalogo-Forca-Local.jpg?resize=525%2C300&ssl=1 1.5x, https:\/\/i0.wp.com\/www.diariodeouropreto.com.br\/wp-content\/uploads\/2023\/09\/06.09.23-Catalogo-Forca-Local.jpg?resize=700%2C400&ssl=1 2x"},"classes":[]},{"id":22726,"url":"https:\/\/www.diariodeouropreto.com.br\/pt\/forca-local-esta-com-inscricoes-abertas-para-o-catalogo-de-fornecedores\/","url_meta":{"origin":50982,"position":3},"title":"For\u00e7a Local\u00a0est\u00e1 com\u00a0inscri\u00e7\u00f5es\u00a0abertas\u00a0para o Cat\u00e1logo de Fornecedores","author":"Di\u00e1rio de Ouro Preto","date":"26 de Abril de 2023","format":false,"excerpt":"O\u00a0programa For\u00e7a Local\u00a0est\u00e1 com\u00a0inscri\u00e7\u00f5es\u00a0abertas at\u00e9 a pr\u00f3xima sexta-feira (28\/04)\u00a0para empreendedores interessados em fazer parte da 3\u00aa Edi\u00e7\u00e3o do Cat\u00e1logo Eletr\u00f4nico de Fornecedores de Minas Gerais e do Esp\u00edrito Santo. Podem participar empresas localizadas em\u00a0Catas Altas, Mariana, Ouro Preto e Santa B\u00e1rbara (MG), e Anchieta, Guarapari e Pi\u00fama (ES) de v\u00e1rios\u2026","rel":"","context":"In &quot;Minas Gerais&quot;","block_context":{"text":"Minas Gerais","link":"https:\/\/www.diariodeouropreto.com.br\/pt\/Editoria\/minas-gerais\/"},"img":{"alt_text":"","src":"https:\/\/i0.wp.com\/www.diariodeouropreto.com.br\/wp-content\/uploads\/2023\/04\/26.04.23-convite-Forca-Local.png?resize=350%2C200&ssl=1","width":350,"height":200,"srcset":"https:\/\/i0.wp.com\/www.diariodeouropreto.com.br\/wp-content\/uploads\/2023\/04\/26.04.23-convite-Forca-Local.png?resize=350%2C200&ssl=1 1x, https:\/\/i0.wp.com\/www.diariodeouropreto.com.br\/wp-content\/uploads\/2023\/04\/26.04.23-convite-Forca-Local.png?resize=525%2C300&ssl=1 1.5x, https:\/\/i0.wp.com\/www.diariodeouropreto.com.br\/wp-content\/uploads\/2023\/04\/26.04.23-convite-Forca-Local.png?resize=700%2C400&ssl=1 2x"},"classes":[]},{"id":5703,"url":"https:\/\/www.diariodeouropreto.com.br\/pt\/samarco-realiza-cadastro-para-compor-catalogo-de-fornecedores-locais\/","url_meta":{"origin":50982,"position":4},"title":"Samarco realiza cadastro para compor cat\u00e1logo de fornecedores locais","author":"Di\u00e1rio de Ouro Preto","date":"2 de Dezembro de 2020","format":false,"excerpt":"Lan\u00e7ado em outubro deste ano, o programa For\u00e7a Local visa fomentar o desenvolvimento socioecon\u00f4mico nos territ\u00f3rios onde a Samarco atua em Minas Gerais e no Esp\u00edrito Santo. Dentre as a\u00e7\u00f5es previstas est\u00e1 a produ\u00e7\u00e3o de dois cat\u00e1logos de fornecedores locais em formato eletr\u00f4nico. O cat\u00e1logo ser\u00e1 uma importante a\u00e7\u00e3o do\u2026","rel":"","context":"In &quot;Mariana&quot;","block_context":{"text":"Mariana","link":"https:\/\/www.diariodeouropreto.com.br\/pt\/Editoria\/mariana\/"},"img":{"alt_text":"","src":"https:\/\/i0.wp.com\/www.diariodeouropreto.com.br\/wp-content\/uploads\/2020\/12\/Forca-Local-cadastro-catalogo-de-fornecedores-1.jpeg?resize=350%2C200&ssl=1","width":350,"height":200,"srcset":"https:\/\/i0.wp.com\/www.diariodeouropreto.com.br\/wp-content\/uploads\/2020\/12\/Forca-Local-cadastro-catalogo-de-fornecedores-1.jpeg?resize=350%2C200&ssl=1 1x, https:\/\/i0.wp.com\/www.diariodeouropreto.com.br\/wp-content\/uploads\/2020\/12\/Forca-Local-cadastro-catalogo-de-fornecedores-1.jpeg?resize=525%2C300&ssl=1 1.5x, https:\/\/i0.wp.com\/www.diariodeouropreto.com.br\/wp-content\/uploads\/2020\/12\/Forca-Local-cadastro-catalogo-de-fornecedores-1.jpeg?resize=700%2C400&ssl=1 2x"},"classes":[]},{"id":9179,"url":"https:\/\/www.diariodeouropreto.com.br\/pt\/samarco-rodada-de-negocios-do-forca-local-fomenta-o-desenvolvimento-de-empresas-locais-mineiras\/","url_meta":{"origin":50982,"position":5},"title":"Samarco: Rodada de neg\u00f3cios do For\u00e7a Local fomenta o desenvolvimento de empresas locais mineiras","author":"Di\u00e1rio de Ouro Preto","date":"12 de Julho de 2021","format":false,"excerpt":"Cerca de 100 empresas do territ\u00f3rio de atua\u00e7\u00e3o da Samarco em Minas Gerais \u2013 Mariana, Ouro Preto, Catas Altas e Santa B\u00e1rbara participaram da 1\u00aa Rodada de Neg\u00f3cios do For\u00e7a Local, realizada no dia 8 de julho.\u00a0Fornecedores de diversos setores tiveram a oportunidade de trocar experi\u00eancias e conhecer a atua\u00e7\u00e3o\u2026","rel":"","context":"In &quot;Minas Gerais&quot;","block_context":{"text":"Minas Gerais","link":"https:\/\/www.diariodeouropreto.com.br\/pt\/Editoria\/minas-gerais\/"},"img":{"alt_text":"","src":"https:\/\/i0.wp.com\/www.diariodeouropreto.com.br\/wp-content\/uploads\/2021\/07\/Forca-Local_rodada-de-negocios-MG_Samarco.jpeg?resize=350%2C200&ssl=1","width":350,"height":200,"srcset":"https:\/\/i0.wp.com\/www.diariodeouropreto.com.br\/wp-content\/uploads\/2021\/07\/Forca-Local_rodada-de-negocios-MG_Samarco.jpeg?resize=350%2C200&ssl=1 1x, https:\/\/i0.wp.com\/www.diariodeouropreto.com.br\/wp-content\/uploads\/2021\/07\/Forca-Local_rodada-de-negocios-MG_Samarco.jpeg?resize=525%2C300&ssl=1 1.5x, https:\/\/i0.wp.com\/www.diariodeouropreto.com.br\/wp-content\/uploads\/2021\/07\/Forca-Local_rodada-de-negocios-MG_Samarco.jpeg?resize=700%2C400&ssl=1 2x, https:\/\/i0.wp.com\/www.diariodeouropreto.com.br\/wp-content\/uploads\/2021\/07\/Forca-Local_rodada-de-negocios-MG_Samarco.jpeg?resize=1050%2C600&ssl=1 3x"},"classes":[]}],"jetpack_sharing_enabled":true,"amp_enabled":true,"_links":{"self":[{"href":"https:\/\/www.diariodeouropreto.com.br\/pt\/wp-json\/wp\/v2\/posts\/50982","targetHints":{"allow":["GET"]}}],"collection":[{"href":"https:\/\/www.diariodeouropreto.com.br\/pt\/wp-json\/wp\/v2\/posts"}],"about":[{"href":"https:\/\/www.diariodeouropreto.com.br\/pt\/wp-json\/wp\/v2\/types\/post"}],"author":[{"embeddable":true,"href":"https:\/\/www.diariodeouropreto.com.br\/pt\/wp-json\/wp\/v2\/users\/1"}],"replies":[{"embeddable":true,"href":"https:\/\/www.diariodeouropreto.com.br\/pt\/wp-json\/wp\/v2\/comments?post=50982"}],"version-history":[{"count":1,"href":"https:\/\/www.diariodeouropreto.com.br\/pt\/wp-json\/wp\/v2\/posts\/50982\/revisions"}],"predecessor-version":[{"id":50985,"href":"https:\/\/www.diariodeouropreto.com.br\/pt\/wp-json\/wp\/v2\/posts\/50982\/revisions\/50985"}],"wp:featuredmedia":[{"embeddable":true,"href":"https:\/\/www.diariodeouropreto.com.br\/pt\/wp-json\/wp\/v2\/media\/50984"}],"wp:attachment":[{"href":"https:\/\/www.diariodeouropreto.com.br\/pt\/wp-json\/wp\/v2\/media?parent=50982"}],"wp:term":[{"taxonomy":"category","embeddable":true,"href":"https:\/\/www.diariodeouropreto.com.br\/pt\/wp-json\/wp\/v2\/categories?post=50982"},{"taxonomy":"post_tag","embeddable":true,"href":"https:\/\/www.diariodeouropreto.com.br\/pt\/wp-json\/wp\/v2\/tags?post=50982"}],"curies":[{"name":"wp","href":"https:\/\/api.w.org\/{rel}","templated":true}]}}