{"id":50977,"date":"2026-03-17T15:16:41","date_gmt":"2026-03-17T18:16:41","guid":{"rendered":"https:\/\/www.diariodeouropreto.com.br\/?p=50977"},"modified":"2026-03-17T15:16:48","modified_gmt":"2026-03-17T18:16:48","slug":"coluna-musical-do-aquiles-o-trovador-de-estranhamentos","status":"publish","type":"post","link":"https:\/\/www.diariodeouropreto.com.br\/pt\/coluna-musical-do-aquiles-o-trovador-de-estranhamentos\/","title":{"rendered":"[Coluna Musical do Aquiles] O trovador de estranhamentos"},"content":{"rendered":"<p>Hoje \u00e9 dia do \u00e1lbum de Roguan (Roberto Guimar\u00e3es Andreoli), um m\u00faltiplo artista que ap\u00f3s duas d\u00e9cadas dedicadas ao teatro, \u00e0 poesia e ao cinema (ele trabalhou durante quatro anos com F\u00e1tima Toledo, com quem realizou o filme <em>Tropa de Elite<\/em>), estreia oficialmente na m\u00fasica com o \u00e1lbum hom\u00f4nimo.<\/p>\n\n\n\n<p>A sensa\u00e7\u00e3o que se tem ao ouvi-lo \u00e9 de estarmos diante de um cara que desdobrou sua alma em v\u00e1rios corpos. Um bardo mult\u00edplice a servi\u00e7o de uma voz que, por vezes, remete a Chico Science. Ao ouvir o \u00e1lbum, sugiro que deixem de lado qualquer forma de quizila \u2013 a surpresa \u00e9 o dom da beleza.<\/p>\n\n\n\n<p>Eis algumas das can\u00e7\u00f5es.<\/p>\n\n\n\n<p><strong><\/strong><strong>\u201cAto 1 \u2013 O Espelho Invertido (prel\u00fadio)\u201d<\/strong>: escutam-se passos. A viola caipira de Roguan tange uma melodia com pegada ib\u00e9rica. A letra vem sussurrada: <em>\u201cGuerra, morte, paz, vida&#8230; \u00c9 tudo ilus\u00e3o\u201d<\/em>. <strong>\u201cSem a Terra Sem o Mar\u201d<\/strong>: o canto de Roguan embala sua viola caipira e sua gaita. As cordas dedilhadas arrebatam num <em>intermezzo<\/em> instrumental. <strong>\u201cCala Voz\u201d<\/strong>: o viol\u00e3o de Rodrigo Ramos acompanha a cantoria impetuosa de Roguan&#8230; Enquanto isso, sua po\u00e9tica abrasa o ju\u00edzo do ouvinte. <strong>\u201cO Transe\u201d<\/strong>:<strong> <\/strong>o viol\u00e3o de sete cordas de Roguan o acompanha no folhetim enlouquecido. E o sussurro volta e remata. <strong>\u201cAto 2 Reverter (interl\u00fadio)\u201d<\/strong>: o cantar sussurrado e a guitarra de Roguan iniciam. Voltam os passos, que agora soam como se pisassem na \u00e1gua. <strong>\u201cVerso\u201d<\/strong>: a bela melodia vem clara na voz do menestrel. A batida do marac\u00e1 (instrumento musical ind\u00edgena, com uma caba\u00e7a seca recheada com sementes ou pedras, fixada num bast\u00e3o de madeira) puxa o ritmo. <strong>\u201cC\u00e1lice da Flor\u201d<\/strong>: com a mesma forma\u00e7\u00e3o instrumental do arranjo anterior (exceto o marac\u00e1), sente-se ainda mais a parecen\u00e7a da voz de Roguan com a de Chico Science. <strong>\u201cO Nosso Fim \u00c9 Come\u00e7ar\u201d<\/strong>: com a mesma base instrumental da faixa anterior, sem marac\u00e1, Roguan refor\u00e7a sua disposi\u00e7\u00e3o de alternar a voz falada com a entoada, para explicitar sua exist\u00eancia. <strong>\u201cAto 3 \u2013 O Agora (interl\u00fadio)\u201d<\/strong>: a guitarra de Roguan inicia. Logo sua voz soa sobre os ponteios da viola caipira. Cantando e sussurrando versos, sua for\u00e7a pulsa no ar. <strong>\u201cE Se Todos Sou Eu?\u201d<\/strong>: acompanhado apenas pela viola caipira de Rodrigo Ramos, Roguan canta a m\u00fasica mais bela do \u00e1lbum. <strong>\u201cVonvence o Passo\u201d<\/strong>: o derbake (instrumento \u00e1rabe de percuss\u00e3o em forma de c\u00e1lice) deflagra o suingue de Roguan, esmerando-se para expor \u00e0s claras a sua voz dobrada. <strong>\u201cFinal \u2013 Pra Minha Voz (posl\u00fadio)\u201d<\/strong>:<strong> <\/strong>o viol\u00e3o de sete cordas soa, dedilhado por Roguan. Enquanto o cantor clama <em>\u201c<\/em>Eu digo sim!<em>\u201d<\/em>, voltam os passos, que agora conduzem ao final do \u00e1lbum.<\/p>\n\n\n\n<p><strong>Aquiles Rique Reis<\/strong><\/p>\n\n\n\n<p>Nossos protetores nunca desistem de n\u00f3s.<\/p>\n\n\n\n<p><strong>Ficha t\u00e9cnica: <\/strong>Produ\u00e7\u00e3o: Rodrigo Ramos; produ\u00e7\u00e3o art\u00edstica: Mayra Faour Auad; engenharia de som, mixagem e masteriza\u00e7\u00e3o: Bruno Pontalti; arranjos,&nbsp;viol\u00e3o e percuss\u00e3o: Rodrigo Ramos; foto de capa: Roguan; design: Felipe Braga.<\/p>\n\n\n\n<div id=\"110712\" class=\"advads-saneouro advads-entity-placement\" style=\"margin-left: auto;margin-right: auto;text-align: center;\"><a href=\"https:\/\/www.saneouro.com.br\/\" target=\"_blank\" aria-label=\"DOP_Site\" data-wpel-link=\"external\" rel=\"follow external noopener noreferrer sponsored ugc\"><img src=\"https:\/\/www.diariodeouropreto.com.br\/wp-content\/uploads\/2026\/04\/DOP_Site.jpg\" alt=\"\"  srcset=\"https:\/\/www.diariodeouropreto.com.br\/wp-content\/uploads\/2026\/04\/DOP_Site.jpg 301w, https:\/\/www.diariodeouropreto.com.br\/wp-content\/uploads\/2026\/04\/DOP_Site-180x150.jpg 180w, https:\/\/www.diariodeouropreto.com.br\/wp-content\/uploads\/2026\/04\/DOP_Site-14x12.jpg 14w\" sizes=\"(max-width: 301px) 100vw, 301px\" width=\"301\" height=\"251\"  style=\"display: inline-block;\" \/><\/a><\/div><p><strong>Ou\u00e7am o \u00e1lbum:<\/strong>&nbsp;<\/p>\n\n\n\n<div id=\"50321\" class=\"advads-plantao advads-entity-placement\"><a href=\"https:\/\/www.diariodeouropreto.com.br\/pt\/\" target=\"_blank\" aria-label=\"site &#8211; noticia\" data-wpel-link=\"external\" rel=\"follow external noopener noreferrer sponsored ugc\"><img src=\"https:\/\/www.diariodeouropreto.com.br\/wp-content\/uploads\/2019\/09\/titulosite2-e1616373489755.jpg\" alt=\"\"  srcset=\"https:\/\/www.diariodeouropreto.com.br\/wp-content\/uploads\/2019\/09\/titulosite2-e1616373489755.jpg 1200w, https:\/\/www.diariodeouropreto.com.br\/wp-content\/uploads\/2019\/09\/titulosite2-e1616373489755-150x38.jpg 150w, https:\/\/www.diariodeouropreto.com.br\/wp-content\/uploads\/2019\/09\/titulosite2-e1616373489755-660x167.jpg 660w, https:\/\/www.diariodeouropreto.com.br\/wp-content\/uploads\/2019\/09\/titulosite2-e1616373489755-768x194.jpg 768w, https:\/\/www.diariodeouropreto.com.br\/wp-content\/uploads\/2019\/09\/titulosite2-e1616373489755-1000x252.jpg 1000w, https:\/\/www.diariodeouropreto.com.br\/wp-content\/uploads\/2019\/09\/titulosite2-e1616373489755-1536x388.jpg 1536w, https:\/\/www.diariodeouropreto.com.br\/wp-content\/uploads\/2019\/09\/titulosite2-e1616373489755-2048x517.jpg 2048w\" sizes=\"(max-width: 1200px) 100vw, 1200px\" width=\"1200\" height=\"303\"  style=\"display: inline-block;\" \/><\/a><\/div><p><a href=\"https:\/\/www.youtube.com\/watch?v=ZDxh4bygM4o&amp;list=OLAK5uy_lAzUTPihGgP_EyPPfPZJBFjeoqzS5KhwU\" data-wpel-link=\"external\" target=\"_blank\" rel=\"follow external noopener noreferrer sponsored ugc\">https:\/\/www.youtube.com\/watch?v=ZDxh4bygM4o&amp;list=OLAK5uy_lAzUTPihGgP_EyPPfPZJBFjeoqzS5KhwU<\/a> (Todas as composi\u00e7\u00f5es s\u00e3o de Roguan).<\/p>","protected":false},"excerpt":{"rendered":"<p>Hoje \u00e9 dia do \u00e1lbum de Roguan (Roberto Guimar\u00e3es Andreoli), um m\u00faltiplo artista que ap\u00f3s duas d\u00e9cadas dedicadas ao teatro, \u00e0 poesia e ao cinema (ele trabalhou durante quatro anos com F\u00e1tima Toledo, com quem realizou o filme Tropa de Elite), estreia oficialmente na m\u00fasica com o \u00e1lbum hom\u00f4nimo. A<span class=\"more-link\"><a href=\"https:\/\/www.diariodeouropreto.com.br\/pt\/coluna-musical-do-aquiles-o-trovador-de-estranhamentos\/\" data-wpel-link=\"internal\">Continue Lendo<\/a><\/span><\/p>","protected":false},"author":1,"featured_media":50978,"comment_status":"closed","ping_status":"closed","sticky":false,"template":"","format":"standard","meta":{"_jetpack_memberships_contains_paid_content":false,"footnotes":"","jetpack_publicize_message":"Hoje \u00e9 dia do \u00e1lbum de Roguan (Roberto Guimar\u00e3es Andreoli), um m\u00faltiplo artista que ap\u00f3s duas d\u00e9cadas dedicadas ao teatro, \u00e0 poesia e ao cinema (ele trabalhou durante quatro anos com F\u00e1tima Toledo, com quem realizou o filme Tropa de Elite), estreia oficialmente na m\u00fasica com o \u00e1lbum hom\u00f4nimo","jetpack_publicize_feature_enabled":true,"jetpack_social_post_already_shared":false,"jetpack_social_options":{"image_generator_settings":{"template":"highway","default_image_id":0,"font":"","enabled":false},"version":2}},"categories":[76],"tags":[],"class_list":["entry","author-diario","post-50977","post","type-post","status-publish","format-standard","has-post-thumbnail","category-coluna"],"yoast_head":"<!-- This site is optimized with the Yoast SEO plugin v27.5 - https:\/\/yoast.com\/product\/yoast-seo-wordpress\/ -->\n<title>[Coluna Musical do Aquiles] O trovador de estranhamentos - Di\u00e1rio de Ouro Preto<\/title>\n<meta name=\"description\" content=\"Hoje \u00e9 dia do \u00e1lbum de Roguan (Roberto Guimar\u00e3es Andreoli), um m\u00faltiplo artista que ap\u00f3s duas d\u00e9cadas dedicadas ao teatro, \u00e0 poesia e ao cinema (ele trabalhou durante quatro anos com F\u00e1tima Toledo, com quem realizou o filme Tropa de Elite), estreia oficialmente na m\u00fasica com o \u00e1lbum hom\u00f4nimo- [Coluna Musical do Aquiles] O trovador de estranhamentos - Coluna\" \/>\n<meta name=\"robots\" content=\"index, follow, max-snippet:-1, max-image-preview:large, max-video-preview:-1\" \/>\n<link rel=\"canonical\" href=\"https:\/\/www.diariodeouropreto.com.br\/pt\/coluna-musical-do-aquiles-o-trovador-de-estranhamentos\/\" \/>\n<meta property=\"og:locale\" content=\"pt_PT\" \/>\n<meta property=\"og:type\" content=\"article\" \/>\n<meta property=\"og:title\" content=\"[Coluna Musical do Aquiles] O trovador de estranhamentos - Di\u00e1rio de Ouro Preto\" \/>\n<meta property=\"og:description\" content=\"Hoje \u00e9 dia do \u00e1lbum de Roguan (Roberto Guimar\u00e3es Andreoli), um m\u00faltiplo artista que ap\u00f3s duas d\u00e9cadas dedicadas ao teatro, \u00e0 poesia e ao cinema (ele trabalhou durante quatro anos com F\u00e1tima Toledo, com quem realizou o filme Tropa de Elite), estreia oficialmente na m\u00fasica com o \u00e1lbum hom\u00f4nimo- [Coluna Musical do Aquiles] O trovador de estranhamentos - Coluna\" \/>\n<meta property=\"og:url\" content=\"https:\/\/www.diariodeouropreto.com.br\/pt\/coluna-musical-do-aquiles-o-trovador-de-estranhamentos\/\" \/>\n<meta property=\"og:site_name\" content=\"Di\u00e1rio de Ouro Preto\" \/>\n<meta property=\"article:publisher\" content=\"https:\/\/www.facebook.com\/diariodeouropreto\/\" \/>\n<meta property=\"article:published_time\" content=\"2026-03-17T18:16:41+00:00\" \/>\n<meta property=\"article:modified_time\" content=\"2026-03-17T18:16:48+00:00\" \/>\n<meta property=\"og:image\" content=\"https:\/\/www.diariodeouropreto.com.br\/wp-content\/uploads\/2026\/03\/Capa-CD-Roguan.jpg\" \/>\n\t<meta property=\"og:image:width\" content=\"803\" \/>\n\t<meta property=\"og:image:height\" content=\"800\" \/>\n\t<meta property=\"og:image:type\" content=\"image\/jpeg\" \/>\n<meta name=\"author\" content=\"Di\u00e1rio de Ouro Preto\" \/>\n<meta name=\"twitter:card\" content=\"summary_large_image\" \/>\n<meta name=\"twitter:label1\" content=\"Escrito por\" \/>\n\t<meta name=\"twitter:data1\" content=\"Di\u00e1rio de Ouro Preto\" \/>\n\t<meta name=\"twitter:label2\" content=\"Tempo estimado de leitura\" \/>\n\t<meta name=\"twitter:data2\" content=\"3 minutos\" \/>\n<script type=\"application\/ld+json\" class=\"yoast-schema-graph\">{\"@context\":\"https:\\\/\\\/schema.org\",\"@graph\":[{\"@type\":\"Article\",\"@id\":\"https:\\\/\\\/www.diariodeouropreto.com.br\\\/coluna-musical-do-aquiles-o-trovador-de-estranhamentos\\\/#article\",\"isPartOf\":{\"@id\":\"https:\\\/\\\/www.diariodeouropreto.com.br\\\/coluna-musical-do-aquiles-o-trovador-de-estranhamentos\\\/\"},\"author\":{\"name\":\"Di\u00e1rio de Ouro Preto\",\"@id\":\"https:\\\/\\\/www.diariodeouropreto.com.br\\\/pt\\\/#\\\/schema\\\/person\\\/7654e7b471204a6dab6dc0ce6e140c99\"},\"headline\":\"[Coluna Musical do Aquiles] O trovador de estranhamentos\",\"datePublished\":\"2026-03-17T18:16:41+00:00\",\"dateModified\":\"2026-03-17T18:16:48+00:00\",\"mainEntityOfPage\":{\"@id\":\"https:\\\/\\\/www.diariodeouropreto.com.br\\\/coluna-musical-do-aquiles-o-trovador-de-estranhamentos\\\/\"},\"wordCount\":544,\"publisher\":{\"@id\":\"https:\\\/\\\/www.diariodeouropreto.com.br\\\/pt\\\/#organization\"},\"image\":{\"@id\":\"https:\\\/\\\/www.diariodeouropreto.com.br\\\/coluna-musical-do-aquiles-o-trovador-de-estranhamentos\\\/#primaryimage\"},\"thumbnailUrl\":\"https:\\\/\\\/www.diariodeouropreto.com.br\\\/wp-content\\\/uploads\\\/2026\\\/03\\\/Capa-CD-Roguan.jpg\",\"articleSection\":[\"Coluna\"],\"inLanguage\":\"pt-PT\"},{\"@type\":\"WebPage\",\"@id\":\"https:\\\/\\\/www.diariodeouropreto.com.br\\\/coluna-musical-do-aquiles-o-trovador-de-estranhamentos\\\/\",\"url\":\"https:\\\/\\\/www.diariodeouropreto.com.br\\\/coluna-musical-do-aquiles-o-trovador-de-estranhamentos\\\/\",\"name\":\"[Coluna Musical do Aquiles] O trovador de estranhamentos - Di\u00e1rio de Ouro Preto\",\"isPartOf\":{\"@id\":\"https:\\\/\\\/www.diariodeouropreto.com.br\\\/pt\\\/#website\"},\"primaryImageOfPage\":{\"@id\":\"https:\\\/\\\/www.diariodeouropreto.com.br\\\/coluna-musical-do-aquiles-o-trovador-de-estranhamentos\\\/#primaryimage\"},\"image\":{\"@id\":\"https:\\\/\\\/www.diariodeouropreto.com.br\\\/coluna-musical-do-aquiles-o-trovador-de-estranhamentos\\\/#primaryimage\"},\"thumbnailUrl\":\"https:\\\/\\\/www.diariodeouropreto.com.br\\\/wp-content\\\/uploads\\\/2026\\\/03\\\/Capa-CD-Roguan.jpg\",\"datePublished\":\"2026-03-17T18:16:41+00:00\",\"dateModified\":\"2026-03-17T18:16:48+00:00\",\"description\":\"Hoje \u00e9 dia do \u00e1lbum de Roguan (Roberto Guimar\u00e3es Andreoli), um m\u00faltiplo artista que ap\u00f3s duas d\u00e9cadas dedicadas ao teatro, \u00e0 poesia e ao cinema (ele trabalhou durante quatro anos com F\u00e1tima Toledo, com quem realizou o filme Tropa de Elite), estreia oficialmente na m\u00fasica com o \u00e1lbum hom\u00f4nimo- [Coluna Musical do Aquiles] O trovador de estranhamentos - Coluna\",\"breadcrumb\":{\"@id\":\"https:\\\/\\\/www.diariodeouropreto.com.br\\\/coluna-musical-do-aquiles-o-trovador-de-estranhamentos\\\/#breadcrumb\"},\"inLanguage\":\"pt-PT\",\"potentialAction\":[{\"@type\":\"ReadAction\",\"target\":[\"https:\\\/\\\/www.diariodeouropreto.com.br\\\/coluna-musical-do-aquiles-o-trovador-de-estranhamentos\\\/\"]}]},{\"@type\":\"ImageObject\",\"inLanguage\":\"pt-PT\",\"@id\":\"https:\\\/\\\/www.diariodeouropreto.com.br\\\/coluna-musical-do-aquiles-o-trovador-de-estranhamentos\\\/#primaryimage\",\"url\":\"https:\\\/\\\/www.diariodeouropreto.com.br\\\/wp-content\\\/uploads\\\/2026\\\/03\\\/Capa-CD-Roguan.jpg\",\"contentUrl\":\"https:\\\/\\\/www.diariodeouropreto.com.br\\\/wp-content\\\/uploads\\\/2026\\\/03\\\/Capa-CD-Roguan.jpg\",\"width\":803,\"height\":800},{\"@type\":\"BreadcrumbList\",\"@id\":\"https:\\\/\\\/www.diariodeouropreto.com.br\\\/coluna-musical-do-aquiles-o-trovador-de-estranhamentos\\\/#breadcrumb\",\"itemListElement\":[{\"@type\":\"ListItem\",\"position\":1,\"name\":\"In\u00edcio\",\"item\":\"https:\\\/\\\/www.diariodeouropreto.com.br\\\/pt\\\/\"},{\"@type\":\"ListItem\",\"position\":2,\"name\":\"[Coluna Musical do Aquiles] O trovador de estranhamentos\"}]},{\"@type\":\"WebSite\",\"@id\":\"https:\\\/\\\/www.diariodeouropreto.com.br\\\/pt\\\/#website\",\"url\":\"https:\\\/\\\/www.diariodeouropreto.com.br\\\/pt\\\/\",\"name\":\"Di\u00e1rio de Ouro Preto\",\"description\":\"Not\u00edcias Ouro Preto; Mariana;Minas Gerais;Jornal;Jornalismo;Not\u00edcias;\",\"publisher\":{\"@id\":\"https:\\\/\\\/www.diariodeouropreto.com.br\\\/pt\\\/#organization\"},\"alternateName\":\"Jornal di\u00e1rio de Ouro Preto\",\"potentialAction\":[{\"@type\":\"SearchAction\",\"target\":{\"@type\":\"EntryPoint\",\"urlTemplate\":\"https:\\\/\\\/www.diariodeouropreto.com.br\\\/pt\\\/?s={search_term_string}\"},\"query-input\":{\"@type\":\"PropertyValueSpecification\",\"valueRequired\":true,\"valueName\":\"search_term_string\"}}],\"inLanguage\":\"pt-PT\"},{\"@type\":\"Organization\",\"@id\":\"https:\\\/\\\/www.diariodeouropreto.com.br\\\/pt\\\/#organization\",\"name\":\"Di\u00e1rio de Ouro Preto\",\"alternateName\":\"Jornal di\u00e1rio Ouro Preto\",\"url\":\"https:\\\/\\\/www.diariodeouropreto.com.br\\\/pt\\\/\",\"logo\":{\"@type\":\"ImageObject\",\"inLanguage\":\"pt-PT\",\"@id\":\"https:\\\/\\\/www.diariodeouropreto.com.br\\\/pt\\\/#\\\/schema\\\/logo\\\/image\\\/\",\"url\":\"https:\\\/\\\/www.diariodeouropreto.com.br\\\/wp-content\\\/uploads\\\/2019\\\/06\\\/cropped-logotransp-2.png\",\"contentUrl\":\"https:\\\/\\\/www.diariodeouropreto.com.br\\\/wp-content\\\/uploads\\\/2019\\\/06\\\/cropped-logotransp-2.png\",\"width\":1323,\"height\":251,\"caption\":\"Di\u00e1rio de Ouro Preto\"},\"image\":{\"@id\":\"https:\\\/\\\/www.diariodeouropreto.com.br\\\/pt\\\/#\\\/schema\\\/logo\\\/image\\\/\"},\"sameAs\":[\"https:\\\/\\\/www.facebook.com\\\/diariodeouropreto\\\/\"]},{\"@type\":\"Person\",\"@id\":\"https:\\\/\\\/www.diariodeouropreto.com.br\\\/pt\\\/#\\\/schema\\\/person\\\/7654e7b471204a6dab6dc0ce6e140c99\",\"name\":\"Di\u00e1rio de Ouro Preto\",\"sameAs\":[\"http:\\\/\\\/www.diariodeouropreto.com.br\"],\"url\":\"https:\\\/\\\/www.diariodeouropreto.com.br\\\/pt\\\/author\\\/diario\\\/\"}]}<\/script>\n<!-- \/ Yoast SEO plugin. -->","yoast_head_json":{"title":"[Coluna Musical do Aquiles] O trovador de estranhamentos - Di\u00e1rio de Ouro Preto","description":"Hoje \u00e9 dia do \u00e1lbum de Roguan (Roberto Guimar\u00e3es Andreoli), um m\u00faltiplo artista que ap\u00f3s duas d\u00e9cadas dedicadas ao teatro, \u00e0 poesia e ao cinema (ele trabalhou durante quatro anos com F\u00e1tima Toledo, com quem realizou o filme Tropa de Elite), estreia oficialmente na m\u00fasica com o \u00e1lbum hom\u00f4nimo- [Coluna Musical do Aquiles] O trovador de estranhamentos - Coluna","robots":{"index":"index","follow":"follow","max-snippet":"max-snippet:-1","max-image-preview":"max-image-preview:large","max-video-preview":"max-video-preview:-1"},"canonical":"https:\/\/www.diariodeouropreto.com.br\/pt\/coluna-musical-do-aquiles-o-trovador-de-estranhamentos\/","og_locale":"pt_PT","og_type":"article","og_title":"[Coluna Musical do Aquiles] O trovador de estranhamentos - Di\u00e1rio de Ouro Preto","og_description":"Hoje \u00e9 dia do \u00e1lbum de Roguan (Roberto Guimar\u00e3es Andreoli), um m\u00faltiplo artista que ap\u00f3s duas d\u00e9cadas dedicadas ao teatro, \u00e0 poesia e ao cinema (ele trabalhou durante quatro anos com F\u00e1tima Toledo, com quem realizou o filme Tropa de Elite), estreia oficialmente na m\u00fasica com o \u00e1lbum hom\u00f4nimo- [Coluna Musical do Aquiles] O trovador de estranhamentos - Coluna","og_url":"https:\/\/www.diariodeouropreto.com.br\/pt\/coluna-musical-do-aquiles-o-trovador-de-estranhamentos\/","og_site_name":"Di\u00e1rio de Ouro Preto","article_publisher":"https:\/\/www.facebook.com\/diariodeouropreto\/","article_published_time":"2026-03-17T18:16:41+00:00","article_modified_time":"2026-03-17T18:16:48+00:00","og_image":[{"width":803,"height":800,"url":"https:\/\/www.diariodeouropreto.com.br\/wp-content\/uploads\/2026\/03\/Capa-CD-Roguan.jpg","type":"image\/jpeg"}],"author":"Di\u00e1rio de Ouro Preto","twitter_card":"summary_large_image","twitter_misc":{"Escrito por":"Di\u00e1rio de Ouro Preto","Tempo estimado de leitura":"3 minutos"},"schema":{"@context":"https:\/\/schema.org","@graph":[{"@type":"Article","@id":"https:\/\/www.diariodeouropreto.com.br\/coluna-musical-do-aquiles-o-trovador-de-estranhamentos\/#article","isPartOf":{"@id":"https:\/\/www.diariodeouropreto.com.br\/coluna-musical-do-aquiles-o-trovador-de-estranhamentos\/"},"author":{"name":"Di\u00e1rio de Ouro Preto","@id":"https:\/\/www.diariodeouropreto.com.br\/pt\/#\/schema\/person\/7654e7b471204a6dab6dc0ce6e140c99"},"headline":"[Coluna Musical do Aquiles] O trovador de estranhamentos","datePublished":"2026-03-17T18:16:41+00:00","dateModified":"2026-03-17T18:16:48+00:00","mainEntityOfPage":{"@id":"https:\/\/www.diariodeouropreto.com.br\/coluna-musical-do-aquiles-o-trovador-de-estranhamentos\/"},"wordCount":544,"publisher":{"@id":"https:\/\/www.diariodeouropreto.com.br\/pt\/#organization"},"image":{"@id":"https:\/\/www.diariodeouropreto.com.br\/coluna-musical-do-aquiles-o-trovador-de-estranhamentos\/#primaryimage"},"thumbnailUrl":"https:\/\/www.diariodeouropreto.com.br\/wp-content\/uploads\/2026\/03\/Capa-CD-Roguan.jpg","articleSection":["Coluna"],"inLanguage":"pt-PT"},{"@type":"WebPage","@id":"https:\/\/www.diariodeouropreto.com.br\/coluna-musical-do-aquiles-o-trovador-de-estranhamentos\/","url":"https:\/\/www.diariodeouropreto.com.br\/coluna-musical-do-aquiles-o-trovador-de-estranhamentos\/","name":"[Coluna Musical do Aquiles] O trovador de estranhamentos - Di\u00e1rio de Ouro Preto","isPartOf":{"@id":"https:\/\/www.diariodeouropreto.com.br\/pt\/#website"},"primaryImageOfPage":{"@id":"https:\/\/www.diariodeouropreto.com.br\/coluna-musical-do-aquiles-o-trovador-de-estranhamentos\/#primaryimage"},"image":{"@id":"https:\/\/www.diariodeouropreto.com.br\/coluna-musical-do-aquiles-o-trovador-de-estranhamentos\/#primaryimage"},"thumbnailUrl":"https:\/\/www.diariodeouropreto.com.br\/wp-content\/uploads\/2026\/03\/Capa-CD-Roguan.jpg","datePublished":"2026-03-17T18:16:41+00:00","dateModified":"2026-03-17T18:16:48+00:00","description":"Hoje \u00e9 dia do \u00e1lbum de Roguan (Roberto Guimar\u00e3es Andreoli), um m\u00faltiplo artista que ap\u00f3s duas d\u00e9cadas dedicadas ao teatro, \u00e0 poesia e ao cinema (ele trabalhou durante quatro anos com F\u00e1tima Toledo, com quem realizou o filme Tropa de Elite), estreia oficialmente na m\u00fasica com o \u00e1lbum hom\u00f4nimo- [Coluna Musical do Aquiles] O trovador de estranhamentos - Coluna","breadcrumb":{"@id":"https:\/\/www.diariodeouropreto.com.br\/coluna-musical-do-aquiles-o-trovador-de-estranhamentos\/#breadcrumb"},"inLanguage":"pt-PT","potentialAction":[{"@type":"ReadAction","target":["https:\/\/www.diariodeouropreto.com.br\/coluna-musical-do-aquiles-o-trovador-de-estranhamentos\/"]}]},{"@type":"ImageObject","inLanguage":"pt-PT","@id":"https:\/\/www.diariodeouropreto.com.br\/coluna-musical-do-aquiles-o-trovador-de-estranhamentos\/#primaryimage","url":"https:\/\/www.diariodeouropreto.com.br\/wp-content\/uploads\/2026\/03\/Capa-CD-Roguan.jpg","contentUrl":"https:\/\/www.diariodeouropreto.com.br\/wp-content\/uploads\/2026\/03\/Capa-CD-Roguan.jpg","width":803,"height":800},{"@type":"BreadcrumbList","@id":"https:\/\/www.diariodeouropreto.com.br\/coluna-musical-do-aquiles-o-trovador-de-estranhamentos\/#breadcrumb","itemListElement":[{"@type":"ListItem","position":1,"name":"In\u00edcio","item":"https:\/\/www.diariodeouropreto.com.br\/pt\/"},{"@type":"ListItem","position":2,"name":"[Coluna Musical do Aquiles] O trovador de estranhamentos"}]},{"@type":"WebSite","@id":"https:\/\/www.diariodeouropreto.com.br\/pt\/#website","url":"https:\/\/www.diariodeouropreto.com.br\/pt\/","name":"Di\u00e1rio de Ouro Preto","description":"Not\u00edcias Ouro Preto; Mariana;Minas Gerais;Jornal;Jornalismo;Not\u00edcias;","publisher":{"@id":"https:\/\/www.diariodeouropreto.com.br\/pt\/#organization"},"alternateName":"Jornal di\u00e1rio de Ouro Preto","potentialAction":[{"@type":"SearchAction","target":{"@type":"EntryPoint","urlTemplate":"https:\/\/www.diariodeouropreto.com.br\/pt\/?s={search_term_string}"},"query-input":{"@type":"PropertyValueSpecification","valueRequired":true,"valueName":"search_term_string"}}],"inLanguage":"pt-PT"},{"@type":"Organization","@id":"https:\/\/www.diariodeouropreto.com.br\/pt\/#organization","name":"Di\u00e1rio de Ouro Preto","alternateName":"Jornal di\u00e1rio Ouro Preto","url":"https:\/\/www.diariodeouropreto.com.br\/pt\/","logo":{"@type":"ImageObject","inLanguage":"pt-PT","@id":"https:\/\/www.diariodeouropreto.com.br\/pt\/#\/schema\/logo\/image\/","url":"https:\/\/www.diariodeouropreto.com.br\/wp-content\/uploads\/2019\/06\/cropped-logotransp-2.png","contentUrl":"https:\/\/www.diariodeouropreto.com.br\/wp-content\/uploads\/2019\/06\/cropped-logotransp-2.png","width":1323,"height":251,"caption":"Di\u00e1rio de Ouro Preto"},"image":{"@id":"https:\/\/www.diariodeouropreto.com.br\/pt\/#\/schema\/logo\/image\/"},"sameAs":["https:\/\/www.facebook.com\/diariodeouropreto\/"]},{"@type":"Person","@id":"https:\/\/www.diariodeouropreto.com.br\/pt\/#\/schema\/person\/7654e7b471204a6dab6dc0ce6e140c99","name":"Di\u00e1rio de Ouro Preto","sameAs":["http:\/\/www.diariodeouropreto.com.br"],"url":"https:\/\/www.diariodeouropreto.com.br\/pt\/author\/diario\/"}]}},"jetpack_publicize_connections":[],"jetpack_featured_media_url":"https:\/\/www.diariodeouropreto.com.br\/wp-content\/uploads\/2026\/03\/Capa-CD-Roguan.jpg","jetpack-related-posts":[{"id":44803,"url":"https:\/\/www.diariodeouropreto.com.br\/pt\/coluna-musical-do-aquiles-meninos-com-asas\/","url_meta":{"origin":50977,"position":0},"title":"[Coluna Musical do Aquiles] Meninos com asas","author":"Di\u00e1rio de Ouro Preto","date":"28 de Maio de 2025","format":false,"excerpt":"Hoje trataremos de um \u00e1lbum gravado por dois jovens geniais. Desde que os ouvi pela primeira vez, encantei-me. Fasc\u00ednio que s\u00f3 fez aumentar quando fui assisti-los ao vivo, num show numa das unidades do Sesc paulistano, quando lan\u00e7avam o primeiro \u00e1lbum. A presen\u00e7a de palco dos rapazes contrastava com a\u2026","rel":"","context":"In &quot;Coluna&quot;","block_context":{"text":"Coluna","link":"https:\/\/www.diariodeouropreto.com.br\/pt\/Editoria\/coluna\/"},"img":{"alt_text":"","src":"https:\/\/i0.wp.com\/www.diariodeouropreto.com.br\/wp-content\/uploads\/2025\/05\/Capa-CD-Duo-Rafael-Beck-Felipe-Montanaro-Fantasia-Brasil-2.jpg?resize=350%2C200&ssl=1","width":350,"height":200,"srcset":"https:\/\/i0.wp.com\/www.diariodeouropreto.com.br\/wp-content\/uploads\/2025\/05\/Capa-CD-Duo-Rafael-Beck-Felipe-Montanaro-Fantasia-Brasil-2.jpg?resize=350%2C200&ssl=1 1x, https:\/\/i0.wp.com\/www.diariodeouropreto.com.br\/wp-content\/uploads\/2025\/05\/Capa-CD-Duo-Rafael-Beck-Felipe-Montanaro-Fantasia-Brasil-2.jpg?resize=525%2C300&ssl=1 1.5x"},"classes":[]},{"id":50003,"url":"https:\/\/www.diariodeouropreto.com.br\/pt\/coluna-musical-do-aquiles-quando-instrumentos-populares-se-unem-aos-sinfonicos-o-resultado-e-um-album-de-excelencia\/","url_meta":{"origin":50977,"position":1},"title":"[Coluna Musical do Aquiles] Quando instrumentos populares se unem aos sinf\u00f4nicos, o resultado \u00e9 um \u00e1lbum de excel\u00eancia","author":"Di\u00e1rio de Ouro Preto","date":"27 de Janeiro de 2026","format":false,"excerpt":"Hoje trataremos do \u00e1lbum Do Chamam\u00e9 ao Carimb\u00f3 (Apoio Lei Aldir Blanc e Proac) que reuniu o Quarteto de Cordas Ensemble SP a dois dos maiores percussionistas e pesquisadores do pa\u00eds, o baterista Edu Ribeiro e o percussionista Ari Colares. Para tanto, os seis m\u00fasicos optaram pela\u00a0diversidade mel\u00f3dica e\u00a0por ritmos\u2026","rel":"","context":"In &quot;Coluna&quot;","block_context":{"text":"Coluna","link":"https:\/\/www.diariodeouropreto.com.br\/pt\/Editoria\/coluna\/"},"img":{"alt_text":"","src":"https:\/\/i0.wp.com\/www.diariodeouropreto.com.br\/wp-content\/uploads\/2026\/01\/Capa-Ano-Zero.-pdf-1.jpg?resize=350%2C200&ssl=1","width":350,"height":200,"srcset":"https:\/\/i0.wp.com\/www.diariodeouropreto.com.br\/wp-content\/uploads\/2026\/01\/Capa-Ano-Zero.-pdf-1.jpg?resize=350%2C200&ssl=1 1x, https:\/\/i0.wp.com\/www.diariodeouropreto.com.br\/wp-content\/uploads\/2026\/01\/Capa-Ano-Zero.-pdf-1.jpg?resize=525%2C300&ssl=1 1.5x, https:\/\/i0.wp.com\/www.diariodeouropreto.com.br\/wp-content\/uploads\/2026\/01\/Capa-Ano-Zero.-pdf-1.jpg?resize=700%2C400&ssl=1 2x, https:\/\/i0.wp.com\/www.diariodeouropreto.com.br\/wp-content\/uploads\/2026\/01\/Capa-Ano-Zero.-pdf-1.jpg?resize=1050%2C600&ssl=1 3x"},"classes":[]},{"id":47960,"url":"https:\/\/www.diariodeouropreto.com.br\/pt\/coluna-musical-do-aquiles-um-grande-achado-um-otimo-album\/","url_meta":{"origin":50977,"position":2},"title":"[Coluna Musical do Aquiles] Um grande achado, um \u00f3timo \u00e1lbum","author":"Aquiles Rique Reis - MPB4","date":"7 de Outubro de 2025","format":false,"excerpt":"Hoje trataremos do \u00e1lbum Jazz Dixieland com Sotaque Tupiniquim, da Banda Cucamonga, um sexteto instrumental e vocal que buscou nas ruas o mote para sacudir quem os ouve.\u00a0 Sem rebuscamentos harm\u00f4nicos ou mel\u00f3dicos, mas com talento de sobra e tocando com garra contagiante, a banda cria o que a intui\u00e7\u00e3o\u2026","rel":"","context":"In &quot;Ouro Preto&quot;","block_context":{"text":"Ouro Preto","link":"https:\/\/www.diariodeouropreto.com.br\/pt\/Editoria\/ouro-preto\/"},"img":{"alt_text":"","src":"https:\/\/i0.wp.com\/www.diariodeouropreto.com.br\/wp-content\/uploads\/2025\/10\/Capa-CD-Banda-Cucamonga.jpg?resize=350%2C200&ssl=1","width":350,"height":200,"srcset":"https:\/\/i0.wp.com\/www.diariodeouropreto.com.br\/wp-content\/uploads\/2025\/10\/Capa-CD-Banda-Cucamonga.jpg?resize=350%2C200&ssl=1 1x, https:\/\/i0.wp.com\/www.diariodeouropreto.com.br\/wp-content\/uploads\/2025\/10\/Capa-CD-Banda-Cucamonga.jpg?resize=525%2C300&ssl=1 1.5x, https:\/\/i0.wp.com\/www.diariodeouropreto.com.br\/wp-content\/uploads\/2025\/10\/Capa-CD-Banda-Cucamonga.jpg?resize=700%2C400&ssl=1 2x"},"classes":[]},{"id":48448,"url":"https:\/\/www.diariodeouropreto.com.br\/pt\/coluna-musical-do-aquiles-um-album-especial\/","url_meta":{"origin":50977,"position":3},"title":"[Coluna Musical do Aquiles] Um \u00e1lbum especial","author":"Aquiles Rique Reis - MPB4","date":"28 de Outubro de 2025","format":false,"excerpt":"Hoje falaremos de Entre Arcos (Mandril \u00c1udio), \u00e1lbum do mestre fandangueiro Z\u00e9 Pereira e do m\u00fasico e pesquisador Felipe Gomide. O primeiro, guardi\u00e3o da tradi\u00e7\u00e3o cai\u00e7ara do fandango, \u00e9 natural de Ariri, no litoral de S\u00e3o Paulo; o segundo, um paulistano, \u00e9 refer\u00eancia no ensino e difus\u00e3o da rabeca e\u2026","rel":"","context":"In &quot;Coluna&quot;","block_context":{"text":"Coluna","link":"https:\/\/www.diariodeouropreto.com.br\/pt\/Editoria\/coluna\/"},"img":{"alt_text":"","src":"https:\/\/i0.wp.com\/www.diariodeouropreto.com.br\/wp-content\/uploads\/2025\/10\/Capa-CD-Ze-Pereira-e-Felipe-Gomide-Entre-Arcos.jpg?resize=350%2C200&ssl=1","width":350,"height":200,"srcset":"https:\/\/i0.wp.com\/www.diariodeouropreto.com.br\/wp-content\/uploads\/2025\/10\/Capa-CD-Ze-Pereira-e-Felipe-Gomide-Entre-Arcos.jpg?resize=350%2C200&ssl=1 1x, https:\/\/i0.wp.com\/www.diariodeouropreto.com.br\/wp-content\/uploads\/2025\/10\/Capa-CD-Ze-Pereira-e-Felipe-Gomide-Entre-Arcos.jpg?resize=525%2C300&ssl=1 1.5x, https:\/\/i0.wp.com\/www.diariodeouropreto.com.br\/wp-content\/uploads\/2025\/10\/Capa-CD-Ze-Pereira-e-Felipe-Gomide-Entre-Arcos.jpg?resize=700%2C400&ssl=1 2x"},"classes":[]},{"id":35315,"url":"https:\/\/www.diariodeouropreto.com.br\/pt\/coluna-musical-para-aquiles-mpb4-e-a-turne-do-sessentao\/","url_meta":{"origin":50977,"position":4},"title":"[Coluna Musical para Aquiles] MPB4 e a Turn\u00ea do Sessent\u00e3o!","author":"Di\u00e1rio de Ouro Preto","date":"7 de Julho de 2024","format":false,"excerpt":"Hoje deveria estar publicando a Coluna Tiquinho de Pol\u00edtica, mas vou homenagear um amigo que fiz na pra\u00e7a Tiradentes, Aquiles Rique Reis, ele que em 1967 estava com Chico Buarque defendo \"Roda Viva\", no Festival da TV Record. A Coluta Tiquinho de Pol\u00edtica fica para amanh\u00e3, in\u00e9dita na edi\u00e7\u00e3o de\u2026","rel":"","context":"In &quot;Coluna&quot;","block_context":{"text":"Coluna","link":"https:\/\/www.diariodeouropreto.com.br\/pt\/Editoria\/coluna\/"},"img":{"alt_text":"","src":"https:\/\/i0.wp.com\/www.diariodeouropreto.com.br\/wp-content\/uploads\/2024\/07\/449925657_1006807464150024_5149048096268711262_n.jpg?resize=350%2C200&ssl=1","width":350,"height":200,"srcset":"https:\/\/i0.wp.com\/www.diariodeouropreto.com.br\/wp-content\/uploads\/2024\/07\/449925657_1006807464150024_5149048096268711262_n.jpg?resize=350%2C200&ssl=1 1x, https:\/\/i0.wp.com\/www.diariodeouropreto.com.br\/wp-content\/uploads\/2024\/07\/449925657_1006807464150024_5149048096268711262_n.jpg?resize=525%2C300&ssl=1 1.5x, https:\/\/i0.wp.com\/www.diariodeouropreto.com.br\/wp-content\/uploads\/2024\/07\/449925657_1006807464150024_5149048096268711262_n.jpg?resize=700%2C400&ssl=1 2x, https:\/\/i0.wp.com\/www.diariodeouropreto.com.br\/wp-content\/uploads\/2024\/07\/449925657_1006807464150024_5149048096268711262_n.jpg?resize=1050%2C600&ssl=1 3x"},"classes":[]},{"id":38989,"url":"https:\/\/www.diariodeouropreto.com.br\/pt\/coluna-musical-do-aquies-um-album-instrumental-da-mais-alta-qualidade\/","url_meta":{"origin":50977,"position":5},"title":"[Coluna Musical do Aquies] Um \u00e1lbum instrumental da mais alta qualidade","author":"Di\u00e1rio de Ouro Preto","date":"15 de Outubro de 2024","format":false,"excerpt":"Hoje daremos aten\u00e7\u00e3o a Sonhando o Brasil (independente), \u00e1lbum de Ricardo Herz com o trio que ele formou com Pedro Ito (batera e percuss\u00e3o) e F\u00e1bio Leandro (piano). Todas as m\u00fasicas foram escritas\u00a0por Ricardo Herz, bem como, tamb\u00e9m, a concep\u00e7\u00e3o e os arranjos, estes com contribui\u00e7\u00f5es de Leandro e Ito.\u2026","rel":"","context":"In &quot;Coluna&quot;","block_context":{"text":"Coluna","link":"https:\/\/www.diariodeouropreto.com.br\/pt\/Editoria\/coluna\/"},"img":{"alt_text":"","src":"https:\/\/i0.wp.com\/www.diariodeouropreto.com.br\/wp-content\/uploads\/2024\/10\/Capa-PDF-CD-Ricardo-Herz-Trio.jpg?resize=350%2C200&ssl=1","width":350,"height":200,"srcset":"https:\/\/i0.wp.com\/www.diariodeouropreto.com.br\/wp-content\/uploads\/2024\/10\/Capa-PDF-CD-Ricardo-Herz-Trio.jpg?resize=350%2C200&ssl=1 1x, https:\/\/i0.wp.com\/www.diariodeouropreto.com.br\/wp-content\/uploads\/2024\/10\/Capa-PDF-CD-Ricardo-Herz-Trio.jpg?resize=525%2C300&ssl=1 1.5x, https:\/\/i0.wp.com\/www.diariodeouropreto.com.br\/wp-content\/uploads\/2024\/10\/Capa-PDF-CD-Ricardo-Herz-Trio.jpg?resize=700%2C400&ssl=1 2x"},"classes":[]}],"jetpack_sharing_enabled":true,"amp_enabled":true,"_links":{"self":[{"href":"https:\/\/www.diariodeouropreto.com.br\/pt\/wp-json\/wp\/v2\/posts\/50977","targetHints":{"allow":["GET"]}}],"collection":[{"href":"https:\/\/www.diariodeouropreto.com.br\/pt\/wp-json\/wp\/v2\/posts"}],"about":[{"href":"https:\/\/www.diariodeouropreto.com.br\/pt\/wp-json\/wp\/v2\/types\/post"}],"author":[{"embeddable":true,"href":"https:\/\/www.diariodeouropreto.com.br\/pt\/wp-json\/wp\/v2\/users\/1"}],"replies":[{"embeddable":true,"href":"https:\/\/www.diariodeouropreto.com.br\/pt\/wp-json\/wp\/v2\/comments?post=50977"}],"version-history":[{"count":1,"href":"https:\/\/www.diariodeouropreto.com.br\/pt\/wp-json\/wp\/v2\/posts\/50977\/revisions"}],"predecessor-version":[{"id":50980,"href":"https:\/\/www.diariodeouropreto.com.br\/pt\/wp-json\/wp\/v2\/posts\/50977\/revisions\/50980"}],"wp:featuredmedia":[{"embeddable":true,"href":"https:\/\/www.diariodeouropreto.com.br\/pt\/wp-json\/wp\/v2\/media\/50978"}],"wp:attachment":[{"href":"https:\/\/www.diariodeouropreto.com.br\/pt\/wp-json\/wp\/v2\/media?parent=50977"}],"wp:term":[{"taxonomy":"category","embeddable":true,"href":"https:\/\/www.diariodeouropreto.com.br\/pt\/wp-json\/wp\/v2\/categories?post=50977"},{"taxonomy":"post_tag","embeddable":true,"href":"https:\/\/www.diariodeouropreto.com.br\/pt\/wp-json\/wp\/v2\/tags?post=50977"}],"curies":[{"name":"wp","href":"https:\/\/api.w.org\/{rel}","templated":true}]}}