{"id":50971,"date":"2026-03-17T14:25:40","date_gmt":"2026-03-17T17:25:40","guid":{"rendered":"https:\/\/www.diariodeouropreto.com.br\/?p=50971"},"modified":"2026-03-17T14:25:46","modified_gmt":"2026-03-17T17:25:46","slug":"assembleia-de-minas-empossara-mateus-simoes-como-governador-do-estado","status":"publish","type":"post","link":"https:\/\/www.diariodeouropreto.com.br\/pt\/assembleia-de-minas-empossara-mateus-simoes-como-governador-do-estado\/","title":{"rendered":"Assembleia de Minas empossar\u00e1 Mateus Sim\u00f5es como governador do Estado"},"content":{"rendered":"<p><strong>Reuni\u00e3o Solene do Plen\u00e1rio ser\u00e1 domingo (22), a partir das 10 horas, sob o comando do presidente da ALMG, deputado Tadeu Leite<\/strong><\/p>\n\n\n\n<p>A Assembleia Legislativa de Minas Gerais (ALMG) realiza\u00a0Reuni\u00e3o Solene do Plen\u00e1rio neste domingo (22\/3\/26), a partir das 10 horas, para empossar o vice-governador\u00a0<strong>Mateus Sim\u00f5es de Almeida (PSD)<\/strong>\u00a0como\u00a0<strong>titular do Poder Executivo<\/strong>, em substitui\u00e7\u00e3o a\u00a0<strong>Romeu Zema (Novo)<\/strong>, que renunciar\u00e1 ao cargo. A cerim\u00f4nia ser\u00e1 conduzida pelo presidente da ALMG, deputado Tadeu Leite (MDB).<\/p>\n\n\n\n<p>A entrada de convidados credenciados come\u00e7a \u00e0s 9 horas,\u00a0pela Rua Rodrigues Caldas, 30, Santo Agostinho, em Belo Horizonte. De l\u00e1, todos ser\u00e3o conduzidos para os locais destinados ao p\u00fablico.<\/p>\n\n\n\n<p>Mateus Sim\u00f5es nasceu em Gurupi (TO) e tem 45 anos, completados no \u00faltimo dia 9. Graduado em Direito e com mestrado em Direito Empresarial pela Faculdade Milton Campos, onde tamb\u00e9m foi professor, ele j\u00e1 exerceu o cargo de vereador pelo Partido Novo em Belo Horizonte e de secret\u00e1rio-geral de Estado. \u00c9 procurador licenciado da ALMG.<\/p>\n\n\n\n<p>Al\u00e9m das deputadas e deputados estaduais, anfitri\u00f5es da cerim\u00f4nia, est\u00e1 prevista a presen\u00e7a de ex-governadores, deputados federais e senadores por Minas Gerais, reitores de universidades federais e estaduais de Minas Gerais, representantes do Poder Judici\u00e1rio, Minist\u00e9rio P\u00fablico, Defensoria P\u00fablica, Prefeitura e C\u00e2mara Municipal de Belo Horizonte, al\u00e9m de outras autoridades.<\/p>\n\n\n\n<h2 class=\"wp-block-heading\"><strong>Ritos ocorrem no Espa\u00e7o Democr\u00e1tico e no Plen\u00e1rio<\/strong><\/h2>\n\n\n\n<p>A programa\u00e7\u00e3o prev\u00ea a chegada do vice-governador \u00e0 ALMG pelo Hall das Bandeiras e a passagem por um\u00a0corredor formado pelos Drag\u00f5es da Inconfid\u00eancia, grupamento de honra da Pol\u00edcia Militar, no Espa\u00e7o Democr\u00e1tico Jos\u00e9 Aparecido de Oliveira (Edjao). Depois, ser\u00e1 recebido por uma comitiva de deputados estaduais na porta do Sal\u00e3o Nobre.<\/p>\n\n\n\n<p>A cerim\u00f4nia segue no&nbsp;<strong>Plen\u00e1rio da ALMG<\/strong>, com a execu\u00e7\u00e3o dos ritos protocolares previstos para a solenidade de posse.<\/p>\n\n\n\n<p>A Reuni\u00e3o Solene se inicia com a composi\u00e7\u00e3o da mesa e depois interrompida brevemente para a&nbsp;<strong>recep\u00e7\u00e3o ao vice-governador<\/strong>&nbsp;e o encaminhamento dele at\u00e9 o Plen\u00e1rio, onde os trabalhos ser\u00e3o reabertos.<\/p>\n\n\n\n<p>Na sequ\u00eancia, a banda do Corpo de Bombeiros Militar executa o<strong>\u00a0<\/strong>Hino Nacional\u00a0e\u00a0Mateus Sim\u00f5es entrega sua declara\u00e7\u00e3o de bens, requisito para a posse. Depois, faz a leitura do compromisso constitucional e assina o termo de posse.<\/p>\n\n\n\n<p>Cabe ao presidente da ALMG, Tadeu Leite, ler a<strong>\u00a0<\/strong>declara\u00e7\u00e3o de posse<strong>\u00a0<\/strong>e<strong>\u00a0<\/strong>entregar a Mateus Sim\u00f5es exemplares das Constitui\u00e7\u00f5es Federal e Estadual. Depois, o governador empossado faz pronunciamento<strong>\u00a0<\/strong>no Plen\u00e1rio do Parlamento Mineiro.<\/p>\n\n\n\n<p>A cerim\u00f4nia termina com pronunciamento final de Tadeu Leite e a declara\u00e7\u00e3o de<strong>&nbsp;<\/strong>encerramento da Reuni\u00e3o Solene. O novo governador sai do Plen\u00e1rio pela c\u00fapula de a\u00e7o dos cadetes do Corpo de Bombeiros Militar.<\/p>\n\n\n\n<p>Mateus Sim\u00f5es n\u00e3o concede entrevista coletiva no Pal\u00e1cio da Inconfid\u00eancia, sede da ALMG, pois segue direto para a cerim\u00f4nia de<strong>\u00a0<\/strong>transmiss\u00e3o de cargo<strong>\u00a0<\/strong>no Poder Executivo, no Pal\u00e1cio da Liberdade.<\/p>\n\n\n\n<div id=\"110712\" class=\"advads-saneouro advads-entity-placement\" style=\"margin-left: auto;margin-right: auto;text-align: center;\"><a href=\"https:\/\/www.saneouro.com.br\/\" target=\"_blank\" aria-label=\"DOP_Site\" data-wpel-link=\"external\" rel=\"follow external noopener noreferrer sponsored ugc\"><img src=\"https:\/\/www.diariodeouropreto.com.br\/wp-content\/uploads\/2026\/04\/DOP_Site.jpg\" alt=\"\"  srcset=\"https:\/\/www.diariodeouropreto.com.br\/wp-content\/uploads\/2026\/04\/DOP_Site.jpg 301w, https:\/\/www.diariodeouropreto.com.br\/wp-content\/uploads\/2026\/04\/DOP_Site-180x150.jpg 180w, https:\/\/www.diariodeouropreto.com.br\/wp-content\/uploads\/2026\/04\/DOP_Site-14x12.jpg 14w\" sizes=\"(max-width: 301px) 100vw, 301px\" width=\"301\" height=\"251\"  style=\"display: inline-block;\" \/><\/a><\/div><p>Foto: O vice-governador Mateus Sim\u00f5es tomar\u00e1 posse como governador em substitui\u00e7\u00e3o a Romeu Zema, que renunciar\u00e1 ao cargo &#8211; Arquivo ALMG<\/p>\n\n\n\n<div id=\"50321\" class=\"advads-plantao advads-entity-placement\"><a href=\"https:\/\/www.diariodeouropreto.com.br\/pt\/\" target=\"_blank\" aria-label=\"site &#8211; noticia\" data-wpel-link=\"external\" rel=\"follow external noopener noreferrer sponsored ugc\"><img src=\"https:\/\/www.diariodeouropreto.com.br\/wp-content\/uploads\/2019\/09\/titulosite2-e1616373489755.jpg\" alt=\"\"  srcset=\"https:\/\/www.diariodeouropreto.com.br\/wp-content\/uploads\/2019\/09\/titulosite2-e1616373489755.jpg 1200w, https:\/\/www.diariodeouropreto.com.br\/wp-content\/uploads\/2019\/09\/titulosite2-e1616373489755-150x38.jpg 150w, https:\/\/www.diariodeouropreto.com.br\/wp-content\/uploads\/2019\/09\/titulosite2-e1616373489755-660x167.jpg 660w, https:\/\/www.diariodeouropreto.com.br\/wp-content\/uploads\/2019\/09\/titulosite2-e1616373489755-768x194.jpg 768w, https:\/\/www.diariodeouropreto.com.br\/wp-content\/uploads\/2019\/09\/titulosite2-e1616373489755-1000x252.jpg 1000w, https:\/\/www.diariodeouropreto.com.br\/wp-content\/uploads\/2019\/09\/titulosite2-e1616373489755-1536x388.jpg 1536w, https:\/\/www.diariodeouropreto.com.br\/wp-content\/uploads\/2019\/09\/titulosite2-e1616373489755-2048x517.jpg 2048w\" sizes=\"(max-width: 1200px) 100vw, 1200px\" width=\"1200\" height=\"303\"  style=\"display: inline-block;\" \/><\/a><\/div><p>Fonte: Assessoria ALMG<\/p>","protected":false},"excerpt":{"rendered":"<p>Reuni\u00e3o Solene do Plen\u00e1rio ser\u00e1 domingo (22), a partir das 10 horas, sob o comando do presidente da ALMG, deputado Tadeu Leite A Assembleia Legislativa de Minas Gerais (ALMG) realiza\u00a0Reuni\u00e3o Solene do Plen\u00e1rio neste domingo (22\/3\/26), a partir das 10 horas, para empossar o vice-governador\u00a0Mateus Sim\u00f5es de Almeida (PSD)\u00a0como\u00a0titular do<span class=\"more-link\"><a href=\"https:\/\/www.diariodeouropreto.com.br\/pt\/assembleia-de-minas-empossara-mateus-simoes-como-governador-do-estado\/\" data-wpel-link=\"internal\">Continue Lendo<\/a><\/span><\/p>","protected":false},"author":1,"featured_media":50973,"comment_status":"closed","ping_status":"closed","sticky":false,"template":"","format":"standard","meta":{"_jetpack_memberships_contains_paid_content":false,"footnotes":"","jetpack_publicize_message":"Reuni\u00e3o Solene do Plen\u00e1rio ser\u00e1 domingo (22), a partir das 10 horas, sob o comando do presidente da ALMG, deputado Tadeu Leite","jetpack_publicize_feature_enabled":true,"jetpack_social_post_already_shared":false,"jetpack_social_options":{"image_generator_settings":{"template":"highway","default_image_id":0,"font":"","enabled":false},"version":2}},"categories":[46],"tags":[],"class_list":["entry","author-diario","post-50971","post","type-post","status-publish","format-standard","has-post-thumbnail","category-politica"],"yoast_head":"<!-- This site is optimized with the Yoast SEO plugin v27.5 - https:\/\/yoast.com\/product\/yoast-seo-wordpress\/ -->\n<title>Assembleia de Minas empossar\u00e1 Mateus Sim\u00f5es como governador do Estado - Di\u00e1rio de Ouro Preto<\/title>\n<meta name=\"description\" content=\"Reuni\u00e3o Solene do Plen\u00e1rio ser\u00e1 domingo (22), a partir das 10 horas, sob o comando do presidente da ALMG, deputado Tadeu Leite- Assembleia de Minas empossar\u00e1 Mateus Sim\u00f5es como governador do Estado - Pol\u00edtica\" \/>\n<meta name=\"robots\" content=\"index, follow, max-snippet:-1, max-image-preview:large, max-video-preview:-1\" \/>\n<link rel=\"canonical\" href=\"https:\/\/www.diariodeouropreto.com.br\/pt\/assembleia-de-minas-empossara-mateus-simoes-como-governador-do-estado\/\" \/>\n<meta property=\"og:locale\" content=\"pt_PT\" \/>\n<meta property=\"og:type\" content=\"article\" \/>\n<meta property=\"og:title\" content=\"Assembleia de Minas empossar\u00e1 Mateus Sim\u00f5es como governador do Estado - Di\u00e1rio de Ouro Preto\" \/>\n<meta property=\"og:description\" content=\"Reuni\u00e3o Solene do Plen\u00e1rio ser\u00e1 domingo (22), a partir das 10 horas, sob o comando do presidente da ALMG, deputado Tadeu Leite- Assembleia de Minas empossar\u00e1 Mateus Sim\u00f5es como governador do Estado - Pol\u00edtica\" \/>\n<meta property=\"og:url\" content=\"https:\/\/www.diariodeouropreto.com.br\/pt\/assembleia-de-minas-empossara-mateus-simoes-como-governador-do-estado\/\" \/>\n<meta property=\"og:site_name\" content=\"Di\u00e1rio de Ouro Preto\" \/>\n<meta property=\"article:publisher\" content=\"https:\/\/www.facebook.com\/diariodeouropreto\/\" \/>\n<meta property=\"article:published_time\" content=\"2026-03-17T17:25:40+00:00\" \/>\n<meta property=\"article:modified_time\" content=\"2026-03-17T17:25:46+00:00\" \/>\n<meta property=\"og:image\" content=\"https:\/\/www.diariodeouropreto.com.br\/wp-content\/uploads\/2026\/03\/2502963.jpg\" \/>\n\t<meta property=\"og:image:width\" content=\"1200\" \/>\n\t<meta property=\"og:image:height\" content=\"800\" \/>\n\t<meta property=\"og:image:type\" content=\"image\/jpeg\" \/>\n<meta name=\"author\" content=\"Di\u00e1rio de Ouro Preto\" \/>\n<meta name=\"twitter:card\" content=\"summary_large_image\" \/>\n<meta name=\"twitter:label1\" content=\"Escrito por\" \/>\n\t<meta name=\"twitter:data1\" content=\"Di\u00e1rio de Ouro Preto\" \/>\n\t<meta name=\"twitter:label2\" content=\"Tempo estimado de leitura\" \/>\n\t<meta name=\"twitter:data2\" content=\"3 minutos\" \/>\n<script type=\"application\/ld+json\" class=\"yoast-schema-graph\">{\"@context\":\"https:\\\/\\\/schema.org\",\"@graph\":[{\"@type\":\"Article\",\"@id\":\"https:\\\/\\\/www.diariodeouropreto.com.br\\\/assembleia-de-minas-empossara-mateus-simoes-como-governador-do-estado\\\/#article\",\"isPartOf\":{\"@id\":\"https:\\\/\\\/www.diariodeouropreto.com.br\\\/assembleia-de-minas-empossara-mateus-simoes-como-governador-do-estado\\\/\"},\"author\":{\"name\":\"Di\u00e1rio de Ouro Preto\",\"@id\":\"https:\\\/\\\/www.diariodeouropreto.com.br\\\/pt\\\/#\\\/schema\\\/person\\\/7654e7b471204a6dab6dc0ce6e140c99\"},\"headline\":\"Assembleia de Minas empossar\u00e1 Mateus Sim\u00f5es como governador do Estado\",\"datePublished\":\"2026-03-17T17:25:40+00:00\",\"dateModified\":\"2026-03-17T17:25:46+00:00\",\"mainEntityOfPage\":{\"@id\":\"https:\\\/\\\/www.diariodeouropreto.com.br\\\/assembleia-de-minas-empossara-mateus-simoes-como-governador-do-estado\\\/\"},\"wordCount\":551,\"publisher\":{\"@id\":\"https:\\\/\\\/www.diariodeouropreto.com.br\\\/pt\\\/#organization\"},\"image\":{\"@id\":\"https:\\\/\\\/www.diariodeouropreto.com.br\\\/assembleia-de-minas-empossara-mateus-simoes-como-governador-do-estado\\\/#primaryimage\"},\"thumbnailUrl\":\"https:\\\/\\\/www.diariodeouropreto.com.br\\\/wp-content\\\/uploads\\\/2026\\\/03\\\/2502963.jpg\",\"articleSection\":[\"Pol\u00edtica\"],\"inLanguage\":\"pt-PT\"},{\"@type\":\"WebPage\",\"@id\":\"https:\\\/\\\/www.diariodeouropreto.com.br\\\/assembleia-de-minas-empossara-mateus-simoes-como-governador-do-estado\\\/\",\"url\":\"https:\\\/\\\/www.diariodeouropreto.com.br\\\/assembleia-de-minas-empossara-mateus-simoes-como-governador-do-estado\\\/\",\"name\":\"Assembleia de Minas empossar\u00e1 Mateus Sim\u00f5es como governador do Estado - Di\u00e1rio de Ouro Preto\",\"isPartOf\":{\"@id\":\"https:\\\/\\\/www.diariodeouropreto.com.br\\\/pt\\\/#website\"},\"primaryImageOfPage\":{\"@id\":\"https:\\\/\\\/www.diariodeouropreto.com.br\\\/assembleia-de-minas-empossara-mateus-simoes-como-governador-do-estado\\\/#primaryimage\"},\"image\":{\"@id\":\"https:\\\/\\\/www.diariodeouropreto.com.br\\\/assembleia-de-minas-empossara-mateus-simoes-como-governador-do-estado\\\/#primaryimage\"},\"thumbnailUrl\":\"https:\\\/\\\/www.diariodeouropreto.com.br\\\/wp-content\\\/uploads\\\/2026\\\/03\\\/2502963.jpg\",\"datePublished\":\"2026-03-17T17:25:40+00:00\",\"dateModified\":\"2026-03-17T17:25:46+00:00\",\"description\":\"Reuni\u00e3o Solene do Plen\u00e1rio ser\u00e1 domingo (22), a partir das 10 horas, sob o comando do presidente da ALMG, deputado Tadeu Leite- Assembleia de Minas empossar\u00e1 Mateus Sim\u00f5es como governador do Estado - Pol\u00edtica\",\"breadcrumb\":{\"@id\":\"https:\\\/\\\/www.diariodeouropreto.com.br\\\/assembleia-de-minas-empossara-mateus-simoes-como-governador-do-estado\\\/#breadcrumb\"},\"inLanguage\":\"pt-PT\",\"potentialAction\":[{\"@type\":\"ReadAction\",\"target\":[\"https:\\\/\\\/www.diariodeouropreto.com.br\\\/assembleia-de-minas-empossara-mateus-simoes-como-governador-do-estado\\\/\"]}]},{\"@type\":\"ImageObject\",\"inLanguage\":\"pt-PT\",\"@id\":\"https:\\\/\\\/www.diariodeouropreto.com.br\\\/assembleia-de-minas-empossara-mateus-simoes-como-governador-do-estado\\\/#primaryimage\",\"url\":\"https:\\\/\\\/www.diariodeouropreto.com.br\\\/wp-content\\\/uploads\\\/2026\\\/03\\\/2502963.jpg\",\"contentUrl\":\"https:\\\/\\\/www.diariodeouropreto.com.br\\\/wp-content\\\/uploads\\\/2026\\\/03\\\/2502963.jpg\",\"width\":1200,\"height\":800},{\"@type\":\"BreadcrumbList\",\"@id\":\"https:\\\/\\\/www.diariodeouropreto.com.br\\\/assembleia-de-minas-empossara-mateus-simoes-como-governador-do-estado\\\/#breadcrumb\",\"itemListElement\":[{\"@type\":\"ListItem\",\"position\":1,\"name\":\"In\u00edcio\",\"item\":\"https:\\\/\\\/www.diariodeouropreto.com.br\\\/pt\\\/\"},{\"@type\":\"ListItem\",\"position\":2,\"name\":\"Assembleia de Minas empossar\u00e1 Mateus Sim\u00f5es como governador do Estado\"}]},{\"@type\":\"WebSite\",\"@id\":\"https:\\\/\\\/www.diariodeouropreto.com.br\\\/pt\\\/#website\",\"url\":\"https:\\\/\\\/www.diariodeouropreto.com.br\\\/pt\\\/\",\"name\":\"Di\u00e1rio de Ouro Preto\",\"description\":\"Not\u00edcias Ouro Preto; Mariana;Minas Gerais;Jornal;Jornalismo;Not\u00edcias;\",\"publisher\":{\"@id\":\"https:\\\/\\\/www.diariodeouropreto.com.br\\\/pt\\\/#organization\"},\"alternateName\":\"Jornal di\u00e1rio de Ouro Preto\",\"potentialAction\":[{\"@type\":\"SearchAction\",\"target\":{\"@type\":\"EntryPoint\",\"urlTemplate\":\"https:\\\/\\\/www.diariodeouropreto.com.br\\\/pt\\\/?s={search_term_string}\"},\"query-input\":{\"@type\":\"PropertyValueSpecification\",\"valueRequired\":true,\"valueName\":\"search_term_string\"}}],\"inLanguage\":\"pt-PT\"},{\"@type\":\"Organization\",\"@id\":\"https:\\\/\\\/www.diariodeouropreto.com.br\\\/pt\\\/#organization\",\"name\":\"Di\u00e1rio de Ouro Preto\",\"alternateName\":\"Jornal di\u00e1rio Ouro Preto\",\"url\":\"https:\\\/\\\/www.diariodeouropreto.com.br\\\/pt\\\/\",\"logo\":{\"@type\":\"ImageObject\",\"inLanguage\":\"pt-PT\",\"@id\":\"https:\\\/\\\/www.diariodeouropreto.com.br\\\/pt\\\/#\\\/schema\\\/logo\\\/image\\\/\",\"url\":\"https:\\\/\\\/www.diariodeouropreto.com.br\\\/wp-content\\\/uploads\\\/2019\\\/06\\\/cropped-logotransp-2.png\",\"contentUrl\":\"https:\\\/\\\/www.diariodeouropreto.com.br\\\/wp-content\\\/uploads\\\/2019\\\/06\\\/cropped-logotransp-2.png\",\"width\":1323,\"height\":251,\"caption\":\"Di\u00e1rio de Ouro Preto\"},\"image\":{\"@id\":\"https:\\\/\\\/www.diariodeouropreto.com.br\\\/pt\\\/#\\\/schema\\\/logo\\\/image\\\/\"},\"sameAs\":[\"https:\\\/\\\/www.facebook.com\\\/diariodeouropreto\\\/\"]},{\"@type\":\"Person\",\"@id\":\"https:\\\/\\\/www.diariodeouropreto.com.br\\\/pt\\\/#\\\/schema\\\/person\\\/7654e7b471204a6dab6dc0ce6e140c99\",\"name\":\"Di\u00e1rio de Ouro Preto\",\"sameAs\":[\"http:\\\/\\\/www.diariodeouropreto.com.br\"],\"url\":\"https:\\\/\\\/www.diariodeouropreto.com.br\\\/pt\\\/author\\\/diario\\\/\"}]}<\/script>\n<!-- \/ Yoast SEO plugin. -->","yoast_head_json":{"title":"Assembleia de Minas empossar\u00e1 Mateus Sim\u00f5es como governador do Estado - Di\u00e1rio de Ouro Preto","description":"Reuni\u00e3o Solene do Plen\u00e1rio ser\u00e1 domingo (22), a partir das 10 horas, sob o comando do presidente da ALMG, deputado Tadeu Leite- Assembleia de Minas empossar\u00e1 Mateus Sim\u00f5es como governador do Estado - Pol\u00edtica","robots":{"index":"index","follow":"follow","max-snippet":"max-snippet:-1","max-image-preview":"max-image-preview:large","max-video-preview":"max-video-preview:-1"},"canonical":"https:\/\/www.diariodeouropreto.com.br\/pt\/assembleia-de-minas-empossara-mateus-simoes-como-governador-do-estado\/","og_locale":"pt_PT","og_type":"article","og_title":"Assembleia de Minas empossar\u00e1 Mateus Sim\u00f5es como governador do Estado - Di\u00e1rio de Ouro Preto","og_description":"Reuni\u00e3o Solene do Plen\u00e1rio ser\u00e1 domingo (22), a partir das 10 horas, sob o comando do presidente da ALMG, deputado Tadeu Leite- Assembleia de Minas empossar\u00e1 Mateus Sim\u00f5es como governador do Estado - Pol\u00edtica","og_url":"https:\/\/www.diariodeouropreto.com.br\/pt\/assembleia-de-minas-empossara-mateus-simoes-como-governador-do-estado\/","og_site_name":"Di\u00e1rio de Ouro Preto","article_publisher":"https:\/\/www.facebook.com\/diariodeouropreto\/","article_published_time":"2026-03-17T17:25:40+00:00","article_modified_time":"2026-03-17T17:25:46+00:00","og_image":[{"width":1200,"height":800,"url":"https:\/\/www.diariodeouropreto.com.br\/wp-content\/uploads\/2026\/03\/2502963.jpg","type":"image\/jpeg"}],"author":"Di\u00e1rio de Ouro Preto","twitter_card":"summary_large_image","twitter_misc":{"Escrito por":"Di\u00e1rio de Ouro Preto","Tempo estimado de leitura":"3 minutos"},"schema":{"@context":"https:\/\/schema.org","@graph":[{"@type":"Article","@id":"https:\/\/www.diariodeouropreto.com.br\/assembleia-de-minas-empossara-mateus-simoes-como-governador-do-estado\/#article","isPartOf":{"@id":"https:\/\/www.diariodeouropreto.com.br\/assembleia-de-minas-empossara-mateus-simoes-como-governador-do-estado\/"},"author":{"name":"Di\u00e1rio de Ouro Preto","@id":"https:\/\/www.diariodeouropreto.com.br\/pt\/#\/schema\/person\/7654e7b471204a6dab6dc0ce6e140c99"},"headline":"Assembleia de Minas empossar\u00e1 Mateus Sim\u00f5es como governador do Estado","datePublished":"2026-03-17T17:25:40+00:00","dateModified":"2026-03-17T17:25:46+00:00","mainEntityOfPage":{"@id":"https:\/\/www.diariodeouropreto.com.br\/assembleia-de-minas-empossara-mateus-simoes-como-governador-do-estado\/"},"wordCount":551,"publisher":{"@id":"https:\/\/www.diariodeouropreto.com.br\/pt\/#organization"},"image":{"@id":"https:\/\/www.diariodeouropreto.com.br\/assembleia-de-minas-empossara-mateus-simoes-como-governador-do-estado\/#primaryimage"},"thumbnailUrl":"https:\/\/www.diariodeouropreto.com.br\/wp-content\/uploads\/2026\/03\/2502963.jpg","articleSection":["Pol\u00edtica"],"inLanguage":"pt-PT"},{"@type":"WebPage","@id":"https:\/\/www.diariodeouropreto.com.br\/assembleia-de-minas-empossara-mateus-simoes-como-governador-do-estado\/","url":"https:\/\/www.diariodeouropreto.com.br\/assembleia-de-minas-empossara-mateus-simoes-como-governador-do-estado\/","name":"Assembleia de Minas empossar\u00e1 Mateus Sim\u00f5es como governador do Estado - Di\u00e1rio de Ouro Preto","isPartOf":{"@id":"https:\/\/www.diariodeouropreto.com.br\/pt\/#website"},"primaryImageOfPage":{"@id":"https:\/\/www.diariodeouropreto.com.br\/assembleia-de-minas-empossara-mateus-simoes-como-governador-do-estado\/#primaryimage"},"image":{"@id":"https:\/\/www.diariodeouropreto.com.br\/assembleia-de-minas-empossara-mateus-simoes-como-governador-do-estado\/#primaryimage"},"thumbnailUrl":"https:\/\/www.diariodeouropreto.com.br\/wp-content\/uploads\/2026\/03\/2502963.jpg","datePublished":"2026-03-17T17:25:40+00:00","dateModified":"2026-03-17T17:25:46+00:00","description":"Reuni\u00e3o Solene do Plen\u00e1rio ser\u00e1 domingo (22), a partir das 10 horas, sob o comando do presidente da ALMG, deputado Tadeu Leite- Assembleia de Minas empossar\u00e1 Mateus Sim\u00f5es como governador do Estado - Pol\u00edtica","breadcrumb":{"@id":"https:\/\/www.diariodeouropreto.com.br\/assembleia-de-minas-empossara-mateus-simoes-como-governador-do-estado\/#breadcrumb"},"inLanguage":"pt-PT","potentialAction":[{"@type":"ReadAction","target":["https:\/\/www.diariodeouropreto.com.br\/assembleia-de-minas-empossara-mateus-simoes-como-governador-do-estado\/"]}]},{"@type":"ImageObject","inLanguage":"pt-PT","@id":"https:\/\/www.diariodeouropreto.com.br\/assembleia-de-minas-empossara-mateus-simoes-como-governador-do-estado\/#primaryimage","url":"https:\/\/www.diariodeouropreto.com.br\/wp-content\/uploads\/2026\/03\/2502963.jpg","contentUrl":"https:\/\/www.diariodeouropreto.com.br\/wp-content\/uploads\/2026\/03\/2502963.jpg","width":1200,"height":800},{"@type":"BreadcrumbList","@id":"https:\/\/www.diariodeouropreto.com.br\/assembleia-de-minas-empossara-mateus-simoes-como-governador-do-estado\/#breadcrumb","itemListElement":[{"@type":"ListItem","position":1,"name":"In\u00edcio","item":"https:\/\/www.diariodeouropreto.com.br\/pt\/"},{"@type":"ListItem","position":2,"name":"Assembleia de Minas empossar\u00e1 Mateus Sim\u00f5es como governador do Estado"}]},{"@type":"WebSite","@id":"https:\/\/www.diariodeouropreto.com.br\/pt\/#website","url":"https:\/\/www.diariodeouropreto.com.br\/pt\/","name":"Di\u00e1rio de Ouro Preto","description":"Not\u00edcias Ouro Preto; Mariana;Minas Gerais;Jornal;Jornalismo;Not\u00edcias;","publisher":{"@id":"https:\/\/www.diariodeouropreto.com.br\/pt\/#organization"},"alternateName":"Jornal di\u00e1rio de Ouro Preto","potentialAction":[{"@type":"SearchAction","target":{"@type":"EntryPoint","urlTemplate":"https:\/\/www.diariodeouropreto.com.br\/pt\/?s={search_term_string}"},"query-input":{"@type":"PropertyValueSpecification","valueRequired":true,"valueName":"search_term_string"}}],"inLanguage":"pt-PT"},{"@type":"Organization","@id":"https:\/\/www.diariodeouropreto.com.br\/pt\/#organization","name":"Di\u00e1rio de Ouro Preto","alternateName":"Jornal di\u00e1rio Ouro Preto","url":"https:\/\/www.diariodeouropreto.com.br\/pt\/","logo":{"@type":"ImageObject","inLanguage":"pt-PT","@id":"https:\/\/www.diariodeouropreto.com.br\/pt\/#\/schema\/logo\/image\/","url":"https:\/\/www.diariodeouropreto.com.br\/wp-content\/uploads\/2019\/06\/cropped-logotransp-2.png","contentUrl":"https:\/\/www.diariodeouropreto.com.br\/wp-content\/uploads\/2019\/06\/cropped-logotransp-2.png","width":1323,"height":251,"caption":"Di\u00e1rio de Ouro Preto"},"image":{"@id":"https:\/\/www.diariodeouropreto.com.br\/pt\/#\/schema\/logo\/image\/"},"sameAs":["https:\/\/www.facebook.com\/diariodeouropreto\/"]},{"@type":"Person","@id":"https:\/\/www.diariodeouropreto.com.br\/pt\/#\/schema\/person\/7654e7b471204a6dab6dc0ce6e140c99","name":"Di\u00e1rio de Ouro Preto","sameAs":["http:\/\/www.diariodeouropreto.com.br"],"url":"https:\/\/www.diariodeouropreto.com.br\/pt\/author\/diario\/"}]}},"jetpack_publicize_connections":[],"jetpack_featured_media_url":"https:\/\/www.diariodeouropreto.com.br\/wp-content\/uploads\/2026\/03\/2502963.jpg","jetpack-related-posts":[{"id":51144,"url":"https:\/\/www.diariodeouropreto.com.br\/pt\/assembleia-da-posse-a-novo-governador-de-minas\/","url_meta":{"origin":50971,"position":0},"title":"Assembleia d\u00e1 posse a novo governador de Minas","author":"Di\u00e1rio de Ouro Preto","date":"23 de Mar\u00e7o de 2026","format":false,"excerpt":"Na foto: Atual Governador Mateus Sim\u00f5es \u00e0 esquerda e o presidente da Assembleia Legislativa Tadeu Leite \u00e0 direita Governador Mateus Sim\u00f5es recebeu exemplares das Constitui\u00e7\u00f5es Federal e Estadual das m\u00e3os do presidente da ALMG, deputado Tadeu Leite Mateus Sim\u00f5es assumiu o cargo, neste domingo (22), em Reuni\u00e3o Solene de Plen\u00e1rio\u2026","rel":"","context":"In &quot;Pol\u00edtica&quot;","block_context":{"text":"Pol\u00edtica","link":"https:\/\/www.diariodeouropreto.com.br\/pt\/Editoria\/politica\/"},"img":{"alt_text":"","src":"https:\/\/i0.wp.com\/www.diariodeouropreto.com.br\/wp-content\/uploads\/2026\/03\/2533581.jpg?resize=350%2C200&ssl=1","width":350,"height":200,"srcset":"https:\/\/i0.wp.com\/www.diariodeouropreto.com.br\/wp-content\/uploads\/2026\/03\/2533581.jpg?resize=350%2C200&ssl=1 1x, https:\/\/i0.wp.com\/www.diariodeouropreto.com.br\/wp-content\/uploads\/2026\/03\/2533581.jpg?resize=525%2C300&ssl=1 1.5x, https:\/\/i0.wp.com\/www.diariodeouropreto.com.br\/wp-content\/uploads\/2026\/03\/2533581.jpg?resize=700%2C400&ssl=1 2x, https:\/\/i0.wp.com\/www.diariodeouropreto.com.br\/wp-content\/uploads\/2026\/03\/2533581.jpg?resize=1050%2C600&ssl=1 3x"},"classes":[]},{"id":20242,"url":"https:\/\/www.diariodeouropreto.com.br\/pt\/governador-romeu-zema-sera-empossado-neste-domingo-1o-1\/","url_meta":{"origin":50971,"position":1},"title":"Governador Romeu Zema ser\u00e1 empossado neste domingo (1\u00ba\/1)","author":"Di\u00e1rio de Ouro Preto","date":"1 de Janeiro de 2023","format":false,"excerpt":"A Assembleia Legislativa de Minas Gerais (ALMG) dar\u00e1 posse ao governador reeleito do Estado, Romeu Zema, e ao vice-governador eleito Mateus Sim\u00f5es neste domingo (1\u00ba\/1\/23), a partir das 9 horas. Para a solenidade, foram convidados autoridades estaduais, prefeitos, vereadores, pol\u00edticos e servidores p\u00fablicos. A Reuni\u00e3o Solene de Plen\u00e1rio ser\u00e1 aberta\u2026","rel":"","context":"In &quot;Minas Gerais&quot;","block_context":{"text":"Minas Gerais","link":"https:\/\/www.diariodeouropreto.com.br\/pt\/Editoria\/minas-gerais\/"},"img":{"alt_text":"","src":"https:\/\/i0.wp.com\/www.diariodeouropreto.com.br\/wp-content\/uploads\/2023\/01\/topo____20221219174110_IMG_0166.jpg?resize=350%2C200&ssl=1","width":350,"height":200,"srcset":"https:\/\/i0.wp.com\/www.diariodeouropreto.com.br\/wp-content\/uploads\/2023\/01\/topo____20221219174110_IMG_0166.jpg?resize=350%2C200&ssl=1 1x, https:\/\/i0.wp.com\/www.diariodeouropreto.com.br\/wp-content\/uploads\/2023\/01\/topo____20221219174110_IMG_0166.jpg?resize=525%2C300&ssl=1 1.5x, https:\/\/i0.wp.com\/www.diariodeouropreto.com.br\/wp-content\/uploads\/2023\/01\/topo____20221219174110_IMG_0166.jpg?resize=700%2C400&ssl=1 2x"},"classes":[]},{"id":21310,"url":"https:\/\/www.diariodeouropreto.com.br\/pt\/chiara-biondini-e-empossada-como-deputada-estadual\/","url_meta":{"origin":50971,"position":2},"title":"Chiara Biondini \u00e9 empossada como deputada estadual","author":"Di\u00e1rio de Ouro Preto","date":"23 de Fevereiro de 2023","format":false,"excerpt":"O compromisso com pol\u00edticas p\u00fablicas voltadas para a juventude foi enfatizado pela deputada estadual Chiara Biondini (PP) durante sua posse, na manh\u00e3 desta quinta-feira (23\/2\/23), para a 20\u00aa Legislatura da Assembleia Legislativa de Minas Gerais (ALMG). Ela foi eleita, no pleito de 2022, como a parlamentar mais jovem da hist\u00f3ria\u2026","rel":"","context":"In &quot;Minas Gerais&quot;","block_context":{"text":"Minas Gerais","link":"https:\/\/www.diariodeouropreto.com.br\/pt\/Editoria\/minas-gerais\/"},"img":{"alt_text":"","src":"https:\/\/i0.wp.com\/www.diariodeouropreto.com.br\/wp-content\/uploads\/2023\/02\/1752151.jpg?resize=350%2C200&ssl=1","width":350,"height":200,"srcset":"https:\/\/i0.wp.com\/www.diariodeouropreto.com.br\/wp-content\/uploads\/2023\/02\/1752151.jpg?resize=350%2C200&ssl=1 1x, https:\/\/i0.wp.com\/www.diariodeouropreto.com.br\/wp-content\/uploads\/2023\/02\/1752151.jpg?resize=525%2C300&ssl=1 1.5x, https:\/\/i0.wp.com\/www.diariodeouropreto.com.br\/wp-content\/uploads\/2023\/02\/1752151.jpg?resize=700%2C400&ssl=1 2x, https:\/\/i0.wp.com\/www.diariodeouropreto.com.br\/wp-content\/uploads\/2023\/02\/1752151.jpg?resize=1050%2C600&ssl=1 3x"},"classes":[]},{"id":20835,"url":"https:\/\/www.diariodeouropreto.com.br\/pt\/deputados-estaduais-mineiros-tomam-posse-amanha\/","url_meta":{"origin":50971,"position":3},"title":"Deputados estaduais mineiros tomam posse amanh\u00e3","author":"Di\u00e1rio de Ouro Preto","date":"31 de Janeiro de 2023","format":false,"excerpt":"Solenidade tamb\u00e9m marca o in\u00edcio da 20\u00aa Legislatura, um novo ciclo de quatro anos na ALMG Os deputados estaduais escolhidos pelo povo mineiro nas \u00faltimas elei\u00e7\u00f5es ser\u00e3o empossados na Assembleia Legislativa de Minas Gerais (ALMG) na quarta-feira (1\u00ba\/2\/23). A solenidade de posse ser\u00e1 realizada no Plen\u00e1rio, a partir das 14\u2026","rel":"","context":"In &quot;Minas Gerais&quot;","block_context":{"text":"Minas Gerais","link":"https:\/\/www.diariodeouropreto.com.br\/pt\/Editoria\/minas-gerais\/"},"img":{"alt_text":"","src":"https:\/\/i0.wp.com\/www.diariodeouropreto.com.br\/wp-content\/uploads\/2022\/10\/almg_clarissa_barcante.jpg?resize=350%2C200&ssl=1","width":350,"height":200,"srcset":"https:\/\/i0.wp.com\/www.diariodeouropreto.com.br\/wp-content\/uploads\/2022\/10\/almg_clarissa_barcante.jpg?resize=350%2C200&ssl=1 1x, https:\/\/i0.wp.com\/www.diariodeouropreto.com.br\/wp-content\/uploads\/2022\/10\/almg_clarissa_barcante.jpg?resize=525%2C300&ssl=1 1.5x"},"classes":[]},{"id":20262,"url":"https:\/\/www.diariodeouropreto.com.br\/pt\/governador-toma-posse-e-assume-o-compromisso-de-intensificar-avancos-nos-proximos-quatro-anos\/","url_meta":{"origin":50971,"position":4},"title":"Governador toma posse e assume o compromisso de intensificar avan\u00e7os nos pr\u00f3ximos quatro anos","author":"Di\u00e1rio de Ouro Preto","date":"2 de Janeiro de 2023","format":false,"excerpt":"O governador\u00a0Romeu Zema\u00a0e o vice-governador\u00a0Professor Mateus\u00a0tomaram posse neste domingo (1\/1), na Assembleia Legislativa de Minas Gerais (ALMG). Zema se mostrou otimista com o cen\u00e1rio de Minas Gerais para seu segundo mandato e tamb\u00e9m expressou o desejo de estreitar rela\u00e7\u00f5es com os deputados estaduais, presentes na cerim\u00f4nia juntamente com prefeitos, vereadores,\u2026","rel":"","context":"In &quot;Minas Gerais&quot;","block_context":{"text":"Minas Gerais","link":"https:\/\/www.diariodeouropreto.com.br\/pt\/Editoria\/minas-gerais\/"},"img":{"alt_text":"","src":"https:\/\/i0.wp.com\/www.diariodeouropreto.com.br\/wp-content\/uploads\/2023\/01\/Posse____CristianoMachado_ImprensaMG____31.jpg?resize=350%2C200&ssl=1","width":350,"height":200,"srcset":"https:\/\/i0.wp.com\/www.diariodeouropreto.com.br\/wp-content\/uploads\/2023\/01\/Posse____CristianoMachado_ImprensaMG____31.jpg?resize=350%2C200&ssl=1 1x, https:\/\/i0.wp.com\/www.diariodeouropreto.com.br\/wp-content\/uploads\/2023\/01\/Posse____CristianoMachado_ImprensaMG____31.jpg?resize=525%2C300&ssl=1 1.5x, https:\/\/i0.wp.com\/www.diariodeouropreto.com.br\/wp-content\/uploads\/2023\/01\/Posse____CristianoMachado_ImprensaMG____31.jpg?resize=700%2C400&ssl=1 2x, https:\/\/i0.wp.com\/www.diariodeouropreto.com.br\/wp-content\/uploads\/2023\/01\/Posse____CristianoMachado_ImprensaMG____31.jpg?resize=1050%2C600&ssl=1 3x"},"classes":[]},{"id":19950,"url":"https:\/\/www.diariodeouropreto.com.br\/pt\/leleco-pimentel-esta-diplomado-para-cumprir-a-20a-legislatura-da-almg\/","url_meta":{"origin":50971,"position":5},"title":"Leleco Pimentel est\u00e1 diplomado para cumprir a  20\u00aa Legislatura da ALMG","author":"Di\u00e1rio de Ouro Preto","date":"19 de Dezembro de 2022","format":false,"excerpt":"Os 77 deputados eleitos para a 20\u00aa Legislatura na Assembleia Legislativa de Minas Gerais (ALMG) foram diplomados pelo Tribunal Regional Eleitoral (TRE-MG) nesta segunda-feira (19\/12\/22). A solenidade foi realizada na Sala Minas Gerais, em Belo Horizonte. Tamb\u00e9m foram diplomados o governador reeleito Romeu Zema e seu vice-governador, Mateus Sim\u00f5es; o\u2026","rel":"","context":"In &quot;Elei\u00e7\u00f5es&quot;","block_context":{"text":"Elei\u00e7\u00f5es","link":"https:\/\/www.diariodeouropreto.com.br\/pt\/Editoria\/eleicoes\/"},"img":{"alt_text":"","src":"https:\/\/i0.wp.com\/www.diariodeouropreto.com.br\/wp-content\/uploads\/2022\/12\/Captura-de-tela-2022-12-19-211144.jpg?resize=350%2C200&ssl=1","width":350,"height":200,"srcset":"https:\/\/i0.wp.com\/www.diariodeouropreto.com.br\/wp-content\/uploads\/2022\/12\/Captura-de-tela-2022-12-19-211144.jpg?resize=350%2C200&ssl=1 1x, https:\/\/i0.wp.com\/www.diariodeouropreto.com.br\/wp-content\/uploads\/2022\/12\/Captura-de-tela-2022-12-19-211144.jpg?resize=525%2C300&ssl=1 1.5x"},"classes":[]}],"jetpack_sharing_enabled":true,"amp_enabled":true,"_links":{"self":[{"href":"https:\/\/www.diariodeouropreto.com.br\/pt\/wp-json\/wp\/v2\/posts\/50971","targetHints":{"allow":["GET"]}}],"collection":[{"href":"https:\/\/www.diariodeouropreto.com.br\/pt\/wp-json\/wp\/v2\/posts"}],"about":[{"href":"https:\/\/www.diariodeouropreto.com.br\/pt\/wp-json\/wp\/v2\/types\/post"}],"author":[{"embeddable":true,"href":"https:\/\/www.diariodeouropreto.com.br\/pt\/wp-json\/wp\/v2\/users\/1"}],"replies":[{"embeddable":true,"href":"https:\/\/www.diariodeouropreto.com.br\/pt\/wp-json\/wp\/v2\/comments?post=50971"}],"version-history":[{"count":1,"href":"https:\/\/www.diariodeouropreto.com.br\/pt\/wp-json\/wp\/v2\/posts\/50971\/revisions"}],"predecessor-version":[{"id":50974,"href":"https:\/\/www.diariodeouropreto.com.br\/pt\/wp-json\/wp\/v2\/posts\/50971\/revisions\/50974"}],"wp:featuredmedia":[{"embeddable":true,"href":"https:\/\/www.diariodeouropreto.com.br\/pt\/wp-json\/wp\/v2\/media\/50973"}],"wp:attachment":[{"href":"https:\/\/www.diariodeouropreto.com.br\/pt\/wp-json\/wp\/v2\/media?parent=50971"}],"wp:term":[{"taxonomy":"category","embeddable":true,"href":"https:\/\/www.diariodeouropreto.com.br\/pt\/wp-json\/wp\/v2\/categories?post=50971"},{"taxonomy":"post_tag","embeddable":true,"href":"https:\/\/www.diariodeouropreto.com.br\/pt\/wp-json\/wp\/v2\/tags?post=50971"}],"curies":[{"name":"wp","href":"https:\/\/api.w.org\/{rel}","templated":true}]}}