{"id":50964,"date":"2026-03-17T12:39:44","date_gmt":"2026-03-17T15:39:44","guid":{"rendered":"https:\/\/www.diariodeouropreto.com.br\/?p=50964"},"modified":"2026-03-17T12:39:49","modified_gmt":"2026-03-17T15:39:49","slug":"eca-digital-comeca-a-valer-nesta-terca-confira-principais-pontos","status":"publish","type":"post","link":"https:\/\/www.diariodeouropreto.com.br\/pt\/eca-digital-comeca-a-valer-nesta-terca-confira-principais-pontos\/","title":{"rendered":"ECA Digital come\u00e7a a valer nesta ter\u00e7a; confira principais pontos"},"content":{"rendered":"<p><strong>Legisla\u00e7\u00e3o busca regular acesso online para proteger crian\u00e7as e jovens<br><\/strong><\/p>\n\n\n\n<p><strong>A Lei do Estatuto Digital da Crian\u00e7a e do Adolescente (ECA Digital)&nbsp;<a href=\"https:\/\/www.planalto.gov.br\/ccivil_03\/_ato2023-2026\/2025\/lei\/L15211.htm\" target=\"_blank\" rel=\"noreferrer noopener follow external sponsored ugc\" data-wpel-link=\"external\">n\u00b0 15.211\/2025<\/a>, come\u00e7a a valer no Brasil nesta ter\u00e7a-feira (17).<\/strong>&nbsp;A legisla\u00e7\u00e3o \u00e9 voltada \u00e0 prote\u00e7\u00e3o de crian\u00e7as e adolescentes no ambiente digital, como redes sociais, jogos eletr\u00f4nicos, servi\u00e7os de v\u00eddeo e lojas virtuais de produtos e servi\u00e7os voltados a este p\u00fablico ou que podem ser acessados por ele.<img decoding=\"async\" src=\"https:\/\/agenciabrasil.ebc.com.br\/ebc.png?id=1682173&amp;o=node\"><img decoding=\"async\" src=\"https:\/\/agenciabrasil.ebc.com.br\/ebc.gif?id=1682173&amp;o=node\"><\/p>\n\n\n\n<p><strong>Sancionada em setembro do ano passado, a nova legisla\u00e7\u00e3o n\u00e3o substitui o Estatuto da Crian\u00e7a e do Adolescente (ECA), de 1990, mas estabelece diretrizes mais rigorosas sobre os direitos do p\u00fablico infanto-juvenil, para garantir que a prote\u00e7\u00e3o prevista no mundo f\u00edsico ocorra tamb\u00e9m no digital.<\/strong><\/p>\n\n\n\n<p>Pesquisadoras de entidades ligadas ao direito da inf\u00e2ncia, ouvidas pela&nbsp;<strong>Ag\u00eancia Brasil<\/strong>,&nbsp;qualificaram a nova lei como \u201chist\u00f3rica\u201d e de \u201cvanguarda\u201d para o pa\u00eds. &nbsp;<\/p>\n\n\n\n<p>A especialista em prote\u00e7\u00e3o digital de crian\u00e7as e adolescentes \u00c1gueda Barreto, que atua na coordena\u00e7\u00e3o da organiza\u00e7\u00e3o n\u00e3o governamental (ONG)&nbsp;ChildFund Brasil,&nbsp;considera que o pa\u00eds saiu na frente ao aprovar uma lei para subsidiar pol\u00edticas p\u00fablicas que preveem integra\u00e7\u00e3o entre setores.<\/p>\n\n\n\n<p>\u00c1gueda cita iniciativas para proteger a inf\u00e2ncia&nbsp;de outros pa\u00edses, como a Austr\u00e1lia&nbsp;que proibiu o uso de redes sociais por menores de 16 anos.<\/p>\n\n\n\n<p>\u201cN\u00f3s acompanhamos que esse \u00e9 um movimento global, mas essa lei brasileira aprovada \u00e9 bem ampla\u201d.<\/p>\n\n\n\n<h2 class=\"wp-block-heading\">Lei Felca<\/h2>\n\n\n\n<p>A&nbsp;<a href=\"https:\/\/agenciabrasil.ebc.com.br\/direitos-humanos\/noticia\/2025-09\/lula-sanciona-lei-contra-adultizacao-de-criancas-nas-redes\" target=\"_blank\" rel=\"noreferrer noopener follow external sponsored ugc\" data-wpel-link=\"external\">aprova\u00e7\u00e3o do ECA Digital<\/a>&nbsp;ocorreu ap\u00f3s o influenciador Felipe Bressanim Pereira, conhecido como Felca, publicar um v\u00eddeo, em agosto do ano passado, no qual&nbsp;<a href=\"https:\/\/agenciabrasil.ebc.com.br\/geral\/noticia\/2025-08\/denuncias-de-abuso-contra-criancas-crescem-114-apos-video\" target=\"_blank\" rel=\"noreferrer noopener follow external sponsored ugc\" data-wpel-link=\"external\">denunciou perfis em redes sociais<\/a>&nbsp;que usavam crian\u00e7as e adolescentes para promover a sexualiza\u00e7\u00e3o de menores de 18 anos.<\/p>\n\n\n\n<p>O v\u00eddeo de uma hora de dura\u00e7\u00e3o alerta para os riscos de expor conte\u00fados impr\u00f3prios para o p\u00fablico infanto-juvenil nas redes sociais e como os influenciadores lucravam com isso. Informalmente, o ECA Digital tem sido chamado tamb\u00e9m de Lei Felca.<\/p>\n\n\n\n<p><strong>A Lei 15.211\/2025 pro\u00edbe a monetiza\u00e7\u00e3o ou impulsionamento de qualquer conte\u00fado que retrate menores de forma sexualizada ou com linguagem adulta.<\/strong><\/p>\n\n\n\n<p>Maria Mello \u00e9&nbsp;gerente do eixo digital do Instituto Alana \u2013 organiza\u00e7\u00e3o da sociedade civil, sem fins lucrativos \u2013 e&nbsp;explica que desde a publica\u00e7\u00e3o do v\u00eddeo de Felca, a discuss\u00e3o sobre adultiza\u00e7\u00e3o gerou consenso e mobilizou autoridades, pol\u00edticos, especialistas, fam\u00edlias e organiza\u00e7\u00f5es da sociedade civil em torno do tema.<\/p>\n\n\n\n<blockquote class=\"wp-block-quote is-layout-flow wp-block-quote-is-layout-flow\">\n<p>\u201cO debate p\u00fablico a esse respeito cresceu e foi bastante importante para a lei, que j\u00e1 estava madura, para que pudesse ser aprovada rapidamente.\u201d<\/p>\n<\/blockquote>\n\n\n\n<h2 class=\"wp-block-heading\">Impactos<\/h2>\n\n\n\n<p>Dados da pesquisa&nbsp;<a href=\"https:\/\/cetic.br\/pt\/pesquisa\/kids-online\/indicadores\/\" target=\"_blank\" rel=\"noreferrer noopener follow external sponsored ugc\" data-wpel-link=\"external\">TIC Kids Online Brasil 2025<\/a>,&nbsp;do Centro Regional de Estudos para o Desenvolvimento da Sociedade da Informa\u00e7\u00e3o (Cetic.br), mostram que,&nbsp;<strong>em 2025, 92%&nbsp;das crian\u00e7as e adolescentes brasileiros com idades de 9 a 17 anos acessavam a internet, o que representa cerca de 24,5 milh\u00f5es de pessoas. Segundo a pesquisa, 85% desse p\u00fablico t\u00eam perfil em, pelo menos, uma das plataformas investigadas.<\/strong><\/p>\n\n\n\n<p>Em um recorte mais espec\u00edfico, os dados mostram que na faixa et\u00e1ria de 9 e 10 anos, 64% dos usu\u00e1rios t\u00eam perfil em rede social. Esse percentual sobe para 79% entre o p\u00fablico de 11 e 12 anos; e para 91% entre usu\u00e1rios de 13 e 14 anos.&nbsp;<strong>Quase todos (99%) os usu\u00e1rios de internet com idade de 15 a 17 anos t\u00eam perfil em, ao menos, uma plataforma.<\/strong><\/p>\n\n\n\n<p>A partir desta ter\u00e7a-feira, o ECA Digital passar\u00e1 a dar respaldo a fam\u00edlias como a do designer instrucional Filipe Ad\u00e3o, pai da Catarina, de 6 anos.<\/p>\n\n\n\n<p>Filipe conta que o perfil da menina em uma rede social&nbsp;funciona sob uma l\u00f3gica anal\u00f3gica: a do \u00e1lbum de fotografia e n\u00e3o de uma rede social. A conta existe apenas para registrar mem\u00f3rias e \u00e9 totalmente administrada pelos pais, Filipe Ad\u00e3o e Karen Lima.<\/p>\n\n\n\n<p>&#8220;Ela n\u00e3o utiliza redes sociais. Temos um Instagram para registrar mem\u00f3rias dela. Ela gosta e se diverte porque, por enquanto, \u00e9 como um \u00e1lbum de fam\u00edlia para ela&#8221;, explicou o pai.<\/p>\n\n\n\n<p>Filipe faz parte de uma parcela de respons\u00e1veis que, embora ainda n\u00e3o domine os detalhes t\u00e9cnicos da nova legisla\u00e7\u00e3o, apoia integralmente um controle maior sobre as gigantes de tecnologia.<\/p>\n\n\n\n<blockquote class=\"wp-block-quote is-layout-flow wp-block-quote-is-layout-flow\">\n<p>&#8220;J\u00e1 era hora de existir uma regula\u00e7\u00e3o, principalmente para proteger os jovens de influ\u00eancias negativas e crimes cibern\u00e9ticos.&#8221;<\/p>\n<\/blockquote>\n\n\n\n<p>A rela\u00e7\u00e3o da crian\u00e7a com a tecnologia come\u00e7ou aos 2 anos, mas com um prop\u00f3sito espec\u00edfico: encurtar dist\u00e2ncias. Durante a pandemia de covid-19, o&nbsp;<em>tablet<\/em>&nbsp;foi a ferramenta que permitiu o contato da crian\u00e7a com parentes distantes. Hoje, o equipamento \u00e9 restrito a jogos de quebra-cabe\u00e7a&nbsp;<em>off line<\/em>, m\u00fasica e atividades escolares.<\/p>\n\n\n\n<figure class=\"wp-block-image size-full\"><img decoding=\"async\" width=\"754\" height=\"470\" data-attachment-id=\"50966\" data-permalink=\"https:\/\/www.diariodeouropreto.com.br\/pt\/eca-digital-comeca-a-valer-nesta-terca-confira-principais-pontos\/eca_digital02\/\" data-orig-file=\"https:\/\/www.diariodeouropreto.com.br\/wp-content\/uploads\/2026\/03\/eca_digital02.webp\" data-orig-size=\"754,470\" data-comments-opened=\"0\" data-image-meta=\"{&quot;aperture&quot;:&quot;0&quot;,&quot;credit&quot;:&quot;&quot;,&quot;camera&quot;:&quot;&quot;,&quot;caption&quot;:&quot;&quot;,&quot;created_timestamp&quot;:&quot;0&quot;,&quot;copyright&quot;:&quot;&quot;,&quot;focal_length&quot;:&quot;0&quot;,&quot;iso&quot;:&quot;0&quot;,&quot;shutter_speed&quot;:&quot;0&quot;,&quot;title&quot;:&quot;&quot;,&quot;orientation&quot;:&quot;0&quot;}\" data-image-title=\"eca_digital02\" data-image-description=\"\" data-image-caption=\"\" data-large-file=\"https:\/\/www.diariodeouropreto.com.br\/wp-content\/uploads\/2026\/03\/eca_digital02.webp\" src=\"https:\/\/www.diariodeouropreto.com.br\/wp-content\/uploads\/2026\/03\/eca_digital02.webp\" alt=\"\" class=\"wp-image-50966\" srcset=\"https:\/\/www.diariodeouropreto.com.br\/wp-content\/uploads\/2026\/03\/eca_digital02.webp 754w, https:\/\/www.diariodeouropreto.com.br\/wp-content\/uploads\/2026\/03\/eca_digital02-635x396.webp 635w, https:\/\/www.diariodeouropreto.com.br\/wp-content\/uploads\/2026\/03\/eca_digital02-200x125.webp 200w, https:\/\/www.diariodeouropreto.com.br\/wp-content\/uploads\/2026\/03\/eca_digital02-18x12.webp 18w, https:\/\/www.diariodeouropreto.com.br\/wp-content\/uploads\/2026\/03\/eca_digital02-465x290.webp 465w, https:\/\/www.diariodeouropreto.com.br\/wp-content\/uploads\/2026\/03\/eca_digital02-695x433.webp 695w\" sizes=\"(max-width: 754px) 100vw, 754px\" \/><figcaption class=\"wp-element-caption\">Karen Lima e Filipe Ad\u00e3o administram o perfil da pequena Catarina nas redes sociais &#8211;\u00a0<strong>Karen Lima\/Arquivo Pessoal<\/strong><br><\/figcaption><\/figure>\n\n\n\n<h2 class=\"wp-block-heading\">Responsabilidade das fam\u00edlias<\/h2>\n\n\n\n<p><strong>Com o ECA Digital, a seguran\u00e7a na Internet dos usu\u00e1rios com menos de 18 anos dever\u00e1 ser compartilhada entre as empresas de tecnologia e as fam\u00edlias, que devem estar mais atentas ao uso da internet.<\/strong><\/p>\n\n\n\n<p>Para que essa supervis\u00e3o parental seja refor\u00e7ada,&nbsp;<strong>menores at\u00e9 16 anos somente poder\u00e3o acessar redes sociais, caso a conta esteja vinculada \u00e0 de um respons\u00e1vel legal.<\/strong><\/p>\n\n\n\n<p>A pesquisadora do Child Fund Brasil \u00c1gueda Barreto explica que o objetivo \u00e9 monitorar mais de perto as conversas, o tempo de uso, o bloqueio de conte\u00fados inadequados e autoriza\u00e7\u00e3o para compras, por exemplo.<\/p>\n\n\n\n<p>A advogada&nbsp;Bianca Mollicone, especialista em prote\u00e7\u00e3o de dados e regula\u00e7\u00e3o de novas tecnologias, enfatiza&nbsp;que a legisla\u00e7\u00e3o sozinha n\u00e3o substitui o papel da fam\u00edlia, de escolas e dos educadores:&nbsp;<\/p>\n\n\n\n<blockquote class=\"wp-block-quote is-layout-flow wp-block-quote-is-layout-flow\">\n<p>&#8220;N\u00e3o d\u00e1 para terceirizar a educa\u00e7\u00e3o dos filhos e depois culpar apenas as plataformas. Os pais precisam entender o que os filhos est\u00e3o usando e n\u00e3o ter medo de proibir quando algo n\u00e3o faz sentido. Se voc\u00ea n\u00e3o est\u00e1 ali como pai e m\u00e3e, quem vai impedir?&#8221;,&nbsp;questiona Bianca.<\/p>\n<\/blockquote>\n\n\n\n<p>Por outro lado, Maria Mello, do Instituto Alana, reconhece que a fiscaliza\u00e7\u00e3o do acesso&nbsp;<em>online<\/em>&nbsp;de crian\u00e7as e adolescentes n\u00e3o pode recair exclusivamente sobre as fam\u00edlias; para Maria, essa \u00e9 uma conquista da legisla\u00e7\u00e3o, que reconhece as desigualdades hist\u00f3ricas do Brasil.<\/p>\n\n\n\n<p>\u201cEm uma sociedade com 11 milh\u00f5es de m\u00e3es solo, \u00fanicas cuidadoras, em que falta creche, parque p\u00fablico e seguran\u00e7a para que as crian\u00e7as tamb\u00e9m possam sair da tela, ampliar o rol de responsabilidades \u00e9 fundamental.\u201d<\/p>\n\n\n\n<h2 class=\"wp-block-heading\">Acompanhamento&nbsp;<\/h2>\n\n\n\n<p>A m\u00e9dica psiquiatra Julianna Passos adota uma postura que mistura o rigor t\u00e9cnico de sua profiss\u00e3o com o cuidado materno. M\u00e3e de Bernardo, de 10 anos, ela compartilha uma experi\u00eancia de gest\u00e3o digital que prioriza o &#8220;mundo real&#8221; e o di\u00e1logo franco.<\/p>\n\n\n\n<p>A crian\u00e7a ganhou o primeiro celular aos 9 anos, de presente do av\u00f4 paterno. O&nbsp;dispositivo, no entanto, est\u00e1 longe de ser um passaporte livre para a internet. O uso \u00e9 estritamente delimitado: durante a semana, serve apenas para dar &#8220;boa noite&#8221; ao pai; nos finais de semana, o acesso \u00e9 liberado exclusivamente para o WhatsApp.<\/p>\n\n\n\n<p>Redes sociais, como Instagram ou TikTok, s\u00e3o proibidas. &#8220;Ele nem tem conta ou acesso&#8221;, afirma Julianna.<\/p>\n\n\n\n<p>Mesmo no WhatsApp, a vigil\u00e2ncia \u00e9 constante, com fiscaliza\u00e7\u00f5es semanais.<\/p>\n\n\n\n<p>&#8220;Escolhi dar a ele informa\u00e7\u00f5es para que pudesse compreender a necessidade da limita\u00e7\u00e3o. O di\u00e1logo proporcionou a ele senso cr\u00edtico, pondo fim na ansiedade de ter um aparelho sem restri\u00e7\u00e3o&#8221;, explica a m\u00e3e psiquiatra.<\/p>\n\n\n\n<p>Essa educa\u00e7\u00e3o digital j\u00e1 deu frutos. O pr\u00f3prio Bernardo identificou comportamentos inadequados em grupos de mensagens e decidiu sair, reportando o ocorrido \u00e0 m\u00e3e.<\/p>\n\n\n\n<p><strong>O ECA Digital tamb\u00e9m determina que as plataformas devem disponibilizar configura\u00e7\u00f5es e ferramentas acess\u00edveis e f\u00e1ceis de usar que apoiem a supervis\u00e3o parental.&nbsp;<\/strong><\/p>\n\n\n\n<p>As plataformas Family Link&nbsp;e&nbsp;Qustodio s\u00e3o as mais conhecidas e permitem monitorar e seguir as atividades online de crian\u00e7as, al\u00e9m de bloquear sites perigosos e proteg\u00ea-las do&nbsp;<em>bullying&nbsp;online<\/em>.<\/p>\n\n\n\n<h2 class=\"wp-block-heading\">Autodeclara\u00e7\u00e3o&nbsp;<\/h2>\n\n\n\n<p>Entre as regras estabelecidas pela nova lei est\u00e1 a proibi\u00e7\u00e3o da simples autodeclara\u00e7\u00e3o de idade que, com apenas um clique em &#8220;tenho +18 anos&#8221;, permite acesso irrestrito a redes sociais por usu\u00e1rios de qualquer idade.<\/p>\n\n\n\n<p>Segundo a assessora em pol\u00edticas p\u00fablicas do N\u00facleo de Informa\u00e7\u00e3o e Coordena\u00e7\u00e3o do Ponto BR (NIC.br) e especialista em direito digital, Kelli Angelini Neves, mecanismos mais confi\u00e1veis devem verificar a real idade do usu\u00e1rio, em vez da autodeclara\u00e7\u00e3o.<\/p>\n\n\n\n<p>\u201cO site ter\u00e1 que aferir a idade e ter\u00e1 que indisponibilizar contas e acessos de compras para os menores de 18 anos. O mesmo vale para site de conte\u00fados adultos que n\u00e3o \u00e9 permitido para menores de 18 anos. Uma s\u00e9rie de medidas devem ser implementadas pelas empresas para que realmente haja essa prote\u00e7\u00e3o.\u201d<\/p>\n\n\n\n<p>A especialista explica que o Minist\u00e9rio da Justi\u00e7a e Seguran\u00e7a P\u00fablica (MJSP) e a Autoridade Nacional de Prote\u00e7\u00e3o de Dados (ANPD) devem publicar, ainda neste m\u00eas, um decreto regulamentador definindo que mecanismos de aferi\u00e7\u00e3o ser\u00e3o aceitos.<\/p>\n\n\n\n<h2 class=\"wp-block-heading\">Vulnerabilidade<\/h2>\n\n\n\n<p>No ano passado, o ChildFund publicou a pesquisa&nbsp;<a href=\"https:\/\/childfundbrasil.org.br\/dashboard\/wp-content\/uploads\/2025\/05\/Pesquisa-Mapeamento-dos-fatores-de-vulnerabilidade-ChildFund-Final-IV.pdf\" target=\"_blank\" rel=\"noreferrer noopener follow external sponsored ugc\" data-wpel-link=\"external\"><em>Mapeamento dos Fatores de Vulnerabilidade de Adolescentes na Internet<\/em><\/a>&nbsp;que ouviu 8 mil adolescentes em todo o Brasil. O estudo mostrou que 54% dos adolescentes entrevistados j\u00e1 tinham sofrido algum tipo de viol\u00eancia sexual&nbsp;<em>online<\/em>.<\/p>\n\n\n\n<p>A especialista da ChildFund \u00c1gueda Barreto conta que um dos caminhos para esse tipo de viol\u00eancia \u00e9 a intera\u00e7\u00e3o que jogos&nbsp;<em>online<\/em>&nbsp;permitem, por exemplo, com conversas virtuais: \u201cO agressor liga pra essa crian\u00e7a por v\u00eddeo e coloca uma imagem sexual. \u00c9 um exemplo da dimens\u00e3o do problema que n\u00f3s estamos vivendo.\u201d<\/p>\n\n\n\n<p>O ECA Digital tamb\u00e9m tem, entre seus objetivos, proteger as crian\u00e7as desses ataques externos.&nbsp;<strong>Nesse contexto, a lei agiliza a remo\u00e7\u00e3o obrigat\u00f3ria, em prazo de at\u00e9 24 horas, de conte\u00fado de explora\u00e7\u00e3o sexual, viol\u00eancia f\u00edsica, uso de drogas,&nbsp;<em>bullying<\/em>,&nbsp;<em>cyberbullying<\/em>, incentivo ao suic\u00eddio ou \u00e0 automutila\u00e7\u00e3o, entre outros.<\/strong><\/p>\n\n\n\n<p>Essas ocorr\u00eancias devem ser reportadas imediatamente \u00e0&nbsp;<a href=\"https:\/\/www.gov.br\/anpd\/pt-br\" target=\"_blank\" rel=\"noreferrer noopener follow external sponsored ugc\" data-wpel-link=\"external\">Ag\u00eancia Nacional de Prote\u00e7\u00e3o de Dados<\/a>&nbsp;(ANPD).<\/p>\n\n\n\n<p>Al\u00e9m disso, a legisla\u00e7\u00e3o pro\u00edbe pe\u00e7as publicit\u00e1rias consideradas predat\u00f3rias, injustas ou enganosas, bem como aquelas que podem resultar em danos financeiros a crian\u00e7as e a adolescentes.<\/p>\n\n\n\n<p>Dados da TIC Kids Online Brasil mostram que 53% dos usu\u00e1rios de 11 a 17 anos reportaram ter tido contato com v\u00eddeos ou conte\u00fados de influenciadores divulgando jogos de apostas. Na faixa et\u00e1ria de 15 a 17 anos, a exposi\u00e7\u00e3o a esse tipo de conte\u00fado \u00e9 pior, sobe para 63%.<\/p>\n\n\n\n<h2 class=\"wp-block-heading\">Caixas de recompensa<\/h2>\n\n\n\n<p><strong>Outro problema que o ECA Digital aborda s\u00e3o as caixas de recompensa, conhecidas como&nbsp;<em>loot boxes<\/em>. A legisla\u00e7\u00e3o busca banir esse mecanismo, muito comum em jogos eletr\u00f4nicos voltados para o p\u00fablico infantojuvenil, como o Roblox.&nbsp;<\/strong><\/p>\n\n\n\n<p>Essas caixas de recompensa armazenam itens aleat\u00f3rios comprados com dinheiro real ou moedas virtuais. O usu\u00e1rio, no entanto, gasta sem saber exatamente o que vai ganhar. O resultado, neste caso, dependeria da sorte, e n\u00e3o da habilidade do jogador.<\/p>\n\n\n\n<p>A advogada&nbsp;Bianca Mollicone explica que a l\u00f3gica do jogo se assemelha \u00e0 de m\u00e1quinas ca\u00e7a-n\u00edqueis de cassinos, que influenciam no n\u00famero de tentativas para receber recompensas melhores e resultam em perdas financeiras, ao se aproveitar do fator do v\u00edcio e da vulnerabilidade infantil.<\/p>\n\n\n\n<blockquote class=\"wp-block-quote is-layout-flow wp-block-quote-is-layout-flow\">\n<p>\u201cEsse movimento cria um v\u00edcio que acaba fazendo com que se gaste mais e mais. O que representa um ponto de alta monetiza\u00e7\u00e3o por parte das plataformas.\u201d<\/p>\n<\/blockquote>\n\n\n\n<p><strong>A nova legisla\u00e7\u00e3o vai mudar esse modelo de neg\u00f3cio.<\/strong><\/p>\n\n\n\n<h2 class=\"wp-block-heading\">Dados<\/h2>\n\n\n\n<p>A partir de agora, lojas virtuais de aplicativos (Google Play e Apple Store) e sistemas operacionais devem fornecer um &#8220;sinal de idade&#8221;, via Interface de Programa\u00e7\u00e3o de Aplica\u00e7\u00f5es (API, sigla em ingl\u00eas), para que outros aplicativos saibam a faixa et\u00e1ria do usu\u00e1rio e cumpram a lei, sem expor dados desnecess\u00e1rios.<\/p>\n\n\n\n<p><strong>Os produtos de acesso \u00e0 internet tamb\u00e9m devem ter as configura\u00e7\u00f5es de prote\u00e7\u00e3o da privacidade e dados pessoais no n\u00edvel m\u00e1ximo por padr\u00e3o autom\u00e1tico para contas de menores.<\/strong><\/p>\n\n\n\n<p>Para a gerente do eixo digital do Instituto Alana, Maria Mello, o principal avan\u00e7o \u00e9 estabelecer que todos os servi\u00e7os de tecnologia de informa\u00e7\u00e3o possam assumir responsabilidades concretas em rela\u00e7\u00e3o \u00e0 seguran\u00e7a e ao bem-estar de crian\u00e7as e adolescentes.&nbsp;<\/p>\n\n\n\n<blockquote class=\"wp-block-quote is-layout-flow wp-block-quote-is-layout-flow\">\n<p>\u201cO que a lei faz \u00e9 consagrar o princ\u00edpio da prote\u00e7\u00e3o integral para o ambiente digital. Estabelece uma l\u00f3gica de que produtos e servi\u00e7os digitais precisam estar configurados de f\u00e1brica para proteger os usu\u00e1rios que tenham menos de 18 anos.\u201d<\/p>\n<\/blockquote>\n\n\n\n<h2 class=\"wp-block-heading\">Responsabilidades<\/h2>\n\n\n\n<p><strong>O ECA Digital tamb\u00e9m prev\u00ea que as empresas que oferecem servi\u00e7os&nbsp;<em>online<\/em>&nbsp;para crian\u00e7as e adolescentes devem criar canais de apoio \u00e0s v\u00edtimas e promover programas educativos.<\/strong><\/p>\n\n\n\n<p><strong>As plataformas com mais de 1 milh\u00e3o de usu\u00e1rios na faixa et\u00e1ria infantojuvenil devem elaborar relat\u00f3rios semestrais sobre o impacto de prote\u00e7\u00e3o de dados e submet\u00ea-los \u00e0 ANPD.<\/strong><\/p>\n\n\n\n<p>Maria Mello avalia que a lei pode funcionar de forma proativa: \u201cAs empresas devem prestar contas de como elas est\u00e3o lidando com as contas de crian\u00e7as e adolescentes, com conte\u00fados que possam ferir os seus direitos.\u201d<\/p>\n\n\n\n<p>A especialista lembra que o ECA Digital \u00e9 taxativo quanto \u00e0s san\u00e7\u00f5es aplicadas \u00e0s empresas, em caso de descumprimento. Al\u00e9m das penas previstas no C\u00f3digo Penal, a legisla\u00e7\u00e3o endurece as penas \u00e0s empresas infratoras.<\/p>\n\n\n\n<p><strong>As san\u00e7\u00f5es v\u00e3o desde advert\u00eancia, multas que podem chegar a 10% do faturamento do grupo econ\u00f4mico, passando por suspens\u00e3o tempor\u00e1ria dos servi\u00e7os at\u00e9 a perda de autoriza\u00e7\u00e3o para funcionar no pa\u00eds, se houver reincid\u00eancia de irregularidades.<\/strong><\/p>\n\n\n\n<p>No caso de empresa estrangeira, a filial ou o escrit\u00f3rio no Brasil responde solidariamente.<\/p>\n\n\n\n<p>Por Daniella Almeida e Luiz Claudio Ferreira\u2013 rep\u00f3rteres da Ag\u00eancia Brasil\/Colaborou a rep\u00f3rter da R\u00e1dio Nacional\u00a0Priscilla Mazenotti<\/p>\n\n\n\n<div id=\"110712\" class=\"advads-saneouro advads-entity-placement\" style=\"margin-left: auto;margin-right: auto;text-align: center;\"><a href=\"https:\/\/www.saneouro.com.br\/\" target=\"_blank\" aria-label=\"DOP_Site\" data-wpel-link=\"external\" rel=\"follow external noopener noreferrer sponsored ugc\"><img src=\"https:\/\/www.diariodeouropreto.com.br\/wp-content\/uploads\/2026\/04\/DOP_Site.jpg\" alt=\"\"  srcset=\"https:\/\/www.diariodeouropreto.com.br\/wp-content\/uploads\/2026\/04\/DOP_Site.jpg 301w, https:\/\/www.diariodeouropreto.com.br\/wp-content\/uploads\/2026\/04\/DOP_Site-180x150.jpg 180w, https:\/\/www.diariodeouropreto.com.br\/wp-content\/uploads\/2026\/04\/DOP_Site-14x12.jpg 14w\" sizes=\"(max-width: 301px) 100vw, 301px\" width=\"301\" height=\"251\"  style=\"display: inline-block;\" \/><\/a><\/div><p><a href=\"https:\/\/agenciabrasil.ebc.com.br\/geral\/noticia\/2026-02\/hoje-e-o-ultimo-dia-para-empresas-se-adequarem-ao-eca-digital\" target=\"_blank\" rel=\"noreferrer noopener follow external sponsored ugc\" data-wpel-link=\"external\">&gt;&nbsp;Confira aqui os demais pontos do ECA Digital<\/a><\/p>\n\n\n\n<div id=\"50321\" class=\"advads-plantao advads-entity-placement\"><a href=\"https:\/\/www.diariodeouropreto.com.br\/pt\/\" target=\"_blank\" aria-label=\"site &#8211; noticia\" data-wpel-link=\"external\" rel=\"follow external noopener noreferrer sponsored ugc\"><img src=\"https:\/\/www.diariodeouropreto.com.br\/wp-content\/uploads\/2019\/09\/titulosite2-e1616373489755.jpg\" alt=\"\"  srcset=\"https:\/\/www.diariodeouropreto.com.br\/wp-content\/uploads\/2019\/09\/titulosite2-e1616373489755.jpg 1200w, https:\/\/www.diariodeouropreto.com.br\/wp-content\/uploads\/2019\/09\/titulosite2-e1616373489755-150x38.jpg 150w, https:\/\/www.diariodeouropreto.com.br\/wp-content\/uploads\/2019\/09\/titulosite2-e1616373489755-660x167.jpg 660w, https:\/\/www.diariodeouropreto.com.br\/wp-content\/uploads\/2019\/09\/titulosite2-e1616373489755-768x194.jpg 768w, https:\/\/www.diariodeouropreto.com.br\/wp-content\/uploads\/2019\/09\/titulosite2-e1616373489755-1000x252.jpg 1000w, https:\/\/www.diariodeouropreto.com.br\/wp-content\/uploads\/2019\/09\/titulosite2-e1616373489755-1536x388.jpg 1536w, https:\/\/www.diariodeouropreto.com.br\/wp-content\/uploads\/2019\/09\/titulosite2-e1616373489755-2048x517.jpg 2048w\" sizes=\"(max-width: 1200px) 100vw, 1200px\" width=\"1200\" height=\"303\"  style=\"display: inline-block;\" \/><\/a><\/div><p>Foto: \u00a9 Rovena Rosa\/Ag\u00eancia Brasil<\/p>","protected":false},"excerpt":{"rendered":"<p>Legisla\u00e7\u00e3o busca regular acesso online para proteger crian\u00e7as e jovens A Lei do Estatuto Digital da Crian\u00e7a e do Adolescente (ECA Digital)&nbsp;n\u00b0 15.211\/2025, come\u00e7a a valer no Brasil nesta ter\u00e7a-feira (17).&nbsp;A legisla\u00e7\u00e3o \u00e9 voltada \u00e0 prote\u00e7\u00e3o de crian\u00e7as e adolescentes no ambiente digital, como redes sociais, jogos eletr\u00f4nicos, servi\u00e7os de<span class=\"more-link\"><a href=\"https:\/\/www.diariodeouropreto.com.br\/pt\/eca-digital-comeca-a-valer-nesta-terca-confira-principais-pontos\/\" data-wpel-link=\"internal\">Continue Lendo<\/a><\/span><\/p>","protected":false},"author":1,"featured_media":50967,"comment_status":"closed","ping_status":"closed","sticky":false,"template":"","format":"standard","meta":{"_jetpack_memberships_contains_paid_content":false,"footnotes":"","jetpack_publicize_message":"Legisla\u00e7\u00e3o busca regular acesso online para proteger crian\u00e7as e jovens\n","jetpack_publicize_feature_enabled":true,"jetpack_social_post_already_shared":false,"jetpack_social_options":{"image_generator_settings":{"template":"highway","default_image_id":0,"font":"","enabled":false},"version":2}},"categories":[7],"tags":[89],"class_list":["entry","author-diario","post-50964","post","type-post","status-publish","format-standard","has-post-thumbnail","category-brasil","tag-legislativo"],"yoast_head":"<!-- This site is optimized with the Yoast SEO plugin v27.5 - https:\/\/yoast.com\/product\/yoast-seo-wordpress\/ -->\n<title>ECA Digital come\u00e7a a valer nesta ter\u00e7a; confira principais pontos - Di\u00e1rio de Ouro Preto<\/title>\n<meta name=\"description\" content=\"Legisla\u00e7\u00e3o busca regular acesso online para proteger crian\u00e7as e jovens- ECA Digital come\u00e7a a valer nesta ter\u00e7a; confira principais pontos - Brasil\" \/>\n<meta name=\"robots\" content=\"index, follow, max-snippet:-1, max-image-preview:large, max-video-preview:-1\" \/>\n<link rel=\"canonical\" href=\"https:\/\/www.diariodeouropreto.com.br\/pt\/eca-digital-comeca-a-valer-nesta-terca-confira-principais-pontos\/\" \/>\n<meta property=\"og:locale\" content=\"pt_PT\" \/>\n<meta property=\"og:type\" content=\"article\" \/>\n<meta property=\"og:title\" content=\"ECA Digital come\u00e7a a valer nesta ter\u00e7a; confira principais pontos - Di\u00e1rio de Ouro Preto\" \/>\n<meta property=\"og:description\" content=\"Legisla\u00e7\u00e3o busca regular acesso online para proteger crian\u00e7as e jovens- ECA Digital come\u00e7a a valer nesta ter\u00e7a; confira principais pontos - Brasil\" \/>\n<meta property=\"og:url\" content=\"https:\/\/www.diariodeouropreto.com.br\/pt\/eca-digital-comeca-a-valer-nesta-terca-confira-principais-pontos\/\" \/>\n<meta property=\"og:site_name\" content=\"Di\u00e1rio de Ouro Preto\" \/>\n<meta property=\"article:publisher\" content=\"https:\/\/www.facebook.com\/diariodeouropreto\/\" \/>\n<meta property=\"article:published_time\" content=\"2026-03-17T15:39:44+00:00\" \/>\n<meta property=\"article:modified_time\" content=\"2026-03-17T15:39:49+00:00\" \/>\n<meta property=\"og:image\" content=\"https:\/\/www.diariodeouropreto.com.br\/wp-content\/uploads\/2026\/03\/rvrsa_abr_22081921127.webp\" \/>\n\t<meta property=\"og:image:width\" content=\"1170\" \/>\n\t<meta property=\"og:image:height\" content=\"700\" \/>\n\t<meta property=\"og:image:type\" content=\"image\/webp\" \/>\n<meta name=\"author\" content=\"Di\u00e1rio de Ouro Preto\" \/>\n<meta name=\"twitter:card\" content=\"summary_large_image\" \/>\n<meta name=\"twitter:label1\" content=\"Escrito por\" \/>\n\t<meta name=\"twitter:data1\" content=\"Di\u00e1rio de Ouro Preto\" \/>\n\t<meta name=\"twitter:label2\" content=\"Tempo estimado de leitura\" \/>\n\t<meta name=\"twitter:data2\" content=\"12 minutos\" \/>\n<script type=\"application\/ld+json\" class=\"yoast-schema-graph\">{\"@context\":\"https:\\\/\\\/schema.org\",\"@graph\":[{\"@type\":\"Article\",\"@id\":\"https:\\\/\\\/www.diariodeouropreto.com.br\\\/eca-digital-comeca-a-valer-nesta-terca-confira-principais-pontos\\\/#article\",\"isPartOf\":{\"@id\":\"https:\\\/\\\/www.diariodeouropreto.com.br\\\/eca-digital-comeca-a-valer-nesta-terca-confira-principais-pontos\\\/\"},\"author\":{\"name\":\"Di\u00e1rio de Ouro Preto\",\"@id\":\"https:\\\/\\\/www.diariodeouropreto.com.br\\\/pt\\\/#\\\/schema\\\/person\\\/7654e7b471204a6dab6dc0ce6e140c99\"},\"headline\":\"ECA Digital come\u00e7a a valer nesta ter\u00e7a; confira principais pontos\",\"datePublished\":\"2026-03-17T15:39:44+00:00\",\"dateModified\":\"2026-03-17T15:39:49+00:00\",\"mainEntityOfPage\":{\"@id\":\"https:\\\/\\\/www.diariodeouropreto.com.br\\\/eca-digital-comeca-a-valer-nesta-terca-confira-principais-pontos\\\/\"},\"wordCount\":2458,\"publisher\":{\"@id\":\"https:\\\/\\\/www.diariodeouropreto.com.br\\\/pt\\\/#organization\"},\"image\":{\"@id\":\"https:\\\/\\\/www.diariodeouropreto.com.br\\\/eca-digital-comeca-a-valer-nesta-terca-confira-principais-pontos\\\/#primaryimage\"},\"thumbnailUrl\":\"https:\\\/\\\/www.diariodeouropreto.com.br\\\/wp-content\\\/uploads\\\/2026\\\/03\\\/rvrsa_abr_22081921127.webp\",\"keywords\":[\"Legislativo\"],\"articleSection\":[\"Brasil\"],\"inLanguage\":\"pt-PT\"},{\"@type\":\"WebPage\",\"@id\":\"https:\\\/\\\/www.diariodeouropreto.com.br\\\/eca-digital-comeca-a-valer-nesta-terca-confira-principais-pontos\\\/\",\"url\":\"https:\\\/\\\/www.diariodeouropreto.com.br\\\/eca-digital-comeca-a-valer-nesta-terca-confira-principais-pontos\\\/\",\"name\":\"ECA Digital come\u00e7a a valer nesta ter\u00e7a; confira principais pontos - Di\u00e1rio de Ouro Preto\",\"isPartOf\":{\"@id\":\"https:\\\/\\\/www.diariodeouropreto.com.br\\\/pt\\\/#website\"},\"primaryImageOfPage\":{\"@id\":\"https:\\\/\\\/www.diariodeouropreto.com.br\\\/eca-digital-comeca-a-valer-nesta-terca-confira-principais-pontos\\\/#primaryimage\"},\"image\":{\"@id\":\"https:\\\/\\\/www.diariodeouropreto.com.br\\\/eca-digital-comeca-a-valer-nesta-terca-confira-principais-pontos\\\/#primaryimage\"},\"thumbnailUrl\":\"https:\\\/\\\/www.diariodeouropreto.com.br\\\/wp-content\\\/uploads\\\/2026\\\/03\\\/rvrsa_abr_22081921127.webp\",\"datePublished\":\"2026-03-17T15:39:44+00:00\",\"dateModified\":\"2026-03-17T15:39:49+00:00\",\"description\":\"Legisla\u00e7\u00e3o busca regular acesso online para proteger crian\u00e7as e jovens- ECA Digital come\u00e7a a valer nesta ter\u00e7a; confira principais pontos - Brasil\",\"breadcrumb\":{\"@id\":\"https:\\\/\\\/www.diariodeouropreto.com.br\\\/eca-digital-comeca-a-valer-nesta-terca-confira-principais-pontos\\\/#breadcrumb\"},\"inLanguage\":\"pt-PT\",\"potentialAction\":[{\"@type\":\"ReadAction\",\"target\":[\"https:\\\/\\\/www.diariodeouropreto.com.br\\\/eca-digital-comeca-a-valer-nesta-terca-confira-principais-pontos\\\/\"]}]},{\"@type\":\"ImageObject\",\"inLanguage\":\"pt-PT\",\"@id\":\"https:\\\/\\\/www.diariodeouropreto.com.br\\\/eca-digital-comeca-a-valer-nesta-terca-confira-principais-pontos\\\/#primaryimage\",\"url\":\"https:\\\/\\\/www.diariodeouropreto.com.br\\\/wp-content\\\/uploads\\\/2026\\\/03\\\/rvrsa_abr_22081921127.webp\",\"contentUrl\":\"https:\\\/\\\/www.diariodeouropreto.com.br\\\/wp-content\\\/uploads\\\/2026\\\/03\\\/rvrsa_abr_22081921127.webp\",\"width\":1170,\"height\":700},{\"@type\":\"BreadcrumbList\",\"@id\":\"https:\\\/\\\/www.diariodeouropreto.com.br\\\/eca-digital-comeca-a-valer-nesta-terca-confira-principais-pontos\\\/#breadcrumb\",\"itemListElement\":[{\"@type\":\"ListItem\",\"position\":1,\"name\":\"In\u00edcio\",\"item\":\"https:\\\/\\\/www.diariodeouropreto.com.br\\\/pt\\\/\"},{\"@type\":\"ListItem\",\"position\":2,\"name\":\"ECA Digital come\u00e7a a valer nesta ter\u00e7a; confira principais pontos\"}]},{\"@type\":\"WebSite\",\"@id\":\"https:\\\/\\\/www.diariodeouropreto.com.br\\\/pt\\\/#website\",\"url\":\"https:\\\/\\\/www.diariodeouropreto.com.br\\\/pt\\\/\",\"name\":\"Di\u00e1rio de Ouro Preto\",\"description\":\"Not\u00edcias Ouro Preto; Mariana;Minas Gerais;Jornal;Jornalismo;Not\u00edcias;\",\"publisher\":{\"@id\":\"https:\\\/\\\/www.diariodeouropreto.com.br\\\/pt\\\/#organization\"},\"alternateName\":\"Jornal di\u00e1rio de Ouro Preto\",\"potentialAction\":[{\"@type\":\"SearchAction\",\"target\":{\"@type\":\"EntryPoint\",\"urlTemplate\":\"https:\\\/\\\/www.diariodeouropreto.com.br\\\/pt\\\/?s={search_term_string}\"},\"query-input\":{\"@type\":\"PropertyValueSpecification\",\"valueRequired\":true,\"valueName\":\"search_term_string\"}}],\"inLanguage\":\"pt-PT\"},{\"@type\":\"Organization\",\"@id\":\"https:\\\/\\\/www.diariodeouropreto.com.br\\\/pt\\\/#organization\",\"name\":\"Di\u00e1rio de Ouro Preto\",\"alternateName\":\"Jornal di\u00e1rio Ouro Preto\",\"url\":\"https:\\\/\\\/www.diariodeouropreto.com.br\\\/pt\\\/\",\"logo\":{\"@type\":\"ImageObject\",\"inLanguage\":\"pt-PT\",\"@id\":\"https:\\\/\\\/www.diariodeouropreto.com.br\\\/pt\\\/#\\\/schema\\\/logo\\\/image\\\/\",\"url\":\"https:\\\/\\\/www.diariodeouropreto.com.br\\\/wp-content\\\/uploads\\\/2019\\\/06\\\/cropped-logotransp-2.png\",\"contentUrl\":\"https:\\\/\\\/www.diariodeouropreto.com.br\\\/wp-content\\\/uploads\\\/2019\\\/06\\\/cropped-logotransp-2.png\",\"width\":1323,\"height\":251,\"caption\":\"Di\u00e1rio de Ouro Preto\"},\"image\":{\"@id\":\"https:\\\/\\\/www.diariodeouropreto.com.br\\\/pt\\\/#\\\/schema\\\/logo\\\/image\\\/\"},\"sameAs\":[\"https:\\\/\\\/www.facebook.com\\\/diariodeouropreto\\\/\"]},{\"@type\":\"Person\",\"@id\":\"https:\\\/\\\/www.diariodeouropreto.com.br\\\/pt\\\/#\\\/schema\\\/person\\\/7654e7b471204a6dab6dc0ce6e140c99\",\"name\":\"Di\u00e1rio de Ouro Preto\",\"sameAs\":[\"http:\\\/\\\/www.diariodeouropreto.com.br\"],\"url\":\"https:\\\/\\\/www.diariodeouropreto.com.br\\\/pt\\\/author\\\/diario\\\/\"}]}<\/script>\n<!-- \/ Yoast SEO plugin. -->","yoast_head_json":{"title":"ECA Digital come\u00e7a a valer nesta ter\u00e7a; confira principais pontos - Di\u00e1rio de Ouro Preto","description":"Legisla\u00e7\u00e3o busca regular acesso online para proteger crian\u00e7as e jovens- ECA Digital come\u00e7a a valer nesta ter\u00e7a; confira principais pontos - Brasil","robots":{"index":"index","follow":"follow","max-snippet":"max-snippet:-1","max-image-preview":"max-image-preview:large","max-video-preview":"max-video-preview:-1"},"canonical":"https:\/\/www.diariodeouropreto.com.br\/pt\/eca-digital-comeca-a-valer-nesta-terca-confira-principais-pontos\/","og_locale":"pt_PT","og_type":"article","og_title":"ECA Digital come\u00e7a a valer nesta ter\u00e7a; confira principais pontos - Di\u00e1rio de Ouro Preto","og_description":"Legisla\u00e7\u00e3o busca regular acesso online para proteger crian\u00e7as e jovens- ECA Digital come\u00e7a a valer nesta ter\u00e7a; confira principais pontos - Brasil","og_url":"https:\/\/www.diariodeouropreto.com.br\/pt\/eca-digital-comeca-a-valer-nesta-terca-confira-principais-pontos\/","og_site_name":"Di\u00e1rio de Ouro Preto","article_publisher":"https:\/\/www.facebook.com\/diariodeouropreto\/","article_published_time":"2026-03-17T15:39:44+00:00","article_modified_time":"2026-03-17T15:39:49+00:00","og_image":[{"width":1170,"height":700,"url":"https:\/\/www.diariodeouropreto.com.br\/wp-content\/uploads\/2026\/03\/rvrsa_abr_22081921127.webp","type":"image\/webp"}],"author":"Di\u00e1rio de Ouro Preto","twitter_card":"summary_large_image","twitter_misc":{"Escrito por":"Di\u00e1rio de Ouro Preto","Tempo estimado de leitura":"12 minutos"},"schema":{"@context":"https:\/\/schema.org","@graph":[{"@type":"Article","@id":"https:\/\/www.diariodeouropreto.com.br\/eca-digital-comeca-a-valer-nesta-terca-confira-principais-pontos\/#article","isPartOf":{"@id":"https:\/\/www.diariodeouropreto.com.br\/eca-digital-comeca-a-valer-nesta-terca-confira-principais-pontos\/"},"author":{"name":"Di\u00e1rio de Ouro Preto","@id":"https:\/\/www.diariodeouropreto.com.br\/pt\/#\/schema\/person\/7654e7b471204a6dab6dc0ce6e140c99"},"headline":"ECA Digital come\u00e7a a valer nesta ter\u00e7a; confira principais pontos","datePublished":"2026-03-17T15:39:44+00:00","dateModified":"2026-03-17T15:39:49+00:00","mainEntityOfPage":{"@id":"https:\/\/www.diariodeouropreto.com.br\/eca-digital-comeca-a-valer-nesta-terca-confira-principais-pontos\/"},"wordCount":2458,"publisher":{"@id":"https:\/\/www.diariodeouropreto.com.br\/pt\/#organization"},"image":{"@id":"https:\/\/www.diariodeouropreto.com.br\/eca-digital-comeca-a-valer-nesta-terca-confira-principais-pontos\/#primaryimage"},"thumbnailUrl":"https:\/\/www.diariodeouropreto.com.br\/wp-content\/uploads\/2026\/03\/rvrsa_abr_22081921127.webp","keywords":["Legislativo"],"articleSection":["Brasil"],"inLanguage":"pt-PT"},{"@type":"WebPage","@id":"https:\/\/www.diariodeouropreto.com.br\/eca-digital-comeca-a-valer-nesta-terca-confira-principais-pontos\/","url":"https:\/\/www.diariodeouropreto.com.br\/eca-digital-comeca-a-valer-nesta-terca-confira-principais-pontos\/","name":"ECA Digital come\u00e7a a valer nesta ter\u00e7a; confira principais pontos - Di\u00e1rio de Ouro Preto","isPartOf":{"@id":"https:\/\/www.diariodeouropreto.com.br\/pt\/#website"},"primaryImageOfPage":{"@id":"https:\/\/www.diariodeouropreto.com.br\/eca-digital-comeca-a-valer-nesta-terca-confira-principais-pontos\/#primaryimage"},"image":{"@id":"https:\/\/www.diariodeouropreto.com.br\/eca-digital-comeca-a-valer-nesta-terca-confira-principais-pontos\/#primaryimage"},"thumbnailUrl":"https:\/\/www.diariodeouropreto.com.br\/wp-content\/uploads\/2026\/03\/rvrsa_abr_22081921127.webp","datePublished":"2026-03-17T15:39:44+00:00","dateModified":"2026-03-17T15:39:49+00:00","description":"Legisla\u00e7\u00e3o busca regular acesso online para proteger crian\u00e7as e jovens- ECA Digital come\u00e7a a valer nesta ter\u00e7a; confira principais pontos - Brasil","breadcrumb":{"@id":"https:\/\/www.diariodeouropreto.com.br\/eca-digital-comeca-a-valer-nesta-terca-confira-principais-pontos\/#breadcrumb"},"inLanguage":"pt-PT","potentialAction":[{"@type":"ReadAction","target":["https:\/\/www.diariodeouropreto.com.br\/eca-digital-comeca-a-valer-nesta-terca-confira-principais-pontos\/"]}]},{"@type":"ImageObject","inLanguage":"pt-PT","@id":"https:\/\/www.diariodeouropreto.com.br\/eca-digital-comeca-a-valer-nesta-terca-confira-principais-pontos\/#primaryimage","url":"https:\/\/www.diariodeouropreto.com.br\/wp-content\/uploads\/2026\/03\/rvrsa_abr_22081921127.webp","contentUrl":"https:\/\/www.diariodeouropreto.com.br\/wp-content\/uploads\/2026\/03\/rvrsa_abr_22081921127.webp","width":1170,"height":700},{"@type":"BreadcrumbList","@id":"https:\/\/www.diariodeouropreto.com.br\/eca-digital-comeca-a-valer-nesta-terca-confira-principais-pontos\/#breadcrumb","itemListElement":[{"@type":"ListItem","position":1,"name":"In\u00edcio","item":"https:\/\/www.diariodeouropreto.com.br\/pt\/"},{"@type":"ListItem","position":2,"name":"ECA Digital come\u00e7a a valer nesta ter\u00e7a; confira principais pontos"}]},{"@type":"WebSite","@id":"https:\/\/www.diariodeouropreto.com.br\/pt\/#website","url":"https:\/\/www.diariodeouropreto.com.br\/pt\/","name":"Di\u00e1rio de Ouro Preto","description":"Not\u00edcias Ouro Preto; Mariana;Minas Gerais;Jornal;Jornalismo;Not\u00edcias;","publisher":{"@id":"https:\/\/www.diariodeouropreto.com.br\/pt\/#organization"},"alternateName":"Jornal di\u00e1rio de Ouro Preto","potentialAction":[{"@type":"SearchAction","target":{"@type":"EntryPoint","urlTemplate":"https:\/\/www.diariodeouropreto.com.br\/pt\/?s={search_term_string}"},"query-input":{"@type":"PropertyValueSpecification","valueRequired":true,"valueName":"search_term_string"}}],"inLanguage":"pt-PT"},{"@type":"Organization","@id":"https:\/\/www.diariodeouropreto.com.br\/pt\/#organization","name":"Di\u00e1rio de Ouro Preto","alternateName":"Jornal di\u00e1rio Ouro Preto","url":"https:\/\/www.diariodeouropreto.com.br\/pt\/","logo":{"@type":"ImageObject","inLanguage":"pt-PT","@id":"https:\/\/www.diariodeouropreto.com.br\/pt\/#\/schema\/logo\/image\/","url":"https:\/\/www.diariodeouropreto.com.br\/wp-content\/uploads\/2019\/06\/cropped-logotransp-2.png","contentUrl":"https:\/\/www.diariodeouropreto.com.br\/wp-content\/uploads\/2019\/06\/cropped-logotransp-2.png","width":1323,"height":251,"caption":"Di\u00e1rio de Ouro Preto"},"image":{"@id":"https:\/\/www.diariodeouropreto.com.br\/pt\/#\/schema\/logo\/image\/"},"sameAs":["https:\/\/www.facebook.com\/diariodeouropreto\/"]},{"@type":"Person","@id":"https:\/\/www.diariodeouropreto.com.br\/pt\/#\/schema\/person\/7654e7b471204a6dab6dc0ce6e140c99","name":"Di\u00e1rio de Ouro Preto","sameAs":["http:\/\/www.diariodeouropreto.com.br"],"url":"https:\/\/www.diariodeouropreto.com.br\/pt\/author\/diario\/"}]}},"jetpack_publicize_connections":[],"jetpack_featured_media_url":"https:\/\/www.diariodeouropreto.com.br\/wp-content\/uploads\/2026\/03\/rvrsa_abr_22081921127.webp","jetpack-related-posts":[{"id":51059,"url":"https:\/\/www.diariodeouropreto.com.br\/pt\/consulta-publica-ouvira-sociedade-sobre-implementacao-do-eca-digital\/","url_meta":{"origin":50964,"position":0},"title":"Consulta p\u00fablica ouvir\u00e1 sociedade sobre implementa\u00e7\u00e3o do ECA Digital","author":"Di\u00e1rio de Ouro Preto","date":"20 de Mar\u00e7o de 2026","format":false,"excerpt":"Delegado poder\u00e1 determinar uso de tornozeleira em cidades sem juiz A Autoridade Nacional de Prote\u00e7\u00e3o de Dados (ANPD) far\u00e1 uma consulta p\u00fablica para debater a implementa\u00e7\u00e3o dos mecanismos de aferi\u00e7\u00e3o de idade\u00a0determinados pelo\u00a0Estatuto Digital da Crian\u00e7a e do Adolescente (ECA Digital). Em vigor desde ter\u00e7a-feira (17), a\u00a0Lei n\u00ba 15.211\/2025\u00a0\u00e9 voltada\u2026","rel":"","context":"In &quot;Brasil&quot;","block_context":{"text":"Brasil","link":"https:\/\/www.diariodeouropreto.com.br\/pt\/Editoria\/brasil\/"},"img":{"alt_text":"","src":"https:\/\/i0.wp.com\/www.diariodeouropreto.com.br\/wp-content\/uploads\/2026\/03\/mg_5766_0.webp?resize=350%2C200&ssl=1","width":350,"height":200,"srcset":"https:\/\/i0.wp.com\/www.diariodeouropreto.com.br\/wp-content\/uploads\/2026\/03\/mg_5766_0.webp?resize=350%2C200&ssl=1 1x, https:\/\/i0.wp.com\/www.diariodeouropreto.com.br\/wp-content\/uploads\/2026\/03\/mg_5766_0.webp?resize=525%2C300&ssl=1 1.5x, https:\/\/i0.wp.com\/www.diariodeouropreto.com.br\/wp-content\/uploads\/2026\/03\/mg_5766_0.webp?resize=700%2C400&ssl=1 2x, https:\/\/i0.wp.com\/www.diariodeouropreto.com.br\/wp-content\/uploads\/2026\/03\/mg_5766_0.webp?resize=1050%2C600&ssl=1 3x"},"classes":[]},{"id":46104,"url":"https:\/\/www.diariodeouropreto.com.br\/pt\/eca-35-anos-estatuto-regulamentou-direitos-das-criancas-no-brasil\/","url_meta":{"origin":50964,"position":1},"title":"ECA 35 anos: Estatuto regulamentou direitos das crian\u00e7as no Brasil","author":"Di\u00e1rio de Ouro Preto","date":"13 de Julho de 2025","format":false,"excerpt":"Pais que trabalhavam em lix\u00e3o lutam por vida digna para os filhos As mem\u00f3rias de medo e de recome\u00e7o misturam-se nas palavras do baiano Marcos Cabral de Oliveira, de 50 anos de idade. Fome, secura e abandono na sertaneja Caetit\u00e9, na Bahia (BA), o caminho com a \u201cm\u00e3e de cria\u00e7\u00e3o\u201d\u2026","rel":"","context":"In &quot;Variedades&quot;","block_context":{"text":"Variedades","link":"https:\/\/www.diariodeouropreto.com.br\/pt\/Editoria\/variedades\/"},"img":{"alt_text":"","src":"https:\/\/i0.wp.com\/www.diariodeouropreto.com.br\/wp-content\/uploads\/2025\/07\/0d7a9675.webp?resize=350%2C200&ssl=1","width":350,"height":200,"srcset":"https:\/\/i0.wp.com\/www.diariodeouropreto.com.br\/wp-content\/uploads\/2025\/07\/0d7a9675.webp?resize=350%2C200&ssl=1 1x, https:\/\/i0.wp.com\/www.diariodeouropreto.com.br\/wp-content\/uploads\/2025\/07\/0d7a9675.webp?resize=525%2C300&ssl=1 1.5x, https:\/\/i0.wp.com\/www.diariodeouropreto.com.br\/wp-content\/uploads\/2025\/07\/0d7a9675.webp?resize=700%2C400&ssl=1 2x"},"classes":[]},{"id":51280,"url":"https:\/\/www.diariodeouropreto.com.br\/pt\/eca-digital-e-julgamento-nos-eua-contribuem-para-internet-mais-segura\/","url_meta":{"origin":50964,"position":2},"title":"ECA digital e julgamento nos EUA contribuem para internet mais segura","author":"Di\u00e1rio de Ouro Preto","date":"29 de Mar\u00e7o de 2026","format":false,"excerpt":"A\u00e7\u00f5es beneficiam crian\u00e7as e adolescentes no Brasil e no exterior A\u00e7\u00f5es ocorridas neste m\u00eas de mar\u00e7o de 2026 podem ter contribu\u00eddo para mudar a hist\u00f3ria da Internet e, sem ferir a proclamada \u201cliberdade de express\u00e3o\u201d, torn\u00e1-la um ambiente mais apropriado e seguro, especialmente para menores de idade. No \u00faltimo dia\u2026","rel":"","context":"In &quot;Geral&quot;","block_context":{"text":"Geral","link":"https:\/\/www.diariodeouropreto.com.br\/pt\/Editoria\/geral\/"},"img":{"alt_text":"","src":"https:\/\/i0.wp.com\/www.diariodeouropreto.com.br\/wp-content\/uploads\/2026\/03\/aplicativo_0410211422.webp?resize=350%2C200&ssl=1","width":350,"height":200,"srcset":"https:\/\/i0.wp.com\/www.diariodeouropreto.com.br\/wp-content\/uploads\/2026\/03\/aplicativo_0410211422.webp?resize=350%2C200&ssl=1 1x, https:\/\/i0.wp.com\/www.diariodeouropreto.com.br\/wp-content\/uploads\/2026\/03\/aplicativo_0410211422.webp?resize=525%2C300&ssl=1 1.5x, https:\/\/i0.wp.com\/www.diariodeouropreto.com.br\/wp-content\/uploads\/2026\/03\/aplicativo_0410211422.webp?resize=700%2C400&ssl=1 2x, https:\/\/i0.wp.com\/www.diariodeouropreto.com.br\/wp-content\/uploads\/2026\/03\/aplicativo_0410211422.webp?resize=1050%2C600&ssl=1 3x"},"classes":[]},{"id":4258,"url":"https:\/\/www.diariodeouropreto.com.br\/pt\/ouro-preto-comemora-o-30o-aniversario-do-estatuto-da-crianca-e-do-adolescente-eca\/","url_meta":{"origin":50964,"position":3},"title":"Ouro Preto comemora o 30\u00ba anivers\u00e1rio do Estatuto da Crian\u00e7a e do Adolescente (ECA)","author":"Di\u00e1rio de Ouro Preto","date":"13 de Julho de 2020","format":false,"excerpt":"Nesta segunda feira, 13 de julho, \u00e9 comemorado o 30\u00b0 anivers\u00e1rio do Estatuto da Crian\u00e7a e do Adolescente (ECA). Para marcar a data no munic\u00edpio, haver\u00e1 a realiza\u00e7\u00e3o de uma live com o tema: Viv\u00eancias e perspectivas em Ouro Preto. A live ter\u00e1 in\u00edcio \u00e0s 15h com transmiss\u00e3o pelo canal\u2026","rel":"","context":"In &quot;Ouro Preto&quot;","block_context":{"text":"Ouro Preto","link":"https:\/\/www.diariodeouropreto.com.br\/pt\/Editoria\/ouro-preto\/"},"img":{"alt_text":"","src":"","width":0,"height":0},"classes":[]},{"id":28210,"url":"https:\/\/www.diariodeouropreto.com.br\/pt\/mg-e-sc-contrariam-eca-e-nao-exigem-vacinacao-para-matricula-em-escola\/","url_meta":{"origin":50964,"position":4},"title":"MG e SC contrariam ECA e n\u00e3o exigem vacina\u00e7\u00e3o para matr\u00edcula em escola","author":"Di\u00e1rio de Ouro Preto","date":"7 de Fevereiro de 2024","format":false,"excerpt":"O governador de Minas Gerais, Romeu Zema, anunciou esta semana que a vacina\u00e7\u00e3o n\u00e3o ser\u00e1 mais obrigat\u00f3ria para a matr\u00edcula de crian\u00e7as e adolescentes em escolas da rede estadual. Zema postou um v\u00eddeo nas redes sociais em que comemora o fim da exig\u00eancia do comprovante de vacina no ato da\u2026","rel":"","context":"In &quot;Sa\u00fade&quot;","block_context":{"text":"Sa\u00fade","link":"https:\/\/www.diariodeouropreto.com.br\/pt\/Editoria\/saude\/"},"img":{"alt_text":"","src":"https:\/\/i0.wp.com\/www.diariodeouropreto.com.br\/wp-content\/uploads\/2024\/02\/vacina-dengue-0301a-800x534_copy.webp?resize=350%2C200&ssl=1","width":350,"height":200,"srcset":"https:\/\/i0.wp.com\/www.diariodeouropreto.com.br\/wp-content\/uploads\/2024\/02\/vacina-dengue-0301a-800x534_copy.webp?resize=350%2C200&ssl=1 1x, https:\/\/i0.wp.com\/www.diariodeouropreto.com.br\/wp-content\/uploads\/2024\/02\/vacina-dengue-0301a-800x534_copy.webp?resize=525%2C300&ssl=1 1.5x, https:\/\/i0.wp.com\/www.diariodeouropreto.com.br\/wp-content\/uploads\/2024\/02\/vacina-dengue-0301a-800x534_copy.webp?resize=700%2C400&ssl=1 2x, https:\/\/i0.wp.com\/www.diariodeouropreto.com.br\/wp-content\/uploads\/2024\/02\/vacina-dengue-0301a-800x534_copy.webp?resize=1050%2C600&ssl=1 3x"},"classes":[]},{"id":47107,"url":"https:\/\/www.diariodeouropreto.com.br\/pt\/mais-de-60-das-denuncias-de-crimes-na-internet-sao-de-abuso-infantil\/","url_meta":{"origin":50964,"position":5},"title":"Mais de 60% das den\u00fancias de crimes na internet s\u00e3o de abuso infantil","author":"Di\u00e1rio de Ouro Preto","date":"22 de Agosto de 2025","format":false,"excerpt":"SaferNet alerta para uso de IA para manipular e criar conte\u00fados Um relat\u00f3rio divulgado nesta quarta-feira (20) pela SaferNet revelou que entre 1\u00ba de janeiro e 31 de julho deste ano foram registradas 49.336 den\u00fancias an\u00f4nimas de abuso e explora\u00e7\u00e3o sexual infantil na internet. Isso significou um crescimento de 18,9%\u2026","rel":"","context":"In &quot;Brasil&quot;","block_context":{"text":"Brasil","link":"https:\/\/www.diariodeouropreto.com.br\/pt\/Editoria\/brasil\/"},"img":{"alt_text":"","src":"https:\/\/i0.wp.com\/www.diariodeouropreto.com.br\/wp-content\/uploads\/2025\/08\/mg_5838_0.webp?resize=350%2C200&ssl=1","width":350,"height":200,"srcset":"https:\/\/i0.wp.com\/www.diariodeouropreto.com.br\/wp-content\/uploads\/2025\/08\/mg_5838_0.webp?resize=350%2C200&ssl=1 1x, https:\/\/i0.wp.com\/www.diariodeouropreto.com.br\/wp-content\/uploads\/2025\/08\/mg_5838_0.webp?resize=525%2C300&ssl=1 1.5x, https:\/\/i0.wp.com\/www.diariodeouropreto.com.br\/wp-content\/uploads\/2025\/08\/mg_5838_0.webp?resize=700%2C400&ssl=1 2x, https:\/\/i0.wp.com\/www.diariodeouropreto.com.br\/wp-content\/uploads\/2025\/08\/mg_5838_0.webp?resize=1050%2C600&ssl=1 3x"},"classes":[]}],"jetpack_sharing_enabled":true,"amp_enabled":true,"_links":{"self":[{"href":"https:\/\/www.diariodeouropreto.com.br\/pt\/wp-json\/wp\/v2\/posts\/50964","targetHints":{"allow":["GET"]}}],"collection":[{"href":"https:\/\/www.diariodeouropreto.com.br\/pt\/wp-json\/wp\/v2\/posts"}],"about":[{"href":"https:\/\/www.diariodeouropreto.com.br\/pt\/wp-json\/wp\/v2\/types\/post"}],"author":[{"embeddable":true,"href":"https:\/\/www.diariodeouropreto.com.br\/pt\/wp-json\/wp\/v2\/users\/1"}],"replies":[{"embeddable":true,"href":"https:\/\/www.diariodeouropreto.com.br\/pt\/wp-json\/wp\/v2\/comments?post=50964"}],"version-history":[{"count":1,"href":"https:\/\/www.diariodeouropreto.com.br\/pt\/wp-json\/wp\/v2\/posts\/50964\/revisions"}],"predecessor-version":[{"id":50968,"href":"https:\/\/www.diariodeouropreto.com.br\/pt\/wp-json\/wp\/v2\/posts\/50964\/revisions\/50968"}],"wp:featuredmedia":[{"embeddable":true,"href":"https:\/\/www.diariodeouropreto.com.br\/pt\/wp-json\/wp\/v2\/media\/50967"}],"wp:attachment":[{"href":"https:\/\/www.diariodeouropreto.com.br\/pt\/wp-json\/wp\/v2\/media?parent=50964"}],"wp:term":[{"taxonomy":"category","embeddable":true,"href":"https:\/\/www.diariodeouropreto.com.br\/pt\/wp-json\/wp\/v2\/categories?post=50964"},{"taxonomy":"post_tag","embeddable":true,"href":"https:\/\/www.diariodeouropreto.com.br\/pt\/wp-json\/wp\/v2\/tags?post=50964"}],"curies":[{"name":"wp","href":"https:\/\/api.w.org\/{rel}","templated":true}]}}