{"id":50960,"date":"2026-03-17T12:32:22","date_gmt":"2026-03-17T15:32:22","guid":{"rendered":"https:\/\/www.diariodeouropreto.com.br\/?p=50960"},"modified":"2026-03-17T12:45:29","modified_gmt":"2026-03-17T15:45:29","slug":"deputado-estadual-wendel-mesquita-anuncia-emenda-para-a-santa-casa-de-ouro-preto","status":"publish","type":"post","link":"https:\/\/www.diariodeouropreto.com.br\/pt\/deputado-estadual-wendel-mesquita-anuncia-emenda-para-a-santa-casa-de-ouro-preto\/","title":{"rendered":"Deputado Estadual Wendel Mesquita anuncia emenda para a Santa Casa de Ouro Preto\u00a0"},"content":{"rendered":"<p>A Santa Casa de Ouro Preto recebeu, no dia 13 de mar\u00e7o de 2026, a visita do deputado estadual Professor Wendel Mesquita, que anunciou o compromisso de destinar R$ 700 mil em emendas parlamentares para a institui\u00e7\u00e3o. A visita contou com a presen\u00e7a do assessor e coordenador-geral do gabinete do deputado, Ricardo Oliveira, al\u00e9m de membros da sociedade que se entusiasmaram com a presen\u00e7a do parlamentar.<\/p>\n\n\n\n<p><br>Participaram do encontro Marcelo Oliveira, provedor, Samira Alfenas, Vice-Provedora, Pedro Ponciano Diretor Hospitalar, gerentes da institui\u00e7\u00e3o e as profissionais da equipe de odontologia hospitalar Ana M\u00e1rcia Ara\u00fajo e Zuleika Ara\u00fajo Henriques.<\/p>\n\n\n\n<p><br>Durante a visita, o deputado anunciou a destina\u00e7\u00e3o de R$ 300 mil como incentivo a um projeto voltado ao atendimento odontol\u00f3gico de pacientes com Transtorno do Espectro Autista. A iniciativa prev\u00ea a realiza\u00e7\u00e3o de procedimentos odontol\u00f3gicos no centro cir\u00fargico para pacientes que necessitam de seda\u00e7\u00e3o ou anestesia geral, principalmente devido \u00e0s dificuldades de adapta\u00e7\u00e3o ao atendimento em consult\u00f3rio odontol\u00f3gico tradicional.<\/p>\n\n\n\n<p><br>Entre os fatores que podem gerar desconforto para pessoas com autismo est\u00e3o o barulho dos equipamentos odontol\u00f3gicos, a intensidade da ilumina\u00e7\u00e3o e a pr\u00f3pria posi\u00e7\u00e3o da cadeira durante o atendimento. Por isso, em alguns casos, a realiza\u00e7\u00e3o do procedimento sob anestesia em ambiente hospitalar torna-se necess\u00e1ria para garantir seguran\u00e7a e qualidade na assist\u00eancia.<\/p>\n\n\n\n<p><br>A Santa Casa j\u00e1 realiza esse tipo de atendimento, por\u00e9m de forma particular. Com o novo incentivo, ser\u00e1 poss\u00edvel ampliar o acesso para pacientes que recebem acompanhamento pelo Sistema \u00danico de Sa\u00fade (SUS). A institui\u00e7\u00e3o tamb\u00e9m destaca que todos os casos passam por avalia\u00e7\u00e3o pr\u00e9via das dentistas respons\u00e1veis, garantindo que a indica\u00e7\u00e3o de anestesia ocorra apenas quando realmente necess\u00e1ria.<br>Durante a agenda, o deputado fez quest\u00e3o de conhecer as instala\u00e7\u00f5es do hospital e acompanhar uma apresenta\u00e7\u00e3o institucional sobre os avan\u00e7os e melhorias implementadas pela Santa Casa nos \u00faltimos anos. Em seguida, realizou uma visita pelos setores da unidade, demonstrando entusiasmo com a estrutura e com o trabalho desenvolvido pela equipe.<\/p>\n\n\n\n<p><br>Ap\u00f3s a visita, o parlamentar tamb\u00e9m se comprometeu a destinar mais R$ 400 mil para a aquisi\u00e7\u00e3o de equipamentos hospitalares, que contribuir\u00e3o para a melhoria da assist\u00eancia aos pacientes e das condi\u00e7\u00f5es de trabalho das equipes de sa\u00fade.<\/p>\n\n\n\n<p><br>Segundo o deputado, considerando os tr\u00e2mites legais das emendas parlamentares, a expectativa \u00e9 de que os recursos estejam dispon\u00edveis a partir de julho, no segundo semestre deste ano.<\/p>\n\n\n\n<div id=\"110712\" class=\"advads-saneouro advads-entity-placement\" style=\"margin-left: auto;margin-right: auto;text-align: center;\"><a href=\"https:\/\/www.saneouro.com.br\/\" target=\"_blank\" aria-label=\"DOP_Site\" data-wpel-link=\"external\" rel=\"follow external noopener noreferrer sponsored ugc\"><img src=\"https:\/\/www.diariodeouropreto.com.br\/wp-content\/uploads\/2026\/04\/DOP_Site.jpg\" alt=\"\"  srcset=\"https:\/\/www.diariodeouropreto.com.br\/wp-content\/uploads\/2026\/04\/DOP_Site.jpg 301w, https:\/\/www.diariodeouropreto.com.br\/wp-content\/uploads\/2026\/04\/DOP_Site-180x150.jpg 180w, https:\/\/www.diariodeouropreto.com.br\/wp-content\/uploads\/2026\/04\/DOP_Site-14x12.jpg 14w\" sizes=\"(max-width: 301px) 100vw, 301px\" width=\"301\" height=\"251\"  style=\"display: inline-block;\" \/><\/a><\/div><p><br>Com o apoio anunciado, a Santa Casa de Ouro Preto refor\u00e7a seu compromisso com a amplia\u00e7\u00e3o do acesso aos servi\u00e7os de sa\u00fade e com a qualifica\u00e7\u00e3o cont\u00ednua da assist\u00eancia prestada \u00e0 popula\u00e7\u00e3o.<\/p>\n\n\n\n<div id=\"50321\" class=\"advads-plantao advads-entity-placement\"><a href=\"https:\/\/www.diariodeouropreto.com.br\/pt\/\" target=\"_blank\" aria-label=\"site &#8211; noticia\" data-wpel-link=\"external\" rel=\"follow external noopener noreferrer sponsored ugc\"><img src=\"https:\/\/www.diariodeouropreto.com.br\/wp-content\/uploads\/2019\/09\/titulosite2-e1616373489755.jpg\" alt=\"\"  srcset=\"https:\/\/www.diariodeouropreto.com.br\/wp-content\/uploads\/2019\/09\/titulosite2-e1616373489755.jpg 1200w, https:\/\/www.diariodeouropreto.com.br\/wp-content\/uploads\/2019\/09\/titulosite2-e1616373489755-150x38.jpg 150w, https:\/\/www.diariodeouropreto.com.br\/wp-content\/uploads\/2019\/09\/titulosite2-e1616373489755-660x167.jpg 660w, https:\/\/www.diariodeouropreto.com.br\/wp-content\/uploads\/2019\/09\/titulosite2-e1616373489755-768x194.jpg 768w, https:\/\/www.diariodeouropreto.com.br\/wp-content\/uploads\/2019\/09\/titulosite2-e1616373489755-1000x252.jpg 1000w, https:\/\/www.diariodeouropreto.com.br\/wp-content\/uploads\/2019\/09\/titulosite2-e1616373489755-1536x388.jpg 1536w, https:\/\/www.diariodeouropreto.com.br\/wp-content\/uploads\/2019\/09\/titulosite2-e1616373489755-2048x517.jpg 2048w\" sizes=\"(max-width: 1200px) 100vw, 1200px\" width=\"1200\" height=\"303\"  style=\"display: inline-block;\" \/><\/a><\/div><p>Fonte: Ascom Santa Casa<\/p>","protected":false},"excerpt":{"rendered":"<p>A Santa Casa de Ouro Preto recebeu, no dia 13 de mar\u00e7o de 2026, a visita do deputado estadual Professor Wendel Mesquita, que anunciou o compromisso de destinar R$ 700 mil em emendas parlamentares para a institui\u00e7\u00e3o. A visita contou com a presen\u00e7a do assessor e coordenador-geral do gabinete do<span class=\"more-link\"><a href=\"https:\/\/www.diariodeouropreto.com.br\/pt\/deputado-estadual-wendel-mesquita-anuncia-emenda-para-a-santa-casa-de-ouro-preto\/\" data-wpel-link=\"internal\">Continue Lendo<\/a><\/span><\/p>","protected":false},"author":1,"featured_media":50962,"comment_status":"closed","ping_status":"closed","sticky":false,"template":"","format":"standard","meta":{"_jetpack_memberships_contains_paid_content":false,"footnotes":"","jetpack_publicize_message":"O deputado estadual Professor Wendel Mesquita anunciou o compromisso de destinar R$ 700 mil em emendas parlamentares para a institui\u00e7\u00e3o","jetpack_publicize_feature_enabled":true,"jetpack_social_post_already_shared":false,"jetpack_social_options":{"image_generator_settings":{"template":"highway","default_image_id":0,"font":"","enabled":false},"version":2}},"categories":[46],"tags":[],"class_list":["entry","author-diario","post-50960","post","type-post","status-publish","format-standard","has-post-thumbnail","category-politica"],"yoast_head":"<!-- This site is optimized with the Yoast SEO plugin v27.5 - https:\/\/yoast.com\/product\/yoast-seo-wordpress\/ -->\n<title>Deputado Estadual Wendel Mesquita anuncia emenda para a Santa Casa de Ouro Preto\u00a0 - Di\u00e1rio de Ouro Preto<\/title>\n<meta name=\"description\" content=\"A Santa Casa de Ouro Preto recebeu, no dia 13 de mar\u00e7o de 2026, a visita do deputado estadual Professor Wendel Mesquita, que anunciou o compromisso de destinar R$ 700 mil em emendas parlamentares para a institui\u00e7\u00e3o- Deputado Estadual Wendel Mesquita anuncia emenda para a Santa Casa de Ouro Preto\u00a0 - Pol\u00edtica\" \/>\n<meta name=\"robots\" content=\"index, follow, max-snippet:-1, max-image-preview:large, max-video-preview:-1\" \/>\n<link rel=\"canonical\" href=\"https:\/\/www.diariodeouropreto.com.br\/pt\/deputado-estadual-wendel-mesquita-anuncia-emenda-para-a-santa-casa-de-ouro-preto\/\" \/>\n<meta property=\"og:locale\" content=\"pt_PT\" \/>\n<meta property=\"og:type\" content=\"article\" \/>\n<meta property=\"og:title\" content=\"Deputado Estadual Wendel Mesquita anuncia emenda para a Santa Casa de Ouro Preto\u00a0 - Di\u00e1rio de Ouro Preto\" \/>\n<meta property=\"og:description\" content=\"A Santa Casa de Ouro Preto recebeu, no dia 13 de mar\u00e7o de 2026, a visita do deputado estadual Professor Wendel Mesquita, que anunciou o compromisso de destinar R$ 700 mil em emendas parlamentares para a institui\u00e7\u00e3o- Deputado Estadual Wendel Mesquita anuncia emenda para a Santa Casa de Ouro Preto\u00a0 - Pol\u00edtica\" \/>\n<meta property=\"og:url\" content=\"https:\/\/www.diariodeouropreto.com.br\/pt\/deputado-estadual-wendel-mesquita-anuncia-emenda-para-a-santa-casa-de-ouro-preto\/\" \/>\n<meta property=\"og:site_name\" content=\"Di\u00e1rio de Ouro Preto\" \/>\n<meta property=\"article:publisher\" content=\"https:\/\/www.facebook.com\/diariodeouropreto\/\" \/>\n<meta property=\"article:published_time\" content=\"2026-03-17T15:32:22+00:00\" \/>\n<meta property=\"article:modified_time\" content=\"2026-03-17T15:45:29+00:00\" \/>\n<meta property=\"og:image\" content=\"https:\/\/www.diariodeouropreto.com.br\/wp-content\/uploads\/2026\/03\/IMG_9386-1.jpg\" \/>\n\t<meta property=\"og:image:width\" content=\"1200\" \/>\n\t<meta property=\"og:image:height\" content=\"800\" \/>\n\t<meta property=\"og:image:type\" content=\"image\/jpeg\" \/>\n<meta name=\"author\" content=\"Di\u00e1rio de Ouro Preto\" \/>\n<meta name=\"twitter:card\" content=\"summary_large_image\" \/>\n<meta name=\"twitter:label1\" content=\"Escrito por\" \/>\n\t<meta name=\"twitter:data1\" content=\"Di\u00e1rio de Ouro Preto\" \/>\n\t<meta name=\"twitter:label2\" content=\"Tempo estimado de leitura\" \/>\n\t<meta name=\"twitter:data2\" content=\"3 minutos\" \/>\n<script type=\"application\/ld+json\" class=\"yoast-schema-graph\">{\"@context\":\"https:\\\/\\\/schema.org\",\"@graph\":[{\"@type\":\"Article\",\"@id\":\"https:\\\/\\\/www.diariodeouropreto.com.br\\\/deputado-estadual-wendel-mesquita-anuncia-emenda-para-a-santa-casa-de-ouro-preto\\\/#article\",\"isPartOf\":{\"@id\":\"https:\\\/\\\/www.diariodeouropreto.com.br\\\/deputado-estadual-wendel-mesquita-anuncia-emenda-para-a-santa-casa-de-ouro-preto\\\/\"},\"author\":{\"name\":\"Di\u00e1rio de Ouro Preto\",\"@id\":\"https:\\\/\\\/www.diariodeouropreto.com.br\\\/pt\\\/#\\\/schema\\\/person\\\/7654e7b471204a6dab6dc0ce6e140c99\"},\"headline\":\"Deputado Estadual Wendel Mesquita anuncia emenda para a Santa Casa de Ouro Preto\u00a0\",\"datePublished\":\"2026-03-17T15:32:22+00:00\",\"dateModified\":\"2026-03-17T15:45:29+00:00\",\"mainEntityOfPage\":{\"@id\":\"https:\\\/\\\/www.diariodeouropreto.com.br\\\/deputado-estadual-wendel-mesquita-anuncia-emenda-para-a-santa-casa-de-ouro-preto\\\/\"},\"wordCount\":486,\"publisher\":{\"@id\":\"https:\\\/\\\/www.diariodeouropreto.com.br\\\/pt\\\/#organization\"},\"image\":{\"@id\":\"https:\\\/\\\/www.diariodeouropreto.com.br\\\/deputado-estadual-wendel-mesquita-anuncia-emenda-para-a-santa-casa-de-ouro-preto\\\/#primaryimage\"},\"thumbnailUrl\":\"https:\\\/\\\/www.diariodeouropreto.com.br\\\/wp-content\\\/uploads\\\/2026\\\/03\\\/IMG_9386-1.jpg\",\"articleSection\":[\"Pol\u00edtica\"],\"inLanguage\":\"pt-PT\"},{\"@type\":\"WebPage\",\"@id\":\"https:\\\/\\\/www.diariodeouropreto.com.br\\\/deputado-estadual-wendel-mesquita-anuncia-emenda-para-a-santa-casa-de-ouro-preto\\\/\",\"url\":\"https:\\\/\\\/www.diariodeouropreto.com.br\\\/deputado-estadual-wendel-mesquita-anuncia-emenda-para-a-santa-casa-de-ouro-preto\\\/\",\"name\":\"Deputado Estadual Wendel Mesquita anuncia emenda para a Santa Casa de Ouro Preto\u00a0 - Di\u00e1rio de Ouro Preto\",\"isPartOf\":{\"@id\":\"https:\\\/\\\/www.diariodeouropreto.com.br\\\/pt\\\/#website\"},\"primaryImageOfPage\":{\"@id\":\"https:\\\/\\\/www.diariodeouropreto.com.br\\\/deputado-estadual-wendel-mesquita-anuncia-emenda-para-a-santa-casa-de-ouro-preto\\\/#primaryimage\"},\"image\":{\"@id\":\"https:\\\/\\\/www.diariodeouropreto.com.br\\\/deputado-estadual-wendel-mesquita-anuncia-emenda-para-a-santa-casa-de-ouro-preto\\\/#primaryimage\"},\"thumbnailUrl\":\"https:\\\/\\\/www.diariodeouropreto.com.br\\\/wp-content\\\/uploads\\\/2026\\\/03\\\/IMG_9386-1.jpg\",\"datePublished\":\"2026-03-17T15:32:22+00:00\",\"dateModified\":\"2026-03-17T15:45:29+00:00\",\"description\":\"A Santa Casa de Ouro Preto recebeu, no dia 13 de mar\u00e7o de 2026, a visita do deputado estadual Professor Wendel Mesquita, que anunciou o compromisso de destinar R$ 700 mil em emendas parlamentares para a institui\u00e7\u00e3o- Deputado Estadual Wendel Mesquita anuncia emenda para a Santa Casa de Ouro Preto\u00a0 - Pol\u00edtica\",\"breadcrumb\":{\"@id\":\"https:\\\/\\\/www.diariodeouropreto.com.br\\\/deputado-estadual-wendel-mesquita-anuncia-emenda-para-a-santa-casa-de-ouro-preto\\\/#breadcrumb\"},\"inLanguage\":\"pt-PT\",\"potentialAction\":[{\"@type\":\"ReadAction\",\"target\":[\"https:\\\/\\\/www.diariodeouropreto.com.br\\\/deputado-estadual-wendel-mesquita-anuncia-emenda-para-a-santa-casa-de-ouro-preto\\\/\"]}]},{\"@type\":\"ImageObject\",\"inLanguage\":\"pt-PT\",\"@id\":\"https:\\\/\\\/www.diariodeouropreto.com.br\\\/deputado-estadual-wendel-mesquita-anuncia-emenda-para-a-santa-casa-de-ouro-preto\\\/#primaryimage\",\"url\":\"https:\\\/\\\/www.diariodeouropreto.com.br\\\/wp-content\\\/uploads\\\/2026\\\/03\\\/IMG_9386-1.jpg\",\"contentUrl\":\"https:\\\/\\\/www.diariodeouropreto.com.br\\\/wp-content\\\/uploads\\\/2026\\\/03\\\/IMG_9386-1.jpg\",\"width\":1200,\"height\":800},{\"@type\":\"BreadcrumbList\",\"@id\":\"https:\\\/\\\/www.diariodeouropreto.com.br\\\/deputado-estadual-wendel-mesquita-anuncia-emenda-para-a-santa-casa-de-ouro-preto\\\/#breadcrumb\",\"itemListElement\":[{\"@type\":\"ListItem\",\"position\":1,\"name\":\"In\u00edcio\",\"item\":\"https:\\\/\\\/www.diariodeouropreto.com.br\\\/pt\\\/\"},{\"@type\":\"ListItem\",\"position\":2,\"name\":\"Deputado Estadual Wendel Mesquita anuncia emenda para a Santa Casa de Ouro Preto\u00a0\"}]},{\"@type\":\"WebSite\",\"@id\":\"https:\\\/\\\/www.diariodeouropreto.com.br\\\/pt\\\/#website\",\"url\":\"https:\\\/\\\/www.diariodeouropreto.com.br\\\/pt\\\/\",\"name\":\"Di\u00e1rio de Ouro Preto\",\"description\":\"Not\u00edcias Ouro Preto; Mariana;Minas Gerais;Jornal;Jornalismo;Not\u00edcias;\",\"publisher\":{\"@id\":\"https:\\\/\\\/www.diariodeouropreto.com.br\\\/pt\\\/#organization\"},\"alternateName\":\"Jornal di\u00e1rio de Ouro Preto\",\"potentialAction\":[{\"@type\":\"SearchAction\",\"target\":{\"@type\":\"EntryPoint\",\"urlTemplate\":\"https:\\\/\\\/www.diariodeouropreto.com.br\\\/pt\\\/?s={search_term_string}\"},\"query-input\":{\"@type\":\"PropertyValueSpecification\",\"valueRequired\":true,\"valueName\":\"search_term_string\"}}],\"inLanguage\":\"pt-PT\"},{\"@type\":\"Organization\",\"@id\":\"https:\\\/\\\/www.diariodeouropreto.com.br\\\/pt\\\/#organization\",\"name\":\"Di\u00e1rio de Ouro Preto\",\"alternateName\":\"Jornal di\u00e1rio Ouro Preto\",\"url\":\"https:\\\/\\\/www.diariodeouropreto.com.br\\\/pt\\\/\",\"logo\":{\"@type\":\"ImageObject\",\"inLanguage\":\"pt-PT\",\"@id\":\"https:\\\/\\\/www.diariodeouropreto.com.br\\\/pt\\\/#\\\/schema\\\/logo\\\/image\\\/\",\"url\":\"https:\\\/\\\/www.diariodeouropreto.com.br\\\/wp-content\\\/uploads\\\/2019\\\/06\\\/cropped-logotransp-2.png\",\"contentUrl\":\"https:\\\/\\\/www.diariodeouropreto.com.br\\\/wp-content\\\/uploads\\\/2019\\\/06\\\/cropped-logotransp-2.png\",\"width\":1323,\"height\":251,\"caption\":\"Di\u00e1rio de Ouro Preto\"},\"image\":{\"@id\":\"https:\\\/\\\/www.diariodeouropreto.com.br\\\/pt\\\/#\\\/schema\\\/logo\\\/image\\\/\"},\"sameAs\":[\"https:\\\/\\\/www.facebook.com\\\/diariodeouropreto\\\/\"]},{\"@type\":\"Person\",\"@id\":\"https:\\\/\\\/www.diariodeouropreto.com.br\\\/pt\\\/#\\\/schema\\\/person\\\/7654e7b471204a6dab6dc0ce6e140c99\",\"name\":\"Di\u00e1rio de Ouro Preto\",\"sameAs\":[\"http:\\\/\\\/www.diariodeouropreto.com.br\"],\"url\":\"https:\\\/\\\/www.diariodeouropreto.com.br\\\/pt\\\/author\\\/diario\\\/\"}]}<\/script>\n<!-- \/ Yoast SEO plugin. -->","yoast_head_json":{"title":"Deputado Estadual Wendel Mesquita anuncia emenda para a Santa Casa de Ouro Preto\u00a0 - Di\u00e1rio de Ouro Preto","description":"A Santa Casa de Ouro Preto recebeu, no dia 13 de mar\u00e7o de 2026, a visita do deputado estadual Professor Wendel Mesquita, que anunciou o compromisso de destinar R$ 700 mil em emendas parlamentares para a institui\u00e7\u00e3o- Deputado Estadual Wendel Mesquita anuncia emenda para a Santa Casa de Ouro Preto\u00a0 - Pol\u00edtica","robots":{"index":"index","follow":"follow","max-snippet":"max-snippet:-1","max-image-preview":"max-image-preview:large","max-video-preview":"max-video-preview:-1"},"canonical":"https:\/\/www.diariodeouropreto.com.br\/pt\/deputado-estadual-wendel-mesquita-anuncia-emenda-para-a-santa-casa-de-ouro-preto\/","og_locale":"pt_PT","og_type":"article","og_title":"Deputado Estadual Wendel Mesquita anuncia emenda para a Santa Casa de Ouro Preto\u00a0 - Di\u00e1rio de Ouro Preto","og_description":"A Santa Casa de Ouro Preto recebeu, no dia 13 de mar\u00e7o de 2026, a visita do deputado estadual Professor Wendel Mesquita, que anunciou o compromisso de destinar R$ 700 mil em emendas parlamentares para a institui\u00e7\u00e3o- Deputado Estadual Wendel Mesquita anuncia emenda para a Santa Casa de Ouro Preto\u00a0 - Pol\u00edtica","og_url":"https:\/\/www.diariodeouropreto.com.br\/pt\/deputado-estadual-wendel-mesquita-anuncia-emenda-para-a-santa-casa-de-ouro-preto\/","og_site_name":"Di\u00e1rio de Ouro Preto","article_publisher":"https:\/\/www.facebook.com\/diariodeouropreto\/","article_published_time":"2026-03-17T15:32:22+00:00","article_modified_time":"2026-03-17T15:45:29+00:00","og_image":[{"width":1200,"height":800,"url":"https:\/\/www.diariodeouropreto.com.br\/wp-content\/uploads\/2026\/03\/IMG_9386-1.jpg","type":"image\/jpeg"}],"author":"Di\u00e1rio de Ouro Preto","twitter_card":"summary_large_image","twitter_misc":{"Escrito por":"Di\u00e1rio de Ouro Preto","Tempo estimado de leitura":"3 minutos"},"schema":{"@context":"https:\/\/schema.org","@graph":[{"@type":"Article","@id":"https:\/\/www.diariodeouropreto.com.br\/deputado-estadual-wendel-mesquita-anuncia-emenda-para-a-santa-casa-de-ouro-preto\/#article","isPartOf":{"@id":"https:\/\/www.diariodeouropreto.com.br\/deputado-estadual-wendel-mesquita-anuncia-emenda-para-a-santa-casa-de-ouro-preto\/"},"author":{"name":"Di\u00e1rio de Ouro Preto","@id":"https:\/\/www.diariodeouropreto.com.br\/pt\/#\/schema\/person\/7654e7b471204a6dab6dc0ce6e140c99"},"headline":"Deputado Estadual Wendel Mesquita anuncia emenda para a Santa Casa de Ouro Preto\u00a0","datePublished":"2026-03-17T15:32:22+00:00","dateModified":"2026-03-17T15:45:29+00:00","mainEntityOfPage":{"@id":"https:\/\/www.diariodeouropreto.com.br\/deputado-estadual-wendel-mesquita-anuncia-emenda-para-a-santa-casa-de-ouro-preto\/"},"wordCount":486,"publisher":{"@id":"https:\/\/www.diariodeouropreto.com.br\/pt\/#organization"},"image":{"@id":"https:\/\/www.diariodeouropreto.com.br\/deputado-estadual-wendel-mesquita-anuncia-emenda-para-a-santa-casa-de-ouro-preto\/#primaryimage"},"thumbnailUrl":"https:\/\/www.diariodeouropreto.com.br\/wp-content\/uploads\/2026\/03\/IMG_9386-1.jpg","articleSection":["Pol\u00edtica"],"inLanguage":"pt-PT"},{"@type":"WebPage","@id":"https:\/\/www.diariodeouropreto.com.br\/deputado-estadual-wendel-mesquita-anuncia-emenda-para-a-santa-casa-de-ouro-preto\/","url":"https:\/\/www.diariodeouropreto.com.br\/deputado-estadual-wendel-mesquita-anuncia-emenda-para-a-santa-casa-de-ouro-preto\/","name":"Deputado Estadual Wendel Mesquita anuncia emenda para a Santa Casa de Ouro Preto\u00a0 - Di\u00e1rio de Ouro Preto","isPartOf":{"@id":"https:\/\/www.diariodeouropreto.com.br\/pt\/#website"},"primaryImageOfPage":{"@id":"https:\/\/www.diariodeouropreto.com.br\/deputado-estadual-wendel-mesquita-anuncia-emenda-para-a-santa-casa-de-ouro-preto\/#primaryimage"},"image":{"@id":"https:\/\/www.diariodeouropreto.com.br\/deputado-estadual-wendel-mesquita-anuncia-emenda-para-a-santa-casa-de-ouro-preto\/#primaryimage"},"thumbnailUrl":"https:\/\/www.diariodeouropreto.com.br\/wp-content\/uploads\/2026\/03\/IMG_9386-1.jpg","datePublished":"2026-03-17T15:32:22+00:00","dateModified":"2026-03-17T15:45:29+00:00","description":"A Santa Casa de Ouro Preto recebeu, no dia 13 de mar\u00e7o de 2026, a visita do deputado estadual Professor Wendel Mesquita, que anunciou o compromisso de destinar R$ 700 mil em emendas parlamentares para a institui\u00e7\u00e3o- Deputado Estadual Wendel Mesquita anuncia emenda para a Santa Casa de Ouro Preto\u00a0 - Pol\u00edtica","breadcrumb":{"@id":"https:\/\/www.diariodeouropreto.com.br\/deputado-estadual-wendel-mesquita-anuncia-emenda-para-a-santa-casa-de-ouro-preto\/#breadcrumb"},"inLanguage":"pt-PT","potentialAction":[{"@type":"ReadAction","target":["https:\/\/www.diariodeouropreto.com.br\/deputado-estadual-wendel-mesquita-anuncia-emenda-para-a-santa-casa-de-ouro-preto\/"]}]},{"@type":"ImageObject","inLanguage":"pt-PT","@id":"https:\/\/www.diariodeouropreto.com.br\/deputado-estadual-wendel-mesquita-anuncia-emenda-para-a-santa-casa-de-ouro-preto\/#primaryimage","url":"https:\/\/www.diariodeouropreto.com.br\/wp-content\/uploads\/2026\/03\/IMG_9386-1.jpg","contentUrl":"https:\/\/www.diariodeouropreto.com.br\/wp-content\/uploads\/2026\/03\/IMG_9386-1.jpg","width":1200,"height":800},{"@type":"BreadcrumbList","@id":"https:\/\/www.diariodeouropreto.com.br\/deputado-estadual-wendel-mesquita-anuncia-emenda-para-a-santa-casa-de-ouro-preto\/#breadcrumb","itemListElement":[{"@type":"ListItem","position":1,"name":"In\u00edcio","item":"https:\/\/www.diariodeouropreto.com.br\/pt\/"},{"@type":"ListItem","position":2,"name":"Deputado Estadual Wendel Mesquita anuncia emenda para a Santa Casa de Ouro Preto\u00a0"}]},{"@type":"WebSite","@id":"https:\/\/www.diariodeouropreto.com.br\/pt\/#website","url":"https:\/\/www.diariodeouropreto.com.br\/pt\/","name":"Di\u00e1rio de Ouro Preto","description":"Not\u00edcias Ouro Preto; Mariana;Minas Gerais;Jornal;Jornalismo;Not\u00edcias;","publisher":{"@id":"https:\/\/www.diariodeouropreto.com.br\/pt\/#organization"},"alternateName":"Jornal di\u00e1rio de Ouro Preto","potentialAction":[{"@type":"SearchAction","target":{"@type":"EntryPoint","urlTemplate":"https:\/\/www.diariodeouropreto.com.br\/pt\/?s={search_term_string}"},"query-input":{"@type":"PropertyValueSpecification","valueRequired":true,"valueName":"search_term_string"}}],"inLanguage":"pt-PT"},{"@type":"Organization","@id":"https:\/\/www.diariodeouropreto.com.br\/pt\/#organization","name":"Di\u00e1rio de Ouro Preto","alternateName":"Jornal di\u00e1rio Ouro Preto","url":"https:\/\/www.diariodeouropreto.com.br\/pt\/","logo":{"@type":"ImageObject","inLanguage":"pt-PT","@id":"https:\/\/www.diariodeouropreto.com.br\/pt\/#\/schema\/logo\/image\/","url":"https:\/\/www.diariodeouropreto.com.br\/wp-content\/uploads\/2019\/06\/cropped-logotransp-2.png","contentUrl":"https:\/\/www.diariodeouropreto.com.br\/wp-content\/uploads\/2019\/06\/cropped-logotransp-2.png","width":1323,"height":251,"caption":"Di\u00e1rio de Ouro Preto"},"image":{"@id":"https:\/\/www.diariodeouropreto.com.br\/pt\/#\/schema\/logo\/image\/"},"sameAs":["https:\/\/www.facebook.com\/diariodeouropreto\/"]},{"@type":"Person","@id":"https:\/\/www.diariodeouropreto.com.br\/pt\/#\/schema\/person\/7654e7b471204a6dab6dc0ce6e140c99","name":"Di\u00e1rio de Ouro Preto","sameAs":["http:\/\/www.diariodeouropreto.com.br"],"url":"https:\/\/www.diariodeouropreto.com.br\/pt\/author\/diario\/"}]}},"jetpack_publicize_connections":[],"jetpack_featured_media_url":"https:\/\/www.diariodeouropreto.com.br\/wp-content\/uploads\/2026\/03\/IMG_9386-1.jpg","jetpack-related-posts":[{"id":31131,"url":"https:\/\/www.diariodeouropreto.com.br\/pt\/leleco-em-padre-joao-visitaram-ouro-preto-nesta-sexta-feira\/","url_meta":{"origin":50960,"position":0},"title":"Leleco e Padre Jo\u00e3o visitaram Ouro Preto nesta sexta-feira","author":"Di\u00e1rio de Ouro Preto","date":"24 de Mar\u00e7o de 2024","format":false,"excerpt":"Ouro Preto - O prefeito Angelo Oswaldo recebeu ontem em seu gabinete os deputados Leleco Pimentel e Padre Jo\u00e3o, que desenvolvem o mandato \u201cJuntos para servir\u201d, a reuni\u00e3o serviu tamb\u00e9m para reafirmar os investimentos do governo Federal em Ouro Preto.Para o Instituto Cultural Samba Preto foram destinados R$ 30 mil\u2026","rel":"","context":"In &quot;Pol\u00edtica&quot;","block_context":{"text":"Pol\u00edtica","link":"https:\/\/www.diariodeouropreto.com.br\/pt\/Editoria\/politica\/"},"img":{"alt_text":"","src":"https:\/\/i0.wp.com\/www.diariodeouropreto.com.br\/wp-content\/uploads\/2024\/03\/Imagem-do-WhatsApp-de-2024-03-22-as-18.52.56_3f8c3c80.jpg?resize=350%2C200&ssl=1","width":350,"height":200,"srcset":"https:\/\/i0.wp.com\/www.diariodeouropreto.com.br\/wp-content\/uploads\/2024\/03\/Imagem-do-WhatsApp-de-2024-03-22-as-18.52.56_3f8c3c80.jpg?resize=350%2C200&ssl=1 1x, https:\/\/i0.wp.com\/www.diariodeouropreto.com.br\/wp-content\/uploads\/2024\/03\/Imagem-do-WhatsApp-de-2024-03-22-as-18.52.56_3f8c3c80.jpg?resize=525%2C300&ssl=1 1.5x, https:\/\/i0.wp.com\/www.diariodeouropreto.com.br\/wp-content\/uploads\/2024\/03\/Imagem-do-WhatsApp-de-2024-03-22-as-18.52.56_3f8c3c80.jpg?resize=700%2C400&ssl=1 2x, https:\/\/i0.wp.com\/www.diariodeouropreto.com.br\/wp-content\/uploads\/2024\/03\/Imagem-do-WhatsApp-de-2024-03-22-as-18.52.56_3f8c3c80.jpg?resize=1050%2C600&ssl=1 3x"},"classes":[]},{"id":8988,"url":"https:\/\/www.diariodeouropreto.com.br\/pt\/deputados-demandam-acoes-de-incentivo-a-cultura-e-ao-turismo\/","url_meta":{"origin":50960,"position":1},"title":"Deputados demandam a\u00e7\u00f5es de incentivo \u00e0 cultura e ao turismo","author":"Di\u00e1rio de Ouro Preto","date":"1 de Julho de 2021","format":false,"excerpt":"Em reuni\u00e3o do\u00a0Assembleia Fiscaliza\u00a0com o\u00a0secret\u00e1rio de Estado de Cultura e Turismo, Le\u00f4nidas Oliveira, na manh\u00e3 desta quinta-feira (1\u00ba\/7\/21), a\u00e7\u00f5es para\u00a0fazer frente aos impactos da pandemia de Covid-19 em ambos os setores\u00a0motivaram uma s\u00e9rie de questionamentos dos parlamentares. O encontro foi organizado pelas Comiss\u00f5es de Cultura, de Desenvolvimento Econ\u00f4mico e Extraordin\u00e1ria\u2026","rel":"","context":"In &quot;Cultura, Artes e Patrim\u00f4nio&quot;","block_context":{"text":"Cultura, Artes e Patrim\u00f4nio","link":"https:\/\/www.diariodeouropreto.com.br\/pt\/Editoria\/culturaeartes\/"},"img":{"alt_text":"","src":"https:\/\/i0.wp.com\/www.diariodeouropreto.com.br\/wp-content\/uploads\/2021\/07\/1569610.jpg?resize=350%2C200&ssl=1","width":350,"height":200,"srcset":"https:\/\/i0.wp.com\/www.diariodeouropreto.com.br\/wp-content\/uploads\/2021\/07\/1569610.jpg?resize=350%2C200&ssl=1 1x, https:\/\/i0.wp.com\/www.diariodeouropreto.com.br\/wp-content\/uploads\/2021\/07\/1569610.jpg?resize=525%2C300&ssl=1 1.5x"},"classes":[]},{"id":48797,"url":"https:\/\/www.diariodeouropreto.com.br\/pt\/santa-casa-de-ouro-preto-busca-recursos-para-ampliar-instalacoes-e-oferecer-novos-servicos\/","url_meta":{"origin":50960,"position":2},"title":"Santa Casa de Ouro Preto busca recursos para ampliar instala\u00e7\u00f5es e oferecer novos servi\u00e7os","author":"Di\u00e1rio de Ouro Preto","date":"14 de Novembro de 2025","format":false,"excerpt":"Ouro Preto - Os vereadores assistiram ontem \u00e0 apresenta\u00e7\u00e3o do projeto de amplia\u00e7\u00e3o da Santa Casa de Ouro Preto, que prev\u00ea a constru\u00e7\u00e3o de 1.300m\u00b2, ampliando \u00e1reas para pronto atendimento, hemodin\u00e2mica, bloco cir\u00fargico e 10 leitos de UTI.\u00a0 O primeiro andar ter\u00e1 a amplia\u00e7\u00e3o do Pronto Atendimento, ser\u00e3o ampliados 370\u2026","rel":"","context":"In &quot;Ouro Preto&quot;","block_context":{"text":"Ouro Preto","link":"https:\/\/www.diariodeouropreto.com.br\/pt\/Editoria\/ouro-preto\/"},"img":{"alt_text":"","src":"https:\/\/i0.wp.com\/www.diariodeouropreto.com.br\/wp-content\/uploads\/2025\/11\/Imagem-do-WhatsApp-de-2025-11-13-as-18.12.06_8d4c1559.jpg?resize=350%2C200&ssl=1","width":350,"height":200,"srcset":"https:\/\/i0.wp.com\/www.diariodeouropreto.com.br\/wp-content\/uploads\/2025\/11\/Imagem-do-WhatsApp-de-2025-11-13-as-18.12.06_8d4c1559.jpg?resize=350%2C200&ssl=1 1x, https:\/\/i0.wp.com\/www.diariodeouropreto.com.br\/wp-content\/uploads\/2025\/11\/Imagem-do-WhatsApp-de-2025-11-13-as-18.12.06_8d4c1559.jpg?resize=525%2C300&ssl=1 1.5x, https:\/\/i0.wp.com\/www.diariodeouropreto.com.br\/wp-content\/uploads\/2025\/11\/Imagem-do-WhatsApp-de-2025-11-13-as-18.12.06_8d4c1559.jpg?resize=700%2C400&ssl=1 2x, https:\/\/i0.wp.com\/www.diariodeouropreto.com.br\/wp-content\/uploads\/2025\/11\/Imagem-do-WhatsApp-de-2025-11-13-as-18.12.06_8d4c1559.jpg?resize=1050%2C600&ssl=1 3x"},"classes":[]},{"id":1270,"url":"https:\/\/www.diariodeouropreto.com.br\/pt\/solidariedade-pretende-governar-50-municipios-a-partir-de-2021-e-ouro-preto-e-um-deles\/","url_meta":{"origin":50960,"position":3},"title":"SOLIDARIEDADE pretende governar 50 munic\u00edpios a partir de 2021 e Ouro Preto \u00e9 um deles","author":"Di\u00e1rio de Ouro Preto","date":"8 de Novembro de 2019","format":false,"excerpt":"Ouro Preto - O Partido Solidariedade lan\u00e7a hoje, \u00e0s 19 horas, no OPTC a pr\u00e9-candidatura a prefeito do Vereador Marquinhos do Esporte. Participam da solenidade o deputado federal, Z\u00e9 Silva, que preside o diret\u00f3rio Estadual, seu vice, o deputado estadual, Professor\u00a0 Wendel Mesquita tamb\u00e9m estar\u00e1 presente.\u00a0 Vereador Marquinhos do Esporte\u2026","rel":"","context":"In &quot;Ouro Preto&quot;","block_context":{"text":"Ouro Preto","link":"https:\/\/www.diariodeouropreto.com.br\/pt\/Editoria\/ouro-preto\/"},"img":{"alt_text":"","src":"https:\/\/i0.wp.com\/www.diariodeouropreto.com.br\/wp-content\/uploads\/2019\/11\/P1380344.jpg?resize=350%2C200&ssl=1","width":350,"height":200,"srcset":"https:\/\/i0.wp.com\/www.diariodeouropreto.com.br\/wp-content\/uploads\/2019\/11\/P1380344.jpg?resize=350%2C200&ssl=1 1x, https:\/\/i0.wp.com\/www.diariodeouropreto.com.br\/wp-content\/uploads\/2019\/11\/P1380344.jpg?resize=525%2C300&ssl=1 1.5x"},"classes":[]},{"id":2104,"url":"https:\/\/www.diariodeouropreto.com.br\/pt\/reajuste-da-seguranca-publica-tem-aprovacao-definitiva\/","url_meta":{"origin":50960,"position":4},"title":"Reajuste da seguran\u00e7a p\u00fablica tem aprova\u00e7\u00e3o definitiva","author":"Di\u00e1rio de Ouro Preto","date":"19 de Fevereiro de 2020","format":false,"excerpt":"Belo Horizonte - Sob clima de forte disputa entre servidores da seguran\u00e7a p\u00fablica, de um lado, e da educa\u00e7\u00e3o, de outro, o Plen\u00e1rio da Assembleia Legislativa de Minas Gerais (ALMG) aprovou a\u00a0extens\u00e3o de recomposi\u00e7\u00e3o salarial a todo o funcionalismo, contida no\u00a0Projeto de Lei (PL) 1.451\/20, do governador Romeu Zema, que\u00a0concede\u2026","rel":"","context":"In &quot;Minas Gerais&quot;","block_context":{"text":"Minas Gerais","link":"https:\/\/www.diariodeouropreto.com.br\/pt\/Editoria\/minas-gerais\/"},"img":{"alt_text":"","src":"https:\/\/i0.wp.com\/www.diariodeouropreto.com.br\/wp-content\/uploads\/2020\/02\/1502941-scaled.jpg?resize=350%2C200&ssl=1","width":350,"height":200,"srcset":"https:\/\/i0.wp.com\/www.diariodeouropreto.com.br\/wp-content\/uploads\/2020\/02\/1502941-scaled.jpg?resize=350%2C200&ssl=1 1x, https:\/\/i0.wp.com\/www.diariodeouropreto.com.br\/wp-content\/uploads\/2020\/02\/1502941-scaled.jpg?resize=525%2C300&ssl=1 1.5x, https:\/\/i0.wp.com\/www.diariodeouropreto.com.br\/wp-content\/uploads\/2020\/02\/1502941-scaled.jpg?resize=700%2C400&ssl=1 2x, https:\/\/i0.wp.com\/www.diariodeouropreto.com.br\/wp-content\/uploads\/2020\/02\/1502941-scaled.jpg?resize=1050%2C600&ssl=1 3x"},"classes":[]},{"id":9105,"url":"https:\/\/www.diariodeouropreto.com.br\/pt\/tiquinho-de-politica-o-8-de-julho-o-aniversario-da-camara-e-o-fora-saneouro\/","url_meta":{"origin":50960,"position":5},"title":"Tiquinho de Pol\u00edtica:  O 8 de julho! O Anivers\u00e1rio da C\u00e2mara e o \u201cFora Saneouro\u201d","author":"Di\u00e1rio de Ouro Preto","date":"8 de Julho de 2021","format":false,"excerpt":"Ouro Preto - A quinta-feira foi agitada. Apesar do feriado de anivers\u00e1rio, a manh\u00e3 foi iniciada com a manifesta\u00e7\u00e3o do movimento\u00a0 \u201cFora Saneouro\u201d. Enquanto os manifestantes ocupavam a pra\u00e7a Tiradentes, na igreja do Pilar, o prefeito Angelo Oswaldo, a vice-prefeita Regina Braga e os vereadores Z\u00e9 do Binga, Renato Zoroastro,\u2026","rel":"","context":"In &quot;Pol\u00edtica&quot;","block_context":{"text":"Pol\u00edtica","link":"https:\/\/www.diariodeouropreto.com.br\/pt\/Editoria\/politica\/"},"img":{"alt_text":"","src":"https:\/\/i0.wp.com\/www.diariodeouropreto.com.br\/wp-content\/uploads\/2021\/07\/WhatsApp-Image-2021-07-08-at-15.39.13.jpeg?resize=350%2C200&ssl=1","width":350,"height":200,"srcset":"https:\/\/i0.wp.com\/www.diariodeouropreto.com.br\/wp-content\/uploads\/2021\/07\/WhatsApp-Image-2021-07-08-at-15.39.13.jpeg?resize=350%2C200&ssl=1 1x, https:\/\/i0.wp.com\/www.diariodeouropreto.com.br\/wp-content\/uploads\/2021\/07\/WhatsApp-Image-2021-07-08-at-15.39.13.jpeg?resize=525%2C300&ssl=1 1.5x, https:\/\/i0.wp.com\/www.diariodeouropreto.com.br\/wp-content\/uploads\/2021\/07\/WhatsApp-Image-2021-07-08-at-15.39.13.jpeg?resize=700%2C400&ssl=1 2x, https:\/\/i0.wp.com\/www.diariodeouropreto.com.br\/wp-content\/uploads\/2021\/07\/WhatsApp-Image-2021-07-08-at-15.39.13.jpeg?resize=1050%2C600&ssl=1 3x"},"classes":[]}],"jetpack_sharing_enabled":true,"amp_enabled":true,"_links":{"self":[{"href":"https:\/\/www.diariodeouropreto.com.br\/pt\/wp-json\/wp\/v2\/posts\/50960","targetHints":{"allow":["GET"]}}],"collection":[{"href":"https:\/\/www.diariodeouropreto.com.br\/pt\/wp-json\/wp\/v2\/posts"}],"about":[{"href":"https:\/\/www.diariodeouropreto.com.br\/pt\/wp-json\/wp\/v2\/types\/post"}],"author":[{"embeddable":true,"href":"https:\/\/www.diariodeouropreto.com.br\/pt\/wp-json\/wp\/v2\/users\/1"}],"replies":[{"embeddable":true,"href":"https:\/\/www.diariodeouropreto.com.br\/pt\/wp-json\/wp\/v2\/comments?post=50960"}],"version-history":[{"count":2,"href":"https:\/\/www.diariodeouropreto.com.br\/pt\/wp-json\/wp\/v2\/posts\/50960\/revisions"}],"predecessor-version":[{"id":50969,"href":"https:\/\/www.diariodeouropreto.com.br\/pt\/wp-json\/wp\/v2\/posts\/50960\/revisions\/50969"}],"wp:featuredmedia":[{"embeddable":true,"href":"https:\/\/www.diariodeouropreto.com.br\/pt\/wp-json\/wp\/v2\/media\/50962"}],"wp:attachment":[{"href":"https:\/\/www.diariodeouropreto.com.br\/pt\/wp-json\/wp\/v2\/media?parent=50960"}],"wp:term":[{"taxonomy":"category","embeddable":true,"href":"https:\/\/www.diariodeouropreto.com.br\/pt\/wp-json\/wp\/v2\/categories?post=50960"},{"taxonomy":"post_tag","embeddable":true,"href":"https:\/\/www.diariodeouropreto.com.br\/pt\/wp-json\/wp\/v2\/tags?post=50960"}],"curies":[{"name":"wp","href":"https:\/\/api.w.org\/{rel}","templated":true}]}}