{"id":50937,"date":"2026-03-16T22:29:18","date_gmt":"2026-03-17T01:29:18","guid":{"rendered":"https:\/\/www.diariodeouropreto.com.br\/?p=50937"},"modified":"2026-03-16T23:00:20","modified_gmt":"2026-03-17T02:00:20","slug":"moradores-do-sao-goncalo-exigem-o-cumprimento-de-promessas-politicas-durante-sessao-da-camara-municipal-de-mariana","status":"publish","type":"post","link":"https:\/\/www.diariodeouropreto.com.br\/pt\/moradores-do-sao-goncalo-exigem-o-cumprimento-de-promessas-politicas-durante-sessao-da-camara-municipal-de-mariana\/","title":{"rendered":"Moradoras do S\u00e3o Gon\u00e7alo exigem o cumprimento de &#8220;promessas pol\u00edticas&#8221; durante sess\u00e3o da C\u00e2mara Municipal de Mariana"},"content":{"rendered":"\n<p>Mariana \u2013 As moradoras do bairro S\u00e3o Gon\u00e7alo realizaram uma manifesta\u00e7\u00e3o reivindicando melhorias na infraestrutura do bairro. O protesto aconteceu em meio \u00e0 sess\u00e3o da C\u00e2mara Municipal de Mariana realizada nesta segunda-feira (16\/03) e chamou a aten\u00e7\u00e3o do p\u00fablico e das autoridades presentes na sess\u00e3o. Estavam dispostas a mostrar todos os vereadores um por um, caso n\u00e3o conseguissem abrir seus cartazes da plat\u00e9ia do plen\u00e1rio.<\/p>\n\n\n\n<p>Segundo a moradora Elaine Maria dos Santos, o bairro estava h\u00e1 4 dias com falta de \u00e1gua e que quando ela chegou, no domingo, estava \u201cfraquinha\u201d. Elaine tamb\u00e9m explicou que est\u00e1 na C\u00e2mara em busca de melhorias para a comunidade, se fazendo presente em busca de seus direitos.<\/p>\n\n\n\n<figure class=\"wp-block-image size-full is-resized\"><img decoding=\"async\" width=\"1280\" height=\"963\" data-attachment-id=\"50941\" data-permalink=\"https:\/\/www.diariodeouropreto.com.br\/pt\/moradores-do-sao-goncalo-exigem-o-cumprimento-de-promessas-politicas-durante-sessao-da-camara-municipal-de-mariana\/manifestacao_cmma_2\/\" data-orig-file=\"https:\/\/www.diariodeouropreto.com.br\/wp-content\/uploads\/2026\/03\/manifestacao_cmma_2.jpeg\" data-orig-size=\"1280,963\" data-comments-opened=\"0\" data-image-meta=\"{&quot;aperture&quot;:&quot;0&quot;,&quot;credit&quot;:&quot;&quot;,&quot;camera&quot;:&quot;&quot;,&quot;caption&quot;:&quot;&quot;,&quot;created_timestamp&quot;:&quot;0&quot;,&quot;copyright&quot;:&quot;&quot;,&quot;focal_length&quot;:&quot;0&quot;,&quot;iso&quot;:&quot;0&quot;,&quot;shutter_speed&quot;:&quot;0&quot;,&quot;title&quot;:&quot;&quot;,&quot;orientation&quot;:&quot;0&quot;}\" data-image-title=\"manifesta\u00e7\u00e3o_cmma_2\" data-image-description=\"\" data-image-caption=\"\" data-large-file=\"https:\/\/www.diariodeouropreto.com.br\/wp-content\/uploads\/2026\/03\/manifestacao_cmma_2.jpeg\" src=\"https:\/\/www.diariodeouropreto.com.br\/wp-content\/uploads\/2026\/03\/manifestacao_cmma_2.jpeg\" alt=\"\" class=\"wp-image-50941\" style=\"aspect-ratio:1.3292307692307692;width:351px;height:auto\" srcset=\"https:\/\/www.diariodeouropreto.com.br\/wp-content\/uploads\/2026\/03\/manifestacao_cmma_2.jpeg 1280w, https:\/\/www.diariodeouropreto.com.br\/wp-content\/uploads\/2026\/03\/manifestacao_cmma_2-526x396.jpeg 526w, https:\/\/www.diariodeouropreto.com.br\/wp-content\/uploads\/2026\/03\/manifestacao_cmma_2-200x150.jpeg 200w, https:\/\/www.diariodeouropreto.com.br\/wp-content\/uploads\/2026\/03\/manifestacao_cmma_2-768x578.jpeg 768w, https:\/\/www.diariodeouropreto.com.br\/wp-content\/uploads\/2026\/03\/manifestacao_cmma_2-16x12.jpeg 16w, https:\/\/www.diariodeouropreto.com.br\/wp-content\/uploads\/2026\/03\/manifestacao_cmma_2-465x350.jpeg 465w, https:\/\/www.diariodeouropreto.com.br\/wp-content\/uploads\/2026\/03\/manifestacao_cmma_2-665x500.jpeg 665w\" sizes=\"(max-width: 1280px) 100vw, 1280px\" \/><figcaption class=\"wp-element-caption\">Moradoras do bairro S\u00e3o Gon\u00e7alo foram para a C\u00e2mara protestar pela falta de \u00e1gua e reivindicar melhorias para o bairro Foto: Marcelino Castro<\/figcaption><\/figure>\n\n\n\n<p>Elaine dos Santos frisou que o seu bairro, S\u00e3o Gon\u00e7alo, tende a ser mais frequentado pelos pol\u00edticos em \u00e9poca de elei\u00e7\u00e3o. Desabafou:<br>\u201cO povo s\u00f3 reconhece o bairro em \u00e9poca de politica, em \u00e9poca de pol\u00edtica chega todo mundo l\u00e1. Acabou a politica, ganhou! Acabou a pol\u00edtica, voc\u00ea n\u00e3o v\u00ea um vereador, um trabalhador da prefeitura para ir l\u00e1, pra olhar, para ver o que a gente ta precisando, nem nada, \u00e9 uma falta de respeito com a comunidade [\u2026] porqu\u00ea quando \u00e9 \u00e9poca de pol\u00edtica, que eles v\u00e3o l\u00e1 no bairro a gente trata eles bem [\u2026] a gente n\u00e3o tem UBS, a gente n\u00e3o tem parquinho para as crian\u00e7as [\u2026] a gente n\u00e3o tem nada disso no bairro\u201d, prosseguiu narrando as reivindica\u00e7\u00f5es.<\/p>\n\n\n\n<p>Entre as principais demandas dos moradores estavam o restabelecimento do acesso \u00e0 \u00e1gua pot\u00e1vel, interrompido desde a semana anterior, e o cumprimento de promessas pol\u00edticas, como a instala\u00e7\u00e3o de uma Unidade B\u00e1sica de Sa\u00fade, a reforma da quadra esportiva e a melhoria de outros equipamentos p\u00fablicos que atendem o bairro.<\/p>\n\n\n\n<figure class=\"wp-block-image size-full is-resized\"><img decoding=\"async\" width=\"1200\" height=\"675\" data-attachment-id=\"50940\" data-permalink=\"https:\/\/www.diariodeouropreto.com.br\/pt\/moradores-do-sao-goncalo-exigem-o-cumprimento-de-promessas-politicas-durante-sessao-da-camara-municipal-de-mariana\/manifestacao-1\/\" data-orig-file=\"https:\/\/www.diariodeouropreto.com.br\/wp-content\/uploads\/2026\/03\/manifestacao-1.jpeg\" data-orig-size=\"1200,675\" data-comments-opened=\"0\" data-image-meta=\"{&quot;aperture&quot;:&quot;0&quot;,&quot;credit&quot;:&quot;&quot;,&quot;camera&quot;:&quot;&quot;,&quot;caption&quot;:&quot;&quot;,&quot;created_timestamp&quot;:&quot;0&quot;,&quot;copyright&quot;:&quot;&quot;,&quot;focal_length&quot;:&quot;0&quot;,&quot;iso&quot;:&quot;0&quot;,&quot;shutter_speed&quot;:&quot;0&quot;,&quot;title&quot;:&quot;&quot;,&quot;orientation&quot;:&quot;0&quot;}\" data-image-title=\"manifesta\u00e7\u00e3o 1\" data-image-description=\"\" data-image-caption=\"\" data-large-file=\"https:\/\/www.diariodeouropreto.com.br\/wp-content\/uploads\/2026\/03\/manifestacao-1.jpeg\" src=\"https:\/\/www.diariodeouropreto.com.br\/wp-content\/uploads\/2026\/03\/manifestacao-1.jpeg\" alt=\"\" class=\"wp-image-50940\" style=\"width:474px;height:auto\" srcset=\"https:\/\/www.diariodeouropreto.com.br\/wp-content\/uploads\/2026\/03\/manifestacao-1.jpeg 1200w, https:\/\/www.diariodeouropreto.com.br\/wp-content\/uploads\/2026\/03\/manifestacao-1-660x371.jpeg 660w, https:\/\/www.diariodeouropreto.com.br\/wp-content\/uploads\/2026\/03\/manifestacao-1-200x113.jpeg 200w, https:\/\/www.diariodeouropreto.com.br\/wp-content\/uploads\/2026\/03\/manifestacao-1-768x432.jpeg 768w, https:\/\/www.diariodeouropreto.com.br\/wp-content\/uploads\/2026\/03\/manifestacao-1-18x10.jpeg 18w, https:\/\/www.diariodeouropreto.com.br\/wp-content\/uploads\/2026\/03\/manifestacao-1-465x262.jpeg 465w, https:\/\/www.diariodeouropreto.com.br\/wp-content\/uploads\/2026\/03\/manifestacao-1-695x391.jpeg 695w\" sizes=\"(max-width: 1200px) 100vw, 1200px\" \/><figcaption class=\"wp-element-caption\">Secret\u00e1rio de Governo e o vereador ouvindo as reivindica\u00e7\u00f5es Folto: Anah\u00ed Santos<\/figcaption><\/figure>\n\n\n\n<p>O protesto silencioso recebeu a aten\u00e7\u00e3o do vereador Ronaldo Bento e do secret\u00e1rio de Governo da Prefeitura de Mariana, Edvaldo Andrade, que ouviram as demandas e articularam uma reuni\u00e3o entre os moradores e o prefeito Juliano Duarte para a manh\u00e3 desta quarta-feira (18\/03).<\/p>\n\n\n\n<p><\/p>\n\n\n\n<div id=\"110712\" class=\"advads-saneouro advads-entity-placement\" style=\"margin-left: auto;margin-right: auto;text-align: center;\"><a href=\"https:\/\/www.saneouro.com.br\/\" target=\"_blank\" aria-label=\"DOP_Site\" data-wpel-link=\"external\" rel=\"follow external noopener noreferrer sponsored ugc\"><img src=\"https:\/\/www.diariodeouropreto.com.br\/wp-content\/uploads\/2026\/04\/DOP_Site.jpg\" alt=\"\"  srcset=\"https:\/\/www.diariodeouropreto.com.br\/wp-content\/uploads\/2026\/04\/DOP_Site.jpg 301w, https:\/\/www.diariodeouropreto.com.br\/wp-content\/uploads\/2026\/04\/DOP_Site-180x150.jpg 180w, https:\/\/www.diariodeouropreto.com.br\/wp-content\/uploads\/2026\/04\/DOP_Site-14x12.jpg 14w\" sizes=\"(max-width: 301px) 100vw, 301px\" width=\"301\" height=\"251\"  style=\"display: inline-block;\" \/><\/a><\/div><p>Por Anah\u00ed Santos<\/p>\n\n\n\n<div id=\"50321\" class=\"advads-plantao advads-entity-placement\"><a href=\"https:\/\/www.diariodeouropreto.com.br\/\" target=\"_blank\" aria-label=\"site &#8211; noticia\" data-wpel-link=\"external\" rel=\"follow external noopener noreferrer sponsored ugc\"><img src=\"https:\/\/www.diariodeouropreto.com.br\/wp-content\/uploads\/2019\/09\/titulosite2-e1616373489755.jpg\" alt=\"\"  srcset=\"https:\/\/www.diariodeouropreto.com.br\/wp-content\/uploads\/2019\/09\/titulosite2-e1616373489755.jpg 1200w, https:\/\/www.diariodeouropreto.com.br\/wp-content\/uploads\/2019\/09\/titulosite2-e1616373489755-150x38.jpg 150w, https:\/\/www.diariodeouropreto.com.br\/wp-content\/uploads\/2019\/09\/titulosite2-e1616373489755-660x167.jpg 660w, https:\/\/www.diariodeouropreto.com.br\/wp-content\/uploads\/2019\/09\/titulosite2-e1616373489755-768x194.jpg 768w, https:\/\/www.diariodeouropreto.com.br\/wp-content\/uploads\/2019\/09\/titulosite2-e1616373489755-1000x252.jpg 1000w, https:\/\/www.diariodeouropreto.com.br\/wp-content\/uploads\/2019\/09\/titulosite2-e1616373489755-1536x388.jpg 1536w, https:\/\/www.diariodeouropreto.com.br\/wp-content\/uploads\/2019\/09\/titulosite2-e1616373489755-2048x517.jpg 2048w\" sizes=\"(max-width: 1200px) 100vw, 1200px\" width=\"1200\" height=\"303\"  style=\"display: inline-block;\" \/><\/a><\/div><p>Fotos: Marcelino Castro<\/p>\n","protected":false},"excerpt":{"rendered":"<p>Sem \u00e1gua por 4 dias, moradoras do S\u00e3o Gon\u00e7alo, em Mariana, v\u00e3o para C\u00e2mara pela primeira vez exercer seus direitos de manifestar<span class=\"more-link\"><a href=\"https:\/\/www.diariodeouropreto.com.br\/pt\/moradores-do-sao-goncalo-exigem-o-cumprimento-de-promessas-politicas-durante-sessao-da-camara-municipal-de-mariana\/\" data-wpel-link=\"internal\">Continue Lendo<\/a><\/span><\/p>","protected":false},"author":1,"featured_media":50939,"comment_status":"closed","ping_status":"closed","sticky":false,"template":"","format":"standard","meta":{"_jetpack_memberships_contains_paid_content":false,"footnotes":"","jetpack_publicize_message":"Sem \u00e1gua por 4 dias, moradoras do S\u00e3o Gon\u00e7alo, em Mariana, v\u00e3o para C\u00e2mara pela primeira vez exercer seus direitos de manifestar","jetpack_publicize_feature_enabled":true,"jetpack_social_post_already_shared":false,"jetpack_social_options":{"image_generator_settings":{"template":"highway","default_image_id":0,"font":"","enabled":false},"version":2}},"categories":[4],"tags":[],"class_list":["entry","author-diario","has-excerpt","post-50937","post","type-post","status-publish","format-standard","has-post-thumbnail","category-mariana"],"yoast_head":"<!-- This site is optimized with the Yoast SEO plugin v27.5 - https:\/\/yoast.com\/product\/yoast-seo-wordpress\/ -->\n<title>Moradoras do S\u00e3o Gon\u00e7alo exigem o cumprimento de &quot;promessas pol\u00edticas&quot; durante sess\u00e3o da C\u00e2mara Municipal de Mariana - Di\u00e1rio de Ouro Preto<\/title>\n<meta name=\"description\" content=\"Sem \u00e1gua por 4 dias, moradoras do S\u00e3o Gon\u00e7alo, em Mariana, v\u00e3o para C\u00e2mara pela primeira vez exercer seus direitos de manifestar\" \/>\n<meta name=\"robots\" content=\"index, follow, max-snippet:-1, max-image-preview:large, max-video-preview:-1\" \/>\n<link rel=\"canonical\" href=\"https:\/\/www.diariodeouropreto.com.br\/pt\/moradores-do-sao-goncalo-exigem-o-cumprimento-de-promessas-politicas-durante-sessao-da-camara-municipal-de-mariana\/\" \/>\n<meta property=\"og:locale\" content=\"pt_PT\" \/>\n<meta property=\"og:type\" content=\"article\" \/>\n<meta property=\"og:title\" content=\"Moradoras do S\u00e3o Gon\u00e7alo exigem o cumprimento de &quot;promessas pol\u00edticas&quot; durante sess\u00e3o da C\u00e2mara Municipal de Mariana - Di\u00e1rio de Ouro Preto\" \/>\n<meta property=\"og:description\" content=\"Sem \u00e1gua por 4 dias, moradoras do S\u00e3o Gon\u00e7alo, em Mariana, v\u00e3o para C\u00e2mara pela primeira vez exercer seus direitos de manifestar\" \/>\n<meta property=\"og:url\" content=\"https:\/\/www.diariodeouropreto.com.br\/pt\/moradores-do-sao-goncalo-exigem-o-cumprimento-de-promessas-politicas-durante-sessao-da-camara-municipal-de-mariana\/\" \/>\n<meta property=\"og:site_name\" content=\"Di\u00e1rio de Ouro Preto\" \/>\n<meta property=\"article:publisher\" content=\"https:\/\/www.facebook.com\/diariodeouropreto\/\" \/>\n<meta property=\"article:published_time\" content=\"2026-03-17T01:29:18+00:00\" \/>\n<meta property=\"article:modified_time\" content=\"2026-03-17T02:00:20+00:00\" \/>\n<meta property=\"og:image\" content=\"https:\/\/www.diariodeouropreto.com.br\/wp-content\/uploads\/2026\/03\/manifestacao_saogoncalo_mariana_1.jpeg\" \/>\n\t<meta property=\"og:image:width\" content=\"1280\" \/>\n\t<meta property=\"og:image:height\" content=\"963\" \/>\n\t<meta property=\"og:image:type\" content=\"image\/jpeg\" \/>\n<meta name=\"author\" content=\"Di\u00e1rio de Ouro Preto\" \/>\n<meta name=\"twitter:card\" content=\"summary_large_image\" \/>\n<meta name=\"twitter:label1\" content=\"Escrito por\" \/>\n\t<meta name=\"twitter:data1\" content=\"Di\u00e1rio de Ouro Preto\" \/>\n\t<meta name=\"twitter:label2\" content=\"Tempo estimado de leitura\" \/>\n\t<meta name=\"twitter:data2\" content=\"3 minutos\" \/>\n<script type=\"application\/ld+json\" class=\"yoast-schema-graph\">{\"@context\":\"https:\\\/\\\/schema.org\",\"@graph\":[{\"@type\":\"Article\",\"@id\":\"https:\\\/\\\/www.diariodeouropreto.com.br\\\/moradores-do-sao-goncalo-exigem-o-cumprimento-de-promessas-politicas-durante-sessao-da-camara-municipal-de-mariana\\\/#article\",\"isPartOf\":{\"@id\":\"https:\\\/\\\/www.diariodeouropreto.com.br\\\/moradores-do-sao-goncalo-exigem-o-cumprimento-de-promessas-politicas-durante-sessao-da-camara-municipal-de-mariana\\\/\"},\"author\":{\"name\":\"Di\u00e1rio de Ouro Preto\",\"@id\":\"https:\\\/\\\/www.diariodeouropreto.com.br\\\/pt\\\/#\\\/schema\\\/person\\\/7654e7b471204a6dab6dc0ce6e140c99\"},\"headline\":\"Moradoras do S\u00e3o Gon\u00e7alo exigem o cumprimento de &#8220;promessas pol\u00edticas&#8221; durante sess\u00e3o da C\u00e2mara Municipal de Mariana\",\"datePublished\":\"2026-03-17T01:29:18+00:00\",\"dateModified\":\"2026-03-17T02:00:20+00:00\",\"mainEntityOfPage\":{\"@id\":\"https:\\\/\\\/www.diariodeouropreto.com.br\\\/moradores-do-sao-goncalo-exigem-o-cumprimento-de-promessas-politicas-durante-sessao-da-camara-municipal-de-mariana\\\/\"},\"wordCount\":423,\"publisher\":{\"@id\":\"https:\\\/\\\/www.diariodeouropreto.com.br\\\/pt\\\/#organization\"},\"image\":{\"@id\":\"https:\\\/\\\/www.diariodeouropreto.com.br\\\/moradores-do-sao-goncalo-exigem-o-cumprimento-de-promessas-politicas-durante-sessao-da-camara-municipal-de-mariana\\\/#primaryimage\"},\"thumbnailUrl\":\"https:\\\/\\\/www.diariodeouropreto.com.br\\\/wp-content\\\/uploads\\\/2026\\\/03\\\/manifestacao_saogoncalo_mariana_1.jpeg\",\"articleSection\":[\"Mariana\"],\"inLanguage\":\"pt-PT\"},{\"@type\":\"WebPage\",\"@id\":\"https:\\\/\\\/www.diariodeouropreto.com.br\\\/moradores-do-sao-goncalo-exigem-o-cumprimento-de-promessas-politicas-durante-sessao-da-camara-municipal-de-mariana\\\/\",\"url\":\"https:\\\/\\\/www.diariodeouropreto.com.br\\\/moradores-do-sao-goncalo-exigem-o-cumprimento-de-promessas-politicas-durante-sessao-da-camara-municipal-de-mariana\\\/\",\"name\":\"Moradoras do S\u00e3o Gon\u00e7alo exigem o cumprimento de \\\"promessas pol\u00edticas\\\" durante sess\u00e3o da C\u00e2mara Municipal de Mariana - Di\u00e1rio de Ouro Preto\",\"isPartOf\":{\"@id\":\"https:\\\/\\\/www.diariodeouropreto.com.br\\\/pt\\\/#website\"},\"primaryImageOfPage\":{\"@id\":\"https:\\\/\\\/www.diariodeouropreto.com.br\\\/moradores-do-sao-goncalo-exigem-o-cumprimento-de-promessas-politicas-durante-sessao-da-camara-municipal-de-mariana\\\/#primaryimage\"},\"image\":{\"@id\":\"https:\\\/\\\/www.diariodeouropreto.com.br\\\/moradores-do-sao-goncalo-exigem-o-cumprimento-de-promessas-politicas-durante-sessao-da-camara-municipal-de-mariana\\\/#primaryimage\"},\"thumbnailUrl\":\"https:\\\/\\\/www.diariodeouropreto.com.br\\\/wp-content\\\/uploads\\\/2026\\\/03\\\/manifestacao_saogoncalo_mariana_1.jpeg\",\"datePublished\":\"2026-03-17T01:29:18+00:00\",\"dateModified\":\"2026-03-17T02:00:20+00:00\",\"description\":\"Sem \u00e1gua por 4 dias, moradoras do S\u00e3o Gon\u00e7alo, em Mariana, v\u00e3o para C\u00e2mara pela primeira vez exercer seus direitos de manifestar\",\"breadcrumb\":{\"@id\":\"https:\\\/\\\/www.diariodeouropreto.com.br\\\/moradores-do-sao-goncalo-exigem-o-cumprimento-de-promessas-politicas-durante-sessao-da-camara-municipal-de-mariana\\\/#breadcrumb\"},\"inLanguage\":\"pt-PT\",\"potentialAction\":[{\"@type\":\"ReadAction\",\"target\":[\"https:\\\/\\\/www.diariodeouropreto.com.br\\\/moradores-do-sao-goncalo-exigem-o-cumprimento-de-promessas-politicas-durante-sessao-da-camara-municipal-de-mariana\\\/\"]}]},{\"@type\":\"ImageObject\",\"inLanguage\":\"pt-PT\",\"@id\":\"https:\\\/\\\/www.diariodeouropreto.com.br\\\/moradores-do-sao-goncalo-exigem-o-cumprimento-de-promessas-politicas-durante-sessao-da-camara-municipal-de-mariana\\\/#primaryimage\",\"url\":\"https:\\\/\\\/www.diariodeouropreto.com.br\\\/wp-content\\\/uploads\\\/2026\\\/03\\\/manifestacao_saogoncalo_mariana_1.jpeg\",\"contentUrl\":\"https:\\\/\\\/www.diariodeouropreto.com.br\\\/wp-content\\\/uploads\\\/2026\\\/03\\\/manifestacao_saogoncalo_mariana_1.jpeg\",\"width\":1280,\"height\":963},{\"@type\":\"BreadcrumbList\",\"@id\":\"https:\\\/\\\/www.diariodeouropreto.com.br\\\/moradores-do-sao-goncalo-exigem-o-cumprimento-de-promessas-politicas-durante-sessao-da-camara-municipal-de-mariana\\\/#breadcrumb\",\"itemListElement\":[{\"@type\":\"ListItem\",\"position\":1,\"name\":\"In\u00edcio\",\"item\":\"https:\\\/\\\/www.diariodeouropreto.com.br\\\/pt\\\/\"},{\"@type\":\"ListItem\",\"position\":2,\"name\":\"Moradoras do S\u00e3o Gon\u00e7alo exigem o cumprimento de &#8220;promessas pol\u00edticas&#8221; durante sess\u00e3o da C\u00e2mara Municipal de Mariana\"}]},{\"@type\":\"WebSite\",\"@id\":\"https:\\\/\\\/www.diariodeouropreto.com.br\\\/pt\\\/#website\",\"url\":\"https:\\\/\\\/www.diariodeouropreto.com.br\\\/pt\\\/\",\"name\":\"Di\u00e1rio de Ouro Preto\",\"description\":\"Not\u00edcias Ouro Preto; Mariana;Minas Gerais;Jornal;Jornalismo;Not\u00edcias;\",\"publisher\":{\"@id\":\"https:\\\/\\\/www.diariodeouropreto.com.br\\\/pt\\\/#organization\"},\"alternateName\":\"Jornal di\u00e1rio de Ouro Preto\",\"potentialAction\":[{\"@type\":\"SearchAction\",\"target\":{\"@type\":\"EntryPoint\",\"urlTemplate\":\"https:\\\/\\\/www.diariodeouropreto.com.br\\\/pt\\\/?s={search_term_string}\"},\"query-input\":{\"@type\":\"PropertyValueSpecification\",\"valueRequired\":true,\"valueName\":\"search_term_string\"}}],\"inLanguage\":\"pt-PT\"},{\"@type\":\"Organization\",\"@id\":\"https:\\\/\\\/www.diariodeouropreto.com.br\\\/pt\\\/#organization\",\"name\":\"Di\u00e1rio de Ouro Preto\",\"alternateName\":\"Jornal di\u00e1rio Ouro Preto\",\"url\":\"https:\\\/\\\/www.diariodeouropreto.com.br\\\/pt\\\/\",\"logo\":{\"@type\":\"ImageObject\",\"inLanguage\":\"pt-PT\",\"@id\":\"https:\\\/\\\/www.diariodeouropreto.com.br\\\/pt\\\/#\\\/schema\\\/logo\\\/image\\\/\",\"url\":\"https:\\\/\\\/www.diariodeouropreto.com.br\\\/wp-content\\\/uploads\\\/2019\\\/06\\\/cropped-logotransp-2.png\",\"contentUrl\":\"https:\\\/\\\/www.diariodeouropreto.com.br\\\/wp-content\\\/uploads\\\/2019\\\/06\\\/cropped-logotransp-2.png\",\"width\":1323,\"height\":251,\"caption\":\"Di\u00e1rio de Ouro Preto\"},\"image\":{\"@id\":\"https:\\\/\\\/www.diariodeouropreto.com.br\\\/pt\\\/#\\\/schema\\\/logo\\\/image\\\/\"},\"sameAs\":[\"https:\\\/\\\/www.facebook.com\\\/diariodeouropreto\\\/\"]},{\"@type\":\"Person\",\"@id\":\"https:\\\/\\\/www.diariodeouropreto.com.br\\\/pt\\\/#\\\/schema\\\/person\\\/7654e7b471204a6dab6dc0ce6e140c99\",\"name\":\"Di\u00e1rio de Ouro Preto\",\"sameAs\":[\"http:\\\/\\\/www.diariodeouropreto.com.br\"],\"url\":\"https:\\\/\\\/www.diariodeouropreto.com.br\\\/pt\\\/author\\\/diario\\\/\"}]}<\/script>\n<!-- \/ Yoast SEO plugin. -->","yoast_head_json":{"title":"Moradoras do S\u00e3o Gon\u00e7alo exigem o cumprimento de \"promessas pol\u00edticas\" durante sess\u00e3o da C\u00e2mara Municipal de Mariana - Di\u00e1rio de Ouro Preto","description":"Sem \u00e1gua por 4 dias, moradoras do S\u00e3o Gon\u00e7alo, em Mariana, v\u00e3o para C\u00e2mara pela primeira vez exercer seus direitos de manifestar","robots":{"index":"index","follow":"follow","max-snippet":"max-snippet:-1","max-image-preview":"max-image-preview:large","max-video-preview":"max-video-preview:-1"},"canonical":"https:\/\/www.diariodeouropreto.com.br\/pt\/moradores-do-sao-goncalo-exigem-o-cumprimento-de-promessas-politicas-durante-sessao-da-camara-municipal-de-mariana\/","og_locale":"pt_PT","og_type":"article","og_title":"Moradoras do S\u00e3o Gon\u00e7alo exigem o cumprimento de \"promessas pol\u00edticas\" durante sess\u00e3o da C\u00e2mara Municipal de Mariana - Di\u00e1rio de Ouro Preto","og_description":"Sem \u00e1gua por 4 dias, moradoras do S\u00e3o Gon\u00e7alo, em Mariana, v\u00e3o para C\u00e2mara pela primeira vez exercer seus direitos de manifestar","og_url":"https:\/\/www.diariodeouropreto.com.br\/pt\/moradores-do-sao-goncalo-exigem-o-cumprimento-de-promessas-politicas-durante-sessao-da-camara-municipal-de-mariana\/","og_site_name":"Di\u00e1rio de Ouro Preto","article_publisher":"https:\/\/www.facebook.com\/diariodeouropreto\/","article_published_time":"2026-03-17T01:29:18+00:00","article_modified_time":"2026-03-17T02:00:20+00:00","og_image":[{"width":1280,"height":963,"url":"https:\/\/www.diariodeouropreto.com.br\/wp-content\/uploads\/2026\/03\/manifestacao_saogoncalo_mariana_1.jpeg","type":"image\/jpeg"}],"author":"Di\u00e1rio de Ouro Preto","twitter_card":"summary_large_image","twitter_misc":{"Escrito por":"Di\u00e1rio de Ouro Preto","Tempo estimado de leitura":"3 minutos"},"schema":{"@context":"https:\/\/schema.org","@graph":[{"@type":"Article","@id":"https:\/\/www.diariodeouropreto.com.br\/moradores-do-sao-goncalo-exigem-o-cumprimento-de-promessas-politicas-durante-sessao-da-camara-municipal-de-mariana\/#article","isPartOf":{"@id":"https:\/\/www.diariodeouropreto.com.br\/moradores-do-sao-goncalo-exigem-o-cumprimento-de-promessas-politicas-durante-sessao-da-camara-municipal-de-mariana\/"},"author":{"name":"Di\u00e1rio de Ouro Preto","@id":"https:\/\/www.diariodeouropreto.com.br\/pt\/#\/schema\/person\/7654e7b471204a6dab6dc0ce6e140c99"},"headline":"Moradoras do S\u00e3o Gon\u00e7alo exigem o cumprimento de &#8220;promessas pol\u00edticas&#8221; durante sess\u00e3o da C\u00e2mara Municipal de Mariana","datePublished":"2026-03-17T01:29:18+00:00","dateModified":"2026-03-17T02:00:20+00:00","mainEntityOfPage":{"@id":"https:\/\/www.diariodeouropreto.com.br\/moradores-do-sao-goncalo-exigem-o-cumprimento-de-promessas-politicas-durante-sessao-da-camara-municipal-de-mariana\/"},"wordCount":423,"publisher":{"@id":"https:\/\/www.diariodeouropreto.com.br\/pt\/#organization"},"image":{"@id":"https:\/\/www.diariodeouropreto.com.br\/moradores-do-sao-goncalo-exigem-o-cumprimento-de-promessas-politicas-durante-sessao-da-camara-municipal-de-mariana\/#primaryimage"},"thumbnailUrl":"https:\/\/www.diariodeouropreto.com.br\/wp-content\/uploads\/2026\/03\/manifestacao_saogoncalo_mariana_1.jpeg","articleSection":["Mariana"],"inLanguage":"pt-PT"},{"@type":"WebPage","@id":"https:\/\/www.diariodeouropreto.com.br\/moradores-do-sao-goncalo-exigem-o-cumprimento-de-promessas-politicas-durante-sessao-da-camara-municipal-de-mariana\/","url":"https:\/\/www.diariodeouropreto.com.br\/moradores-do-sao-goncalo-exigem-o-cumprimento-de-promessas-politicas-durante-sessao-da-camara-municipal-de-mariana\/","name":"Moradoras do S\u00e3o Gon\u00e7alo exigem o cumprimento de \"promessas pol\u00edticas\" durante sess\u00e3o da C\u00e2mara Municipal de Mariana - Di\u00e1rio de Ouro Preto","isPartOf":{"@id":"https:\/\/www.diariodeouropreto.com.br\/pt\/#website"},"primaryImageOfPage":{"@id":"https:\/\/www.diariodeouropreto.com.br\/moradores-do-sao-goncalo-exigem-o-cumprimento-de-promessas-politicas-durante-sessao-da-camara-municipal-de-mariana\/#primaryimage"},"image":{"@id":"https:\/\/www.diariodeouropreto.com.br\/moradores-do-sao-goncalo-exigem-o-cumprimento-de-promessas-politicas-durante-sessao-da-camara-municipal-de-mariana\/#primaryimage"},"thumbnailUrl":"https:\/\/www.diariodeouropreto.com.br\/wp-content\/uploads\/2026\/03\/manifestacao_saogoncalo_mariana_1.jpeg","datePublished":"2026-03-17T01:29:18+00:00","dateModified":"2026-03-17T02:00:20+00:00","description":"Sem \u00e1gua por 4 dias, moradoras do S\u00e3o Gon\u00e7alo, em Mariana, v\u00e3o para C\u00e2mara pela primeira vez exercer seus direitos de manifestar","breadcrumb":{"@id":"https:\/\/www.diariodeouropreto.com.br\/moradores-do-sao-goncalo-exigem-o-cumprimento-de-promessas-politicas-durante-sessao-da-camara-municipal-de-mariana\/#breadcrumb"},"inLanguage":"pt-PT","potentialAction":[{"@type":"ReadAction","target":["https:\/\/www.diariodeouropreto.com.br\/moradores-do-sao-goncalo-exigem-o-cumprimento-de-promessas-politicas-durante-sessao-da-camara-municipal-de-mariana\/"]}]},{"@type":"ImageObject","inLanguage":"pt-PT","@id":"https:\/\/www.diariodeouropreto.com.br\/moradores-do-sao-goncalo-exigem-o-cumprimento-de-promessas-politicas-durante-sessao-da-camara-municipal-de-mariana\/#primaryimage","url":"https:\/\/www.diariodeouropreto.com.br\/wp-content\/uploads\/2026\/03\/manifestacao_saogoncalo_mariana_1.jpeg","contentUrl":"https:\/\/www.diariodeouropreto.com.br\/wp-content\/uploads\/2026\/03\/manifestacao_saogoncalo_mariana_1.jpeg","width":1280,"height":963},{"@type":"BreadcrumbList","@id":"https:\/\/www.diariodeouropreto.com.br\/moradores-do-sao-goncalo-exigem-o-cumprimento-de-promessas-politicas-durante-sessao-da-camara-municipal-de-mariana\/#breadcrumb","itemListElement":[{"@type":"ListItem","position":1,"name":"In\u00edcio","item":"https:\/\/www.diariodeouropreto.com.br\/pt\/"},{"@type":"ListItem","position":2,"name":"Moradoras do S\u00e3o Gon\u00e7alo exigem o cumprimento de &#8220;promessas pol\u00edticas&#8221; durante sess\u00e3o da C\u00e2mara Municipal de Mariana"}]},{"@type":"WebSite","@id":"https:\/\/www.diariodeouropreto.com.br\/pt\/#website","url":"https:\/\/www.diariodeouropreto.com.br\/pt\/","name":"Di\u00e1rio de Ouro Preto","description":"Not\u00edcias Ouro Preto; Mariana;Minas Gerais;Jornal;Jornalismo;Not\u00edcias;","publisher":{"@id":"https:\/\/www.diariodeouropreto.com.br\/pt\/#organization"},"alternateName":"Jornal di\u00e1rio de Ouro Preto","potentialAction":[{"@type":"SearchAction","target":{"@type":"EntryPoint","urlTemplate":"https:\/\/www.diariodeouropreto.com.br\/pt\/?s={search_term_string}"},"query-input":{"@type":"PropertyValueSpecification","valueRequired":true,"valueName":"search_term_string"}}],"inLanguage":"pt-PT"},{"@type":"Organization","@id":"https:\/\/www.diariodeouropreto.com.br\/pt\/#organization","name":"Di\u00e1rio de Ouro Preto","alternateName":"Jornal di\u00e1rio Ouro Preto","url":"https:\/\/www.diariodeouropreto.com.br\/pt\/","logo":{"@type":"ImageObject","inLanguage":"pt-PT","@id":"https:\/\/www.diariodeouropreto.com.br\/pt\/#\/schema\/logo\/image\/","url":"https:\/\/www.diariodeouropreto.com.br\/wp-content\/uploads\/2019\/06\/cropped-logotransp-2.png","contentUrl":"https:\/\/www.diariodeouropreto.com.br\/wp-content\/uploads\/2019\/06\/cropped-logotransp-2.png","width":1323,"height":251,"caption":"Di\u00e1rio de Ouro Preto"},"image":{"@id":"https:\/\/www.diariodeouropreto.com.br\/pt\/#\/schema\/logo\/image\/"},"sameAs":["https:\/\/www.facebook.com\/diariodeouropreto\/"]},{"@type":"Person","@id":"https:\/\/www.diariodeouropreto.com.br\/pt\/#\/schema\/person\/7654e7b471204a6dab6dc0ce6e140c99","name":"Di\u00e1rio de Ouro Preto","sameAs":["http:\/\/www.diariodeouropreto.com.br"],"url":"https:\/\/www.diariodeouropreto.com.br\/pt\/author\/diario\/"}]}},"jetpack_publicize_connections":[],"jetpack_featured_media_url":"https:\/\/www.diariodeouropreto.com.br\/wp-content\/uploads\/2026\/03\/manifestacao_saogoncalo_mariana_1.jpeg","jetpack-related-posts":[{"id":51088,"url":"https:\/\/www.diariodeouropreto.com.br\/pt\/vitoria-do-povo-prefeitura-acata-demandas-de-moradoras-do-sao-goncalo-apos-mobilizacao-popular-e-se-compromete-a-realizar-obras-no-bairro\/","url_meta":{"origin":50937,"position":0},"title":"Vit\u00f3ria do Povo: Prefeitura acata demandas de moradoras do S\u00e3o Gon\u00e7alo ap\u00f3s mobiliza\u00e7\u00e3o popular e se compromete a realizar obras no bairro","author":"Di\u00e1rio de Ouro Preto","date":"20 de Mar\u00e7o de 2026","format":false,"excerpt":"Ap\u00f3s mobiliza\u00e7\u00e3o popular, moradoras do S\u00e3o Gon\u00e7alo t\u00eam suas demandas acatadas pela prefeitura e aguardam obras nas \u00e1reas de saneamento, sa\u00fade, educa\u00e7\u00e3o e lazer. A Prefeitura de Mariana se comprometeu nesta quarta-feira (18) a realizar obras de infraestrutura no bairro S\u00e3o Gon\u00e7alo ap\u00f3s reuni\u00e3o com moradoras. As obras buscam solucionar\u2026","rel":"","context":"In &quot;Mariana&quot;","block_context":{"text":"Mariana","link":"https:\/\/www.diariodeouropreto.com.br\/pt\/Editoria\/mariana\/"},"img":{"alt_text":"","src":"https:\/\/i0.wp.com\/www.diariodeouropreto.com.br\/wp-content\/uploads\/2026\/03\/image-4.jpeg?resize=350%2C200&ssl=1","width":350,"height":200,"srcset":"https:\/\/i0.wp.com\/www.diariodeouropreto.com.br\/wp-content\/uploads\/2026\/03\/image-4.jpeg?resize=350%2C200&ssl=1 1x, https:\/\/i0.wp.com\/www.diariodeouropreto.com.br\/wp-content\/uploads\/2026\/03\/image-4.jpeg?resize=525%2C300&ssl=1 1.5x, https:\/\/i0.wp.com\/www.diariodeouropreto.com.br\/wp-content\/uploads\/2026\/03\/image-4.jpeg?resize=700%2C400&ssl=1 2x, https:\/\/i0.wp.com\/www.diariodeouropreto.com.br\/wp-content\/uploads\/2026\/03\/image-4.jpeg?resize=1050%2C600&ssl=1 3x"},"classes":[]},{"id":51053,"url":"https:\/\/www.diariodeouropreto.com.br\/pt\/camara-de-mariana-lanca-parlamento-jovem\/","url_meta":{"origin":50937,"position":1},"title":"C\u00e2mara de Mariana lan\u00e7a Parlamento Jovem","author":"Davi Saporetti","date":"20 de Mar\u00e7o de 2026","format":false,"excerpt":"C\u00e2mara de Mariana refor\u00e7a protagonismo juvenil em sess\u00e3o com debates sobre pol\u00edticas p\u00fablicas A 7\u00aa Reuni\u00e3o Ordin\u00e1ria da C\u00e2mara Municipal de Mariana, realizada na \u00faltima segunda-feira (16), teve como destaque a apresenta\u00e7\u00e3o e o incentivo \u00e0 participa\u00e7\u00e3o no Parlamento Jovem de Minas 2026, programa voltado \u00e0 forma\u00e7\u00e3o pol\u00edtica de estudantes.\u2026","rel":"","context":"In &quot;Pol\u00edtica&quot;","block_context":{"text":"Pol\u00edtica","link":"https:\/\/www.diariodeouropreto.com.br\/pt\/Editoria\/politica\/"},"img":{"alt_text":"","src":"https:\/\/i0.wp.com\/www.diariodeouropreto.com.br\/wp-content\/uploads\/2026\/03\/WhatsApp-Image-2026-03-18-at-14.14.44.jpeg?resize=350%2C200&ssl=1","width":350,"height":200,"srcset":"https:\/\/i0.wp.com\/www.diariodeouropreto.com.br\/wp-content\/uploads\/2026\/03\/WhatsApp-Image-2026-03-18-at-14.14.44.jpeg?resize=350%2C200&ssl=1 1x, https:\/\/i0.wp.com\/www.diariodeouropreto.com.br\/wp-content\/uploads\/2026\/03\/WhatsApp-Image-2026-03-18-at-14.14.44.jpeg?resize=525%2C300&ssl=1 1.5x, https:\/\/i0.wp.com\/www.diariodeouropreto.com.br\/wp-content\/uploads\/2026\/03\/WhatsApp-Image-2026-03-18-at-14.14.44.jpeg?resize=700%2C400&ssl=1 2x, https:\/\/i0.wp.com\/www.diariodeouropreto.com.br\/wp-content\/uploads\/2026\/03\/WhatsApp-Image-2026-03-18-at-14.14.44.jpeg?resize=1050%2C600&ssl=1 3x"},"classes":[]},{"id":48025,"url":"https:\/\/www.diariodeouropreto.com.br\/pt\/camara-de-mariana-realiza-sua-32o-reuniao-ordinaria\/","url_meta":{"origin":50937,"position":2},"title":"C\u00e2mara de Mariana realiza sua 32\u00ba Reuni\u00e3o Ordin\u00e1ria","author":"Davi Saporetti","date":"10 de Outubro de 2025","format":false,"excerpt":"Na 32\u00aa Reuni\u00e3o Ordin\u00e1ria da C\u00e2mara Municipal de Mariana, realizada na segunda-feira (6), vereadores analisaram pautas marcadas por debates sobre sa\u00fade p\u00fablica, acessibilidade no transporte, energia el\u00e9trica e meio ambiente. Al\u00e9m da aprova\u00e7\u00e3o de novos projetos de lei e requerimentos, os parlamentares trataram de temas como falta de \u00e1gua, queimadas\u2026","rel":"","context":"In &quot;Pol\u00edtica&quot;","block_context":{"text":"Pol\u00edtica","link":"https:\/\/www.diariodeouropreto.com.br\/pt\/Editoria\/politica\/"},"img":{"alt_text":"","src":"https:\/\/i0.wp.com\/www.diariodeouropreto.com.br\/wp-content\/uploads\/2025\/10\/Imagem-do-WhatsApp-de-2025-10-09-as-18.49.03_f5b9a3e7.jpg?resize=350%2C200&ssl=1","width":350,"height":200,"srcset":"https:\/\/i0.wp.com\/www.diariodeouropreto.com.br\/wp-content\/uploads\/2025\/10\/Imagem-do-WhatsApp-de-2025-10-09-as-18.49.03_f5b9a3e7.jpg?resize=350%2C200&ssl=1 1x, https:\/\/i0.wp.com\/www.diariodeouropreto.com.br\/wp-content\/uploads\/2025\/10\/Imagem-do-WhatsApp-de-2025-10-09-as-18.49.03_f5b9a3e7.jpg?resize=525%2C300&ssl=1 1.5x, https:\/\/i0.wp.com\/www.diariodeouropreto.com.br\/wp-content\/uploads\/2025\/10\/Imagem-do-WhatsApp-de-2025-10-09-as-18.49.03_f5b9a3e7.jpg?resize=700%2C400&ssl=1 2x"},"classes":[]},{"id":52041,"url":"https:\/\/www.diariodeouropreto.com.br\/pt\/saida-de-secretario-e-cobrancas-ao-prefeito-marcam-sessao-da-camara-de-mariana\/","url_meta":{"origin":50937,"position":3},"title":"Sa\u00edda de secret\u00e1rio e cobran\u00e7as ao prefeito marcam sess\u00e3o da C\u00e2mara de Mariana","author":"Di\u00e1rio de Ouro Preto","date":"30 de Abril de 2026","format":false,"excerpt":"Edvaldo Andrade recebeu elogios de vereadores, enquanto Marcelo Macedo cobrou promessas ainda n\u00e3o cumpridas pela Prefeitura A 13\u00aa Reuni\u00e3o Ordin\u00e1ria da C\u00e2mara Municipal de Mariana, realizada na \u00faltima segunda-feira (27) teve como principais destaques as manifesta\u00e7\u00f5es sobre a sa\u00edda do secret\u00e1rio de Governo, Edvaldo Andrade, e cobran\u00e7as feitas ao prefeito\u2026","rel":"","context":"In &quot;Pol\u00edtica&quot;","block_context":{"text":"Pol\u00edtica","link":"https:\/\/www.diariodeouropreto.com.br\/pt\/Editoria\/politica\/"},"img":{"alt_text":"","src":"https:\/\/i0.wp.com\/www.diariodeouropreto.com.br\/wp-content\/uploads\/2026\/04\/Captura-de-tela-2026-04-28-184615.jpg?resize=350%2C200&ssl=1","width":350,"height":200,"srcset":"https:\/\/i0.wp.com\/www.diariodeouropreto.com.br\/wp-content\/uploads\/2026\/04\/Captura-de-tela-2026-04-28-184615.jpg?resize=350%2C200&ssl=1 1x, https:\/\/i0.wp.com\/www.diariodeouropreto.com.br\/wp-content\/uploads\/2026\/04\/Captura-de-tela-2026-04-28-184615.jpg?resize=525%2C300&ssl=1 1.5x, https:\/\/i0.wp.com\/www.diariodeouropreto.com.br\/wp-content\/uploads\/2026\/04\/Captura-de-tela-2026-04-28-184615.jpg?resize=700%2C400&ssl=1 2x, https:\/\/i0.wp.com\/www.diariodeouropreto.com.br\/wp-content\/uploads\/2026\/04\/Captura-de-tela-2026-04-28-184615.jpg?resize=1050%2C600&ssl=1 3x"},"classes":[]},{"id":48934,"url":"https:\/\/www.diariodeouropreto.com.br\/pt\/camara-de-mariana-discute-abastecimento-de-agua-terreno-do-antigo-clara-godoi-saude-e-carnaval-2026-na-38a-reuniao-ordinaria\/","url_meta":{"origin":50937,"position":4},"title":"C\u00e2mara de Mariana discute abastecimento de \u00e1gua, terreno do antigo Clara God\u00f3i, sa\u00fade e Carnaval 2026 na 38\u00aa Reuni\u00e3o Ordin\u00e1ria","author":"Davi Saporetti","date":"21 de Novembro de 2025","format":false,"excerpt":"A C\u00e2mara Municipal de Mariana realizou a 38\u00aa Reuni\u00e3o Ordin\u00e1ria com apresenta\u00e7\u00e3o de projetos, leitura de emendas e vota\u00e7\u00e3o de requerimentos. Entre os projetos apresentados, estiveram propostas sobre a Rede Solid\u00e1ria dos Servidores, altera\u00e7\u00f5es no C\u00f3digo Tribut\u00e1rio Municipal, declara\u00e7\u00f5es de utilidade p\u00fablica e incentivos \u00e0 comunica\u00e7\u00e3o alternativa. A sess\u00e3o teve\u2026","rel":"","context":"In &quot;Pol\u00edtica&quot;","block_context":{"text":"Pol\u00edtica","link":"https:\/\/www.diariodeouropreto.com.br\/pt\/Editoria\/politica\/"},"img":{"alt_text":"","src":"https:\/\/i0.wp.com\/www.diariodeouropreto.com.br\/wp-content\/uploads\/2025\/11\/Imagem-do-WhatsApp-de-2025-11-20-as-12.12.06_0ae313fa.jpg?resize=350%2C200&ssl=1","width":350,"height":200,"srcset":"https:\/\/i0.wp.com\/www.diariodeouropreto.com.br\/wp-content\/uploads\/2025\/11\/Imagem-do-WhatsApp-de-2025-11-20-as-12.12.06_0ae313fa.jpg?resize=350%2C200&ssl=1 1x, https:\/\/i0.wp.com\/www.diariodeouropreto.com.br\/wp-content\/uploads\/2025\/11\/Imagem-do-WhatsApp-de-2025-11-20-as-12.12.06_0ae313fa.jpg?resize=525%2C300&ssl=1 1.5x, https:\/\/i0.wp.com\/www.diariodeouropreto.com.br\/wp-content\/uploads\/2025\/11\/Imagem-do-WhatsApp-de-2025-11-20-as-12.12.06_0ae313fa.jpg?resize=700%2C400&ssl=1 2x"},"classes":[]},{"id":47506,"url":"https:\/\/www.diariodeouropreto.com.br\/pt\/camara-municipal-de-mariana-realiza-28a-reuniao-ordinaria-com-foco-em-obras-educacao-e-cultura\/","url_meta":{"origin":50937,"position":5},"title":"C\u00e2mara Municipal de Mariana realiza 28\u00aa Reuni\u00e3o Ordin\u00e1ria com foco em obras, educa\u00e7\u00e3o e cultura","author":"Di\u00e1rio de Ouro Preto","date":"12 de Setembro de 2025","format":false,"excerpt":"Na \u00faltima segunda-feira (08), a C\u00e2mara Municipal de Mariana realizou sua 28\u00aa Reuni\u00e3o Ordin\u00e1ria. Durante a sess\u00e3o, os vereadores analisaram uma ampla pauta de projetos, requerimentos e indica\u00e7\u00f5es, tratando de assuntos que envolveram desde infraestrutura e transpar\u00eancia na gest\u00e3o at\u00e9 cultura, esporte e homenagens. Entre os diversos temas debatidos, alguns\u2026","rel":"","context":"In &quot;Pol\u00edtica&quot;","block_context":{"text":"Pol\u00edtica","link":"https:\/\/www.diariodeouropreto.com.br\/pt\/Editoria\/politica\/"},"img":{"alt_text":"","src":"https:\/\/i0.wp.com\/www.diariodeouropreto.com.br\/wp-content\/uploads\/2025\/09\/Camara-Municipal-de-Mariana.jpg?resize=350%2C200&ssl=1","width":350,"height":200,"srcset":"https:\/\/i0.wp.com\/www.diariodeouropreto.com.br\/wp-content\/uploads\/2025\/09\/Camara-Municipal-de-Mariana.jpg?resize=350%2C200&ssl=1 1x, https:\/\/i0.wp.com\/www.diariodeouropreto.com.br\/wp-content\/uploads\/2025\/09\/Camara-Municipal-de-Mariana.jpg?resize=525%2C300&ssl=1 1.5x, https:\/\/i0.wp.com\/www.diariodeouropreto.com.br\/wp-content\/uploads\/2025\/09\/Camara-Municipal-de-Mariana.jpg?resize=700%2C400&ssl=1 2x, https:\/\/i0.wp.com\/www.diariodeouropreto.com.br\/wp-content\/uploads\/2025\/09\/Camara-Municipal-de-Mariana.jpg?resize=1050%2C600&ssl=1 3x"},"classes":[]}],"jetpack_sharing_enabled":true,"amp_enabled":true,"_links":{"self":[{"href":"https:\/\/www.diariodeouropreto.com.br\/pt\/wp-json\/wp\/v2\/posts\/50937","targetHints":{"allow":["GET"]}}],"collection":[{"href":"https:\/\/www.diariodeouropreto.com.br\/pt\/wp-json\/wp\/v2\/posts"}],"about":[{"href":"https:\/\/www.diariodeouropreto.com.br\/pt\/wp-json\/wp\/v2\/types\/post"}],"author":[{"embeddable":true,"href":"https:\/\/www.diariodeouropreto.com.br\/pt\/wp-json\/wp\/v2\/users\/1"}],"replies":[{"embeddable":true,"href":"https:\/\/www.diariodeouropreto.com.br\/pt\/wp-json\/wp\/v2\/comments?post=50937"}],"version-history":[{"count":9,"href":"https:\/\/www.diariodeouropreto.com.br\/pt\/wp-json\/wp\/v2\/posts\/50937\/revisions"}],"predecessor-version":[{"id":50956,"href":"https:\/\/www.diariodeouropreto.com.br\/pt\/wp-json\/wp\/v2\/posts\/50937\/revisions\/50956"}],"wp:featuredmedia":[{"embeddable":true,"href":"https:\/\/www.diariodeouropreto.com.br\/pt\/wp-json\/wp\/v2\/media\/50939"}],"wp:attachment":[{"href":"https:\/\/www.diariodeouropreto.com.br\/pt\/wp-json\/wp\/v2\/media?parent=50937"}],"wp:term":[{"taxonomy":"category","embeddable":true,"href":"https:\/\/www.diariodeouropreto.com.br\/pt\/wp-json\/wp\/v2\/categories?post=50937"},{"taxonomy":"post_tag","embeddable":true,"href":"https:\/\/www.diariodeouropreto.com.br\/pt\/wp-json\/wp\/v2\/tags?post=50937"}],"curies":[{"name":"wp","href":"https:\/\/api.w.org\/{rel}","templated":true}]}}