{"id":50933,"date":"2026-03-16T15:36:43","date_gmt":"2026-03-16T18:36:43","guid":{"rendered":"https:\/\/www.diariodeouropreto.com.br\/?p=50933"},"modified":"2026-03-16T15:36:48","modified_gmt":"2026-03-16T18:36:48","slug":"municipios-mineradores-se-reunem-em-congonhas-para-debater-a-reincidencia-de-acidentes-ambientais-na-mineracao-impactos-da-reforma-tributaria-e-sonegacao-da-cfem","status":"publish","type":"post","link":"https:\/\/www.diariodeouropreto.com.br\/pt\/municipios-mineradores-se-reunem-em-congonhas-para-debater-a-reincidencia-de-acidentes-ambientais-na-mineracao-impactos-da-reforma-tributaria-e-sonegacao-da-cfem\/","title":{"rendered":"Munic\u00edpios mineradores se re\u00fanem em Congonhas para debater a reincid\u00eancia de acidentes ambientais na minera\u00e7\u00e3o, impactos da reforma tribut\u00e1ria e sonega\u00e7\u00e3o da CFEM"},"content":{"rendered":"<p><em><br><\/em><strong>A Assembleia Geral da AMIG Brasil ser\u00e1 realizada na cidade mineira no dia 19 de mar\u00e7o e reunir\u00e1 prefeitos e gestores municipais de munic\u00edpios mineradores e afetados filiados \u00e0 associa\u00e7\u00e3o<\/strong><\/p>\n\n\n\n<p>A AMIG Brasil &#8211; Associa\u00e7\u00e3o Brasileira dos Munic\u00edpios Mineradores convocou para o dia 19 de mar\u00e7o de 2026 a sua 61\u00aa Assembleia Geral, em Congonhas (MG), com uma pauta estrat\u00e9gica que coloca no centro do debate nacional a seguran\u00e7a na atividade miner\u00e1ria, as perdas financeiras dos munic\u00edpios ap\u00f3s a Reforma Tribut\u00e1ria e a necessidade de fortalecimento da fiscaliza\u00e7\u00e3o e da arrecada\u00e7\u00e3o da CFEM. O encontro ser\u00e1 realizado no Audit\u00f3rio da Romaria, com primeira chamada \u00e0s 8h e segunda \u00e0s 9h, reunindo prefeitos e representantes dos munic\u00edpios associados.<\/p>\n\n\n\n<p>A reuni\u00e3o ocorre em um momento decisivo para as cidades mineradoras brasileiras, que enfrentam desafios estruturais ligados \u00e0 seguran\u00e7a operacional, \u00e0 sustentabilidade fiscal e \u00e0 repara\u00e7\u00e3o de perdas hist\u00f3ricas. Para o presidente da AMIG Brasil, Marco Ant\u00f4nio Lage, a Assembleia tem papel estrat\u00e9gico na articula\u00e7\u00e3o institucional dos munic\u00edpios. \u201cAs cidades mineradas e afetadas sustentam parte significativa da economia brasileira, mas convivem com riscos permanentes, press\u00f5es ambientais e perdas expressivas de arrecada\u00e7\u00e3o. Esta Assembleia ser\u00e1 fundamental para consolidarmos uma atua\u00e7\u00e3o t\u00e9cnica, jur\u00eddica e pol\u00edtica mais forte e coordenada\u201d, afirma o presidente.<\/p>\n\n\n\n<p><strong>Seguran\u00e7a e reincid\u00eancia de acidentes em pauta<\/strong><\/p>\n\n\n\n<p>Um dos destaques da programa\u00e7\u00e3o ser\u00e1 a apresenta\u00e7\u00e3o dos cases das Minas de Viga e de F\u00e1brica, pelo munic\u00edpio de Congonhas, abordando a reincid\u00eancia de acidentes na atividade miner\u00e1ria no pa\u00eds. A discuss\u00e3o pretende ampliar o debate sobre o papel dos munic\u00edpios na preven\u00e7\u00e3o de riscos e na prote\u00e7\u00e3o das comunidades impactadas.<\/p>\n\n\n\n<p>A palestra \u201cMinera\u00e7\u00e3o e risco: o poder e o dever dos Munic\u00edpios\u201d, ministrada pelo consultor ambiental da AMIG Brasil, Thiago Metzker, refor\u00e7ar\u00e1 o entendimento de que as administra\u00e7\u00f5es locais possuem atribui\u00e7\u00f5es e instrumentos legais para atuar de forma mais incisiva na fiscaliza\u00e7\u00e3o e na mitiga\u00e7\u00e3o de danos. Para a AMIG Brasil, n\u00e3o h\u00e1 como aceitar que trag\u00e9dias e incidentes sejam tratados como fatalidades. Os munic\u00edpios t\u00eam poder de pol\u00edcia administrativa, t\u00eam responsabilidade urban\u00edstica e ambiental. \u00c9 preciso fortalecer essa atua\u00e7\u00e3o para proteger vidas e territ\u00f3rios.<\/p>\n\n\n\n<p><strong>Como financiar uma fiscaliza\u00e7\u00e3o eficiente<\/strong><\/p>\n\n\n\n<p>Outro ponto central ser\u00e1 o debate sobre como estruturar e custear uma fiscaliza\u00e7\u00e3o miner\u00e1ria eficiente, tema que ser\u00e1 abordado por Fl\u00e1via Vilela, consultora da AMIG Brasil para assuntos da Reforma Tribut\u00e1ria. A proposta \u00e9 apresentar caminhos t\u00e9cnicos para que as prefeituras planejem e implementem estruturas de controle com seguran\u00e7a jur\u00eddica e sustentabilidade financeira.<\/p>\n\n\n\n<p>A iniciativa busca responder a uma das principais demandas dos munic\u00edpios: ampliar a capacidade de fiscaliza\u00e7\u00e3o sem comprometer o equil\u00edbrio fiscal. \u201cDefendemos que os munic\u00edpios tenham n\u00e3o apenas o dever, mas tamb\u00e9m as condi\u00e7\u00f5es reais de exercer a fiscaliza\u00e7\u00e3o. Isso exige planejamento, seguran\u00e7a jur\u00eddica e fontes de custeio bem estruturadas\u201d, enfatiza o presidente.<\/p>\n\n\n\n<p><strong>Estudo comprova perdas com Reforma Tribut\u00e1ria e Lei Kandir<\/strong><\/p>\n\n\n\n<p>A Assembleia tamb\u00e9m contar\u00e1 com a apresenta\u00e7\u00e3o de estudo do Centro de Desenvolvimento e Planejamento Regional (CEDEPLAR), da UFMG, que comprova as perdas enfrentadas pelos munic\u00edpios mineradores em raz\u00e3o da Reforma Tribut\u00e1ria e da Lei Kandir.<\/p>\n\n\n\n<p>O levantamento t\u00e9cnico refor\u00e7a a argumenta\u00e7\u00e3o da AMIG Brasil em defesa de uma compensa\u00e7\u00e3o mais justa \u00e0s cidades que concentram a atividade mineral e arcam com seus impactos sociais, ambientais e estruturais. Segundo a associa\u00e7\u00e3o, os dados mostram de forma inequ\u00edvoca que os munic\u00edpios mineradores est\u00e3o perdendo receitas essenciais para sa\u00fade, educa\u00e7\u00e3o e infraestrutura. \u201cN\u00e3o \u00e9 razo\u00e1vel que quem suporta os impactos diretos da minera\u00e7\u00e3o receba menos recursos. Vamos usar esse estudo como base para uma agenda nacional de recomposi\u00e7\u00e3o das perdas\u201d, afirma Lage.<\/p>\n\n\n\n<p>Outro eixo estrat\u00e9gico da Assembleia ser\u00e1 a apresenta\u00e7\u00e3o de um diagn\u00f3stico dos processos judiciais relacionados \u00e0s d\u00edvidas de CFEM (Compensa\u00e7\u00e3o Financeira pela Explora\u00e7\u00e3o de Recursos Minerais) e das estrat\u00e9gias de atua\u00e7\u00e3o dos munic\u00edpios, conduzida pelo consultor jur\u00eddico Rog\u00e9rio Moreira.<\/p>\n\n\n\n<p>A AMIG Brasil pretende fortalecer a articula\u00e7\u00e3o jur\u00eddica para garantir que valores devidos aos munic\u00edpios sejam efetivamente recolhidos, assegurando justi\u00e7a fiscal e maior capacidade de investimento local.<\/p>\n\n\n\n<div id=\"110712\" class=\"advads-saneouro advads-entity-placement\" style=\"margin-left: auto;margin-right: auto;text-align: center;\"><a href=\"https:\/\/www.saneouro.com.br\/\" target=\"_blank\" aria-label=\"DOP_Site\" data-wpel-link=\"external\" rel=\"follow external noopener noreferrer sponsored ugc\"><img src=\"https:\/\/www.diariodeouropreto.com.br\/wp-content\/uploads\/2026\/04\/DOP_Site.jpg\" alt=\"\"  srcset=\"https:\/\/www.diariodeouropreto.com.br\/wp-content\/uploads\/2026\/04\/DOP_Site.jpg 301w, https:\/\/www.diariodeouropreto.com.br\/wp-content\/uploads\/2026\/04\/DOP_Site-180x150.jpg 180w, https:\/\/www.diariodeouropreto.com.br\/wp-content\/uploads\/2026\/04\/DOP_Site-14x12.jpg 14w\" sizes=\"(max-width: 301px) 100vw, 301px\" width=\"301\" height=\"251\"  style=\"display: inline-block;\" \/><\/a><\/div><p>\u201cA presen\u00e7a de cada prefeito e gestor \u00e9 fundamental para o fortalecimento da atua\u00e7\u00e3o conjunta dos munic\u00edpios e para o avan\u00e7o das pautas priorit\u00e1rias do setor\u201d, enfatiza Marco Ant\u00f4nio Lage.<\/p>\n\n\n\n<div id=\"50321\" class=\"advads-plantao advads-entity-placement\"><a href=\"https:\/\/www.diariodeouropreto.com.br\/pt\/\" target=\"_blank\" aria-label=\"site &#8211; noticia\" data-wpel-link=\"external\" rel=\"follow external noopener noreferrer sponsored ugc\"><img src=\"https:\/\/www.diariodeouropreto.com.br\/wp-content\/uploads\/2019\/09\/titulosite2-e1616373489755.jpg\" alt=\"\"  srcset=\"https:\/\/www.diariodeouropreto.com.br\/wp-content\/uploads\/2019\/09\/titulosite2-e1616373489755.jpg 1200w, https:\/\/www.diariodeouropreto.com.br\/wp-content\/uploads\/2019\/09\/titulosite2-e1616373489755-150x38.jpg 150w, https:\/\/www.diariodeouropreto.com.br\/wp-content\/uploads\/2019\/09\/titulosite2-e1616373489755-660x167.jpg 660w, https:\/\/www.diariodeouropreto.com.br\/wp-content\/uploads\/2019\/09\/titulosite2-e1616373489755-768x194.jpg 768w, https:\/\/www.diariodeouropreto.com.br\/wp-content\/uploads\/2019\/09\/titulosite2-e1616373489755-1000x252.jpg 1000w, https:\/\/www.diariodeouropreto.com.br\/wp-content\/uploads\/2019\/09\/titulosite2-e1616373489755-1536x388.jpg 1536w, https:\/\/www.diariodeouropreto.com.br\/wp-content\/uploads\/2019\/09\/titulosite2-e1616373489755-2048x517.jpg 2048w\" sizes=\"(max-width: 1200px) 100vw, 1200px\" width=\"1200\" height=\"303\"  style=\"display: inline-block;\" \/><\/a><\/div><p>Fonte: Assessoria Associa\u00e7\u00e3o Brasileira dos Munic\u00edpios Mineradores<\/p>","protected":false},"excerpt":{"rendered":"<p>A Assembleia Geral da AMIG Brasil ser\u00e1 realizada na cidade mineira no dia 19 de mar\u00e7o e reunir\u00e1 prefeitos e gestores municipais de munic\u00edpios mineradores e afetados filiados \u00e0 associa\u00e7\u00e3o A AMIG Brasil &#8211; Associa\u00e7\u00e3o Brasileira dos Munic\u00edpios Mineradores convocou para o dia 19 de mar\u00e7o de 2026 a sua<span class=\"more-link\"><a href=\"https:\/\/www.diariodeouropreto.com.br\/pt\/municipios-mineradores-se-reunem-em-congonhas-para-debater-a-reincidencia-de-acidentes-ambientais-na-mineracao-impactos-da-reforma-tributaria-e-sonegacao-da-cfem\/\" data-wpel-link=\"internal\">Continue Lendo<\/a><\/span><\/p>","protected":false},"author":1,"featured_media":50935,"comment_status":"closed","ping_status":"closed","sticky":false,"template":"","format":"standard","meta":{"_jetpack_memberships_contains_paid_content":false,"footnotes":"","jetpack_publicize_message":"A Assembleia Geral da AMIG Brasil ser\u00e1 realizada na cidade mineira no dia 19 de mar\u00e7o e reunir\u00e1 prefeitos e gestores municipais de munic\u00edpios mineradores e afetados filiados \u00e0 associa\u00e7\u00e3o","jetpack_publicize_feature_enabled":true,"jetpack_social_post_already_shared":false,"jetpack_social_options":{"image_generator_settings":{"template":"highway","default_image_id":0,"font":"","enabled":false},"version":2}},"categories":[5],"tags":[],"class_list":["entry","author-diario","post-50933","post","type-post","status-publish","format-standard","has-post-thumbnail","category-cidades"],"yoast_head":"<!-- This site is optimized with the Yoast SEO plugin v27.5 - https:\/\/yoast.com\/product\/yoast-seo-wordpress\/ -->\n<title>Munic\u00edpios mineradores se re\u00fanem em Congonhas para debater a reincid\u00eancia de acidentes ambientais na minera\u00e7\u00e3o, impactos da reforma tribut\u00e1ria e sonega\u00e7\u00e3o da CFEM - Di\u00e1rio de Ouro Preto<\/title>\n<meta name=\"description\" content=\"A Assembleia Geral da AMIG Brasil ser\u00e1 realizada na cidade mineira no dia 19 de mar\u00e7o e reunir\u00e1 prefeitos e gestores municipais de munic\u00edpios mineradores e afetados filiados \u00e0 associa\u00e7\u00e3o- Munic\u00edpios mineradores se re\u00fanem em Congonhas para debater a reincid\u00eancia de acidentes ambientais na minera\u00e7\u00e3o, impactos da reforma tribut\u00e1ria e sonega\u00e7\u00e3o da CFEM - Cidades\" \/>\n<meta name=\"robots\" content=\"index, follow, max-snippet:-1, max-image-preview:large, max-video-preview:-1\" \/>\n<link rel=\"canonical\" href=\"https:\/\/www.diariodeouropreto.com.br\/pt\/municipios-mineradores-se-reunem-em-congonhas-para-debater-a-reincidencia-de-acidentes-ambientais-na-mineracao-impactos-da-reforma-tributaria-e-sonegacao-da-cfem\/\" \/>\n<meta property=\"og:locale\" content=\"pt_PT\" \/>\n<meta property=\"og:type\" content=\"article\" \/>\n<meta property=\"og:title\" content=\"Munic\u00edpios mineradores se re\u00fanem em Congonhas para debater a reincid\u00eancia de acidentes ambientais na minera\u00e7\u00e3o, impactos da reforma tribut\u00e1ria e sonega\u00e7\u00e3o da CFEM - Di\u00e1rio de Ouro Preto\" \/>\n<meta property=\"og:description\" content=\"A Assembleia Geral da AMIG Brasil ser\u00e1 realizada na cidade mineira no dia 19 de mar\u00e7o e reunir\u00e1 prefeitos e gestores municipais de munic\u00edpios mineradores e afetados filiados \u00e0 associa\u00e7\u00e3o- Munic\u00edpios mineradores se re\u00fanem em Congonhas para debater a reincid\u00eancia de acidentes ambientais na minera\u00e7\u00e3o, impactos da reforma tribut\u00e1ria e sonega\u00e7\u00e3o da CFEM - Cidades\" \/>\n<meta property=\"og:url\" content=\"https:\/\/www.diariodeouropreto.com.br\/pt\/municipios-mineradores-se-reunem-em-congonhas-para-debater-a-reincidencia-de-acidentes-ambientais-na-mineracao-impactos-da-reforma-tributaria-e-sonegacao-da-cfem\/\" \/>\n<meta property=\"og:site_name\" content=\"Di\u00e1rio de Ouro Preto\" \/>\n<meta property=\"article:publisher\" content=\"https:\/\/www.facebook.com\/diariodeouropreto\/\" \/>\n<meta property=\"article:published_time\" content=\"2026-03-16T18:36:43+00:00\" \/>\n<meta property=\"article:modified_time\" content=\"2026-03-16T18:36:48+00:00\" \/>\n<meta property=\"og:image\" content=\"https:\/\/www.diariodeouropreto.com.br\/wp-content\/uploads\/2026\/03\/Foto-divulgacao-pref-Congonhas.jpg\" \/>\n\t<meta property=\"og:image:width\" content=\"1200\" \/>\n\t<meta property=\"og:image:height\" content=\"673\" \/>\n\t<meta property=\"og:image:type\" content=\"image\/jpeg\" \/>\n<meta name=\"author\" content=\"Di\u00e1rio de Ouro Preto\" \/>\n<meta name=\"twitter:card\" content=\"summary_large_image\" \/>\n<meta name=\"twitter:label1\" content=\"Escrito por\" \/>\n\t<meta name=\"twitter:data1\" content=\"Di\u00e1rio de Ouro Preto\" \/>\n\t<meta name=\"twitter:label2\" content=\"Tempo estimado de leitura\" \/>\n\t<meta name=\"twitter:data2\" content=\"5 minutos\" \/>\n<script type=\"application\/ld+json\" class=\"yoast-schema-graph\">{\"@context\":\"https:\\\/\\\/schema.org\",\"@graph\":[{\"@type\":\"Article\",\"@id\":\"https:\\\/\\\/www.diariodeouropreto.com.br\\\/municipios-mineradores-se-reunem-em-congonhas-para-debater-a-reincidencia-de-acidentes-ambientais-na-mineracao-impactos-da-reforma-tributaria-e-sonegacao-da-cfem\\\/#article\",\"isPartOf\":{\"@id\":\"https:\\\/\\\/www.diariodeouropreto.com.br\\\/municipios-mineradores-se-reunem-em-congonhas-para-debater-a-reincidencia-de-acidentes-ambientais-na-mineracao-impactos-da-reforma-tributaria-e-sonegacao-da-cfem\\\/\"},\"author\":{\"name\":\"Di\u00e1rio de Ouro Preto\",\"@id\":\"https:\\\/\\\/www.diariodeouropreto.com.br\\\/pt\\\/#\\\/schema\\\/person\\\/7654e7b471204a6dab6dc0ce6e140c99\"},\"headline\":\"Munic\u00edpios mineradores se re\u00fanem em Congonhas para debater a reincid\u00eancia de acidentes ambientais na minera\u00e7\u00e3o, impactos da reforma tribut\u00e1ria e sonega\u00e7\u00e3o da CFEM\",\"datePublished\":\"2026-03-16T18:36:43+00:00\",\"dateModified\":\"2026-03-16T18:36:48+00:00\",\"mainEntityOfPage\":{\"@id\":\"https:\\\/\\\/www.diariodeouropreto.com.br\\\/municipios-mineradores-se-reunem-em-congonhas-para-debater-a-reincidencia-de-acidentes-ambientais-na-mineracao-impactos-da-reforma-tributaria-e-sonegacao-da-cfem\\\/\"},\"wordCount\":831,\"publisher\":{\"@id\":\"https:\\\/\\\/www.diariodeouropreto.com.br\\\/pt\\\/#organization\"},\"image\":{\"@id\":\"https:\\\/\\\/www.diariodeouropreto.com.br\\\/municipios-mineradores-se-reunem-em-congonhas-para-debater-a-reincidencia-de-acidentes-ambientais-na-mineracao-impactos-da-reforma-tributaria-e-sonegacao-da-cfem\\\/#primaryimage\"},\"thumbnailUrl\":\"https:\\\/\\\/www.diariodeouropreto.com.br\\\/wp-content\\\/uploads\\\/2026\\\/03\\\/Foto-divulgacao-pref-Congonhas.jpg\",\"articleSection\":[\"Cidades\"],\"inLanguage\":\"pt-PT\"},{\"@type\":\"WebPage\",\"@id\":\"https:\\\/\\\/www.diariodeouropreto.com.br\\\/municipios-mineradores-se-reunem-em-congonhas-para-debater-a-reincidencia-de-acidentes-ambientais-na-mineracao-impactos-da-reforma-tributaria-e-sonegacao-da-cfem\\\/\",\"url\":\"https:\\\/\\\/www.diariodeouropreto.com.br\\\/municipios-mineradores-se-reunem-em-congonhas-para-debater-a-reincidencia-de-acidentes-ambientais-na-mineracao-impactos-da-reforma-tributaria-e-sonegacao-da-cfem\\\/\",\"name\":\"Munic\u00edpios mineradores se re\u00fanem em Congonhas para debater a reincid\u00eancia de acidentes ambientais na minera\u00e7\u00e3o, impactos da reforma tribut\u00e1ria e sonega\u00e7\u00e3o da CFEM - Di\u00e1rio de Ouro Preto\",\"isPartOf\":{\"@id\":\"https:\\\/\\\/www.diariodeouropreto.com.br\\\/pt\\\/#website\"},\"primaryImageOfPage\":{\"@id\":\"https:\\\/\\\/www.diariodeouropreto.com.br\\\/municipios-mineradores-se-reunem-em-congonhas-para-debater-a-reincidencia-de-acidentes-ambientais-na-mineracao-impactos-da-reforma-tributaria-e-sonegacao-da-cfem\\\/#primaryimage\"},\"image\":{\"@id\":\"https:\\\/\\\/www.diariodeouropreto.com.br\\\/municipios-mineradores-se-reunem-em-congonhas-para-debater-a-reincidencia-de-acidentes-ambientais-na-mineracao-impactos-da-reforma-tributaria-e-sonegacao-da-cfem\\\/#primaryimage\"},\"thumbnailUrl\":\"https:\\\/\\\/www.diariodeouropreto.com.br\\\/wp-content\\\/uploads\\\/2026\\\/03\\\/Foto-divulgacao-pref-Congonhas.jpg\",\"datePublished\":\"2026-03-16T18:36:43+00:00\",\"dateModified\":\"2026-03-16T18:36:48+00:00\",\"description\":\"A Assembleia Geral da AMIG Brasil ser\u00e1 realizada na cidade mineira no dia 19 de mar\u00e7o e reunir\u00e1 prefeitos e gestores municipais de munic\u00edpios mineradores e afetados filiados \u00e0 associa\u00e7\u00e3o- Munic\u00edpios mineradores se re\u00fanem em Congonhas para debater a reincid\u00eancia de acidentes ambientais na minera\u00e7\u00e3o, impactos da reforma tribut\u00e1ria e sonega\u00e7\u00e3o da CFEM - Cidades\",\"breadcrumb\":{\"@id\":\"https:\\\/\\\/www.diariodeouropreto.com.br\\\/municipios-mineradores-se-reunem-em-congonhas-para-debater-a-reincidencia-de-acidentes-ambientais-na-mineracao-impactos-da-reforma-tributaria-e-sonegacao-da-cfem\\\/#breadcrumb\"},\"inLanguage\":\"pt-PT\",\"potentialAction\":[{\"@type\":\"ReadAction\",\"target\":[\"https:\\\/\\\/www.diariodeouropreto.com.br\\\/municipios-mineradores-se-reunem-em-congonhas-para-debater-a-reincidencia-de-acidentes-ambientais-na-mineracao-impactos-da-reforma-tributaria-e-sonegacao-da-cfem\\\/\"]}]},{\"@type\":\"ImageObject\",\"inLanguage\":\"pt-PT\",\"@id\":\"https:\\\/\\\/www.diariodeouropreto.com.br\\\/municipios-mineradores-se-reunem-em-congonhas-para-debater-a-reincidencia-de-acidentes-ambientais-na-mineracao-impactos-da-reforma-tributaria-e-sonegacao-da-cfem\\\/#primaryimage\",\"url\":\"https:\\\/\\\/www.diariodeouropreto.com.br\\\/wp-content\\\/uploads\\\/2026\\\/03\\\/Foto-divulgacao-pref-Congonhas.jpg\",\"contentUrl\":\"https:\\\/\\\/www.diariodeouropreto.com.br\\\/wp-content\\\/uploads\\\/2026\\\/03\\\/Foto-divulgacao-pref-Congonhas.jpg\",\"width\":1200,\"height\":673},{\"@type\":\"BreadcrumbList\",\"@id\":\"https:\\\/\\\/www.diariodeouropreto.com.br\\\/municipios-mineradores-se-reunem-em-congonhas-para-debater-a-reincidencia-de-acidentes-ambientais-na-mineracao-impactos-da-reforma-tributaria-e-sonegacao-da-cfem\\\/#breadcrumb\",\"itemListElement\":[{\"@type\":\"ListItem\",\"position\":1,\"name\":\"In\u00edcio\",\"item\":\"https:\\\/\\\/www.diariodeouropreto.com.br\\\/pt\\\/\"},{\"@type\":\"ListItem\",\"position\":2,\"name\":\"Munic\u00edpios mineradores se re\u00fanem em Congonhas para debater a reincid\u00eancia de acidentes ambientais na minera\u00e7\u00e3o, impactos da reforma tribut\u00e1ria e sonega\u00e7\u00e3o da CFEM\"}]},{\"@type\":\"WebSite\",\"@id\":\"https:\\\/\\\/www.diariodeouropreto.com.br\\\/pt\\\/#website\",\"url\":\"https:\\\/\\\/www.diariodeouropreto.com.br\\\/pt\\\/\",\"name\":\"Di\u00e1rio de Ouro Preto\",\"description\":\"Not\u00edcias Ouro Preto; Mariana;Minas Gerais;Jornal;Jornalismo;Not\u00edcias;\",\"publisher\":{\"@id\":\"https:\\\/\\\/www.diariodeouropreto.com.br\\\/pt\\\/#organization\"},\"alternateName\":\"Jornal di\u00e1rio de Ouro Preto\",\"potentialAction\":[{\"@type\":\"SearchAction\",\"target\":{\"@type\":\"EntryPoint\",\"urlTemplate\":\"https:\\\/\\\/www.diariodeouropreto.com.br\\\/pt\\\/?s={search_term_string}\"},\"query-input\":{\"@type\":\"PropertyValueSpecification\",\"valueRequired\":true,\"valueName\":\"search_term_string\"}}],\"inLanguage\":\"pt-PT\"},{\"@type\":\"Organization\",\"@id\":\"https:\\\/\\\/www.diariodeouropreto.com.br\\\/pt\\\/#organization\",\"name\":\"Di\u00e1rio de Ouro Preto\",\"alternateName\":\"Jornal di\u00e1rio Ouro Preto\",\"url\":\"https:\\\/\\\/www.diariodeouropreto.com.br\\\/pt\\\/\",\"logo\":{\"@type\":\"ImageObject\",\"inLanguage\":\"pt-PT\",\"@id\":\"https:\\\/\\\/www.diariodeouropreto.com.br\\\/pt\\\/#\\\/schema\\\/logo\\\/image\\\/\",\"url\":\"https:\\\/\\\/www.diariodeouropreto.com.br\\\/wp-content\\\/uploads\\\/2019\\\/06\\\/cropped-logotransp-2.png\",\"contentUrl\":\"https:\\\/\\\/www.diariodeouropreto.com.br\\\/wp-content\\\/uploads\\\/2019\\\/06\\\/cropped-logotransp-2.png\",\"width\":1323,\"height\":251,\"caption\":\"Di\u00e1rio de Ouro Preto\"},\"image\":{\"@id\":\"https:\\\/\\\/www.diariodeouropreto.com.br\\\/pt\\\/#\\\/schema\\\/logo\\\/image\\\/\"},\"sameAs\":[\"https:\\\/\\\/www.facebook.com\\\/diariodeouropreto\\\/\"]},{\"@type\":\"Person\",\"@id\":\"https:\\\/\\\/www.diariodeouropreto.com.br\\\/pt\\\/#\\\/schema\\\/person\\\/7654e7b471204a6dab6dc0ce6e140c99\",\"name\":\"Di\u00e1rio de Ouro Preto\",\"sameAs\":[\"http:\\\/\\\/www.diariodeouropreto.com.br\"],\"url\":\"https:\\\/\\\/www.diariodeouropreto.com.br\\\/pt\\\/author\\\/diario\\\/\"}]}<\/script>\n<!-- \/ Yoast SEO plugin. -->","yoast_head_json":{"title":"Munic\u00edpios mineradores se re\u00fanem em Congonhas para debater a reincid\u00eancia de acidentes ambientais na minera\u00e7\u00e3o, impactos da reforma tribut\u00e1ria e sonega\u00e7\u00e3o da CFEM - Di\u00e1rio de Ouro Preto","description":"A Assembleia Geral da AMIG Brasil ser\u00e1 realizada na cidade mineira no dia 19 de mar\u00e7o e reunir\u00e1 prefeitos e gestores municipais de munic\u00edpios mineradores e afetados filiados \u00e0 associa\u00e7\u00e3o- Munic\u00edpios mineradores se re\u00fanem em Congonhas para debater a reincid\u00eancia de acidentes ambientais na minera\u00e7\u00e3o, impactos da reforma tribut\u00e1ria e sonega\u00e7\u00e3o da CFEM - Cidades","robots":{"index":"index","follow":"follow","max-snippet":"max-snippet:-1","max-image-preview":"max-image-preview:large","max-video-preview":"max-video-preview:-1"},"canonical":"https:\/\/www.diariodeouropreto.com.br\/pt\/municipios-mineradores-se-reunem-em-congonhas-para-debater-a-reincidencia-de-acidentes-ambientais-na-mineracao-impactos-da-reforma-tributaria-e-sonegacao-da-cfem\/","og_locale":"pt_PT","og_type":"article","og_title":"Munic\u00edpios mineradores se re\u00fanem em Congonhas para debater a reincid\u00eancia de acidentes ambientais na minera\u00e7\u00e3o, impactos da reforma tribut\u00e1ria e sonega\u00e7\u00e3o da CFEM - Di\u00e1rio de Ouro Preto","og_description":"A Assembleia Geral da AMIG Brasil ser\u00e1 realizada na cidade mineira no dia 19 de mar\u00e7o e reunir\u00e1 prefeitos e gestores municipais de munic\u00edpios mineradores e afetados filiados \u00e0 associa\u00e7\u00e3o- Munic\u00edpios mineradores se re\u00fanem em Congonhas para debater a reincid\u00eancia de acidentes ambientais na minera\u00e7\u00e3o, impactos da reforma tribut\u00e1ria e sonega\u00e7\u00e3o da CFEM - Cidades","og_url":"https:\/\/www.diariodeouropreto.com.br\/pt\/municipios-mineradores-se-reunem-em-congonhas-para-debater-a-reincidencia-de-acidentes-ambientais-na-mineracao-impactos-da-reforma-tributaria-e-sonegacao-da-cfem\/","og_site_name":"Di\u00e1rio de Ouro Preto","article_publisher":"https:\/\/www.facebook.com\/diariodeouropreto\/","article_published_time":"2026-03-16T18:36:43+00:00","article_modified_time":"2026-03-16T18:36:48+00:00","og_image":[{"width":1200,"height":673,"url":"https:\/\/www.diariodeouropreto.com.br\/wp-content\/uploads\/2026\/03\/Foto-divulgacao-pref-Congonhas.jpg","type":"image\/jpeg"}],"author":"Di\u00e1rio de Ouro Preto","twitter_card":"summary_large_image","twitter_misc":{"Escrito por":"Di\u00e1rio de Ouro Preto","Tempo estimado de leitura":"5 minutos"},"schema":{"@context":"https:\/\/schema.org","@graph":[{"@type":"Article","@id":"https:\/\/www.diariodeouropreto.com.br\/municipios-mineradores-se-reunem-em-congonhas-para-debater-a-reincidencia-de-acidentes-ambientais-na-mineracao-impactos-da-reforma-tributaria-e-sonegacao-da-cfem\/#article","isPartOf":{"@id":"https:\/\/www.diariodeouropreto.com.br\/municipios-mineradores-se-reunem-em-congonhas-para-debater-a-reincidencia-de-acidentes-ambientais-na-mineracao-impactos-da-reforma-tributaria-e-sonegacao-da-cfem\/"},"author":{"name":"Di\u00e1rio de Ouro Preto","@id":"https:\/\/www.diariodeouropreto.com.br\/pt\/#\/schema\/person\/7654e7b471204a6dab6dc0ce6e140c99"},"headline":"Munic\u00edpios mineradores se re\u00fanem em Congonhas para debater a reincid\u00eancia de acidentes ambientais na minera\u00e7\u00e3o, impactos da reforma tribut\u00e1ria e sonega\u00e7\u00e3o da CFEM","datePublished":"2026-03-16T18:36:43+00:00","dateModified":"2026-03-16T18:36:48+00:00","mainEntityOfPage":{"@id":"https:\/\/www.diariodeouropreto.com.br\/municipios-mineradores-se-reunem-em-congonhas-para-debater-a-reincidencia-de-acidentes-ambientais-na-mineracao-impactos-da-reforma-tributaria-e-sonegacao-da-cfem\/"},"wordCount":831,"publisher":{"@id":"https:\/\/www.diariodeouropreto.com.br\/pt\/#organization"},"image":{"@id":"https:\/\/www.diariodeouropreto.com.br\/municipios-mineradores-se-reunem-em-congonhas-para-debater-a-reincidencia-de-acidentes-ambientais-na-mineracao-impactos-da-reforma-tributaria-e-sonegacao-da-cfem\/#primaryimage"},"thumbnailUrl":"https:\/\/www.diariodeouropreto.com.br\/wp-content\/uploads\/2026\/03\/Foto-divulgacao-pref-Congonhas.jpg","articleSection":["Cidades"],"inLanguage":"pt-PT"},{"@type":"WebPage","@id":"https:\/\/www.diariodeouropreto.com.br\/municipios-mineradores-se-reunem-em-congonhas-para-debater-a-reincidencia-de-acidentes-ambientais-na-mineracao-impactos-da-reforma-tributaria-e-sonegacao-da-cfem\/","url":"https:\/\/www.diariodeouropreto.com.br\/municipios-mineradores-se-reunem-em-congonhas-para-debater-a-reincidencia-de-acidentes-ambientais-na-mineracao-impactos-da-reforma-tributaria-e-sonegacao-da-cfem\/","name":"Munic\u00edpios mineradores se re\u00fanem em Congonhas para debater a reincid\u00eancia de acidentes ambientais na minera\u00e7\u00e3o, impactos da reforma tribut\u00e1ria e sonega\u00e7\u00e3o da CFEM - Di\u00e1rio de Ouro Preto","isPartOf":{"@id":"https:\/\/www.diariodeouropreto.com.br\/pt\/#website"},"primaryImageOfPage":{"@id":"https:\/\/www.diariodeouropreto.com.br\/municipios-mineradores-se-reunem-em-congonhas-para-debater-a-reincidencia-de-acidentes-ambientais-na-mineracao-impactos-da-reforma-tributaria-e-sonegacao-da-cfem\/#primaryimage"},"image":{"@id":"https:\/\/www.diariodeouropreto.com.br\/municipios-mineradores-se-reunem-em-congonhas-para-debater-a-reincidencia-de-acidentes-ambientais-na-mineracao-impactos-da-reforma-tributaria-e-sonegacao-da-cfem\/#primaryimage"},"thumbnailUrl":"https:\/\/www.diariodeouropreto.com.br\/wp-content\/uploads\/2026\/03\/Foto-divulgacao-pref-Congonhas.jpg","datePublished":"2026-03-16T18:36:43+00:00","dateModified":"2026-03-16T18:36:48+00:00","description":"A Assembleia Geral da AMIG Brasil ser\u00e1 realizada na cidade mineira no dia 19 de mar\u00e7o e reunir\u00e1 prefeitos e gestores municipais de munic\u00edpios mineradores e afetados filiados \u00e0 associa\u00e7\u00e3o- Munic\u00edpios mineradores se re\u00fanem em Congonhas para debater a reincid\u00eancia de acidentes ambientais na minera\u00e7\u00e3o, impactos da reforma tribut\u00e1ria e sonega\u00e7\u00e3o da CFEM - Cidades","breadcrumb":{"@id":"https:\/\/www.diariodeouropreto.com.br\/municipios-mineradores-se-reunem-em-congonhas-para-debater-a-reincidencia-de-acidentes-ambientais-na-mineracao-impactos-da-reforma-tributaria-e-sonegacao-da-cfem\/#breadcrumb"},"inLanguage":"pt-PT","potentialAction":[{"@type":"ReadAction","target":["https:\/\/www.diariodeouropreto.com.br\/municipios-mineradores-se-reunem-em-congonhas-para-debater-a-reincidencia-de-acidentes-ambientais-na-mineracao-impactos-da-reforma-tributaria-e-sonegacao-da-cfem\/"]}]},{"@type":"ImageObject","inLanguage":"pt-PT","@id":"https:\/\/www.diariodeouropreto.com.br\/municipios-mineradores-se-reunem-em-congonhas-para-debater-a-reincidencia-de-acidentes-ambientais-na-mineracao-impactos-da-reforma-tributaria-e-sonegacao-da-cfem\/#primaryimage","url":"https:\/\/www.diariodeouropreto.com.br\/wp-content\/uploads\/2026\/03\/Foto-divulgacao-pref-Congonhas.jpg","contentUrl":"https:\/\/www.diariodeouropreto.com.br\/wp-content\/uploads\/2026\/03\/Foto-divulgacao-pref-Congonhas.jpg","width":1200,"height":673},{"@type":"BreadcrumbList","@id":"https:\/\/www.diariodeouropreto.com.br\/municipios-mineradores-se-reunem-em-congonhas-para-debater-a-reincidencia-de-acidentes-ambientais-na-mineracao-impactos-da-reforma-tributaria-e-sonegacao-da-cfem\/#breadcrumb","itemListElement":[{"@type":"ListItem","position":1,"name":"In\u00edcio","item":"https:\/\/www.diariodeouropreto.com.br\/pt\/"},{"@type":"ListItem","position":2,"name":"Munic\u00edpios mineradores se re\u00fanem em Congonhas para debater a reincid\u00eancia de acidentes ambientais na minera\u00e7\u00e3o, impactos da reforma tribut\u00e1ria e sonega\u00e7\u00e3o da CFEM"}]},{"@type":"WebSite","@id":"https:\/\/www.diariodeouropreto.com.br\/pt\/#website","url":"https:\/\/www.diariodeouropreto.com.br\/pt\/","name":"Di\u00e1rio de Ouro Preto","description":"Not\u00edcias Ouro Preto; Mariana;Minas Gerais;Jornal;Jornalismo;Not\u00edcias;","publisher":{"@id":"https:\/\/www.diariodeouropreto.com.br\/pt\/#organization"},"alternateName":"Jornal di\u00e1rio de Ouro Preto","potentialAction":[{"@type":"SearchAction","target":{"@type":"EntryPoint","urlTemplate":"https:\/\/www.diariodeouropreto.com.br\/pt\/?s={search_term_string}"},"query-input":{"@type":"PropertyValueSpecification","valueRequired":true,"valueName":"search_term_string"}}],"inLanguage":"pt-PT"},{"@type":"Organization","@id":"https:\/\/www.diariodeouropreto.com.br\/pt\/#organization","name":"Di\u00e1rio de Ouro Preto","alternateName":"Jornal di\u00e1rio Ouro Preto","url":"https:\/\/www.diariodeouropreto.com.br\/pt\/","logo":{"@type":"ImageObject","inLanguage":"pt-PT","@id":"https:\/\/www.diariodeouropreto.com.br\/pt\/#\/schema\/logo\/image\/","url":"https:\/\/www.diariodeouropreto.com.br\/wp-content\/uploads\/2019\/06\/cropped-logotransp-2.png","contentUrl":"https:\/\/www.diariodeouropreto.com.br\/wp-content\/uploads\/2019\/06\/cropped-logotransp-2.png","width":1323,"height":251,"caption":"Di\u00e1rio de Ouro Preto"},"image":{"@id":"https:\/\/www.diariodeouropreto.com.br\/pt\/#\/schema\/logo\/image\/"},"sameAs":["https:\/\/www.facebook.com\/diariodeouropreto\/"]},{"@type":"Person","@id":"https:\/\/www.diariodeouropreto.com.br\/pt\/#\/schema\/person\/7654e7b471204a6dab6dc0ce6e140c99","name":"Di\u00e1rio de Ouro Preto","sameAs":["http:\/\/www.diariodeouropreto.com.br"],"url":"https:\/\/www.diariodeouropreto.com.br\/pt\/author\/diario\/"}]}},"jetpack_publicize_connections":[],"jetpack_featured_media_url":"https:\/\/www.diariodeouropreto.com.br\/wp-content\/uploads\/2026\/03\/Foto-divulgacao-pref-Congonhas.jpg","jetpack-related-posts":[{"id":43666,"url":"https:\/\/www.diariodeouropreto.com.br\/pt\/amig-lanca-campanha-para-recuperacao-de-recursos-da-cfem\/","url_meta":{"origin":50933,"position":0},"title":"AMIG lan\u00e7a campanha para recupera\u00e7\u00e3o de recursos da CFEM","author":"Di\u00e1rio de Ouro Preto","date":"8 de Abril de 2025","format":false,"excerpt":"Est\u00e1 sendo realizado hoje, 08\/04, no Congresso Nacional o lan\u00e7amento da Campanha de Recupera\u00e7\u00e3o de Recursos da CFEM, uma iniciativa da Amig (Associa\u00e7\u00e3o dos Munic\u00edpios Mineradores de Minas Gerais e do Brasil). Segundo a AMIG, o Tribunal Superior de Contas apurou que nos \u00faltimos 20 anos o Brasil perdeu cerca\u2026","rel":"","context":"In &quot;Cidades&quot;","block_context":{"text":"Cidades","link":"https:\/\/www.diariodeouropreto.com.br\/pt\/Editoria\/cidades\/"},"img":{"alt_text":"","src":"https:\/\/i0.wp.com\/www.diariodeouropreto.com.br\/wp-content\/uploads\/2025\/04\/Imagem-do-WhatsApp-de-2025-04-08-as-13.37.28_4bf94c90.jpg?resize=350%2C200&ssl=1","width":350,"height":200,"srcset":"https:\/\/i0.wp.com\/www.diariodeouropreto.com.br\/wp-content\/uploads\/2025\/04\/Imagem-do-WhatsApp-de-2025-04-08-as-13.37.28_4bf94c90.jpg?resize=350%2C200&ssl=1 1x, https:\/\/i0.wp.com\/www.diariodeouropreto.com.br\/wp-content\/uploads\/2025\/04\/Imagem-do-WhatsApp-de-2025-04-08-as-13.37.28_4bf94c90.jpg?resize=525%2C300&ssl=1 1.5x, https:\/\/i0.wp.com\/www.diariodeouropreto.com.br\/wp-content\/uploads\/2025\/04\/Imagem-do-WhatsApp-de-2025-04-08-as-13.37.28_4bf94c90.jpg?resize=700%2C400&ssl=1 2x, https:\/\/i0.wp.com\/www.diariodeouropreto.com.br\/wp-content\/uploads\/2025\/04\/Imagem-do-WhatsApp-de-2025-04-08-as-13.37.28_4bf94c90.jpg?resize=1050%2C600&ssl=1 3x"},"classes":[]},{"id":4526,"url":"https:\/\/www.diariodeouropreto.com.br\/pt\/congonhas-recebe-da-vale-parcela-compensatoria-pela-paralisacao-da-mina-de-fabrica\/","url_meta":{"origin":50933,"position":1},"title":"Congonhas recebe da Vale parcela compensat\u00f3ria pela paralisa\u00e7\u00e3o da Mina de F\u00e1brica","author":"Di\u00e1rio de Ouro Preto","date":"15 de Agosto de 2020","format":false,"excerpt":"Congonhas - A VALE transferiu ao munic\u00edpio de Congonhas em car\u00e1ter emergencial e a t\u00edtulo gratuito, por meio do Termo de Doa\u00e7\u00e3o firmado entre as partes em 25 de junho de 2020, o valor de R$ 1.000.000,00 (um milh\u00e3o de reais), com a finalidade de compensar a redu\u00e7\u00e3o da receita\u2026","rel":"","context":"In &quot;Cidades&quot;","block_context":{"text":"Cidades","link":"https:\/\/www.diariodeouropreto.com.br\/pt\/Editoria\/cidades\/"},"img":{"alt_text":"","src":"https:\/\/i0.wp.com\/www.diariodeouropreto.com.br\/wp-content\/uploads\/2020\/08\/Mina-de-F%C3%A1brica-787x445-1.jpg?resize=350%2C200&ssl=1","width":350,"height":200,"srcset":"https:\/\/i0.wp.com\/www.diariodeouropreto.com.br\/wp-content\/uploads\/2020\/08\/Mina-de-F%C3%A1brica-787x445-1.jpg?resize=350%2C200&ssl=1 1x, https:\/\/i0.wp.com\/www.diariodeouropreto.com.br\/wp-content\/uploads\/2020\/08\/Mina-de-F%C3%A1brica-787x445-1.jpg?resize=525%2C300&ssl=1 1.5x, https:\/\/i0.wp.com\/www.diariodeouropreto.com.br\/wp-content\/uploads\/2020\/08\/Mina-de-F%C3%A1brica-787x445-1.jpg?resize=700%2C400&ssl=1 2x"},"classes":[]},{"id":18115,"url":"https:\/\/www.diariodeouropreto.com.br\/pt\/divida-bilionaria-reune-prefeitos-de-cidades-mineradoras-em-manifesto-na-praca-tiradentes\/","url_meta":{"origin":50933,"position":2},"title":"D\u00edvida bilion\u00e1ria re\u00fane prefeitos de cidades mineradoras em manifesto na pra\u00e7a Tiradentes","author":"Di\u00e1rio de Ouro Preto","date":"24 de Agosto de 2022","format":false,"excerpt":"Ouro Preto -\u00a0 A Associa\u00e7\u00e3o dos Munic\u00edpios Mineradores de Minas Gerais e do Brasil (AMIG) vai lan\u00e7ar hoje, \u00e0s 15h, na pra\u00e7a Tiradentes, campanha nacional\u00a0 para cobrar uma d\u00edvida bilion\u00e1ria de mineradoras.\u00a0 Os prefeitos de cidades mineradoras brasileiras assinam um manifesto com o objetivo de cobrar o pagamento adequado da\u2026","rel":"","context":"In &quot;Brasil&quot;","block_context":{"text":"Brasil","link":"https:\/\/www.diariodeouropreto.com.br\/pt\/Editoria\/brasil\/"},"img":{"alt_text":"","src":"https:\/\/i0.wp.com\/www.diariodeouropreto.com.br\/wp-content\/uploads\/2022\/08\/WhatsApp-Image-2022-08-24-at-00.25.29.jpeg?resize=350%2C200&ssl=1","width":350,"height":200,"srcset":"https:\/\/i0.wp.com\/www.diariodeouropreto.com.br\/wp-content\/uploads\/2022\/08\/WhatsApp-Image-2022-08-24-at-00.25.29.jpeg?resize=350%2C200&ssl=1 1x, https:\/\/i0.wp.com\/www.diariodeouropreto.com.br\/wp-content\/uploads\/2022\/08\/WhatsApp-Image-2022-08-24-at-00.25.29.jpeg?resize=525%2C300&ssl=1 1.5x, https:\/\/i0.wp.com\/www.diariodeouropreto.com.br\/wp-content\/uploads\/2022\/08\/WhatsApp-Image-2022-08-24-at-00.25.29.jpeg?resize=700%2C400&ssl=1 2x, https:\/\/i0.wp.com\/www.diariodeouropreto.com.br\/wp-content\/uploads\/2022\/08\/WhatsApp-Image-2022-08-24-at-00.25.29.jpeg?resize=1050%2C600&ssl=1 3x"},"classes":[]},{"id":18142,"url":"https:\/\/www.diariodeouropreto.com.br\/pt\/r-22-bilhoes-prefeitos-das-cidades-mineradoras-exigem-o-pagamento-imediato-da-divida-da-vale\/","url_meta":{"origin":50933,"position":3},"title":"R$ 2,2 bilh\u00f5es \u2013 Prefeitos das cidades mineradoras exigem o pagamento imediato da d\u00edvida da Vale","author":"Di\u00e1rio de Ouro Preto","date":"26 de Agosto de 2022","format":false,"excerpt":"Ouro Preto- Uma grande manifesta\u00e7\u00e3o paralisou a Pra\u00e7a Tiradentes nesta quarta-feira, 24\/08. O ato foi promovido pela Associa\u00e7\u00e3o dos Munic\u00edpios Mineradores de Minas Gerais e do Brasil, AMIG, que reivindica o pagamento da d\u00edvida da Vale com os munic\u00edpios onde a empresa atua.Na hist\u00f3rica cidade, foi apresentada uma carta aberta\u2026","rel":"","context":"In &quot;Manchete do dia&quot;","block_context":{"text":"Manchete do dia","link":"https:\/\/www.diariodeouropreto.com.br\/pt\/Editoria\/manchete-do-dia\/"},"img":{"alt_text":"","src":"https:\/\/i0.wp.com\/www.diariodeouropreto.com.br\/wp-content\/uploads\/2022\/08\/WhatsApp-Image-2022-08-25-at-19.05.21.jpeg?resize=350%2C200&ssl=1","width":350,"height":200,"srcset":"https:\/\/i0.wp.com\/www.diariodeouropreto.com.br\/wp-content\/uploads\/2022\/08\/WhatsApp-Image-2022-08-25-at-19.05.21.jpeg?resize=350%2C200&ssl=1 1x, https:\/\/i0.wp.com\/www.diariodeouropreto.com.br\/wp-content\/uploads\/2022\/08\/WhatsApp-Image-2022-08-25-at-19.05.21.jpeg?resize=525%2C300&ssl=1 1.5x, https:\/\/i0.wp.com\/www.diariodeouropreto.com.br\/wp-content\/uploads\/2022\/08\/WhatsApp-Image-2022-08-25-at-19.05.21.jpeg?resize=700%2C400&ssl=1 2x, https:\/\/i0.wp.com\/www.diariodeouropreto.com.br\/wp-content\/uploads\/2022\/08\/WhatsApp-Image-2022-08-25-at-19.05.21.jpeg?resize=1050%2C600&ssl=1 3x"},"classes":[]},{"id":6031,"url":"https:\/\/www.diariodeouropreto.com.br\/pt\/prefeitos-reunem-com-deputado-bernardo-mucida-para-tracar-estrategia-de-diversificacao-economica-para-as-cidades-mineradoras\/","url_meta":{"origin":50933,"position":4},"title":"Prefeitos re\u00fanem com deputado Bernardo Mucida para tra\u00e7ar estrat\u00e9gias de diversifica\u00e7\u00e3o econ\u00f4mica para as cidades mineradoras","author":"Di\u00e1rio de Ouro Preto","date":"7 de Janeiro de 2021","format":false,"excerpt":"Belo Horizonte - O prefeito de Ouro Preto, Angelo Oswaldo, esteve reunido na tarde desta quinta-feira (7\/01), com o deputado Estadual Bernardo Mucida, os prefeitos Jos\u00e9 Fernando Aparecido de Oliveira (Concei\u00e7\u00e3o do Mato Dentro), Jo\u00e3o Marcelo (Nova Lima), Marco Ant\u00f4nio Lage (Itabira). A a\u00e7\u00e3o do prefeito Angelo Oswaldo com os\u2026","rel":"","context":"In &quot;Minas Gerais&quot;","block_context":{"text":"Minas Gerais","link":"https:\/\/www.diariodeouropreto.com.br\/pt\/Editoria\/minas-gerais\/"},"img":{"alt_text":"","src":"https:\/\/i0.wp.com\/www.diariodeouropreto.com.br\/wp-content\/uploads\/2021\/01\/WhatsApp-Image-2021-01-07-at-18.16.16.jpeg?resize=350%2C200&ssl=1","width":350,"height":200,"srcset":"https:\/\/i0.wp.com\/www.diariodeouropreto.com.br\/wp-content\/uploads\/2021\/01\/WhatsApp-Image-2021-01-07-at-18.16.16.jpeg?resize=350%2C200&ssl=1 1x, https:\/\/i0.wp.com\/www.diariodeouropreto.com.br\/wp-content\/uploads\/2021\/01\/WhatsApp-Image-2021-01-07-at-18.16.16.jpeg?resize=525%2C300&ssl=1 1.5x, https:\/\/i0.wp.com\/www.diariodeouropreto.com.br\/wp-content\/uploads\/2021\/01\/WhatsApp-Image-2021-01-07-at-18.16.16.jpeg?resize=700%2C400&ssl=1 2x, https:\/\/i0.wp.com\/www.diariodeouropreto.com.br\/wp-content\/uploads\/2021\/01\/WhatsApp-Image-2021-01-07-at-18.16.16.jpeg?resize=1050%2C600&ssl=1 3x"},"classes":[]},{"id":9438,"url":"https:\/\/www.diariodeouropreto.com.br\/pt\/r-149-bilhoes-setor-mineral-registra-98-de-aumento-no-faturamento-do-1o-semestre\/","url_meta":{"origin":50933,"position":5},"title":"R$ 149 bilh\u00f5es: Setor mineral registra 98% de aumento no faturamento do 1\u00ba semestre","author":"Di\u00e1rio de Ouro Preto","date":"21 de Julho de 2021","format":false,"excerpt":"O setor mineral faturou no primeiro semestre deste ano R$ 149 bilh\u00f5es. Trata-se de um crescimento de 98% na compara\u00e7\u00e3o com os R$ 75,3 bilh\u00f5es registrados entre janeiro e junho de 2020. Os dados foram divulgados hoje (21) pelo Instituto Brasileiro de Minera\u00e7\u00e3o (Ibram), entidade que re\u00fane as maiores mineradoras\u2026","rel":"","context":"In &quot;Brasil&quot;","block_context":{"text":"Brasil","link":"https:\/\/www.diariodeouropreto.com.br\/pt\/Editoria\/brasil\/"},"img":{"alt_text":"","src":"https:\/\/i0.wp.com\/www.diariodeouropreto.com.br\/wp-content\/uploads\/2021\/04\/capa-noticia-geral-e1617738740372.png?resize=350%2C200&ssl=1","width":350,"height":200,"srcset":"https:\/\/i0.wp.com\/www.diariodeouropreto.com.br\/wp-content\/uploads\/2021\/04\/capa-noticia-geral-e1617738740372.png?resize=350%2C200&ssl=1 1x, https:\/\/i0.wp.com\/www.diariodeouropreto.com.br\/wp-content\/uploads\/2021\/04\/capa-noticia-geral-e1617738740372.png?resize=525%2C300&ssl=1 1.5x"},"classes":[]}],"jetpack_sharing_enabled":true,"amp_enabled":true,"_links":{"self":[{"href":"https:\/\/www.diariodeouropreto.com.br\/pt\/wp-json\/wp\/v2\/posts\/50933","targetHints":{"allow":["GET"]}}],"collection":[{"href":"https:\/\/www.diariodeouropreto.com.br\/pt\/wp-json\/wp\/v2\/posts"}],"about":[{"href":"https:\/\/www.diariodeouropreto.com.br\/pt\/wp-json\/wp\/v2\/types\/post"}],"author":[{"embeddable":true,"href":"https:\/\/www.diariodeouropreto.com.br\/pt\/wp-json\/wp\/v2\/users\/1"}],"replies":[{"embeddable":true,"href":"https:\/\/www.diariodeouropreto.com.br\/pt\/wp-json\/wp\/v2\/comments?post=50933"}],"version-history":[{"count":1,"href":"https:\/\/www.diariodeouropreto.com.br\/pt\/wp-json\/wp\/v2\/posts\/50933\/revisions"}],"predecessor-version":[{"id":50936,"href":"https:\/\/www.diariodeouropreto.com.br\/pt\/wp-json\/wp\/v2\/posts\/50933\/revisions\/50936"}],"wp:featuredmedia":[{"embeddable":true,"href":"https:\/\/www.diariodeouropreto.com.br\/pt\/wp-json\/wp\/v2\/media\/50935"}],"wp:attachment":[{"href":"https:\/\/www.diariodeouropreto.com.br\/pt\/wp-json\/wp\/v2\/media?parent=50933"}],"wp:term":[{"taxonomy":"category","embeddable":true,"href":"https:\/\/www.diariodeouropreto.com.br\/pt\/wp-json\/wp\/v2\/categories?post=50933"},{"taxonomy":"post_tag","embeddable":true,"href":"https:\/\/www.diariodeouropreto.com.br\/pt\/wp-json\/wp\/v2\/tags?post=50933"}],"curies":[{"name":"wp","href":"https:\/\/api.w.org\/{rel}","templated":true}]}}